{"id":10823,"date":"2017-10-10T07:52:05","date_gmt":"2017-10-10T05:52:05","guid":{"rendered":"http:\/\/wolfsmonitor.de\/?p=10823"},"modified":"2018-05-05T14:25:31","modified_gmt":"2018-05-05T12:25:31","slug":"niedersachsen-gehoerige-ueberraschung-fuer-fdp-spitzenkandidat-birkner-beim-thema-wolf","status":"publish","type":"post","link":"https:\/\/wolfsmonitor.de\/?p=10823","title":{"rendered":"Niedersachsen: Geh\u00f6rige \u00dcberraschung f\u00fcr FDP-Spitzenkandidat Birkner beim Thema Wolf"},"content":{"rendered":"<p><strong>Kindermund tut Wahrheit kund, hei\u00dft es. Das erfuhren nun eine Woche vor der Wahl in Niedersachsen offenbar auch die Spitzenkandidaten von SPD, CDU, GR\u00dcNE und FDP.<\/strong><!--more--><\/p>\n<p>Die Wahlk\u00e4mpfer mussten sich vor Sch\u00fclern bew\u00e4hren \u2013 und zwar jeweils in einem Wortgefecht mit einem Sch\u00fcler, der beim Wettbewerb \u201eJugend debattiert\u201c siegreich war.<\/p>\n<p>Das ging selbstverst\u00e4ndlich nicht immer gut aus f\u00fcr die einzelnen Kandidaten. Stephan Weil schlug sich offenbar ganz gut, Bernd Althusmann konnte laut eines Berichts des Politikjournals Rundblick bei den Jugendlichen nicht vollst\u00e4ndig \u00fcberzeugen.<\/p>\n<p>FDP-Kandidat Stefan Birkner musste sich der Frage stellen, ob der Wolf ins Jagdrecht aufgenommen werden soll. Birkner, der f\u00fcr diesen Schritt als L\u00f6sung pl\u00e4diert, fand allerdings mit seiner Antwort bei den Jugendlichen wenig Gefolgschaft. Der 18-j\u00e4hrige Till aus G\u00f6ttingen warf sich zum Beispiel f\u00fcr den Wolf in die Bresche. Und auch der zehnj\u00e4hrige Moritz aus Goslar fand Widerworte f\u00fcr Birkner \u2013 es gehe doch um den Schutz des \u00d6kosystems, in dem der Wolf eine wichtige Rolle spiele.<\/p>\n<p>F\u00fcr Birkner selbst war dieser Gespr\u00e4chsverlauf &#8211; trotz sorgf\u00e4ltiger juristischer Argumentationsversuche von ihm &#8211; offenkundig eine geh\u00f6rige \u00dcberraschung.<\/p>\n<p>Den vollst\u00e4ndigen Rundblick-Artikel k\u00f6nnen Sie <a href=\"https:\/\/www.rundblick-niedersachsen.de\/jugend-debattiert-wird-zum-kandidaten-test-fuer-das-tv-duell\/\" target=\"_blank\" rel=\"noopener\"><span style=\"color: #0000ff;\">hier aufrufen!<\/span><\/a><\/p>\n<hr \/>\n<p><em><u>Quelle:<\/u> Rundblick \u2013 Politikjournal f\u00fcr Niedersachsen, www.rundblick-niedersachsen.de, Beitrag am 9. Oktober 2017 &#8211; Artikel 4 in Ausgabe 177\/2017: \u201eJugend debattiert wird zum Kandidaten-Test f\u00fcr das TV-Duell\u201c, abgerufen am 9.10.2017<\/em><\/p>\n<hr \/>\n<p><em>Beitragsfoto: Heiko Anders, <a href=\"http:\/\/www.andersfotografiert.com\" target=\"_blank\" rel=\"noopener\"><span style=\"color: #0000ff;\">www.andersfotografiert.com<\/span><\/a><\/em><\/p>\n<p class=\"ox-8fa0bdae36-MsoNormal\"><em>(Anmerkung: F\u00fcr die Richtigkeit der Angaben und Inhalte der verlinkten Webseiten wird keinerlei Gew\u00e4hr \u00fcbernommen)<\/em><\/p>\n<p>&nbsp;<\/p>\n<div class=\"shariff shariff-align-center shariff-widget-align-center\" data-services=\"facebook%7Ctwitter\" data-url=\"https%3A%2F%2Fwolfsmonitor.de%2F%3Fp%3D10823\" data-timestamp=\"1525530331\" data-backendurl=\"?rest_route=\/shariff\/v1\/share_counts&\"><ul class=\"shariff-buttons theme-color orientation-horizontal buttonsize-small\"><li class=\"shariff-button facebook shariff-nocustomcolor\" style=\"background-color:#4273c8\"><a href=\"https:\/\/www.facebook.com\/sharer\/sharer.php?u=https%3A%2F%2Fwolfsmonitor.de%2F%3Fp%3D10823\" title=\"Bei Facebook teilen\" aria-label=\"Bei Facebook teilen\" role=\"button\" rel=\"nofollow\" class=\"shariff-link\" style=\"; background-color:#3b5998; color:#fff\" target=\"_blank\"><span class=\"shariff-icon\" style=\"\"><svg width=\"32px\" height=\"20px\" xmlns=\"http:\/\/www.w3.org\/2000\/svg\" viewBox=\"0 0 18 32\"><path fill=\"#3b5998\" d=\"M17.1 0.2v4.7h-2.8q-1.5 0-2.1 0.6t-0.5 1.9v3.4h5.2l-0.7 5.3h-4.5v13.6h-5.5v-13.6h-4.5v-5.3h4.5v-3.9q0-3.3 1.9-5.2t5-1.8q2.6 0 4.1 0.2z\"\/><\/svg><\/span><span class=\"shariff-text\">teilen<\/span>&nbsp;<span data-service=\"facebook\" style=\"color:#3b5998\" class=\"shariff-count shariff-hidezero\"><\/span>&nbsp;<\/a><\/li><li class=\"shariff-button twitter shariff-nocustomcolor\" style=\"background-color:#32bbf5\"><a href=\"https:\/\/twitter.com\/share?url=https%3A%2F%2Fwolfsmonitor.de%2F%3Fp%3D10823&text=Niedersachsen%3A%20Geh%C3%B6rige%20%C3%9Cberraschung%20f%C3%BCr%20FDP-Spitzenkandidat%20Birkner%20beim%20Thema%20Wolf\" title=\"Bei Twitter teilen\" aria-label=\"Bei Twitter teilen\" role=\"button\" rel=\"noopener nofollow\" class=\"shariff-link\" style=\"; background-color:#55acee; color:#fff\" target=\"_blank\"><span class=\"shariff-icon\" style=\"\"><svg width=\"32px\" height=\"20px\" xmlns=\"http:\/\/www.w3.org\/2000\/svg\" viewBox=\"0 0 30 32\"><path fill=\"#55acee\" d=\"M29.7 6.8q-1.2 1.8-3 3.1 0 0.3 0 0.8 0 2.5-0.7 4.9t-2.2 4.7-3.5 4-4.9 2.8-6.1 1q-5.1 0-9.3-2.7 0.6 0.1 1.5 0.1 4.3 0 7.6-2.6-2-0.1-3.5-1.2t-2.2-3q0.6 0.1 1.1 0.1 0.8 0 1.6-0.2-2.1-0.4-3.5-2.1t-1.4-3.9v-0.1q1.3 0.7 2.8 0.8-1.2-0.8-2-2.2t-0.7-2.9q0-1.7 0.8-3.1 2.3 2.8 5.5 4.5t7 1.9q-0.2-0.7-0.2-1.4 0-2.5 1.8-4.3t4.3-1.8q2.7 0 4.5 1.9 2.1-0.4 3.9-1.5-0.7 2.2-2.7 3.4 1.8-0.2 3.5-0.9z\"\/><\/svg><\/span><span class=\"shariff-text\">twittern<\/span>&nbsp;<span data-service=\"twitter\" style=\"color:#55acee\" class=\"shariff-count shariff-hidezero\"><\/span>&nbsp;<\/a><\/li><li class=\"shariff-button rss shariff-nocustomcolor\" style=\"background-color:#ff8c00\"><a href=\"https:\/\/wolfsmonitor.de\/?feed=rss\" title=\"RSS-feed\" aria-label=\"RSS-feed\" role=\"button\" class=\"shariff-link\" style=\"; background-color:#fe9312; color:#fff\" target=\"_blank\"><span class=\"shariff-icon\" style=\"\"><svg width=\"32px\" height=\"20px\" xmlns=\"http:\/\/www.w3.org\/2000\/svg\" viewBox=\"0 0 32 32\"><path fill=\"#fe9312\" d=\"M4.3 23.5c-2.3 0-4.3 1.9-4.3 4.3 0 2.3 1.9 4.2 4.3 4.2 2.4 0 4.3-1.9 4.3-4.2 0-2.3-1.9-4.3-4.3-4.3zM0 10.9v6.1c4 0 7.7 1.6 10.6 4.4 2.8 2.8 4.4 6.6 4.4 10.6h6.2c0-11.7-9.5-21.1-21.1-21.1zM0 0v6.1c14.2 0 25.8 11.6 25.8 25.9h6.2c0-17.6-14.4-32-32-32z\"\/><\/svg><\/span><span class=\"shariff-text\">RSS-feed<\/span>&nbsp;<\/a><\/li><li class=\"shariff-button mailto shariff-nocustomcolor\" style=\"background-color:#a8a8a8\"><a href=\"mailto:?body=https%3A%2F%2Fwolfsmonitor.de%2F%3Fp%3D10823&subject=Niedersachsen%3A%20Geh%C3%B6rige%20%C3%9Cberraschung%20f%C3%BCr%20FDP-Spitzenkandidat%20Birkner%20beim%20Thema%20Wolf\" title=\"Per E-Mail versenden\" aria-label=\"Per E-Mail versenden\" role=\"button\" rel=\"noopener nofollow\" class=\"shariff-link\" style=\"; background-color:#999; color:#fff\"><span class=\"shariff-icon\" style=\"\"><svg width=\"32px\" height=\"20px\" xmlns=\"http:\/\/www.w3.org\/2000\/svg\" viewBox=\"0 0 32 32\"><path fill=\"#999\" d=\"M32 12.7v14.2q0 1.2-0.8 2t-2 0.9h-26.3q-1.2 0-2-0.9t-0.8-2v-14.2q0.8 0.9 1.8 1.6 6.5 4.4 8.9 6.1 1 0.8 1.6 1.2t1.7 0.9 2 0.4h0.1q0.9 0 2-0.4t1.7-0.9 1.6-1.2q3-2.2 8.9-6.1 1-0.7 1.8-1.6zM32 7.4q0 1.4-0.9 2.7t-2.2 2.2q-6.7 4.7-8.4 5.8-0.2 0.1-0.7 0.5t-1 0.7-0.9 0.6-1.1 0.5-0.9 0.2h-0.1q-0.4 0-0.9-0.2t-1.1-0.5-0.9-0.6-1-0.7-0.7-0.5q-1.6-1.1-4.7-3.2t-3.6-2.6q-1.1-0.7-2.1-2t-1-2.5q0-1.4 0.7-2.3t2.1-0.9h26.3q1.2 0 2 0.8t0.9 2z\"\/><\/svg><\/span><span class=\"shariff-text\">E-Mail<\/span>&nbsp;<\/a><\/li><li class=\"shariff-button info shariff-nocustomcolor\" style=\"background-color:#a8a8a8\"><a href=\"http:\/\/ct.de\/-2467514\" title=\"Weitere Informationen\" aria-label=\"Weitere Informationen\" role=\"button\" rel=\"noopener \" class=\"shariff-link\" style=\"; background-color:#999; color:#fff\" target=\"_blank\"><span class=\"shariff-icon\" style=\"\"><svg width=\"32px\" height=\"20px\" xmlns=\"http:\/\/www.w3.org\/2000\/svg\" viewBox=\"0 0 11 32\"><path fill=\"#999\" d=\"M11.4 24v2.3q0 0.5-0.3 0.8t-0.8 0.4h-9.1q-0.5 0-0.8-0.4t-0.4-0.8v-2.3q0-0.5 0.4-0.8t0.8-0.4h1.1v-6.8h-1.1q-0.5 0-0.8-0.4t-0.4-0.8v-2.3q0-0.5 0.4-0.8t0.8-0.4h6.8q0.5 0 0.8 0.4t0.4 0.8v10.3h1.1q0.5 0 0.8 0.4t0.3 0.8zM9.2 3.4v3.4q0 0.5-0.4 0.8t-0.8 0.4h-4.6q-0.4 0-0.8-0.4t-0.4-0.8v-3.4q0-0.4 0.4-0.8t0.8-0.4h4.6q0.5 0 0.8 0.4t0.4 0.8z\"\/><\/svg><\/span><\/a><\/li><\/ul><\/div>","protected":false},"excerpt":{"rendered":"<p>Kindermund tut Wahrheit kund, hei\u00dft es. Das erfuhren nun eine Woche vor der Wahl in Niedersachsen offenbar auch die Spitzenkandidaten von SPD, CDU, GR\u00dcNE und FDP.<\/p>\n<div class=\"shariff shariff-align-center shariff-widget-align-center\" data-services=\"facebook%7Ctwitter\" data-url=\"https%3A%2F%2Fwolfsmonitor.de%2F%3Fp%3D10823\" data-timestamp=\"1525530331\" data-backendurl=\"?rest_route=\/shariff\/v1\/share_counts&\"><ul class=\"shariff-buttons theme-color orientation-horizontal buttonsize-small\"><li class=\"shariff-button facebook shariff-nocustomcolor\" style=\"background-color:#4273c8\"><a href=\"https:\/\/www.facebook.com\/sharer\/sharer.php?u=https%3A%2F%2Fwolfsmonitor.de%2F%3Fp%3D10823\" title=\"Bei Facebook teilen\" aria-label=\"Bei Facebook teilen\" role=\"button\" rel=\"nofollow\" class=\"shariff-link\" style=\"; background-color:#3b5998; color:#fff\" target=\"_blank\"><span class=\"shariff-icon\" style=\"\"><svg width=\"32px\" height=\"20px\" xmlns=\"http:\/\/www.w3.org\/2000\/svg\" viewBox=\"0 0 18 32\"><path fill=\"#3b5998\" d=\"M17.1 0.2v4.7h-2.8q-1.5 0-2.1 0.6t-0.5 1.9v3.4h5.2l-0.7 5.3h-4.5v13.6h-5.5v-13.6h-4.5v-5.3h4.5v-3.9q0-3.3 1.9-5.2t5-1.8q2.6 0 4.1 0.2z\"\/><\/svg><\/span><span class=\"shariff-text\">teilen<\/span>&nbsp;<span data-service=\"facebook\" style=\"color:#3b5998\" class=\"shariff-count shariff-hidezero\"><\/span>&nbsp;<\/a><\/li><li class=\"shariff-button twitter shariff-nocustomcolor\" style=\"background-color:#32bbf5\"><a href=\"https:\/\/twitter.com\/share?url=https%3A%2F%2Fwolfsmonitor.de%2F%3Fp%3D10823&text=Niedersachsen%3A%20Geh%C3%B6rige%20%C3%9Cberraschung%20f%C3%BCr%20FDP-Spitzenkandidat%20Birkner%20beim%20Thema%20Wolf\" title=\"Bei Twitter teilen\" aria-label=\"Bei Twitter teilen\" role=\"button\" rel=\"noopener nofollow\" class=\"shariff-link\" style=\"; background-color:#55acee; color:#fff\" target=\"_blank\"><span class=\"shariff-icon\" style=\"\"><svg width=\"32px\" height=\"20px\" xmlns=\"http:\/\/www.w3.org\/2000\/svg\" viewBox=\"0 0 30 32\"><path fill=\"#55acee\" d=\"M29.7 6.8q-1.2 1.8-3 3.1 0 0.3 0 0.8 0 2.5-0.7 4.9t-2.2 4.7-3.5 4-4.9 2.8-6.1 1q-5.1 0-9.3-2.7 0.6 0.1 1.5 0.1 4.3 0 7.6-2.6-2-0.1-3.5-1.2t-2.2-3q0.6 0.1 1.1 0.1 0.8 0 1.6-0.2-2.1-0.4-3.5-2.1t-1.4-3.9v-0.1q1.3 0.7 2.8 0.8-1.2-0.8-2-2.2t-0.7-2.9q0-1.7 0.8-3.1 2.3 2.8 5.5 4.5t7 1.9q-0.2-0.7-0.2-1.4 0-2.5 1.8-4.3t4.3-1.8q2.7 0 4.5 1.9 2.1-0.4 3.9-1.5-0.7 2.2-2.7 3.4 1.8-0.2 3.5-0.9z\"\/><\/svg><\/span><span class=\"shariff-text\">twittern<\/span>&nbsp;<span data-service=\"twitter\" style=\"color:#55acee\" class=\"shariff-count shariff-hidezero\"><\/span>&nbsp;<\/a><\/li><li class=\"shariff-button rss shariff-nocustomcolor\" style=\"background-color:#ff8c00\"><a href=\"https:\/\/wolfsmonitor.de\/?feed=rss\" title=\"RSS-feed\" aria-label=\"RSS-feed\" role=\"button\" class=\"shariff-link\" style=\"; background-color:#fe9312; color:#fff\" target=\"_blank\"><span class=\"shariff-icon\" style=\"\"><svg width=\"32px\" height=\"20px\" xmlns=\"http:\/\/www.w3.org\/2000\/svg\" viewBox=\"0 0 32 32\"><path fill=\"#fe9312\" d=\"M4.3 23.5c-2.3 0-4.3 1.9-4.3 4.3 0 2.3 1.9 4.2 4.3 4.2 2.4 0 4.3-1.9 4.3-4.2 0-2.3-1.9-4.3-4.3-4.3zM0 10.9v6.1c4 0 7.7 1.6 10.6 4.4 2.8 2.8 4.4 6.6 4.4 10.6h6.2c0-11.7-9.5-21.1-21.1-21.1zM0 0v6.1c14.2 0 25.8 11.6 25.8 25.9h6.2c0-17.6-14.4-32-32-32z\"\/><\/svg><\/span><span class=\"shariff-text\">RSS-feed<\/span>&nbsp;<\/a><\/li><li class=\"shariff-button mailto shariff-nocustomcolor\" style=\"background-color:#a8a8a8\"><a href=\"mailto:?body=https%3A%2F%2Fwolfsmonitor.de%2F%3Fp%3D10823&subject=Niedersachsen%3A%20Geh%C3%B6rige%20%C3%9Cberraschung%20f%C3%BCr%20FDP-Spitzenkandidat%20Birkner%20beim%20Thema%20Wolf\" title=\"Per E-Mail versenden\" aria-label=\"Per E-Mail versenden\" role=\"button\" rel=\"noopener nofollow\" class=\"shariff-link\" style=\"; background-color:#999; color:#fff\"><span class=\"shariff-icon\" style=\"\"><svg width=\"32px\" height=\"20px\" xmlns=\"http:\/\/www.w3.org\/2000\/svg\" viewBox=\"0 0 32 32\"><path fill=\"#999\" d=\"M32 12.7v14.2q0 1.2-0.8 2t-2 0.9h-26.3q-1.2 0-2-0.9t-0.8-2v-14.2q0.8 0.9 1.8 1.6 6.5 4.4 8.9 6.1 1 0.8 1.6 1.2t1.7 0.9 2 0.4h0.1q0.9 0 2-0.4t1.7-0.9 1.6-1.2q3-2.2 8.9-6.1 1-0.7 1.8-1.6zM32 7.4q0 1.4-0.9 2.7t-2.2 2.2q-6.7 4.7-8.4 5.8-0.2 0.1-0.7 0.5t-1 0.7-0.9 0.6-1.1 0.5-0.9 0.2h-0.1q-0.4 0-0.9-0.2t-1.1-0.5-0.9-0.6-1-0.7-0.7-0.5q-1.6-1.1-4.7-3.2t-3.6-2.6q-1.1-0.7-2.1-2t-1-2.5q0-1.4 0.7-2.3t2.1-0.9h26.3q1.2 0 2 0.8t0.9 2z\"\/><\/svg><\/span><span class=\"shariff-text\">E-Mail<\/span>&nbsp;<\/a><\/li><li class=\"shariff-button info shariff-nocustomcolor\" style=\"background-color:#a8a8a8\"><a href=\"http:\/\/ct.de\/-2467514\" title=\"Weitere Informationen\" aria-label=\"Weitere Informationen\" role=\"button\" rel=\"noopener \" class=\"shariff-link\" style=\"; background-color:#999; color:#fff\" target=\"_blank\"><span class=\"shariff-icon\" style=\"\"><svg width=\"32px\" height=\"20px\" xmlns=\"http:\/\/www.w3.org\/2000\/svg\" viewBox=\"0 0 11 32\"><path fill=\"#999\" d=\"M11.4 24v2.3q0 0.5-0.3 0.8t-0.8 0.4h-9.1q-0.5 0-0.8-0.4t-0.4-0.8v-2.3q0-0.5 0.4-0.8t0.8-0.4h1.1v-6.8h-1.1q-0.5 0-0.8-0.4t-0.4-0.8v-2.3q0-0.5 0.4-0.8t0.8-0.4h6.8q0.5 0 0.8 0.4t0.4 0.8v10.3h1.1q0.5 0 0.8 0.4t0.3 0.8zM9.2 3.4v3.4q0 0.5-0.4 0.8t-0.8 0.4h-4.6q-0.4 0-0.8-0.4t-0.4-0.8v-3.4q0-0.4 0.4-0.8t0.8-0.4h4.6q0.5 0 0.8 0.4t0.4 0.8z\"\/><\/svg><\/span><\/a><\/li><\/ul><\/div>","protected":false},"author":1,"featured_media":3512,"comment_status":"closed","ping_status":"open","sticky":false,"template":"","format":"standard","meta":{"spay_email":""},"categories":[126],"tags":[6602,6806,6809,6609,6808,6807,3488,43,105],"jetpack_featured_media_url":"https:\/\/i2.wp.com\/wolfsmonitor.de\/wp-content\/uploads\/2016\/05\/HA-Beitragsfoto-Aufgelesen-1.jpg?fit=654%2C436&ssl=1","jetpack_shortlink":"https:\/\/wp.me\/p61YbU-2Oz","jetpack-related-posts":[{"id":10205,"url":"https:\/\/wolfsmonitor.de\/?p=10205","url_meta":{"origin":10823,"position":0},"title":"Klare Kante des Umweltministeriums in Berlin beim Wolf","date":"30. August 2017","format":false,"excerpt":"Gerhard Adams, Wolf-Fachmann des Bundesumweltministeriums, gab am Montag im Umweltausschuss des Landtags in Niedersachsen klare Antworten: Alle Versuche, die Jagd auf W\u00f6lfe zu erlauben, h\u00e4tten EU-Sanktionen zur Folge. Die Festlegung von Abschussquoten zur Regulierung der W\u00f6lfe, wie es sie in Schweden, Finnland oder Frankreich gebe, sehe die EU-Kommission sehr skeptisch.\u2026","rel":"","context":"In &quot;Kurzinfo&quot;","img":{"alt_text":"Wolf im Zoo Nordhorn (Foto: Vogler)","src":"https:\/\/i2.wp.com\/wolfsmonitor.de\/wp-content\/uploads\/2016\/09\/Beitragsfoto-Kurzinfo.jpg?fit=628%2C505&ssl=1&resize=350%2C200","width":350,"height":200},"classes":[]},{"id":14714,"url":"https:\/\/wolfsmonitor.de\/?p=14714","url_meta":{"origin":10823,"position":1},"title":"Wolfsabschuss in Nienburg? \u2013 Neues vom umtriebigen Minister","date":"25. August 2018","format":false,"excerpt":"Der Aufmerksamkeitsfokus vieler Wolfsfreunde richtet sich zurzeit nach Nienburg, weil dort \u2013 den Worten des Landtagsabgeordneten Dr. Frank Schm\u00e4deke (CDU) nach - Umweltminister Olaf Lies (SPD) daf\u00fcr geworben habe, dass der \u201eRodewalder Wolf\u201c oder gleich das ganze (nur vermutlich existierende) Wolfsrudel geschossen werden soll, wenn sich der Verdachte best\u00e4tige, dass\u2026","rel":"","context":"In &quot;Hintergr\u00fcnde&quot;","img":{"alt_text":"Wolf im TP Nordhorn (Foto: Vogler)","src":"https:\/\/i2.wp.com\/wolfsmonitor.de\/wp-content\/uploads\/2016\/02\/Hintergrund-2016.jpg?fit=518%2C494&ssl=1&resize=350%2C200","width":350,"height":200},"classes":[]},{"id":10397,"url":"https:\/\/wolfsmonitor.de\/?p=10397","url_meta":{"origin":10823,"position":2},"title":"Wahlkampf in Niedersachsen: Weniger f\u00fcr Landwirtschaft und weniger W\u00f6lfe?","date":"12. September 2017","format":false,"excerpt":"Gibt es in Zukunft weniger Unterst\u00fctzung f\u00fcr Landwirte in Niedersachsen? Wenn es nach der CDU geht, offensichtlich ja. CDU-Spitzenkandidat Bernd Althusmann pr\u00e4sentierte k\u00fcrzlich Barbara Otte-Kinast als designierte Landwirtschaftsministerin f\u00fcr den Fall, dass die CDU die Wahl gewinnt. Und die muss sich offenbar \u2013 wie sie nun selbst in einem Interview\u2026","rel":"","context":"In &quot;Aufgelesen&quot;","img":{"alt_text":"fotografiert von Heiko Anders","src":"https:\/\/i2.wp.com\/wolfsmonitor.de\/wp-content\/uploads\/2017\/07\/Beitragsfoto-Heiko-Anders-Aufgelesen-3-Juli-2017.jpg?fit=712%2C415&ssl=1&resize=350%2C200","width":350,"height":200},"classes":[]},{"id":10429,"url":"https:\/\/wolfsmonitor.de\/?p=10429","url_meta":{"origin":10823,"position":3},"title":"Schattenkabinett wird im Netz zum \u201eGruselkabinett\u201c","date":"13. September 2017","format":false,"excerpt":"Unter Wolfsbef\u00fcrwortern und Artensch\u00fctzern kursiert im Netz bereits das Wort \u201eGruselkabinett\u201c, nachdem der nieders\u00e4chsische Spitzenkandidat der CDU, Bernd Althusmann, nun auch den Umweltminister f\u00fcr den Fall benannt hat, dass die CDU die Wahl im Oktober gewinnen wird. Der Landwirt Frank Oesterhelweg ist von Althusmann f\u00fcr die Funktion des Umweltministers ins\u2026","rel":"","context":"In &quot;Hintergr\u00fcnde&quot;","img":{"alt_text":"Wolf im TP Nordhorn (Foto: Vogler)","src":"https:\/\/i2.wp.com\/wolfsmonitor.de\/wp-content\/uploads\/2016\/02\/Hintergrund-2016.jpg?fit=518%2C494&ssl=1&resize=350%2C200","width":350,"height":200},"classes":[]},{"id":10544,"url":"https:\/\/wolfsmonitor.de\/?p=10544","url_meta":{"origin":10823,"position":4},"title":"Hans-Joachim Jan\u00dfen beim Thema Wolf zur nieders\u00e4chsischen CDU: \"Sie betreiben vor der Wahl blanken Populismus.\"","date":"21. September 2017","format":false,"excerpt":"Zur Sache ging es gestern in Hannover auf der letzten Landtagssitzung vor der Wahl in Niedersachsen im Oktober. Bernd Althusmanns Schattenminister f\u00fcr das Umweltministerium, Frank Oesterhelweg, teilte gegen die Regierung, insbesondere aber gegen den amtierenden Umweltminister, Stefan Wenzel, aus. Die Wolfsromantik sei geplatzt wie eine Seifenblase im Herbstwind, so Oesterhelweg.\u2026","rel":"","context":"In &quot;Aufgelesen&quot;","img":{"alt_text":"fotografiert von Heiko Anders","src":"https:\/\/i2.wp.com\/wolfsmonitor.de\/wp-content\/uploads\/2017\/07\/Beitragsfoto-Heiko-Anders-Aufgelesen-3-Juli-2017.jpg?fit=712%2C415&ssl=1&resize=350%2C200","width":350,"height":200},"classes":[]},{"id":14826,"url":"https:\/\/wolfsmonitor.de\/?p=14826","url_meta":{"origin":10823,"position":5},"title":"Bernd Althusmanns Ablenkungsman\u00f6ver","date":"8. September 2018","format":false,"excerpt":"Nur knapp 83 Prozent Zustimmung der CDU- Parteideligierten erhielt Bernd Althusmann gestern bei seiner Wiederwahl zum Landesvorsitzenden der CDU in Niedersachsen. Rechnet man die Enthaltungen hinzu, war es sogar nur knapp \u00fcber 80 Prozent Zustimmung. Vor zwei Jahren noch war er mit 98 Prozent der Stimmen gew\u00e4hlt worden. Bei seiner\u2026","rel":"","context":"In &quot;Standpunkte&quot;","img":{"alt_text":"Wolf im Tierpark Nordhorn","src":"https:\/\/i0.wp.com\/wolfsmonitor.de\/wp-content\/uploads\/2015\/07\/Foto-Kommentar-2.jpg?fit=586%2C513&ssl=1&resize=350%2C200","width":350,"height":200},"classes":[]}],"_links":{"self":[{"href":"https:\/\/wolfsmonitor.de\/index.php?rest_route=\/wp\/v2\/posts\/10823"}],"collection":[{"href":"https:\/\/wolfsmonitor.de\/index.php?rest_route=\/wp\/v2\/posts"}],"about":[{"href":"https:\/\/wolfsmonitor.de\/index.php?rest_route=\/wp\/v2\/types\/post"}],"author":[{"embeddable":true,"href":"https:\/\/wolfsmonitor.de\/index.php?rest_route=\/wp\/v2\/users\/1"}],"replies":[{"embeddable":true,"href":"https:\/\/wolfsmonitor.de\/index.php?rest_route=%2Fwp%2Fv2%2Fcomments&post=10823"}],"version-history":[{"count":7,"href":"https:\/\/wolfsmonitor.de\/index.php?rest_route=\/wp\/v2\/posts\/10823\/revisions"}],"predecessor-version":[{"id":10831,"href":"https:\/\/wolfsmonitor.de\/index.php?rest_route=\/wp\/v2\/posts\/10823\/revisions\/10831"}],"wp:featuredmedia":[{"embeddable":true,"href":"https:\/\/wolfsmonitor.de\/index.php?rest_route=\/wp\/v2\/media\/3512"}],"wp:attachment":[{"href":"https:\/\/wolfsmonitor.de\/index.php?rest_route=%2Fwp%2Fv2%2Fmedia&parent=10823"}],"wp:term":[{"taxonomy":"category","embeddable":true,"href":"https:\/\/wolfsmonitor.de\/index.php?rest_route=%2Fwp%2Fv2%2Fcategories&post=10823"},{"taxonomy":"post_tag","embeddable":true,"href":"https:\/\/wolfsmonitor.de\/index.php?rest_route=%2Fwp%2Fv2%2Ftags&post=10823"}],"curies":[{"name":"wp","href":"https:\/\/api.w.org\/{rel}","templated":true}]}}