{"id":11053,"date":"2017-10-26T07:49:56","date_gmt":"2017-10-26T05:49:56","guid":{"rendered":"http:\/\/wolfsmonitor.de\/?p=11053"},"modified":"2018-05-05T14:27:22","modified_gmt":"2018-05-05T12:27:22","slug":"wolfsberater-spricht-sich-fuer-den-abschuss-eines-ganzen-wolfsrudels-aus","status":"publish","type":"post","link":"https:\/\/wolfsmonitor.de\/?p=11053","title":{"rendered":"Wolfsberater spricht sich f\u00fcr den Abschuss eines ganzen Wolfsrudels aus"},"content":{"rendered":"<p><strong>Hermann K\u00fcck, zust\u00e4ndiger Wolfsberater im Landkreis Cuxhaven, hat sich in den Medien f\u00fcr den Abschuss der f\u00fcnf Jungw\u00f6lfe des Cuxland-Rudels ausgesprochen. Der Grund: Die Tiere attackierten fast w\u00f6chentlich (zumeist unzureichend gesch\u00fctzte) Nutztiere, so K\u00fcck.<\/strong><!--more--><\/p>\n<p>Ein Erkl\u00e4rungsversuch f\u00fcr dieses Verhalten: Die Elterntiere des Rudels sind verschwunden. Die F\u00e4he wurde vor etwa einem Jahr illegal erschossen, das Vatertier ist seit Januar offenbar spurlos verschwunden.<\/p>\n<p>Das Rudel besteht somit nur noch aus Jungtieren und ist quasi \u201ef\u00fchrungslos\u201c, was chaotische Folgen haben kann \u2013 wie uns nun das Cuxland-Rudel quasi vor Augen f\u00fchrt.<\/p>\n<p>Genau hierin besteht auch der Grund, warum Wolfskenner so eindr\u00fccklich von einer Wolfsbejagung abraten: Die Sch\u00e4den durch \u201ezerschossene\u201c Wolfsrudel d\u00fcrften am Ende wesentlich h\u00f6her ausfallen als bei einem \u201estabilen\u201c Familienverband, den man sich &#8211; so behaupten erfahrene Sch\u00e4fer \u2013 mit Herdenschutzma\u00dfnahmen sogar \u201eerziehen\u201c kann.<\/p>\n<p>Unverst\u00e4ndlich ist in meinen Augen allerdings das Verhalten des Wolfsberaters Hermann K\u00fcck, der offenbar auch gleich die Rolle seines eigenen Pressesprechers einnimmt.<\/p>\n<p>Mit der \u00f6ffentlichen Forderung nach dem Abschuss gleich eines ganzen Wolfrudels hat er offenbar seine Kompetenzen deutlich \u00fcberschritten.<\/p>\n<p>Das mag man arrogant oder auch anma\u00dfend finden, ich mag mich an dieser Stelle nicht mehr \u00fcber ein solches Verhalten echauffieren, das habe ich bereits an anderer Stelle zur Gen\u00fcge getan.<\/p>\n<p>K\u00fccks Verhalten gleicht in etwa dem eines rechten Verteidigers bei einem Fu\u00dfballspiel, der auch gleichzeitig rote und gelbe Karten vergeben m\u00f6chte\u2026.<\/p>\n<p>Dieses Vorpreschen wirkt v\u00f6llig deplatziert, zumal in dieser Woche sowieso eine fachliche Empfehlung \u00fcber das weitere Schicksal der Cuxlandw\u00f6lfe erwartet wird.<\/p>\n<p>Und zwar von der offiziellen \u201eDokumentations- und Beratungsstelle des Bundes zum Thema Wolf (DBBW)\u201c. Mal sehen, zu welchem Ergebnis man dort gekommen ist\u2026<\/p>\n<p>Just my two cents\u2026<\/p>\n<p>J\u00fcrgen Vogler<\/p>\n<hr \/>\n<p><em><u>Quelle:<\/u><\/em> <em>Hannoversche Allgemeine, www.haz.de: \u201eExperte empfiehlt Abschuss von f\u00fcnf jungen W\u00f6lfen\u201c vom 25,10,2017, abgerufen am 25.10.2017, <span style=\"color: #0000ff;\"><a href=\"http:\/\/www.haz.de\/Nachrichten\/Der-Norden\/Uebersicht\/Experte-empfiehlt-Abschuss-von-fuenf-jungen-Woelfen\" target=\"_blank\" rel=\"noopener\"><span style=\"color: #0000ff;\">hier der Link!<\/span><\/a><\/span><\/em><\/p>\n<div class=\"shariff shariff-align-center shariff-widget-align-center\" data-services=\"facebook%7Ctwitter\" data-url=\"https%3A%2F%2Fwolfsmonitor.de%2F%3Fp%3D11053\" data-timestamp=\"1525530442\" data-backendurl=\"?rest_route=\/shariff\/v1\/share_counts&\"><ul class=\"shariff-buttons theme-color orientation-horizontal buttonsize-small\"><li class=\"shariff-button facebook shariff-nocustomcolor\" style=\"background-color:#4273c8\"><a href=\"https:\/\/www.facebook.com\/sharer\/sharer.php?u=https%3A%2F%2Fwolfsmonitor.de%2F%3Fp%3D11053\" title=\"Bei Facebook teilen\" aria-label=\"Bei Facebook teilen\" role=\"button\" rel=\"nofollow\" class=\"shariff-link\" style=\"; background-color:#3b5998; color:#fff\" target=\"_blank\"><span class=\"shariff-icon\" style=\"\"><svg width=\"32px\" height=\"20px\" xmlns=\"http:\/\/www.w3.org\/2000\/svg\" viewBox=\"0 0 18 32\"><path fill=\"#3b5998\" d=\"M17.1 0.2v4.7h-2.8q-1.5 0-2.1 0.6t-0.5 1.9v3.4h5.2l-0.7 5.3h-4.5v13.6h-5.5v-13.6h-4.5v-5.3h4.5v-3.9q0-3.3 1.9-5.2t5-1.8q2.6 0 4.1 0.2z\"\/><\/svg><\/span><span class=\"shariff-text\">teilen<\/span>&nbsp;<span data-service=\"facebook\" style=\"color:#3b5998\" class=\"shariff-count shariff-hidezero\"><\/span>&nbsp;<\/a><\/li><li class=\"shariff-button twitter shariff-nocustomcolor\" style=\"background-color:#32bbf5\"><a href=\"https:\/\/twitter.com\/share?url=https%3A%2F%2Fwolfsmonitor.de%2F%3Fp%3D11053&text=Wolfsberater%20spricht%20sich%20f%C3%BCr%20den%20Abschuss%20eines%20ganzen%20Wolfsrudels%20aus\" title=\"Bei Twitter teilen\" aria-label=\"Bei Twitter teilen\" role=\"button\" rel=\"noopener nofollow\" class=\"shariff-link\" style=\"; background-color:#55acee; color:#fff\" target=\"_blank\"><span class=\"shariff-icon\" style=\"\"><svg width=\"32px\" height=\"20px\" xmlns=\"http:\/\/www.w3.org\/2000\/svg\" viewBox=\"0 0 30 32\"><path fill=\"#55acee\" d=\"M29.7 6.8q-1.2 1.8-3 3.1 0 0.3 0 0.8 0 2.5-0.7 4.9t-2.2 4.7-3.5 4-4.9 2.8-6.1 1q-5.1 0-9.3-2.7 0.6 0.1 1.5 0.1 4.3 0 7.6-2.6-2-0.1-3.5-1.2t-2.2-3q0.6 0.1 1.1 0.1 0.8 0 1.6-0.2-2.1-0.4-3.5-2.1t-1.4-3.9v-0.1q1.3 0.7 2.8 0.8-1.2-0.8-2-2.2t-0.7-2.9q0-1.7 0.8-3.1 2.3 2.8 5.5 4.5t7 1.9q-0.2-0.7-0.2-1.4 0-2.5 1.8-4.3t4.3-1.8q2.7 0 4.5 1.9 2.1-0.4 3.9-1.5-0.7 2.2-2.7 3.4 1.8-0.2 3.5-0.9z\"\/><\/svg><\/span><span class=\"shariff-text\">twittern<\/span>&nbsp;<span data-service=\"twitter\" style=\"color:#55acee\" class=\"shariff-count shariff-hidezero\"><\/span>&nbsp;<\/a><\/li><li class=\"shariff-button rss shariff-nocustomcolor\" style=\"background-color:#ff8c00\"><a href=\"https:\/\/wolfsmonitor.de\/?feed=rss\" title=\"RSS-feed\" aria-label=\"RSS-feed\" role=\"button\" class=\"shariff-link\" style=\"; background-color:#fe9312; color:#fff\" target=\"_blank\"><span class=\"shariff-icon\" style=\"\"><svg width=\"32px\" height=\"20px\" xmlns=\"http:\/\/www.w3.org\/2000\/svg\" viewBox=\"0 0 32 32\"><path fill=\"#fe9312\" d=\"M4.3 23.5c-2.3 0-4.3 1.9-4.3 4.3 0 2.3 1.9 4.2 4.3 4.2 2.4 0 4.3-1.9 4.3-4.2 0-2.3-1.9-4.3-4.3-4.3zM0 10.9v6.1c4 0 7.7 1.6 10.6 4.4 2.8 2.8 4.4 6.6 4.4 10.6h6.2c0-11.7-9.5-21.1-21.1-21.1zM0 0v6.1c14.2 0 25.8 11.6 25.8 25.9h6.2c0-17.6-14.4-32-32-32z\"\/><\/svg><\/span><span class=\"shariff-text\">RSS-feed<\/span>&nbsp;<\/a><\/li><li class=\"shariff-button mailto shariff-nocustomcolor\" style=\"background-color:#a8a8a8\"><a href=\"mailto:?body=https%3A%2F%2Fwolfsmonitor.de%2F%3Fp%3D11053&subject=Wolfsberater%20spricht%20sich%20f%C3%BCr%20den%20Abschuss%20eines%20ganzen%20Wolfsrudels%20aus\" title=\"Per E-Mail versenden\" aria-label=\"Per E-Mail versenden\" role=\"button\" rel=\"noopener nofollow\" class=\"shariff-link\" style=\"; background-color:#999; color:#fff\"><span class=\"shariff-icon\" style=\"\"><svg width=\"32px\" height=\"20px\" xmlns=\"http:\/\/www.w3.org\/2000\/svg\" viewBox=\"0 0 32 32\"><path fill=\"#999\" d=\"M32 12.7v14.2q0 1.2-0.8 2t-2 0.9h-26.3q-1.2 0-2-0.9t-0.8-2v-14.2q0.8 0.9 1.8 1.6 6.5 4.4 8.9 6.1 1 0.8 1.6 1.2t1.7 0.9 2 0.4h0.1q0.9 0 2-0.4t1.7-0.9 1.6-1.2q3-2.2 8.9-6.1 1-0.7 1.8-1.6zM32 7.4q0 1.4-0.9 2.7t-2.2 2.2q-6.7 4.7-8.4 5.8-0.2 0.1-0.7 0.5t-1 0.7-0.9 0.6-1.1 0.5-0.9 0.2h-0.1q-0.4 0-0.9-0.2t-1.1-0.5-0.9-0.6-1-0.7-0.7-0.5q-1.6-1.1-4.7-3.2t-3.6-2.6q-1.1-0.7-2.1-2t-1-2.5q0-1.4 0.7-2.3t2.1-0.9h26.3q1.2 0 2 0.8t0.9 2z\"\/><\/svg><\/span><span class=\"shariff-text\">E-Mail<\/span>&nbsp;<\/a><\/li><li class=\"shariff-button info shariff-nocustomcolor\" style=\"background-color:#a8a8a8\"><a href=\"http:\/\/ct.de\/-2467514\" title=\"Weitere Informationen\" aria-label=\"Weitere Informationen\" role=\"button\" rel=\"noopener \" class=\"shariff-link\" style=\"; background-color:#999; color:#fff\" target=\"_blank\"><span class=\"shariff-icon\" style=\"\"><svg width=\"32px\" height=\"20px\" xmlns=\"http:\/\/www.w3.org\/2000\/svg\" viewBox=\"0 0 11 32\"><path fill=\"#999\" d=\"M11.4 24v2.3q0 0.5-0.3 0.8t-0.8 0.4h-9.1q-0.5 0-0.8-0.4t-0.4-0.8v-2.3q0-0.5 0.4-0.8t0.8-0.4h1.1v-6.8h-1.1q-0.5 0-0.8-0.4t-0.4-0.8v-2.3q0-0.5 0.4-0.8t0.8-0.4h6.8q0.5 0 0.8 0.4t0.4 0.8v10.3h1.1q0.5 0 0.8 0.4t0.3 0.8zM9.2 3.4v3.4q0 0.5-0.4 0.8t-0.8 0.4h-4.6q-0.4 0-0.8-0.4t-0.4-0.8v-3.4q0-0.4 0.4-0.8t0.8-0.4h4.6q0.5 0 0.8 0.4t0.4 0.8z\"\/><\/svg><\/span><\/a><\/li><\/ul><\/div>","protected":false},"excerpt":{"rendered":"<p>Hermann K\u00fcck, zust\u00e4ndiger Wolfsberater im Landkreis Cuxhaven, hat sich in den Medien f\u00fcr den Abschuss der f\u00fcnf Jungw\u00f6lfe des Cuxland-Rudels ausgesprochen. Der Grund: Die Tiere attackierten fast w\u00f6chentlich (zumeist unzureichend gesch\u00fctzte) Nutztiere, so K\u00fcck.<\/p>\n<div class=\"shariff shariff-align-center shariff-widget-align-center\" data-services=\"facebook%7Ctwitter\" data-url=\"https%3A%2F%2Fwolfsmonitor.de%2F%3Fp%3D11053\" data-timestamp=\"1525530442\" data-backendurl=\"?rest_route=\/shariff\/v1\/share_counts&\"><ul class=\"shariff-buttons theme-color orientation-horizontal buttonsize-small\"><li class=\"shariff-button facebook shariff-nocustomcolor\" style=\"background-color:#4273c8\"><a href=\"https:\/\/www.facebook.com\/sharer\/sharer.php?u=https%3A%2F%2Fwolfsmonitor.de%2F%3Fp%3D11053\" title=\"Bei Facebook teilen\" aria-label=\"Bei Facebook teilen\" role=\"button\" rel=\"nofollow\" class=\"shariff-link\" style=\"; background-color:#3b5998; color:#fff\" target=\"_blank\"><span class=\"shariff-icon\" style=\"\"><svg width=\"32px\" height=\"20px\" xmlns=\"http:\/\/www.w3.org\/2000\/svg\" viewBox=\"0 0 18 32\"><path fill=\"#3b5998\" d=\"M17.1 0.2v4.7h-2.8q-1.5 0-2.1 0.6t-0.5 1.9v3.4h5.2l-0.7 5.3h-4.5v13.6h-5.5v-13.6h-4.5v-5.3h4.5v-3.9q0-3.3 1.9-5.2t5-1.8q2.6 0 4.1 0.2z\"\/><\/svg><\/span><span class=\"shariff-text\">teilen<\/span>&nbsp;<span data-service=\"facebook\" style=\"color:#3b5998\" class=\"shariff-count shariff-hidezero\"><\/span>&nbsp;<\/a><\/li><li class=\"shariff-button twitter shariff-nocustomcolor\" style=\"background-color:#32bbf5\"><a href=\"https:\/\/twitter.com\/share?url=https%3A%2F%2Fwolfsmonitor.de%2F%3Fp%3D11053&text=Wolfsberater%20spricht%20sich%20f%C3%BCr%20den%20Abschuss%20eines%20ganzen%20Wolfsrudels%20aus\" title=\"Bei Twitter teilen\" aria-label=\"Bei Twitter teilen\" role=\"button\" rel=\"noopener nofollow\" class=\"shariff-link\" style=\"; background-color:#55acee; color:#fff\" target=\"_blank\"><span class=\"shariff-icon\" style=\"\"><svg width=\"32px\" height=\"20px\" xmlns=\"http:\/\/www.w3.org\/2000\/svg\" viewBox=\"0 0 30 32\"><path fill=\"#55acee\" d=\"M29.7 6.8q-1.2 1.8-3 3.1 0 0.3 0 0.8 0 2.5-0.7 4.9t-2.2 4.7-3.5 4-4.9 2.8-6.1 1q-5.1 0-9.3-2.7 0.6 0.1 1.5 0.1 4.3 0 7.6-2.6-2-0.1-3.5-1.2t-2.2-3q0.6 0.1 1.1 0.1 0.8 0 1.6-0.2-2.1-0.4-3.5-2.1t-1.4-3.9v-0.1q1.3 0.7 2.8 0.8-1.2-0.8-2-2.2t-0.7-2.9q0-1.7 0.8-3.1 2.3 2.8 5.5 4.5t7 1.9q-0.2-0.7-0.2-1.4 0-2.5 1.8-4.3t4.3-1.8q2.7 0 4.5 1.9 2.1-0.4 3.9-1.5-0.7 2.2-2.7 3.4 1.8-0.2 3.5-0.9z\"\/><\/svg><\/span><span class=\"shariff-text\">twittern<\/span>&nbsp;<span data-service=\"twitter\" style=\"color:#55acee\" class=\"shariff-count shariff-hidezero\"><\/span>&nbsp;<\/a><\/li><li class=\"shariff-button rss shariff-nocustomcolor\" style=\"background-color:#ff8c00\"><a href=\"https:\/\/wolfsmonitor.de\/?feed=rss\" title=\"RSS-feed\" aria-label=\"RSS-feed\" role=\"button\" class=\"shariff-link\" style=\"; background-color:#fe9312; color:#fff\" target=\"_blank\"><span class=\"shariff-icon\" style=\"\"><svg width=\"32px\" height=\"20px\" xmlns=\"http:\/\/www.w3.org\/2000\/svg\" viewBox=\"0 0 32 32\"><path fill=\"#fe9312\" d=\"M4.3 23.5c-2.3 0-4.3 1.9-4.3 4.3 0 2.3 1.9 4.2 4.3 4.2 2.4 0 4.3-1.9 4.3-4.2 0-2.3-1.9-4.3-4.3-4.3zM0 10.9v6.1c4 0 7.7 1.6 10.6 4.4 2.8 2.8 4.4 6.6 4.4 10.6h6.2c0-11.7-9.5-21.1-21.1-21.1zM0 0v6.1c14.2 0 25.8 11.6 25.8 25.9h6.2c0-17.6-14.4-32-32-32z\"\/><\/svg><\/span><span class=\"shariff-text\">RSS-feed<\/span>&nbsp;<\/a><\/li><li class=\"shariff-button mailto shariff-nocustomcolor\" style=\"background-color:#a8a8a8\"><a href=\"mailto:?body=https%3A%2F%2Fwolfsmonitor.de%2F%3Fp%3D11053&subject=Wolfsberater%20spricht%20sich%20f%C3%BCr%20den%20Abschuss%20eines%20ganzen%20Wolfsrudels%20aus\" title=\"Per E-Mail versenden\" aria-label=\"Per E-Mail versenden\" role=\"button\" rel=\"noopener nofollow\" class=\"shariff-link\" style=\"; background-color:#999; color:#fff\"><span class=\"shariff-icon\" style=\"\"><svg width=\"32px\" height=\"20px\" xmlns=\"http:\/\/www.w3.org\/2000\/svg\" viewBox=\"0 0 32 32\"><path fill=\"#999\" d=\"M32 12.7v14.2q0 1.2-0.8 2t-2 0.9h-26.3q-1.2 0-2-0.9t-0.8-2v-14.2q0.8 0.9 1.8 1.6 6.5 4.4 8.9 6.1 1 0.8 1.6 1.2t1.7 0.9 2 0.4h0.1q0.9 0 2-0.4t1.7-0.9 1.6-1.2q3-2.2 8.9-6.1 1-0.7 1.8-1.6zM32 7.4q0 1.4-0.9 2.7t-2.2 2.2q-6.7 4.7-8.4 5.8-0.2 0.1-0.7 0.5t-1 0.7-0.9 0.6-1.1 0.5-0.9 0.2h-0.1q-0.4 0-0.9-0.2t-1.1-0.5-0.9-0.6-1-0.7-0.7-0.5q-1.6-1.1-4.7-3.2t-3.6-2.6q-1.1-0.7-2.1-2t-1-2.5q0-1.4 0.7-2.3t2.1-0.9h26.3q1.2 0 2 0.8t0.9 2z\"\/><\/svg><\/span><span class=\"shariff-text\">E-Mail<\/span>&nbsp;<\/a><\/li><li class=\"shariff-button info shariff-nocustomcolor\" style=\"background-color:#a8a8a8\"><a href=\"http:\/\/ct.de\/-2467514\" title=\"Weitere Informationen\" aria-label=\"Weitere Informationen\" role=\"button\" rel=\"noopener \" class=\"shariff-link\" style=\"; background-color:#999; color:#fff\" target=\"_blank\"><span class=\"shariff-icon\" style=\"\"><svg width=\"32px\" height=\"20px\" xmlns=\"http:\/\/www.w3.org\/2000\/svg\" viewBox=\"0 0 11 32\"><path fill=\"#999\" d=\"M11.4 24v2.3q0 0.5-0.3 0.8t-0.8 0.4h-9.1q-0.5 0-0.8-0.4t-0.4-0.8v-2.3q0-0.5 0.4-0.8t0.8-0.4h1.1v-6.8h-1.1q-0.5 0-0.8-0.4t-0.4-0.8v-2.3q0-0.5 0.4-0.8t0.8-0.4h6.8q0.5 0 0.8 0.4t0.4 0.8v10.3h1.1q0.5 0 0.8 0.4t0.3 0.8zM9.2 3.4v3.4q0 0.5-0.4 0.8t-0.8 0.4h-4.6q-0.4 0-0.8-0.4t-0.4-0.8v-3.4q0-0.4 0.4-0.8t0.8-0.4h4.6q0.5 0 0.8 0.4t0.4 0.8z\"\/><\/svg><\/span><\/a><\/li><\/ul><\/div>","protected":false},"author":1,"featured_media":794,"comment_status":"closed","ping_status":"open","sticky":false,"template":"","format":"standard","meta":{"spay_email":""},"categories":[3],"tags":[3640,6885,2144,2126,4103,3301,29],"jetpack_featured_media_url":"https:\/\/i0.wp.com\/wolfsmonitor.de\/wp-content\/uploads\/2015\/07\/Foto-Kommentar-2.jpg?fit=586%2C513&ssl=1","jetpack_shortlink":"https:\/\/wp.me\/p61YbU-2Sh","jetpack-related-posts":[{"id":11829,"url":"https:\/\/wolfsmonitor.de\/?p=11829","url_meta":{"origin":11053,"position":0},"title":"Gutachten zu Cuxland-W\u00f6lfen l\u00e4sst weiter auf sich warten...","date":"19. Dezember 2017","format":false,"excerpt":"Christian D\u00f6scher von Nord24.de berichtete nun, dass die Vertreter der Dokumentations- und Beratungsstelle des Bundes zum Thema Wolf (DBBW) zurzeit offenbar derart \u00fcberlastet sind, dass ein bereits f\u00fcr Oktober angek\u00fcndigtes Gutachten \u2013 auf dessen Grundlage laut D\u00f6scher \u00fcber den Abschuss der Cuxland-W\u00f6lfe entschieden werden sollte \u2013 immer noch nicht vorliegt.\u2026","rel":"","context":"In &quot;Nachrichten&quot;","img":{"alt_text":"","src":"https:\/\/i0.wp.com\/wolfsmonitor.de\/wp-content\/uploads\/2016\/11\/B-Foto-H.A.-Nachrichten-2.jpg?fit=767%2C574&ssl=1&resize=350%2C200","width":350,"height":200},"classes":[]},{"id":9238,"url":"https:\/\/wolfsmonitor.de\/?p=9238","url_meta":{"origin":11053,"position":1},"title":"Nieders\u00e4chsischer Wolfsberater: \u201eWir wollen junge W\u00f6lfe aus der Natur entnehmen d\u00fcrfen\u201c","date":"8. Juni 2017","format":false,"excerpt":"Manchmal traut man seinen Augen nicht. Hermann K\u00fcck, Wolfsberater im Landkreis Cuxhaven, forderte bei einem \u00f6ffentlichen Gedankenaustausch im Moorinformationszentrum Ahlen-Falkenberg (MoorIZ) offenbar, junge W\u00f6lfe aus der Natur entnehmen zu d\u00fcrfen. Nachzulesen ist das in den Cuxhavener Nachrichten. (*1) Letztes Jahr im September wurde das Cuxlandrudel-Muttertier bei K\u00f6hlen illegal erschossen. In\u2026","rel":"","context":"In &quot;Aufgelesen&quot;","img":{"alt_text":"Foto: Natur- und Wildtierfotograf Heiko Anders","src":"https:\/\/i2.wp.com\/wolfsmonitor.de\/wp-content\/uploads\/2016\/05\/HA-Beitragsfoto-Aufgelesen-1.jpg?fit=654%2C436&ssl=1&resize=350%2C200","width":350,"height":200},"classes":[]},{"id":14362,"url":"https:\/\/wolfsmonitor.de\/?p=14362","url_meta":{"origin":11053,"position":2},"title":"Neuer Wolfsberater im Kreis Cuxhaven","date":"23. Juli 2018","format":false,"excerpt":"Nein, diese Schlagzeile handelt nicht von unserem wackeren Nationaltorh\u00fcter Manuel Neuer, der neuerdings(!!) \"auf Wolfsberater macht\", sondern informiert dar\u00fcber, dass es mit Silas Neumann nun neben Olaf Kuball, Hermann K\u00fcck und Heiko Hellmann einen vierten ehrenamtlichen Wolfsberater im Landkreis Cuxhaven gibt. Neumann ist hauptberuflich als Natur- und Landschaftspfleger im Landkreis\u2026","rel":"","context":"In &quot;Nachrichten&quot;","img":{"alt_text":"","src":"https:\/\/i1.wp.com\/wolfsmonitor.de\/wp-content\/uploads\/2016\/11\/B-Foto-H.A.-Nachrichten-1.jpg?fit=761%2C497&ssl=1&resize=350%2C200","width":350,"height":200},"classes":[]},{"id":5470,"url":"https:\/\/wolfsmonitor.de\/?p=5470","url_meta":{"origin":11053,"position":3},"title":"W\u00f6lfe attackieren K\u00fche in Meckelstedt: Reaktionen in den Sozialen Medien","date":"13. Oktober 2016","format":false,"excerpt":"Vieles deutet darauf hin, dass tats\u00e4chlich ein oder mehrere W\u00f6lfe f\u00fcr den Tod einer Kuh in Meckelstedt (Landkreis Cuxhaven) verantwortlich sind (Wolfsmonitor berichtete, hier!) \u00a0 Zumindest will ein Augenzeuge einen Wolf am toten Tier angetroffen haben, was nat\u00fcrlich erst einmal nur beweist, dass ein Wolf am Kadaver war, nicht jedoch,\u2026","rel":"","context":"In &quot;Aktuell&quot;","img":{"alt_text":"Stehender Wolf im Tierpark Nordhorn (Foto: Vogler)","src":"https:\/\/i0.wp.com\/wolfsmonitor.de\/wp-content\/uploads\/2016\/03\/Beitragsfoto-Aktuell.jpg?fit=592%2C507&ssl=1&resize=350%2C200","width":350,"height":200},"classes":[]},{"id":5449,"url":"https:\/\/wolfsmonitor.de\/?p=5449","url_meta":{"origin":11053,"position":4},"title":"Erneuter Wolfsriss einer Kuh im Landkreis Cuxhaven?","date":"12. Oktober 2016","format":false,"excerpt":"Folgende aktuelle Meldung von Nord 24 (NORDSEE-ZEITUNG) reiche ich mal mit einer gewissen Vorsicht weiter: Redakteur Andreas Schoener meldet n\u00e4mlich, dass ein Wolf eine Herde mit 29 K\u00fchen in Meckelstedt (Geestland, Landkreis Cuxhaven s\u00fcd\u00f6stlich des Bederkesaer Sees) angegriffen und dabei ein tragendes Muttertier und ihr Kalb t\u00f6tete. Ein zust\u00e4ndiger Wolfsberater\u2026","rel":"","context":"In &quot;Aufgelesen&quot;","img":{"alt_text":"Foto: Wildtierfotograf Heiko Anders","src":"https:\/\/i2.wp.com\/wolfsmonitor.de\/wp-content\/uploads\/2016\/05\/HA-Beitragsfoto-Aufgelesen-2.jpg?fit=625%2C469&ssl=1&resize=350%2C200","width":350,"height":200},"classes":[]},{"id":4906,"url":"https:\/\/wolfsmonitor.de\/?p=4906","url_meta":{"origin":11053,"position":5},"title":"Cuxland: Warum erneut Herr M\u00fcller?","date":"4. September 2016","format":false,"excerpt":"Einerseits ist es tragisch, andererseits auch irgendwie merkw\u00fcrdig: Nachdem bereits im Jahr 2014 bei zwei Wolfs\u00fcbergriffen insgesamt drei Jungrinder des Landwirts Andreas M\u00fcller aus Lamstedt (Landkreis Cuxhaven) von W\u00f6lfen gerissen wurden, gibt es dort abermals gleich zwei neue Verdachtsf\u00e4lle. Beide erneut bei Andreas M\u00fcller. Ende Juli, also vor etwas mehr\u2026","rel":"","context":"In &quot;Standpunkte&quot;","img":{"alt_text":"Wolf im Tierpark Nordhorn","src":"https:\/\/i0.wp.com\/wolfsmonitor.de\/wp-content\/uploads\/2015\/07\/Foto-Kommentar-2.jpg?fit=586%2C513&ssl=1&resize=350%2C200","width":350,"height":200},"classes":[]}],"_links":{"self":[{"href":"https:\/\/wolfsmonitor.de\/index.php?rest_route=\/wp\/v2\/posts\/11053"}],"collection":[{"href":"https:\/\/wolfsmonitor.de\/index.php?rest_route=\/wp\/v2\/posts"}],"about":[{"href":"https:\/\/wolfsmonitor.de\/index.php?rest_route=\/wp\/v2\/types\/post"}],"author":[{"embeddable":true,"href":"https:\/\/wolfsmonitor.de\/index.php?rest_route=\/wp\/v2\/users\/1"}],"replies":[{"embeddable":true,"href":"https:\/\/wolfsmonitor.de\/index.php?rest_route=%2Fwp%2Fv2%2Fcomments&post=11053"}],"version-history":[{"count":8,"href":"https:\/\/wolfsmonitor.de\/index.php?rest_route=\/wp\/v2\/posts\/11053\/revisions"}],"predecessor-version":[{"id":11065,"href":"https:\/\/wolfsmonitor.de\/index.php?rest_route=\/wp\/v2\/posts\/11053\/revisions\/11065"}],"wp:featuredmedia":[{"embeddable":true,"href":"https:\/\/wolfsmonitor.de\/index.php?rest_route=\/wp\/v2\/media\/794"}],"wp:attachment":[{"href":"https:\/\/wolfsmonitor.de\/index.php?rest_route=%2Fwp%2Fv2%2Fmedia&parent=11053"}],"wp:term":[{"taxonomy":"category","embeddable":true,"href":"https:\/\/wolfsmonitor.de\/index.php?rest_route=%2Fwp%2Fv2%2Fcategories&post=11053"},{"taxonomy":"post_tag","embeddable":true,"href":"https:\/\/wolfsmonitor.de\/index.php?rest_route=%2Fwp%2Fv2%2Ftags&post=11053"}],"curies":[{"name":"wp","href":"https:\/\/api.w.org\/{rel}","templated":true}]}}