{"id":11182,"date":"2017-11-04T09:55:04","date_gmt":"2017-11-04T07:55:04","guid":{"rendered":"http:\/\/wolfsmonitor.de\/?p=11182"},"modified":"2018-05-05T14:21:06","modified_gmt":"2018-05-05T12:21:06","slug":"abgeschossener-wolf-in-brandenburg-wwf-stellt-strafanzeige-gegen-daenischen-jaeger","status":"publish","type":"post","link":"https:\/\/wolfsmonitor.de\/?p=11182","title":{"rendered":"Abgeschossener Wolf in Brandenburg: WWF stellt Strafanzeige gegen d\u00e4nischen J\u00e4ger"},"content":{"rendered":"<p><strong>Vergangenen Donnerstag erschoss ein d\u00e4nischer J\u00e4ger auf einer Dr\u00fcckjagd bei Bad Belzig (Potsdam-Mittelmark) eine W\u00f6lfin (Wolfsmonitor berichtete, <a href=\"https:\/\/wolfsmonitor.de\/?p=11160\" target=\"_blank\" rel=\"noopener\"><span style=\"color: #0000ff;\">hier!<\/span><\/a>). Jetzt erstattete der WWF Anzeige gegen den J\u00e4ger, wie die Naturschutzorganisation nun in einer eigens dazu ver\u00f6ffentlichten Pressemeldung bekanntgab. Die Meldung im Wortlaut:<\/strong><!--more--><\/p>\n<h4><strong>Toter Wolf bei Gesellschaftsjagd in Brandenburg<\/strong><\/h4>\n<div class=\"date\">03. November 2017<\/div>\n<div id=\"c71814\" class=\"csc-default clearfix\">\n<div class=\"csc-header csc-header-n1\">\n<h4><span class=\"csc-header\" style=\"color: #3366ff;\">Naturschutzorganisation WWF stellt Strafanzeige<\/span><\/h4>\n<div id=\"c71814\" class=\"csc-default clearfix\">\n<div class=\"csc-textpic csc-textpic-intext-right\">\n<div class=\"csc-textpic-text\">\n<div class=\"csc-text\">\n<p class=\"bodytext\">&#8222;Der WWF stellt Strafanzeige in dem Fall einer illegal abgeschossenen W\u00f6lfin in der N\u00e4he des brandenburgischen Bad Belzigs. Bei einer Gesellschaftsjagd hatte ein d\u00e4nischer J\u00e4ger das in Deutschland streng gesch\u00fctzte Tier erlegt. In den vergangenen Jahren wurden in Deutschland nachweislich mindestens 25 W\u00f6lfe illegal get\u00f6tet. Und das sind nur die offiziellen Zahlen. Die Dunkelziffer d\u00fcrfte noch um ein Vielfaches h\u00f6her liegen. Das zumindest bef\u00fcrchtet der WWF und verweist zudem auf die verschwindend geringe Aufkl\u00e4rungs- oder gar Verurteilungsquote.<\/p>\n<p class=\"bodytext\">\u201eBisher wurden J\u00e4ger, die W\u00f6lfe illegal geschossen haben, in der Bundesrepublik oftmals geschont. Um der Justiz zu verdeutlichen, dass es hier ein berechtigtes, \u00f6ffentliches Interesse an Aufkl\u00e4rung und Verurteilung gibt, hat sich der WWF entschlossen den Fall anzuzeigen\u201c, kritisiert Moritz Klose, Wildtierreferent beim WWF Deutschland und selbst Besitzer eines Jagdscheins. \u201eJ\u00e4ger haben eine gro\u00dfe Verantwortung und m\u00fcssen sich sicher sein, auf was sie gerade schie\u00dfen. Es kann nicht sein, dass auf einer Gesellschaftsjagd wie dieser streng gesch\u00fctzte Tierarten abgeschossen werden.\u201c<\/p>\n<p class=\"bodytext\">Um Licht ins Dunkel der Wilderei in Deutschland zu bringen, hat der WWF zudem eine 24-Stunden-Notrufhotline eingerichtet. Oft fehlt es an Hinweisen zum Tathergang oder dem T\u00e4ter. Immer noch wird das Verbrechen als Kavaliersdelikt verharmlost. Unter der Nummer 0800 10 20 340 k\u00f6nnen Zeugen ab sofort Aussagen zu derartigen F\u00e4llen machen &#8211; auf Wunsch auch anonym. Meldungen sind dar\u00fcber hinaus unter www.wildereinotruf.de m\u00f6glich.&#8220;<\/p>\n<\/div>\n<\/div>\n<\/div>\n<\/div>\n<div id=\"c71815\" class=\"csc-default clearfix\">\n<div class=\"grid-container grid-twocols grid-detailPageTwoCols clearfix\">\n<div class=\"grid-container-inner\">\n<div class=\"grid-element\">\n<div class=\"grid-element-inner\">\n<div id=\"c71816\" class=\"csc-frame sf-frame-balloon clearfix\">\n<div class=\"sf-frame-balloon-inner\">\n<div class=\"csc-header csc-header-n1\">\n<hr \/>\n<p><strong><span class=\"csc-header\">KONTAKT<\/span><\/strong><\/p>\n<\/div>\n<div class=\"csc-text\">\n<p class=\"bodytext\">Roland Gramling<\/p>\n<p class=\"bodytext\">WWF Deutschland &#8211; Pressestelle<\/p>\n<p class=\"bodytext\"><a href=\"mailto:roland.gramling@wwf.de\"><span style=\"color: #0000ff;\">roland.gramling(at)wwf.de<\/span><\/a><\/p>\n<\/div>\n<hr \/>\n<p><em>Quelle: WWF Deutschland, Pressemeldung vom 3.11.2017: &#8222;Toter Wolf bei Gesellschaftsjagd in Brandenburg&#8220;, abgerufen am 4.11.2017, <\/em><span style=\"color: #0000ff;\"><a href=\"http:\/\/www.wwf.de\/2017\/november\/toter-wolf-bei-gesellschaftsjagd-in-brandenburg\/\" target=\"_blank\" rel=\"noopener\"><span style=\"color: #0000ff;\"><em>hier der Link!<\/em><\/span><\/a><\/span><\/p>\n<hr \/>\n<p><em>Beitragsfoto: Heiko Anders, <a href=\"http:\/\/www.andersfotografiert.com\" target=\"_blank\" rel=\"noopener\"><span style=\"color: #0000ff;\">www.andersfotografiert.com<\/span><\/a><\/em><\/p>\n<p class=\"ox-8fa0bdae36-MsoNormal\"><em>(Anmerkung: F\u00fcr die Richtigkeit der Angaben und Inhalte der verlinkten Webseiten wird keinerlei Gew\u00e4hr \u00fcbernommen)<\/em><\/p>\n<\/div>\n<\/div>\n<\/div>\n<\/div>\n<\/div>\n<\/div>\n<\/div>\n<\/div>\n<\/div>\n<div class=\"shariff shariff-align-center shariff-widget-align-center\" data-services=\"facebook%7Ctwitter\" data-url=\"https%3A%2F%2Fwolfsmonitor.de%2F%3Fp%3D11182\" data-timestamp=\"1525530066\" data-backendurl=\"?rest_route=\/shariff\/v1\/share_counts&\"><ul class=\"shariff-buttons theme-color orientation-horizontal buttonsize-small\"><li class=\"shariff-button facebook shariff-nocustomcolor\" style=\"background-color:#4273c8\"><a href=\"https:\/\/www.facebook.com\/sharer\/sharer.php?u=https%3A%2F%2Fwolfsmonitor.de%2F%3Fp%3D11182\" title=\"Bei Facebook teilen\" aria-label=\"Bei Facebook teilen\" role=\"button\" rel=\"nofollow\" class=\"shariff-link\" style=\"; background-color:#3b5998; color:#fff\" target=\"_blank\"><span class=\"shariff-icon\" style=\"\"><svg width=\"32px\" height=\"20px\" xmlns=\"http:\/\/www.w3.org\/2000\/svg\" viewBox=\"0 0 18 32\"><path fill=\"#3b5998\" d=\"M17.1 0.2v4.7h-2.8q-1.5 0-2.1 0.6t-0.5 1.9v3.4h5.2l-0.7 5.3h-4.5v13.6h-5.5v-13.6h-4.5v-5.3h4.5v-3.9q0-3.3 1.9-5.2t5-1.8q2.6 0 4.1 0.2z\"\/><\/svg><\/span><span class=\"shariff-text\">teilen<\/span>&nbsp;<span data-service=\"facebook\" style=\"color:#3b5998\" class=\"shariff-count shariff-hidezero\"><\/span>&nbsp;<\/a><\/li><li class=\"shariff-button twitter shariff-nocustomcolor\" style=\"background-color:#32bbf5\"><a href=\"https:\/\/twitter.com\/share?url=https%3A%2F%2Fwolfsmonitor.de%2F%3Fp%3D11182&text=Abgeschossener%20Wolf%20in%20Brandenburg%3A%20WWF%20stellt%20Strafanzeige%20gegen%20d%C3%A4nischen%20J%C3%A4ger\" title=\"Bei Twitter teilen\" aria-label=\"Bei Twitter teilen\" role=\"button\" rel=\"noopener nofollow\" class=\"shariff-link\" style=\"; background-color:#55acee; color:#fff\" target=\"_blank\"><span class=\"shariff-icon\" style=\"\"><svg width=\"32px\" height=\"20px\" xmlns=\"http:\/\/www.w3.org\/2000\/svg\" viewBox=\"0 0 30 32\"><path fill=\"#55acee\" d=\"M29.7 6.8q-1.2 1.8-3 3.1 0 0.3 0 0.8 0 2.5-0.7 4.9t-2.2 4.7-3.5 4-4.9 2.8-6.1 1q-5.1 0-9.3-2.7 0.6 0.1 1.5 0.1 4.3 0 7.6-2.6-2-0.1-3.5-1.2t-2.2-3q0.6 0.1 1.1 0.1 0.8 0 1.6-0.2-2.1-0.4-3.5-2.1t-1.4-3.9v-0.1q1.3 0.7 2.8 0.8-1.2-0.8-2-2.2t-0.7-2.9q0-1.7 0.8-3.1 2.3 2.8 5.5 4.5t7 1.9q-0.2-0.7-0.2-1.4 0-2.5 1.8-4.3t4.3-1.8q2.7 0 4.5 1.9 2.1-0.4 3.9-1.5-0.7 2.2-2.7 3.4 1.8-0.2 3.5-0.9z\"\/><\/svg><\/span><span class=\"shariff-text\">twittern<\/span>&nbsp;<span data-service=\"twitter\" style=\"color:#55acee\" class=\"shariff-count shariff-hidezero\"><\/span>&nbsp;<\/a><\/li><li class=\"shariff-button rss shariff-nocustomcolor\" style=\"background-color:#ff8c00\"><a href=\"https:\/\/wolfsmonitor.de\/?feed=rss\" title=\"RSS-feed\" aria-label=\"RSS-feed\" role=\"button\" class=\"shariff-link\" style=\"; background-color:#fe9312; color:#fff\" target=\"_blank\"><span class=\"shariff-icon\" style=\"\"><svg width=\"32px\" height=\"20px\" xmlns=\"http:\/\/www.w3.org\/2000\/svg\" viewBox=\"0 0 32 32\"><path fill=\"#fe9312\" d=\"M4.3 23.5c-2.3 0-4.3 1.9-4.3 4.3 0 2.3 1.9 4.2 4.3 4.2 2.4 0 4.3-1.9 4.3-4.2 0-2.3-1.9-4.3-4.3-4.3zM0 10.9v6.1c4 0 7.7 1.6 10.6 4.4 2.8 2.8 4.4 6.6 4.4 10.6h6.2c0-11.7-9.5-21.1-21.1-21.1zM0 0v6.1c14.2 0 25.8 11.6 25.8 25.9h6.2c0-17.6-14.4-32-32-32z\"\/><\/svg><\/span><span class=\"shariff-text\">RSS-feed<\/span>&nbsp;<\/a><\/li><li class=\"shariff-button mailto shariff-nocustomcolor\" style=\"background-color:#a8a8a8\"><a href=\"mailto:?body=https%3A%2F%2Fwolfsmonitor.de%2F%3Fp%3D11182&subject=Abgeschossener%20Wolf%20in%20Brandenburg%3A%20WWF%20stellt%20Strafanzeige%20gegen%20d%C3%A4nischen%20J%C3%A4ger\" title=\"Per E-Mail versenden\" aria-label=\"Per E-Mail versenden\" role=\"button\" rel=\"noopener nofollow\" class=\"shariff-link\" style=\"; background-color:#999; color:#fff\"><span class=\"shariff-icon\" style=\"\"><svg width=\"32px\" height=\"20px\" xmlns=\"http:\/\/www.w3.org\/2000\/svg\" viewBox=\"0 0 32 32\"><path fill=\"#999\" d=\"M32 12.7v14.2q0 1.2-0.8 2t-2 0.9h-26.3q-1.2 0-2-0.9t-0.8-2v-14.2q0.8 0.9 1.8 1.6 6.5 4.4 8.9 6.1 1 0.8 1.6 1.2t1.7 0.9 2 0.4h0.1q0.9 0 2-0.4t1.7-0.9 1.6-1.2q3-2.2 8.9-6.1 1-0.7 1.8-1.6zM32 7.4q0 1.4-0.9 2.7t-2.2 2.2q-6.7 4.7-8.4 5.8-0.2 0.1-0.7 0.5t-1 0.7-0.9 0.6-1.1 0.5-0.9 0.2h-0.1q-0.4 0-0.9-0.2t-1.1-0.5-0.9-0.6-1-0.7-0.7-0.5q-1.6-1.1-4.7-3.2t-3.6-2.6q-1.1-0.7-2.1-2t-1-2.5q0-1.4 0.7-2.3t2.1-0.9h26.3q1.2 0 2 0.8t0.9 2z\"\/><\/svg><\/span><span class=\"shariff-text\">E-Mail<\/span>&nbsp;<\/a><\/li><li class=\"shariff-button info shariff-nocustomcolor\" style=\"background-color:#a8a8a8\"><a href=\"http:\/\/ct.de\/-2467514\" title=\"Weitere Informationen\" aria-label=\"Weitere Informationen\" role=\"button\" rel=\"noopener \" class=\"shariff-link\" style=\"; background-color:#999; color:#fff\" target=\"_blank\"><span class=\"shariff-icon\" style=\"\"><svg width=\"32px\" height=\"20px\" xmlns=\"http:\/\/www.w3.org\/2000\/svg\" viewBox=\"0 0 11 32\"><path fill=\"#999\" d=\"M11.4 24v2.3q0 0.5-0.3 0.8t-0.8 0.4h-9.1q-0.5 0-0.8-0.4t-0.4-0.8v-2.3q0-0.5 0.4-0.8t0.8-0.4h1.1v-6.8h-1.1q-0.5 0-0.8-0.4t-0.4-0.8v-2.3q0-0.5 0.4-0.8t0.8-0.4h6.8q0.5 0 0.8 0.4t0.4 0.8v10.3h1.1q0.5 0 0.8 0.4t0.3 0.8zM9.2 3.4v3.4q0 0.5-0.4 0.8t-0.8 0.4h-4.6q-0.4 0-0.8-0.4t-0.4-0.8v-3.4q0-0.4 0.4-0.8t0.8-0.4h4.6q0.5 0 0.8 0.4t0.4 0.8z\"\/><\/svg><\/span><\/a><\/li><\/ul><\/div>","protected":false},"excerpt":{"rendered":"<p>Vergangenen Donnerstag erschoss ein d\u00e4nischer J\u00e4ger auf einer Dr\u00fcckjagd bei Bad Belzig (Potsdam-Mittelmark) eine W\u00f6lfin (Wolfsmonitor berichtete, hier!). Jetzt erstattete der WWF Anzeige gegen den J\u00e4ger, wie die Naturschutzorganisation nun in einer eigens dazu ver\u00f6ffentlichten Pressemeldung bekanntgab. Die Meldung im Wortlaut:<\/p>\n<div class=\"shariff shariff-align-center shariff-widget-align-center\" data-services=\"facebook%7Ctwitter\" data-url=\"https%3A%2F%2Fwolfsmonitor.de%2F%3Fp%3D11182\" data-timestamp=\"1525530066\" data-backendurl=\"?rest_route=\/shariff\/v1\/share_counts&\"><ul class=\"shariff-buttons theme-color orientation-horizontal buttonsize-small\"><li class=\"shariff-button facebook shariff-nocustomcolor\" style=\"background-color:#4273c8\"><a href=\"https:\/\/www.facebook.com\/sharer\/sharer.php?u=https%3A%2F%2Fwolfsmonitor.de%2F%3Fp%3D11182\" title=\"Bei Facebook teilen\" aria-label=\"Bei Facebook teilen\" role=\"button\" rel=\"nofollow\" class=\"shariff-link\" style=\"; background-color:#3b5998; color:#fff\" target=\"_blank\"><span class=\"shariff-icon\" style=\"\"><svg width=\"32px\" height=\"20px\" xmlns=\"http:\/\/www.w3.org\/2000\/svg\" viewBox=\"0 0 18 32\"><path fill=\"#3b5998\" d=\"M17.1 0.2v4.7h-2.8q-1.5 0-2.1 0.6t-0.5 1.9v3.4h5.2l-0.7 5.3h-4.5v13.6h-5.5v-13.6h-4.5v-5.3h4.5v-3.9q0-3.3 1.9-5.2t5-1.8q2.6 0 4.1 0.2z\"\/><\/svg><\/span><span class=\"shariff-text\">teilen<\/span>&nbsp;<span data-service=\"facebook\" style=\"color:#3b5998\" class=\"shariff-count shariff-hidezero\"><\/span>&nbsp;<\/a><\/li><li class=\"shariff-button twitter shariff-nocustomcolor\" style=\"background-color:#32bbf5\"><a href=\"https:\/\/twitter.com\/share?url=https%3A%2F%2Fwolfsmonitor.de%2F%3Fp%3D11182&text=Abgeschossener%20Wolf%20in%20Brandenburg%3A%20WWF%20stellt%20Strafanzeige%20gegen%20d%C3%A4nischen%20J%C3%A4ger\" title=\"Bei Twitter teilen\" aria-label=\"Bei Twitter teilen\" role=\"button\" rel=\"noopener nofollow\" class=\"shariff-link\" style=\"; background-color:#55acee; color:#fff\" target=\"_blank\"><span class=\"shariff-icon\" style=\"\"><svg width=\"32px\" height=\"20px\" xmlns=\"http:\/\/www.w3.org\/2000\/svg\" viewBox=\"0 0 30 32\"><path fill=\"#55acee\" d=\"M29.7 6.8q-1.2 1.8-3 3.1 0 0.3 0 0.8 0 2.5-0.7 4.9t-2.2 4.7-3.5 4-4.9 2.8-6.1 1q-5.1 0-9.3-2.7 0.6 0.1 1.5 0.1 4.3 0 7.6-2.6-2-0.1-3.5-1.2t-2.2-3q0.6 0.1 1.1 0.1 0.8 0 1.6-0.2-2.1-0.4-3.5-2.1t-1.4-3.9v-0.1q1.3 0.7 2.8 0.8-1.2-0.8-2-2.2t-0.7-2.9q0-1.7 0.8-3.1 2.3 2.8 5.5 4.5t7 1.9q-0.2-0.7-0.2-1.4 0-2.5 1.8-4.3t4.3-1.8q2.7 0 4.5 1.9 2.1-0.4 3.9-1.5-0.7 2.2-2.7 3.4 1.8-0.2 3.5-0.9z\"\/><\/svg><\/span><span class=\"shariff-text\">twittern<\/span>&nbsp;<span data-service=\"twitter\" style=\"color:#55acee\" class=\"shariff-count shariff-hidezero\"><\/span>&nbsp;<\/a><\/li><li class=\"shariff-button rss shariff-nocustomcolor\" style=\"background-color:#ff8c00\"><a href=\"https:\/\/wolfsmonitor.de\/?feed=rss\" title=\"RSS-feed\" aria-label=\"RSS-feed\" role=\"button\" class=\"shariff-link\" style=\"; background-color:#fe9312; color:#fff\" target=\"_blank\"><span class=\"shariff-icon\" style=\"\"><svg width=\"32px\" height=\"20px\" xmlns=\"http:\/\/www.w3.org\/2000\/svg\" viewBox=\"0 0 32 32\"><path fill=\"#fe9312\" d=\"M4.3 23.5c-2.3 0-4.3 1.9-4.3 4.3 0 2.3 1.9 4.2 4.3 4.2 2.4 0 4.3-1.9 4.3-4.2 0-2.3-1.9-4.3-4.3-4.3zM0 10.9v6.1c4 0 7.7 1.6 10.6 4.4 2.8 2.8 4.4 6.6 4.4 10.6h6.2c0-11.7-9.5-21.1-21.1-21.1zM0 0v6.1c14.2 0 25.8 11.6 25.8 25.9h6.2c0-17.6-14.4-32-32-32z\"\/><\/svg><\/span><span class=\"shariff-text\">RSS-feed<\/span>&nbsp;<\/a><\/li><li class=\"shariff-button mailto shariff-nocustomcolor\" style=\"background-color:#a8a8a8\"><a href=\"mailto:?body=https%3A%2F%2Fwolfsmonitor.de%2F%3Fp%3D11182&subject=Abgeschossener%20Wolf%20in%20Brandenburg%3A%20WWF%20stellt%20Strafanzeige%20gegen%20d%C3%A4nischen%20J%C3%A4ger\" title=\"Per E-Mail versenden\" aria-label=\"Per E-Mail versenden\" role=\"button\" rel=\"noopener nofollow\" class=\"shariff-link\" style=\"; background-color:#999; color:#fff\"><span class=\"shariff-icon\" style=\"\"><svg width=\"32px\" height=\"20px\" xmlns=\"http:\/\/www.w3.org\/2000\/svg\" viewBox=\"0 0 32 32\"><path fill=\"#999\" d=\"M32 12.7v14.2q0 1.2-0.8 2t-2 0.9h-26.3q-1.2 0-2-0.9t-0.8-2v-14.2q0.8 0.9 1.8 1.6 6.5 4.4 8.9 6.1 1 0.8 1.6 1.2t1.7 0.9 2 0.4h0.1q0.9 0 2-0.4t1.7-0.9 1.6-1.2q3-2.2 8.9-6.1 1-0.7 1.8-1.6zM32 7.4q0 1.4-0.9 2.7t-2.2 2.2q-6.7 4.7-8.4 5.8-0.2 0.1-0.7 0.5t-1 0.7-0.9 0.6-1.1 0.5-0.9 0.2h-0.1q-0.4 0-0.9-0.2t-1.1-0.5-0.9-0.6-1-0.7-0.7-0.5q-1.6-1.1-4.7-3.2t-3.6-2.6q-1.1-0.7-2.1-2t-1-2.5q0-1.4 0.7-2.3t2.1-0.9h26.3q1.2 0 2 0.8t0.9 2z\"\/><\/svg><\/span><span class=\"shariff-text\">E-Mail<\/span>&nbsp;<\/a><\/li><li class=\"shariff-button info shariff-nocustomcolor\" style=\"background-color:#a8a8a8\"><a href=\"http:\/\/ct.de\/-2467514\" title=\"Weitere Informationen\" aria-label=\"Weitere Informationen\" role=\"button\" rel=\"noopener \" class=\"shariff-link\" style=\"; background-color:#999; color:#fff\" target=\"_blank\"><span class=\"shariff-icon\" style=\"\"><svg width=\"32px\" height=\"20px\" xmlns=\"http:\/\/www.w3.org\/2000\/svg\" viewBox=\"0 0 11 32\"><path fill=\"#999\" d=\"M11.4 24v2.3q0 0.5-0.3 0.8t-0.8 0.4h-9.1q-0.5 0-0.8-0.4t-0.4-0.8v-2.3q0-0.5 0.4-0.8t0.8-0.4h1.1v-6.8h-1.1q-0.5 0-0.8-0.4t-0.4-0.8v-2.3q0-0.5 0.4-0.8t0.8-0.4h6.8q0.5 0 0.8 0.4t0.4 0.8v10.3h1.1q0.5 0 0.8 0.4t0.3 0.8zM9.2 3.4v3.4q0 0.5-0.4 0.8t-0.8 0.4h-4.6q-0.4 0-0.8-0.4t-0.4-0.8v-3.4q0-0.4 0.4-0.8t0.8-0.4h4.6q0.5 0 0.8 0.4t0.4 0.8z\"\/><\/svg><\/span><\/a><\/li><\/ul><\/div>","protected":false},"author":1,"featured_media":3507,"comment_status":"closed","ping_status":"open","sticky":false,"template":"","format":"standard","meta":{"spay_email":""},"categories":[2852],"tags":[1189,539,6918,2664,6926,266,6925],"jetpack_featured_media_url":"https:\/\/i0.wp.com\/wolfsmonitor.de\/wp-content\/uploads\/2016\/05\/HA-Beitragsfoto-Presseinfo-1.jpg?fit=623%2C415&ssl=1","jetpack_shortlink":"https:\/\/wp.me\/p61YbU-2Um","jetpack-related-posts":[{"id":11160,"url":"https:\/\/wolfsmonitor.de\/?p=11160","url_meta":{"origin":11182,"position":0},"title":"J\u00e4ger erschie\u00dft Wolf in Brandenburg","date":"2. November 2017","format":false,"excerpt":"Auf einer Gesellschaftsjagd in einem Brandenburger Forstrevier bei Bad Belzig (Potsdam-Mittelmark) wurde jetzt eine W\u00f6lfin von einem J\u00e4ger aus D\u00e4nemark erschossen. Der Jagdleiter habe bei der Polizei am heutigen Donnerstag Anzeige gegen den J\u00e4ger erstattet, teilte das Ministerium f\u00fcr L\u00e4ndliche Entwicklung, Umwelt und Landwirtschaft des Landes Brandenburg in Potsdam heute\u2026","rel":"","context":"In &quot;Kurzinfo&quot;","img":{"alt_text":"Wolf im Zoo Nordhorn (Foto: Vogler)","src":"https:\/\/i2.wp.com\/wolfsmonitor.de\/wp-content\/uploads\/2016\/09\/Beitragsfoto-Kurzinfo.jpg?fit=628%2C505&ssl=1&resize=350%2C200","width":350,"height":200},"classes":[]},{"id":14529,"url":"https:\/\/wolfsmonitor.de\/?p=14529","url_meta":{"origin":11182,"position":1},"title":"J\u00e4ger wegen Wolfst\u00f6tung bestraft","date":"9. August 2018","format":false,"excerpt":"Ein J\u00e4ger aus D\u00e4nemark, der im Herbst 2017 auf einer Gesellschaftsjagd in einem Brandenburger Forstrevier bei Bad Belzig (Potsdam-Mittelmark) eine W\u00f6lfin erschoss, wurde nun zu einer Geldstrafe verdonnert. Das Ermittlungsverfahren wurde damit eingestellt. Er kam mit einen \u201ehohen vierstelligen Betrag\u201c davon, so maz-online, weil er gest\u00e4ndig gewesen sei, seine Tat\u2026","rel":"","context":"In &quot;Kurzinfo&quot;","img":{"alt_text":"Wolf im Zoo Nordhorn (Foto: Vogler)","src":"https:\/\/i2.wp.com\/wolfsmonitor.de\/wp-content\/uploads\/2016\/09\/Beitragsfoto-Kurzinfo.jpg?fit=628%2C505&ssl=1&resize=350%2C200","width":350,"height":200},"classes":[]},{"id":10478,"url":"https:\/\/wolfsmonitor.de\/?p=10478","url_meta":{"origin":11182,"position":2},"title":"Emp\u00f6rung in Polen: Wisent \u201eGozubr\u201c in Deutschland erschossen","date":"16. September 2017","format":false,"excerpt":"In Polen war er angeblich so beliebt wie seinerzeit Eisb\u00e4r \u201eKnut\u201c in Berlin. Ein etwa 900 Kilogramm schwerer Wisentbulle, dem man den Spitznamen \u201eGozubr\u201c (unser Wisent) verlieh, wurde am Mittwoch ein kurzer Ausflug nach Brandenburg zum Verh\u00e4ngnis. Der Lebuser Ordnungsamtsleiter ordnete an, das streng gesch\u00fctzte Tier zu erschie\u00dfen. Zwei J\u00e4ger\u2026","rel":"","context":"In &quot;Nachrichten&quot;","img":{"alt_text":"","src":"https:\/\/i0.wp.com\/wolfsmonitor.de\/wp-content\/uploads\/2016\/11\/B-Foto-H.A.-Nachrichten-2.jpg?fit=767%2C574&ssl=1&resize=350%2C200","width":350,"height":200},"classes":[]},{"id":1545,"url":"https:\/\/wolfsmonitor.de\/?p=1545","url_meta":{"origin":11182,"position":3},"title":"3 Antworten von Torsten Fritz","date":"19. Oktober 2015","format":false,"excerpt":"Torsten Fritz (45), Mitarbeiter der Unteren Jagdbeh\u00f6rde beim Landkreis Potsdam-Mittelmark, ist J\u00e4ger, Jagdhundef\u00fchrer und gleichzeitig ehrenamtlicher Wolfsbeauftragter f\u00fcr die Region s\u00fcdwestlich von Berlin\/Potsdam. Wolfsmonitor f\u00fchrte vor dem Hintergrund einer Pressemeldung in der M\u00e4rkischen Allgemeinen vom 12. Oktober, in der davon berichtet wurde, dass die \u00f6rtlichen J\u00e4ger die Entwicklung der Wolfspopulation\u2026","rel":"","context":"In &quot;Interviews&quot;","img":{"alt_text":"","src":"https:\/\/i1.wp.com\/wolfsmonitor.de\/wp-content\/uploads\/2015\/10\/Wolfsbeauftragter-Torsten-Fritz-Foto-T.-Fritz-2.jpg?fit=206%2C245&ssl=1&resize=350%2C200","width":350,"height":200},"classes":[]},{"id":16260,"url":"https:\/\/wolfsmonitor.de\/?p=16260","url_meta":{"origin":11182,"position":4},"title":"Brandenburg: Jagdgast erschie\u00dft Wolf","date":"21. Januar 2019","format":false,"excerpt":"Ein Jagdgast aus den Niederlanden hat vergangenen Freitag bei R\u00e4digke (Landkreis Potsdam-Mittelmark) einen Wolf erschossen. Der Wolf soll zuvor mehrere Jagdhunde attackiert haben und lie\u00df sich nach Angaben des Sch\u00fctzen und eines Zeugen scheinbar nicht vertreiben. Anscheinend hatten St\u00f6berhunde zuvor Rehwildf\u00e4hrten \u201egearbeitet\u201c, obwohl Rehwild gar nicht zum Abschuss freigegeben war.\u2026","rel":"","context":"In &quot;Aktuell&quot;","img":{"alt_text":"Stehender Wolf im Tierpark Nordhorn (Foto: Vogler)","src":"https:\/\/i0.wp.com\/wolfsmonitor.de\/wp-content\/uploads\/2016\/03\/Beitragsfoto-Aktuell.jpg?fit=592%2C507&ssl=1&resize=350%2C200","width":350,"height":200},"classes":[]},{"id":6692,"url":"https:\/\/wolfsmonitor.de\/?p=6692","url_meta":{"origin":11182,"position":5},"title":"WWF schockiert \u00fcber illegale \"Jagd-Safaris\" in Bayern","date":"16. Dezember 2016","format":false,"excerpt":"Der WWF zeigt sich nach einem ARD-Film, der vergangenen Sonntag ausgestrahlt wurde, schockiert, wie es in einer Pressemeldung der Naturschutzorganisation hei\u00dft, die von Deutschlands verdr\u00e4ngtem Wilderei-Problem spricht (im Wortlaut): \"Deutschlands verdr\u00e4ngtes Wilderei-Problem\" Illegale Jagd-Safaris in Bayern und Wolfs-Serienkiller in Brandenburg: WWF legt F\u00fcnf-Punkte-Plan f\u00fcr deutsche Anti-Wilderei-Offensive vor. Fallen, Giftk\u00f6der oder\u2026","rel":"","context":"In &quot;Presseinformationen&quot;","img":{"alt_text":"Stehender Wolf im Tierpark Nordhorn (Foto: Vogler)","src":"https:\/\/i0.wp.com\/wolfsmonitor.de\/wp-content\/uploads\/2016\/03\/Beitragsfoto-Aktuell.jpg?fit=592%2C507&ssl=1&resize=350%2C200","width":350,"height":200},"classes":[]}],"_links":{"self":[{"href":"https:\/\/wolfsmonitor.de\/index.php?rest_route=\/wp\/v2\/posts\/11182"}],"collection":[{"href":"https:\/\/wolfsmonitor.de\/index.php?rest_route=\/wp\/v2\/posts"}],"about":[{"href":"https:\/\/wolfsmonitor.de\/index.php?rest_route=\/wp\/v2\/types\/post"}],"author":[{"embeddable":true,"href":"https:\/\/wolfsmonitor.de\/index.php?rest_route=\/wp\/v2\/users\/1"}],"replies":[{"embeddable":true,"href":"https:\/\/wolfsmonitor.de\/index.php?rest_route=%2Fwp%2Fv2%2Fcomments&post=11182"}],"version-history":[{"count":1,"href":"https:\/\/wolfsmonitor.de\/index.php?rest_route=\/wp\/v2\/posts\/11182\/revisions"}],"predecessor-version":[{"id":11183,"href":"https:\/\/wolfsmonitor.de\/index.php?rest_route=\/wp\/v2\/posts\/11182\/revisions\/11183"}],"wp:featuredmedia":[{"embeddable":true,"href":"https:\/\/wolfsmonitor.de\/index.php?rest_route=\/wp\/v2\/media\/3507"}],"wp:attachment":[{"href":"https:\/\/wolfsmonitor.de\/index.php?rest_route=%2Fwp%2Fv2%2Fmedia&parent=11182"}],"wp:term":[{"taxonomy":"category","embeddable":true,"href":"https:\/\/wolfsmonitor.de\/index.php?rest_route=%2Fwp%2Fv2%2Fcategories&post=11182"},{"taxonomy":"post_tag","embeddable":true,"href":"https:\/\/wolfsmonitor.de\/index.php?rest_route=%2Fwp%2Fv2%2Ftags&post=11182"}],"curies":[{"name":"wp","href":"https:\/\/api.w.org\/{rel}","templated":true}]}}