{"id":12320,"date":"2018-01-28T16:06:38","date_gmt":"2018-01-28T14:06:38","guid":{"rendered":"http:\/\/wolfsmonitor.de\/?p=12320"},"modified":"2018-05-05T14:20:40","modified_gmt":"2018-05-05T12:20:40","slug":"beim-zorn-des-schwarzwaelders-dann-fliegen-kugeln-nicht-auf-den-wolf-sondern-auf-menschen","status":"publish","type":"post","link":"https:\/\/wolfsmonitor.de\/?p=12320","title":{"rendered":"Beim Zorn des Schwarzw\u00e4lders: \u201eDann fliegen Kugeln&#8230;nicht auf den Wolf, sondern auf Menschen!\u201c"},"content":{"rendered":"<p><strong>Bei einer \u00f6ffentlichen Veranstaltung der SPD-Bundestagsabgeordneten Saskia Esken letzten Donnerstag in ihrem Wahlkreis 280 (Calw\/Freudenstadt) kam es laut <em>&#8222;Schwarzw\u00e4lder Bote&#8220;<\/em> offenbar zu einem Eklat. Der Pr\u00e4sident eines Interessensverbands ergriff das Wort und forderte, die Politik solle endlich etwas gegen die R\u00fcckkehr der W\u00f6lfe unternehmen.<\/strong><!--more--><\/p>\n<p>Ansonsten, und ab hier zitiere ich wortw\u00f6rtlich, <em>\u2026\u201cm\u00fcsse man mit dem Zorn des Schwarzw\u00e4lders rechnen.&#8220; Dann fliegen Kugeln! Und nicht auf den Wolf, sondern auf Menschen. Ich w\u00fcrde es nicht bef\u00fcrworten, aber ich habe Verst\u00e4ndnis daf\u00fcr&#8220;<\/em>, zitierte Esken den Verbands-Vertreter in einem Facebook-Beitrag.<\/p>\n<p>&#8222;So etwas kann man nicht einfach im Raum stehen lassen\u201c, findet (nicht nur) die Bundestagsabgeordnete. Wer Esken jene denkw\u00fcrdigen S\u00e4tze an den Kopf warf, will die Abgeordnete \u00fcbrigens nicht verraten.<\/p>\n<p>Das wiederum kann man durchaus inkonsequent finden. Passt aber offensichtlich in diese Zeit.<\/p>\n<p>Den vollst\u00e4ndigen Beitrag des &#8222;<em>Schwarzw\u00e4lder Boten&#8220;<\/em> k\u00f6nnen Sie unter <a href=\"https:\/\/www.schwarzwaelder-bote.de\/inhalt.nordschwarzwald-eskaliert-debatte-um-rueckkehr-des-wolfs.8c09b4d4-7f4e-4484-8e03-3a63e4ba61e9.html\" target=\"_blank\" rel=\"noopener\"><span style=\"color: #0000ff;\">Nutzung dieses Links aufrufen!<\/span><\/a><\/p>\n<hr \/>\n<p><em><u>Quelle:<\/u><\/em> <em>Schwarzw\u00e4lder Bote: \u201eEskaliert Debatte um R\u00fcckkehr des Wolfs?\u201c von Regina Schwenk am 26.01.2018, abgerufen am 28.1.2018<\/em><\/p>\n<hr \/>\n<p><em>Beitragsfoto: Heiko Anders, <a href=\"http:\/\/www.andersfotografiert.com\" target=\"_blank\" rel=\"noopener\"><span style=\"color: #0000ff;\">www.andersfotografiert.com<\/span><\/a><\/em><\/p>\n<p><em>(Anmerkung: F\u00fcr die Richtigkeit der Angaben und Inhalte der verlinkten Webseiten wird keinerlei Gew\u00e4hr \u00fcbernommen)<\/em><\/p>\n<p>&nbsp;<\/p>\n<p>&nbsp;<\/p>\n<div class=\"shariff shariff-align-center shariff-widget-align-center\" data-services=\"facebook%7Ctwitter\" data-url=\"https%3A%2F%2Fwolfsmonitor.de%2F%3Fp%3D12320\" data-timestamp=\"1525530040\" data-backendurl=\"?rest_route=\/shariff\/v1\/share_counts&\"><ul class=\"shariff-buttons theme-color orientation-horizontal buttonsize-small\"><li class=\"shariff-button facebook shariff-nocustomcolor\" style=\"background-color:#4273c8\"><a href=\"https:\/\/www.facebook.com\/sharer\/sharer.php?u=https%3A%2F%2Fwolfsmonitor.de%2F%3Fp%3D12320\" title=\"Bei Facebook teilen\" aria-label=\"Bei Facebook teilen\" role=\"button\" rel=\"nofollow\" class=\"shariff-link\" style=\"; background-color:#3b5998; color:#fff\" target=\"_blank\"><span class=\"shariff-icon\" style=\"\"><svg width=\"32px\" height=\"20px\" xmlns=\"http:\/\/www.w3.org\/2000\/svg\" viewBox=\"0 0 18 32\"><path fill=\"#3b5998\" d=\"M17.1 0.2v4.7h-2.8q-1.5 0-2.1 0.6t-0.5 1.9v3.4h5.2l-0.7 5.3h-4.5v13.6h-5.5v-13.6h-4.5v-5.3h4.5v-3.9q0-3.3 1.9-5.2t5-1.8q2.6 0 4.1 0.2z\"\/><\/svg><\/span><span class=\"shariff-text\">teilen<\/span>&nbsp;<span data-service=\"facebook\" style=\"color:#3b5998\" class=\"shariff-count shariff-hidezero\"><\/span>&nbsp;<\/a><\/li><li class=\"shariff-button twitter shariff-nocustomcolor\" style=\"background-color:#32bbf5\"><a href=\"https:\/\/twitter.com\/share?url=https%3A%2F%2Fwolfsmonitor.de%2F%3Fp%3D12320&text=Beim%20Zorn%20des%20Schwarzw%C3%A4lders%3A%20%E2%80%9EDann%20fliegen%20Kugeln%E2%80%A6nicht%20auf%20den%20Wolf%2C%20sondern%20auf%20Menschen%21%E2%80%9C\" title=\"Bei Twitter teilen\" aria-label=\"Bei Twitter teilen\" role=\"button\" rel=\"noopener nofollow\" class=\"shariff-link\" style=\"; background-color:#55acee; color:#fff\" target=\"_blank\"><span class=\"shariff-icon\" style=\"\"><svg width=\"32px\" height=\"20px\" xmlns=\"http:\/\/www.w3.org\/2000\/svg\" viewBox=\"0 0 30 32\"><path fill=\"#55acee\" d=\"M29.7 6.8q-1.2 1.8-3 3.1 0 0.3 0 0.8 0 2.5-0.7 4.9t-2.2 4.7-3.5 4-4.9 2.8-6.1 1q-5.1 0-9.3-2.7 0.6 0.1 1.5 0.1 4.3 0 7.6-2.6-2-0.1-3.5-1.2t-2.2-3q0.6 0.1 1.1 0.1 0.8 0 1.6-0.2-2.1-0.4-3.5-2.1t-1.4-3.9v-0.1q1.3 0.7 2.8 0.8-1.2-0.8-2-2.2t-0.7-2.9q0-1.7 0.8-3.1 2.3 2.8 5.5 4.5t7 1.9q-0.2-0.7-0.2-1.4 0-2.5 1.8-4.3t4.3-1.8q2.7 0 4.5 1.9 2.1-0.4 3.9-1.5-0.7 2.2-2.7 3.4 1.8-0.2 3.5-0.9z\"\/><\/svg><\/span><span class=\"shariff-text\">twittern<\/span>&nbsp;<span data-service=\"twitter\" style=\"color:#55acee\" class=\"shariff-count shariff-hidezero\"><\/span>&nbsp;<\/a><\/li><li class=\"shariff-button rss shariff-nocustomcolor\" style=\"background-color:#ff8c00\"><a href=\"https:\/\/wolfsmonitor.de\/?feed=rss\" title=\"RSS-feed\" aria-label=\"RSS-feed\" role=\"button\" class=\"shariff-link\" style=\"; background-color:#fe9312; color:#fff\" target=\"_blank\"><span class=\"shariff-icon\" style=\"\"><svg width=\"32px\" height=\"20px\" xmlns=\"http:\/\/www.w3.org\/2000\/svg\" viewBox=\"0 0 32 32\"><path fill=\"#fe9312\" d=\"M4.3 23.5c-2.3 0-4.3 1.9-4.3 4.3 0 2.3 1.9 4.2 4.3 4.2 2.4 0 4.3-1.9 4.3-4.2 0-2.3-1.9-4.3-4.3-4.3zM0 10.9v6.1c4 0 7.7 1.6 10.6 4.4 2.8 2.8 4.4 6.6 4.4 10.6h6.2c0-11.7-9.5-21.1-21.1-21.1zM0 0v6.1c14.2 0 25.8 11.6 25.8 25.9h6.2c0-17.6-14.4-32-32-32z\"\/><\/svg><\/span><span class=\"shariff-text\">RSS-feed<\/span>&nbsp;<\/a><\/li><li class=\"shariff-button mailto shariff-nocustomcolor\" style=\"background-color:#a8a8a8\"><a href=\"mailto:?body=https%3A%2F%2Fwolfsmonitor.de%2F%3Fp%3D12320&subject=Beim%20Zorn%20des%20Schwarzw%C3%A4lders%3A%20%E2%80%9EDann%20fliegen%20Kugeln%E2%80%A6nicht%20auf%20den%20Wolf%2C%20sondern%20auf%20Menschen%21%E2%80%9C\" title=\"Per E-Mail versenden\" aria-label=\"Per E-Mail versenden\" role=\"button\" rel=\"noopener nofollow\" class=\"shariff-link\" style=\"; background-color:#999; color:#fff\"><span class=\"shariff-icon\" style=\"\"><svg width=\"32px\" height=\"20px\" xmlns=\"http:\/\/www.w3.org\/2000\/svg\" viewBox=\"0 0 32 32\"><path fill=\"#999\" d=\"M32 12.7v14.2q0 1.2-0.8 2t-2 0.9h-26.3q-1.2 0-2-0.9t-0.8-2v-14.2q0.8 0.9 1.8 1.6 6.5 4.4 8.9 6.1 1 0.8 1.6 1.2t1.7 0.9 2 0.4h0.1q0.9 0 2-0.4t1.7-0.9 1.6-1.2q3-2.2 8.9-6.1 1-0.7 1.8-1.6zM32 7.4q0 1.4-0.9 2.7t-2.2 2.2q-6.7 4.7-8.4 5.8-0.2 0.1-0.7 0.5t-1 0.7-0.9 0.6-1.1 0.5-0.9 0.2h-0.1q-0.4 0-0.9-0.2t-1.1-0.5-0.9-0.6-1-0.7-0.7-0.5q-1.6-1.1-4.7-3.2t-3.6-2.6q-1.1-0.7-2.1-2t-1-2.5q0-1.4 0.7-2.3t2.1-0.9h26.3q1.2 0 2 0.8t0.9 2z\"\/><\/svg><\/span><span class=\"shariff-text\">E-Mail<\/span>&nbsp;<\/a><\/li><li class=\"shariff-button info shariff-nocustomcolor\" style=\"background-color:#a8a8a8\"><a href=\"http:\/\/ct.de\/-2467514\" title=\"Weitere Informationen\" aria-label=\"Weitere Informationen\" role=\"button\" rel=\"noopener \" class=\"shariff-link\" style=\"; background-color:#999; color:#fff\" target=\"_blank\"><span class=\"shariff-icon\" style=\"\"><svg width=\"32px\" height=\"20px\" xmlns=\"http:\/\/www.w3.org\/2000\/svg\" viewBox=\"0 0 11 32\"><path fill=\"#999\" d=\"M11.4 24v2.3q0 0.5-0.3 0.8t-0.8 0.4h-9.1q-0.5 0-0.8-0.4t-0.4-0.8v-2.3q0-0.5 0.4-0.8t0.8-0.4h1.1v-6.8h-1.1q-0.5 0-0.8-0.4t-0.4-0.8v-2.3q0-0.5 0.4-0.8t0.8-0.4h6.8q0.5 0 0.8 0.4t0.4 0.8v10.3h1.1q0.5 0 0.8 0.4t0.3 0.8zM9.2 3.4v3.4q0 0.5-0.4 0.8t-0.8 0.4h-4.6q-0.4 0-0.8-0.4t-0.4-0.8v-3.4q0-0.4 0.4-0.8t0.8-0.4h4.6q0.5 0 0.8 0.4t0.4 0.8z\"\/><\/svg><\/span><\/a><\/li><\/ul><\/div>","protected":false},"excerpt":{"rendered":"<p>Bei einer \u00f6ffentlichen Veranstaltung der SPD-Bundestagsabgeordneten Saskia Esken letzten Donnerstag in ihrem Wahlkreis 280 (Calw\/Freudenstadt) kam es laut &#8222;Schwarzw\u00e4lder Bote&#8220; offenbar zu einem Eklat. Der Pr\u00e4sident eines Interessensverbands ergriff das Wort und forderte, die Politik solle endlich etwas gegen die R\u00fcckkehr der W\u00f6lfe unternehmen.<\/p>\n<div class=\"shariff shariff-align-center shariff-widget-align-center\" data-services=\"facebook%7Ctwitter\" data-url=\"https%3A%2F%2Fwolfsmonitor.de%2F%3Fp%3D12320\" data-timestamp=\"1525530040\" data-backendurl=\"?rest_route=\/shariff\/v1\/share_counts&\"><ul class=\"shariff-buttons theme-color orientation-horizontal buttonsize-small\"><li class=\"shariff-button facebook shariff-nocustomcolor\" style=\"background-color:#4273c8\"><a href=\"https:\/\/www.facebook.com\/sharer\/sharer.php?u=https%3A%2F%2Fwolfsmonitor.de%2F%3Fp%3D12320\" title=\"Bei Facebook teilen\" aria-label=\"Bei Facebook teilen\" role=\"button\" rel=\"nofollow\" class=\"shariff-link\" style=\"; background-color:#3b5998; color:#fff\" target=\"_blank\"><span class=\"shariff-icon\" style=\"\"><svg width=\"32px\" height=\"20px\" xmlns=\"http:\/\/www.w3.org\/2000\/svg\" viewBox=\"0 0 18 32\"><path fill=\"#3b5998\" d=\"M17.1 0.2v4.7h-2.8q-1.5 0-2.1 0.6t-0.5 1.9v3.4h5.2l-0.7 5.3h-4.5v13.6h-5.5v-13.6h-4.5v-5.3h4.5v-3.9q0-3.3 1.9-5.2t5-1.8q2.6 0 4.1 0.2z\"\/><\/svg><\/span><span class=\"shariff-text\">teilen<\/span>&nbsp;<span data-service=\"facebook\" style=\"color:#3b5998\" class=\"shariff-count shariff-hidezero\"><\/span>&nbsp;<\/a><\/li><li class=\"shariff-button twitter shariff-nocustomcolor\" style=\"background-color:#32bbf5\"><a href=\"https:\/\/twitter.com\/share?url=https%3A%2F%2Fwolfsmonitor.de%2F%3Fp%3D12320&text=Beim%20Zorn%20des%20Schwarzw%C3%A4lders%3A%20%E2%80%9EDann%20fliegen%20Kugeln%E2%80%A6nicht%20auf%20den%20Wolf%2C%20sondern%20auf%20Menschen%21%E2%80%9C\" title=\"Bei Twitter teilen\" aria-label=\"Bei Twitter teilen\" role=\"button\" rel=\"noopener nofollow\" class=\"shariff-link\" style=\"; background-color:#55acee; color:#fff\" target=\"_blank\"><span class=\"shariff-icon\" style=\"\"><svg width=\"32px\" height=\"20px\" xmlns=\"http:\/\/www.w3.org\/2000\/svg\" viewBox=\"0 0 30 32\"><path fill=\"#55acee\" d=\"M29.7 6.8q-1.2 1.8-3 3.1 0 0.3 0 0.8 0 2.5-0.7 4.9t-2.2 4.7-3.5 4-4.9 2.8-6.1 1q-5.1 0-9.3-2.7 0.6 0.1 1.5 0.1 4.3 0 7.6-2.6-2-0.1-3.5-1.2t-2.2-3q0.6 0.1 1.1 0.1 0.8 0 1.6-0.2-2.1-0.4-3.5-2.1t-1.4-3.9v-0.1q1.3 0.7 2.8 0.8-1.2-0.8-2-2.2t-0.7-2.9q0-1.7 0.8-3.1 2.3 2.8 5.5 4.5t7 1.9q-0.2-0.7-0.2-1.4 0-2.5 1.8-4.3t4.3-1.8q2.7 0 4.5 1.9 2.1-0.4 3.9-1.5-0.7 2.2-2.7 3.4 1.8-0.2 3.5-0.9z\"\/><\/svg><\/span><span class=\"shariff-text\">twittern<\/span>&nbsp;<span data-service=\"twitter\" style=\"color:#55acee\" class=\"shariff-count shariff-hidezero\"><\/span>&nbsp;<\/a><\/li><li class=\"shariff-button rss shariff-nocustomcolor\" style=\"background-color:#ff8c00\"><a href=\"https:\/\/wolfsmonitor.de\/?feed=rss\" title=\"RSS-feed\" aria-label=\"RSS-feed\" role=\"button\" class=\"shariff-link\" style=\"; background-color:#fe9312; color:#fff\" target=\"_blank\"><span class=\"shariff-icon\" style=\"\"><svg width=\"32px\" height=\"20px\" xmlns=\"http:\/\/www.w3.org\/2000\/svg\" viewBox=\"0 0 32 32\"><path fill=\"#fe9312\" d=\"M4.3 23.5c-2.3 0-4.3 1.9-4.3 4.3 0 2.3 1.9 4.2 4.3 4.2 2.4 0 4.3-1.9 4.3-4.2 0-2.3-1.9-4.3-4.3-4.3zM0 10.9v6.1c4 0 7.7 1.6 10.6 4.4 2.8 2.8 4.4 6.6 4.4 10.6h6.2c0-11.7-9.5-21.1-21.1-21.1zM0 0v6.1c14.2 0 25.8 11.6 25.8 25.9h6.2c0-17.6-14.4-32-32-32z\"\/><\/svg><\/span><span class=\"shariff-text\">RSS-feed<\/span>&nbsp;<\/a><\/li><li class=\"shariff-button mailto shariff-nocustomcolor\" style=\"background-color:#a8a8a8\"><a href=\"mailto:?body=https%3A%2F%2Fwolfsmonitor.de%2F%3Fp%3D12320&subject=Beim%20Zorn%20des%20Schwarzw%C3%A4lders%3A%20%E2%80%9EDann%20fliegen%20Kugeln%E2%80%A6nicht%20auf%20den%20Wolf%2C%20sondern%20auf%20Menschen%21%E2%80%9C\" title=\"Per E-Mail versenden\" aria-label=\"Per E-Mail versenden\" role=\"button\" rel=\"noopener nofollow\" class=\"shariff-link\" style=\"; background-color:#999; color:#fff\"><span class=\"shariff-icon\" style=\"\"><svg width=\"32px\" height=\"20px\" xmlns=\"http:\/\/www.w3.org\/2000\/svg\" viewBox=\"0 0 32 32\"><path fill=\"#999\" d=\"M32 12.7v14.2q0 1.2-0.8 2t-2 0.9h-26.3q-1.2 0-2-0.9t-0.8-2v-14.2q0.8 0.9 1.8 1.6 6.5 4.4 8.9 6.1 1 0.8 1.6 1.2t1.7 0.9 2 0.4h0.1q0.9 0 2-0.4t1.7-0.9 1.6-1.2q3-2.2 8.9-6.1 1-0.7 1.8-1.6zM32 7.4q0 1.4-0.9 2.7t-2.2 2.2q-6.7 4.7-8.4 5.8-0.2 0.1-0.7 0.5t-1 0.7-0.9 0.6-1.1 0.5-0.9 0.2h-0.1q-0.4 0-0.9-0.2t-1.1-0.5-0.9-0.6-1-0.7-0.7-0.5q-1.6-1.1-4.7-3.2t-3.6-2.6q-1.1-0.7-2.1-2t-1-2.5q0-1.4 0.7-2.3t2.1-0.9h26.3q1.2 0 2 0.8t0.9 2z\"\/><\/svg><\/span><span class=\"shariff-text\">E-Mail<\/span>&nbsp;<\/a><\/li><li class=\"shariff-button info shariff-nocustomcolor\" style=\"background-color:#a8a8a8\"><a href=\"http:\/\/ct.de\/-2467514\" title=\"Weitere Informationen\" aria-label=\"Weitere Informationen\" role=\"button\" rel=\"noopener \" class=\"shariff-link\" style=\"; background-color:#999; color:#fff\" target=\"_blank\"><span class=\"shariff-icon\" style=\"\"><svg width=\"32px\" height=\"20px\" xmlns=\"http:\/\/www.w3.org\/2000\/svg\" viewBox=\"0 0 11 32\"><path fill=\"#999\" d=\"M11.4 24v2.3q0 0.5-0.3 0.8t-0.8 0.4h-9.1q-0.5 0-0.8-0.4t-0.4-0.8v-2.3q0-0.5 0.4-0.8t0.8-0.4h1.1v-6.8h-1.1q-0.5 0-0.8-0.4t-0.4-0.8v-2.3q0-0.5 0.4-0.8t0.8-0.4h6.8q0.5 0 0.8 0.4t0.4 0.8v10.3h1.1q0.5 0 0.8 0.4t0.3 0.8zM9.2 3.4v3.4q0 0.5-0.4 0.8t-0.8 0.4h-4.6q-0.4 0-0.8-0.4t-0.4-0.8v-3.4q0-0.4 0.4-0.8t0.8-0.4h4.6q0.5 0 0.8 0.4t0.4 0.8z\"\/><\/svg><\/span><\/a><\/li><\/ul><\/div>","protected":false},"author":1,"featured_media":9758,"comment_status":"closed","ping_status":"open","sticky":false,"template":"","format":"standard","meta":{"spay_email":""},"categories":[126],"tags":[7251,7252,7253,7250,43,224,7249],"jetpack_featured_media_url":"https:\/\/i2.wp.com\/wolfsmonitor.de\/wp-content\/uploads\/2017\/07\/Beitragsfoto-Heiko-Anders-Aufgelesen-3-Juli-2017.jpg?fit=712%2C415&ssl=1","jetpack_shortlink":"https:\/\/wp.me\/p61YbU-3cI","jetpack-related-posts":[{"id":2228,"url":"https:\/\/wolfsmonitor.de\/?p=2228","url_meta":{"origin":12320,"position":0},"title":"Jogger durch Wolf verletzt + Update!","date":"13. Januar 2016","format":false,"excerpt":"Update 22:00 Uhr: In einem Beitrag des Senders NDR \u00e4u\u00dferte Staatssekret\u00e4rin Almut Kottwitz am Abend, dass man im nieders\u00e4chsischen Umweltministerium bezweifele, dass es sich bei dem dargestellten Vorfall um W\u00f6lfe gehandelt habe (*2). Das Erscheinungsbild der Tiere deute nicht auf W\u00f6lfe sondern auf Hunde hin. Das w\u00fcrde erkl\u00e4ren, warum der\u2026","rel":"","context":"In &quot;Die Wolfsampel&quot;","img":{"alt_text":"","src":"","width":0,"height":0},"classes":[]},{"id":3963,"url":"https:\/\/wolfsmonitor.de\/?p=3963","url_meta":{"origin":12320,"position":1},"title":"Und wer r\u00e4umt die Scherben weg?","date":"19. Juni 2016","format":false,"excerpt":"Ich f\u00fchle mich gerade an die M\u00e4rchenstunden meiner Kindheit erinnert. Warum? Weil ich mir einerseits heute im ZDF die Ulli-Rothaus-Reportage \u201eDer Wolf vor der Haust\u00fcr\u201c angesehen und mir andererseits (bereits heute Nachmittag) einige schriftliche Reaktionen auf die Zeilen des NOZ-Redakteurs Klaus Wieschemeyer vom 10. Juni herausgesucht habe. Seine Artikel\u00fcberschrift in\u2026","rel":"","context":"In &quot;Standpunkte&quot;","img":{"alt_text":"Wolf im Tierpark Nordhorn","src":"https:\/\/i0.wp.com\/wolfsmonitor.de\/wp-content\/uploads\/2015\/07\/Foto-Kommentar-2.jpg?fit=586%2C513&ssl=1&resize=350%2C200","width":350,"height":200},"classes":[]},{"id":6568,"url":"https:\/\/wolfsmonitor.de\/?p=6568","url_meta":{"origin":12320,"position":2},"title":"Petra Ahne: \"In den Augen der t\u00f6dlich verletzten W\u00f6lfin erlosch ein wildes gr\u00fcnes Feuer\"...","date":"10. Dezember 2016","format":false,"excerpt":"...\"Wildtiermanagement ist vergleichsweise einfach\", hat ein Mann namens Aldo Leopold vor etwa achtzig Jahren gesagt. \"Die Menschen zu managen ist das Schwere.\" Der amerikanische Forstwissenschaftler Leopold gilt als der Begr\u00fcnder des Wildtiermanagements, also des Versuchs, die Bed\u00fcrfnisse wildlebender Tiere mit denen der Menschen in Einklang zu bringen. Was ihn vor\u2026","rel":"","context":"In &quot;Einsichten&quot;","img":{"alt_text":"Wolf im Tierpark Nordhorn","src":"https:\/\/i2.wp.com\/wolfsmonitor.de\/wp-content\/uploads\/2015\/07\/Foto-Einsichten.jpg?fit=629%2C503&ssl=1&resize=350%2C200","width":350,"height":200},"classes":[]},{"id":7353,"url":"https:\/\/wolfsmonitor.de\/?p=7353","url_meta":{"origin":12320,"position":3},"title":"Zur Bewilligung eines Wolfsabschusses in Sachsen","date":"20. Januar 2017","format":false,"excerpt":"Nach MT6 alias Kurti soll in Deutschland zum zweiten mal ein Wolf legal abgeschossen werden. Vergangenes Fr\u00fchjahr habe ich hier auf Wolfsmonitor mein Verst\u00e4ndnis f\u00fcr den Abschuss von MT6 ge\u00e4ussert (hier!). Das ist zwar bei vielen Wolfsfreunden nicht auf Gegenliebe gestossen, aber ich stehe dazu, dass ich auch den Abschuss\u2026","rel":"","context":"In &quot;Gastkolumne&quot;","img":{"alt_text":"David Gerke, Pr\u00e4sident Gruppe Wolf Schweiz (Foto: privat)","src":"https:\/\/i2.wp.com\/wolfsmonitor.de\/wp-content\/uploads\/2016\/03\/Kolumnenbild-David-Gerke-2.jpg?fit=626%2C521&ssl=1&resize=350%2C200","width":350,"height":200},"classes":[]},{"id":1028,"url":"https:\/\/wolfsmonitor.de\/?p=1028","url_meta":{"origin":12320,"position":4},"title":"3 Antworten von Tanja Askani","date":"6. August 2015","format":false,"excerpt":"Tanja Askani, international anerkannte Wolfsexpertin und durch die Medien und ihre zahlreichen Vortr\u00e4ge bekannt, betreut mehrere Wolfsrudel im Wildpark L\u00fcneburger Heide. Sie befasst sich bereits seit fr\u00fchester Kindheit mit Wildtieren, pflegte als Falknerin verletzte Greifv\u00f6gel und legte 1998 mit der von ihr aufgezogenen W\u00f6lfin \u201eFlocke\u201c den Grundstein f\u00fcr ihr erstes\u2026","rel":"","context":"In &quot;Interviews&quot;","img":{"alt_text":"","src":"https:\/\/i0.wp.com\/wolfsmonitor.de\/wp-content\/uploads\/2015\/08\/Wolfsmonitor-Foto-zum-Interview-mit-Tanja-Askani.jpg?fit=788%2C511&ssl=1&resize=350%2C200","width":350,"height":200},"classes":[]},{"id":434,"url":"https:\/\/wolfsmonitor.de\/?p=434","url_meta":{"origin":12320,"position":5},"title":"Auf der Suche nach \u201eechten Wolfsexperten\u201c","date":"3. Mai 2015","format":false,"excerpt":"Erst einmal: Ich respektiere Elli H. Radinger f\u00fcr ihren pers\u00f6nlichen Einsatz zum Schutz der W\u00f6lfe. Die ehemalige Rechtsanw\u00e4ltin ist f\u00fcr viele Menschen in Deutschland au\u00dferdem ein Vorbild darin, das Leben nicht zu tr\u00e4umen sondern seinen Traum zu leben. Dennoch bin ich gerade etwas irritiert. Ich las soeben ein Interview auf\u2026","rel":"","context":"In &quot;Standpunkte&quot;","img":{"alt_text":"Wolf im Tierpark Nordhorn","src":"https:\/\/i1.wp.com\/wolfsmonitor.de\/wp-content\/uploads\/2015\/04\/WM-Kommentar.jpg?fit=512%2C442&ssl=1&resize=350%2C200","width":350,"height":200},"classes":[]}],"_links":{"self":[{"href":"https:\/\/wolfsmonitor.de\/index.php?rest_route=\/wp\/v2\/posts\/12320"}],"collection":[{"href":"https:\/\/wolfsmonitor.de\/index.php?rest_route=\/wp\/v2\/posts"}],"about":[{"href":"https:\/\/wolfsmonitor.de\/index.php?rest_route=\/wp\/v2\/types\/post"}],"author":[{"embeddable":true,"href":"https:\/\/wolfsmonitor.de\/index.php?rest_route=\/wp\/v2\/users\/1"}],"replies":[{"embeddable":true,"href":"https:\/\/wolfsmonitor.de\/index.php?rest_route=%2Fwp%2Fv2%2Fcomments&post=12320"}],"version-history":[{"count":5,"href":"https:\/\/wolfsmonitor.de\/index.php?rest_route=\/wp\/v2\/posts\/12320\/revisions"}],"predecessor-version":[{"id":12325,"href":"https:\/\/wolfsmonitor.de\/index.php?rest_route=\/wp\/v2\/posts\/12320\/revisions\/12325"}],"wp:featuredmedia":[{"embeddable":true,"href":"https:\/\/wolfsmonitor.de\/index.php?rest_route=\/wp\/v2\/media\/9758"}],"wp:attachment":[{"href":"https:\/\/wolfsmonitor.de\/index.php?rest_route=%2Fwp%2Fv2%2Fmedia&parent=12320"}],"wp:term":[{"taxonomy":"category","embeddable":true,"href":"https:\/\/wolfsmonitor.de\/index.php?rest_route=%2Fwp%2Fv2%2Fcategories&post=12320"},{"taxonomy":"post_tag","embeddable":true,"href":"https:\/\/wolfsmonitor.de\/index.php?rest_route=%2Fwp%2Fv2%2Ftags&post=12320"}],"curies":[{"name":"wp","href":"https:\/\/api.w.org\/{rel}","templated":true}]}}