{"id":12748,"date":"2018-03-05T20:35:24","date_gmt":"2018-03-05T18:35:24","guid":{"rendered":"http:\/\/wolfsmonitor.de\/?p=12748"},"modified":"2018-05-05T14:20:37","modified_gmt":"2018-05-05T12:20:37","slug":"mecklenburg-vorpommern-verbleib-des-luebtheener-rudels-derzeit-unklar","status":"publish","type":"post","link":"https:\/\/wolfsmonitor.de\/?p=12748","title":{"rendered":"Mecklenburg-Vorpommern: Verbleib des L\u00fcbtheener Rudels derzeit unklar"},"content":{"rendered":"<p><strong>Das Ministerium f\u00fcr Landwirtschaft und Umwelt in Mecklenburg-Vorpommern (LM) informiert:<\/strong><\/p>\n<div class=\"dvz-contenttype-pagetitle element element_100\">\n<h4><strong>&#8222;Wolfsrudel teilen Territorien neu auf&#8220;<\/strong><\/h4>\n<p><strong>&#8222;Bei den in Mecklenburg-Vorpommern siedelnden Wolfsrudeln gibt es offenbar Ver\u00e4nderungen hinsichtlich der Aufteilung der Territorien. Aktuell sind in Mecklenburg-Vorpommern zwei Wolfsrudel als dauerhaft ans\u00e4ssig nachgewiesen, und zwar in der Kali\u00dfer Heide und <\/strong><strong>der Ueckerm\u00fcnder Heide.<\/strong><\/p>\n<p><!--more--><\/p>\n<p>&nbsp;<\/p>\n<p>Ein drittes Rudel hat sich in der Retzow-J\u00e4nnersdorfer Heide etabliert und lebt grenz\u00fcbergreifend in Gebieten Mecklenburg-Vorpommerns und Brandenburgs. Ein weiteres Rudel, das in der brandenburgischen Kyritz-Ruppiner Heide ans\u00e4ssig ist, erstreckt seinen Aktionsradius in geringem Ma\u00dfe auch auf Mecklenburg-Vorpommern.<\/p>\n<\/div>\n<div class=\"element dvz-contenttype-presseserviceassistent element_100\">\n<div class=\"absatz\">\n<p>Das Kali\u00dfer Rudel hat im Sommer 2017 seinen Lebensschwerpunkt auf die L\u00fcbtheener Heide ausgedehnt. Aktuellen Telemetriedaten zufolge nutzt das Rudel die Lebensr\u00e4ume der L\u00fcbtheener Heide und der Kali\u00dfer Heide bis weit nach Brandenburg hinein. F\u00fcr dieses Rudel konnten 2017 vier Welpen nachgewiesen werden (Quelle: Bundesforstbetrieb Trave &#8211; Bundesanstalt f\u00fcr Immobilienaufgaben).<\/p>\n<p>Der Verbleib des bisherigen L\u00fcbtheener Rudels ist derzeit ungekl\u00e4rt. Anfang 2017 konnte der seit 2007 in der L\u00fcbtheener Heide lebende, mindestens 12-j\u00e4hrige R\u00fcde letztmalig anhand von Fotofallenbildern dokumentiert werden. Die beiden besenderten J\u00e4hrlingsf\u00e4hen des Rudels, WF2 Naya und WF3 Emma, sind abgewandert; seit Mai 2017 wurden sie nicht mehr in der L\u00fcbtheener Heide nachgewiesen. Zu dem aktuellen Status der Elterntiere des L\u00fcbtheener Rudels liegen keine Hinweise vor.<\/p>\n<p>Das bereits seit 2014 in der Ueckerm\u00fcnder Heide lebende Wolfsrudel hat im Jahr 2017 mindestens 6 Welpen gro\u00dfgezogen (Quelle: Bundesforstbetrieb Vorpommern-Strelitz \u2013 Bundesanstalt f\u00fcr Immobilienaufgaben). Die Peildaten von 2 besenderten W\u00f6lfen dieses Rudels belegen, dass der Aktionsraum des Rudels zu etwa einem Drittel in Polen liegt.<\/p>\n<p>In der Retzow-J\u00e4nnersdorfer Heide zwischen Mecklenburg-Vorpommern und Brandenburg entstanden im Fr\u00fchjahr 2017 Fotofallenaufnahmen einer Wolfsf\u00e4he mit Ges\u00e4uge (Quelle: Brandenburger Wolfsmonitoring). Ende 2017 gelangen dem Wolfsbetreuer der Landesforstanstalt dann Fotofallenbilder von 3 Welpen. Sie belegen die erfolgreiche Reproduktion und damit ein neues Rudel im Grenzbereich zwischen Mecklenburg-Vorpommern und Brandenburg.<\/p>\n<p>Der bereits seit vielen Jahren in der Kyritz-Ruppiner Heide in Brandenburg ans\u00e4ssige Wolfsr\u00fcde hat inzwischen eine Partnerin gefunden; seither gelingen nur noch selten Nachweise seines Rudels auf dem Gebiet Mecklenburg-Vorpommerns.<\/p>\n<p>\u00dcber die genannten Rudelterritorien hinaus k\u00f6nnen f\u00fcr Mecklenburg-Vorpommern zwei Wolfspaare und ein residenter Einzelwolf best\u00e4tigt werden. Die Karte (Link unten) zeigt die aktuell bekannten Wolfsvorkommen in Mecklenburg-Vorpommern sowie weitere Vorkommen in den angrenzenden Regionen der L\u00e4nder Brandenburg und Niedersachsen.<\/p>\n<p>Mittels Fotofallen konnte im Forstamt Jasnitz und in der Nossentiner Heide jeweils ein markierendes Wolfspaar durch die Landesforstanstalt dokumentiert werden.<\/p>\n<p>Im M\u00fcritz-Nationalpark gelang Nationalparkmitarbeitern der genetische Nachweis eines weiblichen Wolfes aus dem Nieskyer Rudel in der Lausitz. Die Nachweise im Januar und Dezember 2017 belegen, dass es sich um einen residenten Einzelwolf handelt.<\/p>\n<p>F\u00fcr weitere R\u00e4ume in M-V, in denen mehrfach Wolfsnachweise gelangen, wurde nach nationalen Monitoringstandards der Status \u201eunklar\u201c vergeben, da die Nachweise f\u00fcr die Best\u00e4tigung von residenten Einzelw\u00f6lfen oder -paaren nicht ausreichten: Von den beiden im Raum Rothem\u00fchl bereits genetisch best\u00e4tigten W\u00f6lfen liegen keine weiteren Nachweise vor. Auf dem Dar\u00df, im Forstamt Schildfeld und im Raum L\u00f6cknitz gibt es Hinweise auf residente Einzelw\u00f6lfe. Die Best\u00e4tigung, dass diese Tiere mindestens sechs Monate anwesend sind und somit als residente Vorkommen bezeichnet werden k\u00f6nnen, steht aber noch aus.<\/p>\n<p><em>\u201eDie aktuellen Monitoring-Ergebnisse zeigen, dass die Etablierung der Wolfspopulation einer gro\u00dfen Dynamik unterworfen ist. Umso wichtiger ist es, dass Bund und L\u00e4nder die Arbeit an einem bundeseinheitlichen Wolfsmanagement intensiv fortsetzen. Daran werden wir auch 2018 zielstrebig arbeiten\u201c<\/em>, so Minister Backhaus.<\/p>\n<p>Wer das Wolfsmonitoring unterst\u00fctzen m\u00f6chte, kann Belege f\u00fcr konkrete Beobachtungen an das Landesamt f\u00fcr Umwelt, Naturschutz und Geologie (LUNG) oder den Fachbereich Forstzoologie der TU Dresden weitergeben. Die <a href=\"http:\/\/wolf-mv.de\/pages\/monitoring.html\" target=\"_blank\" rel=\"noopener\"><span style=\"color: #0000ff;\">Kontaktdaten<\/span><\/a> k\u00f6nnen auf der Internetseite<span style=\"color: #0000ff;\"> <a style=\"color: #0000ff;\" href=\"http:\/\/www.wolf-mv.de\/\" target=\"_blank\" rel=\"noopener\">www.wolf-mv.de<\/a><\/span> unter dem Stichwort \u201eMonitoring\u201c abgerufen werden. Dort besteht auch die M\u00f6glichkeit, Wolfsbeobachtungen, Spuren, Losungen oder Risse online mitzuteilen. Kontaktformular unter: <a href=\"http:\/\/wolf-mv.de\/pages\/eingabe.html\" target=\"_blank\" rel=\"noopener\"><span style=\"color: #0000ff;\">http:\/\/wolf-mv.de\/pages\/eingabe.html<\/span><\/a><\/p>\n<p>Im Jahr 2017 leistete das Land MV Kompensationszahlungen an Tierhalter in H\u00f6he von etwa 15.700 Euro. Landesweit waren 28 \u00dcbergriffe auf Nutztiere registriert worden, bei denen ein Wolf als Verursacher festgestellt oder nicht ausgeschlossen werden konnte. Dabei wurden 66 Tiere get\u00f6tet und 22 Tiere verletzt.<\/p>\n<p>Seit Jahresbeginn 2018 wurden 4 \u00dcbergriffe auf Nutztiere registriert, bei denen ein Wolf als Verursacher nicht ausgeschlossen werden konnte. Der vorbeugende Herdenschutz wurde im Jahre 2017 mit etwa 138 Tausend Euro und im Jahre 2018 bislang mit etwa 32 Tausend Euro gef\u00f6rdert.&#8220;<\/p>\n<hr \/>\n<p><em>Quelle: Ministerium f\u00fcr Landwirtschaft und Umwelt in Mecklenburg-Vorpommern, www.regierung-mv.de, PM-Nr. 056\/ 2018\u00a0 vom <span class=\"dtstart\">05.03.2018<\/span>: &#8222;Wolfsrudel aus MV teilen Territorien neu au<\/em>f<em>\u201c<span class=\"dtstart\">, <\/span>abgerufen am 5.3.2018,<a href=\"https:\/\/www.regierung-mv.de\/Landesregierung\/lm\/Service\/Presse\/Aktuelle-Pressemitteilungen?id=136019&amp;processor=processor.sa.pressemitteilung&amp;sa.pressemitteilung.sperrfrist=alle\" target=\"_blank\" rel=\"noopener\"><span style=\"color: #0000ff;\"> hier der Link!<\/span><\/a><\/em><\/p>\n<hr \/>\n<p><em>Beitragsfoto: Heiko Anders, <a href=\"http:\/\/www.andersfotografiert.com\" target=\"_blank\" rel=\"noopener\"><span style=\"color: #0000ff;\">www.andersfotografiert.com<\/span><\/a><\/em><\/p>\n<hr \/>\n<p class=\"ox-8fa0bdae36-MsoNormal\"><em>(Anmerkung: F\u00fcr die Richtigkeit der Angaben und Inhalte der verlinkten Webseiten wird keinerlei Gew\u00e4hr \u00fcbernommen)<\/em><\/p>\n<\/div>\n<\/div>\n<div class=\"shariff shariff-align-center shariff-widget-align-center\" data-services=\"facebook%7Ctwitter\" data-url=\"https%3A%2F%2Fwolfsmonitor.de%2F%3Fp%3D12748\" data-timestamp=\"1525530037\" data-backendurl=\"?rest_route=\/shariff\/v1\/share_counts&\"><ul class=\"shariff-buttons theme-color orientation-horizontal buttonsize-small\"><li class=\"shariff-button facebook shariff-nocustomcolor\" style=\"background-color:#4273c8\"><a href=\"https:\/\/www.facebook.com\/sharer\/sharer.php?u=https%3A%2F%2Fwolfsmonitor.de%2F%3Fp%3D12748\" title=\"Bei Facebook teilen\" aria-label=\"Bei Facebook teilen\" role=\"button\" rel=\"nofollow\" class=\"shariff-link\" style=\"; background-color:#3b5998; color:#fff\" target=\"_blank\"><span class=\"shariff-icon\" style=\"\"><svg width=\"32px\" height=\"20px\" xmlns=\"http:\/\/www.w3.org\/2000\/svg\" viewBox=\"0 0 18 32\"><path fill=\"#3b5998\" d=\"M17.1 0.2v4.7h-2.8q-1.5 0-2.1 0.6t-0.5 1.9v3.4h5.2l-0.7 5.3h-4.5v13.6h-5.5v-13.6h-4.5v-5.3h4.5v-3.9q0-3.3 1.9-5.2t5-1.8q2.6 0 4.1 0.2z\"\/><\/svg><\/span><span class=\"shariff-text\">teilen<\/span>&nbsp;<span data-service=\"facebook\" style=\"color:#3b5998\" class=\"shariff-count shariff-hidezero\"><\/span>&nbsp;<\/a><\/li><li class=\"shariff-button twitter shariff-nocustomcolor\" style=\"background-color:#32bbf5\"><a href=\"https:\/\/twitter.com\/share?url=https%3A%2F%2Fwolfsmonitor.de%2F%3Fp%3D12748&text=Mecklenburg-Vorpommern%3A%20Verbleib%20des%20L%C3%BCbtheener%20Rudels%20derzeit%20unklar\" title=\"Bei Twitter teilen\" aria-label=\"Bei Twitter teilen\" role=\"button\" rel=\"noopener nofollow\" class=\"shariff-link\" style=\"; background-color:#55acee; color:#fff\" target=\"_blank\"><span class=\"shariff-icon\" style=\"\"><svg width=\"32px\" height=\"20px\" xmlns=\"http:\/\/www.w3.org\/2000\/svg\" viewBox=\"0 0 30 32\"><path fill=\"#55acee\" d=\"M29.7 6.8q-1.2 1.8-3 3.1 0 0.3 0 0.8 0 2.5-0.7 4.9t-2.2 4.7-3.5 4-4.9 2.8-6.1 1q-5.1 0-9.3-2.7 0.6 0.1 1.5 0.1 4.3 0 7.6-2.6-2-0.1-3.5-1.2t-2.2-3q0.6 0.1 1.1 0.1 0.8 0 1.6-0.2-2.1-0.4-3.5-2.1t-1.4-3.9v-0.1q1.3 0.7 2.8 0.8-1.2-0.8-2-2.2t-0.7-2.9q0-1.7 0.8-3.1 2.3 2.8 5.5 4.5t7 1.9q-0.2-0.7-0.2-1.4 0-2.5 1.8-4.3t4.3-1.8q2.7 0 4.5 1.9 2.1-0.4 3.9-1.5-0.7 2.2-2.7 3.4 1.8-0.2 3.5-0.9z\"\/><\/svg><\/span><span class=\"shariff-text\">twittern<\/span>&nbsp;<span data-service=\"twitter\" style=\"color:#55acee\" class=\"shariff-count shariff-hidezero\"><\/span>&nbsp;<\/a><\/li><li class=\"shariff-button rss shariff-nocustomcolor\" style=\"background-color:#ff8c00\"><a href=\"https:\/\/wolfsmonitor.de\/?feed=rss\" title=\"RSS-feed\" aria-label=\"RSS-feed\" role=\"button\" class=\"shariff-link\" style=\"; background-color:#fe9312; color:#fff\" target=\"_blank\"><span class=\"shariff-icon\" style=\"\"><svg width=\"32px\" height=\"20px\" xmlns=\"http:\/\/www.w3.org\/2000\/svg\" viewBox=\"0 0 32 32\"><path fill=\"#fe9312\" d=\"M4.3 23.5c-2.3 0-4.3 1.9-4.3 4.3 0 2.3 1.9 4.2 4.3 4.2 2.4 0 4.3-1.9 4.3-4.2 0-2.3-1.9-4.3-4.3-4.3zM0 10.9v6.1c4 0 7.7 1.6 10.6 4.4 2.8 2.8 4.4 6.6 4.4 10.6h6.2c0-11.7-9.5-21.1-21.1-21.1zM0 0v6.1c14.2 0 25.8 11.6 25.8 25.9h6.2c0-17.6-14.4-32-32-32z\"\/><\/svg><\/span><span class=\"shariff-text\">RSS-feed<\/span>&nbsp;<\/a><\/li><li class=\"shariff-button mailto shariff-nocustomcolor\" style=\"background-color:#a8a8a8\"><a href=\"mailto:?body=https%3A%2F%2Fwolfsmonitor.de%2F%3Fp%3D12748&subject=Mecklenburg-Vorpommern%3A%20Verbleib%20des%20L%C3%BCbtheener%20Rudels%20derzeit%20unklar\" title=\"Per E-Mail versenden\" aria-label=\"Per E-Mail versenden\" role=\"button\" rel=\"noopener nofollow\" class=\"shariff-link\" style=\"; background-color:#999; color:#fff\"><span class=\"shariff-icon\" style=\"\"><svg width=\"32px\" height=\"20px\" xmlns=\"http:\/\/www.w3.org\/2000\/svg\" viewBox=\"0 0 32 32\"><path fill=\"#999\" d=\"M32 12.7v14.2q0 1.2-0.8 2t-2 0.9h-26.3q-1.2 0-2-0.9t-0.8-2v-14.2q0.8 0.9 1.8 1.6 6.5 4.4 8.9 6.1 1 0.8 1.6 1.2t1.7 0.9 2 0.4h0.1q0.9 0 2-0.4t1.7-0.9 1.6-1.2q3-2.2 8.9-6.1 1-0.7 1.8-1.6zM32 7.4q0 1.4-0.9 2.7t-2.2 2.2q-6.7 4.7-8.4 5.8-0.2 0.1-0.7 0.5t-1 0.7-0.9 0.6-1.1 0.5-0.9 0.2h-0.1q-0.4 0-0.9-0.2t-1.1-0.5-0.9-0.6-1-0.7-0.7-0.5q-1.6-1.1-4.7-3.2t-3.6-2.6q-1.1-0.7-2.1-2t-1-2.5q0-1.4 0.7-2.3t2.1-0.9h26.3q1.2 0 2 0.8t0.9 2z\"\/><\/svg><\/span><span class=\"shariff-text\">E-Mail<\/span>&nbsp;<\/a><\/li><li class=\"shariff-button info shariff-nocustomcolor\" style=\"background-color:#a8a8a8\"><a href=\"http:\/\/ct.de\/-2467514\" title=\"Weitere Informationen\" aria-label=\"Weitere Informationen\" role=\"button\" rel=\"noopener \" class=\"shariff-link\" style=\"; background-color:#999; color:#fff\" target=\"_blank\"><span class=\"shariff-icon\" style=\"\"><svg width=\"32px\" height=\"20px\" xmlns=\"http:\/\/www.w3.org\/2000\/svg\" viewBox=\"0 0 11 32\"><path fill=\"#999\" d=\"M11.4 24v2.3q0 0.5-0.3 0.8t-0.8 0.4h-9.1q-0.5 0-0.8-0.4t-0.4-0.8v-2.3q0-0.5 0.4-0.8t0.8-0.4h1.1v-6.8h-1.1q-0.5 0-0.8-0.4t-0.4-0.8v-2.3q0-0.5 0.4-0.8t0.8-0.4h6.8q0.5 0 0.8 0.4t0.4 0.8v10.3h1.1q0.5 0 0.8 0.4t0.3 0.8zM9.2 3.4v3.4q0 0.5-0.4 0.8t-0.8 0.4h-4.6q-0.4 0-0.8-0.4t-0.4-0.8v-3.4q0-0.4 0.4-0.8t0.8-0.4h4.6q0.5 0 0.8 0.4t0.4 0.8z\"\/><\/svg><\/span><\/a><\/li><\/ul><\/div>","protected":false},"excerpt":{"rendered":"<p>Das Ministerium f\u00fcr Landwirtschaft und Umwelt in Mecklenburg-Vorpommern (LM) informiert: &#8222;Wolfsrudel teilen Territorien neu auf&#8220; &#8222;Bei den in Mecklenburg-Vorpommern siedelnden Wolfsrudeln gibt es offenbar Ver\u00e4nderungen hinsichtlich der Aufteilung der Territorien. Aktuell sind in Mecklenburg-Vorpommern zwei Wolfsrudel als dauerhaft ans\u00e4ssig nachgewiesen, und zwar in der Kali\u00dfer Heide und der Ueckerm\u00fcnder Heide.<\/p>\n<div class=\"shariff shariff-align-center shariff-widget-align-center\" data-services=\"facebook%7Ctwitter\" data-url=\"https%3A%2F%2Fwolfsmonitor.de%2F%3Fp%3D12748\" data-timestamp=\"1525530037\" data-backendurl=\"?rest_route=\/shariff\/v1\/share_counts&\"><ul class=\"shariff-buttons theme-color orientation-horizontal buttonsize-small\"><li class=\"shariff-button facebook shariff-nocustomcolor\" style=\"background-color:#4273c8\"><a href=\"https:\/\/www.facebook.com\/sharer\/sharer.php?u=https%3A%2F%2Fwolfsmonitor.de%2F%3Fp%3D12748\" title=\"Bei Facebook teilen\" aria-label=\"Bei Facebook teilen\" role=\"button\" rel=\"nofollow\" class=\"shariff-link\" style=\"; background-color:#3b5998; color:#fff\" target=\"_blank\"><span class=\"shariff-icon\" style=\"\"><svg width=\"32px\" height=\"20px\" xmlns=\"http:\/\/www.w3.org\/2000\/svg\" viewBox=\"0 0 18 32\"><path fill=\"#3b5998\" d=\"M17.1 0.2v4.7h-2.8q-1.5 0-2.1 0.6t-0.5 1.9v3.4h5.2l-0.7 5.3h-4.5v13.6h-5.5v-13.6h-4.5v-5.3h4.5v-3.9q0-3.3 1.9-5.2t5-1.8q2.6 0 4.1 0.2z\"\/><\/svg><\/span><span class=\"shariff-text\">teilen<\/span>&nbsp;<span data-service=\"facebook\" style=\"color:#3b5998\" class=\"shariff-count shariff-hidezero\"><\/span>&nbsp;<\/a><\/li><li class=\"shariff-button twitter shariff-nocustomcolor\" style=\"background-color:#32bbf5\"><a href=\"https:\/\/twitter.com\/share?url=https%3A%2F%2Fwolfsmonitor.de%2F%3Fp%3D12748&text=Mecklenburg-Vorpommern%3A%20Verbleib%20des%20L%C3%BCbtheener%20Rudels%20derzeit%20unklar\" title=\"Bei Twitter teilen\" aria-label=\"Bei Twitter teilen\" role=\"button\" rel=\"noopener nofollow\" class=\"shariff-link\" style=\"; background-color:#55acee; color:#fff\" target=\"_blank\"><span class=\"shariff-icon\" style=\"\"><svg width=\"32px\" height=\"20px\" xmlns=\"http:\/\/www.w3.org\/2000\/svg\" viewBox=\"0 0 30 32\"><path fill=\"#55acee\" d=\"M29.7 6.8q-1.2 1.8-3 3.1 0 0.3 0 0.8 0 2.5-0.7 4.9t-2.2 4.7-3.5 4-4.9 2.8-6.1 1q-5.1 0-9.3-2.7 0.6 0.1 1.5 0.1 4.3 0 7.6-2.6-2-0.1-3.5-1.2t-2.2-3q0.6 0.1 1.1 0.1 0.8 0 1.6-0.2-2.1-0.4-3.5-2.1t-1.4-3.9v-0.1q1.3 0.7 2.8 0.8-1.2-0.8-2-2.2t-0.7-2.9q0-1.7 0.8-3.1 2.3 2.8 5.5 4.5t7 1.9q-0.2-0.7-0.2-1.4 0-2.5 1.8-4.3t4.3-1.8q2.7 0 4.5 1.9 2.1-0.4 3.9-1.5-0.7 2.2-2.7 3.4 1.8-0.2 3.5-0.9z\"\/><\/svg><\/span><span class=\"shariff-text\">twittern<\/span>&nbsp;<span data-service=\"twitter\" style=\"color:#55acee\" class=\"shariff-count shariff-hidezero\"><\/span>&nbsp;<\/a><\/li><li class=\"shariff-button rss shariff-nocustomcolor\" style=\"background-color:#ff8c00\"><a href=\"https:\/\/wolfsmonitor.de\/?feed=rss\" title=\"RSS-feed\" aria-label=\"RSS-feed\" role=\"button\" class=\"shariff-link\" style=\"; background-color:#fe9312; color:#fff\" target=\"_blank\"><span class=\"shariff-icon\" style=\"\"><svg width=\"32px\" height=\"20px\" xmlns=\"http:\/\/www.w3.org\/2000\/svg\" viewBox=\"0 0 32 32\"><path fill=\"#fe9312\" d=\"M4.3 23.5c-2.3 0-4.3 1.9-4.3 4.3 0 2.3 1.9 4.2 4.3 4.2 2.4 0 4.3-1.9 4.3-4.2 0-2.3-1.9-4.3-4.3-4.3zM0 10.9v6.1c4 0 7.7 1.6 10.6 4.4 2.8 2.8 4.4 6.6 4.4 10.6h6.2c0-11.7-9.5-21.1-21.1-21.1zM0 0v6.1c14.2 0 25.8 11.6 25.8 25.9h6.2c0-17.6-14.4-32-32-32z\"\/><\/svg><\/span><span class=\"shariff-text\">RSS-feed<\/span>&nbsp;<\/a><\/li><li class=\"shariff-button mailto shariff-nocustomcolor\" style=\"background-color:#a8a8a8\"><a href=\"mailto:?body=https%3A%2F%2Fwolfsmonitor.de%2F%3Fp%3D12748&subject=Mecklenburg-Vorpommern%3A%20Verbleib%20des%20L%C3%BCbtheener%20Rudels%20derzeit%20unklar\" title=\"Per E-Mail versenden\" aria-label=\"Per E-Mail versenden\" role=\"button\" rel=\"noopener nofollow\" class=\"shariff-link\" style=\"; background-color:#999; color:#fff\"><span class=\"shariff-icon\" style=\"\"><svg width=\"32px\" height=\"20px\" xmlns=\"http:\/\/www.w3.org\/2000\/svg\" viewBox=\"0 0 32 32\"><path fill=\"#999\" d=\"M32 12.7v14.2q0 1.2-0.8 2t-2 0.9h-26.3q-1.2 0-2-0.9t-0.8-2v-14.2q0.8 0.9 1.8 1.6 6.5 4.4 8.9 6.1 1 0.8 1.6 1.2t1.7 0.9 2 0.4h0.1q0.9 0 2-0.4t1.7-0.9 1.6-1.2q3-2.2 8.9-6.1 1-0.7 1.8-1.6zM32 7.4q0 1.4-0.9 2.7t-2.2 2.2q-6.7 4.7-8.4 5.8-0.2 0.1-0.7 0.5t-1 0.7-0.9 0.6-1.1 0.5-0.9 0.2h-0.1q-0.4 0-0.9-0.2t-1.1-0.5-0.9-0.6-1-0.7-0.7-0.5q-1.6-1.1-4.7-3.2t-3.6-2.6q-1.1-0.7-2.1-2t-1-2.5q0-1.4 0.7-2.3t2.1-0.9h26.3q1.2 0 2 0.8t0.9 2z\"\/><\/svg><\/span><span class=\"shariff-text\">E-Mail<\/span>&nbsp;<\/a><\/li><li class=\"shariff-button info shariff-nocustomcolor\" style=\"background-color:#a8a8a8\"><a href=\"http:\/\/ct.de\/-2467514\" title=\"Weitere Informationen\" aria-label=\"Weitere Informationen\" role=\"button\" rel=\"noopener \" class=\"shariff-link\" style=\"; background-color:#999; color:#fff\" target=\"_blank\"><span class=\"shariff-icon\" style=\"\"><svg width=\"32px\" height=\"20px\" xmlns=\"http:\/\/www.w3.org\/2000\/svg\" viewBox=\"0 0 11 32\"><path fill=\"#999\" d=\"M11.4 24v2.3q0 0.5-0.3 0.8t-0.8 0.4h-9.1q-0.5 0-0.8-0.4t-0.4-0.8v-2.3q0-0.5 0.4-0.8t0.8-0.4h1.1v-6.8h-1.1q-0.5 0-0.8-0.4t-0.4-0.8v-2.3q0-0.5 0.4-0.8t0.8-0.4h6.8q0.5 0 0.8 0.4t0.4 0.8v10.3h1.1q0.5 0 0.8 0.4t0.3 0.8zM9.2 3.4v3.4q0 0.5-0.4 0.8t-0.8 0.4h-4.6q-0.4 0-0.8-0.4t-0.4-0.8v-3.4q0-0.4 0.4-0.8t0.8-0.4h4.6q0.5 0 0.8 0.4t0.4 0.8z\"\/><\/svg><\/span><\/a><\/li><\/ul><\/div>","protected":false},"author":1,"featured_media":3507,"comment_status":"closed","ping_status":"open","sticky":false,"template":"","format":"standard","meta":{"spay_email":""},"categories":[2852],"tags":[7182,2883,7390,4448,4246,1119,7387,1526,7385,3739,7383,7384,4508,6404,5344,7386,2882,7382,7388,7389,43,105,93],"jetpack_featured_media_url":"https:\/\/i0.wp.com\/wolfsmonitor.de\/wp-content\/uploads\/2016\/05\/HA-Beitragsfoto-Presseinfo-1.jpg?fit=623%2C415&ssl=1","jetpack_shortlink":"https:\/\/wp.me\/p61YbU-3jC","jetpack-related-posts":[{"id":7598,"url":"https:\/\/wolfsmonitor.de\/?p=7598","url_meta":{"origin":12748,"position":0},"title":"Mecklenburg-Vorpommern: Fotofalle weist drittes Wolfsrudel in der Kali\u00dfer Heide nach","date":"1. Februar 2017","format":false,"excerpt":"Nach den seit 2014 bestehenden Wolfsrudeln in der L\u00fcbtheener und der Ueckerm\u00fcnder Heide ist das nun in der Kali\u00dfer Heide nachgewiesene weitere Wolfsrudel das dritte Rudel, das in Mecklenburg-Vorpommern lebt. Die vollst\u00e4ndige Pressemitteilung des Ministeriums f\u00fcr Landwirtschaft und Umwelt in Mecklenburg-Vorpommern (LU) vom 31.1.2017 dazu lautet: Drittes Wolfsrudel in M-V\u2026","rel":"","context":"In &quot;Presseinformationen&quot;","img":{"alt_text":"Foto: Naturfotograf Heiko Anders","src":"https:\/\/i2.wp.com\/wolfsmonitor.de\/wp-content\/uploads\/2016\/05\/HA-Beitragsfoto-Presseinfo-2.jpg?fit=627%2C410&ssl=1&resize=350%2C200","width":350,"height":200},"classes":[]},{"id":4703,"url":"https:\/\/wolfsmonitor.de\/?p=4703","url_meta":{"origin":12748,"position":1},"title":"Mecklenburg-Vorpommern: Wolfsnachwuchs in L\u00fcbtheener Heide best\u00e4tigt","date":"20. August 2016","format":false,"excerpt":"Das Ministerium f\u00fcr Landwirtschaft, Umwelt und Verbraucherschutz in Mecklenburg-Vorpommern informiert im Rahmen einer Pressemitteilung vom 16. August (im Wortlaut): \"Wolfsnachwuchs in L\u00fcbtheener Heide durch Fotofallenbilder best\u00e4tigt\" \"Das Wolfsrudel in der L\u00fcbtheener Heide hat Nachwuchs bekommen. Im Rahmen des Wolfsmonitorings des Bundesforstbetriebes Trave der Bundesanstalt f\u00fcr Immobilienaufgaben in Kooperation mit der\u2026","rel":"","context":"In &quot;Presseinformationen&quot;","img":{"alt_text":"Foto: Naturfotograf Heiko Anders","src":"https:\/\/i2.wp.com\/wolfsmonitor.de\/wp-content\/uploads\/2016\/05\/HA-Beitragsfoto-Presseinfo-2.jpg?fit=627%2C410&ssl=1&resize=350%2C200","width":350,"height":200},"classes":[]},{"id":5659,"url":"https:\/\/wolfsmonitor.de\/?p=5659","url_meta":{"origin":12748,"position":2},"title":"Meck-Pomm: 4 Welpen in der L\u00fcbtheener Heide, 3 in der Ueckerm\u00fcnder Heide nachgewiesen","date":"25. Oktober 2016","format":false,"excerpt":"Das Ministerium f\u00fcr Landwirtschaft, Umwelt und Verbraucherschutz in Mecklenburg-Vorpommern informiert im Rahmen einer Pressemitteilung vom 24. Oktober (im Wortlaut): 7 Wolfswelpen in Fotofalle getappt Die in Mecklenburg-Vorpommern bekannten Wolfsrudel haben erfolgreich Nachwuchs gro\u00dfgezogen. Auf der Naturerbe-Bundesfl\u00e4che L\u00fcbtheener Heide best\u00e4tigen Fotofallenbilder 4 Welpen, in der Ueckerm\u00fcnder Heide wurden 3 Welpen nachgewiesen.\u2026","rel":"","context":"In &quot;Presseinformationen&quot;","img":{"alt_text":"Foto: Naturfotograf Heiko Anders","src":"https:\/\/i0.wp.com\/wolfsmonitor.de\/wp-content\/uploads\/2016\/05\/HA-Beitragsfoto-Presseinfo-1.jpg?fit=623%2C415&ssl=1&resize=350%2C200","width":350,"height":200},"classes":[]},{"id":6663,"url":"https:\/\/wolfsmonitor.de\/?p=6663","url_meta":{"origin":12748,"position":3},"title":"Mecklenburg-Vorpommern:  Dritter Wolf mit Peilsender ausgestattet","date":"15. Dezember 2016","format":false,"excerpt":"Das Ministerium f\u00fcr Landwirtschaft und Umwelt in Mecklenburg-Vorpommern (LU) informiert im Rahmen einer Pressemitteilung vom 14. Dezember (im Wortlaut): \"Aller guten Dinge sind drei: Wolfsf\u00e4he Emma mit Peilsender ausgestattet\" In Mecklenburg-Vorpommern tragen mittlerweile drei W\u00f6lfe einen Peilsender. Im Oktober 2015 gelang es erstmals, den m\u00e4nnlichen Wolfswelpen \u201eArno\u201c aus dem Rudel\u2026","rel":"","context":"In &quot;Presseinformationen&quot;","img":{"alt_text":"Foto: Naturfotograf Heiko Anders","src":"https:\/\/i2.wp.com\/wolfsmonitor.de\/wp-content\/uploads\/2016\/05\/HA-Beitragsfoto-Presseinfo-2.jpg?fit=627%2C410&ssl=1&resize=350%2C200","width":350,"height":200},"classes":[]},{"id":6094,"url":"https:\/\/wolfsmonitor.de\/?p=6094","url_meta":{"origin":12748,"position":4},"title":"Mecklenburg-Vorpommern: Wolfswelpe \"Naya\" hat jetzt einen Peilsender","date":"19. November 2016","format":false,"excerpt":"Das Ministerium f\u00fcr Landwirtschaft und Umwelt in Mecklenburg-Vorpommern (LU) informiert im Rahmen einer Pressemitteilung vom 16. November (im Wortlaut): \"Weiblicher Wolfswelpe mit Peilsender best\u00fcckt\" \"In Mecklenburg-Vorpommern konnte erneut ein Wolfswelpe erfolgreich besendert werden. Nachdem es im Oktober 2015 erstmals gelang, einen m\u00e4nnlichen Welpen (\u201eArno\u201c) aus dem Rudel in der L\u00fcbtheener\u2026","rel":"","context":"In &quot;Presseinformationen&quot;","img":{"alt_text":"Foto: Naturfotograf Heiko Anders","src":"https:\/\/i2.wp.com\/wolfsmonitor.de\/wp-content\/uploads\/2016\/05\/HA-Beitragsfoto-Presseinfo-2.jpg?fit=627%2C410&ssl=1&resize=350%2C200","width":350,"height":200},"classes":[]},{"id":9378,"url":"https:\/\/wolfsmonitor.de\/?p=9378","url_meta":{"origin":12748,"position":5},"title":"Seit 2007: 57.000\u20ac Schadenssumme f\u00fcr vermeintliche \"Wolfssch\u00e4den\" in Mecklenburg-Vorpommern","date":"22. Juni 2017","format":false,"excerpt":"Das Ministerium f\u00fcr Landwirtschaft und Umwelt in Mecklenburg-Vorpommern (LM) informierte gestern (21. Juni 2017, im Wortlaut): \u201eLand will Bauern im Zusammenhang mit dem nat\u00fcrlichen Wiederauftreten des Wolfes unterst\u00fctzen\u201c Nr. 195\/2017 vom 21.06.2017 - Ministerium f\u00fcr Landwirtschaft und Umwelt (LM) Die Angst vor dem Wolf w\u00e4chst vor allem in l\u00e4ndlichen Gebieten.\u2026","rel":"","context":"In &quot;Presseinformationen&quot;","img":{"alt_text":"Foto: Naturfotograf Heiko Anders","src":"https:\/\/i2.wp.com\/wolfsmonitor.de\/wp-content\/uploads\/2016\/05\/HA-Beitragsfoto-Presseinfo-2.jpg?fit=627%2C410&ssl=1&resize=350%2C200","width":350,"height":200},"classes":[]}],"_links":{"self":[{"href":"https:\/\/wolfsmonitor.de\/index.php?rest_route=\/wp\/v2\/posts\/12748"}],"collection":[{"href":"https:\/\/wolfsmonitor.de\/index.php?rest_route=\/wp\/v2\/posts"}],"about":[{"href":"https:\/\/wolfsmonitor.de\/index.php?rest_route=\/wp\/v2\/types\/post"}],"author":[{"embeddable":true,"href":"https:\/\/wolfsmonitor.de\/index.php?rest_route=\/wp\/v2\/users\/1"}],"replies":[{"embeddable":true,"href":"https:\/\/wolfsmonitor.de\/index.php?rest_route=%2Fwp%2Fv2%2Fcomments&post=12748"}],"version-history":[{"count":3,"href":"https:\/\/wolfsmonitor.de\/index.php?rest_route=\/wp\/v2\/posts\/12748\/revisions"}],"predecessor-version":[{"id":12751,"href":"https:\/\/wolfsmonitor.de\/index.php?rest_route=\/wp\/v2\/posts\/12748\/revisions\/12751"}],"wp:featuredmedia":[{"embeddable":true,"href":"https:\/\/wolfsmonitor.de\/index.php?rest_route=\/wp\/v2\/media\/3507"}],"wp:attachment":[{"href":"https:\/\/wolfsmonitor.de\/index.php?rest_route=%2Fwp%2Fv2%2Fmedia&parent=12748"}],"wp:term":[{"taxonomy":"category","embeddable":true,"href":"https:\/\/wolfsmonitor.de\/index.php?rest_route=%2Fwp%2Fv2%2Fcategories&post=12748"},{"taxonomy":"post_tag","embeddable":true,"href":"https:\/\/wolfsmonitor.de\/index.php?rest_route=%2Fwp%2Fv2%2Ftags&post=12748"}],"curies":[{"name":"wp","href":"https:\/\/api.w.org\/{rel}","templated":true}]}}