{"id":13237,"date":"2018-04-16T20:51:24","date_gmt":"2018-04-16T18:51:24","guid":{"rendered":"http:\/\/wolfsmonitor.de\/?p=13237"},"modified":"2018-05-05T14:20:34","modified_gmt":"2018-05-05T12:20:34","slug":"bruessel-aenderung-im-eu-rechtsrahmen-in-bezug-auf-den-wolf-zeitnah-nicht-zu-erwarten","status":"publish","type":"post","link":"https:\/\/wolfsmonitor.de\/?p=13237","title":{"rendered":"Br\u00fcssel: \u00c4nderung im EU-Rechtsrahmen in Bezug auf den Wolf zeitnah nicht zu erwarten"},"content":{"rendered":"<p><strong>Wer es &#8211; wie nun der nieders\u00e4chsische CDU-Landtagsabgeordnete Thiemo R\u00f6hler \u2013 \u00f6ffentlich als \u201epositive Entwicklung\u201c bezeichnet und es ausdr\u00fccklich \u201ebegr\u00fc\u00dft\u201c, dass im Umweltministerium von Olaf Lies scheinbar gerade daran gearbeitet wird, die rechtlichen M\u00f6glichkeiten zur &#8222;Entnahme&#8220; (T\u00f6tung) von W\u00f6lfen voll aussch\u00f6pfen zu k\u00f6nnen\u201c, sollte sich bei dieser Formulierung nicht wundern, wenn sich ein Teil der \u201eWolfsgemeinde\u201c dar\u00fcber echauffiert. <\/strong><!--more--><\/p>\n<p>Den Shitstorm, den der Landtagsabgeordnete infolge dessen gerade auf seiner Facebook-Seite ertragen muss, hat er &#8211; so d\u00fcrften es viele von ihnen sehen &#8211; damit quasi selbst provoziert. (*1\/2)<\/p>\n<p>Schon beim letztj\u00e4hrigen Landtagswahlkampf in Niedersachsen agierte R\u00f6hler beim Thema Wolf gl\u00fccklos. Seine Aktion <em>\u201eKeine W\u00f6lfe an den Deichen! \u2013 Am 15.10. Thiemo R\u00f6hler w\u00e4hlen\u201c<\/em> endete damit, dass er von 41.4 % der Erstimmen im Jahr 2013 auf ganze 29.9 % abrutschte und sich nur noch \u00fcber einen Listenplatz in den Landtag retten konnte (mehr dazu <span style=\"color: #0000ff;\"><a style=\"color: #0000ff;\" href=\"https:\/\/wolfsmonitor.de\/?p=10896\" target=\"_blank\" rel=\"noopener\">hier!<\/a><\/span>).<\/p>\n<p>In Br\u00fcssel scheint man den \u00fcberzogenen Bem\u00fchungen so manch eines \u201eangehenden Wolfsregulierers\u201c in Deutschland derweil jedoch nicht so recht nachgeben zu wollen.<\/p>\n<p>Auf einer Veranstaltung in der Landesvertretung Sachsen-Anhalts am 12. April in Br\u00fcssel zum Thema <em>\u201eDer Wolf: Gekommen, um zu bleiben\u201c<\/em> stellte Nicola Notaro als Vertreter der EU-Kommission klar, dass \u00c4nderungen im EU-Rechtsrahmen in Bezug auf den strengen Schutzstatus des Wolfes zeitnah nicht zu erwarten sind. (*3)<\/p>\n<p>Chapeau!<\/p>\n<hr \/>\n<p><em><u>Quellen (alle abgerufen am 16. April 2018):<\/u><\/em><\/p>\n<p><em>(*1) thiemo-roehler.de: Pressemitteilung \u201eR\u00f6hler: \u201ePositive Entwicklung in der Wolfsproblematik\u201c, <a href=\"https:\/\/www.thiemo-roehler.de\/aktuelles-und-termine\/positive-entwicklung-in-der-wolfsproblematik\/\" target=\"_blank\" rel=\"noopener\"><span style=\"color: #0000ff;\">hier der Link!<\/span><\/a><\/em><\/p>\n<p><em>(*2) Facebook-Seite von Thiemo-R\u00f6hler, <a href=\"https:\/\/www.facebook.com\/ThiemoRoehler\/?hc_ref=ARRWlwEzLocFRUsZ7eGPHM1eg0Wrdyt8fnp5TAclKgAyFjYCL7HlQWir4gSMIM_AfJM&amp;fref=nf\" target=\"_blank\" rel=\"noopener\"><span style=\"color: #0000ff;\">hier der Link!<\/span><\/a><\/em><\/p>\n<p><em>(*3) magdeburger-news.de: \u201eVeranstaltung zum Wolf in der Landesvertretung in Sachsen-Anhalt in Br\u00fcssel\u201c vom 15. April 2018, <a href=\"https:\/\/www.magdeburger-news.de\/index.php?c=20180415184649&amp;this=frame&amp;ref=facebook\" target=\"_blank\" rel=\"noopener\"><span style=\"color: #0000ff;\">hier der Link!<\/span><\/a><\/em><\/p>\n<hr \/>\n<p><em>Beitragsfoto: Heiko Anders, <a href=\"http:\/\/www.andersfotografiert.com\" target=\"_blank\" rel=\"noopener\"><span style=\"color: #0000ff;\">www.andersfotografiert.com<\/span><\/a><\/em><\/p>\n<hr \/>\n<p><em>(Anmerkung: F\u00fcr die Richtigkeit der Angaben und Inhalte der verlinkten Webseiten wird keinerlei Gew\u00e4hr \u00fcbernommen)<\/em><\/p>\n<p>&nbsp;<\/p>\n<div class=\"shariff shariff-align-center shariff-widget-align-center\" data-services=\"facebook%7Ctwitter\" data-url=\"https%3A%2F%2Fwolfsmonitor.de%2F%3Fp%3D13237\" data-timestamp=\"1525530034\" data-backendurl=\"?rest_route=\/shariff\/v1\/share_counts&\"><ul class=\"shariff-buttons theme-color orientation-horizontal buttonsize-small\"><li class=\"shariff-button facebook shariff-nocustomcolor\" style=\"background-color:#4273c8\"><a href=\"https:\/\/www.facebook.com\/sharer\/sharer.php?u=https%3A%2F%2Fwolfsmonitor.de%2F%3Fp%3D13237\" title=\"Bei Facebook teilen\" aria-label=\"Bei Facebook teilen\" role=\"button\" rel=\"nofollow\" class=\"shariff-link\" style=\"; background-color:#3b5998; color:#fff\" target=\"_blank\"><span class=\"shariff-icon\" style=\"\"><svg width=\"32px\" height=\"20px\" xmlns=\"http:\/\/www.w3.org\/2000\/svg\" viewBox=\"0 0 18 32\"><path fill=\"#3b5998\" d=\"M17.1 0.2v4.7h-2.8q-1.5 0-2.1 0.6t-0.5 1.9v3.4h5.2l-0.7 5.3h-4.5v13.6h-5.5v-13.6h-4.5v-5.3h4.5v-3.9q0-3.3 1.9-5.2t5-1.8q2.6 0 4.1 0.2z\"\/><\/svg><\/span><span class=\"shariff-text\">teilen<\/span>&nbsp;<span data-service=\"facebook\" style=\"color:#3b5998\" class=\"shariff-count shariff-hidezero\"><\/span>&nbsp;<\/a><\/li><li class=\"shariff-button twitter shariff-nocustomcolor\" style=\"background-color:#32bbf5\"><a href=\"https:\/\/twitter.com\/share?url=https%3A%2F%2Fwolfsmonitor.de%2F%3Fp%3D13237&text=Br%C3%BCssel%3A%20%C3%84nderung%20im%20EU-Rechtsrahmen%20in%20Bezug%20auf%20den%20Wolf%20zeitnah%20nicht%20zu%20erwarten\" title=\"Bei Twitter teilen\" aria-label=\"Bei Twitter teilen\" role=\"button\" rel=\"noopener nofollow\" class=\"shariff-link\" style=\"; background-color:#55acee; color:#fff\" target=\"_blank\"><span class=\"shariff-icon\" style=\"\"><svg width=\"32px\" height=\"20px\" xmlns=\"http:\/\/www.w3.org\/2000\/svg\" viewBox=\"0 0 30 32\"><path fill=\"#55acee\" d=\"M29.7 6.8q-1.2 1.8-3 3.1 0 0.3 0 0.8 0 2.5-0.7 4.9t-2.2 4.7-3.5 4-4.9 2.8-6.1 1q-5.1 0-9.3-2.7 0.6 0.1 1.5 0.1 4.3 0 7.6-2.6-2-0.1-3.5-1.2t-2.2-3q0.6 0.1 1.1 0.1 0.8 0 1.6-0.2-2.1-0.4-3.5-2.1t-1.4-3.9v-0.1q1.3 0.7 2.8 0.8-1.2-0.8-2-2.2t-0.7-2.9q0-1.7 0.8-3.1 2.3 2.8 5.5 4.5t7 1.9q-0.2-0.7-0.2-1.4 0-2.5 1.8-4.3t4.3-1.8q2.7 0 4.5 1.9 2.1-0.4 3.9-1.5-0.7 2.2-2.7 3.4 1.8-0.2 3.5-0.9z\"\/><\/svg><\/span><span class=\"shariff-text\">twittern<\/span>&nbsp;<span data-service=\"twitter\" style=\"color:#55acee\" class=\"shariff-count shariff-hidezero\"><\/span>&nbsp;<\/a><\/li><li class=\"shariff-button rss shariff-nocustomcolor\" style=\"background-color:#ff8c00\"><a href=\"https:\/\/wolfsmonitor.de\/?feed=rss\" title=\"RSS-feed\" aria-label=\"RSS-feed\" role=\"button\" class=\"shariff-link\" style=\"; background-color:#fe9312; color:#fff\" target=\"_blank\"><span class=\"shariff-icon\" style=\"\"><svg width=\"32px\" height=\"20px\" xmlns=\"http:\/\/www.w3.org\/2000\/svg\" viewBox=\"0 0 32 32\"><path fill=\"#fe9312\" d=\"M4.3 23.5c-2.3 0-4.3 1.9-4.3 4.3 0 2.3 1.9 4.2 4.3 4.2 2.4 0 4.3-1.9 4.3-4.2 0-2.3-1.9-4.3-4.3-4.3zM0 10.9v6.1c4 0 7.7 1.6 10.6 4.4 2.8 2.8 4.4 6.6 4.4 10.6h6.2c0-11.7-9.5-21.1-21.1-21.1zM0 0v6.1c14.2 0 25.8 11.6 25.8 25.9h6.2c0-17.6-14.4-32-32-32z\"\/><\/svg><\/span><span class=\"shariff-text\">RSS-feed<\/span>&nbsp;<\/a><\/li><li class=\"shariff-button mailto shariff-nocustomcolor\" style=\"background-color:#a8a8a8\"><a href=\"mailto:?body=https%3A%2F%2Fwolfsmonitor.de%2F%3Fp%3D13237&subject=Br%C3%BCssel%3A%20%C3%84nderung%20im%20EU-Rechtsrahmen%20in%20Bezug%20auf%20den%20Wolf%20zeitnah%20nicht%20zu%20erwarten\" title=\"Per E-Mail versenden\" aria-label=\"Per E-Mail versenden\" role=\"button\" rel=\"noopener nofollow\" class=\"shariff-link\" style=\"; background-color:#999; color:#fff\"><span class=\"shariff-icon\" style=\"\"><svg width=\"32px\" height=\"20px\" xmlns=\"http:\/\/www.w3.org\/2000\/svg\" viewBox=\"0 0 32 32\"><path fill=\"#999\" d=\"M32 12.7v14.2q0 1.2-0.8 2t-2 0.9h-26.3q-1.2 0-2-0.9t-0.8-2v-14.2q0.8 0.9 1.8 1.6 6.5 4.4 8.9 6.1 1 0.8 1.6 1.2t1.7 0.9 2 0.4h0.1q0.9 0 2-0.4t1.7-0.9 1.6-1.2q3-2.2 8.9-6.1 1-0.7 1.8-1.6zM32 7.4q0 1.4-0.9 2.7t-2.2 2.2q-6.7 4.7-8.4 5.8-0.2 0.1-0.7 0.5t-1 0.7-0.9 0.6-1.1 0.5-0.9 0.2h-0.1q-0.4 0-0.9-0.2t-1.1-0.5-0.9-0.6-1-0.7-0.7-0.5q-1.6-1.1-4.7-3.2t-3.6-2.6q-1.1-0.7-2.1-2t-1-2.5q0-1.4 0.7-2.3t2.1-0.9h26.3q1.2 0 2 0.8t0.9 2z\"\/><\/svg><\/span><span class=\"shariff-text\">E-Mail<\/span>&nbsp;<\/a><\/li><li class=\"shariff-button info shariff-nocustomcolor\" style=\"background-color:#a8a8a8\"><a href=\"http:\/\/ct.de\/-2467514\" title=\"Weitere Informationen\" aria-label=\"Weitere Informationen\" role=\"button\" rel=\"noopener \" class=\"shariff-link\" style=\"; background-color:#999; color:#fff\" target=\"_blank\"><span class=\"shariff-icon\" style=\"\"><svg width=\"32px\" height=\"20px\" xmlns=\"http:\/\/www.w3.org\/2000\/svg\" viewBox=\"0 0 11 32\"><path fill=\"#999\" d=\"M11.4 24v2.3q0 0.5-0.3 0.8t-0.8 0.4h-9.1q-0.5 0-0.8-0.4t-0.4-0.8v-2.3q0-0.5 0.4-0.8t0.8-0.4h1.1v-6.8h-1.1q-0.5 0-0.8-0.4t-0.4-0.8v-2.3q0-0.5 0.4-0.8t0.8-0.4h6.8q0.5 0 0.8 0.4t0.4 0.8v10.3h1.1q0.5 0 0.8 0.4t0.3 0.8zM9.2 3.4v3.4q0 0.5-0.4 0.8t-0.8 0.4h-4.6q-0.4 0-0.8-0.4t-0.4-0.8v-3.4q0-0.4 0.4-0.8t0.8-0.4h4.6q0.5 0 0.8 0.4t0.4 0.8z\"\/><\/svg><\/span><\/a><\/li><\/ul><\/div>","protected":false},"excerpt":{"rendered":"<p>Wer es &#8211; wie nun der nieders\u00e4chsische CDU-Landtagsabgeordnete Thiemo R\u00f6hler \u2013 \u00f6ffentlich als \u201epositive Entwicklung\u201c bezeichnet und es ausdr\u00fccklich \u201ebegr\u00fc\u00dft\u201c, dass im Umweltministerium von Olaf Lies scheinbar gerade daran gearbeitet wird, die rechtlichen M\u00f6glichkeiten zur &#8222;Entnahme&#8220; (T\u00f6tung) von W\u00f6lfen voll aussch\u00f6pfen zu k\u00f6nnen\u201c, sollte sich bei dieser Formulierung nicht wundern, wenn sich ein Teil der [&hellip;]<\/p>\n<div class=\"shariff shariff-align-center shariff-widget-align-center\" data-services=\"facebook%7Ctwitter\" data-url=\"https%3A%2F%2Fwolfsmonitor.de%2F%3Fp%3D13237\" data-timestamp=\"1525530034\" data-backendurl=\"?rest_route=\/shariff\/v1\/share_counts&\"><ul class=\"shariff-buttons theme-color orientation-horizontal buttonsize-small\"><li class=\"shariff-button facebook shariff-nocustomcolor\" style=\"background-color:#4273c8\"><a href=\"https:\/\/www.facebook.com\/sharer\/sharer.php?u=https%3A%2F%2Fwolfsmonitor.de%2F%3Fp%3D13237\" title=\"Bei Facebook teilen\" aria-label=\"Bei Facebook teilen\" role=\"button\" rel=\"nofollow\" class=\"shariff-link\" style=\"; background-color:#3b5998; color:#fff\" target=\"_blank\"><span class=\"shariff-icon\" style=\"\"><svg width=\"32px\" height=\"20px\" xmlns=\"http:\/\/www.w3.org\/2000\/svg\" viewBox=\"0 0 18 32\"><path fill=\"#3b5998\" d=\"M17.1 0.2v4.7h-2.8q-1.5 0-2.1 0.6t-0.5 1.9v3.4h5.2l-0.7 5.3h-4.5v13.6h-5.5v-13.6h-4.5v-5.3h4.5v-3.9q0-3.3 1.9-5.2t5-1.8q2.6 0 4.1 0.2z\"\/><\/svg><\/span><span class=\"shariff-text\">teilen<\/span>&nbsp;<span data-service=\"facebook\" style=\"color:#3b5998\" class=\"shariff-count shariff-hidezero\"><\/span>&nbsp;<\/a><\/li><li class=\"shariff-button twitter shariff-nocustomcolor\" style=\"background-color:#32bbf5\"><a href=\"https:\/\/twitter.com\/share?url=https%3A%2F%2Fwolfsmonitor.de%2F%3Fp%3D13237&text=Br%C3%BCssel%3A%20%C3%84nderung%20im%20EU-Rechtsrahmen%20in%20Bezug%20auf%20den%20Wolf%20zeitnah%20nicht%20zu%20erwarten\" title=\"Bei Twitter teilen\" aria-label=\"Bei Twitter teilen\" role=\"button\" rel=\"noopener nofollow\" class=\"shariff-link\" style=\"; background-color:#55acee; color:#fff\" target=\"_blank\"><span class=\"shariff-icon\" style=\"\"><svg width=\"32px\" height=\"20px\" xmlns=\"http:\/\/www.w3.org\/2000\/svg\" viewBox=\"0 0 30 32\"><path fill=\"#55acee\" d=\"M29.7 6.8q-1.2 1.8-3 3.1 0 0.3 0 0.8 0 2.5-0.7 4.9t-2.2 4.7-3.5 4-4.9 2.8-6.1 1q-5.1 0-9.3-2.7 0.6 0.1 1.5 0.1 4.3 0 7.6-2.6-2-0.1-3.5-1.2t-2.2-3q0.6 0.1 1.1 0.1 0.8 0 1.6-0.2-2.1-0.4-3.5-2.1t-1.4-3.9v-0.1q1.3 0.7 2.8 0.8-1.2-0.8-2-2.2t-0.7-2.9q0-1.7 0.8-3.1 2.3 2.8 5.5 4.5t7 1.9q-0.2-0.7-0.2-1.4 0-2.5 1.8-4.3t4.3-1.8q2.7 0 4.5 1.9 2.1-0.4 3.9-1.5-0.7 2.2-2.7 3.4 1.8-0.2 3.5-0.9z\"\/><\/svg><\/span><span class=\"shariff-text\">twittern<\/span>&nbsp;<span data-service=\"twitter\" style=\"color:#55acee\" class=\"shariff-count shariff-hidezero\"><\/span>&nbsp;<\/a><\/li><li class=\"shariff-button rss shariff-nocustomcolor\" style=\"background-color:#ff8c00\"><a href=\"https:\/\/wolfsmonitor.de\/?feed=rss\" title=\"RSS-feed\" aria-label=\"RSS-feed\" role=\"button\" class=\"shariff-link\" style=\"; background-color:#fe9312; color:#fff\" target=\"_blank\"><span class=\"shariff-icon\" style=\"\"><svg width=\"32px\" height=\"20px\" xmlns=\"http:\/\/www.w3.org\/2000\/svg\" viewBox=\"0 0 32 32\"><path fill=\"#fe9312\" d=\"M4.3 23.5c-2.3 0-4.3 1.9-4.3 4.3 0 2.3 1.9 4.2 4.3 4.2 2.4 0 4.3-1.9 4.3-4.2 0-2.3-1.9-4.3-4.3-4.3zM0 10.9v6.1c4 0 7.7 1.6 10.6 4.4 2.8 2.8 4.4 6.6 4.4 10.6h6.2c0-11.7-9.5-21.1-21.1-21.1zM0 0v6.1c14.2 0 25.8 11.6 25.8 25.9h6.2c0-17.6-14.4-32-32-32z\"\/><\/svg><\/span><span class=\"shariff-text\">RSS-feed<\/span>&nbsp;<\/a><\/li><li class=\"shariff-button mailto shariff-nocustomcolor\" style=\"background-color:#a8a8a8\"><a href=\"mailto:?body=https%3A%2F%2Fwolfsmonitor.de%2F%3Fp%3D13237&subject=Br%C3%BCssel%3A%20%C3%84nderung%20im%20EU-Rechtsrahmen%20in%20Bezug%20auf%20den%20Wolf%20zeitnah%20nicht%20zu%20erwarten\" title=\"Per E-Mail versenden\" aria-label=\"Per E-Mail versenden\" role=\"button\" rel=\"noopener nofollow\" class=\"shariff-link\" style=\"; background-color:#999; color:#fff\"><span class=\"shariff-icon\" style=\"\"><svg width=\"32px\" height=\"20px\" xmlns=\"http:\/\/www.w3.org\/2000\/svg\" viewBox=\"0 0 32 32\"><path fill=\"#999\" d=\"M32 12.7v14.2q0 1.2-0.8 2t-2 0.9h-26.3q-1.2 0-2-0.9t-0.8-2v-14.2q0.8 0.9 1.8 1.6 6.5 4.4 8.9 6.1 1 0.8 1.6 1.2t1.7 0.9 2 0.4h0.1q0.9 0 2-0.4t1.7-0.9 1.6-1.2q3-2.2 8.9-6.1 1-0.7 1.8-1.6zM32 7.4q0 1.4-0.9 2.7t-2.2 2.2q-6.7 4.7-8.4 5.8-0.2 0.1-0.7 0.5t-1 0.7-0.9 0.6-1.1 0.5-0.9 0.2h-0.1q-0.4 0-0.9-0.2t-1.1-0.5-0.9-0.6-1-0.7-0.7-0.5q-1.6-1.1-4.7-3.2t-3.6-2.6q-1.1-0.7-2.1-2t-1-2.5q0-1.4 0.7-2.3t2.1-0.9h26.3q1.2 0 2 0.8t0.9 2z\"\/><\/svg><\/span><span class=\"shariff-text\">E-Mail<\/span>&nbsp;<\/a><\/li><li class=\"shariff-button info shariff-nocustomcolor\" style=\"background-color:#a8a8a8\"><a href=\"http:\/\/ct.de\/-2467514\" title=\"Weitere Informationen\" aria-label=\"Weitere Informationen\" role=\"button\" rel=\"noopener \" class=\"shariff-link\" style=\"; background-color:#999; color:#fff\" target=\"_blank\"><span class=\"shariff-icon\" style=\"\"><svg width=\"32px\" height=\"20px\" xmlns=\"http:\/\/www.w3.org\/2000\/svg\" viewBox=\"0 0 11 32\"><path fill=\"#999\" d=\"M11.4 24v2.3q0 0.5-0.3 0.8t-0.8 0.4h-9.1q-0.5 0-0.8-0.4t-0.4-0.8v-2.3q0-0.5 0.4-0.8t0.8-0.4h1.1v-6.8h-1.1q-0.5 0-0.8-0.4t-0.4-0.8v-2.3q0-0.5 0.4-0.8t0.8-0.4h6.8q0.5 0 0.8 0.4t0.4 0.8v10.3h1.1q0.5 0 0.8 0.4t0.3 0.8zM9.2 3.4v3.4q0 0.5-0.4 0.8t-0.8 0.4h-4.6q-0.4 0-0.8-0.4t-0.4-0.8v-3.4q0-0.4 0.4-0.8t0.8-0.4h4.6q0.5 0 0.8 0.4t0.4 0.8z\"\/><\/svg><\/span><\/a><\/li><\/ul><\/div>","protected":false},"author":1,"featured_media":3513,"comment_status":"closed","ping_status":"open","sticky":false,"template":"","format":"standard","meta":{"spay_email":""},"categories":[126],"tags":[864,7550,7551,6990,6837,43],"jetpack_featured_media_url":"https:\/\/i2.wp.com\/wolfsmonitor.de\/wp-content\/uploads\/2016\/05\/HA-Beitragsfoto-Aufgelesen-2.jpg?fit=625%2C469&ssl=1","jetpack_shortlink":"https:\/\/wp.me\/p61YbU-3rv","jetpack-related-posts":[{"id":10896,"url":"https:\/\/wolfsmonitor.de\/?p=10896","url_meta":{"origin":13237,"position":0},"title":"Niedersachsen: Wahlkampffalle Wolf","date":"17. Oktober 2017","format":false,"excerpt":"Welche Erkenntnisse kann man aus dem soeben beendeten Wahlkampf in Niedersachsen ziehen? Bestimmt eine ganze Menge, schaut man sich aber mal die Stimmenergebnisse derer an, die besonders aktiv versuchten, die W\u00e4hler davon zu \u00fcberzeugen, dass es wolfsfreie Zonen geben m\u00fcsse und W\u00f6lfe ins Jagdrecht geh\u00f6rten, dann sieht es so aus\u2026","rel":"","context":"In &quot;Standpunkte&quot;","img":{"alt_text":"Wolf im Tierpark Nordhorn","src":"https:\/\/i1.wp.com\/wolfsmonitor.de\/wp-content\/uploads\/2015\/04\/WM-Kommentar.jpg?fit=512%2C442&ssl=1&resize=350%2C200","width":350,"height":200},"classes":[]},{"id":12485,"url":"https:\/\/wolfsmonitor.de\/?p=12485","url_meta":{"origin":13237,"position":1},"title":"\"Bauchlandung\" mit dem Vorschlag der Wolfsregulierung","date":"11. Februar 2018","format":false,"excerpt":"Was ist eigentlich aus Mario Borchert geworden? Kennen Sie nicht? Mario Borchert aus Ostprignitz-Ruppin trat letztes Jahr als Direktkandidat f\u00fcr den Bundestag an. Und das mit nur einem Thema: Die Regulierung der Wolfsbest\u00e4nde. Auch Wolfsmonitor berichtete damals dar\u00fcber (siehe hier!). Nur 618 Menschen stimmten dann bei der Bundestagswahl f\u00fcr Borchert.\u2026","rel":"","context":"In &quot;Hintergr\u00fcnde&quot;","img":{"alt_text":"Foto: Wildtierfotograf Heiko Anders","src":"https:\/\/i2.wp.com\/wolfsmonitor.de\/wp-content\/uploads\/2016\/05\/HA-Beitragsfoto-Hintergr\u00fcnde-1.jpg?fit=625%2C474&ssl=1&resize=350%2C200","width":350,"height":200},"classes":[]},{"id":11418,"url":"https:\/\/wolfsmonitor.de\/?p=11418","url_meta":{"origin":13237,"position":2},"title":"Sachsen: Politische \u00dcberlebensstrategie auf Kosten der W\u00f6lfe?","date":"20. November 2017","format":false,"excerpt":"\u201eEier k\u00f6nne er zeigen\u201c, wenn\u2019s darauf ankommt\u201c, so die Einsch\u00e4tzung eines ebenfalls bei der Bundestagswahl an der AfD-Konkurrenz gescheiterten Parteifreundes. Die Rede ist vom designierten Ministerpr\u00e4sidenten des Landes Sachsen, Michael Kretschmer. Nachdem Stanislaw Tillich (CDU) aufgrund eines v\u00f6llig vergeigten Bundeswahlkampfs k\u00fcrzlich von seinen Amt zur\u00fccktrat, sucht Sachsen nach einem neuen\u2026","rel":"","context":"In &quot;Nachrichten&quot;","img":{"alt_text":"","src":"https:\/\/i1.wp.com\/wolfsmonitor.de\/wp-content\/uploads\/2016\/11\/B-Foto-H.A.-Nachrichten-1.jpg?fit=761%2C497&ssl=1&resize=350%2C200","width":350,"height":200},"classes":[]},{"id":18544,"url":"https:\/\/wolfsmonitor.de\/?p=18544","url_meta":{"origin":13237,"position":3},"title":"Geschossener Wolf, Cancel Culture und staatliche Geheimniskr\u00e4merei","date":"13. Februar 2021","format":false,"excerpt":"Im Dreieck der nieders\u00e4chsischen Landkreise Emsland, Osnabr\u00fcck und Cloppenburg wurde in der Nacht zum Donnerstag \u2013 koordiniert von den drei \u00f6rtlich zust\u00e4ndigen Kreisj\u00e4germeistern - eine W\u00f6lfin erlegt. Aufgrund fortgesetzter Schadensereignisse im Bereich des Herzlaker Rudels \u2013 ein letzter Nutztierriss erfolgte am 12. November 2020 - die allerdings genetisch \u00fcberwiegend einem\u2026","rel":"","context":"In &quot;Standpunkte&quot;","img":{"alt_text":"Wolf im Tierpark Nordhorn","src":"https:\/\/i1.wp.com\/wolfsmonitor.de\/wp-content\/uploads\/2015\/04\/WM-Kommentar.jpg?fit=512%2C442&ssl=1&resize=350%2C200","width":350,"height":200},"classes":[]},{"id":13947,"url":"https:\/\/wolfsmonitor.de\/?p=13947","url_meta":{"origin":13237,"position":4},"title":"Treffen der Umweltminister: Denkzettel f\u00fcr Olaf Lies","date":"9. Juni 2018","format":false,"excerpt":"Heute auf dem Fr\u00fchst\u00fcckstisch: Die aktuelle Ausgabe der NOZ, in der Gunars Reichenbachs \u00fcber das Umweltministertreffen in Bremen berichtet und dabei einen tiefen Riss beim Thema Wolf zwischen den Bundesl\u00e4ndern ausgemacht haben will, bei dem der nieders\u00e4chsische Umweltminister Olaf Lies (SPD) offenbar eine (erwartbare) Lehrstunde erhielt. Er und einige andere\u2026","rel":"","context":"In &quot;Standpunkte&quot;","img":{"alt_text":"Wolf im Tierpark Nordhorn","src":"https:\/\/i0.wp.com\/wolfsmonitor.de\/wp-content\/uploads\/2015\/07\/Foto-Kommentar-2.jpg?fit=586%2C513&ssl=1&resize=350%2C200","width":350,"height":200},"classes":[]},{"id":16504,"url":"https:\/\/wolfsmonitor.de\/?p=16504","url_meta":{"origin":13237,"position":5},"title":"Emp\u00f6rung \u00fcber Freundeskreis freilebender W\u00f6lfe","date":"7. Februar 2019","format":false,"excerpt":"Das Ganze w\u00e4re fast schon lustig, wenn es nicht zum Fremdsch\u00e4men w\u00e4re: Der nieders\u00e4chsische CDU-Landtagsabgeordnete Frank Schm\u00e4deke spricht den Wolfsberatern, die vor wenigen Tagen einen \u201eoffenen Brief\u201c an Umweltminister Olaf Lies wegen dem von ihm genehmigten Wolfsabschuss richteten, die Neutralit\u00e4t ab. Offenbar scheint es f\u00fcr ihn ein Unterschied zu sein,\u2026","rel":"","context":"In &quot;Standpunkte&quot;","img":{"alt_text":"Wolf im Tierpark Nordhorn","src":"https:\/\/i0.wp.com\/wolfsmonitor.de\/wp-content\/uploads\/2015\/07\/Foto-Kommentar-2.jpg?fit=586%2C513&ssl=1&resize=350%2C200","width":350,"height":200},"classes":[]}],"_links":{"self":[{"href":"https:\/\/wolfsmonitor.de\/index.php?rest_route=\/wp\/v2\/posts\/13237"}],"collection":[{"href":"https:\/\/wolfsmonitor.de\/index.php?rest_route=\/wp\/v2\/posts"}],"about":[{"href":"https:\/\/wolfsmonitor.de\/index.php?rest_route=\/wp\/v2\/types\/post"}],"author":[{"embeddable":true,"href":"https:\/\/wolfsmonitor.de\/index.php?rest_route=\/wp\/v2\/users\/1"}],"replies":[{"embeddable":true,"href":"https:\/\/wolfsmonitor.de\/index.php?rest_route=%2Fwp%2Fv2%2Fcomments&post=13237"}],"version-history":[{"count":8,"href":"https:\/\/wolfsmonitor.de\/index.php?rest_route=\/wp\/v2\/posts\/13237\/revisions"}],"predecessor-version":[{"id":13248,"href":"https:\/\/wolfsmonitor.de\/index.php?rest_route=\/wp\/v2\/posts\/13237\/revisions\/13248"}],"wp:featuredmedia":[{"embeddable":true,"href":"https:\/\/wolfsmonitor.de\/index.php?rest_route=\/wp\/v2\/media\/3513"}],"wp:attachment":[{"href":"https:\/\/wolfsmonitor.de\/index.php?rest_route=%2Fwp%2Fv2%2Fmedia&parent=13237"}],"wp:term":[{"taxonomy":"category","embeddable":true,"href":"https:\/\/wolfsmonitor.de\/index.php?rest_route=%2Fwp%2Fv2%2Fcategories&post=13237"},{"taxonomy":"post_tag","embeddable":true,"href":"https:\/\/wolfsmonitor.de\/index.php?rest_route=%2Fwp%2Fv2%2Ftags&post=13237"}],"curies":[{"name":"wp","href":"https:\/\/api.w.org\/{rel}","templated":true}]}}