{"id":13285,"date":"2018-04-20T07:02:14","date_gmt":"2018-04-20T05:02:14","guid":{"rendered":"http:\/\/wolfsmonitor.de\/?p=13285"},"modified":"2018-05-05T14:20:34","modified_gmt":"2018-05-05T12:20:34","slug":"nabu-scheindebatte-zur-bejagung-ueberlagert-konstruktive-diskussion-zum-herdenschutz","status":"publish","type":"post","link":"https:\/\/wolfsmonitor.de\/?p=13285","title":{"rendered":"NABU: Scheindebatte zur Bejagung \u00fcberlagert konstruktive Diskussion zum Herdenschutz"},"content":{"rendered":"<p><strong>Auch der Naturschutzbund Deutschland nimmt Stellung zur \u00f6ffentlichen Anh\u00f6rung im Umweltausschuss am Mittwoch und kommt darin zu dem Ergebnis, dass ein Nebeneinander von Weidehaltung und Wolf durchaus m\u00f6glich ist &#8211; wenn am Herdenschutz gearbeitet wird. Die Meldung im Wortlaut:<\/strong><!--more--><\/p>\n<p>&#8222;Der NABU begr\u00fc\u00dft den konstruktiven Austausch zum Herdenschutz, aber bewertet auch viele Aussagen der heutigen \u00f6ffentlichen Anh\u00f6rung im Umweltausschuss zum Thema Wolf kritisch. \u201eDie Debatte hat wieder einmal gezeigt, dass an vielen Stellen reine Stimmungsmache und Populismus die Wolfsthematik regieren. Anstatt ein m\u00f6glichst konfliktarmes Zusammenleben von Mensch, Wolf und Weidetier in den Vordergrund zu stellen, werden immer noch unsachliche Forderungen nach der Bejagung von W\u00f6lfen sowie haltlose wissenschaftliche Theorien diskutiert \u201c, sagt NABU-Gesch\u00e4ftsf\u00fchrer Leif Miller.<\/p>\n<p>Dabei zeigt die Erfahrung, dass Weidehaltung und Wolf m\u00f6glich ist &#8211; wenn am Herdenschutz gearbeitet wird. \u201eEine Bejagung des Wolfes ist keine L\u00f6sung, denn die Herden m\u00fcssen gesch\u00fctzt werden, egal ob sechs oder zehn W\u00f6lfe in der Region sind. Und hier sind Bund und L\u00e4nder in der Pflicht, gemeinsam mit den Weidetierhaltern und weiteren Experten L\u00f6sungen zu finden\u201c, so Miller. Der NABU fordert deshalb die Einrichtung eines nationalen Herdenschutzzentrums.<\/p>\n<p>Der NABU weist au\u00dferdem darauf hin, dass der g\u00fcnstige Erhaltungszustand der zentraleurop\u00e4ischen Wolfspopulation noch l\u00e4ngst nicht erreicht ist, was sowohl wissenschaftlich als auch von der EU-Kommission mehrfach best\u00e4tigt wurde. Die unwissenschaftliche Debatte zur Wolfsgenetik und Aufl\u00f6sung von Populationsgrenzen wird dazu genutzt, einen nicht vorhandenen g\u00fcnstigen Erhaltungszustand herbeizureden. \u201eDiese Taktik ist nicht zielf\u00fchrend und aus fachlicher Sicht absurd. Die EU-Kommission hat die Flora-Fauna-Habitat-Richtlinien j\u00fcngst f\u00fcr fit erkl\u00e4rt &#8211; der strenge Schutzstatus des Wolfes steht nicht zur Diskussion und die unter anderem von der FDP geforderte Regulierung des Bestandes ist somit obsolet\u201c, sagt NABU-Wolfsexperte Markus Bathen. Der NABU appelliert zudem an DJV und DBV zu einer sachlichen Diskussion zur\u00fcckzukehren. Die Einordnung des Wolfes ins Jagdrecht kann nicht die L\u00f6sung sein und l\u00e4sst die Sch\u00e4fer gnadenlos im Stich.<\/p>\n<p>Unabdingbar f\u00fcr ein transparentes und akzeptiertes Wolfsmanagement ist die zentrale Sammlung aller Monitoring-Daten der L\u00e4nder sowie deren Verf\u00fcgbarkeit f\u00fcr alle Interessengruppen. Dies ist die Aufgabe der Dokumentations- und Beratungsstelle des Bundes zum Wolf (DBBW) als zentrales Expertengremium. Die F\u00f6rderung der DBBW l\u00e4uft jedoch im Herbst 2018 aus, so dass alle bisherigen wichtigen Errungenschaften der letzten drei Jahre zunichte gemacht w\u00fcrden.<\/p>\n<p>Der NABU fordert die Bundesregierung auf, sich f\u00fcr die Verstetigung der DBBW einzusetzen, anstatt Kapazit\u00e4ten in unn\u00f6tige Scheindebatten \u00fcber Bejagung oder an Verschw\u00f6rungstheorien grenzende Hybriden-Diskussionen zu stecken. \u201eJetzt ist die Zeit zu handeln und sich gemeinsam f\u00fcr einen l\u00f6sungsorientierten, wissensbasierten Umgang mit der Wildtierart Wolf einzusetzen, um eine nachhaltige Koexistenz von Mensch und Wolf zu erm\u00f6glichen. Dabei ist praktikabler, fl\u00e4chendeckender Herdenschutz das A und O\u201c, so Bathen.&#8220;<\/p>\n<p>&nbsp;<\/p>\n<hr \/>\n<p><em>Quelle:NABU-Pressemitteilung\u00a0 Nr 41\/18 vom 18. April 2018<\/em><\/p>\n<hr \/>\n<p><em>Beitragsfoto: Heiko Anders, <a href=\"http:\/\/www.andersfotografiert.com\" target=\"_blank\" rel=\"noopener\"><span style=\"color: #0000ff;\">www.andersfotografiert.com<\/span><\/a><\/em><\/p>\n<hr \/>\n<p><em>(Anmerkung: F\u00fcr die Richtigkeit der Angaben und Inhalte der verlinkten Webseiten wird keinerlei Gew\u00e4hr \u00fcbernommen)<\/em><\/p>\n<div class=\"shariff shariff-align-center shariff-widget-align-center\" data-services=\"facebook%7Ctwitter\" data-url=\"https%3A%2F%2Fwolfsmonitor.de%2F%3Fp%3D13285\" data-timestamp=\"1525530034\" data-backendurl=\"?rest_route=\/shariff\/v1\/share_counts&\"><ul class=\"shariff-buttons theme-color orientation-horizontal buttonsize-small\"><li class=\"shariff-button facebook shariff-nocustomcolor\" style=\"background-color:#4273c8\"><a href=\"https:\/\/www.facebook.com\/sharer\/sharer.php?u=https%3A%2F%2Fwolfsmonitor.de%2F%3Fp%3D13285\" title=\"Bei Facebook teilen\" aria-label=\"Bei Facebook teilen\" role=\"button\" rel=\"nofollow\" class=\"shariff-link\" style=\"; background-color:#3b5998; color:#fff\" target=\"_blank\"><span class=\"shariff-icon\" style=\"\"><svg width=\"32px\" height=\"20px\" xmlns=\"http:\/\/www.w3.org\/2000\/svg\" viewBox=\"0 0 18 32\"><path fill=\"#3b5998\" d=\"M17.1 0.2v4.7h-2.8q-1.5 0-2.1 0.6t-0.5 1.9v3.4h5.2l-0.7 5.3h-4.5v13.6h-5.5v-13.6h-4.5v-5.3h4.5v-3.9q0-3.3 1.9-5.2t5-1.8q2.6 0 4.1 0.2z\"\/><\/svg><\/span><span class=\"shariff-text\">teilen<\/span>&nbsp;<span data-service=\"facebook\" style=\"color:#3b5998\" class=\"shariff-count shariff-hidezero\"><\/span>&nbsp;<\/a><\/li><li class=\"shariff-button twitter shariff-nocustomcolor\" style=\"background-color:#32bbf5\"><a href=\"https:\/\/twitter.com\/share?url=https%3A%2F%2Fwolfsmonitor.de%2F%3Fp%3D13285&text=NABU%3A%20Scheindebatte%20zur%20Bejagung%20%C3%BCberlagert%20konstruktive%20Diskussion%20zum%20Herdenschutz\" title=\"Bei Twitter teilen\" aria-label=\"Bei Twitter teilen\" role=\"button\" rel=\"noopener nofollow\" class=\"shariff-link\" style=\"; background-color:#55acee; color:#fff\" target=\"_blank\"><span class=\"shariff-icon\" style=\"\"><svg width=\"32px\" height=\"20px\" xmlns=\"http:\/\/www.w3.org\/2000\/svg\" viewBox=\"0 0 30 32\"><path fill=\"#55acee\" d=\"M29.7 6.8q-1.2 1.8-3 3.1 0 0.3 0 0.8 0 2.5-0.7 4.9t-2.2 4.7-3.5 4-4.9 2.8-6.1 1q-5.1 0-9.3-2.7 0.6 0.1 1.5 0.1 4.3 0 7.6-2.6-2-0.1-3.5-1.2t-2.2-3q0.6 0.1 1.1 0.1 0.8 0 1.6-0.2-2.1-0.4-3.5-2.1t-1.4-3.9v-0.1q1.3 0.7 2.8 0.8-1.2-0.8-2-2.2t-0.7-2.9q0-1.7 0.8-3.1 2.3 2.8 5.5 4.5t7 1.9q-0.2-0.7-0.2-1.4 0-2.5 1.8-4.3t4.3-1.8q2.7 0 4.5 1.9 2.1-0.4 3.9-1.5-0.7 2.2-2.7 3.4 1.8-0.2 3.5-0.9z\"\/><\/svg><\/span><span class=\"shariff-text\">twittern<\/span>&nbsp;<span data-service=\"twitter\" style=\"color:#55acee\" class=\"shariff-count shariff-hidezero\"><\/span>&nbsp;<\/a><\/li><li class=\"shariff-button rss shariff-nocustomcolor\" style=\"background-color:#ff8c00\"><a href=\"https:\/\/wolfsmonitor.de\/?feed=rss\" title=\"RSS-feed\" aria-label=\"RSS-feed\" role=\"button\" class=\"shariff-link\" style=\"; background-color:#fe9312; color:#fff\" target=\"_blank\"><span class=\"shariff-icon\" style=\"\"><svg width=\"32px\" height=\"20px\" xmlns=\"http:\/\/www.w3.org\/2000\/svg\" viewBox=\"0 0 32 32\"><path fill=\"#fe9312\" d=\"M4.3 23.5c-2.3 0-4.3 1.9-4.3 4.3 0 2.3 1.9 4.2 4.3 4.2 2.4 0 4.3-1.9 4.3-4.2 0-2.3-1.9-4.3-4.3-4.3zM0 10.9v6.1c4 0 7.7 1.6 10.6 4.4 2.8 2.8 4.4 6.6 4.4 10.6h6.2c0-11.7-9.5-21.1-21.1-21.1zM0 0v6.1c14.2 0 25.8 11.6 25.8 25.9h6.2c0-17.6-14.4-32-32-32z\"\/><\/svg><\/span><span class=\"shariff-text\">RSS-feed<\/span>&nbsp;<\/a><\/li><li class=\"shariff-button mailto shariff-nocustomcolor\" style=\"background-color:#a8a8a8\"><a href=\"mailto:?body=https%3A%2F%2Fwolfsmonitor.de%2F%3Fp%3D13285&subject=NABU%3A%20Scheindebatte%20zur%20Bejagung%20%C3%BCberlagert%20konstruktive%20Diskussion%20zum%20Herdenschutz\" title=\"Per E-Mail versenden\" aria-label=\"Per E-Mail versenden\" role=\"button\" rel=\"noopener nofollow\" class=\"shariff-link\" style=\"; background-color:#999; color:#fff\"><span class=\"shariff-icon\" style=\"\"><svg width=\"32px\" height=\"20px\" xmlns=\"http:\/\/www.w3.org\/2000\/svg\" viewBox=\"0 0 32 32\"><path fill=\"#999\" d=\"M32 12.7v14.2q0 1.2-0.8 2t-2 0.9h-26.3q-1.2 0-2-0.9t-0.8-2v-14.2q0.8 0.9 1.8 1.6 6.5 4.4 8.9 6.1 1 0.8 1.6 1.2t1.7 0.9 2 0.4h0.1q0.9 0 2-0.4t1.7-0.9 1.6-1.2q3-2.2 8.9-6.1 1-0.7 1.8-1.6zM32 7.4q0 1.4-0.9 2.7t-2.2 2.2q-6.7 4.7-8.4 5.8-0.2 0.1-0.7 0.5t-1 0.7-0.9 0.6-1.1 0.5-0.9 0.2h-0.1q-0.4 0-0.9-0.2t-1.1-0.5-0.9-0.6-1-0.7-0.7-0.5q-1.6-1.1-4.7-3.2t-3.6-2.6q-1.1-0.7-2.1-2t-1-2.5q0-1.4 0.7-2.3t2.1-0.9h26.3q1.2 0 2 0.8t0.9 2z\"\/><\/svg><\/span><span class=\"shariff-text\">E-Mail<\/span>&nbsp;<\/a><\/li><li class=\"shariff-button info shariff-nocustomcolor\" style=\"background-color:#a8a8a8\"><a href=\"http:\/\/ct.de\/-2467514\" title=\"Weitere Informationen\" aria-label=\"Weitere Informationen\" role=\"button\" rel=\"noopener \" class=\"shariff-link\" style=\"; background-color:#999; color:#fff\" target=\"_blank\"><span class=\"shariff-icon\" style=\"\"><svg width=\"32px\" height=\"20px\" xmlns=\"http:\/\/www.w3.org\/2000\/svg\" viewBox=\"0 0 11 32\"><path fill=\"#999\" d=\"M11.4 24v2.3q0 0.5-0.3 0.8t-0.8 0.4h-9.1q-0.5 0-0.8-0.4t-0.4-0.8v-2.3q0-0.5 0.4-0.8t0.8-0.4h1.1v-6.8h-1.1q-0.5 0-0.8-0.4t-0.4-0.8v-2.3q0-0.5 0.4-0.8t0.8-0.4h6.8q0.5 0 0.8 0.4t0.4 0.8v10.3h1.1q0.5 0 0.8 0.4t0.3 0.8zM9.2 3.4v3.4q0 0.5-0.4 0.8t-0.8 0.4h-4.6q-0.4 0-0.8-0.4t-0.4-0.8v-3.4q0-0.4 0.4-0.8t0.8-0.4h4.6q0.5 0 0.8 0.4t0.4 0.8z\"\/><\/svg><\/span><\/a><\/li><\/ul><\/div>","protected":false},"excerpt":{"rendered":"<p>Auch der Naturschutzbund Deutschland nimmt Stellung zur \u00f6ffentlichen Anh\u00f6rung im Umweltausschuss am Mittwoch und kommt darin zu dem Ergebnis, dass ein Nebeneinander von Weidehaltung und Wolf durchaus m\u00f6glich ist &#8211; wenn am Herdenschutz gearbeitet wird. Die Meldung im Wortlaut:<\/p>\n<div class=\"shariff shariff-align-center shariff-widget-align-center\" data-services=\"facebook%7Ctwitter\" data-url=\"https%3A%2F%2Fwolfsmonitor.de%2F%3Fp%3D13285\" data-timestamp=\"1525530034\" data-backendurl=\"?rest_route=\/shariff\/v1\/share_counts&\"><ul class=\"shariff-buttons theme-color orientation-horizontal buttonsize-small\"><li class=\"shariff-button facebook shariff-nocustomcolor\" style=\"background-color:#4273c8\"><a href=\"https:\/\/www.facebook.com\/sharer\/sharer.php?u=https%3A%2F%2Fwolfsmonitor.de%2F%3Fp%3D13285\" title=\"Bei Facebook teilen\" aria-label=\"Bei Facebook teilen\" role=\"button\" rel=\"nofollow\" class=\"shariff-link\" style=\"; background-color:#3b5998; color:#fff\" target=\"_blank\"><span class=\"shariff-icon\" style=\"\"><svg width=\"32px\" height=\"20px\" xmlns=\"http:\/\/www.w3.org\/2000\/svg\" viewBox=\"0 0 18 32\"><path fill=\"#3b5998\" d=\"M17.1 0.2v4.7h-2.8q-1.5 0-2.1 0.6t-0.5 1.9v3.4h5.2l-0.7 5.3h-4.5v13.6h-5.5v-13.6h-4.5v-5.3h4.5v-3.9q0-3.3 1.9-5.2t5-1.8q2.6 0 4.1 0.2z\"\/><\/svg><\/span><span class=\"shariff-text\">teilen<\/span>&nbsp;<span data-service=\"facebook\" style=\"color:#3b5998\" class=\"shariff-count shariff-hidezero\"><\/span>&nbsp;<\/a><\/li><li class=\"shariff-button twitter shariff-nocustomcolor\" style=\"background-color:#32bbf5\"><a href=\"https:\/\/twitter.com\/share?url=https%3A%2F%2Fwolfsmonitor.de%2F%3Fp%3D13285&text=NABU%3A%20Scheindebatte%20zur%20Bejagung%20%C3%BCberlagert%20konstruktive%20Diskussion%20zum%20Herdenschutz\" title=\"Bei Twitter teilen\" aria-label=\"Bei Twitter teilen\" role=\"button\" rel=\"noopener nofollow\" class=\"shariff-link\" style=\"; background-color:#55acee; color:#fff\" target=\"_blank\"><span class=\"shariff-icon\" style=\"\"><svg width=\"32px\" height=\"20px\" xmlns=\"http:\/\/www.w3.org\/2000\/svg\" viewBox=\"0 0 30 32\"><path fill=\"#55acee\" d=\"M29.7 6.8q-1.2 1.8-3 3.1 0 0.3 0 0.8 0 2.5-0.7 4.9t-2.2 4.7-3.5 4-4.9 2.8-6.1 1q-5.1 0-9.3-2.7 0.6 0.1 1.5 0.1 4.3 0 7.6-2.6-2-0.1-3.5-1.2t-2.2-3q0.6 0.1 1.1 0.1 0.8 0 1.6-0.2-2.1-0.4-3.5-2.1t-1.4-3.9v-0.1q1.3 0.7 2.8 0.8-1.2-0.8-2-2.2t-0.7-2.9q0-1.7 0.8-3.1 2.3 2.8 5.5 4.5t7 1.9q-0.2-0.7-0.2-1.4 0-2.5 1.8-4.3t4.3-1.8q2.7 0 4.5 1.9 2.1-0.4 3.9-1.5-0.7 2.2-2.7 3.4 1.8-0.2 3.5-0.9z\"\/><\/svg><\/span><span class=\"shariff-text\">twittern<\/span>&nbsp;<span data-service=\"twitter\" style=\"color:#55acee\" class=\"shariff-count shariff-hidezero\"><\/span>&nbsp;<\/a><\/li><li class=\"shariff-button rss shariff-nocustomcolor\" style=\"background-color:#ff8c00\"><a href=\"https:\/\/wolfsmonitor.de\/?feed=rss\" title=\"RSS-feed\" aria-label=\"RSS-feed\" role=\"button\" class=\"shariff-link\" style=\"; background-color:#fe9312; color:#fff\" target=\"_blank\"><span class=\"shariff-icon\" style=\"\"><svg width=\"32px\" height=\"20px\" xmlns=\"http:\/\/www.w3.org\/2000\/svg\" viewBox=\"0 0 32 32\"><path fill=\"#fe9312\" d=\"M4.3 23.5c-2.3 0-4.3 1.9-4.3 4.3 0 2.3 1.9 4.2 4.3 4.2 2.4 0 4.3-1.9 4.3-4.2 0-2.3-1.9-4.3-4.3-4.3zM0 10.9v6.1c4 0 7.7 1.6 10.6 4.4 2.8 2.8 4.4 6.6 4.4 10.6h6.2c0-11.7-9.5-21.1-21.1-21.1zM0 0v6.1c14.2 0 25.8 11.6 25.8 25.9h6.2c0-17.6-14.4-32-32-32z\"\/><\/svg><\/span><span class=\"shariff-text\">RSS-feed<\/span>&nbsp;<\/a><\/li><li class=\"shariff-button mailto shariff-nocustomcolor\" style=\"background-color:#a8a8a8\"><a href=\"mailto:?body=https%3A%2F%2Fwolfsmonitor.de%2F%3Fp%3D13285&subject=NABU%3A%20Scheindebatte%20zur%20Bejagung%20%C3%BCberlagert%20konstruktive%20Diskussion%20zum%20Herdenschutz\" title=\"Per E-Mail versenden\" aria-label=\"Per E-Mail versenden\" role=\"button\" rel=\"noopener nofollow\" class=\"shariff-link\" style=\"; background-color:#999; color:#fff\"><span class=\"shariff-icon\" style=\"\"><svg width=\"32px\" height=\"20px\" xmlns=\"http:\/\/www.w3.org\/2000\/svg\" viewBox=\"0 0 32 32\"><path fill=\"#999\" d=\"M32 12.7v14.2q0 1.2-0.8 2t-2 0.9h-26.3q-1.2 0-2-0.9t-0.8-2v-14.2q0.8 0.9 1.8 1.6 6.5 4.4 8.9 6.1 1 0.8 1.6 1.2t1.7 0.9 2 0.4h0.1q0.9 0 2-0.4t1.7-0.9 1.6-1.2q3-2.2 8.9-6.1 1-0.7 1.8-1.6zM32 7.4q0 1.4-0.9 2.7t-2.2 2.2q-6.7 4.7-8.4 5.8-0.2 0.1-0.7 0.5t-1 0.7-0.9 0.6-1.1 0.5-0.9 0.2h-0.1q-0.4 0-0.9-0.2t-1.1-0.5-0.9-0.6-1-0.7-0.7-0.5q-1.6-1.1-4.7-3.2t-3.6-2.6q-1.1-0.7-2.1-2t-1-2.5q0-1.4 0.7-2.3t2.1-0.9h26.3q1.2 0 2 0.8t0.9 2z\"\/><\/svg><\/span><span class=\"shariff-text\">E-Mail<\/span>&nbsp;<\/a><\/li><li class=\"shariff-button info shariff-nocustomcolor\" style=\"background-color:#a8a8a8\"><a href=\"http:\/\/ct.de\/-2467514\" title=\"Weitere Informationen\" aria-label=\"Weitere Informationen\" role=\"button\" rel=\"noopener \" class=\"shariff-link\" style=\"; background-color:#999; color:#fff\" target=\"_blank\"><span class=\"shariff-icon\" style=\"\"><svg width=\"32px\" height=\"20px\" xmlns=\"http:\/\/www.w3.org\/2000\/svg\" viewBox=\"0 0 11 32\"><path fill=\"#999\" d=\"M11.4 24v2.3q0 0.5-0.3 0.8t-0.8 0.4h-9.1q-0.5 0-0.8-0.4t-0.4-0.8v-2.3q0-0.5 0.4-0.8t0.8-0.4h1.1v-6.8h-1.1q-0.5 0-0.8-0.4t-0.4-0.8v-2.3q0-0.5 0.4-0.8t0.8-0.4h6.8q0.5 0 0.8 0.4t0.4 0.8v10.3h1.1q0.5 0 0.8 0.4t0.3 0.8zM9.2 3.4v3.4q0 0.5-0.4 0.8t-0.8 0.4h-4.6q-0.4 0-0.8-0.4t-0.4-0.8v-3.4q0-0.4 0.4-0.8t0.8-0.4h4.6q0.5 0 0.8 0.4t0.4 0.8z\"\/><\/svg><\/span><\/a><\/li><\/ul><\/div>","protected":false},"author":1,"featured_media":3507,"comment_status":"closed","ping_status":"open","sticky":false,"template":"","format":"standard","meta":{"spay_email":""},"categories":[2852],"tags":[2144,220,7564,2656,43],"jetpack_featured_media_url":"https:\/\/i0.wp.com\/wolfsmonitor.de\/wp-content\/uploads\/2016\/05\/HA-Beitragsfoto-Presseinfo-1.jpg?fit=623%2C415&ssl=1","jetpack_shortlink":"https:\/\/wp.me\/p61YbU-3sh","jetpack-related-posts":[{"id":8620,"url":"https:\/\/wolfsmonitor.de\/?p=8620","url_meta":{"origin":13285,"position":0},"title":"Am 30. April ist der \"Tag des Wolfes\" - Diesj\u00e4hriges Motto: Erfolgsmodell Herdenschutzhund","date":"26. April 2017","format":false,"excerpt":"Der 30. April jeden Jahres ist der \"Tag des Wolfes\". Hierzu meldet der Naturschutzbund Deutschland (NABU) in diesem Jahr (im Wortlaut): \"NABU: Herdenschutz sch\u00fctzt auch W\u00f6lfe\" Miller: Anstrengungen f\u00fcr einen fl\u00e4chendeckenden Herdenschutz in Wolfsgebieten m\u00fcssen intensiviert werden Zum diesj\u00e4hrigen \u201eTag des Wolfes\u201c (30.4.) appelliert der NABU an Bund und L\u00e4nder\u2026","rel":"","context":"In &quot;Presseinformationen&quot;","img":{"alt_text":"Foto: Naturfotograf Heiko Anders","src":"https:\/\/i2.wp.com\/wolfsmonitor.de\/wp-content\/uploads\/2016\/05\/HA-Beitragsfoto-Presseinfo-2.jpg?fit=627%2C410&ssl=1&resize=350%2C200","width":350,"height":200},"classes":[]},{"id":4140,"url":"https:\/\/wolfsmonitor.de\/?p=4140","url_meta":{"origin":13285,"position":1},"title":"Herdenschutz 2.0-Tagung: Internationale Experten auf NABU Gut Sunder","date":"6. Juli 2016","format":false,"excerpt":"Der NABU-Niedersachsen l\u00e4dt Interessierte am 1. Oktober 2016 nach Mei\u00dfendorf bei Winsen\/Aller auf das NABU Gut Sunder ein. Dort steht zwischen 10:00 und 16:30 Uhr die Frage im Mittelpunkt, wie effizienter Herdenschutz funktioniert. Referenten und G\u00e4ste des NABU-Niedersachsen sind u.a.: Riccarda L\u00fcthi (Agridea), Josip Kusak (Universit\u00e4t Zagreb), Albert Ziegler (R+V\u2026","rel":"","context":"In &quot;Mittendrin&quot;","img":{"alt_text":"","src":"https:\/\/i0.wp.com\/wolfsmonitor.de\/wp-content\/uploads\/2015\/09\/Mittendrin-Sept.2015.jpg?fit=582%2C507&ssl=1&resize=350%2C200","width":350,"height":200},"classes":[]},{"id":13607,"url":"https:\/\/wolfsmonitor.de\/?p=13607","url_meta":{"origin":13285,"position":2},"title":"\"Bundesregierung verstrickt sich in Kompetenzstreit zwischen Landwirtschaft und Umwelt\"","date":"12. Mai 2018","format":false,"excerpt":"Berlin - (NABU- Pressemeldung im Wortlaut): \"Bei dem \u00dcbergriff eines Wolfes auf eine nicht vollst\u00e4ndig eingez\u00e4unte Schafherde am 30. April 2018 in Bad Wildbad, Nordschwarzwald, ist mit einem Gentest nachgewiesen worden, dass dieser Wolf Deutschland fast vollst\u00e4ndig von Norden nach S\u00fcden durchquert hat. Aufgrund wiederholter Nachweise des Wolfes in der\u2026","rel":"","context":"In &quot;Presseinformationen&quot;","img":{"alt_text":"Foto: Naturfotograf Heiko Anders","src":"https:\/\/i0.wp.com\/wolfsmonitor.de\/wp-content\/uploads\/2016\/05\/HA-Beitragsfoto-Presseinfo-1.jpg?fit=623%2C415&ssl=1&resize=350%2C200","width":350,"height":200},"classes":[]},{"id":3287,"url":"https:\/\/wolfsmonitor.de\/?p=3287","url_meta":{"origin":13285,"position":3},"title":"NABU zieht am heutigen \"Tag des Wolfes\" eine gemischte Bilanz","date":"30. April 2016","format":false,"excerpt":"Der Naturschutzbund Deutschland (NABU) informiert (im Wortlaut): \"Zum Tag des Wolfes (30.4.) hat der NABU eine gemischte Bilanz zur Situation frei lebender W\u00f6lfe in Deutschland gezogen. Die Bestandsentwicklung mit aktuell 40 Wolfsfamilien bundesweit sei erfreulich, das Wolfs-Management noch nicht ausreichend. Hauptrisiko Nummer Eins f\u00fcr den Wolf ist nach wie vor\u2026","rel":"","context":"In &quot;Hintergr\u00fcnde&quot;","img":{"alt_text":"Wolf im TP Nordhorn (Foto: Vogler)","src":"https:\/\/i2.wp.com\/wolfsmonitor.de\/wp-content\/uploads\/2016\/02\/Hintergrund-2016.jpg?fit=518%2C494&ssl=1&resize=350%2C200","width":350,"height":200},"classes":[]},{"id":11122,"url":"https:\/\/wolfsmonitor.de\/?p=11122","url_meta":{"origin":13285,"position":4},"title":"NABU Sachsen: Wolfst\u00f6tung ist v\u00f6llig ungeeignetes Mittel zum Schutz von Nutztieren","date":"31. Oktober 2017","format":false,"excerpt":"Als Reaktion auf die Entscheidung von Sachsens Umweltministerium, dem Dr\u00e4ngen des Bautzener Landrats Michael Harig (CDU) nachzugeben und den Abschuss eines Wolfes des Rosenthaler Rudels zu erlauben, nimmt nun auch der NABU Sachsen Stellung (im Wortlaut): NABU\u00a0Sachsen:\u00a0Kritik\u00a0an\u00a0Genehmigung\u00a0des\u00a0SMUL\u00a0zum\u00a0Abschuss\u00a0eines\u00a0Wolfes - Wolfst\u00f6tung\u00a0ist\u00a0v\u00f6llig\u00a0ungeeignetes\u00a0Mittel\u00a0zum\u00a0Schutz\u00a0von\u00a0Nutztieren \"Wie\u00a0das\u00a0s\u00e4chsische\u00a0Staatsministerium\u00a0f\u00fcr\u00a0Umwelt\u00a0und\u00a0Landwirtschaft\u00a0am Freitag,\u00a0dem\u00a027.10.2017\u00a0mitteilte, erm\u00f6glicht\u00a0es\u00a0dem\u00a0Landratsamt\u00a0Bautzen\u00a0die Entnahme\u00a0eines\u00a0Wolfes\u00a0aus\u00a0dem\u00a0Rudel\u00a0Rosenthal.\u00a0Damit\u00a0kann\u00a0ein Tier\u00a0dieser Wolfsfamilie\u00a0erschossen\u00a0werden. Der\u00a0NABU\u00a0kritisiert\u00a0die\u00a0Entscheidung\u00a0als\u00a0fachlich\u00a0unbegr\u00fcndet\u00a0sowie rechtlich\u00a0nicht\u00a0haltbar.\u00a0Zudem\u00a0liegt\u00a0keine\u00a0fachliche\u00a0Einsch\u00e4tzung\u00a0der Dokumentations-\u00a0und\u00a0Beratungsstelle\u00a0des\u00a0Bundes\u00a0zum\u00a0Wolf\u00a0(DBBW)\u00a0vor.\u00a0In diesem\u00a0von\u00a0den\u00a0Bundesl\u00e4ndern\u00a0selber\u00a0geforderten\u00a0Zentrum\u00a0beurteilen\u00a0die f\u00fchrenden\u00a0Wolfsexperten\u00a0Deutschlands\u00a0u.\u00a0a.\u00a0n\u00f6tige\u2026","rel":"","context":"In &quot;Presseinformationen&quot;","img":{"alt_text":"Wolf im Tierpark (Foto: Vogler)","src":"https:\/\/i0.wp.com\/wolfsmonitor.de\/wp-content\/uploads\/2016\/09\/Beitragsfoto-PI-PM.jpg?fit=752%2C497&ssl=1&resize=350%2C200","width":350,"height":200},"classes":[]},{"id":6426,"url":"https:\/\/wolfsmonitor.de\/?p=6426","url_meta":{"origin":13285,"position":5},"title":"NABU fordert klares Bekenntnis zum Wolfsschutz von Politik und Verb\u00e4nden","date":"4. Dezember 2016","format":false,"excerpt":"NABU-PRESSEMITTEILUNG NR.142\/16 vom 2.Dezember 2016 (im Wortlaut): NABU fordert klares Bekenntnis zum Schutz des Wolfes Miller: Debatten \u00fcber Aufweichung des Schutzstatus sind unn\u00f6tig Berlin \u2013 Der NABU h\u00e4lt die in den vergangenen Wochen von Politikern der CDU\/CSU und verschiedenen Interessenverb\u00e4nden der Nutztierhalter und J\u00e4ger gef\u00fchrte \u00f6ffentliche Debatte zur Aufweichung des\u2026","rel":"","context":"In &quot;Presseinformationen&quot;","img":{"alt_text":"Wolf im Tierpark (Foto: Vogler)","src":"https:\/\/i0.wp.com\/wolfsmonitor.de\/wp-content\/uploads\/2016\/09\/Beitragsfoto-PI-PM.jpg?fit=752%2C497&ssl=1&resize=350%2C200","width":350,"height":200},"classes":[]}],"_links":{"self":[{"href":"https:\/\/wolfsmonitor.de\/index.php?rest_route=\/wp\/v2\/posts\/13285"}],"collection":[{"href":"https:\/\/wolfsmonitor.de\/index.php?rest_route=\/wp\/v2\/posts"}],"about":[{"href":"https:\/\/wolfsmonitor.de\/index.php?rest_route=\/wp\/v2\/types\/post"}],"author":[{"embeddable":true,"href":"https:\/\/wolfsmonitor.de\/index.php?rest_route=\/wp\/v2\/users\/1"}],"replies":[{"embeddable":true,"href":"https:\/\/wolfsmonitor.de\/index.php?rest_route=%2Fwp%2Fv2%2Fcomments&post=13285"}],"version-history":[{"count":2,"href":"https:\/\/wolfsmonitor.de\/index.php?rest_route=\/wp\/v2\/posts\/13285\/revisions"}],"predecessor-version":[{"id":13287,"href":"https:\/\/wolfsmonitor.de\/index.php?rest_route=\/wp\/v2\/posts\/13285\/revisions\/13287"}],"wp:featuredmedia":[{"embeddable":true,"href":"https:\/\/wolfsmonitor.de\/index.php?rest_route=\/wp\/v2\/media\/3507"}],"wp:attachment":[{"href":"https:\/\/wolfsmonitor.de\/index.php?rest_route=%2Fwp%2Fv2%2Fmedia&parent=13285"}],"wp:term":[{"taxonomy":"category","embeddable":true,"href":"https:\/\/wolfsmonitor.de\/index.php?rest_route=%2Fwp%2Fv2%2Fcategories&post=13285"},{"taxonomy":"post_tag","embeddable":true,"href":"https:\/\/wolfsmonitor.de\/index.php?rest_route=%2Fwp%2Fv2%2Ftags&post=13285"}],"curies":[{"name":"wp","href":"https:\/\/api.w.org\/{rel}","templated":true}]}}