{"id":13353,"date":"2018-04-26T22:08:23","date_gmt":"2018-04-26T20:08:23","guid":{"rendered":"http:\/\/wolfsmonitor.de\/?p=13353"},"modified":"2018-05-05T14:20:33","modified_gmt":"2018-05-05T12:20:33","slug":"elli-radingers-kommentar-zur-studie-interaktion-pferd-wolf","status":"publish","type":"post","link":"https:\/\/wolfsmonitor.de\/?p=13353","title":{"rendered":"Elli Radingers Kommentar zur Studie &#8222;Interaktion Pferd-Wolf&#8220;"},"content":{"rendered":"<p><strong>Zur Studie<\/strong> <strong>des nieders\u00e4chsischen Arbeitskreises Pferd und Wolf<\/strong>, <strong>die im Herbst 2018 zur Frage der \u201eInteraktion zwischen Pferd und Wolf\u201c erstellt werden soll (WM berichtete: <a href=\"https:\/\/wolfsmonitor.de\/?p=13332\" target=\"_blank\" rel=\"noopener\"><span style=\"color: #0000ff;\">hier!<\/span><\/a>), schreibt die bekannte Autorin und Wolfsexpertin Elli Radinger (&#8222;Die Weisheit der W\u00f6lfe&#8220;):<\/strong><\/p>\n<p>&#8222;Im Prinzip ist eine solche Studie eine gute Idee. Nur ist m.E. der Zeitpunkt v\u00f6llig falsch gew\u00e4hlt.<!--more--><\/p>\n<p><em>\u201eDas Ziel der Untersuchung ist, bislang fehlende Informationen dar\u00fcber zu gewinnen, wie Pferde tats\u00e4chlich auf W\u00f6lfe reagieren.\u201c<\/em> Wenn die Studie im Herbst beginnt, ist sie jedoch sinnlos.<\/p>\n<p>Im Herbst und Winter sind die Pferde normalerweise tags\u00fcber nur einige Stunden drau\u00dfen und werden nachts eingestallt. Wenn kein Pferd auf der Weide steht und ein Wolf l\u00e4uft rum, welche Aussage soll im Herbst gemacht werden? Wichtig w\u00e4re es, die Zeiten zu untersuchen, in denen die W\u00f6lfe besonders aktiv sind, also JETZT vor allem aber die Monate Juni, Juli, August aus folgenden Gr\u00fcnden:<\/p>\n<ul>\n<li>Die Pferde sind Tag und Nacht auf den Weiden,<\/li>\n<li>sie haben Fohlen,<\/li>\n<li>die W\u00f6lfe haben ebenfalls Nachwuchs und m\u00fcssen st\u00e4ndig Futter herbei schaffen,<\/li>\n<li>neugierige Jungw\u00f6lfe beginnen, abzuwandern.<\/li>\n<\/ul>\n<p>Das bedeutet, dass im ganzen Gebiet sehr viel mehr Unruhe ist. Genau dann m\u00fcsste man beobachten, wie die Pferde reagieren. Die Ergebnisse k\u00f6nnten dann jedoch auch dazu f\u00fchren, dass die Pferdebesitzer aktiv werden m\u00fcssten: Fohlen nachts in den Stall bringen, bessere Z\u00e4une bauen etc.<\/p>\n<p>Bei einer Studie im Herbst ist das vorhersehbare Ergebnis: Alles ruhig, wir m\u00fcssen nichts tun. Das w\u00e4re vielleicht im Sinne von uns Wolfsfreunden, entspr\u00e4che aber nicht der Realit\u00e4t. Eine solche durchaus sinnvolle Studie muss unter realen und nicht unter \u201egesch\u00f6nten\u201c Bedingungen durchgef\u00fchrt werden. Nur so k\u00f6nnen wir Ergebnisse erhalten, mit denen man auch arbeiten kann.&#8220;<\/p>\n<hr \/>\n<p><em><strong>Quellen:<\/strong> <\/em><\/p>\n<p><em>(*1) Leserbrief von Elli Radinger<\/em><\/p>\n<p>(*2) <em>NLWKN, 24.4.2018: \u201eStudie zur Interaktion zwischen Pferd und Wolf startet im Herbst\u201c, abgerufen am 24.4.2018<\/em><\/p>\n<div class=\"shariff shariff-align-center shariff-widget-align-center\" data-services=\"facebook%7Ctwitter\" data-url=\"https%3A%2F%2Fwolfsmonitor.de%2F%3Fp%3D13353\" data-timestamp=\"1525530033\" data-backendurl=\"?rest_route=\/shariff\/v1\/share_counts&\"><ul class=\"shariff-buttons theme-color orientation-horizontal buttonsize-small\"><li class=\"shariff-button facebook shariff-nocustomcolor\" style=\"background-color:#4273c8\"><a href=\"https:\/\/www.facebook.com\/sharer\/sharer.php?u=https%3A%2F%2Fwolfsmonitor.de%2F%3Fp%3D13353\" title=\"Bei Facebook teilen\" aria-label=\"Bei Facebook teilen\" role=\"button\" rel=\"nofollow\" class=\"shariff-link\" style=\"; background-color:#3b5998; color:#fff\" target=\"_blank\"><span class=\"shariff-icon\" style=\"\"><svg width=\"32px\" height=\"20px\" xmlns=\"http:\/\/www.w3.org\/2000\/svg\" viewBox=\"0 0 18 32\"><path fill=\"#3b5998\" d=\"M17.1 0.2v4.7h-2.8q-1.5 0-2.1 0.6t-0.5 1.9v3.4h5.2l-0.7 5.3h-4.5v13.6h-5.5v-13.6h-4.5v-5.3h4.5v-3.9q0-3.3 1.9-5.2t5-1.8q2.6 0 4.1 0.2z\"\/><\/svg><\/span><span class=\"shariff-text\">teilen<\/span>&nbsp;<span data-service=\"facebook\" style=\"color:#3b5998\" class=\"shariff-count shariff-hidezero\"><\/span>&nbsp;<\/a><\/li><li class=\"shariff-button twitter shariff-nocustomcolor\" style=\"background-color:#32bbf5\"><a href=\"https:\/\/twitter.com\/share?url=https%3A%2F%2Fwolfsmonitor.de%2F%3Fp%3D13353&text=Elli%20Radingers%20Kommentar%20zur%20Studie%20%E2%80%9EInteraktion%20Pferd-Wolf%E2%80%9C\" title=\"Bei Twitter teilen\" aria-label=\"Bei Twitter teilen\" role=\"button\" rel=\"noopener nofollow\" class=\"shariff-link\" style=\"; background-color:#55acee; color:#fff\" target=\"_blank\"><span class=\"shariff-icon\" style=\"\"><svg width=\"32px\" height=\"20px\" xmlns=\"http:\/\/www.w3.org\/2000\/svg\" viewBox=\"0 0 30 32\"><path fill=\"#55acee\" d=\"M29.7 6.8q-1.2 1.8-3 3.1 0 0.3 0 0.8 0 2.5-0.7 4.9t-2.2 4.7-3.5 4-4.9 2.8-6.1 1q-5.1 0-9.3-2.7 0.6 0.1 1.5 0.1 4.3 0 7.6-2.6-2-0.1-3.5-1.2t-2.2-3q0.6 0.1 1.1 0.1 0.8 0 1.6-0.2-2.1-0.4-3.5-2.1t-1.4-3.9v-0.1q1.3 0.7 2.8 0.8-1.2-0.8-2-2.2t-0.7-2.9q0-1.7 0.8-3.1 2.3 2.8 5.5 4.5t7 1.9q-0.2-0.7-0.2-1.4 0-2.5 1.8-4.3t4.3-1.8q2.7 0 4.5 1.9 2.1-0.4 3.9-1.5-0.7 2.2-2.7 3.4 1.8-0.2 3.5-0.9z\"\/><\/svg><\/span><span class=\"shariff-text\">twittern<\/span>&nbsp;<span data-service=\"twitter\" style=\"color:#55acee\" class=\"shariff-count shariff-hidezero\"><\/span>&nbsp;<\/a><\/li><li class=\"shariff-button rss shariff-nocustomcolor\" style=\"background-color:#ff8c00\"><a href=\"https:\/\/wolfsmonitor.de\/?feed=rss\" title=\"RSS-feed\" aria-label=\"RSS-feed\" role=\"button\" class=\"shariff-link\" style=\"; background-color:#fe9312; color:#fff\" target=\"_blank\"><span class=\"shariff-icon\" style=\"\"><svg width=\"32px\" height=\"20px\" xmlns=\"http:\/\/www.w3.org\/2000\/svg\" viewBox=\"0 0 32 32\"><path fill=\"#fe9312\" d=\"M4.3 23.5c-2.3 0-4.3 1.9-4.3 4.3 0 2.3 1.9 4.2 4.3 4.2 2.4 0 4.3-1.9 4.3-4.2 0-2.3-1.9-4.3-4.3-4.3zM0 10.9v6.1c4 0 7.7 1.6 10.6 4.4 2.8 2.8 4.4 6.6 4.4 10.6h6.2c0-11.7-9.5-21.1-21.1-21.1zM0 0v6.1c14.2 0 25.8 11.6 25.8 25.9h6.2c0-17.6-14.4-32-32-32z\"\/><\/svg><\/span><span class=\"shariff-text\">RSS-feed<\/span>&nbsp;<\/a><\/li><li class=\"shariff-button mailto shariff-nocustomcolor\" style=\"background-color:#a8a8a8\"><a href=\"mailto:?body=https%3A%2F%2Fwolfsmonitor.de%2F%3Fp%3D13353&subject=Elli%20Radingers%20Kommentar%20zur%20Studie%20%E2%80%9EInteraktion%20Pferd-Wolf%E2%80%9C\" title=\"Per E-Mail versenden\" aria-label=\"Per E-Mail versenden\" role=\"button\" rel=\"noopener nofollow\" class=\"shariff-link\" style=\"; background-color:#999; color:#fff\"><span class=\"shariff-icon\" style=\"\"><svg width=\"32px\" height=\"20px\" xmlns=\"http:\/\/www.w3.org\/2000\/svg\" viewBox=\"0 0 32 32\"><path fill=\"#999\" d=\"M32 12.7v14.2q0 1.2-0.8 2t-2 0.9h-26.3q-1.2 0-2-0.9t-0.8-2v-14.2q0.8 0.9 1.8 1.6 6.5 4.4 8.9 6.1 1 0.8 1.6 1.2t1.7 0.9 2 0.4h0.1q0.9 0 2-0.4t1.7-0.9 1.6-1.2q3-2.2 8.9-6.1 1-0.7 1.8-1.6zM32 7.4q0 1.4-0.9 2.7t-2.2 2.2q-6.7 4.7-8.4 5.8-0.2 0.1-0.7 0.5t-1 0.7-0.9 0.6-1.1 0.5-0.9 0.2h-0.1q-0.4 0-0.9-0.2t-1.1-0.5-0.9-0.6-1-0.7-0.7-0.5q-1.6-1.1-4.7-3.2t-3.6-2.6q-1.1-0.7-2.1-2t-1-2.5q0-1.4 0.7-2.3t2.1-0.9h26.3q1.2 0 2 0.8t0.9 2z\"\/><\/svg><\/span><span class=\"shariff-text\">E-Mail<\/span>&nbsp;<\/a><\/li><li class=\"shariff-button info shariff-nocustomcolor\" style=\"background-color:#a8a8a8\"><a href=\"http:\/\/ct.de\/-2467514\" title=\"Weitere Informationen\" aria-label=\"Weitere Informationen\" role=\"button\" rel=\"noopener \" class=\"shariff-link\" style=\"; background-color:#999; color:#fff\" target=\"_blank\"><span class=\"shariff-icon\" style=\"\"><svg width=\"32px\" height=\"20px\" xmlns=\"http:\/\/www.w3.org\/2000\/svg\" viewBox=\"0 0 11 32\"><path fill=\"#999\" d=\"M11.4 24v2.3q0 0.5-0.3 0.8t-0.8 0.4h-9.1q-0.5 0-0.8-0.4t-0.4-0.8v-2.3q0-0.5 0.4-0.8t0.8-0.4h1.1v-6.8h-1.1q-0.5 0-0.8-0.4t-0.4-0.8v-2.3q0-0.5 0.4-0.8t0.8-0.4h6.8q0.5 0 0.8 0.4t0.4 0.8v10.3h1.1q0.5 0 0.8 0.4t0.3 0.8zM9.2 3.4v3.4q0 0.5-0.4 0.8t-0.8 0.4h-4.6q-0.4 0-0.8-0.4t-0.4-0.8v-3.4q0-0.4 0.4-0.8t0.8-0.4h4.6q0.5 0 0.8 0.4t0.4 0.8z\"\/><\/svg><\/span><\/a><\/li><\/ul><\/div>","protected":false},"excerpt":{"rendered":"<p>Zur Studie des nieders\u00e4chsischen Arbeitskreises Pferd und Wolf, die im Herbst 2018 zur Frage der \u201eInteraktion zwischen Pferd und Wolf\u201c erstellt werden soll (WM berichtete: hier!), schreibt die bekannte Autorin und Wolfsexpertin Elli Radinger (&#8222;Die Weisheit der W\u00f6lfe&#8220;): &#8222;Im Prinzip ist eine solche Studie eine gute Idee. Nur ist m.E. der Zeitpunkt v\u00f6llig falsch gew\u00e4hlt.<\/p>\n<div class=\"shariff shariff-align-center shariff-widget-align-center\" data-services=\"facebook%7Ctwitter\" data-url=\"https%3A%2F%2Fwolfsmonitor.de%2F%3Fp%3D13353\" data-timestamp=\"1525530033\" data-backendurl=\"?rest_route=\/shariff\/v1\/share_counts&\"><ul class=\"shariff-buttons theme-color orientation-horizontal buttonsize-small\"><li class=\"shariff-button facebook shariff-nocustomcolor\" style=\"background-color:#4273c8\"><a href=\"https:\/\/www.facebook.com\/sharer\/sharer.php?u=https%3A%2F%2Fwolfsmonitor.de%2F%3Fp%3D13353\" title=\"Bei Facebook teilen\" aria-label=\"Bei Facebook teilen\" role=\"button\" rel=\"nofollow\" class=\"shariff-link\" style=\"; background-color:#3b5998; color:#fff\" target=\"_blank\"><span class=\"shariff-icon\" style=\"\"><svg width=\"32px\" height=\"20px\" xmlns=\"http:\/\/www.w3.org\/2000\/svg\" viewBox=\"0 0 18 32\"><path fill=\"#3b5998\" d=\"M17.1 0.2v4.7h-2.8q-1.5 0-2.1 0.6t-0.5 1.9v3.4h5.2l-0.7 5.3h-4.5v13.6h-5.5v-13.6h-4.5v-5.3h4.5v-3.9q0-3.3 1.9-5.2t5-1.8q2.6 0 4.1 0.2z\"\/><\/svg><\/span><span class=\"shariff-text\">teilen<\/span>&nbsp;<span data-service=\"facebook\" style=\"color:#3b5998\" class=\"shariff-count shariff-hidezero\"><\/span>&nbsp;<\/a><\/li><li class=\"shariff-button twitter shariff-nocustomcolor\" style=\"background-color:#32bbf5\"><a href=\"https:\/\/twitter.com\/share?url=https%3A%2F%2Fwolfsmonitor.de%2F%3Fp%3D13353&text=Elli%20Radingers%20Kommentar%20zur%20Studie%20%E2%80%9EInteraktion%20Pferd-Wolf%E2%80%9C\" title=\"Bei Twitter teilen\" aria-label=\"Bei Twitter teilen\" role=\"button\" rel=\"noopener nofollow\" class=\"shariff-link\" style=\"; background-color:#55acee; color:#fff\" target=\"_blank\"><span class=\"shariff-icon\" style=\"\"><svg width=\"32px\" height=\"20px\" xmlns=\"http:\/\/www.w3.org\/2000\/svg\" viewBox=\"0 0 30 32\"><path fill=\"#55acee\" d=\"M29.7 6.8q-1.2 1.8-3 3.1 0 0.3 0 0.8 0 2.5-0.7 4.9t-2.2 4.7-3.5 4-4.9 2.8-6.1 1q-5.1 0-9.3-2.7 0.6 0.1 1.5 0.1 4.3 0 7.6-2.6-2-0.1-3.5-1.2t-2.2-3q0.6 0.1 1.1 0.1 0.8 0 1.6-0.2-2.1-0.4-3.5-2.1t-1.4-3.9v-0.1q1.3 0.7 2.8 0.8-1.2-0.8-2-2.2t-0.7-2.9q0-1.7 0.8-3.1 2.3 2.8 5.5 4.5t7 1.9q-0.2-0.7-0.2-1.4 0-2.5 1.8-4.3t4.3-1.8q2.7 0 4.5 1.9 2.1-0.4 3.9-1.5-0.7 2.2-2.7 3.4 1.8-0.2 3.5-0.9z\"\/><\/svg><\/span><span class=\"shariff-text\">twittern<\/span>&nbsp;<span data-service=\"twitter\" style=\"color:#55acee\" class=\"shariff-count shariff-hidezero\"><\/span>&nbsp;<\/a><\/li><li class=\"shariff-button rss shariff-nocustomcolor\" style=\"background-color:#ff8c00\"><a href=\"https:\/\/wolfsmonitor.de\/?feed=rss\" title=\"RSS-feed\" aria-label=\"RSS-feed\" role=\"button\" class=\"shariff-link\" style=\"; background-color:#fe9312; color:#fff\" target=\"_blank\"><span class=\"shariff-icon\" style=\"\"><svg width=\"32px\" height=\"20px\" xmlns=\"http:\/\/www.w3.org\/2000\/svg\" viewBox=\"0 0 32 32\"><path fill=\"#fe9312\" d=\"M4.3 23.5c-2.3 0-4.3 1.9-4.3 4.3 0 2.3 1.9 4.2 4.3 4.2 2.4 0 4.3-1.9 4.3-4.2 0-2.3-1.9-4.3-4.3-4.3zM0 10.9v6.1c4 0 7.7 1.6 10.6 4.4 2.8 2.8 4.4 6.6 4.4 10.6h6.2c0-11.7-9.5-21.1-21.1-21.1zM0 0v6.1c14.2 0 25.8 11.6 25.8 25.9h6.2c0-17.6-14.4-32-32-32z\"\/><\/svg><\/span><span class=\"shariff-text\">RSS-feed<\/span>&nbsp;<\/a><\/li><li class=\"shariff-button mailto shariff-nocustomcolor\" style=\"background-color:#a8a8a8\"><a href=\"mailto:?body=https%3A%2F%2Fwolfsmonitor.de%2F%3Fp%3D13353&subject=Elli%20Radingers%20Kommentar%20zur%20Studie%20%E2%80%9EInteraktion%20Pferd-Wolf%E2%80%9C\" title=\"Per E-Mail versenden\" aria-label=\"Per E-Mail versenden\" role=\"button\" rel=\"noopener nofollow\" class=\"shariff-link\" style=\"; background-color:#999; color:#fff\"><span class=\"shariff-icon\" style=\"\"><svg width=\"32px\" height=\"20px\" xmlns=\"http:\/\/www.w3.org\/2000\/svg\" viewBox=\"0 0 32 32\"><path fill=\"#999\" d=\"M32 12.7v14.2q0 1.2-0.8 2t-2 0.9h-26.3q-1.2 0-2-0.9t-0.8-2v-14.2q0.8 0.9 1.8 1.6 6.5 4.4 8.9 6.1 1 0.8 1.6 1.2t1.7 0.9 2 0.4h0.1q0.9 0 2-0.4t1.7-0.9 1.6-1.2q3-2.2 8.9-6.1 1-0.7 1.8-1.6zM32 7.4q0 1.4-0.9 2.7t-2.2 2.2q-6.7 4.7-8.4 5.8-0.2 0.1-0.7 0.5t-1 0.7-0.9 0.6-1.1 0.5-0.9 0.2h-0.1q-0.4 0-0.9-0.2t-1.1-0.5-0.9-0.6-1-0.7-0.7-0.5q-1.6-1.1-4.7-3.2t-3.6-2.6q-1.1-0.7-2.1-2t-1-2.5q0-1.4 0.7-2.3t2.1-0.9h26.3q1.2 0 2 0.8t0.9 2z\"\/><\/svg><\/span><span class=\"shariff-text\">E-Mail<\/span>&nbsp;<\/a><\/li><li class=\"shariff-button info shariff-nocustomcolor\" style=\"background-color:#a8a8a8\"><a href=\"http:\/\/ct.de\/-2467514\" title=\"Weitere Informationen\" aria-label=\"Weitere Informationen\" role=\"button\" rel=\"noopener \" class=\"shariff-link\" style=\"; background-color:#999; color:#fff\" target=\"_blank\"><span class=\"shariff-icon\" style=\"\"><svg width=\"32px\" height=\"20px\" xmlns=\"http:\/\/www.w3.org\/2000\/svg\" viewBox=\"0 0 11 32\"><path fill=\"#999\" d=\"M11.4 24v2.3q0 0.5-0.3 0.8t-0.8 0.4h-9.1q-0.5 0-0.8-0.4t-0.4-0.8v-2.3q0-0.5 0.4-0.8t0.8-0.4h1.1v-6.8h-1.1q-0.5 0-0.8-0.4t-0.4-0.8v-2.3q0-0.5 0.4-0.8t0.8-0.4h6.8q0.5 0 0.8 0.4t0.4 0.8v10.3h1.1q0.5 0 0.8 0.4t0.3 0.8zM9.2 3.4v3.4q0 0.5-0.4 0.8t-0.8 0.4h-4.6q-0.4 0-0.8-0.4t-0.4-0.8v-3.4q0-0.4 0.4-0.8t0.8-0.4h4.6q0.5 0 0.8 0.4t0.4 0.8z\"\/><\/svg><\/span><\/a><\/li><\/ul><\/div>","protected":false},"author":1,"featured_media":4952,"comment_status":"closed","ping_status":"open","sticky":false,"template":"","format":"standard","meta":{"spay_email":""},"categories":[7020],"tags":[7586],"jetpack_featured_media_url":"https:\/\/i0.wp.com\/wolfsmonitor.de\/wp-content\/uploads\/2016\/09\/Beitragsbild-Elli-H.-Radinger-Copyright-Tanja-Askani.jpg?fit=407%2C612&ssl=1","jetpack_shortlink":"https:\/\/wp.me\/p61YbU-3tn","jetpack-related-posts":[{"id":13332,"url":"https:\/\/wolfsmonitor.de\/?p=13332","url_meta":{"origin":13353,"position":0},"title":"Studie zur Interaktion zwischen Pferd und Wolf geplant","date":"25. April 2018","format":false,"excerpt":"Der Nieders\u00e4chsische Landesbetrieb f\u00fcr Wasserwirtschaft, K\u00fcsten- und Naturschutz (NLWKN) meldet heute, dass das Wolfsb\u00fcro ab Herbst 2018 eine Studie zur Frage der \"Interaktion zwischen Pferd und Wolf\" des Arbeitskreises Pferd und Wolf Niedersachsen \u201eberatend unterst\u00fctzen\u201c wird. Man darf allerdings gespannt sein, wie die wissenschaftliche Leiterin des Projekts, Frau Prof. Konstanze\u2026","rel":"","context":"In &quot;Nachrichten&quot;","img":{"alt_text":"","src":"https:\/\/i0.wp.com\/wolfsmonitor.de\/wp-content\/uploads\/2016\/11\/B-Foto-H.A.-Nachrichten-2.jpg?fit=767%2C574&ssl=1&resize=350%2C200","width":350,"height":200},"classes":[]},{"id":4953,"url":"https:\/\/wolfsmonitor.de\/?p=4953","url_meta":{"origin":13353,"position":1},"title":"3 Antworten von Elli H. Radinger","date":"10. September 2016","format":false,"excerpt":"Vor \u00fcber 30 Jahren gab Elli H. Radinger ihren Job als Anw\u00e4ltin auf und widmete sich fortan den W\u00f6lfen und deren domestizierten Geschwistern, den Hunden. 1991 gr\u00fcndete sie zusammen mit dem Freilandforscher G\u00fcnther Bloch die \u201eGesellschaft zum Schutz der W\u00f6lfe\u201c (GzSdW) und seit demselben Jahr ist sie Herausgeberin des regelm\u00e4\u00dfig\u2026","rel":"","context":"In &quot;Interviews&quot;","img":{"alt_text":"Elli H. Radinger (Foto-Copyright: tanja.askani@fishing4)","src":"https:\/\/i0.wp.com\/wolfsmonitor.de\/wp-content\/uploads\/2016\/09\/Beitragsbild-Elli-H.-Radinger-Copyright-Tanja-Askani.jpg?fit=407%2C612&ssl=1&resize=350%2C200","width":350,"height":200},"classes":[]},{"id":4837,"url":"https:\/\/wolfsmonitor.de\/?p=4837","url_meta":{"origin":13353,"position":2},"title":"Sind Reiter die modernen Rotk\u00e4ppchen?","date":"31. August 2016","format":false,"excerpt":"Ganz oben auf dem Speiseplan der W\u00f6lfe stehen Huftiere, um es genauer zu sagen: Paarhufer. Pferde sind zwar Huftiere, aber keine Paarhufer. Und nun? Die Frage, die viele Pferdehalter und Reiter seit der nat\u00fcrlichen Verbreitung des Wolfes umtreibt, ist die Frage nach der Sicherheit ihrer grasfressenden Vierbeiner. Sind artgerecht auf\u2026","rel":"","context":"In &quot;Gastkolumne&quot;","img":{"alt_text":"Wiebke Wendorff (Foto: Wiebke Wendorff)","src":"https:\/\/i1.wp.com\/wolfsmonitor.de\/wp-content\/uploads\/2016\/05\/Kolumnenfoto-Wiebke-Wendorff.jpg?fit=731%2C504&ssl=1&resize=350%2C200","width":350,"height":200},"classes":[]},{"id":5915,"url":"https:\/\/wolfsmonitor.de\/?p=5915","url_meta":{"origin":13353,"position":3},"title":"Bef\u00fcrchtung wird wahr: Muttertier des Cuxland-Rudels erschossen!","date":"9. November 2016","format":false,"excerpt":"W\u00f6lfe zu t\u00f6ten, um Nutztiere zu sch\u00fctzen, f\u00fchrt in der Regel nicht zum erw\u00fcnschten Ergebnis. Das hielten die Amerikaner Rob Wielgus und Kaylie Peebles bereits vor 2 Jahren in einer Studie fest, die hier bereits besprochen wurde. (hier der Link!) Das Gegenteil sei richtig, so das Resultat dieser Studie, f\u00fcr\u2026","rel":"","context":"In &quot;Aufgelesen&quot;","img":{"alt_text":"Wolf im Tierpark Nordhorn","src":"https:\/\/i1.wp.com\/wolfsmonitor.de\/wp-content\/uploads\/2015\/09\/Beitragsfoto-Aufgelesen-2.te-Fassung.jpg?fit=581%2C520&ssl=1&resize=350%2C200","width":350,"height":200},"classes":[]},{"id":5112,"url":"https:\/\/wolfsmonitor.de\/?p=5112","url_meta":{"origin":13353,"position":4},"title":"Die Nachbarschaft von Pferd und Wolf \u2013 evolution\u00e4r ein alter Hut!","date":"23. September 2016","format":false,"excerpt":"Pferd und Wolf \u2013 zwei Welten treffen aufeinander... So m\u00f6chte zumindest mancher meinen. Doch urspr\u00fcnglich teilten und teilen sich Pferd und Wolf eine Welt, einen gemeinsamen Lebensraum in freier Natur. Die enorme Anpassungsf\u00e4higkeit beider Tierarten erm\u00f6glichte es ihnen, die unterschiedlichsten Regionen der Erde zu besiedeln und nebeneinander zu bestehen. Noch\u2026","rel":"","context":"In &quot;Gastkolumne&quot;","img":{"alt_text":"Wiebke Wendorff (Foto: Wiebke Wendorff)","src":"https:\/\/i1.wp.com\/wolfsmonitor.de\/wp-content\/uploads\/2016\/05\/Kolumnenfoto-Wiebke-Wendorff.jpg?fit=731%2C504&ssl=1&resize=350%2C200","width":350,"height":200},"classes":[]},{"id":434,"url":"https:\/\/wolfsmonitor.de\/?p=434","url_meta":{"origin":13353,"position":5},"title":"Auf der Suche nach \u201eechten Wolfsexperten\u201c","date":"3. Mai 2015","format":false,"excerpt":"Erst einmal: Ich respektiere Elli H. Radinger f\u00fcr ihren pers\u00f6nlichen Einsatz zum Schutz der W\u00f6lfe. Die ehemalige Rechtsanw\u00e4ltin ist f\u00fcr viele Menschen in Deutschland au\u00dferdem ein Vorbild darin, das Leben nicht zu tr\u00e4umen sondern seinen Traum zu leben. Dennoch bin ich gerade etwas irritiert. Ich las soeben ein Interview auf\u2026","rel":"","context":"In &quot;Standpunkte&quot;","img":{"alt_text":"Wolf im Tierpark Nordhorn","src":"https:\/\/i1.wp.com\/wolfsmonitor.de\/wp-content\/uploads\/2015\/04\/WM-Kommentar.jpg?fit=512%2C442&ssl=1&resize=350%2C200","width":350,"height":200},"classes":[]}],"_links":{"self":[{"href":"https:\/\/wolfsmonitor.de\/index.php?rest_route=\/wp\/v2\/posts\/13353"}],"collection":[{"href":"https:\/\/wolfsmonitor.de\/index.php?rest_route=\/wp\/v2\/posts"}],"about":[{"href":"https:\/\/wolfsmonitor.de\/index.php?rest_route=\/wp\/v2\/types\/post"}],"author":[{"embeddable":true,"href":"https:\/\/wolfsmonitor.de\/index.php?rest_route=\/wp\/v2\/users\/1"}],"replies":[{"embeddable":true,"href":"https:\/\/wolfsmonitor.de\/index.php?rest_route=%2Fwp%2Fv2%2Fcomments&post=13353"}],"version-history":[{"count":5,"href":"https:\/\/wolfsmonitor.de\/index.php?rest_route=\/wp\/v2\/posts\/13353\/revisions"}],"predecessor-version":[{"id":13360,"href":"https:\/\/wolfsmonitor.de\/index.php?rest_route=\/wp\/v2\/posts\/13353\/revisions\/13360"}],"wp:featuredmedia":[{"embeddable":true,"href":"https:\/\/wolfsmonitor.de\/index.php?rest_route=\/wp\/v2\/media\/4952"}],"wp:attachment":[{"href":"https:\/\/wolfsmonitor.de\/index.php?rest_route=%2Fwp%2Fv2%2Fmedia&parent=13353"}],"wp:term":[{"taxonomy":"category","embeddable":true,"href":"https:\/\/wolfsmonitor.de\/index.php?rest_route=%2Fwp%2Fv2%2Fcategories&post=13353"},{"taxonomy":"post_tag","embeddable":true,"href":"https:\/\/wolfsmonitor.de\/index.php?rest_route=%2Fwp%2Fv2%2Ftags&post=13353"}],"curies":[{"name":"wp","href":"https:\/\/api.w.org\/{rel}","templated":true}]}}