{"id":13844,"date":"2018-05-27T09:58:07","date_gmt":"2018-05-27T07:58:07","guid":{"rendered":"https:\/\/wolfsmonitor.de\/?p=13844"},"modified":"2018-05-27T09:58:07","modified_gmt":"2018-05-27T07:58:07","slug":"1-950-euro-fuer-jeden-herdenschutzhund","status":"publish","type":"post","link":"https:\/\/wolfsmonitor.de\/?p=13844","title":{"rendered":"1.950 Euro f\u00fcr jeden Herdenschutzhund"},"content":{"rendered":"<p><strong>Nach einer Attacke im n\u00f6rdlichen Schwarzwald, aus der hervorhegt, dass dort ein Wolf standorttreu geworden ist, gilt nun die \u201eF\u00f6rderkulisse Wolfpr\u00e4vention\u201c in dieser Region. Das Land \u00fcbernimmt damit 90 Prozent der Kosten, die Schaf-, Ziegen und Gehegewildhaltern bei der Anschaffung von Materialien f\u00fcr Herdenschutzma\u00dfnahmen, z.B. Elektroz\u00e4unen, entstehen.<\/strong><!--more--><\/p>\n<p>Ab 60 Muttertieren werden dort nun auch Herdenschutzhunde mit einer j\u00e4hrlichen Pauschale f\u00fcr die Ausbildung und den Unterhalt in H\u00f6he von 1.950 Euro gef\u00f6rdert. Weitere Einzelheiten k\u00f6nnen Sie<span style=\"color: #0000ff;\"> <a style=\"color: #0000ff;\" href=\"https:\/\/um.baden-wuerttemberg.de\/de\/service\/presse\/pressemitteilung\/pid\/umweltministerium-weist-foerderkulisse-wolfpraevention-aus\/\" target=\"_blank\" rel=\"noopener\">hier lesen!<\/a><\/span> (*1)<\/p>\n<hr \/>\n<p><strong>Keine Eseleien<\/strong><\/p>\n<p>Erfurts Zoo-\u00c4rztin Tina Risch schl\u00e4gt \u2013 laut BILD-Zeitung \u2013 Alarm und warnt ebenso vor dem Einsatz von Hauseseln als Herdenschutztiere wie die Pferde- und Eselexpertin Uta Over. Die Gr\u00fcnde lesen <span style=\"color: #0000ff;\"><a style=\"color: #0000ff;\" href=\"https:\/\/www.bild.de\/regional\/dresden\/wolf\/diese-eselei-ist-quaelerei-55775754.bild.html#fromWall\" target=\"_blank\" rel=\"noopener\">Sie hier!<\/a> <\/span>(*2)<\/p>\n<hr \/>\n<p><strong>Wolf auch weiterhin kein jagdbares Tier<\/strong><\/p>\n<p>Der Wolf wird auch k\u00fcnftig in Rheinland-Pfalz nicht ins Jagdrecht aufgenommen. Das beschloss eine Mehrheit des Landtags aus SPD, FDP, Gr\u00fcnen und CDU, die damit am Donnerstag in Mainz gegen einen Antrag der AfD stimmte. In Rheinland-Pfalz wurden bisher nur vereinzelt W\u00f6lfe nachgewiesen. Weitere Infos und Stellungnahmen dazu lesen <a href=\"http:\/\/www.allgemeine-zeitung.de\/politik\/rheinland-pfalz\/wolf-soll-in-rheinland-pfalz-nicht-gejagt-werden_18791261.htm\" target=\"_blank\" rel=\"noopener\"><span style=\"color: #0000ff;\">Sie hier!<\/span><\/a><\/p>\n<hr \/>\n<p><strong>Wolfsexperte Wotschikowsky bezeichnet das Gutachten Kubickis als \u201eLuftnummer\u201c<\/strong><\/p>\n<p>Warum sich der Kieler Bundestagsabgeordnete und Anwalt Wolfgang Kubicki (FDP) diese \u201eLuftnummer\u201c ausgedacht habe, bleibe sein Geheimnis, so Ulrich Wotschikowsky in einem Blogbeitrag. Das alles sei \u201egraue Theorie\u201c, und der Vorsto\u00df des Brandenburger Bauernbundes \u201eabsurd\u201c. Stimmt! Den Beitrag k\u00f6nnen Sie unter Nutzung <span style=\"color: #0000ff;\"><a style=\"color: #0000ff;\" href=\"http:\/\/woelfeindeutschland.de\/kubickis-luftnummer\/\" target=\"_blank\" rel=\"noopener\">dieses Links aufrufen!<\/a><\/span><\/p>\n<hr \/>\n<p>Wolfsmonitor w\u00fcnscht allen Leserinnen und Lesern ein wundersch\u00f6nes Wochenende!<\/p>\n<hr \/>\n<p><em><u>Quellen (alle abgerufen am 27.5.2018):<\/u><\/em><\/p>\n<p><em>(*1) um.baden-wuerttemberg.de: \u201eUmweltministerium weist F\u00f6rderkulisse \u201eWolfpr\u00e4vention\u201c aus\u201c vom 25.5.2018<\/em><\/p>\n<p><em>(*2) BILDE.de: \u201eZoo-\u00c4rztin warnt: Diese Eselei ist Qu\u00e4lerei\u201c von Janek Koenau am 22.5.2018<\/em><\/p>\n<p><em>(*3) allgemeine.zeitung.de: \u201eWolf soll in Rheinland-Pfalz nicht gejagt werden\u201c vom 24.5.2018<\/em><\/p>\n<p><em>(*4) woelfeindeutschland.de: \u201eKubickis Luftnummer\u201c vom 21.5.2018<\/em><\/p>\n<hr \/>\n<p><em>Beitragsfoto: Heiko Anders, <a href=\"http:\/\/www.andersfotografiert.com\" target=\"_blank\" rel=\"noopener\"><span style=\"color: #0000ff;\">www.andersfotografiert.com<\/span><\/a><\/em><\/p>\n<p class=\"ox-8fa0bdae36-MsoNormal\"><em>(Anmerkung: F\u00fcr die Richtigkeit der Angaben und Inhalte der verlinkten Webseiten wie auch f\u00fcr den Umstand, dass nicht ausgeschlossen werden kann, dass dort Daten erhoben weitergeleitet und verarbeitet werden, wird keinerlei Gew\u00e4hr \u00fcbernommen)<\/em><\/p>\n<div class=\"shariff shariff-align-center shariff-widget-align-center\" data-services=\"facebook%7Ctwitter\" data-url=\"https%3A%2F%2Fwolfsmonitor.de%2F%3Fp%3D13844\" data-timestamp=\"1527415087\" data-backendurl=\"?rest_route=\/shariff\/v1\/share_counts&\"><ul class=\"shariff-buttons theme-color orientation-horizontal buttonsize-small\"><li class=\"shariff-button facebook shariff-nocustomcolor\" style=\"background-color:#4273c8\"><a href=\"https:\/\/www.facebook.com\/sharer\/sharer.php?u=https%3A%2F%2Fwolfsmonitor.de%2F%3Fp%3D13844\" title=\"Bei Facebook teilen\" aria-label=\"Bei Facebook teilen\" role=\"button\" rel=\"nofollow\" class=\"shariff-link\" style=\"; background-color:#3b5998; color:#fff\" target=\"_blank\"><span class=\"shariff-icon\" style=\"\"><svg width=\"32px\" height=\"20px\" xmlns=\"http:\/\/www.w3.org\/2000\/svg\" viewBox=\"0 0 18 32\"><path fill=\"#3b5998\" d=\"M17.1 0.2v4.7h-2.8q-1.5 0-2.1 0.6t-0.5 1.9v3.4h5.2l-0.7 5.3h-4.5v13.6h-5.5v-13.6h-4.5v-5.3h4.5v-3.9q0-3.3 1.9-5.2t5-1.8q2.6 0 4.1 0.2z\"\/><\/svg><\/span><span class=\"shariff-text\">teilen<\/span>&nbsp;<span data-service=\"facebook\" style=\"color:#3b5998\" class=\"shariff-count shariff-hidezero\"><\/span>&nbsp;<\/a><\/li><li class=\"shariff-button twitter shariff-nocustomcolor\" style=\"background-color:#32bbf5\"><a href=\"https:\/\/twitter.com\/share?url=https%3A%2F%2Fwolfsmonitor.de%2F%3Fp%3D13844&text=1.950%20Euro%20f%C3%BCr%20jeden%20Herdenschutzhund\" title=\"Bei Twitter teilen\" aria-label=\"Bei Twitter teilen\" role=\"button\" rel=\"noopener nofollow\" class=\"shariff-link\" style=\"; background-color:#55acee; color:#fff\" target=\"_blank\"><span class=\"shariff-icon\" style=\"\"><svg width=\"32px\" height=\"20px\" xmlns=\"http:\/\/www.w3.org\/2000\/svg\" viewBox=\"0 0 30 32\"><path fill=\"#55acee\" d=\"M29.7 6.8q-1.2 1.8-3 3.1 0 0.3 0 0.8 0 2.5-0.7 4.9t-2.2 4.7-3.5 4-4.9 2.8-6.1 1q-5.1 0-9.3-2.7 0.6 0.1 1.5 0.1 4.3 0 7.6-2.6-2-0.1-3.5-1.2t-2.2-3q0.6 0.1 1.1 0.1 0.8 0 1.6-0.2-2.1-0.4-3.5-2.1t-1.4-3.9v-0.1q1.3 0.7 2.8 0.8-1.2-0.8-2-2.2t-0.7-2.9q0-1.7 0.8-3.1 2.3 2.8 5.5 4.5t7 1.9q-0.2-0.7-0.2-1.4 0-2.5 1.8-4.3t4.3-1.8q2.7 0 4.5 1.9 2.1-0.4 3.9-1.5-0.7 2.2-2.7 3.4 1.8-0.2 3.5-0.9z\"\/><\/svg><\/span><span class=\"shariff-text\">twittern<\/span>&nbsp;<span data-service=\"twitter\" style=\"color:#55acee\" class=\"shariff-count shariff-hidezero\"><\/span>&nbsp;<\/a><\/li><li class=\"shariff-button rss shariff-nocustomcolor\" style=\"background-color:#ff8c00\"><a href=\"https:\/\/wolfsmonitor.de\/?feed=rss\" title=\"RSS-feed\" aria-label=\"RSS-feed\" role=\"button\" class=\"shariff-link\" style=\"; background-color:#fe9312; color:#fff\" target=\"_blank\"><span class=\"shariff-icon\" style=\"\"><svg width=\"32px\" height=\"20px\" xmlns=\"http:\/\/www.w3.org\/2000\/svg\" viewBox=\"0 0 32 32\"><path fill=\"#fe9312\" d=\"M4.3 23.5c-2.3 0-4.3 1.9-4.3 4.3 0 2.3 1.9 4.2 4.3 4.2 2.4 0 4.3-1.9 4.3-4.2 0-2.3-1.9-4.3-4.3-4.3zM0 10.9v6.1c4 0 7.7 1.6 10.6 4.4 2.8 2.8 4.4 6.6 4.4 10.6h6.2c0-11.7-9.5-21.1-21.1-21.1zM0 0v6.1c14.2 0 25.8 11.6 25.8 25.9h6.2c0-17.6-14.4-32-32-32z\"\/><\/svg><\/span><span class=\"shariff-text\">RSS-feed<\/span>&nbsp;<\/a><\/li><li class=\"shariff-button mailto shariff-nocustomcolor\" style=\"background-color:#a8a8a8\"><a href=\"mailto:?body=https%3A%2F%2Fwolfsmonitor.de%2F%3Fp%3D13844&subject=1.950%20Euro%20f%C3%BCr%20jeden%20Herdenschutzhund\" title=\"Per E-Mail versenden\" aria-label=\"Per E-Mail versenden\" role=\"button\" rel=\"noopener nofollow\" class=\"shariff-link\" style=\"; background-color:#999; color:#fff\"><span class=\"shariff-icon\" style=\"\"><svg width=\"32px\" height=\"20px\" xmlns=\"http:\/\/www.w3.org\/2000\/svg\" viewBox=\"0 0 32 32\"><path fill=\"#999\" d=\"M32 12.7v14.2q0 1.2-0.8 2t-2 0.9h-26.3q-1.2 0-2-0.9t-0.8-2v-14.2q0.8 0.9 1.8 1.6 6.5 4.4 8.9 6.1 1 0.8 1.6 1.2t1.7 0.9 2 0.4h0.1q0.9 0 2-0.4t1.7-0.9 1.6-1.2q3-2.2 8.9-6.1 1-0.7 1.8-1.6zM32 7.4q0 1.4-0.9 2.7t-2.2 2.2q-6.7 4.7-8.4 5.8-0.2 0.1-0.7 0.5t-1 0.7-0.9 0.6-1.1 0.5-0.9 0.2h-0.1q-0.4 0-0.9-0.2t-1.1-0.5-0.9-0.6-1-0.7-0.7-0.5q-1.6-1.1-4.7-3.2t-3.6-2.6q-1.1-0.7-2.1-2t-1-2.5q0-1.4 0.7-2.3t2.1-0.9h26.3q1.2 0 2 0.8t0.9 2z\"\/><\/svg><\/span><span class=\"shariff-text\">E-Mail<\/span>&nbsp;<\/a><\/li><li class=\"shariff-button info shariff-nocustomcolor\" style=\"background-color:#a8a8a8\"><a href=\"http:\/\/ct.de\/-2467514\" title=\"Weitere Informationen\" aria-label=\"Weitere Informationen\" role=\"button\" rel=\"noopener \" class=\"shariff-link\" style=\"; background-color:#999; color:#fff\" target=\"_blank\"><span class=\"shariff-icon\" style=\"\"><svg width=\"32px\" height=\"20px\" xmlns=\"http:\/\/www.w3.org\/2000\/svg\" viewBox=\"0 0 11 32\"><path fill=\"#999\" d=\"M11.4 24v2.3q0 0.5-0.3 0.8t-0.8 0.4h-9.1q-0.5 0-0.8-0.4t-0.4-0.8v-2.3q0-0.5 0.4-0.8t0.8-0.4h1.1v-6.8h-1.1q-0.5 0-0.8-0.4t-0.4-0.8v-2.3q0-0.5 0.4-0.8t0.8-0.4h6.8q0.5 0 0.8 0.4t0.4 0.8v10.3h1.1q0.5 0 0.8 0.4t0.3 0.8zM9.2 3.4v3.4q0 0.5-0.4 0.8t-0.8 0.4h-4.6q-0.4 0-0.8-0.4t-0.4-0.8v-3.4q0-0.4 0.4-0.8t0.8-0.4h4.6q0.5 0 0.8 0.4t0.4 0.8z\"\/><\/svg><\/span><\/a><\/li><\/ul><\/div>","protected":false},"excerpt":{"rendered":"<p>Nach einer Attacke im n\u00f6rdlichen Schwarzwald, aus der hervorhegt, dass dort ein Wolf standorttreu geworden ist, gilt nun die \u201eF\u00f6rderkulisse Wolfpr\u00e4vention\u201c in dieser Region. Das Land \u00fcbernimmt damit 90 Prozent der Kosten, die Schaf-, Ziegen und Gehegewildhaltern bei der Anschaffung von Materialien f\u00fcr Herdenschutzma\u00dfnahmen, z.B. Elektroz\u00e4unen, entstehen.<\/p>\n<div class=\"shariff shariff-align-center shariff-widget-align-center\" data-services=\"facebook%7Ctwitter\" data-url=\"https%3A%2F%2Fwolfsmonitor.de%2F%3Fp%3D13844\" data-timestamp=\"1527415087\" data-backendurl=\"?rest_route=\/shariff\/v1\/share_counts&\"><ul class=\"shariff-buttons theme-color orientation-horizontal buttonsize-small\"><li class=\"shariff-button facebook shariff-nocustomcolor\" style=\"background-color:#4273c8\"><a href=\"https:\/\/www.facebook.com\/sharer\/sharer.php?u=https%3A%2F%2Fwolfsmonitor.de%2F%3Fp%3D13844\" title=\"Bei Facebook teilen\" aria-label=\"Bei Facebook teilen\" role=\"button\" rel=\"nofollow\" class=\"shariff-link\" style=\"; background-color:#3b5998; color:#fff\" target=\"_blank\"><span class=\"shariff-icon\" style=\"\"><svg width=\"32px\" height=\"20px\" xmlns=\"http:\/\/www.w3.org\/2000\/svg\" viewBox=\"0 0 18 32\"><path fill=\"#3b5998\" d=\"M17.1 0.2v4.7h-2.8q-1.5 0-2.1 0.6t-0.5 1.9v3.4h5.2l-0.7 5.3h-4.5v13.6h-5.5v-13.6h-4.5v-5.3h4.5v-3.9q0-3.3 1.9-5.2t5-1.8q2.6 0 4.1 0.2z\"\/><\/svg><\/span><span class=\"shariff-text\">teilen<\/span>&nbsp;<span data-service=\"facebook\" style=\"color:#3b5998\" class=\"shariff-count shariff-hidezero\"><\/span>&nbsp;<\/a><\/li><li class=\"shariff-button twitter shariff-nocustomcolor\" style=\"background-color:#32bbf5\"><a href=\"https:\/\/twitter.com\/share?url=https%3A%2F%2Fwolfsmonitor.de%2F%3Fp%3D13844&text=1.950%20Euro%20f%C3%BCr%20jeden%20Herdenschutzhund\" title=\"Bei Twitter teilen\" aria-label=\"Bei Twitter teilen\" role=\"button\" rel=\"noopener nofollow\" class=\"shariff-link\" style=\"; background-color:#55acee; color:#fff\" target=\"_blank\"><span class=\"shariff-icon\" style=\"\"><svg width=\"32px\" height=\"20px\" xmlns=\"http:\/\/www.w3.org\/2000\/svg\" viewBox=\"0 0 30 32\"><path fill=\"#55acee\" d=\"M29.7 6.8q-1.2 1.8-3 3.1 0 0.3 0 0.8 0 2.5-0.7 4.9t-2.2 4.7-3.5 4-4.9 2.8-6.1 1q-5.1 0-9.3-2.7 0.6 0.1 1.5 0.1 4.3 0 7.6-2.6-2-0.1-3.5-1.2t-2.2-3q0.6 0.1 1.1 0.1 0.8 0 1.6-0.2-2.1-0.4-3.5-2.1t-1.4-3.9v-0.1q1.3 0.7 2.8 0.8-1.2-0.8-2-2.2t-0.7-2.9q0-1.7 0.8-3.1 2.3 2.8 5.5 4.5t7 1.9q-0.2-0.7-0.2-1.4 0-2.5 1.8-4.3t4.3-1.8q2.7 0 4.5 1.9 2.1-0.4 3.9-1.5-0.7 2.2-2.7 3.4 1.8-0.2 3.5-0.9z\"\/><\/svg><\/span><span class=\"shariff-text\">twittern<\/span>&nbsp;<span data-service=\"twitter\" style=\"color:#55acee\" class=\"shariff-count shariff-hidezero\"><\/span>&nbsp;<\/a><\/li><li class=\"shariff-button rss shariff-nocustomcolor\" style=\"background-color:#ff8c00\"><a href=\"https:\/\/wolfsmonitor.de\/?feed=rss\" title=\"RSS-feed\" aria-label=\"RSS-feed\" role=\"button\" class=\"shariff-link\" style=\"; background-color:#fe9312; color:#fff\" target=\"_blank\"><span class=\"shariff-icon\" style=\"\"><svg width=\"32px\" height=\"20px\" xmlns=\"http:\/\/www.w3.org\/2000\/svg\" viewBox=\"0 0 32 32\"><path fill=\"#fe9312\" d=\"M4.3 23.5c-2.3 0-4.3 1.9-4.3 4.3 0 2.3 1.9 4.2 4.3 4.2 2.4 0 4.3-1.9 4.3-4.2 0-2.3-1.9-4.3-4.3-4.3zM0 10.9v6.1c4 0 7.7 1.6 10.6 4.4 2.8 2.8 4.4 6.6 4.4 10.6h6.2c0-11.7-9.5-21.1-21.1-21.1zM0 0v6.1c14.2 0 25.8 11.6 25.8 25.9h6.2c0-17.6-14.4-32-32-32z\"\/><\/svg><\/span><span class=\"shariff-text\">RSS-feed<\/span>&nbsp;<\/a><\/li><li class=\"shariff-button mailto shariff-nocustomcolor\" style=\"background-color:#a8a8a8\"><a href=\"mailto:?body=https%3A%2F%2Fwolfsmonitor.de%2F%3Fp%3D13844&subject=1.950%20Euro%20f%C3%BCr%20jeden%20Herdenschutzhund\" title=\"Per E-Mail versenden\" aria-label=\"Per E-Mail versenden\" role=\"button\" rel=\"noopener nofollow\" class=\"shariff-link\" style=\"; background-color:#999; color:#fff\"><span class=\"shariff-icon\" style=\"\"><svg width=\"32px\" height=\"20px\" xmlns=\"http:\/\/www.w3.org\/2000\/svg\" viewBox=\"0 0 32 32\"><path fill=\"#999\" d=\"M32 12.7v14.2q0 1.2-0.8 2t-2 0.9h-26.3q-1.2 0-2-0.9t-0.8-2v-14.2q0.8 0.9 1.8 1.6 6.5 4.4 8.9 6.1 1 0.8 1.6 1.2t1.7 0.9 2 0.4h0.1q0.9 0 2-0.4t1.7-0.9 1.6-1.2q3-2.2 8.9-6.1 1-0.7 1.8-1.6zM32 7.4q0 1.4-0.9 2.7t-2.2 2.2q-6.7 4.7-8.4 5.8-0.2 0.1-0.7 0.5t-1 0.7-0.9 0.6-1.1 0.5-0.9 0.2h-0.1q-0.4 0-0.9-0.2t-1.1-0.5-0.9-0.6-1-0.7-0.7-0.5q-1.6-1.1-4.7-3.2t-3.6-2.6q-1.1-0.7-2.1-2t-1-2.5q0-1.4 0.7-2.3t2.1-0.9h26.3q1.2 0 2 0.8t0.9 2z\"\/><\/svg><\/span><span class=\"shariff-text\">E-Mail<\/span>&nbsp;<\/a><\/li><li class=\"shariff-button info shariff-nocustomcolor\" style=\"background-color:#a8a8a8\"><a href=\"http:\/\/ct.de\/-2467514\" title=\"Weitere Informationen\" aria-label=\"Weitere Informationen\" role=\"button\" rel=\"noopener \" class=\"shariff-link\" style=\"; background-color:#999; color:#fff\" target=\"_blank\"><span class=\"shariff-icon\" style=\"\"><svg width=\"32px\" height=\"20px\" xmlns=\"http:\/\/www.w3.org\/2000\/svg\" viewBox=\"0 0 11 32\"><path fill=\"#999\" d=\"M11.4 24v2.3q0 0.5-0.3 0.8t-0.8 0.4h-9.1q-0.5 0-0.8-0.4t-0.4-0.8v-2.3q0-0.5 0.4-0.8t0.8-0.4h1.1v-6.8h-1.1q-0.5 0-0.8-0.4t-0.4-0.8v-2.3q0-0.5 0.4-0.8t0.8-0.4h6.8q0.5 0 0.8 0.4t0.4 0.8v10.3h1.1q0.5 0 0.8 0.4t0.3 0.8zM9.2 3.4v3.4q0 0.5-0.4 0.8t-0.8 0.4h-4.6q-0.4 0-0.8-0.4t-0.4-0.8v-3.4q0-0.4 0.4-0.8t0.8-0.4h4.6q0.5 0 0.8 0.4t0.4 0.8z\"\/><\/svg><\/span><\/a><\/li><\/ul><\/div>","protected":false},"author":1,"featured_media":6257,"comment_status":"closed","ping_status":"open","sticky":false,"template":"","format":"standard","meta":{"spay_email":""},"categories":[4603],"tags":[1576,412,176,7722,7724,1360,1281,7726,2820,2860,7723,219,7725,7703],"jetpack_featured_media_url":"https:\/\/i0.wp.com\/wolfsmonitor.de\/wp-content\/uploads\/2016\/11\/B-Foto-H.A.-Nachrichten-2.jpg?fit=767%2C574&ssl=1","jetpack_shortlink":"https:\/\/wp.me\/p61YbU-3Bi","jetpack-related-posts":[{"id":5312,"url":"https:\/\/wolfsmonitor.de\/?p=5312","url_meta":{"origin":13844,"position":0},"title":"Landkreis Stade jetzt \"F\u00f6rderkulisse Herdenschutz\"","date":"5. Oktober 2016","format":false,"excerpt":"Gestern, am 4. Oktober, ver\u00f6ffentlichte der Nieders\u00e4chsische Landesbetrieb f\u00fcr Wasserwirtschaft, K\u00fcsten- und Naturschutz (NLWKN) in einer Pressemitteilung, dass nun auch der Landkreis Stade zur \"F\u00f6rderschutzkulisse Herdenschutz\" geh\u00f6rt. Somit werden nun auch dort pr\u00e4ventive Ma\u00dfnahmen zum \"wolfsabweisenden Herdenschutz\" gef\u00f6rdert. (Die NLWKN-Meldung im Wortlaut): \"Landkreis Stade geh\u00f6rt jetzt zur F\u00f6rderkulisse Herdenschutz\" Pr\u00e4vention\u2026","rel":"","context":"In &quot;Presseinformationen&quot;","img":{"alt_text":"Foto: Naturfotograf Heiko Anders","src":"https:\/\/i2.wp.com\/wolfsmonitor.de\/wp-content\/uploads\/2016\/05\/HA-Beitragsfoto-Presseinfo-2.jpg?fit=627%2C410&ssl=1&resize=350%2C200","width":350,"height":200},"classes":[]},{"id":13661,"url":"https:\/\/wolfsmonitor.de\/?p=13661","url_meta":{"origin":13844,"position":1},"title":"Berlin: Kaum Medieninteresse an \"kleiner\" Anti-Wolfskundgebung","date":"16. Mai 2018","format":false,"excerpt":"Nun ist offenbar ausgerechnet eine Schafherde vom Gesch\u00e4ftsf\u00fchrer des F\u00f6rdervereins der Deutschen Schafhaltung, Wendelin Schm\u00fccker, Opfer eines Wolfs\u00fcbergriffs geworden. Schm\u00fccker, der sich bereits vor geraumer Zeit mit drastischen Worten, wie z.B. W\u00f6lfe seien \u2026\u201cnutzlos wie Ratten, Fl\u00f6he oder Zecken\u201c, mediale Aufmerksamkeit verschaffte und noch 2017 in einem Leserbrief schrieb, dass\u2026","rel":"","context":"In &quot;Aufgelesen&quot;","img":{"alt_text":"Foto: Wildtierfotograf Heiko Anders","src":"https:\/\/i2.wp.com\/wolfsmonitor.de\/wp-content\/uploads\/2016\/05\/HA-Beitragsfoto-Aufgelesen-2.jpg?fit=625%2C469&ssl=1&resize=350%2C200","width":350,"height":200},"classes":[]},{"id":4146,"url":"https:\/\/wolfsmonitor.de\/?p=4146","url_meta":{"origin":13844,"position":2},"title":"Freundeskreis-Meldung: \"Wolfsblut\" spendet 18 S\u00e4cke Futter f\u00fcr Herdenschutzhunde","date":"6. Juli 2016","format":false,"excerpt":"Pressemeldung des Freundeskreises freilebender W\u00f6lfe e.V. (im Wortlaut): \"Wolfsblut\" spendet Futter f\u00fcr Herdenschutzhunde \u201eWolfsblut\u201c www.wolfsblut.com ist der Markenname dieses Hundefutters, welches sich dieser (Anm.d.R.: PM im Original) Herdenschutzhund stellvertretend f\u00fcr weitere seiner tierischen Kollegen in den vergangen Tagen schmecken lie\u00df. Herr Bernadotte von der Healthfood24 GmbH aus Leipzig \u2013 Hersteller\u2026","rel":"","context":"In &quot;Presseinformationen&quot;","img":{"alt_text":"Foto: Naturfotograf Heiko Anders","src":"https:\/\/i0.wp.com\/wolfsmonitor.de\/wp-content\/uploads\/2016\/05\/HA-Beitragsfoto-Presseinfo-1.jpg?fit=623%2C415&ssl=1&resize=350%2C200","width":350,"height":200},"classes":[]},{"id":6101,"url":"https:\/\/wolfsmonitor.de\/?p=6101","url_meta":{"origin":13844,"position":3},"title":"WWF: \"Ruf nach Wolfsabsch\u00fcssen lenkt von eigentlichen Problemen ab\"","date":"18. November 2016","format":false,"excerpt":"In der sich aktuell versch\u00e4rfenden Wolfsdebatte hat sich nun auch der WWF Deutschland eingeschaltet. In einer Pressemeldung der Umweltschutzorganisation vom 16. November hei\u00dft es (im Wortlaut): \"WWF zur Wolfsdebatte: Es braucht L\u00f6sungen f\u00fcr Nutztierhalter. \/ US-Studie: Absch\u00fcsse von Beutegreifern versch\u00e4rfen das Problem.\" \"Die Umweltschutzorganisation WWF fordert von der Politik in\u2026","rel":"","context":"In &quot;Presseinformationen&quot;","img":{"alt_text":"Wolf im Tierpark (Foto: Vogler)","src":"https:\/\/i0.wp.com\/wolfsmonitor.de\/wp-content\/uploads\/2016\/09\/Beitragsfoto-PI-PM.jpg?fit=752%2C497&ssl=1&resize=350%2C200","width":350,"height":200},"classes":[]},{"id":5411,"url":"https:\/\/wolfsmonitor.de\/?p=5411","url_meta":{"origin":13844,"position":4},"title":"Niedersachsen: Land f\u00f6rdert Wolfsschutz f\u00fcr Rinder an der Unterelbe","date":"11. Oktober 2016","format":false,"excerpt":"Nachdem das Wolfsb\u00fcro des Nieders\u00e4chsischen Landesbetriebes f\u00fcr Wasserwirtschaft, K\u00fcsten- und Naturschutz (NLWKN) bereits am 4. Oktober 2016 den Landkreis Stade zur \"F\u00f6rderkulisse Herdenschutz\" hinzugef\u00fcgt hatte und deshalb k\u00fcnftig auch dort pr\u00e4ventive Ma\u00dfnahmen zum \u201ewolfsabweisenden Herdenschutz\u201c gef\u00f6rdert werden, gab die Pressestelle des NLWKN nun bekannt, dass das Land Niedersachsen in Teilen\u2026","rel":"","context":"In &quot;Presseinformationen&quot;","img":{"alt_text":"Foto: Naturfotograf Heiko Anders","src":"https:\/\/i2.wp.com\/wolfsmonitor.de\/wp-content\/uploads\/2016\/05\/HA-Beitragsfoto-Presseinfo-2.jpg?fit=627%2C410&ssl=1&resize=350%2C200","width":350,"height":200},"classes":[]},{"id":1807,"url":"https:\/\/wolfsmonitor.de\/?p=1807","url_meta":{"origin":13844,"position":5},"title":"Goldenstedter W\u00f6lfin: Unzureichender Herdenschutz!","date":"16. November 2015","format":false,"excerpt":"Wie der Nieders\u00e4chsische Landesbetrieb f\u00fcr Wasserwirtschaft, K\u00fcsten und Naturschutz (NLWKN) heute in einer Pressemeldung mitteilte, k\u00f6nnen der \u201eGoldenstedter W\u00f6lfin\u201c bisher 11 von insgesamt 35 \u00dcbergriffen auf Nutztiere in der Region Vechta und Diepholz zugesprochen werden. Zu 94 % sind diese \u00dcbergriffe auf \u201eungesch\u00fctzten Weiden\u201c passiert und nur in zwei F\u00e4llen\u2026","rel":"","context":"In &quot;Standpunkte&quot;","img":{"alt_text":"Wolf im Tierpark Nordhorn","src":"https:\/\/i0.wp.com\/wolfsmonitor.de\/wp-content\/uploads\/2015\/07\/Foto-Kommentar-2.jpg?fit=586%2C513&ssl=1&resize=350%2C200","width":350,"height":200},"classes":[]}],"_links":{"self":[{"href":"https:\/\/wolfsmonitor.de\/index.php?rest_route=\/wp\/v2\/posts\/13844"}],"collection":[{"href":"https:\/\/wolfsmonitor.de\/index.php?rest_route=\/wp\/v2\/posts"}],"about":[{"href":"https:\/\/wolfsmonitor.de\/index.php?rest_route=\/wp\/v2\/types\/post"}],"author":[{"embeddable":true,"href":"https:\/\/wolfsmonitor.de\/index.php?rest_route=\/wp\/v2\/users\/1"}],"replies":[{"embeddable":true,"href":"https:\/\/wolfsmonitor.de\/index.php?rest_route=%2Fwp%2Fv2%2Fcomments&post=13844"}],"version-history":[{"count":5,"href":"https:\/\/wolfsmonitor.de\/index.php?rest_route=\/wp\/v2\/posts\/13844\/revisions"}],"predecessor-version":[{"id":13849,"href":"https:\/\/wolfsmonitor.de\/index.php?rest_route=\/wp\/v2\/posts\/13844\/revisions\/13849"}],"wp:featuredmedia":[{"embeddable":true,"href":"https:\/\/wolfsmonitor.de\/index.php?rest_route=\/wp\/v2\/media\/6257"}],"wp:attachment":[{"href":"https:\/\/wolfsmonitor.de\/index.php?rest_route=%2Fwp%2Fv2%2Fmedia&parent=13844"}],"wp:term":[{"taxonomy":"category","embeddable":true,"href":"https:\/\/wolfsmonitor.de\/index.php?rest_route=%2Fwp%2Fv2%2Fcategories&post=13844"},{"taxonomy":"post_tag","embeddable":true,"href":"https:\/\/wolfsmonitor.de\/index.php?rest_route=%2Fwp%2Fv2%2Ftags&post=13844"}],"curies":[{"name":"wp","href":"https:\/\/api.w.org\/{rel}","templated":true}]}}