{"id":13876,"date":"2018-05-31T06:20:56","date_gmt":"2018-05-31T04:20:56","guid":{"rendered":"https:\/\/wolfsmonitor.de\/?p=13876"},"modified":"2018-05-31T06:20:56","modified_gmt":"2018-05-31T04:20:56","slug":"aktuelle-fake-news-und-nutztiere-to-go","status":"publish","type":"post","link":"https:\/\/wolfsmonitor.de\/?p=13876","title":{"rendered":"Aktuelle \u201eFake News\u201c und Nutztiere \u201eto go\u201c"},"content":{"rendered":"<p><strong>F\u00fcr Leserinnen und Leser dieser Seite nicht neu: Wolfsmonitor hat sich abgew\u00f6hnt, jeden angeblichen Wolfsriss zu thematisieren. Gr\u00fcnde daf\u00fcr werden gerade mal wieder ausreichend geboten. Und deshalb macht es erstens wenig Sinn, Risse zu z\u00e4hlen oder auch nur dar\u00fcber zu schreiben, wenn Herdenschutzma\u00dfnahmen fehlten. Denn dann hat der Halter den W\u00f6lfen die Nutztiere quasi fahrl\u00e4ssig \u201eto go\u201c angeboten.<\/strong><!--more--><\/p>\n<p>Und zweitens stellt sich nach n\u00e4herer Pr\u00fcfung oft heraus, dass die angeblichen Nutztiere anders ums Leben kamen und Beutegreifer erst als \u201eNachnutzer\u201c auftauchten oder auch \u00fcberhaupt keine Rolle spielten. Beispiele?<\/p>\n<p>Landwirt Manfred Schock, der in der vergangenen Woche eines seiner Zuchtmastk\u00e4lber in Teschendorf (Brandenburg) tot und angefressen auf der Weide fand, geht offenbar leer aus, was die Rissentsch\u00e4digung betrifft. Mit Hilfe veterin\u00e4rpathologischer Untersuchungen stellte man n\u00e4mlich fest, dass der Tod des Tieres nicht durch einen Wolf verursacht wurde. (*1)<\/p>\n<p>Auch zwei W\u00f6lfe, die am Dienstag in der oberbayerischen Gemeinde Haag an der Amper im Landkreis Freising von einem Anrufer der Polizei gemeldet wurden, entpuppten sich schlussendlich als entlaufene Huskys. Vier H\u00fchner fielen den beiden in Inkofen zum Opfer, eine Ziege und ein Schaf wurden zudem verletzt. (*2)<\/p>\n<p>Und auch an dem vermeintlichen \u00dcbergriff eines Wolfes auf drei Hirsche bei Gr\u00e4fenthal (Th\u00fcringen) Mitte Mai gibt es inzwischen erhebliche Zweifel. Eines der vom Z\u00fcchter nachtr\u00e4glich als Beweismittel zur Verf\u00fcgung gestellten Fotos, das einen Wolf im tiefen Schnee am Waldrand zeigt, ist vermutlich zu anderer Zeit an anderer Stelle entstanden. (*3)<\/p>\n<p>Aber es geht noch dreister: Mediale Wellen schlug letzte Woche die Nachricht, dass ein Wolfsrudel 43 Jungpferde \u201eauf den weitl\u00e4ufigen Weiden des Nieders\u00e4chsischen Landgest\u00fcts Celle komplett aufgerieben\u201c haben soll. Sieben tote und drei verschwundene sowie weit mehr als 20 verletzte Pferde, teils sogar schwer verletzt, seien danach gez\u00e4hlt worden. Von der Landesregierung Niedersachen soll den Gesch\u00e4digten sowie den Bauern au\u00dferdem untersagt worden sein, diesen Vorfall an die \u00d6ffentlichkeit weiterzugeben.<\/p>\n<p>Das Landgest\u00fct distanzierte sich \u00f6ffentlich von dieser Meldung und kommentierte: <em>\u201eWir sind sehr entt\u00e4uscht dar\u00fcber, dass jemand das Landgest\u00fct und seine Hengste nutzt, um Stimmung gegen den Wolf zu machen. Wir arbeiten daran, den Verfasser dieser Nachricht zu finden.\u201c (*4)<\/em><\/p>\n<hr \/>\n<p><em><u>Quellen (alle abgerufen am 31.5.2018):<\/u><\/em><\/p>\n<p><em>(*1) maz-online am 29.5.2018: &#8222;<span class=\"pdb-article-teaser-breadcrumb-headline-title\">Fest steht: Der Wolf war es nicht&#8220;, <span style=\"color: #0000ff;\"><a style=\"color: #0000ff;\" href=\"http:\/\/www.maz-online.de\/Lokales\/Oberhavel\/Loewenberger-Land\/Fest-steht-Der-Wolf-war-es-nicht\" target=\"_blank\" rel=\"noopener\">hier der Link!<\/a><\/span><br \/>\n<\/span><\/em><\/p>\n<p><em>(*2) SZ.de am 29.5.2018: &#8222;Wildernde &#8222;W\u00f6lfe&#8220; waren Huskys&#8220;, <span style=\"color: #0000ff;\"><a style=\"color: #0000ff;\" href=\"http:\/\/www.sueddeutsche.de\/muenchen\/freising\/polizeibericht-wildernde-woelfe-waren-huskys-1.3996132\" target=\"_blank\" rel=\"noopener\"><span class=\"pdb-article-teaser-breadcrumb-headline-title\">hier der Link!<\/span><\/a><\/span><\/em><\/p>\n<p><em>(*3) otz.de am 29.5.2018: &#8222;Wolfsstreit in Volkmannsdorf oder Bayern: ein Foto, zwei Urheber&#8220;, <a href=\"https:\/\/saalfeld.otz.de\/web\/saalfeld\/startseite\/detail\/-\/specific\/Wolfsstreit-in-Volkmannsdorf-oder-Bayern-ein-Foto-zwei-Urheber-2119806773#.Ww0G0O_JQ_I.facebook\" target=\"_blank\" rel=\"noopener\"><span style=\"color: #0000ff;\">hier der Link!<\/span><\/a><\/em><\/p>\n<p><em>(*4) landgestuetcelle.de, Aktuelles: &#8222;Einen B\u00e4ren aufgebunden&#8220;, <a href=\"http:\/\/landgestuetcelle.de\/de\/aktuelles\/einen-baeren-aufgebunden.html\" target=\"_blank\" rel=\"noopener\"><span style=\"color: #0000ff;\">hier der Link!<\/span><\/a><\/em><\/p>\n<div class=\"shariff shariff-align-center shariff-widget-align-center\" data-services=\"facebook%7Ctwitter\" data-url=\"https%3A%2F%2Fwolfsmonitor.de%2F%3Fp%3D13876\" data-timestamp=\"1527747656\" data-backendurl=\"?rest_route=\/shariff\/v1\/share_counts&\"><ul class=\"shariff-buttons theme-color orientation-horizontal buttonsize-small\"><li class=\"shariff-button facebook shariff-nocustomcolor\" style=\"background-color:#4273c8\"><a href=\"https:\/\/www.facebook.com\/sharer\/sharer.php?u=https%3A%2F%2Fwolfsmonitor.de%2F%3Fp%3D13876\" title=\"Bei Facebook teilen\" aria-label=\"Bei Facebook teilen\" role=\"button\" rel=\"nofollow\" class=\"shariff-link\" style=\"; background-color:#3b5998; color:#fff\" target=\"_blank\"><span class=\"shariff-icon\" style=\"\"><svg width=\"32px\" height=\"20px\" xmlns=\"http:\/\/www.w3.org\/2000\/svg\" viewBox=\"0 0 18 32\"><path fill=\"#3b5998\" d=\"M17.1 0.2v4.7h-2.8q-1.5 0-2.1 0.6t-0.5 1.9v3.4h5.2l-0.7 5.3h-4.5v13.6h-5.5v-13.6h-4.5v-5.3h4.5v-3.9q0-3.3 1.9-5.2t5-1.8q2.6 0 4.1 0.2z\"\/><\/svg><\/span><span class=\"shariff-text\">teilen<\/span>&nbsp;<span data-service=\"facebook\" style=\"color:#3b5998\" class=\"shariff-count shariff-hidezero\"><\/span>&nbsp;<\/a><\/li><li class=\"shariff-button twitter shariff-nocustomcolor\" style=\"background-color:#32bbf5\"><a href=\"https:\/\/twitter.com\/share?url=https%3A%2F%2Fwolfsmonitor.de%2F%3Fp%3D13876&text=Aktuelle%20%E2%80%9EFake%20News%E2%80%9C%20und%20Nutztiere%20%E2%80%9Eto%20go%E2%80%9C\" title=\"Bei Twitter teilen\" aria-label=\"Bei Twitter teilen\" role=\"button\" rel=\"noopener nofollow\" class=\"shariff-link\" style=\"; background-color:#55acee; color:#fff\" target=\"_blank\"><span class=\"shariff-icon\" style=\"\"><svg width=\"32px\" height=\"20px\" xmlns=\"http:\/\/www.w3.org\/2000\/svg\" viewBox=\"0 0 30 32\"><path fill=\"#55acee\" d=\"M29.7 6.8q-1.2 1.8-3 3.1 0 0.3 0 0.8 0 2.5-0.7 4.9t-2.2 4.7-3.5 4-4.9 2.8-6.1 1q-5.1 0-9.3-2.7 0.6 0.1 1.5 0.1 4.3 0 7.6-2.6-2-0.1-3.5-1.2t-2.2-3q0.6 0.1 1.1 0.1 0.8 0 1.6-0.2-2.1-0.4-3.5-2.1t-1.4-3.9v-0.1q1.3 0.7 2.8 0.8-1.2-0.8-2-2.2t-0.7-2.9q0-1.7 0.8-3.1 2.3 2.8 5.5 4.5t7 1.9q-0.2-0.7-0.2-1.4 0-2.5 1.8-4.3t4.3-1.8q2.7 0 4.5 1.9 2.1-0.4 3.9-1.5-0.7 2.2-2.7 3.4 1.8-0.2 3.5-0.9z\"\/><\/svg><\/span><span class=\"shariff-text\">twittern<\/span>&nbsp;<span data-service=\"twitter\" style=\"color:#55acee\" class=\"shariff-count shariff-hidezero\"><\/span>&nbsp;<\/a><\/li><li class=\"shariff-button rss shariff-nocustomcolor\" style=\"background-color:#ff8c00\"><a href=\"https:\/\/wolfsmonitor.de\/?feed=rss\" title=\"RSS-feed\" aria-label=\"RSS-feed\" role=\"button\" class=\"shariff-link\" style=\"; background-color:#fe9312; color:#fff\" target=\"_blank\"><span class=\"shariff-icon\" style=\"\"><svg width=\"32px\" height=\"20px\" xmlns=\"http:\/\/www.w3.org\/2000\/svg\" viewBox=\"0 0 32 32\"><path fill=\"#fe9312\" d=\"M4.3 23.5c-2.3 0-4.3 1.9-4.3 4.3 0 2.3 1.9 4.2 4.3 4.2 2.4 0 4.3-1.9 4.3-4.2 0-2.3-1.9-4.3-4.3-4.3zM0 10.9v6.1c4 0 7.7 1.6 10.6 4.4 2.8 2.8 4.4 6.6 4.4 10.6h6.2c0-11.7-9.5-21.1-21.1-21.1zM0 0v6.1c14.2 0 25.8 11.6 25.8 25.9h6.2c0-17.6-14.4-32-32-32z\"\/><\/svg><\/span><span class=\"shariff-text\">RSS-feed<\/span>&nbsp;<\/a><\/li><li class=\"shariff-button mailto shariff-nocustomcolor\" style=\"background-color:#a8a8a8\"><a href=\"mailto:?body=https%3A%2F%2Fwolfsmonitor.de%2F%3Fp%3D13876&subject=Aktuelle%20%E2%80%9EFake%20News%E2%80%9C%20und%20Nutztiere%20%E2%80%9Eto%20go%E2%80%9C\" title=\"Per E-Mail versenden\" aria-label=\"Per E-Mail versenden\" role=\"button\" rel=\"noopener nofollow\" class=\"shariff-link\" style=\"; background-color:#999; color:#fff\"><span class=\"shariff-icon\" style=\"\"><svg width=\"32px\" height=\"20px\" xmlns=\"http:\/\/www.w3.org\/2000\/svg\" viewBox=\"0 0 32 32\"><path fill=\"#999\" d=\"M32 12.7v14.2q0 1.2-0.8 2t-2 0.9h-26.3q-1.2 0-2-0.9t-0.8-2v-14.2q0.8 0.9 1.8 1.6 6.5 4.4 8.9 6.1 1 0.8 1.6 1.2t1.7 0.9 2 0.4h0.1q0.9 0 2-0.4t1.7-0.9 1.6-1.2q3-2.2 8.9-6.1 1-0.7 1.8-1.6zM32 7.4q0 1.4-0.9 2.7t-2.2 2.2q-6.7 4.7-8.4 5.8-0.2 0.1-0.7 0.5t-1 0.7-0.9 0.6-1.1 0.5-0.9 0.2h-0.1q-0.4 0-0.9-0.2t-1.1-0.5-0.9-0.6-1-0.7-0.7-0.5q-1.6-1.1-4.7-3.2t-3.6-2.6q-1.1-0.7-2.1-2t-1-2.5q0-1.4 0.7-2.3t2.1-0.9h26.3q1.2 0 2 0.8t0.9 2z\"\/><\/svg><\/span><span class=\"shariff-text\">E-Mail<\/span>&nbsp;<\/a><\/li><li class=\"shariff-button info shariff-nocustomcolor\" style=\"background-color:#a8a8a8\"><a href=\"http:\/\/ct.de\/-2467514\" title=\"Weitere Informationen\" aria-label=\"Weitere Informationen\" role=\"button\" rel=\"noopener \" class=\"shariff-link\" style=\"; background-color:#999; color:#fff\" target=\"_blank\"><span class=\"shariff-icon\" style=\"\"><svg width=\"32px\" height=\"20px\" xmlns=\"http:\/\/www.w3.org\/2000\/svg\" viewBox=\"0 0 11 32\"><path fill=\"#999\" d=\"M11.4 24v2.3q0 0.5-0.3 0.8t-0.8 0.4h-9.1q-0.5 0-0.8-0.4t-0.4-0.8v-2.3q0-0.5 0.4-0.8t0.8-0.4h1.1v-6.8h-1.1q-0.5 0-0.8-0.4t-0.4-0.8v-2.3q0-0.5 0.4-0.8t0.8-0.4h6.8q0.5 0 0.8 0.4t0.4 0.8v10.3h1.1q0.5 0 0.8 0.4t0.3 0.8zM9.2 3.4v3.4q0 0.5-0.4 0.8t-0.8 0.4h-4.6q-0.4 0-0.8-0.4t-0.4-0.8v-3.4q0-0.4 0.4-0.8t0.8-0.4h4.6q0.5 0 0.8 0.4t0.4 0.8z\"\/><\/svg><\/span><\/a><\/li><\/ul><\/div>","protected":false},"excerpt":{"rendered":"<p>F\u00fcr Leserinnen und Leser dieser Seite nicht neu: Wolfsmonitor hat sich abgew\u00f6hnt, jeden angeblichen Wolfsriss zu thematisieren. Gr\u00fcnde daf\u00fcr werden gerade mal wieder ausreichend geboten. Und deshalb macht es erstens wenig Sinn, Risse zu z\u00e4hlen oder auch nur dar\u00fcber zu schreiben, wenn Herdenschutzma\u00dfnahmen fehlten. Denn dann hat der Halter den W\u00f6lfen die Nutztiere quasi fahrl\u00e4ssig [&hellip;]<\/p>\n<div class=\"shariff shariff-align-center shariff-widget-align-center\" data-services=\"facebook%7Ctwitter\" data-url=\"https%3A%2F%2Fwolfsmonitor.de%2F%3Fp%3D13876\" data-timestamp=\"1527747656\" data-backendurl=\"?rest_route=\/shariff\/v1\/share_counts&\"><ul class=\"shariff-buttons theme-color orientation-horizontal buttonsize-small\"><li class=\"shariff-button facebook shariff-nocustomcolor\" style=\"background-color:#4273c8\"><a href=\"https:\/\/www.facebook.com\/sharer\/sharer.php?u=https%3A%2F%2Fwolfsmonitor.de%2F%3Fp%3D13876\" title=\"Bei Facebook teilen\" aria-label=\"Bei Facebook teilen\" role=\"button\" rel=\"nofollow\" class=\"shariff-link\" style=\"; background-color:#3b5998; color:#fff\" target=\"_blank\"><span class=\"shariff-icon\" style=\"\"><svg width=\"32px\" height=\"20px\" xmlns=\"http:\/\/www.w3.org\/2000\/svg\" viewBox=\"0 0 18 32\"><path fill=\"#3b5998\" d=\"M17.1 0.2v4.7h-2.8q-1.5 0-2.1 0.6t-0.5 1.9v3.4h5.2l-0.7 5.3h-4.5v13.6h-5.5v-13.6h-4.5v-5.3h4.5v-3.9q0-3.3 1.9-5.2t5-1.8q2.6 0 4.1 0.2z\"\/><\/svg><\/span><span class=\"shariff-text\">teilen<\/span>&nbsp;<span data-service=\"facebook\" style=\"color:#3b5998\" class=\"shariff-count shariff-hidezero\"><\/span>&nbsp;<\/a><\/li><li class=\"shariff-button twitter shariff-nocustomcolor\" style=\"background-color:#32bbf5\"><a href=\"https:\/\/twitter.com\/share?url=https%3A%2F%2Fwolfsmonitor.de%2F%3Fp%3D13876&text=Aktuelle%20%E2%80%9EFake%20News%E2%80%9C%20und%20Nutztiere%20%E2%80%9Eto%20go%E2%80%9C\" title=\"Bei Twitter teilen\" aria-label=\"Bei Twitter teilen\" role=\"button\" rel=\"noopener nofollow\" class=\"shariff-link\" style=\"; background-color:#55acee; color:#fff\" target=\"_blank\"><span class=\"shariff-icon\" style=\"\"><svg width=\"32px\" height=\"20px\" xmlns=\"http:\/\/www.w3.org\/2000\/svg\" viewBox=\"0 0 30 32\"><path fill=\"#55acee\" d=\"M29.7 6.8q-1.2 1.8-3 3.1 0 0.3 0 0.8 0 2.5-0.7 4.9t-2.2 4.7-3.5 4-4.9 2.8-6.1 1q-5.1 0-9.3-2.7 0.6 0.1 1.5 0.1 4.3 0 7.6-2.6-2-0.1-3.5-1.2t-2.2-3q0.6 0.1 1.1 0.1 0.8 0 1.6-0.2-2.1-0.4-3.5-2.1t-1.4-3.9v-0.1q1.3 0.7 2.8 0.8-1.2-0.8-2-2.2t-0.7-2.9q0-1.7 0.8-3.1 2.3 2.8 5.5 4.5t7 1.9q-0.2-0.7-0.2-1.4 0-2.5 1.8-4.3t4.3-1.8q2.7 0 4.5 1.9 2.1-0.4 3.9-1.5-0.7 2.2-2.7 3.4 1.8-0.2 3.5-0.9z\"\/><\/svg><\/span><span class=\"shariff-text\">twittern<\/span>&nbsp;<span data-service=\"twitter\" style=\"color:#55acee\" class=\"shariff-count shariff-hidezero\"><\/span>&nbsp;<\/a><\/li><li class=\"shariff-button rss shariff-nocustomcolor\" style=\"background-color:#ff8c00\"><a href=\"https:\/\/wolfsmonitor.de\/?feed=rss\" title=\"RSS-feed\" aria-label=\"RSS-feed\" role=\"button\" class=\"shariff-link\" style=\"; background-color:#fe9312; color:#fff\" target=\"_blank\"><span class=\"shariff-icon\" style=\"\"><svg width=\"32px\" height=\"20px\" xmlns=\"http:\/\/www.w3.org\/2000\/svg\" viewBox=\"0 0 32 32\"><path fill=\"#fe9312\" d=\"M4.3 23.5c-2.3 0-4.3 1.9-4.3 4.3 0 2.3 1.9 4.2 4.3 4.2 2.4 0 4.3-1.9 4.3-4.2 0-2.3-1.9-4.3-4.3-4.3zM0 10.9v6.1c4 0 7.7 1.6 10.6 4.4 2.8 2.8 4.4 6.6 4.4 10.6h6.2c0-11.7-9.5-21.1-21.1-21.1zM0 0v6.1c14.2 0 25.8 11.6 25.8 25.9h6.2c0-17.6-14.4-32-32-32z\"\/><\/svg><\/span><span class=\"shariff-text\">RSS-feed<\/span>&nbsp;<\/a><\/li><li class=\"shariff-button mailto shariff-nocustomcolor\" style=\"background-color:#a8a8a8\"><a href=\"mailto:?body=https%3A%2F%2Fwolfsmonitor.de%2F%3Fp%3D13876&subject=Aktuelle%20%E2%80%9EFake%20News%E2%80%9C%20und%20Nutztiere%20%E2%80%9Eto%20go%E2%80%9C\" title=\"Per E-Mail versenden\" aria-label=\"Per E-Mail versenden\" role=\"button\" rel=\"noopener nofollow\" class=\"shariff-link\" style=\"; background-color:#999; color:#fff\"><span class=\"shariff-icon\" style=\"\"><svg width=\"32px\" height=\"20px\" xmlns=\"http:\/\/www.w3.org\/2000\/svg\" viewBox=\"0 0 32 32\"><path fill=\"#999\" d=\"M32 12.7v14.2q0 1.2-0.8 2t-2 0.9h-26.3q-1.2 0-2-0.9t-0.8-2v-14.2q0.8 0.9 1.8 1.6 6.5 4.4 8.9 6.1 1 0.8 1.6 1.2t1.7 0.9 2 0.4h0.1q0.9 0 2-0.4t1.7-0.9 1.6-1.2q3-2.2 8.9-6.1 1-0.7 1.8-1.6zM32 7.4q0 1.4-0.9 2.7t-2.2 2.2q-6.7 4.7-8.4 5.8-0.2 0.1-0.7 0.5t-1 0.7-0.9 0.6-1.1 0.5-0.9 0.2h-0.1q-0.4 0-0.9-0.2t-1.1-0.5-0.9-0.6-1-0.7-0.7-0.5q-1.6-1.1-4.7-3.2t-3.6-2.6q-1.1-0.7-2.1-2t-1-2.5q0-1.4 0.7-2.3t2.1-0.9h26.3q1.2 0 2 0.8t0.9 2z\"\/><\/svg><\/span><span class=\"shariff-text\">E-Mail<\/span>&nbsp;<\/a><\/li><li class=\"shariff-button info shariff-nocustomcolor\" style=\"background-color:#a8a8a8\"><a href=\"http:\/\/ct.de\/-2467514\" title=\"Weitere Informationen\" aria-label=\"Weitere Informationen\" role=\"button\" rel=\"noopener \" class=\"shariff-link\" style=\"; background-color:#999; color:#fff\" target=\"_blank\"><span class=\"shariff-icon\" style=\"\"><svg width=\"32px\" height=\"20px\" xmlns=\"http:\/\/www.w3.org\/2000\/svg\" viewBox=\"0 0 11 32\"><path fill=\"#999\" d=\"M11.4 24v2.3q0 0.5-0.3 0.8t-0.8 0.4h-9.1q-0.5 0-0.8-0.4t-0.4-0.8v-2.3q0-0.5 0.4-0.8t0.8-0.4h1.1v-6.8h-1.1q-0.5 0-0.8-0.4t-0.4-0.8v-2.3q0-0.5 0.4-0.8t0.8-0.4h6.8q0.5 0 0.8 0.4t0.4 0.8v10.3h1.1q0.5 0 0.8 0.4t0.3 0.8zM9.2 3.4v3.4q0 0.5-0.4 0.8t-0.8 0.4h-4.6q-0.4 0-0.8-0.4t-0.4-0.8v-3.4q0-0.4 0.4-0.8t0.8-0.4h4.6q0.5 0 0.8 0.4t0.4 0.8z\"\/><\/svg><\/span><\/a><\/li><\/ul><\/div>","protected":false},"author":1,"featured_media":2844,"comment_status":"closed","ping_status":"open","sticky":false,"template":"","format":"standard","meta":{"spay_email":""},"categories":[2355],"tags":[7736,7740,7735,7738,7739,7742,7737,7733,7734,7741,7743,43,105],"jetpack_featured_media_url":"https:\/\/i0.wp.com\/wolfsmonitor.de\/wp-content\/uploads\/2016\/03\/Beitragsfoto-Aktuell.jpg?fit=592%2C507&ssl=1","jetpack_shortlink":"https:\/\/wp.me\/p61YbU-3BO","jetpack-related-posts":[{"id":10021,"url":"https:\/\/wolfsmonitor.de\/?p=10021","url_meta":{"origin":13876,"position":0},"title":"Hat sich das Cuxhavener Wolfsrudel auf Rinderrisse spezialisiert?","date":"18. August 2017","format":false,"excerpt":"Bei seiner Antwort auf diese Frage des (nicht erneut kandidierenden) nieders\u00e4chsischen CDU-Landtagsabgeordneten Ernst- Ingolf Angermann erinnerte Umweltminister Stefan Wenzel daran, dass zur\u00fcckliegende F\u00e4lle von Wolfsrissen in der Regel auf Weiden ohne Grundschutz erfolgten. Wenzels vollst\u00e4ndige Antwort lautet: \u201eDer Nieders\u00e4chsische Minister f\u00fcr Umwelt, Energie und Klimaschutz Stefan Wenzel hat namens der\u2026","rel":"","context":"In &quot;Presseinformationen&quot;","img":{"alt_text":"Foto: Naturfotograf Heiko Anders","src":"https:\/\/i0.wp.com\/wolfsmonitor.de\/wp-content\/uploads\/2016\/05\/HA-Beitragsfoto-Presseinfo-1.jpg?fit=623%2C415&ssl=1&resize=350%2C200","width":350,"height":200},"classes":[]},{"id":6191,"url":"https:\/\/wolfsmonitor.de\/?p=6191","url_meta":{"origin":13876,"position":1},"title":"Wolfsregion Lausitz: Sch\u00e4den in s\u00e4chsischen Wolfsterritorien im Vergleich zu Vorjahren gesunken","date":"23. November 2016","format":false,"excerpt":"Das Kontaktb\u00fcro der Wolfsregion Lausitz informiert mit Datum 22.11.2016 (im Wortlaut): \"Fragen zur aktuellen Lage\" \"In den letzten Monaten h\u00e4ufen sich kritische Medienberichte zum Thema Wolf, in denen auf Probleme durch W\u00f6lfe hingewiesen und deren Regulierung gefordert wird. Die Intensit\u00e4t dieser Forderungen f\u00e4llt zeitlich zusammen mit einer H\u00e4ufung von Nutztiersch\u00e4den\u2026","rel":"","context":"In &quot;Presseinformationen&quot;","img":{"alt_text":"Foto: Naturfotograf Heiko Anders","src":"https:\/\/i2.wp.com\/wolfsmonitor.de\/wp-content\/uploads\/2016\/05\/HA-Beitragsfoto-Presseinfo-2.jpg?fit=627%2C410&ssl=1&resize=350%2C200","width":350,"height":200},"classes":[]},{"id":2691,"url":"https:\/\/wolfsmonitor.de\/?p=2691","url_meta":{"origin":13876,"position":2},"title":"Das nieders\u00e4chsische Management der W\u00f6lfe aus Schweizer Perspektive","date":"6. M\u00e4rz 2016","format":false,"excerpt":"Der Umgang mit W\u00f6lfen in Niedersachsen wird auch jenseits der Grenzen beobachtet. F\u00fcr uns Schweizer ist der Fall Niedersachsen deshalb von besonderem Interesse, weil die W\u00f6lfe hierzulande dasselbe vermeintlich problematische Verhalten aufweisen wie der wenig scheue MT6 und die zaunspringende Goldenstedter W\u00f6lfin. In der Schweiz wurde der Wolf in der\u2026","rel":"","context":"In &quot;Gastkolumne&quot;","img":{"alt_text":"David Gerke, Pr\u00e4sident der Gruppe Wolf Schweiz (Foto: privat)","src":"https:\/\/i0.wp.com\/wolfsmonitor.de\/wp-content\/uploads\/2016\/03\/Kolumnenbild-David-Gerke-1.jpg?fit=744%2C519&ssl=1&resize=350%2C200","width":350,"height":200},"classes":[]},{"id":17101,"url":"https:\/\/wolfsmonitor.de\/?p=17101","url_meta":{"origin":13876,"position":3},"title":"Allgemeines Wolfswettern aus Frankfurt","date":"15. April 2019","format":false,"excerpt":"FAZ-Redakteurin Julia L\u00f6hr scheute sich jetzt nicht davor, zwar einerseits aufwendig recherchiert - andererseits aber leider nur mit Halbwahrheiten garniert, gegen den Wolf zu wettern. Ihre Vorgehensweise: Man nehme einen scheinbar bemitleidenswerten Nutztierhalter, der angeblich bereits 35 (ungesch\u00fctzte) Tiere an die W\u00f6lfe verloren haben soll (kein Wort \u00fcbrigens davon, wie\u2026","rel":"","context":"In &quot;Aufgelesen&quot;","img":{"alt_text":"Wolf im Tierpark Nordhorn","src":"https:\/\/i1.wp.com\/wolfsmonitor.de\/wp-content\/uploads\/2015\/09\/Beitragsfoto-Aufgelesen-2.te-Fassung.jpg?fit=581%2C520&ssl=1&resize=350%2C200","width":350,"height":200},"classes":[]},{"id":10213,"url":"https:\/\/wolfsmonitor.de\/?p=10213","url_meta":{"origin":13876,"position":4},"title":"W\u00f6lfe als unverh\u00e4ltnism\u00e4\u00dfiges Wahlkampfthema","date":"31. August 2017","format":false,"excerpt":"Wie Tageszeitungen sichtlich auf den Wahlkampf einwirken k\u00f6nnen, zeigten heute die schweren Gesch\u00fctze der Neuen Osnabr\u00fccker Zeitung (NOZ). Vorgestern noch stellte CDU-Kandidat Bernd Althusmann die Landfrauen-Vorsitzende Barbara Otte-Kinast als seine neue Landwirtschaftsministerin f\u00fcr den Fall vor, dass die CDU die Landtagswahl im Oktober in Niedersachsen gewinnt (WM berichtete, hier!) Und\u2026","rel":"","context":"In &quot;Standpunkte&quot;","img":{"alt_text":"Wolf im Tierpark Nordhorn","src":"https:\/\/i0.wp.com\/wolfsmonitor.de\/wp-content\/uploads\/2015\/07\/Foto-Kommentar-2.jpg?fit=586%2C513&ssl=1&resize=350%2C200","width":350,"height":200},"classes":[]},{"id":4127,"url":"https:\/\/wolfsmonitor.de\/?p=4127","url_meta":{"origin":13876,"position":5},"title":"Brandenburg: Naturschutzverband IFAW unterst\u00fctzt zwei Projekte zum Schutz von Nutztieren","date":"5. Juli 2016","format":false,"excerpt":"Die R\u00fcckkehr der W\u00f6lfe ist leider auch mit \u00dcbergriffen von W\u00f6lfen auf unzureichend gesch\u00fctzte Nutztiere verbunden. \"Die beste Pr\u00e4ventionsma\u00dfnahme vor wolfsbedingten \u00dcbergriffen in Nutztierherden liegt in der Kombination von Elektroz\u00e4unen und dem Einsatz von Herdenschutzhunden\", hei\u00dft es deshalb in einer Pressemeldung des Ministeriums f\u00fcr L\u00e4ndliche Entwicklung, Umwelt und Landwirtschaft des\u2026","rel":"","context":"In &quot;Presseinformationen&quot;","img":{"alt_text":"Foto: Naturfotograf Heiko Anders","src":"https:\/\/i2.wp.com\/wolfsmonitor.de\/wp-content\/uploads\/2016\/05\/HA-Beitragsfoto-Presseinfo-2.jpg?fit=627%2C410&ssl=1&resize=350%2C200","width":350,"height":200},"classes":[]}],"_links":{"self":[{"href":"https:\/\/wolfsmonitor.de\/index.php?rest_route=\/wp\/v2\/posts\/13876"}],"collection":[{"href":"https:\/\/wolfsmonitor.de\/index.php?rest_route=\/wp\/v2\/posts"}],"about":[{"href":"https:\/\/wolfsmonitor.de\/index.php?rest_route=\/wp\/v2\/types\/post"}],"author":[{"embeddable":true,"href":"https:\/\/wolfsmonitor.de\/index.php?rest_route=\/wp\/v2\/users\/1"}],"replies":[{"embeddable":true,"href":"https:\/\/wolfsmonitor.de\/index.php?rest_route=%2Fwp%2Fv2%2Fcomments&post=13876"}],"version-history":[{"count":5,"href":"https:\/\/wolfsmonitor.de\/index.php?rest_route=\/wp\/v2\/posts\/13876\/revisions"}],"predecessor-version":[{"id":13882,"href":"https:\/\/wolfsmonitor.de\/index.php?rest_route=\/wp\/v2\/posts\/13876\/revisions\/13882"}],"wp:featuredmedia":[{"embeddable":true,"href":"https:\/\/wolfsmonitor.de\/index.php?rest_route=\/wp\/v2\/media\/2844"}],"wp:attachment":[{"href":"https:\/\/wolfsmonitor.de\/index.php?rest_route=%2Fwp%2Fv2%2Fmedia&parent=13876"}],"wp:term":[{"taxonomy":"category","embeddable":true,"href":"https:\/\/wolfsmonitor.de\/index.php?rest_route=%2Fwp%2Fv2%2Fcategories&post=13876"},{"taxonomy":"post_tag","embeddable":true,"href":"https:\/\/wolfsmonitor.de\/index.php?rest_route=%2Fwp%2Fv2%2Ftags&post=13876"}],"curies":[{"name":"wp","href":"https:\/\/api.w.org\/{rel}","templated":true}]}}