{"id":13955,"date":"2018-06-11T21:17:46","date_gmt":"2018-06-11T19:17:46","guid":{"rendered":"https:\/\/wolfsmonitor.de\/?p=13955"},"modified":"2018-06-11T21:17:46","modified_gmt":"2018-06-11T19:17:46","slug":"seitenblick-tag-des-luchses","status":"publish","type":"post","link":"https:\/\/wolfsmonitor.de\/?p=13955","title":{"rendered":"Seitenblick: Tag des Luchses"},"content":{"rendered":"<p><strong>Heute, am <b>11. Juni 2018, <\/b>ist der 1. internationale Tag des Luchses. Der NABU in Th\u00fcringen m\u00f6chte deshalb auf die Notwendigkeit einer grenz\u00fcberschreitenden Zusammenarbeit f\u00fcr den Luchs aufmerksam machen und fordert mehr Unterst\u00fctzung von Politik f\u00fcr die Wiedervernetzung der Lebensr\u00e4ume unserer Wildtiere.<\/strong><br \/>\n<b><\/b><!--more--><\/p>\n<p>Es gibt viele Gedenk- und Feiertage, aber vielleicht hat einen solchen Tag kaum eine Art so dringend n\u00f6tig wie der Luchs. Noch immer hat er es schwer, wird verfolgt oder stirbt im Stra\u00dfenverkehr.<\/p>\n<p>Der NABU nimmt den 1. Internationalen Tag des Luchses am 11.06.2018 zum Anlass, um auf die dringende Notwendigkeit einer grenz\u00fcberschreitenden und internationalen Zusammenarbeit f\u00fcr die bedrohte Art aufmerksam zu machen. Zudem fordern die Natursch\u00fctzer, sich mehr f\u00fcr den Schutz des Luchses und die Wiedervernetzung seiner Lebensr\u00e4ume einzusetzen.<\/p>\n<p>Silvester Tam\u00e1s, der Koordinator des th\u00fcringischen NABU-Luchsprojektes \u201ePLAN P \u2013 wie Pinselohr\u201c, berichtet: \u201eSchon 2007 hat der NABU ein bis dato einzigartiges Konzept zur Wiedervernetzung der Wildtierlebensr\u00e4ume vorgelegt \u2013 den NABU Bundeswildwegeplan.<\/p>\n<p>Seit 2010 gibt es beim NABU Th\u00fcringen einen Luchs-Aktionsplan. Seit 2015 beteiligt sich der NABU an einem Luchs-Wiederansiedlungsprojekt im Pf\u00e4lzer Wald und seit Juli 2017 setzt sich der NABU mit seinem \u201ePLAN P \u2013 wie Pinselohr: Luchse in die Mitte bitte!\u201c ganz aktiv f\u00fcr die R\u00fcckkehr des Luchses nach Th\u00fcringen ein.\u201c<\/p>\n<p>In dem vom Silvester Tam\u00e1s betreuten Projekt k\u00f6nnen sich die Erfolge sehen lassen. \u201eBereits nach einem Jahr Projektt\u00e4tigkeit gingen mehr Nachweise und Belege zu Luchsen beim NABU und den zust\u00e4ndigen Beh\u00f6rden in Th\u00fcringen ein, als in den 16 Jahren \u2013 von 2000 bis 2016 \u2013 zuvor\u201c, sagt der Luchsexperte. So gab es von 2017 bis heute eindeutige Belege f\u00fcr Luchse bei Auleben und Urbach, im Hainich, im Th\u00fcringer Wald bei Oberhof und am Ruppberg, bei Gerstungen und im Stadtwald von M\u00fchlhausen. Auch im Pf\u00e4lzer Wald sind schon erfreuliche Erfolge zu verzeichnen. Im Jahr 2017 freute man sich dort \u00fcber den ersten Nachwuchs: Filou und Palu. Laut NABU besteht dennoch noch kein Grund zum Feiern.<\/p>\n<p>Aktuell leben nach Einsch\u00e4tzung des Bundesamtes f\u00fcr Naturschutz nur 77 erwachsene Luchse in Deutschland. Erste k\u00fcnstliche Wiederansiedlungsversuche durch den Menschen gab es aber bereits in den 1970er Jahren \u2013 also vor fast 50 Jahren!<\/p>\n<p>Bislang bestehen reproduzierende, aber leider isolierte, Luchspopulationen in der Schweiz, im Harz und im Bayerischen Wald mit den angrenzenden B\u00f6hmerwaldgebieten. Silvester Tam\u00e1s fordert: \u201eDamit die Luchse in Mitteleuropa zuk\u00fcnftig auch ohne den Menschen \u00fcberlebensf\u00e4hig sind, m\u00fcssen die verinselten Einzelpopulationen miteinander vernetzt werden. Nur so ist ein ausreichender genetischer Austausch \u00fcberhaupt m\u00f6glich, um dauerhaft eine zusammenh\u00e4ngende mitteleurop\u00e4ische Metapopulation entwickeln zu k\u00f6nnen.\u201c<\/p>\n<p>Geeignete Lebensr\u00e4ume stellen die Mittelgebirge dar. Insbesondere der Th\u00fcringer Wald im gr\u00fcnen Herzen Deutschlands k\u00f6nnte hier sozusagen als zentrale Drehscheibe der Wiedervernetzung der bereits etablierten Luchslebensr\u00e4ume im Harz und im Bayerischen Wald mit den angrenzenden B\u00f6hmerwaldgebieten fungieren.<\/p>\n<p>Um die Luchse und ihre Lebensr\u00e4ume zu vernetzen, braucht es aber noch deutlich mehr Anstrengungen seitens der Politik. Der NABU sammelt bereits s\u00e4mtliche Hinweise und Belege zu Luchsen und unterst\u00fctzt damit den Freistaat Th\u00fcringen vertragsgem\u00e4\u00df bei seinen verpflichtenden Monitoringaufgaben. \u201eNoch wissen wir aber einfach zu wenig \u00fcber die Anwesenheit des Luchses und seiner Lebensumst\u00e4nde in Th\u00fcringen.\u201c<\/p>\n<p>Das NABU-Projekt \u201ePLAN P \u2013 wie Pinselohr\u201c wirbt \u00fcberdies f\u00fcr mehr Akzeptanz bei unterschiedlichsten betroffenen Interessensgruppen wie J\u00e4gern und Weidetierhaltern. \u201eWir wollen, dass der Luchs besonders von den J\u00e4gern genauso wie der Buntspecht, das Reh oder der Fliegenpilz akzeptiert wird.<\/p>\n<p>Wir wollen daf\u00fcr sorgen, dass sich die Luchse wieder gefahrlos durch unsere W\u00e4lder und \u00fcber unsere Stra\u00dfen bewegen k\u00f6nnen, nur dann hat er eine echte Chance in Mitteleuropa\u201c, so Tam\u00e1s. \u201eVor uns und dem Luchs liegt noch ein weiter Weg. Diesen Weg zu bereiten und Br\u00fccken f\u00fcr den Luchs zu schlagen, ist eines unserer Hauptanliegen im Projekt.\u201c<br \/>\n<b><\/b><\/p>\n<hr \/>\n<p><b>Hintergrund<\/b><br \/>\nDer Internationale Tag des Luchses wurde vom Projekt 3Lynx ins Leben gerufen, um Akzeptanz und F\u00f6rderung f\u00fcr den Luchs zu schaffen, wo er sich die Lebensr\u00e4ume mit den Menschen teilt oder zuk\u00fcnftig teilen k\u00f6nnte. Im Fokus des Projekts steht die l\u00e4nder\u00fcbergreifende Zusammenarbeit zwischen Deutschland, \u00d6sterreich und Tschechien. Die Herausforderung besteht darin, die Schutzma\u00dfnahmen, das Monitoring und das Management der Luchse in eine gemeinsame grenz\u00fcbergreifende Strategie zu integrieren. Der Internationale Tag des Luchses richtet sich besonders an alle Politiker, J\u00e4ger, F\u00f6rster und Natursch\u00fctzer sowie an B\u00fcrger und Wissenschaftler.<\/p>\n<hr \/>\n<p><strong>Quelle:<\/strong> NABU Th\u00fcringen am 11.6.2018, <a href=\"https:\/\/thueringen.nabu.de\/news\/2018\/24627.html\" target=\"_blank\" rel=\"noopener\"><span style=\"color: #0000ff;\">hier der Link!<\/span><\/a><\/p>\n<p>&nbsp;<\/p>\n<div class=\"shariff shariff-align-center shariff-widget-align-center\" data-services=\"facebook%7Ctwitter\" data-url=\"https%3A%2F%2Fwolfsmonitor.de%2F%3Fp%3D13955\" data-timestamp=\"1528751866\" data-backendurl=\"?rest_route=\/shariff\/v1\/share_counts&\"><ul class=\"shariff-buttons theme-color orientation-horizontal buttonsize-small\"><li class=\"shariff-button facebook shariff-nocustomcolor\" style=\"background-color:#4273c8\"><a href=\"https:\/\/www.facebook.com\/sharer\/sharer.php?u=https%3A%2F%2Fwolfsmonitor.de%2F%3Fp%3D13955\" title=\"Bei Facebook teilen\" aria-label=\"Bei Facebook teilen\" role=\"button\" rel=\"nofollow\" class=\"shariff-link\" style=\"; background-color:#3b5998; color:#fff\" target=\"_blank\"><span class=\"shariff-icon\" style=\"\"><svg width=\"32px\" height=\"20px\" xmlns=\"http:\/\/www.w3.org\/2000\/svg\" viewBox=\"0 0 18 32\"><path fill=\"#3b5998\" d=\"M17.1 0.2v4.7h-2.8q-1.5 0-2.1 0.6t-0.5 1.9v3.4h5.2l-0.7 5.3h-4.5v13.6h-5.5v-13.6h-4.5v-5.3h4.5v-3.9q0-3.3 1.9-5.2t5-1.8q2.6 0 4.1 0.2z\"\/><\/svg><\/span><span class=\"shariff-text\">teilen<\/span>&nbsp;<span data-service=\"facebook\" style=\"color:#3b5998\" class=\"shariff-count shariff-hidezero\"><\/span>&nbsp;<\/a><\/li><li class=\"shariff-button twitter shariff-nocustomcolor\" style=\"background-color:#32bbf5\"><a href=\"https:\/\/twitter.com\/share?url=https%3A%2F%2Fwolfsmonitor.de%2F%3Fp%3D13955&text=Seitenblick%3A%20Tag%20des%20Luchses\" title=\"Bei Twitter teilen\" aria-label=\"Bei Twitter teilen\" role=\"button\" rel=\"noopener nofollow\" class=\"shariff-link\" style=\"; background-color:#55acee; color:#fff\" target=\"_blank\"><span class=\"shariff-icon\" style=\"\"><svg width=\"32px\" height=\"20px\" xmlns=\"http:\/\/www.w3.org\/2000\/svg\" viewBox=\"0 0 30 32\"><path fill=\"#55acee\" d=\"M29.7 6.8q-1.2 1.8-3 3.1 0 0.3 0 0.8 0 2.5-0.7 4.9t-2.2 4.7-3.5 4-4.9 2.8-6.1 1q-5.1 0-9.3-2.7 0.6 0.1 1.5 0.1 4.3 0 7.6-2.6-2-0.1-3.5-1.2t-2.2-3q0.6 0.1 1.1 0.1 0.8 0 1.6-0.2-2.1-0.4-3.5-2.1t-1.4-3.9v-0.1q1.3 0.7 2.8 0.8-1.2-0.8-2-2.2t-0.7-2.9q0-1.7 0.8-3.1 2.3 2.8 5.5 4.5t7 1.9q-0.2-0.7-0.2-1.4 0-2.5 1.8-4.3t4.3-1.8q2.7 0 4.5 1.9 2.1-0.4 3.9-1.5-0.7 2.2-2.7 3.4 1.8-0.2 3.5-0.9z\"\/><\/svg><\/span><span class=\"shariff-text\">twittern<\/span>&nbsp;<span data-service=\"twitter\" style=\"color:#55acee\" class=\"shariff-count shariff-hidezero\"><\/span>&nbsp;<\/a><\/li><li class=\"shariff-button rss shariff-nocustomcolor\" style=\"background-color:#ff8c00\"><a href=\"https:\/\/wolfsmonitor.de\/?feed=rss\" title=\"RSS-feed\" aria-label=\"RSS-feed\" role=\"button\" class=\"shariff-link\" style=\"; background-color:#fe9312; color:#fff\" target=\"_blank\"><span class=\"shariff-icon\" style=\"\"><svg width=\"32px\" height=\"20px\" xmlns=\"http:\/\/www.w3.org\/2000\/svg\" viewBox=\"0 0 32 32\"><path fill=\"#fe9312\" d=\"M4.3 23.5c-2.3 0-4.3 1.9-4.3 4.3 0 2.3 1.9 4.2 4.3 4.2 2.4 0 4.3-1.9 4.3-4.2 0-2.3-1.9-4.3-4.3-4.3zM0 10.9v6.1c4 0 7.7 1.6 10.6 4.4 2.8 2.8 4.4 6.6 4.4 10.6h6.2c0-11.7-9.5-21.1-21.1-21.1zM0 0v6.1c14.2 0 25.8 11.6 25.8 25.9h6.2c0-17.6-14.4-32-32-32z\"\/><\/svg><\/span><span class=\"shariff-text\">RSS-feed<\/span>&nbsp;<\/a><\/li><li class=\"shariff-button mailto shariff-nocustomcolor\" style=\"background-color:#a8a8a8\"><a href=\"mailto:?body=https%3A%2F%2Fwolfsmonitor.de%2F%3Fp%3D13955&subject=Seitenblick%3A%20Tag%20des%20Luchses\" title=\"Per E-Mail versenden\" aria-label=\"Per E-Mail versenden\" role=\"button\" rel=\"noopener nofollow\" class=\"shariff-link\" style=\"; background-color:#999; color:#fff\"><span class=\"shariff-icon\" style=\"\"><svg width=\"32px\" height=\"20px\" xmlns=\"http:\/\/www.w3.org\/2000\/svg\" viewBox=\"0 0 32 32\"><path fill=\"#999\" d=\"M32 12.7v14.2q0 1.2-0.8 2t-2 0.9h-26.3q-1.2 0-2-0.9t-0.8-2v-14.2q0.8 0.9 1.8 1.6 6.5 4.4 8.9 6.1 1 0.8 1.6 1.2t1.7 0.9 2 0.4h0.1q0.9 0 2-0.4t1.7-0.9 1.6-1.2q3-2.2 8.9-6.1 1-0.7 1.8-1.6zM32 7.4q0 1.4-0.9 2.7t-2.2 2.2q-6.7 4.7-8.4 5.8-0.2 0.1-0.7 0.5t-1 0.7-0.9 0.6-1.1 0.5-0.9 0.2h-0.1q-0.4 0-0.9-0.2t-1.1-0.5-0.9-0.6-1-0.7-0.7-0.5q-1.6-1.1-4.7-3.2t-3.6-2.6q-1.1-0.7-2.1-2t-1-2.5q0-1.4 0.7-2.3t2.1-0.9h26.3q1.2 0 2 0.8t0.9 2z\"\/><\/svg><\/span><span class=\"shariff-text\">E-Mail<\/span>&nbsp;<\/a><\/li><li class=\"shariff-button info shariff-nocustomcolor\" style=\"background-color:#a8a8a8\"><a href=\"http:\/\/ct.de\/-2467514\" title=\"Weitere Informationen\" aria-label=\"Weitere Informationen\" role=\"button\" rel=\"noopener \" class=\"shariff-link\" style=\"; background-color:#999; color:#fff\" target=\"_blank\"><span class=\"shariff-icon\" style=\"\"><svg width=\"32px\" height=\"20px\" xmlns=\"http:\/\/www.w3.org\/2000\/svg\" viewBox=\"0 0 11 32\"><path fill=\"#999\" d=\"M11.4 24v2.3q0 0.5-0.3 0.8t-0.8 0.4h-9.1q-0.5 0-0.8-0.4t-0.4-0.8v-2.3q0-0.5 0.4-0.8t0.8-0.4h1.1v-6.8h-1.1q-0.5 0-0.8-0.4t-0.4-0.8v-2.3q0-0.5 0.4-0.8t0.8-0.4h6.8q0.5 0 0.8 0.4t0.4 0.8v10.3h1.1q0.5 0 0.8 0.4t0.3 0.8zM9.2 3.4v3.4q0 0.5-0.4 0.8t-0.8 0.4h-4.6q-0.4 0-0.8-0.4t-0.4-0.8v-3.4q0-0.4 0.4-0.8t0.8-0.4h4.6q0.5 0 0.8 0.4t0.4 0.8z\"\/><\/svg><\/span><\/a><\/li><\/ul><\/div>","protected":false},"excerpt":{"rendered":"<p>Heute, am 11. Juni 2018, ist der 1. internationale Tag des Luchses. Der NABU in Th\u00fcringen m\u00f6chte deshalb auf die Notwendigkeit einer grenz\u00fcberschreitenden Zusammenarbeit f\u00fcr den Luchs aufmerksam machen und fordert mehr Unterst\u00fctzung von Politik f\u00fcr die Wiedervernetzung der Lebensr\u00e4ume unserer Wildtiere.<\/p>\n<div class=\"shariff shariff-align-center shariff-widget-align-center\" data-services=\"facebook%7Ctwitter\" data-url=\"https%3A%2F%2Fwolfsmonitor.de%2F%3Fp%3D13955\" data-timestamp=\"1528751866\" data-backendurl=\"?rest_route=\/shariff\/v1\/share_counts&\"><ul class=\"shariff-buttons theme-color orientation-horizontal buttonsize-small\"><li class=\"shariff-button facebook shariff-nocustomcolor\" style=\"background-color:#4273c8\"><a href=\"https:\/\/www.facebook.com\/sharer\/sharer.php?u=https%3A%2F%2Fwolfsmonitor.de%2F%3Fp%3D13955\" title=\"Bei Facebook teilen\" aria-label=\"Bei Facebook teilen\" role=\"button\" rel=\"nofollow\" class=\"shariff-link\" style=\"; background-color:#3b5998; color:#fff\" target=\"_blank\"><span class=\"shariff-icon\" style=\"\"><svg width=\"32px\" height=\"20px\" xmlns=\"http:\/\/www.w3.org\/2000\/svg\" viewBox=\"0 0 18 32\"><path fill=\"#3b5998\" d=\"M17.1 0.2v4.7h-2.8q-1.5 0-2.1 0.6t-0.5 1.9v3.4h5.2l-0.7 5.3h-4.5v13.6h-5.5v-13.6h-4.5v-5.3h4.5v-3.9q0-3.3 1.9-5.2t5-1.8q2.6 0 4.1 0.2z\"\/><\/svg><\/span><span class=\"shariff-text\">teilen<\/span>&nbsp;<span data-service=\"facebook\" style=\"color:#3b5998\" class=\"shariff-count shariff-hidezero\"><\/span>&nbsp;<\/a><\/li><li class=\"shariff-button twitter shariff-nocustomcolor\" style=\"background-color:#32bbf5\"><a href=\"https:\/\/twitter.com\/share?url=https%3A%2F%2Fwolfsmonitor.de%2F%3Fp%3D13955&text=Seitenblick%3A%20Tag%20des%20Luchses\" title=\"Bei Twitter teilen\" aria-label=\"Bei Twitter teilen\" role=\"button\" rel=\"noopener nofollow\" class=\"shariff-link\" style=\"; background-color:#55acee; color:#fff\" target=\"_blank\"><span class=\"shariff-icon\" style=\"\"><svg width=\"32px\" height=\"20px\" xmlns=\"http:\/\/www.w3.org\/2000\/svg\" viewBox=\"0 0 30 32\"><path fill=\"#55acee\" d=\"M29.7 6.8q-1.2 1.8-3 3.1 0 0.3 0 0.8 0 2.5-0.7 4.9t-2.2 4.7-3.5 4-4.9 2.8-6.1 1q-5.1 0-9.3-2.7 0.6 0.1 1.5 0.1 4.3 0 7.6-2.6-2-0.1-3.5-1.2t-2.2-3q0.6 0.1 1.1 0.1 0.8 0 1.6-0.2-2.1-0.4-3.5-2.1t-1.4-3.9v-0.1q1.3 0.7 2.8 0.8-1.2-0.8-2-2.2t-0.7-2.9q0-1.7 0.8-3.1 2.3 2.8 5.5 4.5t7 1.9q-0.2-0.7-0.2-1.4 0-2.5 1.8-4.3t4.3-1.8q2.7 0 4.5 1.9 2.1-0.4 3.9-1.5-0.7 2.2-2.7 3.4 1.8-0.2 3.5-0.9z\"\/><\/svg><\/span><span class=\"shariff-text\">twittern<\/span>&nbsp;<span data-service=\"twitter\" style=\"color:#55acee\" class=\"shariff-count shariff-hidezero\"><\/span>&nbsp;<\/a><\/li><li class=\"shariff-button rss shariff-nocustomcolor\" style=\"background-color:#ff8c00\"><a href=\"https:\/\/wolfsmonitor.de\/?feed=rss\" title=\"RSS-feed\" aria-label=\"RSS-feed\" role=\"button\" class=\"shariff-link\" style=\"; background-color:#fe9312; color:#fff\" target=\"_blank\"><span class=\"shariff-icon\" style=\"\"><svg width=\"32px\" height=\"20px\" xmlns=\"http:\/\/www.w3.org\/2000\/svg\" viewBox=\"0 0 32 32\"><path fill=\"#fe9312\" d=\"M4.3 23.5c-2.3 0-4.3 1.9-4.3 4.3 0 2.3 1.9 4.2 4.3 4.2 2.4 0 4.3-1.9 4.3-4.2 0-2.3-1.9-4.3-4.3-4.3zM0 10.9v6.1c4 0 7.7 1.6 10.6 4.4 2.8 2.8 4.4 6.6 4.4 10.6h6.2c0-11.7-9.5-21.1-21.1-21.1zM0 0v6.1c14.2 0 25.8 11.6 25.8 25.9h6.2c0-17.6-14.4-32-32-32z\"\/><\/svg><\/span><span class=\"shariff-text\">RSS-feed<\/span>&nbsp;<\/a><\/li><li class=\"shariff-button mailto shariff-nocustomcolor\" style=\"background-color:#a8a8a8\"><a href=\"mailto:?body=https%3A%2F%2Fwolfsmonitor.de%2F%3Fp%3D13955&subject=Seitenblick%3A%20Tag%20des%20Luchses\" title=\"Per E-Mail versenden\" aria-label=\"Per E-Mail versenden\" role=\"button\" rel=\"noopener nofollow\" class=\"shariff-link\" style=\"; background-color:#999; color:#fff\"><span class=\"shariff-icon\" style=\"\"><svg width=\"32px\" height=\"20px\" xmlns=\"http:\/\/www.w3.org\/2000\/svg\" viewBox=\"0 0 32 32\"><path fill=\"#999\" d=\"M32 12.7v14.2q0 1.2-0.8 2t-2 0.9h-26.3q-1.2 0-2-0.9t-0.8-2v-14.2q0.8 0.9 1.8 1.6 6.5 4.4 8.9 6.1 1 0.8 1.6 1.2t1.7 0.9 2 0.4h0.1q0.9 0 2-0.4t1.7-0.9 1.6-1.2q3-2.2 8.9-6.1 1-0.7 1.8-1.6zM32 7.4q0 1.4-0.9 2.7t-2.2 2.2q-6.7 4.7-8.4 5.8-0.2 0.1-0.7 0.5t-1 0.7-0.9 0.6-1.1 0.5-0.9 0.2h-0.1q-0.4 0-0.9-0.2t-1.1-0.5-0.9-0.6-1-0.7-0.7-0.5q-1.6-1.1-4.7-3.2t-3.6-2.6q-1.1-0.7-2.1-2t-1-2.5q0-1.4 0.7-2.3t2.1-0.9h26.3q1.2 0 2 0.8t0.9 2z\"\/><\/svg><\/span><span class=\"shariff-text\">E-Mail<\/span>&nbsp;<\/a><\/li><li class=\"shariff-button info shariff-nocustomcolor\" style=\"background-color:#a8a8a8\"><a href=\"http:\/\/ct.de\/-2467514\" title=\"Weitere Informationen\" aria-label=\"Weitere Informationen\" role=\"button\" rel=\"noopener \" class=\"shariff-link\" style=\"; background-color:#999; color:#fff\" target=\"_blank\"><span class=\"shariff-icon\" style=\"\"><svg width=\"32px\" height=\"20px\" xmlns=\"http:\/\/www.w3.org\/2000\/svg\" viewBox=\"0 0 11 32\"><path fill=\"#999\" d=\"M11.4 24v2.3q0 0.5-0.3 0.8t-0.8 0.4h-9.1q-0.5 0-0.8-0.4t-0.4-0.8v-2.3q0-0.5 0.4-0.8t0.8-0.4h1.1v-6.8h-1.1q-0.5 0-0.8-0.4t-0.4-0.8v-2.3q0-0.5 0.4-0.8t0.8-0.4h6.8q0.5 0 0.8 0.4t0.4 0.8v10.3h1.1q0.5 0 0.8 0.4t0.3 0.8zM9.2 3.4v3.4q0 0.5-0.4 0.8t-0.8 0.4h-4.6q-0.4 0-0.8-0.4t-0.4-0.8v-3.4q0-0.4 0.4-0.8t0.8-0.4h4.6q0.5 0 0.8 0.4t0.4 0.8z\"\/><\/svg><\/span><\/a><\/li><\/ul><\/div>","protected":false},"author":1,"featured_media":2844,"comment_status":"closed","ping_status":"open","sticky":false,"template":"","format":"standard","meta":{"spay_email":""},"categories":[2355],"tags":[7771,7776,7773,7770,7769,4737,7774,7778,7768,7779,7775,6657,7777,7767,3404,6654,7772],"jetpack_featured_media_url":"https:\/\/i0.wp.com\/wolfsmonitor.de\/wp-content\/uploads\/2016\/03\/Beitragsfoto-Aktuell.jpg?fit=592%2C507&ssl=1","jetpack_shortlink":"https:\/\/wp.me\/p61YbU-3D5","jetpack-related-posts":[{"id":18155,"url":"https:\/\/wolfsmonitor.de\/?p=18155","url_meta":{"origin":13955,"position":0},"title":"Th\u00fcringen: Gr\u00fcne Umweltministerin will Ohrdrufer W\u00f6lfin erschie\u00dfen lassen","date":"11. Dezember 2019","format":false,"excerpt":"Nach einem \u00dcbergriff am vergangenen Sonntag, bei dem 24 Tiere einer gr\u00f6\u00dferen Schafherde get\u00f6tet wurden, beantragt Th\u00fcringens Umweltministerin Siegesmund offenbar den Abschuss des Tieres, dessen Revier auf dem \u00dcbungsplatz der Bundeswehr bei der Kleinstadt Ohrdruf am Th\u00fcringer Wald liegt, der Ohrdrufer W\u00f6lfin. In diesem Jahr sollen in Th\u00fcringen bislang mehr\u2026","rel":"","context":"In &quot;Aktuell&quot;","img":{"alt_text":"Stehender Wolf im Tierpark Nordhorn (Foto: Vogler)","src":"https:\/\/i0.wp.com\/wolfsmonitor.de\/wp-content\/uploads\/2016\/03\/Beitragsfoto-Aktuell.jpg?fit=592%2C507&ssl=1&resize=350%2C200","width":350,"height":200},"classes":[]},{"id":10986,"url":"https:\/\/wolfsmonitor.de\/?p=10986","url_meta":{"origin":13955,"position":1},"title":"\"Eigenn\u00fctzige Politik auf Kosten des Wolfes\"","date":"22. Oktober 2017","format":false,"excerpt":"Zum j\u00fcngsten Wolfsforum der CDU-Fraktion in Th\u00fcringen mit dem Titel \u201eDer Wolf in Th\u00fcringen \u2013 l\u00fcgt Rotk\u00e4ppchen?\u201c, das sogar Wolfsmonitor aufgrund einiger absurden Teilnehmeraussagen wie ein \u201eTollhaus\u201c vorkam (hier!), meldete sich nun auch der Naturschutzbund des Landes zu Wort. Aus dessen Sicht h\u00e4tten sich damit sowohl die Landes-CDU als auch\u2026","rel":"","context":"In &quot;Presseinformationen&quot;","img":{"alt_text":"Foto: Naturfotograf Heiko Anders","src":"https:\/\/i0.wp.com\/wolfsmonitor.de\/wp-content\/uploads\/2016\/05\/HA-Beitragsfoto-Presseinfo-1.jpg?fit=623%2C415&ssl=1&resize=350%2C200","width":350,"height":200},"classes":[]},{"id":11332,"url":"https:\/\/wolfsmonitor.de\/?p=11332","url_meta":{"origin":13955,"position":2},"title":"Tam\u00e1s: J\u00e4ger, die zum Rechtsbruch aufrufen, sollten Gewehr und Jagdschein abgeben m\u00fcssen","date":"15. November 2017","format":false,"excerpt":"Silvester Tam\u00e1s ist Ansprechpartner f\u00fcr Fragen zu Wolf, Wildkatze und Luchs in Th\u00fcringen (NABU Th\u00fcringen). In einem Interview \u00e4u\u00dferte er nun, dass sich J\u00e4ger, die den Wolfsabschuss fordern, \u2026 \u201eklar gegen geltendes Recht aussprechen. Dabei sollten sie sich klar und deutlich zum Artenschutz bekennen.\u201c Die Forderung nach Abschuss sei ein\u2026","rel":"","context":"In &quot;Aufgelesen&quot;","img":{"alt_text":"Foto: Natur- und Wildtierfotograf Heiko Anders","src":"https:\/\/i2.wp.com\/wolfsmonitor.de\/wp-content\/uploads\/2016\/05\/HA-Beitragsfoto-Aufgelesen-1.jpg?fit=654%2C436&ssl=1&resize=350%2C200","width":350,"height":200},"classes":[]},{"id":3442,"url":"https:\/\/wolfsmonitor.de\/?p=3442","url_meta":{"origin":13955,"position":3},"title":"Offener NABU-Brief an Christian Lindner","date":"10. Mai 2016","format":false,"excerpt":"Der NABU-Landesfachausschuss Wolf in NRW antwortete nun in einem \"offenen Brief\" an Christian Lindner auf die Bestrebungen der nordrhein-westf\u00e4lischen FDP, den Wolf per Antrag ins Landesjagdrecht zu \u00fcbernehmen (Wolfsmonitor berichtete - hier!). Der NABU-Brief im Wortlaut: \"Sehr geehrter Herr Lindner, wie die FDP so begr\u00fc\u00dft auch der NABU NRW die\u2026","rel":"","context":"In &quot;Aktuell&quot;","img":{"alt_text":"Stehender Wolf im Tierpark Nordhorn (Foto: Vogler)","src":"https:\/\/i0.wp.com\/wolfsmonitor.de\/wp-content\/uploads\/2016\/03\/Beitragsfoto-Aktuell.jpg?fit=592%2C507&ssl=1&resize=350%2C200","width":350,"height":200},"classes":[]},{"id":5349,"url":"https:\/\/wolfsmonitor.de\/?p=5349","url_meta":{"origin":13955,"position":4},"title":"NRW: Alle Luchs- und Wolfsberater im aktuellen \u00dcberblick","date":"8. Oktober 2016","format":false,"excerpt":"Luchs- und Wolfsichtungen sollten gemeldet werden, um das wissenschaftliche Monitoring zu unterst\u00fctzen. Doch wo? In Nordrhein-Westfalen steht daf\u00fcr bei der Nachrichtenbereitschaftszentrale des Landesamtes f\u00fcr Natur, Umwelt und Verbraucherschutz Nordrhein-Westfalen rund um die Uhr eine telefonische Hotline zur Verf\u00fcgung: Telefonnummer: 02361 305-0 Au\u00dferhalb der Gesch\u00e4ftszeiten der Nachrichtenbereitschaftszentrale und am Wochenende k\u00f6nnen\u2026","rel":"","context":"In &quot;Kurzinfo&quot;","img":{"alt_text":"Wolf im Zoo Nordhorn (Foto: Vogler)","src":"https:\/\/i2.wp.com\/wolfsmonitor.de\/wp-content\/uploads\/2016\/09\/Beitragsfoto-Kurzinfo.jpg?fit=628%2C505&ssl=1&resize=350%2C200","width":350,"height":200},"classes":[]},{"id":15560,"url":"https:\/\/wolfsmonitor.de\/?p=15560","url_meta":{"origin":13955,"position":5},"title":"Drohen strafrechtliche Konsequenzen f\u00fcr CDU-Politiker Egon Primas?","date":"24. November 2018","format":false,"excerpt":"Egon Primas, Landtagsabgeordneter in Th\u00fcringen, drohen laut der Th\u00fcringer Allgemeinen strafrechtliche Konsequenzen. Bei einer Veranstaltung in Nordhausen habe Primas \u00f6ffentlich gesagt: \u201eWir brauchen keinen Wolf. Wehret den Anf\u00e4ngen, weg, Schluss aus, weg damit \u2013 schie\u00dfen.\u201c \u201e\u00c4u\u00dferungen wie diese zum Abschuss von W\u00f6lfen\u201c seien \u201e\u00e4u\u00dferst problematisch und k\u00f6nnten bei Bekanntwerden auch\u2026","rel":"","context":"In &quot;Aufgelesen&quot;","img":{"alt_text":"Wolf im Tierpark Nordhorn","src":"https:\/\/i1.wp.com\/wolfsmonitor.de\/wp-content\/uploads\/2015\/09\/Beitragsfoto-Aufgelesen-2.te-Fassung.jpg?fit=581%2C520&ssl=1&resize=350%2C200","width":350,"height":200},"classes":[]}],"_links":{"self":[{"href":"https:\/\/wolfsmonitor.de\/index.php?rest_route=\/wp\/v2\/posts\/13955"}],"collection":[{"href":"https:\/\/wolfsmonitor.de\/index.php?rest_route=\/wp\/v2\/posts"}],"about":[{"href":"https:\/\/wolfsmonitor.de\/index.php?rest_route=\/wp\/v2\/types\/post"}],"author":[{"embeddable":true,"href":"https:\/\/wolfsmonitor.de\/index.php?rest_route=\/wp\/v2\/users\/1"}],"replies":[{"embeddable":true,"href":"https:\/\/wolfsmonitor.de\/index.php?rest_route=%2Fwp%2Fv2%2Fcomments&post=13955"}],"version-history":[{"count":2,"href":"https:\/\/wolfsmonitor.de\/index.php?rest_route=\/wp\/v2\/posts\/13955\/revisions"}],"predecessor-version":[{"id":13957,"href":"https:\/\/wolfsmonitor.de\/index.php?rest_route=\/wp\/v2\/posts\/13955\/revisions\/13957"}],"wp:featuredmedia":[{"embeddable":true,"href":"https:\/\/wolfsmonitor.de\/index.php?rest_route=\/wp\/v2\/media\/2844"}],"wp:attachment":[{"href":"https:\/\/wolfsmonitor.de\/index.php?rest_route=%2Fwp%2Fv2%2Fmedia&parent=13955"}],"wp:term":[{"taxonomy":"category","embeddable":true,"href":"https:\/\/wolfsmonitor.de\/index.php?rest_route=%2Fwp%2Fv2%2Fcategories&post=13955"},{"taxonomy":"post_tag","embeddable":true,"href":"https:\/\/wolfsmonitor.de\/index.php?rest_route=%2Fwp%2Fv2%2Ftags&post=13955"}],"curies":[{"name":"wp","href":"https:\/\/api.w.org\/{rel}","templated":true}]}}