{"id":13989,"date":"2018-06-16T13:17:20","date_gmt":"2018-06-16T11:17:20","guid":{"rendered":"https:\/\/wolfsmonitor.de\/?p=13989"},"modified":"2018-06-16T13:26:39","modified_gmt":"2018-06-16T11:26:39","slug":"deutscher-jagdverband-keilt-gegen-tierrechtler","status":"publish","type":"post","link":"https:\/\/wolfsmonitor.de\/?p=13989","title":{"rendered":"Deutscher Jagdverband keilt gegen Tierrechtler"},"content":{"rendered":"<p><strong>Statt sich der eigenen notwenigen inhaltlichen Runderneuerung zu widmen, keilt man beim Deutschen Jagdverband (DJV) nun offenbar lieber gegen extreme Tierrechtslobbyisten und l\u00e4uft so Gefahr, zunehmend selbst ins Extreme abzugleiten.<\/strong><!--more--><\/p>\n<p>Die Beleidigungen und Drohungen, die gegen die Bloggerin und J\u00e4gerin Sinah B. im Netz ge\u00e4u\u00dfert wurden, nachdem sie sich dort mit einem erlegten Fuchs gezeigt hat, sollen hier keineswegs sch\u00f6n geredet werden. Sie sind in Ihrer Sch\u00e4rfe und Form mitnichten in Ordnung und keinesfalls hinnehmbar. Als Blogger wei\u00df ich, wovon ich rede.<\/p>\n<p>Dennoch kann die Emp\u00f6rung gegen die J\u00e4gerin auch als Indikator daf\u00fcr gewertet werden, wohin sich das gesellschaftliche Bewusstsein gerade wandelt. Nachzulesen beispielsweise bei F\u00f6rster Peter Wohlleben oder dem Philosophen Richard David Precht.<\/p>\n<p>Und da der DJV nun scheinbar lieber \u201eausteilt\u201c und sich den Vorw\u00fcrfen, wie beispielsweise einer unn\u00f6tigen Beutegreiferjagd, inhaltlich nicht stellt sowie andernorts auch noch unentwegt die eigentlich sinnlose Bejagung des Wolfes fordert, lassen die Jagdfunktion\u00e4re den Eindruck zu, dass sie mit ihren aktuellen Vorw\u00fcrfen eher von den eigenen Unzul\u00e4nglichkeiten abzulenken gedenken.<\/p>\n<p>Und wenn dann DJV-Pr\u00e4sident Hartwig Fischer in einer Pressemeldung des eigenen Verbandes auch noch mitteilen l\u00e4sst, dass Tierrechtsanh\u00e4nger offensichtlich Schwierigkeiten h\u00e4tten, die Natur so zu akzeptieren, wie sie sei, dann muss er sich postwendend diesen Vorwurf selbst gefallen lassen: Denn durch die (nicht nur) vom DJV wiederholt geforderte \u201eBestandsreduzierung\u201c von W\u00f6lfen wird das Problem der Nutztier\u00fcbergriffe am Ende aller Wahrscheinlichkeit nach n\u00e4mlich sogar noch gr\u00f6\u00dfer statt kleiner.<\/p>\n<p>Das liegt offenbar so in der Natur des Wolfes. Wenn man sie so akzeptiert, wie sie ist&#8230;<\/p>\n<p>Just my two cents&#8230;<\/p>\n<p>J\u00fcrgen Vogler<\/p>\n<hr \/>\n<h4>P.S.: <em>\u201eOberfl\u00e4chlichkeit \u2013 Manchmal ist das Wasser dunkel, obwohl es nicht tief ist. Meistens ist es dann einfach dreckig.\u201c<\/em><\/h4>\n<p><strong>Elisabeth S. Pichler<\/strong><\/p>\n<hr \/>\n<p><em><u>Quelle:<\/u> jagdverband.de am 15.6.2018: \u201eDie dunkle Seite der Tierrechte\u201c, abgerufen am 16.6.2018, <a href=\"https:\/\/www.jagdverband.de\/content\/die-dunkle-seite-der-tierrechte\" target=\"_blank\" rel=\"noopener\"><span style=\"color: #0000ff;\">hier der Link!<\/span><\/a><\/em><\/p>\n<div class=\"shariff shariff-align-center shariff-widget-align-center\" data-services=\"facebook%7Ctwitter\" data-url=\"https%3A%2F%2Fwolfsmonitor.de%2F%3Fp%3D13989\" data-timestamp=\"1529155599\" data-backendurl=\"?rest_route=\/shariff\/v1\/share_counts&\"><ul class=\"shariff-buttons theme-color orientation-horizontal buttonsize-small\"><li class=\"shariff-button facebook shariff-nocustomcolor\" style=\"background-color:#4273c8\"><a href=\"https:\/\/www.facebook.com\/sharer\/sharer.php?u=https%3A%2F%2Fwolfsmonitor.de%2F%3Fp%3D13989\" title=\"Bei Facebook teilen\" aria-label=\"Bei Facebook teilen\" role=\"button\" rel=\"nofollow\" class=\"shariff-link\" style=\"; background-color:#3b5998; color:#fff\" target=\"_blank\"><span class=\"shariff-icon\" style=\"\"><svg width=\"32px\" height=\"20px\" xmlns=\"http:\/\/www.w3.org\/2000\/svg\" viewBox=\"0 0 18 32\"><path fill=\"#3b5998\" d=\"M17.1 0.2v4.7h-2.8q-1.5 0-2.1 0.6t-0.5 1.9v3.4h5.2l-0.7 5.3h-4.5v13.6h-5.5v-13.6h-4.5v-5.3h4.5v-3.9q0-3.3 1.9-5.2t5-1.8q2.6 0 4.1 0.2z\"\/><\/svg><\/span><span class=\"shariff-text\">teilen<\/span>&nbsp;<span data-service=\"facebook\" style=\"color:#3b5998\" class=\"shariff-count shariff-hidezero\"><\/span>&nbsp;<\/a><\/li><li class=\"shariff-button twitter shariff-nocustomcolor\" style=\"background-color:#32bbf5\"><a href=\"https:\/\/twitter.com\/share?url=https%3A%2F%2Fwolfsmonitor.de%2F%3Fp%3D13989&text=Deutscher%20Jagdverband%20keilt%20gegen%20Tierrechtler\" title=\"Bei Twitter teilen\" aria-label=\"Bei Twitter teilen\" role=\"button\" rel=\"noopener nofollow\" class=\"shariff-link\" style=\"; background-color:#55acee; color:#fff\" target=\"_blank\"><span class=\"shariff-icon\" style=\"\"><svg width=\"32px\" height=\"20px\" xmlns=\"http:\/\/www.w3.org\/2000\/svg\" viewBox=\"0 0 30 32\"><path fill=\"#55acee\" d=\"M29.7 6.8q-1.2 1.8-3 3.1 0 0.3 0 0.8 0 2.5-0.7 4.9t-2.2 4.7-3.5 4-4.9 2.8-6.1 1q-5.1 0-9.3-2.7 0.6 0.1 1.5 0.1 4.3 0 7.6-2.6-2-0.1-3.5-1.2t-2.2-3q0.6 0.1 1.1 0.1 0.8 0 1.6-0.2-2.1-0.4-3.5-2.1t-1.4-3.9v-0.1q1.3 0.7 2.8 0.8-1.2-0.8-2-2.2t-0.7-2.9q0-1.7 0.8-3.1 2.3 2.8 5.5 4.5t7 1.9q-0.2-0.7-0.2-1.4 0-2.5 1.8-4.3t4.3-1.8q2.7 0 4.5 1.9 2.1-0.4 3.9-1.5-0.7 2.2-2.7 3.4 1.8-0.2 3.5-0.9z\"\/><\/svg><\/span><span class=\"shariff-text\">twittern<\/span>&nbsp;<span data-service=\"twitter\" style=\"color:#55acee\" class=\"shariff-count shariff-hidezero\"><\/span>&nbsp;<\/a><\/li><li class=\"shariff-button rss shariff-nocustomcolor\" style=\"background-color:#ff8c00\"><a href=\"https:\/\/wolfsmonitor.de\/?feed=rss\" title=\"RSS-feed\" aria-label=\"RSS-feed\" role=\"button\" class=\"shariff-link\" style=\"; background-color:#fe9312; color:#fff\" target=\"_blank\"><span class=\"shariff-icon\" style=\"\"><svg width=\"32px\" height=\"20px\" xmlns=\"http:\/\/www.w3.org\/2000\/svg\" viewBox=\"0 0 32 32\"><path fill=\"#fe9312\" d=\"M4.3 23.5c-2.3 0-4.3 1.9-4.3 4.3 0 2.3 1.9 4.2 4.3 4.2 2.4 0 4.3-1.9 4.3-4.2 0-2.3-1.9-4.3-4.3-4.3zM0 10.9v6.1c4 0 7.7 1.6 10.6 4.4 2.8 2.8 4.4 6.6 4.4 10.6h6.2c0-11.7-9.5-21.1-21.1-21.1zM0 0v6.1c14.2 0 25.8 11.6 25.8 25.9h6.2c0-17.6-14.4-32-32-32z\"\/><\/svg><\/span><span class=\"shariff-text\">RSS-feed<\/span>&nbsp;<\/a><\/li><li class=\"shariff-button mailto shariff-nocustomcolor\" style=\"background-color:#a8a8a8\"><a href=\"mailto:?body=https%3A%2F%2Fwolfsmonitor.de%2F%3Fp%3D13989&subject=Deutscher%20Jagdverband%20keilt%20gegen%20Tierrechtler\" title=\"Per E-Mail versenden\" aria-label=\"Per E-Mail versenden\" role=\"button\" rel=\"noopener nofollow\" class=\"shariff-link\" style=\"; background-color:#999; color:#fff\"><span class=\"shariff-icon\" style=\"\"><svg width=\"32px\" height=\"20px\" xmlns=\"http:\/\/www.w3.org\/2000\/svg\" viewBox=\"0 0 32 32\"><path fill=\"#999\" d=\"M32 12.7v14.2q0 1.2-0.8 2t-2 0.9h-26.3q-1.2 0-2-0.9t-0.8-2v-14.2q0.8 0.9 1.8 1.6 6.5 4.4 8.9 6.1 1 0.8 1.6 1.2t1.7 0.9 2 0.4h0.1q0.9 0 2-0.4t1.7-0.9 1.6-1.2q3-2.2 8.9-6.1 1-0.7 1.8-1.6zM32 7.4q0 1.4-0.9 2.7t-2.2 2.2q-6.7 4.7-8.4 5.8-0.2 0.1-0.7 0.5t-1 0.7-0.9 0.6-1.1 0.5-0.9 0.2h-0.1q-0.4 0-0.9-0.2t-1.1-0.5-0.9-0.6-1-0.7-0.7-0.5q-1.6-1.1-4.7-3.2t-3.6-2.6q-1.1-0.7-2.1-2t-1-2.5q0-1.4 0.7-2.3t2.1-0.9h26.3q1.2 0 2 0.8t0.9 2z\"\/><\/svg><\/span><span class=\"shariff-text\">E-Mail<\/span>&nbsp;<\/a><\/li><li class=\"shariff-button info shariff-nocustomcolor\" style=\"background-color:#a8a8a8\"><a href=\"http:\/\/ct.de\/-2467514\" title=\"Weitere Informationen\" aria-label=\"Weitere Informationen\" role=\"button\" rel=\"noopener \" class=\"shariff-link\" style=\"; background-color:#999; color:#fff\" target=\"_blank\"><span class=\"shariff-icon\" style=\"\"><svg width=\"32px\" height=\"20px\" xmlns=\"http:\/\/www.w3.org\/2000\/svg\" viewBox=\"0 0 11 32\"><path fill=\"#999\" d=\"M11.4 24v2.3q0 0.5-0.3 0.8t-0.8 0.4h-9.1q-0.5 0-0.8-0.4t-0.4-0.8v-2.3q0-0.5 0.4-0.8t0.8-0.4h1.1v-6.8h-1.1q-0.5 0-0.8-0.4t-0.4-0.8v-2.3q0-0.5 0.4-0.8t0.8-0.4h6.8q0.5 0 0.8 0.4t0.4 0.8v10.3h1.1q0.5 0 0.8 0.4t0.3 0.8zM9.2 3.4v3.4q0 0.5-0.4 0.8t-0.8 0.4h-4.6q-0.4 0-0.8-0.4t-0.4-0.8v-3.4q0-0.4 0.4-0.8t0.8-0.4h4.6q0.5 0 0.8 0.4t0.4 0.8z\"\/><\/svg><\/span><\/a><\/li><\/ul><\/div>","protected":false},"excerpt":{"rendered":"<p>Statt sich der eigenen notwenigen inhaltlichen Runderneuerung zu widmen, keilt man beim Deutschen Jagdverband (DJV) nun offenbar lieber gegen extreme Tierrechtslobbyisten und l\u00e4uft so Gefahr, zunehmend selbst ins Extreme abzugleiten.<\/p>\n<div class=\"shariff shariff-align-center shariff-widget-align-center\" data-services=\"facebook%7Ctwitter\" data-url=\"https%3A%2F%2Fwolfsmonitor.de%2F%3Fp%3D13989\" data-timestamp=\"1529155599\" data-backendurl=\"?rest_route=\/shariff\/v1\/share_counts&\"><ul class=\"shariff-buttons theme-color orientation-horizontal buttonsize-small\"><li class=\"shariff-button facebook shariff-nocustomcolor\" style=\"background-color:#4273c8\"><a href=\"https:\/\/www.facebook.com\/sharer\/sharer.php?u=https%3A%2F%2Fwolfsmonitor.de%2F%3Fp%3D13989\" title=\"Bei Facebook teilen\" aria-label=\"Bei Facebook teilen\" role=\"button\" rel=\"nofollow\" class=\"shariff-link\" style=\"; background-color:#3b5998; color:#fff\" target=\"_blank\"><span class=\"shariff-icon\" style=\"\"><svg width=\"32px\" height=\"20px\" xmlns=\"http:\/\/www.w3.org\/2000\/svg\" viewBox=\"0 0 18 32\"><path fill=\"#3b5998\" d=\"M17.1 0.2v4.7h-2.8q-1.5 0-2.1 0.6t-0.5 1.9v3.4h5.2l-0.7 5.3h-4.5v13.6h-5.5v-13.6h-4.5v-5.3h4.5v-3.9q0-3.3 1.9-5.2t5-1.8q2.6 0 4.1 0.2z\"\/><\/svg><\/span><span class=\"shariff-text\">teilen<\/span>&nbsp;<span data-service=\"facebook\" style=\"color:#3b5998\" class=\"shariff-count shariff-hidezero\"><\/span>&nbsp;<\/a><\/li><li class=\"shariff-button twitter shariff-nocustomcolor\" style=\"background-color:#32bbf5\"><a href=\"https:\/\/twitter.com\/share?url=https%3A%2F%2Fwolfsmonitor.de%2F%3Fp%3D13989&text=Deutscher%20Jagdverband%20keilt%20gegen%20Tierrechtler\" title=\"Bei Twitter teilen\" aria-label=\"Bei Twitter teilen\" role=\"button\" rel=\"noopener nofollow\" class=\"shariff-link\" style=\"; background-color:#55acee; color:#fff\" target=\"_blank\"><span class=\"shariff-icon\" style=\"\"><svg width=\"32px\" height=\"20px\" xmlns=\"http:\/\/www.w3.org\/2000\/svg\" viewBox=\"0 0 30 32\"><path fill=\"#55acee\" d=\"M29.7 6.8q-1.2 1.8-3 3.1 0 0.3 0 0.8 0 2.5-0.7 4.9t-2.2 4.7-3.5 4-4.9 2.8-6.1 1q-5.1 0-9.3-2.7 0.6 0.1 1.5 0.1 4.3 0 7.6-2.6-2-0.1-3.5-1.2t-2.2-3q0.6 0.1 1.1 0.1 0.8 0 1.6-0.2-2.1-0.4-3.5-2.1t-1.4-3.9v-0.1q1.3 0.7 2.8 0.8-1.2-0.8-2-2.2t-0.7-2.9q0-1.7 0.8-3.1 2.3 2.8 5.5 4.5t7 1.9q-0.2-0.7-0.2-1.4 0-2.5 1.8-4.3t4.3-1.8q2.7 0 4.5 1.9 2.1-0.4 3.9-1.5-0.7 2.2-2.7 3.4 1.8-0.2 3.5-0.9z\"\/><\/svg><\/span><span class=\"shariff-text\">twittern<\/span>&nbsp;<span data-service=\"twitter\" style=\"color:#55acee\" class=\"shariff-count shariff-hidezero\"><\/span>&nbsp;<\/a><\/li><li class=\"shariff-button rss shariff-nocustomcolor\" style=\"background-color:#ff8c00\"><a href=\"https:\/\/wolfsmonitor.de\/?feed=rss\" title=\"RSS-feed\" aria-label=\"RSS-feed\" role=\"button\" class=\"shariff-link\" style=\"; background-color:#fe9312; color:#fff\" target=\"_blank\"><span class=\"shariff-icon\" style=\"\"><svg width=\"32px\" height=\"20px\" xmlns=\"http:\/\/www.w3.org\/2000\/svg\" viewBox=\"0 0 32 32\"><path fill=\"#fe9312\" d=\"M4.3 23.5c-2.3 0-4.3 1.9-4.3 4.3 0 2.3 1.9 4.2 4.3 4.2 2.4 0 4.3-1.9 4.3-4.2 0-2.3-1.9-4.3-4.3-4.3zM0 10.9v6.1c4 0 7.7 1.6 10.6 4.4 2.8 2.8 4.4 6.6 4.4 10.6h6.2c0-11.7-9.5-21.1-21.1-21.1zM0 0v6.1c14.2 0 25.8 11.6 25.8 25.9h6.2c0-17.6-14.4-32-32-32z\"\/><\/svg><\/span><span class=\"shariff-text\">RSS-feed<\/span>&nbsp;<\/a><\/li><li class=\"shariff-button mailto shariff-nocustomcolor\" style=\"background-color:#a8a8a8\"><a href=\"mailto:?body=https%3A%2F%2Fwolfsmonitor.de%2F%3Fp%3D13989&subject=Deutscher%20Jagdverband%20keilt%20gegen%20Tierrechtler\" title=\"Per E-Mail versenden\" aria-label=\"Per E-Mail versenden\" role=\"button\" rel=\"noopener nofollow\" class=\"shariff-link\" style=\"; background-color:#999; color:#fff\"><span class=\"shariff-icon\" style=\"\"><svg width=\"32px\" height=\"20px\" xmlns=\"http:\/\/www.w3.org\/2000\/svg\" viewBox=\"0 0 32 32\"><path fill=\"#999\" d=\"M32 12.7v14.2q0 1.2-0.8 2t-2 0.9h-26.3q-1.2 0-2-0.9t-0.8-2v-14.2q0.8 0.9 1.8 1.6 6.5 4.4 8.9 6.1 1 0.8 1.6 1.2t1.7 0.9 2 0.4h0.1q0.9 0 2-0.4t1.7-0.9 1.6-1.2q3-2.2 8.9-6.1 1-0.7 1.8-1.6zM32 7.4q0 1.4-0.9 2.7t-2.2 2.2q-6.7 4.7-8.4 5.8-0.2 0.1-0.7 0.5t-1 0.7-0.9 0.6-1.1 0.5-0.9 0.2h-0.1q-0.4 0-0.9-0.2t-1.1-0.5-0.9-0.6-1-0.7-0.7-0.5q-1.6-1.1-4.7-3.2t-3.6-2.6q-1.1-0.7-2.1-2t-1-2.5q0-1.4 0.7-2.3t2.1-0.9h26.3q1.2 0 2 0.8t0.9 2z\"\/><\/svg><\/span><span class=\"shariff-text\">E-Mail<\/span>&nbsp;<\/a><\/li><li class=\"shariff-button info shariff-nocustomcolor\" style=\"background-color:#a8a8a8\"><a href=\"http:\/\/ct.de\/-2467514\" title=\"Weitere Informationen\" aria-label=\"Weitere Informationen\" role=\"button\" rel=\"noopener \" class=\"shariff-link\" style=\"; background-color:#999; color:#fff\" target=\"_blank\"><span class=\"shariff-icon\" style=\"\"><svg width=\"32px\" height=\"20px\" xmlns=\"http:\/\/www.w3.org\/2000\/svg\" viewBox=\"0 0 11 32\"><path fill=\"#999\" d=\"M11.4 24v2.3q0 0.5-0.3 0.8t-0.8 0.4h-9.1q-0.5 0-0.8-0.4t-0.4-0.8v-2.3q0-0.5 0.4-0.8t0.8-0.4h1.1v-6.8h-1.1q-0.5 0-0.8-0.4t-0.4-0.8v-2.3q0-0.5 0.4-0.8t0.8-0.4h6.8q0.5 0 0.8 0.4t0.4 0.8v10.3h1.1q0.5 0 0.8 0.4t0.3 0.8zM9.2 3.4v3.4q0 0.5-0.4 0.8t-0.8 0.4h-4.6q-0.4 0-0.8-0.4t-0.4-0.8v-3.4q0-0.4 0.4-0.8t0.8-0.4h4.6q0.5 0 0.8 0.4t0.4 0.8z\"\/><\/svg><\/span><\/a><\/li><\/ul><\/div>","protected":false},"author":1,"featured_media":247,"comment_status":"closed","ping_status":"open","sticky":false,"template":"","format":"standard","meta":{"spay_email":""},"categories":[3],"tags":[143,181,7795,1018,1157,4176,7793,7794],"jetpack_featured_media_url":"https:\/\/i1.wp.com\/wolfsmonitor.de\/wp-content\/uploads\/2015\/04\/WM-Kommentar.jpg?fit=512%2C442&ssl=1","jetpack_shortlink":"https:\/\/wp.me\/p61YbU-3DD","jetpack-related-posts":[{"id":13180,"url":"https:\/\/wolfsmonitor.de\/?p=13180","url_meta":{"origin":13989,"position":0},"title":"Tierschutzbund: Wolf im Jagdrecht inakzeptabel \u2013  auch Bayerische J\u00e4ger lehnen Forderung ab","date":"13. April 2018","format":false,"excerpt":"Die jetzt ge\u00e4u\u00dferte Forderung des Deutschen Jagdverbandes (DJV), die Aufnahme des Wolfes in das Bundesjagdgesetz zeitnah anzustreben, lehnt der Deutsche Tierschutzverband mit starker Kritik ab. Das sei weder zielf\u00fchrend noch sinnvoll. Auch der Bayerische Jagdverband (BJV) spricht sich gegen die Aufnahme des Wolfes in das Bundesjagdgesetz ab. Das meldete die\u2026","rel":"","context":"In &quot;Nachrichten&quot;","img":{"alt_text":"","src":"https:\/\/i0.wp.com\/wolfsmonitor.de\/wp-content\/uploads\/2016\/11\/B-Foto-H.A.-Nachrichten-2.jpg?fit=767%2C574&ssl=1&resize=350%2C200","width":350,"height":200},"classes":[]},{"id":15424,"url":"https:\/\/wolfsmonitor.de\/?p=15424","url_meta":{"origin":13989,"position":1},"title":"Gef\u00fchlsecht nur mit dem Jagdverband?","date":"10. November 2018","format":false,"excerpt":"Im Vorfeld der 91. Umweltministerkonferenz, die gestern endete und beim Thema Wolf offenbar im Ergebnis nur hervorbrachte, dass sp\u00e4testens im kommenden Fr\u00fchjahr \u201eeine \u00fcberschl\u00e4gige Absch\u00e4tzung des g\u00fcnstigen Erhaltungszustandes\" und eine \u201erechtssichere Grundlage\u201c zum T\u00f6ten von vermeintlichen \u201eProblemw\u00f6lfen\u201c vorliegen soll, meldet sich auch der Deutsche Jagdverband (DJV) zu Wort. Das bemerkenswerte\u2026","rel":"","context":"In &quot;Aufgelesen&quot;","img":{"alt_text":"fotografiert von Heiko Anders","src":"https:\/\/i2.wp.com\/wolfsmonitor.de\/wp-content\/uploads\/2017\/07\/Beitragsfoto-Heiko-Anders-Aufgelesen-3-Juli-2017.jpg?fit=712%2C415&ssl=1&resize=350%2C200","width":350,"height":200},"classes":[]},{"id":5589,"url":"https:\/\/wolfsmonitor.de\/?p=5589","url_meta":{"origin":13989,"position":2},"title":"DJV: Leitfaden f\u00fcr Jagdleiter und Hundef\u00fchrer im Wolfsgebiet","date":"20. Oktober 2016","format":false,"excerpt":"Der Deutsche Jagdverband (DJV) hat einen Leitfaden f\u00fcr Jagdleiter und Hundef\u00fchrer herausgegeben. Das Faltblatt informiert \u00fcber Vorsichtsma\u00dfnahmen zu Beginn und w\u00e4hrend einer Jagd sowie bei Nachsuchen im Wolfsgebiet. Die Pressemeldung des DJV im Wortlaut: Hundearbeit im Wolfsgebiet Aktuell gibt es etwa 500 W\u00f6lfe in Deutschland. Auf Gesellschaftsjagden werden diese gelegentlich\u2026","rel":"","context":"In &quot;Presseinformationen&quot;","img":{"alt_text":"Foto: Naturfotograf Heiko Anders","src":"https:\/\/i2.wp.com\/wolfsmonitor.de\/wp-content\/uploads\/2016\/05\/HA-Beitragsfoto-Presseinfo-2.jpg?fit=627%2C410&ssl=1&resize=350%2C200","width":350,"height":200},"classes":[]},{"id":14155,"url":"https:\/\/wolfsmonitor.de\/?p=14155","url_meta":{"origin":13989,"position":3},"title":"Jagdverband kann behauptete Wolfszahlen nicht belegen","date":"6. Juli 2018","format":false,"excerpt":"Vielen kam die zuletzt von einschl\u00e4gigen Verb\u00e4nden immer h\u00e4ufiger wiederholte Behauptung ziemlich merkw\u00fcrdig vor, in Deutschland g\u00e4be es bereits mehr als 1.000 W\u00f6lfe. Nun ist ein Reporter des Senders Deutschlandfunk- Nova dieser Frage einmal genau nachgegangen. Und siehe da: Der Deutsche Jagdverband (DJV) gab auf Nachfrage zu, dass man dort\u2026","rel":"","context":"In &quot;Hintergr\u00fcnde&quot;","img":{"alt_text":"Foto: Tierfotograf Heiko Anders","src":"https:\/\/i0.wp.com\/wolfsmonitor.de\/wp-content\/uploads\/2016\/05\/HA-Beitragsfoto-Hintergr\u00fcnde-2.jpg?fit=632%2C472&ssl=1&resize=350%2C200","width":350,"height":200},"classes":[]},{"id":15199,"url":"https:\/\/wolfsmonitor.de\/?p=15199","url_meta":{"origin":13989,"position":4},"title":"Erneut ein einzigartiges Trauerspiel...","date":"23. Oktober 2018","format":false,"excerpt":"Wie ein Verband seine eigenen Mitglieder und eine unbedarfte Bev\u00f6lkerung durch Halbwahrheiten und dem Verschweigen relevanter Fakten offenbar zum Narren halten will, zeigt aktuell der Deutsche Jagdverband (DJV) mit seinem soeben ver\u00f6ffentlichten \u201eFrage-und-Antwort-Papier zum Wolf\u201c. (*1) In nahezu jeder Antwort auf die ersichtlich selbst ausgedachten Fragen finden sich entweder eklatante\u2026","rel":"","context":"In &quot;Standpunkte&quot;","img":{"alt_text":"Wolf im Tierpark Nordhorn","src":"https:\/\/i0.wp.com\/wolfsmonitor.de\/wp-content\/uploads\/2015\/07\/Foto-Kommentar-2.jpg?fit=586%2C513&ssl=1&resize=350%2C200","width":350,"height":200},"classes":[]},{"id":10275,"url":"https:\/\/wolfsmonitor.de\/?p=10275","url_meta":{"origin":13989,"position":5},"title":"Verb\u00e4nde im Widerstreit","date":"6. September 2017","format":false,"excerpt":"Acht Verb\u00e4nde, darunter die mitgliedsstarken Umweltverb\u00e4nde NABU, BUND und der Deutsche Tierschutzbund (zusammen etwa 2.000.000 Mitglieder), stellten gerade in einer gemeinsamen Stellungnahme zu Wolf und Weidetierhaltung sieben zukunftsf\u00e4hige Eckpunkte vor (Wolfsmonitor berichtete, hier!). Die Kritik daran lie\u00df jedoch nicht lange auf sich warten. Herdenschutz m\u00fcsse fachgerecht, in Wolfsgebieten fl\u00e4chendeckend und\u2026","rel":"","context":"In &quot;Hintergr\u00fcnde&quot;","img":{"alt_text":"Foto: Tierfotograf Heiko Anders","src":"https:\/\/i0.wp.com\/wolfsmonitor.de\/wp-content\/uploads\/2016\/05\/HA-Beitragsfoto-Hintergr\u00fcnde-2.jpg?fit=632%2C472&ssl=1&resize=350%2C200","width":350,"height":200},"classes":[]}],"_links":{"self":[{"href":"https:\/\/wolfsmonitor.de\/index.php?rest_route=\/wp\/v2\/posts\/13989"}],"collection":[{"href":"https:\/\/wolfsmonitor.de\/index.php?rest_route=\/wp\/v2\/posts"}],"about":[{"href":"https:\/\/wolfsmonitor.de\/index.php?rest_route=\/wp\/v2\/types\/post"}],"author":[{"embeddable":true,"href":"https:\/\/wolfsmonitor.de\/index.php?rest_route=\/wp\/v2\/users\/1"}],"replies":[{"embeddable":true,"href":"https:\/\/wolfsmonitor.de\/index.php?rest_route=%2Fwp%2Fv2%2Fcomments&post=13989"}],"version-history":[{"count":6,"href":"https:\/\/wolfsmonitor.de\/index.php?rest_route=\/wp\/v2\/posts\/13989\/revisions"}],"predecessor-version":[{"id":13998,"href":"https:\/\/wolfsmonitor.de\/index.php?rest_route=\/wp\/v2\/posts\/13989\/revisions\/13998"}],"wp:featuredmedia":[{"embeddable":true,"href":"https:\/\/wolfsmonitor.de\/index.php?rest_route=\/wp\/v2\/media\/247"}],"wp:attachment":[{"href":"https:\/\/wolfsmonitor.de\/index.php?rest_route=%2Fwp%2Fv2%2Fmedia&parent=13989"}],"wp:term":[{"taxonomy":"category","embeddable":true,"href":"https:\/\/wolfsmonitor.de\/index.php?rest_route=%2Fwp%2Fv2%2Fcategories&post=13989"},{"taxonomy":"post_tag","embeddable":true,"href":"https:\/\/wolfsmonitor.de\/index.php?rest_route=%2Fwp%2Fv2%2Ftags&post=13989"}],"curies":[{"name":"wp","href":"https:\/\/api.w.org\/{rel}","templated":true}]}}