{"id":14051,"date":"2018-06-25T07:56:22","date_gmt":"2018-06-25T05:56:22","guid":{"rendered":"https:\/\/wolfsmonitor.de\/?p=14051"},"modified":"2018-06-25T08:05:02","modified_gmt":"2018-06-25T06:05:02","slug":"schafzuchtlobbyistin","status":"publish","type":"post","link":"https:\/\/wolfsmonitor.de\/?p=14051","title":{"rendered":"Schafzuchtlobbyistin"},"content":{"rendered":"<p><strong>Manchmal kommt man sich vor wie im Kindergarten. Anlass dazu gibt aktuell Anette Wohlfarth, die Gesch\u00e4ftsf\u00fchrerin des Schafzuchtverbandes in Baden-W\u00fcrttemberg, die den Lesern des Schwarzw\u00e4lder Boten offenbar nicht ganz zu Unrecht als \u201eLobbyistin\u201c vorgestellt wird. Obwohl, &#8211; die Lobbyisten, die ich pers\u00f6nlich kenne, widersprechen sich nicht so erkennbar wie jetzt offenkundig Wohlfarth, die den Wolf als gr\u00f6\u00dftes Problem bezeichnet.<\/strong><!--more--><\/p>\n<p>Mal abgesehen davon, dass es keinen auch nur halbwegs tragf\u00e4higen Beweis f\u00fcr die angeblich mehr als 1.000 W\u00f6lfe in Deutschland gibt, bei der EU, die laut Wohlfarth f\u00fcr knapp 60 Prozent der Eink\u00fcnfte der Sch\u00e4fer verantwortlich ist, handelt es sich um dieselbe EU, die den Schutz der W\u00f6lfe zu garantieren gedenkt. Das sollte man nicht vergessen, wenn man Wasser predigt und Wein trinkt.<\/p>\n<p>Und dass die Anzahl der Schafzuchtbetriebe in Baden-W\u00fcrttemberg in den letzten 15 Jahren um ein Drittel gesunken ist, k\u00f6nnte man \u2013 b\u00f6se formuliert \u2013 eher inkompetenten Schafzuchtfunktion\u00e4ren anlasten, als den W\u00f6lfen.<\/p>\n<p>Die gab es in diesem Bundesland n\u00e4mlich in dieser Zeit nur sporadisch. Schafzuchtfunktion\u00e4re wie Wohlfarth dagegen kontinuierlich.<\/p>\n<p>Die Feststellung ist nat\u00fcrlich auch nicht sehr seri\u00f6s! Ebenfalls eher Kindergarten. Aber wo wir doch schon dabei sind&#8230;<em><br \/>\n<\/em><\/p>\n<hr \/>\n<p><em><u>Quelle:<\/u><\/em> <em>Schwarzw\u00e4lder Bote<\/em>: \u201e<em>K\u00e4mpferische Warnung vor dem Wolf\u201c von Martin Bernklau am 24.06.2018, <span style=\"color: #0000ff;\"><a style=\"color: #0000ff;\" href=\"https:\/\/www.schwarzwaelder-bote.de\/inhalt.wildberg-kaempferische-warnung-vor-dem-wolf.008886be-6b4b-4ff2-a459-ffa0ad1d0cb4.html\" target=\"_blank\" rel=\"noopener\">hier der Link!<\/a><\/span><\/em><\/p>\n<hr \/>\n<p class=\"ox-63e9d6e5a4-MsoNormal\"><em>Beitragsfoto: Heiko Anders, <a href=\"http:\/\/www.andersfotografiert.com\" target=\"_blank\" rel=\"noopener\"><span style=\"color: #0000ff;\">www.andersfotografiert.com<\/span><\/a><\/em><\/p>\n<p class=\"ox-8fa0bdae36-MsoNormal\"><em>(Anmerkung: F\u00fcr die Richtigkeit der Angaben und Inhalte der verlinkten Webseiten wie auch f\u00fcr den Umstand, dass nicht ausgeschlossen werden kann, dass dort Daten erhoben werden, wird keinerlei Gew\u00e4hr \u00fcbernommen)<\/em><\/p>\n<p>&nbsp;<\/p>\n<div class=\"shariff shariff-align-center shariff-widget-align-center\" data-services=\"facebook%7Ctwitter\" data-url=\"https%3A%2F%2Fwolfsmonitor.de%2F%3Fp%3D14051\" data-timestamp=\"1529913902\" data-backendurl=\"?rest_route=\/shariff\/v1\/share_counts&\"><ul class=\"shariff-buttons theme-color orientation-horizontal buttonsize-small\"><li class=\"shariff-button facebook shariff-nocustomcolor\" style=\"background-color:#4273c8\"><a href=\"https:\/\/www.facebook.com\/sharer\/sharer.php?u=https%3A%2F%2Fwolfsmonitor.de%2F%3Fp%3D14051\" title=\"Bei Facebook teilen\" aria-label=\"Bei Facebook teilen\" role=\"button\" rel=\"nofollow\" class=\"shariff-link\" style=\"; background-color:#3b5998; color:#fff\" target=\"_blank\"><span class=\"shariff-icon\" style=\"\"><svg width=\"32px\" height=\"20px\" xmlns=\"http:\/\/www.w3.org\/2000\/svg\" viewBox=\"0 0 18 32\"><path fill=\"#3b5998\" d=\"M17.1 0.2v4.7h-2.8q-1.5 0-2.1 0.6t-0.5 1.9v3.4h5.2l-0.7 5.3h-4.5v13.6h-5.5v-13.6h-4.5v-5.3h4.5v-3.9q0-3.3 1.9-5.2t5-1.8q2.6 0 4.1 0.2z\"\/><\/svg><\/span><span class=\"shariff-text\">teilen<\/span>&nbsp;<span data-service=\"facebook\" style=\"color:#3b5998\" class=\"shariff-count shariff-hidezero\"><\/span>&nbsp;<\/a><\/li><li class=\"shariff-button twitter shariff-nocustomcolor\" style=\"background-color:#32bbf5\"><a href=\"https:\/\/twitter.com\/share?url=https%3A%2F%2Fwolfsmonitor.de%2F%3Fp%3D14051&text=Schafzuchtlobbyistin\" title=\"Bei Twitter teilen\" aria-label=\"Bei Twitter teilen\" role=\"button\" rel=\"noopener nofollow\" class=\"shariff-link\" style=\"; background-color:#55acee; color:#fff\" target=\"_blank\"><span class=\"shariff-icon\" style=\"\"><svg width=\"32px\" height=\"20px\" xmlns=\"http:\/\/www.w3.org\/2000\/svg\" viewBox=\"0 0 30 32\"><path fill=\"#55acee\" d=\"M29.7 6.8q-1.2 1.8-3 3.1 0 0.3 0 0.8 0 2.5-0.7 4.9t-2.2 4.7-3.5 4-4.9 2.8-6.1 1q-5.1 0-9.3-2.7 0.6 0.1 1.5 0.1 4.3 0 7.6-2.6-2-0.1-3.5-1.2t-2.2-3q0.6 0.1 1.1 0.1 0.8 0 1.6-0.2-2.1-0.4-3.5-2.1t-1.4-3.9v-0.1q1.3 0.7 2.8 0.8-1.2-0.8-2-2.2t-0.7-2.9q0-1.7 0.8-3.1 2.3 2.8 5.5 4.5t7 1.9q-0.2-0.7-0.2-1.4 0-2.5 1.8-4.3t4.3-1.8q2.7 0 4.5 1.9 2.1-0.4 3.9-1.5-0.7 2.2-2.7 3.4 1.8-0.2 3.5-0.9z\"\/><\/svg><\/span><span class=\"shariff-text\">twittern<\/span>&nbsp;<span data-service=\"twitter\" style=\"color:#55acee\" class=\"shariff-count shariff-hidezero\"><\/span>&nbsp;<\/a><\/li><li class=\"shariff-button rss shariff-nocustomcolor\" style=\"background-color:#ff8c00\"><a href=\"https:\/\/wolfsmonitor.de\/?feed=rss\" title=\"RSS-feed\" aria-label=\"RSS-feed\" role=\"button\" class=\"shariff-link\" style=\"; background-color:#fe9312; color:#fff\" target=\"_blank\"><span class=\"shariff-icon\" style=\"\"><svg width=\"32px\" height=\"20px\" xmlns=\"http:\/\/www.w3.org\/2000\/svg\" viewBox=\"0 0 32 32\"><path fill=\"#fe9312\" d=\"M4.3 23.5c-2.3 0-4.3 1.9-4.3 4.3 0 2.3 1.9 4.2 4.3 4.2 2.4 0 4.3-1.9 4.3-4.2 0-2.3-1.9-4.3-4.3-4.3zM0 10.9v6.1c4 0 7.7 1.6 10.6 4.4 2.8 2.8 4.4 6.6 4.4 10.6h6.2c0-11.7-9.5-21.1-21.1-21.1zM0 0v6.1c14.2 0 25.8 11.6 25.8 25.9h6.2c0-17.6-14.4-32-32-32z\"\/><\/svg><\/span><span class=\"shariff-text\">RSS-feed<\/span>&nbsp;<\/a><\/li><li class=\"shariff-button mailto shariff-nocustomcolor\" style=\"background-color:#a8a8a8\"><a href=\"mailto:?body=https%3A%2F%2Fwolfsmonitor.de%2F%3Fp%3D14051&subject=Schafzuchtlobbyistin\" title=\"Per E-Mail versenden\" aria-label=\"Per E-Mail versenden\" role=\"button\" rel=\"noopener nofollow\" class=\"shariff-link\" style=\"; background-color:#999; color:#fff\"><span class=\"shariff-icon\" style=\"\"><svg width=\"32px\" height=\"20px\" xmlns=\"http:\/\/www.w3.org\/2000\/svg\" viewBox=\"0 0 32 32\"><path fill=\"#999\" d=\"M32 12.7v14.2q0 1.2-0.8 2t-2 0.9h-26.3q-1.2 0-2-0.9t-0.8-2v-14.2q0.8 0.9 1.8 1.6 6.5 4.4 8.9 6.1 1 0.8 1.6 1.2t1.7 0.9 2 0.4h0.1q0.9 0 2-0.4t1.7-0.9 1.6-1.2q3-2.2 8.9-6.1 1-0.7 1.8-1.6zM32 7.4q0 1.4-0.9 2.7t-2.2 2.2q-6.7 4.7-8.4 5.8-0.2 0.1-0.7 0.5t-1 0.7-0.9 0.6-1.1 0.5-0.9 0.2h-0.1q-0.4 0-0.9-0.2t-1.1-0.5-0.9-0.6-1-0.7-0.7-0.5q-1.6-1.1-4.7-3.2t-3.6-2.6q-1.1-0.7-2.1-2t-1-2.5q0-1.4 0.7-2.3t2.1-0.9h26.3q1.2 0 2 0.8t0.9 2z\"\/><\/svg><\/span><span class=\"shariff-text\">E-Mail<\/span>&nbsp;<\/a><\/li><li class=\"shariff-button info shariff-nocustomcolor\" style=\"background-color:#a8a8a8\"><a href=\"http:\/\/ct.de\/-2467514\" title=\"Weitere Informationen\" aria-label=\"Weitere Informationen\" role=\"button\" rel=\"noopener \" class=\"shariff-link\" style=\"; background-color:#999; color:#fff\" target=\"_blank\"><span class=\"shariff-icon\" style=\"\"><svg width=\"32px\" height=\"20px\" xmlns=\"http:\/\/www.w3.org\/2000\/svg\" viewBox=\"0 0 11 32\"><path fill=\"#999\" d=\"M11.4 24v2.3q0 0.5-0.3 0.8t-0.8 0.4h-9.1q-0.5 0-0.8-0.4t-0.4-0.8v-2.3q0-0.5 0.4-0.8t0.8-0.4h1.1v-6.8h-1.1q-0.5 0-0.8-0.4t-0.4-0.8v-2.3q0-0.5 0.4-0.8t0.8-0.4h6.8q0.5 0 0.8 0.4t0.4 0.8v10.3h1.1q0.5 0 0.8 0.4t0.3 0.8zM9.2 3.4v3.4q0 0.5-0.4 0.8t-0.8 0.4h-4.6q-0.4 0-0.8-0.4t-0.4-0.8v-3.4q0-0.4 0.4-0.8t0.8-0.4h4.6q0.5 0 0.8 0.4t0.4 0.8z\"\/><\/svg><\/span><\/a><\/li><\/ul><\/div>","protected":false},"excerpt":{"rendered":"<p>Manchmal kommt man sich vor wie im Kindergarten. Anlass dazu gibt aktuell Anette Wohlfarth, die Gesch\u00e4ftsf\u00fchrerin des Schafzuchtverbandes in Baden-W\u00fcrttemberg, die den Lesern des Schwarzw\u00e4lder Boten offenbar nicht ganz zu Unrecht als \u201eLobbyistin\u201c vorgestellt wird. Obwohl, &#8211; die Lobbyisten, die ich pers\u00f6nlich kenne, widersprechen sich nicht so erkennbar wie jetzt offenkundig Wohlfarth, die den Wolf [&hellip;]<\/p>\n<div class=\"shariff shariff-align-center shariff-widget-align-center\" data-services=\"facebook%7Ctwitter\" data-url=\"https%3A%2F%2Fwolfsmonitor.de%2F%3Fp%3D14051\" data-timestamp=\"1529913902\" data-backendurl=\"?rest_route=\/shariff\/v1\/share_counts&\"><ul class=\"shariff-buttons theme-color orientation-horizontal buttonsize-small\"><li class=\"shariff-button facebook shariff-nocustomcolor\" style=\"background-color:#4273c8\"><a href=\"https:\/\/www.facebook.com\/sharer\/sharer.php?u=https%3A%2F%2Fwolfsmonitor.de%2F%3Fp%3D14051\" title=\"Bei Facebook teilen\" aria-label=\"Bei Facebook teilen\" role=\"button\" rel=\"nofollow\" class=\"shariff-link\" style=\"; background-color:#3b5998; color:#fff\" target=\"_blank\"><span class=\"shariff-icon\" style=\"\"><svg width=\"32px\" height=\"20px\" xmlns=\"http:\/\/www.w3.org\/2000\/svg\" viewBox=\"0 0 18 32\"><path fill=\"#3b5998\" d=\"M17.1 0.2v4.7h-2.8q-1.5 0-2.1 0.6t-0.5 1.9v3.4h5.2l-0.7 5.3h-4.5v13.6h-5.5v-13.6h-4.5v-5.3h4.5v-3.9q0-3.3 1.9-5.2t5-1.8q2.6 0 4.1 0.2z\"\/><\/svg><\/span><span class=\"shariff-text\">teilen<\/span>&nbsp;<span data-service=\"facebook\" style=\"color:#3b5998\" class=\"shariff-count shariff-hidezero\"><\/span>&nbsp;<\/a><\/li><li class=\"shariff-button twitter shariff-nocustomcolor\" style=\"background-color:#32bbf5\"><a href=\"https:\/\/twitter.com\/share?url=https%3A%2F%2Fwolfsmonitor.de%2F%3Fp%3D14051&text=Schafzuchtlobbyistin\" title=\"Bei Twitter teilen\" aria-label=\"Bei Twitter teilen\" role=\"button\" rel=\"noopener nofollow\" class=\"shariff-link\" style=\"; background-color:#55acee; color:#fff\" target=\"_blank\"><span class=\"shariff-icon\" style=\"\"><svg width=\"32px\" height=\"20px\" xmlns=\"http:\/\/www.w3.org\/2000\/svg\" viewBox=\"0 0 30 32\"><path fill=\"#55acee\" d=\"M29.7 6.8q-1.2 1.8-3 3.1 0 0.3 0 0.8 0 2.5-0.7 4.9t-2.2 4.7-3.5 4-4.9 2.8-6.1 1q-5.1 0-9.3-2.7 0.6 0.1 1.5 0.1 4.3 0 7.6-2.6-2-0.1-3.5-1.2t-2.2-3q0.6 0.1 1.1 0.1 0.8 0 1.6-0.2-2.1-0.4-3.5-2.1t-1.4-3.9v-0.1q1.3 0.7 2.8 0.8-1.2-0.8-2-2.2t-0.7-2.9q0-1.7 0.8-3.1 2.3 2.8 5.5 4.5t7 1.9q-0.2-0.7-0.2-1.4 0-2.5 1.8-4.3t4.3-1.8q2.7 0 4.5 1.9 2.1-0.4 3.9-1.5-0.7 2.2-2.7 3.4 1.8-0.2 3.5-0.9z\"\/><\/svg><\/span><span class=\"shariff-text\">twittern<\/span>&nbsp;<span data-service=\"twitter\" style=\"color:#55acee\" class=\"shariff-count shariff-hidezero\"><\/span>&nbsp;<\/a><\/li><li class=\"shariff-button rss shariff-nocustomcolor\" style=\"background-color:#ff8c00\"><a href=\"https:\/\/wolfsmonitor.de\/?feed=rss\" title=\"RSS-feed\" aria-label=\"RSS-feed\" role=\"button\" class=\"shariff-link\" style=\"; background-color:#fe9312; color:#fff\" target=\"_blank\"><span class=\"shariff-icon\" style=\"\"><svg width=\"32px\" height=\"20px\" xmlns=\"http:\/\/www.w3.org\/2000\/svg\" viewBox=\"0 0 32 32\"><path fill=\"#fe9312\" d=\"M4.3 23.5c-2.3 0-4.3 1.9-4.3 4.3 0 2.3 1.9 4.2 4.3 4.2 2.4 0 4.3-1.9 4.3-4.2 0-2.3-1.9-4.3-4.3-4.3zM0 10.9v6.1c4 0 7.7 1.6 10.6 4.4 2.8 2.8 4.4 6.6 4.4 10.6h6.2c0-11.7-9.5-21.1-21.1-21.1zM0 0v6.1c14.2 0 25.8 11.6 25.8 25.9h6.2c0-17.6-14.4-32-32-32z\"\/><\/svg><\/span><span class=\"shariff-text\">RSS-feed<\/span>&nbsp;<\/a><\/li><li class=\"shariff-button mailto shariff-nocustomcolor\" style=\"background-color:#a8a8a8\"><a href=\"mailto:?body=https%3A%2F%2Fwolfsmonitor.de%2F%3Fp%3D14051&subject=Schafzuchtlobbyistin\" title=\"Per E-Mail versenden\" aria-label=\"Per E-Mail versenden\" role=\"button\" rel=\"noopener nofollow\" class=\"shariff-link\" style=\"; background-color:#999; color:#fff\"><span class=\"shariff-icon\" style=\"\"><svg width=\"32px\" height=\"20px\" xmlns=\"http:\/\/www.w3.org\/2000\/svg\" viewBox=\"0 0 32 32\"><path fill=\"#999\" d=\"M32 12.7v14.2q0 1.2-0.8 2t-2 0.9h-26.3q-1.2 0-2-0.9t-0.8-2v-14.2q0.8 0.9 1.8 1.6 6.5 4.4 8.9 6.1 1 0.8 1.6 1.2t1.7 0.9 2 0.4h0.1q0.9 0 2-0.4t1.7-0.9 1.6-1.2q3-2.2 8.9-6.1 1-0.7 1.8-1.6zM32 7.4q0 1.4-0.9 2.7t-2.2 2.2q-6.7 4.7-8.4 5.8-0.2 0.1-0.7 0.5t-1 0.7-0.9 0.6-1.1 0.5-0.9 0.2h-0.1q-0.4 0-0.9-0.2t-1.1-0.5-0.9-0.6-1-0.7-0.7-0.5q-1.6-1.1-4.7-3.2t-3.6-2.6q-1.1-0.7-2.1-2t-1-2.5q0-1.4 0.7-2.3t2.1-0.9h26.3q1.2 0 2 0.8t0.9 2z\"\/><\/svg><\/span><span class=\"shariff-text\">E-Mail<\/span>&nbsp;<\/a><\/li><li class=\"shariff-button info shariff-nocustomcolor\" style=\"background-color:#a8a8a8\"><a href=\"http:\/\/ct.de\/-2467514\" title=\"Weitere Informationen\" aria-label=\"Weitere Informationen\" role=\"button\" rel=\"noopener \" class=\"shariff-link\" style=\"; background-color:#999; color:#fff\" target=\"_blank\"><span class=\"shariff-icon\" style=\"\"><svg width=\"32px\" height=\"20px\" xmlns=\"http:\/\/www.w3.org\/2000\/svg\" viewBox=\"0 0 11 32\"><path fill=\"#999\" d=\"M11.4 24v2.3q0 0.5-0.3 0.8t-0.8 0.4h-9.1q-0.5 0-0.8-0.4t-0.4-0.8v-2.3q0-0.5 0.4-0.8t0.8-0.4h1.1v-6.8h-1.1q-0.5 0-0.8-0.4t-0.4-0.8v-2.3q0-0.5 0.4-0.8t0.8-0.4h6.8q0.5 0 0.8 0.4t0.4 0.8v10.3h1.1q0.5 0 0.8 0.4t0.3 0.8zM9.2 3.4v3.4q0 0.5-0.4 0.8t-0.8 0.4h-4.6q-0.4 0-0.8-0.4t-0.4-0.8v-3.4q0-0.4 0.4-0.8t0.8-0.4h4.6q0.5 0 0.8 0.4t0.4 0.8z\"\/><\/svg><\/span><\/a><\/li><\/ul><\/div>","protected":false},"author":1,"featured_media":3512,"comment_status":"closed","ping_status":"open","sticky":false,"template":"","format":"standard","meta":{"spay_email":""},"categories":[126],"tags":[5092,1576,7818,7817,7124,43],"jetpack_featured_media_url":"https:\/\/i2.wp.com\/wolfsmonitor.de\/wp-content\/uploads\/2016\/05\/HA-Beitragsfoto-Aufgelesen-1.jpg?fit=654%2C436&ssl=1","jetpack_shortlink":"https:\/\/wp.me\/p61YbU-3ED","jetpack-related-posts":[{"id":13517,"url":"https:\/\/wolfsmonitor.de\/?p=13517","url_meta":{"origin":14051,"position":0},"title":"Nieders\u00e4chsischer Wolf machts m\u00f6glich: Nordschwarzwald bald offiziell Wolfsgebiet?","date":"7. Mai 2018","format":false,"excerpt":"Ein bekannter J\u00e4hrlings-R\u00fcde mit der Kennung \"GW852m\" aus einem Rudel, das in der N\u00e4he der Stadt Schneverdingen beheimatet ist, soll nach Ansicht von Mitarbeitern der Forstlichen Versuchs- und Forschungsanstalt (FVA) Baden-W\u00fcrttemberg daf\u00fcr verantwortlich sein, dass im Nordschwarzwald bei Bad Wildbad \u00fcber 40 Schafe zu Tode kamen. Das berichtete Axel H.\u2026","rel":"","context":"In &quot;Aufgelesen&quot;","img":{"alt_text":"Foto: Wildtierfotograf Heiko Anders","src":"https:\/\/i2.wp.com\/wolfsmonitor.de\/wp-content\/uploads\/2016\/05\/HA-Beitragsfoto-Aufgelesen-2.jpg?fit=625%2C469&ssl=1&resize=350%2C200","width":350,"height":200},"classes":[]},{"id":8731,"url":"https:\/\/wolfsmonitor.de\/?p=8731","url_meta":{"origin":14051,"position":1},"title":"Jagdverband in Baden-W\u00fcrttemberg warnt vor Fake-News einer \"einschl\u00e4gigen Gruppe\"","date":"4. Mai 2017","format":false,"excerpt":"Offenbar gibt es in Baden-W\u00fcrttemberg eine \"einschl\u00e4gige Gruppe um die bekannte Silke E.\", die Fake-News und fragw\u00fcrdige Handlungsempfehlungen im Internet streut. Der \u00d6kologische Jagdverband (\u00d6JV) Baden- W\u00fcrttemberg sieht sich deshalb zu einer Klarstellung veranlasst. Die Meldung des Jagdverbandes im Wortlaut: \"Stellungnahme des wildbiologischen Referenten des \u00d6JV BaW\u00fc zu den verst\u00e4rkt\u2026","rel":"","context":"In &quot;Presseinformationen&quot;","img":{"alt_text":"Foto: Naturfotograf Heiko Anders","src":"https:\/\/i0.wp.com\/wolfsmonitor.de\/wp-content\/uploads\/2016\/05\/HA-Beitragsfoto-Presseinfo-1.jpg?fit=623%2C415&ssl=1&resize=350%2C200","width":350,"height":200},"classes":[]},{"id":9935,"url":"https:\/\/wolfsmonitor.de\/?p=9935","url_meta":{"origin":14051,"position":2},"title":"\u00d6JV-Baden-W\u00fcrttemberg: \u201eDie Absicht des illegalen Wolfsabschusses ist klar!\u201c","date":"10. August 2017","format":false,"excerpt":"Den illegal erschossenen \u201eSchwarzwald-Wolf\u201c vom Schluchsee (WM berichtete, hier!) kommentiert der \u00d6kologische Jagdverband Baden-W\u00fcrttemberg auf seiner Facebook-Seite wie folgt: \u201eDer Wolf, der 2016 in Schneverdingen\/Niedersachsen geboren wurde und nach mehreren Beobachtungen in anderen Bundesl\u00e4ndern bei Reutlingendorf zum ersten Mal in Baden-W\u00fcrttemberg gesichtet wurde (nicht, wie die Presse gerne schreibt am\u2026","rel":"","context":"In &quot;Hintergr\u00fcnde&quot;","img":{"alt_text":"Wolf im Tierpark Nordhorn","src":"https:\/\/i2.wp.com\/wolfsmonitor.de\/wp-content\/uploads\/2015\/09\/Beitragsfoto-Hintergr\u00fcnde.jpg?fit=572%2C508&ssl=1&resize=350%2C200","width":350,"height":200},"classes":[]},{"id":12767,"url":"https:\/\/wolfsmonitor.de\/?p=12767","url_meta":{"origin":14051,"position":3},"title":"Gemeinsames Wolfsmanagement im S\u00fcdwesten im Prinzip eine gute Idee, aber....","date":"7. M\u00e4rz 2018","format":false,"excerpt":"Baden-W\u00fcrttemberg, Hessen, Rheinland-Pfalz und das Saarland wollen k\u00fcnftig im Wolfsmanagement zusammenarbeiten. Das ist eine wirklich gute Nachricht, denn dadurch zeigt sich: Der F\u00f6deralismus in Deutschland befl\u00fcgelt den Wettbewerb der Ideen und erm\u00f6glicht dennoch die Zusammenarbeit \u00fcber L\u00e4ndergrenzen hinweg, wenn es sinnvoll erscheint. Und das Subsidiarit\u00e4tsprinzip sorgt erg\u00e4nzend daf\u00fcr, dass die\u2026","rel":"","context":"In &quot;Standpunkte&quot;","img":{"alt_text":"Wolf im Tierpark Nordhorn","src":"https:\/\/i1.wp.com\/wolfsmonitor.de\/wp-content\/uploads\/2015\/04\/WM-Kommentar.jpg?fit=512%2C442&ssl=1&resize=350%2C200","width":350,"height":200},"classes":[]},{"id":6969,"url":"https:\/\/wolfsmonitor.de\/?p=6969","url_meta":{"origin":14051,"position":4},"title":"Die \"v\u00f6llige Narrenfreiheit\" des Wolfes und derer, die ihm an den Kragen wollen...","date":"2. Januar 2017","format":false,"excerpt":"Die R\u00fcckkehr des Wolfes nach Baden-W\u00fcrttemberg ist bisher alles andere als eine Erfolgsgeschichte. Die letzte Wolfsichtung \u2013 von den Medien nach mehr als 150 Jahren entsprechend \u201egefeiert\u201c - liegt nun auch schon mehr als ein halbes Jahr zur\u00fcck. Der damals nachgewiesene Wolf humpelte \u00fcberdies auch noch (welch ein Omen!). Bereits\u2026","rel":"","context":"In &quot;Aufgelesen&quot;","img":{"alt_text":"Wolf im Tierpark Nordhorn","src":"https:\/\/i1.wp.com\/wolfsmonitor.de\/wp-content\/uploads\/2015\/09\/Beitragsfoto-Aufgelesen-2.te-Fassung.jpg?fit=581%2C520&ssl=1&resize=350%2C200","width":350,"height":200},"classes":[]},{"id":3617,"url":"https:\/\/wolfsmonitor.de\/?p=3617","url_meta":{"origin":14051,"position":5},"title":"Nix los am Wochenende? Oh doch...","date":"22. Mai 2016","format":false,"excerpt":"Es kommt mir so vor, als w\u00e4re es \u2013 was die W\u00f6lfe betrifft \u2013 ein sehr ruhiges Wochenende gewesen. Oder doch nicht? Die Statistiken meines Webseitenhosters zeigen mir, dass rund 2\/3 der Wolfsmonitor-Leserinnen und Leser keine Facebook & Co.- Herkunft haben. Das d\u00fcrfte bedeuten, dass sie nichts von dem mitkriegen,\u2026","rel":"","context":"In &quot;Aufgelesen&quot;","img":{"alt_text":"Foto: Natur- und Wildtierfotograf Heiko Anders","src":"https:\/\/i2.wp.com\/wolfsmonitor.de\/wp-content\/uploads\/2016\/05\/HA-Beitragsfoto-Aufgelesen-1.jpg?fit=654%2C436&ssl=1&resize=350%2C200","width":350,"height":200},"classes":[]}],"_links":{"self":[{"href":"https:\/\/wolfsmonitor.de\/index.php?rest_route=\/wp\/v2\/posts\/14051"}],"collection":[{"href":"https:\/\/wolfsmonitor.de\/index.php?rest_route=\/wp\/v2\/posts"}],"about":[{"href":"https:\/\/wolfsmonitor.de\/index.php?rest_route=\/wp\/v2\/types\/post"}],"author":[{"embeddable":true,"href":"https:\/\/wolfsmonitor.de\/index.php?rest_route=\/wp\/v2\/users\/1"}],"replies":[{"embeddable":true,"href":"https:\/\/wolfsmonitor.de\/index.php?rest_route=%2Fwp%2Fv2%2Fcomments&post=14051"}],"version-history":[{"count":9,"href":"https:\/\/wolfsmonitor.de\/index.php?rest_route=\/wp\/v2\/posts\/14051\/revisions"}],"predecessor-version":[{"id":14064,"href":"https:\/\/wolfsmonitor.de\/index.php?rest_route=\/wp\/v2\/posts\/14051\/revisions\/14064"}],"wp:featuredmedia":[{"embeddable":true,"href":"https:\/\/wolfsmonitor.de\/index.php?rest_route=\/wp\/v2\/media\/3512"}],"wp:attachment":[{"href":"https:\/\/wolfsmonitor.de\/index.php?rest_route=%2Fwp%2Fv2%2Fmedia&parent=14051"}],"wp:term":[{"taxonomy":"category","embeddable":true,"href":"https:\/\/wolfsmonitor.de\/index.php?rest_route=%2Fwp%2Fv2%2Fcategories&post=14051"},{"taxonomy":"post_tag","embeddable":true,"href":"https:\/\/wolfsmonitor.de\/index.php?rest_route=%2Fwp%2Fv2%2Ftags&post=14051"}],"curies":[{"name":"wp","href":"https:\/\/api.w.org\/{rel}","templated":true}]}}