{"id":14506,"date":"2018-08-07T08:02:17","date_gmt":"2018-08-07T06:02:17","guid":{"rendered":"https:\/\/wolfsmonitor.de\/?p=14506"},"modified":"2018-08-07T08:02:17","modified_gmt":"2018-08-07T06:02:17","slug":"nachrichten-sechs-aktuelle-meldungen","status":"publish","type":"post","link":"https:\/\/wolfsmonitor.de\/?p=14506","title":{"rendered":"Nachrichten &#8211; sechs aktuelle Meldungen"},"content":{"rendered":"<p><strong>In Niedersachsen sind mit zwei weiteren Nachweisen bei Garlstedt (Landkreis Osterholz) und in Ebstorf (Landkreis Uelzen) zwei neue Wolfsrudel nachgewiesen worden, nachdem in der letzten Woche noch neue Rudel in Meppen (Emsland) und im Landkreis L\u00fcchow-Dannenberg vermeldet werden konnten. Das Monitoring in Niedersachsen z\u00e4hlt somit insgesamt 18 Rudel. Allerdings ist noch unklar, ob wirklich alle 18 Rudel noch bestehen, da in diesem Jahr in einigen Rudeln noch kein Nachwuchs nachgewiesen werden konnte. (*1)<\/strong><!--more--><\/p>\n<p>In Schleswig\u2013Holstein hat das Landesamt f\u00fcr Landwirtschaft, Umwelt und l\u00e4ndliche R\u00e4ume (LLUR) in Flintbek Zweifel an den Angaben eines Sch\u00e4fers, der seit 2015 insgesamt 11 F\u00e4lle gemeldet hat, in denen W\u00f6lfe seine Schafe gerissen haben sollen. Der Wolf konnte jedoch in keinem einzigen Fall tats\u00e4chlich nachgewiesen werden. (*2)<\/p>\n<hr \/>\n<p>In Lenzen (Prignitz\/Brandenburg) will Sch\u00e4fer Marc Mennle, nachdem er trotz des Einsatzes von mehreren Herdenschutzhunden drei Schafe \u201everloren\u201c hat, offiziell den Abschuss des vermeintichen Wolfes beantragen. Allerdings erst, wenn mit dem Rissgutachten auch der Beweis vorliegt, dass die \u00dcbergriffe tats\u00e4chlich von einem Wolf verursacht wurden. Die \u00dcbergriffe fanden &#8211; von den Hunden scheinbar unbemerkt &#8211; direkt in der N\u00e4he des Elektrozaunes statt. Das Ganze wirkt auf den Au\u00dfenstehenden dennoch merkw\u00fcrdig, standen die Hunde doch offenbar kurz davor, den T\u00e4ter nachhaltig zu &#8222;vergr\u00e4men&#8220;. (*3)<\/p>\n<hr \/>\n<p>Die Cellesche-Zeitung berichtete unterdessen, dass das Umweltministerium in Niedersachsen seinen Wolfsberater nun endg\u00fcltig einen \u201eMaulkorb\u201c verpasst habe. <em>\u201eDass man als Ehrenamtlicher nur noch die Meinung des Ministeriums wiedergeben darf, ist eine Frechheit&#8220;<\/em>, so der Celler Wolfsberater Volkhard Pohlmann gegen\u00fcber der Zeitung. Im entsprechenden Schreiben, das Wolfsmonitor vorliegt, hei\u00dft es beispielsweise:<\/p>\n<p><em>\u2026 \u201eBei der Aufnahme von Nutztierrissen bitten wir Sie daher, eine Vorwegnahme der Verursacherschaft sowie deren Wahrscheinlichkeit zu unterlassen.\u201c (S.3)\u2026<\/em><\/p>\n<hr \/>\n<p>In Nordrhein-Westfalen gab es in diesem Jahr erst acht Wolfsnachweise. Es fehle allerdings ein Nachweis f\u00fcr einen dauerhaften Aufenthalt von W\u00f6lfen, sagte eine Sprecherin des Naturschutzbundes NABU. Insgesamt z\u00e4hlt man in dem Bundesland 37 Wolfsnachweise seit 2009. (*5)<\/p>\n<hr \/>\n<p>Neun Brandenburger St\u00e4dte und Gemeinden haben sich \u2013 so meldet die BZ &#8211; nun zu \u201ewolfsfreien Zonen&#8220; erkl\u00e4rt. Die Idee hatte Reinhard Jung, der Chef des Brandenburger Bauernbunds. Der Nebenerwerbs-Landwirt fordert seit Jahren den Abschuss von W\u00f6lfen. Immer mehr Landsleute scheinen diesen Aufrufen offenbar zu folgen, denn k\u00fcrzlich wurden kurz nacheinander drei illegal geschossene W\u00f6lfe allein aus Brandenburg gemeldet (<span style=\"color: #0000ff;\"><a style=\"color: #0000ff;\" href=\"https:\/\/wolfsmonitor.de\/?p=14391\" target=\"_blank\" rel=\"noopener\">hier!<\/a><\/span>). Auf die Frage der BZ, was \u201ewolfsfreie Zonen\u201c eigentlich n\u00fctzen, antwortete Ministeriumssprecher Jens-Uwe Schade: <em>\u201eNichts, sie w\u00fcrden das Problem nur von einem Dorf ins andere verlagern.\u201c<\/em> (*6)<\/p>\n<hr \/>\n<p><em><u>Quellen (alle abgerufen am 6.8.2018):<\/u><\/em><\/p>\n<p><em>(*1) NDR.de am 6.8.2018: \u201eZwei weitere Wolfsrudel nachgewiesen\u201c, <span style=\"color: #0000ff;\"><a style=\"color: #0000ff;\" href=\"https:\/\/www.ndr.de\/nachrichten\/niedersachsen\/oldenburg_ostfriesland\/Zwei-weitere-Wolfsrudel-nachgewiesen,wolfsrudel146.html\" target=\"_blank\" rel=\"noopener\">hier der Link!<\/a><\/span><br \/>\n<\/em><\/p>\n<p><em>(*2) kn-online.de am\u00a0 6.8.2018: \u201eWolf unter falschem Verdacht?\u201c, <a href=\"http:\/\/www.kn-online.de\/Nachrichten\/Schleswig-Holstein\/Kritik-an-Schafhalter-Wolf-unter-falschem-Verdacht?utm_campaign=Echobox&amp;utm_medium=Social&amp;utm_source=Facebook#Echobox=1533535049\" target=\"_blank\" rel=\"noopener\"><span style=\"color: #0000ff;\">hier der Link!<\/span><\/a><\/em><\/p>\n<p><em>(*3) svz.de am 3.8.2018: \u201eSch\u00e4fer bangt um seine Existenz &#8211; Abschuss des Wolfes beantragt\u201c, <a href=\"https:\/\/www.svz.de\/lokales\/prignitz\/schaefer-bangt-um-seine-existenz-abschuss-des-wolfes-beantragt-id20615397.html\" target=\"_blank\" rel=\"noopener\"><span style=\"color: #0000ff;\">hier der Link!<\/span><\/a><\/em><\/p>\n<p><em>(*4) Cellesche-Zeitung: \u201eUmweltministerium verpasst Celler Wolfsberatern Maulkorb\u201c, <a href=\"http:\/\/www.cellesche-zeitung.de\/S5435632\/Umweltministerium-verpasst-Celler-Wolfsberatern-Maulkorb\" target=\"_blank\" rel=\"noopener\"><span style=\"color: #0000ff;\">hier der Link!<\/span><\/a><\/em><\/p>\n<p><em>(*5) Westfalen-Blatt am 4.8.2018: \u201eWolf auf Stippvisite in NRW: Bislang acht Nachweise in diesem Jahr\u201c, <a href=\"http:\/\/www.westfalen-blatt.de\/OWL\/Bielefeld\/Bielefeld\/3420212-Zuletzt-Tier-in-der-Senne-fotografiert-Wolf-auf-Stippvisite-in-NRW-Bislang-acht-Nachweise-in-diesem-Jahr\" target=\"_blank\" rel=\"noopener\"><span style=\"color: #0000ff;\">hier der Link!<\/span><\/a><\/em><\/p>\n<p><em>(*6) bz-berlin.de am 6.8.2018 von Michael Sauerbier: \u201eBrandenburg hat jetzt neun \u201ewolfsfreie Zonen\u201c, <a href=\"https:\/\/www.bz-berlin.de\/berlin\/umland\/bauernbund-fordert-wolfsfreie-zonen-in-brandenburg\" target=\"_blank\" rel=\"noopener\"><span style=\"color: #0000ff;\">hier der Link!<\/span><\/a><\/em><\/p>\n<hr \/>\n<p class=\"ox-63e9d6e5a4-MsoNormal\"><em>Beitragsfoto: Heiko Anders, <a href=\"http:\/\/www.andersfotografiert.com\" target=\"_blank\" rel=\"noopener\"><span style=\"color: #0000ff;\">www.andersfotografiert.com<\/span><\/a><\/em><\/p>\n<p class=\"ox-8fa0bdae36-MsoNormal\"><em>(Anmerkung: F\u00fcr die Richtigkeit der Angaben und Inhalte der verlinkten Webseiten wie auch f\u00fcr den Umstand, dass nicht ausgeschlossen werden kann, dass dort Daten erhoben werden, wird keinerlei Gew\u00e4hr \u00fcbernommen)<\/em><\/p>\n<div class=\"shariff shariff-align-center shariff-widget-align-center\" data-services=\"facebook%7Ctwitter\" data-url=\"https%3A%2F%2Fwolfsmonitor.de%2F%3Fp%3D14506\" data-timestamp=\"1533628937\" data-backendurl=\"?rest_route=\/shariff\/v1\/share_counts&\"><ul class=\"shariff-buttons theme-color orientation-horizontal buttonsize-small\"><li class=\"shariff-button facebook shariff-nocustomcolor\" style=\"background-color:#4273c8\"><a href=\"https:\/\/www.facebook.com\/sharer\/sharer.php?u=https%3A%2F%2Fwolfsmonitor.de%2F%3Fp%3D14506\" title=\"Bei Facebook teilen\" aria-label=\"Bei Facebook teilen\" role=\"button\" rel=\"nofollow\" class=\"shariff-link\" style=\"; background-color:#3b5998; color:#fff\" target=\"_blank\"><span class=\"shariff-icon\" style=\"\"><svg width=\"32px\" height=\"20px\" xmlns=\"http:\/\/www.w3.org\/2000\/svg\" viewBox=\"0 0 18 32\"><path fill=\"#3b5998\" d=\"M17.1 0.2v4.7h-2.8q-1.5 0-2.1 0.6t-0.5 1.9v3.4h5.2l-0.7 5.3h-4.5v13.6h-5.5v-13.6h-4.5v-5.3h4.5v-3.9q0-3.3 1.9-5.2t5-1.8q2.6 0 4.1 0.2z\"\/><\/svg><\/span><span class=\"shariff-text\">teilen<\/span>&nbsp;<span data-service=\"facebook\" style=\"color:#3b5998\" class=\"shariff-count shariff-hidezero\"><\/span>&nbsp;<\/a><\/li><li class=\"shariff-button twitter shariff-nocustomcolor\" style=\"background-color:#32bbf5\"><a href=\"https:\/\/twitter.com\/share?url=https%3A%2F%2Fwolfsmonitor.de%2F%3Fp%3D14506&text=Nachrichten%20%E2%80%93%20sechs%20aktuelle%20Meldungen\" title=\"Bei Twitter teilen\" aria-label=\"Bei Twitter teilen\" role=\"button\" rel=\"noopener nofollow\" class=\"shariff-link\" style=\"; background-color:#55acee; color:#fff\" target=\"_blank\"><span class=\"shariff-icon\" style=\"\"><svg width=\"32px\" height=\"20px\" xmlns=\"http:\/\/www.w3.org\/2000\/svg\" viewBox=\"0 0 30 32\"><path fill=\"#55acee\" d=\"M29.7 6.8q-1.2 1.8-3 3.1 0 0.3 0 0.8 0 2.5-0.7 4.9t-2.2 4.7-3.5 4-4.9 2.8-6.1 1q-5.1 0-9.3-2.7 0.6 0.1 1.5 0.1 4.3 0 7.6-2.6-2-0.1-3.5-1.2t-2.2-3q0.6 0.1 1.1 0.1 0.8 0 1.6-0.2-2.1-0.4-3.5-2.1t-1.4-3.9v-0.1q1.3 0.7 2.8 0.8-1.2-0.8-2-2.2t-0.7-2.9q0-1.7 0.8-3.1 2.3 2.8 5.5 4.5t7 1.9q-0.2-0.7-0.2-1.4 0-2.5 1.8-4.3t4.3-1.8q2.7 0 4.5 1.9 2.1-0.4 3.9-1.5-0.7 2.2-2.7 3.4 1.8-0.2 3.5-0.9z\"\/><\/svg><\/span><span class=\"shariff-text\">twittern<\/span>&nbsp;<span data-service=\"twitter\" style=\"color:#55acee\" class=\"shariff-count shariff-hidezero\"><\/span>&nbsp;<\/a><\/li><li class=\"shariff-button rss shariff-nocustomcolor\" style=\"background-color:#ff8c00\"><a href=\"https:\/\/wolfsmonitor.de\/?feed=rss\" title=\"RSS-feed\" aria-label=\"RSS-feed\" role=\"button\" class=\"shariff-link\" style=\"; background-color:#fe9312; color:#fff\" target=\"_blank\"><span class=\"shariff-icon\" style=\"\"><svg width=\"32px\" height=\"20px\" xmlns=\"http:\/\/www.w3.org\/2000\/svg\" viewBox=\"0 0 32 32\"><path fill=\"#fe9312\" d=\"M4.3 23.5c-2.3 0-4.3 1.9-4.3 4.3 0 2.3 1.9 4.2 4.3 4.2 2.4 0 4.3-1.9 4.3-4.2 0-2.3-1.9-4.3-4.3-4.3zM0 10.9v6.1c4 0 7.7 1.6 10.6 4.4 2.8 2.8 4.4 6.6 4.4 10.6h6.2c0-11.7-9.5-21.1-21.1-21.1zM0 0v6.1c14.2 0 25.8 11.6 25.8 25.9h6.2c0-17.6-14.4-32-32-32z\"\/><\/svg><\/span><span class=\"shariff-text\">RSS-feed<\/span>&nbsp;<\/a><\/li><li class=\"shariff-button mailto shariff-nocustomcolor\" style=\"background-color:#a8a8a8\"><a href=\"mailto:?body=https%3A%2F%2Fwolfsmonitor.de%2F%3Fp%3D14506&subject=Nachrichten%20%E2%80%93%20sechs%20aktuelle%20Meldungen\" title=\"Per E-Mail versenden\" aria-label=\"Per E-Mail versenden\" role=\"button\" rel=\"noopener nofollow\" class=\"shariff-link\" style=\"; background-color:#999; color:#fff\"><span class=\"shariff-icon\" style=\"\"><svg width=\"32px\" height=\"20px\" xmlns=\"http:\/\/www.w3.org\/2000\/svg\" viewBox=\"0 0 32 32\"><path fill=\"#999\" d=\"M32 12.7v14.2q0 1.2-0.8 2t-2 0.9h-26.3q-1.2 0-2-0.9t-0.8-2v-14.2q0.8 0.9 1.8 1.6 6.5 4.4 8.9 6.1 1 0.8 1.6 1.2t1.7 0.9 2 0.4h0.1q0.9 0 2-0.4t1.7-0.9 1.6-1.2q3-2.2 8.9-6.1 1-0.7 1.8-1.6zM32 7.4q0 1.4-0.9 2.7t-2.2 2.2q-6.7 4.7-8.4 5.8-0.2 0.1-0.7 0.5t-1 0.7-0.9 0.6-1.1 0.5-0.9 0.2h-0.1q-0.4 0-0.9-0.2t-1.1-0.5-0.9-0.6-1-0.7-0.7-0.5q-1.6-1.1-4.7-3.2t-3.6-2.6q-1.1-0.7-2.1-2t-1-2.5q0-1.4 0.7-2.3t2.1-0.9h26.3q1.2 0 2 0.8t0.9 2z\"\/><\/svg><\/span><span class=\"shariff-text\">E-Mail<\/span>&nbsp;<\/a><\/li><li class=\"shariff-button info shariff-nocustomcolor\" style=\"background-color:#a8a8a8\"><a href=\"http:\/\/ct.de\/-2467514\" title=\"Weitere Informationen\" aria-label=\"Weitere Informationen\" role=\"button\" rel=\"noopener \" class=\"shariff-link\" style=\"; background-color:#999; color:#fff\" target=\"_blank\"><span class=\"shariff-icon\" style=\"\"><svg width=\"32px\" height=\"20px\" xmlns=\"http:\/\/www.w3.org\/2000\/svg\" viewBox=\"0 0 11 32\"><path fill=\"#999\" d=\"M11.4 24v2.3q0 0.5-0.3 0.8t-0.8 0.4h-9.1q-0.5 0-0.8-0.4t-0.4-0.8v-2.3q0-0.5 0.4-0.8t0.8-0.4h1.1v-6.8h-1.1q-0.5 0-0.8-0.4t-0.4-0.8v-2.3q0-0.5 0.4-0.8t0.8-0.4h6.8q0.5 0 0.8 0.4t0.4 0.8v10.3h1.1q0.5 0 0.8 0.4t0.3 0.8zM9.2 3.4v3.4q0 0.5-0.4 0.8t-0.8 0.4h-4.6q-0.4 0-0.8-0.4t-0.4-0.8v-3.4q0-0.4 0.4-0.8t0.8-0.4h4.6q0.5 0 0.8 0.4t0.4 0.8z\"\/><\/svg><\/span><\/a><\/li><\/ul><\/div>","protected":false},"excerpt":{"rendered":"<p>In Niedersachsen sind mit zwei weiteren Nachweisen bei Garlstedt (Landkreis Osterholz) und in Ebstorf (Landkreis Uelzen) zwei neue Wolfsrudel nachgewiesen worden, nachdem in der letzten Woche noch neue Rudel in Meppen (Emsland) und im Landkreis L\u00fcchow-Dannenberg vermeldet werden konnten. Das Monitoring in Niedersachsen z\u00e4hlt somit insgesamt 18 Rudel. Allerdings ist noch unklar, ob wirklich alle [&hellip;]<\/p>\n<div class=\"shariff shariff-align-center shariff-widget-align-center\" data-services=\"facebook%7Ctwitter\" data-url=\"https%3A%2F%2Fwolfsmonitor.de%2F%3Fp%3D14506\" data-timestamp=\"1533628937\" data-backendurl=\"?rest_route=\/shariff\/v1\/share_counts&\"><ul class=\"shariff-buttons theme-color orientation-horizontal buttonsize-small\"><li class=\"shariff-button facebook shariff-nocustomcolor\" style=\"background-color:#4273c8\"><a href=\"https:\/\/www.facebook.com\/sharer\/sharer.php?u=https%3A%2F%2Fwolfsmonitor.de%2F%3Fp%3D14506\" title=\"Bei Facebook teilen\" aria-label=\"Bei Facebook teilen\" role=\"button\" rel=\"nofollow\" class=\"shariff-link\" style=\"; background-color:#3b5998; color:#fff\" target=\"_blank\"><span class=\"shariff-icon\" style=\"\"><svg width=\"32px\" height=\"20px\" xmlns=\"http:\/\/www.w3.org\/2000\/svg\" viewBox=\"0 0 18 32\"><path fill=\"#3b5998\" d=\"M17.1 0.2v4.7h-2.8q-1.5 0-2.1 0.6t-0.5 1.9v3.4h5.2l-0.7 5.3h-4.5v13.6h-5.5v-13.6h-4.5v-5.3h4.5v-3.9q0-3.3 1.9-5.2t5-1.8q2.6 0 4.1 0.2z\"\/><\/svg><\/span><span class=\"shariff-text\">teilen<\/span>&nbsp;<span data-service=\"facebook\" style=\"color:#3b5998\" class=\"shariff-count shariff-hidezero\"><\/span>&nbsp;<\/a><\/li><li class=\"shariff-button twitter shariff-nocustomcolor\" style=\"background-color:#32bbf5\"><a href=\"https:\/\/twitter.com\/share?url=https%3A%2F%2Fwolfsmonitor.de%2F%3Fp%3D14506&text=Nachrichten%20%E2%80%93%20sechs%20aktuelle%20Meldungen\" title=\"Bei Twitter teilen\" aria-label=\"Bei Twitter teilen\" role=\"button\" rel=\"noopener nofollow\" class=\"shariff-link\" style=\"; background-color:#55acee; color:#fff\" target=\"_blank\"><span class=\"shariff-icon\" style=\"\"><svg width=\"32px\" height=\"20px\" xmlns=\"http:\/\/www.w3.org\/2000\/svg\" viewBox=\"0 0 30 32\"><path fill=\"#55acee\" d=\"M29.7 6.8q-1.2 1.8-3 3.1 0 0.3 0 0.8 0 2.5-0.7 4.9t-2.2 4.7-3.5 4-4.9 2.8-6.1 1q-5.1 0-9.3-2.7 0.6 0.1 1.5 0.1 4.3 0 7.6-2.6-2-0.1-3.5-1.2t-2.2-3q0.6 0.1 1.1 0.1 0.8 0 1.6-0.2-2.1-0.4-3.5-2.1t-1.4-3.9v-0.1q1.3 0.7 2.8 0.8-1.2-0.8-2-2.2t-0.7-2.9q0-1.7 0.8-3.1 2.3 2.8 5.5 4.5t7 1.9q-0.2-0.7-0.2-1.4 0-2.5 1.8-4.3t4.3-1.8q2.7 0 4.5 1.9 2.1-0.4 3.9-1.5-0.7 2.2-2.7 3.4 1.8-0.2 3.5-0.9z\"\/><\/svg><\/span><span class=\"shariff-text\">twittern<\/span>&nbsp;<span data-service=\"twitter\" style=\"color:#55acee\" class=\"shariff-count shariff-hidezero\"><\/span>&nbsp;<\/a><\/li><li class=\"shariff-button rss shariff-nocustomcolor\" style=\"background-color:#ff8c00\"><a href=\"https:\/\/wolfsmonitor.de\/?feed=rss\" title=\"RSS-feed\" aria-label=\"RSS-feed\" role=\"button\" class=\"shariff-link\" style=\"; background-color:#fe9312; color:#fff\" target=\"_blank\"><span class=\"shariff-icon\" style=\"\"><svg width=\"32px\" height=\"20px\" xmlns=\"http:\/\/www.w3.org\/2000\/svg\" viewBox=\"0 0 32 32\"><path fill=\"#fe9312\" d=\"M4.3 23.5c-2.3 0-4.3 1.9-4.3 4.3 0 2.3 1.9 4.2 4.3 4.2 2.4 0 4.3-1.9 4.3-4.2 0-2.3-1.9-4.3-4.3-4.3zM0 10.9v6.1c4 0 7.7 1.6 10.6 4.4 2.8 2.8 4.4 6.6 4.4 10.6h6.2c0-11.7-9.5-21.1-21.1-21.1zM0 0v6.1c14.2 0 25.8 11.6 25.8 25.9h6.2c0-17.6-14.4-32-32-32z\"\/><\/svg><\/span><span class=\"shariff-text\">RSS-feed<\/span>&nbsp;<\/a><\/li><li class=\"shariff-button mailto shariff-nocustomcolor\" style=\"background-color:#a8a8a8\"><a href=\"mailto:?body=https%3A%2F%2Fwolfsmonitor.de%2F%3Fp%3D14506&subject=Nachrichten%20%E2%80%93%20sechs%20aktuelle%20Meldungen\" title=\"Per E-Mail versenden\" aria-label=\"Per E-Mail versenden\" role=\"button\" rel=\"noopener nofollow\" class=\"shariff-link\" style=\"; background-color:#999; color:#fff\"><span class=\"shariff-icon\" style=\"\"><svg width=\"32px\" height=\"20px\" xmlns=\"http:\/\/www.w3.org\/2000\/svg\" viewBox=\"0 0 32 32\"><path fill=\"#999\" d=\"M32 12.7v14.2q0 1.2-0.8 2t-2 0.9h-26.3q-1.2 0-2-0.9t-0.8-2v-14.2q0.8 0.9 1.8 1.6 6.5 4.4 8.9 6.1 1 0.8 1.6 1.2t1.7 0.9 2 0.4h0.1q0.9 0 2-0.4t1.7-0.9 1.6-1.2q3-2.2 8.9-6.1 1-0.7 1.8-1.6zM32 7.4q0 1.4-0.9 2.7t-2.2 2.2q-6.7 4.7-8.4 5.8-0.2 0.1-0.7 0.5t-1 0.7-0.9 0.6-1.1 0.5-0.9 0.2h-0.1q-0.4 0-0.9-0.2t-1.1-0.5-0.9-0.6-1-0.7-0.7-0.5q-1.6-1.1-4.7-3.2t-3.6-2.6q-1.1-0.7-2.1-2t-1-2.5q0-1.4 0.7-2.3t2.1-0.9h26.3q1.2 0 2 0.8t0.9 2z\"\/><\/svg><\/span><span class=\"shariff-text\">E-Mail<\/span>&nbsp;<\/a><\/li><li class=\"shariff-button info shariff-nocustomcolor\" style=\"background-color:#a8a8a8\"><a href=\"http:\/\/ct.de\/-2467514\" title=\"Weitere Informationen\" aria-label=\"Weitere Informationen\" role=\"button\" rel=\"noopener \" class=\"shariff-link\" style=\"; background-color:#999; color:#fff\" target=\"_blank\"><span class=\"shariff-icon\" style=\"\"><svg width=\"32px\" height=\"20px\" xmlns=\"http:\/\/www.w3.org\/2000\/svg\" viewBox=\"0 0 11 32\"><path fill=\"#999\" d=\"M11.4 24v2.3q0 0.5-0.3 0.8t-0.8 0.4h-9.1q-0.5 0-0.8-0.4t-0.4-0.8v-2.3q0-0.5 0.4-0.8t0.8-0.4h1.1v-6.8h-1.1q-0.5 0-0.8-0.4t-0.4-0.8v-2.3q0-0.5 0.4-0.8t0.8-0.4h6.8q0.5 0 0.8 0.4t0.4 0.8v10.3h1.1q0.5 0 0.8 0.4t0.3 0.8zM9.2 3.4v3.4q0 0.5-0.4 0.8t-0.8 0.4h-4.6q-0.4 0-0.8-0.4t-0.4-0.8v-3.4q0-0.4 0.4-0.8t0.8-0.4h4.6q0.5 0 0.8 0.4t0.4 0.8z\"\/><\/svg><\/span><\/a><\/li><\/ul><\/div>","protected":false},"author":1,"featured_media":6257,"comment_status":"closed","ping_status":"open","sticky":false,"template":"","format":"standard","meta":{"spay_email":""},"categories":[4603],"tags":[6182,4971,3558,575,3632,6299,3207,4372,7988,3167,6057,2578,7942,156,7945,2581,3776,7990,14,2403,4646,413,7944,706,7989,2909,224,2910,4363,108],"jetpack_featured_media_url":"https:\/\/i0.wp.com\/wolfsmonitor.de\/wp-content\/uploads\/2016\/11\/B-Foto-H.A.-Nachrichten-2.jpg?fit=767%2C574&ssl=1","jetpack_shortlink":"https:\/\/wp.me\/p61YbU-3LY","jetpack-related-posts":[{"id":12962,"url":"https:\/\/wolfsmonitor.de\/?p=12962","url_meta":{"origin":14506,"position":0},"title":"Niedersachsen: Neues Rudel bei Walle und zwei W\u00f6lfe bei Meppen best\u00e4tigt","date":"20. M\u00e4rz 2018","format":false,"excerpt":"Die Landesj\u00e4gerschaft Niedersachsen, in diesem Bundesland verantwortlich f\u00fcr das Wolfsmonitoring, meldet aktuell (im Wortlaut): Neues Wolfsrudel bei Walle (Landkreis Celle) nachgewiesen - Zwei W\u00f6lfe bei Meppen best\u00e4tigt Im Raum Walle (LK Celle) konnte nun anhand von Ergebnissen genetischer Untersuchungen ein neues Wolfsrudel in Niedersachsen best\u00e4tigt werden. \u201eIn Niedersachsen sind damit\u2026","rel":"","context":"In &quot;Presseinformationen&quot;","img":{"alt_text":"Foto: Naturfotograf Heiko Anders","src":"https:\/\/i0.wp.com\/wolfsmonitor.de\/wp-content\/uploads\/2016\/05\/HA-Beitragsfoto-Presseinfo-1.jpg?fit=623%2C415&ssl=1&resize=350%2C200","width":350,"height":200},"classes":[]},{"id":4273,"url":"https:\/\/wolfsmonitor.de\/?p=4273","url_meta":{"origin":14506,"position":1},"title":"LJN: Neuntes nieders\u00e4chsisches Wolfsrudel best\u00e4tigt!","date":"18. Juli 2016","format":false,"excerpt":"Niedersachsen best\u00e4tigt das landesweit neunte Wolfsrudel. Im Raum G\u00f6hrde (Landkreis L\u00fcchow-Dannenberg) wurde eine W\u00f6lfin mit sechs Welpen fotografiert. Das teilte die Landesj\u00e4gerschaft (LJN) nun mit. Insgesamt sollen damit inzwischen rund 80 Tiere in Niedersachsen leben. Die Pressemeldung der Landesj\u00e4gerschaft Niedersachsen finden Sie, liebe Leserinnen und Leser, nachfolgend im im Wortlaut\u2026","rel":"","context":"In &quot;Presseinformationen&quot;","img":{"alt_text":"Foto: Naturfotograf Heiko Anders","src":"https:\/\/i2.wp.com\/wolfsmonitor.de\/wp-content\/uploads\/2016\/05\/HA-Beitragsfoto-Presseinfo-2.jpg?fit=627%2C410&ssl=1&resize=350%2C200","width":350,"height":200},"classes":[]},{"id":4090,"url":"https:\/\/wolfsmonitor.de\/?p=4090","url_meta":{"origin":14506,"position":2},"title":"Niedersachsen: 42. Wolfsrudel in Deutschland nachgewiesen!","date":"2. Juli 2016","format":false,"excerpt":"Es war eine DNA-Probe des aufgep\u00e4ppelten weiblichen Wolfswelpen, von dem wir bereits am 29. Juni berichteten (hier!), mit der nun der Nachweis des achten Wolfsrudels in Niedersachsen erbracht wurde und zwar im Raum Schneverdingen in der L\u00fcneburger Heide. Das teilte die Landesj\u00e4gerschaft Niedersachsen (LJN) gestern mit. (*1) Die Gen-Analyse ergab,\u2026","rel":"","context":"In &quot;Aktuell&quot;","img":{"alt_text":"Wolf (Foto: Naturfotograf Heiko Anders)","src":"https:\/\/i1.wp.com\/wolfsmonitor.de\/wp-content\/uploads\/2016\/05\/Beitragsfoto-Heiko-Anders-Aktuell.jpg?fit=654%2C492&ssl=1&resize=350%2C200","width":350,"height":200},"classes":[]},{"id":18480,"url":"https:\/\/wolfsmonitor.de\/?p=18480","url_meta":{"origin":14506,"position":3},"title":"GzSdW: Klage gegen Landkreis Uelzen und geplante Anzeige gegen Landkreis Rostock","date":"19. April 2020","format":false,"excerpt":"GzSdW klagt gegen Ausnahmegenehmigungen in Niedersachsen und erstattet Anzeige wegen Abschuss in Meck-Pomm Niedersachsen: Die GzSdW hat gegen den Landkreis Uelzen Klage eingereicht. Die Klage richtet sich gegen die Abschussgenehmigungen f\u00fcr den R\u00fcden GW1027m aus dem Rudel Ebstorf und die F\u00e4he GW242f aus dem Rudel Eschede. Inhalt der Klage sind\u2026","rel":"","context":"In &quot;Presseinformationen&quot;","img":{"alt_text":"","src":"https:\/\/i0.wp.com\/wolfsmonitor.de\/wp-content\/uploads\/2016\/05\/Logo.jpg?fit=295%2C289&ssl=1&resize=350%2C200","width":350,"height":200},"classes":[]},{"id":16416,"url":"https:\/\/wolfsmonitor.de\/?p=16416","url_meta":{"origin":14506,"position":4},"title":"Offener Brief an Olaf Lies: Wolfsberater beklagen Intransparenz der Genehmigung zum Abschuss eines Wolfs","date":"2. Februar 2019","format":false,"excerpt":"Mehr als ein Dutzend Wolfsberater aus Niedersachsen haben sich nun anl\u00e4sslich der Abschussgenehmigung f\u00fcr Wolf \u201eGW717m\u201c an Umweltminister Olaf Lies gewandt. Sie beklagen die Intransparenz der Genehmigungsgr\u00fcnde und formulierten deshalb gezielt einige offene Fragen an den Minister (der Brief im Wortlaut): Offener Brief an den Umweltminister Niedersachsens wegen der Abschussgenehmigung\u2026","rel":"","context":"In &quot;Expertenmeinung&quot;","img":{"alt_text":"","src":"https:\/\/i1.wp.com\/wolfsmonitor.de\/wp-content\/uploads\/2016\/01\/Beitragsfoto-2-Expertenmeinung.jpg?fit=500%2C478&ssl=1&resize=350%2C200","width":350,"height":200},"classes":[]},{"id":11917,"url":"https:\/\/wolfsmonitor.de\/?p=11917","url_meta":{"origin":14506,"position":5},"title":"Kreisj\u00e4germeisters Lateinstunde?","date":"28. Dezember 2017","format":false,"excerpt":"Als L\u00fcchow-Dannenbergs Kreisj\u00e4germeister Gebhard Sch\u00fcssler sich noch im April 2016 \u201eaus Furcht vor einem m\u00f6glichen Proteststurm der Wolfsfreunde\u201c absichtlich mit \u00c4u\u00dferungen zum Thema Wolf bedeckt hielt, versuchte Wolfsmonitor, dieser Haltung mit einem gewissen situativem Verst\u00e4ndnis zu begegnen. Nichts ahnend jedoch, dass Sch\u00fcsslers Worte offensichtlich anders gemeint sein k\u00f6nnten, als sie\u2026","rel":"","context":"In &quot;Standpunkte&quot;","img":{"alt_text":"Wolf im Tierpark Nordhorn","src":"https:\/\/i0.wp.com\/wolfsmonitor.de\/wp-content\/uploads\/2015\/07\/Foto-Kommentar-2.jpg?fit=586%2C513&ssl=1&resize=350%2C200","width":350,"height":200},"classes":[]}],"_links":{"self":[{"href":"https:\/\/wolfsmonitor.de\/index.php?rest_route=\/wp\/v2\/posts\/14506"}],"collection":[{"href":"https:\/\/wolfsmonitor.de\/index.php?rest_route=\/wp\/v2\/posts"}],"about":[{"href":"https:\/\/wolfsmonitor.de\/index.php?rest_route=\/wp\/v2\/types\/post"}],"author":[{"embeddable":true,"href":"https:\/\/wolfsmonitor.de\/index.php?rest_route=\/wp\/v2\/users\/1"}],"replies":[{"embeddable":true,"href":"https:\/\/wolfsmonitor.de\/index.php?rest_route=%2Fwp%2Fv2%2Fcomments&post=14506"}],"version-history":[{"count":7,"href":"https:\/\/wolfsmonitor.de\/index.php?rest_route=\/wp\/v2\/posts\/14506\/revisions"}],"predecessor-version":[{"id":14514,"href":"https:\/\/wolfsmonitor.de\/index.php?rest_route=\/wp\/v2\/posts\/14506\/revisions\/14514"}],"wp:featuredmedia":[{"embeddable":true,"href":"https:\/\/wolfsmonitor.de\/index.php?rest_route=\/wp\/v2\/media\/6257"}],"wp:attachment":[{"href":"https:\/\/wolfsmonitor.de\/index.php?rest_route=%2Fwp%2Fv2%2Fmedia&parent=14506"}],"wp:term":[{"taxonomy":"category","embeddable":true,"href":"https:\/\/wolfsmonitor.de\/index.php?rest_route=%2Fwp%2Fv2%2Fcategories&post=14506"},{"taxonomy":"post_tag","embeddable":true,"href":"https:\/\/wolfsmonitor.de\/index.php?rest_route=%2Fwp%2Fv2%2Ftags&post=14506"}],"curies":[{"name":"wp","href":"https:\/\/api.w.org\/{rel}","templated":true}]}}