{"id":14614,"date":"2018-08-16T07:47:31","date_gmt":"2018-08-16T05:47:31","guid":{"rendered":"https:\/\/wolfsmonitor.de\/?p=14614"},"modified":"2018-08-16T08:28:10","modified_gmt":"2018-08-16T06:28:10","slug":"steigende-wolfszahlen-nahezu-unveraenderte-risszahlen","status":"publish","type":"post","link":"https:\/\/wolfsmonitor.de\/?p=14614","title":{"rendered":"Steigende Wolfszahlen, nahezu unver\u00e4nderte Risszahlen!"},"content":{"rendered":"<p><strong>Das Wolfsb\u00fcro beim Nieders\u00e4chsischen Landesbetrieb f\u00fcr Wasserwirtschaft, K\u00fcsten- und Naturschutz (NLWKN) ver\u00f6ffentlicht nun jeweils auch die Information \u2013 und das tut der Transparenz wohltuend gut \u2013, \u00a0ob ein spezieller \u201eMindestschutz\u201c bei gerissenen Nutztieren vorhanden war oder nicht (nur zum Verst\u00e4ndnis: Beim Mindestschutz handelt es sich nur um einen Grundschutz, der jedoch in den meisten F\u00e4llen ausreicht).<\/strong><!--more--><\/p>\n<p>Das Ergebnis erstaunt. Nachdem es im Jahre 2006 die ersten Hinweise darauf gab, dass wieder W\u00f6lfe in Niedersachsen leben, war zw\u00f6lf Jahre sp\u00e4ter bei rechnerisch etwa jeder 10. Wolfsattacke ein Mindestschutz vorhanden. Das zeigt ein Blick in die NLWKN-Statistik. (*1)<\/p>\n<p>Und obwohl einer aktuellen Meldung der deutschen Presseagentur entsprechend die Zahl der W\u00f6lfe in Niedersachsen innerhalb des letzten Jahres von 10 auf angeblich 18 Rudel gestiegen sein soll, blieb die Zahl der Nutztierrisse im Vergleich zum Vorjahr nahezu konstant.<\/p>\n<p>Das beweist abermals, dass die Anzahl der Wolfsrisse nicht unmittelbar von der Anzahl der W\u00f6lfe abh\u00e4ngig ist. Au\u00dferdem liegt mit den Zahlen die Annahme nahe, dass mit fl\u00e4chendeckenden Herdenschutzma\u00dfnahmen die Zahl der \u00dcbergriffe signifikant sinken k\u00f6nnte.<\/p>\n<hr \/>\n<p><em><u>Quelle:<\/u><\/em> <em>(*1)<\/em> <em>nlwkn.niedersachsen.de: \u201eNutztiersch\u00e4den\u201c, abgerufen am 15.8.2018, <a href=\"http:\/\/www.nlwkn.niedersachsen.de\/naturschutz\/wolfsbuero\/nutztierschaeden\/nutztierschaeden-161701.html\" target=\"_blank\" rel=\"noopener\"><span style=\"color: #0000ff;\">hier der Link!<\/span><\/a><\/em><\/p>\n<div class=\"shariff shariff-align-center shariff-widget-align-center\" data-services=\"facebook%7Ctwitter\" data-url=\"https%3A%2F%2Fwolfsmonitor.de%2F%3Fp%3D14614\" data-timestamp=\"1534408090\" data-backendurl=\"?rest_route=\/shariff\/v1\/share_counts&\"><ul class=\"shariff-buttons theme-color orientation-horizontal buttonsize-small\"><li class=\"shariff-button facebook shariff-nocustomcolor\" style=\"background-color:#4273c8\"><a href=\"https:\/\/www.facebook.com\/sharer\/sharer.php?u=https%3A%2F%2Fwolfsmonitor.de%2F%3Fp%3D14614\" title=\"Bei Facebook teilen\" aria-label=\"Bei Facebook teilen\" role=\"button\" rel=\"nofollow\" class=\"shariff-link\" style=\"; background-color:#3b5998; color:#fff\" target=\"_blank\"><span class=\"shariff-icon\" style=\"\"><svg width=\"32px\" height=\"20px\" xmlns=\"http:\/\/www.w3.org\/2000\/svg\" viewBox=\"0 0 18 32\"><path fill=\"#3b5998\" d=\"M17.1 0.2v4.7h-2.8q-1.5 0-2.1 0.6t-0.5 1.9v3.4h5.2l-0.7 5.3h-4.5v13.6h-5.5v-13.6h-4.5v-5.3h4.5v-3.9q0-3.3 1.9-5.2t5-1.8q2.6 0 4.1 0.2z\"\/><\/svg><\/span><span class=\"shariff-text\">teilen<\/span>&nbsp;<span data-service=\"facebook\" style=\"color:#3b5998\" class=\"shariff-count shariff-hidezero\"><\/span>&nbsp;<\/a><\/li><li class=\"shariff-button twitter shariff-nocustomcolor\" style=\"background-color:#32bbf5\"><a href=\"https:\/\/twitter.com\/share?url=https%3A%2F%2Fwolfsmonitor.de%2F%3Fp%3D14614&text=Steigende%20Wolfszahlen%2C%20nahezu%20unver%C3%A4nderte%20Risszahlen%21\" title=\"Bei Twitter teilen\" aria-label=\"Bei Twitter teilen\" role=\"button\" rel=\"noopener nofollow\" class=\"shariff-link\" style=\"; background-color:#55acee; color:#fff\" target=\"_blank\"><span class=\"shariff-icon\" style=\"\"><svg width=\"32px\" height=\"20px\" xmlns=\"http:\/\/www.w3.org\/2000\/svg\" viewBox=\"0 0 30 32\"><path fill=\"#55acee\" d=\"M29.7 6.8q-1.2 1.8-3 3.1 0 0.3 0 0.8 0 2.5-0.7 4.9t-2.2 4.7-3.5 4-4.9 2.8-6.1 1q-5.1 0-9.3-2.7 0.6 0.1 1.5 0.1 4.3 0 7.6-2.6-2-0.1-3.5-1.2t-2.2-3q0.6 0.1 1.1 0.1 0.8 0 1.6-0.2-2.1-0.4-3.5-2.1t-1.4-3.9v-0.1q1.3 0.7 2.8 0.8-1.2-0.8-2-2.2t-0.7-2.9q0-1.7 0.8-3.1 2.3 2.8 5.5 4.5t7 1.9q-0.2-0.7-0.2-1.4 0-2.5 1.8-4.3t4.3-1.8q2.7 0 4.5 1.9 2.1-0.4 3.9-1.5-0.7 2.2-2.7 3.4 1.8-0.2 3.5-0.9z\"\/><\/svg><\/span><span class=\"shariff-text\">twittern<\/span>&nbsp;<span data-service=\"twitter\" style=\"color:#55acee\" class=\"shariff-count shariff-hidezero\"><\/span>&nbsp;<\/a><\/li><li class=\"shariff-button rss shariff-nocustomcolor\" style=\"background-color:#ff8c00\"><a href=\"https:\/\/wolfsmonitor.de\/?feed=rss\" title=\"RSS-feed\" aria-label=\"RSS-feed\" role=\"button\" class=\"shariff-link\" style=\"; background-color:#fe9312; color:#fff\" target=\"_blank\"><span class=\"shariff-icon\" style=\"\"><svg width=\"32px\" height=\"20px\" xmlns=\"http:\/\/www.w3.org\/2000\/svg\" viewBox=\"0 0 32 32\"><path fill=\"#fe9312\" d=\"M4.3 23.5c-2.3 0-4.3 1.9-4.3 4.3 0 2.3 1.9 4.2 4.3 4.2 2.4 0 4.3-1.9 4.3-4.2 0-2.3-1.9-4.3-4.3-4.3zM0 10.9v6.1c4 0 7.7 1.6 10.6 4.4 2.8 2.8 4.4 6.6 4.4 10.6h6.2c0-11.7-9.5-21.1-21.1-21.1zM0 0v6.1c14.2 0 25.8 11.6 25.8 25.9h6.2c0-17.6-14.4-32-32-32z\"\/><\/svg><\/span><span class=\"shariff-text\">RSS-feed<\/span>&nbsp;<\/a><\/li><li class=\"shariff-button mailto shariff-nocustomcolor\" style=\"background-color:#a8a8a8\"><a href=\"mailto:?body=https%3A%2F%2Fwolfsmonitor.de%2F%3Fp%3D14614&subject=Steigende%20Wolfszahlen%2C%20nahezu%20unver%C3%A4nderte%20Risszahlen%21\" title=\"Per E-Mail versenden\" aria-label=\"Per E-Mail versenden\" role=\"button\" rel=\"noopener nofollow\" class=\"shariff-link\" style=\"; background-color:#999; color:#fff\"><span class=\"shariff-icon\" style=\"\"><svg width=\"32px\" height=\"20px\" xmlns=\"http:\/\/www.w3.org\/2000\/svg\" viewBox=\"0 0 32 32\"><path fill=\"#999\" d=\"M32 12.7v14.2q0 1.2-0.8 2t-2 0.9h-26.3q-1.2 0-2-0.9t-0.8-2v-14.2q0.8 0.9 1.8 1.6 6.5 4.4 8.9 6.1 1 0.8 1.6 1.2t1.7 0.9 2 0.4h0.1q0.9 0 2-0.4t1.7-0.9 1.6-1.2q3-2.2 8.9-6.1 1-0.7 1.8-1.6zM32 7.4q0 1.4-0.9 2.7t-2.2 2.2q-6.7 4.7-8.4 5.8-0.2 0.1-0.7 0.5t-1 0.7-0.9 0.6-1.1 0.5-0.9 0.2h-0.1q-0.4 0-0.9-0.2t-1.1-0.5-0.9-0.6-1-0.7-0.7-0.5q-1.6-1.1-4.7-3.2t-3.6-2.6q-1.1-0.7-2.1-2t-1-2.5q0-1.4 0.7-2.3t2.1-0.9h26.3q1.2 0 2 0.8t0.9 2z\"\/><\/svg><\/span><span class=\"shariff-text\">E-Mail<\/span>&nbsp;<\/a><\/li><li class=\"shariff-button info shariff-nocustomcolor\" style=\"background-color:#a8a8a8\"><a href=\"http:\/\/ct.de\/-2467514\" title=\"Weitere Informationen\" aria-label=\"Weitere Informationen\" role=\"button\" rel=\"noopener \" class=\"shariff-link\" style=\"; background-color:#999; color:#fff\" target=\"_blank\"><span class=\"shariff-icon\" style=\"\"><svg width=\"32px\" height=\"20px\" xmlns=\"http:\/\/www.w3.org\/2000\/svg\" viewBox=\"0 0 11 32\"><path fill=\"#999\" d=\"M11.4 24v2.3q0 0.5-0.3 0.8t-0.8 0.4h-9.1q-0.5 0-0.8-0.4t-0.4-0.8v-2.3q0-0.5 0.4-0.8t0.8-0.4h1.1v-6.8h-1.1q-0.5 0-0.8-0.4t-0.4-0.8v-2.3q0-0.5 0.4-0.8t0.8-0.4h6.8q0.5 0 0.8 0.4t0.4 0.8v10.3h1.1q0.5 0 0.8 0.4t0.3 0.8zM9.2 3.4v3.4q0 0.5-0.4 0.8t-0.8 0.4h-4.6q-0.4 0-0.8-0.4t-0.4-0.8v-3.4q0-0.4 0.4-0.8t0.8-0.4h4.6q0.5 0 0.8 0.4t0.4 0.8z\"\/><\/svg><\/span><\/a><\/li><\/ul><\/div>","protected":false},"excerpt":{"rendered":"<p>Das Wolfsb\u00fcro beim Nieders\u00e4chsischen Landesbetrieb f\u00fcr Wasserwirtschaft, K\u00fcsten- und Naturschutz (NLWKN) ver\u00f6ffentlicht nun jeweils auch die Information \u2013 und das tut der Transparenz wohltuend gut \u2013, \u00a0ob ein spezieller \u201eMindestschutz\u201c bei gerissenen Nutztieren vorhanden war oder nicht (nur zum Verst\u00e4ndnis: Beim Mindestschutz handelt es sich nur um einen Grundschutz, der jedoch in den meisten F\u00e4llen [&hellip;]<\/p>\n<div class=\"shariff shariff-align-center shariff-widget-align-center\" data-services=\"facebook%7Ctwitter\" data-url=\"https%3A%2F%2Fwolfsmonitor.de%2F%3Fp%3D14614\" data-timestamp=\"1534408090\" data-backendurl=\"?rest_route=\/shariff\/v1\/share_counts&\"><ul class=\"shariff-buttons theme-color orientation-horizontal buttonsize-small\"><li class=\"shariff-button facebook shariff-nocustomcolor\" style=\"background-color:#4273c8\"><a href=\"https:\/\/www.facebook.com\/sharer\/sharer.php?u=https%3A%2F%2Fwolfsmonitor.de%2F%3Fp%3D14614\" title=\"Bei Facebook teilen\" aria-label=\"Bei Facebook teilen\" role=\"button\" rel=\"nofollow\" class=\"shariff-link\" style=\"; background-color:#3b5998; color:#fff\" target=\"_blank\"><span class=\"shariff-icon\" style=\"\"><svg width=\"32px\" height=\"20px\" xmlns=\"http:\/\/www.w3.org\/2000\/svg\" viewBox=\"0 0 18 32\"><path fill=\"#3b5998\" d=\"M17.1 0.2v4.7h-2.8q-1.5 0-2.1 0.6t-0.5 1.9v3.4h5.2l-0.7 5.3h-4.5v13.6h-5.5v-13.6h-4.5v-5.3h4.5v-3.9q0-3.3 1.9-5.2t5-1.8q2.6 0 4.1 0.2z\"\/><\/svg><\/span><span class=\"shariff-text\">teilen<\/span>&nbsp;<span data-service=\"facebook\" style=\"color:#3b5998\" class=\"shariff-count shariff-hidezero\"><\/span>&nbsp;<\/a><\/li><li class=\"shariff-button twitter shariff-nocustomcolor\" style=\"background-color:#32bbf5\"><a href=\"https:\/\/twitter.com\/share?url=https%3A%2F%2Fwolfsmonitor.de%2F%3Fp%3D14614&text=Steigende%20Wolfszahlen%2C%20nahezu%20unver%C3%A4nderte%20Risszahlen%21\" title=\"Bei Twitter teilen\" aria-label=\"Bei Twitter teilen\" role=\"button\" rel=\"noopener nofollow\" class=\"shariff-link\" style=\"; background-color:#55acee; color:#fff\" target=\"_blank\"><span class=\"shariff-icon\" style=\"\"><svg width=\"32px\" height=\"20px\" xmlns=\"http:\/\/www.w3.org\/2000\/svg\" viewBox=\"0 0 30 32\"><path fill=\"#55acee\" d=\"M29.7 6.8q-1.2 1.8-3 3.1 0 0.3 0 0.8 0 2.5-0.7 4.9t-2.2 4.7-3.5 4-4.9 2.8-6.1 1q-5.1 0-9.3-2.7 0.6 0.1 1.5 0.1 4.3 0 7.6-2.6-2-0.1-3.5-1.2t-2.2-3q0.6 0.1 1.1 0.1 0.8 0 1.6-0.2-2.1-0.4-3.5-2.1t-1.4-3.9v-0.1q1.3 0.7 2.8 0.8-1.2-0.8-2-2.2t-0.7-2.9q0-1.7 0.8-3.1 2.3 2.8 5.5 4.5t7 1.9q-0.2-0.7-0.2-1.4 0-2.5 1.8-4.3t4.3-1.8q2.7 0 4.5 1.9 2.1-0.4 3.9-1.5-0.7 2.2-2.7 3.4 1.8-0.2 3.5-0.9z\"\/><\/svg><\/span><span class=\"shariff-text\">twittern<\/span>&nbsp;<span data-service=\"twitter\" style=\"color:#55acee\" class=\"shariff-count shariff-hidezero\"><\/span>&nbsp;<\/a><\/li><li class=\"shariff-button rss shariff-nocustomcolor\" style=\"background-color:#ff8c00\"><a href=\"https:\/\/wolfsmonitor.de\/?feed=rss\" title=\"RSS-feed\" aria-label=\"RSS-feed\" role=\"button\" class=\"shariff-link\" style=\"; background-color:#fe9312; color:#fff\" target=\"_blank\"><span class=\"shariff-icon\" style=\"\"><svg width=\"32px\" height=\"20px\" xmlns=\"http:\/\/www.w3.org\/2000\/svg\" viewBox=\"0 0 32 32\"><path fill=\"#fe9312\" d=\"M4.3 23.5c-2.3 0-4.3 1.9-4.3 4.3 0 2.3 1.9 4.2 4.3 4.2 2.4 0 4.3-1.9 4.3-4.2 0-2.3-1.9-4.3-4.3-4.3zM0 10.9v6.1c4 0 7.7 1.6 10.6 4.4 2.8 2.8 4.4 6.6 4.4 10.6h6.2c0-11.7-9.5-21.1-21.1-21.1zM0 0v6.1c14.2 0 25.8 11.6 25.8 25.9h6.2c0-17.6-14.4-32-32-32z\"\/><\/svg><\/span><span class=\"shariff-text\">RSS-feed<\/span>&nbsp;<\/a><\/li><li class=\"shariff-button mailto shariff-nocustomcolor\" style=\"background-color:#a8a8a8\"><a href=\"mailto:?body=https%3A%2F%2Fwolfsmonitor.de%2F%3Fp%3D14614&subject=Steigende%20Wolfszahlen%2C%20nahezu%20unver%C3%A4nderte%20Risszahlen%21\" title=\"Per E-Mail versenden\" aria-label=\"Per E-Mail versenden\" role=\"button\" rel=\"noopener nofollow\" class=\"shariff-link\" style=\"; background-color:#999; color:#fff\"><span class=\"shariff-icon\" style=\"\"><svg width=\"32px\" height=\"20px\" xmlns=\"http:\/\/www.w3.org\/2000\/svg\" viewBox=\"0 0 32 32\"><path fill=\"#999\" d=\"M32 12.7v14.2q0 1.2-0.8 2t-2 0.9h-26.3q-1.2 0-2-0.9t-0.8-2v-14.2q0.8 0.9 1.8 1.6 6.5 4.4 8.9 6.1 1 0.8 1.6 1.2t1.7 0.9 2 0.4h0.1q0.9 0 2-0.4t1.7-0.9 1.6-1.2q3-2.2 8.9-6.1 1-0.7 1.8-1.6zM32 7.4q0 1.4-0.9 2.7t-2.2 2.2q-6.7 4.7-8.4 5.8-0.2 0.1-0.7 0.5t-1 0.7-0.9 0.6-1.1 0.5-0.9 0.2h-0.1q-0.4 0-0.9-0.2t-1.1-0.5-0.9-0.6-1-0.7-0.7-0.5q-1.6-1.1-4.7-3.2t-3.6-2.6q-1.1-0.7-2.1-2t-1-2.5q0-1.4 0.7-2.3t2.1-0.9h26.3q1.2 0 2 0.8t0.9 2z\"\/><\/svg><\/span><span class=\"shariff-text\">E-Mail<\/span>&nbsp;<\/a><\/li><li class=\"shariff-button info shariff-nocustomcolor\" style=\"background-color:#a8a8a8\"><a href=\"http:\/\/ct.de\/-2467514\" title=\"Weitere Informationen\" aria-label=\"Weitere Informationen\" role=\"button\" rel=\"noopener \" class=\"shariff-link\" style=\"; background-color:#999; color:#fff\" target=\"_blank\"><span class=\"shariff-icon\" style=\"\"><svg width=\"32px\" height=\"20px\" xmlns=\"http:\/\/www.w3.org\/2000\/svg\" viewBox=\"0 0 11 32\"><path fill=\"#999\" d=\"M11.4 24v2.3q0 0.5-0.3 0.8t-0.8 0.4h-9.1q-0.5 0-0.8-0.4t-0.4-0.8v-2.3q0-0.5 0.4-0.8t0.8-0.4h1.1v-6.8h-1.1q-0.5 0-0.8-0.4t-0.4-0.8v-2.3q0-0.5 0.4-0.8t0.8-0.4h6.8q0.5 0 0.8 0.4t0.4 0.8v10.3h1.1q0.5 0 0.8 0.4t0.3 0.8zM9.2 3.4v3.4q0 0.5-0.4 0.8t-0.8 0.4h-4.6q-0.4 0-0.8-0.4t-0.4-0.8v-3.4q0-0.4 0.4-0.8t0.8-0.4h4.6q0.5 0 0.8 0.4t0.4 0.8z\"\/><\/svg><\/span><\/a><\/li><\/ul><\/div>","protected":false},"author":1,"featured_media":2553,"comment_status":"closed","ping_status":"open","sticky":false,"template":"","format":"standard","meta":{"spay_email":""},"categories":[5],"tags":[4852,8020,155,4172,1625],"jetpack_featured_media_url":"https:\/\/i2.wp.com\/wolfsmonitor.de\/wp-content\/uploads\/2016\/02\/Hintergrund-2016.jpg?fit=518%2C494&ssl=1","jetpack_shortlink":"https:\/\/wp.me\/p61YbU-3NI","jetpack-related-posts":[{"id":16867,"url":"https:\/\/wolfsmonitor.de\/?p=16867","url_meta":{"origin":14614,"position":0},"title":"Auch NABU ist \u00fcberzeugt: Begr\u00fcndung f\u00fcr Abschuss des Rodewalder Wolfs ist fachlich falsch","date":"1. M\u00e4rz 2019","format":false,"excerpt":"In einer Stellungnahme des NABU Niedersachsen zum Ablauf der Frist der Abschussgenehmigung des Rodewalder Leitr\u00fcden und der Verl\u00e4ngerung dieser Frist bis zum 31. M\u00e4rz 2019 hei\u00dft es, dass insbesondere von einzelnen Politikern vorwiegend aus den Reihen der CDU und der FDP sowie von Lobbygruppen wie Landesj\u00e4gerschaft und Landvolk das Wolfsthema\u2026","rel":"","context":"In &quot;Presseinformationen&quot;","img":{"alt_text":"Foto: Naturfotograf Heiko Anders","src":"https:\/\/i0.wp.com\/wolfsmonitor.de\/wp-content\/uploads\/2016\/05\/HA-Beitragsfoto-Presseinfo-1.jpg?fit=623%2C415&ssl=1&resize=350%2C200","width":350,"height":200},"classes":[]},{"id":16416,"url":"https:\/\/wolfsmonitor.de\/?p=16416","url_meta":{"origin":14614,"position":1},"title":"Offener Brief an Olaf Lies: Wolfsberater beklagen Intransparenz der Genehmigung zum Abschuss eines Wolfs","date":"2. Februar 2019","format":false,"excerpt":"Mehr als ein Dutzend Wolfsberater aus Niedersachsen haben sich nun anl\u00e4sslich der Abschussgenehmigung f\u00fcr Wolf \u201eGW717m\u201c an Umweltminister Olaf Lies gewandt. Sie beklagen die Intransparenz der Genehmigungsgr\u00fcnde und formulierten deshalb gezielt einige offene Fragen an den Minister (der Brief im Wortlaut): Offener Brief an den Umweltminister Niedersachsens wegen der Abschussgenehmigung\u2026","rel":"","context":"In &quot;Expertenmeinung&quot;","img":{"alt_text":"","src":"https:\/\/i1.wp.com\/wolfsmonitor.de\/wp-content\/uploads\/2016\/01\/Beitragsfoto-2-Expertenmeinung.jpg?fit=500%2C478&ssl=1&resize=350%2C200","width":350,"height":200},"classes":[]},{"id":11954,"url":"https:\/\/wolfsmonitor.de\/?p=11954","url_meta":{"origin":14614,"position":2},"title":"Kommentar der Gesellschaft zum Schutz der W\u00f6lfe zur Brandenburger Wolfsverordnung","date":"29. Dezember 2017","format":false,"excerpt":"\"Die Gesellschaft zum Schutz der W\u00f6lfe begr\u00fc\u00dft grunds\u00e4tzlich, dass das Land Brandenburg mit der Wolfsverordnung versucht, eventuell auftretende Probleme mit auff\u00e4lligen W\u00f6lfen nicht pauschal, sondern auf der Basis von Einzelfallentscheidungen, die vom Landesamt f\u00fcr Umwelt als verantwortlicher Beh\u00f6rde getroffen werden m\u00fcssen, zu regeln. Am LfU Brandenburg kann eine entsprechende Fachkunde\u2026","rel":"","context":"In &quot;Standpunkte&quot;","img":{"alt_text":"","src":"https:\/\/i0.wp.com\/wolfsmonitor.de\/wp-content\/uploads\/2016\/05\/Logo.jpg?fit=295%2C289&ssl=1&resize=350%2C200","width":350,"height":200},"classes":[]},{"id":10021,"url":"https:\/\/wolfsmonitor.de\/?p=10021","url_meta":{"origin":14614,"position":3},"title":"Hat sich das Cuxhavener Wolfsrudel auf Rinderrisse spezialisiert?","date":"18. August 2017","format":false,"excerpt":"Bei seiner Antwort auf diese Frage des (nicht erneut kandidierenden) nieders\u00e4chsischen CDU-Landtagsabgeordneten Ernst- Ingolf Angermann erinnerte Umweltminister Stefan Wenzel daran, dass zur\u00fcckliegende F\u00e4lle von Wolfsrissen in der Regel auf Weiden ohne Grundschutz erfolgten. Wenzels vollst\u00e4ndige Antwort lautet: \u201eDer Nieders\u00e4chsische Minister f\u00fcr Umwelt, Energie und Klimaschutz Stefan Wenzel hat namens der\u2026","rel":"","context":"In &quot;Presseinformationen&quot;","img":{"alt_text":"Foto: Naturfotograf Heiko Anders","src":"https:\/\/i0.wp.com\/wolfsmonitor.de\/wp-content\/uploads\/2016\/05\/HA-Beitragsfoto-Presseinfo-1.jpg?fit=623%2C415&ssl=1&resize=350%2C200","width":350,"height":200},"classes":[]},{"id":9004,"url":"https:\/\/wolfsmonitor.de\/?p=9004","url_meta":{"origin":14614,"position":4},"title":"MU-Info: Vier aktuelle Antworten zum Wolf in Niedersachsen","date":"23. Mai 2017","format":false,"excerpt":"Am 18. Mai ver\u00f6ffentlichte das Nieders\u00e4chsische Umweltministerium (MU) im Rahmen mehrerer Pressemitteilungen vier Antworten auf m\u00fcndliche Anfragen von Landtagsabgeordneten zu Themen rund um das Wolfsmonitoring und den Herdenschutz in Niedersachsen (im Wortlaut):\u00a0 a) Antwort auf die m\u00fcndliche Anfrage: Weshalb wurde von vier Nutztierrissen in den K\u00fcstenheiden, bei denen der Wolf\u2026","rel":"","context":"In &quot;Presseinformationen&quot;","img":{"alt_text":"Wolf im Tierpark (Foto: Vogler)","src":"https:\/\/i0.wp.com\/wolfsmonitor.de\/wp-content\/uploads\/2016\/09\/Beitragsfoto-PI-PM.jpg?fit=752%2C497&ssl=1&resize=350%2C200","width":350,"height":200},"classes":[]},{"id":16386,"url":"https:\/\/wolfsmonitor.de\/?p=16386","url_meta":{"origin":14614,"position":5},"title":"Albrecht und Lies genehmigen Absch\u00fcsse - Erster Widerstand","date":"1. Februar 2019","format":false,"excerpt":"Reicht es, nachdem nahezu 20 Jahre lang in ganz Deutschland m\u00fchsam Regularien entwickelt sowie Wolfsmanagementpl\u00e4ne abgestimmt und umgesetzt wurden, jetzt bereits, dass W\u00f6lfe mehrfach einen Mindestschutz (Grundschutz) \u00fcberwinden, um sie zu erschie\u00dfen? Wenn man nach Schleswig-Holstein und Niedersachsen schaut, seit gestern offensichtlich schon. Und dass dann mit Umweltminister Jan Philipp\u2026","rel":"","context":"In &quot;Aktuell&quot;","img":{"alt_text":"Wolf (Foto: Naturfotograf Heiko Anders)","src":"https:\/\/i1.wp.com\/wolfsmonitor.de\/wp-content\/uploads\/2016\/05\/Beitragsfoto-Heiko-Anders-Aktuell.jpg?fit=654%2C492&ssl=1&resize=350%2C200","width":350,"height":200},"classes":[]}],"_links":{"self":[{"href":"https:\/\/wolfsmonitor.de\/index.php?rest_route=\/wp\/v2\/posts\/14614"}],"collection":[{"href":"https:\/\/wolfsmonitor.de\/index.php?rest_route=\/wp\/v2\/posts"}],"about":[{"href":"https:\/\/wolfsmonitor.de\/index.php?rest_route=\/wp\/v2\/types\/post"}],"author":[{"embeddable":true,"href":"https:\/\/wolfsmonitor.de\/index.php?rest_route=\/wp\/v2\/users\/1"}],"replies":[{"embeddable":true,"href":"https:\/\/wolfsmonitor.de\/index.php?rest_route=%2Fwp%2Fv2%2Fcomments&post=14614"}],"version-history":[{"count":10,"href":"https:\/\/wolfsmonitor.de\/index.php?rest_route=\/wp\/v2\/posts\/14614\/revisions"}],"predecessor-version":[{"id":14634,"href":"https:\/\/wolfsmonitor.de\/index.php?rest_route=\/wp\/v2\/posts\/14614\/revisions\/14634"}],"wp:featuredmedia":[{"embeddable":true,"href":"https:\/\/wolfsmonitor.de\/index.php?rest_route=\/wp\/v2\/media\/2553"}],"wp:attachment":[{"href":"https:\/\/wolfsmonitor.de\/index.php?rest_route=%2Fwp%2Fv2%2Fmedia&parent=14614"}],"wp:term":[{"taxonomy":"category","embeddable":true,"href":"https:\/\/wolfsmonitor.de\/index.php?rest_route=%2Fwp%2Fv2%2Fcategories&post=14614"},{"taxonomy":"post_tag","embeddable":true,"href":"https:\/\/wolfsmonitor.de\/index.php?rest_route=%2Fwp%2Fv2%2Ftags&post=14614"}],"curies":[{"name":"wp","href":"https:\/\/api.w.org\/{rel}","templated":true}]}}