{"id":14698,"date":"2018-08-22T20:54:28","date_gmt":"2018-08-22T18:54:28","guid":{"rendered":"https:\/\/wolfsmonitor.de\/?p=14698"},"modified":"2018-08-22T21:07:48","modified_gmt":"2018-08-22T19:07:48","slug":"oesterreich-ab-jetzt-darf-bei-woelfen-geschossen-werden","status":"publish","type":"post","link":"https:\/\/wolfsmonitor.de\/?p=14698","title":{"rendered":"\u00d6sterreich: Ab jetzt darf bei W\u00f6lfen geschossen werden"},"content":{"rendered":"<p><strong>Nach Ansicht von Gemeinde- und Beh\u00f6rdenvertretern sowie betroffenen Landwirten herrscht im nieder\u00f6sterreichischen Waldviertel Krisenstimmung, weil der Wolf schon mehreren Siedlungen bedrohlich nahe gekommen sei und dabei auch einige Nutztiere gerissen habe.<\/strong><!--more--><\/p>\n<p>\u201ePer Bescheid\u201c soll es der J\u00e4gerschaft in den Gemeinden Bad Gro\u00dfpertholz und Langschlag deshalb nun m\u00f6glich sein, W\u00f6lfe mit Gummigeschossen oder Schrecksch\u00fcssen zu verjagen.<\/p>\n<p>Panikmache nennt das WWF-Wolfsspezialist Christian Pichler: \u201eMan will offenbar ganz bewusst die Situation eskalieren lassen.\u201c Pichler wirft der Landes-Landwirtschaftskammer vor, seit Jahren nichts in Sachen Herdenschutz getan zu haben.<\/p>\n<p>Gegen\u00fcber dem KURIER musste die Landwirtschaftskammer dann auch tats\u00e4chlich zugeben, dass es bisher noch keine Beratungen f\u00fcr Weidehalter zum Thema Wolf gegeben habe.<\/p>\n<hr \/>\n<p><em><u>Quelle:<\/u> kurier.at am 21.8.2018: \u201eJ\u00e4ger sollen dem Wolf eins auf den Pelz brennen\u201c, abgerufen am 22.8.2018, <span style=\"color: #0000ff;\"><a style=\"color: #0000ff;\" href=\"https:\/\/kurier.at\/chronik\/niederoesterreich\/jaeger-sollen-dem-wolf-eins-auf-den-pelz-brennen\/400094870\" target=\"_blank\" rel=\"noopener\">hier der Link!<\/a><\/span><\/em><\/p>\n<hr \/>\n<p class=\"ox-63e9d6e5a4-MsoNormal\"><em>Beitragsfoto: Heiko Anders, <a href=\"http:\/\/www.andersfotografiert.com\" target=\"_blank\" rel=\"noopener\"><span style=\"color: #0000ff;\">www.andersfotografiert.com<\/span><\/a><\/em><\/p>\n<p class=\"ox-8fa0bdae36-MsoNormal\"><em>(Anmerkung: F\u00fcr die Richtigkeit der Angaben und Inhalte der verlinkten Webseiten wie auch f\u00fcr den Umstand, dass nicht ausgeschlossen werden kann, dass dort Daten erhoben werden, wird keinerlei Gew\u00e4hr \u00fcbernommen)<\/em><\/p>\n<div class=\"shariff shariff-align-center shariff-widget-align-center\" data-services=\"facebook%7Ctwitter\" data-url=\"https%3A%2F%2Fwolfsmonitor.de%2F%3Fp%3D14698\" data-timestamp=\"1534972068\" data-backendurl=\"?rest_route=\/shariff\/v1\/share_counts&\"><ul class=\"shariff-buttons theme-color orientation-horizontal buttonsize-small\"><li class=\"shariff-button facebook shariff-nocustomcolor\" style=\"background-color:#4273c8\"><a href=\"https:\/\/www.facebook.com\/sharer\/sharer.php?u=https%3A%2F%2Fwolfsmonitor.de%2F%3Fp%3D14698\" title=\"Bei Facebook teilen\" aria-label=\"Bei Facebook teilen\" role=\"button\" rel=\"nofollow\" class=\"shariff-link\" style=\"; background-color:#3b5998; color:#fff\" target=\"_blank\"><span class=\"shariff-icon\" style=\"\"><svg width=\"32px\" height=\"20px\" xmlns=\"http:\/\/www.w3.org\/2000\/svg\" viewBox=\"0 0 18 32\"><path fill=\"#3b5998\" d=\"M17.1 0.2v4.7h-2.8q-1.5 0-2.1 0.6t-0.5 1.9v3.4h5.2l-0.7 5.3h-4.5v13.6h-5.5v-13.6h-4.5v-5.3h4.5v-3.9q0-3.3 1.9-5.2t5-1.8q2.6 0 4.1 0.2z\"\/><\/svg><\/span><span class=\"shariff-text\">teilen<\/span>&nbsp;<span data-service=\"facebook\" style=\"color:#3b5998\" class=\"shariff-count shariff-hidezero\"><\/span>&nbsp;<\/a><\/li><li class=\"shariff-button twitter shariff-nocustomcolor\" style=\"background-color:#32bbf5\"><a href=\"https:\/\/twitter.com\/share?url=https%3A%2F%2Fwolfsmonitor.de%2F%3Fp%3D14698&text=%C3%96sterreich%3A%20Ab%20jetzt%20darf%20bei%20W%C3%B6lfen%20geschossen%20werden\" title=\"Bei Twitter teilen\" aria-label=\"Bei Twitter teilen\" role=\"button\" rel=\"noopener nofollow\" class=\"shariff-link\" style=\"; background-color:#55acee; color:#fff\" target=\"_blank\"><span class=\"shariff-icon\" style=\"\"><svg width=\"32px\" height=\"20px\" xmlns=\"http:\/\/www.w3.org\/2000\/svg\" viewBox=\"0 0 30 32\"><path fill=\"#55acee\" d=\"M29.7 6.8q-1.2 1.8-3 3.1 0 0.3 0 0.8 0 2.5-0.7 4.9t-2.2 4.7-3.5 4-4.9 2.8-6.1 1q-5.1 0-9.3-2.7 0.6 0.1 1.5 0.1 4.3 0 7.6-2.6-2-0.1-3.5-1.2t-2.2-3q0.6 0.1 1.1 0.1 0.8 0 1.6-0.2-2.1-0.4-3.5-2.1t-1.4-3.9v-0.1q1.3 0.7 2.8 0.8-1.2-0.8-2-2.2t-0.7-2.9q0-1.7 0.8-3.1 2.3 2.8 5.5 4.5t7 1.9q-0.2-0.7-0.2-1.4 0-2.5 1.8-4.3t4.3-1.8q2.7 0 4.5 1.9 2.1-0.4 3.9-1.5-0.7 2.2-2.7 3.4 1.8-0.2 3.5-0.9z\"\/><\/svg><\/span><span class=\"shariff-text\">twittern<\/span>&nbsp;<span data-service=\"twitter\" style=\"color:#55acee\" class=\"shariff-count shariff-hidezero\"><\/span>&nbsp;<\/a><\/li><li class=\"shariff-button rss shariff-nocustomcolor\" style=\"background-color:#ff8c00\"><a href=\"https:\/\/wolfsmonitor.de\/?feed=rss\" title=\"RSS-feed\" aria-label=\"RSS-feed\" role=\"button\" class=\"shariff-link\" style=\"; background-color:#fe9312; color:#fff\" target=\"_blank\"><span class=\"shariff-icon\" style=\"\"><svg width=\"32px\" height=\"20px\" xmlns=\"http:\/\/www.w3.org\/2000\/svg\" viewBox=\"0 0 32 32\"><path fill=\"#fe9312\" d=\"M4.3 23.5c-2.3 0-4.3 1.9-4.3 4.3 0 2.3 1.9 4.2 4.3 4.2 2.4 0 4.3-1.9 4.3-4.2 0-2.3-1.9-4.3-4.3-4.3zM0 10.9v6.1c4 0 7.7 1.6 10.6 4.4 2.8 2.8 4.4 6.6 4.4 10.6h6.2c0-11.7-9.5-21.1-21.1-21.1zM0 0v6.1c14.2 0 25.8 11.6 25.8 25.9h6.2c0-17.6-14.4-32-32-32z\"\/><\/svg><\/span><span class=\"shariff-text\">RSS-feed<\/span>&nbsp;<\/a><\/li><li class=\"shariff-button mailto shariff-nocustomcolor\" style=\"background-color:#a8a8a8\"><a href=\"mailto:?body=https%3A%2F%2Fwolfsmonitor.de%2F%3Fp%3D14698&subject=%C3%96sterreich%3A%20Ab%20jetzt%20darf%20bei%20W%C3%B6lfen%20geschossen%20werden\" title=\"Per E-Mail versenden\" aria-label=\"Per E-Mail versenden\" role=\"button\" rel=\"noopener nofollow\" class=\"shariff-link\" style=\"; background-color:#999; color:#fff\"><span class=\"shariff-icon\" style=\"\"><svg width=\"32px\" height=\"20px\" xmlns=\"http:\/\/www.w3.org\/2000\/svg\" viewBox=\"0 0 32 32\"><path fill=\"#999\" d=\"M32 12.7v14.2q0 1.2-0.8 2t-2 0.9h-26.3q-1.2 0-2-0.9t-0.8-2v-14.2q0.8 0.9 1.8 1.6 6.5 4.4 8.9 6.1 1 0.8 1.6 1.2t1.7 0.9 2 0.4h0.1q0.9 0 2-0.4t1.7-0.9 1.6-1.2q3-2.2 8.9-6.1 1-0.7 1.8-1.6zM32 7.4q0 1.4-0.9 2.7t-2.2 2.2q-6.7 4.7-8.4 5.8-0.2 0.1-0.7 0.5t-1 0.7-0.9 0.6-1.1 0.5-0.9 0.2h-0.1q-0.4 0-0.9-0.2t-1.1-0.5-0.9-0.6-1-0.7-0.7-0.5q-1.6-1.1-4.7-3.2t-3.6-2.6q-1.1-0.7-2.1-2t-1-2.5q0-1.4 0.7-2.3t2.1-0.9h26.3q1.2 0 2 0.8t0.9 2z\"\/><\/svg><\/span><span class=\"shariff-text\">E-Mail<\/span>&nbsp;<\/a><\/li><li class=\"shariff-button info shariff-nocustomcolor\" style=\"background-color:#a8a8a8\"><a href=\"http:\/\/ct.de\/-2467514\" title=\"Weitere Informationen\" aria-label=\"Weitere Informationen\" role=\"button\" rel=\"noopener \" class=\"shariff-link\" style=\"; background-color:#999; color:#fff\" target=\"_blank\"><span class=\"shariff-icon\" style=\"\"><svg width=\"32px\" height=\"20px\" xmlns=\"http:\/\/www.w3.org\/2000\/svg\" viewBox=\"0 0 11 32\"><path fill=\"#999\" d=\"M11.4 24v2.3q0 0.5-0.3 0.8t-0.8 0.4h-9.1q-0.5 0-0.8-0.4t-0.4-0.8v-2.3q0-0.5 0.4-0.8t0.8-0.4h1.1v-6.8h-1.1q-0.5 0-0.8-0.4t-0.4-0.8v-2.3q0-0.5 0.4-0.8t0.8-0.4h6.8q0.5 0 0.8 0.4t0.4 0.8v10.3h1.1q0.5 0 0.8 0.4t0.3 0.8zM9.2 3.4v3.4q0 0.5-0.4 0.8t-0.8 0.4h-4.6q-0.4 0-0.8-0.4t-0.4-0.8v-3.4q0-0.4 0.4-0.8t0.8-0.4h4.6q0.5 0 0.8 0.4t0.4 0.8z\"\/><\/svg><\/span><\/a><\/li><\/ul><\/div>","protected":false},"excerpt":{"rendered":"<p>Nach Ansicht von Gemeinde- und Beh\u00f6rdenvertretern sowie betroffenen Landwirten herrscht im nieder\u00f6sterreichischen Waldviertel Krisenstimmung, weil der Wolf schon mehreren Siedlungen bedrohlich nahe gekommen sei und dabei auch einige Nutztiere gerissen habe.<\/p>\n<div class=\"shariff shariff-align-center shariff-widget-align-center\" data-services=\"facebook%7Ctwitter\" data-url=\"https%3A%2F%2Fwolfsmonitor.de%2F%3Fp%3D14698\" data-timestamp=\"1534972068\" data-backendurl=\"?rest_route=\/shariff\/v1\/share_counts&\"><ul class=\"shariff-buttons theme-color orientation-horizontal buttonsize-small\"><li class=\"shariff-button facebook shariff-nocustomcolor\" style=\"background-color:#4273c8\"><a href=\"https:\/\/www.facebook.com\/sharer\/sharer.php?u=https%3A%2F%2Fwolfsmonitor.de%2F%3Fp%3D14698\" title=\"Bei Facebook teilen\" aria-label=\"Bei Facebook teilen\" role=\"button\" rel=\"nofollow\" class=\"shariff-link\" style=\"; background-color:#3b5998; color:#fff\" target=\"_blank\"><span class=\"shariff-icon\" style=\"\"><svg width=\"32px\" height=\"20px\" xmlns=\"http:\/\/www.w3.org\/2000\/svg\" viewBox=\"0 0 18 32\"><path fill=\"#3b5998\" d=\"M17.1 0.2v4.7h-2.8q-1.5 0-2.1 0.6t-0.5 1.9v3.4h5.2l-0.7 5.3h-4.5v13.6h-5.5v-13.6h-4.5v-5.3h4.5v-3.9q0-3.3 1.9-5.2t5-1.8q2.6 0 4.1 0.2z\"\/><\/svg><\/span><span class=\"shariff-text\">teilen<\/span>&nbsp;<span data-service=\"facebook\" style=\"color:#3b5998\" class=\"shariff-count shariff-hidezero\"><\/span>&nbsp;<\/a><\/li><li class=\"shariff-button twitter shariff-nocustomcolor\" style=\"background-color:#32bbf5\"><a href=\"https:\/\/twitter.com\/share?url=https%3A%2F%2Fwolfsmonitor.de%2F%3Fp%3D14698&text=%C3%96sterreich%3A%20Ab%20jetzt%20darf%20bei%20W%C3%B6lfen%20geschossen%20werden\" title=\"Bei Twitter teilen\" aria-label=\"Bei Twitter teilen\" role=\"button\" rel=\"noopener nofollow\" class=\"shariff-link\" style=\"; background-color:#55acee; color:#fff\" target=\"_blank\"><span class=\"shariff-icon\" style=\"\"><svg width=\"32px\" height=\"20px\" xmlns=\"http:\/\/www.w3.org\/2000\/svg\" viewBox=\"0 0 30 32\"><path fill=\"#55acee\" d=\"M29.7 6.8q-1.2 1.8-3 3.1 0 0.3 0 0.8 0 2.5-0.7 4.9t-2.2 4.7-3.5 4-4.9 2.8-6.1 1q-5.1 0-9.3-2.7 0.6 0.1 1.5 0.1 4.3 0 7.6-2.6-2-0.1-3.5-1.2t-2.2-3q0.6 0.1 1.1 0.1 0.8 0 1.6-0.2-2.1-0.4-3.5-2.1t-1.4-3.9v-0.1q1.3 0.7 2.8 0.8-1.2-0.8-2-2.2t-0.7-2.9q0-1.7 0.8-3.1 2.3 2.8 5.5 4.5t7 1.9q-0.2-0.7-0.2-1.4 0-2.5 1.8-4.3t4.3-1.8q2.7 0 4.5 1.9 2.1-0.4 3.9-1.5-0.7 2.2-2.7 3.4 1.8-0.2 3.5-0.9z\"\/><\/svg><\/span><span class=\"shariff-text\">twittern<\/span>&nbsp;<span data-service=\"twitter\" style=\"color:#55acee\" class=\"shariff-count shariff-hidezero\"><\/span>&nbsp;<\/a><\/li><li class=\"shariff-button rss shariff-nocustomcolor\" style=\"background-color:#ff8c00\"><a href=\"https:\/\/wolfsmonitor.de\/?feed=rss\" title=\"RSS-feed\" aria-label=\"RSS-feed\" role=\"button\" class=\"shariff-link\" style=\"; background-color:#fe9312; color:#fff\" target=\"_blank\"><span class=\"shariff-icon\" style=\"\"><svg width=\"32px\" height=\"20px\" xmlns=\"http:\/\/www.w3.org\/2000\/svg\" viewBox=\"0 0 32 32\"><path fill=\"#fe9312\" d=\"M4.3 23.5c-2.3 0-4.3 1.9-4.3 4.3 0 2.3 1.9 4.2 4.3 4.2 2.4 0 4.3-1.9 4.3-4.2 0-2.3-1.9-4.3-4.3-4.3zM0 10.9v6.1c4 0 7.7 1.6 10.6 4.4 2.8 2.8 4.4 6.6 4.4 10.6h6.2c0-11.7-9.5-21.1-21.1-21.1zM0 0v6.1c14.2 0 25.8 11.6 25.8 25.9h6.2c0-17.6-14.4-32-32-32z\"\/><\/svg><\/span><span class=\"shariff-text\">RSS-feed<\/span>&nbsp;<\/a><\/li><li class=\"shariff-button mailto shariff-nocustomcolor\" style=\"background-color:#a8a8a8\"><a href=\"mailto:?body=https%3A%2F%2Fwolfsmonitor.de%2F%3Fp%3D14698&subject=%C3%96sterreich%3A%20Ab%20jetzt%20darf%20bei%20W%C3%B6lfen%20geschossen%20werden\" title=\"Per E-Mail versenden\" aria-label=\"Per E-Mail versenden\" role=\"button\" rel=\"noopener nofollow\" class=\"shariff-link\" style=\"; background-color:#999; color:#fff\"><span class=\"shariff-icon\" style=\"\"><svg width=\"32px\" height=\"20px\" xmlns=\"http:\/\/www.w3.org\/2000\/svg\" viewBox=\"0 0 32 32\"><path fill=\"#999\" d=\"M32 12.7v14.2q0 1.2-0.8 2t-2 0.9h-26.3q-1.2 0-2-0.9t-0.8-2v-14.2q0.8 0.9 1.8 1.6 6.5 4.4 8.9 6.1 1 0.8 1.6 1.2t1.7 0.9 2 0.4h0.1q0.9 0 2-0.4t1.7-0.9 1.6-1.2q3-2.2 8.9-6.1 1-0.7 1.8-1.6zM32 7.4q0 1.4-0.9 2.7t-2.2 2.2q-6.7 4.7-8.4 5.8-0.2 0.1-0.7 0.5t-1 0.7-0.9 0.6-1.1 0.5-0.9 0.2h-0.1q-0.4 0-0.9-0.2t-1.1-0.5-0.9-0.6-1-0.7-0.7-0.5q-1.6-1.1-4.7-3.2t-3.6-2.6q-1.1-0.7-2.1-2t-1-2.5q0-1.4 0.7-2.3t2.1-0.9h26.3q1.2 0 2 0.8t0.9 2z\"\/><\/svg><\/span><span class=\"shariff-text\">E-Mail<\/span>&nbsp;<\/a><\/li><li class=\"shariff-button info shariff-nocustomcolor\" style=\"background-color:#a8a8a8\"><a href=\"http:\/\/ct.de\/-2467514\" title=\"Weitere Informationen\" aria-label=\"Weitere Informationen\" role=\"button\" rel=\"noopener \" class=\"shariff-link\" style=\"; background-color:#999; color:#fff\" target=\"_blank\"><span class=\"shariff-icon\" style=\"\"><svg width=\"32px\" height=\"20px\" xmlns=\"http:\/\/www.w3.org\/2000\/svg\" viewBox=\"0 0 11 32\"><path fill=\"#999\" d=\"M11.4 24v2.3q0 0.5-0.3 0.8t-0.8 0.4h-9.1q-0.5 0-0.8-0.4t-0.4-0.8v-2.3q0-0.5 0.4-0.8t0.8-0.4h1.1v-6.8h-1.1q-0.5 0-0.8-0.4t-0.4-0.8v-2.3q0-0.5 0.4-0.8t0.8-0.4h6.8q0.5 0 0.8 0.4t0.4 0.8v10.3h1.1q0.5 0 0.8 0.4t0.3 0.8zM9.2 3.4v3.4q0 0.5-0.4 0.8t-0.8 0.4h-4.6q-0.4 0-0.8-0.4t-0.4-0.8v-3.4q0-0.4 0.4-0.8t0.8-0.4h4.6q0.5 0 0.8 0.4t0.4 0.8z\"\/><\/svg><\/span><\/a><\/li><\/ul><\/div>","protected":false},"author":1,"featured_media":3512,"comment_status":"closed","ping_status":"open","sticky":false,"template":"","format":"standard","meta":{"spay_email":""},"categories":[126],"tags":[8051,3586,8050,81,8052,8048,8053,8047,43,266,8049],"jetpack_featured_media_url":"https:\/\/i2.wp.com\/wolfsmonitor.de\/wp-content\/uploads\/2016\/05\/HA-Beitragsfoto-Aufgelesen-1.jpg?fit=654%2C436&ssl=1","jetpack_shortlink":"https:\/\/wp.me\/p61YbU-3P4","jetpack-related-posts":[{"id":8629,"url":"https:\/\/wolfsmonitor.de\/?p=8629","url_meta":{"origin":14698,"position":0},"title":"WWF-Experte Christian Pichler: \u201eIn ganz \u00d6sterreich leben zehn W\u00f6lfe\"","date":"27. April 2017","format":false,"excerpt":"Ein kurzer Blick zu unseren s\u00fcdlichen Nachbarn. Dort behauptete Nieder\u00f6sterreichs Landesj\u00e4germeister Josef Pr\u00f6ll im Interview mit dem \u201eKurier\u201c, dass der Wolf \u00e4hnlich wie Fischotter und Biber bewusst von \u201e\u00d6koaktivisten\u201c in \u00d6sterreich ausgesetzt wurde. (*1) Eine Reaktion darauf lie\u00df nicht lange auf sich warten. Weder bei W\u00f6lfen noch bei Fischottern fanden\u2026","rel":"","context":"In &quot;Hintergr\u00fcnde&quot;","img":{"alt_text":"Wolf im Tierpark Nordhorn","src":"https:\/\/i2.wp.com\/wolfsmonitor.de\/wp-content\/uploads\/2015\/09\/Beitragsfoto-Hintergr\u00fcnde.jpg?fit=572%2C508&ssl=1&resize=350%2C200","width":350,"height":200},"classes":[]},{"id":10559,"url":"https:\/\/wolfsmonitor.de\/?p=10559","url_meta":{"origin":14698,"position":1},"title":"Aktuelle Umfrage best\u00e4tigt: Wolf ist willkommen!","date":"23. September 2017","format":false,"excerpt":"Eine aktuelle Meinungsumfrage des WWF zum Thema \u201eWolf in freier Wildbahn\u201c best\u00e4tigt, was eine repr\u00e4sentative deutschlandweite NABU-Umfrage bereits vor zwei Jahren hervorbrachte: Eine \u00fcberwiegende Mehrheit der Menschen, in \u00d6sterreich aktuell 74 %, stehen der nat\u00fcrlichen R\u00fcckkehr des Wolfes \u201esehr positiv\u201c oder \u201eeher positiv\u201c gegen\u00fcber. \u201eAngesichts der zahlreichen negativen Wortmeldungen einzelner\u2026","rel":"","context":"In &quot;Presseinformationen&quot;","img":{"alt_text":"Wolf im Tierpark (Foto: Vogler)","src":"https:\/\/i0.wp.com\/wolfsmonitor.de\/wp-content\/uploads\/2016\/09\/Beitragsfoto-PI-PM.jpg?fit=752%2C497&ssl=1&resize=350%2C200","width":350,"height":200},"classes":[]},{"id":9837,"url":"https:\/\/wolfsmonitor.de\/?p=9837","url_meta":{"origin":14698,"position":2},"title":"WWF: Werbung f\u00fcr Wolfsabsch\u00fcsse ist ein Skandal","date":"1. August 2017","format":false,"excerpt":"Die Umweltorganisation WWF reagiert mehr als deutlich auf die von der J\u00e4gerschaft wiederholt ins Spiel gebrachten Absch\u00fcsse von W\u00f6lfen. Es sei nicht nur ein Skandal, dass Teile der J\u00e4gerschaft offen f\u00fcr den Abschuss von gesch\u00fctzten Wildtieren werben, wer das mache, sei mit dem Straf-, Jagd- und Naturschutzgesetz konfrontiert und bewegte\u2026","rel":"","context":"In &quot;Nachrichten&quot;","img":{"alt_text":"","src":"https:\/\/i0.wp.com\/wolfsmonitor.de\/wp-content\/uploads\/2016\/11\/B-Foto-H.A.-Nachrichten-2.jpg?fit=767%2C574&ssl=1&resize=350%2C200","width":350,"height":200},"classes":[]},{"id":17548,"url":"https:\/\/wolfsmonitor.de\/?p=17548","url_meta":{"origin":14698,"position":3},"title":"Neue Umfrage: Weiterhin hohe Zustimmung f\u00fcr W\u00f6lfe in \u00d6sterreich","date":"20. Juli 2019","format":false,"excerpt":"69 Prozent der \u00d6sterreicher stehen der nat\u00fcrlichen R\u00fcckkehr der W\u00f6lfe nach \u00d6sterreich positiv gegen\u00fcber. Und das trotz zuletzt negativer Berichterstattung in den Zeitungen, nicht selten angefeuert durch einschl\u00e4gige Kreise. Die Ergebnisse der repr\u00e4sentativen Umfrage (1.035 Befragte) zeigen laut Umfrageinstitut zwei Jahre nach der letzten Befragung eine weitgehend unver\u00e4nderte, positive Grundeinstellung\u2026","rel":"","context":"In &quot;Kurzinfo&quot;","img":{"alt_text":"Wolf im Zoo Nordhorn (Foto: Vogler)","src":"https:\/\/i2.wp.com\/wolfsmonitor.de\/wp-content\/uploads\/2016\/09\/Beitragsfoto-Kurzinfo.jpg?fit=628%2C505&ssl=1&resize=350%2C200","width":350,"height":200},"classes":[]},{"id":4792,"url":"https:\/\/wolfsmonitor.de\/?p=4792","url_meta":{"origin":14698,"position":4},"title":"Erste Wolfsfamilie seit \u00fcber 100 Jahren in \u00d6sterreich!","date":"26. August 2016","format":false,"excerpt":"Mit einer \"Presseaussendung\" informierte der WWF-\u00d6sterreich nun \u00fcber die erste Wolfsfamilie in \u00d6sterreich seit \u00fcber 100 Jahren. Fotofallenbilder von einem \u00fcber 15.000 Hektar gro\u00dfen Areal des Truppen\u00fcbungsplatzes Allentsteig zeigen eindeutig die Jungtiere. Die Pressemitteilung des WWF-\u00d6sterreich vom 25.8.2016 im Wortlaut: \"Willkommen zur\u00fcck: Der WWF und das Bundesheer freuen sich \u00fcber\u2026","rel":"","context":"In &quot;Presseinformationen&quot;","img":{"alt_text":"Foto: Naturfotograf Heiko Anders","src":"https:\/\/i0.wp.com\/wolfsmonitor.de\/wp-content\/uploads\/2016\/05\/HA-Beitragsfoto-Presseinfo-1.jpg?fit=623%2C415&ssl=1&resize=350%2C200","width":350,"height":200},"classes":[]},{"id":11182,"url":"https:\/\/wolfsmonitor.de\/?p=11182","url_meta":{"origin":14698,"position":5},"title":"Abgeschossener Wolf in Brandenburg: WWF stellt Strafanzeige gegen d\u00e4nischen J\u00e4ger","date":"4. November 2017","format":false,"excerpt":"Vergangenen Donnerstag erschoss ein d\u00e4nischer J\u00e4ger auf einer Dr\u00fcckjagd bei Bad Belzig (Potsdam-Mittelmark) eine W\u00f6lfin (Wolfsmonitor berichtete, hier!). Jetzt erstattete der WWF Anzeige gegen den J\u00e4ger, wie die Naturschutzorganisation nun in einer eigens dazu ver\u00f6ffentlichten Pressemeldung bekanntgab. Die Meldung im Wortlaut: Toter Wolf bei Gesellschaftsjagd in Brandenburg 03. November 2017\u2026","rel":"","context":"In &quot;Presseinformationen&quot;","img":{"alt_text":"Foto: Naturfotograf Heiko Anders","src":"https:\/\/i0.wp.com\/wolfsmonitor.de\/wp-content\/uploads\/2016\/05\/HA-Beitragsfoto-Presseinfo-1.jpg?fit=623%2C415&ssl=1&resize=350%2C200","width":350,"height":200},"classes":[]}],"_links":{"self":[{"href":"https:\/\/wolfsmonitor.de\/index.php?rest_route=\/wp\/v2\/posts\/14698"}],"collection":[{"href":"https:\/\/wolfsmonitor.de\/index.php?rest_route=\/wp\/v2\/posts"}],"about":[{"href":"https:\/\/wolfsmonitor.de\/index.php?rest_route=\/wp\/v2\/types\/post"}],"author":[{"embeddable":true,"href":"https:\/\/wolfsmonitor.de\/index.php?rest_route=\/wp\/v2\/users\/1"}],"replies":[{"embeddable":true,"href":"https:\/\/wolfsmonitor.de\/index.php?rest_route=%2Fwp%2Fv2%2Fcomments&post=14698"}],"version-history":[{"count":3,"href":"https:\/\/wolfsmonitor.de\/index.php?rest_route=\/wp\/v2\/posts\/14698\/revisions"}],"predecessor-version":[{"id":14704,"href":"https:\/\/wolfsmonitor.de\/index.php?rest_route=\/wp\/v2\/posts\/14698\/revisions\/14704"}],"wp:featuredmedia":[{"embeddable":true,"href":"https:\/\/wolfsmonitor.de\/index.php?rest_route=\/wp\/v2\/media\/3512"}],"wp:attachment":[{"href":"https:\/\/wolfsmonitor.de\/index.php?rest_route=%2Fwp%2Fv2%2Fmedia&parent=14698"}],"wp:term":[{"taxonomy":"category","embeddable":true,"href":"https:\/\/wolfsmonitor.de\/index.php?rest_route=%2Fwp%2Fv2%2Fcategories&post=14698"},{"taxonomy":"post_tag","embeddable":true,"href":"https:\/\/wolfsmonitor.de\/index.php?rest_route=%2Fwp%2Fv2%2Ftags&post=14698"}],"curies":[{"name":"wp","href":"https:\/\/api.w.org\/{rel}","templated":true}]}}