{"id":1537,"date":"2015-10-17T08:57:21","date_gmt":"2015-10-17T06:57:21","guid":{"rendered":"http:\/\/wolfsmonitor.de\/?p=1537"},"modified":"2018-05-05T14:06:28","modified_gmt":"2018-05-05T12:06:28","slug":"daniel-wood-die-jagd-eines-wolfsrudels","status":"publish","type":"post","link":"https:\/\/wolfsmonitor.de\/?p=1537","title":{"rendered":"Daniel Wood: Die Jagd eines Wolfsrudels"},"content":{"rendered":"<p><strong>&#8230;&#8220;Bei der Jagd verl\u00e4\u00dft sich ein Wolf zuerst auf seine Nase, dann auf seine Pfoten und zum Schlu\u00df auf seine vier Zentimeter langen Z\u00e4hne. <\/strong>Ausgestattet mit einem hervorragenden Geruchsinn, der ebenso gut oder noch besser ist als der eines Hundes, kann er selbst auf zweieinhalb Kilometer Entfernung noch die Witterung eines Rehs, Seehundes oder Karibus aufnehmen. Sobald Aussicht auf Beute besteht, versammeln sich die Rudelmitglieder und pr\u00fcfen den Wind, wedeln aufgeregt mit dem Schw\u00e4nzen und spitzen die Ohren, w\u00e4hrend sie auf das Signal warten, dass die Jagd beginnen kann.<\/p>\n<hr \/>\n<p><!--more--> Das Rudel wird meist vom dominaten Alpha-M\u00e4nnchen angef\u00fchrt und bildet eine disziplinierte Jagdmeute. Ein Wolf nach dem anderen trabt auf genau festgelegten Pfaden dem F\u00fchrer hinterher, w\u00e4hrend dieser der Witterung folgt. Der Jagderfolg eines Wolfsrudels wird meist v\u00f6llig \u00fcbersch\u00e4tzt. In Wirklichkeit gehen die &#8222;gnadenlosen Killer&#8220; in 90 Prozent aller F\u00e4lle leer aus. Rehe ergreifen sofort die Flucht, Hirsche machen sich entweder davon oder bleiben stehen und nehmen den Kampf auf, wobei sie ihren Angreifern manchmal durchaus t\u00f6dliche Wunden zuf\u00fcgen, Moschusochsen formen einen sch\u00fctzenden Kreis aus drohend gesenkten H\u00f6rnern und scharfen Hufen um ihre K\u00e4lber.<\/p>\n<p>In dieser Situation beginnt das Rudel oft, die Beute zu provozieren und zu testen. Es t\u00e4uscht einen Angriff vor, zieht sich jedoch kurz darauf wieder zur\u00fcck, um die Reaktion der Beutetiere zu beobachten. Wenn die ganze Herde oder einzelne Tiere fliehen, verfolgt sie das Rudel und versucht, seine Erfolgchancen abzusch\u00e4tzen. Ein verletzter Hirsch, ein Moschusochsenkalb oder ein alter, durch Krankheit geschw\u00e4chter Elch bergen das geringste Risiko und stellen die leichteste Beute dar. Ein Wolfsrudel kann seine Opfer mehrere Stunden und Tage lang verfolgen. Dabei legt es sehr weite Strecken zur\u00fcck, w\u00e4hrend es geduldig auf den richtigen Moment oder das geeignete Terrain wartet. Auf diese Weise betreibt das Rudel eine Auslese im darwinistischen Sinn, indem es daf\u00fcr sorgt, dass nur die schnellsten und st\u00e4rksten Tiere \u00fcberleben und sich fortpflanzen. Das meinte auch der amerikanische Dichter Robinson Jeffers, als er schrieb: &#8222;Nur des Wolfes Zahn formt so fein \/ der flinken Antilope Bein.&#8220;&#8230;&#8220;.<\/p>\n<hr \/>\n<p><em>(Daniel Wood, preisgekr\u00f6nter amerikanischer Schriftsteller, zitiert aus seinem Buch: &#8222;W\u00f6lfe&#8220;, deutsche Ausgabe 1997, K\u00f6nemann Verlagsgesellschaft, K\u00f6ln, Seite 71 f.,<a href=\"http:\/\/www.amazon.de\/gp\/product\/389508574X\/ref=as_li_tl?ie=UTF8&amp;camp=1638&amp;creative=6742&amp;creativeASIN=389508574X&amp;linkCode=as2&amp;tag=wolfsmonito09-21\"><img src=\"http:\/\/ws-eu.amazon-adsystem.com\/widgets\/q?_encoding=UTF8&amp;ASIN=389508574X&amp;Format=_SL250_&amp;ID=AsinImage&amp;MarketPlace=DE&amp;ServiceVersion=20070822&amp;WS=1&amp;tag=wolfsmonito09-21\" alt=\"\" border=\"0\" \/><\/a><img loading=\"lazy\" style=\"border: none !important; margin: 0px !important;\" src=\"http:\/\/ir-de.amazon-adsystem.com\/e\/ir?t=wolfsmonito09-21&amp;l=as2&amp;o=3&amp;a=389508574X\" alt=\"\" width=\"1\" height=\"1\" border=\"0\" \/> <span style=\"color: #0000ff;\"><a style=\"color: #0000ff;\" title=\"Buch Daniel Wood, W\u00f6lfe\" href=\"http:\/\/www.amazon.de\/gp\/product\/389508574X?ie=UTF8&amp;camp=1638&amp;creativeASIN=389508574X&amp;linkCode=xm2&amp;tag=wolfsmonito09-21\" target=\"_blank\">hier werden Sie zu weiteren Informationen zum Buch verlinkt!<\/a><\/span>)<\/em><\/p>\n<p><img loading=\"lazy\" style=\"border: none !important; margin: 0px !important;\" src=\"http:\/\/ir-de.amazon-adsystem.com\/e\/ir?t=wolfsmonito09-21&amp;l=as2&amp;o=3&amp;a=389508574X\" alt=\"\" width=\"1\" height=\"1\" border=\"0\" \/><\/p>\n<div class=\"shariff shariff-align-center shariff-widget-align-center\" data-services=\"facebook%7Ctwitter\" data-url=\"https%3A%2F%2Fwolfsmonitor.de%2F%3Fp%3D1537\" data-timestamp=\"1525529188\" data-backendurl=\"?rest_route=\/shariff\/v1\/share_counts&\"><ul class=\"shariff-buttons theme-color orientation-horizontal buttonsize-small\"><li class=\"shariff-button facebook shariff-nocustomcolor\" style=\"background-color:#4273c8\"><a href=\"https:\/\/www.facebook.com\/sharer\/sharer.php?u=https%3A%2F%2Fwolfsmonitor.de%2F%3Fp%3D1537\" title=\"Bei Facebook teilen\" aria-label=\"Bei Facebook teilen\" role=\"button\" rel=\"nofollow\" class=\"shariff-link\" style=\"; background-color:#3b5998; color:#fff\" target=\"_blank\"><span class=\"shariff-icon\" style=\"\"><svg width=\"32px\" height=\"20px\" xmlns=\"http:\/\/www.w3.org\/2000\/svg\" viewBox=\"0 0 18 32\"><path fill=\"#3b5998\" d=\"M17.1 0.2v4.7h-2.8q-1.5 0-2.1 0.6t-0.5 1.9v3.4h5.2l-0.7 5.3h-4.5v13.6h-5.5v-13.6h-4.5v-5.3h4.5v-3.9q0-3.3 1.9-5.2t5-1.8q2.6 0 4.1 0.2z\"\/><\/svg><\/span><span class=\"shariff-text\">teilen<\/span>&nbsp;<span data-service=\"facebook\" style=\"color:#3b5998\" class=\"shariff-count shariff-hidezero\"><\/span>&nbsp;<\/a><\/li><li class=\"shariff-button twitter shariff-nocustomcolor\" style=\"background-color:#32bbf5\"><a href=\"https:\/\/twitter.com\/share?url=https%3A%2F%2Fwolfsmonitor.de%2F%3Fp%3D1537&text=Daniel%20Wood%3A%20Die%20Jagd%20eines%20Wolfsrudels\" title=\"Bei Twitter teilen\" aria-label=\"Bei Twitter teilen\" role=\"button\" rel=\"noopener nofollow\" class=\"shariff-link\" style=\"; background-color:#55acee; color:#fff\" target=\"_blank\"><span class=\"shariff-icon\" style=\"\"><svg width=\"32px\" height=\"20px\" xmlns=\"http:\/\/www.w3.org\/2000\/svg\" viewBox=\"0 0 30 32\"><path fill=\"#55acee\" d=\"M29.7 6.8q-1.2 1.8-3 3.1 0 0.3 0 0.8 0 2.5-0.7 4.9t-2.2 4.7-3.5 4-4.9 2.8-6.1 1q-5.1 0-9.3-2.7 0.6 0.1 1.5 0.1 4.3 0 7.6-2.6-2-0.1-3.5-1.2t-2.2-3q0.6 0.1 1.1 0.1 0.8 0 1.6-0.2-2.1-0.4-3.5-2.1t-1.4-3.9v-0.1q1.3 0.7 2.8 0.8-1.2-0.8-2-2.2t-0.7-2.9q0-1.7 0.8-3.1 2.3 2.8 5.5 4.5t7 1.9q-0.2-0.7-0.2-1.4 0-2.5 1.8-4.3t4.3-1.8q2.7 0 4.5 1.9 2.1-0.4 3.9-1.5-0.7 2.2-2.7 3.4 1.8-0.2 3.5-0.9z\"\/><\/svg><\/span><span class=\"shariff-text\">twittern<\/span>&nbsp;<span data-service=\"twitter\" style=\"color:#55acee\" class=\"shariff-count shariff-hidezero\"><\/span>&nbsp;<\/a><\/li><li class=\"shariff-button rss shariff-nocustomcolor\" style=\"background-color:#ff8c00\"><a href=\"https:\/\/wolfsmonitor.de\/?feed=rss\" title=\"RSS-feed\" aria-label=\"RSS-feed\" role=\"button\" class=\"shariff-link\" style=\"; background-color:#fe9312; color:#fff\" target=\"_blank\"><span class=\"shariff-icon\" style=\"\"><svg width=\"32px\" height=\"20px\" xmlns=\"http:\/\/www.w3.org\/2000\/svg\" viewBox=\"0 0 32 32\"><path fill=\"#fe9312\" d=\"M4.3 23.5c-2.3 0-4.3 1.9-4.3 4.3 0 2.3 1.9 4.2 4.3 4.2 2.4 0 4.3-1.9 4.3-4.2 0-2.3-1.9-4.3-4.3-4.3zM0 10.9v6.1c4 0 7.7 1.6 10.6 4.4 2.8 2.8 4.4 6.6 4.4 10.6h6.2c0-11.7-9.5-21.1-21.1-21.1zM0 0v6.1c14.2 0 25.8 11.6 25.8 25.9h6.2c0-17.6-14.4-32-32-32z\"\/><\/svg><\/span><span class=\"shariff-text\">RSS-feed<\/span>&nbsp;<\/a><\/li><li class=\"shariff-button mailto shariff-nocustomcolor\" style=\"background-color:#a8a8a8\"><a href=\"mailto:?body=https%3A%2F%2Fwolfsmonitor.de%2F%3Fp%3D1537&subject=Daniel%20Wood%3A%20Die%20Jagd%20eines%20Wolfsrudels\" title=\"Per E-Mail versenden\" aria-label=\"Per E-Mail versenden\" role=\"button\" rel=\"noopener nofollow\" class=\"shariff-link\" style=\"; background-color:#999; color:#fff\"><span class=\"shariff-icon\" style=\"\"><svg width=\"32px\" height=\"20px\" xmlns=\"http:\/\/www.w3.org\/2000\/svg\" viewBox=\"0 0 32 32\"><path fill=\"#999\" d=\"M32 12.7v14.2q0 1.2-0.8 2t-2 0.9h-26.3q-1.2 0-2-0.9t-0.8-2v-14.2q0.8 0.9 1.8 1.6 6.5 4.4 8.9 6.1 1 0.8 1.6 1.2t1.7 0.9 2 0.4h0.1q0.9 0 2-0.4t1.7-0.9 1.6-1.2q3-2.2 8.9-6.1 1-0.7 1.8-1.6zM32 7.4q0 1.4-0.9 2.7t-2.2 2.2q-6.7 4.7-8.4 5.8-0.2 0.1-0.7 0.5t-1 0.7-0.9 0.6-1.1 0.5-0.9 0.2h-0.1q-0.4 0-0.9-0.2t-1.1-0.5-0.9-0.6-1-0.7-0.7-0.5q-1.6-1.1-4.7-3.2t-3.6-2.6q-1.1-0.7-2.1-2t-1-2.5q0-1.4 0.7-2.3t2.1-0.9h26.3q1.2 0 2 0.8t0.9 2z\"\/><\/svg><\/span><span class=\"shariff-text\">E-Mail<\/span>&nbsp;<\/a><\/li><li class=\"shariff-button info shariff-nocustomcolor\" style=\"background-color:#a8a8a8\"><a href=\"http:\/\/ct.de\/-2467514\" title=\"Weitere Informationen\" aria-label=\"Weitere Informationen\" role=\"button\" rel=\"noopener \" class=\"shariff-link\" style=\"; background-color:#999; color:#fff\" target=\"_blank\"><span class=\"shariff-icon\" style=\"\"><svg width=\"32px\" height=\"20px\" xmlns=\"http:\/\/www.w3.org\/2000\/svg\" viewBox=\"0 0 11 32\"><path fill=\"#999\" d=\"M11.4 24v2.3q0 0.5-0.3 0.8t-0.8 0.4h-9.1q-0.5 0-0.8-0.4t-0.4-0.8v-2.3q0-0.5 0.4-0.8t0.8-0.4h1.1v-6.8h-1.1q-0.5 0-0.8-0.4t-0.4-0.8v-2.3q0-0.5 0.4-0.8t0.8-0.4h6.8q0.5 0 0.8 0.4t0.4 0.8v10.3h1.1q0.5 0 0.8 0.4t0.3 0.8zM9.2 3.4v3.4q0 0.5-0.4 0.8t-0.8 0.4h-4.6q-0.4 0-0.8-0.4t-0.4-0.8v-3.4q0-0.4 0.4-0.8t0.8-0.4h4.6q0.5 0 0.8 0.4t0.4 0.8z\"\/><\/svg><\/span><\/a><\/li><\/ul><\/div>","protected":false},"excerpt":{"rendered":"<p>&#8230;&#8220;Bei der Jagd verl\u00e4\u00dft sich ein Wolf zuerst auf seine Nase, dann auf seine Pfoten und zum Schlu\u00df auf seine vier Zentimeter langen Z\u00e4hne. Ausgestattet mit einem hervorragenden Geruchsinn, der ebenso gut oder noch besser ist als der eines Hundes, kann er selbst auf zweieinhalb Kilometer Entfernung noch die Witterung eines Rehs, Seehundes oder Karibus [&hellip;]<\/p>\n<div class=\"shariff shariff-align-center shariff-widget-align-center\" data-services=\"facebook%7Ctwitter\" data-url=\"https%3A%2F%2Fwolfsmonitor.de%2F%3Fp%3D1537\" data-timestamp=\"1525529188\" data-backendurl=\"?rest_route=\/shariff\/v1\/share_counts&\"><ul class=\"shariff-buttons theme-color orientation-horizontal buttonsize-small\"><li class=\"shariff-button facebook shariff-nocustomcolor\" style=\"background-color:#4273c8\"><a href=\"https:\/\/www.facebook.com\/sharer\/sharer.php?u=https%3A%2F%2Fwolfsmonitor.de%2F%3Fp%3D1537\" title=\"Bei Facebook teilen\" aria-label=\"Bei Facebook teilen\" role=\"button\" rel=\"nofollow\" class=\"shariff-link\" style=\"; background-color:#3b5998; color:#fff\" target=\"_blank\"><span class=\"shariff-icon\" style=\"\"><svg width=\"32px\" height=\"20px\" xmlns=\"http:\/\/www.w3.org\/2000\/svg\" viewBox=\"0 0 18 32\"><path fill=\"#3b5998\" d=\"M17.1 0.2v4.7h-2.8q-1.5 0-2.1 0.6t-0.5 1.9v3.4h5.2l-0.7 5.3h-4.5v13.6h-5.5v-13.6h-4.5v-5.3h4.5v-3.9q0-3.3 1.9-5.2t5-1.8q2.6 0 4.1 0.2z\"\/><\/svg><\/span><span class=\"shariff-text\">teilen<\/span>&nbsp;<span data-service=\"facebook\" style=\"color:#3b5998\" class=\"shariff-count shariff-hidezero\"><\/span>&nbsp;<\/a><\/li><li class=\"shariff-button twitter shariff-nocustomcolor\" style=\"background-color:#32bbf5\"><a href=\"https:\/\/twitter.com\/share?url=https%3A%2F%2Fwolfsmonitor.de%2F%3Fp%3D1537&text=Daniel%20Wood%3A%20Die%20Jagd%20eines%20Wolfsrudels\" title=\"Bei Twitter teilen\" aria-label=\"Bei Twitter teilen\" role=\"button\" rel=\"noopener nofollow\" class=\"shariff-link\" style=\"; background-color:#55acee; color:#fff\" target=\"_blank\"><span class=\"shariff-icon\" style=\"\"><svg width=\"32px\" height=\"20px\" xmlns=\"http:\/\/www.w3.org\/2000\/svg\" viewBox=\"0 0 30 32\"><path fill=\"#55acee\" d=\"M29.7 6.8q-1.2 1.8-3 3.1 0 0.3 0 0.8 0 2.5-0.7 4.9t-2.2 4.7-3.5 4-4.9 2.8-6.1 1q-5.1 0-9.3-2.7 0.6 0.1 1.5 0.1 4.3 0 7.6-2.6-2-0.1-3.5-1.2t-2.2-3q0.6 0.1 1.1 0.1 0.8 0 1.6-0.2-2.1-0.4-3.5-2.1t-1.4-3.9v-0.1q1.3 0.7 2.8 0.8-1.2-0.8-2-2.2t-0.7-2.9q0-1.7 0.8-3.1 2.3 2.8 5.5 4.5t7 1.9q-0.2-0.7-0.2-1.4 0-2.5 1.8-4.3t4.3-1.8q2.7 0 4.5 1.9 2.1-0.4 3.9-1.5-0.7 2.2-2.7 3.4 1.8-0.2 3.5-0.9z\"\/><\/svg><\/span><span class=\"shariff-text\">twittern<\/span>&nbsp;<span data-service=\"twitter\" style=\"color:#55acee\" class=\"shariff-count shariff-hidezero\"><\/span>&nbsp;<\/a><\/li><li class=\"shariff-button rss shariff-nocustomcolor\" style=\"background-color:#ff8c00\"><a href=\"https:\/\/wolfsmonitor.de\/?feed=rss\" title=\"RSS-feed\" aria-label=\"RSS-feed\" role=\"button\" class=\"shariff-link\" style=\"; background-color:#fe9312; color:#fff\" target=\"_blank\"><span class=\"shariff-icon\" style=\"\"><svg width=\"32px\" height=\"20px\" xmlns=\"http:\/\/www.w3.org\/2000\/svg\" viewBox=\"0 0 32 32\"><path fill=\"#fe9312\" d=\"M4.3 23.5c-2.3 0-4.3 1.9-4.3 4.3 0 2.3 1.9 4.2 4.3 4.2 2.4 0 4.3-1.9 4.3-4.2 0-2.3-1.9-4.3-4.3-4.3zM0 10.9v6.1c4 0 7.7 1.6 10.6 4.4 2.8 2.8 4.4 6.6 4.4 10.6h6.2c0-11.7-9.5-21.1-21.1-21.1zM0 0v6.1c14.2 0 25.8 11.6 25.8 25.9h6.2c0-17.6-14.4-32-32-32z\"\/><\/svg><\/span><span class=\"shariff-text\">RSS-feed<\/span>&nbsp;<\/a><\/li><li class=\"shariff-button mailto shariff-nocustomcolor\" style=\"background-color:#a8a8a8\"><a href=\"mailto:?body=https%3A%2F%2Fwolfsmonitor.de%2F%3Fp%3D1537&subject=Daniel%20Wood%3A%20Die%20Jagd%20eines%20Wolfsrudels\" title=\"Per E-Mail versenden\" aria-label=\"Per E-Mail versenden\" role=\"button\" rel=\"noopener nofollow\" class=\"shariff-link\" style=\"; background-color:#999; color:#fff\"><span class=\"shariff-icon\" style=\"\"><svg width=\"32px\" height=\"20px\" xmlns=\"http:\/\/www.w3.org\/2000\/svg\" viewBox=\"0 0 32 32\"><path fill=\"#999\" d=\"M32 12.7v14.2q0 1.2-0.8 2t-2 0.9h-26.3q-1.2 0-2-0.9t-0.8-2v-14.2q0.8 0.9 1.8 1.6 6.5 4.4 8.9 6.1 1 0.8 1.6 1.2t1.7 0.9 2 0.4h0.1q0.9 0 2-0.4t1.7-0.9 1.6-1.2q3-2.2 8.9-6.1 1-0.7 1.8-1.6zM32 7.4q0 1.4-0.9 2.7t-2.2 2.2q-6.7 4.7-8.4 5.8-0.2 0.1-0.7 0.5t-1 0.7-0.9 0.6-1.1 0.5-0.9 0.2h-0.1q-0.4 0-0.9-0.2t-1.1-0.5-0.9-0.6-1-0.7-0.7-0.5q-1.6-1.1-4.7-3.2t-3.6-2.6q-1.1-0.7-2.1-2t-1-2.5q0-1.4 0.7-2.3t2.1-0.9h26.3q1.2 0 2 0.8t0.9 2z\"\/><\/svg><\/span><span class=\"shariff-text\">E-Mail<\/span>&nbsp;<\/a><\/li><li class=\"shariff-button info shariff-nocustomcolor\" style=\"background-color:#a8a8a8\"><a href=\"http:\/\/ct.de\/-2467514\" title=\"Weitere Informationen\" aria-label=\"Weitere Informationen\" role=\"button\" rel=\"noopener \" class=\"shariff-link\" style=\"; background-color:#999; color:#fff\" target=\"_blank\"><span class=\"shariff-icon\" style=\"\"><svg width=\"32px\" height=\"20px\" xmlns=\"http:\/\/www.w3.org\/2000\/svg\" viewBox=\"0 0 11 32\"><path fill=\"#999\" d=\"M11.4 24v2.3q0 0.5-0.3 0.8t-0.8 0.4h-9.1q-0.5 0-0.8-0.4t-0.4-0.8v-2.3q0-0.5 0.4-0.8t0.8-0.4h1.1v-6.8h-1.1q-0.5 0-0.8-0.4t-0.4-0.8v-2.3q0-0.5 0.4-0.8t0.8-0.4h6.8q0.5 0 0.8 0.4t0.4 0.8v10.3h1.1q0.5 0 0.8 0.4t0.3 0.8zM9.2 3.4v3.4q0 0.5-0.4 0.8t-0.8 0.4h-4.6q-0.4 0-0.8-0.4t-0.4-0.8v-3.4q0-0.4 0.4-0.8t0.8-0.4h4.6q0.5 0 0.8 0.4t0.4 0.8z\"\/><\/svg><\/span><\/a><\/li><\/ul><\/div>","protected":false},"author":1,"featured_media":774,"comment_status":"closed","ping_status":"open","sticky":false,"template":"","format":"standard","meta":{"spay_email":""},"categories":[405],"tags":[],"jetpack_featured_media_url":"https:\/\/i2.wp.com\/wolfsmonitor.de\/wp-content\/uploads\/2015\/07\/Foto-Einsichten.jpg?fit=629%2C503&ssl=1","jetpack_shortlink":"https:\/\/wp.me\/p61YbU-oN","jetpack-related-posts":[{"id":2898,"url":"https:\/\/wolfsmonitor.de\/?p=2898","url_meta":{"origin":1537,"position":0},"title":"Josef H. Reichholf: Jagdgesetze der L\u00e4nder ungeeignet f\u00fcr Gro\u00dfraubtiere!","date":"25. M\u00e4rz 2016","format":false,"excerpt":"...\"Deshalb funktionieren der Artenschutz und die Aufteilung in jagdbare und nicht jagdbare Arten nur bei solchen Arten, die mit ihrer Lebensweise und Nachwuchsproduktion tats\u00e4chlich an die Fl\u00e4che gebunden sind, auf der sie leben. Das trifft hierzulande f\u00fcr die Rehe, Fasane, Hasen, Kaninchen oder F\u00fcchse und in den Rotwildgebieten f\u00fcr den\u2026","rel":"","context":"In &quot;Aufgelesen&quot;","img":{"alt_text":"Wolf im Tierpark Nordhorn","src":"https:\/\/i1.wp.com\/wolfsmonitor.de\/wp-content\/uploads\/2015\/09\/Beitragsfoto-Aufgelesen-2.te-Fassung.jpg?fit=581%2C520&ssl=1&resize=350%2C200","width":350,"height":200},"classes":[]},{"id":1123,"url":"https:\/\/wolfsmonitor.de\/?p=1123","url_meta":{"origin":1537,"position":1},"title":"Josef H. Reichholf: Jagd auf wandernde Arten unvertretbar!","date":"5. September 2015","format":false,"excerpt":"\"...Ganz anders verh\u00e4lt es sich jedoch bei weitr\u00e4umig wandernden Arten und bei Gro\u00dftieren, die viel gr\u00f6\u00dfere Eigenreviere ben\u00f6tigen, als sie die allermeisten J\u00e4ger haben oder sich leisten k\u00f6nnen. Das Revier eines Steinadlers dehnt sich \u00fcber hunderte von Quadratkilometern aus, das Streifgebiet eines Wolfsrudels noch weiter. Die B\u00e4renwanderung l\u00e4sst sich ebenso\u2026","rel":"","context":"In &quot;Einsichten&quot;","img":{"alt_text":"Wolf im Tierpark Nordhorn","src":"https:\/\/i2.wp.com\/wolfsmonitor.de\/wp-content\/uploads\/2015\/07\/Foto-Einsichten.jpg?fit=629%2C503&ssl=1&resize=350%2C200","width":350,"height":200},"classes":[]},{"id":8870,"url":"https:\/\/wolfsmonitor.de\/?p=8870","url_meta":{"origin":1537,"position":2},"title":"Was braucht der Mensch als J\u00e4ger, Jagdkonkurrent und Wolfsberater? (Teil 2 von 3)","date":"13. Mai 2017","format":false,"excerpt":"... Da Wild niemals vor Nachstellungen sicher war, hat sich weder der Fluchtinstinkt noch die k\u00f6rperliche Leistungsf\u00e4higkeit zur\u00fcckentwickelt. Entscheidender f\u00fcr die Konstitution ist gerade bei den wiederk\u00e4uenden Arten, dass der \u00c4sungsrythmus eingehalten werden kann und es entsprechende \u00c4sungsperioden und Ruhephasen zur Verdauung gibt. In \u00e4sungsarmen Zeiten wirken sich Ruhest\u00f6rungen durch\u2026","rel":"","context":"In &quot;Gastkolumne&quot;","img":{"alt_text":"Kolumnist Klaus Bullerjahn (Foto: privat)","src":"https:\/\/i0.wp.com\/wolfsmonitor.de\/wp-content\/uploads\/2016\/03\/Kolumnenbild-K.Bullerjahn.jpg?fit=768%2C523&ssl=1&resize=350%2C200","width":350,"height":200},"classes":[]},{"id":674,"url":"https:\/\/wolfsmonitor.de\/?p=674","url_meta":{"origin":1537,"position":3},"title":"Verpasst die Jagd ihre Zukunft? \u2013 These 9","date":"26. Juni 2015","format":false,"excerpt":"These 9: Die Rolle der J\u00e4ger muss im Wolfsmanagement neu definiert werden, denn es wird nicht ohne die J\u00e4ger gehen. Wer in heutiger Zeit als J\u00e4ger auf dem \u00f6ffentlichen Parkett unterwegs ist, merkt schnell, dass er sich auf ziemlich d\u00fcnnem Eis bewegt. Der Schwund an \u00f6ffentlicher Anerkennung f\u00fcr die Aus\u00fcbung\u2026","rel":"","context":"In &quot;9 Thesen&quot;","img":{"alt_text":"","src":"https:\/\/i0.wp.com\/wolfsmonitor.de\/wp-content\/uploads\/2015\/06\/Foto-These-9.jpg?fit=497%2C457&ssl=1&resize=350%2C200","width":350,"height":200},"classes":[]},{"id":1791,"url":"https:\/\/wolfsmonitor.de\/?p=1791","url_meta":{"origin":1537,"position":4},"title":"Klaus Bullerjahn zur Goldenstedter Wolfsf\u00e4he","date":"13. November 2015","format":false,"excerpt":"Gastautor Klaus Bullerjahn (Foto rechts) aus Medingen bei Bad Bevensen ist J\u00e4ger und Wolfsberater. Zu den Ereignissen um die Goldenstedter Wolfsf\u00e4he schreibt er: \u201eEs ist richtig, dass ein Verhalten, wie es die W\u00f6lfin im Landkreis Vechta zurzeit zeigt, nicht geduldet werden kann. Grunds\u00e4tzlich befindet sich die Wolfspopulation in Deutschland bereits\u2026","rel":"","context":"In &quot;Gastkolumne&quot;","img":{"alt_text":"Kolumnist Klaus Bullerjahn (Foto: privat)","src":"https:\/\/i0.wp.com\/wolfsmonitor.de\/wp-content\/uploads\/2016\/03\/Kolumnenbild-K.Bullerjahn.jpg?fit=768%2C523&ssl=1&resize=350%2C200","width":350,"height":200},"classes":[]},{"id":3118,"url":"https:\/\/wolfsmonitor.de\/?p=3118","url_meta":{"origin":1537,"position":5},"title":"Missliebige Denkanst\u00f6\u00dfe unerw\u00fcnscht?","date":"22. April 2016","format":false,"excerpt":"\u201eWer anderen die Freiheit verweigert, verdient sie nicht f\u00fcr sich selbst\u201c\u2026(A.Lincoln) Von Wolfsberatern wird eine positive Grundhaltung zum Wolf erwartet. Sachliche Aufkl\u00e4rung, eine neutrale Begutachtung von Nutztierrissen ohne Ergebnisvorwegnahme, die Mitwirkung am Monitoring, die Aufkl\u00e4rung und Information der Bev\u00f6lkerung und abschlie\u00dfend noch vertiefte Informationen zum Herdenschutz und Ersatzleistungen f\u00fcr Nutztierhalter\u2026","rel":"","context":"In &quot;Gastkolumne&quot;","img":{"alt_text":"Kolumnist Klaus Bullerjahn (Foto: privat)","src":"https:\/\/i0.wp.com\/wolfsmonitor.de\/wp-content\/uploads\/2016\/03\/Kolumnenbild-K.Bullerjahn.jpg?fit=768%2C523&ssl=1&resize=350%2C200","width":350,"height":200},"classes":[]}],"_links":{"self":[{"href":"https:\/\/wolfsmonitor.de\/index.php?rest_route=\/wp\/v2\/posts\/1537"}],"collection":[{"href":"https:\/\/wolfsmonitor.de\/index.php?rest_route=\/wp\/v2\/posts"}],"about":[{"href":"https:\/\/wolfsmonitor.de\/index.php?rest_route=\/wp\/v2\/types\/post"}],"author":[{"embeddable":true,"href":"https:\/\/wolfsmonitor.de\/index.php?rest_route=\/wp\/v2\/users\/1"}],"replies":[{"embeddable":true,"href":"https:\/\/wolfsmonitor.de\/index.php?rest_route=%2Fwp%2Fv2%2Fcomments&post=1537"}],"version-history":[{"count":8,"href":"https:\/\/wolfsmonitor.de\/index.php?rest_route=\/wp\/v2\/posts\/1537\/revisions"}],"predecessor-version":[{"id":1561,"href":"https:\/\/wolfsmonitor.de\/index.php?rest_route=\/wp\/v2\/posts\/1537\/revisions\/1561"}],"wp:featuredmedia":[{"embeddable":true,"href":"https:\/\/wolfsmonitor.de\/index.php?rest_route=\/wp\/v2\/media\/774"}],"wp:attachment":[{"href":"https:\/\/wolfsmonitor.de\/index.php?rest_route=%2Fwp%2Fv2%2Fmedia&parent=1537"}],"wp:term":[{"taxonomy":"category","embeddable":true,"href":"https:\/\/wolfsmonitor.de\/index.php?rest_route=%2Fwp%2Fv2%2Fcategories&post=1537"},{"taxonomy":"post_tag","embeddable":true,"href":"https:\/\/wolfsmonitor.de\/index.php?rest_route=%2Fwp%2Fv2%2Ftags&post=1537"}],"curies":[{"name":"wp","href":"https:\/\/api.w.org\/{rel}","templated":true}]}}