{"id":1545,"date":"2015-10-19T10:51:52","date_gmt":"2015-10-19T08:51:52","guid":{"rendered":"http:\/\/wolfsmonitor.de\/?p=1545"},"modified":"2018-05-05T14:06:28","modified_gmt":"2018-05-05T12:06:28","slug":"3-antworten-von-torsten-fritz","status":"publish","type":"post","link":"https:\/\/wolfsmonitor.de\/?p=1545","title":{"rendered":"3 Antworten von Torsten Fritz"},"content":{"rendered":"<p><strong>Torsten Fritz (45), Mitarbeiter der Unteren Jagdbeh\u00f6rde beim Landkreis Potsdam-Mittelmark, ist J\u00e4ger, Jagdhundef\u00fchrer und gleichzeitig ehrenamtlicher Wolfsbeauftragter f\u00fcr die Region s\u00fcdwestlich von Berlin\/Potsdam.<\/strong> Wolfsmonitor f\u00fchrte vor dem Hintergrund einer Pressemeldung in der M\u00e4rkischen Allgemeinen vom 12. Oktober, in der davon berichtet wurde, dass die \u00f6rtlichen J\u00e4ger die Entwicklung der Wolfspopulation als \u201edramatisch\u201c bezeichnen, nun ein Interview mit ihm.<\/p>\n<p><strong>WOLFSMONITOR: Herr Fritz, k\u00fcrzlich berichtete die M\u00e4rkische Allgemeine auf ihrer Webseite <\/strong><strong>davon, dass die J\u00e4gerschaft im Fl\u00e4ming die W\u00f6lfe dort als \u201ePlage\u201c empfinden. Die Beobachtungen der J\u00e4ger seien eindeutig, W\u00f6lfe seien eine \u201euntersch\u00e4tzte Gefahr\u201c. Deshalb soll nun beim Umweltministerium in Brandenburg gefordert werden, W\u00f6lfe \u201edurch Abschuss dezimieren\u201c zu d\u00fcrfen. Sie haben als ehrenamtlicher Wolfsbeauftragter im Landkreis Potsdam-Mittelmark einen \u00dcberblick \u00fcber die dortigen Wolfsvorkommen. K\u00f6nnen Sie die Einsch\u00e4tzungen der J\u00e4gerschaft best\u00e4tigen?<\/strong><!--more--><\/p>\n<hr \/>\n<p>FRITZ: Die im Artikel dargestellte Auffassung der J\u00e4gerschaft, dass es 5 Wolfsrudel im Umkreis der Stadt Bad Belzig gibt, ist \u00fcberzogen. Sicherlich ist der Fl\u00e4ming einer der Verbreitungsschwerpunkte im Land Brandenburg, \u00e4hnlich der Lausitz. Aktuell sind hier folgende Wolfsrudel bekannt: J\u00fcterbog-West\/Ost, hauptsachlich im Landkreis Teltow-Fl\u00e4ming beheimatet. Diese W\u00f6lfe sind auch im angrenzenden Landkreis Potsdam-Mittelmark anzutreffen. Zentral im Landkreis Potsdam-Mittelmark gibt das Lehniner Rudel, auf dem Truppen\u00fcbungsplatz Lehnin und angrenzend. Ganz im S\u00fcden hat das G\u00f6ritz\/Klepziger Wolfsrudel sein Territorium, das sich \u00fcber die Landesgrenze nach Sachsen-Anhalt erstreckt. \u00c4hnlich verh\u00e4lt es sich mit dem Rudel auf dem Truppen\u00fcbungsplatz Altengrabow. Auch diese W\u00f6lfe \u00fcberschreiten die Landesgrenze von Sachsen-Anhalt nach Brandenburg, ganz im Westen des Landkreises. In diesem Jahr wurde das Wolfsrudel G\u00f6rzke erstmals mit Welpen nachgewiesen, welches ihr Territorium zwischen den Lehniner und Altengrabower Rudel hat. Auch alle anderen Wolfsrudel haben in diesem Jahr Nachwuchs.<\/p>\n<hr \/>\n<p>Wenn \u00fcberhaupt, kommen die W\u00f6lfe des G\u00f6rzker Rudels in die unmittelbare N\u00e4he der Stadt Bad Belzig. Von einer \u201ePlage\u201c kann man also nicht sprechen, da jedes dieser Rudel eine Territoriumsgr\u00f6\u00dfe von cirka 25.000 Hektar hat, was \u00fcber der Gr\u00f6\u00dfe der im Artikel erw\u00e4hnten Hegegemeinschaft Nonnenheide\/Hagelberg liegt, die einen Zusammenschluss von 20 Jagdbezirken darstellt. Auch ist von keinem der in diesen Rudeln beheimateten W\u00f6lfen eine Gefahr f\u00fcr den Menschen ausgegangen. Die in der Vergangenheit durch W\u00f6lfe nachweislich verursachten Nutztierrisse an Schafen oder auch Rindsk\u00e4lbern k\u00f6nnen durch geeignete Schutzma\u00dfma\u00dfnahmen vermieden werden. Das haben die Erfahrungen aus der Vergangenheit gezeigt. Hier wurde in den letzten Jahren viel Pr\u00e4ventionsarbeit bei Nutztierhaltern geleistet.<\/p>\n<p><strong>WOLFSMONITOR: Im selben Artikel wird beschrieben, dass die Brandenburger W\u00f6lfe mittlerweile so nah an Menschen herankommen, \u201edass man sie streicheln kann\u201c. Das klingt in der Tat ungew\u00f6hnlich und wird \u00fcblicherweise als \u201eauff\u00e4lliges Wolfsverhalten\u201c bezeichnet. Wissen Sie, was es damit tats\u00e4chlich auf sich hat?<\/strong><\/p>\n<hr \/>\n<p>FRITZ: Da die J\u00e4ger im Allgemeinen regelm\u00e4\u00dfig in Revieren sind, um die Jagd und Hege des Wildes auszu\u00fcben, sind sie nat\u00fcrlich auch die ersten, die Kontakt mit W\u00f6lfen haben k\u00f6nnen. Dieser Kontakt war nach den mir bekannten Berichten meiner Beurteilung nach in keinem Fall ein \u201eauff\u00e4lliges Wolfsverhalten\u201c, auch wenn es aus subjektiver Sicht des beobachtenden J\u00e4gers erst ein mal ein beeindruckendes Erlebnis darstellt, einen Wolf, wohlm\u00f6glich noch am Tage, anzutreffen. In keinem der mir bekannten F\u00e4lle zeigten die gesichteten W\u00f6lfe in Potsdam-Mittelmark dem Menschen gegen\u00fcber ein aufdringliches oder gar aggressives Verhalten. Dass ein J\u00e4ger einem Wolf auf \u201eArml\u00e4nge\u201c so nah kam, dass er diesen h\u00e4tte streicheln k\u00f6nnen, halte ich pers\u00f6nlich f\u00fcr \u201eJ\u00e4gerlatein\u201c.<\/p>\n<hr \/>\n<p><strong>WOLFSMONITOR: Die Wildbest\u00e4nde, so scheint es, haben durch die Anwesenheit der W\u00f6lfe in Ihrer Region besonders zu leiden. \u201eIn manchen W\u00e4ldern gibt es nur noch ein Viertel des urspr\u00fcnglichen Wildbestands\u201c, wird der Wolfsbeauftragte der Hegegemeinschaft Nonnenheide\/Hagelberg, Horst Battig, zitiert. Teilen Sie seine Einsch\u00e4tzung?<\/strong><\/p>\n<p>FRITZ: Im Landkreis Potsdam-Mittelmark, insbesondere im Fl\u00e4ming und der Zauche, ist neben Schwarzwild und Rehwild das Damwild die am h\u00e4ufigsten vorkommende Schalenwildart. In der Vergangenheit waren die Best\u00e4nde des Damwildes in weiten Teilen des Landkreises \u00fcberh\u00f6ht, so dass f\u00fcr die J\u00e4ger erh\u00f6hte Abschussquoten festgelegt wurden, um den Damwildbestand auf ein tragbares Ma\u00df f\u00fcr die Land- und Forstwirtschaft zu senken. Mit der Etablierung der W\u00f6lfe leistete der Wolf hier besondere \u201eHilfestellung\u201c, so dass die Damwildbest\u00e4nde bis heute sinken. Offenbar kommt bisher das Damwild mit der Anwesenheit des Wolfes nicht so gut zurecht, wie z.B. das Rotwild. Oder anders gesagt, f\u00fcr den Wolf scheint das Damwild eine leichte und in seiner Gr\u00f6\u00dfe sehr effektive Beute zu sein. Aber all diese Aussagen sind bisher nicht wissenschaftlich belegt. Hier h\u00e4tte eine auf den Weg gebrachte Studie der Forstzoologie Tharandt an der TU Dresden f\u00fcr den Bereich der Zauche Aufschluss bringen k\u00f6nnen. Sie scheiterte aber leider an fehlenden Finanzierungsm\u00f6glichkeiten.<\/p>\n<p>Die sinkenden Best\u00e4nde machen sich nat\u00fcrlich auch bei der Jagdstrecke bemerkbar. Die J\u00e4ger erlegten in den letzten Jahren weniger Damwild. Auch beim Rehwild nahm die Jagdstrecke etwas ab. Beim Schwarzwild kann man bisher keine \u00c4nderungen feststellen. Seit dem letzten Jahr wird versucht, die Abschu\u00dfpl\u00e4ne des Damwildes auf den mitjagenden Wolf anzupassen.<br \/>\nEbenfalls \u00e4ndert das Wild bei Anwesenheit des Wolfes sein Verhalten. Demzufolge m\u00fcssen auch die J\u00e4ger ihre bisher praktizierten Jagdmethoden darauf anpassen. Revier\u00fcbergreifende Bewegungsjagden sind hier nur als ein Stichwort zu nennen.<\/p>\n<p>Ob es tats\u00e4chlich nur noch ein Viertel des urspr\u00fcnglichen Wildbestandes gibt, wie von Herrn Battig behauptet wird, ist fraglich, da bekanntlich die H\u00f6he der Wildbest\u00e4nde die \u201egro\u00dfe Unbekannte\u201c ist. Der im Artikel zitierte Herr Battig ist \u00fcbrigens Leiter einer Hegegemeinschaft, jedoch kein Wolfsbeauftragter des Landesumweltamtes Brandenburg.<\/p>\n<hr \/>\n<p><strong>Herr Fritz, vielen Dank f\u00fcr das Interview!<\/strong><\/p>\n<hr \/>\n<p>Hinweis: Das Interview bezieht sich im Wesentlichen auf den Artikel &#8222;J\u00e4ger f\u00fcrchten Wolfsplage und wollen handeln&#8220; von Saskia Popp, der am 12. Oktober auf der Webseite der M\u00e4rkischen Allgemeinen &#8222;maz-online.de&#8220; erschienen ist (<span style=\"color: #0000ff;\"><a style=\"color: #0000ff;\" title=\"J\u00e4ger f\u00fcrchten Wolfsplage, maz-online, 12.10.2015\" href=\"http:\/\/www.maz-online.de\/Lokales\/Potsdam-Mittelmark\/Jaeger-fuerchten-Wolfsplage-und-wollen-handeln\" target=\"_blank\">hier ein Link zum Artikel!<\/a><\/span>)<br \/>\n<img loading=\"lazy\" src=\"http:\/\/vg08.met.vgwort.de\/na\/6104c577542048cba1d8cb2fd39288b1\" alt=\"\" width=\"1\" height=\"1\" \/><br \/>\n<strong>\u00a0<\/strong><\/p>\n<div class=\"shariff shariff-align-center shariff-widget-align-center\" data-services=\"facebook%7Ctwitter\" data-url=\"https%3A%2F%2Fwolfsmonitor.de%2F%3Fp%3D1545\" data-timestamp=\"1525529188\" data-backendurl=\"?rest_route=\/shariff\/v1\/share_counts&\"><ul class=\"shariff-buttons theme-color orientation-horizontal buttonsize-small\"><li class=\"shariff-button facebook shariff-nocustomcolor\" style=\"background-color:#4273c8\"><a href=\"https:\/\/www.facebook.com\/sharer\/sharer.php?u=https%3A%2F%2Fwolfsmonitor.de%2F%3Fp%3D1545\" title=\"Bei Facebook teilen\" aria-label=\"Bei Facebook teilen\" role=\"button\" rel=\"nofollow\" class=\"shariff-link\" style=\"; background-color:#3b5998; color:#fff\" target=\"_blank\"><span class=\"shariff-icon\" style=\"\"><svg width=\"32px\" height=\"20px\" xmlns=\"http:\/\/www.w3.org\/2000\/svg\" viewBox=\"0 0 18 32\"><path fill=\"#3b5998\" d=\"M17.1 0.2v4.7h-2.8q-1.5 0-2.1 0.6t-0.5 1.9v3.4h5.2l-0.7 5.3h-4.5v13.6h-5.5v-13.6h-4.5v-5.3h4.5v-3.9q0-3.3 1.9-5.2t5-1.8q2.6 0 4.1 0.2z\"\/><\/svg><\/span><span class=\"shariff-text\">teilen<\/span>&nbsp;<span data-service=\"facebook\" style=\"color:#3b5998\" class=\"shariff-count shariff-hidezero\"><\/span>&nbsp;<\/a><\/li><li class=\"shariff-button twitter shariff-nocustomcolor\" style=\"background-color:#32bbf5\"><a href=\"https:\/\/twitter.com\/share?url=https%3A%2F%2Fwolfsmonitor.de%2F%3Fp%3D1545&text=3%20Antworten%20von%20Torsten%20Fritz\" title=\"Bei Twitter teilen\" aria-label=\"Bei Twitter teilen\" role=\"button\" rel=\"noopener nofollow\" class=\"shariff-link\" style=\"; background-color:#55acee; color:#fff\" target=\"_blank\"><span class=\"shariff-icon\" style=\"\"><svg width=\"32px\" height=\"20px\" xmlns=\"http:\/\/www.w3.org\/2000\/svg\" viewBox=\"0 0 30 32\"><path fill=\"#55acee\" d=\"M29.7 6.8q-1.2 1.8-3 3.1 0 0.3 0 0.8 0 2.5-0.7 4.9t-2.2 4.7-3.5 4-4.9 2.8-6.1 1q-5.1 0-9.3-2.7 0.6 0.1 1.5 0.1 4.3 0 7.6-2.6-2-0.1-3.5-1.2t-2.2-3q0.6 0.1 1.1 0.1 0.8 0 1.6-0.2-2.1-0.4-3.5-2.1t-1.4-3.9v-0.1q1.3 0.7 2.8 0.8-1.2-0.8-2-2.2t-0.7-2.9q0-1.7 0.8-3.1 2.3 2.8 5.5 4.5t7 1.9q-0.2-0.7-0.2-1.4 0-2.5 1.8-4.3t4.3-1.8q2.7 0 4.5 1.9 2.1-0.4 3.9-1.5-0.7 2.2-2.7 3.4 1.8-0.2 3.5-0.9z\"\/><\/svg><\/span><span class=\"shariff-text\">twittern<\/span>&nbsp;<span data-service=\"twitter\" style=\"color:#55acee\" class=\"shariff-count shariff-hidezero\"><\/span>&nbsp;<\/a><\/li><li class=\"shariff-button rss shariff-nocustomcolor\" style=\"background-color:#ff8c00\"><a href=\"https:\/\/wolfsmonitor.de\/?feed=rss\" title=\"RSS-feed\" aria-label=\"RSS-feed\" role=\"button\" class=\"shariff-link\" style=\"; background-color:#fe9312; color:#fff\" target=\"_blank\"><span class=\"shariff-icon\" style=\"\"><svg width=\"32px\" height=\"20px\" xmlns=\"http:\/\/www.w3.org\/2000\/svg\" viewBox=\"0 0 32 32\"><path fill=\"#fe9312\" d=\"M4.3 23.5c-2.3 0-4.3 1.9-4.3 4.3 0 2.3 1.9 4.2 4.3 4.2 2.4 0 4.3-1.9 4.3-4.2 0-2.3-1.9-4.3-4.3-4.3zM0 10.9v6.1c4 0 7.7 1.6 10.6 4.4 2.8 2.8 4.4 6.6 4.4 10.6h6.2c0-11.7-9.5-21.1-21.1-21.1zM0 0v6.1c14.2 0 25.8 11.6 25.8 25.9h6.2c0-17.6-14.4-32-32-32z\"\/><\/svg><\/span><span class=\"shariff-text\">RSS-feed<\/span>&nbsp;<\/a><\/li><li class=\"shariff-button mailto shariff-nocustomcolor\" style=\"background-color:#a8a8a8\"><a href=\"mailto:?body=https%3A%2F%2Fwolfsmonitor.de%2F%3Fp%3D1545&subject=3%20Antworten%20von%20Torsten%20Fritz\" title=\"Per E-Mail versenden\" aria-label=\"Per E-Mail versenden\" role=\"button\" rel=\"noopener nofollow\" class=\"shariff-link\" style=\"; background-color:#999; color:#fff\"><span class=\"shariff-icon\" style=\"\"><svg width=\"32px\" height=\"20px\" xmlns=\"http:\/\/www.w3.org\/2000\/svg\" viewBox=\"0 0 32 32\"><path fill=\"#999\" d=\"M32 12.7v14.2q0 1.2-0.8 2t-2 0.9h-26.3q-1.2 0-2-0.9t-0.8-2v-14.2q0.8 0.9 1.8 1.6 6.5 4.4 8.9 6.1 1 0.8 1.6 1.2t1.7 0.9 2 0.4h0.1q0.9 0 2-0.4t1.7-0.9 1.6-1.2q3-2.2 8.9-6.1 1-0.7 1.8-1.6zM32 7.4q0 1.4-0.9 2.7t-2.2 2.2q-6.7 4.7-8.4 5.8-0.2 0.1-0.7 0.5t-1 0.7-0.9 0.6-1.1 0.5-0.9 0.2h-0.1q-0.4 0-0.9-0.2t-1.1-0.5-0.9-0.6-1-0.7-0.7-0.5q-1.6-1.1-4.7-3.2t-3.6-2.6q-1.1-0.7-2.1-2t-1-2.5q0-1.4 0.7-2.3t2.1-0.9h26.3q1.2 0 2 0.8t0.9 2z\"\/><\/svg><\/span><span class=\"shariff-text\">E-Mail<\/span>&nbsp;<\/a><\/li><li class=\"shariff-button info shariff-nocustomcolor\" style=\"background-color:#a8a8a8\"><a href=\"http:\/\/ct.de\/-2467514\" title=\"Weitere Informationen\" aria-label=\"Weitere Informationen\" role=\"button\" rel=\"noopener \" class=\"shariff-link\" style=\"; background-color:#999; color:#fff\" target=\"_blank\"><span class=\"shariff-icon\" style=\"\"><svg width=\"32px\" height=\"20px\" xmlns=\"http:\/\/www.w3.org\/2000\/svg\" viewBox=\"0 0 11 32\"><path fill=\"#999\" d=\"M11.4 24v2.3q0 0.5-0.3 0.8t-0.8 0.4h-9.1q-0.5 0-0.8-0.4t-0.4-0.8v-2.3q0-0.5 0.4-0.8t0.8-0.4h1.1v-6.8h-1.1q-0.5 0-0.8-0.4t-0.4-0.8v-2.3q0-0.5 0.4-0.8t0.8-0.4h6.8q0.5 0 0.8 0.4t0.4 0.8v10.3h1.1q0.5 0 0.8 0.4t0.3 0.8zM9.2 3.4v3.4q0 0.5-0.4 0.8t-0.8 0.4h-4.6q-0.4 0-0.8-0.4t-0.4-0.8v-3.4q0-0.4 0.4-0.8t0.8-0.4h4.6q0.5 0 0.8 0.4t0.4 0.8z\"\/><\/svg><\/span><\/a><\/li><\/ul><\/div>","protected":false},"excerpt":{"rendered":"<p>Torsten Fritz (45), Mitarbeiter der Unteren Jagdbeh\u00f6rde beim Landkreis Potsdam-Mittelmark, ist J\u00e4ger, Jagdhundef\u00fchrer und gleichzeitig ehrenamtlicher Wolfsbeauftragter f\u00fcr die Region s\u00fcdwestlich von Berlin\/Potsdam. Wolfsmonitor f\u00fchrte vor dem Hintergrund einer Pressemeldung in der M\u00e4rkischen Allgemeinen vom 12. Oktober, in der davon berichtet wurde, dass die \u00f6rtlichen J\u00e4ger die Entwicklung der Wolfspopulation als \u201edramatisch\u201c bezeichnen, nun ein [&hellip;]<\/p>\n<div class=\"shariff shariff-align-center shariff-widget-align-center\" data-services=\"facebook%7Ctwitter\" data-url=\"https%3A%2F%2Fwolfsmonitor.de%2F%3Fp%3D1545\" data-timestamp=\"1525529188\" data-backendurl=\"?rest_route=\/shariff\/v1\/share_counts&\"><ul class=\"shariff-buttons theme-color orientation-horizontal buttonsize-small\"><li class=\"shariff-button facebook shariff-nocustomcolor\" style=\"background-color:#4273c8\"><a href=\"https:\/\/www.facebook.com\/sharer\/sharer.php?u=https%3A%2F%2Fwolfsmonitor.de%2F%3Fp%3D1545\" title=\"Bei Facebook teilen\" aria-label=\"Bei Facebook teilen\" role=\"button\" rel=\"nofollow\" class=\"shariff-link\" style=\"; background-color:#3b5998; color:#fff\" target=\"_blank\"><span class=\"shariff-icon\" style=\"\"><svg width=\"32px\" height=\"20px\" xmlns=\"http:\/\/www.w3.org\/2000\/svg\" viewBox=\"0 0 18 32\"><path fill=\"#3b5998\" d=\"M17.1 0.2v4.7h-2.8q-1.5 0-2.1 0.6t-0.5 1.9v3.4h5.2l-0.7 5.3h-4.5v13.6h-5.5v-13.6h-4.5v-5.3h4.5v-3.9q0-3.3 1.9-5.2t5-1.8q2.6 0 4.1 0.2z\"\/><\/svg><\/span><span class=\"shariff-text\">teilen<\/span>&nbsp;<span data-service=\"facebook\" style=\"color:#3b5998\" class=\"shariff-count shariff-hidezero\"><\/span>&nbsp;<\/a><\/li><li class=\"shariff-button twitter shariff-nocustomcolor\" style=\"background-color:#32bbf5\"><a href=\"https:\/\/twitter.com\/share?url=https%3A%2F%2Fwolfsmonitor.de%2F%3Fp%3D1545&text=3%20Antworten%20von%20Torsten%20Fritz\" title=\"Bei Twitter teilen\" aria-label=\"Bei Twitter teilen\" role=\"button\" rel=\"noopener nofollow\" class=\"shariff-link\" style=\"; background-color:#55acee; color:#fff\" target=\"_blank\"><span class=\"shariff-icon\" style=\"\"><svg width=\"32px\" height=\"20px\" xmlns=\"http:\/\/www.w3.org\/2000\/svg\" viewBox=\"0 0 30 32\"><path fill=\"#55acee\" d=\"M29.7 6.8q-1.2 1.8-3 3.1 0 0.3 0 0.8 0 2.5-0.7 4.9t-2.2 4.7-3.5 4-4.9 2.8-6.1 1q-5.1 0-9.3-2.7 0.6 0.1 1.5 0.1 4.3 0 7.6-2.6-2-0.1-3.5-1.2t-2.2-3q0.6 0.1 1.1 0.1 0.8 0 1.6-0.2-2.1-0.4-3.5-2.1t-1.4-3.9v-0.1q1.3 0.7 2.8 0.8-1.2-0.8-2-2.2t-0.7-2.9q0-1.7 0.8-3.1 2.3 2.8 5.5 4.5t7 1.9q-0.2-0.7-0.2-1.4 0-2.5 1.8-4.3t4.3-1.8q2.7 0 4.5 1.9 2.1-0.4 3.9-1.5-0.7 2.2-2.7 3.4 1.8-0.2 3.5-0.9z\"\/><\/svg><\/span><span class=\"shariff-text\">twittern<\/span>&nbsp;<span data-service=\"twitter\" style=\"color:#55acee\" class=\"shariff-count shariff-hidezero\"><\/span>&nbsp;<\/a><\/li><li class=\"shariff-button rss shariff-nocustomcolor\" style=\"background-color:#ff8c00\"><a href=\"https:\/\/wolfsmonitor.de\/?feed=rss\" title=\"RSS-feed\" aria-label=\"RSS-feed\" role=\"button\" class=\"shariff-link\" style=\"; background-color:#fe9312; color:#fff\" target=\"_blank\"><span class=\"shariff-icon\" style=\"\"><svg width=\"32px\" height=\"20px\" xmlns=\"http:\/\/www.w3.org\/2000\/svg\" viewBox=\"0 0 32 32\"><path fill=\"#fe9312\" d=\"M4.3 23.5c-2.3 0-4.3 1.9-4.3 4.3 0 2.3 1.9 4.2 4.3 4.2 2.4 0 4.3-1.9 4.3-4.2 0-2.3-1.9-4.3-4.3-4.3zM0 10.9v6.1c4 0 7.7 1.6 10.6 4.4 2.8 2.8 4.4 6.6 4.4 10.6h6.2c0-11.7-9.5-21.1-21.1-21.1zM0 0v6.1c14.2 0 25.8 11.6 25.8 25.9h6.2c0-17.6-14.4-32-32-32z\"\/><\/svg><\/span><span class=\"shariff-text\">RSS-feed<\/span>&nbsp;<\/a><\/li><li class=\"shariff-button mailto shariff-nocustomcolor\" style=\"background-color:#a8a8a8\"><a href=\"mailto:?body=https%3A%2F%2Fwolfsmonitor.de%2F%3Fp%3D1545&subject=3%20Antworten%20von%20Torsten%20Fritz\" title=\"Per E-Mail versenden\" aria-label=\"Per E-Mail versenden\" role=\"button\" rel=\"noopener nofollow\" class=\"shariff-link\" style=\"; background-color:#999; color:#fff\"><span class=\"shariff-icon\" style=\"\"><svg width=\"32px\" height=\"20px\" xmlns=\"http:\/\/www.w3.org\/2000\/svg\" viewBox=\"0 0 32 32\"><path fill=\"#999\" d=\"M32 12.7v14.2q0 1.2-0.8 2t-2 0.9h-26.3q-1.2 0-2-0.9t-0.8-2v-14.2q0.8 0.9 1.8 1.6 6.5 4.4 8.9 6.1 1 0.8 1.6 1.2t1.7 0.9 2 0.4h0.1q0.9 0 2-0.4t1.7-0.9 1.6-1.2q3-2.2 8.9-6.1 1-0.7 1.8-1.6zM32 7.4q0 1.4-0.9 2.7t-2.2 2.2q-6.7 4.7-8.4 5.8-0.2 0.1-0.7 0.5t-1 0.7-0.9 0.6-1.1 0.5-0.9 0.2h-0.1q-0.4 0-0.9-0.2t-1.1-0.5-0.9-0.6-1-0.7-0.7-0.5q-1.6-1.1-4.7-3.2t-3.6-2.6q-1.1-0.7-2.1-2t-1-2.5q0-1.4 0.7-2.3t2.1-0.9h26.3q1.2 0 2 0.8t0.9 2z\"\/><\/svg><\/span><span class=\"shariff-text\">E-Mail<\/span>&nbsp;<\/a><\/li><li class=\"shariff-button info shariff-nocustomcolor\" style=\"background-color:#a8a8a8\"><a href=\"http:\/\/ct.de\/-2467514\" title=\"Weitere Informationen\" aria-label=\"Weitere Informationen\" role=\"button\" rel=\"noopener \" class=\"shariff-link\" style=\"; background-color:#999; color:#fff\" target=\"_blank\"><span class=\"shariff-icon\" style=\"\"><svg width=\"32px\" height=\"20px\" xmlns=\"http:\/\/www.w3.org\/2000\/svg\" viewBox=\"0 0 11 32\"><path fill=\"#999\" d=\"M11.4 24v2.3q0 0.5-0.3 0.8t-0.8 0.4h-9.1q-0.5 0-0.8-0.4t-0.4-0.8v-2.3q0-0.5 0.4-0.8t0.8-0.4h1.1v-6.8h-1.1q-0.5 0-0.8-0.4t-0.4-0.8v-2.3q0-0.5 0.4-0.8t0.8-0.4h6.8q0.5 0 0.8 0.4t0.4 0.8v10.3h1.1q0.5 0 0.8 0.4t0.3 0.8zM9.2 3.4v3.4q0 0.5-0.4 0.8t-0.8 0.4h-4.6q-0.4 0-0.8-0.4t-0.4-0.8v-3.4q0-0.4 0.4-0.8t0.8-0.4h4.6q0.5 0 0.8 0.4t0.4 0.8z\"\/><\/svg><\/span><\/a><\/li><\/ul><\/div>","protected":false},"author":1,"featured_media":1544,"comment_status":"closed","ping_status":"open","sticky":false,"template":"","format":"standard","meta":{"spay_email":""},"categories":[21],"tags":[1207,1198,1192,1189,1200,1205,1186,1208,1209,1196,1190,1212,1191,1185,936,136,1201,1188,1193,1194,1195,1125,1127,27,1187,1199,1204,1210,1142,1206,1203,1182,1183,1184,1129,1211,1130,1197,1202],"jetpack_featured_media_url":"https:\/\/i1.wp.com\/wolfsmonitor.de\/wp-content\/uploads\/2015\/10\/Wolfsbeauftragter-Torsten-Fritz-Foto-T.-Fritz-2.jpg?fit=206%2C245&ssl=1","jetpack_shortlink":"https:\/\/wp.me\/p61YbU-oV","jetpack-related-posts":[{"id":1489,"url":"https:\/\/wolfsmonitor.de\/?p=1489","url_meta":{"origin":1545,"position":0},"title":"W\u00f6lfe dezimieren oder auf deren Bejagung verzichten?","date":"13. Oktober 2015","format":false,"excerpt":"Im Abstand von nur wenigen Stunden erschienen am vergangenen Wochenende zwei Pressemeldungen in der brandenburgischen \u201eM\u00e4rkischen Allgemeinen\u201c, die an W\u00f6lfen interessierte Menschen aufhorchen lie\u00dfen: Einem Bericht von Saskia Popp entsprechend, ging es auf einer Versammlung des Kreisjagdverbandes Potsdam-Mittelmark sehr lebhaft zu. Man \"schlug dort Alarm\". Man f\u00fcrchtet dort n\u00e4mlich nach\u2026","rel":"","context":"In &quot;Aufgelesen&quot;","img":{"alt_text":"Wolf im Tierpark Nordhorn","src":"https:\/\/i2.wp.com\/wolfsmonitor.de\/wp-content\/uploads\/2015\/09\/Beitragsfoto-Aufgelesen-3.gif?fit=562%2C501&ssl=1&resize=350%2C200","width":350,"height":200},"classes":[]},{"id":8577,"url":"https:\/\/wolfsmonitor.de\/?p=8577","url_meta":{"origin":1545,"position":1},"title":"Zunehmend Hinterzimmerpolitik bei unliebsamen Wolfsmanagement-Entscheidungen?","date":"23. April 2017","format":false,"excerpt":"Wir erinnern uns: Im Januar erteilte das Land Sachsen die Genehmigung, den bei Rietschen im Kreis G\u00f6rlitz vagabundierenden Wolf mit dem Spitznamen \u201ePumpak\u201c (polnisch f\u00fcr \u201eder Fette\u201c) abzuschie\u00dfen (hier!). In der April-Ausgabe der Jagdzeitschrift \u201eunsere Jagd\u201c sind nun einige Hintergrundinformationen \u00fcber den damals vorgesehenen \"Entnahmeprozess\" zu lesen, so zum Beispiel:\u2026","rel":"","context":"In &quot;Nachgefragt&quot;","img":{"alt_text":"","src":"https:\/\/i0.wp.com\/wolfsmonitor.de\/wp-content\/uploads\/2015\/05\/Bild-Nachgefragt.jpg?fit=488%2C408&ssl=1&resize=350%2C200","width":350,"height":200},"classes":[]},{"id":11160,"url":"https:\/\/wolfsmonitor.de\/?p=11160","url_meta":{"origin":1545,"position":2},"title":"J\u00e4ger erschie\u00dft Wolf in Brandenburg","date":"2. November 2017","format":false,"excerpt":"Auf einer Gesellschaftsjagd in einem Brandenburger Forstrevier bei Bad Belzig (Potsdam-Mittelmark) wurde jetzt eine W\u00f6lfin von einem J\u00e4ger aus D\u00e4nemark erschossen. Der Jagdleiter habe bei der Polizei am heutigen Donnerstag Anzeige gegen den J\u00e4ger erstattet, teilte das Ministerium f\u00fcr L\u00e4ndliche Entwicklung, Umwelt und Landwirtschaft des Landes Brandenburg in Potsdam heute\u2026","rel":"","context":"In &quot;Kurzinfo&quot;","img":{"alt_text":"Wolf im Zoo Nordhorn (Foto: Vogler)","src":"https:\/\/i2.wp.com\/wolfsmonitor.de\/wp-content\/uploads\/2016\/09\/Beitragsfoto-Kurzinfo.jpg?fit=628%2C505&ssl=1&resize=350%2C200","width":350,"height":200},"classes":[]},{"id":16260,"url":"https:\/\/wolfsmonitor.de\/?p=16260","url_meta":{"origin":1545,"position":3},"title":"Brandenburg: Jagdgast erschie\u00dft Wolf","date":"21. Januar 2019","format":false,"excerpt":"Ein Jagdgast aus den Niederlanden hat vergangenen Freitag bei R\u00e4digke (Landkreis Potsdam-Mittelmark) einen Wolf erschossen. Der Wolf soll zuvor mehrere Jagdhunde attackiert haben und lie\u00df sich nach Angaben des Sch\u00fctzen und eines Zeugen scheinbar nicht vertreiben. Anscheinend hatten St\u00f6berhunde zuvor Rehwildf\u00e4hrten \u201egearbeitet\u201c, obwohl Rehwild gar nicht zum Abschuss freigegeben war.\u2026","rel":"","context":"In &quot;Aktuell&quot;","img":{"alt_text":"Stehender Wolf im Tierpark Nordhorn (Foto: Vogler)","src":"https:\/\/i0.wp.com\/wolfsmonitor.de\/wp-content\/uploads\/2016\/03\/Beitragsfoto-Aktuell.jpg?fit=592%2C507&ssl=1&resize=350%2C200","width":350,"height":200},"classes":[]},{"id":12762,"url":"https:\/\/wolfsmonitor.de\/?p=12762","url_meta":{"origin":1545,"position":4},"title":"Brandenburg: Abschuss des Dobbrikower Wolfsrudels offiziell abgelehnt","date":"6. M\u00e4rz 2018","format":false,"excerpt":"Ein Landwirt aus Brandenburg hatte im Januar nach zwei Wolfsrissen im M\u00e4rz und Oktober 2017 den Abschuss des Dobbrikower Wolfsrudels, das sich im Nuthe-Urstromtal angesiedelt hat, gefordert (Wolfsmonitor berichtete, hier!). Der Antrag wurde seinerzeit von einschl\u00e4gigen Verb\u00e4nden als \"Test\" der neuen Brandenburgischen Wolfsverordnung gewertet. Der entsprechende Antrag sei allerdings nun\u2026","rel":"","context":"In &quot;Presseinformationen&quot;","img":{"alt_text":"Wolf im Tierpark (Foto: Vogler)","src":"https:\/\/i0.wp.com\/wolfsmonitor.de\/wp-content\/uploads\/2016\/09\/Beitragsfoto-PI-PM.jpg?fit=752%2C497&ssl=1&resize=350%2C200","width":350,"height":200},"classes":[]},{"id":12196,"url":"https:\/\/wolfsmonitor.de\/?p=12196","url_meta":{"origin":1545,"position":5},"title":"Brandenburgs Wolfsverordnung vor erstem Praxistest?","date":"18. Januar 2018","format":false,"excerpt":"W\u00e4hrend Brandenburgs Bauernbund nach der k\u00fcrzlich in Kraft getretenen Brandenburger Wolfsverordnung weiter erheblichen Widerstand ank\u00fcndigt (\u201eDie Zeit des Verhandelns ist vorbei\u201c), schafft ein Landwirt aus Potsdam-Mittelmark Fakten: Er stellte einen \u201eAntrag auf Entnahme\u201c des Dobbrikower Wolfsrudels beim Landesumweltamt. Bei der Vorlage der Wolfsverordnung im November unterstrich Brandenburgs Umweltminister J\u00f6rg Vogels\u00e4nger\u2026","rel":"","context":"In &quot;Aufgelesen&quot;","img":{"alt_text":"Foto: Wildtierfotograf Heiko Anders","src":"https:\/\/i2.wp.com\/wolfsmonitor.de\/wp-content\/uploads\/2016\/05\/HA-Beitragsfoto-Aufgelesen-2.jpg?fit=625%2C469&ssl=1&resize=350%2C200","width":350,"height":200},"classes":[]}],"_links":{"self":[{"href":"https:\/\/wolfsmonitor.de\/index.php?rest_route=\/wp\/v2\/posts\/1545"}],"collection":[{"href":"https:\/\/wolfsmonitor.de\/index.php?rest_route=\/wp\/v2\/posts"}],"about":[{"href":"https:\/\/wolfsmonitor.de\/index.php?rest_route=\/wp\/v2\/types\/post"}],"author":[{"embeddable":true,"href":"https:\/\/wolfsmonitor.de\/index.php?rest_route=\/wp\/v2\/users\/1"}],"replies":[{"embeddable":true,"href":"https:\/\/wolfsmonitor.de\/index.php?rest_route=%2Fwp%2Fv2%2Fcomments&post=1545"}],"version-history":[{"count":7,"href":"https:\/\/wolfsmonitor.de\/index.php?rest_route=\/wp\/v2\/posts\/1545\/revisions"}],"predecessor-version":[{"id":1566,"href":"https:\/\/wolfsmonitor.de\/index.php?rest_route=\/wp\/v2\/posts\/1545\/revisions\/1566"}],"wp:featuredmedia":[{"embeddable":true,"href":"https:\/\/wolfsmonitor.de\/index.php?rest_route=\/wp\/v2\/media\/1544"}],"wp:attachment":[{"href":"https:\/\/wolfsmonitor.de\/index.php?rest_route=%2Fwp%2Fv2%2Fmedia&parent=1545"}],"wp:term":[{"taxonomy":"category","embeddable":true,"href":"https:\/\/wolfsmonitor.de\/index.php?rest_route=%2Fwp%2Fv2%2Fcategories&post=1545"},{"taxonomy":"post_tag","embeddable":true,"href":"https:\/\/wolfsmonitor.de\/index.php?rest_route=%2Fwp%2Fv2%2Ftags&post=1545"}],"curies":[{"name":"wp","href":"https:\/\/api.w.org\/{rel}","templated":true}]}}