{"id":16010,"date":"2019-01-03T08:56:42","date_gmt":"2019-01-03T06:56:42","guid":{"rendered":"https:\/\/wolfsmonitor.de\/?p=16010"},"modified":"2019-01-03T09:11:43","modified_gmt":"2019-01-03T07:11:43","slug":"gespraech-ueber-kloeckners-brandbrief-mitte-januar","status":"publish","type":"post","link":"https:\/\/wolfsmonitor.de\/?p=16010","title":{"rendered":"Gespr\u00e4ch \u00fcber Kl\u00f6ckners Brandbrief Mitte Januar"},"content":{"rendered":"\n<p><strong><br \/><\/strong><\/p>\n\n\n<p><strong>Bundeslandwirtschaftsministerin Julia Kl\u00f6ckner (CDU), die unl\u00e4ngst einen \u201eBrandbrief\u201c an Umweltministerin Svenja Schulze (SPD) schickte, in dem sie forderte, <\/strong><em><strong>\u201emehr rechtliche M\u00f6glichkeiten zur Umgehung des Artenschutzes zu schaffen, damit J\u00e4ger die W\u00f6lfe einfacher abschie\u00dfen k\u00f6nnen\u201c, <\/strong><\/em><strong>wird nun mit ihrer \u201eKollegin\u201c aus dem Umweltministerium Mitte Januar kl\u00e4ren, ob der Abschuss von W\u00f6lfen in Deutschland zum Schutz von Nutztieren erleichtert werden soll.<\/strong><!--more--><\/p>\n<p>Das meldete jetzt moz.de. Aus dem erg\u00e4nzenden Statement einer Sprecherin des Umweltministeriums l\u00e4sst sich allerdings bereits erahnen, dass Kl\u00f6ckners Vorschlag dort offenbar (zurecht) auf wenig Gegenbliebe st\u00f6\u00dft.<\/p>\n\n\n<p>Dort hei\u00dft es, der Abschuss von W\u00f6lfen, die einen <em>\u201eausreichend hohen Elektrozaun \u00fcberwinden\nk\u00f6nnen\u201c<\/em>, sei bereits heute m\u00f6glich.<em><a href=\"https:\/\/www.moz.de\/nachrichten\/brandenburg\/artikel-ansicht\/dg\/0\/1\/1700696\/?fbclid=IwAR3kYek8MJPWc6bgCofVKgpqPc9jXo4Dhu9W_LbWWFcVor8O9snkktYmQd4\"><\/a><\/em><\/p>\n\n\n<p><em>Quelle: moz.de am 2.1.2019: \u201eGespr\u00e4ch \u00fcber Abschuss von W\u00f6lfen geplant\u201c, hier der<span style=\"color: #0000ff;\"> <a style=\"color: #0000ff;\" href=\"https:\/\/www.moz.de\/nachrichten\/brandenburg\/artikel-ansicht\/dg\/0\/1\/1700696\/?fbclid=IwAR3kYek8MJPWc6bgCofVKgpqPc9jXo4Dhu9W_LbWWFcVor8O9snkktYmQd4\">Link!<\/a><\/span><\/em><\/p>\n<p><em>Beitragsfoto: Heiko Anders, <span style=\"color: #0000ff;\">www.andersfotografiert.com<\/span><\/em><\/p>\n\n\n<p><em>(Anmerkung: F\u00fcr die Richtigkeit der Angaben und Inhalte der \nverlinkten Webseiten wie auch f\u00fcr den Umstand, dass nicht ausgeschlossen\n werden kann, dass dort Daten erhoben werden, wird keinerlei Gew\u00e4hr \n\u00fcbernommen)<\/em><\/p>\n<div class=\"shariff shariff-align-center shariff-widget-align-center\" data-services=\"facebook%7Ctwitter\" data-url=\"https%3A%2F%2Fwolfsmonitor.de%2F%3Fp%3D16010\" data-timestamp=\"1546506703\" data-backendurl=\"?rest_route=\/shariff\/v1\/share_counts&\"><ul class=\"shariff-buttons theme-color orientation-horizontal buttonsize-small\"><li class=\"shariff-button facebook shariff-nocustomcolor\" style=\"background-color:#4273c8\"><a href=\"https:\/\/www.facebook.com\/sharer\/sharer.php?u=https%3A%2F%2Fwolfsmonitor.de%2F%3Fp%3D16010\" title=\"Bei Facebook teilen\" aria-label=\"Bei Facebook teilen\" role=\"button\" rel=\"nofollow\" class=\"shariff-link\" style=\"; background-color:#3b5998; color:#fff\" target=\"_blank\"><span class=\"shariff-icon\" style=\"\"><svg width=\"32px\" height=\"20px\" xmlns=\"http:\/\/www.w3.org\/2000\/svg\" viewBox=\"0 0 18 32\"><path fill=\"#3b5998\" d=\"M17.1 0.2v4.7h-2.8q-1.5 0-2.1 0.6t-0.5 1.9v3.4h5.2l-0.7 5.3h-4.5v13.6h-5.5v-13.6h-4.5v-5.3h4.5v-3.9q0-3.3 1.9-5.2t5-1.8q2.6 0 4.1 0.2z\"\/><\/svg><\/span><span class=\"shariff-text\">teilen<\/span>&nbsp;<span data-service=\"facebook\" style=\"color:#3b5998\" class=\"shariff-count shariff-hidezero\"><\/span>&nbsp;<\/a><\/li><li class=\"shariff-button twitter shariff-nocustomcolor\" style=\"background-color:#32bbf5\"><a href=\"https:\/\/twitter.com\/share?url=https%3A%2F%2Fwolfsmonitor.de%2F%3Fp%3D16010&text=Gespr%C3%A4ch%20%C3%BCber%20Kl%C3%B6ckners%20Brandbrief%20Mitte%20Januar\" title=\"Bei Twitter teilen\" aria-label=\"Bei Twitter teilen\" role=\"button\" rel=\"noopener nofollow\" class=\"shariff-link\" style=\"; background-color:#55acee; color:#fff\" target=\"_blank\"><span class=\"shariff-icon\" style=\"\"><svg width=\"32px\" height=\"20px\" xmlns=\"http:\/\/www.w3.org\/2000\/svg\" viewBox=\"0 0 30 32\"><path fill=\"#55acee\" d=\"M29.7 6.8q-1.2 1.8-3 3.1 0 0.3 0 0.8 0 2.5-0.7 4.9t-2.2 4.7-3.5 4-4.9 2.8-6.1 1q-5.1 0-9.3-2.7 0.6 0.1 1.5 0.1 4.3 0 7.6-2.6-2-0.1-3.5-1.2t-2.2-3q0.6 0.1 1.1 0.1 0.8 0 1.6-0.2-2.1-0.4-3.5-2.1t-1.4-3.9v-0.1q1.3 0.7 2.8 0.8-1.2-0.8-2-2.2t-0.7-2.9q0-1.7 0.8-3.1 2.3 2.8 5.5 4.5t7 1.9q-0.2-0.7-0.2-1.4 0-2.5 1.8-4.3t4.3-1.8q2.7 0 4.5 1.9 2.1-0.4 3.9-1.5-0.7 2.2-2.7 3.4 1.8-0.2 3.5-0.9z\"\/><\/svg><\/span><span class=\"shariff-text\">twittern<\/span>&nbsp;<span data-service=\"twitter\" style=\"color:#55acee\" class=\"shariff-count shariff-hidezero\"><\/span>&nbsp;<\/a><\/li><li class=\"shariff-button rss shariff-nocustomcolor\" style=\"background-color:#ff8c00\"><a href=\"https:\/\/wolfsmonitor.de\/?feed=rss\" title=\"RSS-feed\" aria-label=\"RSS-feed\" role=\"button\" class=\"shariff-link\" style=\"; background-color:#fe9312; color:#fff\" target=\"_blank\"><span class=\"shariff-icon\" style=\"\"><svg width=\"32px\" height=\"20px\" xmlns=\"http:\/\/www.w3.org\/2000\/svg\" viewBox=\"0 0 32 32\"><path fill=\"#fe9312\" d=\"M4.3 23.5c-2.3 0-4.3 1.9-4.3 4.3 0 2.3 1.9 4.2 4.3 4.2 2.4 0 4.3-1.9 4.3-4.2 0-2.3-1.9-4.3-4.3-4.3zM0 10.9v6.1c4 0 7.7 1.6 10.6 4.4 2.8 2.8 4.4 6.6 4.4 10.6h6.2c0-11.7-9.5-21.1-21.1-21.1zM0 0v6.1c14.2 0 25.8 11.6 25.8 25.9h6.2c0-17.6-14.4-32-32-32z\"\/><\/svg><\/span><span class=\"shariff-text\">RSS-feed<\/span>&nbsp;<\/a><\/li><li class=\"shariff-button mailto shariff-nocustomcolor\" style=\"background-color:#a8a8a8\"><a href=\"mailto:?body=https%3A%2F%2Fwolfsmonitor.de%2F%3Fp%3D16010&subject=Gespr%C3%A4ch%20%C3%BCber%20Kl%C3%B6ckners%20Brandbrief%20Mitte%20Januar\" title=\"Per E-Mail versenden\" aria-label=\"Per E-Mail versenden\" role=\"button\" rel=\"noopener nofollow\" class=\"shariff-link\" style=\"; background-color:#999; color:#fff\"><span class=\"shariff-icon\" style=\"\"><svg width=\"32px\" height=\"20px\" xmlns=\"http:\/\/www.w3.org\/2000\/svg\" viewBox=\"0 0 32 32\"><path fill=\"#999\" d=\"M32 12.7v14.2q0 1.2-0.8 2t-2 0.9h-26.3q-1.2 0-2-0.9t-0.8-2v-14.2q0.8 0.9 1.8 1.6 6.5 4.4 8.9 6.1 1 0.8 1.6 1.2t1.7 0.9 2 0.4h0.1q0.9 0 2-0.4t1.7-0.9 1.6-1.2q3-2.2 8.9-6.1 1-0.7 1.8-1.6zM32 7.4q0 1.4-0.9 2.7t-2.2 2.2q-6.7 4.7-8.4 5.8-0.2 0.1-0.7 0.5t-1 0.7-0.9 0.6-1.1 0.5-0.9 0.2h-0.1q-0.4 0-0.9-0.2t-1.1-0.5-0.9-0.6-1-0.7-0.7-0.5q-1.6-1.1-4.7-3.2t-3.6-2.6q-1.1-0.7-2.1-2t-1-2.5q0-1.4 0.7-2.3t2.1-0.9h26.3q1.2 0 2 0.8t0.9 2z\"\/><\/svg><\/span><span class=\"shariff-text\">E-Mail<\/span>&nbsp;<\/a><\/li><li class=\"shariff-button info shariff-nocustomcolor\" style=\"background-color:#a8a8a8\"><a href=\"http:\/\/ct.de\/-2467514\" title=\"Weitere Informationen\" aria-label=\"Weitere Informationen\" role=\"button\" rel=\"noopener \" class=\"shariff-link\" style=\"; background-color:#999; color:#fff\" target=\"_blank\"><span class=\"shariff-icon\" style=\"\"><svg width=\"32px\" height=\"20px\" xmlns=\"http:\/\/www.w3.org\/2000\/svg\" viewBox=\"0 0 11 32\"><path fill=\"#999\" d=\"M11.4 24v2.3q0 0.5-0.3 0.8t-0.8 0.4h-9.1q-0.5 0-0.8-0.4t-0.4-0.8v-2.3q0-0.5 0.4-0.8t0.8-0.4h1.1v-6.8h-1.1q-0.5 0-0.8-0.4t-0.4-0.8v-2.3q0-0.5 0.4-0.8t0.8-0.4h6.8q0.5 0 0.8 0.4t0.4 0.8v10.3h1.1q0.5 0 0.8 0.4t0.3 0.8zM9.2 3.4v3.4q0 0.5-0.4 0.8t-0.8 0.4h-4.6q-0.4 0-0.8-0.4t-0.4-0.8v-3.4q0-0.4 0.4-0.8t0.8-0.4h4.6q0.5 0 0.8 0.4t0.4 0.8z\"\/><\/svg><\/span><\/a><\/li><\/ul><\/div>","protected":false},"excerpt":{"rendered":"<p>Bundeslandwirtschaftsministerin Julia Kl\u00f6ckner (CDU), die unl\u00e4ngst einen \u201eBrandbrief\u201c an Umweltministerin Svenja Schulze (SPD) schickte, in dem sie forderte, \u201emehr rechtliche M\u00f6glichkeiten zur Umgehung des Artenschutzes zu schaffen, damit J\u00e4ger die W\u00f6lfe einfacher abschie\u00dfen k\u00f6nnen\u201c, wird nun mit ihrer \u201eKollegin\u201c aus dem Umweltministerium Mitte Januar kl\u00e4ren, ob der Abschuss von W\u00f6lfen in Deutschland zum Schutz von [&hellip;]<\/p>\n<div class=\"shariff shariff-align-center shariff-widget-align-center\" data-services=\"facebook%7Ctwitter\" data-url=\"https%3A%2F%2Fwolfsmonitor.de%2F%3Fp%3D16010\" data-timestamp=\"1546506703\" data-backendurl=\"?rest_route=\/shariff\/v1\/share_counts&\"><ul class=\"shariff-buttons theme-color orientation-horizontal buttonsize-small\"><li class=\"shariff-button facebook shariff-nocustomcolor\" style=\"background-color:#4273c8\"><a href=\"https:\/\/www.facebook.com\/sharer\/sharer.php?u=https%3A%2F%2Fwolfsmonitor.de%2F%3Fp%3D16010\" title=\"Bei Facebook teilen\" aria-label=\"Bei Facebook teilen\" role=\"button\" rel=\"nofollow\" class=\"shariff-link\" style=\"; background-color:#3b5998; color:#fff\" target=\"_blank\"><span class=\"shariff-icon\" style=\"\"><svg width=\"32px\" height=\"20px\" xmlns=\"http:\/\/www.w3.org\/2000\/svg\" viewBox=\"0 0 18 32\"><path fill=\"#3b5998\" d=\"M17.1 0.2v4.7h-2.8q-1.5 0-2.1 0.6t-0.5 1.9v3.4h5.2l-0.7 5.3h-4.5v13.6h-5.5v-13.6h-4.5v-5.3h4.5v-3.9q0-3.3 1.9-5.2t5-1.8q2.6 0 4.1 0.2z\"\/><\/svg><\/span><span class=\"shariff-text\">teilen<\/span>&nbsp;<span data-service=\"facebook\" style=\"color:#3b5998\" class=\"shariff-count shariff-hidezero\"><\/span>&nbsp;<\/a><\/li><li class=\"shariff-button twitter shariff-nocustomcolor\" style=\"background-color:#32bbf5\"><a href=\"https:\/\/twitter.com\/share?url=https%3A%2F%2Fwolfsmonitor.de%2F%3Fp%3D16010&text=Gespr%C3%A4ch%20%C3%BCber%20Kl%C3%B6ckners%20Brandbrief%20Mitte%20Januar\" title=\"Bei Twitter teilen\" aria-label=\"Bei Twitter teilen\" role=\"button\" rel=\"noopener nofollow\" class=\"shariff-link\" style=\"; background-color:#55acee; color:#fff\" target=\"_blank\"><span class=\"shariff-icon\" style=\"\"><svg width=\"32px\" height=\"20px\" xmlns=\"http:\/\/www.w3.org\/2000\/svg\" viewBox=\"0 0 30 32\"><path fill=\"#55acee\" d=\"M29.7 6.8q-1.2 1.8-3 3.1 0 0.3 0 0.8 0 2.5-0.7 4.9t-2.2 4.7-3.5 4-4.9 2.8-6.1 1q-5.1 0-9.3-2.7 0.6 0.1 1.5 0.1 4.3 0 7.6-2.6-2-0.1-3.5-1.2t-2.2-3q0.6 0.1 1.1 0.1 0.8 0 1.6-0.2-2.1-0.4-3.5-2.1t-1.4-3.9v-0.1q1.3 0.7 2.8 0.8-1.2-0.8-2-2.2t-0.7-2.9q0-1.7 0.8-3.1 2.3 2.8 5.5 4.5t7 1.9q-0.2-0.7-0.2-1.4 0-2.5 1.8-4.3t4.3-1.8q2.7 0 4.5 1.9 2.1-0.4 3.9-1.5-0.7 2.2-2.7 3.4 1.8-0.2 3.5-0.9z\"\/><\/svg><\/span><span class=\"shariff-text\">twittern<\/span>&nbsp;<span data-service=\"twitter\" style=\"color:#55acee\" class=\"shariff-count shariff-hidezero\"><\/span>&nbsp;<\/a><\/li><li class=\"shariff-button rss shariff-nocustomcolor\" style=\"background-color:#ff8c00\"><a href=\"https:\/\/wolfsmonitor.de\/?feed=rss\" title=\"RSS-feed\" aria-label=\"RSS-feed\" role=\"button\" class=\"shariff-link\" style=\"; background-color:#fe9312; color:#fff\" target=\"_blank\"><span class=\"shariff-icon\" style=\"\"><svg width=\"32px\" height=\"20px\" xmlns=\"http:\/\/www.w3.org\/2000\/svg\" viewBox=\"0 0 32 32\"><path fill=\"#fe9312\" d=\"M4.3 23.5c-2.3 0-4.3 1.9-4.3 4.3 0 2.3 1.9 4.2 4.3 4.2 2.4 0 4.3-1.9 4.3-4.2 0-2.3-1.9-4.3-4.3-4.3zM0 10.9v6.1c4 0 7.7 1.6 10.6 4.4 2.8 2.8 4.4 6.6 4.4 10.6h6.2c0-11.7-9.5-21.1-21.1-21.1zM0 0v6.1c14.2 0 25.8 11.6 25.8 25.9h6.2c0-17.6-14.4-32-32-32z\"\/><\/svg><\/span><span class=\"shariff-text\">RSS-feed<\/span>&nbsp;<\/a><\/li><li class=\"shariff-button mailto shariff-nocustomcolor\" style=\"background-color:#a8a8a8\"><a href=\"mailto:?body=https%3A%2F%2Fwolfsmonitor.de%2F%3Fp%3D16010&subject=Gespr%C3%A4ch%20%C3%BCber%20Kl%C3%B6ckners%20Brandbrief%20Mitte%20Januar\" title=\"Per E-Mail versenden\" aria-label=\"Per E-Mail versenden\" role=\"button\" rel=\"noopener nofollow\" class=\"shariff-link\" style=\"; background-color:#999; color:#fff\"><span class=\"shariff-icon\" style=\"\"><svg width=\"32px\" height=\"20px\" xmlns=\"http:\/\/www.w3.org\/2000\/svg\" viewBox=\"0 0 32 32\"><path fill=\"#999\" d=\"M32 12.7v14.2q0 1.2-0.8 2t-2 0.9h-26.3q-1.2 0-2-0.9t-0.8-2v-14.2q0.8 0.9 1.8 1.6 6.5 4.4 8.9 6.1 1 0.8 1.6 1.2t1.7 0.9 2 0.4h0.1q0.9 0 2-0.4t1.7-0.9 1.6-1.2q3-2.2 8.9-6.1 1-0.7 1.8-1.6zM32 7.4q0 1.4-0.9 2.7t-2.2 2.2q-6.7 4.7-8.4 5.8-0.2 0.1-0.7 0.5t-1 0.7-0.9 0.6-1.1 0.5-0.9 0.2h-0.1q-0.4 0-0.9-0.2t-1.1-0.5-0.9-0.6-1-0.7-0.7-0.5q-1.6-1.1-4.7-3.2t-3.6-2.6q-1.1-0.7-2.1-2t-1-2.5q0-1.4 0.7-2.3t2.1-0.9h26.3q1.2 0 2 0.8t0.9 2z\"\/><\/svg><\/span><span class=\"shariff-text\">E-Mail<\/span>&nbsp;<\/a><\/li><li class=\"shariff-button info shariff-nocustomcolor\" style=\"background-color:#a8a8a8\"><a href=\"http:\/\/ct.de\/-2467514\" title=\"Weitere Informationen\" aria-label=\"Weitere Informationen\" role=\"button\" rel=\"noopener \" class=\"shariff-link\" style=\"; background-color:#999; color:#fff\" target=\"_blank\"><span class=\"shariff-icon\" style=\"\"><svg width=\"32px\" height=\"20px\" xmlns=\"http:\/\/www.w3.org\/2000\/svg\" viewBox=\"0 0 11 32\"><path fill=\"#999\" d=\"M11.4 24v2.3q0 0.5-0.3 0.8t-0.8 0.4h-9.1q-0.5 0-0.8-0.4t-0.4-0.8v-2.3q0-0.5 0.4-0.8t0.8-0.4h1.1v-6.8h-1.1q-0.5 0-0.8-0.4t-0.4-0.8v-2.3q0-0.5 0.4-0.8t0.8-0.4h6.8q0.5 0 0.8 0.4t0.4 0.8v10.3h1.1q0.5 0 0.8 0.4t0.3 0.8zM9.2 3.4v3.4q0 0.5-0.4 0.8t-0.8 0.4h-4.6q-0.4 0-0.8-0.4t-0.4-0.8v-3.4q0-0.4 0.4-0.8t0.8-0.4h4.6q0.5 0 0.8 0.4t0.4 0.8z\"\/><\/svg><\/span><\/a><\/li><\/ul><\/div>","protected":false},"author":1,"featured_media":6257,"comment_status":"closed","ping_status":"closed","sticky":false,"template":"","format":"standard","meta":{"spay_email":""},"categories":[4603],"tags":[],"jetpack_featured_media_url":"https:\/\/i0.wp.com\/wolfsmonitor.de\/wp-content\/uploads\/2016\/11\/B-Foto-H.A.-Nachrichten-2.jpg?fit=767%2C574&ssl=1","jetpack_shortlink":"https:\/\/wp.me\/p61YbU-4ae","jetpack-related-posts":[{"id":16087,"url":"https:\/\/wolfsmonitor.de\/?p=16087","url_meta":{"origin":16010,"position":0},"title":"Umweltministerin Schulze weist Agrarministerin Kl\u00f6ckners Vorschl\u00e4ge zur\u00fcck","date":"10. Januar 2019","format":false,"excerpt":"Umweltministerin Svenja Schulze (SPD) weist laut \u201eTopAgrar\u201c die Vorschl\u00e4ge des \u201eBrandbriefes\u201c von Agrarministerin Julia Kl\u00f6ckner (CDU) zur\u00fcck. Es gebe es bereits gen\u00fcgend \u201en\u00fctzliche und effektive Ma\u00dfnahmen\u201c, so eine Sprecherin des Umweltministeriums, die in diesem Zusammenhang auf den Bau von Elektroz\u00e4unen, aber auch auf den gezielten Abschuss von auff\u00e4lligen W\u00f6lfen, der\u2026","rel":"","context":"In &quot;Kurzinfo&quot;","img":{"alt_text":"","src":"https:\/\/i0.wp.com\/wolfsmonitor.de\/wp-content\/uploads\/2018\/07\/Kurzinfo-2.jpg?fit=630%2C381&ssl=1&resize=350%2C200","width":350,"height":200},"classes":[]},{"id":15948,"url":"https:\/\/wolfsmonitor.de\/?p=15948","url_meta":{"origin":16010,"position":1},"title":"\"Hasta la vista, baby!\"","date":"30. Dezember 2018","format":false,"excerpt":"Bundesagrarministerin Julia Kl\u00f6ckner (CDU) forderte jetzt in einem \u201eBrandbrief\u201c Umweltministerin Svenja Schulze (SPD) auf, \u2026\u201cmehr rechtliche M\u00f6glichkeiten zur Umgehung des Artenschutzes zu schaffen, damit J\u00e4ger die W\u00f6lfe einfacher abschie\u00dfen k\u00f6nnen.\u201c Der Grund: \u201eWeidetierhalter sowie Anwohner l\u00e4ndlicher Gebiete vor allem in Ostdeutschland f\u00fchlen sich jetzt zunehmend gest\u00f6rt oder gesch\u00e4digt durch die\u2026","rel":"","context":"In &quot;Standpunkte&quot;","img":{"alt_text":"Wolf im Tierpark Nordhorn","src":"https:\/\/i1.wp.com\/wolfsmonitor.de\/wp-content\/uploads\/2015\/04\/WM-Kommentar.jpg?fit=512%2C442&ssl=1&resize=350%2C200","width":350,"height":200},"classes":[]},{"id":6827,"url":"https:\/\/wolfsmonitor.de\/?p=6827","url_meta":{"origin":16010,"position":2},"title":"\u201eGruppe Wolf Schweiz\u201c zum Abschuss eines Jungwolfs: \u201eL\u00f6st nicht einen einzigen Konflikt!\u201c","date":"22. Dezember 2016","format":false,"excerpt":"Erst am Mittwoch bewilligte der Kanton Wallis mit der Zustimmung des Bundesamts f\u00fcr Umwelt (BAFU) den Abschuss eines Jungwolfs in der Augstbordregion. Bereits in der Nacht zum Donnerstag, also kaum einen Tag nach der Anordnung, wurde bekannt, dass ein weiblicher Jungwolf in den Schattenbergen erlegt wurde. Der sogenannte \"Regulationsabschuss\" erfolgte,\u2026","rel":"","context":"In &quot;Aufgelesen&quot;","img":{"alt_text":"Foto: Natur- und Wildtierfotograf Heiko Anders","src":"https:\/\/i2.wp.com\/wolfsmonitor.de\/wp-content\/uploads\/2016\/05\/HA-Beitragsfoto-Aufgelesen-1.jpg?fit=654%2C436&ssl=1&resize=350%2C200","width":350,"height":200},"classes":[]},{"id":15993,"url":"https:\/\/wolfsmonitor.de\/?p=15993","url_meta":{"origin":16010,"position":3},"title":"FAZ: Kl\u00f6ckners Wolfsbrandbrief ist \"kontraproduktive Effekthascherei\"","date":"1. Januar 2019","format":false,"excerpt":"Selbst die als konservativ einzustufende \u201eFrankfurter Allgemeine\u201c bezeichnet den \u201eBrandbrief\u201c von Agrarministerin Julia Kl\u00f6ckner (CDU) an SPD-Umweltministerin Svenja Schulze (WM berichtete, hier!) als eine \u201eEffekthascherei, die f\u00fcr das differenzierte Verst\u00e4ndnis der wolfspolitischen Situation eher kontraproduktiv ist\u201c. Um dann allerdings wenig sp\u00e4ter dem Irrtum aufzusitzen, dass es sich bei der Bestandsregulierung\u2026","rel":"","context":"In &quot;Aufgelesen&quot;","img":{"alt_text":"Foto: Wildtierfotograf Heiko Anders","src":"https:\/\/i2.wp.com\/wolfsmonitor.de\/wp-content\/uploads\/2016\/05\/HA-Beitragsfoto-Aufgelesen-2.jpg?fit=625%2C469&ssl=1&resize=350%2C200","width":350,"height":200},"classes":[]},{"id":16653,"url":"https:\/\/wolfsmonitor.de\/?p=16653","url_meta":{"origin":16010,"position":4},"title":"NABU Schleswig-Holstein: Fragw\u00fcrdige Stellungnahme","date":"13. Februar 2019","format":false,"excerpt":"Im Rahmen einer Stellungnahme versucht der NABU in Schleswig-Holstein nun umf\u00e4nglich zu begr\u00fcnden, warum er f\u00fcr den Abschuss des Pinneberger Wolfs mit der Kennung GW924m gestimmt hat. Dabei werden allerdings einige nicht unwesentliche Fakten einfach ignoriert. Das Schlechte daran: Erste Mitglieder haben bereits angek\u00fcndigt, den NABU-Schleswig-Holstein zu verlassen, um sich\u2026","rel":"","context":"In &quot;Standpunkte&quot;","img":{"alt_text":"Wolf im Tierpark Nordhorn","src":"https:\/\/i0.wp.com\/wolfsmonitor.de\/wp-content\/uploads\/2015\/07\/Foto-Kommentar-2.jpg?fit=586%2C513&ssl=1&resize=350%2C200","width":350,"height":200},"classes":[]},{"id":13309,"url":"https:\/\/wolfsmonitor.de\/?p=13309","url_meta":{"origin":16010,"position":5},"title":"Niedersachsen: Riefen die Minister Th\u00fcmler und Otte-Kinast zum illegalen Abschuss von W\u00f6lfen auf?","date":"22. April 2018","format":false,"excerpt":"Vergangenen Freitag ver\u00f6ffentlichte das Nieders\u00e4chsische Umweltministerium offizielle Antworten, darunter auch auf die Frage, ob von Mitgliedern der Landesregierung zum illegalen Abschuss von W\u00f6lfen aufgerufen wird (im Wortlaut): Antwort auf die m\u00fcndliche Anfrage: Wird von Mitgliedern der Landesregierung zum illegalen Abschuss von W\u00f6lfen aufgerufen? Der Nieders\u00e4chsische Minister f\u00fcr Umwelt, Energie, Bauen\u2026","rel":"","context":"In &quot;Presseinformationen&quot;","img":{"alt_text":"Foto: Naturfotograf Heiko Anders","src":"https:\/\/i2.wp.com\/wolfsmonitor.de\/wp-content\/uploads\/2016\/05\/HA-Beitragsfoto-Presseinfo-2.jpg?fit=627%2C410&ssl=1&resize=350%2C200","width":350,"height":200},"classes":[]}],"_links":{"self":[{"href":"https:\/\/wolfsmonitor.de\/index.php?rest_route=\/wp\/v2\/posts\/16010"}],"collection":[{"href":"https:\/\/wolfsmonitor.de\/index.php?rest_route=\/wp\/v2\/posts"}],"about":[{"href":"https:\/\/wolfsmonitor.de\/index.php?rest_route=\/wp\/v2\/types\/post"}],"author":[{"embeddable":true,"href":"https:\/\/wolfsmonitor.de\/index.php?rest_route=\/wp\/v2\/users\/1"}],"replies":[{"embeddable":true,"href":"https:\/\/wolfsmonitor.de\/index.php?rest_route=%2Fwp%2Fv2%2Fcomments&post=16010"}],"version-history":[{"count":13,"href":"https:\/\/wolfsmonitor.de\/index.php?rest_route=\/wp\/v2\/posts\/16010\/revisions"}],"predecessor-version":[{"id":16030,"href":"https:\/\/wolfsmonitor.de\/index.php?rest_route=\/wp\/v2\/posts\/16010\/revisions\/16030"}],"wp:featuredmedia":[{"embeddable":true,"href":"https:\/\/wolfsmonitor.de\/index.php?rest_route=\/wp\/v2\/media\/6257"}],"wp:attachment":[{"href":"https:\/\/wolfsmonitor.de\/index.php?rest_route=%2Fwp%2Fv2%2Fmedia&parent=16010"}],"wp:term":[{"taxonomy":"category","embeddable":true,"href":"https:\/\/wolfsmonitor.de\/index.php?rest_route=%2Fwp%2Fv2%2Fcategories&post=16010"},{"taxonomy":"post_tag","embeddable":true,"href":"https:\/\/wolfsmonitor.de\/index.php?rest_route=%2Fwp%2Fv2%2Ftags&post=16010"}],"curies":[{"name":"wp","href":"https:\/\/api.w.org\/{rel}","templated":true}]}}