{"id":16686,"date":"2019-02-14T19:31:25","date_gmt":"2019-02-14T17:31:25","guid":{"rendered":"https:\/\/wolfsmonitor.de\/?p=16686"},"modified":"2019-02-15T08:51:55","modified_gmt":"2019-02-15T06:51:55","slug":"problemwoelfe-und-wolfssichere-zaeune-neues-aus-schleswig-hostein","status":"publish","type":"post","link":"https:\/\/wolfsmonitor.de\/?p=16686","title":{"rendered":"&#8222;Problemw\u00f6lfe&#8220; und &#8222;wolfssichere Z\u00e4une&#8220;: Neues aus Schleswig-Hostein"},"content":{"rendered":"<div class=\"respTarget-wrapper naviBoxRight\"><strong>Eines vorweg: Zwei der aktuell \u00e4rgsten Kritikpunkte am schleswig-holsteinischen Wolfsmanagement sind die dort gebr\u00e4uchlichen Definitionen &#8222;wolfssicherer Z\u00e4une&#8220; und angeblicher &#8222;Problemw\u00f6lfe&#8220;. Z\u00e4une m\u00f6gen vielleicht wolfsabweisend sein, wolfssicher sind sie &#8211; abweichend von der ministeriellen Meinung dort &#8211; zumeist erst, wenn sich Herdenschutzhunde dahinter befinden. Wenn zudem von &#8222;Problemw\u00f6lfen&#8220; die Rede ist, sind meistens Herdenschutzprobleme gemeint. Ansonsten &#8222;genie\u00dfen&#8220; Sie gerne die nachfolgenden aktuellen Zeilen aus dem Ministerium f\u00fcr Energiewende, Landwirtschaft, Umwelt, Natur und Digitalisierung (im Wortlaut):*<\/strong><\/div>\n<p><!--more--><\/p>\n<div class=\"teaserText\">\n<h4>Mehr Personal und zus\u00e4tzliche Unterst\u00fctzung f\u00fcr Schafhalter in Risikogebieten \u2013 Umweltminister Albrecht stellt Wolfsschutzkonzept des Landes vor.<\/h4>\n<\/div>\n<div class=\"bodyText\">\n<p>Erst k\u00fcrzlich hatte das Landesamt f\u00fcr Landwirtschaft, Umwelt und l\u00e4ndliche R\u00e4ume genehmigt, einen Wolf zu t\u00f6ten, der mehrere als sicher geltende Z\u00e4une \u00fcberwunden hatte.<\/p>\n<p>Nun hat das Umwelt- und Landwirtschaftsministerium Pl\u00e4ne vorgestellt, mit denen es den Herdenschutz verbessern und das Wolfsmanagement ausbauen will. Unter anderem soll das Landesamt zus\u00e4tzliches Personal erhalten und Organisationsaufgaben an externe Dienstleister auslagern k\u00f6nnen.<\/p>\n<h4>Besonderer Schutz in Risikogebieten<\/h4>\n<p>Erg\u00e4nzend will das Land in Zukunft Z\u00e4une oder Herdenschutzhunde f\u00fcr gro\u00dfe oder besonders gef\u00e4hrdete schafhaltende Betriebe finanzieren \u2013 sofern sich diese in Kreisen befinden, in denen W\u00f6lfe heimisch sind.<\/p>\n<p>&#8222;<q>Es ist weiterhin richtig, dass auch dem streng gesch\u00fctzten Wolf klare Grenzen gesetzt werden<\/q>&#8222;, sagte Umweltminister Jan Philipp Albrecht. Mit dem weiteren Ausbau des Herdenschutzes wolle das Land verhindern, dass sich weitere W\u00f6lfe zu sogenannten &#8222;Problemw\u00f6lfen&#8220; entwickeln.<\/p>\n<p>Die Erlaubnis, einen Problemwolf zu schie\u00dfen, d\u00fcrfe auf keinen Fall zur Regel werden, sagte der Minister. &#8222;<q>Neben den bisher zur Verf\u00fcgung gestellten Herdenschutzpaketen soll daher nun an bestimmten Pr\u00e4ventionsschwerpunkten in dauerhafte Herdenschutzz\u00e4une investiert werden. Das kann aber nicht auf einen Schlag umgesetzt werden, sondern wird schrittweise geschehen.<\/q>&#8220;<\/p>\n<h4>Pr\u00e4vention gro\u00dfgeschrieben<\/h4>\n<p>Insbesondere die Kreise Dithmarschen, Pinneberg, Steinburg und Segeberg gelten in Zukunft als Pr\u00e4ventionsschwerpunkte, in denen besondere Herdenschutzvorkehrungen gelten. Die neuen Regelungen gelten jedoch nicht f\u00fcr Deich- und Deichvorlandbereiche: Kommt es hier zu einem Riss, k\u00f6nnen die Tierhalter auch in Zukunft Entsch\u00e4digungen erhalten \u2013 auch wenn sie die Tiere nicht wolfssicher eingez\u00e4unt haben. F\u00fcr tragf\u00e4hige L\u00f6sungen an Deichen stimmt sich das Ministerium gemeinsam mit Niedersachsen und dem Bund eng ab. &#8222;<q>Gerade in Wolfspr\u00e4ventionsgebieten brauchen wir die Mithilfe insbesondere der Schafthalterinnen und Schafhalter. Wenn nicht gez\u00e4unt wird, ist die Wahrscheinlichkeit, dass sich ein Wolf niederl\u00e4sst und sich auf Schafe spezialisiert, deutlich h\u00f6her. Hier m\u00fcssen wir schrittweise weiterkommen<\/q>&#8222;, erkl\u00e4rte Albrecht.<\/p>\n<h4>Schafhalter k\u00f6nnen Schutzpakete erhalten<\/h4>\n<p>In Wolfspr\u00e4ventionsgebieten werden auch weiterhin mobile und tempor\u00e4re Herdenschutzpakete an Schafhalter kostenfrei verliehen. Dar\u00fcber hinaus k\u00f6nnen Schafhalter auch weiterhin Ausgleichszahlungen beantragen, wenn Herdenschutzvorkehrungen lang- oder kurzfristiger Art beantragt oder umgesetzt wurden.<\/p>\n<p>Der Minister betonte, er werde allen Aspekten der Weidehaltung und des Naturschutz beim dauerhaften Schutz gegen den Wolf Rechnung tragen. &#8222;<q>Aber wir brauchen mehr Engagement beim Herdenschutz, um die Spezialisierung von W\u00f6lfen auf Nutztiere zu verhindern und zu einer echten Koexistenz zu gelangen<\/q>&#8222;, sagte Albrecht.<\/p>\n<p>Die Schafshalter in den betroffenen Gebieten k\u00f6nnen ab sofort einen formlosen Antrag auf Pr\u00e4ventionsf\u00f6rderung an <a href=\"mailto:wolfspraevention@melund.landsh.de\" target=\"_blank\" rel=\"noopener\"><span style=\"color: #0000ff;\">wolfspraevention@melund.landsh.de<\/span><\/a> stellen.<\/p>\n<\/div>\n<p><em>*Anmerkung: Wolfsmonitor glaubt demgegen\u00fcber an eklatante Schw\u00e4chen im Wolfsmanagement Schleswig-Holsteins!<\/em><\/p>\n<hr \/>\n<p><em>Quelle: schleswig-holstein.de am 13.2.2019: &#8222;St\u00e4rkung f\u00fcr das Wolfsmanagement&#8220; abgerufen am 14.2.2019, <a href=\"https:\/\/www.schleswig-holstein.de\/DE\/Landesregierung\/V\/_startseite\/Artikel2019\/I\/190213_wolfsmanagement.html;jsessionid=10BAA8AFAD712F6389C529BDA67878F5\" target=\"_blank\" rel=\"noopener\"><span style=\"color: #0000ff;\">hier der Link!<\/span><\/a><\/em><\/p>\n<hr \/>\n<p><em>Beitragsfoto: Heiko Anders, <a href=\"http:\/\/www.andersfotografiert.com\" target=\"_blank\" rel=\"noopener\"><span style=\"color: #0000ff;\">www.andersfotografiert.com<\/span><\/a><\/em><\/p>\n<p><em>(Anmerkung: F\u00fcr die Richtigkeit der Angaben und Inhalte der verlinkten Webseiten wird keinerlei Gew\u00e4hr \u00fcbernommen)<\/em><\/p>\n<div class=\"shariff shariff-align-center shariff-widget-align-center\" data-services=\"facebook%7Ctwitter\" data-url=\"https%3A%2F%2Fwolfsmonitor.de%2F%3Fp%3D16686\" data-timestamp=\"1550220715\" data-backendurl=\"?rest_route=\/shariff\/v1\/share_counts&\"><ul class=\"shariff-buttons theme-color orientation-horizontal buttonsize-small\"><li class=\"shariff-button facebook shariff-nocustomcolor\" style=\"background-color:#4273c8\"><a href=\"https:\/\/www.facebook.com\/sharer\/sharer.php?u=https%3A%2F%2Fwolfsmonitor.de%2F%3Fp%3D16686\" title=\"Bei Facebook teilen\" aria-label=\"Bei Facebook teilen\" role=\"button\" rel=\"nofollow\" class=\"shariff-link\" style=\"; background-color:#3b5998; color:#fff\" target=\"_blank\"><span class=\"shariff-icon\" style=\"\"><svg width=\"32px\" height=\"20px\" xmlns=\"http:\/\/www.w3.org\/2000\/svg\" viewBox=\"0 0 18 32\"><path fill=\"#3b5998\" d=\"M17.1 0.2v4.7h-2.8q-1.5 0-2.1 0.6t-0.5 1.9v3.4h5.2l-0.7 5.3h-4.5v13.6h-5.5v-13.6h-4.5v-5.3h4.5v-3.9q0-3.3 1.9-5.2t5-1.8q2.6 0 4.1 0.2z\"\/><\/svg><\/span><span class=\"shariff-text\">teilen<\/span>&nbsp;<span data-service=\"facebook\" style=\"color:#3b5998\" class=\"shariff-count shariff-hidezero\"><\/span>&nbsp;<\/a><\/li><li class=\"shariff-button twitter shariff-nocustomcolor\" style=\"background-color:#32bbf5\"><a href=\"https:\/\/twitter.com\/share?url=https%3A%2F%2Fwolfsmonitor.de%2F%3Fp%3D16686&text=%E2%80%9EProblemw%C3%B6lfe%E2%80%9C%20und%20%E2%80%9Ewolfssichere%20Z%C3%A4une%E2%80%9C%3A%20Neues%20aus%20Schleswig-Hostein\" title=\"Bei Twitter teilen\" aria-label=\"Bei Twitter teilen\" role=\"button\" rel=\"noopener nofollow\" class=\"shariff-link\" style=\"; background-color:#55acee; color:#fff\" target=\"_blank\"><span class=\"shariff-icon\" style=\"\"><svg width=\"32px\" height=\"20px\" xmlns=\"http:\/\/www.w3.org\/2000\/svg\" viewBox=\"0 0 30 32\"><path fill=\"#55acee\" d=\"M29.7 6.8q-1.2 1.8-3 3.1 0 0.3 0 0.8 0 2.5-0.7 4.9t-2.2 4.7-3.5 4-4.9 2.8-6.1 1q-5.1 0-9.3-2.7 0.6 0.1 1.5 0.1 4.3 0 7.6-2.6-2-0.1-3.5-1.2t-2.2-3q0.6 0.1 1.1 0.1 0.8 0 1.6-0.2-2.1-0.4-3.5-2.1t-1.4-3.9v-0.1q1.3 0.7 2.8 0.8-1.2-0.8-2-2.2t-0.7-2.9q0-1.7 0.8-3.1 2.3 2.8 5.5 4.5t7 1.9q-0.2-0.7-0.2-1.4 0-2.5 1.8-4.3t4.3-1.8q2.7 0 4.5 1.9 2.1-0.4 3.9-1.5-0.7 2.2-2.7 3.4 1.8-0.2 3.5-0.9z\"\/><\/svg><\/span><span class=\"shariff-text\">twittern<\/span>&nbsp;<span data-service=\"twitter\" style=\"color:#55acee\" class=\"shariff-count shariff-hidezero\"><\/span>&nbsp;<\/a><\/li><li class=\"shariff-button rss shariff-nocustomcolor\" style=\"background-color:#ff8c00\"><a href=\"https:\/\/wolfsmonitor.de\/?feed=rss\" title=\"RSS-feed\" aria-label=\"RSS-feed\" role=\"button\" class=\"shariff-link\" style=\"; background-color:#fe9312; color:#fff\" target=\"_blank\"><span class=\"shariff-icon\" style=\"\"><svg width=\"32px\" height=\"20px\" xmlns=\"http:\/\/www.w3.org\/2000\/svg\" viewBox=\"0 0 32 32\"><path fill=\"#fe9312\" d=\"M4.3 23.5c-2.3 0-4.3 1.9-4.3 4.3 0 2.3 1.9 4.2 4.3 4.2 2.4 0 4.3-1.9 4.3-4.2 0-2.3-1.9-4.3-4.3-4.3zM0 10.9v6.1c4 0 7.7 1.6 10.6 4.4 2.8 2.8 4.4 6.6 4.4 10.6h6.2c0-11.7-9.5-21.1-21.1-21.1zM0 0v6.1c14.2 0 25.8 11.6 25.8 25.9h6.2c0-17.6-14.4-32-32-32z\"\/><\/svg><\/span><span class=\"shariff-text\">RSS-feed<\/span>&nbsp;<\/a><\/li><li class=\"shariff-button mailto shariff-nocustomcolor\" style=\"background-color:#a8a8a8\"><a href=\"mailto:?body=https%3A%2F%2Fwolfsmonitor.de%2F%3Fp%3D16686&subject=%E2%80%9EProblemw%C3%B6lfe%E2%80%9C%20und%20%E2%80%9Ewolfssichere%20Z%C3%A4une%E2%80%9C%3A%20Neues%20aus%20Schleswig-Hostein\" title=\"Per E-Mail versenden\" aria-label=\"Per E-Mail versenden\" role=\"button\" rel=\"noopener nofollow\" class=\"shariff-link\" style=\"; background-color:#999; color:#fff\"><span class=\"shariff-icon\" style=\"\"><svg width=\"32px\" height=\"20px\" xmlns=\"http:\/\/www.w3.org\/2000\/svg\" viewBox=\"0 0 32 32\"><path fill=\"#999\" d=\"M32 12.7v14.2q0 1.2-0.8 2t-2 0.9h-26.3q-1.2 0-2-0.9t-0.8-2v-14.2q0.8 0.9 1.8 1.6 6.5 4.4 8.9 6.1 1 0.8 1.6 1.2t1.7 0.9 2 0.4h0.1q0.9 0 2-0.4t1.7-0.9 1.6-1.2q3-2.2 8.9-6.1 1-0.7 1.8-1.6zM32 7.4q0 1.4-0.9 2.7t-2.2 2.2q-6.7 4.7-8.4 5.8-0.2 0.1-0.7 0.5t-1 0.7-0.9 0.6-1.1 0.5-0.9 0.2h-0.1q-0.4 0-0.9-0.2t-1.1-0.5-0.9-0.6-1-0.7-0.7-0.5q-1.6-1.1-4.7-3.2t-3.6-2.6q-1.1-0.7-2.1-2t-1-2.5q0-1.4 0.7-2.3t2.1-0.9h26.3q1.2 0 2 0.8t0.9 2z\"\/><\/svg><\/span><span class=\"shariff-text\">E-Mail<\/span>&nbsp;<\/a><\/li><li class=\"shariff-button info shariff-nocustomcolor\" style=\"background-color:#a8a8a8\"><a href=\"http:\/\/ct.de\/-2467514\" title=\"Weitere Informationen\" aria-label=\"Weitere Informationen\" role=\"button\" rel=\"noopener \" class=\"shariff-link\" style=\"; background-color:#999; color:#fff\" target=\"_blank\"><span class=\"shariff-icon\" style=\"\"><svg width=\"32px\" height=\"20px\" xmlns=\"http:\/\/www.w3.org\/2000\/svg\" viewBox=\"0 0 11 32\"><path fill=\"#999\" d=\"M11.4 24v2.3q0 0.5-0.3 0.8t-0.8 0.4h-9.1q-0.5 0-0.8-0.4t-0.4-0.8v-2.3q0-0.5 0.4-0.8t0.8-0.4h1.1v-6.8h-1.1q-0.5 0-0.8-0.4t-0.4-0.8v-2.3q0-0.5 0.4-0.8t0.8-0.4h6.8q0.5 0 0.8 0.4t0.4 0.8v10.3h1.1q0.5 0 0.8 0.4t0.3 0.8zM9.2 3.4v3.4q0 0.5-0.4 0.8t-0.8 0.4h-4.6q-0.4 0-0.8-0.4t-0.4-0.8v-3.4q0-0.4 0.4-0.8t0.8-0.4h4.6q0.5 0 0.8 0.4t0.4 0.8z\"\/><\/svg><\/span><\/a><\/li><\/ul><\/div>","protected":false},"excerpt":{"rendered":"<p>Eines vorweg: Zwei der aktuell \u00e4rgsten Kritikpunkte am schleswig-holsteinischen Wolfsmanagement sind die dort gebr\u00e4uchlichen Definitionen &#8222;wolfssicherer Z\u00e4une&#8220; und angeblicher &#8222;Problemw\u00f6lfe&#8220;. Z\u00e4une m\u00f6gen vielleicht wolfsabweisend sein, wolfssicher sind sie &#8211; abweichend von der ministeriellen Meinung dort &#8211; zumeist erst, wenn sich Herdenschutzhunde dahinter befinden. Wenn zudem von &#8222;Problemw\u00f6lfen&#8220; die Rede ist, sind meistens Herdenschutzprobleme gemeint. Ansonsten [&hellip;]<\/p>\n<div class=\"shariff shariff-align-center shariff-widget-align-center\" data-services=\"facebook%7Ctwitter\" data-url=\"https%3A%2F%2Fwolfsmonitor.de%2F%3Fp%3D16686\" data-timestamp=\"1550220715\" data-backendurl=\"?rest_route=\/shariff\/v1\/share_counts&\"><ul class=\"shariff-buttons theme-color orientation-horizontal buttonsize-small\"><li class=\"shariff-button facebook shariff-nocustomcolor\" style=\"background-color:#4273c8\"><a href=\"https:\/\/www.facebook.com\/sharer\/sharer.php?u=https%3A%2F%2Fwolfsmonitor.de%2F%3Fp%3D16686\" title=\"Bei Facebook teilen\" aria-label=\"Bei Facebook teilen\" role=\"button\" rel=\"nofollow\" class=\"shariff-link\" style=\"; background-color:#3b5998; color:#fff\" target=\"_blank\"><span class=\"shariff-icon\" style=\"\"><svg width=\"32px\" height=\"20px\" xmlns=\"http:\/\/www.w3.org\/2000\/svg\" viewBox=\"0 0 18 32\"><path fill=\"#3b5998\" d=\"M17.1 0.2v4.7h-2.8q-1.5 0-2.1 0.6t-0.5 1.9v3.4h5.2l-0.7 5.3h-4.5v13.6h-5.5v-13.6h-4.5v-5.3h4.5v-3.9q0-3.3 1.9-5.2t5-1.8q2.6 0 4.1 0.2z\"\/><\/svg><\/span><span class=\"shariff-text\">teilen<\/span>&nbsp;<span data-service=\"facebook\" style=\"color:#3b5998\" class=\"shariff-count shariff-hidezero\"><\/span>&nbsp;<\/a><\/li><li class=\"shariff-button twitter shariff-nocustomcolor\" style=\"background-color:#32bbf5\"><a href=\"https:\/\/twitter.com\/share?url=https%3A%2F%2Fwolfsmonitor.de%2F%3Fp%3D16686&text=%E2%80%9EProblemw%C3%B6lfe%E2%80%9C%20und%20%E2%80%9Ewolfssichere%20Z%C3%A4une%E2%80%9C%3A%20Neues%20aus%20Schleswig-Hostein\" title=\"Bei Twitter teilen\" aria-label=\"Bei Twitter teilen\" role=\"button\" rel=\"noopener nofollow\" class=\"shariff-link\" style=\"; background-color:#55acee; color:#fff\" target=\"_blank\"><span class=\"shariff-icon\" style=\"\"><svg width=\"32px\" height=\"20px\" xmlns=\"http:\/\/www.w3.org\/2000\/svg\" viewBox=\"0 0 30 32\"><path fill=\"#55acee\" d=\"M29.7 6.8q-1.2 1.8-3 3.1 0 0.3 0 0.8 0 2.5-0.7 4.9t-2.2 4.7-3.5 4-4.9 2.8-6.1 1q-5.1 0-9.3-2.7 0.6 0.1 1.5 0.1 4.3 0 7.6-2.6-2-0.1-3.5-1.2t-2.2-3q0.6 0.1 1.1 0.1 0.8 0 1.6-0.2-2.1-0.4-3.5-2.1t-1.4-3.9v-0.1q1.3 0.7 2.8 0.8-1.2-0.8-2-2.2t-0.7-2.9q0-1.7 0.8-3.1 2.3 2.8 5.5 4.5t7 1.9q-0.2-0.7-0.2-1.4 0-2.5 1.8-4.3t4.3-1.8q2.7 0 4.5 1.9 2.1-0.4 3.9-1.5-0.7 2.2-2.7 3.4 1.8-0.2 3.5-0.9z\"\/><\/svg><\/span><span class=\"shariff-text\">twittern<\/span>&nbsp;<span data-service=\"twitter\" style=\"color:#55acee\" class=\"shariff-count shariff-hidezero\"><\/span>&nbsp;<\/a><\/li><li class=\"shariff-button rss shariff-nocustomcolor\" style=\"background-color:#ff8c00\"><a href=\"https:\/\/wolfsmonitor.de\/?feed=rss\" title=\"RSS-feed\" aria-label=\"RSS-feed\" role=\"button\" class=\"shariff-link\" style=\"; background-color:#fe9312; color:#fff\" target=\"_blank\"><span class=\"shariff-icon\" style=\"\"><svg width=\"32px\" height=\"20px\" xmlns=\"http:\/\/www.w3.org\/2000\/svg\" viewBox=\"0 0 32 32\"><path fill=\"#fe9312\" d=\"M4.3 23.5c-2.3 0-4.3 1.9-4.3 4.3 0 2.3 1.9 4.2 4.3 4.2 2.4 0 4.3-1.9 4.3-4.2 0-2.3-1.9-4.3-4.3-4.3zM0 10.9v6.1c4 0 7.7 1.6 10.6 4.4 2.8 2.8 4.4 6.6 4.4 10.6h6.2c0-11.7-9.5-21.1-21.1-21.1zM0 0v6.1c14.2 0 25.8 11.6 25.8 25.9h6.2c0-17.6-14.4-32-32-32z\"\/><\/svg><\/span><span class=\"shariff-text\">RSS-feed<\/span>&nbsp;<\/a><\/li><li class=\"shariff-button mailto shariff-nocustomcolor\" style=\"background-color:#a8a8a8\"><a href=\"mailto:?body=https%3A%2F%2Fwolfsmonitor.de%2F%3Fp%3D16686&subject=%E2%80%9EProblemw%C3%B6lfe%E2%80%9C%20und%20%E2%80%9Ewolfssichere%20Z%C3%A4une%E2%80%9C%3A%20Neues%20aus%20Schleswig-Hostein\" title=\"Per E-Mail versenden\" aria-label=\"Per E-Mail versenden\" role=\"button\" rel=\"noopener nofollow\" class=\"shariff-link\" style=\"; background-color:#999; color:#fff\"><span class=\"shariff-icon\" style=\"\"><svg width=\"32px\" height=\"20px\" xmlns=\"http:\/\/www.w3.org\/2000\/svg\" viewBox=\"0 0 32 32\"><path fill=\"#999\" d=\"M32 12.7v14.2q0 1.2-0.8 2t-2 0.9h-26.3q-1.2 0-2-0.9t-0.8-2v-14.2q0.8 0.9 1.8 1.6 6.5 4.4 8.9 6.1 1 0.8 1.6 1.2t1.7 0.9 2 0.4h0.1q0.9 0 2-0.4t1.7-0.9 1.6-1.2q3-2.2 8.9-6.1 1-0.7 1.8-1.6zM32 7.4q0 1.4-0.9 2.7t-2.2 2.2q-6.7 4.7-8.4 5.8-0.2 0.1-0.7 0.5t-1 0.7-0.9 0.6-1.1 0.5-0.9 0.2h-0.1q-0.4 0-0.9-0.2t-1.1-0.5-0.9-0.6-1-0.7-0.7-0.5q-1.6-1.1-4.7-3.2t-3.6-2.6q-1.1-0.7-2.1-2t-1-2.5q0-1.4 0.7-2.3t2.1-0.9h26.3q1.2 0 2 0.8t0.9 2z\"\/><\/svg><\/span><span class=\"shariff-text\">E-Mail<\/span>&nbsp;<\/a><\/li><li class=\"shariff-button info shariff-nocustomcolor\" style=\"background-color:#a8a8a8\"><a href=\"http:\/\/ct.de\/-2467514\" title=\"Weitere Informationen\" aria-label=\"Weitere Informationen\" role=\"button\" rel=\"noopener \" class=\"shariff-link\" style=\"; background-color:#999; color:#fff\" target=\"_blank\"><span class=\"shariff-icon\" style=\"\"><svg width=\"32px\" height=\"20px\" xmlns=\"http:\/\/www.w3.org\/2000\/svg\" viewBox=\"0 0 11 32\"><path fill=\"#999\" d=\"M11.4 24v2.3q0 0.5-0.3 0.8t-0.8 0.4h-9.1q-0.5 0-0.8-0.4t-0.4-0.8v-2.3q0-0.5 0.4-0.8t0.8-0.4h1.1v-6.8h-1.1q-0.5 0-0.8-0.4t-0.4-0.8v-2.3q0-0.5 0.4-0.8t0.8-0.4h6.8q0.5 0 0.8 0.4t0.4 0.8v10.3h1.1q0.5 0 0.8 0.4t0.3 0.8zM9.2 3.4v3.4q0 0.5-0.4 0.8t-0.8 0.4h-4.6q-0.4 0-0.8-0.4t-0.4-0.8v-3.4q0-0.4 0.4-0.8t0.8-0.4h4.6q0.5 0 0.8 0.4t0.4 0.8z\"\/><\/svg><\/span><\/a><\/li><\/ul><\/div>","protected":false},"author":1,"featured_media":3507,"comment_status":"closed","ping_status":"open","sticky":false,"template":"","format":"standard","meta":{"spay_email":""},"categories":[2852],"tags":[8625,8626,8624,8623],"jetpack_featured_media_url":"https:\/\/i0.wp.com\/wolfsmonitor.de\/wp-content\/uploads\/2016\/05\/HA-Beitragsfoto-Presseinfo-1.jpg?fit=623%2C415&ssl=1","jetpack_shortlink":"https:\/\/wp.me\/p61YbU-4l8","jetpack-related-posts":[{"id":16075,"url":"https:\/\/wolfsmonitor.de\/?p=16075","url_meta":{"origin":16686,"position":0},"title":"Kommentar zum angeblichen \"Problemwolf\" in Schleswig-Holstein","date":"9. Januar 2019","format":false,"excerpt":"Im Kreis Pinneberg sind zwischen dem 28. Dezember und dem 2. Januar in Hemdingen und Bilsen in drei F\u00e4llen Schafe hinter 108 Zentimeter hohen Flexinetz-Z\u00e4unen gerissen worden. Obwohl entsprechende DNA-Analysen noch in Bearbeitung sind, wird bereits offen von Wolfs\u00fcbergriffen gesprochen. Einige Protagonisten scheuen sich auch nicht davor, bereits das Wort\u2026","rel":"","context":"In &quot;Standpunkte&quot;","img":{"alt_text":"Wolf im Tierpark Nordhorn","src":"https:\/\/i1.wp.com\/wolfsmonitor.de\/wp-content\/uploads\/2015\/04\/WM-Kommentar.jpg?fit=512%2C442&ssl=1&resize=350%2C200","width":350,"height":200},"classes":[]},{"id":16801,"url":"https:\/\/wolfsmonitor.de\/?p=16801","url_meta":{"origin":16686,"position":1},"title":"Der Leser als Bauernopfer: Mit vereinten Kr\u00e4ften gegen Herdenschutz und Wolf","date":"24. Februar 2019","format":false,"excerpt":"Heute pr\u00e4sentiere ich Ihnen wieder einmal ein besonders gelungenes Beispiel der journalistischen Parteinahme. Dieses Mal sind es die L\u00fcbecker Nachrichten als \u201eOrgan\u201c der Madsack-Mediengruppe in Schleswig Holstein, die kein gutes Haar am Wolf und am Wolfsmanagement lassen. Nat\u00fcrlich schreibt man das nicht direkt so, man l\u00e4sst so etwas sagen. Aber\u2026","rel":"","context":"In &quot;Aufgelesen&quot;","img":{"alt_text":"Foto: Wildtierfotograf Heiko Anders","src":"https:\/\/i2.wp.com\/wolfsmonitor.de\/wp-content\/uploads\/2016\/05\/HA-Beitragsfoto-Aufgelesen-2.jpg?fit=625%2C469&ssl=1&resize=350%2C200","width":350,"height":200},"classes":[]},{"id":16182,"url":"https:\/\/wolfsmonitor.de\/?p=16182","url_meta":{"origin":16686,"position":2},"title":"Schleswig-Holstein: Angeblich wolfsichere Z\u00e4une","date":"17. Januar 2019","format":false,"excerpt":"Dass mit Jan Philipp Albrecht nun ausgerechnet ein gr\u00fcner Landesumweltminister mit den Pl\u00e4nen zum Abschuss eines Wolfes wertvolle Wolfsschutz-Standards in Deutschlands unterminiert, ist ein Schlag ins Gesicht all derer die hofften, dass zumindest in dieser Partei der Artenschutz noch einen so bedeutenden Stellenwert hat, dass er nicht bei jeder kleinen\u2026","rel":"","context":"In &quot;Standpunkte&quot;","img":{"alt_text":"Wolf im Tierpark Nordhorn","src":"https:\/\/i0.wp.com\/wolfsmonitor.de\/wp-content\/uploads\/2015\/07\/Foto-Kommentar-2.jpg?fit=586%2C513&ssl=1&resize=350%2C200","width":350,"height":200},"classes":[]},{"id":18049,"url":"https:\/\/wolfsmonitor.de\/?p=18049","url_meta":{"origin":16686,"position":3},"title":"J\u00e4ger in Schleswig-Holstein stellen Bedingungen f\u00fcr Abschuss","date":"6. November 2019","format":false,"excerpt":"In Schleswig-Holstein ist es seit letzter Woche \u2013 nach einem Beschluss des Ministeriums f\u00fcr Energiewende, Landwirtschaft, Umwelt und l\u00e4ndliche R\u00e4ume (MELUND) \u2013 zahlreichen J\u00e4gern erlaubt, den Wolf mit der Kennung GW924m zu erschie\u00dfen, nachdem dieser mehrfach angeblich wolfssichere Z\u00e4une \u00fcberwunden hatte und Schafe t\u00f6tete. Jetzt forderte die regionale J\u00e4gerschaft, dass\u2026","rel":"","context":"In &quot;Standpunkte&quot;","img":{"alt_text":"Wolf im Tierpark Nordhorn","src":"https:\/\/i0.wp.com\/wolfsmonitor.de\/wp-content\/uploads\/2015\/07\/Foto-Kommentar-2.jpg?fit=586%2C513&ssl=1&resize=350%2C200","width":350,"height":200},"classes":[]},{"id":16653,"url":"https:\/\/wolfsmonitor.de\/?p=16653","url_meta":{"origin":16686,"position":4},"title":"NABU Schleswig-Holstein: Fragw\u00fcrdige Stellungnahme","date":"13. Februar 2019","format":false,"excerpt":"Im Rahmen einer Stellungnahme versucht der NABU in Schleswig-Holstein nun umf\u00e4nglich zu begr\u00fcnden, warum er f\u00fcr den Abschuss des Pinneberger Wolfs mit der Kennung GW924m gestimmt hat. Dabei werden allerdings einige nicht unwesentliche Fakten einfach ignoriert. Das Schlechte daran: Erste Mitglieder haben bereits angek\u00fcndigt, den NABU-Schleswig-Holstein zu verlassen, um sich\u2026","rel":"","context":"In &quot;Standpunkte&quot;","img":{"alt_text":"Wolf im Tierpark Nordhorn","src":"https:\/\/i0.wp.com\/wolfsmonitor.de\/wp-content\/uploads\/2015\/07\/Foto-Kommentar-2.jpg?fit=586%2C513&ssl=1&resize=350%2C200","width":350,"height":200},"classes":[]},{"id":5238,"url":"https:\/\/wolfsmonitor.de\/?p=5238","url_meta":{"origin":16686,"position":5},"title":"Badens Bauern gegen Luchs und Wolf","date":"29. September 2016","format":false,"excerpt":"Der Badische Landwirtschaftliche Hauptverband e.V. (BLHV) fordert von der Politik und der ganzen Gesellschaft, von einer Willkommenskultur f\u00fcr W\u00f6lfe Abstand zu nehmen, die Sorgen der betroffenen Landwirte ernst zu nehmen und bei wiederholten Angriffen von W\u00f6lfen auf Nutztierherden unb\u00fcrokratisch die Entnahme dieser W\u00f6lfe aus der Natur zu erlauben. Das geht\u2026","rel":"","context":"In &quot;Hintergr\u00fcnde&quot;","img":{"alt_text":"Wolf im Tierpark Nordhorn","src":"https:\/\/i2.wp.com\/wolfsmonitor.de\/wp-content\/uploads\/2015\/09\/WM-Hintergr\u00fcnde.jpg?fit=355%2C312&ssl=1&resize=350%2C200","width":350,"height":200},"classes":[]}],"_links":{"self":[{"href":"https:\/\/wolfsmonitor.de\/index.php?rest_route=\/wp\/v2\/posts\/16686"}],"collection":[{"href":"https:\/\/wolfsmonitor.de\/index.php?rest_route=\/wp\/v2\/posts"}],"about":[{"href":"https:\/\/wolfsmonitor.de\/index.php?rest_route=\/wp\/v2\/types\/post"}],"author":[{"embeddable":true,"href":"https:\/\/wolfsmonitor.de\/index.php?rest_route=\/wp\/v2\/users\/1"}],"replies":[{"embeddable":true,"href":"https:\/\/wolfsmonitor.de\/index.php?rest_route=%2Fwp%2Fv2%2Fcomments&post=16686"}],"version-history":[{"count":10,"href":"https:\/\/wolfsmonitor.de\/index.php?rest_route=\/wp\/v2\/posts\/16686\/revisions"}],"predecessor-version":[{"id":16700,"href":"https:\/\/wolfsmonitor.de\/index.php?rest_route=\/wp\/v2\/posts\/16686\/revisions\/16700"}],"wp:featuredmedia":[{"embeddable":true,"href":"https:\/\/wolfsmonitor.de\/index.php?rest_route=\/wp\/v2\/media\/3507"}],"wp:attachment":[{"href":"https:\/\/wolfsmonitor.de\/index.php?rest_route=%2Fwp%2Fv2%2Fmedia&parent=16686"}],"wp:term":[{"taxonomy":"category","embeddable":true,"href":"https:\/\/wolfsmonitor.de\/index.php?rest_route=%2Fwp%2Fv2%2Fcategories&post=16686"},{"taxonomy":"post_tag","embeddable":true,"href":"https:\/\/wolfsmonitor.de\/index.php?rest_route=%2Fwp%2Fv2%2Ftags&post=16686"}],"curies":[{"name":"wp","href":"https:\/\/api.w.org\/{rel}","templated":true}]}}