{"id":17116,"date":"2019-04-21T21:20:15","date_gmt":"2019-04-21T19:20:15","guid":{"rendered":"https:\/\/wolfsmonitor.de\/?p=17116"},"modified":"2019-04-21T21:20:21","modified_gmt":"2019-04-21T19:20:21","slug":"umfrage-wolf-wird-in-deutschland-positiv-gesehen","status":"publish","type":"post","link":"https:\/\/wolfsmonitor.de\/?p=17116","title":{"rendered":"Umfrage: Wolf wird in Deutschland positiv gesehen"},"content":{"rendered":"<p><strong>Erneut wurde nun von Forschern der Frage nachgegangen, wie Menschen in Deutschland zu den W\u00f6lfen stehen. Au\u00dferdem wurde die Frage gestellt, woher die Menschen ihr Wissen zum Wolf beziehen. In Telefoninterviews wurden dabei bundesweit 1.000 und ferner 250 Haushalte im Landkreis G\u00f6rlitz (Sachsen) zu ihrem Wissen und ihrer Haltung zum Wolf befragt.<\/strong><!--more--><\/p>\n<p>Die Ergebnisse der Befragung \u00fcbertrugen die Forscher des Senckenberg-Instituts auf Akzeptanzdiagramme, die zeigen, dass die Befragten deutschlandweit dem Wolf eher positiv gegen\u00fcberstehen, im Wolfsgebiet Landkreis G\u00f6rlitz hingegen eher neutral.<\/p>\n<p>F\u00fcr die Forscher zeigen die Ergebnisse eindeutig: Je mehr Menschen \u00fcber W\u00f6lfe wissen, umso h\u00f6her sei deren Akzeptanz.<\/p>\n<p>Der Studie zufolge war beispielsweise dann Ablehnung erkennbar, wenn Befragte andere kannten, denen zum Beispiel ein Schaf gerissen wurde.<\/p>\n<p>Die Ergebnisse best\u00e4tigen andere repr\u00e4sentative Umfragen (<a href=\"https:\/\/wolfsmonitor.de\/?p=13361\" target=\"_blank\" rel=\"noopener noreferrer\"><span style=\"color: #0000ff;\">hier!<\/span><\/a>, <span style=\"color: #0000ff;\"><a style=\"color: #0000ff;\" href=\"https:\/\/wolfsmonitor.de\/?p=1583\" target=\"_blank\" rel=\"noopener noreferrer\">hier!<\/a> <\/span>oder auch <span style=\"color: #0000ff;\"><a style=\"color: #0000ff;\" href=\"https:\/\/wolfsmonitor.de\/?p=10559\" target=\"_blank\" rel=\"noopener noreferrer\">hier!<\/a><\/span> in \u00d6sterreich), bei denen sich jeweils eine deutliche Mehrheit f\u00fcr die r\u00fcckkehrenden W\u00f6lfe aussprach.<\/p>\n<p>Den vollst\u00e4ndigen MDR-Artikel k\u00f6nnen Sie unter <span style=\"color: #0000ff;\"><a style=\"color: #0000ff;\" href=\"https:\/\/www.mdr.de\/wissen\/antworten\/menschen-woelfe-stimmungsbild-100.html?fbclid=IwAR3drHTNO3G4mVrk6CnzraGkAGPBp2vlwO9pi_KlNTFDYnlg4x5cTZnQK_Y\" target=\"_blank\" rel=\"noopener noreferrer\">Nutzung dieses Links aufrufen!<\/a><\/span><\/p>\n<hr \/>\n<p><em><u>Quelle:<\/u> mdr.de am 16. April 2019: \u201eUmfrage: Deutsche sehen den Wolf positiv\u201c, abgerufen am 21.4.2019<\/em><\/p>\n<hr \/>\n<p><em>Beitragsfoto: Heiko Anders, <a href=\"http:\/\/www.andersfotografiert.com\" target=\"_blank\" rel=\"noopener noreferrer\"><span style=\"color: #0000ff;\">www.andersfotografiert.com<\/span><\/a><\/em><\/p>\n<p class=\"ox-8fa0bdae36-MsoNormal\"><em>(Anmerkung: F\u00fcr die Richtigkeit der Angaben und Inhalte der verlinkten Webseiten wird keinerlei Gew\u00e4hr \u00fcbernommen)<\/em><\/p>\n<div class=\"shariff shariff-align-center shariff-widget-align-center\" data-services=\"facebook%7Ctwitter\" data-url=\"https%3A%2F%2Fwolfsmonitor.de%2F%3Fp%3D17116\" data-timestamp=\"1555881621\" data-backendurl=\"?rest_route=\/shariff\/v1\/share_counts&\"><ul class=\"shariff-buttons theme-color orientation-horizontal buttonsize-small\"><li class=\"shariff-button facebook shariff-nocustomcolor\" style=\"background-color:#4273c8\"><a href=\"https:\/\/www.facebook.com\/sharer\/sharer.php?u=https%3A%2F%2Fwolfsmonitor.de%2F%3Fp%3D17116\" title=\"Bei Facebook teilen\" aria-label=\"Bei Facebook teilen\" role=\"button\" rel=\"nofollow\" class=\"shariff-link\" style=\"; background-color:#3b5998; color:#fff\" target=\"_blank\"><span class=\"shariff-icon\" style=\"\"><svg width=\"32px\" height=\"20px\" xmlns=\"http:\/\/www.w3.org\/2000\/svg\" viewBox=\"0 0 18 32\"><path fill=\"#3b5998\" d=\"M17.1 0.2v4.7h-2.8q-1.5 0-2.1 0.6t-0.5 1.9v3.4h5.2l-0.7 5.3h-4.5v13.6h-5.5v-13.6h-4.5v-5.3h4.5v-3.9q0-3.3 1.9-5.2t5-1.8q2.6 0 4.1 0.2z\"\/><\/svg><\/span><span class=\"shariff-text\">teilen<\/span>&nbsp;<span data-service=\"facebook\" style=\"color:#3b5998\" class=\"shariff-count shariff-hidezero\"><\/span>&nbsp;<\/a><\/li><li class=\"shariff-button twitter shariff-nocustomcolor\" style=\"background-color:#32bbf5\"><a href=\"https:\/\/twitter.com\/share?url=https%3A%2F%2Fwolfsmonitor.de%2F%3Fp%3D17116&text=Umfrage%3A%20Wolf%20wird%20in%20Deutschland%20positiv%20gesehen\" title=\"Bei Twitter teilen\" aria-label=\"Bei Twitter teilen\" role=\"button\" rel=\"noopener nofollow\" class=\"shariff-link\" style=\"; background-color:#55acee; color:#fff\" target=\"_blank\"><span class=\"shariff-icon\" style=\"\"><svg width=\"32px\" height=\"20px\" xmlns=\"http:\/\/www.w3.org\/2000\/svg\" viewBox=\"0 0 30 32\"><path fill=\"#55acee\" d=\"M29.7 6.8q-1.2 1.8-3 3.1 0 0.3 0 0.8 0 2.5-0.7 4.9t-2.2 4.7-3.5 4-4.9 2.8-6.1 1q-5.1 0-9.3-2.7 0.6 0.1 1.5 0.1 4.3 0 7.6-2.6-2-0.1-3.5-1.2t-2.2-3q0.6 0.1 1.1 0.1 0.8 0 1.6-0.2-2.1-0.4-3.5-2.1t-1.4-3.9v-0.1q1.3 0.7 2.8 0.8-1.2-0.8-2-2.2t-0.7-2.9q0-1.7 0.8-3.1 2.3 2.8 5.5 4.5t7 1.9q-0.2-0.7-0.2-1.4 0-2.5 1.8-4.3t4.3-1.8q2.7 0 4.5 1.9 2.1-0.4 3.9-1.5-0.7 2.2-2.7 3.4 1.8-0.2 3.5-0.9z\"\/><\/svg><\/span><span class=\"shariff-text\">twittern<\/span>&nbsp;<span data-service=\"twitter\" style=\"color:#55acee\" class=\"shariff-count shariff-hidezero\"><\/span>&nbsp;<\/a><\/li><li class=\"shariff-button rss shariff-nocustomcolor\" style=\"background-color:#ff8c00\"><a href=\"https:\/\/wolfsmonitor.de\/?feed=rss\" title=\"RSS-feed\" aria-label=\"RSS-feed\" role=\"button\" class=\"shariff-link\" style=\"; background-color:#fe9312; color:#fff\" target=\"_blank\"><span class=\"shariff-icon\" style=\"\"><svg width=\"32px\" height=\"20px\" xmlns=\"http:\/\/www.w3.org\/2000\/svg\" viewBox=\"0 0 32 32\"><path fill=\"#fe9312\" d=\"M4.3 23.5c-2.3 0-4.3 1.9-4.3 4.3 0 2.3 1.9 4.2 4.3 4.2 2.4 0 4.3-1.9 4.3-4.2 0-2.3-1.9-4.3-4.3-4.3zM0 10.9v6.1c4 0 7.7 1.6 10.6 4.4 2.8 2.8 4.4 6.6 4.4 10.6h6.2c0-11.7-9.5-21.1-21.1-21.1zM0 0v6.1c14.2 0 25.8 11.6 25.8 25.9h6.2c0-17.6-14.4-32-32-32z\"\/><\/svg><\/span><span class=\"shariff-text\">RSS-feed<\/span>&nbsp;<\/a><\/li><li class=\"shariff-button mailto shariff-nocustomcolor\" style=\"background-color:#a8a8a8\"><a href=\"mailto:?body=https%3A%2F%2Fwolfsmonitor.de%2F%3Fp%3D17116&subject=Umfrage%3A%20Wolf%20wird%20in%20Deutschland%20positiv%20gesehen\" title=\"Per E-Mail versenden\" aria-label=\"Per E-Mail versenden\" role=\"button\" rel=\"noopener nofollow\" class=\"shariff-link\" style=\"; background-color:#999; color:#fff\"><span class=\"shariff-icon\" style=\"\"><svg width=\"32px\" height=\"20px\" xmlns=\"http:\/\/www.w3.org\/2000\/svg\" viewBox=\"0 0 32 32\"><path fill=\"#999\" d=\"M32 12.7v14.2q0 1.2-0.8 2t-2 0.9h-26.3q-1.2 0-2-0.9t-0.8-2v-14.2q0.8 0.9 1.8 1.6 6.5 4.4 8.9 6.1 1 0.8 1.6 1.2t1.7 0.9 2 0.4h0.1q0.9 0 2-0.4t1.7-0.9 1.6-1.2q3-2.2 8.9-6.1 1-0.7 1.8-1.6zM32 7.4q0 1.4-0.9 2.7t-2.2 2.2q-6.7 4.7-8.4 5.8-0.2 0.1-0.7 0.5t-1 0.7-0.9 0.6-1.1 0.5-0.9 0.2h-0.1q-0.4 0-0.9-0.2t-1.1-0.5-0.9-0.6-1-0.7-0.7-0.5q-1.6-1.1-4.7-3.2t-3.6-2.6q-1.1-0.7-2.1-2t-1-2.5q0-1.4 0.7-2.3t2.1-0.9h26.3q1.2 0 2 0.8t0.9 2z\"\/><\/svg><\/span><span class=\"shariff-text\">E-Mail<\/span>&nbsp;<\/a><\/li><li class=\"shariff-button info shariff-nocustomcolor\" style=\"background-color:#a8a8a8\"><a href=\"http:\/\/ct.de\/-2467514\" title=\"Weitere Informationen\" aria-label=\"Weitere Informationen\" role=\"button\" rel=\"noopener \" class=\"shariff-link\" style=\"; background-color:#999; color:#fff\" target=\"_blank\"><span class=\"shariff-icon\" style=\"\"><svg width=\"32px\" height=\"20px\" xmlns=\"http:\/\/www.w3.org\/2000\/svg\" viewBox=\"0 0 11 32\"><path fill=\"#999\" d=\"M11.4 24v2.3q0 0.5-0.3 0.8t-0.8 0.4h-9.1q-0.5 0-0.8-0.4t-0.4-0.8v-2.3q0-0.5 0.4-0.8t0.8-0.4h1.1v-6.8h-1.1q-0.5 0-0.8-0.4t-0.4-0.8v-2.3q0-0.5 0.4-0.8t0.8-0.4h6.8q0.5 0 0.8 0.4t0.4 0.8v10.3h1.1q0.5 0 0.8 0.4t0.3 0.8zM9.2 3.4v3.4q0 0.5-0.4 0.8t-0.8 0.4h-4.6q-0.4 0-0.8-0.4t-0.4-0.8v-3.4q0-0.4 0.4-0.8t0.8-0.4h4.6q0.5 0 0.8 0.4t0.4 0.8z\"\/><\/svg><\/span><\/a><\/li><\/ul><\/div>","protected":false},"excerpt":{"rendered":"<p>Erneut wurde nun von Forschern der Frage nachgegangen, wie Menschen in Deutschland zu den W\u00f6lfen stehen. Au\u00dferdem wurde die Frage gestellt, woher die Menschen ihr Wissen zum Wolf beziehen. In Telefoninterviews wurden dabei bundesweit 1.000 und ferner 250 Haushalte im Landkreis G\u00f6rlitz (Sachsen) zu ihrem Wissen und ihrer Haltung zum Wolf befragt.<\/p>\n<div class=\"shariff shariff-align-center shariff-widget-align-center\" data-services=\"facebook%7Ctwitter\" data-url=\"https%3A%2F%2Fwolfsmonitor.de%2F%3Fp%3D17116\" data-timestamp=\"1555881621\" data-backendurl=\"?rest_route=\/shariff\/v1\/share_counts&\"><ul class=\"shariff-buttons theme-color orientation-horizontal buttonsize-small\"><li class=\"shariff-button facebook shariff-nocustomcolor\" style=\"background-color:#4273c8\"><a href=\"https:\/\/www.facebook.com\/sharer\/sharer.php?u=https%3A%2F%2Fwolfsmonitor.de%2F%3Fp%3D17116\" title=\"Bei Facebook teilen\" aria-label=\"Bei Facebook teilen\" role=\"button\" rel=\"nofollow\" class=\"shariff-link\" style=\"; background-color:#3b5998; color:#fff\" target=\"_blank\"><span class=\"shariff-icon\" style=\"\"><svg width=\"32px\" height=\"20px\" xmlns=\"http:\/\/www.w3.org\/2000\/svg\" viewBox=\"0 0 18 32\"><path fill=\"#3b5998\" d=\"M17.1 0.2v4.7h-2.8q-1.5 0-2.1 0.6t-0.5 1.9v3.4h5.2l-0.7 5.3h-4.5v13.6h-5.5v-13.6h-4.5v-5.3h4.5v-3.9q0-3.3 1.9-5.2t5-1.8q2.6 0 4.1 0.2z\"\/><\/svg><\/span><span class=\"shariff-text\">teilen<\/span>&nbsp;<span data-service=\"facebook\" style=\"color:#3b5998\" class=\"shariff-count shariff-hidezero\"><\/span>&nbsp;<\/a><\/li><li class=\"shariff-button twitter shariff-nocustomcolor\" style=\"background-color:#32bbf5\"><a href=\"https:\/\/twitter.com\/share?url=https%3A%2F%2Fwolfsmonitor.de%2F%3Fp%3D17116&text=Umfrage%3A%20Wolf%20wird%20in%20Deutschland%20positiv%20gesehen\" title=\"Bei Twitter teilen\" aria-label=\"Bei Twitter teilen\" role=\"button\" rel=\"noopener nofollow\" class=\"shariff-link\" style=\"; background-color:#55acee; color:#fff\" target=\"_blank\"><span class=\"shariff-icon\" style=\"\"><svg width=\"32px\" height=\"20px\" xmlns=\"http:\/\/www.w3.org\/2000\/svg\" viewBox=\"0 0 30 32\"><path fill=\"#55acee\" d=\"M29.7 6.8q-1.2 1.8-3 3.1 0 0.3 0 0.8 0 2.5-0.7 4.9t-2.2 4.7-3.5 4-4.9 2.8-6.1 1q-5.1 0-9.3-2.7 0.6 0.1 1.5 0.1 4.3 0 7.6-2.6-2-0.1-3.5-1.2t-2.2-3q0.6 0.1 1.1 0.1 0.8 0 1.6-0.2-2.1-0.4-3.5-2.1t-1.4-3.9v-0.1q1.3 0.7 2.8 0.8-1.2-0.8-2-2.2t-0.7-2.9q0-1.7 0.8-3.1 2.3 2.8 5.5 4.5t7 1.9q-0.2-0.7-0.2-1.4 0-2.5 1.8-4.3t4.3-1.8q2.7 0 4.5 1.9 2.1-0.4 3.9-1.5-0.7 2.2-2.7 3.4 1.8-0.2 3.5-0.9z\"\/><\/svg><\/span><span class=\"shariff-text\">twittern<\/span>&nbsp;<span data-service=\"twitter\" style=\"color:#55acee\" class=\"shariff-count shariff-hidezero\"><\/span>&nbsp;<\/a><\/li><li class=\"shariff-button rss shariff-nocustomcolor\" style=\"background-color:#ff8c00\"><a href=\"https:\/\/wolfsmonitor.de\/?feed=rss\" title=\"RSS-feed\" aria-label=\"RSS-feed\" role=\"button\" class=\"shariff-link\" style=\"; background-color:#fe9312; color:#fff\" target=\"_blank\"><span class=\"shariff-icon\" style=\"\"><svg width=\"32px\" height=\"20px\" xmlns=\"http:\/\/www.w3.org\/2000\/svg\" viewBox=\"0 0 32 32\"><path fill=\"#fe9312\" d=\"M4.3 23.5c-2.3 0-4.3 1.9-4.3 4.3 0 2.3 1.9 4.2 4.3 4.2 2.4 0 4.3-1.9 4.3-4.2 0-2.3-1.9-4.3-4.3-4.3zM0 10.9v6.1c4 0 7.7 1.6 10.6 4.4 2.8 2.8 4.4 6.6 4.4 10.6h6.2c0-11.7-9.5-21.1-21.1-21.1zM0 0v6.1c14.2 0 25.8 11.6 25.8 25.9h6.2c0-17.6-14.4-32-32-32z\"\/><\/svg><\/span><span class=\"shariff-text\">RSS-feed<\/span>&nbsp;<\/a><\/li><li class=\"shariff-button mailto shariff-nocustomcolor\" style=\"background-color:#a8a8a8\"><a href=\"mailto:?body=https%3A%2F%2Fwolfsmonitor.de%2F%3Fp%3D17116&subject=Umfrage%3A%20Wolf%20wird%20in%20Deutschland%20positiv%20gesehen\" title=\"Per E-Mail versenden\" aria-label=\"Per E-Mail versenden\" role=\"button\" rel=\"noopener nofollow\" class=\"shariff-link\" style=\"; background-color:#999; color:#fff\"><span class=\"shariff-icon\" style=\"\"><svg width=\"32px\" height=\"20px\" xmlns=\"http:\/\/www.w3.org\/2000\/svg\" viewBox=\"0 0 32 32\"><path fill=\"#999\" d=\"M32 12.7v14.2q0 1.2-0.8 2t-2 0.9h-26.3q-1.2 0-2-0.9t-0.8-2v-14.2q0.8 0.9 1.8 1.6 6.5 4.4 8.9 6.1 1 0.8 1.6 1.2t1.7 0.9 2 0.4h0.1q0.9 0 2-0.4t1.7-0.9 1.6-1.2q3-2.2 8.9-6.1 1-0.7 1.8-1.6zM32 7.4q0 1.4-0.9 2.7t-2.2 2.2q-6.7 4.7-8.4 5.8-0.2 0.1-0.7 0.5t-1 0.7-0.9 0.6-1.1 0.5-0.9 0.2h-0.1q-0.4 0-0.9-0.2t-1.1-0.5-0.9-0.6-1-0.7-0.7-0.5q-1.6-1.1-4.7-3.2t-3.6-2.6q-1.1-0.7-2.1-2t-1-2.5q0-1.4 0.7-2.3t2.1-0.9h26.3q1.2 0 2 0.8t0.9 2z\"\/><\/svg><\/span><span class=\"shariff-text\">E-Mail<\/span>&nbsp;<\/a><\/li><li class=\"shariff-button info shariff-nocustomcolor\" style=\"background-color:#a8a8a8\"><a href=\"http:\/\/ct.de\/-2467514\" title=\"Weitere Informationen\" aria-label=\"Weitere Informationen\" role=\"button\" rel=\"noopener \" class=\"shariff-link\" style=\"; background-color:#999; color:#fff\" target=\"_blank\"><span class=\"shariff-icon\" style=\"\"><svg width=\"32px\" height=\"20px\" xmlns=\"http:\/\/www.w3.org\/2000\/svg\" viewBox=\"0 0 11 32\"><path fill=\"#999\" d=\"M11.4 24v2.3q0 0.5-0.3 0.8t-0.8 0.4h-9.1q-0.5 0-0.8-0.4t-0.4-0.8v-2.3q0-0.5 0.4-0.8t0.8-0.4h1.1v-6.8h-1.1q-0.5 0-0.8-0.4t-0.4-0.8v-2.3q0-0.5 0.4-0.8t0.8-0.4h6.8q0.5 0 0.8 0.4t0.4 0.8v10.3h1.1q0.5 0 0.8 0.4t0.3 0.8zM9.2 3.4v3.4q0 0.5-0.4 0.8t-0.8 0.4h-4.6q-0.4 0-0.8-0.4t-0.4-0.8v-3.4q0-0.4 0.4-0.8t0.8-0.4h4.6q0.5 0 0.8 0.4t0.4 0.8z\"\/><\/svg><\/span><\/a><\/li><\/ul><\/div>","protected":false},"author":1,"featured_media":3493,"comment_status":"closed","ping_status":"open","sticky":false,"template":"","format":"standard","meta":{"spay_email":""},"categories":[2355],"tags":[8706,5352,276,5140,268],"jetpack_featured_media_url":"https:\/\/i1.wp.com\/wolfsmonitor.de\/wp-content\/uploads\/2016\/05\/Beitragsfoto-Heiko-Anders-Aktuell.jpg?fit=654%2C492&ssl=1","jetpack_shortlink":"https:\/\/wp.me\/p61YbU-4s4","jetpack-related-posts":[{"id":2467,"url":"https:\/\/wolfsmonitor.de\/?p=2467","url_meta":{"origin":17116,"position":0},"title":"Wolfzentrum des Bundes: Kernbotschaften und Reaktionen","date":"11. Februar 2016","format":false,"excerpt":"Gestern wurde in Berlin das neue Wolfs- Dokumentations- und Beratungszentrum des Bundes vorgestellt. Die Koordinierungsstelle wird von vier Einrichtungen getragen, dem \u201eSenckenberg Museum f\u00fcr Naturkunde G\u00f6rlitz (SMNG)\u201c, dem \u201eLUPUS Institut f\u00fcr Wolfsmonitoring und -forschung in Deutschland\u201c, dem \u201eLeibniz-Institut f\u00fcr Zoo- und Wildtierforschung Berlin (IZW)\u201c und dem \u201cSenckenberg Forschungsinstitut am Standort\u2026","rel":"","context":"In &quot;Expertenmeinung&quot;","img":{"alt_text":"","src":"https:\/\/i0.wp.com\/wolfsmonitor.de\/wp-content\/uploads\/2016\/02\/Beitragsfoto-andere-Meinungen.jpg?fit=500%2C506&ssl=1&resize=350%2C200","width":350,"height":200},"classes":[]},{"id":10559,"url":"https:\/\/wolfsmonitor.de\/?p=10559","url_meta":{"origin":17116,"position":1},"title":"Aktuelle Umfrage best\u00e4tigt: Wolf ist willkommen!","date":"23. September 2017","format":false,"excerpt":"Eine aktuelle Meinungsumfrage des WWF zum Thema \u201eWolf in freier Wildbahn\u201c best\u00e4tigt, was eine repr\u00e4sentative deutschlandweite NABU-Umfrage bereits vor zwei Jahren hervorbrachte: Eine \u00fcberwiegende Mehrheit der Menschen, in \u00d6sterreich aktuell 74 %, stehen der nat\u00fcrlichen R\u00fcckkehr des Wolfes \u201esehr positiv\u201c oder \u201eeher positiv\u201c gegen\u00fcber. \u201eAngesichts der zahlreichen negativen Wortmeldungen einzelner\u2026","rel":"","context":"In &quot;Presseinformationen&quot;","img":{"alt_text":"Wolf im Tierpark (Foto: Vogler)","src":"https:\/\/i0.wp.com\/wolfsmonitor.de\/wp-content\/uploads\/2016\/09\/Beitragsfoto-PI-PM.jpg?fit=752%2C497&ssl=1&resize=350%2C200","width":350,"height":200},"classes":[]},{"id":5135,"url":"https:\/\/wolfsmonitor.de\/?p=5135","url_meta":{"origin":17116,"position":2},"title":"Nun offiziell: 46 Rudel, 15 Paare und 4 Einzelw\u00f6lfe im Wolfsjahr 2015\/16 in Deutschland nachgewiesen","date":"23. September 2016","format":false,"excerpt":"In einer Pressemitteilung des Bundesamtes f\u00fcr Naturschutz (BfN) vom 23. September hei\u00dft es (im Wortlaut): \"Wolf fasst in Deutschland weiter Fu\u00df: Nachweis von 46 Rudeln\" \"Bonn, 23. September 2016: Der Wolf erobert sich seine alte Heimat zur\u00fcck. Das zeigen die aktuellen Monitoring-Daten, die das Bundesamt f\u00fcr Naturschutz (BfN) heute vorgestellt\u2026","rel":"","context":"In &quot;Presseinformationen&quot;","img":{"alt_text":"Foto: Naturfotograf Heiko Anders","src":"https:\/\/i2.wp.com\/wolfsmonitor.de\/wp-content\/uploads\/2016\/05\/HA-Beitragsfoto-Presseinfo-2.jpg?fit=627%2C410&ssl=1&resize=350%2C200","width":350,"height":200},"classes":[]},{"id":16821,"url":"https:\/\/wolfsmonitor.de\/?p=16821","url_meta":{"origin":17116,"position":3},"title":"Zwei tote W\u00f6lfe im Freistaat Sachsen","date":"25. Februar 2019","format":false,"excerpt":"Das Kontaktb\u00fcro \u201eW\u00f6lfe in Sachsen\u201c meldet heute, am 25. Februar, im Rahmen einer Presseinformation: \"Zwei Totfunde im Freistaat\" \"Am 21.02.2019 wurde in J\u00e4nkendorf (Landkreis G\u00f6rlitz) ein toter m\u00e4nnlicher, erwachsener Wolf gefunden. Die Polizei schloss auf Grund der Fundumst\u00e4nde und der Verletzungen des Tieres eine Straftat zun\u00e4chst nicht aus, sodass das\u2026","rel":"","context":"In &quot;Presseinformationen&quot;","img":{"alt_text":"Foto: Naturfotograf Heiko Anders","src":"https:\/\/i2.wp.com\/wolfsmonitor.de\/wp-content\/uploads\/2016\/05\/HA-Beitragsfoto-Presseinfo-2.jpg?fit=627%2C410&ssl=1&resize=350%2C200","width":350,"height":200},"classes":[]},{"id":17548,"url":"https:\/\/wolfsmonitor.de\/?p=17548","url_meta":{"origin":17116,"position":4},"title":"Neue Umfrage: Weiterhin hohe Zustimmung f\u00fcr W\u00f6lfe in \u00d6sterreich","date":"20. Juli 2019","format":false,"excerpt":"69 Prozent der \u00d6sterreicher stehen der nat\u00fcrlichen R\u00fcckkehr der W\u00f6lfe nach \u00d6sterreich positiv gegen\u00fcber. Und das trotz zuletzt negativer Berichterstattung in den Zeitungen, nicht selten angefeuert durch einschl\u00e4gige Kreise. Die Ergebnisse der repr\u00e4sentativen Umfrage (1.035 Befragte) zeigen laut Umfrageinstitut zwei Jahre nach der letzten Befragung eine weitgehend unver\u00e4nderte, positive Grundeinstellung\u2026","rel":"","context":"In &quot;Kurzinfo&quot;","img":{"alt_text":"Wolf im Zoo Nordhorn (Foto: Vogler)","src":"https:\/\/i2.wp.com\/wolfsmonitor.de\/wp-content\/uploads\/2016\/09\/Beitragsfoto-Kurzinfo.jpg?fit=628%2C505&ssl=1&resize=350%2C200","width":350,"height":200},"classes":[]},{"id":7694,"url":"https:\/\/wolfsmonitor.de\/?p=7694","url_meta":{"origin":17116,"position":5},"title":"Ist Pumpaks Abschuss wirklich notwendig?","date":"6. Februar 2017","format":false,"excerpt":"Teile des Landkreises G\u00f6rlitz geh\u00f6ren zum Streifgebiet des Wolfs Pumpak. Genauer gesagt, handelt es sich dabei um die Gegend rund um die Ortschaft Teicha in der N\u00e4he der s\u00e4chsischen Ortschaft Rietschen in der Oberlausitz. Eigentlich stammt Pumpak aus dem \u201eRuszow-Rudel\u201c in Polen. Dort wurde er offenbar bereits als Welpe von\u2026","rel":"","context":"In &quot;Mittendrin&quot;","img":{"alt_text":"","src":"https:\/\/i0.wp.com\/wolfsmonitor.de\/wp-content\/uploads\/2015\/11\/EM-8.jpg?fit=718%2C484&ssl=1&resize=350%2C200","width":350,"height":200},"classes":[]}],"_links":{"self":[{"href":"https:\/\/wolfsmonitor.de\/index.php?rest_route=\/wp\/v2\/posts\/17116"}],"collection":[{"href":"https:\/\/wolfsmonitor.de\/index.php?rest_route=\/wp\/v2\/posts"}],"about":[{"href":"https:\/\/wolfsmonitor.de\/index.php?rest_route=\/wp\/v2\/types\/post"}],"author":[{"embeddable":true,"href":"https:\/\/wolfsmonitor.de\/index.php?rest_route=\/wp\/v2\/users\/1"}],"replies":[{"embeddable":true,"href":"https:\/\/wolfsmonitor.de\/index.php?rest_route=%2Fwp%2Fv2%2Fcomments&post=17116"}],"version-history":[{"count":2,"href":"https:\/\/wolfsmonitor.de\/index.php?rest_route=\/wp\/v2\/posts\/17116\/revisions"}],"predecessor-version":[{"id":17118,"href":"https:\/\/wolfsmonitor.de\/index.php?rest_route=\/wp\/v2\/posts\/17116\/revisions\/17118"}],"wp:featuredmedia":[{"embeddable":true,"href":"https:\/\/wolfsmonitor.de\/index.php?rest_route=\/wp\/v2\/media\/3493"}],"wp:attachment":[{"href":"https:\/\/wolfsmonitor.de\/index.php?rest_route=%2Fwp%2Fv2%2Fmedia&parent=17116"}],"wp:term":[{"taxonomy":"category","embeddable":true,"href":"https:\/\/wolfsmonitor.de\/index.php?rest_route=%2Fwp%2Fv2%2Fcategories&post=17116"},{"taxonomy":"post_tag","embeddable":true,"href":"https:\/\/wolfsmonitor.de\/index.php?rest_route=%2Fwp%2Fv2%2Ftags&post=17116"}],"curies":[{"name":"wp","href":"https:\/\/api.w.org\/{rel}","templated":true}]}}