{"id":18005,"date":"2019-10-28T21:45:07","date_gmt":"2019-10-28T19:45:07","guid":{"rendered":"https:\/\/wolfsmonitor.de\/?p=18005"},"modified":"2019-10-28T21:45:12","modified_gmt":"2019-10-28T19:45:12","slug":"liegen-olaf-lies-und-die-bundesregierung-falsch-scheinbar-ja","status":"publish","type":"post","link":"https:\/\/wolfsmonitor.de\/?p=18005","title":{"rendered":"Liegen Olaf Lies und die Bundesregierung falsch? Scheinbar ja\u2026"},"content":{"rendered":"<p><strong>Die erteilte Ausnahmegenehmigung und die bisher erteilten Verl\u00e4ngerungen zur letalen Entnahme des Rodewalder Wolfes sind rechtwidrig. Ebenso rechtwidrig sind der Entwurf der Bundesregierung zum \u201eZweiten Gesetz zur \u00c4nderung des Bundesnaturschutzgesetzes\u201c sowie der Gesetzentwurf der FDP zum Wolfsmanagement, die letzten Donnerstag in einer \u201eNacht- und Nebelaktion\u201c im Bundestag er\u00f6rtert wurden.<\/strong><!--more--><\/p>\n<p>Dieser Ansicht ist die Deutsche Juristische Gesellschaft f\u00fcr Tierschutzrecht e. V. (DjGT), wie der Verein nun in gleich zwei Pressemeldungen feststellt.<\/p>\n<p>Demnach w\u00e4re eine weitere Verl\u00e4ngerung der Ausnahmegenehmigung zur letalen Entnahme des Rodewalder Wolfes (GW 717m) in Niedersachsen unionsrechtswidrig und k\u00e4me aus juristischer Sicht nicht in Betracht.<\/p>\n<p>Ein Grund: Die Ausnahmegenehmigung konstruiere die F\u00e4higkeit von Rinderherden, sich selbst gegen Wolfsangriffe zu sch\u00fctzen, ohne hierf\u00fcr eine wissenschaftliche Grundlage anzuf\u00fchren, wie vom EuGH im Urteil vom 10.10.2019 gefordert.<\/p>\n<p>Die gesamte Pressemeldung finden Sie<span style=\"color: #0000ff;\"> <a style=\"color: #0000ff;\" href=\"http:\/\/www.djgt.de\/system\/files\/290\/original\/191027_DJGT_Stellungnahme_Rodewalder_Wolf_Stellungnahme.pdf\" target=\"_blank\" rel=\"noopener noreferrer\">hier!<\/a><\/span><\/p>\n<p>Und auch die beiden Entw\u00fcrfe, die zuletzt im Bundestag diskutiert wurden, verstie\u00dfen bereits im Ansatz gegen geltendes EU-Recht. So die Ansicht des DjGT.<\/p>\n<p>Unter anderem versto\u00dfe die Absicht, W\u00f6lfe so lange zu schie\u00dfen bis weitere Sch\u00e4den ausbleiben, gegen die FFH-Logik. Die dort einzeln definierten Ausnahmetatbest\u00e4nde erlaubten ausschlie\u00dflich die Entnahme einzelner, eindeutig bestimmter Individuen und nicht eine unbestimmte Anzahl.<\/p>\n<p>Die entsprechende DjGT-Meldung finden Sie <span style=\"color: #0000ff;\"><a style=\"color: #0000ff;\" href=\"http:\/\/www.djgt.de\/system\/files\/288\/original\/PM_Diskussion_Bundestag_Gesetzesentwurf_Wolf.pdf\" target=\"_blank\" rel=\"noopener noreferrer\">hier!<\/a><\/span><\/p>\n<hr \/>\n<p><em><u>Quellen (beide abgerufen am 28.10.2019):<\/u> djgt.de, Pressemeldungen vom 23.10.2019 und 27.10.2019<\/em><\/p>\n<hr \/>\n<p><em>Beitragsfoto: Heiko Anders, <a href=\"http:\/\/www.andersfotografiert.com\" target=\"_blank\" rel=\"noopener noreferrer\"><span style=\"color: #0000ff;\">www.andersfotografiert.com<\/span><\/a><\/em><\/p>\n<p class=\"ox-8fa0bdae36-MsoNormal\"><em>(Anmerkung: F\u00fcr die Richtigkeit der Angaben und Inhalte der genannten Quellen wird keinerlei Gew\u00e4hr \u00fcbernommen)<\/em><\/p>\n<div class=\"shariff shariff-align-center shariff-widget-align-center\" data-services=\"facebook%7Ctwitter\" data-url=\"https%3A%2F%2Fwolfsmonitor.de%2F%3Fp%3D18005\" data-timestamp=\"1572299112\" data-backendurl=\"?rest_route=\/shariff\/v1\/share_counts&\"><ul class=\"shariff-buttons theme-color orientation-horizontal buttonsize-small\"><li class=\"shariff-button facebook shariff-nocustomcolor\" style=\"background-color:#4273c8\"><a href=\"https:\/\/www.facebook.com\/sharer\/sharer.php?u=https%3A%2F%2Fwolfsmonitor.de%2F%3Fp%3D18005\" title=\"Bei Facebook teilen\" aria-label=\"Bei Facebook teilen\" role=\"button\" rel=\"nofollow\" class=\"shariff-link\" style=\"; background-color:#3b5998; color:#fff\" target=\"_blank\"><span class=\"shariff-icon\" style=\"\"><svg width=\"32px\" height=\"20px\" xmlns=\"http:\/\/www.w3.org\/2000\/svg\" viewBox=\"0 0 18 32\"><path fill=\"#3b5998\" d=\"M17.1 0.2v4.7h-2.8q-1.5 0-2.1 0.6t-0.5 1.9v3.4h5.2l-0.7 5.3h-4.5v13.6h-5.5v-13.6h-4.5v-5.3h4.5v-3.9q0-3.3 1.9-5.2t5-1.8q2.6 0 4.1 0.2z\"\/><\/svg><\/span><span class=\"shariff-text\">teilen<\/span>&nbsp;<span data-service=\"facebook\" style=\"color:#3b5998\" class=\"shariff-count shariff-hidezero\"><\/span>&nbsp;<\/a><\/li><li class=\"shariff-button twitter shariff-nocustomcolor\" style=\"background-color:#32bbf5\"><a href=\"https:\/\/twitter.com\/share?url=https%3A%2F%2Fwolfsmonitor.de%2F%3Fp%3D18005&text=Liegen%20Olaf%20Lies%20und%20die%20Bundesregierung%20falsch%3F%20Scheinbar%20ja%E2%80%A6\" title=\"Bei Twitter teilen\" aria-label=\"Bei Twitter teilen\" role=\"button\" rel=\"noopener nofollow\" class=\"shariff-link\" style=\"; background-color:#55acee; color:#fff\" target=\"_blank\"><span class=\"shariff-icon\" style=\"\"><svg width=\"32px\" height=\"20px\" xmlns=\"http:\/\/www.w3.org\/2000\/svg\" viewBox=\"0 0 30 32\"><path fill=\"#55acee\" d=\"M29.7 6.8q-1.2 1.8-3 3.1 0 0.3 0 0.8 0 2.5-0.7 4.9t-2.2 4.7-3.5 4-4.9 2.8-6.1 1q-5.1 0-9.3-2.7 0.6 0.1 1.5 0.1 4.3 0 7.6-2.6-2-0.1-3.5-1.2t-2.2-3q0.6 0.1 1.1 0.1 0.8 0 1.6-0.2-2.1-0.4-3.5-2.1t-1.4-3.9v-0.1q1.3 0.7 2.8 0.8-1.2-0.8-2-2.2t-0.7-2.9q0-1.7 0.8-3.1 2.3 2.8 5.5 4.5t7 1.9q-0.2-0.7-0.2-1.4 0-2.5 1.8-4.3t4.3-1.8q2.7 0 4.5 1.9 2.1-0.4 3.9-1.5-0.7 2.2-2.7 3.4 1.8-0.2 3.5-0.9z\"\/><\/svg><\/span><span class=\"shariff-text\">twittern<\/span>&nbsp;<span data-service=\"twitter\" style=\"color:#55acee\" class=\"shariff-count shariff-hidezero\"><\/span>&nbsp;<\/a><\/li><li class=\"shariff-button rss shariff-nocustomcolor\" style=\"background-color:#ff8c00\"><a href=\"https:\/\/wolfsmonitor.de\/?feed=rss\" title=\"RSS-feed\" aria-label=\"RSS-feed\" role=\"button\" class=\"shariff-link\" style=\"; background-color:#fe9312; color:#fff\" target=\"_blank\"><span class=\"shariff-icon\" style=\"\"><svg width=\"32px\" height=\"20px\" xmlns=\"http:\/\/www.w3.org\/2000\/svg\" viewBox=\"0 0 32 32\"><path fill=\"#fe9312\" d=\"M4.3 23.5c-2.3 0-4.3 1.9-4.3 4.3 0 2.3 1.9 4.2 4.3 4.2 2.4 0 4.3-1.9 4.3-4.2 0-2.3-1.9-4.3-4.3-4.3zM0 10.9v6.1c4 0 7.7 1.6 10.6 4.4 2.8 2.8 4.4 6.6 4.4 10.6h6.2c0-11.7-9.5-21.1-21.1-21.1zM0 0v6.1c14.2 0 25.8 11.6 25.8 25.9h6.2c0-17.6-14.4-32-32-32z\"\/><\/svg><\/span><span class=\"shariff-text\">RSS-feed<\/span>&nbsp;<\/a><\/li><li class=\"shariff-button mailto shariff-nocustomcolor\" style=\"background-color:#a8a8a8\"><a href=\"mailto:?body=https%3A%2F%2Fwolfsmonitor.de%2F%3Fp%3D18005&subject=Liegen%20Olaf%20Lies%20und%20die%20Bundesregierung%20falsch%3F%20Scheinbar%20ja%E2%80%A6\" title=\"Per E-Mail versenden\" aria-label=\"Per E-Mail versenden\" role=\"button\" rel=\"noopener nofollow\" class=\"shariff-link\" style=\"; background-color:#999; color:#fff\"><span class=\"shariff-icon\" style=\"\"><svg width=\"32px\" height=\"20px\" xmlns=\"http:\/\/www.w3.org\/2000\/svg\" viewBox=\"0 0 32 32\"><path fill=\"#999\" d=\"M32 12.7v14.2q0 1.2-0.8 2t-2 0.9h-26.3q-1.2 0-2-0.9t-0.8-2v-14.2q0.8 0.9 1.8 1.6 6.5 4.4 8.9 6.1 1 0.8 1.6 1.2t1.7 0.9 2 0.4h0.1q0.9 0 2-0.4t1.7-0.9 1.6-1.2q3-2.2 8.9-6.1 1-0.7 1.8-1.6zM32 7.4q0 1.4-0.9 2.7t-2.2 2.2q-6.7 4.7-8.4 5.8-0.2 0.1-0.7 0.5t-1 0.7-0.9 0.6-1.1 0.5-0.9 0.2h-0.1q-0.4 0-0.9-0.2t-1.1-0.5-0.9-0.6-1-0.7-0.7-0.5q-1.6-1.1-4.7-3.2t-3.6-2.6q-1.1-0.7-2.1-2t-1-2.5q0-1.4 0.7-2.3t2.1-0.9h26.3q1.2 0 2 0.8t0.9 2z\"\/><\/svg><\/span><span class=\"shariff-text\">E-Mail<\/span>&nbsp;<\/a><\/li><li class=\"shariff-button info shariff-nocustomcolor\" style=\"background-color:#a8a8a8\"><a href=\"http:\/\/ct.de\/-2467514\" title=\"Weitere Informationen\" aria-label=\"Weitere Informationen\" role=\"button\" rel=\"noopener \" class=\"shariff-link\" style=\"; background-color:#999; color:#fff\" target=\"_blank\"><span class=\"shariff-icon\" style=\"\"><svg width=\"32px\" height=\"20px\" xmlns=\"http:\/\/www.w3.org\/2000\/svg\" viewBox=\"0 0 11 32\"><path fill=\"#999\" d=\"M11.4 24v2.3q0 0.5-0.3 0.8t-0.8 0.4h-9.1q-0.5 0-0.8-0.4t-0.4-0.8v-2.3q0-0.5 0.4-0.8t0.8-0.4h1.1v-6.8h-1.1q-0.5 0-0.8-0.4t-0.4-0.8v-2.3q0-0.5 0.4-0.8t0.8-0.4h6.8q0.5 0 0.8 0.4t0.4 0.8v10.3h1.1q0.5 0 0.8 0.4t0.3 0.8zM9.2 3.4v3.4q0 0.5-0.4 0.8t-0.8 0.4h-4.6q-0.4 0-0.8-0.4t-0.4-0.8v-3.4q0-0.4 0.4-0.8t0.8-0.4h4.6q0.5 0 0.8 0.4t0.4 0.8z\"\/><\/svg><\/span><\/a><\/li><\/ul><\/div>","protected":false},"excerpt":{"rendered":"<p>Die erteilte Ausnahmegenehmigung und die bisher erteilten Verl\u00e4ngerungen zur letalen Entnahme des Rodewalder Wolfes sind rechtwidrig. Ebenso rechtwidrig sind der Entwurf der Bundesregierung zum \u201eZweiten Gesetz zur \u00c4nderung des Bundesnaturschutzgesetzes\u201c sowie der Gesetzentwurf der FDP zum Wolfsmanagement, die letzten Donnerstag in einer \u201eNacht- und Nebelaktion\u201c im Bundestag er\u00f6rtert wurden.<\/p>\n<div class=\"shariff shariff-align-center shariff-widget-align-center\" data-services=\"facebook%7Ctwitter\" data-url=\"https%3A%2F%2Fwolfsmonitor.de%2F%3Fp%3D18005\" data-timestamp=\"1572299112\" data-backendurl=\"?rest_route=\/shariff\/v1\/share_counts&\"><ul class=\"shariff-buttons theme-color orientation-horizontal buttonsize-small\"><li class=\"shariff-button facebook shariff-nocustomcolor\" style=\"background-color:#4273c8\"><a href=\"https:\/\/www.facebook.com\/sharer\/sharer.php?u=https%3A%2F%2Fwolfsmonitor.de%2F%3Fp%3D18005\" title=\"Bei Facebook teilen\" aria-label=\"Bei Facebook teilen\" role=\"button\" rel=\"nofollow\" class=\"shariff-link\" style=\"; background-color:#3b5998; color:#fff\" target=\"_blank\"><span class=\"shariff-icon\" style=\"\"><svg width=\"32px\" height=\"20px\" xmlns=\"http:\/\/www.w3.org\/2000\/svg\" viewBox=\"0 0 18 32\"><path fill=\"#3b5998\" d=\"M17.1 0.2v4.7h-2.8q-1.5 0-2.1 0.6t-0.5 1.9v3.4h5.2l-0.7 5.3h-4.5v13.6h-5.5v-13.6h-4.5v-5.3h4.5v-3.9q0-3.3 1.9-5.2t5-1.8q2.6 0 4.1 0.2z\"\/><\/svg><\/span><span class=\"shariff-text\">teilen<\/span>&nbsp;<span data-service=\"facebook\" style=\"color:#3b5998\" class=\"shariff-count shariff-hidezero\"><\/span>&nbsp;<\/a><\/li><li class=\"shariff-button twitter shariff-nocustomcolor\" style=\"background-color:#32bbf5\"><a href=\"https:\/\/twitter.com\/share?url=https%3A%2F%2Fwolfsmonitor.de%2F%3Fp%3D18005&text=Liegen%20Olaf%20Lies%20und%20die%20Bundesregierung%20falsch%3F%20Scheinbar%20ja%E2%80%A6\" title=\"Bei Twitter teilen\" aria-label=\"Bei Twitter teilen\" role=\"button\" rel=\"noopener nofollow\" class=\"shariff-link\" style=\"; background-color:#55acee; color:#fff\" target=\"_blank\"><span class=\"shariff-icon\" style=\"\"><svg width=\"32px\" height=\"20px\" xmlns=\"http:\/\/www.w3.org\/2000\/svg\" viewBox=\"0 0 30 32\"><path fill=\"#55acee\" d=\"M29.7 6.8q-1.2 1.8-3 3.1 0 0.3 0 0.8 0 2.5-0.7 4.9t-2.2 4.7-3.5 4-4.9 2.8-6.1 1q-5.1 0-9.3-2.7 0.6 0.1 1.5 0.1 4.3 0 7.6-2.6-2-0.1-3.5-1.2t-2.2-3q0.6 0.1 1.1 0.1 0.8 0 1.6-0.2-2.1-0.4-3.5-2.1t-1.4-3.9v-0.1q1.3 0.7 2.8 0.8-1.2-0.8-2-2.2t-0.7-2.9q0-1.7 0.8-3.1 2.3 2.8 5.5 4.5t7 1.9q-0.2-0.7-0.2-1.4 0-2.5 1.8-4.3t4.3-1.8q2.7 0 4.5 1.9 2.1-0.4 3.9-1.5-0.7 2.2-2.7 3.4 1.8-0.2 3.5-0.9z\"\/><\/svg><\/span><span class=\"shariff-text\">twittern<\/span>&nbsp;<span data-service=\"twitter\" style=\"color:#55acee\" class=\"shariff-count shariff-hidezero\"><\/span>&nbsp;<\/a><\/li><li class=\"shariff-button rss shariff-nocustomcolor\" style=\"background-color:#ff8c00\"><a href=\"https:\/\/wolfsmonitor.de\/?feed=rss\" title=\"RSS-feed\" aria-label=\"RSS-feed\" role=\"button\" class=\"shariff-link\" style=\"; background-color:#fe9312; color:#fff\" target=\"_blank\"><span class=\"shariff-icon\" style=\"\"><svg width=\"32px\" height=\"20px\" xmlns=\"http:\/\/www.w3.org\/2000\/svg\" viewBox=\"0 0 32 32\"><path fill=\"#fe9312\" d=\"M4.3 23.5c-2.3 0-4.3 1.9-4.3 4.3 0 2.3 1.9 4.2 4.3 4.2 2.4 0 4.3-1.9 4.3-4.2 0-2.3-1.9-4.3-4.3-4.3zM0 10.9v6.1c4 0 7.7 1.6 10.6 4.4 2.8 2.8 4.4 6.6 4.4 10.6h6.2c0-11.7-9.5-21.1-21.1-21.1zM0 0v6.1c14.2 0 25.8 11.6 25.8 25.9h6.2c0-17.6-14.4-32-32-32z\"\/><\/svg><\/span><span class=\"shariff-text\">RSS-feed<\/span>&nbsp;<\/a><\/li><li class=\"shariff-button mailto shariff-nocustomcolor\" style=\"background-color:#a8a8a8\"><a href=\"mailto:?body=https%3A%2F%2Fwolfsmonitor.de%2F%3Fp%3D18005&subject=Liegen%20Olaf%20Lies%20und%20die%20Bundesregierung%20falsch%3F%20Scheinbar%20ja%E2%80%A6\" title=\"Per E-Mail versenden\" aria-label=\"Per E-Mail versenden\" role=\"button\" rel=\"noopener nofollow\" class=\"shariff-link\" style=\"; background-color:#999; color:#fff\"><span class=\"shariff-icon\" style=\"\"><svg width=\"32px\" height=\"20px\" xmlns=\"http:\/\/www.w3.org\/2000\/svg\" viewBox=\"0 0 32 32\"><path fill=\"#999\" d=\"M32 12.7v14.2q0 1.2-0.8 2t-2 0.9h-26.3q-1.2 0-2-0.9t-0.8-2v-14.2q0.8 0.9 1.8 1.6 6.5 4.4 8.9 6.1 1 0.8 1.6 1.2t1.7 0.9 2 0.4h0.1q0.9 0 2-0.4t1.7-0.9 1.6-1.2q3-2.2 8.9-6.1 1-0.7 1.8-1.6zM32 7.4q0 1.4-0.9 2.7t-2.2 2.2q-6.7 4.7-8.4 5.8-0.2 0.1-0.7 0.5t-1 0.7-0.9 0.6-1.1 0.5-0.9 0.2h-0.1q-0.4 0-0.9-0.2t-1.1-0.5-0.9-0.6-1-0.7-0.7-0.5q-1.6-1.1-4.7-3.2t-3.6-2.6q-1.1-0.7-2.1-2t-1-2.5q0-1.4 0.7-2.3t2.1-0.9h26.3q1.2 0 2 0.8t0.9 2z\"\/><\/svg><\/span><span class=\"shariff-text\">E-Mail<\/span>&nbsp;<\/a><\/li><li class=\"shariff-button info shariff-nocustomcolor\" style=\"background-color:#a8a8a8\"><a href=\"http:\/\/ct.de\/-2467514\" title=\"Weitere Informationen\" aria-label=\"Weitere Informationen\" role=\"button\" rel=\"noopener \" class=\"shariff-link\" style=\"; background-color:#999; color:#fff\" target=\"_blank\"><span class=\"shariff-icon\" style=\"\"><svg width=\"32px\" height=\"20px\" xmlns=\"http:\/\/www.w3.org\/2000\/svg\" viewBox=\"0 0 11 32\"><path fill=\"#999\" d=\"M11.4 24v2.3q0 0.5-0.3 0.8t-0.8 0.4h-9.1q-0.5 0-0.8-0.4t-0.4-0.8v-2.3q0-0.5 0.4-0.8t0.8-0.4h1.1v-6.8h-1.1q-0.5 0-0.8-0.4t-0.4-0.8v-2.3q0-0.5 0.4-0.8t0.8-0.4h6.8q0.5 0 0.8 0.4t0.4 0.8v10.3h1.1q0.5 0 0.8 0.4t0.3 0.8zM9.2 3.4v3.4q0 0.5-0.4 0.8t-0.8 0.4h-4.6q-0.4 0-0.8-0.4t-0.4-0.8v-3.4q0-0.4 0.4-0.8t0.8-0.4h4.6q0.5 0 0.8 0.4t0.4 0.8z\"\/><\/svg><\/span><\/a><\/li><\/ul><\/div>","protected":false},"author":1,"featured_media":3513,"comment_status":"closed","ping_status":"open","sticky":false,"template":"","format":"standard","meta":{"spay_email":""},"categories":[126],"tags":[8905,8906,8940,8950,8590,8642,8614],"jetpack_featured_media_url":"https:\/\/i2.wp.com\/wolfsmonitor.de\/wp-content\/uploads\/2016\/05\/HA-Beitragsfoto-Aufgelesen-2.jpg?fit=625%2C469&ssl=1","jetpack_shortlink":"https:\/\/wp.me\/p61YbU-4Gp","jetpack-related-posts":[{"id":18049,"url":"https:\/\/wolfsmonitor.de\/?p=18049","url_meta":{"origin":18005,"position":0},"title":"J\u00e4ger in Schleswig-Holstein stellen Bedingungen f\u00fcr Abschuss","date":"6. November 2019","format":false,"excerpt":"In Schleswig-Holstein ist es seit letzter Woche \u2013 nach einem Beschluss des Ministeriums f\u00fcr Energiewende, Landwirtschaft, Umwelt und l\u00e4ndliche R\u00e4ume (MELUND) \u2013 zahlreichen J\u00e4gern erlaubt, den Wolf mit der Kennung GW924m zu erschie\u00dfen, nachdem dieser mehrfach angeblich wolfssichere Z\u00e4une \u00fcberwunden hatte und Schafe t\u00f6tete. Jetzt forderte die regionale J\u00e4gerschaft, dass\u2026","rel":"","context":"In &quot;Standpunkte&quot;","img":{"alt_text":"Wolf im Tierpark Nordhorn","src":"https:\/\/i0.wp.com\/wolfsmonitor.de\/wp-content\/uploads\/2015\/07\/Foto-Kommentar-2.jpg?fit=586%2C513&ssl=1&resize=350%2C200","width":350,"height":200},"classes":[]},{"id":18515,"url":"https:\/\/wolfsmonitor.de\/?p=18515","url_meta":{"origin":18005,"position":1},"title":"Pr\u00fcfung der \u00c4nderungen im Naturschutzgesetz des Bundes auf EU-Konformit\u00e4t","date":"20. Mai 2020","format":false,"excerpt":"Am 14. Mai 2020 haben die zust\u00e4ndigen EU-Kommissionsdienststellen aufgrund der vielfach ger\u00fcgten EU-Rechtswidrigkeit der im M\u00e4rz in Kraft getretenen neuen gesetzlichen Regelungen im BNatSchG zum Umgang mit dem Wolf mit einem Pilotverfahren gegen Deutschland begonnen. Das meldet die Deutsche Juristische Gesellschaft f\u00fcr Tierschutzrecht (DJGT). Danach haben sich verschiedene Fragen hinsichtlich\u2026","rel":"","context":"In &quot;Presseinformationen&quot;","img":{"alt_text":"Wolf im Tierpark (Foto: Vogler)","src":"https:\/\/i0.wp.com\/wolfsmonitor.de\/wp-content\/uploads\/2016\/09\/Beitragsfoto-PI-PM.jpg?fit=752%2C497&ssl=1&resize=350%2C200","width":350,"height":200},"classes":[]},{"id":17799,"url":"https:\/\/wolfsmonitor.de\/?p=17799","url_meta":{"origin":18005,"position":2},"title":"Abschuss streng gesch\u00fctzter Arten: \"Politische Diskussion l\u00fcckenhaft\"","date":"27. August 2019","format":false,"excerpt":"Der Entwurf des Zweiten Gesetzes zur \u00c4nderung des Bundesnaturschutzgesetzes, mit dem geregelt werden sollte, in welchen Einzelf\u00e4llen k\u00fcnftig auf streng gesch\u00fctzte Tiere geschossen werden kann, wurde vor der Sommerpause vom Bundestag nicht mehr verabschiedet. Zwischenzeitlich gab es verschiedene Meldungen, wie dieser Entwurf noch \u201enachgebessert\u201c werden k\u00f6nne. In den n\u00e4chsten Monaten\u2026","rel":"","context":"In &quot;Presseinformationen&quot;","img":{"alt_text":"Wolf im Tierpark (Foto: Vogler)","src":"https:\/\/i0.wp.com\/wolfsmonitor.de\/wp-content\/uploads\/2016\/09\/Beitragsfoto-PI-PM.jpg?fit=752%2C497&ssl=1&resize=350%2C200","width":350,"height":200},"classes":[]},{"id":17809,"url":"https:\/\/wolfsmonitor.de\/?p=17809","url_meta":{"origin":18005,"position":3},"title":"Feuer frei aus allen Rohren auf Wolf in Schleswig-Holstein?","date":"28. August 2019","format":false,"excerpt":"Kurz vor den Wahlen in Brandenburg und Sachsen legt Schleswig-Holsteins Umweltminister Jan Philipp Albrecht (Gr\u00fcne) seiner Partei noch kurz ein \u201eEi ins Nest\u201c. Er plant eine Allgemeinverf\u00fcgung zum Abschuss des bereits im Januar zur \u201eEntnahme\u201c gewidmeten Wolfes. (*1) Mit dieser Verf\u00fcgung sollen nun nicht mehr allein nur eine Expertengruppe, sondern\u2026","rel":"","context":"In &quot;Aufgelesen&quot;","img":{"alt_text":"Foto: Natur- und Wildtierfotograf Heiko Anders","src":"https:\/\/i2.wp.com\/wolfsmonitor.de\/wp-content\/uploads\/2016\/05\/HA-Beitragsfoto-Aufgelesen-1.jpg?fit=654%2C436&ssl=1&resize=350%2C200","width":350,"height":200},"classes":[]},{"id":16791,"url":"https:\/\/wolfsmonitor.de\/?p=16791","url_meta":{"origin":18005,"position":4},"title":"Abschuss-Entscheidung des OVG: Die Begr\u00fcndung!","date":"23. Februar 2019","format":false,"excerpt":"Der 4. Senat des Nieders\u00e4chsischen Oberverwaltungsgerichts entschied gestern, dass die Ausnahmegenehmigung f\u00fcr die T\u00f6tung des Leitwolfs des Rodewalder Rudels rechtm\u00e4\u00dfig ist. Viele Wolfsfreunde sehen das allerdings aus moralischen Gr\u00fcnden v\u00f6llig anders. Auf einer entsprechenden Facebook-Seite hei\u00dft es zum Beispiel: \u201eDer erste Dominostein ist gefallen: Die Welpen des Rodewalder Rudels werden\u2026","rel":"","context":"In &quot;Nachrichten&quot;","img":{"alt_text":"","src":"https:\/\/i1.wp.com\/wolfsmonitor.de\/wp-content\/uploads\/2016\/11\/B-Foto-H.A.-Nachrichten-1.jpg?fit=761%2C497&ssl=1&resize=350%2C200","width":350,"height":200},"classes":[]},{"id":16386,"url":"https:\/\/wolfsmonitor.de\/?p=16386","url_meta":{"origin":18005,"position":5},"title":"Albrecht und Lies genehmigen Absch\u00fcsse - Erster Widerstand","date":"1. Februar 2019","format":false,"excerpt":"Reicht es, nachdem nahezu 20 Jahre lang in ganz Deutschland m\u00fchsam Regularien entwickelt sowie Wolfsmanagementpl\u00e4ne abgestimmt und umgesetzt wurden, jetzt bereits, dass W\u00f6lfe mehrfach einen Mindestschutz (Grundschutz) \u00fcberwinden, um sie zu erschie\u00dfen? Wenn man nach Schleswig-Holstein und Niedersachsen schaut, seit gestern offensichtlich schon. Und dass dann mit Umweltminister Jan Philipp\u2026","rel":"","context":"In &quot;Aktuell&quot;","img":{"alt_text":"Wolf (Foto: Naturfotograf Heiko Anders)","src":"https:\/\/i1.wp.com\/wolfsmonitor.de\/wp-content\/uploads\/2016\/05\/Beitragsfoto-Heiko-Anders-Aktuell.jpg?fit=654%2C492&ssl=1&resize=350%2C200","width":350,"height":200},"classes":[]}],"_links":{"self":[{"href":"https:\/\/wolfsmonitor.de\/index.php?rest_route=\/wp\/v2\/posts\/18005"}],"collection":[{"href":"https:\/\/wolfsmonitor.de\/index.php?rest_route=\/wp\/v2\/posts"}],"about":[{"href":"https:\/\/wolfsmonitor.de\/index.php?rest_route=\/wp\/v2\/types\/post"}],"author":[{"embeddable":true,"href":"https:\/\/wolfsmonitor.de\/index.php?rest_route=\/wp\/v2\/users\/1"}],"replies":[{"embeddable":true,"href":"https:\/\/wolfsmonitor.de\/index.php?rest_route=%2Fwp%2Fv2%2Fcomments&post=18005"}],"version-history":[{"count":7,"href":"https:\/\/wolfsmonitor.de\/index.php?rest_route=\/wp\/v2\/posts\/18005\/revisions"}],"predecessor-version":[{"id":18012,"href":"https:\/\/wolfsmonitor.de\/index.php?rest_route=\/wp\/v2\/posts\/18005\/revisions\/18012"}],"wp:featuredmedia":[{"embeddable":true,"href":"https:\/\/wolfsmonitor.de\/index.php?rest_route=\/wp\/v2\/media\/3513"}],"wp:attachment":[{"href":"https:\/\/wolfsmonitor.de\/index.php?rest_route=%2Fwp%2Fv2%2Fmedia&parent=18005"}],"wp:term":[{"taxonomy":"category","embeddable":true,"href":"https:\/\/wolfsmonitor.de\/index.php?rest_route=%2Fwp%2Fv2%2Fcategories&post=18005"},{"taxonomy":"post_tag","embeddable":true,"href":"https:\/\/wolfsmonitor.de\/index.php?rest_route=%2Fwp%2Fv2%2Ftags&post=18005"}],"curies":[{"name":"wp","href":"https:\/\/api.w.org\/{rel}","templated":true}]}}