{"id":18034,"date":"2019-11-03T23:27:03","date_gmt":"2019-11-03T21:27:03","guid":{"rendered":"https:\/\/wolfsmonitor.de\/?p=18034"},"modified":"2019-11-03T23:27:09","modified_gmt":"2019-11-03T21:27:09","slug":"erneut-wolf-bei-jagd-in-brandenburg-erschossen","status":"publish","type":"post","link":"https:\/\/wolfsmonitor.de\/?p=18034","title":{"rendered":"Erneut Wolf bei Jagd in Brandenburg erschossen"},"content":{"rendered":"<p><strong>Vergangenen Samstag wurde in Brandenburg bei einer Treibjagd im Landkreis Prignitz ein Wolf erschossen. Bereits im Januar 2019 und Ende 2017 gab es \u00e4hnliche Vorf\u00e4lle in dem Bundesland, jeweils durch Jagdg\u00e4ste (<span style=\"color: #0000ff;\"><a style=\"color: #0000ff;\" href=\"https:\/\/wolfsmonitor.de\/?p=16260\" target=\"_blank\" rel=\"noopener noreferrer\">hier!<\/a><\/span>).<\/strong><!--more--><\/p>\n<p>Die Kriminalpolizei ermittelt nun im aktuellen Fall wegen des Versto\u00dfes gegen das Bundesnaturschutzgesetz. Das meldete jetzt MAZ-Online.<\/p>\n<hr \/>\n<p><em><u>Quelle:<\/u> maz-online am 3.11.2019: \u201ePolizei ermittelt \u2013 Wolf bei Treibjagd get\u00f6tet\u201c, <a href=\"https:\/\/www.maz-online.de\/Lokales\/Prignitz\/Meyenburg\/Wolf-bei-Treibjagd-in-Jaennersdorf-Amt-Meyenburg-getoetet?fbclid=IwAR3CH6MMCJClfDPX8sTuQruR66k-oE8x0zxdlSmLUFebM7ZkofxwjVOYAAw\" target=\"_blank\" rel=\"noopener noreferrer\"><span style=\"color: #0000ff;\">hier der Link!<\/span><\/a><\/em><\/p>\n<div class=\"shariff shariff-align-center shariff-widget-align-center\" data-services=\"facebook%7Ctwitter\" data-url=\"https%3A%2F%2Fwolfsmonitor.de%2F%3Fp%3D18034\" data-timestamp=\"1572823629\" data-backendurl=\"?rest_route=\/shariff\/v1\/share_counts&\"><ul class=\"shariff-buttons theme-color orientation-horizontal buttonsize-small\"><li class=\"shariff-button facebook shariff-nocustomcolor\" style=\"background-color:#4273c8\"><a href=\"https:\/\/www.facebook.com\/sharer\/sharer.php?u=https%3A%2F%2Fwolfsmonitor.de%2F%3Fp%3D18034\" title=\"Bei Facebook teilen\" aria-label=\"Bei Facebook teilen\" role=\"button\" rel=\"nofollow\" class=\"shariff-link\" style=\"; background-color:#3b5998; color:#fff\" target=\"_blank\"><span class=\"shariff-icon\" style=\"\"><svg width=\"32px\" height=\"20px\" xmlns=\"http:\/\/www.w3.org\/2000\/svg\" viewBox=\"0 0 18 32\"><path fill=\"#3b5998\" d=\"M17.1 0.2v4.7h-2.8q-1.5 0-2.1 0.6t-0.5 1.9v3.4h5.2l-0.7 5.3h-4.5v13.6h-5.5v-13.6h-4.5v-5.3h4.5v-3.9q0-3.3 1.9-5.2t5-1.8q2.6 0 4.1 0.2z\"\/><\/svg><\/span><span class=\"shariff-text\">teilen<\/span>&nbsp;<span data-service=\"facebook\" style=\"color:#3b5998\" class=\"shariff-count shariff-hidezero\"><\/span>&nbsp;<\/a><\/li><li class=\"shariff-button twitter shariff-nocustomcolor\" style=\"background-color:#32bbf5\"><a href=\"https:\/\/twitter.com\/share?url=https%3A%2F%2Fwolfsmonitor.de%2F%3Fp%3D18034&text=Erneut%20Wolf%20bei%20Jagd%20in%20Brandenburg%20erschossen\" title=\"Bei Twitter teilen\" aria-label=\"Bei Twitter teilen\" role=\"button\" rel=\"noopener nofollow\" class=\"shariff-link\" style=\"; background-color:#55acee; color:#fff\" target=\"_blank\"><span class=\"shariff-icon\" style=\"\"><svg width=\"32px\" height=\"20px\" xmlns=\"http:\/\/www.w3.org\/2000\/svg\" viewBox=\"0 0 30 32\"><path fill=\"#55acee\" d=\"M29.7 6.8q-1.2 1.8-3 3.1 0 0.3 0 0.8 0 2.5-0.7 4.9t-2.2 4.7-3.5 4-4.9 2.8-6.1 1q-5.1 0-9.3-2.7 0.6 0.1 1.5 0.1 4.3 0 7.6-2.6-2-0.1-3.5-1.2t-2.2-3q0.6 0.1 1.1 0.1 0.8 0 1.6-0.2-2.1-0.4-3.5-2.1t-1.4-3.9v-0.1q1.3 0.7 2.8 0.8-1.2-0.8-2-2.2t-0.7-2.9q0-1.7 0.8-3.1 2.3 2.8 5.5 4.5t7 1.9q-0.2-0.7-0.2-1.4 0-2.5 1.8-4.3t4.3-1.8q2.7 0 4.5 1.9 2.1-0.4 3.9-1.5-0.7 2.2-2.7 3.4 1.8-0.2 3.5-0.9z\"\/><\/svg><\/span><span class=\"shariff-text\">twittern<\/span>&nbsp;<span data-service=\"twitter\" style=\"color:#55acee\" class=\"shariff-count shariff-hidezero\"><\/span>&nbsp;<\/a><\/li><li class=\"shariff-button rss shariff-nocustomcolor\" style=\"background-color:#ff8c00\"><a href=\"https:\/\/wolfsmonitor.de\/?feed=rss\" title=\"RSS-feed\" aria-label=\"RSS-feed\" role=\"button\" class=\"shariff-link\" style=\"; background-color:#fe9312; color:#fff\" target=\"_blank\"><span class=\"shariff-icon\" style=\"\"><svg width=\"32px\" height=\"20px\" xmlns=\"http:\/\/www.w3.org\/2000\/svg\" viewBox=\"0 0 32 32\"><path fill=\"#fe9312\" d=\"M4.3 23.5c-2.3 0-4.3 1.9-4.3 4.3 0 2.3 1.9 4.2 4.3 4.2 2.4 0 4.3-1.9 4.3-4.2 0-2.3-1.9-4.3-4.3-4.3zM0 10.9v6.1c4 0 7.7 1.6 10.6 4.4 2.8 2.8 4.4 6.6 4.4 10.6h6.2c0-11.7-9.5-21.1-21.1-21.1zM0 0v6.1c14.2 0 25.8 11.6 25.8 25.9h6.2c0-17.6-14.4-32-32-32z\"\/><\/svg><\/span><span class=\"shariff-text\">RSS-feed<\/span>&nbsp;<\/a><\/li><li class=\"shariff-button mailto shariff-nocustomcolor\" style=\"background-color:#a8a8a8\"><a href=\"mailto:?body=https%3A%2F%2Fwolfsmonitor.de%2F%3Fp%3D18034&subject=Erneut%20Wolf%20bei%20Jagd%20in%20Brandenburg%20erschossen\" title=\"Per E-Mail versenden\" aria-label=\"Per E-Mail versenden\" role=\"button\" rel=\"noopener nofollow\" class=\"shariff-link\" style=\"; background-color:#999; color:#fff\"><span class=\"shariff-icon\" style=\"\"><svg width=\"32px\" height=\"20px\" xmlns=\"http:\/\/www.w3.org\/2000\/svg\" viewBox=\"0 0 32 32\"><path fill=\"#999\" d=\"M32 12.7v14.2q0 1.2-0.8 2t-2 0.9h-26.3q-1.2 0-2-0.9t-0.8-2v-14.2q0.8 0.9 1.8 1.6 6.5 4.4 8.9 6.1 1 0.8 1.6 1.2t1.7 0.9 2 0.4h0.1q0.9 0 2-0.4t1.7-0.9 1.6-1.2q3-2.2 8.9-6.1 1-0.7 1.8-1.6zM32 7.4q0 1.4-0.9 2.7t-2.2 2.2q-6.7 4.7-8.4 5.8-0.2 0.1-0.7 0.5t-1 0.7-0.9 0.6-1.1 0.5-0.9 0.2h-0.1q-0.4 0-0.9-0.2t-1.1-0.5-0.9-0.6-1-0.7-0.7-0.5q-1.6-1.1-4.7-3.2t-3.6-2.6q-1.1-0.7-2.1-2t-1-2.5q0-1.4 0.7-2.3t2.1-0.9h26.3q1.2 0 2 0.8t0.9 2z\"\/><\/svg><\/span><span class=\"shariff-text\">E-Mail<\/span>&nbsp;<\/a><\/li><li class=\"shariff-button info shariff-nocustomcolor\" style=\"background-color:#a8a8a8\"><a href=\"http:\/\/ct.de\/-2467514\" title=\"Weitere Informationen\" aria-label=\"Weitere Informationen\" role=\"button\" rel=\"noopener \" class=\"shariff-link\" style=\"; background-color:#999; color:#fff\" target=\"_blank\"><span class=\"shariff-icon\" style=\"\"><svg width=\"32px\" height=\"20px\" xmlns=\"http:\/\/www.w3.org\/2000\/svg\" viewBox=\"0 0 11 32\"><path fill=\"#999\" d=\"M11.4 24v2.3q0 0.5-0.3 0.8t-0.8 0.4h-9.1q-0.5 0-0.8-0.4t-0.4-0.8v-2.3q0-0.5 0.4-0.8t0.8-0.4h1.1v-6.8h-1.1q-0.5 0-0.8-0.4t-0.4-0.8v-2.3q0-0.5 0.4-0.8t0.8-0.4h6.8q0.5 0 0.8 0.4t0.4 0.8v10.3h1.1q0.5 0 0.8 0.4t0.3 0.8zM9.2 3.4v3.4q0 0.5-0.4 0.8t-0.8 0.4h-4.6q-0.4 0-0.8-0.4t-0.4-0.8v-3.4q0-0.4 0.4-0.8t0.8-0.4h4.6q0.5 0 0.8 0.4t0.4 0.8z\"\/><\/svg><\/span><\/a><\/li><\/ul><\/div>","protected":false},"excerpt":{"rendered":"<p>Vergangenen Samstag wurde in Brandenburg bei einer Treibjagd im Landkreis Prignitz ein Wolf erschossen. Bereits im Januar 2019 und Ende 2017 gab es \u00e4hnliche Vorf\u00e4lle in dem Bundesland, jeweils durch Jagdg\u00e4ste (hier!).<\/p>\n<div class=\"shariff shariff-align-center shariff-widget-align-center\" data-services=\"facebook%7Ctwitter\" data-url=\"https%3A%2F%2Fwolfsmonitor.de%2F%3Fp%3D18034\" data-timestamp=\"1572823629\" data-backendurl=\"?rest_route=\/shariff\/v1\/share_counts&\"><ul class=\"shariff-buttons theme-color orientation-horizontal buttonsize-small\"><li class=\"shariff-button facebook shariff-nocustomcolor\" style=\"background-color:#4273c8\"><a href=\"https:\/\/www.facebook.com\/sharer\/sharer.php?u=https%3A%2F%2Fwolfsmonitor.de%2F%3Fp%3D18034\" title=\"Bei Facebook teilen\" aria-label=\"Bei Facebook teilen\" role=\"button\" rel=\"nofollow\" class=\"shariff-link\" style=\"; background-color:#3b5998; color:#fff\" target=\"_blank\"><span class=\"shariff-icon\" style=\"\"><svg width=\"32px\" height=\"20px\" xmlns=\"http:\/\/www.w3.org\/2000\/svg\" viewBox=\"0 0 18 32\"><path fill=\"#3b5998\" d=\"M17.1 0.2v4.7h-2.8q-1.5 0-2.1 0.6t-0.5 1.9v3.4h5.2l-0.7 5.3h-4.5v13.6h-5.5v-13.6h-4.5v-5.3h4.5v-3.9q0-3.3 1.9-5.2t5-1.8q2.6 0 4.1 0.2z\"\/><\/svg><\/span><span class=\"shariff-text\">teilen<\/span>&nbsp;<span data-service=\"facebook\" style=\"color:#3b5998\" class=\"shariff-count shariff-hidezero\"><\/span>&nbsp;<\/a><\/li><li class=\"shariff-button twitter shariff-nocustomcolor\" style=\"background-color:#32bbf5\"><a href=\"https:\/\/twitter.com\/share?url=https%3A%2F%2Fwolfsmonitor.de%2F%3Fp%3D18034&text=Erneut%20Wolf%20bei%20Jagd%20in%20Brandenburg%20erschossen\" title=\"Bei Twitter teilen\" aria-label=\"Bei Twitter teilen\" role=\"button\" rel=\"noopener nofollow\" class=\"shariff-link\" style=\"; background-color:#55acee; color:#fff\" target=\"_blank\"><span class=\"shariff-icon\" style=\"\"><svg width=\"32px\" height=\"20px\" xmlns=\"http:\/\/www.w3.org\/2000\/svg\" viewBox=\"0 0 30 32\"><path fill=\"#55acee\" d=\"M29.7 6.8q-1.2 1.8-3 3.1 0 0.3 0 0.8 0 2.5-0.7 4.9t-2.2 4.7-3.5 4-4.9 2.8-6.1 1q-5.1 0-9.3-2.7 0.6 0.1 1.5 0.1 4.3 0 7.6-2.6-2-0.1-3.5-1.2t-2.2-3q0.6 0.1 1.1 0.1 0.8 0 1.6-0.2-2.1-0.4-3.5-2.1t-1.4-3.9v-0.1q1.3 0.7 2.8 0.8-1.2-0.8-2-2.2t-0.7-2.9q0-1.7 0.8-3.1 2.3 2.8 5.5 4.5t7 1.9q-0.2-0.7-0.2-1.4 0-2.5 1.8-4.3t4.3-1.8q2.7 0 4.5 1.9 2.1-0.4 3.9-1.5-0.7 2.2-2.7 3.4 1.8-0.2 3.5-0.9z\"\/><\/svg><\/span><span class=\"shariff-text\">twittern<\/span>&nbsp;<span data-service=\"twitter\" style=\"color:#55acee\" class=\"shariff-count shariff-hidezero\"><\/span>&nbsp;<\/a><\/li><li class=\"shariff-button rss shariff-nocustomcolor\" style=\"background-color:#ff8c00\"><a href=\"https:\/\/wolfsmonitor.de\/?feed=rss\" title=\"RSS-feed\" aria-label=\"RSS-feed\" role=\"button\" class=\"shariff-link\" style=\"; background-color:#fe9312; color:#fff\" target=\"_blank\"><span class=\"shariff-icon\" style=\"\"><svg width=\"32px\" height=\"20px\" xmlns=\"http:\/\/www.w3.org\/2000\/svg\" viewBox=\"0 0 32 32\"><path fill=\"#fe9312\" d=\"M4.3 23.5c-2.3 0-4.3 1.9-4.3 4.3 0 2.3 1.9 4.2 4.3 4.2 2.4 0 4.3-1.9 4.3-4.2 0-2.3-1.9-4.3-4.3-4.3zM0 10.9v6.1c4 0 7.7 1.6 10.6 4.4 2.8 2.8 4.4 6.6 4.4 10.6h6.2c0-11.7-9.5-21.1-21.1-21.1zM0 0v6.1c14.2 0 25.8 11.6 25.8 25.9h6.2c0-17.6-14.4-32-32-32z\"\/><\/svg><\/span><span class=\"shariff-text\">RSS-feed<\/span>&nbsp;<\/a><\/li><li class=\"shariff-button mailto shariff-nocustomcolor\" style=\"background-color:#a8a8a8\"><a href=\"mailto:?body=https%3A%2F%2Fwolfsmonitor.de%2F%3Fp%3D18034&subject=Erneut%20Wolf%20bei%20Jagd%20in%20Brandenburg%20erschossen\" title=\"Per E-Mail versenden\" aria-label=\"Per E-Mail versenden\" role=\"button\" rel=\"noopener nofollow\" class=\"shariff-link\" style=\"; background-color:#999; color:#fff\"><span class=\"shariff-icon\" style=\"\"><svg width=\"32px\" height=\"20px\" xmlns=\"http:\/\/www.w3.org\/2000\/svg\" viewBox=\"0 0 32 32\"><path fill=\"#999\" d=\"M32 12.7v14.2q0 1.2-0.8 2t-2 0.9h-26.3q-1.2 0-2-0.9t-0.8-2v-14.2q0.8 0.9 1.8 1.6 6.5 4.4 8.9 6.1 1 0.8 1.6 1.2t1.7 0.9 2 0.4h0.1q0.9 0 2-0.4t1.7-0.9 1.6-1.2q3-2.2 8.9-6.1 1-0.7 1.8-1.6zM32 7.4q0 1.4-0.9 2.7t-2.2 2.2q-6.7 4.7-8.4 5.8-0.2 0.1-0.7 0.5t-1 0.7-0.9 0.6-1.1 0.5-0.9 0.2h-0.1q-0.4 0-0.9-0.2t-1.1-0.5-0.9-0.6-1-0.7-0.7-0.5q-1.6-1.1-4.7-3.2t-3.6-2.6q-1.1-0.7-2.1-2t-1-2.5q0-1.4 0.7-2.3t2.1-0.9h26.3q1.2 0 2 0.8t0.9 2z\"\/><\/svg><\/span><span class=\"shariff-text\">E-Mail<\/span>&nbsp;<\/a><\/li><li class=\"shariff-button info shariff-nocustomcolor\" style=\"background-color:#a8a8a8\"><a href=\"http:\/\/ct.de\/-2467514\" title=\"Weitere Informationen\" aria-label=\"Weitere Informationen\" role=\"button\" rel=\"noopener \" class=\"shariff-link\" style=\"; background-color:#999; color:#fff\" target=\"_blank\"><span class=\"shariff-icon\" style=\"\"><svg width=\"32px\" height=\"20px\" xmlns=\"http:\/\/www.w3.org\/2000\/svg\" viewBox=\"0 0 11 32\"><path fill=\"#999\" d=\"M11.4 24v2.3q0 0.5-0.3 0.8t-0.8 0.4h-9.1q-0.5 0-0.8-0.4t-0.4-0.8v-2.3q0-0.5 0.4-0.8t0.8-0.4h1.1v-6.8h-1.1q-0.5 0-0.8-0.4t-0.4-0.8v-2.3q0-0.5 0.4-0.8t0.8-0.4h6.8q0.5 0 0.8 0.4t0.4 0.8v10.3h1.1q0.5 0 0.8 0.4t0.3 0.8zM9.2 3.4v3.4q0 0.5-0.4 0.8t-0.8 0.4h-4.6q-0.4 0-0.8-0.4t-0.4-0.8v-3.4q0-0.4 0.4-0.8t0.8-0.4h4.6q0.5 0 0.8 0.4t0.4 0.8z\"\/><\/svg><\/span><\/a><\/li><\/ul><\/div>","protected":false},"author":1,"featured_media":5231,"comment_status":"closed","ping_status":"open","sticky":false,"template":"","format":"standard","meta":{"spay_email":""},"categories":[3891],"tags":[8952,414,306,8951,4646,43],"jetpack_featured_media_url":"https:\/\/i2.wp.com\/wolfsmonitor.de\/wp-content\/uploads\/2016\/09\/Beitragsfoto-Kurzinfo.jpg?fit=628%2C505&ssl=1","jetpack_shortlink":"https:\/\/wp.me\/p61YbU-4GS","jetpack-related-posts":[{"id":16260,"url":"https:\/\/wolfsmonitor.de\/?p=16260","url_meta":{"origin":18034,"position":0},"title":"Brandenburg: Jagdgast erschie\u00dft Wolf","date":"21. Januar 2019","format":false,"excerpt":"Ein Jagdgast aus den Niederlanden hat vergangenen Freitag bei R\u00e4digke (Landkreis Potsdam-Mittelmark) einen Wolf erschossen. Der Wolf soll zuvor mehrere Jagdhunde attackiert haben und lie\u00df sich nach Angaben des Sch\u00fctzen und eines Zeugen scheinbar nicht vertreiben. Anscheinend hatten St\u00f6berhunde zuvor Rehwildf\u00e4hrten \u201egearbeitet\u201c, obwohl Rehwild gar nicht zum Abschuss freigegeben war.\u2026","rel":"","context":"In &quot;Aktuell&quot;","img":{"alt_text":"Stehender Wolf im Tierpark Nordhorn (Foto: Vogler)","src":"https:\/\/i0.wp.com\/wolfsmonitor.de\/wp-content\/uploads\/2016\/03\/Beitragsfoto-Aktuell.jpg?fit=592%2C507&ssl=1&resize=350%2C200","width":350,"height":200},"classes":[]},{"id":15083,"url":"https:\/\/wolfsmonitor.de\/?p=15083","url_meta":{"origin":18034,"position":1},"title":"Richtigstellung: Wolf bei Zitz wurde nicht erschossen","date":"6. Oktober 2018","format":false,"excerpt":"Der k\u00fcrzlich in Brandenburg tot aufgefundene Wolf wurde nicht erschossen, sondern starb bei einem Unfall. Das stellte die Polizei nun klar. Die L\u00f6cher, die wie Einschussl\u00f6cher wirkten, seien durch Tierfra\u00df entstanden. Den vollst\u00e4ndigen Artikel hierzu k\u00f6nnen Sie hier abrufen! Quelle: Maz-Online.de am 5.10.2018: \u201ePolizei: Wolf wurde doch nicht erschossen\u201c von\u2026","rel":"","context":"In &quot;Aktuell&quot;","img":{"alt_text":"Wolf (Foto: Naturfotograf Heiko Anders)","src":"https:\/\/i1.wp.com\/wolfsmonitor.de\/wp-content\/uploads\/2016\/05\/Beitragsfoto-Heiko-Anders-Aktuell.jpg?fit=654%2C492&ssl=1&resize=350%2C200","width":350,"height":200},"classes":[]},{"id":11160,"url":"https:\/\/wolfsmonitor.de\/?p=11160","url_meta":{"origin":18034,"position":2},"title":"J\u00e4ger erschie\u00dft Wolf in Brandenburg","date":"2. November 2017","format":false,"excerpt":"Auf einer Gesellschaftsjagd in einem Brandenburger Forstrevier bei Bad Belzig (Potsdam-Mittelmark) wurde jetzt eine W\u00f6lfin von einem J\u00e4ger aus D\u00e4nemark erschossen. Der Jagdleiter habe bei der Polizei am heutigen Donnerstag Anzeige gegen den J\u00e4ger erstattet, teilte das Ministerium f\u00fcr L\u00e4ndliche Entwicklung, Umwelt und Landwirtschaft des Landes Brandenburg in Potsdam heute\u2026","rel":"","context":"In &quot;Kurzinfo&quot;","img":{"alt_text":"Wolf im Zoo Nordhorn (Foto: Vogler)","src":"https:\/\/i2.wp.com\/wolfsmonitor.de\/wp-content\/uploads\/2016\/09\/Beitragsfoto-Kurzinfo.jpg?fit=628%2C505&ssl=1&resize=350%2C200","width":350,"height":200},"classes":[]},{"id":12590,"url":"https:\/\/wolfsmonitor.de\/?p=12590","url_meta":{"origin":18034,"position":3},"title":"Erneuter Test der Wolfsverordnung in Brandenburg?","date":"21. Februar 2018","format":false,"excerpt":"Norbert Bartels, Amtsdirektor der brandenburgischen Stadt Ziesar (rd. 2.650 Einwohner im Landkreis Potsdam-Mittelmark), stellte jetzt beim Landesumweltamt einen Antrag auf Vergr\u00e4mung. Laut \"M\u00e4rkische Allgemeine\" auf Vergr\u00e4mung von W\u00f6lfen, die den Menschen und der Ortslage zu nahe kommen. \u201eWir werden sehen, wie tauglich die Verordnung in der Praxis ist\u201c, sagte Bartels,\u2026","rel":"","context":"In &quot;Aktuell&quot;","img":{"alt_text":"Foto: Wildtierfotograf Heiko Anders","src":"https:\/\/i2.wp.com\/wolfsmonitor.de\/wp-content\/uploads\/2016\/05\/HA-Beitragsfoto-Aufgelesen-2.jpg?fit=625%2C469&ssl=1&resize=350%2C200","width":350,"height":200},"classes":[]},{"id":14178,"url":"https:\/\/wolfsmonitor.de\/?p=14178","url_meta":{"origin":18034,"position":4},"title":"Untergeschoben: Wie L\u00fcckenpresse wirkt\u2026","date":"9. Juli 2018","format":false,"excerpt":"Ich bin immer wieder erstaunt, was moderner Journalismus (sich) heute alles so leistet: In der Prignitz (Brandenburg) wurden jetzt in einem Damwildgatter bei Bad Wilsnack mehrere \u201eSt\u00fccke\u201c Damwild gerissen. Ob von einem Hund oder einem Wolf, ist bis heute v\u00f6llig unklar. Die dar\u00fcber berichtende M\u00e4rkische Allgemeine (MAZ) verliert bezeichnenderweise kein\u2026","rel":"","context":"In &quot;Aufgelesen&quot;","img":{"alt_text":"Foto: Wildtierfotograf Heiko Anders","src":"https:\/\/i2.wp.com\/wolfsmonitor.de\/wp-content\/uploads\/2016\/05\/HA-Beitragsfoto-Aufgelesen-2.jpg?fit=625%2C469&ssl=1&resize=350%2C200","width":350,"height":200},"classes":[]},{"id":12240,"url":"https:\/\/wolfsmonitor.de\/?p=12240","url_meta":{"origin":18034,"position":5},"title":"NABU: \"Das Agieren des Bauernbundes ist unverst\u00e4ndlich und emp\u00f6rend.\"","date":"20. Januar 2018","format":false,"excerpt":"Nachdem der Bauernbund Brandenburg, ein kleiner Verein mit etwa 500 Mitgliedern und recht kompromisslos klingenden Argumenten (\u201eWir wollen Brandenburg wolfsfrei haben\u201c), nach dem Wirksamwerden der Brandenburger Wolfsverordnung die Zusammenarbeit mit der Landesregierung aufgek\u00fcndigt hatte, fordert der NABU in Brandenburg den Bauernbund nun auf, die Hetzkampagne gegen den Wolf einzustellen (im\u2026","rel":"","context":"In &quot;Presseinformationen&quot;","img":{"alt_text":"Wolf im Tierpark (Foto: Vogler)","src":"https:\/\/i0.wp.com\/wolfsmonitor.de\/wp-content\/uploads\/2016\/09\/Beitragsfoto-PI-PM.jpg?fit=752%2C497&ssl=1&resize=350%2C200","width":350,"height":200},"classes":[]}],"_links":{"self":[{"href":"https:\/\/wolfsmonitor.de\/index.php?rest_route=\/wp\/v2\/posts\/18034"}],"collection":[{"href":"https:\/\/wolfsmonitor.de\/index.php?rest_route=\/wp\/v2\/posts"}],"about":[{"href":"https:\/\/wolfsmonitor.de\/index.php?rest_route=\/wp\/v2\/types\/post"}],"author":[{"embeddable":true,"href":"https:\/\/wolfsmonitor.de\/index.php?rest_route=\/wp\/v2\/users\/1"}],"replies":[{"embeddable":true,"href":"https:\/\/wolfsmonitor.de\/index.php?rest_route=%2Fwp%2Fv2%2Fcomments&post=18034"}],"version-history":[{"count":2,"href":"https:\/\/wolfsmonitor.de\/index.php?rest_route=\/wp\/v2\/posts\/18034\/revisions"}],"predecessor-version":[{"id":18036,"href":"https:\/\/wolfsmonitor.de\/index.php?rest_route=\/wp\/v2\/posts\/18034\/revisions\/18036"}],"wp:featuredmedia":[{"embeddable":true,"href":"https:\/\/wolfsmonitor.de\/index.php?rest_route=\/wp\/v2\/media\/5231"}],"wp:attachment":[{"href":"https:\/\/wolfsmonitor.de\/index.php?rest_route=%2Fwp%2Fv2%2Fmedia&parent=18034"}],"wp:term":[{"taxonomy":"category","embeddable":true,"href":"https:\/\/wolfsmonitor.de\/index.php?rest_route=%2Fwp%2Fv2%2Fcategories&post=18034"},{"taxonomy":"post_tag","embeddable":true,"href":"https:\/\/wolfsmonitor.de\/index.php?rest_route=%2Fwp%2Fv2%2Ftags&post=18034"}],"curies":[{"name":"wp","href":"https:\/\/api.w.org\/{rel}","templated":true}]}}