{"id":18073,"date":"2019-11-12T22:42:43","date_gmt":"2019-11-12T20:42:43","guid":{"rendered":"https:\/\/wolfsmonitor.de\/?p=18073"},"modified":"2019-11-12T22:42:48","modified_gmt":"2019-11-12T20:42:48","slug":"bizarre-situation-in-schleswig-holstein","status":"publish","type":"post","link":"https:\/\/wolfsmonitor.de\/?p=18073","title":{"rendered":"Bizarre Situation in Schleswig-Holstein"},"content":{"rendered":"<p><strong>Die Situation in Schleswig-Holstein wird immer grotesker. Da die bisher benannten \u201eExperten\u201c seit Monaten erfolglos dabei sind, den zum Abschuss freigegebenen Wolf auch wirklich zu schie\u00dfen, d\u00fcrfen seit zwei Wochen auch rund 175 J\u00e4ger aus der Region mitjagen. Nach Recherchen des NDR wollen aktuell jedoch nur etwa 10 von ihnen tats\u00e4chlich mitmachen. Der Grund: Die strengen Vorgaben des Ministeriums.<\/strong><!--more--><\/p>\n<p>Wer mitmachen, will, muss u.a. jederzeit seine E-Mails abrufen k\u00f6nnen, denn das Landesamt f\u00fcr Landwirtschaft, Umwelt und l\u00e4ndliche R\u00e4ume (LLUR) kann die Abschusserlaubnis jederzeit widerrufen, wenn pl\u00f6tzlich ein anderer Wolf im Streifgebiet auftaucht. Ein Problem dabei: Funkl\u00f6cher.<\/p>\n<p>Die Wahrscheinlichkeit, auf einen anderen Wolf zu treffen, steigt au\u00dferdem gerade rapide an, weil die Zeit der Wanderw\u00f6lfe unmittelbar bevorsteht. Viele Jungtiere verlassen im Sp\u00e4therbst ihre Rudel, um sich ein eigenes Revier zu suchen.<\/p>\n<p>Dar\u00fcber hinaus besteht seit dem k\u00fcrzlichen EuGH-Urteil, so legen es einige aus, Rechtsunsicherheit, wor\u00fcber auch Wolfsmonitor bereits berichtete (<span style=\"color: #0000ff;\"><a style=\"color: #0000ff;\" href=\"https:\/\/wolfsmonitor.de\/?p=18049\" target=\"_blank\" rel=\"noopener noreferrer\">hier!<\/a><\/span>).<\/p>\n<p>Das Netz wundert sich zudem \u00fcber folgenden Satz, der laut NDR in der Allgemeinverf\u00fcgung des Landes zu lesen sein soll: <em>\u201eEine Schadensprognose hat ergeben, dass in der betroffenen Region erhebliche wirtschaftliche Sch\u00e4den drohen&#8220;<\/em>.<\/p>\n<p>F\u00fcr viele ist unverst\u00e4ndlich, dass man die Jagd nun auch mit Prognosen zu rechtfertigen versucht. F\u00fcr andere, dass man nicht einmal versucht hat, den Wolf zu vergr\u00e4men.<\/p>\n<p>In weiteren Meldungen im Netz hei\u00dft es \u00fcbrigens, der Wolf sei k\u00fcrzlich in einem Landkreis gesichtet worden, f\u00fcr den die Abschussregelung nicht gilt&#8230;<\/p>\n<hr \/>\n<p><em><u>Quelle:<\/u> ndr.de am 11.12.2019: \u201eProblemwolf-Jagd macht J\u00e4gern Probleme\u201c, von Carsten Rauterberg, Nikolai Hotsch und J\u00f6rg Jacobsen, <a href=\"https:\/\/www.ndr.de\/nachrichten\/schleswig-holstein\/Problemwolf-Jagd-macht-Jaegern-Probleme,problemwolf118.html\" target=\"_blank\" rel=\"noopener noreferrer\"><span style=\"color: #0000ff;\">hier der Link!<\/span><\/a><\/em><\/p>\n<p><em>(Anmerkung: F\u00fcr die Richtigkeit der Angaben und Inhalte der genannten Quellen wird keinerlei Gew\u00e4hr \u00fcbernommen)<\/em><\/p>\n<div class=\"shariff shariff-align-center shariff-widget-align-center\" data-services=\"facebook%7Ctwitter\" data-url=\"https%3A%2F%2Fwolfsmonitor.de%2F%3Fp%3D18073\" data-timestamp=\"1573598568\" data-backendurl=\"?rest_route=\/shariff\/v1\/share_counts&\"><ul class=\"shariff-buttons theme-color orientation-horizontal buttonsize-small\"><li class=\"shariff-button facebook shariff-nocustomcolor\" style=\"background-color:#4273c8\"><a href=\"https:\/\/www.facebook.com\/sharer\/sharer.php?u=https%3A%2F%2Fwolfsmonitor.de%2F%3Fp%3D18073\" title=\"Bei Facebook teilen\" aria-label=\"Bei Facebook teilen\" role=\"button\" rel=\"nofollow\" class=\"shariff-link\" style=\"; background-color:#3b5998; color:#fff\" target=\"_blank\"><span class=\"shariff-icon\" style=\"\"><svg width=\"32px\" height=\"20px\" xmlns=\"http:\/\/www.w3.org\/2000\/svg\" viewBox=\"0 0 18 32\"><path fill=\"#3b5998\" d=\"M17.1 0.2v4.7h-2.8q-1.5 0-2.1 0.6t-0.5 1.9v3.4h5.2l-0.7 5.3h-4.5v13.6h-5.5v-13.6h-4.5v-5.3h4.5v-3.9q0-3.3 1.9-5.2t5-1.8q2.6 0 4.1 0.2z\"\/><\/svg><\/span><span class=\"shariff-text\">teilen<\/span>&nbsp;<span data-service=\"facebook\" style=\"color:#3b5998\" class=\"shariff-count shariff-hidezero\"><\/span>&nbsp;<\/a><\/li><li class=\"shariff-button twitter shariff-nocustomcolor\" style=\"background-color:#32bbf5\"><a href=\"https:\/\/twitter.com\/share?url=https%3A%2F%2Fwolfsmonitor.de%2F%3Fp%3D18073&text=Bizarre%20Situation%20in%20Schleswig-Holstein\" title=\"Bei Twitter teilen\" aria-label=\"Bei Twitter teilen\" role=\"button\" rel=\"noopener nofollow\" class=\"shariff-link\" style=\"; background-color:#55acee; color:#fff\" target=\"_blank\"><span class=\"shariff-icon\" style=\"\"><svg width=\"32px\" height=\"20px\" xmlns=\"http:\/\/www.w3.org\/2000\/svg\" viewBox=\"0 0 30 32\"><path fill=\"#55acee\" d=\"M29.7 6.8q-1.2 1.8-3 3.1 0 0.3 0 0.8 0 2.5-0.7 4.9t-2.2 4.7-3.5 4-4.9 2.8-6.1 1q-5.1 0-9.3-2.7 0.6 0.1 1.5 0.1 4.3 0 7.6-2.6-2-0.1-3.5-1.2t-2.2-3q0.6 0.1 1.1 0.1 0.8 0 1.6-0.2-2.1-0.4-3.5-2.1t-1.4-3.9v-0.1q1.3 0.7 2.8 0.8-1.2-0.8-2-2.2t-0.7-2.9q0-1.7 0.8-3.1 2.3 2.8 5.5 4.5t7 1.9q-0.2-0.7-0.2-1.4 0-2.5 1.8-4.3t4.3-1.8q2.7 0 4.5 1.9 2.1-0.4 3.9-1.5-0.7 2.2-2.7 3.4 1.8-0.2 3.5-0.9z\"\/><\/svg><\/span><span class=\"shariff-text\">twittern<\/span>&nbsp;<span data-service=\"twitter\" style=\"color:#55acee\" class=\"shariff-count shariff-hidezero\"><\/span>&nbsp;<\/a><\/li><li class=\"shariff-button rss shariff-nocustomcolor\" style=\"background-color:#ff8c00\"><a href=\"https:\/\/wolfsmonitor.de\/?feed=rss\" title=\"RSS-feed\" aria-label=\"RSS-feed\" role=\"button\" class=\"shariff-link\" style=\"; background-color:#fe9312; color:#fff\" target=\"_blank\"><span class=\"shariff-icon\" style=\"\"><svg width=\"32px\" height=\"20px\" xmlns=\"http:\/\/www.w3.org\/2000\/svg\" viewBox=\"0 0 32 32\"><path fill=\"#fe9312\" d=\"M4.3 23.5c-2.3 0-4.3 1.9-4.3 4.3 0 2.3 1.9 4.2 4.3 4.2 2.4 0 4.3-1.9 4.3-4.2 0-2.3-1.9-4.3-4.3-4.3zM0 10.9v6.1c4 0 7.7 1.6 10.6 4.4 2.8 2.8 4.4 6.6 4.4 10.6h6.2c0-11.7-9.5-21.1-21.1-21.1zM0 0v6.1c14.2 0 25.8 11.6 25.8 25.9h6.2c0-17.6-14.4-32-32-32z\"\/><\/svg><\/span><span class=\"shariff-text\">RSS-feed<\/span>&nbsp;<\/a><\/li><li class=\"shariff-button mailto shariff-nocustomcolor\" style=\"background-color:#a8a8a8\"><a href=\"mailto:?body=https%3A%2F%2Fwolfsmonitor.de%2F%3Fp%3D18073&subject=Bizarre%20Situation%20in%20Schleswig-Holstein\" title=\"Per E-Mail versenden\" aria-label=\"Per E-Mail versenden\" role=\"button\" rel=\"noopener nofollow\" class=\"shariff-link\" style=\"; background-color:#999; color:#fff\"><span class=\"shariff-icon\" style=\"\"><svg width=\"32px\" height=\"20px\" xmlns=\"http:\/\/www.w3.org\/2000\/svg\" viewBox=\"0 0 32 32\"><path fill=\"#999\" d=\"M32 12.7v14.2q0 1.2-0.8 2t-2 0.9h-26.3q-1.2 0-2-0.9t-0.8-2v-14.2q0.8 0.9 1.8 1.6 6.5 4.4 8.9 6.1 1 0.8 1.6 1.2t1.7 0.9 2 0.4h0.1q0.9 0 2-0.4t1.7-0.9 1.6-1.2q3-2.2 8.9-6.1 1-0.7 1.8-1.6zM32 7.4q0 1.4-0.9 2.7t-2.2 2.2q-6.7 4.7-8.4 5.8-0.2 0.1-0.7 0.5t-1 0.7-0.9 0.6-1.1 0.5-0.9 0.2h-0.1q-0.4 0-0.9-0.2t-1.1-0.5-0.9-0.6-1-0.7-0.7-0.5q-1.6-1.1-4.7-3.2t-3.6-2.6q-1.1-0.7-2.1-2t-1-2.5q0-1.4 0.7-2.3t2.1-0.9h26.3q1.2 0 2 0.8t0.9 2z\"\/><\/svg><\/span><span class=\"shariff-text\">E-Mail<\/span>&nbsp;<\/a><\/li><li class=\"shariff-button info shariff-nocustomcolor\" style=\"background-color:#a8a8a8\"><a href=\"http:\/\/ct.de\/-2467514\" title=\"Weitere Informationen\" aria-label=\"Weitere Informationen\" role=\"button\" rel=\"noopener \" class=\"shariff-link\" style=\"; background-color:#999; color:#fff\" target=\"_blank\"><span class=\"shariff-icon\" style=\"\"><svg width=\"32px\" height=\"20px\" xmlns=\"http:\/\/www.w3.org\/2000\/svg\" viewBox=\"0 0 11 32\"><path fill=\"#999\" d=\"M11.4 24v2.3q0 0.5-0.3 0.8t-0.8 0.4h-9.1q-0.5 0-0.8-0.4t-0.4-0.8v-2.3q0-0.5 0.4-0.8t0.8-0.4h1.1v-6.8h-1.1q-0.5 0-0.8-0.4t-0.4-0.8v-2.3q0-0.5 0.4-0.8t0.8-0.4h6.8q0.5 0 0.8 0.4t0.4 0.8v10.3h1.1q0.5 0 0.8 0.4t0.3 0.8zM9.2 3.4v3.4q0 0.5-0.4 0.8t-0.8 0.4h-4.6q-0.4 0-0.8-0.4t-0.4-0.8v-3.4q0-0.4 0.4-0.8t0.8-0.4h4.6q0.5 0 0.8 0.4t0.4 0.8z\"\/><\/svg><\/span><\/a><\/li><\/ul><\/div>","protected":false},"excerpt":{"rendered":"<p>Die Situation in Schleswig-Holstein wird immer grotesker. Da die bisher benannten \u201eExperten\u201c seit Monaten erfolglos dabei sind, den zum Abschuss freigegebenen Wolf auch wirklich zu schie\u00dfen, d\u00fcrfen seit zwei Wochen auch rund 175 J\u00e4ger aus der Region mitjagen. Nach Recherchen des NDR wollen aktuell jedoch nur etwa 10 von ihnen tats\u00e4chlich mitmachen. Der Grund: Die [&hellip;]<\/p>\n<div class=\"shariff shariff-align-center shariff-widget-align-center\" data-services=\"facebook%7Ctwitter\" data-url=\"https%3A%2F%2Fwolfsmonitor.de%2F%3Fp%3D18073\" data-timestamp=\"1573598568\" data-backendurl=\"?rest_route=\/shariff\/v1\/share_counts&\"><ul class=\"shariff-buttons theme-color orientation-horizontal buttonsize-small\"><li class=\"shariff-button facebook shariff-nocustomcolor\" style=\"background-color:#4273c8\"><a href=\"https:\/\/www.facebook.com\/sharer\/sharer.php?u=https%3A%2F%2Fwolfsmonitor.de%2F%3Fp%3D18073\" title=\"Bei Facebook teilen\" aria-label=\"Bei Facebook teilen\" role=\"button\" rel=\"nofollow\" class=\"shariff-link\" style=\"; background-color:#3b5998; color:#fff\" target=\"_blank\"><span class=\"shariff-icon\" style=\"\"><svg width=\"32px\" height=\"20px\" xmlns=\"http:\/\/www.w3.org\/2000\/svg\" viewBox=\"0 0 18 32\"><path fill=\"#3b5998\" d=\"M17.1 0.2v4.7h-2.8q-1.5 0-2.1 0.6t-0.5 1.9v3.4h5.2l-0.7 5.3h-4.5v13.6h-5.5v-13.6h-4.5v-5.3h4.5v-3.9q0-3.3 1.9-5.2t5-1.8q2.6 0 4.1 0.2z\"\/><\/svg><\/span><span class=\"shariff-text\">teilen<\/span>&nbsp;<span data-service=\"facebook\" style=\"color:#3b5998\" class=\"shariff-count shariff-hidezero\"><\/span>&nbsp;<\/a><\/li><li class=\"shariff-button twitter shariff-nocustomcolor\" style=\"background-color:#32bbf5\"><a href=\"https:\/\/twitter.com\/share?url=https%3A%2F%2Fwolfsmonitor.de%2F%3Fp%3D18073&text=Bizarre%20Situation%20in%20Schleswig-Holstein\" title=\"Bei Twitter teilen\" aria-label=\"Bei Twitter teilen\" role=\"button\" rel=\"noopener nofollow\" class=\"shariff-link\" style=\"; background-color:#55acee; color:#fff\" target=\"_blank\"><span class=\"shariff-icon\" style=\"\"><svg width=\"32px\" height=\"20px\" xmlns=\"http:\/\/www.w3.org\/2000\/svg\" viewBox=\"0 0 30 32\"><path fill=\"#55acee\" d=\"M29.7 6.8q-1.2 1.8-3 3.1 0 0.3 0 0.8 0 2.5-0.7 4.9t-2.2 4.7-3.5 4-4.9 2.8-6.1 1q-5.1 0-9.3-2.7 0.6 0.1 1.5 0.1 4.3 0 7.6-2.6-2-0.1-3.5-1.2t-2.2-3q0.6 0.1 1.1 0.1 0.8 0 1.6-0.2-2.1-0.4-3.5-2.1t-1.4-3.9v-0.1q1.3 0.7 2.8 0.8-1.2-0.8-2-2.2t-0.7-2.9q0-1.7 0.8-3.1 2.3 2.8 5.5 4.5t7 1.9q-0.2-0.7-0.2-1.4 0-2.5 1.8-4.3t4.3-1.8q2.7 0 4.5 1.9 2.1-0.4 3.9-1.5-0.7 2.2-2.7 3.4 1.8-0.2 3.5-0.9z\"\/><\/svg><\/span><span class=\"shariff-text\">twittern<\/span>&nbsp;<span data-service=\"twitter\" style=\"color:#55acee\" class=\"shariff-count shariff-hidezero\"><\/span>&nbsp;<\/a><\/li><li class=\"shariff-button rss shariff-nocustomcolor\" style=\"background-color:#ff8c00\"><a href=\"https:\/\/wolfsmonitor.de\/?feed=rss\" title=\"RSS-feed\" aria-label=\"RSS-feed\" role=\"button\" class=\"shariff-link\" style=\"; background-color:#fe9312; color:#fff\" target=\"_blank\"><span class=\"shariff-icon\" style=\"\"><svg width=\"32px\" height=\"20px\" xmlns=\"http:\/\/www.w3.org\/2000\/svg\" viewBox=\"0 0 32 32\"><path fill=\"#fe9312\" d=\"M4.3 23.5c-2.3 0-4.3 1.9-4.3 4.3 0 2.3 1.9 4.2 4.3 4.2 2.4 0 4.3-1.9 4.3-4.2 0-2.3-1.9-4.3-4.3-4.3zM0 10.9v6.1c4 0 7.7 1.6 10.6 4.4 2.8 2.8 4.4 6.6 4.4 10.6h6.2c0-11.7-9.5-21.1-21.1-21.1zM0 0v6.1c14.2 0 25.8 11.6 25.8 25.9h6.2c0-17.6-14.4-32-32-32z\"\/><\/svg><\/span><span class=\"shariff-text\">RSS-feed<\/span>&nbsp;<\/a><\/li><li class=\"shariff-button mailto shariff-nocustomcolor\" style=\"background-color:#a8a8a8\"><a href=\"mailto:?body=https%3A%2F%2Fwolfsmonitor.de%2F%3Fp%3D18073&subject=Bizarre%20Situation%20in%20Schleswig-Holstein\" title=\"Per E-Mail versenden\" aria-label=\"Per E-Mail versenden\" role=\"button\" rel=\"noopener nofollow\" class=\"shariff-link\" style=\"; background-color:#999; color:#fff\"><span class=\"shariff-icon\" style=\"\"><svg width=\"32px\" height=\"20px\" xmlns=\"http:\/\/www.w3.org\/2000\/svg\" viewBox=\"0 0 32 32\"><path fill=\"#999\" d=\"M32 12.7v14.2q0 1.2-0.8 2t-2 0.9h-26.3q-1.2 0-2-0.9t-0.8-2v-14.2q0.8 0.9 1.8 1.6 6.5 4.4 8.9 6.1 1 0.8 1.6 1.2t1.7 0.9 2 0.4h0.1q0.9 0 2-0.4t1.7-0.9 1.6-1.2q3-2.2 8.9-6.1 1-0.7 1.8-1.6zM32 7.4q0 1.4-0.9 2.7t-2.2 2.2q-6.7 4.7-8.4 5.8-0.2 0.1-0.7 0.5t-1 0.7-0.9 0.6-1.1 0.5-0.9 0.2h-0.1q-0.4 0-0.9-0.2t-1.1-0.5-0.9-0.6-1-0.7-0.7-0.5q-1.6-1.1-4.7-3.2t-3.6-2.6q-1.1-0.7-2.1-2t-1-2.5q0-1.4 0.7-2.3t2.1-0.9h26.3q1.2 0 2 0.8t0.9 2z\"\/><\/svg><\/span><span class=\"shariff-text\">E-Mail<\/span>&nbsp;<\/a><\/li><li class=\"shariff-button info shariff-nocustomcolor\" style=\"background-color:#a8a8a8\"><a href=\"http:\/\/ct.de\/-2467514\" title=\"Weitere Informationen\" aria-label=\"Weitere Informationen\" role=\"button\" rel=\"noopener \" class=\"shariff-link\" style=\"; background-color:#999; color:#fff\" target=\"_blank\"><span class=\"shariff-icon\" style=\"\"><svg width=\"32px\" height=\"20px\" xmlns=\"http:\/\/www.w3.org\/2000\/svg\" viewBox=\"0 0 11 32\"><path fill=\"#999\" d=\"M11.4 24v2.3q0 0.5-0.3 0.8t-0.8 0.4h-9.1q-0.5 0-0.8-0.4t-0.4-0.8v-2.3q0-0.5 0.4-0.8t0.8-0.4h1.1v-6.8h-1.1q-0.5 0-0.8-0.4t-0.4-0.8v-2.3q0-0.5 0.4-0.8t0.8-0.4h6.8q0.5 0 0.8 0.4t0.4 0.8v10.3h1.1q0.5 0 0.8 0.4t0.3 0.8zM9.2 3.4v3.4q0 0.5-0.4 0.8t-0.8 0.4h-4.6q-0.4 0-0.8-0.4t-0.4-0.8v-3.4q0-0.4 0.4-0.8t0.8-0.4h4.6q0.5 0 0.8 0.4t0.4 0.8z\"\/><\/svg><\/span><\/a><\/li><\/ul><\/div>","protected":false},"author":1,"featured_media":14257,"comment_status":"closed","ping_status":"open","sticky":false,"template":"","format":"standard","meta":{"spay_email":""},"categories":[126],"tags":[8961,8517,156,8962,706],"jetpack_featured_media_url":"https:\/\/i0.wp.com\/wolfsmonitor.de\/wp-content\/uploads\/2018\/07\/Aufgelesen-3.jpg?fit=645%2C420&ssl=1","jetpack_shortlink":"https:\/\/wp.me\/p61YbU-4Hv","jetpack-related-posts":[{"id":4625,"url":"https:\/\/wolfsmonitor.de\/?p=4625","url_meta":{"origin":18073,"position":0},"title":"Schleswig-Holstein: Mehr Wolfsbetreuer und neue L\u00f6sungen bei verletzten W\u00f6lfen und Entsch\u00e4digungen","date":"13. August 2016","format":false,"excerpt":"Dr. Robert Habeck, Minister f\u00fcr Energiewende, Landwirtschaft, Umwelt und l\u00e4ndliche R\u00e4ume in Schleswig Holstein, stellte gestern der \u00d6ffentlichkeit das neue Wolfsmanagement f\u00fcr das Bundesland Schleswig-Holstein vor, das sich wie folgt zusammenfassen l\u00e4sst: Mehr Wolfsbetreuer, neue Entsch\u00e4digungsregeln und neue L\u00f6sungen beim Umgang mit verletzten W\u00f6lfen. Die Pressemitteilung vom Landesportal Schleswig-Holstein im\u2026","rel":"","context":"In &quot;Presseinformationen&quot;","img":{"alt_text":"Foto: Naturfotograf Heiko Anders","src":"https:\/\/i2.wp.com\/wolfsmonitor.de\/wp-content\/uploads\/2016\/05\/HA-Beitragsfoto-Presseinfo-2.jpg?fit=627%2C410&ssl=1&resize=350%2C200","width":350,"height":200},"classes":[]},{"id":2335,"url":"https:\/\/wolfsmonitor.de\/?p=2335","url_meta":{"origin":18073,"position":1},"title":"Wolfsfonds springt in Schleswig-Holstein ein!","date":"28. Januar 2016","format":false,"excerpt":"Sch\u00e4fer Jan Siebels aus Blumenthal in Schleswig-Holstein hatte im Jahr 2015 zweimal unter Wolfs\u00fcbergriffen zu leiden. Zahlreiche seiner Schafe wurden dabei get\u00f6tet oder mussten aufgrund ihrer Verletzungen erl\u00f6st werden. Der gemeinsame Wolfsgarantiefonds, den der Freundeskreis freilebender W\u00f6lfe, der NABU Schleswig Holstein, der WWF, die Klara-Samariter-Stiftung, die Stiftung Naturschutz Schleswig-Holstein und\u2026","rel":"","context":"In &quot;Hintergr\u00fcnde&quot;","img":{"alt_text":"Wolf im Tierpark Nordhorn","src":"https:\/\/i2.wp.com\/wolfsmonitor.de\/wp-content\/uploads\/2015\/09\/WM-Hintergr\u00fcnde.jpg?fit=355%2C312&ssl=1&resize=350%2C200","width":350,"height":200},"classes":[]},{"id":4897,"url":"https:\/\/wolfsmonitor.de\/?p=4897","url_meta":{"origin":18073,"position":2},"title":"Schleswig-Holstein: Wolfshotline jederzeit zu erreichen!","date":"3. September 2016","format":false,"excerpt":"Das Landesamt f\u00fcr Landwirtschaft, Umwelt und l\u00e4ndliche R\u00e4ume in Schleswig-Holstein weist aus gegebenen Anla\u00df darauf hin, dass die \"Wolfshotline\" unter der Telefonnummer 0 174 \/ 63 30 335 jederzeit zu erreichen ist, insbesondere, wenn Ger\u00fcchte um angebliche Wolfsangriffe f\u00fcr Unsicherheit sorgen. Die Hotline-Mitarbeiter nehmen Fragen und jede Art von Hinweisen\u2026","rel":"","context":"In &quot;Presseinformationen&quot;","img":{"alt_text":"Foto: Naturfotograf Heiko Anders","src":"https:\/\/i2.wp.com\/wolfsmonitor.de\/wp-content\/uploads\/2016\/05\/HA-Beitragsfoto-Presseinfo-2.jpg?fit=627%2C410&ssl=1&resize=350%2C200","width":350,"height":200},"classes":[]},{"id":518,"url":"https:\/\/wolfsmonitor.de\/?p=518","url_meta":{"origin":18073,"position":3},"title":"Wolfscouts - These 4","date":"19. Mai 2015","format":false,"excerpt":"These 4: Wir m\u00fcssen schnellstm\u00f6glich beginnen, zus\u00e4tzlich zu den Wolfsberatern und Rissgutachtern ausgewiesene Experten f\u00fcr das aktive Wolfsmonitoring (ich nenne sie mal \u201eWolfscouts\u201c) heranzubilden, damit in Zukunft keine Polizeihubschrauber und Polizeihundestaffeln bei vermeintlich auff\u00e4lligen W\u00f6lfen ben\u00f6tigt werden. In Niedersachsen und Schleswig Holstein k\u00fcndigten die f\u00fcr das Wolfsmanagement zust\u00e4ndigen Umweltminister Wenzel\u2026","rel":"","context":"In &quot;9 Thesen&quot;","img":{"alt_text":"Wolf im Tierpark Nordhorn","src":"https:\/\/i1.wp.com\/wolfsmonitor.de\/wp-content\/uploads\/2015\/05\/Foto-These-4.jpg?fit=450%2C475&ssl=1&resize=350%2C200","width":350,"height":200},"classes":[]},{"id":17476,"url":"https:\/\/wolfsmonitor.de\/?p=17476","url_meta":{"origin":18073,"position":4},"title":"Wolfsrisse? Nein, eher Sensationsgier!","date":"4. Juli 2019","format":false,"excerpt":"So manches Print- oder Onlinemedium liegt \u2013 immer um brandaktuelle Meldungen bem\u00fcht \u2013 nicht selten, wie sich sp\u00e4ter oft herausstellt, geh\u00f6rig falsch. Auff\u00e4llig ist, wie h\u00e4ufig das bei vermeintlichen Wolfsrissen der Fall ist. Diese Webseite vermeidet es deshalb \u00fcblicherweise, Spekulationen \u00fcber Wolfsrisse zu ver\u00f6ffentlichen, bevor die offiziellen Untersuchungsergebnisse vorliegen. Und\u2026","rel":"","context":"In &quot;Aufgelesen&quot;","img":{"alt_text":"","src":"https:\/\/i0.wp.com\/wolfsmonitor.de\/wp-content\/uploads\/2018\/07\/Aufgelesen-3.jpg?fit=645%2C420&ssl=1&resize=350%2C200","width":350,"height":200},"classes":[]},{"id":4645,"url":"https:\/\/wolfsmonitor.de\/?p=4645","url_meta":{"origin":18073,"position":5},"title":"Wolfsstatistik zwischen Wahrheit und Wirklichkeit","date":"15. August 2016","format":false,"excerpt":"300 Eintr\u00e4ge hat die seit dem Jahr 2008 beim NLWKN gef\u00fchrte \u00dcbersicht \u00fcber gemeldete Nutztierrisse in Niedersachsen nun, bei denen W\u00f6lfe als Verursacher gepr\u00fcft worden sind. Das Ergebnis (vorausgesetzt, ich habe richtig gez\u00e4hlt): 140 Mal waren W\u00f6lfe f\u00fcr die \u00dcbergriffe verantwortlich, in 60 F\u00e4llen waren W\u00f6lfe nicht nachweisbar und bei\u2026","rel":"","context":"In &quot;Aktuell&quot;","img":{"alt_text":"Wolf (Foto: Naturfotograf Heiko Anders)","src":"https:\/\/i1.wp.com\/wolfsmonitor.de\/wp-content\/uploads\/2016\/05\/Beitragsfoto-Heiko-Anders-Aktuell.jpg?fit=654%2C492&ssl=1&resize=350%2C200","width":350,"height":200},"classes":[]}],"_links":{"self":[{"href":"https:\/\/wolfsmonitor.de\/index.php?rest_route=\/wp\/v2\/posts\/18073"}],"collection":[{"href":"https:\/\/wolfsmonitor.de\/index.php?rest_route=\/wp\/v2\/posts"}],"about":[{"href":"https:\/\/wolfsmonitor.de\/index.php?rest_route=\/wp\/v2\/types\/post"}],"author":[{"embeddable":true,"href":"https:\/\/wolfsmonitor.de\/index.php?rest_route=\/wp\/v2\/users\/1"}],"replies":[{"embeddable":true,"href":"https:\/\/wolfsmonitor.de\/index.php?rest_route=%2Fwp%2Fv2%2Fcomments&post=18073"}],"version-history":[{"count":5,"href":"https:\/\/wolfsmonitor.de\/index.php?rest_route=\/wp\/v2\/posts\/18073\/revisions"}],"predecessor-version":[{"id":18078,"href":"https:\/\/wolfsmonitor.de\/index.php?rest_route=\/wp\/v2\/posts\/18073\/revisions\/18078"}],"wp:featuredmedia":[{"embeddable":true,"href":"https:\/\/wolfsmonitor.de\/index.php?rest_route=\/wp\/v2\/media\/14257"}],"wp:attachment":[{"href":"https:\/\/wolfsmonitor.de\/index.php?rest_route=%2Fwp%2Fv2%2Fmedia&parent=18073"}],"wp:term":[{"taxonomy":"category","embeddable":true,"href":"https:\/\/wolfsmonitor.de\/index.php?rest_route=%2Fwp%2Fv2%2Fcategories&post=18073"},{"taxonomy":"post_tag","embeddable":true,"href":"https:\/\/wolfsmonitor.de\/index.php?rest_route=%2Fwp%2Fv2%2Ftags&post=18073"}],"curies":[{"name":"wp","href":"https:\/\/api.w.org\/{rel}","templated":true}]}}