{"id":1819,"date":"2015-11-18T11:56:04","date_gmt":"2015-11-18T09:56:04","guid":{"rendered":"http:\/\/wolfsmonitor.de\/?p=1819"},"modified":"2018-05-05T14:07:13","modified_gmt":"2018-05-05T12:07:13","slug":"erneut-uebergriff-auf-schafherde-im-landkreis-diepholz","status":"publish","type":"post","link":"https:\/\/wolfsmonitor.de\/?p=1819","title":{"rendered":"Erneut \u00dcbergriff auf Schafherde im Landkreis Diepholz"},"content":{"rendered":"<p><strong>Sch\u00e4fermeister Klaus Menke scheint ein besonnener Mann zu sein. Nach einem \u00dcbergriff auf \u201eseine\u201c Schafherde am letzten Freitag in Freistatt, dem 4 Schafe und eine Ziege zum Opfer fielen, weitere Tiere wurden verletzt, w\u00e4hlt er seine Worte gegen\u00fcber dem NDR mit Bedacht(*).<\/strong><br \/>\n\u201eEs k\u00f6nnen wildernde Hunde oder auch \u201eder Wolf\u201c gewesen sein\u201c, sagt er gegen\u00fcber dem Reporter.<\/p>\n<p><!--more-->Es m\u00fcssten, da sei er sicher, allerdings \u201eHundeartige\u201c gewesen sein, das zeigten die Bissverletzungen. Er halte sich beim Schutz der Herde, die zum Zeitpunkt des \u00dcbergriffs rund 800 Tiere umfasste, genau an die Vorgaben des Umweltministeriums. Es m\u00fcssten ihm nun von Fachleuten andere Wege zum Schutz der Herde aufgezeigt werden, so der Sch\u00e4fer.<\/p>\n<p><strong>Kommentar:<\/strong><\/p>\n<hr \/>\n<p>Den besten Schutz vor derartigen \u00dcbergriffen von &#8222;Hundeartigen&#8220;, insbesondere aber W\u00f6lfen, gerade dann, wenn der empfohlene Grundschutz &#8211; der aus der Umz\u00e4unung einer Herde mit einem Elektrozaun besteht &#8211; allein nicht ausreicht, ist der Einsatz von Herdenschutzhunden. Es ist dem Sch\u00e4fer deshalb nahezulegen, m\u00f6glichst bald damit anzufangen. Die Schafhaltung in gr\u00f6\u00dferen Herden, wie Menke sie betreibt, beg\u00fcnstigt den Einsatz der Hunde sogar. Eine \u00f6ffentliche F\u00f6rderung der Ma\u00dfnahme nach der Nieders\u00e4chsischen \u201eRichtlinie Wolf\u201c d\u00fcrfte vermutlich m\u00f6glich sein, hier hat er sich vor dem Beginn einer Ma\u00dfnahme allerdings im Wolfsb\u00fcro zu vergewissern und ggf. einen entsprechenden Antrag zu stellen. &#8222;Sein&#8220; Wolfsberater d\u00fcrfte ihm dabei hilfreich zur Seite stehen.<\/p>\n<hr \/>\n<p>Menke sei dar\u00fcber hinaus empfohlen, sich zeitnah entweder mit<br \/>\n\u2022 Frau Dr. Regina Walther vom Landesverband der Schaf- und Ziegenz\u00fcchter und -halter Sachsen e. V., <span style=\"color: #0000ff;\"><a style=\"color: #0000ff;\" title=\"Link Bundesverband Ziegen....\" href=\"http:\/\/www.bundesverband-ziegen.de\/Sachsen.17.0.html\" target=\"_blank\">(hier der Link!)<\/a><\/span>,<br \/>\n\u2022 der Arbeitsgemeinschaft Herdenschutzhunde e.V., <span style=\"color: #0000ff;\"><a style=\"color: #0000ff;\" title=\"AG Herdenschutzhunde\" href=\"http:\/\/www.ag-herdenschutzhunde.de\/\" target=\"_blank\">(hier der Link!)<\/a><\/span>,<br \/>\n\u2022 oder dem Verein f\u00fcr arbeitende Herdenschutzhunde in Deutschland e.V. <span style=\"color: #0000ff;\"><a style=\"color: #0000ff;\" title=\"VA Herdenschutzhunde e.V.\" href=\"http:\/\/www.va-herdenschutzhunde.de\/\" target=\"_blank\">(hier der Link!)<\/a><\/span><br \/>\nin Verbindung zu setzen. Hier d\u00fcrften ihm von Fachleuten andere Wege zum Schutz seiner Herde aufgezeigt werden.<\/p>\n<p>\u2026just my 2 cents&#8230;<\/p>\n<hr \/>\n<p>Herzlichst<br \/>\nIhr<br \/>\nJ\u00fcrgen Vogler<\/p>\n<p><em>(* Quelle: www.ndr.de, <span style=\"color: #0000ff;\"><a style=\"color: #0000ff;\" title=\"NDR, 18.11.2015\" href=\"http:\/\/www.ndr.de\/nachrichten\/niedersachsen\/osnabrueck_emsland\/Erneut-vier-Schafe-in-Freistatt-gerissen,schafsrisse100.html\" target=\"_blank\">hier der Link!<\/a><\/span>, Abgerufen am 18.11.2015, 10:00 Uhr)<\/em><\/p>\n<div class=\"shariff shariff-align-center shariff-widget-align-center\" data-services=\"facebook%7Ctwitter\" data-url=\"https%3A%2F%2Fwolfsmonitor.de%2F%3Fp%3D1819\" data-timestamp=\"1525529233\" data-backendurl=\"?rest_route=\/shariff\/v1\/share_counts&\"><ul class=\"shariff-buttons theme-color orientation-horizontal buttonsize-small\"><li class=\"shariff-button facebook shariff-nocustomcolor\" style=\"background-color:#4273c8\"><a href=\"https:\/\/www.facebook.com\/sharer\/sharer.php?u=https%3A%2F%2Fwolfsmonitor.de%2F%3Fp%3D1819\" title=\"Bei Facebook teilen\" aria-label=\"Bei Facebook teilen\" role=\"button\" rel=\"nofollow\" class=\"shariff-link\" style=\"; background-color:#3b5998; color:#fff\" target=\"_blank\"><span class=\"shariff-icon\" style=\"\"><svg width=\"32px\" height=\"20px\" xmlns=\"http:\/\/www.w3.org\/2000\/svg\" viewBox=\"0 0 18 32\"><path fill=\"#3b5998\" d=\"M17.1 0.2v4.7h-2.8q-1.5 0-2.1 0.6t-0.5 1.9v3.4h5.2l-0.7 5.3h-4.5v13.6h-5.5v-13.6h-4.5v-5.3h4.5v-3.9q0-3.3 1.9-5.2t5-1.8q2.6 0 4.1 0.2z\"\/><\/svg><\/span><span class=\"shariff-text\">teilen<\/span>&nbsp;<span data-service=\"facebook\" style=\"color:#3b5998\" class=\"shariff-count shariff-hidezero\"><\/span>&nbsp;<\/a><\/li><li class=\"shariff-button twitter shariff-nocustomcolor\" style=\"background-color:#32bbf5\"><a href=\"https:\/\/twitter.com\/share?url=https%3A%2F%2Fwolfsmonitor.de%2F%3Fp%3D1819&text=Erneut%20%C3%9Cbergriff%20auf%20Schafherde%20im%20Landkreis%20Diepholz\" title=\"Bei Twitter teilen\" aria-label=\"Bei Twitter teilen\" role=\"button\" rel=\"noopener nofollow\" class=\"shariff-link\" style=\"; background-color:#55acee; color:#fff\" target=\"_blank\"><span class=\"shariff-icon\" style=\"\"><svg width=\"32px\" height=\"20px\" xmlns=\"http:\/\/www.w3.org\/2000\/svg\" viewBox=\"0 0 30 32\"><path fill=\"#55acee\" d=\"M29.7 6.8q-1.2 1.8-3 3.1 0 0.3 0 0.8 0 2.5-0.7 4.9t-2.2 4.7-3.5 4-4.9 2.8-6.1 1q-5.1 0-9.3-2.7 0.6 0.1 1.5 0.1 4.3 0 7.6-2.6-2-0.1-3.5-1.2t-2.2-3q0.6 0.1 1.1 0.1 0.8 0 1.6-0.2-2.1-0.4-3.5-2.1t-1.4-3.9v-0.1q1.3 0.7 2.8 0.8-1.2-0.8-2-2.2t-0.7-2.9q0-1.7 0.8-3.1 2.3 2.8 5.5 4.5t7 1.9q-0.2-0.7-0.2-1.4 0-2.5 1.8-4.3t4.3-1.8q2.7 0 4.5 1.9 2.1-0.4 3.9-1.5-0.7 2.2-2.7 3.4 1.8-0.2 3.5-0.9z\"\/><\/svg><\/span><span class=\"shariff-text\">twittern<\/span>&nbsp;<span data-service=\"twitter\" style=\"color:#55acee\" class=\"shariff-count shariff-hidezero\"><\/span>&nbsp;<\/a><\/li><li class=\"shariff-button rss shariff-nocustomcolor\" style=\"background-color:#ff8c00\"><a href=\"https:\/\/wolfsmonitor.de\/?feed=rss\" title=\"RSS-feed\" aria-label=\"RSS-feed\" role=\"button\" class=\"shariff-link\" style=\"; background-color:#fe9312; color:#fff\" target=\"_blank\"><span class=\"shariff-icon\" style=\"\"><svg width=\"32px\" height=\"20px\" xmlns=\"http:\/\/www.w3.org\/2000\/svg\" viewBox=\"0 0 32 32\"><path fill=\"#fe9312\" d=\"M4.3 23.5c-2.3 0-4.3 1.9-4.3 4.3 0 2.3 1.9 4.2 4.3 4.2 2.4 0 4.3-1.9 4.3-4.2 0-2.3-1.9-4.3-4.3-4.3zM0 10.9v6.1c4 0 7.7 1.6 10.6 4.4 2.8 2.8 4.4 6.6 4.4 10.6h6.2c0-11.7-9.5-21.1-21.1-21.1zM0 0v6.1c14.2 0 25.8 11.6 25.8 25.9h6.2c0-17.6-14.4-32-32-32z\"\/><\/svg><\/span><span class=\"shariff-text\">RSS-feed<\/span>&nbsp;<\/a><\/li><li class=\"shariff-button mailto shariff-nocustomcolor\" style=\"background-color:#a8a8a8\"><a href=\"mailto:?body=https%3A%2F%2Fwolfsmonitor.de%2F%3Fp%3D1819&subject=Erneut%20%C3%9Cbergriff%20auf%20Schafherde%20im%20Landkreis%20Diepholz\" title=\"Per E-Mail versenden\" aria-label=\"Per E-Mail versenden\" role=\"button\" rel=\"noopener nofollow\" class=\"shariff-link\" style=\"; background-color:#999; color:#fff\"><span class=\"shariff-icon\" style=\"\"><svg width=\"32px\" height=\"20px\" xmlns=\"http:\/\/www.w3.org\/2000\/svg\" viewBox=\"0 0 32 32\"><path fill=\"#999\" d=\"M32 12.7v14.2q0 1.2-0.8 2t-2 0.9h-26.3q-1.2 0-2-0.9t-0.8-2v-14.2q0.8 0.9 1.8 1.6 6.5 4.4 8.9 6.1 1 0.8 1.6 1.2t1.7 0.9 2 0.4h0.1q0.9 0 2-0.4t1.7-0.9 1.6-1.2q3-2.2 8.9-6.1 1-0.7 1.8-1.6zM32 7.4q0 1.4-0.9 2.7t-2.2 2.2q-6.7 4.7-8.4 5.8-0.2 0.1-0.7 0.5t-1 0.7-0.9 0.6-1.1 0.5-0.9 0.2h-0.1q-0.4 0-0.9-0.2t-1.1-0.5-0.9-0.6-1-0.7-0.7-0.5q-1.6-1.1-4.7-3.2t-3.6-2.6q-1.1-0.7-2.1-2t-1-2.5q0-1.4 0.7-2.3t2.1-0.9h26.3q1.2 0 2 0.8t0.9 2z\"\/><\/svg><\/span><span class=\"shariff-text\">E-Mail<\/span>&nbsp;<\/a><\/li><li class=\"shariff-button info shariff-nocustomcolor\" style=\"background-color:#a8a8a8\"><a href=\"http:\/\/ct.de\/-2467514\" title=\"Weitere Informationen\" aria-label=\"Weitere Informationen\" role=\"button\" rel=\"noopener \" class=\"shariff-link\" style=\"; background-color:#999; color:#fff\" target=\"_blank\"><span class=\"shariff-icon\" style=\"\"><svg width=\"32px\" height=\"20px\" xmlns=\"http:\/\/www.w3.org\/2000\/svg\" viewBox=\"0 0 11 32\"><path fill=\"#999\" d=\"M11.4 24v2.3q0 0.5-0.3 0.8t-0.8 0.4h-9.1q-0.5 0-0.8-0.4t-0.4-0.8v-2.3q0-0.5 0.4-0.8t0.8-0.4h1.1v-6.8h-1.1q-0.5 0-0.8-0.4t-0.4-0.8v-2.3q0-0.5 0.4-0.8t0.8-0.4h6.8q0.5 0 0.8 0.4t0.4 0.8v10.3h1.1q0.5 0 0.8 0.4t0.3 0.8zM9.2 3.4v3.4q0 0.5-0.4 0.8t-0.8 0.4h-4.6q-0.4 0-0.8-0.4t-0.4-0.8v-3.4q0-0.4 0.4-0.8t0.8-0.4h4.6q0.5 0 0.8 0.4t0.4 0.8z\"\/><\/svg><\/span><\/a><\/li><\/ul><\/div>","protected":false},"excerpt":{"rendered":"<p>Sch\u00e4fermeister Klaus Menke scheint ein besonnener Mann zu sein. Nach einem \u00dcbergriff auf \u201eseine\u201c Schafherde am letzten Freitag in Freistatt, dem 4 Schafe und eine Ziege zum Opfer fielen, weitere Tiere wurden verletzt, w\u00e4hlt er seine Worte gegen\u00fcber dem NDR mit Bedacht(*). \u201eEs k\u00f6nnen wildernde Hunde oder auch \u201eder Wolf\u201c gewesen sein\u201c, sagt er gegen\u00fcber [&hellip;]<\/p>\n<div class=\"shariff shariff-align-center shariff-widget-align-center\" data-services=\"facebook%7Ctwitter\" data-url=\"https%3A%2F%2Fwolfsmonitor.de%2F%3Fp%3D1819\" data-timestamp=\"1525529233\" data-backendurl=\"?rest_route=\/shariff\/v1\/share_counts&\"><ul class=\"shariff-buttons theme-color orientation-horizontal buttonsize-small\"><li class=\"shariff-button facebook shariff-nocustomcolor\" style=\"background-color:#4273c8\"><a href=\"https:\/\/www.facebook.com\/sharer\/sharer.php?u=https%3A%2F%2Fwolfsmonitor.de%2F%3Fp%3D1819\" title=\"Bei Facebook teilen\" aria-label=\"Bei Facebook teilen\" role=\"button\" rel=\"nofollow\" class=\"shariff-link\" style=\"; background-color:#3b5998; color:#fff\" target=\"_blank\"><span class=\"shariff-icon\" style=\"\"><svg width=\"32px\" height=\"20px\" xmlns=\"http:\/\/www.w3.org\/2000\/svg\" viewBox=\"0 0 18 32\"><path fill=\"#3b5998\" d=\"M17.1 0.2v4.7h-2.8q-1.5 0-2.1 0.6t-0.5 1.9v3.4h5.2l-0.7 5.3h-4.5v13.6h-5.5v-13.6h-4.5v-5.3h4.5v-3.9q0-3.3 1.9-5.2t5-1.8q2.6 0 4.1 0.2z\"\/><\/svg><\/span><span class=\"shariff-text\">teilen<\/span>&nbsp;<span data-service=\"facebook\" style=\"color:#3b5998\" class=\"shariff-count shariff-hidezero\"><\/span>&nbsp;<\/a><\/li><li class=\"shariff-button twitter shariff-nocustomcolor\" style=\"background-color:#32bbf5\"><a href=\"https:\/\/twitter.com\/share?url=https%3A%2F%2Fwolfsmonitor.de%2F%3Fp%3D1819&text=Erneut%20%C3%9Cbergriff%20auf%20Schafherde%20im%20Landkreis%20Diepholz\" title=\"Bei Twitter teilen\" aria-label=\"Bei Twitter teilen\" role=\"button\" rel=\"noopener nofollow\" class=\"shariff-link\" style=\"; background-color:#55acee; color:#fff\" target=\"_blank\"><span class=\"shariff-icon\" style=\"\"><svg width=\"32px\" height=\"20px\" xmlns=\"http:\/\/www.w3.org\/2000\/svg\" viewBox=\"0 0 30 32\"><path fill=\"#55acee\" d=\"M29.7 6.8q-1.2 1.8-3 3.1 0 0.3 0 0.8 0 2.5-0.7 4.9t-2.2 4.7-3.5 4-4.9 2.8-6.1 1q-5.1 0-9.3-2.7 0.6 0.1 1.5 0.1 4.3 0 7.6-2.6-2-0.1-3.5-1.2t-2.2-3q0.6 0.1 1.1 0.1 0.8 0 1.6-0.2-2.1-0.4-3.5-2.1t-1.4-3.9v-0.1q1.3 0.7 2.8 0.8-1.2-0.8-2-2.2t-0.7-2.9q0-1.7 0.8-3.1 2.3 2.8 5.5 4.5t7 1.9q-0.2-0.7-0.2-1.4 0-2.5 1.8-4.3t4.3-1.8q2.7 0 4.5 1.9 2.1-0.4 3.9-1.5-0.7 2.2-2.7 3.4 1.8-0.2 3.5-0.9z\"\/><\/svg><\/span><span class=\"shariff-text\">twittern<\/span>&nbsp;<span data-service=\"twitter\" style=\"color:#55acee\" class=\"shariff-count shariff-hidezero\"><\/span>&nbsp;<\/a><\/li><li class=\"shariff-button rss shariff-nocustomcolor\" style=\"background-color:#ff8c00\"><a href=\"https:\/\/wolfsmonitor.de\/?feed=rss\" title=\"RSS-feed\" aria-label=\"RSS-feed\" role=\"button\" class=\"shariff-link\" style=\"; background-color:#fe9312; color:#fff\" target=\"_blank\"><span class=\"shariff-icon\" style=\"\"><svg width=\"32px\" height=\"20px\" xmlns=\"http:\/\/www.w3.org\/2000\/svg\" viewBox=\"0 0 32 32\"><path fill=\"#fe9312\" d=\"M4.3 23.5c-2.3 0-4.3 1.9-4.3 4.3 0 2.3 1.9 4.2 4.3 4.2 2.4 0 4.3-1.9 4.3-4.2 0-2.3-1.9-4.3-4.3-4.3zM0 10.9v6.1c4 0 7.7 1.6 10.6 4.4 2.8 2.8 4.4 6.6 4.4 10.6h6.2c0-11.7-9.5-21.1-21.1-21.1zM0 0v6.1c14.2 0 25.8 11.6 25.8 25.9h6.2c0-17.6-14.4-32-32-32z\"\/><\/svg><\/span><span class=\"shariff-text\">RSS-feed<\/span>&nbsp;<\/a><\/li><li class=\"shariff-button mailto shariff-nocustomcolor\" style=\"background-color:#a8a8a8\"><a href=\"mailto:?body=https%3A%2F%2Fwolfsmonitor.de%2F%3Fp%3D1819&subject=Erneut%20%C3%9Cbergriff%20auf%20Schafherde%20im%20Landkreis%20Diepholz\" title=\"Per E-Mail versenden\" aria-label=\"Per E-Mail versenden\" role=\"button\" rel=\"noopener nofollow\" class=\"shariff-link\" style=\"; background-color:#999; color:#fff\"><span class=\"shariff-icon\" style=\"\"><svg width=\"32px\" height=\"20px\" xmlns=\"http:\/\/www.w3.org\/2000\/svg\" viewBox=\"0 0 32 32\"><path fill=\"#999\" d=\"M32 12.7v14.2q0 1.2-0.8 2t-2 0.9h-26.3q-1.2 0-2-0.9t-0.8-2v-14.2q0.8 0.9 1.8 1.6 6.5 4.4 8.9 6.1 1 0.8 1.6 1.2t1.7 0.9 2 0.4h0.1q0.9 0 2-0.4t1.7-0.9 1.6-1.2q3-2.2 8.9-6.1 1-0.7 1.8-1.6zM32 7.4q0 1.4-0.9 2.7t-2.2 2.2q-6.7 4.7-8.4 5.8-0.2 0.1-0.7 0.5t-1 0.7-0.9 0.6-1.1 0.5-0.9 0.2h-0.1q-0.4 0-0.9-0.2t-1.1-0.5-0.9-0.6-1-0.7-0.7-0.5q-1.6-1.1-4.7-3.2t-3.6-2.6q-1.1-0.7-2.1-2t-1-2.5q0-1.4 0.7-2.3t2.1-0.9h26.3q1.2 0 2 0.8t0.9 2z\"\/><\/svg><\/span><span class=\"shariff-text\">E-Mail<\/span>&nbsp;<\/a><\/li><li class=\"shariff-button info shariff-nocustomcolor\" style=\"background-color:#a8a8a8\"><a href=\"http:\/\/ct.de\/-2467514\" title=\"Weitere Informationen\" aria-label=\"Weitere Informationen\" role=\"button\" rel=\"noopener \" class=\"shariff-link\" style=\"; background-color:#999; color:#fff\" target=\"_blank\"><span class=\"shariff-icon\" style=\"\"><svg width=\"32px\" height=\"20px\" xmlns=\"http:\/\/www.w3.org\/2000\/svg\" viewBox=\"0 0 11 32\"><path fill=\"#999\" d=\"M11.4 24v2.3q0 0.5-0.3 0.8t-0.8 0.4h-9.1q-0.5 0-0.8-0.4t-0.4-0.8v-2.3q0-0.5 0.4-0.8t0.8-0.4h1.1v-6.8h-1.1q-0.5 0-0.8-0.4t-0.4-0.8v-2.3q0-0.5 0.4-0.8t0.8-0.4h6.8q0.5 0 0.8 0.4t0.4 0.8v10.3h1.1q0.5 0 0.8 0.4t0.3 0.8zM9.2 3.4v3.4q0 0.5-0.4 0.8t-0.8 0.4h-4.6q-0.4 0-0.8-0.4t-0.4-0.8v-3.4q0-0.4 0.4-0.8t0.8-0.4h4.6q0.5 0 0.8 0.4t0.4 0.8z\"\/><\/svg><\/span><\/a><\/li><\/ul><\/div>","protected":false},"author":1,"featured_media":247,"comment_status":"closed","ping_status":"open","sticky":false,"template":"","format":"standard","meta":{"spay_email":""},"categories":[3],"tags":[1145,991,1433,1434,1423,177,1360,1438,1435,1439,1432,62,1436,1437,1302,257],"jetpack_featured_media_url":"https:\/\/i1.wp.com\/wolfsmonitor.de\/wp-content\/uploads\/2015\/04\/WM-Kommentar.jpg?fit=512%2C442&ssl=1","jetpack_shortlink":"https:\/\/wp.me\/p61YbU-tl","jetpack-related-posts":[{"id":5720,"url":"https:\/\/wolfsmonitor.de\/?p=5720","url_meta":{"origin":1819,"position":0},"title":"Die Goldenstedter W\u00f6lfin wird nun doch besendert!","date":"28. Oktober 2016","format":false,"excerpt":"Was soll das? ...fragten sich zuletzt einige Wolfsfreunde in den sozialen Medien, nachdem sie einen \"Hallo-Niedersachsen\"-Beitrag vom NDR sahen, in dem nicht ganz vorurteilsfrei dar\u00fcber berichtet wurde, dass ein Schaf eines Hobbyz\u00fcchters in Aschen (Landkreis Diepholz) von einem Wolf gerissen und ein weiteres verletzt wurde. Allein der Beweis f\u00fcr den\u2026","rel":"","context":"In &quot;Aufgelesen&quot;","img":{"alt_text":"Foto: Wildtierfotograf Heiko Anders","src":"https:\/\/i2.wp.com\/wolfsmonitor.de\/wp-content\/uploads\/2016\/05\/HA-Beitragsfoto-Aufgelesen-2.jpg?fit=625%2C469&ssl=1&resize=350%2C200","width":350,"height":200},"classes":[]},{"id":15286,"url":"https:\/\/wolfsmonitor.de\/?p=15286","url_meta":{"origin":1819,"position":1},"title":"Tragischer \u00dcbergriff auf Schafherde in Mecklenburg-Vorpommern","date":"31. Oktober 2018","format":false,"excerpt":"Im Landkreis Ludwigslust-Parchim ereignete sich im Bereich der R\u00f6gnitz in der Nacht zum 31. Oktober ein tragischer \u00dcbergriff auf eine Schafherde. Ein hinzugerufener Rissgutachter geht dabei von einem Wolfs\u00fcbergriff aus, meldet das MV-Regierungsportal. Leser dieser Webseite wissen, dass Wolfsmonitor solche Meldungen nur mit Vorsicht handhabt, da bereits viele nach der\u2026","rel":"","context":"In &quot;Aktuell&quot;","img":{"alt_text":"Stehender Wolf im Tierpark Nordhorn (Foto: Vogler)","src":"https:\/\/i0.wp.com\/wolfsmonitor.de\/wp-content\/uploads\/2016\/03\/Beitragsfoto-Aktuell.jpg?fit=592%2C507&ssl=1&resize=350%2C200","width":350,"height":200},"classes":[]},{"id":10130,"url":"https:\/\/wolfsmonitor.de\/?p=10130","url_meta":{"origin":1819,"position":2},"title":"Goldenstedt: Sechs Wolfswelpen und zahlreiche Bedenken","date":"26. August 2017","format":false,"excerpt":"Wolfsnachwuchs in Barnstorf: Sechs Welpen haben die Goldenstedter Wolfsf\u00e4he und ihr Partner heuer offenbar zu versorgen. Der J\u00e4ger und SPD-Kreistagsabgeordnete Friedrich Iven will die Tiere sogar mit eigenen Augen gesehen haben. Verwendungsf\u00e4hige Monitoring-Nachweise liegen dem Wolfsbeauftragten der Landesj\u00e4gerschaft Niedersachsen, Raoul Reding, bisher allerdings nur \u00fcber vier Welpen aus dem Landkreis\u2026","rel":"","context":"In &quot;Aufgelesen&quot;","img":{"alt_text":"Foto: Wildtierfotograf Heiko Anders","src":"https:\/\/i2.wp.com\/wolfsmonitor.de\/wp-content\/uploads\/2016\/05\/HA-Beitragsfoto-Aufgelesen-2.jpg?fit=625%2C469&ssl=1&resize=350%2C200","width":350,"height":200},"classes":[]},{"id":2885,"url":"https:\/\/wolfsmonitor.de\/?p=2885","url_meta":{"origin":1819,"position":3},"title":"Gesellschaft zum Schutz der W\u00f6lfe finanziert \"Schnelle Eingreiftruppe\"","date":"23. M\u00e4rz 2016","format":false,"excerpt":"Die Gesellschaft zum Schutz der W\u00f6lfe (GzSdW) berichtet heute auf der vereinseigenen Webseite (im Wortlaut) : \"GzSdW finanziert Einsatz der \u201eSchnellen Eingreiftruppe\u201c mit Herdenschutzhunden in Sachsen-Anhalt Nach wiederholten Nutztierrissvorf\u00e4llen in einer Schafhaltung nahe Uchtdorf (B\u00f6rdekreis, Sachsen-Anhalt), bei denen von W\u00f6lfen wahrscheinlich auch ein 1,20 m hoher Zaun \u00fcberwunden wurde, hat\u2026","rel":"","context":"In &quot;Aktuell&quot;","img":{"alt_text":"Stehender Wolf im Tierpark Nordhorn (Foto: Vogler)","src":"https:\/\/i0.wp.com\/wolfsmonitor.de\/wp-content\/uploads\/2016\/03\/Beitragsfoto-Aktuell.jpg?fit=592%2C507&ssl=1&resize=350%2C200","width":350,"height":200},"classes":[]},{"id":12223,"url":"https:\/\/wolfsmonitor.de\/?p=12223","url_meta":{"origin":1819,"position":4},"title":"W\u00f6lfe: Die letzten Tage...","date":"20. Januar 2018","format":false,"excerpt":"Es gibt ja Menschen, die erst dann den Mund aufmachen, bzw. den F\u00fcllfederhalter schwingen, wenn sie etwas abgrundtief bezweifeln. Zweifelnd waren auch einige Reaktionen auf den letzten Wolfsmonitor-Beitrag \u00fcber Nachbars Lumpi. Deshalb nochmal kurz klargestellt: An dieser Stelle soll nichts besch\u00f6nigt werden, nat\u00fcrlich bedienen sich W\u00f6lfe bei Nutztieren \u2013 besonders,\u2026","rel":"","context":"In &quot;Nachrichten&quot;","img":{"alt_text":"","src":"https:\/\/i0.wp.com\/wolfsmonitor.de\/wp-content\/uploads\/2016\/11\/B-Foto-H.A.-Nachrichten-2.jpg?fit=767%2C574&ssl=1&resize=350%2C200","width":350,"height":200},"classes":[]},{"id":4027,"url":"https:\/\/wolfsmonitor.de\/?p=4027","url_meta":{"origin":1819,"position":5},"title":"Weiterer \u00dcbergriff durch die Goldenstedter W\u00f6lfin? \u2013 Teil 2","date":"28. Juni 2016","format":false,"excerpt":"Gestern ver\u00f6ffentlichte ich einen Artikel \u00fcber einen Kurzbericht in der \u201eOldenburgische Volkszeitung\u201c mit der \u00dcberschrift \u201eDie Risse gehen weiter\u201c vom 15. Juni, der mich darauf schlie\u00dfen lie\u00df, dass vielleicht ein Herdenschutzhund am Ende nur seinen Job gemacht haben k\u00f6nnte (hier der Link!). Einige Wolfsmonitor-Leserinnen und Leser meldeten sich daraufhin spontan\u2026","rel":"","context":"In &quot;Aktuell&quot;","img":{"alt_text":"Stehender Wolf im Tierpark Nordhorn (Foto: Vogler)","src":"https:\/\/i0.wp.com\/wolfsmonitor.de\/wp-content\/uploads\/2016\/03\/Beitragsfoto-Aktuell.jpg?fit=592%2C507&ssl=1&resize=350%2C200","width":350,"height":200},"classes":[]}],"_links":{"self":[{"href":"https:\/\/wolfsmonitor.de\/index.php?rest_route=\/wp\/v2\/posts\/1819"}],"collection":[{"href":"https:\/\/wolfsmonitor.de\/index.php?rest_route=\/wp\/v2\/posts"}],"about":[{"href":"https:\/\/wolfsmonitor.de\/index.php?rest_route=\/wp\/v2\/types\/post"}],"author":[{"embeddable":true,"href":"https:\/\/wolfsmonitor.de\/index.php?rest_route=\/wp\/v2\/users\/1"}],"replies":[{"embeddable":true,"href":"https:\/\/wolfsmonitor.de\/index.php?rest_route=%2Fwp%2Fv2%2Fcomments&post=1819"}],"version-history":[{"count":6,"href":"https:\/\/wolfsmonitor.de\/index.php?rest_route=\/wp\/v2\/posts\/1819\/revisions"}],"predecessor-version":[{"id":1827,"href":"https:\/\/wolfsmonitor.de\/index.php?rest_route=\/wp\/v2\/posts\/1819\/revisions\/1827"}],"wp:featuredmedia":[{"embeddable":true,"href":"https:\/\/wolfsmonitor.de\/index.php?rest_route=\/wp\/v2\/media\/247"}],"wp:attachment":[{"href":"https:\/\/wolfsmonitor.de\/index.php?rest_route=%2Fwp%2Fv2%2Fmedia&parent=1819"}],"wp:term":[{"taxonomy":"category","embeddable":true,"href":"https:\/\/wolfsmonitor.de\/index.php?rest_route=%2Fwp%2Fv2%2Fcategories&post=1819"},{"taxonomy":"post_tag","embeddable":true,"href":"https:\/\/wolfsmonitor.de\/index.php?rest_route=%2Fwp%2Fv2%2Ftags&post=1819"}],"curies":[{"name":"wp","href":"https:\/\/api.w.org\/{rel}","templated":true}]}}