{"id":18337,"date":"2020-02-15T15:16:35","date_gmt":"2020-02-15T13:16:35","guid":{"rendered":"https:\/\/wolfsmonitor.de\/?p=18337"},"modified":"2020-02-15T15:28:06","modified_gmt":"2020-02-15T13:28:06","slug":"pyrrhussieg-lex-wolf-passiert-den-bundesrat","status":"publish","type":"post","link":"https:\/\/wolfsmonitor.de\/?p=18337","title":{"rendered":"Pyrrhussieg &#8211; \u201eLex Wolf\u201c passiert den Bundesrat"},"content":{"rendered":"<p><strong>Am Freitag hat die umstrittene \u201eLex Wolf\u201c den Bundesrat passiert. Damit ist es k\u00fcnftig u.a. m\u00f6glich, W\u00f6lfe zu schie\u00dfen bis die \u00dcbergriffe aufh\u00f6ren auch wenn unklar ist, welcher Wolf \u00fcberhaupt Herdentiere angegriffen hat. Zum Wolfsabschuss berechtigt ist k\u00fcnftig zudem grunds\u00e4tzlich die J\u00e4gerschaft.<\/strong><!--more--><\/p>\n<p>Voraussetzung sei allerdings, dass es einen r\u00e4umlichen und zeitlichen Zusammenhang zu den Rissereignissen gibt. Die L\u00e4nderbeh\u00f6rden m\u00fcssten zudem auch k\u00fcnftig jeden einzelnen Abschuss genehmigen.<\/p>\n<p>Das Ganze wirkt jedoch wie ein Pyrrhussieg der Treiber dieser L\u00f6sung, weil w\u00e4hrend des Gesetzgebungsverfahrens in Deutschland ein Urteil des EuGH (Rechtssache C-674\/17) erging, das vermuten l\u00e4sst, dass die nun getroffenen Regelungen in ma\u00dfgeblichen Teilen dem europ\u00e4ischen Natur- und Artenschutzrecht widersprechen.<\/p>\n<p>Niedersachsens Umweltminister Olaf Lies (SPD), der einzige Landesvertreter, der sich gestern im Bundesrat zum Thema \u00e4u\u00dferte und als ein \u201eTreiber\u201c der nun beschlossenen L\u00f6sung angesehen werden kann, zeigte sich gem\u00e4\u00df einer Presseerkl\u00e4rung seines Hauses erleichtert, dass das neue Bundesnaturschutzgesetz der Bundesregierung nun auch den Bundesrat passiert hat.<\/p>\n<p>Damit k\u00e4men \u201ewir\u201c dem Ziel n\u00e4her, mit einem nationalen Wolfs-Managementplan Kriterien und Methoden zu entwickeln, mit der die Zahl der Tiere in Niedersachsen reguliert werden k\u00f6nne, so Lies.<\/p>\n<p>Offensichtlich anders beurteilt Sachsen-Anhalts Umweltministerin Claudia Dalbert (Gr\u00fcne) die Sache. Laut NTV wolle sie trotz der neuen Regelung an ihrer bisherigen Wolfsstrategie festhalten: \u201eDer Abschuss einzelner nicht identifizierter Mitglieder eines Rudels widerspricht in weiten Teilen dem europ\u00e4ischen Natur- und Artenschutzrecht&#8220;, so Dalbert.<\/p>\n<p>Genauso d\u00fcrfte es sein.<\/p>\n<hr \/>\n<p><em><u>Quellen (alle abgerufen am 15.2.2020):<\/u><\/em><\/p>\n<p><em>(*1)<\/em> <em>bundesrat.de: Ausgew\u00e4hlte Tagesordnungspunkte der 985. Sitzung am 14.02.2020, TOP 7, <a href=\"https:\/\/www.bundesrat.de\/DE\/plenum\/bundesrat-kompakt\/20\/985\/985-pk.html?nn=4352766&amp;fbclid=IwAR1PvpPyJIp4mHi9Uo-2t26dR8fXtuk7Zz1PRyDRmaKArgEBwqqgdcBuK0E#top-7\" target=\"_blank\" rel=\"noopener noreferrer\"><span style=\"color: #0000ff;\">hier der Link!<\/span><\/a><\/em><\/p>\n<p><em>(*2)<\/em> <em>umwelt.niedersachsen.de:<\/em> &#8211; <em>Lies: \u201eWichtiger Schritt hin zu Wolfs-Management\u201c- Neues Bundesnaturschutzgesetzes passiert Bundesrat -PI 13\/2020<span style=\"color: #0000ff;\"><span style=\"color: #000000;\">,<\/span><a style=\"color: #0000ff;\" href=\"https:\/\/www.umwelt.niedersachsen.de\/startseite\/aktuelles\/pressemitteilungen\/lies-wichtiger-schritt-hin-zu-wolfs-management-185088.html\" target=\"_blank\" rel=\"noopener noreferrer\"> hier der Link!<\/a><\/span><\/em><\/p>\n<p><em>(*3) n-tv.de: Sachsen-Anhalt: &#8222;Bundesrat erleichtert Wolfs-Abschuss&#8220; vom 14.2.2020, <span style=\"color: #0000ff;\"><a style=\"color: #0000ff;\" href=\"https:\/\/www.n-tv.de\/regionales\/sachsen-anhalt\/Bundesrat-erleichtert-Wolfs-Abschuss-article21577480.html\" target=\"_blank\" rel=\"noopener noreferrer\">hier der Link!<\/a><\/span><\/em><\/p>\n<hr \/>\n<p><em>(Anmerkung: F\u00fcr die Richtigkeit der Angaben und Inhalte der genannten Quellen wird keinerlei Gew\u00e4hr \u00fcbernommen)<\/em><\/p>\n<p><em>Beitragsfoto: Heiko Anders, <a href=\"http:\/\/www.andersfotografiert.com\" target=\"_blank\" rel=\"noopener noreferrer\"><span style=\"color: #0000ff;\">www.andersfotografiert.com<\/span><\/a><\/em><\/p>\n<div class=\"shariff shariff-align-center shariff-widget-align-center\" data-services=\"facebook%7Ctwitter\" data-url=\"https%3A%2F%2Fwolfsmonitor.de%2F%3Fp%3D18337\" data-timestamp=\"1581780486\" data-backendurl=\"?rest_route=\/shariff\/v1\/share_counts&\"><ul class=\"shariff-buttons theme-color orientation-horizontal buttonsize-small\"><li class=\"shariff-button facebook shariff-nocustomcolor\" style=\"background-color:#4273c8\"><a href=\"https:\/\/www.facebook.com\/sharer\/sharer.php?u=https%3A%2F%2Fwolfsmonitor.de%2F%3Fp%3D18337\" title=\"Bei Facebook teilen\" aria-label=\"Bei Facebook teilen\" role=\"button\" rel=\"nofollow\" class=\"shariff-link\" style=\"; background-color:#3b5998; color:#fff\" target=\"_blank\"><span class=\"shariff-icon\" style=\"\"><svg width=\"32px\" height=\"20px\" xmlns=\"http:\/\/www.w3.org\/2000\/svg\" viewBox=\"0 0 18 32\"><path fill=\"#3b5998\" d=\"M17.1 0.2v4.7h-2.8q-1.5 0-2.1 0.6t-0.5 1.9v3.4h5.2l-0.7 5.3h-4.5v13.6h-5.5v-13.6h-4.5v-5.3h4.5v-3.9q0-3.3 1.9-5.2t5-1.8q2.6 0 4.1 0.2z\"\/><\/svg><\/span><span class=\"shariff-text\">teilen<\/span>&nbsp;<span data-service=\"facebook\" style=\"color:#3b5998\" class=\"shariff-count shariff-hidezero\"><\/span>&nbsp;<\/a><\/li><li class=\"shariff-button twitter shariff-nocustomcolor\" style=\"background-color:#32bbf5\"><a href=\"https:\/\/twitter.com\/share?url=https%3A%2F%2Fwolfsmonitor.de%2F%3Fp%3D18337&text=Pyrrhussieg%20%E2%80%93%20%E2%80%9ELex%20Wolf%E2%80%9C%20passiert%20den%20Bundesrat\" title=\"Bei Twitter teilen\" aria-label=\"Bei Twitter teilen\" role=\"button\" rel=\"noopener nofollow\" class=\"shariff-link\" style=\"; background-color:#55acee; color:#fff\" target=\"_blank\"><span class=\"shariff-icon\" style=\"\"><svg width=\"32px\" height=\"20px\" xmlns=\"http:\/\/www.w3.org\/2000\/svg\" viewBox=\"0 0 30 32\"><path fill=\"#55acee\" d=\"M29.7 6.8q-1.2 1.8-3 3.1 0 0.3 0 0.8 0 2.5-0.7 4.9t-2.2 4.7-3.5 4-4.9 2.8-6.1 1q-5.1 0-9.3-2.7 0.6 0.1 1.5 0.1 4.3 0 7.6-2.6-2-0.1-3.5-1.2t-2.2-3q0.6 0.1 1.1 0.1 0.8 0 1.6-0.2-2.1-0.4-3.5-2.1t-1.4-3.9v-0.1q1.3 0.7 2.8 0.8-1.2-0.8-2-2.2t-0.7-2.9q0-1.7 0.8-3.1 2.3 2.8 5.5 4.5t7 1.9q-0.2-0.7-0.2-1.4 0-2.5 1.8-4.3t4.3-1.8q2.7 0 4.5 1.9 2.1-0.4 3.9-1.5-0.7 2.2-2.7 3.4 1.8-0.2 3.5-0.9z\"\/><\/svg><\/span><span class=\"shariff-text\">twittern<\/span>&nbsp;<span data-service=\"twitter\" style=\"color:#55acee\" class=\"shariff-count shariff-hidezero\"><\/span>&nbsp;<\/a><\/li><li class=\"shariff-button rss shariff-nocustomcolor\" style=\"background-color:#ff8c00\"><a href=\"https:\/\/wolfsmonitor.de\/?feed=rss\" title=\"RSS-feed\" aria-label=\"RSS-feed\" role=\"button\" class=\"shariff-link\" style=\"; background-color:#fe9312; color:#fff\" target=\"_blank\"><span class=\"shariff-icon\" style=\"\"><svg width=\"32px\" height=\"20px\" xmlns=\"http:\/\/www.w3.org\/2000\/svg\" viewBox=\"0 0 32 32\"><path fill=\"#fe9312\" d=\"M4.3 23.5c-2.3 0-4.3 1.9-4.3 4.3 0 2.3 1.9 4.2 4.3 4.2 2.4 0 4.3-1.9 4.3-4.2 0-2.3-1.9-4.3-4.3-4.3zM0 10.9v6.1c4 0 7.7 1.6 10.6 4.4 2.8 2.8 4.4 6.6 4.4 10.6h6.2c0-11.7-9.5-21.1-21.1-21.1zM0 0v6.1c14.2 0 25.8 11.6 25.8 25.9h6.2c0-17.6-14.4-32-32-32z\"\/><\/svg><\/span><span class=\"shariff-text\">RSS-feed<\/span>&nbsp;<\/a><\/li><li class=\"shariff-button mailto shariff-nocustomcolor\" style=\"background-color:#a8a8a8\"><a href=\"mailto:?body=https%3A%2F%2Fwolfsmonitor.de%2F%3Fp%3D18337&subject=Pyrrhussieg%20%E2%80%93%20%E2%80%9ELex%20Wolf%E2%80%9C%20passiert%20den%20Bundesrat\" title=\"Per E-Mail versenden\" aria-label=\"Per E-Mail versenden\" role=\"button\" rel=\"noopener nofollow\" class=\"shariff-link\" style=\"; background-color:#999; color:#fff\"><span class=\"shariff-icon\" style=\"\"><svg width=\"32px\" height=\"20px\" xmlns=\"http:\/\/www.w3.org\/2000\/svg\" viewBox=\"0 0 32 32\"><path fill=\"#999\" d=\"M32 12.7v14.2q0 1.2-0.8 2t-2 0.9h-26.3q-1.2 0-2-0.9t-0.8-2v-14.2q0.8 0.9 1.8 1.6 6.5 4.4 8.9 6.1 1 0.8 1.6 1.2t1.7 0.9 2 0.4h0.1q0.9 0 2-0.4t1.7-0.9 1.6-1.2q3-2.2 8.9-6.1 1-0.7 1.8-1.6zM32 7.4q0 1.4-0.9 2.7t-2.2 2.2q-6.7 4.7-8.4 5.8-0.2 0.1-0.7 0.5t-1 0.7-0.9 0.6-1.1 0.5-0.9 0.2h-0.1q-0.4 0-0.9-0.2t-1.1-0.5-0.9-0.6-1-0.7-0.7-0.5q-1.6-1.1-4.7-3.2t-3.6-2.6q-1.1-0.7-2.1-2t-1-2.5q0-1.4 0.7-2.3t2.1-0.9h26.3q1.2 0 2 0.8t0.9 2z\"\/><\/svg><\/span><span class=\"shariff-text\">E-Mail<\/span>&nbsp;<\/a><\/li><li class=\"shariff-button info shariff-nocustomcolor\" style=\"background-color:#a8a8a8\"><a href=\"http:\/\/ct.de\/-2467514\" title=\"Weitere Informationen\" aria-label=\"Weitere Informationen\" role=\"button\" rel=\"noopener \" class=\"shariff-link\" style=\"; background-color:#999; color:#fff\" target=\"_blank\"><span class=\"shariff-icon\" style=\"\"><svg width=\"32px\" height=\"20px\" xmlns=\"http:\/\/www.w3.org\/2000\/svg\" viewBox=\"0 0 11 32\"><path fill=\"#999\" d=\"M11.4 24v2.3q0 0.5-0.3 0.8t-0.8 0.4h-9.1q-0.5 0-0.8-0.4t-0.4-0.8v-2.3q0-0.5 0.4-0.8t0.8-0.4h1.1v-6.8h-1.1q-0.5 0-0.8-0.4t-0.4-0.8v-2.3q0-0.5 0.4-0.8t0.8-0.4h6.8q0.5 0 0.8 0.4t0.4 0.8v10.3h1.1q0.5 0 0.8 0.4t0.3 0.8zM9.2 3.4v3.4q0 0.5-0.4 0.8t-0.8 0.4h-4.6q-0.4 0-0.8-0.4t-0.4-0.8v-3.4q0-0.4 0.4-0.8t0.8-0.4h4.6q0.5 0 0.8 0.4t0.4 0.8z\"\/><\/svg><\/span><\/a><\/li><\/ul><\/div>","protected":false},"excerpt":{"rendered":"<p>Am Freitag hat die umstrittene \u201eLex Wolf\u201c den Bundesrat passiert. Damit ist es k\u00fcnftig u.a. m\u00f6glich, W\u00f6lfe zu schie\u00dfen bis die \u00dcbergriffe aufh\u00f6ren auch wenn unklar ist, welcher Wolf \u00fcberhaupt Herdentiere angegriffen hat. Zum Wolfsabschuss berechtigt ist k\u00fcnftig zudem grunds\u00e4tzlich die J\u00e4gerschaft.<\/p>\n<div class=\"shariff shariff-align-center shariff-widget-align-center\" data-services=\"facebook%7Ctwitter\" data-url=\"https%3A%2F%2Fwolfsmonitor.de%2F%3Fp%3D18337\" data-timestamp=\"1581780486\" data-backendurl=\"?rest_route=\/shariff\/v1\/share_counts&\"><ul class=\"shariff-buttons theme-color orientation-horizontal buttonsize-small\"><li class=\"shariff-button facebook shariff-nocustomcolor\" style=\"background-color:#4273c8\"><a href=\"https:\/\/www.facebook.com\/sharer\/sharer.php?u=https%3A%2F%2Fwolfsmonitor.de%2F%3Fp%3D18337\" title=\"Bei Facebook teilen\" aria-label=\"Bei Facebook teilen\" role=\"button\" rel=\"nofollow\" class=\"shariff-link\" style=\"; background-color:#3b5998; color:#fff\" target=\"_blank\"><span class=\"shariff-icon\" style=\"\"><svg width=\"32px\" height=\"20px\" xmlns=\"http:\/\/www.w3.org\/2000\/svg\" viewBox=\"0 0 18 32\"><path fill=\"#3b5998\" d=\"M17.1 0.2v4.7h-2.8q-1.5 0-2.1 0.6t-0.5 1.9v3.4h5.2l-0.7 5.3h-4.5v13.6h-5.5v-13.6h-4.5v-5.3h4.5v-3.9q0-3.3 1.9-5.2t5-1.8q2.6 0 4.1 0.2z\"\/><\/svg><\/span><span class=\"shariff-text\">teilen<\/span>&nbsp;<span data-service=\"facebook\" style=\"color:#3b5998\" class=\"shariff-count shariff-hidezero\"><\/span>&nbsp;<\/a><\/li><li class=\"shariff-button twitter shariff-nocustomcolor\" style=\"background-color:#32bbf5\"><a href=\"https:\/\/twitter.com\/share?url=https%3A%2F%2Fwolfsmonitor.de%2F%3Fp%3D18337&text=Pyrrhussieg%20%E2%80%93%20%E2%80%9ELex%20Wolf%E2%80%9C%20passiert%20den%20Bundesrat\" title=\"Bei Twitter teilen\" aria-label=\"Bei Twitter teilen\" role=\"button\" rel=\"noopener nofollow\" class=\"shariff-link\" style=\"; background-color:#55acee; color:#fff\" target=\"_blank\"><span class=\"shariff-icon\" style=\"\"><svg width=\"32px\" height=\"20px\" xmlns=\"http:\/\/www.w3.org\/2000\/svg\" viewBox=\"0 0 30 32\"><path fill=\"#55acee\" d=\"M29.7 6.8q-1.2 1.8-3 3.1 0 0.3 0 0.8 0 2.5-0.7 4.9t-2.2 4.7-3.5 4-4.9 2.8-6.1 1q-5.1 0-9.3-2.7 0.6 0.1 1.5 0.1 4.3 0 7.6-2.6-2-0.1-3.5-1.2t-2.2-3q0.6 0.1 1.1 0.1 0.8 0 1.6-0.2-2.1-0.4-3.5-2.1t-1.4-3.9v-0.1q1.3 0.7 2.8 0.8-1.2-0.8-2-2.2t-0.7-2.9q0-1.7 0.8-3.1 2.3 2.8 5.5 4.5t7 1.9q-0.2-0.7-0.2-1.4 0-2.5 1.8-4.3t4.3-1.8q2.7 0 4.5 1.9 2.1-0.4 3.9-1.5-0.7 2.2-2.7 3.4 1.8-0.2 3.5-0.9z\"\/><\/svg><\/span><span class=\"shariff-text\">twittern<\/span>&nbsp;<span data-service=\"twitter\" style=\"color:#55acee\" class=\"shariff-count shariff-hidezero\"><\/span>&nbsp;<\/a><\/li><li class=\"shariff-button rss shariff-nocustomcolor\" style=\"background-color:#ff8c00\"><a href=\"https:\/\/wolfsmonitor.de\/?feed=rss\" title=\"RSS-feed\" aria-label=\"RSS-feed\" role=\"button\" class=\"shariff-link\" style=\"; background-color:#fe9312; color:#fff\" target=\"_blank\"><span class=\"shariff-icon\" style=\"\"><svg width=\"32px\" height=\"20px\" xmlns=\"http:\/\/www.w3.org\/2000\/svg\" viewBox=\"0 0 32 32\"><path fill=\"#fe9312\" d=\"M4.3 23.5c-2.3 0-4.3 1.9-4.3 4.3 0 2.3 1.9 4.2 4.3 4.2 2.4 0 4.3-1.9 4.3-4.2 0-2.3-1.9-4.3-4.3-4.3zM0 10.9v6.1c4 0 7.7 1.6 10.6 4.4 2.8 2.8 4.4 6.6 4.4 10.6h6.2c0-11.7-9.5-21.1-21.1-21.1zM0 0v6.1c14.2 0 25.8 11.6 25.8 25.9h6.2c0-17.6-14.4-32-32-32z\"\/><\/svg><\/span><span class=\"shariff-text\">RSS-feed<\/span>&nbsp;<\/a><\/li><li class=\"shariff-button mailto shariff-nocustomcolor\" style=\"background-color:#a8a8a8\"><a href=\"mailto:?body=https%3A%2F%2Fwolfsmonitor.de%2F%3Fp%3D18337&subject=Pyrrhussieg%20%E2%80%93%20%E2%80%9ELex%20Wolf%E2%80%9C%20passiert%20den%20Bundesrat\" title=\"Per E-Mail versenden\" aria-label=\"Per E-Mail versenden\" role=\"button\" rel=\"noopener nofollow\" class=\"shariff-link\" style=\"; background-color:#999; color:#fff\"><span class=\"shariff-icon\" style=\"\"><svg width=\"32px\" height=\"20px\" xmlns=\"http:\/\/www.w3.org\/2000\/svg\" viewBox=\"0 0 32 32\"><path fill=\"#999\" d=\"M32 12.7v14.2q0 1.2-0.8 2t-2 0.9h-26.3q-1.2 0-2-0.9t-0.8-2v-14.2q0.8 0.9 1.8 1.6 6.5 4.4 8.9 6.1 1 0.8 1.6 1.2t1.7 0.9 2 0.4h0.1q0.9 0 2-0.4t1.7-0.9 1.6-1.2q3-2.2 8.9-6.1 1-0.7 1.8-1.6zM32 7.4q0 1.4-0.9 2.7t-2.2 2.2q-6.7 4.7-8.4 5.8-0.2 0.1-0.7 0.5t-1 0.7-0.9 0.6-1.1 0.5-0.9 0.2h-0.1q-0.4 0-0.9-0.2t-1.1-0.5-0.9-0.6-1-0.7-0.7-0.5q-1.6-1.1-4.7-3.2t-3.6-2.6q-1.1-0.7-2.1-2t-1-2.5q0-1.4 0.7-2.3t2.1-0.9h26.3q1.2 0 2 0.8t0.9 2z\"\/><\/svg><\/span><span class=\"shariff-text\">E-Mail<\/span>&nbsp;<\/a><\/li><li class=\"shariff-button info shariff-nocustomcolor\" style=\"background-color:#a8a8a8\"><a href=\"http:\/\/ct.de\/-2467514\" title=\"Weitere Informationen\" aria-label=\"Weitere Informationen\" role=\"button\" rel=\"noopener \" class=\"shariff-link\" style=\"; background-color:#999; color:#fff\" target=\"_blank\"><span class=\"shariff-icon\" style=\"\"><svg width=\"32px\" height=\"20px\" xmlns=\"http:\/\/www.w3.org\/2000\/svg\" viewBox=\"0 0 11 32\"><path fill=\"#999\" d=\"M11.4 24v2.3q0 0.5-0.3 0.8t-0.8 0.4h-9.1q-0.5 0-0.8-0.4t-0.4-0.8v-2.3q0-0.5 0.4-0.8t0.8-0.4h1.1v-6.8h-1.1q-0.5 0-0.8-0.4t-0.4-0.8v-2.3q0-0.5 0.4-0.8t0.8-0.4h6.8q0.5 0 0.8 0.4t0.4 0.8v10.3h1.1q0.5 0 0.8 0.4t0.3 0.8zM9.2 3.4v3.4q0 0.5-0.4 0.8t-0.8 0.4h-4.6q-0.4 0-0.8-0.4t-0.4-0.8v-3.4q0-0.4 0.4-0.8t0.8-0.4h4.6q0.5 0 0.8 0.4t0.4 0.8z\"\/><\/svg><\/span><\/a><\/li><\/ul><\/div>","protected":false},"author":1,"featured_media":3493,"comment_status":"closed","ping_status":"open","sticky":false,"template":"","format":"standard","meta":{"spay_email":""},"categories":[2355],"tags":[8659,318,8193,5676,8940,9049,9051,6990,8123,9050],"jetpack_featured_media_url":"https:\/\/i1.wp.com\/wolfsmonitor.de\/wp-content\/uploads\/2016\/05\/Beitragsfoto-Heiko-Anders-Aktuell.jpg?fit=654%2C492&ssl=1","jetpack_shortlink":"https:\/\/wp.me\/p61YbU-4LL","jetpack-related-posts":[{"id":14958,"url":"https:\/\/wolfsmonitor.de\/?p=14958","url_meta":{"origin":18337,"position":0},"title":"Niedersachsen will Wolfsabsch\u00fcsse erleichtern!","date":"26. September 2018","format":false,"excerpt":"Das nieders\u00e4chsische Kabinett will auf Initiative von Umweltminister Olaf Lies den Umgang mit den W\u00f6lfen versch\u00e4rfen. Eine entsprechende Initiative soll voraussichtlich bei der n\u00e4chsten Sitzung am 19. Oktober in den Bundesrat eingebracht werden, so der NDR. Statt eines \"erheblichen Schadens\" soll demach k\u00fcnftig bereits ein \"ernster Schaden\" als Ausnahmevoraussetzung f\u00fcr\u2026","rel":"","context":"In &quot;Standpunkte&quot;","img":{"alt_text":"Wolf im Tierpark Nordhorn","src":"https:\/\/i0.wp.com\/wolfsmonitor.de\/wp-content\/uploads\/2015\/07\/Foto-Kommentar-2.jpg?fit=586%2C513&ssl=1&resize=350%2C200","width":350,"height":200},"classes":[]},{"id":18359,"url":"https:\/\/wolfsmonitor.de\/?p=18359","url_meta":{"origin":18337,"position":1},"title":"Kommentar: Nach dem Beschluss des Bundesrates","date":"17. Februar 2020","format":false,"excerpt":"W\u00e4hrend einige nun sicherlich denken, die W\u00fcrfel seien mit dem Bundesratsbeschluss endg\u00fcltig gefallen, glauben andere freilich weiterhin, die Hoffnung st\u00fcrbe zuletzt. Der Umweltminister eines deutschen Bundeslandes pr\u00e4sentierte sich unl\u00e4ngst in den Medien mit stolz geschwellter Brust, w\u00e4hrend sich die Umweltministerin eines anderen Bundeslandes gleichsam in zweifelnder Zur\u00fcckhaltung \u00fcbte. Die nun\u2026","rel":"","context":"In &quot;Standpunkte&quot;","img":{"alt_text":"Wolf im Tierpark Nordhorn","src":"https:\/\/i1.wp.com\/wolfsmonitor.de\/wp-content\/uploads\/2015\/04\/WM-Kommentar.jpg?fit=512%2C442&ssl=1&resize=350%2C200","width":350,"height":200},"classes":[]},{"id":17920,"url":"https:\/\/wolfsmonitor.de\/?p=17920","url_meta":{"origin":18337,"position":2},"title":"Ratlos im Bundesrat?","date":"23. September 2019","format":false,"excerpt":"Es reicht halt nicht, sich ideologisch auf dem richtigen Weg zu w\u00e4hnen, man sollte sich auch hin und wieder mit den Fakten vertraut machen. Was f\u00fcr Robert Habeck gestern galt, gilt f\u00fcr seine Partei in diesen Tagen nicht minder. Oder wie ist es zu verstehen, dass die Gr\u00fcnen im Bundesrat\u2026","rel":"","context":"In &quot;Standpunkte&quot;","img":{"alt_text":"Wolf im Tierpark Nordhorn","src":"https:\/\/i1.wp.com\/wolfsmonitor.de\/wp-content\/uploads\/2015\/04\/WM-Kommentar.jpg?fit=512%2C442&ssl=1&resize=350%2C200","width":350,"height":200},"classes":[]},{"id":18326,"url":"https:\/\/wolfsmonitor.de\/?p=18326","url_meta":{"origin":18337,"position":3},"title":"\u201eLex-Wolf\u201c am 14. Februar im Bundesrat \u2013 Ausschuss \u00e4u\u00dfert erhebliche Bedenken","date":"12. Februar 2020","format":false,"excerpt":"Der Bundesrat befasst sich am 14. Februar 2020 abschlie\u00dfend mit den vom Bundestag beschlossenen Regeln zum Umgang mit dem Wolf und einer entsprechenden \u00c4nderung im Bundesnaturschutzgesetz. Der Webseite des Bundesrates ist bereits jetzt die entsprechende Empfehlung des federf\u00fchrenden Ausschusses f\u00fcr Umwelt, Naturschutz und nukleare Sicherheit sowie des Ausschusses f\u00fcr Agrarpolitik\u2026","rel":"","context":"In &quot;Aktuell&quot;","img":{"alt_text":"Stehender Wolf im Tierpark Nordhorn (Foto: Vogler)","src":"https:\/\/i0.wp.com\/wolfsmonitor.de\/wp-content\/uploads\/2016\/03\/Beitragsfoto-Aktuell.jpg?fit=592%2C507&ssl=1&resize=350%2C200","width":350,"height":200},"classes":[]},{"id":17457,"url":"https:\/\/wolfsmonitor.de\/?p=17457","url_meta":{"origin":18337,"position":4},"title":"NABU: Geplante \"Lex Wolf\" unn\u00f6tig!","date":"26. Juni 2019","format":false,"excerpt":"Berlin \u2013 Der NABU appelliert an Vertreter der Bundesl\u00e4nder im Bundesrat, sich diesen Freitag gegen die vom Kabinett geplanten \u00c4nderungen im Bundesnaturschutzgesetz auszusprechen. Der sogenannten \u201eLex Wolf\u201c zufolge sollen W\u00f6lfe k\u00fcnftig einfacher geschossen werden k\u00f6nnen, auch wenn nicht sicher ist, ob es sich wirklich um das entsprechende Tier handelt. Aus\u2026","rel":"","context":"In &quot;Presseinformationen&quot;","img":{"alt_text":"Wolf im Tierpark (Foto: Vogler)","src":"https:\/\/i0.wp.com\/wolfsmonitor.de\/wp-content\/uploads\/2016\/09\/Beitragsfoto-PI-PM.jpg?fit=752%2C497&ssl=1&resize=350%2C200","width":350,"height":200},"classes":[]},{"id":15167,"url":"https:\/\/wolfsmonitor.de\/?p=15167","url_meta":{"origin":18337,"position":5},"title":"Am Freitag: Zweifelhafte Bundesratsinitiative","date":"17. Oktober 2018","format":false,"excerpt":"Niedersachsens Umweltminister Olaf Lies (SPD), Brandenburgs Agrarminister J\u00f6rg Vogels\u00e4nger (SPD) und Sachsens Umweltminister Thomas Schmidt (CDU) wollen am Freitag im Bundesrat u.a. einfachere Regulierungsm\u00f6glichkeiten der W\u00f6lfe beantragen. Die Opposition h\u00e4lt das Unterfangen zu Recht f\u00fcr aussichtslos und unterbreitet eigene Vorschl\u00e4ge. 10 Punkte umfasst der Antrag der L\u00e4nder Niedersachsen, Brandenburg und\u2026","rel":"","context":"In &quot;Aktuell&quot;","img":{"alt_text":"Wolf (Foto: Naturfotograf Heiko Anders)","src":"https:\/\/i1.wp.com\/wolfsmonitor.de\/wp-content\/uploads\/2016\/05\/Beitragsfoto-Heiko-Anders-Aktuell.jpg?fit=654%2C492&ssl=1&resize=350%2C200","width":350,"height":200},"classes":[]}],"_links":{"self":[{"href":"https:\/\/wolfsmonitor.de\/index.php?rest_route=\/wp\/v2\/posts\/18337"}],"collection":[{"href":"https:\/\/wolfsmonitor.de\/index.php?rest_route=\/wp\/v2\/posts"}],"about":[{"href":"https:\/\/wolfsmonitor.de\/index.php?rest_route=\/wp\/v2\/types\/post"}],"author":[{"embeddable":true,"href":"https:\/\/wolfsmonitor.de\/index.php?rest_route=\/wp\/v2\/users\/1"}],"replies":[{"embeddable":true,"href":"https:\/\/wolfsmonitor.de\/index.php?rest_route=%2Fwp%2Fv2%2Fcomments&post=18337"}],"version-history":[{"count":11,"href":"https:\/\/wolfsmonitor.de\/index.php?rest_route=\/wp\/v2\/posts\/18337\/revisions"}],"predecessor-version":[{"id":18351,"href":"https:\/\/wolfsmonitor.de\/index.php?rest_route=\/wp\/v2\/posts\/18337\/revisions\/18351"}],"wp:featuredmedia":[{"embeddable":true,"href":"https:\/\/wolfsmonitor.de\/index.php?rest_route=\/wp\/v2\/media\/3493"}],"wp:attachment":[{"href":"https:\/\/wolfsmonitor.de\/index.php?rest_route=%2Fwp%2Fv2%2Fmedia&parent=18337"}],"wp:term":[{"taxonomy":"category","embeddable":true,"href":"https:\/\/wolfsmonitor.de\/index.php?rest_route=%2Fwp%2Fv2%2Fcategories&post=18337"},{"taxonomy":"post_tag","embeddable":true,"href":"https:\/\/wolfsmonitor.de\/index.php?rest_route=%2Fwp%2Fv2%2Ftags&post=18337"}],"curies":[{"name":"wp","href":"https:\/\/api.w.org\/{rel}","templated":true}]}}