{"id":2221,"date":"2016-01-12T13:05:52","date_gmt":"2016-01-12T11:05:52","guid":{"rendered":"http:\/\/wolfsmonitor.de\/?p=2221"},"modified":"2018-05-05T14:08:07","modified_gmt":"2018-05-05T12:08:07","slug":"keine-angst-schueren-sondern-sensibilisieren","status":"publish","type":"post","link":"https:\/\/wolfsmonitor.de\/?p=2221","title":{"rendered":"\u201eKeine Angst sch\u00fcren, sondern sensibilisieren!\u201c"},"content":{"rendered":"<p><strong>In einem Seminar, an dem ich vor einigen Jahren einmal teilnahm, sprach ein Neurolinguistiker davon, dass das menschliche Gehirn das Wort \u201enicht\u201c und die meisten Satzteile, die vor dem Wort \u201eaber\u201c verwendet werden, nur sehr schwer verarbeiten kann.<\/strong> Ich war nun dementsprechend sensibilisiert und achtete im Alltag folglich \u00f6fter darauf und siehe da, es scheint tats\u00e4chlich zu stimmen.<\/p>\n<hr \/>\n<p>Sensibilisieren, das will auch Rudi Heinisch aus dem brandenburgischen Buchholz bei Niemegk mit Hilfe eines Presseartikels, der am 10. Januar in der MOZ ver\u00f6ffentlicht wurde. (*1). Er legt darin Wert darauf, dass er keine \u00c4ngste vor dem Wolf sch\u00fcren m\u00f6chte. <!--more-->Es gibt eigentlich auch keinen Grund daf\u00fcr, denn Isegrim \u201enaschte dort schlie\u00dflich in den vergangenen Wochen weder in Schaf- noch in Rinderherden\u201c, aber\u2026.schauen wir uns doch einmal einige Aussagen des erfahrenen Waidmannes etwas genauer an:<\/p>\n<p><strong>Originaltext:<\/strong><\/p>\n<p><em>\u2026\u201cDas Tier wurde im Jagdrevier von Rudi Heinisch in Buchholz bei Niemegk, unweit des Dorfes, von mindestens zwei W\u00f6lfen zur Strecke gebracht. &#8222;Den Fundort hatte mir zuvor ein Nachbar hier aus Buchholz gemeldet&#8220;, so Weidmann Heinisch und zeigt Aufnahmen des durch zwei Kehlbisse get\u00f6teten Tieres, das eigentlich ganz legal auf Isegrims Speiseplan stehen darf.\u201c\u2026<\/em><\/p>\n<p>und<\/p>\n<p><em>\u2026\u201cHeinisch treibt eine Sorge. Er sagt: &#8222;Meiner Meinung nach ist schon bedenklich, dass W\u00f6lfe inzwischen unweit der Ortschaften solch starke Hirsche rei\u00dfen&#8220;. Geschehen nur knapp 600 Meter von der Ortslage Buchholz entfernt und mit ziemlicher Sicherheit zur sch\u00f6nsten Mittagszeit.\u201c\u2026<\/em><\/p>\n<p><strong>Kommentar:<\/strong><\/p>\n<hr \/>\n<p>Der Hinweis, dass zwei Kehlbisse zum Tod des Damhirsches f\u00fchrten, ist allein kein ausreichender Beleg daf\u00fcr, dass \u201emindestens zwei W\u00f6lfe\u201c an dem Riss beteiligt waren. Es d\u00fcrfte sich um eine Spekulation Heinischs handeln, weil eben auch ein einzelner Wolf \u201enachgefasst\u201c haben k\u00f6nnte. \u00c4hnlich sieht es bei der Vermutung aus, dass der Hirsch \u201ezur sch\u00f6nsten Mittagszeit\u201c gerissen wurde. Der Text bietet keinen Aufschluss dar\u00fcber, warum gerade in der Mittagszeit. Ich m\u00f6chte jedoch den Wahrheitsgehalt der Aussagen und die Expertise des Waidmanns Heinischs an dieser Stelle gar nicht anzweifeln, ich m\u00f6chte allerdings f\u00fcr einen m\u00f6glichen anderen Hergang sensibilisieren&#8230;<\/p>\n<p><strong>\u2026denn weiter hei\u00dft es im Originaltext:<\/strong><\/p>\n<hr \/>\n<p><em>\u2026\u201cDeshalb versucht er den Vorfall in die \u00d6ffentlichkeit zu bringen. Jedoch nicht um Angst zu sch\u00fcren, sondern um zu sensibilisieren. &#8222;Ich will niemanden verr\u00fcckt machen und habe nichts gegen den Wolf&#8220;, so der erfahrene Weidmann. Er erg\u00e4nzt: &#8222;Die Menschen m\u00fcssen aber wissen, dass der Wolf dicht am Dorf jagt&#8220;\u2026<\/em><\/p>\n<p><strong>Kommentar:<\/strong><\/p>\n<p>Er \u201em\u00f6chte niemanden verr\u00fcckt machen und hat nichts gegen den Wolf\u201c, so wird Heinisch zitiert. Wenn man dann im weiteren Verlauf des Textes jedoch folgende \u00c4u\u00dferungen liest,<\/p>\n<p><em>\u2026\u201cKritisch beurteilt er die immer gr\u00f6\u00dfer werdende Population\u201c\u2026<\/em><br \/>\n<em>\u2026\u201eWas passieren k\u00f6nnte, wenn ein Artgenosse zu einem &#8222;Problemtier&#8220; wird, das infolge Krankheit oder Verletzung den Hunger nicht mehr artgerecht stillen kann &#8211; will man sich besser nicht vorstellen.\u201c\u2026<\/em><br \/>\n<em>\u2026\u201cHeinisch vertritt in diesem Zusammenhang auch die Ansicht, dass Isegrim hierzulande verniedlicht wird. Er mahnt: &#8222;Die Ausbreitung des Wolfes braucht dringend Augenma\u00df&#8220;\u2026<\/em><br \/>\n<em>\u2026\u201cDen Fund des gerissenen Damhirsches deutet er als Beleg daf\u00fcr, dass einzelne Exemplare die ihnen eigentlich angeborene Scheu vor dem Menschen bereits verloren haben.\u201c\u2026<\/em><\/p>\n<p>\u2026dann erweckt das beim Leser durchaus einen anderen Eindruck. Heinisch ist gelungen, was er gezielt vermeiden wollte! Unabh\u00e4ngig davon, ob eine Entfernung von 600 Metern zum Dorf als ausreichend weit oder bereits als zu nah empfunden wird, bietet der gesamte Artikel meines Erachtens am Ende nur einen einzigen brauchbaren Hinweis: <strong>Hunde sollten in Wolfsgebieten stets angeleint werden!<\/strong><\/p>\n<p>Ich m\u00f6chte mit diesem Artikel niemanden verr\u00fcckt machen und habe nichts gegen Herrn Heinisch, die Menschen sollten aber wissen, dass vermutlich auch er dicht am Dorf jagt\u2026.<\/p>\n<hr \/>\n<p>Herzlichst<\/p>\n<p>Ihr<\/p>\n<p>J\u00fcrgen Vogler<\/p>\n<hr \/>\n<p><em>(Quelle: (*1) M\u00e4rkische Onlinezeitung, www.moz.de, vom 10.01.2016, Artikel von B\u00e4rbel Kraemer: &#8222;Keine Angst sch\u00fcren, sensibilisieren!&#8220;, abgerufen am 12.01.2016, <a title=\"MOZ, 10.01.2016\" href=\"http:\/\/www.moz.de\/heimat\/lokalredaktionen\/bad-belzig\/bad-belzig-artikel\/dg\/0\/1\/1449539\/\" target=\"_blank\"><span style=\"color: #0000ff;\">hier der Link!<\/span><\/a>)<\/em><\/p>\n<div class=\"shariff shariff-align-center shariff-widget-align-center\" data-services=\"facebook%7Ctwitter\" data-url=\"https%3A%2F%2Fwolfsmonitor.de%2F%3Fp%3D2221\" data-timestamp=\"1525529287\" data-backendurl=\"?rest_route=\/shariff\/v1\/share_counts&\"><ul class=\"shariff-buttons theme-color orientation-horizontal buttonsize-small\"><li class=\"shariff-button facebook shariff-nocustomcolor\" style=\"background-color:#4273c8\"><a href=\"https:\/\/www.facebook.com\/sharer\/sharer.php?u=https%3A%2F%2Fwolfsmonitor.de%2F%3Fp%3D2221\" title=\"Bei Facebook teilen\" aria-label=\"Bei Facebook teilen\" role=\"button\" rel=\"nofollow\" class=\"shariff-link\" style=\"; background-color:#3b5998; color:#fff\" target=\"_blank\"><span class=\"shariff-icon\" style=\"\"><svg width=\"32px\" height=\"20px\" xmlns=\"http:\/\/www.w3.org\/2000\/svg\" viewBox=\"0 0 18 32\"><path fill=\"#3b5998\" d=\"M17.1 0.2v4.7h-2.8q-1.5 0-2.1 0.6t-0.5 1.9v3.4h5.2l-0.7 5.3h-4.5v13.6h-5.5v-13.6h-4.5v-5.3h4.5v-3.9q0-3.3 1.9-5.2t5-1.8q2.6 0 4.1 0.2z\"\/><\/svg><\/span><span class=\"shariff-text\">teilen<\/span>&nbsp;<span data-service=\"facebook\" style=\"color:#3b5998\" class=\"shariff-count shariff-hidezero\"><\/span>&nbsp;<\/a><\/li><li class=\"shariff-button twitter shariff-nocustomcolor\" style=\"background-color:#32bbf5\"><a href=\"https:\/\/twitter.com\/share?url=https%3A%2F%2Fwolfsmonitor.de%2F%3Fp%3D2221&text=%E2%80%9EKeine%20Angst%20sch%C3%BCren%2C%20sondern%20sensibilisieren%21%E2%80%9C\" title=\"Bei Twitter teilen\" aria-label=\"Bei Twitter teilen\" role=\"button\" rel=\"noopener nofollow\" class=\"shariff-link\" style=\"; background-color:#55acee; color:#fff\" target=\"_blank\"><span class=\"shariff-icon\" style=\"\"><svg width=\"32px\" height=\"20px\" xmlns=\"http:\/\/www.w3.org\/2000\/svg\" viewBox=\"0 0 30 32\"><path fill=\"#55acee\" d=\"M29.7 6.8q-1.2 1.8-3 3.1 0 0.3 0 0.8 0 2.5-0.7 4.9t-2.2 4.7-3.5 4-4.9 2.8-6.1 1q-5.1 0-9.3-2.7 0.6 0.1 1.5 0.1 4.3 0 7.6-2.6-2-0.1-3.5-1.2t-2.2-3q0.6 0.1 1.1 0.1 0.8 0 1.6-0.2-2.1-0.4-3.5-2.1t-1.4-3.9v-0.1q1.3 0.7 2.8 0.8-1.2-0.8-2-2.2t-0.7-2.9q0-1.7 0.8-3.1 2.3 2.8 5.5 4.5t7 1.9q-0.2-0.7-0.2-1.4 0-2.5 1.8-4.3t4.3-1.8q2.7 0 4.5 1.9 2.1-0.4 3.9-1.5-0.7 2.2-2.7 3.4 1.8-0.2 3.5-0.9z\"\/><\/svg><\/span><span class=\"shariff-text\">twittern<\/span>&nbsp;<span data-service=\"twitter\" style=\"color:#55acee\" class=\"shariff-count shariff-hidezero\"><\/span>&nbsp;<\/a><\/li><li class=\"shariff-button rss shariff-nocustomcolor\" style=\"background-color:#ff8c00\"><a href=\"https:\/\/wolfsmonitor.de\/?feed=rss\" title=\"RSS-feed\" aria-label=\"RSS-feed\" role=\"button\" class=\"shariff-link\" style=\"; background-color:#fe9312; color:#fff\" target=\"_blank\"><span class=\"shariff-icon\" style=\"\"><svg width=\"32px\" height=\"20px\" xmlns=\"http:\/\/www.w3.org\/2000\/svg\" viewBox=\"0 0 32 32\"><path fill=\"#fe9312\" d=\"M4.3 23.5c-2.3 0-4.3 1.9-4.3 4.3 0 2.3 1.9 4.2 4.3 4.2 2.4 0 4.3-1.9 4.3-4.2 0-2.3-1.9-4.3-4.3-4.3zM0 10.9v6.1c4 0 7.7 1.6 10.6 4.4 2.8 2.8 4.4 6.6 4.4 10.6h6.2c0-11.7-9.5-21.1-21.1-21.1zM0 0v6.1c14.2 0 25.8 11.6 25.8 25.9h6.2c0-17.6-14.4-32-32-32z\"\/><\/svg><\/span><span class=\"shariff-text\">RSS-feed<\/span>&nbsp;<\/a><\/li><li class=\"shariff-button mailto shariff-nocustomcolor\" style=\"background-color:#a8a8a8\"><a href=\"mailto:?body=https%3A%2F%2Fwolfsmonitor.de%2F%3Fp%3D2221&subject=%E2%80%9EKeine%20Angst%20sch%C3%BCren%2C%20sondern%20sensibilisieren%21%E2%80%9C\" title=\"Per E-Mail versenden\" aria-label=\"Per E-Mail versenden\" role=\"button\" rel=\"noopener nofollow\" class=\"shariff-link\" style=\"; background-color:#999; color:#fff\"><span class=\"shariff-icon\" style=\"\"><svg width=\"32px\" height=\"20px\" xmlns=\"http:\/\/www.w3.org\/2000\/svg\" viewBox=\"0 0 32 32\"><path fill=\"#999\" d=\"M32 12.7v14.2q0 1.2-0.8 2t-2 0.9h-26.3q-1.2 0-2-0.9t-0.8-2v-14.2q0.8 0.9 1.8 1.6 6.5 4.4 8.9 6.1 1 0.8 1.6 1.2t1.7 0.9 2 0.4h0.1q0.9 0 2-0.4t1.7-0.9 1.6-1.2q3-2.2 8.9-6.1 1-0.7 1.8-1.6zM32 7.4q0 1.4-0.9 2.7t-2.2 2.2q-6.7 4.7-8.4 5.8-0.2 0.1-0.7 0.5t-1 0.7-0.9 0.6-1.1 0.5-0.9 0.2h-0.1q-0.4 0-0.9-0.2t-1.1-0.5-0.9-0.6-1-0.7-0.7-0.5q-1.6-1.1-4.7-3.2t-3.6-2.6q-1.1-0.7-2.1-2t-1-2.5q0-1.4 0.7-2.3t2.1-0.9h26.3q1.2 0 2 0.8t0.9 2z\"\/><\/svg><\/span><span class=\"shariff-text\">E-Mail<\/span>&nbsp;<\/a><\/li><li class=\"shariff-button info shariff-nocustomcolor\" style=\"background-color:#a8a8a8\"><a href=\"http:\/\/ct.de\/-2467514\" title=\"Weitere Informationen\" aria-label=\"Weitere Informationen\" role=\"button\" rel=\"noopener \" class=\"shariff-link\" style=\"; background-color:#999; color:#fff\" target=\"_blank\"><span class=\"shariff-icon\" style=\"\"><svg width=\"32px\" height=\"20px\" xmlns=\"http:\/\/www.w3.org\/2000\/svg\" viewBox=\"0 0 11 32\"><path fill=\"#999\" d=\"M11.4 24v2.3q0 0.5-0.3 0.8t-0.8 0.4h-9.1q-0.5 0-0.8-0.4t-0.4-0.8v-2.3q0-0.5 0.4-0.8t0.8-0.4h1.1v-6.8h-1.1q-0.5 0-0.8-0.4t-0.4-0.8v-2.3q0-0.5 0.4-0.8t0.8-0.4h6.8q0.5 0 0.8 0.4t0.4 0.8v10.3h1.1q0.5 0 0.8 0.4t0.3 0.8zM9.2 3.4v3.4q0 0.5-0.4 0.8t-0.8 0.4h-4.6q-0.4 0-0.8-0.4t-0.4-0.8v-3.4q0-0.4 0.4-0.8t0.8-0.4h4.6q0.5 0 0.8 0.4t0.4 0.8z\"\/><\/svg><\/span><\/a><\/li><\/ul><\/div>","protected":false},"excerpt":{"rendered":"<p>In einem Seminar, an dem ich vor einigen Jahren einmal teilnahm, sprach ein Neurolinguistiker davon, dass das menschliche Gehirn das Wort \u201enicht\u201c und die meisten Satzteile, die vor dem Wort \u201eaber\u201c verwendet werden, nur sehr schwer verarbeiten kann. Ich war nun dementsprechend sensibilisiert und achtete im Alltag folglich \u00f6fter darauf und siehe da, es scheint [&hellip;]<\/p>\n<div class=\"shariff shariff-align-center shariff-widget-align-center\" data-services=\"facebook%7Ctwitter\" data-url=\"https%3A%2F%2Fwolfsmonitor.de%2F%3Fp%3D2221\" data-timestamp=\"1525529287\" data-backendurl=\"?rest_route=\/shariff\/v1\/share_counts&\"><ul class=\"shariff-buttons theme-color orientation-horizontal buttonsize-small\"><li class=\"shariff-button facebook shariff-nocustomcolor\" style=\"background-color:#4273c8\"><a href=\"https:\/\/www.facebook.com\/sharer\/sharer.php?u=https%3A%2F%2Fwolfsmonitor.de%2F%3Fp%3D2221\" title=\"Bei Facebook teilen\" aria-label=\"Bei Facebook teilen\" role=\"button\" rel=\"nofollow\" class=\"shariff-link\" style=\"; background-color:#3b5998; color:#fff\" target=\"_blank\"><span class=\"shariff-icon\" style=\"\"><svg width=\"32px\" height=\"20px\" xmlns=\"http:\/\/www.w3.org\/2000\/svg\" viewBox=\"0 0 18 32\"><path fill=\"#3b5998\" d=\"M17.1 0.2v4.7h-2.8q-1.5 0-2.1 0.6t-0.5 1.9v3.4h5.2l-0.7 5.3h-4.5v13.6h-5.5v-13.6h-4.5v-5.3h4.5v-3.9q0-3.3 1.9-5.2t5-1.8q2.6 0 4.1 0.2z\"\/><\/svg><\/span><span class=\"shariff-text\">teilen<\/span>&nbsp;<span data-service=\"facebook\" style=\"color:#3b5998\" class=\"shariff-count shariff-hidezero\"><\/span>&nbsp;<\/a><\/li><li class=\"shariff-button twitter shariff-nocustomcolor\" style=\"background-color:#32bbf5\"><a href=\"https:\/\/twitter.com\/share?url=https%3A%2F%2Fwolfsmonitor.de%2F%3Fp%3D2221&text=%E2%80%9EKeine%20Angst%20sch%C3%BCren%2C%20sondern%20sensibilisieren%21%E2%80%9C\" title=\"Bei Twitter teilen\" aria-label=\"Bei Twitter teilen\" role=\"button\" rel=\"noopener nofollow\" class=\"shariff-link\" style=\"; background-color:#55acee; color:#fff\" target=\"_blank\"><span class=\"shariff-icon\" style=\"\"><svg width=\"32px\" height=\"20px\" xmlns=\"http:\/\/www.w3.org\/2000\/svg\" viewBox=\"0 0 30 32\"><path fill=\"#55acee\" d=\"M29.7 6.8q-1.2 1.8-3 3.1 0 0.3 0 0.8 0 2.5-0.7 4.9t-2.2 4.7-3.5 4-4.9 2.8-6.1 1q-5.1 0-9.3-2.7 0.6 0.1 1.5 0.1 4.3 0 7.6-2.6-2-0.1-3.5-1.2t-2.2-3q0.6 0.1 1.1 0.1 0.8 0 1.6-0.2-2.1-0.4-3.5-2.1t-1.4-3.9v-0.1q1.3 0.7 2.8 0.8-1.2-0.8-2-2.2t-0.7-2.9q0-1.7 0.8-3.1 2.3 2.8 5.5 4.5t7 1.9q-0.2-0.7-0.2-1.4 0-2.5 1.8-4.3t4.3-1.8q2.7 0 4.5 1.9 2.1-0.4 3.9-1.5-0.7 2.2-2.7 3.4 1.8-0.2 3.5-0.9z\"\/><\/svg><\/span><span class=\"shariff-text\">twittern<\/span>&nbsp;<span data-service=\"twitter\" style=\"color:#55acee\" class=\"shariff-count shariff-hidezero\"><\/span>&nbsp;<\/a><\/li><li class=\"shariff-button rss shariff-nocustomcolor\" style=\"background-color:#ff8c00\"><a href=\"https:\/\/wolfsmonitor.de\/?feed=rss\" title=\"RSS-feed\" aria-label=\"RSS-feed\" role=\"button\" class=\"shariff-link\" style=\"; background-color:#fe9312; color:#fff\" target=\"_blank\"><span class=\"shariff-icon\" style=\"\"><svg width=\"32px\" height=\"20px\" xmlns=\"http:\/\/www.w3.org\/2000\/svg\" viewBox=\"0 0 32 32\"><path fill=\"#fe9312\" d=\"M4.3 23.5c-2.3 0-4.3 1.9-4.3 4.3 0 2.3 1.9 4.2 4.3 4.2 2.4 0 4.3-1.9 4.3-4.2 0-2.3-1.9-4.3-4.3-4.3zM0 10.9v6.1c4 0 7.7 1.6 10.6 4.4 2.8 2.8 4.4 6.6 4.4 10.6h6.2c0-11.7-9.5-21.1-21.1-21.1zM0 0v6.1c14.2 0 25.8 11.6 25.8 25.9h6.2c0-17.6-14.4-32-32-32z\"\/><\/svg><\/span><span class=\"shariff-text\">RSS-feed<\/span>&nbsp;<\/a><\/li><li class=\"shariff-button mailto shariff-nocustomcolor\" style=\"background-color:#a8a8a8\"><a href=\"mailto:?body=https%3A%2F%2Fwolfsmonitor.de%2F%3Fp%3D2221&subject=%E2%80%9EKeine%20Angst%20sch%C3%BCren%2C%20sondern%20sensibilisieren%21%E2%80%9C\" title=\"Per E-Mail versenden\" aria-label=\"Per E-Mail versenden\" role=\"button\" rel=\"noopener nofollow\" class=\"shariff-link\" style=\"; background-color:#999; color:#fff\"><span class=\"shariff-icon\" style=\"\"><svg width=\"32px\" height=\"20px\" xmlns=\"http:\/\/www.w3.org\/2000\/svg\" viewBox=\"0 0 32 32\"><path fill=\"#999\" d=\"M32 12.7v14.2q0 1.2-0.8 2t-2 0.9h-26.3q-1.2 0-2-0.9t-0.8-2v-14.2q0.8 0.9 1.8 1.6 6.5 4.4 8.9 6.1 1 0.8 1.6 1.2t1.7 0.9 2 0.4h0.1q0.9 0 2-0.4t1.7-0.9 1.6-1.2q3-2.2 8.9-6.1 1-0.7 1.8-1.6zM32 7.4q0 1.4-0.9 2.7t-2.2 2.2q-6.7 4.7-8.4 5.8-0.2 0.1-0.7 0.5t-1 0.7-0.9 0.6-1.1 0.5-0.9 0.2h-0.1q-0.4 0-0.9-0.2t-1.1-0.5-0.9-0.6-1-0.7-0.7-0.5q-1.6-1.1-4.7-3.2t-3.6-2.6q-1.1-0.7-2.1-2t-1-2.5q0-1.4 0.7-2.3t2.1-0.9h26.3q1.2 0 2 0.8t0.9 2z\"\/><\/svg><\/span><span class=\"shariff-text\">E-Mail<\/span>&nbsp;<\/a><\/li><li class=\"shariff-button info shariff-nocustomcolor\" style=\"background-color:#a8a8a8\"><a href=\"http:\/\/ct.de\/-2467514\" title=\"Weitere Informationen\" aria-label=\"Weitere Informationen\" role=\"button\" rel=\"noopener \" class=\"shariff-link\" style=\"; background-color:#999; color:#fff\" target=\"_blank\"><span class=\"shariff-icon\" style=\"\"><svg width=\"32px\" height=\"20px\" xmlns=\"http:\/\/www.w3.org\/2000\/svg\" viewBox=\"0 0 11 32\"><path fill=\"#999\" d=\"M11.4 24v2.3q0 0.5-0.3 0.8t-0.8 0.4h-9.1q-0.5 0-0.8-0.4t-0.4-0.8v-2.3q0-0.5 0.4-0.8t0.8-0.4h1.1v-6.8h-1.1q-0.5 0-0.8-0.4t-0.4-0.8v-2.3q0-0.5 0.4-0.8t0.8-0.4h6.8q0.5 0 0.8 0.4t0.4 0.8v10.3h1.1q0.5 0 0.8 0.4t0.3 0.8zM9.2 3.4v3.4q0 0.5-0.4 0.8t-0.8 0.4h-4.6q-0.4 0-0.8-0.4t-0.4-0.8v-3.4q0-0.4 0.4-0.8t0.8-0.4h4.6q0.5 0 0.8 0.4t0.4 0.8z\"\/><\/svg><\/span><\/a><\/li><\/ul><\/div>","protected":false},"author":1,"featured_media":247,"comment_status":"closed","ping_status":"open","sticky":false,"template":"","format":"standard","meta":{"spay_email":""},"categories":[3],"tags":[1814,1816,412,1812,1815,1818,1817,1810,1813,1811,43,105],"jetpack_featured_media_url":"https:\/\/i1.wp.com\/wolfsmonitor.de\/wp-content\/uploads\/2015\/04\/WM-Kommentar.jpg?fit=512%2C442&ssl=1","jetpack_shortlink":"https:\/\/wp.me\/p61YbU-zP","jetpack-related-posts":[{"id":279,"url":"https:\/\/wolfsmonitor.de\/?p=279","url_meta":{"origin":2221,"position":0},"title":"Umfrage zu \u00c4ngsten vor W\u00f6lfen","date":"21. April 2015","format":false,"excerpt":"Bereits Charles Darwin beschrieb im Jahr 1872 sechs grundlegende Emotionen bei Menschen, die als Darwins \u201ebig six\u201c bekannt wurden. Demnach hat neben Freude, \u00dcberraschung, Traurigkeit, Ekel und Zorn die Angst einen pr\u00e4genden Einfluss auf das menschliche Wohlbefinden. Angst ist eine oftmals unbewusste Emotion mit sp\u00fcrbar physischen Auswirkungen, die auftreten, wenn\u2026","rel":"","context":"In &quot;Standpunkte&quot;","img":{"alt_text":"Wolf im Tierpark Nordhorn","src":"https:\/\/i1.wp.com\/wolfsmonitor.de\/wp-content\/uploads\/2015\/04\/WM-Kommentar.jpg?fit=512%2C442&ssl=1&resize=350%2C200","width":350,"height":200},"classes":[]},{"id":4897,"url":"https:\/\/wolfsmonitor.de\/?p=4897","url_meta":{"origin":2221,"position":1},"title":"Schleswig-Holstein: Wolfshotline jederzeit zu erreichen!","date":"3. September 2016","format":false,"excerpt":"Das Landesamt f\u00fcr Landwirtschaft, Umwelt und l\u00e4ndliche R\u00e4ume in Schleswig-Holstein weist aus gegebenen Anla\u00df darauf hin, dass die \"Wolfshotline\" unter der Telefonnummer 0 174 \/ 63 30 335 jederzeit zu erreichen ist, insbesondere, wenn Ger\u00fcchte um angebliche Wolfsangriffe f\u00fcr Unsicherheit sorgen. Die Hotline-Mitarbeiter nehmen Fragen und jede Art von Hinweisen\u2026","rel":"","context":"In &quot;Presseinformationen&quot;","img":{"alt_text":"Foto: Naturfotograf Heiko Anders","src":"https:\/\/i2.wp.com\/wolfsmonitor.de\/wp-content\/uploads\/2016\/05\/HA-Beitragsfoto-Presseinfo-2.jpg?fit=627%2C410&ssl=1&resize=350%2C200","width":350,"height":200},"classes":[]},{"id":2173,"url":"https:\/\/wolfsmonitor.de\/?p=2173","url_meta":{"origin":2221,"position":2},"title":"Die merkw\u00fcrdigen Motive eines Jagdp\u00e4chters aus Barnstorf","date":"8. Januar 2016","format":false,"excerpt":"Wenn jemand den Weg \u00fcber die Medien w\u00e4hlt, hat er gew\u00f6hnlich etwas zu sagen. Was einen Jagdp\u00e4chter aus Barnstorf jedoch dazu bewogen hat, sich k\u00fcrzlich in der \u201eMediengruppe - Kreiszeitung\u201c zu \u00e4u\u00dfern, bleibt schleierhaft. Dass einer der drei- bis vierhundert W\u00f6lfe in Deutschland in der Neujahrsnacht nach Nahrung sucht, d\u00fcrfte\u2026","rel":"","context":"In &quot;Standpunkte&quot;","img":{"alt_text":"Wolf im Tierpark Nordhorn","src":"https:\/\/i0.wp.com\/wolfsmonitor.de\/wp-content\/uploads\/2015\/07\/Foto-Kommentar-2.jpg?fit=586%2C513&ssl=1&resize=350%2C200","width":350,"height":200},"classes":[]},{"id":363,"url":"https:\/\/wolfsmonitor.de\/?p=363","url_meta":{"origin":2221,"position":3},"title":"3 Antworten von Heino Krannich","date":"24. April 2015","format":false,"excerpt":"Heino Krannich (Foto rechts mit seinem treuen Gef\u00e4hrten Watson, Foto: Heino Krannich) gilt weltweit als ausgewiesener und gefragter Experte f\u00fcr die ganz schwierigen F\u00e4lle, wenn es darum geht, Tiere einzufangen, sie durch die sanfte Methode der Distanznarkose zu bet\u00e4uben und sie zu transportieren. In weit \u00fcber 1.300 F\u00e4llen konnte er\u2026","rel":"","context":"In &quot;Interviews&quot;","img":{"alt_text":"Heino Krannich, weltweit gefragter Distanznarkoseexperte","src":"https:\/\/i0.wp.com\/wolfsmonitor.de\/wp-content\/uploads\/2015\/04\/watson-2.jpg?fit=510%2C768&ssl=1&resize=350%2C200","width":350,"height":200},"classes":[]},{"id":14137,"url":"https:\/\/wolfsmonitor.de\/?p=14137","url_meta":{"origin":2221,"position":4},"title":"Niedersachsen: \"Unseri\u00f6se und v\u00f6llig haltlose Behauptungen\"","date":"4. Juli 2018","format":false,"excerpt":"Der stellvertretende Vorsitzende der CDU-Landtagsfraktion in Niedersachsen, Martin B\u00e4umer, behauptete vor einigen Wochen \u00f6ffentlich, bis 2030 werde es \u00fcber 40.000 W\u00f6lfe in Deutschland geben. Deshalb forderte er das \"konsequente T\u00f6ten von W\u00f6lfen in Niedersachsen\" (Wolfsmonitor berichtete, hier!). In einer Pressemitteilung meldete sich nun der ehemalige nieders\u00e4chsische Landwirtschaftsminister, Christian Meyer, darauf\u2026","rel":"","context":"In &quot;Presseinformationen&quot;","img":{"alt_text":"Foto: Naturfotograf Heiko Anders","src":"https:\/\/i2.wp.com\/wolfsmonitor.de\/wp-content\/uploads\/2016\/05\/HA-Beitragsfoto-Presseinfo-2.jpg?fit=627%2C410&ssl=1&resize=350%2C200","width":350,"height":200},"classes":[]},{"id":8420,"url":"https:\/\/wolfsmonitor.de\/?p=8420","url_meta":{"origin":2221,"position":5},"title":"Fortsetzung: Leserbriefe von Ulrich Wotschikowsky und Jost Maurin","date":"13. April 2017","format":false,"excerpt":"Mit den Worten \u201eFortsetzung folgt\u201c endete am Montag der etwas l\u00e4ngere Wolfsmonitor-Artikel \u201eEin \u201eWolfsdrama\u201c in mehreren Akten\u2026\u201c (hier!), der auch die Reaktion des anerkannten Wolfsexperten Ulrich Wotschikowsky auf einen TAZ-Artikel (hier!) von Jost Maurin enthielt. Auf der Facebook-Seite \u201eW\u00f6lfe-Fakten\u201c antwortete Jost Maurin nun auf den Leserbrief von Ulrich Wotschikowsky wie\u2026","rel":"","context":"In &quot;Aktuell&quot;","img":{"alt_text":"Stehender Wolf im Tierpark Nordhorn (Foto: Vogler)","src":"https:\/\/i0.wp.com\/wolfsmonitor.de\/wp-content\/uploads\/2016\/03\/Beitragsfoto-Aktuell.jpg?fit=592%2C507&ssl=1&resize=350%2C200","width":350,"height":200},"classes":[]}],"_links":{"self":[{"href":"https:\/\/wolfsmonitor.de\/index.php?rest_route=\/wp\/v2\/posts\/2221"}],"collection":[{"href":"https:\/\/wolfsmonitor.de\/index.php?rest_route=\/wp\/v2\/posts"}],"about":[{"href":"https:\/\/wolfsmonitor.de\/index.php?rest_route=\/wp\/v2\/types\/post"}],"author":[{"embeddable":true,"href":"https:\/\/wolfsmonitor.de\/index.php?rest_route=\/wp\/v2\/users\/1"}],"replies":[{"embeddable":true,"href":"https:\/\/wolfsmonitor.de\/index.php?rest_route=%2Fwp%2Fv2%2Fcomments&post=2221"}],"version-history":[{"count":4,"href":"https:\/\/wolfsmonitor.de\/index.php?rest_route=\/wp\/v2\/posts\/2221\/revisions"}],"predecessor-version":[{"id":2225,"href":"https:\/\/wolfsmonitor.de\/index.php?rest_route=\/wp\/v2\/posts\/2221\/revisions\/2225"}],"wp:featuredmedia":[{"embeddable":true,"href":"https:\/\/wolfsmonitor.de\/index.php?rest_route=\/wp\/v2\/media\/247"}],"wp:attachment":[{"href":"https:\/\/wolfsmonitor.de\/index.php?rest_route=%2Fwp%2Fv2%2Fmedia&parent=2221"}],"wp:term":[{"taxonomy":"category","embeddable":true,"href":"https:\/\/wolfsmonitor.de\/index.php?rest_route=%2Fwp%2Fv2%2Fcategories&post=2221"},{"taxonomy":"post_tag","embeddable":true,"href":"https:\/\/wolfsmonitor.de\/index.php?rest_route=%2Fwp%2Fv2%2Ftags&post=2221"}],"curies":[{"name":"wp","href":"https:\/\/api.w.org\/{rel}","templated":true}]}}