{"id":2343,"date":"2016-01-30T09:17:38","date_gmt":"2016-01-30T07:17:38","guid":{"rendered":"http:\/\/wolfsmonitor.de\/?p=2343"},"modified":"2018-05-05T14:08:44","modified_gmt":"2018-05-05T12:08:44","slug":"bruno-hespeler-das-problem-stinkt-zum-himmel","status":"publish","type":"post","link":"https:\/\/wolfsmonitor.de\/?p=2343","title":{"rendered":"Bruno Hespeler: &#8222;Das Problem stinkt zum Himmel&#8230;&#8220;"},"content":{"rendered":"<p><strong>&#8230;&#8220;Doch nicht nur die Bauern, auch die \u00f6rtlichen &#8222;Wolfsspezialisten&#8220; der Fremdenverkehrsverb\u00e4nde, der Reiter, Jogger, der Kaninchenz\u00fcchter und aller sonst sich oder ihre Interessen durch den Wolf bedroht f\u00fchlenden Zeitgenossen lassen ihre Stimmen aufheulen. <\/strong>Erfahrungsgem\u00e4\u00df werden Hinterb\u00e4nkler in Bundes- und Landesparlamenten un\u00fcberh\u00f6rbar Volkes Worte nachkauen&#8230;<\/p>\n<p>Rational wird es dabei nicht zugehen, und das Schicksal des Wolfes wird nicht davon abh\u00e4ngen, was er frisst und welchen &#8222;Schaden&#8220; er eventuell anrichtet, sondern einzig davon, <!--more-->was einige Abgeordnete in dieser Frage zu denken und zu sagen f\u00fcr opportun und stimmentr\u00e4chtig halten!<\/p>\n<p>Es ist die angeborene wie eingeredete Angst des Menschen, die eine R\u00fcckwanderung des Wolfes in geeignete Lebensr\u00e4ume verhindert. Wenn man so will: Das Problem stinkt zum Himmel&#8230;<\/p>\n<p>Machen wir uns nichts vor: Selbst ein Teil der J\u00e4ger f\u00fcrchtet sich bei Dunkelheit im Wald (sie brauchen dringend eine Faustfeuerwaffe&#8230;); der Gedanke, von W\u00f6lfen beobachtet zu werden, macht sie nicht mutiger. Und auch die Nichtj\u00e4ger werden eher vom Gef\u00fchl &#8211; der Angst &#8211; beherrscht als von unterk\u00fchltem Wissen. Nur haben sie selten Veranlassung, sich nachts im Wald aufzuhalten.<\/p>\n<p>Dabei ist es &#8211; sachlich betrachtet &#8211; sicher ungef\u00e4hrlicher, im finsteren Wald von einem neugierigen Wolfsrudel umkreist zu werden als durchs hellerleuchtete Frankfurter Bahnhofsviertel zu pirschen.<\/p>\n<p>Angriffe von W\u00f6lfen auf Menschen wurden zwar schon oft behauptet, ernsthafter Nachpr\u00fcfung hielten sie selten stand; Angriffe von Hunden auf Menschen &#8211; auch solche mit f\u00fcr Menschen t\u00f6dlichem Ausgang! &#8211; kommen in allen L\u00e4ndern regelm\u00e4\u00dfig vor!<\/p>\n<p><strong>Merke: Niemand k\u00e4me deshalb auf die Idee, Sch\u00e4ferhunde oder Rottweiler zu verbieten, sprich auszurotten, nur, weil diesen im dichtbesiedelten Deutschland regelm\u00e4\u00dfig kleine Kinder zum Opfer fallen!&#8220;&#8230;<\/strong><\/p>\n<hr \/>\n<p><em>(Quelle: Bruno Hespeler: &#8222;Raubwild heute: Biologie, Lebensweise, Jagd&#8220;, BLV Verlagsgesellschaft mbH, M\u00fcnchen, Wien, Z\u00fcrich, 2. Auflage, 1999, Seite 60 f., f\u00fcr weitere Informationen klicken Sie bitte auch nachfolgendes Buchcover:) <\/em><\/p>\n<p><a href=\"http:\/\/www.amazon.de\/gp\/product\/3405146070\/ref=as_li_tl?ie=UTF8&amp;camp=1638&amp;creative=6742&amp;creativeASIN=3405146070&amp;linkCode=as2&amp;tag=wolfsmonito09-21\" rel=\"nofollow\"><img src=\"http:\/\/ws-eu.amazon-adsystem.com\/widgets\/q?_encoding=UTF8&amp;ASIN=3405146070&amp;Format=_SL250_&amp;ID=AsinImage&amp;MarketPlace=DE&amp;ServiceVersion=20070822&amp;WS=1&amp;tag=wolfsmonito09-21\" alt=\"\" border=\"0\" \/><\/a><img loading=\"lazy\" style=\"border: none !important; margin: 0px !important;\" src=\"http:\/\/ir-de.amazon-adsystem.com\/e\/ir?t=wolfsmonito09-21&amp;l=as2&amp;o=3&amp;a=3405146070\" alt=\"\" width=\"1\" height=\"1\" border=\"0\" \/><\/p>\n<div class=\"shariff shariff-align-center shariff-widget-align-center\" data-services=\"facebook%7Ctwitter\" data-url=\"https%3A%2F%2Fwolfsmonitor.de%2F%3Fp%3D2343\" data-timestamp=\"1525529324\" data-backendurl=\"?rest_route=\/shariff\/v1\/share_counts&\"><ul class=\"shariff-buttons theme-color orientation-horizontal buttonsize-small\"><li class=\"shariff-button facebook shariff-nocustomcolor\" style=\"background-color:#4273c8\"><a href=\"https:\/\/www.facebook.com\/sharer\/sharer.php?u=https%3A%2F%2Fwolfsmonitor.de%2F%3Fp%3D2343\" title=\"Bei Facebook teilen\" aria-label=\"Bei Facebook teilen\" role=\"button\" rel=\"nofollow\" class=\"shariff-link\" style=\"; background-color:#3b5998; color:#fff\" target=\"_blank\"><span class=\"shariff-icon\" style=\"\"><svg width=\"32px\" height=\"20px\" xmlns=\"http:\/\/www.w3.org\/2000\/svg\" viewBox=\"0 0 18 32\"><path fill=\"#3b5998\" d=\"M17.1 0.2v4.7h-2.8q-1.5 0-2.1 0.6t-0.5 1.9v3.4h5.2l-0.7 5.3h-4.5v13.6h-5.5v-13.6h-4.5v-5.3h4.5v-3.9q0-3.3 1.9-5.2t5-1.8q2.6 0 4.1 0.2z\"\/><\/svg><\/span><span class=\"shariff-text\">teilen<\/span>&nbsp;<span data-service=\"facebook\" style=\"color:#3b5998\" class=\"shariff-count shariff-hidezero\"><\/span>&nbsp;<\/a><\/li><li class=\"shariff-button twitter shariff-nocustomcolor\" style=\"background-color:#32bbf5\"><a href=\"https:\/\/twitter.com\/share?url=https%3A%2F%2Fwolfsmonitor.de%2F%3Fp%3D2343&text=Bruno%20Hespeler%3A%20%E2%80%9EDas%20Problem%20stinkt%20zum%20Himmel%E2%80%A6%E2%80%9C\" title=\"Bei Twitter teilen\" aria-label=\"Bei Twitter teilen\" role=\"button\" rel=\"noopener nofollow\" class=\"shariff-link\" style=\"; background-color:#55acee; color:#fff\" target=\"_blank\"><span class=\"shariff-icon\" style=\"\"><svg width=\"32px\" height=\"20px\" xmlns=\"http:\/\/www.w3.org\/2000\/svg\" viewBox=\"0 0 30 32\"><path fill=\"#55acee\" d=\"M29.7 6.8q-1.2 1.8-3 3.1 0 0.3 0 0.8 0 2.5-0.7 4.9t-2.2 4.7-3.5 4-4.9 2.8-6.1 1q-5.1 0-9.3-2.7 0.6 0.1 1.5 0.1 4.3 0 7.6-2.6-2-0.1-3.5-1.2t-2.2-3q0.6 0.1 1.1 0.1 0.8 0 1.6-0.2-2.1-0.4-3.5-2.1t-1.4-3.9v-0.1q1.3 0.7 2.8 0.8-1.2-0.8-2-2.2t-0.7-2.9q0-1.7 0.8-3.1 2.3 2.8 5.5 4.5t7 1.9q-0.2-0.7-0.2-1.4 0-2.5 1.8-4.3t4.3-1.8q2.7 0 4.5 1.9 2.1-0.4 3.9-1.5-0.7 2.2-2.7 3.4 1.8-0.2 3.5-0.9z\"\/><\/svg><\/span><span class=\"shariff-text\">twittern<\/span>&nbsp;<span data-service=\"twitter\" style=\"color:#55acee\" class=\"shariff-count shariff-hidezero\"><\/span>&nbsp;<\/a><\/li><li class=\"shariff-button rss shariff-nocustomcolor\" style=\"background-color:#ff8c00\"><a href=\"https:\/\/wolfsmonitor.de\/?feed=rss\" title=\"RSS-feed\" aria-label=\"RSS-feed\" role=\"button\" class=\"shariff-link\" style=\"; background-color:#fe9312; color:#fff\" target=\"_blank\"><span class=\"shariff-icon\" style=\"\"><svg width=\"32px\" height=\"20px\" xmlns=\"http:\/\/www.w3.org\/2000\/svg\" viewBox=\"0 0 32 32\"><path fill=\"#fe9312\" d=\"M4.3 23.5c-2.3 0-4.3 1.9-4.3 4.3 0 2.3 1.9 4.2 4.3 4.2 2.4 0 4.3-1.9 4.3-4.2 0-2.3-1.9-4.3-4.3-4.3zM0 10.9v6.1c4 0 7.7 1.6 10.6 4.4 2.8 2.8 4.4 6.6 4.4 10.6h6.2c0-11.7-9.5-21.1-21.1-21.1zM0 0v6.1c14.2 0 25.8 11.6 25.8 25.9h6.2c0-17.6-14.4-32-32-32z\"\/><\/svg><\/span><span class=\"shariff-text\">RSS-feed<\/span>&nbsp;<\/a><\/li><li class=\"shariff-button mailto shariff-nocustomcolor\" style=\"background-color:#a8a8a8\"><a href=\"mailto:?body=https%3A%2F%2Fwolfsmonitor.de%2F%3Fp%3D2343&subject=Bruno%20Hespeler%3A%20%E2%80%9EDas%20Problem%20stinkt%20zum%20Himmel%E2%80%A6%E2%80%9C\" title=\"Per E-Mail versenden\" aria-label=\"Per E-Mail versenden\" role=\"button\" rel=\"noopener nofollow\" class=\"shariff-link\" style=\"; background-color:#999; color:#fff\"><span class=\"shariff-icon\" style=\"\"><svg width=\"32px\" height=\"20px\" xmlns=\"http:\/\/www.w3.org\/2000\/svg\" viewBox=\"0 0 32 32\"><path fill=\"#999\" d=\"M32 12.7v14.2q0 1.2-0.8 2t-2 0.9h-26.3q-1.2 0-2-0.9t-0.8-2v-14.2q0.8 0.9 1.8 1.6 6.5 4.4 8.9 6.1 1 0.8 1.6 1.2t1.7 0.9 2 0.4h0.1q0.9 0 2-0.4t1.7-0.9 1.6-1.2q3-2.2 8.9-6.1 1-0.7 1.8-1.6zM32 7.4q0 1.4-0.9 2.7t-2.2 2.2q-6.7 4.7-8.4 5.8-0.2 0.1-0.7 0.5t-1 0.7-0.9 0.6-1.1 0.5-0.9 0.2h-0.1q-0.4 0-0.9-0.2t-1.1-0.5-0.9-0.6-1-0.7-0.7-0.5q-1.6-1.1-4.7-3.2t-3.6-2.6q-1.1-0.7-2.1-2t-1-2.5q0-1.4 0.7-2.3t2.1-0.9h26.3q1.2 0 2 0.8t0.9 2z\"\/><\/svg><\/span><span class=\"shariff-text\">E-Mail<\/span>&nbsp;<\/a><\/li><li class=\"shariff-button info shariff-nocustomcolor\" style=\"background-color:#a8a8a8\"><a href=\"http:\/\/ct.de\/-2467514\" title=\"Weitere Informationen\" aria-label=\"Weitere Informationen\" role=\"button\" rel=\"noopener \" class=\"shariff-link\" style=\"; background-color:#999; color:#fff\" target=\"_blank\"><span class=\"shariff-icon\" style=\"\"><svg width=\"32px\" height=\"20px\" xmlns=\"http:\/\/www.w3.org\/2000\/svg\" viewBox=\"0 0 11 32\"><path fill=\"#999\" d=\"M11.4 24v2.3q0 0.5-0.3 0.8t-0.8 0.4h-9.1q-0.5 0-0.8-0.4t-0.4-0.8v-2.3q0-0.5 0.4-0.8t0.8-0.4h1.1v-6.8h-1.1q-0.5 0-0.8-0.4t-0.4-0.8v-2.3q0-0.5 0.4-0.8t0.8-0.4h6.8q0.5 0 0.8 0.4t0.4 0.8v10.3h1.1q0.5 0 0.8 0.4t0.3 0.8zM9.2 3.4v3.4q0 0.5-0.4 0.8t-0.8 0.4h-4.6q-0.4 0-0.8-0.4t-0.4-0.8v-3.4q0-0.4 0.4-0.8t0.8-0.4h4.6q0.5 0 0.8 0.4t0.4 0.8z\"\/><\/svg><\/span><\/a><\/li><\/ul><\/div>","protected":false},"excerpt":{"rendered":"<p>&#8230;&#8220;Doch nicht nur die Bauern, auch die \u00f6rtlichen &#8222;Wolfsspezialisten&#8220; der Fremdenverkehrsverb\u00e4nde, der Reiter, Jogger, der Kaninchenz\u00fcchter und aller sonst sich oder ihre Interessen durch den Wolf bedroht f\u00fchlenden Zeitgenossen lassen ihre Stimmen aufheulen. Erfahrungsgem\u00e4\u00df werden Hinterb\u00e4nkler in Bundes- und Landesparlamenten un\u00fcberh\u00f6rbar Volkes Worte nachkauen&#8230; Rational wird es dabei nicht zugehen, und das Schicksal des Wolfes [&hellip;]<\/p>\n<div class=\"shariff shariff-align-center shariff-widget-align-center\" data-services=\"facebook%7Ctwitter\" data-url=\"https%3A%2F%2Fwolfsmonitor.de%2F%3Fp%3D2343\" data-timestamp=\"1525529324\" data-backendurl=\"?rest_route=\/shariff\/v1\/share_counts&\"><ul class=\"shariff-buttons theme-color orientation-horizontal buttonsize-small\"><li class=\"shariff-button facebook shariff-nocustomcolor\" style=\"background-color:#4273c8\"><a href=\"https:\/\/www.facebook.com\/sharer\/sharer.php?u=https%3A%2F%2Fwolfsmonitor.de%2F%3Fp%3D2343\" title=\"Bei Facebook teilen\" aria-label=\"Bei Facebook teilen\" role=\"button\" rel=\"nofollow\" class=\"shariff-link\" style=\"; background-color:#3b5998; color:#fff\" target=\"_blank\"><span class=\"shariff-icon\" style=\"\"><svg width=\"32px\" height=\"20px\" xmlns=\"http:\/\/www.w3.org\/2000\/svg\" viewBox=\"0 0 18 32\"><path fill=\"#3b5998\" d=\"M17.1 0.2v4.7h-2.8q-1.5 0-2.1 0.6t-0.5 1.9v3.4h5.2l-0.7 5.3h-4.5v13.6h-5.5v-13.6h-4.5v-5.3h4.5v-3.9q0-3.3 1.9-5.2t5-1.8q2.6 0 4.1 0.2z\"\/><\/svg><\/span><span class=\"shariff-text\">teilen<\/span>&nbsp;<span data-service=\"facebook\" style=\"color:#3b5998\" class=\"shariff-count shariff-hidezero\"><\/span>&nbsp;<\/a><\/li><li class=\"shariff-button twitter shariff-nocustomcolor\" style=\"background-color:#32bbf5\"><a href=\"https:\/\/twitter.com\/share?url=https%3A%2F%2Fwolfsmonitor.de%2F%3Fp%3D2343&text=Bruno%20Hespeler%3A%20%E2%80%9EDas%20Problem%20stinkt%20zum%20Himmel%E2%80%A6%E2%80%9C\" title=\"Bei Twitter teilen\" aria-label=\"Bei Twitter teilen\" role=\"button\" rel=\"noopener nofollow\" class=\"shariff-link\" style=\"; background-color:#55acee; color:#fff\" target=\"_blank\"><span class=\"shariff-icon\" style=\"\"><svg width=\"32px\" height=\"20px\" xmlns=\"http:\/\/www.w3.org\/2000\/svg\" viewBox=\"0 0 30 32\"><path fill=\"#55acee\" d=\"M29.7 6.8q-1.2 1.8-3 3.1 0 0.3 0 0.8 0 2.5-0.7 4.9t-2.2 4.7-3.5 4-4.9 2.8-6.1 1q-5.1 0-9.3-2.7 0.6 0.1 1.5 0.1 4.3 0 7.6-2.6-2-0.1-3.5-1.2t-2.2-3q0.6 0.1 1.1 0.1 0.8 0 1.6-0.2-2.1-0.4-3.5-2.1t-1.4-3.9v-0.1q1.3 0.7 2.8 0.8-1.2-0.8-2-2.2t-0.7-2.9q0-1.7 0.8-3.1 2.3 2.8 5.5 4.5t7 1.9q-0.2-0.7-0.2-1.4 0-2.5 1.8-4.3t4.3-1.8q2.7 0 4.5 1.9 2.1-0.4 3.9-1.5-0.7 2.2-2.7 3.4 1.8-0.2 3.5-0.9z\"\/><\/svg><\/span><span class=\"shariff-text\">twittern<\/span>&nbsp;<span data-service=\"twitter\" style=\"color:#55acee\" class=\"shariff-count shariff-hidezero\"><\/span>&nbsp;<\/a><\/li><li class=\"shariff-button rss shariff-nocustomcolor\" style=\"background-color:#ff8c00\"><a href=\"https:\/\/wolfsmonitor.de\/?feed=rss\" title=\"RSS-feed\" aria-label=\"RSS-feed\" role=\"button\" class=\"shariff-link\" style=\"; background-color:#fe9312; color:#fff\" target=\"_blank\"><span class=\"shariff-icon\" style=\"\"><svg width=\"32px\" height=\"20px\" xmlns=\"http:\/\/www.w3.org\/2000\/svg\" viewBox=\"0 0 32 32\"><path fill=\"#fe9312\" d=\"M4.3 23.5c-2.3 0-4.3 1.9-4.3 4.3 0 2.3 1.9 4.2 4.3 4.2 2.4 0 4.3-1.9 4.3-4.2 0-2.3-1.9-4.3-4.3-4.3zM0 10.9v6.1c4 0 7.7 1.6 10.6 4.4 2.8 2.8 4.4 6.6 4.4 10.6h6.2c0-11.7-9.5-21.1-21.1-21.1zM0 0v6.1c14.2 0 25.8 11.6 25.8 25.9h6.2c0-17.6-14.4-32-32-32z\"\/><\/svg><\/span><span class=\"shariff-text\">RSS-feed<\/span>&nbsp;<\/a><\/li><li class=\"shariff-button mailto shariff-nocustomcolor\" style=\"background-color:#a8a8a8\"><a href=\"mailto:?body=https%3A%2F%2Fwolfsmonitor.de%2F%3Fp%3D2343&subject=Bruno%20Hespeler%3A%20%E2%80%9EDas%20Problem%20stinkt%20zum%20Himmel%E2%80%A6%E2%80%9C\" title=\"Per E-Mail versenden\" aria-label=\"Per E-Mail versenden\" role=\"button\" rel=\"noopener nofollow\" class=\"shariff-link\" style=\"; background-color:#999; color:#fff\"><span class=\"shariff-icon\" style=\"\"><svg width=\"32px\" height=\"20px\" xmlns=\"http:\/\/www.w3.org\/2000\/svg\" viewBox=\"0 0 32 32\"><path fill=\"#999\" d=\"M32 12.7v14.2q0 1.2-0.8 2t-2 0.9h-26.3q-1.2 0-2-0.9t-0.8-2v-14.2q0.8 0.9 1.8 1.6 6.5 4.4 8.9 6.1 1 0.8 1.6 1.2t1.7 0.9 2 0.4h0.1q0.9 0 2-0.4t1.7-0.9 1.6-1.2q3-2.2 8.9-6.1 1-0.7 1.8-1.6zM32 7.4q0 1.4-0.9 2.7t-2.2 2.2q-6.7 4.7-8.4 5.8-0.2 0.1-0.7 0.5t-1 0.7-0.9 0.6-1.1 0.5-0.9 0.2h-0.1q-0.4 0-0.9-0.2t-1.1-0.5-0.9-0.6-1-0.7-0.7-0.5q-1.6-1.1-4.7-3.2t-3.6-2.6q-1.1-0.7-2.1-2t-1-2.5q0-1.4 0.7-2.3t2.1-0.9h26.3q1.2 0 2 0.8t0.9 2z\"\/><\/svg><\/span><span class=\"shariff-text\">E-Mail<\/span>&nbsp;<\/a><\/li><li class=\"shariff-button info shariff-nocustomcolor\" style=\"background-color:#a8a8a8\"><a href=\"http:\/\/ct.de\/-2467514\" title=\"Weitere Informationen\" aria-label=\"Weitere Informationen\" role=\"button\" rel=\"noopener \" class=\"shariff-link\" style=\"; background-color:#999; color:#fff\" target=\"_blank\"><span class=\"shariff-icon\" style=\"\"><svg width=\"32px\" height=\"20px\" xmlns=\"http:\/\/www.w3.org\/2000\/svg\" viewBox=\"0 0 11 32\"><path fill=\"#999\" d=\"M11.4 24v2.3q0 0.5-0.3 0.8t-0.8 0.4h-9.1q-0.5 0-0.8-0.4t-0.4-0.8v-2.3q0-0.5 0.4-0.8t0.8-0.4h1.1v-6.8h-1.1q-0.5 0-0.8-0.4t-0.4-0.8v-2.3q0-0.5 0.4-0.8t0.8-0.4h6.8q0.5 0 0.8 0.4t0.4 0.8v10.3h1.1q0.5 0 0.8 0.4t0.3 0.8zM9.2 3.4v3.4q0 0.5-0.4 0.8t-0.8 0.4h-4.6q-0.4 0-0.8-0.4t-0.4-0.8v-3.4q0-0.4 0.4-0.8t0.8-0.4h4.6q0.5 0 0.8 0.4t0.4 0.8z\"\/><\/svg><\/span><\/a><\/li><\/ul><\/div>","protected":false},"author":1,"featured_media":774,"comment_status":"closed","ping_status":"open","sticky":false,"template":"","format":"standard","meta":{"spay_email":""},"categories":[405],"tags":[1952,1951,1069,1958,1956,1954,1819,1953,1957,1949,1071,1950,43,105,1955],"jetpack_featured_media_url":"https:\/\/i2.wp.com\/wolfsmonitor.de\/wp-content\/uploads\/2015\/07\/Foto-Einsichten.jpg?fit=629%2C503&ssl=1","jetpack_shortlink":"https:\/\/wp.me\/p61YbU-BN","jetpack-related-posts":[{"id":1424,"url":"https:\/\/wolfsmonitor.de\/?p=1424","url_meta":{"origin":2343,"position":0},"title":"\u201eHinterb\u00e4nkler-Wolfspolitik\u201c ?","date":"6. Oktober 2015","format":false,"excerpt":"Kennen Sie noch Herrn Kaiser? Den sympathischen Herrn von der Versicherung? Wie hie\u00df sie noch gleich? Ach ja, Hamburg-Mannheimer! Die Werbefigur - uns \u00c4lteren sicherlich noch bekannt - wurde im Jahr 2009 nach 35 Fernsehjahren in den wohlverdienten Ruhestand geschickt. Kennen Sie vielleicht auch Herrn Hocker? Nein? Dr. Gero Hocker\u2026","rel":"","context":"In &quot;Standpunkte&quot;","img":{"alt_text":"Wolf im Tierpark Nordhorn","src":"https:\/\/i0.wp.com\/wolfsmonitor.de\/wp-content\/uploads\/2015\/07\/Foto-Kommentar-2.jpg?fit=586%2C513&ssl=1&resize=350%2C200","width":350,"height":200},"classes":[]},{"id":1468,"url":"https:\/\/wolfsmonitor.de\/?p=1468","url_meta":{"origin":2343,"position":1},"title":"Bruno Hespeler: Der Wolf als \"Hasenfu\u00df\"!","date":"10. Oktober 2015","format":false,"excerpt":"\"...Immer mehr Menschen wohnen heute in St\u00e4dten, und sie erleben Natur immer fl\u00fcchtiger und distanzierter. Doch im gleichen Ma\u00dfe w\u00e4chst ihre Sehnsucht nach Natur und nach einer vermeintlich heilen Welt. wir alle streben danach, \"in Einklang mit der Natur\" zu leben, einem zur Mode gewordenen Schlagwort, \u00fcber dessen Sinn und\u2026","rel":"","context":"In &quot;Einsichten&quot;","img":{"alt_text":"","src":"https:\/\/i2.wp.com\/wolfsmonitor.de\/wp-content\/uploads\/2015\/07\/Beitragbild-Einsichten.jpg?fit=662%2C515&ssl=1&resize=350%2C200","width":350,"height":200},"classes":[]},{"id":8280,"url":"https:\/\/wolfsmonitor.de\/?p=8280","url_meta":{"origin":2343,"position":2},"title":"NRW: Wolf im Kreis Minden-L\u00fcbbecke \u00fcberfahren","date":"3. April 2017","format":false,"excerpt":"Das Landesamt f\u00fcr Natur, Umwelt und Verbraucherschutz in Nordrhein-Westfalen (LANUV) meldete heute (im Wortlaut): \"Gestern wurde in Petershagen, Kreis-Minden-L\u00fcbbecke, ein Wolf \u00fcberfahren. Das Tier ist verendet, die Polizei hat vor Ort den Fall aufgenommen. Anhand von Foto-Belegen konnte im LANUV eine erste Bewertung vorgenommen werden, das DBBW (Dokumentations- und Beratungsstelle\u2026","rel":"","context":"In &quot;Presseinformationen&quot;","img":{"alt_text":"Foto: Naturfotograf Heiko Anders","src":"https:\/\/i2.wp.com\/wolfsmonitor.de\/wp-content\/uploads\/2016\/05\/HA-Beitragsfoto-Presseinfo-2.jpg?fit=627%2C410&ssl=1&resize=350%2C200","width":350,"height":200},"classes":[]},{"id":4837,"url":"https:\/\/wolfsmonitor.de\/?p=4837","url_meta":{"origin":2343,"position":3},"title":"Sind Reiter die modernen Rotk\u00e4ppchen?","date":"31. August 2016","format":false,"excerpt":"Ganz oben auf dem Speiseplan der W\u00f6lfe stehen Huftiere, um es genauer zu sagen: Paarhufer. Pferde sind zwar Huftiere, aber keine Paarhufer. Und nun? Die Frage, die viele Pferdehalter und Reiter seit der nat\u00fcrlichen Verbreitung des Wolfes umtreibt, ist die Frage nach der Sicherheit ihrer grasfressenden Vierbeiner. Sind artgerecht auf\u2026","rel":"","context":"In &quot;Gastkolumne&quot;","img":{"alt_text":"Wiebke Wendorff (Foto: Wiebke Wendorff)","src":"https:\/\/i1.wp.com\/wolfsmonitor.de\/wp-content\/uploads\/2016\/05\/Kolumnenfoto-Wiebke-Wendorff.jpg?fit=731%2C504&ssl=1&resize=350%2C200","width":350,"height":200},"classes":[]},{"id":2523,"url":"https:\/\/wolfsmonitor.de\/?p=2523","url_meta":{"origin":2343,"position":4},"title":"Besenderter Wolf aus dem Munsteraner Rudel sorgt weiter f\u00fcr Unruhe","date":"18. Februar 2016","format":false,"excerpt":"Am vergangenen Montag ver\u00f6ffentlichte das nieders\u00e4chsische Umweltministerium in einer Pressemeldung, dass es im Bereich des Truppen\u00fcbungsplatzes Bergen und Umgebung am vergangenen Wochenende das Wolfsmonitoring verst\u00e4rkt habe. Anlass waren demnach aus der Bev\u00f6lkerung geschilderte Nahbegegnungen eines Wolfes mit Menschen (*1). Nun berichtet die \"Hannoversche Allgemeine\", warum dies geschah (*2). Offenbar habe\u2026","rel":"","context":"In &quot;Aufgelesen&quot;","img":{"alt_text":"Wolf im Tierpark Nordhorn","src":"https:\/\/i1.wp.com\/wolfsmonitor.de\/wp-content\/uploads\/2015\/09\/Beitragsfoto-Aufgelesen-2.te-Fassung.jpg?fit=581%2C520&ssl=1&resize=350%2C200","width":350,"height":200},"classes":[]},{"id":1028,"url":"https:\/\/wolfsmonitor.de\/?p=1028","url_meta":{"origin":2343,"position":5},"title":"3 Antworten von Tanja Askani","date":"6. August 2015","format":false,"excerpt":"Tanja Askani, international anerkannte Wolfsexpertin und durch die Medien und ihre zahlreichen Vortr\u00e4ge bekannt, betreut mehrere Wolfsrudel im Wildpark L\u00fcneburger Heide. Sie befasst sich bereits seit fr\u00fchester Kindheit mit Wildtieren, pflegte als Falknerin verletzte Greifv\u00f6gel und legte 1998 mit der von ihr aufgezogenen W\u00f6lfin \u201eFlocke\u201c den Grundstein f\u00fcr ihr erstes\u2026","rel":"","context":"In &quot;Interviews&quot;","img":{"alt_text":"","src":"https:\/\/i0.wp.com\/wolfsmonitor.de\/wp-content\/uploads\/2015\/08\/Wolfsmonitor-Foto-zum-Interview-mit-Tanja-Askani.jpg?fit=788%2C511&ssl=1&resize=350%2C200","width":350,"height":200},"classes":[]}],"_links":{"self":[{"href":"https:\/\/wolfsmonitor.de\/index.php?rest_route=\/wp\/v2\/posts\/2343"}],"collection":[{"href":"https:\/\/wolfsmonitor.de\/index.php?rest_route=\/wp\/v2\/posts"}],"about":[{"href":"https:\/\/wolfsmonitor.de\/index.php?rest_route=\/wp\/v2\/types\/post"}],"author":[{"embeddable":true,"href":"https:\/\/wolfsmonitor.de\/index.php?rest_route=\/wp\/v2\/users\/1"}],"replies":[{"embeddable":true,"href":"https:\/\/wolfsmonitor.de\/index.php?rest_route=%2Fwp%2Fv2%2Fcomments&post=2343"}],"version-history":[{"count":3,"href":"https:\/\/wolfsmonitor.de\/index.php?rest_route=\/wp\/v2\/posts\/2343\/revisions"}],"predecessor-version":[{"id":2346,"href":"https:\/\/wolfsmonitor.de\/index.php?rest_route=\/wp\/v2\/posts\/2343\/revisions\/2346"}],"wp:featuredmedia":[{"embeddable":true,"href":"https:\/\/wolfsmonitor.de\/index.php?rest_route=\/wp\/v2\/media\/774"}],"wp:attachment":[{"href":"https:\/\/wolfsmonitor.de\/index.php?rest_route=%2Fwp%2Fv2%2Fmedia&parent=2343"}],"wp:term":[{"taxonomy":"category","embeddable":true,"href":"https:\/\/wolfsmonitor.de\/index.php?rest_route=%2Fwp%2Fv2%2Fcategories&post=2343"},{"taxonomy":"post_tag","embeddable":true,"href":"https:\/\/wolfsmonitor.de\/index.php?rest_route=%2Fwp%2Fv2%2Ftags&post=2343"}],"curies":[{"name":"wp","href":"https:\/\/api.w.org\/{rel}","templated":true}]}}