{"id":2386,"date":"2016-02-03T14:06:59","date_gmt":"2016-02-03T12:06:59","guid":{"rendered":"http:\/\/wolfsmonitor.de\/?p=2386"},"modified":"2018-05-05T14:09:03","modified_gmt":"2018-05-05T12:09:03","slug":"meinungsspiegel-woelfe-im-januar","status":"publish","type":"post","link":"https:\/\/wolfsmonitor.de\/?p=2386","title":{"rendered":"Meinungsspiegel \u2013 W\u00f6lfe im Januar"},"content":{"rendered":"<p><strong>Das neue Jahr begann in punkto W\u00f6lfe in Deutschland vergleichsweise unruhig<\/strong>. Es waren vor allem zwei Ereignisse, die f\u00fcr Aufsehen sorgten und die Gem\u00fcter erregten. Ein Vorfall im Gartower Forst, ein zweiter in Wardb\u00f6hmen bei Bergen. Sollten Sie als Leser dieses Blogs beide Ereignisse noch nicht kennen, schauen Sie sich bitte in den vorherigen Beitr\u00e4gen um. Dort wurden beide Vorf\u00e4lle ausf\u00fchrlich beschrieben und kommentiert.<\/p>\n<p>Erneut also Unruhe in Niedersachsen. In den anderen Bundesl\u00e4ndern war es zu Beginn des Jahres hingegen vergleichsweise ruhig.<\/p>\n<p>International standen besonders Finnland und die Schweiz im \u00f6ffentlichen Fokus. In Finnland <!--more-->begann die umstrittene Jagd auf 46 der dort gesch\u00e4tzten 250 W\u00f6lfe. Damit soll &#8211; so die Beh\u00f6rden &#8211; der illegalen Jagd Vorschub geleistet werden, da finnische Landwirte in der Vergangenheit scheinbar immer wieder illegale Pr\u00e4mien f\u00fcr Wolfsabsch\u00fcsse gezahlt haben.<\/p>\n<p>In der Schweiz sollen &#8211; ebenfalls sehr umstritten &#8211; zwei Jungw\u00f6lfe des Calanda-Rudels, eines von insgesamt zwei Wolfsrudeln in der Schweiz, geschossen werden, da einigen Jungw\u00f6lfen von den Beh\u00f6rden \u201eauff\u00e4lliges Verhalten\u201c attestiert wurde. Die Wolfsschutzorganisationen in der Schweiz sehen das allerdings &#8211; zurecht, wie ich glaube \u2013 v\u00f6llig anders.<\/p>\n<p>Zur\u00fcck nach Niedersachsen. Nachfolgend m\u00f6chte ich einmal in Ausz\u00fcgen das Meinungsecho einiger Personen vorstellen, die zu den Ereignissen in Gartow und Wardb\u00f6hmen ebenfalls \u00f6ffentlich Stellung bezogen haben.<\/p>\n<p>So zum Beispiel ist auf der Webseite des nieders\u00e4chsischen CDU-Landtagsabgeordneten Ernst Ingolf Angermann zu lesen:<\/p>\n<p><em>\u2026\u201e\u00dcber jede lockere Schraube in einem KKW wird informiert, aber wenn sich W\u00f6lfe in Niedersachsen einem Menschen bedenklich n\u00e4hern, schweigt sich der zust\u00e4ndige Umweltminister aus&#8220;\u2026 <\/em>(*1)<\/p>\n<p>Der umweltpolitische Sprecher der FDP-Fraktion, Dr. Gero Hocker, fordert angesichts der aktuellen Vorf\u00e4lle ebenfalls ein Handeln des nieders\u00e4chsischen Umweltministers. Er schreibt auf der Webseite der FDP-Fraktion in Niedersachsen:<\/p>\n<p><em>\u2026\u201cWeitere Vorf\u00e4lle dieser Art k\u00f6nne sich das Umweltministerium nicht leisten, da die Akzeptanz des Wolfes zunehmend schwinde, wenn es immer h\u00e4ufiger zu Begegnungen mit Menschen und ihren Haus- und Nutztieren k\u00e4me\u201c\u2026<\/em>(*2)<\/p>\n<p>Anders sehen das allerdings die anerkannten Wolfsexperten Ulrich Wotschikowsky und Elli H. Radinger.<\/p>\n<p>Ulrich Wotschikowsky res\u00fcmiert auf seiner Webseite:<\/p>\n<p><em>\u2026\u201cIch sehe keinen Anlass, sich Sorgen zu machen. Versch\u00e4rfte Beobachtung und unverz\u00fcgliche Meldung von Verhaltensauff\u00e4lligkeiten sind das Gebot der Stunde.\u201c<\/em> (*3)<\/p>\n<p>Elli H. Radinger findet sogar sehr deutliche Worte. Sie schreibt auf ihrem Blog (*4):<\/p>\n<p><em>\u2026\u201cOffensichtlich gibt es im Wolfsmanagement von Niedersachsen eine extreme Anti-Wolf-Tendenz. Um so unverst\u00e4ndlicher, dass dann weiterhin die J\u00e4ger das Monitoring betreiben. Die Regierung hat anscheinend kein Interesse, daran etwas zu \u00e4ndern.\u201c\u2026<\/em><\/p>\n<hr \/>\n<p>\u2026um danach noch jeweils einen Appell an die nieders\u00e4chsischen Wolfsberater und die J\u00e4ger zu richten. Sie schreibt:<\/p>\n<p><em>\u2026\u201c<strong>An die Wolfsberater<\/strong><\/em><br \/>\n<em>Ich m\u00f6chte hinzuf\u00fcgen, dass es sehr viele sehr kundige Wolfsberater gibt, die einen gro\u00dfartigen Job machen, und das alles ehrenamtlich. Sie stehen zwischen allen Fronten. Ich gestehe &#8211; ich h\u00e4tte nicht die Nerven dazu. Meine Hochachtung an Sie! <\/em><br \/>\n<em>Ich wei\u00df, dass viele von Ihnen kurz davor sind, aufzugeben. Bitte tun Sie es nicht. Sie haben mit so viel Idealismus begonnen und Sie sind die letzte St\u00fctze f\u00fcr die W\u00f6lfe und die wichtigste Aufkl\u00e4rung f\u00fcr die Menschen in den Wolfsgebieten.<\/em><br \/>\n<em>Informieren Sie sich \u00fcber das Verhalten von wild lebenden W\u00f6lfen, kl\u00e4ren Sie auf, dass Jungw\u00f6lfe, die sich Menschen n\u00e4hern oder durch D\u00f6rfer laufen, nicht gef\u00e4hrlich oder verhaltensauff\u00e4llig sind. Mit dem unbedachten Vorschlag, solche W\u00f6lfe m\u00fcssten auf Dauer &#8222;entnommen&#8220; (= get\u00f6tet) schaden Sie vielen guten Menschen, die jahrelange Aufkl\u00e4rungsarbeit betrieben haben und nat\u00fcrlich letztendlich auch dem Wolf, den Sie mit sch\u00fctzen wollten.\u201c\u2026<\/em><\/p>\n<p>und:<\/p>\n<p><em>\u2026\u201c<strong>An die J\u00e4ger<\/strong><\/em><br \/>\n<em>Ja, ich wei\u00df, es gibt viele von Ihnen die pro-Wolf sind. Warum h\u00f6ren wir dann immer nur von denen, die der Meinung sind, der Wolf geh\u00f6re nicht hierher? Warum treten Sie nicht vor und sprechen sich \u00f6ffentlich f\u00fcr den Wolf aus und gegen Ihre ewig gestrigen Kollegen? R\u00e4umen Sie in Ihren eigenen Reihen auf. Das ist l\u00e4ngst \u00fcberf\u00e4llig.\u201c<\/em><\/p>\n<p>Aber auch Lokalpolitiker meldeten sich zu den Ereignissen zu Wort, so zum Beispiel auch Rainer Prokop, der B\u00fcrgermeister der Stadt Bergen, dem Ort also, in dessen N\u00e4he ein Wolf mit einem Hund \u201egerauft\u201c haben soll. Er greift auf seinem \u201eB\u00fcrgermeisterblog\u201c die alte Geschichte vom Rotk\u00e4ppchen auf und schreibt dazu: (*5):<\/p>\n<p><em>\u2026 \u201e\u2026ist ein wundersch\u00f6nes M\u00e4rchen mit \u201eHappy End\u201c f\u00fcr Oma und Kind. Langsam bekomme ich das Gef\u00fchl, das M\u00e4rchen wird Realit\u00e4t, mit \u201eHappy End\u201c f\u00fcr den Wolf.\u201c\u2026<\/em><\/p>\n<p>\u2026worauf sich postwendend eine Kommunalpolitikerin (Name ist der Redaktion bekannt) in den sozialen Medien zu Wort meldete und den Beitrag des B\u00fcrgermeisters wie folgt kommentierte:<\/p>\n<p><em>\u2026\u201cich\u2026kenne die M\u00e4rchenstunden eines B\u00fcrgermeisters zur Gen\u00fcge. Ihm bricht langsam aber sicher die Mehrheit unter dem Hintern weg. Da ihm das nicht gef\u00e4llt, wird nun mit den \u00c4ngsten der B\u00fcrger gespielt und noch mehr Hetze gegen ein wehrloses Tier betrieben.\u201c\u2026.<\/em><\/p>\n<hr \/>\n<p>Sollten Sie es noch nicht wissen: Am 11. September 2016 sind Kommunalwahlen in Niedersachsen. Schade eigentlich, dass augenscheinlich einige glauben, sie m\u00fcssten den Vorwahlkampf auf dem Pelz zugewanderter Beutegreifer austragen. Zumal in beiden F\u00e4llen, also in Gartow als auch in Bergen noch viele Fragen unbeantwortet sind!<\/p>\n<hr \/>\n<p>Herzlichst<br \/>\nIhr<br \/>\nJ\u00fcrgen Vogler<br \/>\n<img loading=\"lazy\" src=\"http:\/\/vg08.met.vgwort.de\/na\/9b429872c4fe4603983506388fd60bdf\" alt=\"\" width=\"1\" height=\"1\" \/><\/p>\n<hr \/>\n<p><span style=\"text-decoration: underline;\"><em>Quellen:<\/em><\/span><\/p>\n<ul>\n<li><em>Alle Webseitenabrufe vom 03. Februar 2016<\/em><\/li>\n<li><em>(*1): www.ernst-ingolf-angermann.de, Beitrag vom 13.01.2016, <span style=\"color: #0000ff;\"><a style=\"color: #0000ff;\" title=\"Zitat Angermann vom 13.01.2016 von dessen Webseite\" href=\"http:\/\/www.ernst-ingolf-angermann.de\/aktuelles\/detailansicht\/article\/erster-wolfsangriff-auf-einen-menschen-umweltminister-schweigt-seit-mehr-als-drei-wochen\/\" target=\"_blank\">hier der Link!<\/a><\/span><\/em><\/li>\n<li><em>(*2): www.fdp-fraktion-nds.de, Beitrag vom 28.01.2016, <span style=\"color: #0000ff;\"><a style=\"color: #0000ff;\" title=\"FDP Fraktion Nds, 28.01.2016\" href=\"http:\/\/fdp-fraktion-nds.de\/gero-hocker-das-umweltministerium-hat-das-munsteraner-wolfsrudel-nicht-ansatzweise-im-griff-auffaelliger-wolf-muss-entnommen-werden\/\" target=\"_blank\">hier der Link!<\/a><\/span><\/em><\/li>\n<li><em>(*3): www.woelfeindeutschland.de, Beitrag vom 21.01.2016, <span style=\"color: #0000ff;\"><a style=\"color: #0000ff;\" title=\"W\u00f6lfe in Deutschland, 21.01.2016\" href=\"http:\/\/woelfeindeutschland.de\/angeknabbert-angefressen\/\" target=\"_blank\">hier der Link!<\/a><\/span><\/em><\/li>\n<li><em>(*4): www.wolfsmagazin.blogspot.de, Beitrag vom 27.01.2016, <span style=\"color: #0000ff;\"><a style=\"color: #0000ff;\" title=\"Wolfsmagazin, Blogspot, 27.01.2016\" href=\"http:\/\/wolfmagazin.blogspot.de\/2016\/01\/vermeintliche-wolfsangriffe-und.html\" target=\"_blank\">hier der Link!<\/a><\/span><\/em><\/li>\n<li><em>(*5): www.bergen-online.de, Beitrag vom 26.01.2016,<span style=\"color: #0000ff;\"> <a style=\"color: #0000ff;\" title=\"Bergen-Online, 26.01.2016\" href=\"http:\/\/www.bergen-online.de\/456-0-Buergermeister-aktuell-2016.html\" target=\"_blank\">hier der Link!<\/a><\/span><\/em><\/li>\n<\/ul>\n<div class=\"shariff shariff-align-center shariff-widget-align-center\" data-services=\"facebook%7Ctwitter\" data-url=\"https%3A%2F%2Fwolfsmonitor.de%2F%3Fp%3D2386\" data-timestamp=\"1525529343\" data-backendurl=\"?rest_route=\/shariff\/v1\/share_counts&\"><ul class=\"shariff-buttons theme-color orientation-horizontal buttonsize-small\"><li class=\"shariff-button facebook shariff-nocustomcolor\" style=\"background-color:#4273c8\"><a href=\"https:\/\/www.facebook.com\/sharer\/sharer.php?u=https%3A%2F%2Fwolfsmonitor.de%2F%3Fp%3D2386\" title=\"Bei Facebook teilen\" aria-label=\"Bei Facebook teilen\" role=\"button\" rel=\"nofollow\" class=\"shariff-link\" style=\"; background-color:#3b5998; color:#fff\" target=\"_blank\"><span class=\"shariff-icon\" style=\"\"><svg width=\"32px\" height=\"20px\" xmlns=\"http:\/\/www.w3.org\/2000\/svg\" viewBox=\"0 0 18 32\"><path fill=\"#3b5998\" d=\"M17.1 0.2v4.7h-2.8q-1.5 0-2.1 0.6t-0.5 1.9v3.4h5.2l-0.7 5.3h-4.5v13.6h-5.5v-13.6h-4.5v-5.3h4.5v-3.9q0-3.3 1.9-5.2t5-1.8q2.6 0 4.1 0.2z\"\/><\/svg><\/span><span class=\"shariff-text\">teilen<\/span>&nbsp;<span data-service=\"facebook\" style=\"color:#3b5998\" class=\"shariff-count shariff-hidezero\"><\/span>&nbsp;<\/a><\/li><li class=\"shariff-button twitter shariff-nocustomcolor\" style=\"background-color:#32bbf5\"><a href=\"https:\/\/twitter.com\/share?url=https%3A%2F%2Fwolfsmonitor.de%2F%3Fp%3D2386&text=Meinungsspiegel%20%E2%80%93%20W%C3%B6lfe%20im%20Januar\" title=\"Bei Twitter teilen\" aria-label=\"Bei Twitter teilen\" role=\"button\" rel=\"noopener nofollow\" class=\"shariff-link\" style=\"; background-color:#55acee; color:#fff\" target=\"_blank\"><span class=\"shariff-icon\" style=\"\"><svg width=\"32px\" height=\"20px\" xmlns=\"http:\/\/www.w3.org\/2000\/svg\" viewBox=\"0 0 30 32\"><path fill=\"#55acee\" d=\"M29.7 6.8q-1.2 1.8-3 3.1 0 0.3 0 0.8 0 2.5-0.7 4.9t-2.2 4.7-3.5 4-4.9 2.8-6.1 1q-5.1 0-9.3-2.7 0.6 0.1 1.5 0.1 4.3 0 7.6-2.6-2-0.1-3.5-1.2t-2.2-3q0.6 0.1 1.1 0.1 0.8 0 1.6-0.2-2.1-0.4-3.5-2.1t-1.4-3.9v-0.1q1.3 0.7 2.8 0.8-1.2-0.8-2-2.2t-0.7-2.9q0-1.7 0.8-3.1 2.3 2.8 5.5 4.5t7 1.9q-0.2-0.7-0.2-1.4 0-2.5 1.8-4.3t4.3-1.8q2.7 0 4.5 1.9 2.1-0.4 3.9-1.5-0.7 2.2-2.7 3.4 1.8-0.2 3.5-0.9z\"\/><\/svg><\/span><span class=\"shariff-text\">twittern<\/span>&nbsp;<span data-service=\"twitter\" style=\"color:#55acee\" class=\"shariff-count shariff-hidezero\"><\/span>&nbsp;<\/a><\/li><li class=\"shariff-button rss shariff-nocustomcolor\" style=\"background-color:#ff8c00\"><a href=\"https:\/\/wolfsmonitor.de\/?feed=rss\" title=\"RSS-feed\" aria-label=\"RSS-feed\" role=\"button\" class=\"shariff-link\" style=\"; background-color:#fe9312; color:#fff\" target=\"_blank\"><span class=\"shariff-icon\" style=\"\"><svg width=\"32px\" height=\"20px\" xmlns=\"http:\/\/www.w3.org\/2000\/svg\" viewBox=\"0 0 32 32\"><path fill=\"#fe9312\" d=\"M4.3 23.5c-2.3 0-4.3 1.9-4.3 4.3 0 2.3 1.9 4.2 4.3 4.2 2.4 0 4.3-1.9 4.3-4.2 0-2.3-1.9-4.3-4.3-4.3zM0 10.9v6.1c4 0 7.7 1.6 10.6 4.4 2.8 2.8 4.4 6.6 4.4 10.6h6.2c0-11.7-9.5-21.1-21.1-21.1zM0 0v6.1c14.2 0 25.8 11.6 25.8 25.9h6.2c0-17.6-14.4-32-32-32z\"\/><\/svg><\/span><span class=\"shariff-text\">RSS-feed<\/span>&nbsp;<\/a><\/li><li class=\"shariff-button mailto shariff-nocustomcolor\" style=\"background-color:#a8a8a8\"><a href=\"mailto:?body=https%3A%2F%2Fwolfsmonitor.de%2F%3Fp%3D2386&subject=Meinungsspiegel%20%E2%80%93%20W%C3%B6lfe%20im%20Januar\" title=\"Per E-Mail versenden\" aria-label=\"Per E-Mail versenden\" role=\"button\" rel=\"noopener nofollow\" class=\"shariff-link\" style=\"; background-color:#999; color:#fff\"><span class=\"shariff-icon\" style=\"\"><svg width=\"32px\" height=\"20px\" xmlns=\"http:\/\/www.w3.org\/2000\/svg\" viewBox=\"0 0 32 32\"><path fill=\"#999\" d=\"M32 12.7v14.2q0 1.2-0.8 2t-2 0.9h-26.3q-1.2 0-2-0.9t-0.8-2v-14.2q0.8 0.9 1.8 1.6 6.5 4.4 8.9 6.1 1 0.8 1.6 1.2t1.7 0.9 2 0.4h0.1q0.9 0 2-0.4t1.7-0.9 1.6-1.2q3-2.2 8.9-6.1 1-0.7 1.8-1.6zM32 7.4q0 1.4-0.9 2.7t-2.2 2.2q-6.7 4.7-8.4 5.8-0.2 0.1-0.7 0.5t-1 0.7-0.9 0.6-1.1 0.5-0.9 0.2h-0.1q-0.4 0-0.9-0.2t-1.1-0.5-0.9-0.6-1-0.7-0.7-0.5q-1.6-1.1-4.7-3.2t-3.6-2.6q-1.1-0.7-2.1-2t-1-2.5q0-1.4 0.7-2.3t2.1-0.9h26.3q1.2 0 2 0.8t0.9 2z\"\/><\/svg><\/span><span class=\"shariff-text\">E-Mail<\/span>&nbsp;<\/a><\/li><li class=\"shariff-button info shariff-nocustomcolor\" style=\"background-color:#a8a8a8\"><a href=\"http:\/\/ct.de\/-2467514\" title=\"Weitere Informationen\" aria-label=\"Weitere Informationen\" role=\"button\" rel=\"noopener \" class=\"shariff-link\" style=\"; background-color:#999; color:#fff\" target=\"_blank\"><span class=\"shariff-icon\" style=\"\"><svg width=\"32px\" height=\"20px\" xmlns=\"http:\/\/www.w3.org\/2000\/svg\" viewBox=\"0 0 11 32\"><path fill=\"#999\" d=\"M11.4 24v2.3q0 0.5-0.3 0.8t-0.8 0.4h-9.1q-0.5 0-0.8-0.4t-0.4-0.8v-2.3q0-0.5 0.4-0.8t0.8-0.4h1.1v-6.8h-1.1q-0.5 0-0.8-0.4t-0.4-0.8v-2.3q0-0.5 0.4-0.8t0.8-0.4h6.8q0.5 0 0.8 0.4t0.4 0.8v10.3h1.1q0.5 0 0.8 0.4t0.3 0.8zM9.2 3.4v3.4q0 0.5-0.4 0.8t-0.8 0.4h-4.6q-0.4 0-0.8-0.4t-0.4-0.8v-3.4q0-0.4 0.4-0.8t0.8-0.4h4.6q0.5 0 0.8 0.4t0.4 0.8z\"\/><\/svg><\/span><\/a><\/li><\/ul><\/div>","protected":false},"excerpt":{"rendered":"<p>Das neue Jahr begann in punkto W\u00f6lfe in Deutschland vergleichsweise unruhig. Es waren vor allem zwei Ereignisse, die f\u00fcr Aufsehen sorgten und die Gem\u00fcter erregten. Ein Vorfall im Gartower Forst, ein zweiter in Wardb\u00f6hmen bei Bergen. Sollten Sie als Leser dieses Blogs beide Ereignisse noch nicht kennen, schauen Sie sich bitte in den vorherigen Beitr\u00e4gen [&hellip;]<\/p>\n<div class=\"shariff shariff-align-center shariff-widget-align-center\" data-services=\"facebook%7Ctwitter\" data-url=\"https%3A%2F%2Fwolfsmonitor.de%2F%3Fp%3D2386\" data-timestamp=\"1525529343\" data-backendurl=\"?rest_route=\/shariff\/v1\/share_counts&\"><ul class=\"shariff-buttons theme-color orientation-horizontal buttonsize-small\"><li class=\"shariff-button facebook shariff-nocustomcolor\" style=\"background-color:#4273c8\"><a href=\"https:\/\/www.facebook.com\/sharer\/sharer.php?u=https%3A%2F%2Fwolfsmonitor.de%2F%3Fp%3D2386\" title=\"Bei Facebook teilen\" aria-label=\"Bei Facebook teilen\" role=\"button\" rel=\"nofollow\" class=\"shariff-link\" style=\"; background-color:#3b5998; color:#fff\" target=\"_blank\"><span class=\"shariff-icon\" style=\"\"><svg width=\"32px\" height=\"20px\" xmlns=\"http:\/\/www.w3.org\/2000\/svg\" viewBox=\"0 0 18 32\"><path fill=\"#3b5998\" d=\"M17.1 0.2v4.7h-2.8q-1.5 0-2.1 0.6t-0.5 1.9v3.4h5.2l-0.7 5.3h-4.5v13.6h-5.5v-13.6h-4.5v-5.3h4.5v-3.9q0-3.3 1.9-5.2t5-1.8q2.6 0 4.1 0.2z\"\/><\/svg><\/span><span class=\"shariff-text\">teilen<\/span>&nbsp;<span data-service=\"facebook\" style=\"color:#3b5998\" class=\"shariff-count shariff-hidezero\"><\/span>&nbsp;<\/a><\/li><li class=\"shariff-button twitter shariff-nocustomcolor\" style=\"background-color:#32bbf5\"><a href=\"https:\/\/twitter.com\/share?url=https%3A%2F%2Fwolfsmonitor.de%2F%3Fp%3D2386&text=Meinungsspiegel%20%E2%80%93%20W%C3%B6lfe%20im%20Januar\" title=\"Bei Twitter teilen\" aria-label=\"Bei Twitter teilen\" role=\"button\" rel=\"noopener nofollow\" class=\"shariff-link\" style=\"; background-color:#55acee; color:#fff\" target=\"_blank\"><span class=\"shariff-icon\" style=\"\"><svg width=\"32px\" height=\"20px\" xmlns=\"http:\/\/www.w3.org\/2000\/svg\" viewBox=\"0 0 30 32\"><path fill=\"#55acee\" d=\"M29.7 6.8q-1.2 1.8-3 3.1 0 0.3 0 0.8 0 2.5-0.7 4.9t-2.2 4.7-3.5 4-4.9 2.8-6.1 1q-5.1 0-9.3-2.7 0.6 0.1 1.5 0.1 4.3 0 7.6-2.6-2-0.1-3.5-1.2t-2.2-3q0.6 0.1 1.1 0.1 0.8 0 1.6-0.2-2.1-0.4-3.5-2.1t-1.4-3.9v-0.1q1.3 0.7 2.8 0.8-1.2-0.8-2-2.2t-0.7-2.9q0-1.7 0.8-3.1 2.3 2.8 5.5 4.5t7 1.9q-0.2-0.7-0.2-1.4 0-2.5 1.8-4.3t4.3-1.8q2.7 0 4.5 1.9 2.1-0.4 3.9-1.5-0.7 2.2-2.7 3.4 1.8-0.2 3.5-0.9z\"\/><\/svg><\/span><span class=\"shariff-text\">twittern<\/span>&nbsp;<span data-service=\"twitter\" style=\"color:#55acee\" class=\"shariff-count shariff-hidezero\"><\/span>&nbsp;<\/a><\/li><li class=\"shariff-button rss shariff-nocustomcolor\" style=\"background-color:#ff8c00\"><a href=\"https:\/\/wolfsmonitor.de\/?feed=rss\" title=\"RSS-feed\" aria-label=\"RSS-feed\" role=\"button\" class=\"shariff-link\" style=\"; background-color:#fe9312; color:#fff\" target=\"_blank\"><span class=\"shariff-icon\" style=\"\"><svg width=\"32px\" height=\"20px\" xmlns=\"http:\/\/www.w3.org\/2000\/svg\" viewBox=\"0 0 32 32\"><path fill=\"#fe9312\" d=\"M4.3 23.5c-2.3 0-4.3 1.9-4.3 4.3 0 2.3 1.9 4.2 4.3 4.2 2.4 0 4.3-1.9 4.3-4.2 0-2.3-1.9-4.3-4.3-4.3zM0 10.9v6.1c4 0 7.7 1.6 10.6 4.4 2.8 2.8 4.4 6.6 4.4 10.6h6.2c0-11.7-9.5-21.1-21.1-21.1zM0 0v6.1c14.2 0 25.8 11.6 25.8 25.9h6.2c0-17.6-14.4-32-32-32z\"\/><\/svg><\/span><span class=\"shariff-text\">RSS-feed<\/span>&nbsp;<\/a><\/li><li class=\"shariff-button mailto shariff-nocustomcolor\" style=\"background-color:#a8a8a8\"><a href=\"mailto:?body=https%3A%2F%2Fwolfsmonitor.de%2F%3Fp%3D2386&subject=Meinungsspiegel%20%E2%80%93%20W%C3%B6lfe%20im%20Januar\" title=\"Per E-Mail versenden\" aria-label=\"Per E-Mail versenden\" role=\"button\" rel=\"noopener nofollow\" class=\"shariff-link\" style=\"; background-color:#999; color:#fff\"><span class=\"shariff-icon\" style=\"\"><svg width=\"32px\" height=\"20px\" xmlns=\"http:\/\/www.w3.org\/2000\/svg\" viewBox=\"0 0 32 32\"><path fill=\"#999\" d=\"M32 12.7v14.2q0 1.2-0.8 2t-2 0.9h-26.3q-1.2 0-2-0.9t-0.8-2v-14.2q0.8 0.9 1.8 1.6 6.5 4.4 8.9 6.1 1 0.8 1.6 1.2t1.7 0.9 2 0.4h0.1q0.9 0 2-0.4t1.7-0.9 1.6-1.2q3-2.2 8.9-6.1 1-0.7 1.8-1.6zM32 7.4q0 1.4-0.9 2.7t-2.2 2.2q-6.7 4.7-8.4 5.8-0.2 0.1-0.7 0.5t-1 0.7-0.9 0.6-1.1 0.5-0.9 0.2h-0.1q-0.4 0-0.9-0.2t-1.1-0.5-0.9-0.6-1-0.7-0.7-0.5q-1.6-1.1-4.7-3.2t-3.6-2.6q-1.1-0.7-2.1-2t-1-2.5q0-1.4 0.7-2.3t2.1-0.9h26.3q1.2 0 2 0.8t0.9 2z\"\/><\/svg><\/span><span class=\"shariff-text\">E-Mail<\/span>&nbsp;<\/a><\/li><li class=\"shariff-button info shariff-nocustomcolor\" style=\"background-color:#a8a8a8\"><a href=\"http:\/\/ct.de\/-2467514\" title=\"Weitere Informationen\" aria-label=\"Weitere Informationen\" role=\"button\" rel=\"noopener \" class=\"shariff-link\" style=\"; background-color:#999; color:#fff\" target=\"_blank\"><span class=\"shariff-icon\" style=\"\"><svg width=\"32px\" height=\"20px\" xmlns=\"http:\/\/www.w3.org\/2000\/svg\" viewBox=\"0 0 11 32\"><path fill=\"#999\" d=\"M11.4 24v2.3q0 0.5-0.3 0.8t-0.8 0.4h-9.1q-0.5 0-0.8-0.4t-0.4-0.8v-2.3q0-0.5 0.4-0.8t0.8-0.4h1.1v-6.8h-1.1q-0.5 0-0.8-0.4t-0.4-0.8v-2.3q0-0.5 0.4-0.8t0.8-0.4h6.8q0.5 0 0.8 0.4t0.4 0.8v10.3h1.1q0.5 0 0.8 0.4t0.3 0.8zM9.2 3.4v3.4q0 0.5-0.4 0.8t-0.8 0.4h-4.6q-0.4 0-0.8-0.4t-0.4-0.8v-3.4q0-0.4 0.4-0.8t0.8-0.4h4.6q0.5 0 0.8 0.4t0.4 0.8z\"\/><\/svg><\/span><\/a><\/li><\/ul><\/div>","protected":false},"author":1,"featured_media":2360,"comment_status":"closed","ping_status":"open","sticky":false,"template":"","format":"standard","meta":{"spay_email":""},"categories":[1959],"tags":[1777,1052,322,1286,1822,1974,136,1975,1307,219,1973,29,1972],"jetpack_featured_media_url":"https:\/\/i1.wp.com\/wolfsmonitor.de\/wp-content\/uploads\/2016\/01\/Beitragsfoto-2-Expertenmeinung.jpg?fit=500%2C478&ssl=1","jetpack_shortlink":"https:\/\/wp.me\/p61YbU-Cu","jetpack-related-posts":[{"id":2275,"url":"https:\/\/wolfsmonitor.de\/?p=2275","url_meta":{"origin":2386,"position":0},"title":"Nachlese: Jogger im Gartower Forst","date":"19. Januar 2016","format":false,"excerpt":"Der erste Rauch ist verzogen, die Schlagzeilen Schnee von gestern, die Nahbegegnung eines Joggers im Gartower Forst mit zwei Caniden hinterl\u00e4sst dennoch eine Spur Ungewissheit. Warum? Auf dem Wolfsportal des Nieders\u00e4chsischen Umweltministeriums sind zwischenzeitlich die Hintergrundinformationen zum Vorfall im Gartower Forst ver\u00f6ffentlicht worden. Hier die kurze Zusammenfassung der Ereignisse (Stand\u2026","rel":"","context":"In &quot;Standpunkte&quot;","img":{"alt_text":"Wolf im Tierpark Nordhorn","src":"https:\/\/i1.wp.com\/wolfsmonitor.de\/wp-content\/uploads\/2015\/04\/WM-Kommentar.jpg?fit=512%2C442&ssl=1&resize=350%2C200","width":350,"height":200},"classes":[]},{"id":2228,"url":"https:\/\/wolfsmonitor.de\/?p=2228","url_meta":{"origin":2386,"position":1},"title":"Jogger durch Wolf verletzt + Update!","date":"13. Januar 2016","format":false,"excerpt":"Update 22:00 Uhr: In einem Beitrag des Senders NDR \u00e4u\u00dferte Staatssekret\u00e4rin Almut Kottwitz am Abend, dass man im nieders\u00e4chsischen Umweltministerium bezweifele, dass es sich bei dem dargestellten Vorfall um W\u00f6lfe gehandelt habe (*2). Das Erscheinungsbild der Tiere deute nicht auf W\u00f6lfe sondern auf Hunde hin. Das w\u00fcrde erkl\u00e4ren, warum der\u2026","rel":"","context":"In &quot;Die Wolfsampel&quot;","img":{"alt_text":"","src":"","width":0,"height":0},"classes":[]},{"id":2324,"url":"https:\/\/wolfsmonitor.de\/?p=2324","url_meta":{"origin":2386,"position":2},"title":"Wardb\u00f6hmen: Wolf rauft mit Hund \u2013 wie verh\u00e4lt man sich richtig?","date":"27. Januar 2016","format":false,"excerpt":"Auf einem Spaziergang in der N\u00e4he der Ortschaft Wardb\u00f6hmen bei Celle soll eine Frau letzten Freitag mit ihrem Mischlingshund einem besenderten Wolf begegnet sein (*1). Als dieser nur noch rund f\u00fcnf Meter von ihr entfernt war, leinte die Frau ihre H\u00fcndin ab. Der Mischlingshund soll daraufhin sofort auf den Wolf\u2026","rel":"","context":"In &quot;Hintergr\u00fcnde&quot;","img":{"alt_text":"Wolf im Tierpark Nordhorn","src":"https:\/\/i2.wp.com\/wolfsmonitor.de\/wp-content\/uploads\/2015\/09\/Beitragsfoto-Hintergr\u00fcnde.jpg?fit=572%2C508&ssl=1&resize=350%2C200","width":350,"height":200},"classes":[]},{"id":11195,"url":"https:\/\/wolfsmonitor.de\/?p=11195","url_meta":{"origin":2386,"position":3},"title":"Neues Wolfsbuch: Andreas Beerlages \"Wolfsf\u00e4hrten\"","date":"6. November 2017","format":false,"excerpt":"Einen Mangel an Neuerscheinungen \u00fcber die w\u00f6lfischen R\u00fcckkehrer kann man zurzeit im Buchhandel nicht gerade ausmachen. Andreas Beerlage aus Hamburg, freier Journalist mit Schwerpunktthemen aus Natur und Wissenschaft, hat den zuletzt erschienenen Exemplaren nun noch ein weiteres Buch mit dem Titel \u201eWolfsf\u00e4hrten\u201c hinzugef\u00fcgt. Mehr als 15 Jahre folgte Beerlage den\u2026","rel":"","context":"In &quot;Rezensionen&quot;","img":{"alt_text":"","src":"https:\/\/i2.wp.com\/wolfsmonitor.de\/wp-content\/uploads\/2017\/11\/Bild-Wolfsf\u00e4hrten.jpg?fit=382%2C608&ssl=1&resize=350%2C200","width":350,"height":200},"classes":[]},{"id":2724,"url":"https:\/\/wolfsmonitor.de\/?p=2724","url_meta":{"origin":2386,"position":4},"title":"Es ist nichts schrecklicher als eine t\u00e4tige Unwissenheit\u2026\u2026","date":"7. M\u00e4rz 2016","format":false,"excerpt":"So begleitet dieses Zitat Goethes das Agieren des Nieders\u00e4chsischen Wolfsmanagements beim Umgang mit den W\u00f6lfen, die ein unerw\u00fcnschtes Verhalten an den Tag gelegt haben. Zur anstehenden Vergr\u00e4mung wurde der \u201eSatzbaukasten\u201c f\u00fcr die Pressemitteilungen des Umweltministeriums um die Formulierung der \u201erechtssicheren Durchf\u00fchrung dieser Ma\u00dfnahmen\u201c erweitert. Man k\u00f6nnte fast den Eindruck haben,\u2026","rel":"","context":"In &quot;Gastkolumne&quot;","img":{"alt_text":"Kolumnist Klaus Bullerjahn (Foto: privat)","src":"https:\/\/i0.wp.com\/wolfsmonitor.de\/wp-content\/uploads\/2016\/03\/Kolumnenbild-K.Bullerjahn.jpg?fit=768%2C523&ssl=1&resize=350%2C200","width":350,"height":200},"classes":[]},{"id":2911,"url":"https:\/\/wolfsmonitor.de\/?p=2911","url_meta":{"origin":2386,"position":5},"title":"W\u00f6lfe an Ostern in Liepe, Ostercappeln und Sommersell","date":"29. M\u00e4rz 2016","format":false,"excerpt":"Jetzt liegt es bereits wieder hinter uns, das Osterwochenende. An der \"Wolfsfront\" war es vergleichsweise ruhig, einige Ereignisse gab es dennoch: Auf einer Schafskoppel in Liepe (Landkreis Ludwigslust-Parchim) wurden am Freitag mehrere gerissene Schafe aufgefunden. Ob der \u00dcbergriff - bei denen 3 Schafe get\u00f6tet und 20 weitere verletzt wurden \u2013\u2026","rel":"","context":"In &quot;Aktuell&quot;","img":{"alt_text":"Stehender Wolf im Tierpark Nordhorn (Foto: Vogler)","src":"https:\/\/i0.wp.com\/wolfsmonitor.de\/wp-content\/uploads\/2016\/03\/Beitragsfoto-Aktuell.jpg?fit=592%2C507&ssl=1&resize=350%2C200","width":350,"height":200},"classes":[]}],"_links":{"self":[{"href":"https:\/\/wolfsmonitor.de\/index.php?rest_route=\/wp\/v2\/posts\/2386"}],"collection":[{"href":"https:\/\/wolfsmonitor.de\/index.php?rest_route=\/wp\/v2\/posts"}],"about":[{"href":"https:\/\/wolfsmonitor.de\/index.php?rest_route=\/wp\/v2\/types\/post"}],"author":[{"embeddable":true,"href":"https:\/\/wolfsmonitor.de\/index.php?rest_route=\/wp\/v2\/users\/1"}],"replies":[{"embeddable":true,"href":"https:\/\/wolfsmonitor.de\/index.php?rest_route=%2Fwp%2Fv2%2Fcomments&post=2386"}],"version-history":[{"count":4,"href":"https:\/\/wolfsmonitor.de\/index.php?rest_route=\/wp\/v2\/posts\/2386\/revisions"}],"predecessor-version":[{"id":2390,"href":"https:\/\/wolfsmonitor.de\/index.php?rest_route=\/wp\/v2\/posts\/2386\/revisions\/2390"}],"wp:featuredmedia":[{"embeddable":true,"href":"https:\/\/wolfsmonitor.de\/index.php?rest_route=\/wp\/v2\/media\/2360"}],"wp:attachment":[{"href":"https:\/\/wolfsmonitor.de\/index.php?rest_route=%2Fwp%2Fv2%2Fmedia&parent=2386"}],"wp:term":[{"taxonomy":"category","embeddable":true,"href":"https:\/\/wolfsmonitor.de\/index.php?rest_route=%2Fwp%2Fv2%2Fcategories&post=2386"},{"taxonomy":"post_tag","embeddable":true,"href":"https:\/\/wolfsmonitor.de\/index.php?rest_route=%2Fwp%2Fv2%2Ftags&post=2386"}],"curies":[{"name":"wp","href":"https:\/\/api.w.org\/{rel}","templated":true}]}}