{"id":2408,"date":"2016-02-04T18:11:16","date_gmt":"2016-02-04T16:11:16","guid":{"rendered":"http:\/\/wolfsmonitor.de\/?p=2408"},"modified":"2018-05-05T14:26:35","modified_gmt":"2018-05-05T12:26:35","slug":"wolf-ins-jagdrecht-oeffentliche-anhoerung-am-10-februar-in-hannover","status":"publish","type":"post","link":"https:\/\/wolfsmonitor.de\/?p=2408","title":{"rendered":"Wolf ins Jagdrecht? &#8211; \u00d6ffentliche Anh\u00f6rung am 10. Februar in Hannover"},"content":{"rendered":"<p><strong>Am Mittwoch, den 10. Februar 2016 findet durch den \u201eAusschuss f\u00fcr Ern\u00e4hrung, Landwirtschaft, Verbraucherschutz und Landesentwicklung\u201c eine \u00f6ffentliche Anh\u00f6rung im Erweiterungsgeb\u00e4ude des Nieders\u00e4chsischen Landtags (Raum 1105 in der Leinstra\u00dfe 30 in Hannover) statt, die um 13:00 Uhr beginnt.<\/strong><\/p>\n<p>Zwei der insgesamt f\u00fcnf Tagesordnungspunkte sind der \u201eEntwurf eines Gesetzes zur \u00c4nderung des Nieders\u00e4chsischen Jagdgesetzes \u2013 Gesetzentwurf der Fraktion der FDP \u2013 Drs. 17\/2883 (Aufnahme des Wolfes in das Jagdrecht mit ganzj\u00e4hriger Schonzeit)\u201c und der \u201eAntrag der Fraktion der CDU \u2013 Drs. 17\/4519 \u2013 F\u00fcr den Tierschutz und die Existenzf\u00e4higkeit der betroffenen Sch\u00e4fer \u2013 Goldenstedter Wolf umgehend entnehmen\u201c.<\/p>\n<p>Geladene Referenten sind:<!--more--><\/p>\n<p>\u2022 Dr. Stefan M\u00f6ckel vom Helmholtz \u2013 Zentrum f\u00fcr Umweltforschung \u2013 UFZ,<br \/>\n\u2022 die Landesj\u00e4gerschaft Niedersachsen,<br \/>\n\u2022 Dr. Regina Walther vom S\u00e4chsischen Schaf- und Ziegenzuchtverband e.V.,<br \/>\n\u2022 Rudolf Michaelis von \u201eDie Weidetierhalter Nordostniedersachsen (WNON)\u201c<br \/>\n\u2022 und das Landvolk Niedersachsen.<\/p>\n<p>Die Referenten sind gebeten worden, u.a. zu den Fragen zu berichten, wie \u201edie Chancen auf eine \u00dcberf\u00fchrung des Wolfes in das Landesjagdgesetz sachlich und rechtlich zu bewerten ist\u201c und \u201ewie der Schutz des Menschen vor \u00dcbergriffen durch den Wolf sichergestellt werden kann\u201c bzw. welche Verhaltensweisen eines Wolfes beispielhaft daf\u00fcr w\u00e4ren, dass eine Gef\u00e4hrdung des Menschen zu bef\u00fcrchten steht.<\/p>\n<p>Es wird darauf hingewiesen, dass im Sitzungsraum nur ca. 40 Besucherpl\u00e4tze vorhanden sind.<\/p>\n<p><em>(Weitere Infos sind \u00fcber das Landtagsportal des Landes Niedersachsen erh\u00e4ltlich, <span style=\"color: #0000ff;\"><a style=\"color: #0000ff;\" title=\"Landtagsportal Nds, Monats\u00fcbersichten\" href=\"http:\/\/www.landtag-niedersachsen.de\/monatsuebersichten\/\" target=\"_blank\">hier der Link!)<\/a><\/span><\/em><\/p>\n<div class=\"shariff shariff-align-center shariff-widget-align-center\" data-services=\"facebook%7Ctwitter\" data-url=\"https%3A%2F%2Fwolfsmonitor.de%2F%3Fp%3D2408\" data-timestamp=\"1525530395\" data-backendurl=\"?rest_route=\/shariff\/v1\/share_counts&\"><ul class=\"shariff-buttons theme-color orientation-horizontal buttonsize-small\"><li class=\"shariff-button facebook shariff-nocustomcolor\" style=\"background-color:#4273c8\"><a href=\"https:\/\/www.facebook.com\/sharer\/sharer.php?u=https%3A%2F%2Fwolfsmonitor.de%2F%3Fp%3D2408\" title=\"Bei Facebook teilen\" aria-label=\"Bei Facebook teilen\" role=\"button\" rel=\"nofollow\" class=\"shariff-link\" style=\"; background-color:#3b5998; color:#fff\" target=\"_blank\"><span class=\"shariff-icon\" style=\"\"><svg width=\"32px\" height=\"20px\" xmlns=\"http:\/\/www.w3.org\/2000\/svg\" viewBox=\"0 0 18 32\"><path fill=\"#3b5998\" d=\"M17.1 0.2v4.7h-2.8q-1.5 0-2.1 0.6t-0.5 1.9v3.4h5.2l-0.7 5.3h-4.5v13.6h-5.5v-13.6h-4.5v-5.3h4.5v-3.9q0-3.3 1.9-5.2t5-1.8q2.6 0 4.1 0.2z\"\/><\/svg><\/span><span class=\"shariff-text\">teilen<\/span>&nbsp;<span data-service=\"facebook\" style=\"color:#3b5998\" class=\"shariff-count shariff-hidezero\"><\/span>&nbsp;<\/a><\/li><li class=\"shariff-button twitter shariff-nocustomcolor\" style=\"background-color:#32bbf5\"><a href=\"https:\/\/twitter.com\/share?url=https%3A%2F%2Fwolfsmonitor.de%2F%3Fp%3D2408&text=Wolf%20ins%20Jagdrecht%3F%20%E2%80%93%20%C3%96ffentliche%20Anh%C3%B6rung%20am%2010.%20Februar%20in%20Hannover\" title=\"Bei Twitter teilen\" aria-label=\"Bei Twitter teilen\" role=\"button\" rel=\"noopener nofollow\" class=\"shariff-link\" style=\"; background-color:#55acee; color:#fff\" target=\"_blank\"><span class=\"shariff-icon\" style=\"\"><svg width=\"32px\" height=\"20px\" xmlns=\"http:\/\/www.w3.org\/2000\/svg\" viewBox=\"0 0 30 32\"><path fill=\"#55acee\" d=\"M29.7 6.8q-1.2 1.8-3 3.1 0 0.3 0 0.8 0 2.5-0.7 4.9t-2.2 4.7-3.5 4-4.9 2.8-6.1 1q-5.1 0-9.3-2.7 0.6 0.1 1.5 0.1 4.3 0 7.6-2.6-2-0.1-3.5-1.2t-2.2-3q0.6 0.1 1.1 0.1 0.8 0 1.6-0.2-2.1-0.4-3.5-2.1t-1.4-3.9v-0.1q1.3 0.7 2.8 0.8-1.2-0.8-2-2.2t-0.7-2.9q0-1.7 0.8-3.1 2.3 2.8 5.5 4.5t7 1.9q-0.2-0.7-0.2-1.4 0-2.5 1.8-4.3t4.3-1.8q2.7 0 4.5 1.9 2.1-0.4 3.9-1.5-0.7 2.2-2.7 3.4 1.8-0.2 3.5-0.9z\"\/><\/svg><\/span><span class=\"shariff-text\">twittern<\/span>&nbsp;<span data-service=\"twitter\" style=\"color:#55acee\" class=\"shariff-count shariff-hidezero\"><\/span>&nbsp;<\/a><\/li><li class=\"shariff-button rss shariff-nocustomcolor\" style=\"background-color:#ff8c00\"><a href=\"https:\/\/wolfsmonitor.de\/?feed=rss\" title=\"RSS-feed\" aria-label=\"RSS-feed\" role=\"button\" class=\"shariff-link\" style=\"; background-color:#fe9312; color:#fff\" target=\"_blank\"><span class=\"shariff-icon\" style=\"\"><svg width=\"32px\" height=\"20px\" xmlns=\"http:\/\/www.w3.org\/2000\/svg\" viewBox=\"0 0 32 32\"><path fill=\"#fe9312\" d=\"M4.3 23.5c-2.3 0-4.3 1.9-4.3 4.3 0 2.3 1.9 4.2 4.3 4.2 2.4 0 4.3-1.9 4.3-4.2 0-2.3-1.9-4.3-4.3-4.3zM0 10.9v6.1c4 0 7.7 1.6 10.6 4.4 2.8 2.8 4.4 6.6 4.4 10.6h6.2c0-11.7-9.5-21.1-21.1-21.1zM0 0v6.1c14.2 0 25.8 11.6 25.8 25.9h6.2c0-17.6-14.4-32-32-32z\"\/><\/svg><\/span><span class=\"shariff-text\">RSS-feed<\/span>&nbsp;<\/a><\/li><li class=\"shariff-button mailto shariff-nocustomcolor\" style=\"background-color:#a8a8a8\"><a href=\"mailto:?body=https%3A%2F%2Fwolfsmonitor.de%2F%3Fp%3D2408&subject=Wolf%20ins%20Jagdrecht%3F%20%E2%80%93%20%C3%96ffentliche%20Anh%C3%B6rung%20am%2010.%20Februar%20in%20Hannover\" title=\"Per E-Mail versenden\" aria-label=\"Per E-Mail versenden\" role=\"button\" rel=\"noopener nofollow\" class=\"shariff-link\" style=\"; background-color:#999; color:#fff\"><span class=\"shariff-icon\" style=\"\"><svg width=\"32px\" height=\"20px\" xmlns=\"http:\/\/www.w3.org\/2000\/svg\" viewBox=\"0 0 32 32\"><path fill=\"#999\" d=\"M32 12.7v14.2q0 1.2-0.8 2t-2 0.9h-26.3q-1.2 0-2-0.9t-0.8-2v-14.2q0.8 0.9 1.8 1.6 6.5 4.4 8.9 6.1 1 0.8 1.6 1.2t1.7 0.9 2 0.4h0.1q0.9 0 2-0.4t1.7-0.9 1.6-1.2q3-2.2 8.9-6.1 1-0.7 1.8-1.6zM32 7.4q0 1.4-0.9 2.7t-2.2 2.2q-6.7 4.7-8.4 5.8-0.2 0.1-0.7 0.5t-1 0.7-0.9 0.6-1.1 0.5-0.9 0.2h-0.1q-0.4 0-0.9-0.2t-1.1-0.5-0.9-0.6-1-0.7-0.7-0.5q-1.6-1.1-4.7-3.2t-3.6-2.6q-1.1-0.7-2.1-2t-1-2.5q0-1.4 0.7-2.3t2.1-0.9h26.3q1.2 0 2 0.8t0.9 2z\"\/><\/svg><\/span><span class=\"shariff-text\">E-Mail<\/span>&nbsp;<\/a><\/li><li class=\"shariff-button info shariff-nocustomcolor\" style=\"background-color:#a8a8a8\"><a href=\"http:\/\/ct.de\/-2467514\" title=\"Weitere Informationen\" aria-label=\"Weitere Informationen\" role=\"button\" rel=\"noopener \" class=\"shariff-link\" style=\"; background-color:#999; color:#fff\" target=\"_blank\"><span class=\"shariff-icon\" style=\"\"><svg width=\"32px\" height=\"20px\" xmlns=\"http:\/\/www.w3.org\/2000\/svg\" viewBox=\"0 0 11 32\"><path fill=\"#999\" d=\"M11.4 24v2.3q0 0.5-0.3 0.8t-0.8 0.4h-9.1q-0.5 0-0.8-0.4t-0.4-0.8v-2.3q0-0.5 0.4-0.8t0.8-0.4h1.1v-6.8h-1.1q-0.5 0-0.8-0.4t-0.4-0.8v-2.3q0-0.5 0.4-0.8t0.8-0.4h6.8q0.5 0 0.8 0.4t0.4 0.8v10.3h1.1q0.5 0 0.8 0.4t0.3 0.8zM9.2 3.4v3.4q0 0.5-0.4 0.8t-0.8 0.4h-4.6q-0.4 0-0.8-0.4t-0.4-0.8v-3.4q0-0.4 0.4-0.8t0.8-0.4h4.6q0.5 0 0.8 0.4t0.4 0.8z\"\/><\/svg><\/span><\/a><\/li><\/ul><\/div>","protected":false},"excerpt":{"rendered":"<p>Am Mittwoch, den 10. Februar 2016 findet durch den \u201eAusschuss f\u00fcr Ern\u00e4hrung, Landwirtschaft, Verbraucherschutz und Landesentwicklung\u201c eine \u00f6ffentliche Anh\u00f6rung im Erweiterungsgeb\u00e4ude des Nieders\u00e4chsischen Landtags (Raum 1105 in der Leinstra\u00dfe 30 in Hannover) statt, die um 13:00 Uhr beginnt. Zwei der insgesamt f\u00fcnf Tagesordnungspunkte sind der \u201eEntwurf eines Gesetzes zur \u00c4nderung des Nieders\u00e4chsischen Jagdgesetzes \u2013 Gesetzentwurf [&hellip;]<\/p>\n<div class=\"shariff shariff-align-center shariff-widget-align-center\" data-services=\"facebook%7Ctwitter\" data-url=\"https%3A%2F%2Fwolfsmonitor.de%2F%3Fp%3D2408\" data-timestamp=\"1525530395\" data-backendurl=\"?rest_route=\/shariff\/v1\/share_counts&\"><ul class=\"shariff-buttons theme-color orientation-horizontal buttonsize-small\"><li class=\"shariff-button facebook shariff-nocustomcolor\" style=\"background-color:#4273c8\"><a href=\"https:\/\/www.facebook.com\/sharer\/sharer.php?u=https%3A%2F%2Fwolfsmonitor.de%2F%3Fp%3D2408\" title=\"Bei Facebook teilen\" aria-label=\"Bei Facebook teilen\" role=\"button\" rel=\"nofollow\" class=\"shariff-link\" style=\"; background-color:#3b5998; color:#fff\" target=\"_blank\"><span class=\"shariff-icon\" style=\"\"><svg width=\"32px\" height=\"20px\" xmlns=\"http:\/\/www.w3.org\/2000\/svg\" viewBox=\"0 0 18 32\"><path fill=\"#3b5998\" d=\"M17.1 0.2v4.7h-2.8q-1.5 0-2.1 0.6t-0.5 1.9v3.4h5.2l-0.7 5.3h-4.5v13.6h-5.5v-13.6h-4.5v-5.3h4.5v-3.9q0-3.3 1.9-5.2t5-1.8q2.6 0 4.1 0.2z\"\/><\/svg><\/span><span class=\"shariff-text\">teilen<\/span>&nbsp;<span data-service=\"facebook\" style=\"color:#3b5998\" class=\"shariff-count shariff-hidezero\"><\/span>&nbsp;<\/a><\/li><li class=\"shariff-button twitter shariff-nocustomcolor\" style=\"background-color:#32bbf5\"><a href=\"https:\/\/twitter.com\/share?url=https%3A%2F%2Fwolfsmonitor.de%2F%3Fp%3D2408&text=Wolf%20ins%20Jagdrecht%3F%20%E2%80%93%20%C3%96ffentliche%20Anh%C3%B6rung%20am%2010.%20Februar%20in%20Hannover\" title=\"Bei Twitter teilen\" aria-label=\"Bei Twitter teilen\" role=\"button\" rel=\"noopener nofollow\" class=\"shariff-link\" style=\"; background-color:#55acee; color:#fff\" target=\"_blank\"><span class=\"shariff-icon\" style=\"\"><svg width=\"32px\" height=\"20px\" xmlns=\"http:\/\/www.w3.org\/2000\/svg\" viewBox=\"0 0 30 32\"><path fill=\"#55acee\" d=\"M29.7 6.8q-1.2 1.8-3 3.1 0 0.3 0 0.8 0 2.5-0.7 4.9t-2.2 4.7-3.5 4-4.9 2.8-6.1 1q-5.1 0-9.3-2.7 0.6 0.1 1.5 0.1 4.3 0 7.6-2.6-2-0.1-3.5-1.2t-2.2-3q0.6 0.1 1.1 0.1 0.8 0 1.6-0.2-2.1-0.4-3.5-2.1t-1.4-3.9v-0.1q1.3 0.7 2.8 0.8-1.2-0.8-2-2.2t-0.7-2.9q0-1.7 0.8-3.1 2.3 2.8 5.5 4.5t7 1.9q-0.2-0.7-0.2-1.4 0-2.5 1.8-4.3t4.3-1.8q2.7 0 4.5 1.9 2.1-0.4 3.9-1.5-0.7 2.2-2.7 3.4 1.8-0.2 3.5-0.9z\"\/><\/svg><\/span><span class=\"shariff-text\">twittern<\/span>&nbsp;<span data-service=\"twitter\" style=\"color:#55acee\" class=\"shariff-count shariff-hidezero\"><\/span>&nbsp;<\/a><\/li><li class=\"shariff-button rss shariff-nocustomcolor\" style=\"background-color:#ff8c00\"><a href=\"https:\/\/wolfsmonitor.de\/?feed=rss\" title=\"RSS-feed\" aria-label=\"RSS-feed\" role=\"button\" class=\"shariff-link\" style=\"; background-color:#fe9312; color:#fff\" target=\"_blank\"><span class=\"shariff-icon\" style=\"\"><svg width=\"32px\" height=\"20px\" xmlns=\"http:\/\/www.w3.org\/2000\/svg\" viewBox=\"0 0 32 32\"><path fill=\"#fe9312\" d=\"M4.3 23.5c-2.3 0-4.3 1.9-4.3 4.3 0 2.3 1.9 4.2 4.3 4.2 2.4 0 4.3-1.9 4.3-4.2 0-2.3-1.9-4.3-4.3-4.3zM0 10.9v6.1c4 0 7.7 1.6 10.6 4.4 2.8 2.8 4.4 6.6 4.4 10.6h6.2c0-11.7-9.5-21.1-21.1-21.1zM0 0v6.1c14.2 0 25.8 11.6 25.8 25.9h6.2c0-17.6-14.4-32-32-32z\"\/><\/svg><\/span><span class=\"shariff-text\">RSS-feed<\/span>&nbsp;<\/a><\/li><li class=\"shariff-button mailto shariff-nocustomcolor\" style=\"background-color:#a8a8a8\"><a href=\"mailto:?body=https%3A%2F%2Fwolfsmonitor.de%2F%3Fp%3D2408&subject=Wolf%20ins%20Jagdrecht%3F%20%E2%80%93%20%C3%96ffentliche%20Anh%C3%B6rung%20am%2010.%20Februar%20in%20Hannover\" title=\"Per E-Mail versenden\" aria-label=\"Per E-Mail versenden\" role=\"button\" rel=\"noopener nofollow\" class=\"shariff-link\" style=\"; background-color:#999; color:#fff\"><span class=\"shariff-icon\" style=\"\"><svg width=\"32px\" height=\"20px\" xmlns=\"http:\/\/www.w3.org\/2000\/svg\" viewBox=\"0 0 32 32\"><path fill=\"#999\" d=\"M32 12.7v14.2q0 1.2-0.8 2t-2 0.9h-26.3q-1.2 0-2-0.9t-0.8-2v-14.2q0.8 0.9 1.8 1.6 6.5 4.4 8.9 6.1 1 0.8 1.6 1.2t1.7 0.9 2 0.4h0.1q0.9 0 2-0.4t1.7-0.9 1.6-1.2q3-2.2 8.9-6.1 1-0.7 1.8-1.6zM32 7.4q0 1.4-0.9 2.7t-2.2 2.2q-6.7 4.7-8.4 5.8-0.2 0.1-0.7 0.5t-1 0.7-0.9 0.6-1.1 0.5-0.9 0.2h-0.1q-0.4 0-0.9-0.2t-1.1-0.5-0.9-0.6-1-0.7-0.7-0.5q-1.6-1.1-4.7-3.2t-3.6-2.6q-1.1-0.7-2.1-2t-1-2.5q0-1.4 0.7-2.3t2.1-0.9h26.3q1.2 0 2 0.8t0.9 2z\"\/><\/svg><\/span><span class=\"shariff-text\">E-Mail<\/span>&nbsp;<\/a><\/li><li class=\"shariff-button info shariff-nocustomcolor\" style=\"background-color:#a8a8a8\"><a href=\"http:\/\/ct.de\/-2467514\" title=\"Weitere Informationen\" aria-label=\"Weitere Informationen\" role=\"button\" rel=\"noopener \" class=\"shariff-link\" style=\"; background-color:#999; color:#fff\" target=\"_blank\"><span class=\"shariff-icon\" style=\"\"><svg width=\"32px\" height=\"20px\" xmlns=\"http:\/\/www.w3.org\/2000\/svg\" viewBox=\"0 0 11 32\"><path fill=\"#999\" d=\"M11.4 24v2.3q0 0.5-0.3 0.8t-0.8 0.4h-9.1q-0.5 0-0.8-0.4t-0.4-0.8v-2.3q0-0.5 0.4-0.8t0.8-0.4h1.1v-6.8h-1.1q-0.5 0-0.8-0.4t-0.4-0.8v-2.3q0-0.5 0.4-0.8t0.8-0.4h6.8q0.5 0 0.8 0.4t0.4 0.8v10.3h1.1q0.5 0 0.8 0.4t0.3 0.8zM9.2 3.4v3.4q0 0.5-0.4 0.8t-0.8 0.4h-4.6q-0.4 0-0.8-0.4t-0.4-0.8v-3.4q0-0.4 0.4-0.8t0.8-0.4h4.6q0.5 0 0.8 0.4t0.4 0.8z\"\/><\/svg><\/span><\/a><\/li><\/ul><\/div>","protected":false},"author":1,"featured_media":505,"comment_status":"closed","ping_status":"open","sticky":false,"template":"","format":"standard","meta":{"spay_email":""},"categories":[145],"tags":[1988,1993,1989,1999,991,1994,1408,1995,282,2001,1990,1992,1998,1997,1996,1991,2000],"jetpack_featured_media_url":"https:\/\/i0.wp.com\/wolfsmonitor.de\/wp-content\/uploads\/2015\/05\/Bild-Nachgefragt.jpg?fit=488%2C408&ssl=1","jetpack_shortlink":"https:\/\/wp.me\/p61YbU-CQ","jetpack-related-posts":[{"id":2438,"url":"https:\/\/wolfsmonitor.de\/?p=2438","url_meta":{"origin":2408,"position":0},"title":"Zum Gesetzentwurf der Nds. FDP-Fraktion: Wolf ins Jagdrecht","date":"8. Februar 2016","format":false,"excerpt":"Am kommenden Mittwoch, den 10. Februar, findet im nieders\u00e4chsischen Landtag eine Anh\u00f6rung verschiedener Experten statt. Beraten werden soll dabei auch der Gesetzentwurf der FDR-Fraktion, W\u00f6lfe in das Jagdrecht mit ganzj\u00e4hriger Schonzeit aufzunehmen. Kommentar Wenn Sie, verehrte Leserinnen und Leser, einmal die Suchmaschine im Internet bem\u00fchen und dort \u201eDrucksache 17\/2883\u201c eingeben,\u2026","rel":"","context":"In &quot;Standpunkte&quot;","img":{"alt_text":"Wolf im Tierpark Nordhorn","src":"https:\/\/i0.wp.com\/wolfsmonitor.de\/wp-content\/uploads\/2015\/07\/Foto-Kommentar-2.jpg?fit=586%2C513&ssl=1&resize=350%2C200","width":350,"height":200},"classes":[]},{"id":2751,"url":"https:\/\/wolfsmonitor.de\/?p=2751","url_meta":{"origin":2408,"position":1},"title":"Posse um einen totgefahrenen Wolf","date":"9. M\u00e4rz 2016","format":false,"excerpt":"Als Posse bezeichnet man \u00fcblicherweise ein groteskes Ereignis, das sich \u00f6ffentlich abspielt. Mir f\u00e4llt allerdings gerade kein besseres Wort f\u00fcr das \u201eSchauspiel\u201c ein, das sich derzeit in Burgwedel abspielt. Am 15. April 2015 wurde ein Wolf in H\u00f6he Berkhof bei Gro\u00dfburgwedel auf der A7 von einem Kraftfahrzeug \u00fcberfahren. Es handelte\u2026","rel":"","context":"In &quot;Standpunkte&quot;","img":{"alt_text":"Wolf im Tierpark Nordhorn","src":"https:\/\/i0.wp.com\/wolfsmonitor.de\/wp-content\/uploads\/2015\/07\/Foto-Kommentar-2.jpg?fit=586%2C513&ssl=1&resize=350%2C200","width":350,"height":200},"classes":[]},{"id":4310,"url":"https:\/\/wolfsmonitor.de\/?p=4310","url_meta":{"origin":2408,"position":2},"title":"CDU-Fraktion Niedersachsen beantragt Ausschuss-Unterrichtung zu Fotobeweisen","date":"21. Juli 2016","format":false,"excerpt":"Die CDU-Landtagsfraktion in Niedersachsen beantragt vor dem Hintergrund der Berichterstattung \u00fcber zahlreiche Fotobeweise, die eine Gew\u00f6hnung von W\u00f6lfen aus dem Munsteraner Rudel an den Menschen belegen sollen, eine Unterrichtung im Umweltausschuss. Das geht aus einer Pressemeldung der nieders\u00e4chsichen CDU-Landtagsfraktion vom 20.7.2016 hervor. (*1)\u00a0 Dort hei\u00dft es (im Wortlaut): \"B\u00e4umer: Bildbeweise\u2026","rel":"","context":"In &quot;Aktuell&quot;","img":{"alt_text":"Wolf (Foto: Naturfotograf Heiko Anders)","src":"https:\/\/i1.wp.com\/wolfsmonitor.de\/wp-content\/uploads\/2016\/05\/Beitragsfoto-Heiko-Anders-Aktuell.jpg?fit=654%2C492&ssl=1&resize=350%2C200","width":350,"height":200},"classes":[]},{"id":10397,"url":"https:\/\/wolfsmonitor.de\/?p=10397","url_meta":{"origin":2408,"position":3},"title":"Wahlkampf in Niedersachsen: Weniger f\u00fcr Landwirtschaft und weniger W\u00f6lfe?","date":"12. September 2017","format":false,"excerpt":"Gibt es in Zukunft weniger Unterst\u00fctzung f\u00fcr Landwirte in Niedersachsen? Wenn es nach der CDU geht, offensichtlich ja. CDU-Spitzenkandidat Bernd Althusmann pr\u00e4sentierte k\u00fcrzlich Barbara Otte-Kinast als designierte Landwirtschaftsministerin f\u00fcr den Fall, dass die CDU die Wahl gewinnt. Und die muss sich offenbar \u2013 wie sie nun selbst in einem Interview\u2026","rel":"","context":"In &quot;Aufgelesen&quot;","img":{"alt_text":"fotografiert von Heiko Anders","src":"https:\/\/i2.wp.com\/wolfsmonitor.de\/wp-content\/uploads\/2017\/07\/Beitragsfoto-Heiko-Anders-Aufgelesen-3-Juli-2017.jpg?fit=712%2C415&ssl=1&resize=350%2C200","width":350,"height":200},"classes":[]},{"id":3797,"url":"https:\/\/wolfsmonitor.de\/?p=3797","url_meta":{"origin":2408,"position":4},"title":"Antworten auf die \u201eGro\u00dfe Anfrage\u201c der FDP an die nieders\u00e4chsische Landesregierung","date":"6. Juni 2016","format":false,"excerpt":"Zugegeben, die 83 Fragen der nieders\u00e4chsischen FDP an die dortige Landesregierung zum bisherigen Wolfsmanagement stammen aus dem Februar dieses Jahres. Die Antworten der Landesregierung darauf sind jedoch um einiges aktueller und liegen nun schriftlich vor. Im Laufe dieser Woche werden einige dieser Antworten vermutlich auch im Landtag in Hannover thematisiert.\u2026","rel":"","context":"In &quot;Hintergr\u00fcnde&quot;","img":{"alt_text":"Foto: Wildtierfotograf Heiko Anders","src":"https:\/\/i2.wp.com\/wolfsmonitor.de\/wp-content\/uploads\/2016\/05\/HA-Beitragsfoto-Hintergr\u00fcnde-1.jpg?fit=625%2C474&ssl=1&resize=350%2C200","width":350,"height":200},"classes":[]},{"id":2458,"url":"https:\/\/wolfsmonitor.de\/?p=2458","url_meta":{"origin":2408,"position":5},"title":"Ministerium reagiert auf FDP-Forderung: Wolf ins Jagdrecht","date":"10. Februar 2016","format":false,"excerpt":"Zuletzt wurden die Stimmen - insbesondere in den Oppositionsparteien im nieders\u00e4chsischen Landtag - immer lauter und die Forderung, den Wolf ins Jagdrecht dieses Bundeslandes zu \u00fcberf\u00fchren, immer deutlicher (Wolfsmonitor berichtete, siehe hier). Heute nun bezog man auf der Webseite des Nieders\u00e4chsischen Ministeriums f\u00fcr Umwelt, Energie und Klimaschutz dazu klar Stellung:\u2026","rel":"","context":"In &quot;Aufgelesen&quot;","img":{"alt_text":"","src":"https:\/\/i1.wp.com\/wolfsmonitor.de\/wp-content\/uploads\/2015\/05\/Bild-Aufgelesen.jpg?fit=899%2C715&ssl=1&resize=350%2C200","width":350,"height":200},"classes":[]}],"_links":{"self":[{"href":"https:\/\/wolfsmonitor.de\/index.php?rest_route=\/wp\/v2\/posts\/2408"}],"collection":[{"href":"https:\/\/wolfsmonitor.de\/index.php?rest_route=\/wp\/v2\/posts"}],"about":[{"href":"https:\/\/wolfsmonitor.de\/index.php?rest_route=\/wp\/v2\/types\/post"}],"author":[{"embeddable":true,"href":"https:\/\/wolfsmonitor.de\/index.php?rest_route=\/wp\/v2\/users\/1"}],"replies":[{"embeddable":true,"href":"https:\/\/wolfsmonitor.de\/index.php?rest_route=%2Fwp%2Fv2%2Fcomments&post=2408"}],"version-history":[{"count":5,"href":"https:\/\/wolfsmonitor.de\/index.php?rest_route=\/wp\/v2\/posts\/2408\/revisions"}],"predecessor-version":[{"id":2413,"href":"https:\/\/wolfsmonitor.de\/index.php?rest_route=\/wp\/v2\/posts\/2408\/revisions\/2413"}],"wp:featuredmedia":[{"embeddable":true,"href":"https:\/\/wolfsmonitor.de\/index.php?rest_route=\/wp\/v2\/media\/505"}],"wp:attachment":[{"href":"https:\/\/wolfsmonitor.de\/index.php?rest_route=%2Fwp%2Fv2%2Fmedia&parent=2408"}],"wp:term":[{"taxonomy":"category","embeddable":true,"href":"https:\/\/wolfsmonitor.de\/index.php?rest_route=%2Fwp%2Fv2%2Fcategories&post=2408"},{"taxonomy":"post_tag","embeddable":true,"href":"https:\/\/wolfsmonitor.de\/index.php?rest_route=%2Fwp%2Fv2%2Ftags&post=2408"}],"curies":[{"name":"wp","href":"https:\/\/api.w.org\/{rel}","templated":true}]}}