{"id":2458,"date":"2016-02-10T18:36:32","date_gmt":"2016-02-10T16:36:32","guid":{"rendered":"http:\/\/wolfsmonitor.de\/?p=2458"},"modified":"2018-05-05T14:09:02","modified_gmt":"2018-05-05T12:09:02","slug":"ministerium-reagiert-auf-fdp-forderung-wolf-ins-jagdrecht","status":"publish","type":"post","link":"https:\/\/wolfsmonitor.de\/?p=2458","title":{"rendered":"Ministerium reagiert auf FDP-Forderung: Wolf ins Jagdrecht"},"content":{"rendered":"<p><strong>Zuletzt wurden die Stimmen &#8211; insbesondere in den Oppositionsparteien im nieders\u00e4chsischen Landtag &#8211; immer lauter und die Forderung, den Wolf ins Jagdrecht dieses Bundeslandes zu \u00fcberf\u00fchren, immer deutlicher<\/strong> (Wolfsmonitor berichtete, <span style=\"color: #0000ff;\"><a style=\"color: #0000ff;\" title=\"FDP fordert Wolf ins Jagdrecht\" href=\"https:\/\/wolfsmonitor.de\/?p=2438\" target=\"_blank\">siehe hier<\/a><\/span>).<\/p>\n<p>Heute nun bezog man auf der Webseite des Nieders\u00e4chsischen Ministeriums f\u00fcr Umwelt, Energie und Klimaschutz dazu klar Stellung:<!--more--><\/p>\n<p><strong><em>\u201eStatement zu: Wolf ins Jagdrecht<\/em><\/strong><br \/>\n<em>Der Wolf ist eine nach internationalem und nationalem Recht streng gesch\u00fctzte Tierart, die in ihrer zentraleurop\u00e4ischen Flachlandpopulation noch weit vom Erreichen eines &#8222;g\u00fcnstigen&#8220; Erhaltungszustandes entfernt ist. In Niedersachsen leben zwischen aktuell ca. 70 Tiere. F\u00fcr die Festlegung von Obergrenzen des Wolfsbestandes in Niedersachsen oder einzelnen Regionen gibt es weder naturschutzfachliche noch rechtliche Grundlagen. Der g\u00fcnstige Erhaltungszustand ist die von der FFH-Richtlinie geforderte anzustrebende Untergrenze f\u00fcr eine Population einer besonders gesch\u00fctzten Art, sein Erreichen rechtfertigt noch keinerlei bestandesregulierende Ma\u00dfnahmen durch den Menschen. Die FFH-Richtlinie sieht auch den \u201ehervorragenden&#8220; Erhaltungszustand vor (dieser wurde f\u00fcr den Wolf in Deutschland bislang noch nicht einmal formuliert). Auch bei dessen Erreichen ergeben sich keine Regulierungsverpflichtungen.<\/em><br \/>\n<em>Das Umweltministerium nimmt die Sorgen der Nutztierhalter ernst und unterst\u00fctzt diese auch finanziell, um m\u00f6gliche wirtschaftliche Belastungen durch den Wolf auszugleichen.<\/em><br \/>\n<em>Der Abschuss von W\u00f6lfen w\u00e4re ein Versto\u00df gegen geltendes Recht. Eine Aufnahme ins Jagdrecht ist auch theoretisch wahrscheinlich nicht m\u00f6glich, da dies einem Gutachten des Bundesamts f\u00fcr Naturschutz zufolge einen Versto\u00df gegen die Verfassungsm\u00e4\u00dfigkeit darstellt. Aber auch die Aufnahme des Wolfs in L\u00e4nderjagdrecht w\u00fcrde an dem strengen Schutzstatus nichts \u00e4ndern und eine Bejagung w\u00e4re auch dann nicht m\u00f6glich.\u201c<\/em><\/p>\n<hr \/>\n<p>(Quelle: Webseite des Nieders\u00e4chsischen Umweltministeriums: www.umwelt.niedersachen.de, Aktuelles\/Informationen zum Wolf in Niedersachsen\/ abgerufen am 10.02.2016, <span style=\"color: #0000ff;\"><a style=\"color: #0000ff;\" title=\"Nds. Umweltministerium 10.02.2016\" href=\"http:\/\/www.umwelt.niedersachsen.de\/startseite\/aktuelles\/informationen_zum_wolf_niedersachsen\/statement-zu-wolf-ins-jagdrecht-140847.html\" target=\"_blank\">hier der Link!<\/a><\/span>)<\/p>\n<div class=\"shariff shariff-align-center shariff-widget-align-center\" data-services=\"facebook%7Ctwitter\" data-url=\"https%3A%2F%2Fwolfsmonitor.de%2F%3Fp%3D2458\" data-timestamp=\"1525529342\" data-backendurl=\"?rest_route=\/shariff\/v1\/share_counts&\"><ul class=\"shariff-buttons theme-color orientation-horizontal buttonsize-small\"><li class=\"shariff-button facebook shariff-nocustomcolor\" style=\"background-color:#4273c8\"><a href=\"https:\/\/www.facebook.com\/sharer\/sharer.php?u=https%3A%2F%2Fwolfsmonitor.de%2F%3Fp%3D2458\" title=\"Bei Facebook teilen\" aria-label=\"Bei Facebook teilen\" role=\"button\" rel=\"nofollow\" class=\"shariff-link\" style=\"; background-color:#3b5998; color:#fff\" target=\"_blank\"><span class=\"shariff-icon\" style=\"\"><svg width=\"32px\" height=\"20px\" xmlns=\"http:\/\/www.w3.org\/2000\/svg\" viewBox=\"0 0 18 32\"><path fill=\"#3b5998\" d=\"M17.1 0.2v4.7h-2.8q-1.5 0-2.1 0.6t-0.5 1.9v3.4h5.2l-0.7 5.3h-4.5v13.6h-5.5v-13.6h-4.5v-5.3h4.5v-3.9q0-3.3 1.9-5.2t5-1.8q2.6 0 4.1 0.2z\"\/><\/svg><\/span><span class=\"shariff-text\">teilen<\/span>&nbsp;<span data-service=\"facebook\" style=\"color:#3b5998\" class=\"shariff-count shariff-hidezero\"><\/span>&nbsp;<\/a><\/li><li class=\"shariff-button twitter shariff-nocustomcolor\" style=\"background-color:#32bbf5\"><a href=\"https:\/\/twitter.com\/share?url=https%3A%2F%2Fwolfsmonitor.de%2F%3Fp%3D2458&text=Ministerium%20reagiert%20auf%20FDP-Forderung%3A%20Wolf%20ins%20Jagdrecht\" title=\"Bei Twitter teilen\" aria-label=\"Bei Twitter teilen\" role=\"button\" rel=\"noopener nofollow\" class=\"shariff-link\" style=\"; background-color:#55acee; color:#fff\" target=\"_blank\"><span class=\"shariff-icon\" style=\"\"><svg width=\"32px\" height=\"20px\" xmlns=\"http:\/\/www.w3.org\/2000\/svg\" viewBox=\"0 0 30 32\"><path fill=\"#55acee\" d=\"M29.7 6.8q-1.2 1.8-3 3.1 0 0.3 0 0.8 0 2.5-0.7 4.9t-2.2 4.7-3.5 4-4.9 2.8-6.1 1q-5.1 0-9.3-2.7 0.6 0.1 1.5 0.1 4.3 0 7.6-2.6-2-0.1-3.5-1.2t-2.2-3q0.6 0.1 1.1 0.1 0.8 0 1.6-0.2-2.1-0.4-3.5-2.1t-1.4-3.9v-0.1q1.3 0.7 2.8 0.8-1.2-0.8-2-2.2t-0.7-2.9q0-1.7 0.8-3.1 2.3 2.8 5.5 4.5t7 1.9q-0.2-0.7-0.2-1.4 0-2.5 1.8-4.3t4.3-1.8q2.7 0 4.5 1.9 2.1-0.4 3.9-1.5-0.7 2.2-2.7 3.4 1.8-0.2 3.5-0.9z\"\/><\/svg><\/span><span class=\"shariff-text\">twittern<\/span>&nbsp;<span data-service=\"twitter\" style=\"color:#55acee\" class=\"shariff-count shariff-hidezero\"><\/span>&nbsp;<\/a><\/li><li class=\"shariff-button rss shariff-nocustomcolor\" style=\"background-color:#ff8c00\"><a href=\"https:\/\/wolfsmonitor.de\/?feed=rss\" title=\"RSS-feed\" aria-label=\"RSS-feed\" role=\"button\" class=\"shariff-link\" style=\"; background-color:#fe9312; color:#fff\" target=\"_blank\"><span class=\"shariff-icon\" style=\"\"><svg width=\"32px\" height=\"20px\" xmlns=\"http:\/\/www.w3.org\/2000\/svg\" viewBox=\"0 0 32 32\"><path fill=\"#fe9312\" d=\"M4.3 23.5c-2.3 0-4.3 1.9-4.3 4.3 0 2.3 1.9 4.2 4.3 4.2 2.4 0 4.3-1.9 4.3-4.2 0-2.3-1.9-4.3-4.3-4.3zM0 10.9v6.1c4 0 7.7 1.6 10.6 4.4 2.8 2.8 4.4 6.6 4.4 10.6h6.2c0-11.7-9.5-21.1-21.1-21.1zM0 0v6.1c14.2 0 25.8 11.6 25.8 25.9h6.2c0-17.6-14.4-32-32-32z\"\/><\/svg><\/span><span class=\"shariff-text\">RSS-feed<\/span>&nbsp;<\/a><\/li><li class=\"shariff-button mailto shariff-nocustomcolor\" style=\"background-color:#a8a8a8\"><a href=\"mailto:?body=https%3A%2F%2Fwolfsmonitor.de%2F%3Fp%3D2458&subject=Ministerium%20reagiert%20auf%20FDP-Forderung%3A%20Wolf%20ins%20Jagdrecht\" title=\"Per E-Mail versenden\" aria-label=\"Per E-Mail versenden\" role=\"button\" rel=\"noopener nofollow\" class=\"shariff-link\" style=\"; background-color:#999; color:#fff\"><span class=\"shariff-icon\" style=\"\"><svg width=\"32px\" height=\"20px\" xmlns=\"http:\/\/www.w3.org\/2000\/svg\" viewBox=\"0 0 32 32\"><path fill=\"#999\" d=\"M32 12.7v14.2q0 1.2-0.8 2t-2 0.9h-26.3q-1.2 0-2-0.9t-0.8-2v-14.2q0.8 0.9 1.8 1.6 6.5 4.4 8.9 6.1 1 0.8 1.6 1.2t1.7 0.9 2 0.4h0.1q0.9 0 2-0.4t1.7-0.9 1.6-1.2q3-2.2 8.9-6.1 1-0.7 1.8-1.6zM32 7.4q0 1.4-0.9 2.7t-2.2 2.2q-6.7 4.7-8.4 5.8-0.2 0.1-0.7 0.5t-1 0.7-0.9 0.6-1.1 0.5-0.9 0.2h-0.1q-0.4 0-0.9-0.2t-1.1-0.5-0.9-0.6-1-0.7-0.7-0.5q-1.6-1.1-4.7-3.2t-3.6-2.6q-1.1-0.7-2.1-2t-1-2.5q0-1.4 0.7-2.3t2.1-0.9h26.3q1.2 0 2 0.8t0.9 2z\"\/><\/svg><\/span><span class=\"shariff-text\">E-Mail<\/span>&nbsp;<\/a><\/li><li class=\"shariff-button info shariff-nocustomcolor\" style=\"background-color:#a8a8a8\"><a href=\"http:\/\/ct.de\/-2467514\" title=\"Weitere Informationen\" aria-label=\"Weitere Informationen\" role=\"button\" rel=\"noopener \" class=\"shariff-link\" style=\"; background-color:#999; color:#fff\" target=\"_blank\"><span class=\"shariff-icon\" style=\"\"><svg width=\"32px\" height=\"20px\" xmlns=\"http:\/\/www.w3.org\/2000\/svg\" viewBox=\"0 0 11 32\"><path fill=\"#999\" d=\"M11.4 24v2.3q0 0.5-0.3 0.8t-0.8 0.4h-9.1q-0.5 0-0.8-0.4t-0.4-0.8v-2.3q0-0.5 0.4-0.8t0.8-0.4h1.1v-6.8h-1.1q-0.5 0-0.8-0.4t-0.4-0.8v-2.3q0-0.5 0.4-0.8t0.8-0.4h6.8q0.5 0 0.8 0.4t0.4 0.8v10.3h1.1q0.5 0 0.8 0.4t0.3 0.8zM9.2 3.4v3.4q0 0.5-0.4 0.8t-0.8 0.4h-4.6q-0.4 0-0.8-0.4t-0.4-0.8v-3.4q0-0.4 0.4-0.8t0.8-0.4h4.6q0.5 0 0.8 0.4t0.4 0.8z\"\/><\/svg><\/span><\/a><\/li><\/ul><\/div>","protected":false},"excerpt":{"rendered":"<p>Zuletzt wurden die Stimmen &#8211; insbesondere in den Oppositionsparteien im nieders\u00e4chsischen Landtag &#8211; immer lauter und die Forderung, den Wolf ins Jagdrecht dieses Bundeslandes zu \u00fcberf\u00fchren, immer deutlicher (Wolfsmonitor berichtete, siehe hier). Heute nun bezog man auf der Webseite des Nieders\u00e4chsischen Ministeriums f\u00fcr Umwelt, Energie und Klimaschutz dazu klar Stellung:<\/p>\n<div class=\"shariff shariff-align-center shariff-widget-align-center\" data-services=\"facebook%7Ctwitter\" data-url=\"https%3A%2F%2Fwolfsmonitor.de%2F%3Fp%3D2458\" data-timestamp=\"1525529342\" data-backendurl=\"?rest_route=\/shariff\/v1\/share_counts&\"><ul class=\"shariff-buttons theme-color orientation-horizontal buttonsize-small\"><li class=\"shariff-button facebook shariff-nocustomcolor\" style=\"background-color:#4273c8\"><a href=\"https:\/\/www.facebook.com\/sharer\/sharer.php?u=https%3A%2F%2Fwolfsmonitor.de%2F%3Fp%3D2458\" title=\"Bei Facebook teilen\" aria-label=\"Bei Facebook teilen\" role=\"button\" rel=\"nofollow\" class=\"shariff-link\" style=\"; background-color:#3b5998; color:#fff\" target=\"_blank\"><span class=\"shariff-icon\" style=\"\"><svg width=\"32px\" height=\"20px\" xmlns=\"http:\/\/www.w3.org\/2000\/svg\" viewBox=\"0 0 18 32\"><path fill=\"#3b5998\" d=\"M17.1 0.2v4.7h-2.8q-1.5 0-2.1 0.6t-0.5 1.9v3.4h5.2l-0.7 5.3h-4.5v13.6h-5.5v-13.6h-4.5v-5.3h4.5v-3.9q0-3.3 1.9-5.2t5-1.8q2.6 0 4.1 0.2z\"\/><\/svg><\/span><span class=\"shariff-text\">teilen<\/span>&nbsp;<span data-service=\"facebook\" style=\"color:#3b5998\" class=\"shariff-count shariff-hidezero\"><\/span>&nbsp;<\/a><\/li><li class=\"shariff-button twitter shariff-nocustomcolor\" style=\"background-color:#32bbf5\"><a href=\"https:\/\/twitter.com\/share?url=https%3A%2F%2Fwolfsmonitor.de%2F%3Fp%3D2458&text=Ministerium%20reagiert%20auf%20FDP-Forderung%3A%20Wolf%20ins%20Jagdrecht\" title=\"Bei Twitter teilen\" aria-label=\"Bei Twitter teilen\" role=\"button\" rel=\"noopener nofollow\" class=\"shariff-link\" style=\"; background-color:#55acee; color:#fff\" target=\"_blank\"><span class=\"shariff-icon\" style=\"\"><svg width=\"32px\" height=\"20px\" xmlns=\"http:\/\/www.w3.org\/2000\/svg\" viewBox=\"0 0 30 32\"><path fill=\"#55acee\" d=\"M29.7 6.8q-1.2 1.8-3 3.1 0 0.3 0 0.8 0 2.5-0.7 4.9t-2.2 4.7-3.5 4-4.9 2.8-6.1 1q-5.1 0-9.3-2.7 0.6 0.1 1.5 0.1 4.3 0 7.6-2.6-2-0.1-3.5-1.2t-2.2-3q0.6 0.1 1.1 0.1 0.8 0 1.6-0.2-2.1-0.4-3.5-2.1t-1.4-3.9v-0.1q1.3 0.7 2.8 0.8-1.2-0.8-2-2.2t-0.7-2.9q0-1.7 0.8-3.1 2.3 2.8 5.5 4.5t7 1.9q-0.2-0.7-0.2-1.4 0-2.5 1.8-4.3t4.3-1.8q2.7 0 4.5 1.9 2.1-0.4 3.9-1.5-0.7 2.2-2.7 3.4 1.8-0.2 3.5-0.9z\"\/><\/svg><\/span><span class=\"shariff-text\">twittern<\/span>&nbsp;<span data-service=\"twitter\" style=\"color:#55acee\" class=\"shariff-count shariff-hidezero\"><\/span>&nbsp;<\/a><\/li><li class=\"shariff-button rss shariff-nocustomcolor\" style=\"background-color:#ff8c00\"><a href=\"https:\/\/wolfsmonitor.de\/?feed=rss\" title=\"RSS-feed\" aria-label=\"RSS-feed\" role=\"button\" class=\"shariff-link\" style=\"; background-color:#fe9312; color:#fff\" target=\"_blank\"><span class=\"shariff-icon\" style=\"\"><svg width=\"32px\" height=\"20px\" xmlns=\"http:\/\/www.w3.org\/2000\/svg\" viewBox=\"0 0 32 32\"><path fill=\"#fe9312\" d=\"M4.3 23.5c-2.3 0-4.3 1.9-4.3 4.3 0 2.3 1.9 4.2 4.3 4.2 2.4 0 4.3-1.9 4.3-4.2 0-2.3-1.9-4.3-4.3-4.3zM0 10.9v6.1c4 0 7.7 1.6 10.6 4.4 2.8 2.8 4.4 6.6 4.4 10.6h6.2c0-11.7-9.5-21.1-21.1-21.1zM0 0v6.1c14.2 0 25.8 11.6 25.8 25.9h6.2c0-17.6-14.4-32-32-32z\"\/><\/svg><\/span><span class=\"shariff-text\">RSS-feed<\/span>&nbsp;<\/a><\/li><li class=\"shariff-button mailto shariff-nocustomcolor\" style=\"background-color:#a8a8a8\"><a href=\"mailto:?body=https%3A%2F%2Fwolfsmonitor.de%2F%3Fp%3D2458&subject=Ministerium%20reagiert%20auf%20FDP-Forderung%3A%20Wolf%20ins%20Jagdrecht\" title=\"Per E-Mail versenden\" aria-label=\"Per E-Mail versenden\" role=\"button\" rel=\"noopener nofollow\" class=\"shariff-link\" style=\"; background-color:#999; color:#fff\"><span class=\"shariff-icon\" style=\"\"><svg width=\"32px\" height=\"20px\" xmlns=\"http:\/\/www.w3.org\/2000\/svg\" viewBox=\"0 0 32 32\"><path fill=\"#999\" d=\"M32 12.7v14.2q0 1.2-0.8 2t-2 0.9h-26.3q-1.2 0-2-0.9t-0.8-2v-14.2q0.8 0.9 1.8 1.6 6.5 4.4 8.9 6.1 1 0.8 1.6 1.2t1.7 0.9 2 0.4h0.1q0.9 0 2-0.4t1.7-0.9 1.6-1.2q3-2.2 8.9-6.1 1-0.7 1.8-1.6zM32 7.4q0 1.4-0.9 2.7t-2.2 2.2q-6.7 4.7-8.4 5.8-0.2 0.1-0.7 0.5t-1 0.7-0.9 0.6-1.1 0.5-0.9 0.2h-0.1q-0.4 0-0.9-0.2t-1.1-0.5-0.9-0.6-1-0.7-0.7-0.5q-1.6-1.1-4.7-3.2t-3.6-2.6q-1.1-0.7-2.1-2t-1-2.5q0-1.4 0.7-2.3t2.1-0.9h26.3q1.2 0 2 0.8t0.9 2z\"\/><\/svg><\/span><span class=\"shariff-text\">E-Mail<\/span>&nbsp;<\/a><\/li><li class=\"shariff-button info shariff-nocustomcolor\" style=\"background-color:#a8a8a8\"><a href=\"http:\/\/ct.de\/-2467514\" title=\"Weitere Informationen\" aria-label=\"Weitere Informationen\" role=\"button\" rel=\"noopener \" class=\"shariff-link\" style=\"; background-color:#999; color:#fff\" target=\"_blank\"><span class=\"shariff-icon\" style=\"\"><svg width=\"32px\" height=\"20px\" xmlns=\"http:\/\/www.w3.org\/2000\/svg\" viewBox=\"0 0 11 32\"><path fill=\"#999\" d=\"M11.4 24v2.3q0 0.5-0.3 0.8t-0.8 0.4h-9.1q-0.5 0-0.8-0.4t-0.4-0.8v-2.3q0-0.5 0.4-0.8t0.8-0.4h1.1v-6.8h-1.1q-0.5 0-0.8-0.4t-0.4-0.8v-2.3q0-0.5 0.4-0.8t0.8-0.4h6.8q0.5 0 0.8 0.4t0.4 0.8v10.3h1.1q0.5 0 0.8 0.4t0.3 0.8zM9.2 3.4v3.4q0 0.5-0.4 0.8t-0.8 0.4h-4.6q-0.4 0-0.8-0.4t-0.4-0.8v-3.4q0-0.4 0.4-0.8t0.8-0.4h4.6q0.5 0 0.8 0.4t0.4 0.8z\"\/><\/svg><\/span><\/a><\/li><\/ul><\/div>","protected":false},"author":1,"featured_media":482,"comment_status":"closed","ping_status":"open","sticky":false,"template":"","format":"standard","meta":{"spay_email":""},"categories":[126],"tags":[1313,2040,2043,2044,2042,1055,2041],"jetpack_featured_media_url":"https:\/\/i1.wp.com\/wolfsmonitor.de\/wp-content\/uploads\/2015\/05\/Bild-Aufgelesen.jpg?fit=899%2C715&ssl=1","jetpack_shortlink":"https:\/\/wp.me\/p61YbU-DE","jetpack-related-posts":[{"id":13273,"url":"https:\/\/wolfsmonitor.de\/?p=13273","url_meta":{"origin":2458,"position":0},"title":"Na was denn nun? Jagdrecht oder kein Jagdrecht gefordert?","date":"19. April 2018","format":false,"excerpt":"Gestern behauptete Helmut Dammann-Tamke, Pr\u00e4sident der J\u00e4gerschaft in Niedersachsen und Pr\u00e4sidiumsmitglied im Deutschen Jagdverband (DJV), im Bundestagsausschuss noch, dass die J\u00e4gerschaft mit der Forderung, den Wolf in das Jagdrecht aufzunehmen, den immer lauter werdenden Rufen mehrerer Umweltminister nach Regulierung folge, darunter auch denen des Ministers aus Niedersachsen (Aufzeichnung der Sitzung\u2026","rel":"","context":"In &quot;Presseinformationen&quot;","img":{"alt_text":"Wolf im Tierpark (Foto: Vogler)","src":"https:\/\/i0.wp.com\/wolfsmonitor.de\/wp-content\/uploads\/2016\/09\/Beitragsfoto-PI-PM.jpg?fit=752%2C497&ssl=1&resize=350%2C200","width":350,"height":200},"classes":[]},{"id":1783,"url":"https:\/\/wolfsmonitor.de\/?p=1783","url_meta":{"origin":2458,"position":1},"title":"Goldenstedter W\u00f6lfin besendern, nicht abschie\u00dfen","date":"11. November 2015","format":false,"excerpt":"Wie die \u201eMK \u2013 kreiszeitung.de\u201c meldet, haben sich heute rund 50 Demonstranten, darunter auch FDP- und CDU-Politiker vor dem nieders\u00e4chsischen Landtag zu einer kleinen Demonstration getroffen, um nach zahlreichen Nutztierrissen den Abschuss einer W\u00f6lfin in Goldenstedt (Landkreis Vechta) zu verlangen. Dar\u00fcber hinaus wurde gefordert, der Wolf geh\u00f6re ins Jagdrecht! (*1)\u2026","rel":"","context":"In &quot;Standpunkte&quot;","img":{"alt_text":"Wolf im Tierpark Nordhorn","src":"https:\/\/i1.wp.com\/wolfsmonitor.de\/wp-content\/uploads\/2015\/04\/WM-Kommentar.jpg?fit=512%2C442&ssl=1&resize=350%2C200","width":350,"height":200},"classes":[]},{"id":8050,"url":"https:\/\/wolfsmonitor.de\/?p=8050","url_meta":{"origin":2458,"position":2},"title":"J\u00e4ger in Rotenburg wollen W\u00f6lfe im Jagdrecht","date":"13. M\u00e4rz 2017","format":false,"excerpt":"Die J\u00e4gerschaft Rotenburg war sich vorgestern auf der j\u00e4hrlichen Hauptversammlung in Visselh\u00f6vede offensichtlich einig: \u201eWir wollen, dass der Wolf ins Jagdrecht aufgenommen wird\", ist von dort zu lesen.(*1) Formuliert wurde diese Forderung von Hans-Heinrich Ehlen, der anscheinend noch erg\u00e4nzte, man solle die J\u00e4ger als \u201eFachleute\u201c fragen, wenn es um \u201edie\u2026","rel":"","context":"In &quot;Aufgelesen&quot;","img":{"alt_text":"Foto: Wildtierfotograf Heiko Anders","src":"https:\/\/i2.wp.com\/wolfsmonitor.de\/wp-content\/uploads\/2016\/05\/HA-Beitragsfoto-Aufgelesen-2.jpg?fit=625%2C469&ssl=1&resize=350%2C200","width":350,"height":200},"classes":[]},{"id":7481,"url":"https:\/\/wolfsmonitor.de\/?p=7481","url_meta":{"origin":2458,"position":3},"title":"Mecklenburg-Vorpommern: Kein Jagdrecht f\u00fcr Wolf und Biber","date":"26. Januar 2017","format":false,"excerpt":"Landwirtschafts- und Umweltminister Dr. Till Backhaus erl\u00e4uterte gestern ausf\u00fchrlich seine Bedenken, W\u00f6lfe nach einem entsprechenden AfD-Antrag in Mecklenburg-Vorpommern ins Jagdrecht zu \u00fcbernehmen. Die vollst\u00e4ndige Pressemitteilung des Ministeriums f\u00fcr Landwirtschaft und Umwelt in Mecklenburg-Vorpommern (LU) vom 25.1.2017 dazu lautet: Wolf und Biber \u2013 Aufnahme ins Jagdrecht hebt Schutzstatus nicht auf Nr.027\/2017\u2026","rel":"","context":"In &quot;Presseinformationen&quot;","img":{"alt_text":"Foto: Naturfotograf Heiko Anders","src":"https:\/\/i0.wp.com\/wolfsmonitor.de\/wp-content\/uploads\/2016\/05\/HA-Beitragsfoto-Presseinfo-1.jpg?fit=623%2C415&ssl=1&resize=350%2C200","width":350,"height":200},"classes":[]},{"id":8202,"url":"https:\/\/wolfsmonitor.de\/?p=8202","url_meta":{"origin":2458,"position":4},"title":"CDU und FDP in Niedersachsen fordern die \u00dcbernahme des Wolfes ins Jagdrecht","date":"28. M\u00e4rz 2017","format":false,"excerpt":"Die CDU-Fraktion im nieders\u00e4chsischen Landtag fixierte ihn k\u00fcrzlich im \u201eSieben-Punkte-Plan\u201c, die FDP in Niedersachsen auf dem gerade beendeten Landesparteitag ebenso: Den politischen Entschluss, W\u00f6lfe ins nieders\u00e4chsische Jagdrecht \u00fcbernehmen zu wollen. Das durch diesen Schritt gleichsam als \u201eL\u00f6sung\u201c heraufbeschworene Jagd- und Reviersystem h\u00e4lt hingegen schon lange nicht mehr, was es mal\u2026","rel":"","context":"In &quot;Standpunkte&quot;","img":{"alt_text":"Wolf im Tierpark Nordhorn","src":"https:\/\/i0.wp.com\/wolfsmonitor.de\/wp-content\/uploads\/2015\/07\/Foto-Kommentar-2.jpg?fit=586%2C513&ssl=1&resize=350%2C200","width":350,"height":200},"classes":[]},{"id":11695,"url":"https:\/\/wolfsmonitor.de\/?p=11695","url_meta":{"origin":2458,"position":5},"title":"Morgens Lies und abends Meyer...","date":"8. Dezember 2017","format":false,"excerpt":"Morgens entdeckt: Eine markige \u00dcberschrift (\u201eAb 1000 W\u00f6lfen wird geschossen\u201c - *1) und sp\u00e4ter die Relativierung (\u201eIns Jagdrecht k\u00f6nnen wir den Wolf aber nur aufnehmen, wenn die Population zwischen Polen und den Niederlanden auf mindestens 1000 steigt\u201c), so kennt man sie, die Bild-Zeitung, die in diesem Fall den neuen nieders\u00e4chsischen\u2026","rel":"","context":"In &quot;Aufgelesen&quot;","img":{"alt_text":"Wolf im Tierpark Nordhorn","src":"https:\/\/i1.wp.com\/wolfsmonitor.de\/wp-content\/uploads\/2015\/09\/Beitragsfoto-Aufgelesen-2.te-Fassung.jpg?fit=581%2C520&ssl=1&resize=350%2C200","width":350,"height":200},"classes":[]}],"_links":{"self":[{"href":"https:\/\/wolfsmonitor.de\/index.php?rest_route=\/wp\/v2\/posts\/2458"}],"collection":[{"href":"https:\/\/wolfsmonitor.de\/index.php?rest_route=\/wp\/v2\/posts"}],"about":[{"href":"https:\/\/wolfsmonitor.de\/index.php?rest_route=\/wp\/v2\/types\/post"}],"author":[{"embeddable":true,"href":"https:\/\/wolfsmonitor.de\/index.php?rest_route=\/wp\/v2\/users\/1"}],"replies":[{"embeddable":true,"href":"https:\/\/wolfsmonitor.de\/index.php?rest_route=%2Fwp%2Fv2%2Fcomments&post=2458"}],"version-history":[{"count":6,"href":"https:\/\/wolfsmonitor.de\/index.php?rest_route=\/wp\/v2\/posts\/2458\/revisions"}],"predecessor-version":[{"id":2466,"href":"https:\/\/wolfsmonitor.de\/index.php?rest_route=\/wp\/v2\/posts\/2458\/revisions\/2466"}],"wp:featuredmedia":[{"embeddable":true,"href":"https:\/\/wolfsmonitor.de\/index.php?rest_route=\/wp\/v2\/media\/482"}],"wp:attachment":[{"href":"https:\/\/wolfsmonitor.de\/index.php?rest_route=%2Fwp%2Fv2%2Fmedia&parent=2458"}],"wp:term":[{"taxonomy":"category","embeddable":true,"href":"https:\/\/wolfsmonitor.de\/index.php?rest_route=%2Fwp%2Fv2%2Fcategories&post=2458"},{"taxonomy":"post_tag","embeddable":true,"href":"https:\/\/wolfsmonitor.de\/index.php?rest_route=%2Fwp%2Fv2%2Ftags&post=2458"}],"curies":[{"name":"wp","href":"https:\/\/api.w.org\/{rel}","templated":true}]}}