{"id":2536,"date":"2016-02-18T19:00:35","date_gmt":"2016-02-18T17:00:35","guid":{"rendered":"http:\/\/wolfsmonitor.de\/?p=2536"},"modified":"2018-05-05T14:09:29","modified_gmt":"2018-05-05T12:09:29","slug":"mu-info-minister-wenzel-zum-geplanten-vorgehen","status":"publish","type":"post","link":"https:\/\/wolfsmonitor.de\/?p=2536","title":{"rendered":"MU-Info: Minister Wenzel zum geplanten Vorgehen!"},"content":{"rendered":"<p class=\"ox-36794fec72-MsoNormal\"><strong>Der Minister f\u00fcr Umwelt, Energie und Klimaschutz Stefan Wenzel \u00e4u\u00dferte sich heute am 18.02.2016 in Nieders\u00e4chsischen Landtag zum Thema:<\/strong><\/p>\n<p class=\"ox-36794fec72-MsoNormal\"><strong>\u201eUnterrichtung durch die Landesregierung \u00fcber die Vorkommnisse im Zusammenhang mit einem besenderten Wolf aus dem Munsteraner Rudel und \u00fcber das dazu geplante Vorgehen der Landesregierung.\u201c<\/strong><\/p>\n<hr \/>\n<p>Die Meldung im Wortlaut:<\/p>\n<p>&#8222;In der vergangenen Woche gab es mehrfache Meldungen \u00fcber einen Wolf, der sich Menschen auf eine kurze Distanz gen\u00e4hert hat. Die Rede war von bis zu zwei Meter. Aggressives Verhalten wurde dabei laut Meldung aller Berichterstatter nicht gezeigt. Gleichwohl ist das Verhalten als auff\u00e4llig zu bewerten.<\/p>\n<p>Auch am vergangenen Montag kam es zu einer weiteren Nahbegegnung. <!--more-->Bereits am Freitagabend hat das Umweltministerium einen Erlass an den NLWKN geschickt, mit folgendem Inhalt:<\/p>\n<ol>\n<li>Unverz\u00fcglich unter Einbindung des Wolfsb\u00fcros eine umfangreiche Recherche \u00fcber die aktuellen Geschehnisse durchzuf\u00fchren<\/li>\n<li>Vorhandene Spuren und Anwesenheitsnachweise zu sammeln und zu dokumentieren<\/li>\n<li>F\u00fcr die Durchf\u00fchrung aktiver Ma\u00dfnahmen zur Wiederherstellung der Fluchtdistanz zum Menschen eine Gruppe geeigneter Personen zu identifizieren und einzusetzen &#8211; Forstbedienstete, Veterin\u00e4re oder Wolfsberater<\/li>\n<li>Den Wolf per Funkpeilung aktiv aufzusuchen und entsprechende Ma\u00dfnahmen durchzuf\u00fchren<\/li>\n<\/ol>\n<p>Um die Ma\u00dfnahmen durchzuf\u00fchren, war das Wolfsb\u00fcro am Wochenende vor Ort. Die unteren Naturschutzbeh\u00f6rden der betroffenen Landkreise waren ebenfalls informiert. Der Wolf konnte per Funkpeilung lokalisiert werden. Er bewegte sich nicht in der Ortschaft, sondern zun\u00e4chst in der N\u00e4he des Siedlungsbereiches und dann auf dem Truppen\u00fcbungsplatz. Auch am Montag konnte der Wolf auf dem Truppen\u00fcbungsplatz per Peilung wieder lokalisiert werden. Eine Pressemitteilung mit den wesentlichen Inhalten und Abl\u00e4ufen wurde am Montagnachmittag verschickt. Sie wurde auch an die Fraktionsvorsitzenden, den Arbeitskreis Wolf und die Wolfsberater sowie die Landesj\u00e4gerschaft verschickt.<\/p>\n<p>Bei diesem Verhalten des Wolfes sind nach meiner Meinung weitere Ma\u00dfnahmen erforderlich. Ich lasse daher alles Notwendige f\u00fcr eine Entnahme vorbereiten. Wir haben jedoch die rechtlichen Rahmenbedingungen zu beachten. Sie kennen die rechtlichen Rahmenbedingungen, die hier einschl\u00e4gig sind. Diese rechtlichen Rahmenbedingungen schreiben vor zu pr\u00fcfen, ob mildere Mittel erfolgversprechend sind. Die Dokumentations- und Beratungsstelle des Bundes zum Thema Wolf wurde daher umfassend unterrichtet und um Bewertung und fachliche Einsch\u00e4tzung gebeten. Ein Experte aus Schweden ist informiert und bereitet kurzfristig Ma\u00dfnahmen zur Herstellung der Fluchtdistanz vor, wenn sie als m\u00f6glich und sinnvoll bewertet werden. Wir gehen hier von einer sehr kurzfristigen Entscheidung aus.<\/p>\n<p>Meine Damen und Herren, ich bin dankbar, dass die Gelegenheit besteht, hier im Ausschuss \u00fcber die Ma\u00dfnahmen und die m\u00f6gliche weitere Entwicklung zu sprechen. Sie kennen die Debatte der letzten Jahre seit der Wolf nach Niedersachsen zur\u00fcckgekehrt ist. Heute im Plenum wurde auch an die \u00c4u\u00dferung meines Vorvorg\u00e4ngers erinnert, der eingangs die ersten Ma\u00dfnahmen getroffen hatte, die sich mit der Wiederkehr des Wolfes und den daf\u00fcr notwendigen Fragen auseinandersetzen. Ich bin der Auffassung, dass wir es hier mit einem Tier zu tun haben, das ein wichtiger Teil des \u00d6kosystems ist. Und deshalb ist es von Bedeutung, dass wir hier sachliche Debatten f\u00fchren.<\/p>\n<p>Es sind keine einfachen Ma\u00dfnahmen. F\u00fcr uns steht immer die Sicherheit des Menschen an erster Stelle. Und uns liegt auch daran, die Nutztierhalter bestm\u00f6glich zu unterst\u00fctzen. Deshalb haben wir beispielsweise durch die Richtlinie Wolf M\u00f6glichkeiten f\u00fcr eine finanzielle Entlastung und finanzielle Unterst\u00fctzung, auch bei Pr\u00e4ventionsma\u00dfnahmen, geschaffen. Aber ich denke, wir sollten auch alle Interesse daran haben, den Artenschutz, so wie er von der internationalen Gemeinschaft gew\u00e4hrleistet wird, ernst zu nehmen. Der Wolf ist kein l\u00e4stiges oder \u00fcberfl\u00fcssiges Tier, wie es manchmal in der \u00f6ffentlichen Debatte zum Ausdruck kommt. Sondern er ist Teil unseres \u00d6kosystems, und er ist durch h\u00f6chstes europ\u00e4isches und deutsches Recht gesch\u00fctzt. Insofern w\u00fcrde ich mich freuen, wenn wir uns alle gemeinsam den Herausforderungen, die damit verbunden sind, stellen. Dabei wollen wir das Fachwissen der jeweiligen Experten, die einschl\u00e4gige Erfahrungen haben, auch mit heranziehen.&#8220;<\/p>\n<hr \/>\n<p class=\"ox-36794fec72-MsoNormal\">Ansprechpartner:<\/p>\n<p class=\"ox-36794fec72-MsoNormal\">Rudi Zimmeck<\/p>\n<p class=\"ox-36794fec72-MsoNormal\">\u00a0Pressesprecher<\/p>\n<p class=\"ox-36794fec72-MsoNormal\">Archivstra\u00dfe 2<\/p>\n<p class=\"ox-36794fec72-MsoNormal\">30169 Hannover<\/p>\n<p class=\"ox-36794fec72-MsoNormal\"><strong>Hier auf Wolfsmonitor werden wir Sie \u00fcber das weitere Geschehen in dieser Sache zeitnah informieren!<\/strong><\/p>\n<hr \/>\n<p class=\"ox-36794fec72-MsoNormal\"><em>Quelle: Umweltministerium Niedersachsen, www.umwelt.niedersachsen.de, abgerufen am 18.02.2016, <span style=\"color: #0000ff;\"><a style=\"color: #0000ff;\" title=\"MU, 18.02.2016\" href=\"http:\/\/www.umwelt.niedersachsen.de\/aktuelles\/pressemitteilungen\/unterrichtung-durch-die-landesregierung-ueber-die-vorkommnisse-im-zusammenhang-mit-einem-besenderten-wolf-aus-dem-munsteraner-rudel-und-ueber-das-dazu-geplante-vorgehen-der-landesregierung-141077.html\" target=\"_blank\">hier der Link!<\/a><\/span><\/em><\/p>\n<div class=\"shariff shariff-align-center shariff-widget-align-center\" data-services=\"facebook%7Ctwitter\" data-url=\"https%3A%2F%2Fwolfsmonitor.de%2F%3Fp%3D2536\" data-timestamp=\"1525529369\" data-backendurl=\"?rest_route=\/shariff\/v1\/share_counts&\"><ul class=\"shariff-buttons theme-color orientation-horizontal buttonsize-small\"><li class=\"shariff-button facebook shariff-nocustomcolor\" style=\"background-color:#4273c8\"><a href=\"https:\/\/www.facebook.com\/sharer\/sharer.php?u=https%3A%2F%2Fwolfsmonitor.de%2F%3Fp%3D2536\" title=\"Bei Facebook teilen\" aria-label=\"Bei Facebook teilen\" role=\"button\" rel=\"nofollow\" class=\"shariff-link\" style=\"; background-color:#3b5998; color:#fff\" target=\"_blank\"><span class=\"shariff-icon\" style=\"\"><svg width=\"32px\" height=\"20px\" xmlns=\"http:\/\/www.w3.org\/2000\/svg\" viewBox=\"0 0 18 32\"><path fill=\"#3b5998\" d=\"M17.1 0.2v4.7h-2.8q-1.5 0-2.1 0.6t-0.5 1.9v3.4h5.2l-0.7 5.3h-4.5v13.6h-5.5v-13.6h-4.5v-5.3h4.5v-3.9q0-3.3 1.9-5.2t5-1.8q2.6 0 4.1 0.2z\"\/><\/svg><\/span><span class=\"shariff-text\">teilen<\/span>&nbsp;<span data-service=\"facebook\" style=\"color:#3b5998\" class=\"shariff-count shariff-hidezero\"><\/span>&nbsp;<\/a><\/li><li class=\"shariff-button twitter shariff-nocustomcolor\" style=\"background-color:#32bbf5\"><a href=\"https:\/\/twitter.com\/share?url=https%3A%2F%2Fwolfsmonitor.de%2F%3Fp%3D2536&text=MU-Info%3A%20Minister%20Wenzel%20zum%20geplanten%20Vorgehen%21\" title=\"Bei Twitter teilen\" aria-label=\"Bei Twitter teilen\" role=\"button\" rel=\"noopener nofollow\" class=\"shariff-link\" style=\"; background-color:#55acee; color:#fff\" target=\"_blank\"><span class=\"shariff-icon\" style=\"\"><svg width=\"32px\" height=\"20px\" xmlns=\"http:\/\/www.w3.org\/2000\/svg\" viewBox=\"0 0 30 32\"><path fill=\"#55acee\" d=\"M29.7 6.8q-1.2 1.8-3 3.1 0 0.3 0 0.8 0 2.5-0.7 4.9t-2.2 4.7-3.5 4-4.9 2.8-6.1 1q-5.1 0-9.3-2.7 0.6 0.1 1.5 0.1 4.3 0 7.6-2.6-2-0.1-3.5-1.2t-2.2-3q0.6 0.1 1.1 0.1 0.8 0 1.6-0.2-2.1-0.4-3.5-2.1t-1.4-3.9v-0.1q1.3 0.7 2.8 0.8-1.2-0.8-2-2.2t-0.7-2.9q0-1.7 0.8-3.1 2.3 2.8 5.5 4.5t7 1.9q-0.2-0.7-0.2-1.4 0-2.5 1.8-4.3t4.3-1.8q2.7 0 4.5 1.9 2.1-0.4 3.9-1.5-0.7 2.2-2.7 3.4 1.8-0.2 3.5-0.9z\"\/><\/svg><\/span><span class=\"shariff-text\">twittern<\/span>&nbsp;<span data-service=\"twitter\" style=\"color:#55acee\" class=\"shariff-count shariff-hidezero\"><\/span>&nbsp;<\/a><\/li><li class=\"shariff-button rss shariff-nocustomcolor\" style=\"background-color:#ff8c00\"><a href=\"https:\/\/wolfsmonitor.de\/?feed=rss\" title=\"RSS-feed\" aria-label=\"RSS-feed\" role=\"button\" class=\"shariff-link\" style=\"; background-color:#fe9312; color:#fff\" target=\"_blank\"><span class=\"shariff-icon\" style=\"\"><svg width=\"32px\" height=\"20px\" xmlns=\"http:\/\/www.w3.org\/2000\/svg\" viewBox=\"0 0 32 32\"><path fill=\"#fe9312\" d=\"M4.3 23.5c-2.3 0-4.3 1.9-4.3 4.3 0 2.3 1.9 4.2 4.3 4.2 2.4 0 4.3-1.9 4.3-4.2 0-2.3-1.9-4.3-4.3-4.3zM0 10.9v6.1c4 0 7.7 1.6 10.6 4.4 2.8 2.8 4.4 6.6 4.4 10.6h6.2c0-11.7-9.5-21.1-21.1-21.1zM0 0v6.1c14.2 0 25.8 11.6 25.8 25.9h6.2c0-17.6-14.4-32-32-32z\"\/><\/svg><\/span><span class=\"shariff-text\">RSS-feed<\/span>&nbsp;<\/a><\/li><li class=\"shariff-button mailto shariff-nocustomcolor\" style=\"background-color:#a8a8a8\"><a href=\"mailto:?body=https%3A%2F%2Fwolfsmonitor.de%2F%3Fp%3D2536&subject=MU-Info%3A%20Minister%20Wenzel%20zum%20geplanten%20Vorgehen%21\" title=\"Per E-Mail versenden\" aria-label=\"Per E-Mail versenden\" role=\"button\" rel=\"noopener nofollow\" class=\"shariff-link\" style=\"; background-color:#999; color:#fff\"><span class=\"shariff-icon\" style=\"\"><svg width=\"32px\" height=\"20px\" xmlns=\"http:\/\/www.w3.org\/2000\/svg\" viewBox=\"0 0 32 32\"><path fill=\"#999\" d=\"M32 12.7v14.2q0 1.2-0.8 2t-2 0.9h-26.3q-1.2 0-2-0.9t-0.8-2v-14.2q0.8 0.9 1.8 1.6 6.5 4.4 8.9 6.1 1 0.8 1.6 1.2t1.7 0.9 2 0.4h0.1q0.9 0 2-0.4t1.7-0.9 1.6-1.2q3-2.2 8.9-6.1 1-0.7 1.8-1.6zM32 7.4q0 1.4-0.9 2.7t-2.2 2.2q-6.7 4.7-8.4 5.8-0.2 0.1-0.7 0.5t-1 0.7-0.9 0.6-1.1 0.5-0.9 0.2h-0.1q-0.4 0-0.9-0.2t-1.1-0.5-0.9-0.6-1-0.7-0.7-0.5q-1.6-1.1-4.7-3.2t-3.6-2.6q-1.1-0.7-2.1-2t-1-2.5q0-1.4 0.7-2.3t2.1-0.9h26.3q1.2 0 2 0.8t0.9 2z\"\/><\/svg><\/span><span class=\"shariff-text\">E-Mail<\/span>&nbsp;<\/a><\/li><li class=\"shariff-button info shariff-nocustomcolor\" style=\"background-color:#a8a8a8\"><a href=\"http:\/\/ct.de\/-2467514\" title=\"Weitere Informationen\" aria-label=\"Weitere Informationen\" role=\"button\" rel=\"noopener \" class=\"shariff-link\" style=\"; background-color:#999; color:#fff\" target=\"_blank\"><span class=\"shariff-icon\" style=\"\"><svg width=\"32px\" height=\"20px\" xmlns=\"http:\/\/www.w3.org\/2000\/svg\" viewBox=\"0 0 11 32\"><path fill=\"#999\" d=\"M11.4 24v2.3q0 0.5-0.3 0.8t-0.8 0.4h-9.1q-0.5 0-0.8-0.4t-0.4-0.8v-2.3q0-0.5 0.4-0.8t0.8-0.4h1.1v-6.8h-1.1q-0.5 0-0.8-0.4t-0.4-0.8v-2.3q0-0.5 0.4-0.8t0.8-0.4h6.8q0.5 0 0.8 0.4t0.4 0.8v10.3h1.1q0.5 0 0.8 0.4t0.3 0.8zM9.2 3.4v3.4q0 0.5-0.4 0.8t-0.8 0.4h-4.6q-0.4 0-0.8-0.4t-0.4-0.8v-3.4q0-0.4 0.4-0.8t0.8-0.4h4.6q0.5 0 0.8 0.4t0.4 0.8z\"\/><\/svg><\/span><\/a><\/li><\/ul><\/div>","protected":false},"excerpt":{"rendered":"<p>Der Minister f\u00fcr Umwelt, Energie und Klimaschutz Stefan Wenzel \u00e4u\u00dferte sich heute am 18.02.2016 in Nieders\u00e4chsischen Landtag zum Thema: \u201eUnterrichtung durch die Landesregierung \u00fcber die Vorkommnisse im Zusammenhang mit einem besenderten Wolf aus dem Munsteraner Rudel und \u00fcber das dazu geplante Vorgehen der Landesregierung.\u201c Die Meldung im Wortlaut: &#8222;In der vergangenen Woche gab es mehrfache [&hellip;]<\/p>\n<div class=\"shariff shariff-align-center shariff-widget-align-center\" data-services=\"facebook%7Ctwitter\" data-url=\"https%3A%2F%2Fwolfsmonitor.de%2F%3Fp%3D2536\" data-timestamp=\"1525529369\" data-backendurl=\"?rest_route=\/shariff\/v1\/share_counts&\"><ul class=\"shariff-buttons theme-color orientation-horizontal buttonsize-small\"><li class=\"shariff-button facebook shariff-nocustomcolor\" style=\"background-color:#4273c8\"><a href=\"https:\/\/www.facebook.com\/sharer\/sharer.php?u=https%3A%2F%2Fwolfsmonitor.de%2F%3Fp%3D2536\" title=\"Bei Facebook teilen\" aria-label=\"Bei Facebook teilen\" role=\"button\" rel=\"nofollow\" class=\"shariff-link\" style=\"; background-color:#3b5998; color:#fff\" target=\"_blank\"><span class=\"shariff-icon\" style=\"\"><svg width=\"32px\" height=\"20px\" xmlns=\"http:\/\/www.w3.org\/2000\/svg\" viewBox=\"0 0 18 32\"><path fill=\"#3b5998\" d=\"M17.1 0.2v4.7h-2.8q-1.5 0-2.1 0.6t-0.5 1.9v3.4h5.2l-0.7 5.3h-4.5v13.6h-5.5v-13.6h-4.5v-5.3h4.5v-3.9q0-3.3 1.9-5.2t5-1.8q2.6 0 4.1 0.2z\"\/><\/svg><\/span><span class=\"shariff-text\">teilen<\/span>&nbsp;<span data-service=\"facebook\" style=\"color:#3b5998\" class=\"shariff-count shariff-hidezero\"><\/span>&nbsp;<\/a><\/li><li class=\"shariff-button twitter shariff-nocustomcolor\" style=\"background-color:#32bbf5\"><a href=\"https:\/\/twitter.com\/share?url=https%3A%2F%2Fwolfsmonitor.de%2F%3Fp%3D2536&text=MU-Info%3A%20Minister%20Wenzel%20zum%20geplanten%20Vorgehen%21\" title=\"Bei Twitter teilen\" aria-label=\"Bei Twitter teilen\" role=\"button\" rel=\"noopener nofollow\" class=\"shariff-link\" style=\"; background-color:#55acee; color:#fff\" target=\"_blank\"><span class=\"shariff-icon\" style=\"\"><svg width=\"32px\" height=\"20px\" xmlns=\"http:\/\/www.w3.org\/2000\/svg\" viewBox=\"0 0 30 32\"><path fill=\"#55acee\" d=\"M29.7 6.8q-1.2 1.8-3 3.1 0 0.3 0 0.8 0 2.5-0.7 4.9t-2.2 4.7-3.5 4-4.9 2.8-6.1 1q-5.1 0-9.3-2.7 0.6 0.1 1.5 0.1 4.3 0 7.6-2.6-2-0.1-3.5-1.2t-2.2-3q0.6 0.1 1.1 0.1 0.8 0 1.6-0.2-2.1-0.4-3.5-2.1t-1.4-3.9v-0.1q1.3 0.7 2.8 0.8-1.2-0.8-2-2.2t-0.7-2.9q0-1.7 0.8-3.1 2.3 2.8 5.5 4.5t7 1.9q-0.2-0.7-0.2-1.4 0-2.5 1.8-4.3t4.3-1.8q2.7 0 4.5 1.9 2.1-0.4 3.9-1.5-0.7 2.2-2.7 3.4 1.8-0.2 3.5-0.9z\"\/><\/svg><\/span><span class=\"shariff-text\">twittern<\/span>&nbsp;<span data-service=\"twitter\" style=\"color:#55acee\" class=\"shariff-count shariff-hidezero\"><\/span>&nbsp;<\/a><\/li><li class=\"shariff-button rss shariff-nocustomcolor\" style=\"background-color:#ff8c00\"><a href=\"https:\/\/wolfsmonitor.de\/?feed=rss\" title=\"RSS-feed\" aria-label=\"RSS-feed\" role=\"button\" class=\"shariff-link\" style=\"; background-color:#fe9312; color:#fff\" target=\"_blank\"><span class=\"shariff-icon\" style=\"\"><svg width=\"32px\" height=\"20px\" xmlns=\"http:\/\/www.w3.org\/2000\/svg\" viewBox=\"0 0 32 32\"><path fill=\"#fe9312\" d=\"M4.3 23.5c-2.3 0-4.3 1.9-4.3 4.3 0 2.3 1.9 4.2 4.3 4.2 2.4 0 4.3-1.9 4.3-4.2 0-2.3-1.9-4.3-4.3-4.3zM0 10.9v6.1c4 0 7.7 1.6 10.6 4.4 2.8 2.8 4.4 6.6 4.4 10.6h6.2c0-11.7-9.5-21.1-21.1-21.1zM0 0v6.1c14.2 0 25.8 11.6 25.8 25.9h6.2c0-17.6-14.4-32-32-32z\"\/><\/svg><\/span><span class=\"shariff-text\">RSS-feed<\/span>&nbsp;<\/a><\/li><li class=\"shariff-button mailto shariff-nocustomcolor\" style=\"background-color:#a8a8a8\"><a href=\"mailto:?body=https%3A%2F%2Fwolfsmonitor.de%2F%3Fp%3D2536&subject=MU-Info%3A%20Minister%20Wenzel%20zum%20geplanten%20Vorgehen%21\" title=\"Per E-Mail versenden\" aria-label=\"Per E-Mail versenden\" role=\"button\" rel=\"noopener nofollow\" class=\"shariff-link\" style=\"; background-color:#999; color:#fff\"><span class=\"shariff-icon\" style=\"\"><svg width=\"32px\" height=\"20px\" xmlns=\"http:\/\/www.w3.org\/2000\/svg\" viewBox=\"0 0 32 32\"><path fill=\"#999\" d=\"M32 12.7v14.2q0 1.2-0.8 2t-2 0.9h-26.3q-1.2 0-2-0.9t-0.8-2v-14.2q0.8 0.9 1.8 1.6 6.5 4.4 8.9 6.1 1 0.8 1.6 1.2t1.7 0.9 2 0.4h0.1q0.9 0 2-0.4t1.7-0.9 1.6-1.2q3-2.2 8.9-6.1 1-0.7 1.8-1.6zM32 7.4q0 1.4-0.9 2.7t-2.2 2.2q-6.7 4.7-8.4 5.8-0.2 0.1-0.7 0.5t-1 0.7-0.9 0.6-1.1 0.5-0.9 0.2h-0.1q-0.4 0-0.9-0.2t-1.1-0.5-0.9-0.6-1-0.7-0.7-0.5q-1.6-1.1-4.7-3.2t-3.6-2.6q-1.1-0.7-2.1-2t-1-2.5q0-1.4 0.7-2.3t2.1-0.9h26.3q1.2 0 2 0.8t0.9 2z\"\/><\/svg><\/span><span class=\"shariff-text\">E-Mail<\/span>&nbsp;<\/a><\/li><li class=\"shariff-button info shariff-nocustomcolor\" style=\"background-color:#a8a8a8\"><a href=\"http:\/\/ct.de\/-2467514\" title=\"Weitere Informationen\" aria-label=\"Weitere Informationen\" role=\"button\" rel=\"noopener \" class=\"shariff-link\" style=\"; background-color:#999; color:#fff\" target=\"_blank\"><span class=\"shariff-icon\" style=\"\"><svg width=\"32px\" height=\"20px\" xmlns=\"http:\/\/www.w3.org\/2000\/svg\" viewBox=\"0 0 11 32\"><path fill=\"#999\" d=\"M11.4 24v2.3q0 0.5-0.3 0.8t-0.8 0.4h-9.1q-0.5 0-0.8-0.4t-0.4-0.8v-2.3q0-0.5 0.4-0.8t0.8-0.4h1.1v-6.8h-1.1q-0.5 0-0.8-0.4t-0.4-0.8v-2.3q0-0.5 0.4-0.8t0.8-0.4h6.8q0.5 0 0.8 0.4t0.4 0.8v10.3h1.1q0.5 0 0.8 0.4t0.3 0.8zM9.2 3.4v3.4q0 0.5-0.4 0.8t-0.8 0.4h-4.6q-0.4 0-0.8-0.4t-0.4-0.8v-3.4q0-0.4 0.4-0.8t0.8-0.4h4.6q0.5 0 0.8 0.4t0.4 0.8z\"\/><\/svg><\/span><\/a><\/li><\/ul><\/div>","protected":false},"author":1,"featured_media":1381,"comment_status":"closed","ping_status":"open","sticky":false,"template":"","format":"standard","meta":{"spay_email":""},"categories":[5],"tags":[196,2126,2138,2091,213,502,2136,155,135,1536,2139,2089,2137,43,29,149],"jetpack_featured_media_url":"https:\/\/i2.wp.com\/wolfsmonitor.de\/wp-content\/uploads\/2015\/09\/WM-Hintergr\u00fcnde.jpg?fit=355%2C312&ssl=1","jetpack_shortlink":"https:\/\/wp.me\/p61YbU-EU","jetpack-related-posts":[{"id":3250,"url":"https:\/\/wolfsmonitor.de\/?p=3250","url_meta":{"origin":2536,"position":0},"title":"Minister Wenzel zum Wolfsabschuss:","date":"28. April 2016","format":false,"excerpt":"Heute um 14.00 Uhr nahm Umweltminister Stefan Wenzel im Rahmen einer Pressekonferenz zum Abschuss von Wolf \"Kurti\" (MT6) wie folgt Stellung: \"Umweltminister Wenzel informiert \u00fcber den toten Wolf MT 6: Wolfsmanagement auch in Zukunft mit gro\u00dfem Respekt vor der Natur und streng orientiert an den Ma\u00dfgaben der gesetzlichen Vorschriften Der\u2026","rel":"","context":"In &quot;Aktuell&quot;","img":{"alt_text":"Stehender Wolf im Tierpark Nordhorn (Foto: Vogler)","src":"https:\/\/i0.wp.com\/wolfsmonitor.de\/wp-content\/uploads\/2016\/03\/Beitragsfoto-Aktuell.jpg?fit=592%2C507&ssl=1&resize=350%2C200","width":350,"height":200},"classes":[]},{"id":3234,"url":"https:\/\/wolfsmonitor.de\/?p=3234","url_meta":{"origin":2536,"position":1},"title":"Zum Tode von Wolf \u201eKurti\u201c:","date":"28. April 2016","format":false,"excerpt":"War es wirklich der \u201eWeisheit letzter Schluss?\u201c Man wollte es nach weiteren \u201eNahbegegnungen\" am Wochenende im Ministerium scheinbar nicht weiter verantworten, dass sich ein junger Wolf immer mal wieder Menschen oder deren Hunde ann\u00e4hert. \u00a0 Der mit einem Peilsender versehene Jungwolf aus dem Munsteraner Rudel mit der wissenschaftlichen Bezeichnung \u201eMT6\u201c,\u2026","rel":"","context":"In &quot;Standpunkte&quot;","img":{"alt_text":"Wolf im Tierpark Nordhorn","src":"https:\/\/i0.wp.com\/wolfsmonitor.de\/wp-content\/uploads\/2015\/07\/Foto-Kommentar-2.jpg?fit=586%2C513&ssl=1&resize=350%2C200","width":350,"height":200},"classes":[]},{"id":3874,"url":"https:\/\/wolfsmonitor.de\/?p=3874","url_meta":{"origin":2536,"position":2},"title":"MU-Info: Zwei Antworten zu W\u00f6lfen in Niedersachsen","date":"10. Juni 2016","format":false,"excerpt":"Heute, am 10. Juni, ver\u00f6ffentlichte das Nieders\u00e4chsische Umweltministerium (MU) im Rahmen mehrerer Pressemitteilungen zwei Antworten auf m\u00fcndliche Anfragen von Abgeordneten zum Thema \"MT6\" und dem wochenlangen Leiden eines sp\u00e4ter eingeschl\u00e4ferten Wolfs (im Wortlaut): a.) Antwort auf die m\u00fcndliche Anfrage: Wie verlief die Entnahme von MT6? \"Der Nieders\u00e4chsische Minister f\u00fcr Umwelt,\u2026","rel":"","context":"In &quot;Hintergr\u00fcnde&quot;","img":{"alt_text":"Wolf im TP Nordhorn (Foto: Vogler)","src":"https:\/\/i2.wp.com\/wolfsmonitor.de\/wp-content\/uploads\/2016\/02\/Hintergrund-2016.jpg?fit=518%2C494&ssl=1&resize=350%2C200","width":350,"height":200},"classes":[]},{"id":4756,"url":"https:\/\/wolfsmonitor.de\/?p=4756","url_meta":{"origin":2536,"position":3},"title":"MU-Info: Vier Antworten zu W\u00f6lfen in Niedersachsen","date":"22. August 2016","format":false,"excerpt":"Am 19. August ver\u00f6ffentlichte das Nieders\u00e4chsische Umweltministerium (MU) im Rahmen mehrerer Pressemitteilungen vier Antworten auf m\u00fcndliche Anfragen von Abgeordneten zu den W\u00f6lfen in Niedersachsen (im Wortlaut): 1. Antwort auf die M\u00fcndliche Anfrage: Freilassung eines Wolfswelpen in der L\u00fcneburger Heide Der Nieders\u00e4chsische Minister f\u00fcr Umwelt, Energie und Klimaschutz Stefan Wenzel hat\u2026","rel":"","context":"In &quot;Presseinformationen&quot;","img":{"alt_text":"Foto: Naturfotograf Heiko Anders","src":"https:\/\/i2.wp.com\/wolfsmonitor.de\/wp-content\/uploads\/2016\/05\/HA-Beitragsfoto-Presseinfo-2.jpg?fit=627%2C410&ssl=1&resize=350%2C200","width":350,"height":200},"classes":[]},{"id":654,"url":"https:\/\/wolfsmonitor.de\/?p=654","url_meta":{"origin":2536,"position":4},"title":"Presseinfo: Erster Wolf aus dem Rudel Munster mit Sender versehen","date":"22. Juni 2015","format":false,"excerpt":"Soeben erreichte mich folgende Pressemeldung aus dem nieders\u00e4chsichen Umweltministerium (im Wortlaut): Erster Wolf aus dem Rudel Munster mit Sender versehen Umweltminister Wenzel: \u201eWichtiger Schritt zur besseren \u00dcberwachung\u201c Der Nieders\u00e4chsische Umweltminister Stefan Wenzel hat dar\u00fcber informiert, dass es mit der intensiveren \u00dcberwachung des Munsteraner Rudels heute (Montag) erstmals gelungen ist, einen\u2026","rel":"","context":"In &quot;Hintergr\u00fcnde&quot;","img":{"alt_text":"Wolf im Tierpark Nordhorn","src":"https:\/\/i2.wp.com\/wolfsmonitor.de\/wp-content\/uploads\/2015\/09\/WM-Hintergr\u00fcnde.jpg?fit=355%2C312&ssl=1&resize=350%2C200","width":350,"height":200},"classes":[]},{"id":561,"url":"https:\/\/wolfsmonitor.de\/?p=561","url_meta":{"origin":2536,"position":5},"title":"Presseinfo: Nieders\u00e4chsiches Wolfsmanage- ment wird weiterentwickelt","date":"28. Mai 2015","format":false,"excerpt":"Soeben erreichte mich folgende Pressemeldung aus dem nieders\u00e4chsichen Umweltministerium (im Wortlaut): \"Ma\u00dfnahmen zur Weiterentwicklung des Wolfsmanagements in Niedersachsen: Wolfsb\u00fcro beim NLWKN, intensivere \u00dcberwachung des Rudels in Munster, schnellere Rissbeurteilung, bundesweite Monitoring- und Kompetenzzstelle, neues Internetportal\" Der Nieders\u00e4chsische Umweltminister Stefan Wenzel und die Umweltstaatssekret\u00e4rin Almut Kottwitz haben heute (Donnerstag) in Hannover\u2026","rel":"","context":"In &quot;Hintergr\u00fcnde&quot;","img":{"alt_text":"Wolf im Tierpark Nordhorn","src":"https:\/\/i2.wp.com\/wolfsmonitor.de\/wp-content\/uploads\/2015\/09\/WM-Hintergr\u00fcnde.jpg?fit=355%2C312&ssl=1&resize=350%2C200","width":350,"height":200},"classes":[]}],"_links":{"self":[{"href":"https:\/\/wolfsmonitor.de\/index.php?rest_route=\/wp\/v2\/posts\/2536"}],"collection":[{"href":"https:\/\/wolfsmonitor.de\/index.php?rest_route=\/wp\/v2\/posts"}],"about":[{"href":"https:\/\/wolfsmonitor.de\/index.php?rest_route=\/wp\/v2\/types\/post"}],"author":[{"embeddable":true,"href":"https:\/\/wolfsmonitor.de\/index.php?rest_route=\/wp\/v2\/users\/1"}],"replies":[{"embeddable":true,"href":"https:\/\/wolfsmonitor.de\/index.php?rest_route=%2Fwp%2Fv2%2Fcomments&post=2536"}],"version-history":[{"count":3,"href":"https:\/\/wolfsmonitor.de\/index.php?rest_route=\/wp\/v2\/posts\/2536\/revisions"}],"predecessor-version":[{"id":2539,"href":"https:\/\/wolfsmonitor.de\/index.php?rest_route=\/wp\/v2\/posts\/2536\/revisions\/2539"}],"wp:featuredmedia":[{"embeddable":true,"href":"https:\/\/wolfsmonitor.de\/index.php?rest_route=\/wp\/v2\/media\/1381"}],"wp:attachment":[{"href":"https:\/\/wolfsmonitor.de\/index.php?rest_route=%2Fwp%2Fv2%2Fmedia&parent=2536"}],"wp:term":[{"taxonomy":"category","embeddable":true,"href":"https:\/\/wolfsmonitor.de\/index.php?rest_route=%2Fwp%2Fv2%2Fcategories&post=2536"},{"taxonomy":"post_tag","embeddable":true,"href":"https:\/\/wolfsmonitor.de\/index.php?rest_route=%2Fwp%2Fv2%2Ftags&post=2536"}],"curies":[{"name":"wp","href":"https:\/\/api.w.org\/{rel}","templated":true}]}}