{"id":2751,"date":"2016-03-09T13:32:35","date_gmt":"2016-03-09T11:32:35","guid":{"rendered":"http:\/\/wolfsmonitor.de\/?p=2751"},"modified":"2018-05-05T14:25:39","modified_gmt":"2018-05-05T12:25:39","slug":"posse-um-einen-totgefahrenen-wolf","status":"publish","type":"post","link":"https:\/\/wolfsmonitor.de\/?p=2751","title":{"rendered":"Posse um einen totgefahrenen Wolf"},"content":{"rendered":"<p><strong>Als Posse bezeichnet man \u00fcblicherweise ein groteskes Ereignis, das sich \u00f6ffentlich abspielt. Mir f\u00e4llt allerdings gerade kein besseres Wort f\u00fcr das \u201eSchauspiel\u201c ein, das sich derzeit in Burgwedel abspielt.<\/strong><\/p>\n<hr \/>\n<p>Am 15. April 2015 wurde ein Wolf in H\u00f6he Berkhof bei Gro\u00dfburgwedel auf der A7 von einem Kraftfahrzeug \u00fcberfahren. Es handelte sich dabei um den \u201eWanderwolf\u201c, der zuvor halb Niedersachsen beunruhigte und auch den Niederlanden einen Besuch abstattete.<\/p>\n<p>Wolfsfreunde nannten ihn \u201eKurt\u201c. Zuf\u00e4lligerweise war er ein Bruder des Wolfes aus dem Munsteraner Rudel, der gerade einige Anwohner und Politiker in der Region Bergen-Munster vergr\u00e4mt und in Anlehnung an seinen toten Bruder von seinen Bef\u00fcrwortern \u201eKurti\u201c genannt wird.<!--more--><\/p>\n<p>Meine eigene Aufregung \u00fcber die Reaktionen der Verantwortlichen damals veranlassten mich \u00fcbrigens dazu, diesen Blog ins Leben zu rufen.<\/p>\n<p>Kurzum, die J\u00e4gerschaft Burgdorf e.V. setzte sich unverz\u00fcglich mit dem nieders\u00e4chsischen Ministerium f\u00fcr Ern\u00e4hrung, Landwirtschaft und Verbraucherschutz in Verbindung, weil man aus dem \u00fcberfahrenen Wolf ein Pr\u00e4parat zu Bildungs- und Lehrzwecken herstellen wollte.<\/p>\n<p>Unsere Nachbarn aus den Niederlanden hatten allerdings die gleiche Idee. F\u00fcr sie ist \u201eKurt\u201c seit langer Zeit der erste Wolf in Holland und somit besonders symboltr\u00e4chtig.<\/p>\n<p>Das schienen die J\u00e4ger in Burgdorf jedoch nicht zu wissen. Einem Presseartikel auf \u201eBurgwedel-Aktuell\u201c von gestern zufolge, gehen sie entweder von \u201eUnterschlagung\u201c oder sogar \u201eDiebstahl\u201c des Wolfes aus. (*1)<\/p>\n<p>In der heutigen Ausgabe der Hannoverschen Allgemeinen Zeitung (HAZ) wird der Vorsitzende der J\u00e4gerschaft Otto Thiele entsprechend zitiert: \u201eIch will meinen Wolf zur\u00fcck!\u201c (*2)<\/p>\n<p>Mit ein wenig Recherche w\u00e4re das nun \u00f6ffentliche Schauspiel allerdings zu vermeiden gewesen. Denn \u201eKurt\u201c ist bereits seit Ende Januar in den Niederlanden und soll nun im Naturmuseum \u201eNaturalis\u201c in Leiden ausgestellt werden. (*3)<\/p>\n<p>Wer wem seinerzeit was zusagte, wem der \u00fcberfahrene Wolf zum heutigen Zeitpunkt eigentlich aus juristischer Sicht geh\u00f6rt und welche Folgen der augenscheinliche \u201eFauxpas\u201c nun haben wird, bleibt derweil offen.<\/p>\n<p>Ich vermute allerdings, dass viele Menschen der breiten \u00d6ffentlichkeit in Holland \u201eihren Kurt\u201c eher g\u00f6nnen werden als einem vergleichsweise exklusiven Personenkreis in Burgwedel.<\/p>\n<p>P.S.: Auch ich werde \u201emeinen Wolf\u201c demn\u00e4chst wohl mal im Museum in den Niederlanden besuchen, denn sein damaliges &#8222;Lehrst\u00fcck&#8220; ist f\u00fcr mich auch heute noch &#8222;grenzenlos&#8220;!<\/p>\n<p>Herzlichst<\/p>\n<p>Ihr<\/p>\n<p>J\u00fcrgen Vogler<br \/>\n<img loading=\"lazy\" src=\"http:\/\/vg01.met.vgwort.de\/na\/1b35f35b914345f1973d94ca8a4b64fb\" alt=\"\" width=\"1\" height=\"1\" \/><\/p>\n<p><em><strong><span style=\"text-decoration: underline;\">Quellen:<\/span><\/strong><\/em><\/p>\n<p><em>(*1)\u00a0 Burgwedel Aktuell, www.burgwedel-aktuell.de, Artikel: &#8222;Toter Wolf verschwindet spurlos&#8220; vom 7.3.2016, abgerufen am 9.3.2016, <span style=\"color: #0000ff;\"><a style=\"color: #0000ff;\" title=\"Burgwedel Aktuell, 7.3.2016\" href=\"http:\/\/www.burgwedel-aktuell.de\/2016\/03\/07\/toter-wolf-verschwindet-spurlos\/\" target=\"_blank\">hier der Link!<\/a><\/span><\/em><\/p>\n<p><em>(*2) Hannoversche Allgemeine, www.haz.de, Artikel: &#8222;Tauziehen um einen Wolf-Kadaver&#8220; vom 9.3.2016, abgerufen am 9.3.2016, <span style=\"color: #0000ff;\"><a style=\"color: #0000ff;\" title=\"HAZ, 9.3.2016\" href=\"http:\/\/www.haz.de\/Hannover\/Aus-der-Stadt\/Uebersicht\/Tauziehen-um-einen-Wolf-Kadaver\" target=\"_blank\">hier der Link!<\/a><\/span><\/em><\/p>\n<p><em>(*3) Wolven in Nederland, www.wolveninnederland.nl, Artikel: &#8222;Wandelwolf terug in Nederland&#8220; vom 31.01.2016, abgerufen am 9.3.2016, <span style=\"color: #0000ff;\"><a style=\"color: #0000ff;\" title=\"wolveninnederland.nl\" href=\"http:\/\/www.wolveninnederland.nl\/nieuws\/wandelwolf-terug-nederland\" target=\"_blank\">hier der Link!<\/a><\/span><\/em><\/p>\n<div class=\"shariff shariff-align-center shariff-widget-align-center\" data-services=\"facebook%7Ctwitter\" data-url=\"https%3A%2F%2Fwolfsmonitor.de%2F%3Fp%3D2751\" data-timestamp=\"1525530339\" data-backendurl=\"?rest_route=\/shariff\/v1\/share_counts&\"><ul class=\"shariff-buttons theme-color orientation-horizontal buttonsize-small\"><li class=\"shariff-button facebook shariff-nocustomcolor\" style=\"background-color:#4273c8\"><a href=\"https:\/\/www.facebook.com\/sharer\/sharer.php?u=https%3A%2F%2Fwolfsmonitor.de%2F%3Fp%3D2751\" title=\"Bei Facebook teilen\" aria-label=\"Bei Facebook teilen\" role=\"button\" rel=\"nofollow\" class=\"shariff-link\" style=\"; background-color:#3b5998; color:#fff\" target=\"_blank\"><span class=\"shariff-icon\" style=\"\"><svg width=\"32px\" height=\"20px\" xmlns=\"http:\/\/www.w3.org\/2000\/svg\" viewBox=\"0 0 18 32\"><path fill=\"#3b5998\" d=\"M17.1 0.2v4.7h-2.8q-1.5 0-2.1 0.6t-0.5 1.9v3.4h5.2l-0.7 5.3h-4.5v13.6h-5.5v-13.6h-4.5v-5.3h4.5v-3.9q0-3.3 1.9-5.2t5-1.8q2.6 0 4.1 0.2z\"\/><\/svg><\/span><span class=\"shariff-text\">teilen<\/span>&nbsp;<span data-service=\"facebook\" style=\"color:#3b5998\" class=\"shariff-count shariff-hidezero\"><\/span>&nbsp;<\/a><\/li><li class=\"shariff-button twitter shariff-nocustomcolor\" style=\"background-color:#32bbf5\"><a href=\"https:\/\/twitter.com\/share?url=https%3A%2F%2Fwolfsmonitor.de%2F%3Fp%3D2751&text=Posse%20um%20einen%20totgefahrenen%20Wolf\" title=\"Bei Twitter teilen\" aria-label=\"Bei Twitter teilen\" role=\"button\" rel=\"noopener nofollow\" class=\"shariff-link\" style=\"; background-color:#55acee; color:#fff\" target=\"_blank\"><span class=\"shariff-icon\" style=\"\"><svg width=\"32px\" height=\"20px\" xmlns=\"http:\/\/www.w3.org\/2000\/svg\" viewBox=\"0 0 30 32\"><path fill=\"#55acee\" d=\"M29.7 6.8q-1.2 1.8-3 3.1 0 0.3 0 0.8 0 2.5-0.7 4.9t-2.2 4.7-3.5 4-4.9 2.8-6.1 1q-5.1 0-9.3-2.7 0.6 0.1 1.5 0.1 4.3 0 7.6-2.6-2-0.1-3.5-1.2t-2.2-3q0.6 0.1 1.1 0.1 0.8 0 1.6-0.2-2.1-0.4-3.5-2.1t-1.4-3.9v-0.1q1.3 0.7 2.8 0.8-1.2-0.8-2-2.2t-0.7-2.9q0-1.7 0.8-3.1 2.3 2.8 5.5 4.5t7 1.9q-0.2-0.7-0.2-1.4 0-2.5 1.8-4.3t4.3-1.8q2.7 0 4.5 1.9 2.1-0.4 3.9-1.5-0.7 2.2-2.7 3.4 1.8-0.2 3.5-0.9z\"\/><\/svg><\/span><span class=\"shariff-text\">twittern<\/span>&nbsp;<span data-service=\"twitter\" style=\"color:#55acee\" class=\"shariff-count shariff-hidezero\"><\/span>&nbsp;<\/a><\/li><li class=\"shariff-button rss shariff-nocustomcolor\" style=\"background-color:#ff8c00\"><a href=\"https:\/\/wolfsmonitor.de\/?feed=rss\" title=\"RSS-feed\" aria-label=\"RSS-feed\" role=\"button\" class=\"shariff-link\" style=\"; background-color:#fe9312; color:#fff\" target=\"_blank\"><span class=\"shariff-icon\" style=\"\"><svg width=\"32px\" height=\"20px\" xmlns=\"http:\/\/www.w3.org\/2000\/svg\" viewBox=\"0 0 32 32\"><path fill=\"#fe9312\" d=\"M4.3 23.5c-2.3 0-4.3 1.9-4.3 4.3 0 2.3 1.9 4.2 4.3 4.2 2.4 0 4.3-1.9 4.3-4.2 0-2.3-1.9-4.3-4.3-4.3zM0 10.9v6.1c4 0 7.7 1.6 10.6 4.4 2.8 2.8 4.4 6.6 4.4 10.6h6.2c0-11.7-9.5-21.1-21.1-21.1zM0 0v6.1c14.2 0 25.8 11.6 25.8 25.9h6.2c0-17.6-14.4-32-32-32z\"\/><\/svg><\/span><span class=\"shariff-text\">RSS-feed<\/span>&nbsp;<\/a><\/li><li class=\"shariff-button mailto shariff-nocustomcolor\" style=\"background-color:#a8a8a8\"><a href=\"mailto:?body=https%3A%2F%2Fwolfsmonitor.de%2F%3Fp%3D2751&subject=Posse%20um%20einen%20totgefahrenen%20Wolf\" title=\"Per E-Mail versenden\" aria-label=\"Per E-Mail versenden\" role=\"button\" rel=\"noopener nofollow\" class=\"shariff-link\" style=\"; background-color:#999; color:#fff\"><span class=\"shariff-icon\" style=\"\"><svg width=\"32px\" height=\"20px\" xmlns=\"http:\/\/www.w3.org\/2000\/svg\" viewBox=\"0 0 32 32\"><path fill=\"#999\" d=\"M32 12.7v14.2q0 1.2-0.8 2t-2 0.9h-26.3q-1.2 0-2-0.9t-0.8-2v-14.2q0.8 0.9 1.8 1.6 6.5 4.4 8.9 6.1 1 0.8 1.6 1.2t1.7 0.9 2 0.4h0.1q0.9 0 2-0.4t1.7-0.9 1.6-1.2q3-2.2 8.9-6.1 1-0.7 1.8-1.6zM32 7.4q0 1.4-0.9 2.7t-2.2 2.2q-6.7 4.7-8.4 5.8-0.2 0.1-0.7 0.5t-1 0.7-0.9 0.6-1.1 0.5-0.9 0.2h-0.1q-0.4 0-0.9-0.2t-1.1-0.5-0.9-0.6-1-0.7-0.7-0.5q-1.6-1.1-4.7-3.2t-3.6-2.6q-1.1-0.7-2.1-2t-1-2.5q0-1.4 0.7-2.3t2.1-0.9h26.3q1.2 0 2 0.8t0.9 2z\"\/><\/svg><\/span><span class=\"shariff-text\">E-Mail<\/span>&nbsp;<\/a><\/li><li class=\"shariff-button info shariff-nocustomcolor\" style=\"background-color:#a8a8a8\"><a href=\"http:\/\/ct.de\/-2467514\" title=\"Weitere Informationen\" aria-label=\"Weitere Informationen\" role=\"button\" rel=\"noopener \" class=\"shariff-link\" style=\"; background-color:#999; color:#fff\" target=\"_blank\"><span class=\"shariff-icon\" style=\"\"><svg width=\"32px\" height=\"20px\" xmlns=\"http:\/\/www.w3.org\/2000\/svg\" viewBox=\"0 0 11 32\"><path fill=\"#999\" d=\"M11.4 24v2.3q0 0.5-0.3 0.8t-0.8 0.4h-9.1q-0.5 0-0.8-0.4t-0.4-0.8v-2.3q0-0.5 0.4-0.8t0.8-0.4h1.1v-6.8h-1.1q-0.5 0-0.8-0.4t-0.4-0.8v-2.3q0-0.5 0.4-0.8t0.8-0.4h6.8q0.5 0 0.8 0.4t0.4 0.8v10.3h1.1q0.5 0 0.8 0.4t0.3 0.8zM9.2 3.4v3.4q0 0.5-0.4 0.8t-0.8 0.4h-4.6q-0.4 0-0.8-0.4t-0.4-0.8v-3.4q0-0.4 0.4-0.8t0.8-0.4h4.6q0.5 0 0.8 0.4t0.4 0.8z\"\/><\/svg><\/span><\/a><\/li><\/ul><\/div>","protected":false},"excerpt":{"rendered":"<p>Als Posse bezeichnet man \u00fcblicherweise ein groteskes Ereignis, das sich \u00f6ffentlich abspielt. Mir f\u00e4llt allerdings gerade kein besseres Wort f\u00fcr das \u201eSchauspiel\u201c ein, das sich derzeit in Burgwedel abspielt. Am 15. April 2015 wurde ein Wolf in H\u00f6he Berkhof bei Gro\u00dfburgwedel auf der A7 von einem Kraftfahrzeug \u00fcberfahren. Es handelte sich dabei um den \u201eWanderwolf\u201c, [&hellip;]<\/p>\n<div class=\"shariff shariff-align-center shariff-widget-align-center\" data-services=\"facebook%7Ctwitter\" data-url=\"https%3A%2F%2Fwolfsmonitor.de%2F%3Fp%3D2751\" data-timestamp=\"1525530339\" data-backendurl=\"?rest_route=\/shariff\/v1\/share_counts&\"><ul class=\"shariff-buttons theme-color orientation-horizontal buttonsize-small\"><li class=\"shariff-button facebook shariff-nocustomcolor\" style=\"background-color:#4273c8\"><a href=\"https:\/\/www.facebook.com\/sharer\/sharer.php?u=https%3A%2F%2Fwolfsmonitor.de%2F%3Fp%3D2751\" title=\"Bei Facebook teilen\" aria-label=\"Bei Facebook teilen\" role=\"button\" rel=\"nofollow\" class=\"shariff-link\" style=\"; background-color:#3b5998; color:#fff\" target=\"_blank\"><span class=\"shariff-icon\" style=\"\"><svg width=\"32px\" height=\"20px\" xmlns=\"http:\/\/www.w3.org\/2000\/svg\" viewBox=\"0 0 18 32\"><path fill=\"#3b5998\" d=\"M17.1 0.2v4.7h-2.8q-1.5 0-2.1 0.6t-0.5 1.9v3.4h5.2l-0.7 5.3h-4.5v13.6h-5.5v-13.6h-4.5v-5.3h4.5v-3.9q0-3.3 1.9-5.2t5-1.8q2.6 0 4.1 0.2z\"\/><\/svg><\/span><span class=\"shariff-text\">teilen<\/span>&nbsp;<span data-service=\"facebook\" style=\"color:#3b5998\" class=\"shariff-count shariff-hidezero\"><\/span>&nbsp;<\/a><\/li><li class=\"shariff-button twitter shariff-nocustomcolor\" style=\"background-color:#32bbf5\"><a href=\"https:\/\/twitter.com\/share?url=https%3A%2F%2Fwolfsmonitor.de%2F%3Fp%3D2751&text=Posse%20um%20einen%20totgefahrenen%20Wolf\" title=\"Bei Twitter teilen\" aria-label=\"Bei Twitter teilen\" role=\"button\" rel=\"noopener nofollow\" class=\"shariff-link\" style=\"; background-color:#55acee; color:#fff\" target=\"_blank\"><span class=\"shariff-icon\" style=\"\"><svg width=\"32px\" height=\"20px\" xmlns=\"http:\/\/www.w3.org\/2000\/svg\" viewBox=\"0 0 30 32\"><path fill=\"#55acee\" d=\"M29.7 6.8q-1.2 1.8-3 3.1 0 0.3 0 0.8 0 2.5-0.7 4.9t-2.2 4.7-3.5 4-4.9 2.8-6.1 1q-5.1 0-9.3-2.7 0.6 0.1 1.5 0.1 4.3 0 7.6-2.6-2-0.1-3.5-1.2t-2.2-3q0.6 0.1 1.1 0.1 0.8 0 1.6-0.2-2.1-0.4-3.5-2.1t-1.4-3.9v-0.1q1.3 0.7 2.8 0.8-1.2-0.8-2-2.2t-0.7-2.9q0-1.7 0.8-3.1 2.3 2.8 5.5 4.5t7 1.9q-0.2-0.7-0.2-1.4 0-2.5 1.8-4.3t4.3-1.8q2.7 0 4.5 1.9 2.1-0.4 3.9-1.5-0.7 2.2-2.7 3.4 1.8-0.2 3.5-0.9z\"\/><\/svg><\/span><span class=\"shariff-text\">twittern<\/span>&nbsp;<span data-service=\"twitter\" style=\"color:#55acee\" class=\"shariff-count shariff-hidezero\"><\/span>&nbsp;<\/a><\/li><li class=\"shariff-button rss shariff-nocustomcolor\" style=\"background-color:#ff8c00\"><a href=\"https:\/\/wolfsmonitor.de\/?feed=rss\" title=\"RSS-feed\" aria-label=\"RSS-feed\" role=\"button\" class=\"shariff-link\" style=\"; background-color:#fe9312; color:#fff\" target=\"_blank\"><span class=\"shariff-icon\" style=\"\"><svg width=\"32px\" height=\"20px\" xmlns=\"http:\/\/www.w3.org\/2000\/svg\" viewBox=\"0 0 32 32\"><path fill=\"#fe9312\" d=\"M4.3 23.5c-2.3 0-4.3 1.9-4.3 4.3 0 2.3 1.9 4.2 4.3 4.2 2.4 0 4.3-1.9 4.3-4.2 0-2.3-1.9-4.3-4.3-4.3zM0 10.9v6.1c4 0 7.7 1.6 10.6 4.4 2.8 2.8 4.4 6.6 4.4 10.6h6.2c0-11.7-9.5-21.1-21.1-21.1zM0 0v6.1c14.2 0 25.8 11.6 25.8 25.9h6.2c0-17.6-14.4-32-32-32z\"\/><\/svg><\/span><span class=\"shariff-text\">RSS-feed<\/span>&nbsp;<\/a><\/li><li class=\"shariff-button mailto shariff-nocustomcolor\" style=\"background-color:#a8a8a8\"><a href=\"mailto:?body=https%3A%2F%2Fwolfsmonitor.de%2F%3Fp%3D2751&subject=Posse%20um%20einen%20totgefahrenen%20Wolf\" title=\"Per E-Mail versenden\" aria-label=\"Per E-Mail versenden\" role=\"button\" rel=\"noopener nofollow\" class=\"shariff-link\" style=\"; background-color:#999; color:#fff\"><span class=\"shariff-icon\" style=\"\"><svg width=\"32px\" height=\"20px\" xmlns=\"http:\/\/www.w3.org\/2000\/svg\" viewBox=\"0 0 32 32\"><path fill=\"#999\" d=\"M32 12.7v14.2q0 1.2-0.8 2t-2 0.9h-26.3q-1.2 0-2-0.9t-0.8-2v-14.2q0.8 0.9 1.8 1.6 6.5 4.4 8.9 6.1 1 0.8 1.6 1.2t1.7 0.9 2 0.4h0.1q0.9 0 2-0.4t1.7-0.9 1.6-1.2q3-2.2 8.9-6.1 1-0.7 1.8-1.6zM32 7.4q0 1.4-0.9 2.7t-2.2 2.2q-6.7 4.7-8.4 5.8-0.2 0.1-0.7 0.5t-1 0.7-0.9 0.6-1.1 0.5-0.9 0.2h-0.1q-0.4 0-0.9-0.2t-1.1-0.5-0.9-0.6-1-0.7-0.7-0.5q-1.6-1.1-4.7-3.2t-3.6-2.6q-1.1-0.7-2.1-2t-1-2.5q0-1.4 0.7-2.3t2.1-0.9h26.3q1.2 0 2 0.8t0.9 2z\"\/><\/svg><\/span><span class=\"shariff-text\">E-Mail<\/span>&nbsp;<\/a><\/li><li class=\"shariff-button info shariff-nocustomcolor\" style=\"background-color:#a8a8a8\"><a href=\"http:\/\/ct.de\/-2467514\" title=\"Weitere Informationen\" aria-label=\"Weitere Informationen\" role=\"button\" rel=\"noopener \" class=\"shariff-link\" style=\"; background-color:#999; color:#fff\" target=\"_blank\"><span class=\"shariff-icon\" style=\"\"><svg width=\"32px\" height=\"20px\" xmlns=\"http:\/\/www.w3.org\/2000\/svg\" viewBox=\"0 0 11 32\"><path fill=\"#999\" d=\"M11.4 24v2.3q0 0.5-0.3 0.8t-0.8 0.4h-9.1q-0.5 0-0.8-0.4t-0.4-0.8v-2.3q0-0.5 0.4-0.8t0.8-0.4h1.1v-6.8h-1.1q-0.5 0-0.8-0.4t-0.4-0.8v-2.3q0-0.5 0.4-0.8t0.8-0.4h6.8q0.5 0 0.8 0.4t0.4 0.8v10.3h1.1q0.5 0 0.8 0.4t0.3 0.8zM9.2 3.4v3.4q0 0.5-0.4 0.8t-0.8 0.4h-4.6q-0.4 0-0.8-0.4t-0.4-0.8v-3.4q0-0.4 0.4-0.8t0.8-0.4h4.6q0.5 0 0.8 0.4t0.4 0.8z\"\/><\/svg><\/span><\/a><\/li><\/ul><\/div>","protected":false},"author":1,"featured_media":794,"comment_status":"closed","ping_status":"open","sticky":false,"template":"","format":"standard","meta":{"spay_email":""},"categories":[3],"tags":[2288,2294,2124,2298,2290,2289,2161,2292,2297,2291,502,2296,2293,2295,13,2299,2300],"jetpack_featured_media_url":"https:\/\/i0.wp.com\/wolfsmonitor.de\/wp-content\/uploads\/2015\/07\/Foto-Kommentar-2.jpg?fit=586%2C513&ssl=1","jetpack_shortlink":"https:\/\/wp.me\/p61YbU-In","jetpack-related-posts":[{"id":7742,"url":"https:\/\/wolfsmonitor.de\/?p=7742","url_meta":{"origin":2751,"position":0},"title":"Abgeschossener Wolf Kurti wird Museumsst\u00fcck","date":"9. Februar 2017","format":false,"excerpt":"Derzeit werde der Wolf \u2013 so ein Sprecher der nieders\u00e4chsischen Naturschutzbeh\u00f6rde NLWKN - pr\u00e4pariert. Der \"ausgestopfte Kurti\" (MT6) soll dann vom 21. Mai bis zum 30. September 2017 im Landesmuseum Hannover in der Ausstellung \u201eDer Wolf \u2013 Ein Wildtier kehrt zur\u00fcck\u201c zu sehen sein. Die Ausstellung, die als Wanderausstellung konzipiert\u2026","rel":"","context":"In &quot;Aufgelesen&quot;","img":{"alt_text":"Foto: Natur- und Wildtierfotograf Heiko Anders","src":"https:\/\/i2.wp.com\/wolfsmonitor.de\/wp-content\/uploads\/2016\/05\/HA-Beitragsfoto-Aufgelesen-1.jpg?fit=654%2C436&ssl=1&resize=350%2C200","width":350,"height":200},"classes":[]},{"id":2736,"url":"https:\/\/wolfsmonitor.de\/?p=2736","url_meta":{"origin":2751,"position":1},"title":"\u201eKurti\u201c auff\u00e4llig unauff\u00e4llig!","date":"8. M\u00e4rz 2016","format":false,"excerpt":"Der schwedische Vergr\u00e4mungsexperte Jens Karlsson vom \u201eSwedish Wildlife Damage Centre\u201c war in den letzten drei Tagen auf der F\u00e4hrte des vermeintlich verhaltensauff\u00e4lligen Wolfes mit der wissenschaftlichen Bezeichnung MT06, wie der nieders\u00e4chsische Umweltminister Stefan Wenzel am Montagabend in Reinsehlen bei Schneverdingen im Beisein des Experten berichtete (*1). Das Ergebnis: Der Wolf\u2026","rel":"","context":"In &quot;Standpunkte&quot;","img":{"alt_text":"Wolf im Tierpark Nordhorn","src":"https:\/\/i1.wp.com\/wolfsmonitor.de\/wp-content\/uploads\/2015\/04\/WM-Kommentar.jpg?fit=512%2C442&ssl=1&resize=350%2C200","width":350,"height":200},"classes":[]},{"id":5077,"url":"https:\/\/wolfsmonitor.de\/?p=5077","url_meta":{"origin":2751,"position":2},"title":"Niederlande: DNA-Best\u00e4tigung f\u00fcr Wolf in Beuningen liegt nun vor!","date":"20. September 2016","format":false,"excerpt":"Nun ist es amtlich: Es war tats\u00e4chlich ein Wolf. Anfang September wurde das Tier in der niederl\u00e4ndischen Ortschaft Beuningen (unscharf) fotografiert, als es sich \"l\u00f6ste\". Das niederl\u00e4ndische Forschungsinstitut \u201eAlterra\u201c teilte nun das DNA-Untersuchungsergebnis der Kotprobe mit, das einen Wolf best\u00e4tigt. Ob es sich dabei allerdings um die sogenannte \u201eresidente Wolfsf\u00e4he\u201c\u2026","rel":"","context":"In &quot;Aufgelesen&quot;","img":{"alt_text":"Foto: Natur- und Wildtierfotograf Heiko Anders","src":"https:\/\/i2.wp.com\/wolfsmonitor.de\/wp-content\/uploads\/2016\/05\/HA-Beitragsfoto-Aufgelesen-1.jpg?fit=654%2C436&ssl=1&resize=350%2C200","width":350,"height":200},"classes":[]},{"id":8069,"url":"https:\/\/wolfsmonitor.de\/?p=8069","url_meta":{"origin":2751,"position":3},"title":"50 Kilogramm schwerer Cuxwolf in Holland \u00fcberfahren","date":"14. M\u00e4rz 2017","format":false,"excerpt":"Bei einem vor zwei Wochen in den Niederlanden auf der Autobahn 28 zwischen Hoogeveen und Meppel (etwa 40 km westlich vom Emsland) \u00fcberfahrenen m\u00e4nnlichen Wolf handelte es sich um einen ungef\u00e4hr 50 Kilogramm schweren und etwa anderthalb Jahre alten Wolfsr\u00fcden aus dem Cuxhavener Rudel. Unter Verweis auf die Universit\u00e4t Wageningen\u2026","rel":"","context":"In &quot;Kurzinfo&quot;","img":{"alt_text":"Wolf im Zoo Nordhorn (Foto: Vogler)","src":"https:\/\/i2.wp.com\/wolfsmonitor.de\/wp-content\/uploads\/2016\/09\/Beitragsfoto-Kurzinfo.jpg?fit=628%2C505&ssl=1&resize=350%2C200","width":350,"height":200},"classes":[]},{"id":938,"url":"https:\/\/wolfsmonitor.de\/?p=938","url_meta":{"origin":2751,"position":4},"title":"Wanderwolf in Niedersachsen wurde Verkehrsopfer!","date":"23. Juli 2015","format":false,"excerpt":"Das Nieders\u00e4chsische Wolfsmanagement hat diesem Wolf aus dem Munsteraner Rudel viel zu verdanken! Auch die Webseite WOLFSMONITOR entstand, nachdem dieser Wolf sich als besonderer Pr\u00fcfstein f\u00fcr das Wolfsmanagement in Niedersachsen erwies. Doch bereits am 15. April wurde er, wie die Landesj\u00e4gerschaft Niedersachsen (LJN) nun mitteilt, Opfer eines Verkehrsunfalls auf der\u2026","rel":"","context":"In &quot;Hintergr\u00fcnde&quot;","img":{"alt_text":"Wolf im Tierpark Nordhorn","src":"https:\/\/i2.wp.com\/wolfsmonitor.de\/wp-content\/uploads\/2015\/09\/WM-Hintergr\u00fcnde.jpg?fit=355%2C312&ssl=1&resize=350%2C200","width":350,"height":200},"classes":[]},{"id":3316,"url":"https:\/\/wolfsmonitor.de\/?p=3316","url_meta":{"origin":2751,"position":5},"title":"3 Fragen an Heino Krannich","date":"3. Mai 2016","format":false,"excerpt":"Wolfsmonitor ist in der letzten Woche ein Jahr alt geworden. Einer der anf\u00e4nglichen Blogbeitr\u00e4ge auf dieser Webseite war ein Interview mit Heino Krannich. Und das aus gutem Grund. Er war einer der Distanznarkoseexperten, die damals versuchten, einen Wanderwolf auf seinen Weg von Munster in die Niederlande und wieder zur\u00fcck \u201edingfest\u2026","rel":"","context":"In &quot;Interviews&quot;","img":{"alt_text":"Heino Krannich (Foto: Krannich)","src":"https:\/\/i0.wp.com\/wolfsmonitor.de\/wp-content\/uploads\/2016\/05\/H.K.-Beitragsbild-2.jpg?fit=917%2C611&ssl=1&resize=350%2C200","width":350,"height":200},"classes":[]}],"_links":{"self":[{"href":"https:\/\/wolfsmonitor.de\/index.php?rest_route=\/wp\/v2\/posts\/2751"}],"collection":[{"href":"https:\/\/wolfsmonitor.de\/index.php?rest_route=\/wp\/v2\/posts"}],"about":[{"href":"https:\/\/wolfsmonitor.de\/index.php?rest_route=\/wp\/v2\/types\/post"}],"author":[{"embeddable":true,"href":"https:\/\/wolfsmonitor.de\/index.php?rest_route=\/wp\/v2\/users\/1"}],"replies":[{"embeddable":true,"href":"https:\/\/wolfsmonitor.de\/index.php?rest_route=%2Fwp%2Fv2%2Fcomments&post=2751"}],"version-history":[{"count":8,"href":"https:\/\/wolfsmonitor.de\/index.php?rest_route=\/wp\/v2\/posts\/2751\/revisions"}],"predecessor-version":[{"id":2763,"href":"https:\/\/wolfsmonitor.de\/index.php?rest_route=\/wp\/v2\/posts\/2751\/revisions\/2763"}],"wp:featuredmedia":[{"embeddable":true,"href":"https:\/\/wolfsmonitor.de\/index.php?rest_route=\/wp\/v2\/media\/794"}],"wp:attachment":[{"href":"https:\/\/wolfsmonitor.de\/index.php?rest_route=%2Fwp%2Fv2%2Fmedia&parent=2751"}],"wp:term":[{"taxonomy":"category","embeddable":true,"href":"https:\/\/wolfsmonitor.de\/index.php?rest_route=%2Fwp%2Fv2%2Fcategories&post=2751"},{"taxonomy":"post_tag","embeddable":true,"href":"https:\/\/wolfsmonitor.de\/index.php?rest_route=%2Fwp%2Fv2%2Ftags&post=2751"}],"curies":[{"name":"wp","href":"https:\/\/api.w.org\/{rel}","templated":true}]}}