{"id":2898,"date":"2016-03-25T21:52:37","date_gmt":"2016-03-25T19:52:37","guid":{"rendered":"http:\/\/wolfsmonitor.de\/?p=2898"},"modified":"2016-03-25T21:52:37","modified_gmt":"2016-03-25T19:52:37","slug":"josef-h-reichholf-jagdgesetze-der-laender-ungeeignet-fuer-grossraubtiere","status":"publish","type":"post","link":"https:\/\/wolfsmonitor.de\/?p=2898","title":{"rendered":"Josef H. Reichholf: Jagdgesetze der L\u00e4nder ungeeignet f\u00fcr Gro\u00dfraubtiere!"},"content":{"rendered":"<p>&#8230;<strong>&#8222;Deshalb funktionieren der Artenschutz und die Aufteilung in jagdbare und nicht jagdbare Arten nur bei solchen Arten, die mit ihrer Lebensweise und Nachwuchsproduktion tats\u00e4chlich an die Fl\u00e4che gebunden sind, auf der sie leben.<\/strong> Das trifft hierzulande f\u00fcr die Rehe, Fasane, Hasen, Kaninchen oder F\u00fcchse und in den Rotwildgebieten f\u00fcr den Hirsch zu.<\/p>\n<p>Die deutschen Mindestreviergr\u00f6\u00dfen unterschreiten zwar meistens die notwendige Lebensraumgr\u00f6\u00dfe f\u00fcr selbstst\u00e4ndig lebensf\u00e4hige Best\u00e4nde dieser Arten, aber schon einige wenige Reviere zusammen genommen reichen daf\u00fcr aus. <!--more-->Die jagdliche Nutzung solcher Arten passt daher zu beiden Seiten, zu den in ein Reviersystem eingebundenen J\u00e4gern einerseits, wie f\u00fcr die Besitzer der Flur oder der W\u00e4lder andererseits.<\/p>\n<p>Um es in Begriffen der Wirtschaft auszudr\u00fccken: Produktion und Nutzung finden auf derselben Fl\u00e4che statt. Dass diese Sicht f\u00fcr einige Arten des Wildes voll und ganz zutrifft, zeigen die gro\u00dfen Hegeerfolge, welche die Jagd beim ortsgebundenen Schalenwild erzielt hat. Wie schon mehrfach betont, gibt es Dank der jagdlichen Hege gegenw\u00e4rtig in Deutschland mehr Rehe und Hirsche als seit vielen Jahrhunderten. Auch die Einf\u00fchrung des Fasans war ein Hegeerfolg, wo diese H\u00fchnerv\u00f6gel aus Gr\u00fcnden der Witterung leben k\u00f6nnen.<\/p>\n<p>Ganz anders verh\u00e4lt es sich jedoch bei weitr\u00e4umig wandernden Arten und bei Gro\u00dftieren, die viel gr\u00f6\u00dfere Eigenreviere ben\u00f6tigen, als sie die allermeisten J\u00e4ger haben oder sich leisten k\u00f6nnen. Das Revier eines Steinadlers dehnt sich \u00fcber hunderte von Quadratkilometern aus, das Streifgebiet eines Wolfsrudels noch weiter. Die B\u00e4renwanderung l\u00e4sst sich ebenso wenig auf bestimmte Jagdreviere beziehen wie die Fl\u00fcge der G\u00e4nse und Enten von den nordischen Brutgebieten zu den Zwischenraststationen in Mitteleuropa und den \u00dcberwinterungsgebieten. Wandernde Arten und Arten mit gro\u00dfem Fl\u00e4chenbedarf geh\u00f6ren daher ihrer Natur gem\u00e4\u00df nicht in ein auf kleine Fl\u00e4chen bezogenes Revier(jagd)system.<\/p>\n<p>Aber sind sie dann noch in den gesetzlichen Geltungsbereich von Landesjagdgesetzen richtig untergebracht?<\/p>\n<p>Aus guten Gr\u00fcnden ist der Fernstra\u00dfenbau \u201cBundessache\u201d und alles, was \u00fcber die Grenzen hinausgeht, geh\u00f6rt ins Arbeitsfeld der Au\u00dfenministerien und der entsprechenden Organe der Europ\u00e4ischen Union. Die gro\u00dfen Raubtiere geh\u00f6rten auf jeden Fall in diese \u201ceurop\u00e4ische Kategorie\u201d, weil ihnen nur ein gemeinsames Management ihrer Vorkommen und ihrer Bestandsentwicklung die Zukunft sichern wird.&#8220;&#8230;<\/p>\n<p><em>(Quelle: Prof. Dr. Josef H. Reichholf (* 1945), bedeutender deutscher Zoologe, Evolutionsbiologe und \u00d6kologe, Tr\u00e4ger mehrerer namhafter Preise und Autor zahlreicher B\u00fccher, in seiner Ver\u00f6ffentlichung: \u201cDer B\u00e4r ist los \u2013 Ein kritischer Lagebericht zu den \u00dcberlebenschancen unserer Gro\u00dftiere\u201d, M\u00fcnchen 2007, Seite 194 f. \u2013 Einzelheiten zum Buch finden Sie nach einem &#8222;Klick&#8220; auf das nachfolgende Buchcover:<\/em><\/p>\n<p><em><a href=\"http:\/\/www.amazon.de\/gp\/product\/3776625104\/ref=as_li_tl?ie=UTF8&amp;camp=1638&amp;creative=6742&amp;creativeASIN=3776625104&amp;linkCode=as2&amp;tag=wolfsmonito09-21\" rel=\"nofollow\"><img src=\"http:\/\/ws-eu.amazon-adsystem.com\/widgets\/q?_encoding=UTF8&amp;ASIN=3776625104&amp;Format=_SL250_&amp;ID=AsinImage&amp;MarketPlace=DE&amp;ServiceVersion=20070822&amp;WS=1&amp;tag=wolfsmonito09-21\" alt=\"\" border=\"0\" \/><\/a><img loading=\"lazy\" style=\"border: none !important; margin: 0px !important;\" src=\"http:\/\/ir-de.amazon-adsystem.com\/e\/ir?t=wolfsmonito09-21&amp;l=as2&amp;o=3&amp;a=3776625104\" alt=\"\" width=\"1\" height=\"1\" border=\"0\" \/><br \/>\n<\/em><\/p>\n<div class=\"shariff shariff-align-center shariff-widget-align-center\" data-services=\"facebook%7Ctwitter\" data-url=\"https%3A%2F%2Fwolfsmonitor.de%2F%3Fp%3D2898\" data-timestamp=\"1458942757\" data-backendurl=\"?rest_route=\/shariff\/v1\/share_counts&\"><ul class=\"shariff-buttons theme-color orientation-horizontal buttonsize-small\"><li class=\"shariff-button facebook shariff-nocustomcolor\" style=\"background-color:#4273c8\"><a href=\"https:\/\/www.facebook.com\/sharer\/sharer.php?u=https%3A%2F%2Fwolfsmonitor.de%2F%3Fp%3D2898\" title=\"Bei Facebook teilen\" aria-label=\"Bei Facebook teilen\" role=\"button\" rel=\"nofollow\" class=\"shariff-link\" style=\"; background-color:#3b5998; color:#fff\" target=\"_blank\"><span class=\"shariff-icon\" style=\"\"><svg width=\"32px\" height=\"20px\" xmlns=\"http:\/\/www.w3.org\/2000\/svg\" viewBox=\"0 0 18 32\"><path fill=\"#3b5998\" d=\"M17.1 0.2v4.7h-2.8q-1.5 0-2.1 0.6t-0.5 1.9v3.4h5.2l-0.7 5.3h-4.5v13.6h-5.5v-13.6h-4.5v-5.3h4.5v-3.9q0-3.3 1.9-5.2t5-1.8q2.6 0 4.1 0.2z\"\/><\/svg><\/span><span class=\"shariff-text\">teilen<\/span>&nbsp;<span data-service=\"facebook\" style=\"color:#3b5998\" class=\"shariff-count shariff-hidezero\"><\/span>&nbsp;<\/a><\/li><li class=\"shariff-button twitter shariff-nocustomcolor\" style=\"background-color:#32bbf5\"><a href=\"https:\/\/twitter.com\/share?url=https%3A%2F%2Fwolfsmonitor.de%2F%3Fp%3D2898&text=Josef%20H.%20Reichholf%3A%20Jagdgesetze%20der%20L%C3%A4nder%20ungeeignet%20f%C3%BCr%20Gro%C3%9Fraubtiere%21\" title=\"Bei Twitter teilen\" aria-label=\"Bei Twitter teilen\" role=\"button\" rel=\"noopener nofollow\" class=\"shariff-link\" style=\"; background-color:#55acee; color:#fff\" target=\"_blank\"><span class=\"shariff-icon\" style=\"\"><svg width=\"32px\" height=\"20px\" xmlns=\"http:\/\/www.w3.org\/2000\/svg\" viewBox=\"0 0 30 32\"><path fill=\"#55acee\" d=\"M29.7 6.8q-1.2 1.8-3 3.1 0 0.3 0 0.8 0 2.5-0.7 4.9t-2.2 4.7-3.5 4-4.9 2.8-6.1 1q-5.1 0-9.3-2.7 0.6 0.1 1.5 0.1 4.3 0 7.6-2.6-2-0.1-3.5-1.2t-2.2-3q0.6 0.1 1.1 0.1 0.8 0 1.6-0.2-2.1-0.4-3.5-2.1t-1.4-3.9v-0.1q1.3 0.7 2.8 0.8-1.2-0.8-2-2.2t-0.7-2.9q0-1.7 0.8-3.1 2.3 2.8 5.5 4.5t7 1.9q-0.2-0.7-0.2-1.4 0-2.5 1.8-4.3t4.3-1.8q2.7 0 4.5 1.9 2.1-0.4 3.9-1.5-0.7 2.2-2.7 3.4 1.8-0.2 3.5-0.9z\"\/><\/svg><\/span><span class=\"shariff-text\">twittern<\/span>&nbsp;<span data-service=\"twitter\" style=\"color:#55acee\" class=\"shariff-count shariff-hidezero\"><\/span>&nbsp;<\/a><\/li><li class=\"shariff-button rss shariff-nocustomcolor\" style=\"background-color:#ff8c00\"><a href=\"https:\/\/wolfsmonitor.de\/?feed=rss\" title=\"RSS-feed\" aria-label=\"RSS-feed\" role=\"button\" class=\"shariff-link\" style=\"; background-color:#fe9312; color:#fff\" target=\"_blank\"><span class=\"shariff-icon\" style=\"\"><svg width=\"32px\" height=\"20px\" xmlns=\"http:\/\/www.w3.org\/2000\/svg\" viewBox=\"0 0 32 32\"><path fill=\"#fe9312\" d=\"M4.3 23.5c-2.3 0-4.3 1.9-4.3 4.3 0 2.3 1.9 4.2 4.3 4.2 2.4 0 4.3-1.9 4.3-4.2 0-2.3-1.9-4.3-4.3-4.3zM0 10.9v6.1c4 0 7.7 1.6 10.6 4.4 2.8 2.8 4.4 6.6 4.4 10.6h6.2c0-11.7-9.5-21.1-21.1-21.1zM0 0v6.1c14.2 0 25.8 11.6 25.8 25.9h6.2c0-17.6-14.4-32-32-32z\"\/><\/svg><\/span><span class=\"shariff-text\">RSS-feed<\/span>&nbsp;<\/a><\/li><li class=\"shariff-button mailto shariff-nocustomcolor\" style=\"background-color:#a8a8a8\"><a href=\"mailto:?body=https%3A%2F%2Fwolfsmonitor.de%2F%3Fp%3D2898&subject=Josef%20H.%20Reichholf%3A%20Jagdgesetze%20der%20L%C3%A4nder%20ungeeignet%20f%C3%BCr%20Gro%C3%9Fraubtiere%21\" title=\"Per E-Mail versenden\" aria-label=\"Per E-Mail versenden\" role=\"button\" rel=\"noopener nofollow\" class=\"shariff-link\" style=\"; background-color:#999; color:#fff\"><span class=\"shariff-icon\" style=\"\"><svg width=\"32px\" height=\"20px\" xmlns=\"http:\/\/www.w3.org\/2000\/svg\" viewBox=\"0 0 32 32\"><path fill=\"#999\" d=\"M32 12.7v14.2q0 1.2-0.8 2t-2 0.9h-26.3q-1.2 0-2-0.9t-0.8-2v-14.2q0.8 0.9 1.8 1.6 6.5 4.4 8.9 6.1 1 0.8 1.6 1.2t1.7 0.9 2 0.4h0.1q0.9 0 2-0.4t1.7-0.9 1.6-1.2q3-2.2 8.9-6.1 1-0.7 1.8-1.6zM32 7.4q0 1.4-0.9 2.7t-2.2 2.2q-6.7 4.7-8.4 5.8-0.2 0.1-0.7 0.5t-1 0.7-0.9 0.6-1.1 0.5-0.9 0.2h-0.1q-0.4 0-0.9-0.2t-1.1-0.5-0.9-0.6-1-0.7-0.7-0.5q-1.6-1.1-4.7-3.2t-3.6-2.6q-1.1-0.7-2.1-2t-1-2.5q0-1.4 0.7-2.3t2.1-0.9h26.3q1.2 0 2 0.8t0.9 2z\"\/><\/svg><\/span><span class=\"shariff-text\">E-Mail<\/span>&nbsp;<\/a><\/li><li class=\"shariff-button info shariff-nocustomcolor\" style=\"background-color:#a8a8a8\"><a href=\"http:\/\/ct.de\/-2467514\" title=\"Weitere Informationen\" aria-label=\"Weitere Informationen\" role=\"button\" rel=\"noopener \" class=\"shariff-link\" style=\"; background-color:#999; color:#fff\" target=\"_blank\"><span class=\"shariff-icon\" style=\"\"><svg width=\"32px\" height=\"20px\" xmlns=\"http:\/\/www.w3.org\/2000\/svg\" viewBox=\"0 0 11 32\"><path fill=\"#999\" d=\"M11.4 24v2.3q0 0.5-0.3 0.8t-0.8 0.4h-9.1q-0.5 0-0.8-0.4t-0.4-0.8v-2.3q0-0.5 0.4-0.8t0.8-0.4h1.1v-6.8h-1.1q-0.5 0-0.8-0.4t-0.4-0.8v-2.3q0-0.5 0.4-0.8t0.8-0.4h6.8q0.5 0 0.8 0.4t0.4 0.8v10.3h1.1q0.5 0 0.8 0.4t0.3 0.8zM9.2 3.4v3.4q0 0.5-0.4 0.8t-0.8 0.4h-4.6q-0.4 0-0.8-0.4t-0.4-0.8v-3.4q0-0.4 0.4-0.8t0.8-0.4h4.6q0.5 0 0.8 0.4t0.4 0.8z\"\/><\/svg><\/span><\/a><\/li><\/ul><\/div>","protected":false},"excerpt":{"rendered":"<p>&#8230;&#8222;Deshalb funktionieren der Artenschutz und die Aufteilung in jagdbare und nicht jagdbare Arten nur bei solchen Arten, die mit ihrer Lebensweise und Nachwuchsproduktion tats\u00e4chlich an die Fl\u00e4che gebunden sind, auf der sie leben. Das trifft hierzulande f\u00fcr die Rehe, Fasane, Hasen, Kaninchen oder F\u00fcchse und in den Rotwildgebieten f\u00fcr den Hirsch zu. Die deutschen Mindestreviergr\u00f6\u00dfen [&hellip;]<\/p>\n<div class=\"shariff shariff-align-center shariff-widget-align-center\" data-services=\"facebook%7Ctwitter\" data-url=\"https%3A%2F%2Fwolfsmonitor.de%2F%3Fp%3D2898\" data-timestamp=\"1458942757\" data-backendurl=\"?rest_route=\/shariff\/v1\/share_counts&\"><ul class=\"shariff-buttons theme-color orientation-horizontal buttonsize-small\"><li class=\"shariff-button facebook shariff-nocustomcolor\" style=\"background-color:#4273c8\"><a href=\"https:\/\/www.facebook.com\/sharer\/sharer.php?u=https%3A%2F%2Fwolfsmonitor.de%2F%3Fp%3D2898\" title=\"Bei Facebook teilen\" aria-label=\"Bei Facebook teilen\" role=\"button\" rel=\"nofollow\" class=\"shariff-link\" style=\"; background-color:#3b5998; color:#fff\" target=\"_blank\"><span class=\"shariff-icon\" style=\"\"><svg width=\"32px\" height=\"20px\" xmlns=\"http:\/\/www.w3.org\/2000\/svg\" viewBox=\"0 0 18 32\"><path fill=\"#3b5998\" d=\"M17.1 0.2v4.7h-2.8q-1.5 0-2.1 0.6t-0.5 1.9v3.4h5.2l-0.7 5.3h-4.5v13.6h-5.5v-13.6h-4.5v-5.3h4.5v-3.9q0-3.3 1.9-5.2t5-1.8q2.6 0 4.1 0.2z\"\/><\/svg><\/span><span class=\"shariff-text\">teilen<\/span>&nbsp;<span data-service=\"facebook\" style=\"color:#3b5998\" class=\"shariff-count shariff-hidezero\"><\/span>&nbsp;<\/a><\/li><li class=\"shariff-button twitter shariff-nocustomcolor\" style=\"background-color:#32bbf5\"><a href=\"https:\/\/twitter.com\/share?url=https%3A%2F%2Fwolfsmonitor.de%2F%3Fp%3D2898&text=Josef%20H.%20Reichholf%3A%20Jagdgesetze%20der%20L%C3%A4nder%20ungeeignet%20f%C3%BCr%20Gro%C3%9Fraubtiere%21\" title=\"Bei Twitter teilen\" aria-label=\"Bei Twitter teilen\" role=\"button\" rel=\"noopener nofollow\" class=\"shariff-link\" style=\"; background-color:#55acee; color:#fff\" target=\"_blank\"><span class=\"shariff-icon\" style=\"\"><svg width=\"32px\" height=\"20px\" xmlns=\"http:\/\/www.w3.org\/2000\/svg\" viewBox=\"0 0 30 32\"><path fill=\"#55acee\" d=\"M29.7 6.8q-1.2 1.8-3 3.1 0 0.3 0 0.8 0 2.5-0.7 4.9t-2.2 4.7-3.5 4-4.9 2.8-6.1 1q-5.1 0-9.3-2.7 0.6 0.1 1.5 0.1 4.3 0 7.6-2.6-2-0.1-3.5-1.2t-2.2-3q0.6 0.1 1.1 0.1 0.8 0 1.6-0.2-2.1-0.4-3.5-2.1t-1.4-3.9v-0.1q1.3 0.7 2.8 0.8-1.2-0.8-2-2.2t-0.7-2.9q0-1.7 0.8-3.1 2.3 2.8 5.5 4.5t7 1.9q-0.2-0.7-0.2-1.4 0-2.5 1.8-4.3t4.3-1.8q2.7 0 4.5 1.9 2.1-0.4 3.9-1.5-0.7 2.2-2.7 3.4 1.8-0.2 3.5-0.9z\"\/><\/svg><\/span><span class=\"shariff-text\">twittern<\/span>&nbsp;<span data-service=\"twitter\" style=\"color:#55acee\" class=\"shariff-count shariff-hidezero\"><\/span>&nbsp;<\/a><\/li><li class=\"shariff-button rss shariff-nocustomcolor\" style=\"background-color:#ff8c00\"><a href=\"https:\/\/wolfsmonitor.de\/?feed=rss\" title=\"RSS-feed\" aria-label=\"RSS-feed\" role=\"button\" class=\"shariff-link\" style=\"; background-color:#fe9312; color:#fff\" target=\"_blank\"><span class=\"shariff-icon\" style=\"\"><svg width=\"32px\" height=\"20px\" xmlns=\"http:\/\/www.w3.org\/2000\/svg\" viewBox=\"0 0 32 32\"><path fill=\"#fe9312\" d=\"M4.3 23.5c-2.3 0-4.3 1.9-4.3 4.3 0 2.3 1.9 4.2 4.3 4.2 2.4 0 4.3-1.9 4.3-4.2 0-2.3-1.9-4.3-4.3-4.3zM0 10.9v6.1c4 0 7.7 1.6 10.6 4.4 2.8 2.8 4.4 6.6 4.4 10.6h6.2c0-11.7-9.5-21.1-21.1-21.1zM0 0v6.1c14.2 0 25.8 11.6 25.8 25.9h6.2c0-17.6-14.4-32-32-32z\"\/><\/svg><\/span><span class=\"shariff-text\">RSS-feed<\/span>&nbsp;<\/a><\/li><li class=\"shariff-button mailto shariff-nocustomcolor\" style=\"background-color:#a8a8a8\"><a href=\"mailto:?body=https%3A%2F%2Fwolfsmonitor.de%2F%3Fp%3D2898&subject=Josef%20H.%20Reichholf%3A%20Jagdgesetze%20der%20L%C3%A4nder%20ungeeignet%20f%C3%BCr%20Gro%C3%9Fraubtiere%21\" title=\"Per E-Mail versenden\" aria-label=\"Per E-Mail versenden\" role=\"button\" rel=\"noopener nofollow\" class=\"shariff-link\" style=\"; background-color:#999; color:#fff\"><span class=\"shariff-icon\" style=\"\"><svg width=\"32px\" height=\"20px\" xmlns=\"http:\/\/www.w3.org\/2000\/svg\" viewBox=\"0 0 32 32\"><path fill=\"#999\" d=\"M32 12.7v14.2q0 1.2-0.8 2t-2 0.9h-26.3q-1.2 0-2-0.9t-0.8-2v-14.2q0.8 0.9 1.8 1.6 6.5 4.4 8.9 6.1 1 0.8 1.6 1.2t1.7 0.9 2 0.4h0.1q0.9 0 2-0.4t1.7-0.9 1.6-1.2q3-2.2 8.9-6.1 1-0.7 1.8-1.6zM32 7.4q0 1.4-0.9 2.7t-2.2 2.2q-6.7 4.7-8.4 5.8-0.2 0.1-0.7 0.5t-1 0.7-0.9 0.6-1.1 0.5-0.9 0.2h-0.1q-0.4 0-0.9-0.2t-1.1-0.5-0.9-0.6-1-0.7-0.7-0.5q-1.6-1.1-4.7-3.2t-3.6-2.6q-1.1-0.7-2.1-2t-1-2.5q0-1.4 0.7-2.3t2.1-0.9h26.3q1.2 0 2 0.8t0.9 2z\"\/><\/svg><\/span><span class=\"shariff-text\">E-Mail<\/span>&nbsp;<\/a><\/li><li class=\"shariff-button info shariff-nocustomcolor\" style=\"background-color:#a8a8a8\"><a href=\"http:\/\/ct.de\/-2467514\" title=\"Weitere Informationen\" aria-label=\"Weitere Informationen\" role=\"button\" rel=\"noopener \" class=\"shariff-link\" style=\"; background-color:#999; color:#fff\" target=\"_blank\"><span class=\"shariff-icon\" style=\"\"><svg width=\"32px\" height=\"20px\" xmlns=\"http:\/\/www.w3.org\/2000\/svg\" viewBox=\"0 0 11 32\"><path fill=\"#999\" d=\"M11.4 24v2.3q0 0.5-0.3 0.8t-0.8 0.4h-9.1q-0.5 0-0.8-0.4t-0.4-0.8v-2.3q0-0.5 0.4-0.8t0.8-0.4h1.1v-6.8h-1.1q-0.5 0-0.8-0.4t-0.4-0.8v-2.3q0-0.5 0.4-0.8t0.8-0.4h6.8q0.5 0 0.8 0.4t0.4 0.8v10.3h1.1q0.5 0 0.8 0.4t0.3 0.8zM9.2 3.4v3.4q0 0.5-0.4 0.8t-0.8 0.4h-4.6q-0.4 0-0.8-0.4t-0.4-0.8v-3.4q0-0.4 0.4-0.8t0.8-0.4h4.6q0.5 0 0.8 0.4t0.4 0.8z\"\/><\/svg><\/span><\/a><\/li><\/ul><\/div>","protected":false},"author":1,"featured_media":1193,"comment_status":"open","ping_status":"open","sticky":false,"template":"","format":"standard","meta":{"spay_email":""},"categories":[126],"tags":[31,2393,2391,229,2390,931,2392],"jetpack_featured_media_url":"https:\/\/i1.wp.com\/wolfsmonitor.de\/wp-content\/uploads\/2015\/09\/Beitragsfoto-Aufgelesen-2.te-Fassung.jpg?fit=581%2C520&ssl=1","jetpack_shortlink":"https:\/\/wp.me\/p61YbU-KK","jetpack-related-posts":[{"id":1123,"url":"https:\/\/wolfsmonitor.de\/?p=1123","url_meta":{"origin":2898,"position":0},"title":"Josef H. Reichholf: Jagd auf wandernde Arten unvertretbar!","date":"5. September 2015","format":false,"excerpt":"\"...Ganz anders verh\u00e4lt es sich jedoch bei weitr\u00e4umig wandernden Arten und bei Gro\u00dftieren, die viel gr\u00f6\u00dfere Eigenreviere ben\u00f6tigen, als sie die allermeisten J\u00e4ger haben oder sich leisten k\u00f6nnen. Das Revier eines Steinadlers dehnt sich \u00fcber hunderte von Quadratkilometern aus, das Streifgebiet eines Wolfsrudels noch weiter. Die B\u00e4renwanderung l\u00e4sst sich ebenso\u2026","rel":"","context":"In &quot;Einsichten&quot;","img":{"alt_text":"Wolf im Tierpark Nordhorn","src":"https:\/\/i2.wp.com\/wolfsmonitor.de\/wp-content\/uploads\/2015\/07\/Foto-Einsichten.jpg?fit=629%2C503&ssl=1&resize=350%2C200","width":350,"height":200},"classes":[]},{"id":12449,"url":"https:\/\/wolfsmonitor.de\/?p=12449","url_meta":{"origin":2898,"position":1},"title":"Offenbar en vogue: Das Thema Wolf in Bundestags- und Koalitionsdebatten","date":"7. Februar 2018","format":false,"excerpt":"W\u00f6lfe scheinen zurzeit politisch \"en vogue\" zu sein. Aber nicht nur einzelne Ergebnisse der GroKo-Koalitionsverhandlungen irritieren dabei, weil dort ausgerechnet in der \u201eArbeitsgruppe Landwirtschaft\u201c die sogenannte \u201eletale Entnahme\u201c einer gewissen Anzahl von W\u00f6lfen beschlossen wurde. Und das, obwohl diese zu den am strengsten gesch\u00fctzten Tierarten in Europa geh\u00f6ren. Nein, auch\u2026","rel":"","context":"In &quot;Aufgelesen&quot;","img":{"alt_text":"Foto: Wildtierfotograf Heiko Anders","src":"https:\/\/i2.wp.com\/wolfsmonitor.de\/wp-content\/uploads\/2016\/05\/HA-Beitragsfoto-Aufgelesen-2.jpg?fit=625%2C469&ssl=1&resize=350%2C200","width":350,"height":200},"classes":[]},{"id":7870,"url":"https:\/\/wolfsmonitor.de\/?p=7870","url_meta":{"origin":2898,"position":2},"title":"Wolfsabschuss im Hochsauerlandkreis erlauben?","date":"22. Februar 2017","format":false,"excerpt":"Manch eine Parole begleitet die Wolfsr\u00fcckkehr nun bereits seit Jahren und wird auch durch ihre st\u00e4ndige Wiederholung nicht richtiger. W\u00f6lfe zu schie\u00dfen, um Mufflons zu retten, ist so eine. Dazu nur so viel: Dem zu Jagdzwecken ausgewilderten korsischen Wildschaf \u201eMufflon\u201c geht es in Deutschland tats\u00e4chlich nicht besonders gut. Warum? Wird\u2026","rel":"","context":"In &quot;Standpunkte&quot;","img":{"alt_text":"Wolf im Tierpark Nordhorn","src":"https:\/\/i1.wp.com\/wolfsmonitor.de\/wp-content\/uploads\/2015\/04\/WM-Kommentar.jpg?fit=512%2C442&ssl=1&resize=350%2C200","width":350,"height":200},"classes":[]},{"id":6869,"url":"https:\/\/wolfsmonitor.de\/?p=6869","url_meta":{"origin":2898,"position":3},"title":"Kein vern\u00fcnftiger \u00f6kologischer Grund f\u00fcr den Abschuss von Rabenv\u00f6geln","date":"27. Dezember 2016","format":false,"excerpt":"Wer sich n\u00e4her mit W\u00f6lfen besch\u00e4ftigt, wird sich zwangsl\u00e4ufig irgendwann einmal mit Rabenv\u00f6geln besch\u00e4ftigen m\u00fcssen, insbesondere mit Kolkraben. Denn zwischen ihnen und freilebenden W\u00f6lfen besteht so etwas wie eine \u201eSymbiose\u201c. Die intelligenten schwarzen V\u00f6gel gelten unter Kennern als die \u201eAugen der W\u00f6lfe\u201c. In Niedersachsen, wo die Jagd auf Rabenv\u00f6gel seit\u2026","rel":"","context":"In &quot;Aufgelesen&quot;","img":{"alt_text":"Foto: Wildtierfotograf Heiko Anders","src":"https:\/\/i2.wp.com\/wolfsmonitor.de\/wp-content\/uploads\/2016\/05\/HA-Beitragsfoto-Aufgelesen-2.jpg?fit=625%2C469&ssl=1&resize=350%2C200","width":350,"height":200},"classes":[]},{"id":10986,"url":"https:\/\/wolfsmonitor.de\/?p=10986","url_meta":{"origin":2898,"position":4},"title":"\"Eigenn\u00fctzige Politik auf Kosten des Wolfes\"","date":"22. Oktober 2017","format":false,"excerpt":"Zum j\u00fcngsten Wolfsforum der CDU-Fraktion in Th\u00fcringen mit dem Titel \u201eDer Wolf in Th\u00fcringen \u2013 l\u00fcgt Rotk\u00e4ppchen?\u201c, das sogar Wolfsmonitor aufgrund einiger absurden Teilnehmeraussagen wie ein \u201eTollhaus\u201c vorkam (hier!), meldete sich nun auch der Naturschutzbund des Landes zu Wort. Aus dessen Sicht h\u00e4tten sich damit sowohl die Landes-CDU als auch\u2026","rel":"","context":"In &quot;Presseinformationen&quot;","img":{"alt_text":"Foto: Naturfotograf Heiko Anders","src":"https:\/\/i0.wp.com\/wolfsmonitor.de\/wp-content\/uploads\/2016\/05\/HA-Beitragsfoto-Presseinfo-1.jpg?fit=623%2C415&ssl=1&resize=350%2C200","width":350,"height":200},"classes":[]},{"id":3442,"url":"https:\/\/wolfsmonitor.de\/?p=3442","url_meta":{"origin":2898,"position":5},"title":"Offener NABU-Brief an Christian Lindner","date":"10. Mai 2016","format":false,"excerpt":"Der NABU-Landesfachausschuss Wolf in NRW antwortete nun in einem \"offenen Brief\" an Christian Lindner auf die Bestrebungen der nordrhein-westf\u00e4lischen FDP, den Wolf per Antrag ins Landesjagdrecht zu \u00fcbernehmen (Wolfsmonitor berichtete - hier!). Der NABU-Brief im Wortlaut: \"Sehr geehrter Herr Lindner, wie die FDP so begr\u00fc\u00dft auch der NABU NRW die\u2026","rel":"","context":"In &quot;Aktuell&quot;","img":{"alt_text":"Stehender Wolf im Tierpark Nordhorn (Foto: Vogler)","src":"https:\/\/i0.wp.com\/wolfsmonitor.de\/wp-content\/uploads\/2016\/03\/Beitragsfoto-Aktuell.jpg?fit=592%2C507&ssl=1&resize=350%2C200","width":350,"height":200},"classes":[]}],"_links":{"self":[{"href":"https:\/\/wolfsmonitor.de\/index.php?rest_route=\/wp\/v2\/posts\/2898"}],"collection":[{"href":"https:\/\/wolfsmonitor.de\/index.php?rest_route=\/wp\/v2\/posts"}],"about":[{"href":"https:\/\/wolfsmonitor.de\/index.php?rest_route=\/wp\/v2\/types\/post"}],"author":[{"embeddable":true,"href":"https:\/\/wolfsmonitor.de\/index.php?rest_route=\/wp\/v2\/users\/1"}],"replies":[{"embeddable":true,"href":"https:\/\/wolfsmonitor.de\/index.php?rest_route=%2Fwp%2Fv2%2Fcomments&post=2898"}],"version-history":[{"count":9,"href":"https:\/\/wolfsmonitor.de\/index.php?rest_route=\/wp\/v2\/posts\/2898\/revisions"}],"predecessor-version":[{"id":2908,"href":"https:\/\/wolfsmonitor.de\/index.php?rest_route=\/wp\/v2\/posts\/2898\/revisions\/2908"}],"wp:featuredmedia":[{"embeddable":true,"href":"https:\/\/wolfsmonitor.de\/index.php?rest_route=\/wp\/v2\/media\/1193"}],"wp:attachment":[{"href":"https:\/\/wolfsmonitor.de\/index.php?rest_route=%2Fwp%2Fv2%2Fmedia&parent=2898"}],"wp:term":[{"taxonomy":"category","embeddable":true,"href":"https:\/\/wolfsmonitor.de\/index.php?rest_route=%2Fwp%2Fv2%2Fcategories&post=2898"},{"taxonomy":"post_tag","embeddable":true,"href":"https:\/\/wolfsmonitor.de\/index.php?rest_route=%2Fwp%2Fv2%2Ftags&post=2898"}],"curies":[{"name":"wp","href":"https:\/\/api.w.org\/{rel}","templated":true}]}}