{"id":2920,"date":"2016-03-30T12:48:29","date_gmt":"2016-03-30T10:48:29","guid":{"rendered":"http:\/\/wolfsmonitor.de\/?p=2920"},"modified":"2016-03-30T12:52:45","modified_gmt":"2016-03-30T10:52:45","slug":"gruene-positionieren-sich-zu-woelfen-in-deutschland","status":"publish","type":"post","link":"https:\/\/wolfsmonitor.de\/?p=2920","title":{"rendered":"Gr\u00fcne positionieren sich zu W\u00f6lfen in Deutschland!"},"content":{"rendered":"<p><strong>Vor wenigen Tagen, am 24. M\u00e4rz, verabschiedeten die naturschutzpolitischen Sprecher der Landtagsfraktionen der Gr\u00fcnen aus ganz Deutschland ein gemeinsames Positionspapier mit dem Titel \u201eW\u00f6lfe in Deutschland\u201c. Insgesamt 14 Abgeordnete fordern darin in 8 Punkten klare Regelungen f\u00fcr den Umgang mit wildlebenden W\u00f6lfen (im Wortlaut):<\/strong><!--more--><\/p>\n<hr \/>\n<ol>\n<li>Der Wolf ist Teil der biologischen Vielfalt in Europa und in Deutschland.<\/li>\n<li>Grundlage f\u00fcr die Akzeptanz des Wolfes ist die gute Zusammenarbeit von Schaf -und anderen Tierhalter\/innen mit verbandlichem Naturschutz und Beh\u00f6rden. Wir bef\u00fcrworten Modellprojekte zwischen den Beteiligten.<\/li>\n<li>Wir setzen uns ein f\u00fcr Zahlungen bei Sch\u00e4den an Nutztieren, sei dies \u00fcber staatliche Fonds gemeinsam mit den Verb\u00e4nden oder \u00fcber die Landeshaushalte und wir begr\u00fc\u00dfen F\u00f6rderprogramme der L\u00e4nder, Nutztierhalter\/innen beim Kauf von wolfsabwehrenden Z\u00e4unen, dem Einsatz von Herdenschutzhunden und anderen Pr\u00e4ventionsma\u00dfnahmen finanziell zu unterst\u00fctzen.<\/li>\n<li>Wir fordern die juristische Kl\u00e4rung aller versicherungsrechtlichen Fragen f\u00fcr den Fall, dass Schafe oder andere Weidetiere von W\u00f6lfen aus eingez\u00e4unten Bereichen insbesondere auf Verkehrswege getrieben werden.<\/li>\n<li>\u00a0Wir fordern, dass der Wolf im Anhang IV der FFH -Richtlinie verbleibt und dass er auch in Sachsen ausschlie\u00dflich dem Naturschutzrecht und nicht dem Jagdrecht unterliegt. F\u00fcr Probleme mit dem Wolf ist konsequent und ausschlie\u00dflich \u00a7 45 Abs. 7 BNatSchG anzuwenden.<\/li>\n<li>\u00a0Wir fordern die dauerhafte Unterst\u00fctzung des nationalen Kompetenzzentrums Wolf in Zust\u00e4ndigkeit des Bundesamtes f\u00fcr Naturschutz, um Wissenschaft, Naturschutzverb\u00e4nde und Verb\u00e4nde der Nutztierhalter\/innen zu vernetzen. Hierzu geh\u00f6rt auch die Unterst\u00fctzung eines professionellen Monitorings der Entwicklung der Wolfsbest\u00e4nde in den Bundesl\u00e4ndern.<\/li>\n<li>\u00a0Wir erwarten vom Bundesamt f\u00fcr Naturschutz als zust\u00e4ndiger Fachbeh\u00f6rde eine \u00dcberarbeitung des \u201eFachkonzept f\u00fcr ein Wolfsmanagement in Deutschland\u201c (2007). Hierbei sind insbesondere aktualisierte Hinweise zur Populationsdynamik, zum Herdenschutz, zu Wolfsbegegnungen sowie zur Anwendung des \u00a7 45 Abs. 7 Bundesnaturschutzgesetz erforderlich, um ein einheitliches Vorgehen in den Bundesl\u00e4ndern sicher zu stellen.<\/li>\n<li>\u00a0Wir fordern eine bundesweite Aufkl\u00e4rung \u00fcber die Lebens- und Verhaltensweise von W\u00f6lfen, um einen angemessenen Umgang mit wildlebenden W\u00f6lfen zu bef\u00f6rdern. (*1)<\/li>\n<\/ol>\n<hr \/>\n<p><strong>Hans-Joachim Jan\u00dfen<\/strong>, Sprecher f\u00fcr Agrarpolitik, Naturschutz, Forstwirtschaft, Fischerei und Raumordnung der nieders\u00e4chsischen Gr\u00fcnen kommentierte das Positionspapier auf der Webseite der Landtagsfraktion wie folgt (*2):<\/p>\n<p>&#8222;Der Wolf ist in Deutschland wieder heimisch. Grundlage f\u00fcr die Akzeptanz des Wolfes ist jedoch eine gute Zusammenarbeit zwischen Beh\u00f6rden, Tierhaltern und Naturschutzverb\u00e4nden. Rei\u00dft ein Wolf beispielsweise ein Schaf, wird der Tierhalter entsch\u00e4digt. In Niedersachsen ist das l\u00e4ngst geregelt. Doch das Wolfsmonitoring und der Umgang mit verhaltensauff\u00e4lligen W\u00f6lfen werden bislang je nach Bundesland unterschiedlich gehandhabt. Die Bundesregierung muss nun einen einheitlichen und auch rechtssicheren Rahmen f\u00fcr das Wolfsmanagement in Deutschland schaffen und das nationale Kompetenzzentrum des Bundes dauerhaft absichern.&#8220;<\/p>\n<hr \/>\n<p><span style=\"text-decoration: underline;\"><em>Quellen:<\/em><\/span><\/p>\n<p>(*1) www.fraktion.gruene-niedersachsen, Download in der Pressemeldung Nr. 58 vom 29.03.2016, <span style=\"color: #0000ff;\"><a style=\"color: #0000ff;\" title=\"Positionspapier Gr\u00fcne Nds, Link!\" href=\"http:\/\/www.fraktion.gruene-niedersachsen.de\/fileadmin\/images\/fraktion\/themen\/landwirtschaft-verbraucherschutz\/Wolfs-Resolution-Gruene-Naturschutzpolitische_SprecherInnen.pdf\" target=\"_blank\">hier der Link!<\/a><\/span><\/p>\n<p>(*2) www.fraktion.gruene-niedersachsen, Pressemeldung Nr. 58 vom 29.03.2016,<span style=\"color: #0000ff;\"><a style=\"color: #0000ff;\" title=\"PM Gr\u00fcne Nds 29.03.2016\" href=\"http:\/\/www.fraktion.gruene-niedersachsen.de\/presse\/pressemitteilungen\/meldung\/artikel\/hans-joachim-janssen-bund-muss-fuer-einheitliche-linie-sorgen.html\" target=\"_blank\"> hier der Link!<\/a><\/span><\/p>\n<p>&nbsp;<\/p>\n<div class=\"shariff shariff-align-center shariff-widget-align-center\" data-services=\"facebook%7Ctwitter\" data-url=\"https%3A%2F%2Fwolfsmonitor.de%2F%3Fp%3D2920\" data-timestamp=\"1459342365\" data-backendurl=\"?rest_route=\/shariff\/v1\/share_counts&\"><ul class=\"shariff-buttons theme-color orientation-horizontal buttonsize-small\"><li class=\"shariff-button facebook shariff-nocustomcolor\" style=\"background-color:#4273c8\"><a href=\"https:\/\/www.facebook.com\/sharer\/sharer.php?u=https%3A%2F%2Fwolfsmonitor.de%2F%3Fp%3D2920\" title=\"Bei Facebook teilen\" aria-label=\"Bei Facebook teilen\" role=\"button\" rel=\"nofollow\" class=\"shariff-link\" style=\"; background-color:#3b5998; color:#fff\" target=\"_blank\"><span class=\"shariff-icon\" style=\"\"><svg width=\"32px\" height=\"20px\" xmlns=\"http:\/\/www.w3.org\/2000\/svg\" viewBox=\"0 0 18 32\"><path fill=\"#3b5998\" d=\"M17.1 0.2v4.7h-2.8q-1.5 0-2.1 0.6t-0.5 1.9v3.4h5.2l-0.7 5.3h-4.5v13.6h-5.5v-13.6h-4.5v-5.3h4.5v-3.9q0-3.3 1.9-5.2t5-1.8q2.6 0 4.1 0.2z\"\/><\/svg><\/span><span class=\"shariff-text\">teilen<\/span>&nbsp;<span data-service=\"facebook\" style=\"color:#3b5998\" class=\"shariff-count shariff-hidezero\"><\/span>&nbsp;<\/a><\/li><li class=\"shariff-button twitter shariff-nocustomcolor\" style=\"background-color:#32bbf5\"><a href=\"https:\/\/twitter.com\/share?url=https%3A%2F%2Fwolfsmonitor.de%2F%3Fp%3D2920&text=Gr%C3%BCne%20positionieren%20sich%20zu%20W%C3%B6lfen%20in%20Deutschland%21\" title=\"Bei Twitter teilen\" aria-label=\"Bei Twitter teilen\" role=\"button\" rel=\"noopener nofollow\" class=\"shariff-link\" style=\"; background-color:#55acee; color:#fff\" target=\"_blank\"><span class=\"shariff-icon\" style=\"\"><svg width=\"32px\" height=\"20px\" xmlns=\"http:\/\/www.w3.org\/2000\/svg\" viewBox=\"0 0 30 32\"><path fill=\"#55acee\" d=\"M29.7 6.8q-1.2 1.8-3 3.1 0 0.3 0 0.8 0 2.5-0.7 4.9t-2.2 4.7-3.5 4-4.9 2.8-6.1 1q-5.1 0-9.3-2.7 0.6 0.1 1.5 0.1 4.3 0 7.6-2.6-2-0.1-3.5-1.2t-2.2-3q0.6 0.1 1.1 0.1 0.8 0 1.6-0.2-2.1-0.4-3.5-2.1t-1.4-3.9v-0.1q1.3 0.7 2.8 0.8-1.2-0.8-2-2.2t-0.7-2.9q0-1.7 0.8-3.1 2.3 2.8 5.5 4.5t7 1.9q-0.2-0.7-0.2-1.4 0-2.5 1.8-4.3t4.3-1.8q2.7 0 4.5 1.9 2.1-0.4 3.9-1.5-0.7 2.2-2.7 3.4 1.8-0.2 3.5-0.9z\"\/><\/svg><\/span><span class=\"shariff-text\">twittern<\/span>&nbsp;<span data-service=\"twitter\" style=\"color:#55acee\" class=\"shariff-count shariff-hidezero\"><\/span>&nbsp;<\/a><\/li><li class=\"shariff-button rss shariff-nocustomcolor\" style=\"background-color:#ff8c00\"><a href=\"https:\/\/wolfsmonitor.de\/?feed=rss\" title=\"RSS-feed\" aria-label=\"RSS-feed\" role=\"button\" class=\"shariff-link\" style=\"; background-color:#fe9312; color:#fff\" target=\"_blank\"><span class=\"shariff-icon\" style=\"\"><svg width=\"32px\" height=\"20px\" xmlns=\"http:\/\/www.w3.org\/2000\/svg\" viewBox=\"0 0 32 32\"><path fill=\"#fe9312\" d=\"M4.3 23.5c-2.3 0-4.3 1.9-4.3 4.3 0 2.3 1.9 4.2 4.3 4.2 2.4 0 4.3-1.9 4.3-4.2 0-2.3-1.9-4.3-4.3-4.3zM0 10.9v6.1c4 0 7.7 1.6 10.6 4.4 2.8 2.8 4.4 6.6 4.4 10.6h6.2c0-11.7-9.5-21.1-21.1-21.1zM0 0v6.1c14.2 0 25.8 11.6 25.8 25.9h6.2c0-17.6-14.4-32-32-32z\"\/><\/svg><\/span><span class=\"shariff-text\">RSS-feed<\/span>&nbsp;<\/a><\/li><li class=\"shariff-button mailto shariff-nocustomcolor\" style=\"background-color:#a8a8a8\"><a href=\"mailto:?body=https%3A%2F%2Fwolfsmonitor.de%2F%3Fp%3D2920&subject=Gr%C3%BCne%20positionieren%20sich%20zu%20W%C3%B6lfen%20in%20Deutschland%21\" title=\"Per E-Mail versenden\" aria-label=\"Per E-Mail versenden\" role=\"button\" rel=\"noopener nofollow\" class=\"shariff-link\" style=\"; background-color:#999; color:#fff\"><span class=\"shariff-icon\" style=\"\"><svg width=\"32px\" height=\"20px\" xmlns=\"http:\/\/www.w3.org\/2000\/svg\" viewBox=\"0 0 32 32\"><path fill=\"#999\" d=\"M32 12.7v14.2q0 1.2-0.8 2t-2 0.9h-26.3q-1.2 0-2-0.9t-0.8-2v-14.2q0.8 0.9 1.8 1.6 6.5 4.4 8.9 6.1 1 0.8 1.6 1.2t1.7 0.9 2 0.4h0.1q0.9 0 2-0.4t1.7-0.9 1.6-1.2q3-2.2 8.9-6.1 1-0.7 1.8-1.6zM32 7.4q0 1.4-0.9 2.7t-2.2 2.2q-6.7 4.7-8.4 5.8-0.2 0.1-0.7 0.5t-1 0.7-0.9 0.6-1.1 0.5-0.9 0.2h-0.1q-0.4 0-0.9-0.2t-1.1-0.5-0.9-0.6-1-0.7-0.7-0.5q-1.6-1.1-4.7-3.2t-3.6-2.6q-1.1-0.7-2.1-2t-1-2.5q0-1.4 0.7-2.3t2.1-0.9h26.3q1.2 0 2 0.8t0.9 2z\"\/><\/svg><\/span><span class=\"shariff-text\">E-Mail<\/span>&nbsp;<\/a><\/li><li class=\"shariff-button info shariff-nocustomcolor\" style=\"background-color:#a8a8a8\"><a href=\"http:\/\/ct.de\/-2467514\" title=\"Weitere Informationen\" aria-label=\"Weitere Informationen\" role=\"button\" rel=\"noopener \" class=\"shariff-link\" style=\"; background-color:#999; color:#fff\" target=\"_blank\"><span class=\"shariff-icon\" style=\"\"><svg width=\"32px\" height=\"20px\" xmlns=\"http:\/\/www.w3.org\/2000\/svg\" viewBox=\"0 0 11 32\"><path fill=\"#999\" d=\"M11.4 24v2.3q0 0.5-0.3 0.8t-0.8 0.4h-9.1q-0.5 0-0.8-0.4t-0.4-0.8v-2.3q0-0.5 0.4-0.8t0.8-0.4h1.1v-6.8h-1.1q-0.5 0-0.8-0.4t-0.4-0.8v-2.3q0-0.5 0.4-0.8t0.8-0.4h6.8q0.5 0 0.8 0.4t0.4 0.8v10.3h1.1q0.5 0 0.8 0.4t0.3 0.8zM9.2 3.4v3.4q0 0.5-0.4 0.8t-0.8 0.4h-4.6q-0.4 0-0.8-0.4t-0.4-0.8v-3.4q0-0.4 0.4-0.8t0.8-0.4h4.6q0.5 0 0.8 0.4t0.4 0.8z\"\/><\/svg><\/span><\/a><\/li><\/ul><\/div>","protected":false},"excerpt":{"rendered":"<p>Vor wenigen Tagen, am 24. M\u00e4rz, verabschiedeten die naturschutzpolitischen Sprecher der Landtagsfraktionen der Gr\u00fcnen aus ganz Deutschland ein gemeinsames Positionspapier mit dem Titel \u201eW\u00f6lfe in Deutschland\u201c. Insgesamt 14 Abgeordnete fordern darin in 8 Punkten klare Regelungen f\u00fcr den Umgang mit wildlebenden W\u00f6lfen (im Wortlaut):<\/p>\n<div class=\"shariff shariff-align-center shariff-widget-align-center\" data-services=\"facebook%7Ctwitter\" data-url=\"https%3A%2F%2Fwolfsmonitor.de%2F%3Fp%3D2920\" data-timestamp=\"1459342365\" data-backendurl=\"?rest_route=\/shariff\/v1\/share_counts&\"><ul class=\"shariff-buttons theme-color orientation-horizontal buttonsize-small\"><li class=\"shariff-button facebook shariff-nocustomcolor\" style=\"background-color:#4273c8\"><a href=\"https:\/\/www.facebook.com\/sharer\/sharer.php?u=https%3A%2F%2Fwolfsmonitor.de%2F%3Fp%3D2920\" title=\"Bei Facebook teilen\" aria-label=\"Bei Facebook teilen\" role=\"button\" rel=\"nofollow\" class=\"shariff-link\" style=\"; background-color:#3b5998; color:#fff\" target=\"_blank\"><span class=\"shariff-icon\" style=\"\"><svg width=\"32px\" height=\"20px\" xmlns=\"http:\/\/www.w3.org\/2000\/svg\" viewBox=\"0 0 18 32\"><path fill=\"#3b5998\" d=\"M17.1 0.2v4.7h-2.8q-1.5 0-2.1 0.6t-0.5 1.9v3.4h5.2l-0.7 5.3h-4.5v13.6h-5.5v-13.6h-4.5v-5.3h4.5v-3.9q0-3.3 1.9-5.2t5-1.8q2.6 0 4.1 0.2z\"\/><\/svg><\/span><span class=\"shariff-text\">teilen<\/span>&nbsp;<span data-service=\"facebook\" style=\"color:#3b5998\" class=\"shariff-count shariff-hidezero\"><\/span>&nbsp;<\/a><\/li><li class=\"shariff-button twitter shariff-nocustomcolor\" style=\"background-color:#32bbf5\"><a href=\"https:\/\/twitter.com\/share?url=https%3A%2F%2Fwolfsmonitor.de%2F%3Fp%3D2920&text=Gr%C3%BCne%20positionieren%20sich%20zu%20W%C3%B6lfen%20in%20Deutschland%21\" title=\"Bei Twitter teilen\" aria-label=\"Bei Twitter teilen\" role=\"button\" rel=\"noopener nofollow\" class=\"shariff-link\" style=\"; background-color:#55acee; color:#fff\" target=\"_blank\"><span class=\"shariff-icon\" style=\"\"><svg width=\"32px\" height=\"20px\" xmlns=\"http:\/\/www.w3.org\/2000\/svg\" viewBox=\"0 0 30 32\"><path fill=\"#55acee\" d=\"M29.7 6.8q-1.2 1.8-3 3.1 0 0.3 0 0.8 0 2.5-0.7 4.9t-2.2 4.7-3.5 4-4.9 2.8-6.1 1q-5.1 0-9.3-2.7 0.6 0.1 1.5 0.1 4.3 0 7.6-2.6-2-0.1-3.5-1.2t-2.2-3q0.6 0.1 1.1 0.1 0.8 0 1.6-0.2-2.1-0.4-3.5-2.1t-1.4-3.9v-0.1q1.3 0.7 2.8 0.8-1.2-0.8-2-2.2t-0.7-2.9q0-1.7 0.8-3.1 2.3 2.8 5.5 4.5t7 1.9q-0.2-0.7-0.2-1.4 0-2.5 1.8-4.3t4.3-1.8q2.7 0 4.5 1.9 2.1-0.4 3.9-1.5-0.7 2.2-2.7 3.4 1.8-0.2 3.5-0.9z\"\/><\/svg><\/span><span class=\"shariff-text\">twittern<\/span>&nbsp;<span data-service=\"twitter\" style=\"color:#55acee\" class=\"shariff-count shariff-hidezero\"><\/span>&nbsp;<\/a><\/li><li class=\"shariff-button rss shariff-nocustomcolor\" style=\"background-color:#ff8c00\"><a href=\"https:\/\/wolfsmonitor.de\/?feed=rss\" title=\"RSS-feed\" aria-label=\"RSS-feed\" role=\"button\" class=\"shariff-link\" style=\"; background-color:#fe9312; color:#fff\" target=\"_blank\"><span class=\"shariff-icon\" style=\"\"><svg width=\"32px\" height=\"20px\" xmlns=\"http:\/\/www.w3.org\/2000\/svg\" viewBox=\"0 0 32 32\"><path fill=\"#fe9312\" d=\"M4.3 23.5c-2.3 0-4.3 1.9-4.3 4.3 0 2.3 1.9 4.2 4.3 4.2 2.4 0 4.3-1.9 4.3-4.2 0-2.3-1.9-4.3-4.3-4.3zM0 10.9v6.1c4 0 7.7 1.6 10.6 4.4 2.8 2.8 4.4 6.6 4.4 10.6h6.2c0-11.7-9.5-21.1-21.1-21.1zM0 0v6.1c14.2 0 25.8 11.6 25.8 25.9h6.2c0-17.6-14.4-32-32-32z\"\/><\/svg><\/span><span class=\"shariff-text\">RSS-feed<\/span>&nbsp;<\/a><\/li><li class=\"shariff-button mailto shariff-nocustomcolor\" style=\"background-color:#a8a8a8\"><a href=\"mailto:?body=https%3A%2F%2Fwolfsmonitor.de%2F%3Fp%3D2920&subject=Gr%C3%BCne%20positionieren%20sich%20zu%20W%C3%B6lfen%20in%20Deutschland%21\" title=\"Per E-Mail versenden\" aria-label=\"Per E-Mail versenden\" role=\"button\" rel=\"noopener nofollow\" class=\"shariff-link\" style=\"; background-color:#999; color:#fff\"><span class=\"shariff-icon\" style=\"\"><svg width=\"32px\" height=\"20px\" xmlns=\"http:\/\/www.w3.org\/2000\/svg\" viewBox=\"0 0 32 32\"><path fill=\"#999\" d=\"M32 12.7v14.2q0 1.2-0.8 2t-2 0.9h-26.3q-1.2 0-2-0.9t-0.8-2v-14.2q0.8 0.9 1.8 1.6 6.5 4.4 8.9 6.1 1 0.8 1.6 1.2t1.7 0.9 2 0.4h0.1q0.9 0 2-0.4t1.7-0.9 1.6-1.2q3-2.2 8.9-6.1 1-0.7 1.8-1.6zM32 7.4q0 1.4-0.9 2.7t-2.2 2.2q-6.7 4.7-8.4 5.8-0.2 0.1-0.7 0.5t-1 0.7-0.9 0.6-1.1 0.5-0.9 0.2h-0.1q-0.4 0-0.9-0.2t-1.1-0.5-0.9-0.6-1-0.7-0.7-0.5q-1.6-1.1-4.7-3.2t-3.6-2.6q-1.1-0.7-2.1-2t-1-2.5q0-1.4 0.7-2.3t2.1-0.9h26.3q1.2 0 2 0.8t0.9 2z\"\/><\/svg><\/span><span class=\"shariff-text\">E-Mail<\/span>&nbsp;<\/a><\/li><li class=\"shariff-button info shariff-nocustomcolor\" style=\"background-color:#a8a8a8\"><a href=\"http:\/\/ct.de\/-2467514\" title=\"Weitere Informationen\" aria-label=\"Weitere Informationen\" role=\"button\" rel=\"noopener \" class=\"shariff-link\" style=\"; background-color:#999; color:#fff\" target=\"_blank\"><span class=\"shariff-icon\" style=\"\"><svg width=\"32px\" height=\"20px\" xmlns=\"http:\/\/www.w3.org\/2000\/svg\" viewBox=\"0 0 11 32\"><path fill=\"#999\" d=\"M11.4 24v2.3q0 0.5-0.3 0.8t-0.8 0.4h-9.1q-0.5 0-0.8-0.4t-0.4-0.8v-2.3q0-0.5 0.4-0.8t0.8-0.4h1.1v-6.8h-1.1q-0.5 0-0.8-0.4t-0.4-0.8v-2.3q0-0.5 0.4-0.8t0.8-0.4h6.8q0.5 0 0.8 0.4t0.4 0.8v10.3h1.1q0.5 0 0.8 0.4t0.3 0.8zM9.2 3.4v3.4q0 0.5-0.4 0.8t-0.8 0.4h-4.6q-0.4 0-0.8-0.4t-0.4-0.8v-3.4q0-0.4 0.4-0.8t0.8-0.4h4.6q0.5 0 0.8 0.4t0.4 0.8z\"\/><\/svg><\/span><\/a><\/li><\/ul><\/div>","protected":false},"author":1,"featured_media":2553,"comment_status":"open","ping_status":"open","sticky":false,"template":"","format":"standard","meta":{"spay_email":""},"categories":[5],"tags":[2409,1829,977,2411,2405,177,2410,2407,2412,2406,2408],"jetpack_featured_media_url":"https:\/\/i2.wp.com\/wolfsmonitor.de\/wp-content\/uploads\/2016\/02\/Hintergrund-2016.jpg?fit=518%2C494&ssl=1","jetpack_shortlink":"https:\/\/wp.me\/p61YbU-L6","jetpack-related-posts":[{"id":6079,"url":"https:\/\/wolfsmonitor.de\/?p=6079","url_meta":{"origin":2920,"position":0},"title":"Verabschiedung einer \"Dresdener Wolfsresolution\" durch CDU- und CSU-Politiker","date":"17. November 2016","format":false,"excerpt":"Am 16. November tagten die umweltpolitischen Sprecher der CDU\/CSU-Fraktionen von Bund und L\u00e4ndern in Dresden. Zum Management des Wolfes in Deutschland wurde dort eine gemeinsame Resolution verabschiedet (die Pressemeldung der CDU-Fraktion des S\u00e4chsischen Landtages dazu im Wortlaut): \"Mehr Verantwortung von Bund und EU beim Wolf gefordert\" \u2013 CDU\/CSU-Umweltpolitiker fordern bei\u2026","rel":"","context":"In &quot;Presseinformationen&quot;","img":{"alt_text":"Foto: Naturfotograf Heiko Anders","src":"https:\/\/i0.wp.com\/wolfsmonitor.de\/wp-content\/uploads\/2016\/05\/HA-Beitragsfoto-Presseinfo-1.jpg?fit=623%2C415&ssl=1&resize=350%2C200","width":350,"height":200},"classes":[]},{"id":6426,"url":"https:\/\/wolfsmonitor.de\/?p=6426","url_meta":{"origin":2920,"position":1},"title":"NABU fordert klares Bekenntnis zum Wolfsschutz von Politik und Verb\u00e4nden","date":"4. Dezember 2016","format":false,"excerpt":"NABU-PRESSEMITTEILUNG NR.142\/16 vom 2.Dezember 2016 (im Wortlaut): NABU fordert klares Bekenntnis zum Schutz des Wolfes Miller: Debatten \u00fcber Aufweichung des Schutzstatus sind unn\u00f6tig Berlin \u2013 Der NABU h\u00e4lt die in den vergangenen Wochen von Politikern der CDU\/CSU und verschiedenen Interessenverb\u00e4nden der Nutztierhalter und J\u00e4ger gef\u00fchrte \u00f6ffentliche Debatte zur Aufweichung des\u2026","rel":"","context":"In &quot;Presseinformationen&quot;","img":{"alt_text":"Wolf im Tierpark (Foto: Vogler)","src":"https:\/\/i0.wp.com\/wolfsmonitor.de\/wp-content\/uploads\/2016\/09\/Beitragsfoto-PI-PM.jpg?fit=752%2C497&ssl=1&resize=350%2C200","width":350,"height":200},"classes":[]},{"id":3265,"url":"https:\/\/wolfsmonitor.de\/?p=3265","url_meta":{"origin":2920,"position":2},"title":"Wolfsabschuss offenbart ein Dilemma","date":"29. April 2016","format":false,"excerpt":"Mit dem ersten legalen Abschuss eines Wolfes in Deutschland wurde \u00a0- so der Eindruck, wenn man heute die offiziellen Reaktionen in der Presse dar\u00fcber liest - scheinbar ein sehr dringliches Problem \u201egel\u00f6st\u201c. Mehrfach ist zu lesen, dass mit der \u201eletalen Entnahme\u201c des Wolfes nun die gef\u00e4hrdete Akzeptanz in der Bev\u00f6lkerung\u2026","rel":"","context":"In &quot;Standpunkte&quot;","img":{"alt_text":"Wolf im Tierpark Nordhorn","src":"https:\/\/i1.wp.com\/wolfsmonitor.de\/wp-content\/uploads\/2015\/04\/WM-Kommentar.jpg?fit=512%2C442&ssl=1&resize=350%2C200","width":350,"height":200},"classes":[]},{"id":5142,"url":"https:\/\/wolfsmonitor.de\/?p=5142","url_meta":{"origin":2920,"position":3},"title":"NABU: Eigenst\u00e4ndige R\u00fcckkehr der W\u00f6lfe Erfolgsgeschichte des Naturschutzes","date":"24. September 2016","format":false,"excerpt":"Die aktuellen Monitoring-Zahlen des Wolfsjahres 2015\/16 (Mai 2015 bis April 2016), die das Bundesamt f\u00fcr Naturschutz (BfN) gestern im Rahmen einer Pressekonferenz vorstellte (46 Rudel, 15 Paare und vier sesshafte Einzeltiere - Wolfsmonitor berichtete: hier!), kommentierte der Naturschutzbund Deutschlands (NABU) in einer eigenen Pressemitteilung wie folgt (im Wortlaut): NABU: Wolfsschutz\u2026","rel":"","context":"In &quot;Presseinformationen&quot;","img":{"alt_text":"Foto: Naturfotograf Heiko Anders","src":"https:\/\/i0.wp.com\/wolfsmonitor.de\/wp-content\/uploads\/2016\/05\/HA-Beitragsfoto-Presseinfo-1.jpg?fit=623%2C415&ssl=1&resize=350%2C200","width":350,"height":200},"classes":[]},{"id":3287,"url":"https:\/\/wolfsmonitor.de\/?p=3287","url_meta":{"origin":2920,"position":4},"title":"NABU zieht am heutigen \"Tag des Wolfes\" eine gemischte Bilanz","date":"30. April 2016","format":false,"excerpt":"Der Naturschutzbund Deutschland (NABU) informiert (im Wortlaut): \"Zum Tag des Wolfes (30.4.) hat der NABU eine gemischte Bilanz zur Situation frei lebender W\u00f6lfe in Deutschland gezogen. Die Bestandsentwicklung mit aktuell 40 Wolfsfamilien bundesweit sei erfreulich, das Wolfs-Management noch nicht ausreichend. Hauptrisiko Nummer Eins f\u00fcr den Wolf ist nach wie vor\u2026","rel":"","context":"In &quot;Hintergr\u00fcnde&quot;","img":{"alt_text":"Wolf im TP Nordhorn (Foto: Vogler)","src":"https:\/\/i2.wp.com\/wolfsmonitor.de\/wp-content\/uploads\/2016\/02\/Hintergrund-2016.jpg?fit=518%2C494&ssl=1&resize=350%2C200","width":350,"height":200},"classes":[]},{"id":3222,"url":"https:\/\/wolfsmonitor.de\/?p=3222","url_meta":{"origin":2920,"position":5},"title":"Der WWF sieht \"letale Entnahme\" in diesem Fall als einzige Option","date":"27. April 2016","format":false,"excerpt":"WWF-Stellungnahme vom 27. April zur geplanten Entnahme durch das nieders\u00e4chsische Umweltministerium (im Wortlaut):\u00a0 Das nieders\u00e4chsische Umweltministerium hat entschieden, einen auff\u00e4llig gewordenen Wolf wenn m\u00f6glich einzufangen und in ein Gehege zu bringen. Der mit einem Sender ausgestattete Wolf (\u201eMT6\u201c) hatte sich im Verlauf der letzten Monate wiederholt Menschen mit Hunden gen\u00e4hert.\u2026","rel":"","context":"In &quot;Aktuell&quot;","img":{"alt_text":"Stehender Wolf im Tierpark Nordhorn (Foto: Vogler)","src":"https:\/\/i0.wp.com\/wolfsmonitor.de\/wp-content\/uploads\/2016\/03\/Beitragsfoto-Aktuell.jpg?fit=592%2C507&ssl=1&resize=350%2C200","width":350,"height":200},"classes":[]}],"_links":{"self":[{"href":"https:\/\/wolfsmonitor.de\/index.php?rest_route=\/wp\/v2\/posts\/2920"}],"collection":[{"href":"https:\/\/wolfsmonitor.de\/index.php?rest_route=\/wp\/v2\/posts"}],"about":[{"href":"https:\/\/wolfsmonitor.de\/index.php?rest_route=\/wp\/v2\/types\/post"}],"author":[{"embeddable":true,"href":"https:\/\/wolfsmonitor.de\/index.php?rest_route=\/wp\/v2\/users\/1"}],"replies":[{"embeddable":true,"href":"https:\/\/wolfsmonitor.de\/index.php?rest_route=%2Fwp%2Fv2%2Fcomments&post=2920"}],"version-history":[{"count":5,"href":"https:\/\/wolfsmonitor.de\/index.php?rest_route=\/wp\/v2\/posts\/2920\/revisions"}],"predecessor-version":[{"id":2927,"href":"https:\/\/wolfsmonitor.de\/index.php?rest_route=\/wp\/v2\/posts\/2920\/revisions\/2927"}],"wp:featuredmedia":[{"embeddable":true,"href":"https:\/\/wolfsmonitor.de\/index.php?rest_route=\/wp\/v2\/media\/2553"}],"wp:attachment":[{"href":"https:\/\/wolfsmonitor.de\/index.php?rest_route=%2Fwp%2Fv2%2Fmedia&parent=2920"}],"wp:term":[{"taxonomy":"category","embeddable":true,"href":"https:\/\/wolfsmonitor.de\/index.php?rest_route=%2Fwp%2Fv2%2Fcategories&post=2920"},{"taxonomy":"post_tag","embeddable":true,"href":"https:\/\/wolfsmonitor.de\/index.php?rest_route=%2Fwp%2Fv2%2Ftags&post=2920"}],"curies":[{"name":"wp","href":"https:\/\/api.w.org\/{rel}","templated":true}]}}