{"id":3085,"date":"2016-04-17T19:38:20","date_gmt":"2016-04-17T17:38:20","guid":{"rendered":"http:\/\/wolfsmonitor.de\/?p=3085"},"modified":"2016-04-17T19:50:02","modified_gmt":"2016-04-17T17:50:02","slug":"jagd-auf-woelfe-nur-eine-frage-der-zeit","status":"publish","type":"post","link":"https:\/\/wolfsmonitor.de\/?p=3085","title":{"rendered":"Jagd auf W\u00f6lfe nur eine Frage der Zeit?"},"content":{"rendered":"<p><strong>Offen wollte er sich nicht mit den Wolfsfreunden anlegen und deshalb hielt sich L\u00fcchow-Dannenbergs Kreisj\u00e4germeister Gebhard Sch\u00fcssler beim Thema Wolf bedeckt, als er der J\u00e4gerschaft den letztj\u00e4hrigen Streckenbericht pr\u00e4sentierte.<\/strong><\/p>\n<p>Gleichzeitig zeigte er dabei ein Bild eines Muffel-Widders. Daneben stand \u201eIch muss gehen \u2013 der Wolf kommt\u201c.<\/p>\n<p>Sch\u00fcssler hielt sich also bedeckt. Aus Furcht vor einem m\u00f6glichen Proteststurm der Wolfsfreunde, hei\u00dft es. Oder sogar Schlimmeres.<!--more--><\/p>\n<p>So beschreibt es die \u201eaz-online.de\u201c in einem Bericht am 17. April \u00fcber eine J\u00e4gerschafts-Veranstaltung in L\u00fcchow-Dannenberg. (*1)<\/p>\n<h4><strong>Kommentar:<\/strong><\/h4>\n<p>Das ist die eigentliche und h\u00f6chst bedenkliche Botschaft des Artikels: Jemand traut sich nicht, seine Meinung offen auszusprechen, weil er daraufhin bedrohliche Reaktionen Andersdenkender f\u00fcrchtet.<\/p>\n<p>Berechtigt oder unberechtigt?<\/p>\n<p>Egal!<\/p>\n<p>Bedenklich? Allemal!<\/p>\n<p>Gerade an Tagen wie diesen sollte es darum gehen, den gesellschaftlichen Stellenwert der Meinungsfreiheit nicht nur wertzusch\u00e4tzen, sondern offensiv zu verteidigen und angstfrei zu leben.<\/p>\n<p>Die Reaktionen auf seine ge\u00e4u\u00dferte Meinung muss man einfach aushalten. Das erfordert vielleicht etwas Mut, allerdings wird erst so\u00a0 &#8211; durch Widerspruch &#8211; ein ernsthafter demokratischer und sachlicher Diskurs m\u00f6glich.<\/p>\n<p>Nur der Respekt sollte dabei nicht auf der Strecke bleiben. Ein gewisser Herr B\u00f6hmermann l\u00e4sst gr\u00fc\u00dfen.<\/p>\n<h4><strong>Landtagsabgeordnete werden deutlicher<\/strong><\/h4>\n<p>Etwas weniger zur\u00fcckhaltend und entsprechend deutlicher als Gebhard Sch\u00fcssler war an diesem Abend der nieders\u00e4chsische Landtagsabgeordnete und agrarpolitische Sprecher der CDU-Fraktion Helmut Dammann-Tamke.<\/p>\n<p>Er warnte, wenn die Wachstumsprognosen der Wolfspopulation stimmten, g\u00e4be es im Jahr 2025 rund 4500 W\u00f6lfe in Deutschland. Seine Fantasie reiche nicht, dass die Bev\u00f6lkerung auf dem Land das akzeptiere. Deshalb m\u00fcsse gegengesteuert werden.<\/p>\n<p>Ich meine: Wenn die Prognosen einiger Wahlforschungsinstitute stimmen und sich die Zustimmung zu den gro\u00dfen Volksparteien in der gleichen Geschwindigkeit wie zuletzt verringert, dann d\u00fcrfte es im Jahr 2025 gar keine Volksparteien mehr in Deutschland geben.<\/p>\n<p>Weder die eine noch die andere dieser Aussagen kann als seri\u00f6se Prognose gelten, denn weder so noch so wird es aller Voraussicht nach kommen.<\/p>\n<p>CDU-Landtagsabgeordnete Karin Bertholdes-Sandrock wurde dann gleichsam noch etwas deutlicher als ihr Kollege Damman-Tamke, der das Wort \u201eAbschuss\u201c \u00fcbrigens vermied.<\/p>\n<p>Die Aufnahme des Wolfes ins Jagdrecht sei nur eine Frage der Zeit, meinte sie. Die R\u00fcckkehr des Wolfes habe durchaus ihren Reiz. Jedoch nur, wenn sie kontrolliert stattfinde, wenn man sie also begrenze, so die Politikerin.<\/p>\n<p>Davon jedoch war bei der Abstimmung im nieders\u00e4chsischen Landtag Mitte letzter Woche pl\u00f6tzlich keine Rede mehr.<\/p>\n<p>Die CDU votierte gegen den Antrag der FDP, den Wolf in das nieders\u00e4chsische Jagdrecht aufzunehmen.<\/p>\n<p>Die pers\u00f6nliche Meinungsfreiheit ist halt das eine, der politische Fraktionszwang scheinbar jedoch etwas ganz anderes.<\/p>\n<p>Einige L\u00fcchow-Dannenberger d\u00fcrften sich verwundert die Augen gerieben haben.<\/p>\n<p>Herzlichst<\/p>\n<p>Ihr<\/p>\n<p>J\u00fcrgen Vogler<br \/>\n<img loading=\"lazy\" src=\"http:\/\/vg01.met.vgwort.de\/na\/5d86655d33654e97a81549b99e0cba04\" alt=\"\" width=\"1\" height=\"1\" \/><\/p>\n<hr \/>\n<p><em> (Quelle: (*1) az-online.de, www.az-online.de, Artikel vom 17.04.2016: &#8222;Wolfsjagd &#8211; nur eine Zeitfrage?&#8220;, abgerufen am 17.04.2016, <span style=\"color: #0000ff;\"><a style=\"color: #0000ff;\" title=\"az-online, 17.4.2016\" href=\"http:\/\/www.az-online.de\/uelzen\/stadt-uelzen\/wolfsjagd-eine-zeitfrage-6315269.html\" target=\"_blank\">hier der Link!)<\/a><\/span><\/em><\/p>\n<div class=\"shariff shariff-align-center shariff-widget-align-center\" data-services=\"facebook%7Ctwitter\" data-url=\"https%3A%2F%2Fwolfsmonitor.de%2F%3Fp%3D3085\" data-timestamp=\"1460922602\" data-backendurl=\"?rest_route=\/shariff\/v1\/share_counts&\"><ul class=\"shariff-buttons theme-color orientation-horizontal buttonsize-small\"><li class=\"shariff-button facebook shariff-nocustomcolor\" style=\"background-color:#4273c8\"><a href=\"https:\/\/www.facebook.com\/sharer\/sharer.php?u=https%3A%2F%2Fwolfsmonitor.de%2F%3Fp%3D3085\" title=\"Bei Facebook teilen\" aria-label=\"Bei Facebook teilen\" role=\"button\" rel=\"nofollow\" class=\"shariff-link\" style=\"; background-color:#3b5998; color:#fff\" target=\"_blank\"><span class=\"shariff-icon\" style=\"\"><svg width=\"32px\" height=\"20px\" xmlns=\"http:\/\/www.w3.org\/2000\/svg\" viewBox=\"0 0 18 32\"><path fill=\"#3b5998\" d=\"M17.1 0.2v4.7h-2.8q-1.5 0-2.1 0.6t-0.5 1.9v3.4h5.2l-0.7 5.3h-4.5v13.6h-5.5v-13.6h-4.5v-5.3h4.5v-3.9q0-3.3 1.9-5.2t5-1.8q2.6 0 4.1 0.2z\"\/><\/svg><\/span><span class=\"shariff-text\">teilen<\/span>&nbsp;<span data-service=\"facebook\" style=\"color:#3b5998\" class=\"shariff-count shariff-hidezero\"><\/span>&nbsp;<\/a><\/li><li class=\"shariff-button twitter shariff-nocustomcolor\" style=\"background-color:#32bbf5\"><a href=\"https:\/\/twitter.com\/share?url=https%3A%2F%2Fwolfsmonitor.de%2F%3Fp%3D3085&text=Jagd%20auf%20W%C3%B6lfe%20nur%20eine%20Frage%20der%20Zeit%3F\" title=\"Bei Twitter teilen\" aria-label=\"Bei Twitter teilen\" role=\"button\" rel=\"noopener nofollow\" class=\"shariff-link\" style=\"; background-color:#55acee; color:#fff\" target=\"_blank\"><span class=\"shariff-icon\" style=\"\"><svg width=\"32px\" height=\"20px\" xmlns=\"http:\/\/www.w3.org\/2000\/svg\" viewBox=\"0 0 30 32\"><path fill=\"#55acee\" d=\"M29.7 6.8q-1.2 1.8-3 3.1 0 0.3 0 0.8 0 2.5-0.7 4.9t-2.2 4.7-3.5 4-4.9 2.8-6.1 1q-5.1 0-9.3-2.7 0.6 0.1 1.5 0.1 4.3 0 7.6-2.6-2-0.1-3.5-1.2t-2.2-3q0.6 0.1 1.1 0.1 0.8 0 1.6-0.2-2.1-0.4-3.5-2.1t-1.4-3.9v-0.1q1.3 0.7 2.8 0.8-1.2-0.8-2-2.2t-0.7-2.9q0-1.7 0.8-3.1 2.3 2.8 5.5 4.5t7 1.9q-0.2-0.7-0.2-1.4 0-2.5 1.8-4.3t4.3-1.8q2.7 0 4.5 1.9 2.1-0.4 3.9-1.5-0.7 2.2-2.7 3.4 1.8-0.2 3.5-0.9z\"\/><\/svg><\/span><span class=\"shariff-text\">twittern<\/span>&nbsp;<span data-service=\"twitter\" style=\"color:#55acee\" class=\"shariff-count shariff-hidezero\"><\/span>&nbsp;<\/a><\/li><li class=\"shariff-button rss shariff-nocustomcolor\" style=\"background-color:#ff8c00\"><a href=\"https:\/\/wolfsmonitor.de\/?feed=rss\" title=\"RSS-feed\" aria-label=\"RSS-feed\" role=\"button\" class=\"shariff-link\" style=\"; background-color:#fe9312; color:#fff\" target=\"_blank\"><span class=\"shariff-icon\" style=\"\"><svg width=\"32px\" height=\"20px\" xmlns=\"http:\/\/www.w3.org\/2000\/svg\" viewBox=\"0 0 32 32\"><path fill=\"#fe9312\" d=\"M4.3 23.5c-2.3 0-4.3 1.9-4.3 4.3 0 2.3 1.9 4.2 4.3 4.2 2.4 0 4.3-1.9 4.3-4.2 0-2.3-1.9-4.3-4.3-4.3zM0 10.9v6.1c4 0 7.7 1.6 10.6 4.4 2.8 2.8 4.4 6.6 4.4 10.6h6.2c0-11.7-9.5-21.1-21.1-21.1zM0 0v6.1c14.2 0 25.8 11.6 25.8 25.9h6.2c0-17.6-14.4-32-32-32z\"\/><\/svg><\/span><span class=\"shariff-text\">RSS-feed<\/span>&nbsp;<\/a><\/li><li class=\"shariff-button mailto shariff-nocustomcolor\" style=\"background-color:#a8a8a8\"><a href=\"mailto:?body=https%3A%2F%2Fwolfsmonitor.de%2F%3Fp%3D3085&subject=Jagd%20auf%20W%C3%B6lfe%20nur%20eine%20Frage%20der%20Zeit%3F\" title=\"Per E-Mail versenden\" aria-label=\"Per E-Mail versenden\" role=\"button\" rel=\"noopener nofollow\" class=\"shariff-link\" style=\"; background-color:#999; color:#fff\"><span class=\"shariff-icon\" style=\"\"><svg width=\"32px\" height=\"20px\" xmlns=\"http:\/\/www.w3.org\/2000\/svg\" viewBox=\"0 0 32 32\"><path fill=\"#999\" d=\"M32 12.7v14.2q0 1.2-0.8 2t-2 0.9h-26.3q-1.2 0-2-0.9t-0.8-2v-14.2q0.8 0.9 1.8 1.6 6.5 4.4 8.9 6.1 1 0.8 1.6 1.2t1.7 0.9 2 0.4h0.1q0.9 0 2-0.4t1.7-0.9 1.6-1.2q3-2.2 8.9-6.1 1-0.7 1.8-1.6zM32 7.4q0 1.4-0.9 2.7t-2.2 2.2q-6.7 4.7-8.4 5.8-0.2 0.1-0.7 0.5t-1 0.7-0.9 0.6-1.1 0.5-0.9 0.2h-0.1q-0.4 0-0.9-0.2t-1.1-0.5-0.9-0.6-1-0.7-0.7-0.5q-1.6-1.1-4.7-3.2t-3.6-2.6q-1.1-0.7-2.1-2t-1-2.5q0-1.4 0.7-2.3t2.1-0.9h26.3q1.2 0 2 0.8t0.9 2z\"\/><\/svg><\/span><span class=\"shariff-text\">E-Mail<\/span>&nbsp;<\/a><\/li><li class=\"shariff-button info shariff-nocustomcolor\" style=\"background-color:#a8a8a8\"><a href=\"http:\/\/ct.de\/-2467514\" title=\"Weitere Informationen\" aria-label=\"Weitere Informationen\" role=\"button\" rel=\"noopener \" class=\"shariff-link\" style=\"; background-color:#999; color:#fff\" target=\"_blank\"><span class=\"shariff-icon\" style=\"\"><svg width=\"32px\" height=\"20px\" xmlns=\"http:\/\/www.w3.org\/2000\/svg\" viewBox=\"0 0 11 32\"><path fill=\"#999\" d=\"M11.4 24v2.3q0 0.5-0.3 0.8t-0.8 0.4h-9.1q-0.5 0-0.8-0.4t-0.4-0.8v-2.3q0-0.5 0.4-0.8t0.8-0.4h1.1v-6.8h-1.1q-0.5 0-0.8-0.4t-0.4-0.8v-2.3q0-0.5 0.4-0.8t0.8-0.4h6.8q0.5 0 0.8 0.4t0.4 0.8v10.3h1.1q0.5 0 0.8 0.4t0.3 0.8zM9.2 3.4v3.4q0 0.5-0.4 0.8t-0.8 0.4h-4.6q-0.4 0-0.8-0.4t-0.4-0.8v-3.4q0-0.4 0.4-0.8t0.8-0.4h4.6q0.5 0 0.8 0.4t0.4 0.8z\"\/><\/svg><\/span><\/a><\/li><\/ul><\/div>","protected":false},"excerpt":{"rendered":"<p>Offen wollte er sich nicht mit den Wolfsfreunden anlegen und deshalb hielt sich L\u00fcchow-Dannenbergs Kreisj\u00e4germeister Gebhard Sch\u00fcssler beim Thema Wolf bedeckt, als er der J\u00e4gerschaft den letztj\u00e4hrigen Streckenbericht pr\u00e4sentierte. Gleichzeitig zeigte er dabei ein Bild eines Muffel-Widders. Daneben stand \u201eIch muss gehen \u2013 der Wolf kommt\u201c. Sch\u00fcssler hielt sich also bedeckt. Aus Furcht vor einem [&hellip;]<\/p>\n<div class=\"shariff shariff-align-center shariff-widget-align-center\" data-services=\"facebook%7Ctwitter\" data-url=\"https%3A%2F%2Fwolfsmonitor.de%2F%3Fp%3D3085\" data-timestamp=\"1460922602\" data-backendurl=\"?rest_route=\/shariff\/v1\/share_counts&\"><ul class=\"shariff-buttons theme-color orientation-horizontal buttonsize-small\"><li class=\"shariff-button facebook shariff-nocustomcolor\" style=\"background-color:#4273c8\"><a href=\"https:\/\/www.facebook.com\/sharer\/sharer.php?u=https%3A%2F%2Fwolfsmonitor.de%2F%3Fp%3D3085\" title=\"Bei Facebook teilen\" aria-label=\"Bei Facebook teilen\" role=\"button\" rel=\"nofollow\" class=\"shariff-link\" style=\"; background-color:#3b5998; color:#fff\" target=\"_blank\"><span class=\"shariff-icon\" style=\"\"><svg width=\"32px\" height=\"20px\" xmlns=\"http:\/\/www.w3.org\/2000\/svg\" viewBox=\"0 0 18 32\"><path fill=\"#3b5998\" d=\"M17.1 0.2v4.7h-2.8q-1.5 0-2.1 0.6t-0.5 1.9v3.4h5.2l-0.7 5.3h-4.5v13.6h-5.5v-13.6h-4.5v-5.3h4.5v-3.9q0-3.3 1.9-5.2t5-1.8q2.6 0 4.1 0.2z\"\/><\/svg><\/span><span class=\"shariff-text\">teilen<\/span>&nbsp;<span data-service=\"facebook\" style=\"color:#3b5998\" class=\"shariff-count shariff-hidezero\"><\/span>&nbsp;<\/a><\/li><li class=\"shariff-button twitter shariff-nocustomcolor\" style=\"background-color:#32bbf5\"><a href=\"https:\/\/twitter.com\/share?url=https%3A%2F%2Fwolfsmonitor.de%2F%3Fp%3D3085&text=Jagd%20auf%20W%C3%B6lfe%20nur%20eine%20Frage%20der%20Zeit%3F\" title=\"Bei Twitter teilen\" aria-label=\"Bei Twitter teilen\" role=\"button\" rel=\"noopener nofollow\" class=\"shariff-link\" style=\"; background-color:#55acee; color:#fff\" target=\"_blank\"><span class=\"shariff-icon\" style=\"\"><svg width=\"32px\" height=\"20px\" xmlns=\"http:\/\/www.w3.org\/2000\/svg\" viewBox=\"0 0 30 32\"><path fill=\"#55acee\" d=\"M29.7 6.8q-1.2 1.8-3 3.1 0 0.3 0 0.8 0 2.5-0.7 4.9t-2.2 4.7-3.5 4-4.9 2.8-6.1 1q-5.1 0-9.3-2.7 0.6 0.1 1.5 0.1 4.3 0 7.6-2.6-2-0.1-3.5-1.2t-2.2-3q0.6 0.1 1.1 0.1 0.8 0 1.6-0.2-2.1-0.4-3.5-2.1t-1.4-3.9v-0.1q1.3 0.7 2.8 0.8-1.2-0.8-2-2.2t-0.7-2.9q0-1.7 0.8-3.1 2.3 2.8 5.5 4.5t7 1.9q-0.2-0.7-0.2-1.4 0-2.5 1.8-4.3t4.3-1.8q2.7 0 4.5 1.9 2.1-0.4 3.9-1.5-0.7 2.2-2.7 3.4 1.8-0.2 3.5-0.9z\"\/><\/svg><\/span><span class=\"shariff-text\">twittern<\/span>&nbsp;<span data-service=\"twitter\" style=\"color:#55acee\" class=\"shariff-count shariff-hidezero\"><\/span>&nbsp;<\/a><\/li><li class=\"shariff-button rss shariff-nocustomcolor\" style=\"background-color:#ff8c00\"><a href=\"https:\/\/wolfsmonitor.de\/?feed=rss\" title=\"RSS-feed\" aria-label=\"RSS-feed\" role=\"button\" class=\"shariff-link\" style=\"; background-color:#fe9312; color:#fff\" target=\"_blank\"><span class=\"shariff-icon\" style=\"\"><svg width=\"32px\" height=\"20px\" xmlns=\"http:\/\/www.w3.org\/2000\/svg\" viewBox=\"0 0 32 32\"><path fill=\"#fe9312\" d=\"M4.3 23.5c-2.3 0-4.3 1.9-4.3 4.3 0 2.3 1.9 4.2 4.3 4.2 2.4 0 4.3-1.9 4.3-4.2 0-2.3-1.9-4.3-4.3-4.3zM0 10.9v6.1c4 0 7.7 1.6 10.6 4.4 2.8 2.8 4.4 6.6 4.4 10.6h6.2c0-11.7-9.5-21.1-21.1-21.1zM0 0v6.1c14.2 0 25.8 11.6 25.8 25.9h6.2c0-17.6-14.4-32-32-32z\"\/><\/svg><\/span><span class=\"shariff-text\">RSS-feed<\/span>&nbsp;<\/a><\/li><li class=\"shariff-button mailto shariff-nocustomcolor\" style=\"background-color:#a8a8a8\"><a href=\"mailto:?body=https%3A%2F%2Fwolfsmonitor.de%2F%3Fp%3D3085&subject=Jagd%20auf%20W%C3%B6lfe%20nur%20eine%20Frage%20der%20Zeit%3F\" title=\"Per E-Mail versenden\" aria-label=\"Per E-Mail versenden\" role=\"button\" rel=\"noopener nofollow\" class=\"shariff-link\" style=\"; background-color:#999; color:#fff\"><span class=\"shariff-icon\" style=\"\"><svg width=\"32px\" height=\"20px\" xmlns=\"http:\/\/www.w3.org\/2000\/svg\" viewBox=\"0 0 32 32\"><path fill=\"#999\" d=\"M32 12.7v14.2q0 1.2-0.8 2t-2 0.9h-26.3q-1.2 0-2-0.9t-0.8-2v-14.2q0.8 0.9 1.8 1.6 6.5 4.4 8.9 6.1 1 0.8 1.6 1.2t1.7 0.9 2 0.4h0.1q0.9 0 2-0.4t1.7-0.9 1.6-1.2q3-2.2 8.9-6.1 1-0.7 1.8-1.6zM32 7.4q0 1.4-0.9 2.7t-2.2 2.2q-6.7 4.7-8.4 5.8-0.2 0.1-0.7 0.5t-1 0.7-0.9 0.6-1.1 0.5-0.9 0.2h-0.1q-0.4 0-0.9-0.2t-1.1-0.5-0.9-0.6-1-0.7-0.7-0.5q-1.6-1.1-4.7-3.2t-3.6-2.6q-1.1-0.7-2.1-2t-1-2.5q0-1.4 0.7-2.3t2.1-0.9h26.3q1.2 0 2 0.8t0.9 2z\"\/><\/svg><\/span><span class=\"shariff-text\">E-Mail<\/span>&nbsp;<\/a><\/li><li class=\"shariff-button info shariff-nocustomcolor\" style=\"background-color:#a8a8a8\"><a href=\"http:\/\/ct.de\/-2467514\" title=\"Weitere Informationen\" aria-label=\"Weitere Informationen\" role=\"button\" rel=\"noopener \" class=\"shariff-link\" style=\"; background-color:#999; color:#fff\" target=\"_blank\"><span class=\"shariff-icon\" style=\"\"><svg width=\"32px\" height=\"20px\" xmlns=\"http:\/\/www.w3.org\/2000\/svg\" viewBox=\"0 0 11 32\"><path fill=\"#999\" d=\"M11.4 24v2.3q0 0.5-0.3 0.8t-0.8 0.4h-9.1q-0.5 0-0.8-0.4t-0.4-0.8v-2.3q0-0.5 0.4-0.8t0.8-0.4h1.1v-6.8h-1.1q-0.5 0-0.8-0.4t-0.4-0.8v-2.3q0-0.5 0.4-0.8t0.8-0.4h6.8q0.5 0 0.8 0.4t0.4 0.8v10.3h1.1q0.5 0 0.8 0.4t0.3 0.8zM9.2 3.4v3.4q0 0.5-0.4 0.8t-0.8 0.4h-4.6q-0.4 0-0.8-0.4t-0.4-0.8v-3.4q0-0.4 0.4-0.8t0.8-0.4h4.6q0.5 0 0.8 0.4t0.4 0.8z\"\/><\/svg><\/span><\/a><\/li><\/ul><\/div>","protected":false},"author":1,"featured_media":794,"comment_status":"open","ping_status":"open","sticky":false,"template":"","format":"standard","meta":{"spay_email":""},"categories":[3],"tags":[2558,2554,299,1060,2556,2557,2559,2553,2555,43,105,23],"jetpack_featured_media_url":"https:\/\/i0.wp.com\/wolfsmonitor.de\/wp-content\/uploads\/2015\/07\/Foto-Kommentar-2.jpg?fit=586%2C513&ssl=1","jetpack_shortlink":"https:\/\/wp.me\/p61YbU-NL","jetpack-related-posts":[{"id":11917,"url":"https:\/\/wolfsmonitor.de\/?p=11917","url_meta":{"origin":3085,"position":0},"title":"Kreisj\u00e4germeisters Lateinstunde?","date":"28. Dezember 2017","format":false,"excerpt":"Als L\u00fcchow-Dannenbergs Kreisj\u00e4germeister Gebhard Sch\u00fcssler sich noch im April 2016 \u201eaus Furcht vor einem m\u00f6glichen Proteststurm der Wolfsfreunde\u201c absichtlich mit \u00c4u\u00dferungen zum Thema Wolf bedeckt hielt, versuchte Wolfsmonitor, dieser Haltung mit einem gewissen situativem Verst\u00e4ndnis zu begegnen. Nichts ahnend jedoch, dass Sch\u00fcsslers Worte offensichtlich anders gemeint sein k\u00f6nnten, als sie\u2026","rel":"","context":"In &quot;Standpunkte&quot;","img":{"alt_text":"Wolf im Tierpark Nordhorn","src":"https:\/\/i0.wp.com\/wolfsmonitor.de\/wp-content\/uploads\/2015\/07\/Foto-Kommentar-2.jpg?fit=586%2C513&ssl=1&resize=350%2C200","width":350,"height":200},"classes":[]},{"id":11774,"url":"https:\/\/wolfsmonitor.de\/?p=11774","url_meta":{"origin":3085,"position":1},"title":"\u201eFehlerteufel\u201c: Kalb bei Gro\u00df Gusborn nun doch nicht von Wolf gerissen","date":"14. Dezember 2017","format":false,"excerpt":"Ein Kalb, das im Oktober bei Gro\u00df Gusborn get\u00f6tet worden war, ist von einem Wolf angefallen worden. Das zumindest berichtete gestern die Elbe-Jetzel-Zeitung (EJZ) in L\u00fcchow-Dannenberg, um den dargestellten Sachstand bereits heute wieder zu korrigieren. Warum das? Ein Wolfsch\u00fctzer der Facebook-Gruppe \u201eSch\u00fctzt die W\u00f6lfe\u201c (hier ein Link!) konfrontierte den zust\u00e4ndigen\u2026","rel":"","context":"In &quot;Kurzinfo&quot;","img":{"alt_text":"Wolf im Zoo Nordhorn (Foto: Vogler)","src":"https:\/\/i2.wp.com\/wolfsmonitor.de\/wp-content\/uploads\/2016\/09\/Beitragsfoto-Kurzinfo.jpg?fit=628%2C505&ssl=1&resize=350%2C200","width":350,"height":200},"classes":[]},{"id":4273,"url":"https:\/\/wolfsmonitor.de\/?p=4273","url_meta":{"origin":3085,"position":2},"title":"LJN: Neuntes nieders\u00e4chsisches Wolfsrudel best\u00e4tigt!","date":"18. Juli 2016","format":false,"excerpt":"Niedersachsen best\u00e4tigt das landesweit neunte Wolfsrudel. Im Raum G\u00f6hrde (Landkreis L\u00fcchow-Dannenberg) wurde eine W\u00f6lfin mit sechs Welpen fotografiert. Das teilte die Landesj\u00e4gerschaft (LJN) nun mit. Insgesamt sollen damit inzwischen rund 80 Tiere in Niedersachsen leben. Die Pressemeldung der Landesj\u00e4gerschaft Niedersachsen finden Sie, liebe Leserinnen und Leser, nachfolgend im im Wortlaut\u2026","rel":"","context":"In &quot;Presseinformationen&quot;","img":{"alt_text":"Foto: Naturfotograf Heiko Anders","src":"https:\/\/i2.wp.com\/wolfsmonitor.de\/wp-content\/uploads\/2016\/05\/HA-Beitragsfoto-Presseinfo-2.jpg?fit=627%2C410&ssl=1&resize=350%2C200","width":350,"height":200},"classes":[]},{"id":9449,"url":"https:\/\/wolfsmonitor.de\/?p=9449","url_meta":{"origin":3085,"position":3},"title":"W\u00f6lfe (mal wieder) unschuldig!","date":"29. Juni 2017","format":false,"excerpt":"Auch \"unschuldige\" W\u00f6lfe machen vermehrt Schlagzeilen. Unschuldig, weil sie - anders als meistens vermutet - im statistischen Mittel tats\u00e4chlich nur f\u00fcr jeden zweiten gemeldeten Nutztier\u00fcbergriff verantwortlich gemacht werden k\u00f6nnen. Und weil in den Medien dessen ungeachtet die schnelle Vorverurteilung der Beutegreifer eher die Regel als die Ausnahme ist, was deren\u2026","rel":"","context":"In &quot;Hintergr\u00fcnde&quot;","img":{"alt_text":"Foto: Tierfotograf Heiko Anders","src":"https:\/\/i0.wp.com\/wolfsmonitor.de\/wp-content\/uploads\/2016\/05\/HA-Beitragsfoto-Hintergr\u00fcnde-2.jpg?fit=632%2C472&ssl=1&resize=350%2C200","width":350,"height":200},"classes":[]},{"id":4090,"url":"https:\/\/wolfsmonitor.de\/?p=4090","url_meta":{"origin":3085,"position":4},"title":"Niedersachsen: 42. Wolfsrudel in Deutschland nachgewiesen!","date":"2. Juli 2016","format":false,"excerpt":"Es war eine DNA-Probe des aufgep\u00e4ppelten weiblichen Wolfswelpen, von dem wir bereits am 29. Juni berichteten (hier!), mit der nun der Nachweis des achten Wolfsrudels in Niedersachsen erbracht wurde und zwar im Raum Schneverdingen in der L\u00fcneburger Heide. Das teilte die Landesj\u00e4gerschaft Niedersachsen (LJN) gestern mit. (*1) Die Gen-Analyse ergab,\u2026","rel":"","context":"In &quot;Aktuell&quot;","img":{"alt_text":"Wolf (Foto: Naturfotograf Heiko Anders)","src":"https:\/\/i1.wp.com\/wolfsmonitor.de\/wp-content\/uploads\/2016\/05\/Beitragsfoto-Heiko-Anders-Aktuell.jpg?fit=654%2C492&ssl=1&resize=350%2C200","width":350,"height":200},"classes":[]},{"id":14764,"url":"https:\/\/wolfsmonitor.de\/?p=14764","url_meta":{"origin":3085,"position":5},"title":"Niedersachsen: Tot aufgefundener Wolf war ein Schussopfer","date":"31. August 2018","format":false,"excerpt":"Nachdem die Polizei zun\u00e4chst davon ausgegangen war, dass ein bei Dahlem in Niedersachsen tot aufgefundener Wolf von einem Auto angefahren wurde, stellte sich nach Angaben des Wolfsb\u00fcros schlie\u00dflich heraus, dass der Wolf erschossen wurde. Die Meldung des nieders\u00e4chsischen Wolfsb\u00fcros im Wortlaut: Erneut Wolf mit Schusswunden aufgefunden 46. toter Wolf in\u2026","rel":"","context":"In &quot;Presseinformationen&quot;","img":{"alt_text":"Wolf im Tierpark (Foto: Vogler)","src":"https:\/\/i0.wp.com\/wolfsmonitor.de\/wp-content\/uploads\/2016\/09\/Beitragsfoto-PI-PM.jpg?fit=752%2C497&ssl=1&resize=350%2C200","width":350,"height":200},"classes":[]}],"_links":{"self":[{"href":"https:\/\/wolfsmonitor.de\/index.php?rest_route=\/wp\/v2\/posts\/3085"}],"collection":[{"href":"https:\/\/wolfsmonitor.de\/index.php?rest_route=\/wp\/v2\/posts"}],"about":[{"href":"https:\/\/wolfsmonitor.de\/index.php?rest_route=\/wp\/v2\/types\/post"}],"author":[{"embeddable":true,"href":"https:\/\/wolfsmonitor.de\/index.php?rest_route=\/wp\/v2\/users\/1"}],"replies":[{"embeddable":true,"href":"https:\/\/wolfsmonitor.de\/index.php?rest_route=%2Fwp%2Fv2%2Fcomments&post=3085"}],"version-history":[{"count":5,"href":"https:\/\/wolfsmonitor.de\/index.php?rest_route=\/wp\/v2\/posts\/3085\/revisions"}],"predecessor-version":[{"id":3092,"href":"https:\/\/wolfsmonitor.de\/index.php?rest_route=\/wp\/v2\/posts\/3085\/revisions\/3092"}],"wp:featuredmedia":[{"embeddable":true,"href":"https:\/\/wolfsmonitor.de\/index.php?rest_route=\/wp\/v2\/media\/794"}],"wp:attachment":[{"href":"https:\/\/wolfsmonitor.de\/index.php?rest_route=%2Fwp%2Fv2%2Fmedia&parent=3085"}],"wp:term":[{"taxonomy":"category","embeddable":true,"href":"https:\/\/wolfsmonitor.de\/index.php?rest_route=%2Fwp%2Fv2%2Fcategories&post=3085"},{"taxonomy":"post_tag","embeddable":true,"href":"https:\/\/wolfsmonitor.de\/index.php?rest_route=%2Fwp%2Fv2%2Ftags&post=3085"}],"curies":[{"name":"wp","href":"https:\/\/api.w.org\/{rel}","templated":true}]}}