{"id":3192,"date":"2016-04-26T19:47:14","date_gmt":"2016-04-26T17:47:14","guid":{"rendered":"http:\/\/wolfsmonitor.de\/?p=3192"},"modified":"2018-05-05T14:25:30","modified_gmt":"2018-05-05T12:25:30","slug":"niedersachsen-entnahme-massnahmen-dauern-an","status":"publish","type":"post","link":"https:\/\/wolfsmonitor.de\/?p=3192","title":{"rendered":"Niedersachsen: &#8222;Entnahme-Ma\u00dfnahmen&#8220; dauern an!"},"content":{"rendered":"<p><strong>Das Nieders\u00e4chsische Umweltministerium (MU) teilt in einer Presseinfo mit<\/strong><strong> (im Wortlaut):<\/strong><\/p>\n<h4 class=\"ox-190fd30850-MsoNormal\"><strong>&#8222;Ma\u00dfnahme zur Entnahme des besenderten Wolfs vom Truppen\u00fcbungsplatz Munster (MT 6) dauert an<\/strong><\/h4>\n<p class=\"ox-190fd30850-MsoNormal\">Das Nieders\u00e4chsische Ministerium f\u00fcr Umwelt, Energie und Klimaschutz hat am Dienstag (heute) dar\u00fcber informiert, dass die Aktion zur vom Ministerium angeordneten Entnahme des besenderten Wolfs vom Truppen\u00fcbungsplatz Munster (MT 6) andauert. Mitarbeiter des NLWKN-Wolfsb\u00fcros und weitere Fachleute sind vor Ort,<b><i> <\/i><\/b>um die Ma\u00dfnahme durchzuf\u00fchren. Das Tier soll zun\u00e4chst bet\u00e4ubt und dann der Natur entnommen werden.\u00a0<!--more--><\/p>\n<p class=\"ox-190fd30850-MsoNormal\">Der Wolf hatte in den vergangenen Tagen bei verschiedenen Nahbegegnungen, zuletzt im Landkreis Celle, gegen\u00fcber Spazierg\u00e4ngern mit Hunden eine auff\u00e4llige Distanzlosigkeit gezeigt. \u201eDie Sicherheit der Menschen steht immer an erster Stelle.<\/p>\n<p class=\"ox-190fd30850-MsoNormal\">Es gab die \u00dcbereinstimmung mit allen Fachleuten, dass eine Entnahme des Tieres erfolgen muss\u201c, sagte Umweltstaatssekret\u00e4rin Almut Kottwitz am (heutigen) Dienstag in Hannover.<\/p>\n<p class=\"ox-190fd30850-MsoNormal\">\u201eDie Ma\u00dfnahme soll m\u00f6glichst z\u00fcgig umgesetzt werden. Gleichwohl muss bedacht werden, dass eine solche Aktion nicht wirklich einfach zu realisieren ist, zumal die Wetterbedingungen nicht optimal sind und die r\u00e4umliche Situation im Grenzbereich zu den Truppen\u00fcbungspl\u00e4tzen<b><i> <\/i><\/b>zus\u00e4tzliche Erschwernisse mit sich bringen\u201c.<\/p>\n<p class=\"ox-190fd30850-MsoNormal\">\u00dcber den weiteren Verlauf wird informiert.&#8220;<\/p>\n<div class=\"clear\">\n<div class=\"ce_text block\">\n<p><strong>Ansprechpartner<\/strong><\/p>\n<\/div>\n<\/div>\n<p class=\"ox-8fa0bdae36-MsoNormal\">Rudi Zimmeck<\/p>\n<p class=\"ox-8fa0bdae36-MsoNormal\">Pressesprecher<\/p>\n<p class=\"ox-8fa0bdae36-MsoNormal\">Archivstra\u00dfe 2<\/p>\n<p class=\"ox-8fa0bdae36-MsoNormal\">30169 Hannover<\/p>\n<p class=\"ox-8fa0bdae36-MsoNormal\">www.umwelt.niedersachsen.de<\/p>\n<p class=\"ox-8fa0bdae36-MsoNormal\"><em>\u00a0(Quelle: www.umwelt.niedersachsen.de, abgerufen am 26.04.2016, <span style=\"color: #0000ff;\"><a style=\"color: #0000ff;\" title=\"MU-Info 26.4.2016\" href=\"http:\/\/www.umwelt.niedersachsen.de\/portal\/live.php?navigation_id=2147&amp;article_id=143262&amp;_psmand=10\" target=\"_blank\">hier der Link !<\/a><\/span><br \/>\n<\/em><\/p>\n<p class=\"ox-8fa0bdae36-MsoNormal\"><em>(Anmerkung: F\u00fcr die Richtigkeit der Angaben und Inhalte der verlinkten Webseiten wird keinerlei Gew\u00e4hr \u00fcbernommen)<\/em><\/p>\n<div class=\"googlepublisherpluginad\"><ins class=\"adsbygoogle\" data-adsbygoogle-status=\"done\" data-ad-channel=\"WordPressSinglePost\" data-ad-slot=\"5700908160\" data-tag-origin=\"pso\" data-ad-format=\"auto\" data-ad-client=\"ca-pub-6460893760976895\"><\/ins><ins id=\"aswift_1_expand\"><\/ins><ins id=\"aswift_1_anchor\"><iframe id=\"aswift_1\" name=\"aswift_1\" width=\"667\" height=\"60\" frameborder=\"0\" marginwidth=\"0\" marginheight=\"0\" scrolling=\"no\" allowfullscreen=\"allowfullscreen\"><\/iframe><\/ins><\/div>\n<div class=\"shariff shariff-align-center shariff-widget-align-center\" data-services=\"facebook%7Ctwitter\" data-url=\"https%3A%2F%2Fwolfsmonitor.de%2F%3Fp%3D3192\" data-timestamp=\"1525530330\" data-backendurl=\"?rest_route=\/shariff\/v1\/share_counts&\"><ul class=\"shariff-buttons theme-color orientation-horizontal buttonsize-small\"><li class=\"shariff-button facebook shariff-nocustomcolor\" style=\"background-color:#4273c8\"><a href=\"https:\/\/www.facebook.com\/sharer\/sharer.php?u=https%3A%2F%2Fwolfsmonitor.de%2F%3Fp%3D3192\" title=\"Bei Facebook teilen\" aria-label=\"Bei Facebook teilen\" role=\"button\" rel=\"nofollow\" class=\"shariff-link\" style=\"; background-color:#3b5998; color:#fff\" target=\"_blank\"><span class=\"shariff-icon\" style=\"\"><svg width=\"32px\" height=\"20px\" xmlns=\"http:\/\/www.w3.org\/2000\/svg\" viewBox=\"0 0 18 32\"><path fill=\"#3b5998\" d=\"M17.1 0.2v4.7h-2.8q-1.5 0-2.1 0.6t-0.5 1.9v3.4h5.2l-0.7 5.3h-4.5v13.6h-5.5v-13.6h-4.5v-5.3h4.5v-3.9q0-3.3 1.9-5.2t5-1.8q2.6 0 4.1 0.2z\"\/><\/svg><\/span><span class=\"shariff-text\">teilen<\/span>&nbsp;<span data-service=\"facebook\" style=\"color:#3b5998\" class=\"shariff-count shariff-hidezero\"><\/span>&nbsp;<\/a><\/li><li class=\"shariff-button twitter shariff-nocustomcolor\" style=\"background-color:#32bbf5\"><a href=\"https:\/\/twitter.com\/share?url=https%3A%2F%2Fwolfsmonitor.de%2F%3Fp%3D3192&text=Niedersachsen%3A%20%E2%80%9EEntnahme-Ma%C3%9Fnahmen%E2%80%9C%20dauern%20an%21\" title=\"Bei Twitter teilen\" aria-label=\"Bei Twitter teilen\" role=\"button\" rel=\"noopener nofollow\" class=\"shariff-link\" style=\"; background-color:#55acee; color:#fff\" target=\"_blank\"><span class=\"shariff-icon\" style=\"\"><svg width=\"32px\" height=\"20px\" xmlns=\"http:\/\/www.w3.org\/2000\/svg\" viewBox=\"0 0 30 32\"><path fill=\"#55acee\" d=\"M29.7 6.8q-1.2 1.8-3 3.1 0 0.3 0 0.8 0 2.5-0.7 4.9t-2.2 4.7-3.5 4-4.9 2.8-6.1 1q-5.1 0-9.3-2.7 0.6 0.1 1.5 0.1 4.3 0 7.6-2.6-2-0.1-3.5-1.2t-2.2-3q0.6 0.1 1.1 0.1 0.8 0 1.6-0.2-2.1-0.4-3.5-2.1t-1.4-3.9v-0.1q1.3 0.7 2.8 0.8-1.2-0.8-2-2.2t-0.7-2.9q0-1.7 0.8-3.1 2.3 2.8 5.5 4.5t7 1.9q-0.2-0.7-0.2-1.4 0-2.5 1.8-4.3t4.3-1.8q2.7 0 4.5 1.9 2.1-0.4 3.9-1.5-0.7 2.2-2.7 3.4 1.8-0.2 3.5-0.9z\"\/><\/svg><\/span><span class=\"shariff-text\">twittern<\/span>&nbsp;<span data-service=\"twitter\" style=\"color:#55acee\" class=\"shariff-count shariff-hidezero\"><\/span>&nbsp;<\/a><\/li><li class=\"shariff-button rss shariff-nocustomcolor\" style=\"background-color:#ff8c00\"><a href=\"https:\/\/wolfsmonitor.de\/?feed=rss\" title=\"RSS-feed\" aria-label=\"RSS-feed\" role=\"button\" class=\"shariff-link\" style=\"; background-color:#fe9312; color:#fff\" target=\"_blank\"><span class=\"shariff-icon\" style=\"\"><svg width=\"32px\" height=\"20px\" xmlns=\"http:\/\/www.w3.org\/2000\/svg\" viewBox=\"0 0 32 32\"><path fill=\"#fe9312\" d=\"M4.3 23.5c-2.3 0-4.3 1.9-4.3 4.3 0 2.3 1.9 4.2 4.3 4.2 2.4 0 4.3-1.9 4.3-4.2 0-2.3-1.9-4.3-4.3-4.3zM0 10.9v6.1c4 0 7.7 1.6 10.6 4.4 2.8 2.8 4.4 6.6 4.4 10.6h6.2c0-11.7-9.5-21.1-21.1-21.1zM0 0v6.1c14.2 0 25.8 11.6 25.8 25.9h6.2c0-17.6-14.4-32-32-32z\"\/><\/svg><\/span><span class=\"shariff-text\">RSS-feed<\/span>&nbsp;<\/a><\/li><li class=\"shariff-button mailto shariff-nocustomcolor\" style=\"background-color:#a8a8a8\"><a href=\"mailto:?body=https%3A%2F%2Fwolfsmonitor.de%2F%3Fp%3D3192&subject=Niedersachsen%3A%20%E2%80%9EEntnahme-Ma%C3%9Fnahmen%E2%80%9C%20dauern%20an%21\" title=\"Per E-Mail versenden\" aria-label=\"Per E-Mail versenden\" role=\"button\" rel=\"noopener nofollow\" class=\"shariff-link\" style=\"; background-color:#999; color:#fff\"><span class=\"shariff-icon\" style=\"\"><svg width=\"32px\" height=\"20px\" xmlns=\"http:\/\/www.w3.org\/2000\/svg\" viewBox=\"0 0 32 32\"><path fill=\"#999\" d=\"M32 12.7v14.2q0 1.2-0.8 2t-2 0.9h-26.3q-1.2 0-2-0.9t-0.8-2v-14.2q0.8 0.9 1.8 1.6 6.5 4.4 8.9 6.1 1 0.8 1.6 1.2t1.7 0.9 2 0.4h0.1q0.9 0 2-0.4t1.7-0.9 1.6-1.2q3-2.2 8.9-6.1 1-0.7 1.8-1.6zM32 7.4q0 1.4-0.9 2.7t-2.2 2.2q-6.7 4.7-8.4 5.8-0.2 0.1-0.7 0.5t-1 0.7-0.9 0.6-1.1 0.5-0.9 0.2h-0.1q-0.4 0-0.9-0.2t-1.1-0.5-0.9-0.6-1-0.7-0.7-0.5q-1.6-1.1-4.7-3.2t-3.6-2.6q-1.1-0.7-2.1-2t-1-2.5q0-1.4 0.7-2.3t2.1-0.9h26.3q1.2 0 2 0.8t0.9 2z\"\/><\/svg><\/span><span class=\"shariff-text\">E-Mail<\/span>&nbsp;<\/a><\/li><li class=\"shariff-button info shariff-nocustomcolor\" style=\"background-color:#a8a8a8\"><a href=\"http:\/\/ct.de\/-2467514\" title=\"Weitere Informationen\" aria-label=\"Weitere Informationen\" role=\"button\" rel=\"noopener \" class=\"shariff-link\" style=\"; background-color:#999; color:#fff\" target=\"_blank\"><span class=\"shariff-icon\" style=\"\"><svg width=\"32px\" height=\"20px\" xmlns=\"http:\/\/www.w3.org\/2000\/svg\" viewBox=\"0 0 11 32\"><path fill=\"#999\" d=\"M11.4 24v2.3q0 0.5-0.3 0.8t-0.8 0.4h-9.1q-0.5 0-0.8-0.4t-0.4-0.8v-2.3q0-0.5 0.4-0.8t0.8-0.4h1.1v-6.8h-1.1q-0.5 0-0.8-0.4t-0.4-0.8v-2.3q0-0.5 0.4-0.8t0.8-0.4h6.8q0.5 0 0.8 0.4t0.4 0.8v10.3h1.1q0.5 0 0.8 0.4t0.3 0.8zM9.2 3.4v3.4q0 0.5-0.4 0.8t-0.8 0.4h-4.6q-0.4 0-0.8-0.4t-0.4-0.8v-3.4q0-0.4 0.4-0.8t0.8-0.4h4.6q0.5 0 0.8 0.4t0.4 0.8z\"\/><\/svg><\/span><\/a><\/li><\/ul><\/div>","protected":false},"excerpt":{"rendered":"<p>Das Nieders\u00e4chsische Umweltministerium (MU) teilt in einer Presseinfo mit (im Wortlaut): &#8222;Ma\u00dfnahme zur Entnahme des besenderten Wolfs vom Truppen\u00fcbungsplatz Munster (MT 6) dauert an Das Nieders\u00e4chsische Ministerium f\u00fcr Umwelt, Energie und Klimaschutz hat am Dienstag (heute) dar\u00fcber informiert, dass die Aktion zur vom Ministerium angeordneten Entnahme des besenderten Wolfs vom Truppen\u00fcbungsplatz Munster (MT 6) andauert. [&hellip;]<\/p>\n<div class=\"shariff shariff-align-center shariff-widget-align-center\" data-services=\"facebook%7Ctwitter\" data-url=\"https%3A%2F%2Fwolfsmonitor.de%2F%3Fp%3D3192\" data-timestamp=\"1525530330\" data-backendurl=\"?rest_route=\/shariff\/v1\/share_counts&\"><ul class=\"shariff-buttons theme-color orientation-horizontal buttonsize-small\"><li class=\"shariff-button facebook shariff-nocustomcolor\" style=\"background-color:#4273c8\"><a href=\"https:\/\/www.facebook.com\/sharer\/sharer.php?u=https%3A%2F%2Fwolfsmonitor.de%2F%3Fp%3D3192\" title=\"Bei Facebook teilen\" aria-label=\"Bei Facebook teilen\" role=\"button\" rel=\"nofollow\" class=\"shariff-link\" style=\"; background-color:#3b5998; color:#fff\" target=\"_blank\"><span class=\"shariff-icon\" style=\"\"><svg width=\"32px\" height=\"20px\" xmlns=\"http:\/\/www.w3.org\/2000\/svg\" viewBox=\"0 0 18 32\"><path fill=\"#3b5998\" d=\"M17.1 0.2v4.7h-2.8q-1.5 0-2.1 0.6t-0.5 1.9v3.4h5.2l-0.7 5.3h-4.5v13.6h-5.5v-13.6h-4.5v-5.3h4.5v-3.9q0-3.3 1.9-5.2t5-1.8q2.6 0 4.1 0.2z\"\/><\/svg><\/span><span class=\"shariff-text\">teilen<\/span>&nbsp;<span data-service=\"facebook\" style=\"color:#3b5998\" class=\"shariff-count shariff-hidezero\"><\/span>&nbsp;<\/a><\/li><li class=\"shariff-button twitter shariff-nocustomcolor\" style=\"background-color:#32bbf5\"><a href=\"https:\/\/twitter.com\/share?url=https%3A%2F%2Fwolfsmonitor.de%2F%3Fp%3D3192&text=Niedersachsen%3A%20%E2%80%9EEntnahme-Ma%C3%9Fnahmen%E2%80%9C%20dauern%20an%21\" title=\"Bei Twitter teilen\" aria-label=\"Bei Twitter teilen\" role=\"button\" rel=\"noopener nofollow\" class=\"shariff-link\" style=\"; background-color:#55acee; color:#fff\" target=\"_blank\"><span class=\"shariff-icon\" style=\"\"><svg width=\"32px\" height=\"20px\" xmlns=\"http:\/\/www.w3.org\/2000\/svg\" viewBox=\"0 0 30 32\"><path fill=\"#55acee\" d=\"M29.7 6.8q-1.2 1.8-3 3.1 0 0.3 0 0.8 0 2.5-0.7 4.9t-2.2 4.7-3.5 4-4.9 2.8-6.1 1q-5.1 0-9.3-2.7 0.6 0.1 1.5 0.1 4.3 0 7.6-2.6-2-0.1-3.5-1.2t-2.2-3q0.6 0.1 1.1 0.1 0.8 0 1.6-0.2-2.1-0.4-3.5-2.1t-1.4-3.9v-0.1q1.3 0.7 2.8 0.8-1.2-0.8-2-2.2t-0.7-2.9q0-1.7 0.8-3.1 2.3 2.8 5.5 4.5t7 1.9q-0.2-0.7-0.2-1.4 0-2.5 1.8-4.3t4.3-1.8q2.7 0 4.5 1.9 2.1-0.4 3.9-1.5-0.7 2.2-2.7 3.4 1.8-0.2 3.5-0.9z\"\/><\/svg><\/span><span class=\"shariff-text\">twittern<\/span>&nbsp;<span data-service=\"twitter\" style=\"color:#55acee\" class=\"shariff-count shariff-hidezero\"><\/span>&nbsp;<\/a><\/li><li class=\"shariff-button rss shariff-nocustomcolor\" style=\"background-color:#ff8c00\"><a href=\"https:\/\/wolfsmonitor.de\/?feed=rss\" title=\"RSS-feed\" aria-label=\"RSS-feed\" role=\"button\" class=\"shariff-link\" style=\"; background-color:#fe9312; color:#fff\" target=\"_blank\"><span class=\"shariff-icon\" style=\"\"><svg width=\"32px\" height=\"20px\" xmlns=\"http:\/\/www.w3.org\/2000\/svg\" viewBox=\"0 0 32 32\"><path fill=\"#fe9312\" d=\"M4.3 23.5c-2.3 0-4.3 1.9-4.3 4.3 0 2.3 1.9 4.2 4.3 4.2 2.4 0 4.3-1.9 4.3-4.2 0-2.3-1.9-4.3-4.3-4.3zM0 10.9v6.1c4 0 7.7 1.6 10.6 4.4 2.8 2.8 4.4 6.6 4.4 10.6h6.2c0-11.7-9.5-21.1-21.1-21.1zM0 0v6.1c14.2 0 25.8 11.6 25.8 25.9h6.2c0-17.6-14.4-32-32-32z\"\/><\/svg><\/span><span class=\"shariff-text\">RSS-feed<\/span>&nbsp;<\/a><\/li><li class=\"shariff-button mailto shariff-nocustomcolor\" style=\"background-color:#a8a8a8\"><a href=\"mailto:?body=https%3A%2F%2Fwolfsmonitor.de%2F%3Fp%3D3192&subject=Niedersachsen%3A%20%E2%80%9EEntnahme-Ma%C3%9Fnahmen%E2%80%9C%20dauern%20an%21\" title=\"Per E-Mail versenden\" aria-label=\"Per E-Mail versenden\" role=\"button\" rel=\"noopener nofollow\" class=\"shariff-link\" style=\"; background-color:#999; color:#fff\"><span class=\"shariff-icon\" style=\"\"><svg width=\"32px\" height=\"20px\" xmlns=\"http:\/\/www.w3.org\/2000\/svg\" viewBox=\"0 0 32 32\"><path fill=\"#999\" d=\"M32 12.7v14.2q0 1.2-0.8 2t-2 0.9h-26.3q-1.2 0-2-0.9t-0.8-2v-14.2q0.8 0.9 1.8 1.6 6.5 4.4 8.9 6.1 1 0.8 1.6 1.2t1.7 0.9 2 0.4h0.1q0.9 0 2-0.4t1.7-0.9 1.6-1.2q3-2.2 8.9-6.1 1-0.7 1.8-1.6zM32 7.4q0 1.4-0.9 2.7t-2.2 2.2q-6.7 4.7-8.4 5.8-0.2 0.1-0.7 0.5t-1 0.7-0.9 0.6-1.1 0.5-0.9 0.2h-0.1q-0.4 0-0.9-0.2t-1.1-0.5-0.9-0.6-1-0.7-0.7-0.5q-1.6-1.1-4.7-3.2t-3.6-2.6q-1.1-0.7-2.1-2t-1-2.5q0-1.4 0.7-2.3t2.1-0.9h26.3q1.2 0 2 0.8t0.9 2z\"\/><\/svg><\/span><span class=\"shariff-text\">E-Mail<\/span>&nbsp;<\/a><\/li><li class=\"shariff-button info shariff-nocustomcolor\" style=\"background-color:#a8a8a8\"><a href=\"http:\/\/ct.de\/-2467514\" title=\"Weitere Informationen\" aria-label=\"Weitere Informationen\" role=\"button\" rel=\"noopener \" class=\"shariff-link\" style=\"; background-color:#999; color:#fff\" target=\"_blank\"><span class=\"shariff-icon\" style=\"\"><svg width=\"32px\" height=\"20px\" xmlns=\"http:\/\/www.w3.org\/2000\/svg\" viewBox=\"0 0 11 32\"><path fill=\"#999\" d=\"M11.4 24v2.3q0 0.5-0.3 0.8t-0.8 0.4h-9.1q-0.5 0-0.8-0.4t-0.4-0.8v-2.3q0-0.5 0.4-0.8t0.8-0.4h1.1v-6.8h-1.1q-0.5 0-0.8-0.4t-0.4-0.8v-2.3q0-0.5 0.4-0.8t0.8-0.4h6.8q0.5 0 0.8 0.4t0.4 0.8v10.3h1.1q0.5 0 0.8 0.4t0.3 0.8zM9.2 3.4v3.4q0 0.5-0.4 0.8t-0.8 0.4h-4.6q-0.4 0-0.8-0.4t-0.4-0.8v-3.4q0-0.4 0.4-0.8t0.8-0.4h4.6q0.5 0 0.8 0.4t0.4 0.8z\"\/><\/svg><\/span><\/a><\/li><\/ul><\/div>","protected":false},"author":1,"featured_media":2844,"comment_status":"closed","ping_status":"open","sticky":false,"template":"","format":"standard","meta":{"spay_email":""},"categories":[2355],"tags":[2161,2580,2639,571,2136,8,2638,2640,2179,198],"jetpack_featured_media_url":"https:\/\/i0.wp.com\/wolfsmonitor.de\/wp-content\/uploads\/2016\/03\/Beitragsfoto-Aktuell.jpg?fit=592%2C507&ssl=1","jetpack_shortlink":"https:\/\/wp.me\/p61YbU-Pu","jetpack-related-posts":[{"id":3212,"url":"https:\/\/wolfsmonitor.de\/?p=3212","url_meta":{"origin":3192,"position":0},"title":"Niedersachsen: MT6 (Kurti) soll nun doch \"letal\" entnommen werden!","date":"27. April 2016","format":false,"excerpt":"Das Nieders\u00e4chsische Umweltministerium (MU) teilt soeben per Presseinfo mit (im Wortlaut): \"Umweltstaatssekret\u00e4rin informiert \u00fcber den Zwischenstand der Ma\u00dfnahmen zur Entnahme des besenderten Wolfs vom Truppen\u00fcbungsplatz Munster (MT6) Die Staatssekret\u00e4rin im Nieders\u00e4chsischen Ministerium f\u00fcr Umwelt, Energie und Klimaschutz Almut Kottwitz hat am Mittwoch (heute) dar\u00fcber informiert, dass die Aktion zur vom\u2026","rel":"","context":"In &quot;Aktuell&quot;","img":{"alt_text":"Wolf (Foto: Vogler)","src":"https:\/\/i1.wp.com\/wolfsmonitor.de\/wp-content\/uploads\/2016\/04\/Beitragsfoto-Aktuell-2.jpg?fit=734%2C521&ssl=1&resize=350%2C200","width":350,"height":200},"classes":[]},{"id":3184,"url":"https:\/\/wolfsmonitor.de\/?p=3184","url_meta":{"origin":3192,"position":1},"title":"Niedersachsen: Ministerium ordnet \"Entnahme\" an!","date":"25. April 2016","format":false,"excerpt":"Soeben teilt das Nieders\u00e4chsische Umweltministerium (MU) im Rahmen einer Pressemitteilung mit (im Wortlaut): \"Staatssekret\u00e4rin Kottwitz unterrichtet Umweltausschuss: Ministerium ordnet Entnahme des besenderten Wolfs vom Truppen\u00fcbungsplatz Munster an Die Staatssekret\u00e4rin im Nieders\u00e4chsischen Ministerium f\u00fcr Umwelt, Energie und Klimaschutz Almut Kottwitz hat am (heutigen) Montag den Umweltausschuss des Landtages \u00fcber das weitere\u2026","rel":"","context":"In &quot;Aktuell&quot;","img":{"alt_text":"Stehender Wolf im Tierpark Nordhorn (Foto: Vogler)","src":"https:\/\/i0.wp.com\/wolfsmonitor.de\/wp-content\/uploads\/2016\/03\/Beitragsfoto-Aktuell.jpg?fit=592%2C507&ssl=1&resize=350%2C200","width":350,"height":200},"classes":[]},{"id":2591,"url":"https:\/\/wolfsmonitor.de\/?p=2591","url_meta":{"origin":3192,"position":2},"title":"MU-Infos: 3 Meldungen aus dem Ministerium","date":"22. Februar 2016","format":false,"excerpt":"Gleich drei Pressebeitr\u00e4ge aus dem nieders\u00e4chsischen Umweltministerium wurden nun ver\u00f6ffentlicht. Die erste Meldung ist ein Statement der Expertenrunde vom vergangenen Samstag in Hannover (im Wortlaut): \"Statement: Experten beraten zum Wolf Wir haben im Bereich Munster einen Wolf, der sich zwar nicht aggressiv verh\u00e4lt, zugleich aber doch wenig scheu ist und\u2026","rel":"","context":"In &quot;Hintergr\u00fcnde&quot;","img":{"alt_text":"Wolf im TP Nordhorn (Foto: Vogler)","src":"https:\/\/i2.wp.com\/wolfsmonitor.de\/wp-content\/uploads\/2016\/02\/Hintergrund-2016.jpg?fit=518%2C494&ssl=1&resize=350%2C200","width":350,"height":200},"classes":[]},{"id":2680,"url":"https:\/\/wolfsmonitor.de\/?p=2680","url_meta":{"origin":3192,"position":3},"title":"MU-Info: Aktueller Stand zur Vergr\u00e4mung!","date":"4. M\u00e4rz 2016","format":false,"excerpt":"Heute, am 4. M\u00e4rz, wurde folgende Pressemeldung vom Nieders\u00e4chsischen Umweltministerium (MU) herausgegeben (im Wortlaut): \u00a0 \"Umweltminister Wenzel informiert \u00fcber den Stand der Vorbereitungen f\u00fcr die Vergr\u00e4mung des besenderten Wolfsr\u00fcden im Bereich Munster Der Nieders\u00e4chsische Minister f\u00fcr Umwelt, Energie und Klimaschutz Stefan Wenzel hat am Freitag (heute) \u00fcber den aktuellen Stand\u2026","rel":"","context":"In &quot;Hintergr\u00fcnde&quot;","img":{"alt_text":"Wolf im TP Nordhorn (Foto: Vogler)","src":"https:\/\/i2.wp.com\/wolfsmonitor.de\/wp-content\/uploads\/2016\/02\/Hintergrund-2016.jpg?fit=518%2C494&ssl=1&resize=350%2C200","width":350,"height":200},"classes":[]},{"id":2633,"url":"https:\/\/wolfsmonitor.de\/?p=2633","url_meta":{"origin":3192,"position":4},"title":"MU-Info: Aktuelle Ma\u00dfnahmen und Petitionsliste","date":"29. Februar 2016","format":false,"excerpt":"Heute, am 29. Februar, wurde folgende Pressemeldung vom Nieders\u00e4chsischen Umweltministerium (MU) herausgegeben (im Wortlaut): \"Umweltminister Wenzel informiert \u00fcber den Stand der Ma\u00dfnahmen zum Thema Wolf - Unterschriftenlisten \u00fcbergeben Der Nieders\u00e4chsische Minister f\u00fcr Umwelt, Energie und Klimaschutz Stefan Wenzel hat heute (Montag) \u00fcber den aktuellen Stand zu den Ma\u00dfnahmen der Vergr\u00e4mung\u2026","rel":"","context":"In &quot;Hintergr\u00fcnde&quot;","img":{"alt_text":"Wolf im Tierpark Nordhorn","src":"https:\/\/i2.wp.com\/wolfsmonitor.de\/wp-content\/uploads\/2015\/09\/Beitragsfoto-Hintergr\u00fcnde.jpg?fit=572%2C508&ssl=1&resize=350%2C200","width":350,"height":200},"classes":[]},{"id":2765,"url":"https:\/\/wolfsmonitor.de\/?p=2765","url_meta":{"origin":3192,"position":5},"title":"MU-Info: Antworten zur Vergr\u00e4mung","date":"10. M\u00e4rz 2016","format":false,"excerpt":"Heute, am 10. M\u00e4rz, ver\u00f6ffentlichte das Nieders\u00e4chsische Umweltministerium (MU) folgende zwei Antworten auf m\u00fcndliche Anfragen von Abgeordneten zur Vergr\u00e4mung (im Wortlaut): A) Antwort auf die m\u00fcndliche Anfrage: Inwieweit ist es wahrscheinlich, dass sich ein Wolf durch Vergr\u00e4mungsma\u00dfnahmen k\u00fcnftig dem Menschen gegen\u00fcber aggressiv und nicht scheu verh\u00e4lt? Der Nieders\u00e4chsische Minister f\u00fcr\u2026","rel":"","context":"In &quot;Hintergr\u00fcnde&quot;","img":{"alt_text":"Wolf im TP Nordhorn (Foto: Vogler)","src":"https:\/\/i2.wp.com\/wolfsmonitor.de\/wp-content\/uploads\/2016\/02\/Hintergrund-2016.jpg?fit=518%2C494&ssl=1&resize=350%2C200","width":350,"height":200},"classes":[]}],"_links":{"self":[{"href":"https:\/\/wolfsmonitor.de\/index.php?rest_route=\/wp\/v2\/posts\/3192"}],"collection":[{"href":"https:\/\/wolfsmonitor.de\/index.php?rest_route=\/wp\/v2\/posts"}],"about":[{"href":"https:\/\/wolfsmonitor.de\/index.php?rest_route=\/wp\/v2\/types\/post"}],"author":[{"embeddable":true,"href":"https:\/\/wolfsmonitor.de\/index.php?rest_route=\/wp\/v2\/users\/1"}],"replies":[{"embeddable":true,"href":"https:\/\/wolfsmonitor.de\/index.php?rest_route=%2Fwp%2Fv2%2Fcomments&post=3192"}],"version-history":[{"count":4,"href":"https:\/\/wolfsmonitor.de\/index.php?rest_route=\/wp\/v2\/posts\/3192\/revisions"}],"predecessor-version":[{"id":3196,"href":"https:\/\/wolfsmonitor.de\/index.php?rest_route=\/wp\/v2\/posts\/3192\/revisions\/3196"}],"wp:featuredmedia":[{"embeddable":true,"href":"https:\/\/wolfsmonitor.de\/index.php?rest_route=\/wp\/v2\/media\/2844"}],"wp:attachment":[{"href":"https:\/\/wolfsmonitor.de\/index.php?rest_route=%2Fwp%2Fv2%2Fmedia&parent=3192"}],"wp:term":[{"taxonomy":"category","embeddable":true,"href":"https:\/\/wolfsmonitor.de\/index.php?rest_route=%2Fwp%2Fv2%2Fcategories&post=3192"},{"taxonomy":"post_tag","embeddable":true,"href":"https:\/\/wolfsmonitor.de\/index.php?rest_route=%2Fwp%2Fv2%2Ftags&post=3192"}],"curies":[{"name":"wp","href":"https:\/\/api.w.org\/{rel}","templated":true}]}}