{"id":3256,"date":"2016-04-28T19:06:31","date_gmt":"2016-04-28T17:06:31","guid":{"rendered":"http:\/\/wolfsmonitor.de\/?p=3256"},"modified":"2018-05-05T14:26:29","modified_gmt":"2018-05-05T12:26:29","slug":"umweltverbaende-ifaw-nabu-und-wwf-zum-wolfsabschuss","status":"publish","type":"post","link":"https:\/\/wolfsmonitor.de\/?p=3256","title":{"rendered":"Umweltverb\u00e4nde IFAW, NABU und WWF zum Wolfsabschuss:"},"content":{"rendered":"<p class=\"ox-bad07f796a-Text\"><strong>Gemeinsam nehmen die Umweltverb\u00e4nde IFAW, NABU und WWF in einer Pressemitteilung Stellung zum heutigen Wolfsabschuss (28.4.2016 im Wortlaut):<\/strong><\/p>\n<p class=\"ox-bad07f796a-Text\">&#8222;Der Wolf MT6 ist get\u00f6tet worden, wie das nieders\u00e4chsische Umweltministerium mitgeteilt hat. In einer gemeinsamen Stellungnahme \u00e4u\u00dferten die Naturschutzverb\u00e4nde IFAW, NABU und WWF Bedauern \u00fcber den Tod des Tieres und zugleich Verst\u00e4ndnis f\u00fcr die Entscheidung. Auch wenn das Schicksal des Einzeltieres tragisch sei, habe MT6 durch sein auff\u00e4lliges Verhalten ein nicht mehr zu kalkulierendes Risiko f\u00fcr Menschen dargestellt.<!--more--><\/p>\n<p class=\"ox-bad07f796a-Text\">Zuvor hatte das nieders\u00e4chsische Umweltministerium entschieden, den Wolf wenn m\u00f6glich einzufangen und in ein Gehege zu bringen. MT6 hatte sich wiederholt Menschen mit Hunden gen\u00e4hert und generell ein unberechenbares Verhalten an den Tag gelegt. Vergr\u00e4mungsaktionen hatten in den vergangenen Monaten keine Erfolge gezeigt. Experten waren sich einig, dass erneute oder weitere Vergr\u00e4mungsversuche bei dem Wolf MT6 nicht dazu f\u00fchren w\u00fcrden, dass er sein Verhalten \u00e4ndert. Aufgrund dieser fachlichen Einsch\u00e4tzung ist die Entnahme des Tieres f\u00fcr die Verb\u00e4nde nachvollziehbar.<\/p>\n<p class=\"ox-bad07f796a-Text\">\u201eDie dauerhafte R\u00fcckkehr des Wolfs nach Deutschland ist nur mit der breiten Akzeptanz der Bev\u00f6lkerung m\u00f6glich. Es muss daher vermieden werden, dass einzelne auff\u00e4llige W\u00f6lfe die Akzeptanz der ganzen Art gef\u00e4hrden. Auch muss verhindert werden, dass ein auff\u00e4lliger Wolf sein Verhalten an den Nachwuchs weitergibt und somit m\u00f6glicherweise ein ganzes Rudel auff\u00e4lliges Verhalten zeigt\u201c, so die Verb\u00e4nde. Um derartige Vorf\u00e4lle zuk\u00fcnftig zu vermeiden, forderten die Verb\u00e4nde ein besseres und effizienteres Management seitens der Beh\u00f6rden an &#8211; vor allem in potentiellen Konfliktf\u00e4llen.<\/p>\n<p class=\"ox-bad07f796a-Text\">Kritisch ist nach gemeinsamer Auffassung der Verb\u00e4nde, dass nicht ausreichend untersucht ist, wodurch das auff\u00e4llige Verhalten von MT6 ausgel\u00f6st wurde. \u201eWir pl\u00e4dieren ausdr\u00fccklich f\u00fcr die intensive Beobachtung des Munsteraner Rudels, aus dem das Tier urspr\u00fcnglich stammt. Ziel muss es sein, dass sich ein Verhalten bei anderen W\u00f6lfen nicht wiederholt.<\/p>\n<p class=\"ox-bad07f796a-Text\">F\u00fcr den Fall, dass weitere Tiere auff\u00e4lliges Verhalten zeigen, sollten zeitnah umfassende Vergr\u00e4mungsmethoden eingeleitet werden. Da es besonders gef\u00e4hrlich wird, wenn W\u00f6lfe durch Menschen angef\u00fcttert werden und man sie auf diese Weise lehrt, Menschen aktiv aufzusuchen, muss die Aufkl\u00e4rungsarbeit auch seitens der zust\u00e4ndigen Beh\u00f6rden weiter intensiviert werden\u201c, so\u00a0 IFAW, NABU und WWF.<\/p>\n<p class=\"ox-bad07f796a-Text\">Zugleich betonten alle drei Verb\u00e4nde einhellig, dass sich aus dem aktuellen Fall keine Gesetzm\u00e4\u00dfigkeit ableiten l\u00e4sst.<\/p>\n<p class=\"ox-bad07f796a-Text\">\u201eDer Wolf ist eine in Deutschland streng gesch\u00fctzte Tierart. Jedes potentiell kritische Verhalten muss gesondert bewertet werden. Richtschnur und Leitlinie hierf\u00fcr muss ein entsprechender Wolfs-Managementplan sein, der von den einzelnen Bundesl\u00e4ndern im Vorfeld erarbeitet wurde. Die Einsch\u00e4tzung von Konfliktf\u00e4llen beruht dabei auf einer Ver\u00f6ffentlichung des Bundesamtes f\u00fcr Naturschutz zum Umgang mit W\u00f6lfen in Deutschland\u201c, so die Verb\u00e4nde.&#8220;<\/p>\n<p class=\"ox-bad07f796a-RueckfragenTitel\"><strong><span style=\"font-family: Arial; font-size: medium;\">F\u00fcr R\u00fcckfragen:<\/span><\/strong><\/p>\n<p class=\"ox-bad07f796a-Text\">Roland Gramling, <strong>Pressestelle WWF<\/strong>, <a class=\"mailto-link\" href=\"mailto:roland.gramling@wwf.de\" target=\"_blank\"><span style=\"color: #0000ff;\">roland.gramling@wwf.de<\/span><\/a><\/p>\n<p class=\"ox-bad07f796a-Text\">Kathrin Klinkusch, <strong>Pressestelle NABU<\/strong>,\u00a0 <a class=\"mailto-link\" href=\"mailto:kathrin.klinkusch@nabu.de\" target=\"_blank\"><span style=\"color: #0000ff;\">kathrin.klinkusch@nabu.de<\/span><\/a><\/p>\n<p class=\"ox-bad07f796a-Text\">Andreas Dinkelmeyer, <strong>Pressestelle IFAW<\/strong>, <span style=\"color: #0000ff;\"><a class=\"mailto-link\" style=\"color: #0000ff;\" href=\"mailto:adinkelmeyer@ifaw.org\" target=\"_blank\">adinkelmeyer@ifaw.org<\/a><\/span><\/p>\n<p class=\"ox-bad07f796a-Text\"><em>(Quelle: NABU-Presseinformation vom 28.04.2016, <span style=\"color: #0000ff;\"><a style=\"color: #0000ff;\" title=\"NABU, PM 28.4.2016\" href=\"https:\/\/www.nabu.de\/modules\/presseservice\/index.php?popup=true&amp;db=presseservice&amp;show=17182\" target=\"_blank\">hier der Link!)<\/a><\/span><\/em><\/p>\n<div class=\"shariff shariff-align-center shariff-widget-align-center\" data-services=\"facebook%7Ctwitter\" data-url=\"https%3A%2F%2Fwolfsmonitor.de%2F%3Fp%3D3256\" data-timestamp=\"1525530389\" data-backendurl=\"?rest_route=\/shariff\/v1\/share_counts&\"><ul class=\"shariff-buttons theme-color orientation-horizontal buttonsize-small\"><li class=\"shariff-button facebook shariff-nocustomcolor\" style=\"background-color:#4273c8\"><a href=\"https:\/\/www.facebook.com\/sharer\/sharer.php?u=https%3A%2F%2Fwolfsmonitor.de%2F%3Fp%3D3256\" title=\"Bei Facebook teilen\" aria-label=\"Bei Facebook teilen\" role=\"button\" rel=\"nofollow\" class=\"shariff-link\" style=\"; background-color:#3b5998; color:#fff\" target=\"_blank\"><span class=\"shariff-icon\" style=\"\"><svg width=\"32px\" height=\"20px\" xmlns=\"http:\/\/www.w3.org\/2000\/svg\" viewBox=\"0 0 18 32\"><path fill=\"#3b5998\" d=\"M17.1 0.2v4.7h-2.8q-1.5 0-2.1 0.6t-0.5 1.9v3.4h5.2l-0.7 5.3h-4.5v13.6h-5.5v-13.6h-4.5v-5.3h4.5v-3.9q0-3.3 1.9-5.2t5-1.8q2.6 0 4.1 0.2z\"\/><\/svg><\/span><span class=\"shariff-text\">teilen<\/span>&nbsp;<span data-service=\"facebook\" style=\"color:#3b5998\" class=\"shariff-count shariff-hidezero\"><\/span>&nbsp;<\/a><\/li><li class=\"shariff-button twitter shariff-nocustomcolor\" style=\"background-color:#32bbf5\"><a href=\"https:\/\/twitter.com\/share?url=https%3A%2F%2Fwolfsmonitor.de%2F%3Fp%3D3256&text=Umweltverb%C3%A4nde%20IFAW%2C%20NABU%20und%20WWF%20zum%20Wolfsabschuss%3A\" title=\"Bei Twitter teilen\" aria-label=\"Bei Twitter teilen\" role=\"button\" rel=\"noopener nofollow\" class=\"shariff-link\" style=\"; background-color:#55acee; color:#fff\" target=\"_blank\"><span class=\"shariff-icon\" style=\"\"><svg width=\"32px\" height=\"20px\" xmlns=\"http:\/\/www.w3.org\/2000\/svg\" viewBox=\"0 0 30 32\"><path fill=\"#55acee\" d=\"M29.7 6.8q-1.2 1.8-3 3.1 0 0.3 0 0.8 0 2.5-0.7 4.9t-2.2 4.7-3.5 4-4.9 2.8-6.1 1q-5.1 0-9.3-2.7 0.6 0.1 1.5 0.1 4.3 0 7.6-2.6-2-0.1-3.5-1.2t-2.2-3q0.6 0.1 1.1 0.1 0.8 0 1.6-0.2-2.1-0.4-3.5-2.1t-1.4-3.9v-0.1q1.3 0.7 2.8 0.8-1.2-0.8-2-2.2t-0.7-2.9q0-1.7 0.8-3.1 2.3 2.8 5.5 4.5t7 1.9q-0.2-0.7-0.2-1.4 0-2.5 1.8-4.3t4.3-1.8q2.7 0 4.5 1.9 2.1-0.4 3.9-1.5-0.7 2.2-2.7 3.4 1.8-0.2 3.5-0.9z\"\/><\/svg><\/span><span class=\"shariff-text\">twittern<\/span>&nbsp;<span data-service=\"twitter\" style=\"color:#55acee\" class=\"shariff-count shariff-hidezero\"><\/span>&nbsp;<\/a><\/li><li class=\"shariff-button rss shariff-nocustomcolor\" style=\"background-color:#ff8c00\"><a href=\"https:\/\/wolfsmonitor.de\/?feed=rss\" title=\"RSS-feed\" aria-label=\"RSS-feed\" role=\"button\" class=\"shariff-link\" style=\"; background-color:#fe9312; color:#fff\" target=\"_blank\"><span class=\"shariff-icon\" style=\"\"><svg width=\"32px\" height=\"20px\" xmlns=\"http:\/\/www.w3.org\/2000\/svg\" viewBox=\"0 0 32 32\"><path fill=\"#fe9312\" d=\"M4.3 23.5c-2.3 0-4.3 1.9-4.3 4.3 0 2.3 1.9 4.2 4.3 4.2 2.4 0 4.3-1.9 4.3-4.2 0-2.3-1.9-4.3-4.3-4.3zM0 10.9v6.1c4 0 7.7 1.6 10.6 4.4 2.8 2.8 4.4 6.6 4.4 10.6h6.2c0-11.7-9.5-21.1-21.1-21.1zM0 0v6.1c14.2 0 25.8 11.6 25.8 25.9h6.2c0-17.6-14.4-32-32-32z\"\/><\/svg><\/span><span class=\"shariff-text\">RSS-feed<\/span>&nbsp;<\/a><\/li><li class=\"shariff-button mailto shariff-nocustomcolor\" style=\"background-color:#a8a8a8\"><a href=\"mailto:?body=https%3A%2F%2Fwolfsmonitor.de%2F%3Fp%3D3256&subject=Umweltverb%C3%A4nde%20IFAW%2C%20NABU%20und%20WWF%20zum%20Wolfsabschuss%3A\" title=\"Per E-Mail versenden\" aria-label=\"Per E-Mail versenden\" role=\"button\" rel=\"noopener nofollow\" class=\"shariff-link\" style=\"; background-color:#999; color:#fff\"><span class=\"shariff-icon\" style=\"\"><svg width=\"32px\" height=\"20px\" xmlns=\"http:\/\/www.w3.org\/2000\/svg\" viewBox=\"0 0 32 32\"><path fill=\"#999\" d=\"M32 12.7v14.2q0 1.2-0.8 2t-2 0.9h-26.3q-1.2 0-2-0.9t-0.8-2v-14.2q0.8 0.9 1.8 1.6 6.5 4.4 8.9 6.1 1 0.8 1.6 1.2t1.7 0.9 2 0.4h0.1q0.9 0 2-0.4t1.7-0.9 1.6-1.2q3-2.2 8.9-6.1 1-0.7 1.8-1.6zM32 7.4q0 1.4-0.9 2.7t-2.2 2.2q-6.7 4.7-8.4 5.8-0.2 0.1-0.7 0.5t-1 0.7-0.9 0.6-1.1 0.5-0.9 0.2h-0.1q-0.4 0-0.9-0.2t-1.1-0.5-0.9-0.6-1-0.7-0.7-0.5q-1.6-1.1-4.7-3.2t-3.6-2.6q-1.1-0.7-2.1-2t-1-2.5q0-1.4 0.7-2.3t2.1-0.9h26.3q1.2 0 2 0.8t0.9 2z\"\/><\/svg><\/span><span class=\"shariff-text\">E-Mail<\/span>&nbsp;<\/a><\/li><li class=\"shariff-button info shariff-nocustomcolor\" style=\"background-color:#a8a8a8\"><a href=\"http:\/\/ct.de\/-2467514\" title=\"Weitere Informationen\" aria-label=\"Weitere Informationen\" role=\"button\" rel=\"noopener \" class=\"shariff-link\" style=\"; background-color:#999; color:#fff\" target=\"_blank\"><span class=\"shariff-icon\" style=\"\"><svg width=\"32px\" height=\"20px\" xmlns=\"http:\/\/www.w3.org\/2000\/svg\" viewBox=\"0 0 11 32\"><path fill=\"#999\" d=\"M11.4 24v2.3q0 0.5-0.3 0.8t-0.8 0.4h-9.1q-0.5 0-0.8-0.4t-0.4-0.8v-2.3q0-0.5 0.4-0.8t0.8-0.4h1.1v-6.8h-1.1q-0.5 0-0.8-0.4t-0.4-0.8v-2.3q0-0.5 0.4-0.8t0.8-0.4h6.8q0.5 0 0.8 0.4t0.4 0.8v10.3h1.1q0.5 0 0.8 0.4t0.3 0.8zM9.2 3.4v3.4q0 0.5-0.4 0.8t-0.8 0.4h-4.6q-0.4 0-0.8-0.4t-0.4-0.8v-3.4q0-0.4 0.4-0.8t0.8-0.4h4.6q0.5 0 0.8 0.4t0.4 0.8z\"\/><\/svg><\/span><\/a><\/li><\/ul><\/div>","protected":false},"excerpt":{"rendered":"<p>Gemeinsam nehmen die Umweltverb\u00e4nde IFAW, NABU und WWF in einer Pressemitteilung Stellung zum heutigen Wolfsabschuss (28.4.2016 im Wortlaut): &#8222;Der Wolf MT6 ist get\u00f6tet worden, wie das nieders\u00e4chsische Umweltministerium mitgeteilt hat. In einer gemeinsamen Stellungnahme \u00e4u\u00dferten die Naturschutzverb\u00e4nde IFAW, NABU und WWF Bedauern \u00fcber den Tod des Tieres und zugleich Verst\u00e4ndnis f\u00fcr die Entscheidung. Auch wenn [&hellip;]<\/p>\n<div class=\"shariff shariff-align-center shariff-widget-align-center\" data-services=\"facebook%7Ctwitter\" data-url=\"https%3A%2F%2Fwolfsmonitor.de%2F%3Fp%3D3256\" data-timestamp=\"1525530389\" data-backendurl=\"?rest_route=\/shariff\/v1\/share_counts&\"><ul class=\"shariff-buttons theme-color orientation-horizontal buttonsize-small\"><li class=\"shariff-button facebook shariff-nocustomcolor\" style=\"background-color:#4273c8\"><a href=\"https:\/\/www.facebook.com\/sharer\/sharer.php?u=https%3A%2F%2Fwolfsmonitor.de%2F%3Fp%3D3256\" title=\"Bei Facebook teilen\" aria-label=\"Bei Facebook teilen\" role=\"button\" rel=\"nofollow\" class=\"shariff-link\" style=\"; background-color:#3b5998; color:#fff\" target=\"_blank\"><span class=\"shariff-icon\" style=\"\"><svg width=\"32px\" height=\"20px\" xmlns=\"http:\/\/www.w3.org\/2000\/svg\" viewBox=\"0 0 18 32\"><path fill=\"#3b5998\" d=\"M17.1 0.2v4.7h-2.8q-1.5 0-2.1 0.6t-0.5 1.9v3.4h5.2l-0.7 5.3h-4.5v13.6h-5.5v-13.6h-4.5v-5.3h4.5v-3.9q0-3.3 1.9-5.2t5-1.8q2.6 0 4.1 0.2z\"\/><\/svg><\/span><span class=\"shariff-text\">teilen<\/span>&nbsp;<span data-service=\"facebook\" style=\"color:#3b5998\" class=\"shariff-count shariff-hidezero\"><\/span>&nbsp;<\/a><\/li><li class=\"shariff-button twitter shariff-nocustomcolor\" style=\"background-color:#32bbf5\"><a href=\"https:\/\/twitter.com\/share?url=https%3A%2F%2Fwolfsmonitor.de%2F%3Fp%3D3256&text=Umweltverb%C3%A4nde%20IFAW%2C%20NABU%20und%20WWF%20zum%20Wolfsabschuss%3A\" title=\"Bei Twitter teilen\" aria-label=\"Bei Twitter teilen\" role=\"button\" rel=\"noopener nofollow\" class=\"shariff-link\" style=\"; background-color:#55acee; color:#fff\" target=\"_blank\"><span class=\"shariff-icon\" style=\"\"><svg width=\"32px\" height=\"20px\" xmlns=\"http:\/\/www.w3.org\/2000\/svg\" viewBox=\"0 0 30 32\"><path fill=\"#55acee\" d=\"M29.7 6.8q-1.2 1.8-3 3.1 0 0.3 0 0.8 0 2.5-0.7 4.9t-2.2 4.7-3.5 4-4.9 2.8-6.1 1q-5.1 0-9.3-2.7 0.6 0.1 1.5 0.1 4.3 0 7.6-2.6-2-0.1-3.5-1.2t-2.2-3q0.6 0.1 1.1 0.1 0.8 0 1.6-0.2-2.1-0.4-3.5-2.1t-1.4-3.9v-0.1q1.3 0.7 2.8 0.8-1.2-0.8-2-2.2t-0.7-2.9q0-1.7 0.8-3.1 2.3 2.8 5.5 4.5t7 1.9q-0.2-0.7-0.2-1.4 0-2.5 1.8-4.3t4.3-1.8q2.7 0 4.5 1.9 2.1-0.4 3.9-1.5-0.7 2.2-2.7 3.4 1.8-0.2 3.5-0.9z\"\/><\/svg><\/span><span class=\"shariff-text\">twittern<\/span>&nbsp;<span data-service=\"twitter\" style=\"color:#55acee\" class=\"shariff-count shariff-hidezero\"><\/span>&nbsp;<\/a><\/li><li class=\"shariff-button rss shariff-nocustomcolor\" style=\"background-color:#ff8c00\"><a href=\"https:\/\/wolfsmonitor.de\/?feed=rss\" title=\"RSS-feed\" aria-label=\"RSS-feed\" role=\"button\" class=\"shariff-link\" style=\"; background-color:#fe9312; color:#fff\" target=\"_blank\"><span class=\"shariff-icon\" style=\"\"><svg width=\"32px\" height=\"20px\" xmlns=\"http:\/\/www.w3.org\/2000\/svg\" viewBox=\"0 0 32 32\"><path fill=\"#fe9312\" d=\"M4.3 23.5c-2.3 0-4.3 1.9-4.3 4.3 0 2.3 1.9 4.2 4.3 4.2 2.4 0 4.3-1.9 4.3-4.2 0-2.3-1.9-4.3-4.3-4.3zM0 10.9v6.1c4 0 7.7 1.6 10.6 4.4 2.8 2.8 4.4 6.6 4.4 10.6h6.2c0-11.7-9.5-21.1-21.1-21.1zM0 0v6.1c14.2 0 25.8 11.6 25.8 25.9h6.2c0-17.6-14.4-32-32-32z\"\/><\/svg><\/span><span class=\"shariff-text\">RSS-feed<\/span>&nbsp;<\/a><\/li><li class=\"shariff-button mailto shariff-nocustomcolor\" style=\"background-color:#a8a8a8\"><a href=\"mailto:?body=https%3A%2F%2Fwolfsmonitor.de%2F%3Fp%3D3256&subject=Umweltverb%C3%A4nde%20IFAW%2C%20NABU%20und%20WWF%20zum%20Wolfsabschuss%3A\" title=\"Per E-Mail versenden\" aria-label=\"Per E-Mail versenden\" role=\"button\" rel=\"noopener nofollow\" class=\"shariff-link\" style=\"; background-color:#999; color:#fff\"><span class=\"shariff-icon\" style=\"\"><svg width=\"32px\" height=\"20px\" xmlns=\"http:\/\/www.w3.org\/2000\/svg\" viewBox=\"0 0 32 32\"><path fill=\"#999\" d=\"M32 12.7v14.2q0 1.2-0.8 2t-2 0.9h-26.3q-1.2 0-2-0.9t-0.8-2v-14.2q0.8 0.9 1.8 1.6 6.5 4.4 8.9 6.1 1 0.8 1.6 1.2t1.7 0.9 2 0.4h0.1q0.9 0 2-0.4t1.7-0.9 1.6-1.2q3-2.2 8.9-6.1 1-0.7 1.8-1.6zM32 7.4q0 1.4-0.9 2.7t-2.2 2.2q-6.7 4.7-8.4 5.8-0.2 0.1-0.7 0.5t-1 0.7-0.9 0.6-1.1 0.5-0.9 0.2h-0.1q-0.4 0-0.9-0.2t-1.1-0.5-0.9-0.6-1-0.7-0.7-0.5q-1.6-1.1-4.7-3.2t-3.6-2.6q-1.1-0.7-2.1-2t-1-2.5q0-1.4 0.7-2.3t2.1-0.9h26.3q1.2 0 2 0.8t0.9 2z\"\/><\/svg><\/span><span class=\"shariff-text\">E-Mail<\/span>&nbsp;<\/a><\/li><li class=\"shariff-button info shariff-nocustomcolor\" style=\"background-color:#a8a8a8\"><a href=\"http:\/\/ct.de\/-2467514\" title=\"Weitere Informationen\" aria-label=\"Weitere Informationen\" role=\"button\" rel=\"noopener \" class=\"shariff-link\" style=\"; background-color:#999; color:#fff\" target=\"_blank\"><span class=\"shariff-icon\" style=\"\"><svg width=\"32px\" height=\"20px\" xmlns=\"http:\/\/www.w3.org\/2000\/svg\" viewBox=\"0 0 11 32\"><path fill=\"#999\" d=\"M11.4 24v2.3q0 0.5-0.3 0.8t-0.8 0.4h-9.1q-0.5 0-0.8-0.4t-0.4-0.8v-2.3q0-0.5 0.4-0.8t0.8-0.4h1.1v-6.8h-1.1q-0.5 0-0.8-0.4t-0.4-0.8v-2.3q0-0.5 0.4-0.8t0.8-0.4h6.8q0.5 0 0.8 0.4t0.4 0.8v10.3h1.1q0.5 0 0.8 0.4t0.3 0.8zM9.2 3.4v3.4q0 0.5-0.4 0.8t-0.8 0.4h-4.6q-0.4 0-0.8-0.4t-0.4-0.8v-3.4q0-0.4 0.4-0.8t0.8-0.4h4.6q0.5 0 0.8 0.4t0.4 0.8z\"\/><\/svg><\/span><\/a><\/li><\/ul><\/div>","protected":false},"author":1,"featured_media":1193,"comment_status":"closed","ping_status":"open","sticky":false,"template":"","format":"standard","meta":{"spay_email":""},"categories":[126],"tags":[2677,435,2658,2161,2183,502,14,2678,2676,2675,2664,2673,2422,1778,2672,2674,266],"jetpack_featured_media_url":"https:\/\/i1.wp.com\/wolfsmonitor.de\/wp-content\/uploads\/2015\/09\/Beitragsfoto-Aufgelesen-2.te-Fassung.jpg?fit=581%2C520&ssl=1","jetpack_shortlink":"https:\/\/wp.me\/p61YbU-Qw","jetpack-related-posts":[{"id":7367,"url":"https:\/\/wolfsmonitor.de\/?p=7367","url_meta":{"origin":3256,"position":0},"title":"IFAW, NABU und WWF kritisieren Abschussfreigabe in Sachsen \"aufs Sch\u00e4rfste\"!","date":"20. Januar 2017","format":false,"excerpt":"Soeben eingetroffen (im Wortlaut): \"Gemeinsame Stellungnahme der Umweltverb\u00e4nde IFAW, NABU und WWF zum angek\u00fcndigten Wolfs-Abschuss in Sachsen.\" Berlin, 20.01.17 - \"In einer gemeinsamen Stellungnahme kritisieren die Naturschutzverb\u00e4nde IFAW, NABU und WWF einhellig und aufs Sch\u00e4rfste die Abschussfreigabe f\u00fcr einen Wolfsr\u00fcden in Sachsen. Sie sprechen von einer \u201epolitisch motivierten\u201c Entscheidung, der\u2026","rel":"","context":"In &quot;Aktuell&quot;","img":{"alt_text":"Wolf (Foto: Naturfotograf Heiko Anders)","src":"https:\/\/i1.wp.com\/wolfsmonitor.de\/wp-content\/uploads\/2016\/05\/Beitragsfoto-Heiko-Anders-Aktuell.jpg?fit=654%2C492&ssl=1&resize=350%2C200","width":350,"height":200},"classes":[]},{"id":17192,"url":"https:\/\/wolfsmonitor.de\/?p=17192","url_meta":{"origin":3256,"position":1},"title":"NABU, WWF und IFAW: Harsche Kritik am beh\u00f6rdlichen Wolfsmanagement beim Rodewalder R\u00fcden","date":"9. Mai 2019","format":false,"excerpt":"NABU, WWF und IFAW kritisieren die Entscheidung des nieders\u00e4chsischen Landesumweltministeriums, die Abschussgenehmigung des Rodewalder Wolfsr\u00fcden mit der Bezeichnung \u201eGW717m\u201c erneut zu verl\u00e4ngern. Laut Medienberichten spielt Niedersachsens Umweltminister Olaf Lies mit dem Gedanken, W\u00f6lfe auch ohne individuelle Zuordnung abschie\u00dfen lassen zu wollen. Aus Sicht der Verb\u00e4nde tragen die Aussagen aus dem\u2026","rel":"","context":"In &quot;Presseinformationen&quot;","img":{"alt_text":"Wolf im Tierpark (Foto: Vogler)","src":"https:\/\/i0.wp.com\/wolfsmonitor.de\/wp-content\/uploads\/2016\/09\/Beitragsfoto-PI-PM.jpg?fit=752%2C497&ssl=1&resize=350%2C200","width":350,"height":200},"classes":[]},{"id":10246,"url":"https:\/\/wolfsmonitor.de\/?p=10246","url_meta":{"origin":3256,"position":2},"title":"Acht Verb\u00e4nde pr\u00e4sentieren sieben Eckpunkte f\u00fcr ein konfliktarmes Miteinander von Wolf und Weidetieren","date":"5. September 2017","format":false,"excerpt":"Sch\u00e4fer, Weidetierhalter und Umweltverb\u00e4nde ver\u00f6ffentlichten nun erstmals eine gemeinsame Stellungnahme zu Wolf und Weidetieren (WM berichtete, hier!). Die sieben Forderungen lauten: \"Weidetierhaltung & Wolf in Deutschland\" Eckpunkte f\u00fcr ein konfliktarmes Miteinander Bundesverband Berufssch\u00e4fer, Bund f\u00fcr Umwelt und Naturschutz Deutschland, Deutscher Gr\u00fcnlandverband, Deutscher Tierschutzbund, International Fund for Animal Welfare, Naturschutzbund Deutschland\u2026","rel":"","context":"In &quot;Hintergr\u00fcnde&quot;","img":{"alt_text":"Wolf im TP Nordhorn (Foto: Vogler)","src":"https:\/\/i2.wp.com\/wolfsmonitor.de\/wp-content\/uploads\/2016\/02\/Hintergrund-2016.jpg?fit=518%2C494&ssl=1&resize=350%2C200","width":350,"height":200},"classes":[]},{"id":7474,"url":"https:\/\/wolfsmonitor.de\/?p=7474","url_meta":{"origin":3256,"position":3},"title":"Bereits 20.000 Unterschriften: Widerstand gegen Abschuss von Wolf \u201ePumpak\u201c w\u00e4chst!","date":"25. Januar 2017","format":false,"excerpt":"Bereits \u00fcber 20.000 Menschen haben innerhalb von nur viereinhalb Tagen die Online-Petition \"Wolf Pumpak muss weiterleben\" gegen den Abschuss des jungen Wolfes in Sachsen unterzeichnet. Sie beschweren sich damit gegen die Entscheidung der verantwortlichen Beh\u00f6rden, den jungen Wolf mit dem Spitznamen \u201ePumpak\u201c (polnisch \u201eder Fette\u201c) auf der Grundlage einer artenschutzrechtlichen\u2026","rel":"","context":"In &quot;Kurzinfo&quot;","img":{"alt_text":"Wolf im Zoo Nordhorn (Foto: Vogler)","src":"https:\/\/i2.wp.com\/wolfsmonitor.de\/wp-content\/uploads\/2016\/09\/Beitragsfoto-Kurzinfo.jpg?fit=628%2C505&ssl=1&resize=350%2C200","width":350,"height":200},"classes":[]},{"id":7609,"url":"https:\/\/wolfsmonitor.de\/?p=7609","url_meta":{"origin":3256,"position":4},"title":"Pumpak lebt noch \u2013 Genehmigung zum Abschuss gilt noch zwei Wochen","date":"2. Februar 2017","format":false,"excerpt":"Es sind wenige heute in der Lausitzer Rundschau ver\u00f6ffentlichte S\u00e4tze von Frank Meyer, Pressesprecher beim S\u00e4chsischen Ministerium f\u00fcr Umwelt und Landwirtschaft (SMUL), die aufhorchen lassen: Der zum Abschuss freigegebene Wolf \"Pumpak\" lebt angeblich noch, das letzte Mal wurde er am 19 Januar in Quolsdorf gesehen. Die H\u00e4lfte der Zeitspanne f\u00fcr\u2026","rel":"","context":"In &quot;Hintergr\u00fcnde&quot;","img":{"alt_text":"Wolf im Tierpark Nordhorn","src":"https:\/\/i2.wp.com\/wolfsmonitor.de\/wp-content\/uploads\/2015\/09\/Beitragsfoto-Hintergr\u00fcnde.jpg?fit=572%2C508&ssl=1&resize=350%2C200","width":350,"height":200},"classes":[]},{"id":6303,"url":"https:\/\/wolfsmonitor.de\/?p=6303","url_meta":{"origin":3256,"position":5},"title":"Pflichtvergessende Wolfskom\u00f6die?","date":"29. November 2016","format":false,"excerpt":"Wie w\u00fcrde es auf Sie wirken, liebe Leserinnen und Leser, wenn der BDI dem BVMW (also der \u201eBundesverband der Deutschen Industrie\u201c dem \u201eBundesverband mittelst\u00e4ndische Wirtschaft\u201c) einen recht provokant formulierten Fragenkatalog mit der ver\u00f6ffentlichten Bitte \u00fcbersenden w\u00fcrde, die aufgef\u00fchrten Fragen zum umstrittenen TTIP-Thema m\u00f6glichst im Vorfeld eines gemeinsamen Treffens zu beantworten?\u2026","rel":"","context":"In &quot;Standpunkte&quot;","img":{"alt_text":"Wolf im Tierpark Nordhorn","src":"https:\/\/i1.wp.com\/wolfsmonitor.de\/wp-content\/uploads\/2015\/04\/WM-Kommentar.jpg?fit=512%2C442&ssl=1&resize=350%2C200","width":350,"height":200},"classes":[]}],"_links":{"self":[{"href":"https:\/\/wolfsmonitor.de\/index.php?rest_route=\/wp\/v2\/posts\/3256"}],"collection":[{"href":"https:\/\/wolfsmonitor.de\/index.php?rest_route=\/wp\/v2\/posts"}],"about":[{"href":"https:\/\/wolfsmonitor.de\/index.php?rest_route=\/wp\/v2\/types\/post"}],"author":[{"embeddable":true,"href":"https:\/\/wolfsmonitor.de\/index.php?rest_route=\/wp\/v2\/users\/1"}],"replies":[{"embeddable":true,"href":"https:\/\/wolfsmonitor.de\/index.php?rest_route=%2Fwp%2Fv2%2Fcomments&post=3256"}],"version-history":[{"count":6,"href":"https:\/\/wolfsmonitor.de\/index.php?rest_route=\/wp\/v2\/posts\/3256\/revisions"}],"predecessor-version":[{"id":3264,"href":"https:\/\/wolfsmonitor.de\/index.php?rest_route=\/wp\/v2\/posts\/3256\/revisions\/3264"}],"wp:featuredmedia":[{"embeddable":true,"href":"https:\/\/wolfsmonitor.de\/index.php?rest_route=\/wp\/v2\/media\/1193"}],"wp:attachment":[{"href":"https:\/\/wolfsmonitor.de\/index.php?rest_route=%2Fwp%2Fv2%2Fmedia&parent=3256"}],"wp:term":[{"taxonomy":"category","embeddable":true,"href":"https:\/\/wolfsmonitor.de\/index.php?rest_route=%2Fwp%2Fv2%2Fcategories&post=3256"},{"taxonomy":"post_tag","embeddable":true,"href":"https:\/\/wolfsmonitor.de\/index.php?rest_route=%2Fwp%2Fv2%2Ftags&post=3256"}],"curies":[{"name":"wp","href":"https:\/\/api.w.org\/{rel}","templated":true}]}}