{"id":3293,"date":"2016-05-02T08:39:35","date_gmt":"2016-05-02T06:39:35","guid":{"rendered":"http:\/\/wolfsmonitor.de\/?p=3293"},"modified":"2018-05-05T14:27:21","modified_gmt":"2018-05-05T12:27:21","slug":"wolfsabschuss-hat-juristisches-nachspiel","status":"publish","type":"post","link":"https:\/\/wolfsmonitor.de\/?p=3293","title":{"rendered":"Wolfsabschuss hat juristisches Nachspiel"},"content":{"rendered":"<p><strong>Der Abschuss eines jungen Wolfes aus dem Munsteraner Rudel, von Wolfsfreunden \u201eKurti\u201c genannt, von Wissenschaftlern als \u201eMT 6\u201c bezeichnet, hat ein juristisches Nachspiel.<\/strong><\/p>\n<p>Die Partei \u201eETHIA\u201c mit Sitz in Hamburg gab am Wochenende bekannt, dass die Bundesvorsitzende der Partei, Bettina Jung, Strafanzeige gegen Umweltminister Wenzel aufgrund der T\u00f6tung von Wolf \u201eKurti\u201c gestellt hat.<!--more--><\/p>\n<p>Die Strafanzeige und der Strafantrag wurden erhoben \u201ewegen des Verdachts des Versto\u00dfes gegen das Tierschutzgesetz, sowie gegen das Bundesnaturschutzgesetz und aller in Betracht kommenden Delikte\u201c, also gegen \u00a7 1 des Tierschutzgesetzes und \u00a7 39 Absatz 1 des Bundesnaturschutzgesetzes.<\/p>\n<p><strong>Die vollst\u00e4ndige Pressemeldung <span style=\"color: #0000ff;\"><a style=\"color: #0000ff;\" title=\"ETHIA, 30.4.2016\" href=\"http:\/\/www.ethia.de\/2016\/04\/30\/pressemitteilung-strafanzeige-gegen-umweltminister-wenzel-aufgrund-der-toetung-von-wolf-kurti\/\" target=\"_blank\">k\u00f6nnen Sie hier einsehen!<\/a><\/span><\/strong><\/p>\n<p><em>(Quelle: ETHIA, <\/em><em>www.ethia.de<\/em><em>, Pressemitteilung vom 30. April: \u201eStrafanzeige gegen Umweltminister Wenzel aufgrund der T\u00f6tung von Wolf \u201eKurti\u201c, abgerufen am 02. Mai 2016, <span style=\"color: #0000ff;\"><a style=\"color: #0000ff;\" title=\"ETHIA, 30.04.2016\" href=\"http:\/\/www.ethia.de\/2016\/04\/30\/pressemitteilung-strafanzeige-gegen-umweltminister-wenzel-aufgrund-der-toetung-von-wolf-kurti\/\" target=\"_blank\">hier der Link!)<\/a><\/span><\/em><\/p>\n<div class=\"shariff shariff-align-center shariff-widget-align-center\" data-services=\"facebook%7Ctwitter\" data-url=\"https%3A%2F%2Fwolfsmonitor.de%2F%3Fp%3D3293\" data-timestamp=\"1525530441\" data-backendurl=\"?rest_route=\/shariff\/v1\/share_counts&\"><ul class=\"shariff-buttons theme-color orientation-horizontal buttonsize-small\"><li class=\"shariff-button facebook shariff-nocustomcolor\" style=\"background-color:#4273c8\"><a href=\"https:\/\/www.facebook.com\/sharer\/sharer.php?u=https%3A%2F%2Fwolfsmonitor.de%2F%3Fp%3D3293\" title=\"Bei Facebook teilen\" aria-label=\"Bei Facebook teilen\" role=\"button\" rel=\"nofollow\" class=\"shariff-link\" style=\"; background-color:#3b5998; color:#fff\" target=\"_blank\"><span class=\"shariff-icon\" style=\"\"><svg width=\"32px\" height=\"20px\" xmlns=\"http:\/\/www.w3.org\/2000\/svg\" viewBox=\"0 0 18 32\"><path fill=\"#3b5998\" d=\"M17.1 0.2v4.7h-2.8q-1.5 0-2.1 0.6t-0.5 1.9v3.4h5.2l-0.7 5.3h-4.5v13.6h-5.5v-13.6h-4.5v-5.3h4.5v-3.9q0-3.3 1.9-5.2t5-1.8q2.6 0 4.1 0.2z\"\/><\/svg><\/span><span class=\"shariff-text\">teilen<\/span>&nbsp;<span data-service=\"facebook\" style=\"color:#3b5998\" class=\"shariff-count shariff-hidezero\"><\/span>&nbsp;<\/a><\/li><li class=\"shariff-button twitter shariff-nocustomcolor\" style=\"background-color:#32bbf5\"><a href=\"https:\/\/twitter.com\/share?url=https%3A%2F%2Fwolfsmonitor.de%2F%3Fp%3D3293&text=Wolfsabschuss%20hat%20juristisches%20Nachspiel\" title=\"Bei Twitter teilen\" aria-label=\"Bei Twitter teilen\" role=\"button\" rel=\"noopener nofollow\" class=\"shariff-link\" style=\"; background-color:#55acee; color:#fff\" target=\"_blank\"><span class=\"shariff-icon\" style=\"\"><svg width=\"32px\" height=\"20px\" xmlns=\"http:\/\/www.w3.org\/2000\/svg\" viewBox=\"0 0 30 32\"><path fill=\"#55acee\" d=\"M29.7 6.8q-1.2 1.8-3 3.1 0 0.3 0 0.8 0 2.5-0.7 4.9t-2.2 4.7-3.5 4-4.9 2.8-6.1 1q-5.1 0-9.3-2.7 0.6 0.1 1.5 0.1 4.3 0 7.6-2.6-2-0.1-3.5-1.2t-2.2-3q0.6 0.1 1.1 0.1 0.8 0 1.6-0.2-2.1-0.4-3.5-2.1t-1.4-3.9v-0.1q1.3 0.7 2.8 0.8-1.2-0.8-2-2.2t-0.7-2.9q0-1.7 0.8-3.1 2.3 2.8 5.5 4.5t7 1.9q-0.2-0.7-0.2-1.4 0-2.5 1.8-4.3t4.3-1.8q2.7 0 4.5 1.9 2.1-0.4 3.9-1.5-0.7 2.2-2.7 3.4 1.8-0.2 3.5-0.9z\"\/><\/svg><\/span><span class=\"shariff-text\">twittern<\/span>&nbsp;<span data-service=\"twitter\" style=\"color:#55acee\" class=\"shariff-count shariff-hidezero\"><\/span>&nbsp;<\/a><\/li><li class=\"shariff-button rss shariff-nocustomcolor\" style=\"background-color:#ff8c00\"><a href=\"https:\/\/wolfsmonitor.de\/?feed=rss\" title=\"RSS-feed\" aria-label=\"RSS-feed\" role=\"button\" class=\"shariff-link\" style=\"; background-color:#fe9312; color:#fff\" target=\"_blank\"><span class=\"shariff-icon\" style=\"\"><svg width=\"32px\" height=\"20px\" xmlns=\"http:\/\/www.w3.org\/2000\/svg\" viewBox=\"0 0 32 32\"><path fill=\"#fe9312\" d=\"M4.3 23.5c-2.3 0-4.3 1.9-4.3 4.3 0 2.3 1.9 4.2 4.3 4.2 2.4 0 4.3-1.9 4.3-4.2 0-2.3-1.9-4.3-4.3-4.3zM0 10.9v6.1c4 0 7.7 1.6 10.6 4.4 2.8 2.8 4.4 6.6 4.4 10.6h6.2c0-11.7-9.5-21.1-21.1-21.1zM0 0v6.1c14.2 0 25.8 11.6 25.8 25.9h6.2c0-17.6-14.4-32-32-32z\"\/><\/svg><\/span><span class=\"shariff-text\">RSS-feed<\/span>&nbsp;<\/a><\/li><li class=\"shariff-button mailto shariff-nocustomcolor\" style=\"background-color:#a8a8a8\"><a href=\"mailto:?body=https%3A%2F%2Fwolfsmonitor.de%2F%3Fp%3D3293&subject=Wolfsabschuss%20hat%20juristisches%20Nachspiel\" title=\"Per E-Mail versenden\" aria-label=\"Per E-Mail versenden\" role=\"button\" rel=\"noopener nofollow\" class=\"shariff-link\" style=\"; background-color:#999; color:#fff\"><span class=\"shariff-icon\" style=\"\"><svg width=\"32px\" height=\"20px\" xmlns=\"http:\/\/www.w3.org\/2000\/svg\" viewBox=\"0 0 32 32\"><path fill=\"#999\" d=\"M32 12.7v14.2q0 1.2-0.8 2t-2 0.9h-26.3q-1.2 0-2-0.9t-0.8-2v-14.2q0.8 0.9 1.8 1.6 6.5 4.4 8.9 6.1 1 0.8 1.6 1.2t1.7 0.9 2 0.4h0.1q0.9 0 2-0.4t1.7-0.9 1.6-1.2q3-2.2 8.9-6.1 1-0.7 1.8-1.6zM32 7.4q0 1.4-0.9 2.7t-2.2 2.2q-6.7 4.7-8.4 5.8-0.2 0.1-0.7 0.5t-1 0.7-0.9 0.6-1.1 0.5-0.9 0.2h-0.1q-0.4 0-0.9-0.2t-1.1-0.5-0.9-0.6-1-0.7-0.7-0.5q-1.6-1.1-4.7-3.2t-3.6-2.6q-1.1-0.7-2.1-2t-1-2.5q0-1.4 0.7-2.3t2.1-0.9h26.3q1.2 0 2 0.8t0.9 2z\"\/><\/svg><\/span><span class=\"shariff-text\">E-Mail<\/span>&nbsp;<\/a><\/li><li class=\"shariff-button info shariff-nocustomcolor\" style=\"background-color:#a8a8a8\"><a href=\"http:\/\/ct.de\/-2467514\" title=\"Weitere Informationen\" aria-label=\"Weitere Informationen\" role=\"button\" rel=\"noopener \" class=\"shariff-link\" style=\"; background-color:#999; color:#fff\" target=\"_blank\"><span class=\"shariff-icon\" style=\"\"><svg width=\"32px\" height=\"20px\" xmlns=\"http:\/\/www.w3.org\/2000\/svg\" viewBox=\"0 0 11 32\"><path fill=\"#999\" d=\"M11.4 24v2.3q0 0.5-0.3 0.8t-0.8 0.4h-9.1q-0.5 0-0.8-0.4t-0.4-0.8v-2.3q0-0.5 0.4-0.8t0.8-0.4h1.1v-6.8h-1.1q-0.5 0-0.8-0.4t-0.4-0.8v-2.3q0-0.5 0.4-0.8t0.8-0.4h6.8q0.5 0 0.8 0.4t0.4 0.8v10.3h1.1q0.5 0 0.8 0.4t0.3 0.8zM9.2 3.4v3.4q0 0.5-0.4 0.8t-0.8 0.4h-4.6q-0.4 0-0.8-0.4t-0.4-0.8v-3.4q0-0.4 0.4-0.8t0.8-0.4h4.6q0.5 0 0.8 0.4t0.4 0.8z\"\/><\/svg><\/span><\/a><\/li><\/ul><\/div>","protected":false},"excerpt":{"rendered":"<p>Der Abschuss eines jungen Wolfes aus dem Munsteraner Rudel, von Wolfsfreunden \u201eKurti\u201c genannt, von Wissenschaftlern als \u201eMT 6\u201c bezeichnet, hat ein juristisches Nachspiel. Die Partei \u201eETHIA\u201c mit Sitz in Hamburg gab am Wochenende bekannt, dass die Bundesvorsitzende der Partei, Bettina Jung, Strafanzeige gegen Umweltminister Wenzel aufgrund der T\u00f6tung von Wolf \u201eKurti\u201c gestellt hat.<\/p>\n<div class=\"shariff shariff-align-center shariff-widget-align-center\" data-services=\"facebook%7Ctwitter\" data-url=\"https%3A%2F%2Fwolfsmonitor.de%2F%3Fp%3D3293\" data-timestamp=\"1525530441\" data-backendurl=\"?rest_route=\/shariff\/v1\/share_counts&\"><ul class=\"shariff-buttons theme-color orientation-horizontal buttonsize-small\"><li class=\"shariff-button facebook shariff-nocustomcolor\" style=\"background-color:#4273c8\"><a href=\"https:\/\/www.facebook.com\/sharer\/sharer.php?u=https%3A%2F%2Fwolfsmonitor.de%2F%3Fp%3D3293\" title=\"Bei Facebook teilen\" aria-label=\"Bei Facebook teilen\" role=\"button\" rel=\"nofollow\" class=\"shariff-link\" style=\"; background-color:#3b5998; color:#fff\" target=\"_blank\"><span class=\"shariff-icon\" style=\"\"><svg width=\"32px\" height=\"20px\" xmlns=\"http:\/\/www.w3.org\/2000\/svg\" viewBox=\"0 0 18 32\"><path fill=\"#3b5998\" d=\"M17.1 0.2v4.7h-2.8q-1.5 0-2.1 0.6t-0.5 1.9v3.4h5.2l-0.7 5.3h-4.5v13.6h-5.5v-13.6h-4.5v-5.3h4.5v-3.9q0-3.3 1.9-5.2t5-1.8q2.6 0 4.1 0.2z\"\/><\/svg><\/span><span class=\"shariff-text\">teilen<\/span>&nbsp;<span data-service=\"facebook\" style=\"color:#3b5998\" class=\"shariff-count shariff-hidezero\"><\/span>&nbsp;<\/a><\/li><li class=\"shariff-button twitter shariff-nocustomcolor\" style=\"background-color:#32bbf5\"><a href=\"https:\/\/twitter.com\/share?url=https%3A%2F%2Fwolfsmonitor.de%2F%3Fp%3D3293&text=Wolfsabschuss%20hat%20juristisches%20Nachspiel\" title=\"Bei Twitter teilen\" aria-label=\"Bei Twitter teilen\" role=\"button\" rel=\"noopener nofollow\" class=\"shariff-link\" style=\"; background-color:#55acee; color:#fff\" target=\"_blank\"><span class=\"shariff-icon\" style=\"\"><svg width=\"32px\" height=\"20px\" xmlns=\"http:\/\/www.w3.org\/2000\/svg\" viewBox=\"0 0 30 32\"><path fill=\"#55acee\" d=\"M29.7 6.8q-1.2 1.8-3 3.1 0 0.3 0 0.8 0 2.5-0.7 4.9t-2.2 4.7-3.5 4-4.9 2.8-6.1 1q-5.1 0-9.3-2.7 0.6 0.1 1.5 0.1 4.3 0 7.6-2.6-2-0.1-3.5-1.2t-2.2-3q0.6 0.1 1.1 0.1 0.8 0 1.6-0.2-2.1-0.4-3.5-2.1t-1.4-3.9v-0.1q1.3 0.7 2.8 0.8-1.2-0.8-2-2.2t-0.7-2.9q0-1.7 0.8-3.1 2.3 2.8 5.5 4.5t7 1.9q-0.2-0.7-0.2-1.4 0-2.5 1.8-4.3t4.3-1.8q2.7 0 4.5 1.9 2.1-0.4 3.9-1.5-0.7 2.2-2.7 3.4 1.8-0.2 3.5-0.9z\"\/><\/svg><\/span><span class=\"shariff-text\">twittern<\/span>&nbsp;<span data-service=\"twitter\" style=\"color:#55acee\" class=\"shariff-count shariff-hidezero\"><\/span>&nbsp;<\/a><\/li><li class=\"shariff-button rss shariff-nocustomcolor\" style=\"background-color:#ff8c00\"><a href=\"https:\/\/wolfsmonitor.de\/?feed=rss\" title=\"RSS-feed\" aria-label=\"RSS-feed\" role=\"button\" class=\"shariff-link\" style=\"; background-color:#fe9312; color:#fff\" target=\"_blank\"><span class=\"shariff-icon\" style=\"\"><svg width=\"32px\" height=\"20px\" xmlns=\"http:\/\/www.w3.org\/2000\/svg\" viewBox=\"0 0 32 32\"><path fill=\"#fe9312\" d=\"M4.3 23.5c-2.3 0-4.3 1.9-4.3 4.3 0 2.3 1.9 4.2 4.3 4.2 2.4 0 4.3-1.9 4.3-4.2 0-2.3-1.9-4.3-4.3-4.3zM0 10.9v6.1c4 0 7.7 1.6 10.6 4.4 2.8 2.8 4.4 6.6 4.4 10.6h6.2c0-11.7-9.5-21.1-21.1-21.1zM0 0v6.1c14.2 0 25.8 11.6 25.8 25.9h6.2c0-17.6-14.4-32-32-32z\"\/><\/svg><\/span><span class=\"shariff-text\">RSS-feed<\/span>&nbsp;<\/a><\/li><li class=\"shariff-button mailto shariff-nocustomcolor\" style=\"background-color:#a8a8a8\"><a href=\"mailto:?body=https%3A%2F%2Fwolfsmonitor.de%2F%3Fp%3D3293&subject=Wolfsabschuss%20hat%20juristisches%20Nachspiel\" title=\"Per E-Mail versenden\" aria-label=\"Per E-Mail versenden\" role=\"button\" rel=\"noopener nofollow\" class=\"shariff-link\" style=\"; background-color:#999; color:#fff\"><span class=\"shariff-icon\" style=\"\"><svg width=\"32px\" height=\"20px\" xmlns=\"http:\/\/www.w3.org\/2000\/svg\" viewBox=\"0 0 32 32\"><path fill=\"#999\" d=\"M32 12.7v14.2q0 1.2-0.8 2t-2 0.9h-26.3q-1.2 0-2-0.9t-0.8-2v-14.2q0.8 0.9 1.8 1.6 6.5 4.4 8.9 6.1 1 0.8 1.6 1.2t1.7 0.9 2 0.4h0.1q0.9 0 2-0.4t1.7-0.9 1.6-1.2q3-2.2 8.9-6.1 1-0.7 1.8-1.6zM32 7.4q0 1.4-0.9 2.7t-2.2 2.2q-6.7 4.7-8.4 5.8-0.2 0.1-0.7 0.5t-1 0.7-0.9 0.6-1.1 0.5-0.9 0.2h-0.1q-0.4 0-0.9-0.2t-1.1-0.5-0.9-0.6-1-0.7-0.7-0.5q-1.6-1.1-4.7-3.2t-3.6-2.6q-1.1-0.7-2.1-2t-1-2.5q0-1.4 0.7-2.3t2.1-0.9h26.3q1.2 0 2 0.8t0.9 2z\"\/><\/svg><\/span><span class=\"shariff-text\">E-Mail<\/span>&nbsp;<\/a><\/li><li class=\"shariff-button info shariff-nocustomcolor\" style=\"background-color:#a8a8a8\"><a href=\"http:\/\/ct.de\/-2467514\" title=\"Weitere Informationen\" aria-label=\"Weitere Informationen\" role=\"button\" rel=\"noopener \" class=\"shariff-link\" style=\"; background-color:#999; color:#fff\" target=\"_blank\"><span class=\"shariff-icon\" style=\"\"><svg width=\"32px\" height=\"20px\" xmlns=\"http:\/\/www.w3.org\/2000\/svg\" viewBox=\"0 0 11 32\"><path fill=\"#999\" d=\"M11.4 24v2.3q0 0.5-0.3 0.8t-0.8 0.4h-9.1q-0.5 0-0.8-0.4t-0.4-0.8v-2.3q0-0.5 0.4-0.8t0.8-0.4h1.1v-6.8h-1.1q-0.5 0-0.8-0.4t-0.4-0.8v-2.3q0-0.5 0.4-0.8t0.8-0.4h6.8q0.5 0 0.8 0.4t0.4 0.8v10.3h1.1q0.5 0 0.8 0.4t0.3 0.8zM9.2 3.4v3.4q0 0.5-0.4 0.8t-0.8 0.4h-4.6q-0.4 0-0.8-0.4t-0.4-0.8v-3.4q0-0.4 0.4-0.8t0.8-0.4h4.6q0.5 0 0.8 0.4t0.4 0.8z\"\/><\/svg><\/span><\/a><\/li><\/ul><\/div>","protected":false},"author":1,"featured_media":1193,"comment_status":"closed","ping_status":"open","sticky":false,"template":"","format":"standard","meta":{"spay_email":""},"categories":[126],"tags":[2696,318,2697,2699,2161,2639,502,2698,2700,2265,2701,2233],"jetpack_featured_media_url":"https:\/\/i1.wp.com\/wolfsmonitor.de\/wp-content\/uploads\/2015\/09\/Beitragsfoto-Aufgelesen-2.te-Fassung.jpg?fit=581%2C520&ssl=1","jetpack_shortlink":"https:\/\/wp.me\/p61YbU-R7","jetpack-related-posts":[{"id":3365,"url":"https:\/\/wolfsmonitor.de\/?p=3365","url_meta":{"origin":3293,"position":0},"title":"Tierschutzpartei pr\u00fcft ebenfalls Klage wegen der T\u00f6tung von \"MT6\"","date":"4. Mai 2016","format":false,"excerpt":"Nachdem die Partei \u201eETHIA\u201c mit Sitz in Hamburg k\u00fcrzlich bekannt gab, dass sie eine Strafanzeige gegen Umweltminister Wenzel aufgrund der T\u00f6tung von Wolf \u201eKurti\u201c gestellt habe (Wolfsmonitor berichtete, hier der Link!), meldete heute nun die Partei \u201eMensch, Umwelt, Tierschutz\u201c im Rahmen einer Pressemitteilung, dass sie zur Pr\u00fcfung einer Klage gegen\u2026","rel":"","context":"In &quot;Aufgelesen&quot;","img":{"alt_text":"Wolf im Tierpark Nordhorn","src":"https:\/\/i1.wp.com\/wolfsmonitor.de\/wp-content\/uploads\/2015\/09\/Beitragsfoto-Aufgelesen-2.te-Fassung.jpg?fit=581%2C520&ssl=1&resize=350%2C200","width":350,"height":200},"classes":[]},{"id":4191,"url":"https:\/\/wolfsmonitor.de\/?p=4191","url_meta":{"origin":3293,"position":1},"title":"Niedersachsen: \u00dcber 50.000 Petitions-Unterschriften und kein Abnehmer","date":"10. Juli 2016","format":false,"excerpt":"Nachdem die Bundesvorsitzende der Partei ETHIA, Bettina Jung, bereits kurz nach der T\u00f6tung des Wolfes \u201eKurti\u201c (MT6) am 27. Aprl 2016 Strafanzeige gegen den nieders\u00e4chsischen Umweltminister Stefan Wenzel gestellt hat, will die Partei am kommenden Montag in Hannover die \u00fcber 50.000 Unterschriften einer Petition (*1) zur Einrichtung eines parlamentarischen Untersuchungsausschusses\u2026","rel":"","context":"In &quot;Aktuell&quot;","img":{"alt_text":"Stehender Wolf im Tierpark Nordhorn (Foto: Vogler)","src":"https:\/\/i0.wp.com\/wolfsmonitor.de\/wp-content\/uploads\/2016\/03\/Beitragsfoto-Aktuell.jpg?fit=592%2C507&ssl=1&resize=350%2C200","width":350,"height":200},"classes":[]},{"id":4212,"url":"https:\/\/wolfsmonitor.de\/?p=4212","url_meta":{"origin":3293,"position":2},"title":"Niedersachsen: Landtagspr\u00e4sident nimmt ETHIA-Protestliste entgegen","date":"11. Juli 2016","format":false,"excerpt":"Die Bef\u00fcrchtung der Menschen- und Tierschutzpartei ETHIA, keinen politischen Vertreter des nieders\u00e4chsischen Landtags zu finden, der die \u00fcber 50.000 gesammelten Petitionsunterschriften entgegen nimmt, stellte sich als unbegr\u00fcndet heraus. Landtagspr\u00e4sident Bernd Busemann (CDU) nahm die Unterschriftenlisten heute Nachmittag pers\u00f6nlich entgegen, mit der ETHIA die Einrichtung eines parlamentarischen Untersuchungsausschusses fordert. (* 1)\u2026","rel":"","context":"In &quot;Aktuell&quot;","img":{"alt_text":"Wolf (Foto: Naturfotograf Heiko Anders)","src":"https:\/\/i1.wp.com\/wolfsmonitor.de\/wp-content\/uploads\/2016\/05\/Beitragsfoto-Heiko-Anders-Aktuell.jpg?fit=654%2C492&ssl=1&resize=350%2C200","width":350,"height":200},"classes":[]},{"id":12556,"url":"https:\/\/wolfsmonitor.de\/?p=12556","url_meta":{"origin":3293,"position":3},"title":"Offenbar \u00fcber 120 Anzeigen gegen Wolfst\u00f6tung in Sachsen","date":"16. Februar 2018","format":false,"excerpt":"Ein \u201eabgekommen\u201c wirkender Wolf, der Ende Dezember 2017 in Krauschwitz und Wei\u00dfkei\u00dfel (Kreis G\u00f6rlitz) zwei Hunde get\u00f6tet haben soll, wurde Mitte Januar mit Genehmigung des Umwelt- und Landwirtschaftsministeriums zum Abschuss freigegeben und am 2. Februar vom Landratsamt G\u00f6rlitz als geschossen vermeldet (WM berichtete). Nun hei\u00dft es, die T\u00f6tung sei \u201efachgerecht\u201c\u2026","rel":"","context":"In &quot;Hintergr\u00fcnde&quot;","img":{"alt_text":"Wolf im TP Nordhorn (Foto: Vogler)","src":"https:\/\/i2.wp.com\/wolfsmonitor.de\/wp-content\/uploads\/2016\/02\/Hintergrund-2016.jpg?fit=518%2C494&ssl=1&resize=350%2C200","width":350,"height":200},"classes":[]},{"id":2660,"url":"https:\/\/wolfsmonitor.de\/?p=2660","url_meta":{"origin":3293,"position":4},"title":"Bereits \u00fcber 53.000 Unterschriften zur Rettung der W\u00f6lfin in Vechta!","date":"4. M\u00e4rz 2016","format":false,"excerpt":"Mehr als 53.000 Menschen haben die Petition von Jan Olsson zur Rettung der \u201eGoldenstedter W\u00f6lfin\u201c bis heute unterschrieben. Das urspr\u00fcngliche Ziel des 55-j\u00e4hrigen Diplom-Ingenieurs der Landespflege aus Vechta, 10.000 Unterschriften zusammenzutragen und anschlie\u00dfend dem nieders\u00e4chsischen Umweltminister Stefan Wenzel zu \u00fcbergeben, wurde somit bereits viele Tage vor Ablauf der Unterzeichnungsfrist weit\u2026","rel":"","context":"In &quot;Hintergr\u00fcnde&quot;","img":{"alt_text":"Wolf im TP Nordhorn (Foto: Vogler)","src":"https:\/\/i2.wp.com\/wolfsmonitor.de\/wp-content\/uploads\/2016\/02\/Hintergrund-2016.jpg?fit=518%2C494&ssl=1&resize=350%2C200","width":350,"height":200},"classes":[]},{"id":4255,"url":"https:\/\/wolfsmonitor.de\/?p=4255","url_meta":{"origin":3293,"position":5},"title":"Wird umfangreiches Fotomaterial \u00fcber fr\u00fche Menschenkontakte der Munsteraner Jungw\u00f6lfe zur\u00fcckgehalten?","date":"15. Juli 2016","format":false,"excerpt":"Sollte tats\u00e4chlich stimmen (und da gibt es eigentlich kaum Zweifel), was NDR-Redakteurin Ulrike Kressel gestern in ihrem Artikel \u00fcber das unter Verschluss gehaltene Fotomaterial aus dem Jahr 2014 - das Distanzlosigkeiten von Menschen gegen\u00fcber W\u00f6lfen des Munsteraner Rudels w\u00e4hrend ihres Heranwachsens zeigen soll \u2013 schreibt, liegt damit nun endlich ein\u2026","rel":"","context":"In &quot;Standpunkte&quot;","img":{"alt_text":"Wolf im Tierpark Nordhorn","src":"https:\/\/i1.wp.com\/wolfsmonitor.de\/wp-content\/uploads\/2015\/04\/WM-Kommentar.jpg?fit=512%2C442&ssl=1&resize=350%2C200","width":350,"height":200},"classes":[]}],"_links":{"self":[{"href":"https:\/\/wolfsmonitor.de\/index.php?rest_route=\/wp\/v2\/posts\/3293"}],"collection":[{"href":"https:\/\/wolfsmonitor.de\/index.php?rest_route=\/wp\/v2\/posts"}],"about":[{"href":"https:\/\/wolfsmonitor.de\/index.php?rest_route=\/wp\/v2\/types\/post"}],"author":[{"embeddable":true,"href":"https:\/\/wolfsmonitor.de\/index.php?rest_route=\/wp\/v2\/users\/1"}],"replies":[{"embeddable":true,"href":"https:\/\/wolfsmonitor.de\/index.php?rest_route=%2Fwp%2Fv2%2Fcomments&post=3293"}],"version-history":[{"count":2,"href":"https:\/\/wolfsmonitor.de\/index.php?rest_route=\/wp\/v2\/posts\/3293\/revisions"}],"predecessor-version":[{"id":3295,"href":"https:\/\/wolfsmonitor.de\/index.php?rest_route=\/wp\/v2\/posts\/3293\/revisions\/3295"}],"wp:featuredmedia":[{"embeddable":true,"href":"https:\/\/wolfsmonitor.de\/index.php?rest_route=\/wp\/v2\/media\/1193"}],"wp:attachment":[{"href":"https:\/\/wolfsmonitor.de\/index.php?rest_route=%2Fwp%2Fv2%2Fmedia&parent=3293"}],"wp:term":[{"taxonomy":"category","embeddable":true,"href":"https:\/\/wolfsmonitor.de\/index.php?rest_route=%2Fwp%2Fv2%2Fcategories&post=3293"},{"taxonomy":"post_tag","embeddable":true,"href":"https:\/\/wolfsmonitor.de\/index.php?rest_route=%2Fwp%2Fv2%2Ftags&post=3293"}],"curies":[{"name":"wp","href":"https:\/\/api.w.org\/{rel}","templated":true}]}}