{"id":3589,"date":"2016-05-20T12:07:09","date_gmt":"2016-05-20T10:07:09","guid":{"rendered":"http:\/\/wolfsmonitor.de\/?p=3589"},"modified":"2016-05-20T17:37:05","modified_gmt":"2016-05-20T15:37:05","slug":"kommentar-zum-eingeschlaeferten-wolf","status":"publish","type":"post","link":"https:\/\/wolfsmonitor.de\/?p=3589","title":{"rendered":"Kommentar zum eingeschl\u00e4ferten Wolf"},"content":{"rendered":"<p><strong>Am Mittwochnachmittag dieser Woche ist im Landkreis Uelzen ein junger, abgemagerter Wolfsr\u00fcde zuerst narkotisiert und dann aufgrund der Diagnose eines Amtstierarztes von seinem Leiden erl\u00f6st worden.<\/strong><\/p>\n<p>Das Tier hatte eine offene, stark entz\u00fcndete Wunde am Vorderlauf (<em><span style=\"color: #3366ff;\"><a style=\"color: #3366ff;\" title=\"Klaus Bullerjahn, 18.5.2016\" href=\"https:\/\/wolfsmonitor.de\/?p=3578\" target=\"_blank\">Fotos hier <\/a><\/span>\u2013 Vorsicht, nichts f\u00fcr empfindliche Gem\u00fcter!<\/em>). Der Wolf war kaum noch dazu in der Lage, sich fortzubewegen.<!--more--><\/p>\n<p>\u00dcber die Ursache der Verletzung kann nur gemutma\u00dft werden, eine Untersuchung beim Leibniz-Institut f\u00fcr Zoo und Wildtierforschung in Berlin wird Aufschluss dar\u00fcber geben.<\/p>\n<p>Das Bedenkliche: Bereits vor acht Wochen meldete ein Wolfsberater den verletzten Wolf, der sich schon damals immer wieder ersch\u00f6pft auf einem Acker ablegen musste, ans offizielle Monitoring der Landesj\u00e4gerschaft. Von dort aus wurde die Info an die zust\u00e4ndigen Stellen beim Land weitergegeben.<\/p>\n<p>Das darauf folgende \u201eBeh\u00f6rden-, Meinungs- und Zust\u00e4ndigkeitswirrwarr\u201c lesen Sie sich besser selbst einmal durch (<span style=\"color: #3366ff;\"><a style=\"color: #3366ff;\" title=\"NDR, 19.5.2016\" href=\"https:\/\/www.ndr.de\/nachrichten\/niedersachsen\/Wolferst-nach-wochenlangem-Leiden-eingeschlaefert,wolf2512.html\" target=\"_blank\">hier ein entsprechender Link<\/a><\/span> zu einem Beitrag von Ulrike Kressel vom NDR dazu! *1).<\/p>\n<p>Es bleibt festzustellen, dass es verschiedene Blickrichtungen auf den Fall gibt:<\/p>\n<p>Laut Tierschutzgesetz d\u00fcrfen Tiere keinem unn\u00f6tigen Leiden ausgesetzt werden. Aus artenschutzrechtlicher Sicht d\u00fcrfen streng gesch\u00fctzte Tiere jedoch &#8211; \u00a0selbst wenn sie leiden &#8211; weder verfolgt noch gest\u00f6rt werden.<\/p>\n<p>Abseits aller formaljuristischen Regelungen gibt es aber auch einen gesunden Menschenverstand. Und aus diesem Blickwinkel, so wage ich einmal zu behaupten, h\u00e4tte es nicht acht wissende Wochen dauern d\u00fcrfen, bevor \u00fcberhaupt in irgendeiner Form eingegriffen wurde.<\/p>\n<p>Vielleicht w\u00e4re es bei fr\u00fchzeitigem Handeln sogar m\u00f6glich gewesen, den Wolf einzufangen, zu besendern, weiter zu beobachten und gegebenenfalls dann einzuschreiten, wenn sich herausstellt, dass sich das Leiden des Tieres immer weiter vergr\u00f6\u00dfert.<\/p>\n<p>Vielleicht h\u00e4tte man ihn alternativ sogar in einer Auffangstation \u201eaufp\u00e4ppeln\u201c k\u00f6nnen. Das w\u00e4re vermutlich im Sinne des Tierschutzgedankens der bevorzugte Weg gewesen.<\/p>\n<p>Aus Artenschutzsicht geht es zumeist nicht um ein einzelnes Individuum, sondern um die gesamte Population. Auf dieser Grundlage \u00fcberl\u00e4sst man den Tieren meistens ihrem Schicksal.<\/p>\n<p>Ethisch &#8211; moralisch m\u00f6gen viele Menschen diesen Gedanken nicht immer folgen wollen und ja, wir m\u00fcssen f\u00fcr vergleichbare F\u00e4lle tats\u00e4chlich eine tier- und artenschutzgerecht sowie legale und gesellschaftlich tragf\u00e4hige Rechtsauslegung finden, wie k\u00fcnftig mit verletzten W\u00f6lfen umzugehen ist.<\/p>\n<p>Die Krux ist dennoch eine andere und ich m\u00f6chte sie als Fragen formulieren:<\/p>\n<p>Welche offensichtlich vorhandenen Kommunikationsbarrieren im Verantwortungsbereich des nieders\u00e4chsischen Wolfsmanagements f\u00fchrten dazu, dass es ganze acht Wochen dauerte, bis endlich eingeschritten wurde?<\/p>\n<p>Und welche Anstrengungen werden nun unternommen, dass sich so etwas nicht wiederholt?<\/p>\n<p>Was n\u00fctzt einem Bundesland ein halbwegs funktionierendes Monitoring und das ehrenamltich zeitaufw\u00e4ndige Engagement vieler freiwilliger Wolfsberater, wenn die Entscheidungsinstanzen nicht einmal auf deren Meldungen und Fragen reagieren?<\/p>\n<p>Aus meiner Sicht ist es nun der zweite konkrete Fall innerhalb k\u00fcrzester Zeit, der augenscheinlich vorhandene Struktur- und Kommunikationsdefizite im nieders\u00e4chsischen Wolfsmanagement breit wahrnehmbar offenbart.<\/p>\n<p>Ist es deshalb ein Wunder, dass dieses Verhalten nach au\u00dfen plan- und konzeptlos wirken muss?<\/p>\n<p>Herzlichst<\/p>\n<p>Ihr<\/p>\n<p>J\u00fcrgen Vogler<br \/>\n<img loading=\"lazy\" src=\"http:\/\/vg01.met.vgwort.de\/na\/f11f8b80729142239c38a695b43dcd41\" alt=\"\" width=\"1\" height=\"1\" \/><\/p>\n<hr \/>\n<p><em>(Quelle: (*1) NDR, www.ndr.de, Artikel von Ulrike Kresse am 19.5.2016: &#8222;Wolf erst nach wochenlangem Leiden eingeschl\u00e4fert&#8220;, abgerufen am 20.5.2016, <span style=\"color: #3366ff;\"><a style=\"color: #3366ff;\" title=\"NDR, 19.05.2016\" href=\"https:\/\/www.ndr.de\/nachrichten\/niedersachsen\/Wolferst-nach-wochenlangem-Leiden-eingeschlaefert,wolf2512.html\" target=\"_blank\">hier der Link!)<\/a><\/span><\/em><\/p>\n<p>&nbsp;<\/p>\n<div class=\"shariff shariff-align-center shariff-widget-align-center\" data-services=\"facebook%7Ctwitter\" data-url=\"https%3A%2F%2Fwolfsmonitor.de%2F%3Fp%3D3589\" data-timestamp=\"1463765825\" data-backendurl=\"?rest_route=\/shariff\/v1\/share_counts&\"><ul class=\"shariff-buttons theme-color orientation-horizontal buttonsize-small\"><li class=\"shariff-button facebook shariff-nocustomcolor\" style=\"background-color:#4273c8\"><a href=\"https:\/\/www.facebook.com\/sharer\/sharer.php?u=https%3A%2F%2Fwolfsmonitor.de%2F%3Fp%3D3589\" title=\"Bei Facebook teilen\" aria-label=\"Bei Facebook teilen\" role=\"button\" rel=\"nofollow\" class=\"shariff-link\" style=\"; background-color:#3b5998; color:#fff\" target=\"_blank\"><span class=\"shariff-icon\" style=\"\"><svg width=\"32px\" height=\"20px\" xmlns=\"http:\/\/www.w3.org\/2000\/svg\" viewBox=\"0 0 18 32\"><path fill=\"#3b5998\" d=\"M17.1 0.2v4.7h-2.8q-1.5 0-2.1 0.6t-0.5 1.9v3.4h5.2l-0.7 5.3h-4.5v13.6h-5.5v-13.6h-4.5v-5.3h4.5v-3.9q0-3.3 1.9-5.2t5-1.8q2.6 0 4.1 0.2z\"\/><\/svg><\/span><span class=\"shariff-text\">teilen<\/span>&nbsp;<span data-service=\"facebook\" style=\"color:#3b5998\" class=\"shariff-count shariff-hidezero\"><\/span>&nbsp;<\/a><\/li><li class=\"shariff-button twitter shariff-nocustomcolor\" style=\"background-color:#32bbf5\"><a href=\"https:\/\/twitter.com\/share?url=https%3A%2F%2Fwolfsmonitor.de%2F%3Fp%3D3589&text=Kommentar%20zum%20eingeschl%C3%A4ferten%20Wolf\" title=\"Bei Twitter teilen\" aria-label=\"Bei Twitter teilen\" role=\"button\" rel=\"noopener nofollow\" class=\"shariff-link\" style=\"; background-color:#55acee; color:#fff\" target=\"_blank\"><span class=\"shariff-icon\" style=\"\"><svg width=\"32px\" height=\"20px\" xmlns=\"http:\/\/www.w3.org\/2000\/svg\" viewBox=\"0 0 30 32\"><path fill=\"#55acee\" d=\"M29.7 6.8q-1.2 1.8-3 3.1 0 0.3 0 0.8 0 2.5-0.7 4.9t-2.2 4.7-3.5 4-4.9 2.8-6.1 1q-5.1 0-9.3-2.7 0.6 0.1 1.5 0.1 4.3 0 7.6-2.6-2-0.1-3.5-1.2t-2.2-3q0.6 0.1 1.1 0.1 0.8 0 1.6-0.2-2.1-0.4-3.5-2.1t-1.4-3.9v-0.1q1.3 0.7 2.8 0.8-1.2-0.8-2-2.2t-0.7-2.9q0-1.7 0.8-3.1 2.3 2.8 5.5 4.5t7 1.9q-0.2-0.7-0.2-1.4 0-2.5 1.8-4.3t4.3-1.8q2.7 0 4.5 1.9 2.1-0.4 3.9-1.5-0.7 2.2-2.7 3.4 1.8-0.2 3.5-0.9z\"\/><\/svg><\/span><span class=\"shariff-text\">twittern<\/span>&nbsp;<span data-service=\"twitter\" style=\"color:#55acee\" class=\"shariff-count shariff-hidezero\"><\/span>&nbsp;<\/a><\/li><li class=\"shariff-button rss shariff-nocustomcolor\" style=\"background-color:#ff8c00\"><a href=\"https:\/\/wolfsmonitor.de\/?feed=rss\" title=\"RSS-feed\" aria-label=\"RSS-feed\" role=\"button\" class=\"shariff-link\" style=\"; background-color:#fe9312; color:#fff\" target=\"_blank\"><span class=\"shariff-icon\" style=\"\"><svg width=\"32px\" height=\"20px\" xmlns=\"http:\/\/www.w3.org\/2000\/svg\" viewBox=\"0 0 32 32\"><path fill=\"#fe9312\" d=\"M4.3 23.5c-2.3 0-4.3 1.9-4.3 4.3 0 2.3 1.9 4.2 4.3 4.2 2.4 0 4.3-1.9 4.3-4.2 0-2.3-1.9-4.3-4.3-4.3zM0 10.9v6.1c4 0 7.7 1.6 10.6 4.4 2.8 2.8 4.4 6.6 4.4 10.6h6.2c0-11.7-9.5-21.1-21.1-21.1zM0 0v6.1c14.2 0 25.8 11.6 25.8 25.9h6.2c0-17.6-14.4-32-32-32z\"\/><\/svg><\/span><span class=\"shariff-text\">RSS-feed<\/span>&nbsp;<\/a><\/li><li class=\"shariff-button mailto shariff-nocustomcolor\" style=\"background-color:#a8a8a8\"><a href=\"mailto:?body=https%3A%2F%2Fwolfsmonitor.de%2F%3Fp%3D3589&subject=Kommentar%20zum%20eingeschl%C3%A4ferten%20Wolf\" title=\"Per E-Mail versenden\" aria-label=\"Per E-Mail versenden\" role=\"button\" rel=\"noopener nofollow\" class=\"shariff-link\" style=\"; background-color:#999; color:#fff\"><span class=\"shariff-icon\" style=\"\"><svg width=\"32px\" height=\"20px\" xmlns=\"http:\/\/www.w3.org\/2000\/svg\" viewBox=\"0 0 32 32\"><path fill=\"#999\" d=\"M32 12.7v14.2q0 1.2-0.8 2t-2 0.9h-26.3q-1.2 0-2-0.9t-0.8-2v-14.2q0.8 0.9 1.8 1.6 6.5 4.4 8.9 6.1 1 0.8 1.6 1.2t1.7 0.9 2 0.4h0.1q0.9 0 2-0.4t1.7-0.9 1.6-1.2q3-2.2 8.9-6.1 1-0.7 1.8-1.6zM32 7.4q0 1.4-0.9 2.7t-2.2 2.2q-6.7 4.7-8.4 5.8-0.2 0.1-0.7 0.5t-1 0.7-0.9 0.6-1.1 0.5-0.9 0.2h-0.1q-0.4 0-0.9-0.2t-1.1-0.5-0.9-0.6-1-0.7-0.7-0.5q-1.6-1.1-4.7-3.2t-3.6-2.6q-1.1-0.7-2.1-2t-1-2.5q0-1.4 0.7-2.3t2.1-0.9h26.3q1.2 0 2 0.8t0.9 2z\"\/><\/svg><\/span><span class=\"shariff-text\">E-Mail<\/span>&nbsp;<\/a><\/li><li class=\"shariff-button info shariff-nocustomcolor\" style=\"background-color:#a8a8a8\"><a href=\"http:\/\/ct.de\/-2467514\" title=\"Weitere Informationen\" aria-label=\"Weitere Informationen\" role=\"button\" rel=\"noopener \" class=\"shariff-link\" style=\"; background-color:#999; color:#fff\" target=\"_blank\"><span class=\"shariff-icon\" style=\"\"><svg width=\"32px\" height=\"20px\" xmlns=\"http:\/\/www.w3.org\/2000\/svg\" viewBox=\"0 0 11 32\"><path fill=\"#999\" d=\"M11.4 24v2.3q0 0.5-0.3 0.8t-0.8 0.4h-9.1q-0.5 0-0.8-0.4t-0.4-0.8v-2.3q0-0.5 0.4-0.8t0.8-0.4h1.1v-6.8h-1.1q-0.5 0-0.8-0.4t-0.4-0.8v-2.3q0-0.5 0.4-0.8t0.8-0.4h6.8q0.5 0 0.8 0.4t0.4 0.8v10.3h1.1q0.5 0 0.8 0.4t0.3 0.8zM9.2 3.4v3.4q0 0.5-0.4 0.8t-0.8 0.4h-4.6q-0.4 0-0.8-0.4t-0.4-0.8v-3.4q0-0.4 0.4-0.8t0.8-0.4h4.6q0.5 0 0.8 0.4t0.4 0.8z\"\/><\/svg><\/span><\/a><\/li><\/ul><\/div>","protected":false},"excerpt":{"rendered":"<p>Am Mittwochnachmittag dieser Woche ist im Landkreis Uelzen ein junger, abgemagerter Wolfsr\u00fcde zuerst narkotisiert und dann aufgrund der Diagnose eines Amtstierarztes von seinem Leiden erl\u00f6st worden. Das Tier hatte eine offene, stark entz\u00fcndete Wunde am Vorderlauf (Fotos hier \u2013 Vorsicht, nichts f\u00fcr empfindliche Gem\u00fcter!). Der Wolf war kaum noch dazu in der Lage, sich fortzubewegen.<\/p>\n<div class=\"shariff shariff-align-center shariff-widget-align-center\" data-services=\"facebook%7Ctwitter\" data-url=\"https%3A%2F%2Fwolfsmonitor.de%2F%3Fp%3D3589\" data-timestamp=\"1463765825\" data-backendurl=\"?rest_route=\/shariff\/v1\/share_counts&\"><ul class=\"shariff-buttons theme-color orientation-horizontal buttonsize-small\"><li class=\"shariff-button facebook shariff-nocustomcolor\" style=\"background-color:#4273c8\"><a href=\"https:\/\/www.facebook.com\/sharer\/sharer.php?u=https%3A%2F%2Fwolfsmonitor.de%2F%3Fp%3D3589\" title=\"Bei Facebook teilen\" aria-label=\"Bei Facebook teilen\" role=\"button\" rel=\"nofollow\" class=\"shariff-link\" style=\"; background-color:#3b5998; color:#fff\" target=\"_blank\"><span class=\"shariff-icon\" style=\"\"><svg width=\"32px\" height=\"20px\" xmlns=\"http:\/\/www.w3.org\/2000\/svg\" viewBox=\"0 0 18 32\"><path fill=\"#3b5998\" d=\"M17.1 0.2v4.7h-2.8q-1.5 0-2.1 0.6t-0.5 1.9v3.4h5.2l-0.7 5.3h-4.5v13.6h-5.5v-13.6h-4.5v-5.3h4.5v-3.9q0-3.3 1.9-5.2t5-1.8q2.6 0 4.1 0.2z\"\/><\/svg><\/span><span class=\"shariff-text\">teilen<\/span>&nbsp;<span data-service=\"facebook\" style=\"color:#3b5998\" class=\"shariff-count shariff-hidezero\"><\/span>&nbsp;<\/a><\/li><li class=\"shariff-button twitter shariff-nocustomcolor\" style=\"background-color:#32bbf5\"><a href=\"https:\/\/twitter.com\/share?url=https%3A%2F%2Fwolfsmonitor.de%2F%3Fp%3D3589&text=Kommentar%20zum%20eingeschl%C3%A4ferten%20Wolf\" title=\"Bei Twitter teilen\" aria-label=\"Bei Twitter teilen\" role=\"button\" rel=\"noopener nofollow\" class=\"shariff-link\" style=\"; background-color:#55acee; color:#fff\" target=\"_blank\"><span class=\"shariff-icon\" style=\"\"><svg width=\"32px\" height=\"20px\" xmlns=\"http:\/\/www.w3.org\/2000\/svg\" viewBox=\"0 0 30 32\"><path fill=\"#55acee\" d=\"M29.7 6.8q-1.2 1.8-3 3.1 0 0.3 0 0.8 0 2.5-0.7 4.9t-2.2 4.7-3.5 4-4.9 2.8-6.1 1q-5.1 0-9.3-2.7 0.6 0.1 1.5 0.1 4.3 0 7.6-2.6-2-0.1-3.5-1.2t-2.2-3q0.6 0.1 1.1 0.1 0.8 0 1.6-0.2-2.1-0.4-3.5-2.1t-1.4-3.9v-0.1q1.3 0.7 2.8 0.8-1.2-0.8-2-2.2t-0.7-2.9q0-1.7 0.8-3.1 2.3 2.8 5.5 4.5t7 1.9q-0.2-0.7-0.2-1.4 0-2.5 1.8-4.3t4.3-1.8q2.7 0 4.5 1.9 2.1-0.4 3.9-1.5-0.7 2.2-2.7 3.4 1.8-0.2 3.5-0.9z\"\/><\/svg><\/span><span class=\"shariff-text\">twittern<\/span>&nbsp;<span data-service=\"twitter\" style=\"color:#55acee\" class=\"shariff-count shariff-hidezero\"><\/span>&nbsp;<\/a><\/li><li class=\"shariff-button rss shariff-nocustomcolor\" style=\"background-color:#ff8c00\"><a href=\"https:\/\/wolfsmonitor.de\/?feed=rss\" title=\"RSS-feed\" aria-label=\"RSS-feed\" role=\"button\" class=\"shariff-link\" style=\"; background-color:#fe9312; color:#fff\" target=\"_blank\"><span class=\"shariff-icon\" style=\"\"><svg width=\"32px\" height=\"20px\" xmlns=\"http:\/\/www.w3.org\/2000\/svg\" viewBox=\"0 0 32 32\"><path fill=\"#fe9312\" d=\"M4.3 23.5c-2.3 0-4.3 1.9-4.3 4.3 0 2.3 1.9 4.2 4.3 4.2 2.4 0 4.3-1.9 4.3-4.2 0-2.3-1.9-4.3-4.3-4.3zM0 10.9v6.1c4 0 7.7 1.6 10.6 4.4 2.8 2.8 4.4 6.6 4.4 10.6h6.2c0-11.7-9.5-21.1-21.1-21.1zM0 0v6.1c14.2 0 25.8 11.6 25.8 25.9h6.2c0-17.6-14.4-32-32-32z\"\/><\/svg><\/span><span class=\"shariff-text\">RSS-feed<\/span>&nbsp;<\/a><\/li><li class=\"shariff-button mailto shariff-nocustomcolor\" style=\"background-color:#a8a8a8\"><a href=\"mailto:?body=https%3A%2F%2Fwolfsmonitor.de%2F%3Fp%3D3589&subject=Kommentar%20zum%20eingeschl%C3%A4ferten%20Wolf\" title=\"Per E-Mail versenden\" aria-label=\"Per E-Mail versenden\" role=\"button\" rel=\"noopener nofollow\" class=\"shariff-link\" style=\"; background-color:#999; color:#fff\"><span class=\"shariff-icon\" style=\"\"><svg width=\"32px\" height=\"20px\" xmlns=\"http:\/\/www.w3.org\/2000\/svg\" viewBox=\"0 0 32 32\"><path fill=\"#999\" d=\"M32 12.7v14.2q0 1.2-0.8 2t-2 0.9h-26.3q-1.2 0-2-0.9t-0.8-2v-14.2q0.8 0.9 1.8 1.6 6.5 4.4 8.9 6.1 1 0.8 1.6 1.2t1.7 0.9 2 0.4h0.1q0.9 0 2-0.4t1.7-0.9 1.6-1.2q3-2.2 8.9-6.1 1-0.7 1.8-1.6zM32 7.4q0 1.4-0.9 2.7t-2.2 2.2q-6.7 4.7-8.4 5.8-0.2 0.1-0.7 0.5t-1 0.7-0.9 0.6-1.1 0.5-0.9 0.2h-0.1q-0.4 0-0.9-0.2t-1.1-0.5-0.9-0.6-1-0.7-0.7-0.5q-1.6-1.1-4.7-3.2t-3.6-2.6q-1.1-0.7-2.1-2t-1-2.5q0-1.4 0.7-2.3t2.1-0.9h26.3q1.2 0 2 0.8t0.9 2z\"\/><\/svg><\/span><span class=\"shariff-text\">E-Mail<\/span>&nbsp;<\/a><\/li><li class=\"shariff-button info shariff-nocustomcolor\" style=\"background-color:#a8a8a8\"><a href=\"http:\/\/ct.de\/-2467514\" title=\"Weitere Informationen\" aria-label=\"Weitere Informationen\" role=\"button\" rel=\"noopener \" class=\"shariff-link\" style=\"; background-color:#999; color:#fff\" target=\"_blank\"><span class=\"shariff-icon\" style=\"\"><svg width=\"32px\" height=\"20px\" xmlns=\"http:\/\/www.w3.org\/2000\/svg\" viewBox=\"0 0 11 32\"><path fill=\"#999\" d=\"M11.4 24v2.3q0 0.5-0.3 0.8t-0.8 0.4h-9.1q-0.5 0-0.8-0.4t-0.4-0.8v-2.3q0-0.5 0.4-0.8t0.8-0.4h1.1v-6.8h-1.1q-0.5 0-0.8-0.4t-0.4-0.8v-2.3q0-0.5 0.4-0.8t0.8-0.4h6.8q0.5 0 0.8 0.4t0.4 0.8v10.3h1.1q0.5 0 0.8 0.4t0.3 0.8zM9.2 3.4v3.4q0 0.5-0.4 0.8t-0.8 0.4h-4.6q-0.4 0-0.8-0.4t-0.4-0.8v-3.4q0-0.4 0.4-0.8t0.8-0.4h4.6q0.5 0 0.8 0.4t0.4 0.8z\"\/><\/svg><\/span><\/a><\/li><\/ul><\/div>","protected":false},"author":1,"featured_media":247,"comment_status":"open","ping_status":"open","sticky":false,"template":"","format":"standard","meta":{"spay_email":""},"categories":[3],"tags":[1406,2896,2897,2894,2895,213,504,62,146,2898,2265,1910,29],"jetpack_featured_media_url":"https:\/\/i1.wp.com\/wolfsmonitor.de\/wp-content\/uploads\/2015\/04\/WM-Kommentar.jpg?fit=512%2C442&ssl=1","jetpack_shortlink":"https:\/\/wp.me\/p61YbU-VT","jetpack-related-posts":[{"id":11626,"url":"https:\/\/wolfsmonitor.de\/?p=11626","url_meta":{"origin":3589,"position":0},"title":"Niedersachsen: Neunter tot aufgefundener Wolf in 2017","date":"4. Dezember 2017","format":false,"excerpt":"Zum neunten Mal in diesem Jahr wurde ein Wolf in Niedersachsen tot aufgefunden: Der R\u00fcde wurde in der N\u00e4he von Walsrode (Heidekreis) auf dem Zubringer der A27 zur A7 in Richtung Hamburg bei einem Verkehrsunfall mit einem LKW t\u00f6dlich verletzt. Das Wolfsb\u00fcro des NLWKN (Nieders\u00e4chsischer Landesbetrieb f\u00fcr Wasserwirtschaft, K\u00fcsten- und\u2026","rel":"","context":"In &quot;Kurzinfo&quot;","img":{"alt_text":"Wolf im Zoo Nordhorn (Foto: Vogler)","src":"https:\/\/i2.wp.com\/wolfsmonitor.de\/wp-content\/uploads\/2016\/09\/Beitragsfoto-Kurzinfo.jpg?fit=628%2C505&ssl=1&resize=350%2C200","width":350,"height":200},"classes":[]},{"id":12079,"url":"https:\/\/wolfsmonitor.de\/?p=12079","url_meta":{"origin":3589,"position":1},"title":"Thee\u00dfener Wolf wurde \u00fcberfahren","date":"9. Januar 2018","format":false,"excerpt":"Der Wolf, der am Silvestertag von einer Spazierg\u00e4ngerin im Jerichower Land (Sachsen-Anhalt) zwischen den Orten Thee\u00dfen und R\u00e4ckendorf tot aufgefunden wurde (Wolfsmonitor berichtete, hier!), wurde nicht \u2013 wie anfangs vermutet \u2013 absichtlich erschlagen, sondern \u00fcberfahren. Das Leibniz-Institut f\u00fcr Zoo- und Wildtierforschung (IZW) in Berlin hat bei dem jungen R\u00fcden ein\u2026","rel":"","context":"In &quot;Kurzinfo&quot;","img":{"alt_text":"Wolf im Zoo Nordhorn (Foto: Vogler)","src":"https:\/\/i2.wp.com\/wolfsmonitor.de\/wp-content\/uploads\/2016\/09\/Beitragsfoto-Kurzinfo.jpg?fit=628%2C505&ssl=1&resize=350%2C200","width":350,"height":200},"classes":[]},{"id":11662,"url":"https:\/\/wolfsmonitor.de\/?p=11662","url_meta":{"origin":3589,"position":2},"title":"Schlag auf Schlag: Noch ein tot aufgefundener Wolf in Niedersachsen","date":"6. Dezember 2017","format":false,"excerpt":"Noch vor zwei Tagen vermeldeten wir den neunten tot aufgefundenen Wolf in Niedersachsen in diesem Jahr (hier!). F\u00fcr enthusiastische Wolfsfreunde bitter: Erneut ist in dem n\u00f6rdlichen Bundesland ein Wolf tot aufgefunden worden. Die entsprechende Meldung des Nieders\u00e4chsischen Landesbetriebes f\u00fcr Wasserwirtschaft, K\u00fcsten- und Naturschutz im Wortlaut: \u201eErneut Wolf bei Verkehrsunfall get\u00f6tet\"\u2026","rel":"","context":"In &quot;Nachrichten&quot;","img":{"alt_text":"","src":"https:\/\/i0.wp.com\/wolfsmonitor.de\/wp-content\/uploads\/2016\/11\/B-Foto-H.A.-Nachrichten-2.jpg?fit=767%2C574&ssl=1&resize=350%2C200","width":350,"height":200},"classes":[]},{"id":9912,"url":"https:\/\/wolfsmonitor.de\/?p=9912","url_meta":{"origin":3589,"position":3},"title":"Traurige Gewissheit: Schwarzwald-Wolf wurde erschossen","date":"8. August 2017","format":false,"excerpt":"Der tote Wolf, der am 8. Juli aus dem Schluchsee unweit des Feldbergs im Schwarzwald geborgen wurde (WM berichtete, hier!), hatte Verletzungen an der Brust. Wie nun feststeht, stammten diese von einem Projektil, das in der Leber des Tieres gefunden wurde. \u00a0 Das ist das Ergebnis des Leibniz-Instituts f\u00fcr Zoo-\u2026","rel":"","context":"In &quot;Presseinformationen&quot;","img":{"alt_text":"Wolf im Tierpark (Foto: Vogler)","src":"https:\/\/i0.wp.com\/wolfsmonitor.de\/wp-content\/uploads\/2016\/09\/Beitragsfoto-PI-PM.jpg?fit=752%2C497&ssl=1&resize=350%2C200","width":350,"height":200},"classes":[]},{"id":3514,"url":"https:\/\/wolfsmonitor.de\/?p=3514","url_meta":{"origin":3589,"position":4},"title":"Wolf \u201eKurti\u201c war vor Abschuss gesund","date":"16. Mai 2016","format":false,"excerpt":"In einer k\u00fcrzlich ver\u00f6ffentlichten Pressemeldung des Wolfsb\u00fcros beim Nieders\u00e4chsischen Landesbetrieb f\u00fcr Wasserwirtschaft, K\u00fcsten- und Naturschutz (NLWKN) hei\u00dft es (im Wortlaut): \u201eDas Wolfsb\u00fcro des\u00a0NLWKN (Nieders\u00e4chsischer Landesbetrieb f\u00fcr Wasserwirtschaft, K\u00fcsten- und Naturschutz) hat am Freitag \u00fcber den ersten Zwischenstand der Untersuchungen des am 27. April 2016 letal entnommenen Wolfes MT6 informiert. Demnach\u2026","rel":"","context":"In &quot;Presseinformationen&quot;","img":{"alt_text":"Foto: Naturfotograf Heiko Anders","src":"https:\/\/i0.wp.com\/wolfsmonitor.de\/wp-content\/uploads\/2016\/05\/HA-Beitragsfoto-Presseinfo-1.jpg?fit=623%2C415&ssl=1&resize=350%2C200","width":350,"height":200},"classes":[]},{"id":3326,"url":"https:\/\/wolfsmonitor.de\/?p=3326","url_meta":{"origin":3589,"position":5},"title":"Empfehlung zum Abschuss \u201eKurtis\u201c kam aus G\u00f6rlitz","date":"3. Mai 2016","format":false,"excerpt":"Es war wohl ein Gutachten des neuen \u201eBeratungs- und Dokumentationszentrums Wolf\u201c des Bundes mit Sitz in G\u00f6rlitz, das den Abschuss des sich in den letzten Monaten immer wieder Menschen n\u00e4hernden Wolfes \u201eKurti\u201c alias \u201eMT6\u201c empfahl. Das geht aus einem Onlineartikel vom gestrigen Montag hervor. Professor Hermann Ansorge, Verantwortlicher beim Senckenbergmuseum\u2026","rel":"","context":"In &quot;Aufgelesen&quot;","img":{"alt_text":"Wolf im Tierpark Nordhorn","src":"https:\/\/i1.wp.com\/wolfsmonitor.de\/wp-content\/uploads\/2015\/09\/Beitragsfoto-Aufgelesen-2.te-Fassung.jpg?fit=581%2C520&ssl=1&resize=350%2C200","width":350,"height":200},"classes":[]}],"_links":{"self":[{"href":"https:\/\/wolfsmonitor.de\/index.php?rest_route=\/wp\/v2\/posts\/3589"}],"collection":[{"href":"https:\/\/wolfsmonitor.de\/index.php?rest_route=\/wp\/v2\/posts"}],"about":[{"href":"https:\/\/wolfsmonitor.de\/index.php?rest_route=\/wp\/v2\/types\/post"}],"author":[{"embeddable":true,"href":"https:\/\/wolfsmonitor.de\/index.php?rest_route=\/wp\/v2\/users\/1"}],"replies":[{"embeddable":true,"href":"https:\/\/wolfsmonitor.de\/index.php?rest_route=%2Fwp%2Fv2%2Fcomments&post=3589"}],"version-history":[{"count":5,"href":"https:\/\/wolfsmonitor.de\/index.php?rest_route=\/wp\/v2\/posts\/3589\/revisions"}],"predecessor-version":[{"id":3596,"href":"https:\/\/wolfsmonitor.de\/index.php?rest_route=\/wp\/v2\/posts\/3589\/revisions\/3596"}],"wp:featuredmedia":[{"embeddable":true,"href":"https:\/\/wolfsmonitor.de\/index.php?rest_route=\/wp\/v2\/media\/247"}],"wp:attachment":[{"href":"https:\/\/wolfsmonitor.de\/index.php?rest_route=%2Fwp%2Fv2%2Fmedia&parent=3589"}],"wp:term":[{"taxonomy":"category","embeddable":true,"href":"https:\/\/wolfsmonitor.de\/index.php?rest_route=%2Fwp%2Fv2%2Fcategories&post=3589"},{"taxonomy":"post_tag","embeddable":true,"href":"https:\/\/wolfsmonitor.de\/index.php?rest_route=%2Fwp%2Fv2%2Ftags&post=3589"}],"curies":[{"name":"wp","href":"https:\/\/api.w.org\/{rel}","templated":true}]}}