{"id":3897,"date":"2016-06-13T14:15:37","date_gmt":"2016-06-13T12:15:37","guid":{"rendered":"http:\/\/wolfsmonitor.de\/?p=3897"},"modified":"2016-06-13T14:15:37","modified_gmt":"2016-06-13T12:15:37","slug":"ein-gewaltiger-politischer-irrtum","status":"publish","type":"post","link":"https:\/\/wolfsmonitor.de\/?p=3897","title":{"rendered":"Ein gewaltiger politischer Irrtum?"},"content":{"rendered":"<p><strong>Manchmal gibt`s nichts \u00fcber unsere W\u00f6lfe zu berichten. Und sich st\u00e4ndig \u00fcber dieselben Leute aufzuregen, wird irgendwann einmal fad. <\/strong>Obwohl &#8211; was sich da bisweilen in Niedersachsen politisch in Punkto Wolf so abspielt, finde ich schon sehr absonderlich. Ob das nur mir so vorkommt?<\/p>\n<p>Mit welchem Enthusiasmus sich manche Volksvertreter in diesem Bundesland dem Thema Wolf widmen, ist f\u00fcr mich insofern erstaunlich, als dass sie sich in der Zeit, in der sie sich auf diesem \u201eNebenkriegsschauplatz\u201c tummeln, den wirklich wichtigen politischen Fragestellungen unserer Zeit entziehen.<!--more--><\/p>\n<p>Und das, obwohl die relevantesten polit-strategischen Antworten zum Thema Wolf eigentlich aus Br\u00fcssel kommen und schon lange vorliegen. Die Regierungsverantwortlichen in Niedersachsen versuchen gerade nur, diese Vorgaben operativ wirksam und regelkonform umzusetzen.<\/p>\n<p>Nicht, dass unsere W\u00f6lfe unwichtig w\u00e4ren, ganz im Gegenteil.<\/p>\n<p>Aber \u00fcber L\u00f6sungsans\u00e4tze f\u00fcr die wirklich dr\u00e4ngenden Herausforderungen unserer Zeit und deren langfristigen Auswirkungen auf ein Bundesland, in dem fast 8 Millionen Menschen leben, ist nur wenig zu h\u00f6ren von den Herren Winkel-, Dam- und Angermann oder meinetwegen auch Hocker.<\/p>\n<p>Zumindest nehme ich das so wahr.<\/p>\n<p>Welche L\u00f6sungsans\u00e4tze oder -vorschl\u00e4ge bieten die \u201eMDL\u201c denn zum Beispiel bez\u00fcglich des tiefgreifenden Wandels, der durch die zunehmende Digitalisierung aller gesellschaftlichen Bereiche verursacht wird? Welche Antworten haben sie f\u00fcr ihre W\u00e4hler auf die nicht unumstrittenen Fragestellungen, wie TTIP, CETA oder Glyphosat?<\/p>\n<p>Versuchen Sie mal, auf deren Webseiten etwas dazu zu finden, liebe Leserinnen und Leser. Mein Rat dazu: Bringen sie gen\u00fcgend Zeit mit, es wird nicht leicht werden\u2026<\/p>\n<p>Die gerade genannten Themen d\u00fcrften nicht irrelevant f\u00fcr Politiker sein, die f\u00fcr sich in Anspruch nehmen, Antworten auf Fragen zu haben, die das Land, die Landwirtschaft und die Leute dort bewegen. Aber mal kritisch hinterfragt: Wurden diese Politiker von diesen Leuten eigentlich wegen ihrer Haltung zur R\u00fcckkehr der W\u00f6lfe nach Niedersachsen gew\u00e4hlt?<\/p>\n<p>Wenn man sich auf einem Wolfsblog \u00fcberwiegend mit W\u00f6lfen besch\u00e4ftigt, liegt das in der Natur der Sache, denke ich.<\/p>\n<p>Was aber veranlasst die oben genannten Politiker eigentlich dazu, st\u00e4ndig ein heimisches Wildtier anzuvisieren, zu politisieren und sich mit zumeist fragw\u00fcrdigen Argumenten auch noch auf dessen Kosten politisch zu profilieren?<\/p>\n<p>Ein Irrtum, glaube ich. Ein gewaltiger Irrtum!<\/p>\n<p>Herzlichst<\/p>\n<p>Ihr<\/p>\n<p>J\u00fcrgen Vogler<br \/>\n<img loading=\"lazy\" src=\"http:\/\/vg01.met.vgwort.de\/na\/ad599d992cd34bfea553b9bd7c039708\" alt=\"\" width=\"1\" height=\"1\" \/><\/p>\n<p>&nbsp;<\/p>\n<div class=\"shariff shariff-align-center shariff-widget-align-center\" data-services=\"facebook%7Ctwitter\" data-url=\"https%3A%2F%2Fwolfsmonitor.de%2F%3Fp%3D3897\" data-timestamp=\"1465827337\" data-backendurl=\"?rest_route=\/shariff\/v1\/share_counts&\"><ul class=\"shariff-buttons theme-color orientation-horizontal buttonsize-small\"><li class=\"shariff-button facebook shariff-nocustomcolor\" style=\"background-color:#4273c8\"><a href=\"https:\/\/www.facebook.com\/sharer\/sharer.php?u=https%3A%2F%2Fwolfsmonitor.de%2F%3Fp%3D3897\" title=\"Bei Facebook teilen\" aria-label=\"Bei Facebook teilen\" role=\"button\" rel=\"nofollow\" class=\"shariff-link\" style=\"; background-color:#3b5998; color:#fff\" target=\"_blank\"><span class=\"shariff-icon\" style=\"\"><svg width=\"32px\" height=\"20px\" xmlns=\"http:\/\/www.w3.org\/2000\/svg\" viewBox=\"0 0 18 32\"><path fill=\"#3b5998\" d=\"M17.1 0.2v4.7h-2.8q-1.5 0-2.1 0.6t-0.5 1.9v3.4h5.2l-0.7 5.3h-4.5v13.6h-5.5v-13.6h-4.5v-5.3h4.5v-3.9q0-3.3 1.9-5.2t5-1.8q2.6 0 4.1 0.2z\"\/><\/svg><\/span><span class=\"shariff-text\">teilen<\/span>&nbsp;<span data-service=\"facebook\" style=\"color:#3b5998\" class=\"shariff-count shariff-hidezero\"><\/span>&nbsp;<\/a><\/li><li class=\"shariff-button twitter shariff-nocustomcolor\" style=\"background-color:#32bbf5\"><a href=\"https:\/\/twitter.com\/share?url=https%3A%2F%2Fwolfsmonitor.de%2F%3Fp%3D3897&text=Ein%20gewaltiger%20politischer%20Irrtum%3F\" title=\"Bei Twitter teilen\" aria-label=\"Bei Twitter teilen\" role=\"button\" rel=\"noopener nofollow\" class=\"shariff-link\" style=\"; background-color:#55acee; color:#fff\" target=\"_blank\"><span class=\"shariff-icon\" style=\"\"><svg width=\"32px\" height=\"20px\" xmlns=\"http:\/\/www.w3.org\/2000\/svg\" viewBox=\"0 0 30 32\"><path fill=\"#55acee\" d=\"M29.7 6.8q-1.2 1.8-3 3.1 0 0.3 0 0.8 0 2.5-0.7 4.9t-2.2 4.7-3.5 4-4.9 2.8-6.1 1q-5.1 0-9.3-2.7 0.6 0.1 1.5 0.1 4.3 0 7.6-2.6-2-0.1-3.5-1.2t-2.2-3q0.6 0.1 1.1 0.1 0.8 0 1.6-0.2-2.1-0.4-3.5-2.1t-1.4-3.9v-0.1q1.3 0.7 2.8 0.8-1.2-0.8-2-2.2t-0.7-2.9q0-1.7 0.8-3.1 2.3 2.8 5.5 4.5t7 1.9q-0.2-0.7-0.2-1.4 0-2.5 1.8-4.3t4.3-1.8q2.7 0 4.5 1.9 2.1-0.4 3.9-1.5-0.7 2.2-2.7 3.4 1.8-0.2 3.5-0.9z\"\/><\/svg><\/span><span class=\"shariff-text\">twittern<\/span>&nbsp;<span data-service=\"twitter\" style=\"color:#55acee\" class=\"shariff-count shariff-hidezero\"><\/span>&nbsp;<\/a><\/li><li class=\"shariff-button rss shariff-nocustomcolor\" style=\"background-color:#ff8c00\"><a href=\"https:\/\/wolfsmonitor.de\/?feed=rss\" title=\"RSS-feed\" aria-label=\"RSS-feed\" role=\"button\" class=\"shariff-link\" style=\"; background-color:#fe9312; color:#fff\" target=\"_blank\"><span class=\"shariff-icon\" style=\"\"><svg width=\"32px\" height=\"20px\" xmlns=\"http:\/\/www.w3.org\/2000\/svg\" viewBox=\"0 0 32 32\"><path fill=\"#fe9312\" d=\"M4.3 23.5c-2.3 0-4.3 1.9-4.3 4.3 0 2.3 1.9 4.2 4.3 4.2 2.4 0 4.3-1.9 4.3-4.2 0-2.3-1.9-4.3-4.3-4.3zM0 10.9v6.1c4 0 7.7 1.6 10.6 4.4 2.8 2.8 4.4 6.6 4.4 10.6h6.2c0-11.7-9.5-21.1-21.1-21.1zM0 0v6.1c14.2 0 25.8 11.6 25.8 25.9h6.2c0-17.6-14.4-32-32-32z\"\/><\/svg><\/span><span class=\"shariff-text\">RSS-feed<\/span>&nbsp;<\/a><\/li><li class=\"shariff-button mailto shariff-nocustomcolor\" style=\"background-color:#a8a8a8\"><a href=\"mailto:?body=https%3A%2F%2Fwolfsmonitor.de%2F%3Fp%3D3897&subject=Ein%20gewaltiger%20politischer%20Irrtum%3F\" title=\"Per E-Mail versenden\" aria-label=\"Per E-Mail versenden\" role=\"button\" rel=\"noopener nofollow\" class=\"shariff-link\" style=\"; background-color:#999; color:#fff\"><span class=\"shariff-icon\" style=\"\"><svg width=\"32px\" height=\"20px\" xmlns=\"http:\/\/www.w3.org\/2000\/svg\" viewBox=\"0 0 32 32\"><path fill=\"#999\" d=\"M32 12.7v14.2q0 1.2-0.8 2t-2 0.9h-26.3q-1.2 0-2-0.9t-0.8-2v-14.2q0.8 0.9 1.8 1.6 6.5 4.4 8.9 6.1 1 0.8 1.6 1.2t1.7 0.9 2 0.4h0.1q0.9 0 2-0.4t1.7-0.9 1.6-1.2q3-2.2 8.9-6.1 1-0.7 1.8-1.6zM32 7.4q0 1.4-0.9 2.7t-2.2 2.2q-6.7 4.7-8.4 5.8-0.2 0.1-0.7 0.5t-1 0.7-0.9 0.6-1.1 0.5-0.9 0.2h-0.1q-0.4 0-0.9-0.2t-1.1-0.5-0.9-0.6-1-0.7-0.7-0.5q-1.6-1.1-4.7-3.2t-3.6-2.6q-1.1-0.7-2.1-2t-1-2.5q0-1.4 0.7-2.3t2.1-0.9h26.3q1.2 0 2 0.8t0.9 2z\"\/><\/svg><\/span><span class=\"shariff-text\">E-Mail<\/span>&nbsp;<\/a><\/li><li class=\"shariff-button info shariff-nocustomcolor\" style=\"background-color:#a8a8a8\"><a href=\"http:\/\/ct.de\/-2467514\" title=\"Weitere Informationen\" aria-label=\"Weitere Informationen\" role=\"button\" rel=\"noopener \" class=\"shariff-link\" style=\"; background-color:#999; color:#fff\" target=\"_blank\"><span class=\"shariff-icon\" style=\"\"><svg width=\"32px\" height=\"20px\" xmlns=\"http:\/\/www.w3.org\/2000\/svg\" viewBox=\"0 0 11 32\"><path fill=\"#999\" d=\"M11.4 24v2.3q0 0.5-0.3 0.8t-0.8 0.4h-9.1q-0.5 0-0.8-0.4t-0.4-0.8v-2.3q0-0.5 0.4-0.8t0.8-0.4h1.1v-6.8h-1.1q-0.5 0-0.8-0.4t-0.4-0.8v-2.3q0-0.5 0.4-0.8t0.8-0.4h6.8q0.5 0 0.8 0.4t0.4 0.8v10.3h1.1q0.5 0 0.8 0.4t0.3 0.8zM9.2 3.4v3.4q0 0.5-0.4 0.8t-0.8 0.4h-4.6q-0.4 0-0.8-0.4t-0.4-0.8v-3.4q0-0.4 0.4-0.8t0.8-0.4h4.6q0.5 0 0.8 0.4t0.4 0.8z\"\/><\/svg><\/span><\/a><\/li><\/ul><\/div>","protected":false},"excerpt":{"rendered":"<p>Manchmal gibt`s nichts \u00fcber unsere W\u00f6lfe zu berichten. Und sich st\u00e4ndig \u00fcber dieselben Leute aufzuregen, wird irgendwann einmal fad. Obwohl &#8211; was sich da bisweilen in Niedersachsen politisch in Punkto Wolf so abspielt, finde ich schon sehr absonderlich. Ob das nur mir so vorkommt? Mit welchem Enthusiasmus sich manche Volksvertreter in diesem Bundesland dem Thema [&hellip;]<\/p>\n<div class=\"shariff shariff-align-center shariff-widget-align-center\" data-services=\"facebook%7Ctwitter\" data-url=\"https%3A%2F%2Fwolfsmonitor.de%2F%3Fp%3D3897\" data-timestamp=\"1465827337\" data-backendurl=\"?rest_route=\/shariff\/v1\/share_counts&\"><ul class=\"shariff-buttons theme-color orientation-horizontal buttonsize-small\"><li class=\"shariff-button facebook shariff-nocustomcolor\" style=\"background-color:#4273c8\"><a href=\"https:\/\/www.facebook.com\/sharer\/sharer.php?u=https%3A%2F%2Fwolfsmonitor.de%2F%3Fp%3D3897\" title=\"Bei Facebook teilen\" aria-label=\"Bei Facebook teilen\" role=\"button\" rel=\"nofollow\" class=\"shariff-link\" style=\"; background-color:#3b5998; color:#fff\" target=\"_blank\"><span class=\"shariff-icon\" style=\"\"><svg width=\"32px\" height=\"20px\" xmlns=\"http:\/\/www.w3.org\/2000\/svg\" viewBox=\"0 0 18 32\"><path fill=\"#3b5998\" d=\"M17.1 0.2v4.7h-2.8q-1.5 0-2.1 0.6t-0.5 1.9v3.4h5.2l-0.7 5.3h-4.5v13.6h-5.5v-13.6h-4.5v-5.3h4.5v-3.9q0-3.3 1.9-5.2t5-1.8q2.6 0 4.1 0.2z\"\/><\/svg><\/span><span class=\"shariff-text\">teilen<\/span>&nbsp;<span data-service=\"facebook\" style=\"color:#3b5998\" class=\"shariff-count shariff-hidezero\"><\/span>&nbsp;<\/a><\/li><li class=\"shariff-button twitter shariff-nocustomcolor\" style=\"background-color:#32bbf5\"><a href=\"https:\/\/twitter.com\/share?url=https%3A%2F%2Fwolfsmonitor.de%2F%3Fp%3D3897&text=Ein%20gewaltiger%20politischer%20Irrtum%3F\" title=\"Bei Twitter teilen\" aria-label=\"Bei Twitter teilen\" role=\"button\" rel=\"noopener nofollow\" class=\"shariff-link\" style=\"; background-color:#55acee; color:#fff\" target=\"_blank\"><span class=\"shariff-icon\" style=\"\"><svg width=\"32px\" height=\"20px\" xmlns=\"http:\/\/www.w3.org\/2000\/svg\" viewBox=\"0 0 30 32\"><path fill=\"#55acee\" d=\"M29.7 6.8q-1.2 1.8-3 3.1 0 0.3 0 0.8 0 2.5-0.7 4.9t-2.2 4.7-3.5 4-4.9 2.8-6.1 1q-5.1 0-9.3-2.7 0.6 0.1 1.5 0.1 4.3 0 7.6-2.6-2-0.1-3.5-1.2t-2.2-3q0.6 0.1 1.1 0.1 0.8 0 1.6-0.2-2.1-0.4-3.5-2.1t-1.4-3.9v-0.1q1.3 0.7 2.8 0.8-1.2-0.8-2-2.2t-0.7-2.9q0-1.7 0.8-3.1 2.3 2.8 5.5 4.5t7 1.9q-0.2-0.7-0.2-1.4 0-2.5 1.8-4.3t4.3-1.8q2.7 0 4.5 1.9 2.1-0.4 3.9-1.5-0.7 2.2-2.7 3.4 1.8-0.2 3.5-0.9z\"\/><\/svg><\/span><span class=\"shariff-text\">twittern<\/span>&nbsp;<span data-service=\"twitter\" style=\"color:#55acee\" class=\"shariff-count shariff-hidezero\"><\/span>&nbsp;<\/a><\/li><li class=\"shariff-button rss shariff-nocustomcolor\" style=\"background-color:#ff8c00\"><a href=\"https:\/\/wolfsmonitor.de\/?feed=rss\" title=\"RSS-feed\" aria-label=\"RSS-feed\" role=\"button\" class=\"shariff-link\" style=\"; background-color:#fe9312; color:#fff\" target=\"_blank\"><span class=\"shariff-icon\" style=\"\"><svg width=\"32px\" height=\"20px\" xmlns=\"http:\/\/www.w3.org\/2000\/svg\" viewBox=\"0 0 32 32\"><path fill=\"#fe9312\" d=\"M4.3 23.5c-2.3 0-4.3 1.9-4.3 4.3 0 2.3 1.9 4.2 4.3 4.2 2.4 0 4.3-1.9 4.3-4.2 0-2.3-1.9-4.3-4.3-4.3zM0 10.9v6.1c4 0 7.7 1.6 10.6 4.4 2.8 2.8 4.4 6.6 4.4 10.6h6.2c0-11.7-9.5-21.1-21.1-21.1zM0 0v6.1c14.2 0 25.8 11.6 25.8 25.9h6.2c0-17.6-14.4-32-32-32z\"\/><\/svg><\/span><span class=\"shariff-text\">RSS-feed<\/span>&nbsp;<\/a><\/li><li class=\"shariff-button mailto shariff-nocustomcolor\" style=\"background-color:#a8a8a8\"><a href=\"mailto:?body=https%3A%2F%2Fwolfsmonitor.de%2F%3Fp%3D3897&subject=Ein%20gewaltiger%20politischer%20Irrtum%3F\" title=\"Per E-Mail versenden\" aria-label=\"Per E-Mail versenden\" role=\"button\" rel=\"noopener nofollow\" class=\"shariff-link\" style=\"; background-color:#999; color:#fff\"><span class=\"shariff-icon\" style=\"\"><svg width=\"32px\" height=\"20px\" xmlns=\"http:\/\/www.w3.org\/2000\/svg\" viewBox=\"0 0 32 32\"><path fill=\"#999\" d=\"M32 12.7v14.2q0 1.2-0.8 2t-2 0.9h-26.3q-1.2 0-2-0.9t-0.8-2v-14.2q0.8 0.9 1.8 1.6 6.5 4.4 8.9 6.1 1 0.8 1.6 1.2t1.7 0.9 2 0.4h0.1q0.9 0 2-0.4t1.7-0.9 1.6-1.2q3-2.2 8.9-6.1 1-0.7 1.8-1.6zM32 7.4q0 1.4-0.9 2.7t-2.2 2.2q-6.7 4.7-8.4 5.8-0.2 0.1-0.7 0.5t-1 0.7-0.9 0.6-1.1 0.5-0.9 0.2h-0.1q-0.4 0-0.9-0.2t-1.1-0.5-0.9-0.6-1-0.7-0.7-0.5q-1.6-1.1-4.7-3.2t-3.6-2.6q-1.1-0.7-2.1-2t-1-2.5q0-1.4 0.7-2.3t2.1-0.9h26.3q1.2 0 2 0.8t0.9 2z\"\/><\/svg><\/span><span class=\"shariff-text\">E-Mail<\/span>&nbsp;<\/a><\/li><li class=\"shariff-button info shariff-nocustomcolor\" style=\"background-color:#a8a8a8\"><a href=\"http:\/\/ct.de\/-2467514\" title=\"Weitere Informationen\" aria-label=\"Weitere Informationen\" role=\"button\" rel=\"noopener \" class=\"shariff-link\" style=\"; background-color:#999; color:#fff\" target=\"_blank\"><span class=\"shariff-icon\" style=\"\"><svg width=\"32px\" height=\"20px\" xmlns=\"http:\/\/www.w3.org\/2000\/svg\" viewBox=\"0 0 11 32\"><path fill=\"#999\" d=\"M11.4 24v2.3q0 0.5-0.3 0.8t-0.8 0.4h-9.1q-0.5 0-0.8-0.4t-0.4-0.8v-2.3q0-0.5 0.4-0.8t0.8-0.4h1.1v-6.8h-1.1q-0.5 0-0.8-0.4t-0.4-0.8v-2.3q0-0.5 0.4-0.8t0.8-0.4h6.8q0.5 0 0.8 0.4t0.4 0.8v10.3h1.1q0.5 0 0.8 0.4t0.3 0.8zM9.2 3.4v3.4q0 0.5-0.4 0.8t-0.8 0.4h-4.6q-0.4 0-0.8-0.4t-0.4-0.8v-3.4q0-0.4 0.4-0.8t0.8-0.4h4.6q0.5 0 0.8 0.4t0.4 0.8z\"\/><\/svg><\/span><\/a><\/li><\/ul><\/div>","protected":false},"author":1,"featured_media":247,"comment_status":"open","ping_status":"open","sticky":false,"template":"","format":"standard","meta":{"spay_email":""},"categories":[3],"tags":[3071,1286,1919,3072,299,3062,8,660,3070,3069,43,105],"jetpack_featured_media_url":"https:\/\/i1.wp.com\/wolfsmonitor.de\/wp-content\/uploads\/2015\/04\/WM-Kommentar.jpg?fit=512%2C442&ssl=1","jetpack_shortlink":"https:\/\/wp.me\/p61YbU-10R","jetpack-related-posts":[{"id":10609,"url":"https:\/\/wolfsmonitor.de\/?p=10609","url_meta":{"origin":3897,"position":0},"title":"Althusmann in Hildesheim: Drittklassige Wahlkampfrhetorik","date":"28. September 2017","format":false,"excerpt":"Ich habe mir gestern einen Wahlkampfauftritt von Bernd Althusmann angesehen. Kennen Sie nicht? Das ist der CDU-Spitzenkandidat f\u00fcr die Landtagswahl in Niedersachsen am 15. Oktober, also in rund zweieinhalb Wochen.\u00a0 Althusmann sprach in der Halle 39 in Hildesheim. Die Veranstaltung wurde im Netz \u00fcbertragen. Sogar Angela Merkel war dort und\u2026","rel":"","context":"In &quot;Standpunkte&quot;","img":{"alt_text":"Wolf im Tierpark Nordhorn","src":"https:\/\/i0.wp.com\/wolfsmonitor.de\/wp-content\/uploads\/2015\/07\/Foto-Kommentar-2.jpg?fit=586%2C513&ssl=1&resize=350%2C200","width":350,"height":200},"classes":[]},{"id":9258,"url":"https:\/\/wolfsmonitor.de\/?p=9258","url_meta":{"origin":3897,"position":1},"title":"Setzt Ministerpr\u00e4sident Weil lieber auf Abschuss als auf Aufkl\u00e4rung und Herdenschutz?","date":"11. Juni 2017","format":false,"excerpt":"Ein pikantes Lehrst\u00fcck, wie Pressearbeit funktionieren und politische Priorit\u00e4ten von den Medien allein durch die Wahl pr\u00e4gnanter \u00dcberschriften beliebig gewichtet werden k\u00f6nnen, pr\u00e4sentierte nun die Neue Osnabr\u00fccker Zeitung (NOZ) ihren Leserinnen und Lesern. In der \u00dcberschrift eines Interviews, welches die Zeitung mit Niedersachsens Ministerpr\u00e4sident f\u00fchrte, hei\u00dft es, Weil wolle W\u00f6lfe\u2026","rel":"","context":"In &quot;Standpunkte&quot;","img":{"alt_text":"Wolf im Tierpark Nordhorn","src":"https:\/\/i0.wp.com\/wolfsmonitor.de\/wp-content\/uploads\/2015\/07\/Foto-Kommentar-2.jpg?fit=586%2C513&ssl=1&resize=350%2C200","width":350,"height":200},"classes":[]},{"id":10196,"url":"https:\/\/wolfsmonitor.de\/?p=10196","url_meta":{"origin":3897,"position":2},"title":"Niedersachsen: Althusmanns Agrarministerin in spe kritisiert W\u00f6lfe scharf!","date":"29. August 2017","format":false,"excerpt":"In Niedersachsen stellte der CDU-Kandidat Bernd Althusmann heute - etwa 6 Wochen vor der Wahl - das erste Mitglied seines \u201eSchattenkabinetts\u201c vor. Es handelt sich dabei um die Vorsitzende des nieders\u00e4chsischen Landfrauenverbandes, Barbara Otte-Kinast. Mit ihrer Berufung ins \u201eKompetenzteam\u201c erkl\u00e4rte sie offenbar gleich den Wolf zu ihrem priorit\u00e4ren politischen Thema.\u2026","rel":"","context":"In &quot;Nachrichten&quot;","img":{"alt_text":"","src":"https:\/\/i0.wp.com\/wolfsmonitor.de\/wp-content\/uploads\/2016\/11\/B-Foto-H.A.-Nachrichten-2.jpg?fit=767%2C574&ssl=1&resize=350%2C200","width":350,"height":200},"classes":[]},{"id":532,"url":"https:\/\/wolfsmonitor.de\/?p=532","url_meta":{"origin":3897,"position":3},"title":"Die Wolfsampel: Wolf soll Fohlen in Bispingen get\u00f6tet haben","date":"21. Mai 2015","format":false,"excerpt":"Das Fohlen muss letztlich eine leichte Beute gewesen sein. Nur wenige Kilometer n\u00f6rdlich des Truppen\u00fcbungsplatzes Munster sorgt zurzeit bei Bispingen in der L\u00fcneburger Heide ein get\u00f6tetes Fohlen f\u00fcr Aufregung. In der Nacht vom 17. auf den 18. Mai blieben von ihm nach der Geburt nur noch der Kopf und die\u2026","rel":"","context":"In &quot;Die Wolfsampel&quot;","img":{"alt_text":"","src":"","width":0,"height":0},"classes":[]},{"id":10143,"url":"https:\/\/wolfsmonitor.de\/?p=10143","url_meta":{"origin":3897,"position":4},"title":"Wolfs-Infoveranstaltung: \"W\u00e4re, w\u00e4re - Fahrradkette\"","date":"27. August 2017","format":false,"excerpt":"Infoveranstaltungen der CDU in Celle scheinen manchmal eine besondere Qualit\u00e4t zu haben. Wenn es dort um den Wolf geht, f\u00fchlt sich n\u00e4mlich offenbar so manch einer aufgefordert, mal \"richtig einen vom Stapel zu lassen\u201c. Und wenn danach der Wolfsmonitor-Redaktion erbost Zeitungsartikel zugespielt werden, weil sie wegen einer Bezahlschranke nicht frei\u2026","rel":"","context":"In &quot;Standpunkte&quot;","img":{"alt_text":"Wolf im Tierpark Nordhorn","src":"https:\/\/i1.wp.com\/wolfsmonitor.de\/wp-content\/uploads\/2015\/04\/WM-Kommentar.jpg?fit=512%2C442&ssl=1&resize=350%2C200","width":350,"height":200},"classes":[]},{"id":6921,"url":"https:\/\/wolfsmonitor.de\/?p=6921","url_meta":{"origin":3897,"position":5},"title":"Das Jahr 2016: Die Wolfsmonitor-Retrospektive","date":"31. Dezember 2016","format":false,"excerpt":"In diesen Tagen liest man \u00f6fter, das Jahr 2016 sei ein Katastrophenjahr gewesen. Das mag \u2013 subjektiv betrachtet \u2013 durchaus f\u00fcr einige von uns so stimmen. Ich kenne allerdings genauso viele Menschen, die in diesem Jahr \u00fcberdurchschnittlich erfolgreich, manche von ihnen sogar sehr erfolgreich waren... In Teilen entsetzlich kam mir\u2026","rel":"","context":"In &quot;Hintergr\u00fcnde&quot;","img":{"alt_text":"Wolf (Foto: Naturfotograf Heiko Anders)","src":"https:\/\/i1.wp.com\/wolfsmonitor.de\/wp-content\/uploads\/2016\/05\/Beitragsfoto-Heiko-Anders-Aktuell.jpg?fit=654%2C492&ssl=1&resize=350%2C200","width":350,"height":200},"classes":[]}],"_links":{"self":[{"href":"https:\/\/wolfsmonitor.de\/index.php?rest_route=\/wp\/v2\/posts\/3897"}],"collection":[{"href":"https:\/\/wolfsmonitor.de\/index.php?rest_route=\/wp\/v2\/posts"}],"about":[{"href":"https:\/\/wolfsmonitor.de\/index.php?rest_route=\/wp\/v2\/types\/post"}],"author":[{"embeddable":true,"href":"https:\/\/wolfsmonitor.de\/index.php?rest_route=\/wp\/v2\/users\/1"}],"replies":[{"embeddable":true,"href":"https:\/\/wolfsmonitor.de\/index.php?rest_route=%2Fwp%2Fv2%2Fcomments&post=3897"}],"version-history":[{"count":7,"href":"https:\/\/wolfsmonitor.de\/index.php?rest_route=\/wp\/v2\/posts\/3897\/revisions"}],"predecessor-version":[{"id":3904,"href":"https:\/\/wolfsmonitor.de\/index.php?rest_route=\/wp\/v2\/posts\/3897\/revisions\/3904"}],"wp:featuredmedia":[{"embeddable":true,"href":"https:\/\/wolfsmonitor.de\/index.php?rest_route=\/wp\/v2\/media\/247"}],"wp:attachment":[{"href":"https:\/\/wolfsmonitor.de\/index.php?rest_route=%2Fwp%2Fv2%2Fmedia&parent=3897"}],"wp:term":[{"taxonomy":"category","embeddable":true,"href":"https:\/\/wolfsmonitor.de\/index.php?rest_route=%2Fwp%2Fv2%2Fcategories&post=3897"},{"taxonomy":"post_tag","embeddable":true,"href":"https:\/\/wolfsmonitor.de\/index.php?rest_route=%2Fwp%2Fv2%2Ftags&post=3897"}],"curies":[{"name":"wp","href":"https:\/\/api.w.org\/{rel}","templated":true}]}}