{"id":5238,"date":"2016-09-29T08:48:47","date_gmt":"2016-09-29T06:48:47","guid":{"rendered":"http:\/\/wolfsmonitor.de\/?p=5238"},"modified":"2018-05-05T14:23:55","modified_gmt":"2018-05-05T12:23:55","slug":"badens-bauern-gegen-luchs-und-wolf","status":"publish","type":"post","link":"https:\/\/wolfsmonitor.de\/?p=5238","title":{"rendered":"Badens Bauern gegen Luchs und Wolf"},"content":{"rendered":"<p><strong>Der Badische Landwirtschaftliche Hauptverband e.V. (BLHV) fordert von der Politik und der ganzen Gesellschaft, von einer Willkommenskultur f\u00fcr W\u00f6lfe Abstand zu nehmen, die Sorgen der betroffenen Landwirte ernst zu nehmen und bei wiederholten Angriffen von W\u00f6lfen auf Nutztierherden unb\u00fcrokratisch die Entnahme dieser W\u00f6lfe aus der Natur zu erlauben.<\/strong><\/p>\n<p>Das geht aus einer Pressemeldung hervor, die der Verband gestern ver\u00f6ffentlichte (im Wortlaut):<!--more--><\/p>\n<h4 class=\"title\"><strong>BLHV gegen die Wiederansiedlung von Luchs und Wolf<\/strong><\/h4>\n<div id=\"node-36114\" class=\"node\">\n<div class=\"date_n\"><span class=\"date-display-single\">28.09.2016<\/span><\/div>\n<div class=\"teaser\">\n<p>&#8222;Bei der Sitzung des Verbandssauschusses des BLHV am 16.September 2016 in Durbach wurde die \u201ePositionierung zu Luchs und Wolf\u201c einstimmig verabschiedet. Der badische Bauernverband spricht sich dagegen aus, dass Luchse und W\u00f6lfe wieder in Baden heimisch werden. Unsere Landwirte k\u00f6nnen ihr Vieh nicht ausreichend gegen diese Gefahr sch\u00fctzen.<\/p>\n<\/div>\n<div class=\"body\">\n<p>Wolf- und luchssichere Z\u00e4une k\u00f6nnten sich die badischen Bauern nicht leisten, stellt der BLHV in seiner Position fest. Ohne einen solchen Zaun erhielten sie jedoch vermutlich keine Entsch\u00e4digung, wenn Wolf oder Luchs Nutztiere t\u00f6teten. Zudem b\u00f6ten auch diese Z\u00e4une keine absolute Sicherheit. So k\u00f6nnte bei einem Wolfsangriff die Herde ausbrechen und auf Stra\u00dfen Leben und Gesundheit der Autofahrer gef\u00e4hrden, mit strafrechtlichen Konsequenzen f\u00fcr den Tierhalter.<\/p>\n<p>Als wolfsdicht gilt ein Zaun, wenn er mindestens 90 cm hoch ist und gegen Untergrabung gesichert wurde. Solche Z\u00e4une seien in den Steillagen des Schwarzwaldes technisch und wirtschaftlich nicht machbar, erkl\u00e4rt der BLHV in seiner Position. Auch sei die Anschaffung einer ausreichenden Anzahl von Herdenschutzhunden weder m\u00f6glich noch seien die damit verbundenen Kosten bei sinkenden Erzeugerpreisen f\u00fcr die Tierhalter zumutbar.<\/p>\n<p>Luchs und Wolf sind nach dem Europ\u00e4ischen Artenschutzrecht streng gesch\u00fctzte Arten. Wenn zum Beispiel ein Luchs in einem Bauernwald seine Jungen gro\u00dfzieht und der Bauer braucht einen neuen Waldweg, dann muss er aus seinem Geldbeutel ein Sachverst\u00e4ndigengutachten bezahlen und nachweisen, dass der Wegebau keine negativen Auswirkungen auf den Luchs haben wird. Gelingt dies nicht, wird dem Waldbesitzer der notwendige Wegebau untersagt. Grundvoraussetzung f\u00fcr eine Wiederansiedlung des Luchses sei deshalb garantierte Rechtssicherheit, dass daraus keinen neuen Auflagen und Verbote f\u00fcr die Bauern folgten. Der BLHV fordert, dass aus Respekt gegen\u00fcber dem Eigentum die Wiederansiedlung des Luchses nur mit Zustimmung der Grundeigent\u00fcmer erfolgen darf.<\/p>\n<p>Der Badische Landwirtschaftliche Hauptverband e.V. fordert deshalb von Politik und Gesellschaft, von einer Willkommenskultur f\u00fcr W\u00f6lfe Abstand zu nehmen, die Sorgen der betroffenen Landwirte ernst zu nehmen und bei wiederholten Angriffen von W\u00f6lfen auf Nutztierherden unb\u00fcrokratisch die Entnahme dieser W\u00f6lfe aus der Natur zu erlauben.&#8220;<\/p>\n<p>Anders als der Bauernverband will Landwirtschaftsminister Peter Hauk (CDU) laut der S\u00fcdwest Presse jedoch ein Miteinander von Weidetieren und W\u00f6lfen erreichen. Dazu gebe es einen von Experten erstellten &#8222;Handlungsleitfaden Wolf&#8220;(<span style=\"color: #0000ff;\"><a style=\"color: #0000ff;\" href=\"https:\/\/mlr.baden-wuerttemberg.de\/fileadmin\/redaktion\/m-mlr\/intern\/dateien\/publikationen\/Rueckkehr_des_Wolfes.pdf\" target=\"_blank\">hier!<\/a><\/span>), der den Umgang mit dem Raubtier im S\u00fcdwesten regele. (*2)<\/p>\n<p><em><span style=\"text-decoration: underline;\">Quellen:<\/span><\/em><\/p>\n<p><em>(*1) Badischer Landwirtschaftlicher Hauptverband e.V., www.blhv.de, Presseinformation vom 28.9.2016: &#8222;BLHV gegen die Wiederansiedlung von Luchs und Wolf&#8220;, abgerufen am 29.9.2016, <span style=\"color: #0000ff;\"><a style=\"color: #0000ff;\" href=\"http:\/\/www.blhv.de\/presse\/pressemitteilungen\/2016\/blhv-gegen-wiederansiedlung-luchs-und-wolf\" target=\"_blank\">hier der Link!<\/a><\/span><strong><br \/>\n<\/strong><\/em><\/p>\n<p><em>(*2) S\u00fcdwest Presse, www.swp.de, Artikel (dpa) vom 28.09.2016: &#8222;Bauernverband will Wolf und Luchs im S\u00fcdwesten verhindern&#8220;, abgerufen am 29.9.2016,<span style=\"color: #0000ff;\"> <a style=\"color: #0000ff;\" href=\"http:\/\/www.swp.de\/ulm\/nachrichten\/suedwestumschau\/Bauerverband-will-Wolf-und-Luchs-im-Suedwesten-verhindern;art1157835,4025109\" target=\"_blank\">hier der Link!<\/a><\/span><\/em><\/p>\n<p><em><span style=\"text-decoration: underline;\">Hinweis:<\/span> Keine Gew\u00e4hr f\u00fcr Links und Inhalte der verlinkten Seiten!<\/em><\/p>\n<\/div>\n<\/div>\n<div class=\"shariff shariff-align-center shariff-widget-align-center\" data-services=\"facebook%7Ctwitter\" data-url=\"https%3A%2F%2Fwolfsmonitor.de%2F%3Fp%3D5238\" data-timestamp=\"1525530235\" data-backendurl=\"?rest_route=\/shariff\/v1\/share_counts&\"><ul class=\"shariff-buttons theme-color orientation-horizontal buttonsize-small\"><li class=\"shariff-button facebook shariff-nocustomcolor\" style=\"background-color:#4273c8\"><a href=\"https:\/\/www.facebook.com\/sharer\/sharer.php?u=https%3A%2F%2Fwolfsmonitor.de%2F%3Fp%3D5238\" title=\"Bei Facebook teilen\" aria-label=\"Bei Facebook teilen\" role=\"button\" rel=\"nofollow\" class=\"shariff-link\" style=\"; background-color:#3b5998; color:#fff\" target=\"_blank\"><span class=\"shariff-icon\" style=\"\"><svg width=\"32px\" height=\"20px\" xmlns=\"http:\/\/www.w3.org\/2000\/svg\" viewBox=\"0 0 18 32\"><path fill=\"#3b5998\" d=\"M17.1 0.2v4.7h-2.8q-1.5 0-2.1 0.6t-0.5 1.9v3.4h5.2l-0.7 5.3h-4.5v13.6h-5.5v-13.6h-4.5v-5.3h4.5v-3.9q0-3.3 1.9-5.2t5-1.8q2.6 0 4.1 0.2z\"\/><\/svg><\/span><span class=\"shariff-text\">teilen<\/span>&nbsp;<span data-service=\"facebook\" style=\"color:#3b5998\" class=\"shariff-count shariff-hidezero\"><\/span>&nbsp;<\/a><\/li><li class=\"shariff-button twitter shariff-nocustomcolor\" style=\"background-color:#32bbf5\"><a href=\"https:\/\/twitter.com\/share?url=https%3A%2F%2Fwolfsmonitor.de%2F%3Fp%3D5238&text=Badens%20Bauern%20gegen%20Luchs%20und%20Wolf\" title=\"Bei Twitter teilen\" aria-label=\"Bei Twitter teilen\" role=\"button\" rel=\"noopener nofollow\" class=\"shariff-link\" style=\"; background-color:#55acee; color:#fff\" target=\"_blank\"><span class=\"shariff-icon\" style=\"\"><svg width=\"32px\" height=\"20px\" xmlns=\"http:\/\/www.w3.org\/2000\/svg\" viewBox=\"0 0 30 32\"><path fill=\"#55acee\" d=\"M29.7 6.8q-1.2 1.8-3 3.1 0 0.3 0 0.8 0 2.5-0.7 4.9t-2.2 4.7-3.5 4-4.9 2.8-6.1 1q-5.1 0-9.3-2.7 0.6 0.1 1.5 0.1 4.3 0 7.6-2.6-2-0.1-3.5-1.2t-2.2-3q0.6 0.1 1.1 0.1 0.8 0 1.6-0.2-2.1-0.4-3.5-2.1t-1.4-3.9v-0.1q1.3 0.7 2.8 0.8-1.2-0.8-2-2.2t-0.7-2.9q0-1.7 0.8-3.1 2.3 2.8 5.5 4.5t7 1.9q-0.2-0.7-0.2-1.4 0-2.5 1.8-4.3t4.3-1.8q2.7 0 4.5 1.9 2.1-0.4 3.9-1.5-0.7 2.2-2.7 3.4 1.8-0.2 3.5-0.9z\"\/><\/svg><\/span><span class=\"shariff-text\">twittern<\/span>&nbsp;<span data-service=\"twitter\" style=\"color:#55acee\" class=\"shariff-count shariff-hidezero\"><\/span>&nbsp;<\/a><\/li><li class=\"shariff-button rss shariff-nocustomcolor\" style=\"background-color:#ff8c00\"><a href=\"https:\/\/wolfsmonitor.de\/?feed=rss\" title=\"RSS-feed\" aria-label=\"RSS-feed\" role=\"button\" class=\"shariff-link\" style=\"; background-color:#fe9312; color:#fff\" target=\"_blank\"><span class=\"shariff-icon\" style=\"\"><svg width=\"32px\" height=\"20px\" xmlns=\"http:\/\/www.w3.org\/2000\/svg\" viewBox=\"0 0 32 32\"><path fill=\"#fe9312\" d=\"M4.3 23.5c-2.3 0-4.3 1.9-4.3 4.3 0 2.3 1.9 4.2 4.3 4.2 2.4 0 4.3-1.9 4.3-4.2 0-2.3-1.9-4.3-4.3-4.3zM0 10.9v6.1c4 0 7.7 1.6 10.6 4.4 2.8 2.8 4.4 6.6 4.4 10.6h6.2c0-11.7-9.5-21.1-21.1-21.1zM0 0v6.1c14.2 0 25.8 11.6 25.8 25.9h6.2c0-17.6-14.4-32-32-32z\"\/><\/svg><\/span><span class=\"shariff-text\">RSS-feed<\/span>&nbsp;<\/a><\/li><li class=\"shariff-button mailto shariff-nocustomcolor\" style=\"background-color:#a8a8a8\"><a href=\"mailto:?body=https%3A%2F%2Fwolfsmonitor.de%2F%3Fp%3D5238&subject=Badens%20Bauern%20gegen%20Luchs%20und%20Wolf\" title=\"Per E-Mail versenden\" aria-label=\"Per E-Mail versenden\" role=\"button\" rel=\"noopener nofollow\" class=\"shariff-link\" style=\"; background-color:#999; color:#fff\"><span class=\"shariff-icon\" style=\"\"><svg width=\"32px\" height=\"20px\" xmlns=\"http:\/\/www.w3.org\/2000\/svg\" viewBox=\"0 0 32 32\"><path fill=\"#999\" d=\"M32 12.7v14.2q0 1.2-0.8 2t-2 0.9h-26.3q-1.2 0-2-0.9t-0.8-2v-14.2q0.8 0.9 1.8 1.6 6.5 4.4 8.9 6.1 1 0.8 1.6 1.2t1.7 0.9 2 0.4h0.1q0.9 0 2-0.4t1.7-0.9 1.6-1.2q3-2.2 8.9-6.1 1-0.7 1.8-1.6zM32 7.4q0 1.4-0.9 2.7t-2.2 2.2q-6.7 4.7-8.4 5.8-0.2 0.1-0.7 0.5t-1 0.7-0.9 0.6-1.1 0.5-0.9 0.2h-0.1q-0.4 0-0.9-0.2t-1.1-0.5-0.9-0.6-1-0.7-0.7-0.5q-1.6-1.1-4.7-3.2t-3.6-2.6q-1.1-0.7-2.1-2t-1-2.5q0-1.4 0.7-2.3t2.1-0.9h26.3q1.2 0 2 0.8t0.9 2z\"\/><\/svg><\/span><span class=\"shariff-text\">E-Mail<\/span>&nbsp;<\/a><\/li><li class=\"shariff-button info shariff-nocustomcolor\" style=\"background-color:#a8a8a8\"><a href=\"http:\/\/ct.de\/-2467514\" title=\"Weitere Informationen\" aria-label=\"Weitere Informationen\" role=\"button\" rel=\"noopener \" class=\"shariff-link\" style=\"; background-color:#999; color:#fff\" target=\"_blank\"><span class=\"shariff-icon\" style=\"\"><svg width=\"32px\" height=\"20px\" xmlns=\"http:\/\/www.w3.org\/2000\/svg\" viewBox=\"0 0 11 32\"><path fill=\"#999\" d=\"M11.4 24v2.3q0 0.5-0.3 0.8t-0.8 0.4h-9.1q-0.5 0-0.8-0.4t-0.4-0.8v-2.3q0-0.5 0.4-0.8t0.8-0.4h1.1v-6.8h-1.1q-0.5 0-0.8-0.4t-0.4-0.8v-2.3q0-0.5 0.4-0.8t0.8-0.4h6.8q0.5 0 0.8 0.4t0.4 0.8v10.3h1.1q0.5 0 0.8 0.4t0.3 0.8zM9.2 3.4v3.4q0 0.5-0.4 0.8t-0.8 0.4h-4.6q-0.4 0-0.8-0.4t-0.4-0.8v-3.4q0-0.4 0.4-0.8t0.8-0.4h4.6q0.5 0 0.8 0.4t0.4 0.8z\"\/><\/svg><\/span><\/a><\/li><\/ul><\/div>","protected":false},"excerpt":{"rendered":"<p>Der Badische Landwirtschaftliche Hauptverband e.V. (BLHV) fordert von der Politik und der ganzen Gesellschaft, von einer Willkommenskultur f\u00fcr W\u00f6lfe Abstand zu nehmen, die Sorgen der betroffenen Landwirte ernst zu nehmen und bei wiederholten Angriffen von W\u00f6lfen auf Nutztierherden unb\u00fcrokratisch die Entnahme dieser W\u00f6lfe aus der Natur zu erlauben. Das geht aus einer Pressemeldung hervor, die [&hellip;]<\/p>\n<div class=\"shariff shariff-align-center shariff-widget-align-center\" data-services=\"facebook%7Ctwitter\" data-url=\"https%3A%2F%2Fwolfsmonitor.de%2F%3Fp%3D5238\" data-timestamp=\"1525530235\" data-backendurl=\"?rest_route=\/shariff\/v1\/share_counts&\"><ul class=\"shariff-buttons theme-color orientation-horizontal buttonsize-small\"><li class=\"shariff-button facebook shariff-nocustomcolor\" style=\"background-color:#4273c8\"><a href=\"https:\/\/www.facebook.com\/sharer\/sharer.php?u=https%3A%2F%2Fwolfsmonitor.de%2F%3Fp%3D5238\" title=\"Bei Facebook teilen\" aria-label=\"Bei Facebook teilen\" role=\"button\" rel=\"nofollow\" class=\"shariff-link\" style=\"; background-color:#3b5998; color:#fff\" target=\"_blank\"><span class=\"shariff-icon\" style=\"\"><svg width=\"32px\" height=\"20px\" xmlns=\"http:\/\/www.w3.org\/2000\/svg\" viewBox=\"0 0 18 32\"><path fill=\"#3b5998\" d=\"M17.1 0.2v4.7h-2.8q-1.5 0-2.1 0.6t-0.5 1.9v3.4h5.2l-0.7 5.3h-4.5v13.6h-5.5v-13.6h-4.5v-5.3h4.5v-3.9q0-3.3 1.9-5.2t5-1.8q2.6 0 4.1 0.2z\"\/><\/svg><\/span><span class=\"shariff-text\">teilen<\/span>&nbsp;<span data-service=\"facebook\" style=\"color:#3b5998\" class=\"shariff-count shariff-hidezero\"><\/span>&nbsp;<\/a><\/li><li class=\"shariff-button twitter shariff-nocustomcolor\" style=\"background-color:#32bbf5\"><a href=\"https:\/\/twitter.com\/share?url=https%3A%2F%2Fwolfsmonitor.de%2F%3Fp%3D5238&text=Badens%20Bauern%20gegen%20Luchs%20und%20Wolf\" title=\"Bei Twitter teilen\" aria-label=\"Bei Twitter teilen\" role=\"button\" rel=\"noopener nofollow\" class=\"shariff-link\" style=\"; background-color:#55acee; color:#fff\" target=\"_blank\"><span class=\"shariff-icon\" style=\"\"><svg width=\"32px\" height=\"20px\" xmlns=\"http:\/\/www.w3.org\/2000\/svg\" viewBox=\"0 0 30 32\"><path fill=\"#55acee\" d=\"M29.7 6.8q-1.2 1.8-3 3.1 0 0.3 0 0.8 0 2.5-0.7 4.9t-2.2 4.7-3.5 4-4.9 2.8-6.1 1q-5.1 0-9.3-2.7 0.6 0.1 1.5 0.1 4.3 0 7.6-2.6-2-0.1-3.5-1.2t-2.2-3q0.6 0.1 1.1 0.1 0.8 0 1.6-0.2-2.1-0.4-3.5-2.1t-1.4-3.9v-0.1q1.3 0.7 2.8 0.8-1.2-0.8-2-2.2t-0.7-2.9q0-1.7 0.8-3.1 2.3 2.8 5.5 4.5t7 1.9q-0.2-0.7-0.2-1.4 0-2.5 1.8-4.3t4.3-1.8q2.7 0 4.5 1.9 2.1-0.4 3.9-1.5-0.7 2.2-2.7 3.4 1.8-0.2 3.5-0.9z\"\/><\/svg><\/span><span class=\"shariff-text\">twittern<\/span>&nbsp;<span data-service=\"twitter\" style=\"color:#55acee\" class=\"shariff-count shariff-hidezero\"><\/span>&nbsp;<\/a><\/li><li class=\"shariff-button rss shariff-nocustomcolor\" style=\"background-color:#ff8c00\"><a href=\"https:\/\/wolfsmonitor.de\/?feed=rss\" title=\"RSS-feed\" aria-label=\"RSS-feed\" role=\"button\" class=\"shariff-link\" style=\"; background-color:#fe9312; color:#fff\" target=\"_blank\"><span class=\"shariff-icon\" style=\"\"><svg width=\"32px\" height=\"20px\" xmlns=\"http:\/\/www.w3.org\/2000\/svg\" viewBox=\"0 0 32 32\"><path fill=\"#fe9312\" d=\"M4.3 23.5c-2.3 0-4.3 1.9-4.3 4.3 0 2.3 1.9 4.2 4.3 4.2 2.4 0 4.3-1.9 4.3-4.2 0-2.3-1.9-4.3-4.3-4.3zM0 10.9v6.1c4 0 7.7 1.6 10.6 4.4 2.8 2.8 4.4 6.6 4.4 10.6h6.2c0-11.7-9.5-21.1-21.1-21.1zM0 0v6.1c14.2 0 25.8 11.6 25.8 25.9h6.2c0-17.6-14.4-32-32-32z\"\/><\/svg><\/span><span class=\"shariff-text\">RSS-feed<\/span>&nbsp;<\/a><\/li><li class=\"shariff-button mailto shariff-nocustomcolor\" style=\"background-color:#a8a8a8\"><a href=\"mailto:?body=https%3A%2F%2Fwolfsmonitor.de%2F%3Fp%3D5238&subject=Badens%20Bauern%20gegen%20Luchs%20und%20Wolf\" title=\"Per E-Mail versenden\" aria-label=\"Per E-Mail versenden\" role=\"button\" rel=\"noopener nofollow\" class=\"shariff-link\" style=\"; background-color:#999; color:#fff\"><span class=\"shariff-icon\" style=\"\"><svg width=\"32px\" height=\"20px\" xmlns=\"http:\/\/www.w3.org\/2000\/svg\" viewBox=\"0 0 32 32\"><path fill=\"#999\" d=\"M32 12.7v14.2q0 1.2-0.8 2t-2 0.9h-26.3q-1.2 0-2-0.9t-0.8-2v-14.2q0.8 0.9 1.8 1.6 6.5 4.4 8.9 6.1 1 0.8 1.6 1.2t1.7 0.9 2 0.4h0.1q0.9 0 2-0.4t1.7-0.9 1.6-1.2q3-2.2 8.9-6.1 1-0.7 1.8-1.6zM32 7.4q0 1.4-0.9 2.7t-2.2 2.2q-6.7 4.7-8.4 5.8-0.2 0.1-0.7 0.5t-1 0.7-0.9 0.6-1.1 0.5-0.9 0.2h-0.1q-0.4 0-0.9-0.2t-1.1-0.5-0.9-0.6-1-0.7-0.7-0.5q-1.6-1.1-4.7-3.2t-3.6-2.6q-1.1-0.7-2.1-2t-1-2.5q0-1.4 0.7-2.3t2.1-0.9h26.3q1.2 0 2 0.8t0.9 2z\"\/><\/svg><\/span><span class=\"shariff-text\">E-Mail<\/span>&nbsp;<\/a><\/li><li class=\"shariff-button info shariff-nocustomcolor\" style=\"background-color:#a8a8a8\"><a href=\"http:\/\/ct.de\/-2467514\" title=\"Weitere Informationen\" aria-label=\"Weitere Informationen\" role=\"button\" rel=\"noopener \" class=\"shariff-link\" style=\"; background-color:#999; color:#fff\" target=\"_blank\"><span class=\"shariff-icon\" style=\"\"><svg width=\"32px\" height=\"20px\" xmlns=\"http:\/\/www.w3.org\/2000\/svg\" viewBox=\"0 0 11 32\"><path fill=\"#999\" d=\"M11.4 24v2.3q0 0.5-0.3 0.8t-0.8 0.4h-9.1q-0.5 0-0.8-0.4t-0.4-0.8v-2.3q0-0.5 0.4-0.8t0.8-0.4h1.1v-6.8h-1.1q-0.5 0-0.8-0.4t-0.4-0.8v-2.3q0-0.5 0.4-0.8t0.8-0.4h6.8q0.5 0 0.8 0.4t0.4 0.8v10.3h1.1q0.5 0 0.8 0.4t0.3 0.8zM9.2 3.4v3.4q0 0.5-0.4 0.8t-0.8 0.4h-4.6q-0.4 0-0.8-0.4t-0.4-0.8v-3.4q0-0.4 0.4-0.8t0.8-0.4h4.6q0.5 0 0.8 0.4t0.4 0.8z\"\/><\/svg><\/span><\/a><\/li><\/ul><\/div>","protected":false},"author":1,"featured_media":1381,"comment_status":"closed","ping_status":"open","sticky":false,"template":"","format":"standard","meta":{"spay_email":""},"categories":[5,2852],"tags":[3879,3880,3884,2865,3883,3881,43,3882,105],"jetpack_featured_media_url":"https:\/\/i2.wp.com\/wolfsmonitor.de\/wp-content\/uploads\/2015\/09\/WM-Hintergr\u00fcnde.jpg?fit=355%2C312&ssl=1","jetpack_shortlink":"https:\/\/wp.me\/p61YbU-1mu","jetpack-related-posts":[{"id":8731,"url":"https:\/\/wolfsmonitor.de\/?p=8731","url_meta":{"origin":5238,"position":0},"title":"Jagdverband in Baden-W\u00fcrttemberg warnt vor Fake-News einer \"einschl\u00e4gigen Gruppe\"","date":"4. Mai 2017","format":false,"excerpt":"Offenbar gibt es in Baden-W\u00fcrttemberg eine \"einschl\u00e4gige Gruppe um die bekannte Silke E.\", die Fake-News und fragw\u00fcrdige Handlungsempfehlungen im Internet streut. Der \u00d6kologische Jagdverband (\u00d6JV) Baden- W\u00fcrttemberg sieht sich deshalb zu einer Klarstellung veranlasst. Die Meldung des Jagdverbandes im Wortlaut: \"Stellungnahme des wildbiologischen Referenten des \u00d6JV BaW\u00fc zu den verst\u00e4rkt\u2026","rel":"","context":"In &quot;Presseinformationen&quot;","img":{"alt_text":"Foto: Naturfotograf Heiko Anders","src":"https:\/\/i0.wp.com\/wolfsmonitor.de\/wp-content\/uploads\/2016\/05\/HA-Beitragsfoto-Presseinfo-1.jpg?fit=623%2C415&ssl=1&resize=350%2C200","width":350,"height":200},"classes":[]},{"id":6292,"url":"https:\/\/wolfsmonitor.de\/?p=6292","url_meta":{"origin":5238,"position":1},"title":"7 Wolfsmonitor-Nachrichten, 29.11.2016","date":"29. November 2016","format":false,"excerpt":"Der Arbeitskreis Hallesche Auenw\u00e4lder zu Halle (Saale) e.V nahm \"mit einer Mischung aus Verwunderung und Entsetzen\" das fortgesetzte Agieren der umweltpolitischen Sprechern von CDU und CSU auf, welche ein verst\u00e4rktes Vorgehen gegen die R\u00fcckkehr des Wolfes anmahnten. Man erwarte deshalb \"mehr Handeln der Umweltpolitiker von CDU und CSU\", und nicht,\u2026","rel":"","context":"In &quot;Nachrichten&quot;","img":{"alt_text":"","src":"https:\/\/i1.wp.com\/wolfsmonitor.de\/wp-content\/uploads\/2016\/11\/B-Foto-H.A.-Nachrichten-1.jpg?fit=761%2C497&ssl=1&resize=350%2C200","width":350,"height":200},"classes":[]},{"id":12791,"url":"https:\/\/wolfsmonitor.de\/?p=12791","url_meta":{"origin":5238,"position":2},"title":"NRW: Wolfsichtungen im Kreis Wesel und in der Walsumer Rheinaue (Duisburg) best\u00e4tigt","date":"8. M\u00e4rz 2018","format":false,"excerpt":"Das Landesamt f\u00fcr Natur, Umwelt und Verbraucherschutz NRW (LANUV) best\u00e4tigt, dass am 24. Februar 2018 ein Wolf im H\u00fcnxer Wald (Kreis Wesel) gesichtet und fotografiert und am 26. Februar 2018 ein Wolf in der Walsumer Rheinaue (kreisfreie Stadt Duisburg), von einer Wildkamera abgelichtet wurde. Die Einsch\u00e4tzung, dass die Bilder jeweils\u2026","rel":"","context":"In &quot;Nachrichten&quot;","img":{"alt_text":"","src":"https:\/\/i0.wp.com\/wolfsmonitor.de\/wp-content\/uploads\/2016\/11\/B-Foto-H.A.-Nachrichten-2.jpg?fit=767%2C574&ssl=1&resize=350%2C200","width":350,"height":200},"classes":[]},{"id":7274,"url":"https:\/\/wolfsmonitor.de\/?p=7274","url_meta":{"origin":5238,"position":3},"title":"Kein vern\u00fcnftiger Grund f\u00fcr W\u00f6lfe in Deutschland?","date":"18. Januar 2017","format":false,"excerpt":"Wenn jemand auf die Frage, warum wir eigentlich W\u00f6lfe in Deutschland \"brauchen\", keine spontane Antwort erh\u00e4lt, dann mag das vielleicht auch an der Frage liegen. Denn h\u00f6chstwahrscheinlich ist sie falsch gestellt! Daraus allerdings vorschnell ableiten zu wollen, es g\u00e4be keinen \u201evern\u00fcnftigen Grund\u201c f\u00fcr die Anwesenheit der W\u00f6lfe, l\u00e4sst mich manchmal\u2026","rel":"","context":"In &quot;Standpunkte&quot;","img":{"alt_text":"Wolf im Tierpark Nordhorn","src":"https:\/\/i0.wp.com\/wolfsmonitor.de\/wp-content\/uploads\/2015\/07\/Foto-Kommentar-2.jpg?fit=586%2C513&ssl=1&resize=350%2C200","width":350,"height":200},"classes":[]},{"id":3274,"url":"https:\/\/wolfsmonitor.de\/?p=3274","url_meta":{"origin":5238,"position":4},"title":"GzSdW und Freundeskreis zum Wolfsabschuss!","date":"29. April 2016","format":false,"excerpt":"Die \"Gesellschaft zum Schutz der W\u00f6lfe (GzSdW)\" und der \"Freundeskreis freilebender W\u00f6lfe e.V.\" nehmen zum Abschuss des Wolfes \"Kurti\" alias \"MT 6\" wie folgt gemeinsam Stellung (im Wortlaut): \"Das Nieders\u00e4chsische Ministerium f\u00fcr Umwelt, Energie und Klimaschutz hat dar\u00fcber informiert, dass MT6, der besenderte Wolf aus dem Munsteraner Rudel am 27.04.2016\u2026","rel":"","context":"In &quot;Aktuell&quot;","img":{"alt_text":"Wolf (Foto: Vogler)","src":"https:\/\/i1.wp.com\/wolfsmonitor.de\/wp-content\/uploads\/2016\/04\/Beitragsfoto-Aktuell-2.jpg?fit=734%2C521&ssl=1&resize=350%2C200","width":350,"height":200},"classes":[]},{"id":6692,"url":"https:\/\/wolfsmonitor.de\/?p=6692","url_meta":{"origin":5238,"position":5},"title":"WWF schockiert \u00fcber illegale \"Jagd-Safaris\" in Bayern","date":"16. Dezember 2016","format":false,"excerpt":"Der WWF zeigt sich nach einem ARD-Film, der vergangenen Sonntag ausgestrahlt wurde, schockiert, wie es in einer Pressemeldung der Naturschutzorganisation hei\u00dft, die von Deutschlands verdr\u00e4ngtem Wilderei-Problem spricht (im Wortlaut): \"Deutschlands verdr\u00e4ngtes Wilderei-Problem\" Illegale Jagd-Safaris in Bayern und Wolfs-Serienkiller in Brandenburg: WWF legt F\u00fcnf-Punkte-Plan f\u00fcr deutsche Anti-Wilderei-Offensive vor. Fallen, Giftk\u00f6der oder\u2026","rel":"","context":"In &quot;Presseinformationen&quot;","img":{"alt_text":"Stehender Wolf im Tierpark Nordhorn (Foto: Vogler)","src":"https:\/\/i0.wp.com\/wolfsmonitor.de\/wp-content\/uploads\/2016\/03\/Beitragsfoto-Aktuell.jpg?fit=592%2C507&ssl=1&resize=350%2C200","width":350,"height":200},"classes":[]}],"_links":{"self":[{"href":"https:\/\/wolfsmonitor.de\/index.php?rest_route=\/wp\/v2\/posts\/5238"}],"collection":[{"href":"https:\/\/wolfsmonitor.de\/index.php?rest_route=\/wp\/v2\/posts"}],"about":[{"href":"https:\/\/wolfsmonitor.de\/index.php?rest_route=\/wp\/v2\/types\/post"}],"author":[{"embeddable":true,"href":"https:\/\/wolfsmonitor.de\/index.php?rest_route=\/wp\/v2\/users\/1"}],"replies":[{"embeddable":true,"href":"https:\/\/wolfsmonitor.de\/index.php?rest_route=%2Fwp%2Fv2%2Fcomments&post=5238"}],"version-history":[{"count":3,"href":"https:\/\/wolfsmonitor.de\/index.php?rest_route=\/wp\/v2\/posts\/5238\/revisions"}],"predecessor-version":[{"id":5241,"href":"https:\/\/wolfsmonitor.de\/index.php?rest_route=\/wp\/v2\/posts\/5238\/revisions\/5241"}],"wp:featuredmedia":[{"embeddable":true,"href":"https:\/\/wolfsmonitor.de\/index.php?rest_route=\/wp\/v2\/media\/1381"}],"wp:attachment":[{"href":"https:\/\/wolfsmonitor.de\/index.php?rest_route=%2Fwp%2Fv2%2Fmedia&parent=5238"}],"wp:term":[{"taxonomy":"category","embeddable":true,"href":"https:\/\/wolfsmonitor.de\/index.php?rest_route=%2Fwp%2Fv2%2Fcategories&post=5238"},{"taxonomy":"post_tag","embeddable":true,"href":"https:\/\/wolfsmonitor.de\/index.php?rest_route=%2Fwp%2Fv2%2Ftags&post=5238"}],"curies":[{"name":"wp","href":"https:\/\/api.w.org\/{rel}","templated":true}]}}