{"id":5271,"date":"2016-10-01T09:18:52","date_gmt":"2016-10-01T07:18:52","guid":{"rendered":"http:\/\/wolfsmonitor.de\/?p=5271"},"modified":"2018-05-05T14:25:34","modified_gmt":"2018-05-05T12:25:34","slug":"norwegen-bereits-mehr-als-200-000-unterschriften-gegen-wolfstoetungen-innerhalb-von-2-wochen","status":"publish","type":"post","link":"https:\/\/wolfsmonitor.de\/?p=5271","title":{"rendered":"Norwegen: Bereits mehr als 200.000 Unterschriften innerhalb von 2 Wochen gegen Wolfst\u00f6tungen"},"content":{"rendered":"<p><strong>Vor rund zwei Wochen wurden Regierungsplanungen Norwegens bekannt, nach denen 47 der sch\u00e4tzungsweise insgesamt 68 im Binnenland lebenden W\u00f6lfe des Landes get\u00f6tet werden sollen. Heute gibt es bereits mehr als 200.000 Unterschriften aus aller Welt dagegen. Journalisten bef\u00fcrchten durch die geplanten Wolfst\u00f6tungen f\u00fcr das Land einen geh\u00f6rigen Reputationsverlust. <\/strong>(Wolfsmonitor berichtete, <span style=\"color: #0000ff;\"><a style=\"color: #0000ff;\" href=\"https:\/\/wolfsmonitor.de\/?p=5087\" target=\"_blank\">hier!<\/a><\/span>)<\/p>\n<p>Um 09:00 Uhr am heutigen Tag gab es sogar bereits 211.476 Petitionsunterschriften, auf folgende zwei Petitionen verteilt:<!--more--><\/p>\n<p>Auf der Internetseite \u201eCare2Petitions\u201c (*1) hat die Petition \u201cDEMAND NORWAY STOP AUTHORISED MASS SLAUGHTER OF ITS ENDANGERED WOLF POPULATION\u201d heute, also am 27. September vormittags 109.500 Unterzeichner (am 21. September mittags waren es etwa 21.100),<span style=\"color: #0000ff;\"> <a style=\"color: #0000ff;\" href=\"http:\/\/www.thepetitionsite.com\/de\/459\/200\/467\/demand-norway-stop-mass-slaughter-of-its-endangered-wolf-population\/\" target=\"_blank\">hier der Link!<\/a><\/span><\/p>\n<p>Die \u201cOpprop.net-Petition\u201d (*2): \u201eSTOPP SLAKTINGEN AV ULV I NORGE!!!\u201c hat zum selben Zeitpunkt rund 56.950 Unterst\u00fctzer (am 21.9. waren es rund 44.600),<span style=\"color: #0000ff;\"> <a style=\"color: #0000ff;\" href=\"http:\/\/www.opprop.net\/ja_til_ulv_i_norsk_natur_nei_til_stortingets_utrydningspolitikk\" target=\"_blank\">hier der Link!<\/a><\/span><\/p>\n<p><span style=\"text-decoration: underline;\"><em>Quellen:<\/em><\/span><\/p>\n<p><em>(*1)<\/em> <em>\u201eCare2Petitions\u201c, thepetitionsite.com, Petition: \u201cDEMAND NORWAY STOP AUTHORISED MASS SLAUGHTER OF ITS ENDANGERED WOLF POPULATION\u201d, abgerufen am 27.9.2016,<span style=\"color: #0000ff;\"> <a style=\"color: #0000ff;\" href=\"http:\/\/www.thepetitionsite.com\/de\/459\/200\/467\/demand-norway-stop-mass-slaughter-of-its-endangered-wolf-population\/\" target=\"_blank\">hier der Link!<\/a><\/span><\/em><\/p>\n<p><em>(*2)<\/em> \u201e<em>Opprop.net\u201c, www.opprop.net, OPPROP: \u201cJa til ulv i norsk natur! Nei til Stortingets utrydningspolitikk<\/em><em>\u201d, abgerufen am 27.9.2016, <a href=\"http:\/\/www.opprop.net\/ja_til_ulv_i_norsk_natur_nei_til_stortingets_utrydningspolitikk\" target=\"_blank\"><span style=\"color: #0000ff;\">hier der Link!<\/span><\/a><\/em><\/p>\n<div class=\"shariff shariff-align-center shariff-widget-align-center\" data-services=\"facebook%7Ctwitter\" data-url=\"https%3A%2F%2Fwolfsmonitor.de%2F%3Fp%3D5271\" data-timestamp=\"1525530334\" data-backendurl=\"?rest_route=\/shariff\/v1\/share_counts&\"><ul class=\"shariff-buttons theme-color orientation-horizontal buttonsize-small\"><li class=\"shariff-button facebook shariff-nocustomcolor\" style=\"background-color:#4273c8\"><a href=\"https:\/\/www.facebook.com\/sharer\/sharer.php?u=https%3A%2F%2Fwolfsmonitor.de%2F%3Fp%3D5271\" title=\"Bei Facebook teilen\" aria-label=\"Bei Facebook teilen\" role=\"button\" rel=\"nofollow\" class=\"shariff-link\" style=\"; background-color:#3b5998; color:#fff\" target=\"_blank\"><span class=\"shariff-icon\" style=\"\"><svg width=\"32px\" height=\"20px\" xmlns=\"http:\/\/www.w3.org\/2000\/svg\" viewBox=\"0 0 18 32\"><path fill=\"#3b5998\" d=\"M17.1 0.2v4.7h-2.8q-1.5 0-2.1 0.6t-0.5 1.9v3.4h5.2l-0.7 5.3h-4.5v13.6h-5.5v-13.6h-4.5v-5.3h4.5v-3.9q0-3.3 1.9-5.2t5-1.8q2.6 0 4.1 0.2z\"\/><\/svg><\/span><span class=\"shariff-text\">teilen<\/span>&nbsp;<span data-service=\"facebook\" style=\"color:#3b5998\" class=\"shariff-count shariff-hidezero\"><\/span>&nbsp;<\/a><\/li><li class=\"shariff-button twitter shariff-nocustomcolor\" style=\"background-color:#32bbf5\"><a href=\"https:\/\/twitter.com\/share?url=https%3A%2F%2Fwolfsmonitor.de%2F%3Fp%3D5271&text=Norwegen%3A%20Bereits%20mehr%20als%20200.000%20Unterschriften%20innerhalb%20von%202%20Wochen%20gegen%20Wolfst%C3%B6tungen\" title=\"Bei Twitter teilen\" aria-label=\"Bei Twitter teilen\" role=\"button\" rel=\"noopener nofollow\" class=\"shariff-link\" style=\"; background-color:#55acee; color:#fff\" target=\"_blank\"><span class=\"shariff-icon\" style=\"\"><svg width=\"32px\" height=\"20px\" xmlns=\"http:\/\/www.w3.org\/2000\/svg\" viewBox=\"0 0 30 32\"><path fill=\"#55acee\" d=\"M29.7 6.8q-1.2 1.8-3 3.1 0 0.3 0 0.8 0 2.5-0.7 4.9t-2.2 4.7-3.5 4-4.9 2.8-6.1 1q-5.1 0-9.3-2.7 0.6 0.1 1.5 0.1 4.3 0 7.6-2.6-2-0.1-3.5-1.2t-2.2-3q0.6 0.1 1.1 0.1 0.8 0 1.6-0.2-2.1-0.4-3.5-2.1t-1.4-3.9v-0.1q1.3 0.7 2.8 0.8-1.2-0.8-2-2.2t-0.7-2.9q0-1.7 0.8-3.1 2.3 2.8 5.5 4.5t7 1.9q-0.2-0.7-0.2-1.4 0-2.5 1.8-4.3t4.3-1.8q2.7 0 4.5 1.9 2.1-0.4 3.9-1.5-0.7 2.2-2.7 3.4 1.8-0.2 3.5-0.9z\"\/><\/svg><\/span><span class=\"shariff-text\">twittern<\/span>&nbsp;<span data-service=\"twitter\" style=\"color:#55acee\" class=\"shariff-count shariff-hidezero\"><\/span>&nbsp;<\/a><\/li><li class=\"shariff-button rss shariff-nocustomcolor\" style=\"background-color:#ff8c00\"><a href=\"https:\/\/wolfsmonitor.de\/?feed=rss\" title=\"RSS-feed\" aria-label=\"RSS-feed\" role=\"button\" class=\"shariff-link\" style=\"; background-color:#fe9312; color:#fff\" target=\"_blank\"><span class=\"shariff-icon\" style=\"\"><svg width=\"32px\" height=\"20px\" xmlns=\"http:\/\/www.w3.org\/2000\/svg\" viewBox=\"0 0 32 32\"><path fill=\"#fe9312\" d=\"M4.3 23.5c-2.3 0-4.3 1.9-4.3 4.3 0 2.3 1.9 4.2 4.3 4.2 2.4 0 4.3-1.9 4.3-4.2 0-2.3-1.9-4.3-4.3-4.3zM0 10.9v6.1c4 0 7.7 1.6 10.6 4.4 2.8 2.8 4.4 6.6 4.4 10.6h6.2c0-11.7-9.5-21.1-21.1-21.1zM0 0v6.1c14.2 0 25.8 11.6 25.8 25.9h6.2c0-17.6-14.4-32-32-32z\"\/><\/svg><\/span><span class=\"shariff-text\">RSS-feed<\/span>&nbsp;<\/a><\/li><li class=\"shariff-button mailto shariff-nocustomcolor\" style=\"background-color:#a8a8a8\"><a href=\"mailto:?body=https%3A%2F%2Fwolfsmonitor.de%2F%3Fp%3D5271&subject=Norwegen%3A%20Bereits%20mehr%20als%20200.000%20Unterschriften%20innerhalb%20von%202%20Wochen%20gegen%20Wolfst%C3%B6tungen\" title=\"Per E-Mail versenden\" aria-label=\"Per E-Mail versenden\" role=\"button\" rel=\"noopener nofollow\" class=\"shariff-link\" style=\"; background-color:#999; color:#fff\"><span class=\"shariff-icon\" style=\"\"><svg width=\"32px\" height=\"20px\" xmlns=\"http:\/\/www.w3.org\/2000\/svg\" viewBox=\"0 0 32 32\"><path fill=\"#999\" d=\"M32 12.7v14.2q0 1.2-0.8 2t-2 0.9h-26.3q-1.2 0-2-0.9t-0.8-2v-14.2q0.8 0.9 1.8 1.6 6.5 4.4 8.9 6.1 1 0.8 1.6 1.2t1.7 0.9 2 0.4h0.1q0.9 0 2-0.4t1.7-0.9 1.6-1.2q3-2.2 8.9-6.1 1-0.7 1.8-1.6zM32 7.4q0 1.4-0.9 2.7t-2.2 2.2q-6.7 4.7-8.4 5.8-0.2 0.1-0.7 0.5t-1 0.7-0.9 0.6-1.1 0.5-0.9 0.2h-0.1q-0.4 0-0.9-0.2t-1.1-0.5-0.9-0.6-1-0.7-0.7-0.5q-1.6-1.1-4.7-3.2t-3.6-2.6q-1.1-0.7-2.1-2t-1-2.5q0-1.4 0.7-2.3t2.1-0.9h26.3q1.2 0 2 0.8t0.9 2z\"\/><\/svg><\/span><span class=\"shariff-text\">E-Mail<\/span>&nbsp;<\/a><\/li><li class=\"shariff-button info shariff-nocustomcolor\" style=\"background-color:#a8a8a8\"><a href=\"http:\/\/ct.de\/-2467514\" title=\"Weitere Informationen\" aria-label=\"Weitere Informationen\" role=\"button\" rel=\"noopener \" class=\"shariff-link\" style=\"; background-color:#999; color:#fff\" target=\"_blank\"><span class=\"shariff-icon\" style=\"\"><svg width=\"32px\" height=\"20px\" xmlns=\"http:\/\/www.w3.org\/2000\/svg\" viewBox=\"0 0 11 32\"><path fill=\"#999\" d=\"M11.4 24v2.3q0 0.5-0.3 0.8t-0.8 0.4h-9.1q-0.5 0-0.8-0.4t-0.4-0.8v-2.3q0-0.5 0.4-0.8t0.8-0.4h1.1v-6.8h-1.1q-0.5 0-0.8-0.4t-0.4-0.8v-2.3q0-0.5 0.4-0.8t0.8-0.4h6.8q0.5 0 0.8 0.4t0.4 0.8v10.3h1.1q0.5 0 0.8 0.4t0.3 0.8zM9.2 3.4v3.4q0 0.5-0.4 0.8t-0.8 0.4h-4.6q-0.4 0-0.8-0.4t-0.4-0.8v-3.4q0-0.4 0.4-0.8t0.8-0.4h4.6q0.5 0 0.8 0.4t0.4 0.8z\"\/><\/svg><\/span><\/a><\/li><\/ul><\/div>","protected":false},"excerpt":{"rendered":"<p>Vor rund zwei Wochen wurden Regierungsplanungen Norwegens bekannt, nach denen 47 der sch\u00e4tzungsweise insgesamt 68 im Binnenland lebenden W\u00f6lfe des Landes get\u00f6tet werden sollen. Heute gibt es bereits mehr als 200.000 Unterschriften aus aller Welt dagegen. Journalisten bef\u00fcrchten durch die geplanten Wolfst\u00f6tungen f\u00fcr das Land einen geh\u00f6rigen Reputationsverlust. (Wolfsmonitor berichtete, hier!) Um 09:00 Uhr am [&hellip;]<\/p>\n<div class=\"shariff shariff-align-center shariff-widget-align-center\" data-services=\"facebook%7Ctwitter\" data-url=\"https%3A%2F%2Fwolfsmonitor.de%2F%3Fp%3D5271\" data-timestamp=\"1525530334\" data-backendurl=\"?rest_route=\/shariff\/v1\/share_counts&\"><ul class=\"shariff-buttons theme-color orientation-horizontal buttonsize-small\"><li class=\"shariff-button facebook shariff-nocustomcolor\" style=\"background-color:#4273c8\"><a href=\"https:\/\/www.facebook.com\/sharer\/sharer.php?u=https%3A%2F%2Fwolfsmonitor.de%2F%3Fp%3D5271\" title=\"Bei Facebook teilen\" aria-label=\"Bei Facebook teilen\" role=\"button\" rel=\"nofollow\" class=\"shariff-link\" style=\"; background-color:#3b5998; color:#fff\" target=\"_blank\"><span class=\"shariff-icon\" style=\"\"><svg width=\"32px\" height=\"20px\" xmlns=\"http:\/\/www.w3.org\/2000\/svg\" viewBox=\"0 0 18 32\"><path fill=\"#3b5998\" d=\"M17.1 0.2v4.7h-2.8q-1.5 0-2.1 0.6t-0.5 1.9v3.4h5.2l-0.7 5.3h-4.5v13.6h-5.5v-13.6h-4.5v-5.3h4.5v-3.9q0-3.3 1.9-5.2t5-1.8q2.6 0 4.1 0.2z\"\/><\/svg><\/span><span class=\"shariff-text\">teilen<\/span>&nbsp;<span data-service=\"facebook\" style=\"color:#3b5998\" class=\"shariff-count shariff-hidezero\"><\/span>&nbsp;<\/a><\/li><li class=\"shariff-button twitter shariff-nocustomcolor\" style=\"background-color:#32bbf5\"><a href=\"https:\/\/twitter.com\/share?url=https%3A%2F%2Fwolfsmonitor.de%2F%3Fp%3D5271&text=Norwegen%3A%20Bereits%20mehr%20als%20200.000%20Unterschriften%20innerhalb%20von%202%20Wochen%20gegen%20Wolfst%C3%B6tungen\" title=\"Bei Twitter teilen\" aria-label=\"Bei Twitter teilen\" role=\"button\" rel=\"noopener nofollow\" class=\"shariff-link\" style=\"; background-color:#55acee; color:#fff\" target=\"_blank\"><span class=\"shariff-icon\" style=\"\"><svg width=\"32px\" height=\"20px\" xmlns=\"http:\/\/www.w3.org\/2000\/svg\" viewBox=\"0 0 30 32\"><path fill=\"#55acee\" d=\"M29.7 6.8q-1.2 1.8-3 3.1 0 0.3 0 0.8 0 2.5-0.7 4.9t-2.2 4.7-3.5 4-4.9 2.8-6.1 1q-5.1 0-9.3-2.7 0.6 0.1 1.5 0.1 4.3 0 7.6-2.6-2-0.1-3.5-1.2t-2.2-3q0.6 0.1 1.1 0.1 0.8 0 1.6-0.2-2.1-0.4-3.5-2.1t-1.4-3.9v-0.1q1.3 0.7 2.8 0.8-1.2-0.8-2-2.2t-0.7-2.9q0-1.7 0.8-3.1 2.3 2.8 5.5 4.5t7 1.9q-0.2-0.7-0.2-1.4 0-2.5 1.8-4.3t4.3-1.8q2.7 0 4.5 1.9 2.1-0.4 3.9-1.5-0.7 2.2-2.7 3.4 1.8-0.2 3.5-0.9z\"\/><\/svg><\/span><span class=\"shariff-text\">twittern<\/span>&nbsp;<span data-service=\"twitter\" style=\"color:#55acee\" class=\"shariff-count shariff-hidezero\"><\/span>&nbsp;<\/a><\/li><li class=\"shariff-button rss shariff-nocustomcolor\" style=\"background-color:#ff8c00\"><a href=\"https:\/\/wolfsmonitor.de\/?feed=rss\" title=\"RSS-feed\" aria-label=\"RSS-feed\" role=\"button\" class=\"shariff-link\" style=\"; background-color:#fe9312; color:#fff\" target=\"_blank\"><span class=\"shariff-icon\" style=\"\"><svg width=\"32px\" height=\"20px\" xmlns=\"http:\/\/www.w3.org\/2000\/svg\" viewBox=\"0 0 32 32\"><path fill=\"#fe9312\" d=\"M4.3 23.5c-2.3 0-4.3 1.9-4.3 4.3 0 2.3 1.9 4.2 4.3 4.2 2.4 0 4.3-1.9 4.3-4.2 0-2.3-1.9-4.3-4.3-4.3zM0 10.9v6.1c4 0 7.7 1.6 10.6 4.4 2.8 2.8 4.4 6.6 4.4 10.6h6.2c0-11.7-9.5-21.1-21.1-21.1zM0 0v6.1c14.2 0 25.8 11.6 25.8 25.9h6.2c0-17.6-14.4-32-32-32z\"\/><\/svg><\/span><span class=\"shariff-text\">RSS-feed<\/span>&nbsp;<\/a><\/li><li class=\"shariff-button mailto shariff-nocustomcolor\" style=\"background-color:#a8a8a8\"><a href=\"mailto:?body=https%3A%2F%2Fwolfsmonitor.de%2F%3Fp%3D5271&subject=Norwegen%3A%20Bereits%20mehr%20als%20200.000%20Unterschriften%20innerhalb%20von%202%20Wochen%20gegen%20Wolfst%C3%B6tungen\" title=\"Per E-Mail versenden\" aria-label=\"Per E-Mail versenden\" role=\"button\" rel=\"noopener nofollow\" class=\"shariff-link\" style=\"; background-color:#999; color:#fff\"><span class=\"shariff-icon\" style=\"\"><svg width=\"32px\" height=\"20px\" xmlns=\"http:\/\/www.w3.org\/2000\/svg\" viewBox=\"0 0 32 32\"><path fill=\"#999\" d=\"M32 12.7v14.2q0 1.2-0.8 2t-2 0.9h-26.3q-1.2 0-2-0.9t-0.8-2v-14.2q0.8 0.9 1.8 1.6 6.5 4.4 8.9 6.1 1 0.8 1.6 1.2t1.7 0.9 2 0.4h0.1q0.9 0 2-0.4t1.7-0.9 1.6-1.2q3-2.2 8.9-6.1 1-0.7 1.8-1.6zM32 7.4q0 1.4-0.9 2.7t-2.2 2.2q-6.7 4.7-8.4 5.8-0.2 0.1-0.7 0.5t-1 0.7-0.9 0.6-1.1 0.5-0.9 0.2h-0.1q-0.4 0-0.9-0.2t-1.1-0.5-0.9-0.6-1-0.7-0.7-0.5q-1.6-1.1-4.7-3.2t-3.6-2.6q-1.1-0.7-2.1-2t-1-2.5q0-1.4 0.7-2.3t2.1-0.9h26.3q1.2 0 2 0.8t0.9 2z\"\/><\/svg><\/span><span class=\"shariff-text\">E-Mail<\/span>&nbsp;<\/a><\/li><li class=\"shariff-button info shariff-nocustomcolor\" style=\"background-color:#a8a8a8\"><a href=\"http:\/\/ct.de\/-2467514\" title=\"Weitere Informationen\" aria-label=\"Weitere Informationen\" role=\"button\" rel=\"noopener \" class=\"shariff-link\" style=\"; background-color:#999; color:#fff\" target=\"_blank\"><span class=\"shariff-icon\" style=\"\"><svg width=\"32px\" height=\"20px\" xmlns=\"http:\/\/www.w3.org\/2000\/svg\" viewBox=\"0 0 11 32\"><path fill=\"#999\" d=\"M11.4 24v2.3q0 0.5-0.3 0.8t-0.8 0.4h-9.1q-0.5 0-0.8-0.4t-0.4-0.8v-2.3q0-0.5 0.4-0.8t0.8-0.4h1.1v-6.8h-1.1q-0.5 0-0.8-0.4t-0.4-0.8v-2.3q0-0.5 0.4-0.8t0.8-0.4h6.8q0.5 0 0.8 0.4t0.4 0.8v10.3h1.1q0.5 0 0.8 0.4t0.3 0.8zM9.2 3.4v3.4q0 0.5-0.4 0.8t-0.8 0.4h-4.6q-0.4 0-0.8-0.4t-0.4-0.8v-3.4q0-0.4 0.4-0.8t0.8-0.4h4.6q0.5 0 0.8 0.4t0.4 0.8z\"\/><\/svg><\/span><\/a><\/li><\/ul><\/div>","protected":false},"author":1,"featured_media":5231,"comment_status":"closed","ping_status":"open","sticky":false,"template":"","format":"standard","meta":{"spay_email":""},"categories":[3891],"tags":[3892,3780,1676,3893,61],"jetpack_featured_media_url":"https:\/\/i2.wp.com\/wolfsmonitor.de\/wp-content\/uploads\/2016\/09\/Beitragsfoto-Kurzinfo.jpg?fit=628%2C505&ssl=1","jetpack_shortlink":"https:\/\/wp.me\/p61YbU-1n1","jetpack-related-posts":[{"id":5328,"url":"https:\/\/wolfsmonitor.de\/?p=5328","url_meta":{"origin":5271,"position":0},"title":"Norwegen: Dritte Petition entdeckt -  damit fast 390.000 Unterschriften gegen Wolfst\u00f6tungen","date":"6. Oktober 2016","format":false,"excerpt":"Am morgigen Freitag ist der Bericht des Guardian \u00fcber die Absicht der Regierung Norwegens, 47 der sch\u00e4tzungsweise 68 im Binnenland lebenden W\u00f6lfe zu t\u00f6ten, drei Wochen alt. (*1) Bislang berichtete Wolfsmonitor von 2 Petitionen, die als Reaktion darauf ins Leben gerufen wurden (siehe hier!). Diese beiden Petitionen enthalten aktuell, also\u2026","rel":"","context":"In &quot;Hintergr\u00fcnde&quot;","img":{"alt_text":"Foto: Wildtierfotograf Heiko Anders","src":"https:\/\/i2.wp.com\/wolfsmonitor.de\/wp-content\/uploads\/2016\/05\/HA-Beitragsfoto-Hintergr\u00fcnde-1.jpg?fit=625%2C474&ssl=1&resize=350%2C200","width":350,"height":200},"classes":[]},{"id":5162,"url":"https:\/\/wolfsmonitor.de\/?p=5162","url_meta":{"origin":5271,"position":1},"title":"Norwegen: Schon mehr als 166.000 Unterschriften gegen den Abschuss von 47 W\u00f6lfen","date":"27. September 2016","format":false,"excerpt":"Schon kurz nachdem bekannt wurde, dass in Norwegen nach Regierungsplanungen 47 der sch\u00e4tzungsweise insgesamt 68 W\u00f6lfe des Landes get\u00f6tet werden sollen, bef\u00fcrchteten Verantwortliche aufgrund des \u00fcberw\u00e4ltigenden negativen Echos einen sp\u00fcrbaren Reputationsverlust f\u00fcr das Land. So schilderte es der Journalist Anders R. Christensen. (Wolfsmonitor berichtete, hier!) Diese Bef\u00fcrchtungen d\u00fcrften andauern, weil\u2026","rel":"","context":"In &quot;Hintergr\u00fcnde&quot;","img":{"alt_text":"Foto: Wildtierfotograf Heiko Anders","src":"https:\/\/i2.wp.com\/wolfsmonitor.de\/wp-content\/uploads\/2016\/05\/HA-Beitragsfoto-Hintergr\u00fcnde-1.jpg?fit=625%2C474&ssl=1&resize=350%2C200","width":350,"height":200},"classes":[]},{"id":2660,"url":"https:\/\/wolfsmonitor.de\/?p=2660","url_meta":{"origin":5271,"position":2},"title":"Bereits \u00fcber 53.000 Unterschriften zur Rettung der W\u00f6lfin in Vechta!","date":"4. M\u00e4rz 2016","format":false,"excerpt":"Mehr als 53.000 Menschen haben die Petition von Jan Olsson zur Rettung der \u201eGoldenstedter W\u00f6lfin\u201c bis heute unterschrieben. Das urspr\u00fcngliche Ziel des 55-j\u00e4hrigen Diplom-Ingenieurs der Landespflege aus Vechta, 10.000 Unterschriften zusammenzutragen und anschlie\u00dfend dem nieders\u00e4chsischen Umweltminister Stefan Wenzel zu \u00fcbergeben, wurde somit bereits viele Tage vor Ablauf der Unterzeichnungsfrist weit\u2026","rel":"","context":"In &quot;Hintergr\u00fcnde&quot;","img":{"alt_text":"Wolf im TP Nordhorn (Foto: Vogler)","src":"https:\/\/i2.wp.com\/wolfsmonitor.de\/wp-content\/uploads\/2016\/02\/Hintergrund-2016.jpg?fit=518%2C494&ssl=1&resize=350%2C200","width":350,"height":200},"classes":[]},{"id":7494,"url":"https:\/\/wolfsmonitor.de\/?p=7494","url_meta":{"origin":5271,"position":3},"title":"Bringen Online-Petitionen wie die zur Rettung \"Pumpaks\" tats\u00e4chlich etwas?","date":"27. Januar 2017","format":false,"excerpt":"Zurzeit wird wieder heftigst protestiert. Doch anders als in fr\u00fcheren Zeiten ist das heute bequem vom heimischen Sessel aus m\u00f6glich. So ganz stimmt das jedoch offenbar auch nicht \u2013 b\u00f6se Zungen behaupten n\u00e4mlich, dass bereits die Revolution 1848\/49 in Deutschland aufgrund des schlechten Wetters \u00fcberwiegend in der Musik stattfand. Aber\u2026","rel":"","context":"In &quot;Standpunkte&quot;","img":{"alt_text":"Wolf im Tierpark Nordhorn","src":"https:\/\/i0.wp.com\/wolfsmonitor.de\/wp-content\/uploads\/2015\/07\/Foto-Kommentar-2.jpg?fit=586%2C513&ssl=1&resize=350%2C200","width":350,"height":200},"classes":[]},{"id":12175,"url":"https:\/\/wolfsmonitor.de\/?p=12175","url_meta":{"origin":5271,"position":4},"title":"Fast 160.000 Unterschriften zur Rettung des Goldenstedter Wolfsrudels","date":"16. Januar 2018","format":false,"excerpt":"Nicht nur Ludger, Sarah und Tanja aus Deutschland, nein auch Elena aus Italien, Dave aus den Niederlanden, Cheryl aus Pennsylvania und Alejandra aus Texas unterzeichneten sie: Die Online-Petition, um die Goldenstedter W\u00f6lfin, ihren Gef\u00e4hrten sowie ihren Nachwuchs vor einer m\u00f6glichen Entnahme zu retten. Mehr als 159.000 Unterst\u00fctzer\/innen z\u00e4hlt die Petition\u2026","rel":"","context":"In &quot;Nachrichten&quot;","img":{"alt_text":"","src":"https:\/\/i1.wp.com\/wolfsmonitor.de\/wp-content\/uploads\/2016\/11\/B-Foto-H.A.-Nachrichten-1.jpg?fit=761%2C497&ssl=1&resize=350%2C200","width":350,"height":200},"classes":[]},{"id":4191,"url":"https:\/\/wolfsmonitor.de\/?p=4191","url_meta":{"origin":5271,"position":5},"title":"Niedersachsen: \u00dcber 50.000 Petitions-Unterschriften und kein Abnehmer","date":"10. Juli 2016","format":false,"excerpt":"Nachdem die Bundesvorsitzende der Partei ETHIA, Bettina Jung, bereits kurz nach der T\u00f6tung des Wolfes \u201eKurti\u201c (MT6) am 27. Aprl 2016 Strafanzeige gegen den nieders\u00e4chsischen Umweltminister Stefan Wenzel gestellt hat, will die Partei am kommenden Montag in Hannover die \u00fcber 50.000 Unterschriften einer Petition (*1) zur Einrichtung eines parlamentarischen Untersuchungsausschusses\u2026","rel":"","context":"In &quot;Aktuell&quot;","img":{"alt_text":"Stehender Wolf im Tierpark Nordhorn (Foto: Vogler)","src":"https:\/\/i0.wp.com\/wolfsmonitor.de\/wp-content\/uploads\/2016\/03\/Beitragsfoto-Aktuell.jpg?fit=592%2C507&ssl=1&resize=350%2C200","width":350,"height":200},"classes":[]}],"_links":{"self":[{"href":"https:\/\/wolfsmonitor.de\/index.php?rest_route=\/wp\/v2\/posts\/5271"}],"collection":[{"href":"https:\/\/wolfsmonitor.de\/index.php?rest_route=\/wp\/v2\/posts"}],"about":[{"href":"https:\/\/wolfsmonitor.de\/index.php?rest_route=\/wp\/v2\/types\/post"}],"author":[{"embeddable":true,"href":"https:\/\/wolfsmonitor.de\/index.php?rest_route=\/wp\/v2\/users\/1"}],"replies":[{"embeddable":true,"href":"https:\/\/wolfsmonitor.de\/index.php?rest_route=%2Fwp%2Fv2%2Fcomments&post=5271"}],"version-history":[{"count":10,"href":"https:\/\/wolfsmonitor.de\/index.php?rest_route=\/wp\/v2\/posts\/5271\/revisions"}],"predecessor-version":[{"id":5287,"href":"https:\/\/wolfsmonitor.de\/index.php?rest_route=\/wp\/v2\/posts\/5271\/revisions\/5287"}],"wp:featuredmedia":[{"embeddable":true,"href":"https:\/\/wolfsmonitor.de\/index.php?rest_route=\/wp\/v2\/media\/5231"}],"wp:attachment":[{"href":"https:\/\/wolfsmonitor.de\/index.php?rest_route=%2Fwp%2Fv2%2Fmedia&parent=5271"}],"wp:term":[{"taxonomy":"category","embeddable":true,"href":"https:\/\/wolfsmonitor.de\/index.php?rest_route=%2Fwp%2Fv2%2Fcategories&post=5271"},{"taxonomy":"post_tag","embeddable":true,"href":"https:\/\/wolfsmonitor.de\/index.php?rest_route=%2Fwp%2Fv2%2Ftags&post=5271"}],"curies":[{"name":"wp","href":"https:\/\/api.w.org\/{rel}","templated":true}]}}