{"id":5342,"date":"2016-10-07T11:50:39","date_gmt":"2016-10-07T09:50:39","guid":{"rendered":"http:\/\/wolfsmonitor.de\/?p=5342"},"modified":"2018-05-05T14:23:54","modified_gmt":"2018-05-05T12:23:54","slug":"cdu-petition-in-kirchlinteln-500-unterschriften-gegen-den-wolf","status":"publish","type":"post","link":"https:\/\/wolfsmonitor.de\/?p=5342","title":{"rendered":"CDU-Petition in Kirchlinteln: 500 Unterschriften gegen den Wolf"},"content":{"rendered":"<p><strong>\u201eVor dem Hintergrund von Stra\u00dfenunf\u00e4llen und illegalen Absch\u00fcssen sei immer noch der Mensch \u201eder gr\u00f6\u00dfte Feind\u201c des Isegrims\u201c, wird BfN-Pr\u00e4sidentin Beate Jessel in einem aktuellen Artikel von J\u00f6rn Dirk Zweibrock in den Verdener Nachrichten zitiert.<\/strong><\/p>\n<p>Ein Zufall, dass der Verfasser des Artikels vor diesem Zitat die Ansichten von Nebenerwerbssch\u00e4fer Dirk Storch, Petitionsinitiator Wilhelm Hogrefe und dem FDP-Landtagsabgeordneten Gero Hocker zum Wolf beschreibt?<\/p>\n<p>Wohl kaum.<!--more--><\/p>\n<p>Am Ende d\u00fcrfte allerdings Wolfsberater Frank Fa\u00df mit seiner sachlichen Einsch\u00e4tzung richtig liegen, wenn er feststellt: \u201eDie Petition wird nichts bringen \u2013 selbst wenn drei Millionen Menschen unterschreiben\u201c\u2026. &#8222;die strengen EU-Schutzgesetze seien in nationales Recht \u00fcberf\u00fchrt worden \u2013 die FFH-Richtlinie in Kombination mit Bundesnaturschutz- und Bundesartenschutzgesetz.\u201c<\/p>\n<p>Warum sich allerdings ein fr\u00fcherer Landtagsabgeordneter beim Thema Wolf entgegen jeglicher realistischen Chance und vermutlich wider besseren Wissens veranlasst sieht, mit einer lokalen Unterschriftenaktion, die wahrscheinlich im Nichts &#8222;verpuffen&#8220; wird, blo\u00dfen politischen Aktionismus zu beweisen, um rund 500 Mitb\u00fcrger so in den Glauben zu versetzen, sie k\u00f6nnten damit tats\u00e4chlich etwas bewirken, bleibt zumindest mir weiterhin ein R\u00e4tsel.<\/p>\n<p><strong>Den vollst\u00e4ndigen Artikel der Verdener Nachrichten k\u00f6nnen<span style=\"color: #0000ff;\"> <a style=\"color: #0000ff;\" href=\"http:\/\/www.weser-kurier.de\/region\/verdener-nachrichten_artikel,-Holtum-und-der-boese-Wolf-_arid,1471312.html\" target=\"_blank\">Sie hier aufrufen!<\/a><\/span><\/strong><\/p>\n<p><em><u>Quelle:<\/u> Verdener Nachrichten, www.weser-kurier.de, Artikel von J\u00f6rn Dirk Zweibrock am 7.10.20016: \u201eHoltum und der b\u00f6se Wolf &#8211; In Kirchlinteln ist wieder ein Isegrim gesichtet worden &#8211; Bereits 500 Unterschriften f\u00fcr CDU-Petition\u201c, abgerufen am 7.10.2016, <span style=\"color: #0000ff;\"><a style=\"color: #0000ff;\" href=\"http:\/\/www.weser-kurier.de\/region\/verdener-nachrichten_artikel,-Holtum-und-der-boese-Wolf-_arid,1471312.html\" target=\"_blank\">hier der Link!<\/a><\/span><\/em><\/p>\n<p>&nbsp;<\/p>\n<div class=\"shariff shariff-align-center shariff-widget-align-center\" data-services=\"facebook%7Ctwitter\" data-url=\"https%3A%2F%2Fwolfsmonitor.de%2F%3Fp%3D5342\" data-timestamp=\"1525530234\" data-backendurl=\"?rest_route=\/shariff\/v1\/share_counts&\"><ul class=\"shariff-buttons theme-color orientation-horizontal buttonsize-small\"><li class=\"shariff-button facebook shariff-nocustomcolor\" style=\"background-color:#4273c8\"><a href=\"https:\/\/www.facebook.com\/sharer\/sharer.php?u=https%3A%2F%2Fwolfsmonitor.de%2F%3Fp%3D5342\" title=\"Bei Facebook teilen\" aria-label=\"Bei Facebook teilen\" role=\"button\" rel=\"nofollow\" class=\"shariff-link\" style=\"; background-color:#3b5998; color:#fff\" target=\"_blank\"><span class=\"shariff-icon\" style=\"\"><svg width=\"32px\" height=\"20px\" xmlns=\"http:\/\/www.w3.org\/2000\/svg\" viewBox=\"0 0 18 32\"><path fill=\"#3b5998\" d=\"M17.1 0.2v4.7h-2.8q-1.5 0-2.1 0.6t-0.5 1.9v3.4h5.2l-0.7 5.3h-4.5v13.6h-5.5v-13.6h-4.5v-5.3h4.5v-3.9q0-3.3 1.9-5.2t5-1.8q2.6 0 4.1 0.2z\"\/><\/svg><\/span><span class=\"shariff-text\">teilen<\/span>&nbsp;<span data-service=\"facebook\" style=\"color:#3b5998\" class=\"shariff-count shariff-hidezero\"><\/span>&nbsp;<\/a><\/li><li class=\"shariff-button twitter shariff-nocustomcolor\" style=\"background-color:#32bbf5\"><a href=\"https:\/\/twitter.com\/share?url=https%3A%2F%2Fwolfsmonitor.de%2F%3Fp%3D5342&text=CDU-Petition%20in%20Kirchlinteln%3A%20500%20Unterschriften%20gegen%20den%20Wolf\" title=\"Bei Twitter teilen\" aria-label=\"Bei Twitter teilen\" role=\"button\" rel=\"noopener nofollow\" class=\"shariff-link\" style=\"; background-color:#55acee; color:#fff\" target=\"_blank\"><span class=\"shariff-icon\" style=\"\"><svg width=\"32px\" height=\"20px\" xmlns=\"http:\/\/www.w3.org\/2000\/svg\" viewBox=\"0 0 30 32\"><path fill=\"#55acee\" d=\"M29.7 6.8q-1.2 1.8-3 3.1 0 0.3 0 0.8 0 2.5-0.7 4.9t-2.2 4.7-3.5 4-4.9 2.8-6.1 1q-5.1 0-9.3-2.7 0.6 0.1 1.5 0.1 4.3 0 7.6-2.6-2-0.1-3.5-1.2t-2.2-3q0.6 0.1 1.1 0.1 0.8 0 1.6-0.2-2.1-0.4-3.5-2.1t-1.4-3.9v-0.1q1.3 0.7 2.8 0.8-1.2-0.8-2-2.2t-0.7-2.9q0-1.7 0.8-3.1 2.3 2.8 5.5 4.5t7 1.9q-0.2-0.7-0.2-1.4 0-2.5 1.8-4.3t4.3-1.8q2.7 0 4.5 1.9 2.1-0.4 3.9-1.5-0.7 2.2-2.7 3.4 1.8-0.2 3.5-0.9z\"\/><\/svg><\/span><span class=\"shariff-text\">twittern<\/span>&nbsp;<span data-service=\"twitter\" style=\"color:#55acee\" class=\"shariff-count shariff-hidezero\"><\/span>&nbsp;<\/a><\/li><li class=\"shariff-button rss shariff-nocustomcolor\" style=\"background-color:#ff8c00\"><a href=\"https:\/\/wolfsmonitor.de\/?feed=rss\" title=\"RSS-feed\" aria-label=\"RSS-feed\" role=\"button\" class=\"shariff-link\" style=\"; background-color:#fe9312; color:#fff\" target=\"_blank\"><span class=\"shariff-icon\" style=\"\"><svg width=\"32px\" height=\"20px\" xmlns=\"http:\/\/www.w3.org\/2000\/svg\" viewBox=\"0 0 32 32\"><path fill=\"#fe9312\" d=\"M4.3 23.5c-2.3 0-4.3 1.9-4.3 4.3 0 2.3 1.9 4.2 4.3 4.2 2.4 0 4.3-1.9 4.3-4.2 0-2.3-1.9-4.3-4.3-4.3zM0 10.9v6.1c4 0 7.7 1.6 10.6 4.4 2.8 2.8 4.4 6.6 4.4 10.6h6.2c0-11.7-9.5-21.1-21.1-21.1zM0 0v6.1c14.2 0 25.8 11.6 25.8 25.9h6.2c0-17.6-14.4-32-32-32z\"\/><\/svg><\/span><span class=\"shariff-text\">RSS-feed<\/span>&nbsp;<\/a><\/li><li class=\"shariff-button mailto shariff-nocustomcolor\" style=\"background-color:#a8a8a8\"><a href=\"mailto:?body=https%3A%2F%2Fwolfsmonitor.de%2F%3Fp%3D5342&subject=CDU-Petition%20in%20Kirchlinteln%3A%20500%20Unterschriften%20gegen%20den%20Wolf\" title=\"Per E-Mail versenden\" aria-label=\"Per E-Mail versenden\" role=\"button\" rel=\"noopener nofollow\" class=\"shariff-link\" style=\"; background-color:#999; color:#fff\"><span class=\"shariff-icon\" style=\"\"><svg width=\"32px\" height=\"20px\" xmlns=\"http:\/\/www.w3.org\/2000\/svg\" viewBox=\"0 0 32 32\"><path fill=\"#999\" d=\"M32 12.7v14.2q0 1.2-0.8 2t-2 0.9h-26.3q-1.2 0-2-0.9t-0.8-2v-14.2q0.8 0.9 1.8 1.6 6.5 4.4 8.9 6.1 1 0.8 1.6 1.2t1.7 0.9 2 0.4h0.1q0.9 0 2-0.4t1.7-0.9 1.6-1.2q3-2.2 8.9-6.1 1-0.7 1.8-1.6zM32 7.4q0 1.4-0.9 2.7t-2.2 2.2q-6.7 4.7-8.4 5.8-0.2 0.1-0.7 0.5t-1 0.7-0.9 0.6-1.1 0.5-0.9 0.2h-0.1q-0.4 0-0.9-0.2t-1.1-0.5-0.9-0.6-1-0.7-0.7-0.5q-1.6-1.1-4.7-3.2t-3.6-2.6q-1.1-0.7-2.1-2t-1-2.5q0-1.4 0.7-2.3t2.1-0.9h26.3q1.2 0 2 0.8t0.9 2z\"\/><\/svg><\/span><span class=\"shariff-text\">E-Mail<\/span>&nbsp;<\/a><\/li><li class=\"shariff-button info shariff-nocustomcolor\" style=\"background-color:#a8a8a8\"><a href=\"http:\/\/ct.de\/-2467514\" title=\"Weitere Informationen\" aria-label=\"Weitere Informationen\" role=\"button\" rel=\"noopener \" class=\"shariff-link\" style=\"; background-color:#999; color:#fff\" target=\"_blank\"><span class=\"shariff-icon\" style=\"\"><svg width=\"32px\" height=\"20px\" xmlns=\"http:\/\/www.w3.org\/2000\/svg\" viewBox=\"0 0 11 32\"><path fill=\"#999\" d=\"M11.4 24v2.3q0 0.5-0.3 0.8t-0.8 0.4h-9.1q-0.5 0-0.8-0.4t-0.4-0.8v-2.3q0-0.5 0.4-0.8t0.8-0.4h1.1v-6.8h-1.1q-0.5 0-0.8-0.4t-0.4-0.8v-2.3q0-0.5 0.4-0.8t0.8-0.4h6.8q0.5 0 0.8 0.4t0.4 0.8v10.3h1.1q0.5 0 0.8 0.4t0.3 0.8zM9.2 3.4v3.4q0 0.5-0.4 0.8t-0.8 0.4h-4.6q-0.4 0-0.8-0.4t-0.4-0.8v-3.4q0-0.4 0.4-0.8t0.8-0.4h4.6q0.5 0 0.8 0.4t0.4 0.8z\"\/><\/svg><\/span><\/a><\/li><\/ul><\/div>","protected":false},"excerpt":{"rendered":"<p>\u201eVor dem Hintergrund von Stra\u00dfenunf\u00e4llen und illegalen Absch\u00fcssen sei immer noch der Mensch \u201eder gr\u00f6\u00dfte Feind\u201c des Isegrims\u201c, wird BfN-Pr\u00e4sidentin Beate Jessel in einem aktuellen Artikel von J\u00f6rn Dirk Zweibrock in den Verdener Nachrichten zitiert. Ein Zufall, dass der Verfasser des Artikels vor diesem Zitat die Ansichten von Nebenerwerbssch\u00e4fer Dirk Storch, Petitionsinitiator Wilhelm Hogrefe und [&hellip;]<\/p>\n<div class=\"shariff shariff-align-center shariff-widget-align-center\" data-services=\"facebook%7Ctwitter\" data-url=\"https%3A%2F%2Fwolfsmonitor.de%2F%3Fp%3D5342\" data-timestamp=\"1525530234\" data-backendurl=\"?rest_route=\/shariff\/v1\/share_counts&\"><ul class=\"shariff-buttons theme-color orientation-horizontal buttonsize-small\"><li class=\"shariff-button facebook shariff-nocustomcolor\" style=\"background-color:#4273c8\"><a href=\"https:\/\/www.facebook.com\/sharer\/sharer.php?u=https%3A%2F%2Fwolfsmonitor.de%2F%3Fp%3D5342\" title=\"Bei Facebook teilen\" aria-label=\"Bei Facebook teilen\" role=\"button\" rel=\"nofollow\" class=\"shariff-link\" style=\"; background-color:#3b5998; color:#fff\" target=\"_blank\"><span class=\"shariff-icon\" style=\"\"><svg width=\"32px\" height=\"20px\" xmlns=\"http:\/\/www.w3.org\/2000\/svg\" viewBox=\"0 0 18 32\"><path fill=\"#3b5998\" d=\"M17.1 0.2v4.7h-2.8q-1.5 0-2.1 0.6t-0.5 1.9v3.4h5.2l-0.7 5.3h-4.5v13.6h-5.5v-13.6h-4.5v-5.3h4.5v-3.9q0-3.3 1.9-5.2t5-1.8q2.6 0 4.1 0.2z\"\/><\/svg><\/span><span class=\"shariff-text\">teilen<\/span>&nbsp;<span data-service=\"facebook\" style=\"color:#3b5998\" class=\"shariff-count shariff-hidezero\"><\/span>&nbsp;<\/a><\/li><li class=\"shariff-button twitter shariff-nocustomcolor\" style=\"background-color:#32bbf5\"><a href=\"https:\/\/twitter.com\/share?url=https%3A%2F%2Fwolfsmonitor.de%2F%3Fp%3D5342&text=CDU-Petition%20in%20Kirchlinteln%3A%20500%20Unterschriften%20gegen%20den%20Wolf\" title=\"Bei Twitter teilen\" aria-label=\"Bei Twitter teilen\" role=\"button\" rel=\"noopener nofollow\" class=\"shariff-link\" style=\"; background-color:#55acee; color:#fff\" target=\"_blank\"><span class=\"shariff-icon\" style=\"\"><svg width=\"32px\" height=\"20px\" xmlns=\"http:\/\/www.w3.org\/2000\/svg\" viewBox=\"0 0 30 32\"><path fill=\"#55acee\" d=\"M29.7 6.8q-1.2 1.8-3 3.1 0 0.3 0 0.8 0 2.5-0.7 4.9t-2.2 4.7-3.5 4-4.9 2.8-6.1 1q-5.1 0-9.3-2.7 0.6 0.1 1.5 0.1 4.3 0 7.6-2.6-2-0.1-3.5-1.2t-2.2-3q0.6 0.1 1.1 0.1 0.8 0 1.6-0.2-2.1-0.4-3.5-2.1t-1.4-3.9v-0.1q1.3 0.7 2.8 0.8-1.2-0.8-2-2.2t-0.7-2.9q0-1.7 0.8-3.1 2.3 2.8 5.5 4.5t7 1.9q-0.2-0.7-0.2-1.4 0-2.5 1.8-4.3t4.3-1.8q2.7 0 4.5 1.9 2.1-0.4 3.9-1.5-0.7 2.2-2.7 3.4 1.8-0.2 3.5-0.9z\"\/><\/svg><\/span><span class=\"shariff-text\">twittern<\/span>&nbsp;<span data-service=\"twitter\" style=\"color:#55acee\" class=\"shariff-count shariff-hidezero\"><\/span>&nbsp;<\/a><\/li><li class=\"shariff-button rss shariff-nocustomcolor\" style=\"background-color:#ff8c00\"><a href=\"https:\/\/wolfsmonitor.de\/?feed=rss\" title=\"RSS-feed\" aria-label=\"RSS-feed\" role=\"button\" class=\"shariff-link\" style=\"; background-color:#fe9312; color:#fff\" target=\"_blank\"><span class=\"shariff-icon\" style=\"\"><svg width=\"32px\" height=\"20px\" xmlns=\"http:\/\/www.w3.org\/2000\/svg\" viewBox=\"0 0 32 32\"><path fill=\"#fe9312\" d=\"M4.3 23.5c-2.3 0-4.3 1.9-4.3 4.3 0 2.3 1.9 4.2 4.3 4.2 2.4 0 4.3-1.9 4.3-4.2 0-2.3-1.9-4.3-4.3-4.3zM0 10.9v6.1c4 0 7.7 1.6 10.6 4.4 2.8 2.8 4.4 6.6 4.4 10.6h6.2c0-11.7-9.5-21.1-21.1-21.1zM0 0v6.1c14.2 0 25.8 11.6 25.8 25.9h6.2c0-17.6-14.4-32-32-32z\"\/><\/svg><\/span><span class=\"shariff-text\">RSS-feed<\/span>&nbsp;<\/a><\/li><li class=\"shariff-button mailto shariff-nocustomcolor\" style=\"background-color:#a8a8a8\"><a href=\"mailto:?body=https%3A%2F%2Fwolfsmonitor.de%2F%3Fp%3D5342&subject=CDU-Petition%20in%20Kirchlinteln%3A%20500%20Unterschriften%20gegen%20den%20Wolf\" title=\"Per E-Mail versenden\" aria-label=\"Per E-Mail versenden\" role=\"button\" rel=\"noopener nofollow\" class=\"shariff-link\" style=\"; background-color:#999; color:#fff\"><span class=\"shariff-icon\" style=\"\"><svg width=\"32px\" height=\"20px\" xmlns=\"http:\/\/www.w3.org\/2000\/svg\" viewBox=\"0 0 32 32\"><path fill=\"#999\" d=\"M32 12.7v14.2q0 1.2-0.8 2t-2 0.9h-26.3q-1.2 0-2-0.9t-0.8-2v-14.2q0.8 0.9 1.8 1.6 6.5 4.4 8.9 6.1 1 0.8 1.6 1.2t1.7 0.9 2 0.4h0.1q0.9 0 2-0.4t1.7-0.9 1.6-1.2q3-2.2 8.9-6.1 1-0.7 1.8-1.6zM32 7.4q0 1.4-0.9 2.7t-2.2 2.2q-6.7 4.7-8.4 5.8-0.2 0.1-0.7 0.5t-1 0.7-0.9 0.6-1.1 0.5-0.9 0.2h-0.1q-0.4 0-0.9-0.2t-1.1-0.5-0.9-0.6-1-0.7-0.7-0.5q-1.6-1.1-4.7-3.2t-3.6-2.6q-1.1-0.7-2.1-2t-1-2.5q0-1.4 0.7-2.3t2.1-0.9h26.3q1.2 0 2 0.8t0.9 2z\"\/><\/svg><\/span><span class=\"shariff-text\">E-Mail<\/span>&nbsp;<\/a><\/li><li class=\"shariff-button info shariff-nocustomcolor\" style=\"background-color:#a8a8a8\"><a href=\"http:\/\/ct.de\/-2467514\" title=\"Weitere Informationen\" aria-label=\"Weitere Informationen\" role=\"button\" rel=\"noopener \" class=\"shariff-link\" style=\"; background-color:#999; color:#fff\" target=\"_blank\"><span class=\"shariff-icon\" style=\"\"><svg width=\"32px\" height=\"20px\" xmlns=\"http:\/\/www.w3.org\/2000\/svg\" viewBox=\"0 0 11 32\"><path fill=\"#999\" d=\"M11.4 24v2.3q0 0.5-0.3 0.8t-0.8 0.4h-9.1q-0.5 0-0.8-0.4t-0.4-0.8v-2.3q0-0.5 0.4-0.8t0.8-0.4h1.1v-6.8h-1.1q-0.5 0-0.8-0.4t-0.4-0.8v-2.3q0-0.5 0.4-0.8t0.8-0.4h6.8q0.5 0 0.8 0.4t0.4 0.8v10.3h1.1q0.5 0 0.8 0.4t0.3 0.8zM9.2 3.4v3.4q0 0.5-0.4 0.8t-0.8 0.4h-4.6q-0.4 0-0.8-0.4t-0.4-0.8v-3.4q0-0.4 0.4-0.8t0.8-0.4h4.6q0.5 0 0.8 0.4t0.4 0.8z\"\/><\/svg><\/span><\/a><\/li><\/ul><\/div>","protected":false},"author":1,"featured_media":794,"comment_status":"closed","ping_status":"open","sticky":false,"template":"","format":"standard","meta":{"spay_email":""},"categories":[3],"tags":[3939,851,3462,3938,3942,1052,222,1919,3944,3940,2328,3941,3943,2334],"jetpack_featured_media_url":"https:\/\/i0.wp.com\/wolfsmonitor.de\/wp-content\/uploads\/2015\/07\/Foto-Kommentar-2.jpg?fit=586%2C513&ssl=1","jetpack_shortlink":"https:\/\/wp.me\/p61YbU-1oa","jetpack-related-posts":[{"id":3470,"url":"https:\/\/wolfsmonitor.de\/?p=3470","url_meta":{"origin":5342,"position":0},"title":"Niedersachsen: \u201eWir brauchen den Wolf hier nicht!\u201c","date":"13. Mai 2016","format":false,"excerpt":"\u201eHunderte dieser Raubtiere durchstreifen inzwischen Norddeutschland.\u201c Gemeint sind W\u00f6lfe. Diese Worte stammen allerdings nicht aus einem Bericht des offiziellen Wolfsmonitorings, nein, der Vorsitzende der CDU-Kreistagsfraktion im Landkreis Verden, Wilhelm Hogrefe, ver\u00f6ffentlichte sie gestern auf der Webseite seiner Partei. Dort ist auch zu lesen ist, dass sie eine \u201emoderne Mitmachpartei\u201c sei.\u2026","rel":"","context":"In &quot;Standpunkte&quot;","img":{"alt_text":"Wolf im Tierpark Nordhorn","src":"https:\/\/i0.wp.com\/wolfsmonitor.de\/wp-content\/uploads\/2015\/07\/Foto-Kommentar-2.jpg?fit=586%2C513&ssl=1&resize=350%2C200","width":350,"height":200},"classes":[]},{"id":4618,"url":"https:\/\/wolfsmonitor.de\/?p=4618","url_meta":{"origin":5342,"position":1},"title":"Kirchlinteln \u2013 CDU-Petition gegen den Wolf gestartet","date":"12. August 2016","format":false,"excerpt":"Wer in diesen Tagen nach Kirchlinteln schaut, d\u00fcrfte \u00fcberrascht sein. Denn dort gibt es gerade eine \u201egro\u00df angelegte Unterschriftenaktion\" mit der \u00dcberschrift \u201eW\u00f6lfe brauchen wir hier nicht!\u201c. Das Ganze hat nat\u00fcrlich eine Vorgeschichte (hier!). Man darf dennoch dar\u00fcber erstaunt sein, welche \u201eBl\u00fcten\u201c das Thema Wolf auch in heutiger Zeit in\u2026","rel":"","context":"In &quot;Standpunkte&quot;","img":{"alt_text":"Wolf im Tierpark Nordhorn","src":"https:\/\/i1.wp.com\/wolfsmonitor.de\/wp-content\/uploads\/2015\/04\/WM-Kommentar.jpg?fit=512%2C442&ssl=1&resize=350%2C200","width":350,"height":200},"classes":[]},{"id":17953,"url":"https:\/\/wolfsmonitor.de\/?p=17953","url_meta":{"origin":5342,"position":2},"title":"Immer wieder dieselben Lieder\u2026","date":"1. Oktober 2019","format":false,"excerpt":"W\u00e4hrend sich einige, wie nun (erneut) die CDU-Politikerin Gitta Connemann, auf der Grundlage von populistischen Halbwahrheiten ( \u2026 \u201ees sei ein Ammenm\u00e4rchen, dass sich der Wolf von Z\u00e4unen aufhalten lasse\u201c) in der Wolfsdiskussion wahrnehmbar \u201eversteigen\u201c, behalten die anderen souver\u00e4n ihren k\u00fchlen Kopf. Gemeint ist damit die Pr\u00e4sidentin des Bundesamtes f\u00fcr\u2026","rel":"","context":"In &quot;Aufgelesen&quot;","img":{"alt_text":"","src":"https:\/\/i0.wp.com\/wolfsmonitor.de\/wp-content\/uploads\/2018\/07\/Aufgelesen-3.jpg?fit=645%2C420&ssl=1&resize=350%2C200","width":350,"height":200},"classes":[]},{"id":12028,"url":"https:\/\/wolfsmonitor.de\/?p=12028","url_meta":{"origin":5342,"position":3},"title":"Wolf bei Kirchlinteln \u00fcberfahren","date":"4. Januar 2018","format":false,"excerpt":"Kirchlinteln? Da war doch was? Richtig, dort stand man den W\u00f6lfen offenbar schon immer etwas kritischer gegen\u00fcber. Wilhelm Hogrefe initiierte deshalb bereits im Jahr 2016 in der nieders\u00e4chsischen Einheitsgemeinde eine \"Petition\" mit der \u00dcberschrift \"W\u00f6lfe brauchen wir hier nicht\" (siehe hier!). Was ist daraus geworden? Keine Ahnung. Auf die Schnelle\u2026","rel":"","context":"In &quot;Nachrichten&quot;","img":{"alt_text":"","src":"https:\/\/i1.wp.com\/wolfsmonitor.de\/wp-content\/uploads\/2016\/11\/B-Foto-H.A.-Nachrichten-1.jpg?fit=761%2C497&ssl=1&resize=350%2C200","width":350,"height":200},"classes":[]},{"id":2797,"url":"https:\/\/wolfsmonitor.de\/?p=2797","url_meta":{"origin":5342,"position":4},"title":"Veranstaltung in Kirchlinteln: 99% wollen den Wolf nicht!","date":"15. M\u00e4rz 2016","format":false,"excerpt":"Kennen Sie, liebe Leserinnen und Leser den Begriff der sogenannten \u201eFilterblase\u201c? Der Begriff erkl\u00e4rt das Ph\u00e4nomen, mit genau den Informationen versorgt zu werden, die mit den bisherigen pers\u00f6nlichen Ansichten \u00fcbereinstimmen. Filterblasen sind eine \u00fcbliche Erscheinung, sowohl in Gemeinschaften Gleichgesinnter als auch seit einigen Jahren im Internet. Haben Sie sich vielleicht\u2026","rel":"","context":"In &quot;Standpunkte&quot;","img":{"alt_text":"Wolf im Tierpark Nordhorn","src":"https:\/\/i1.wp.com\/wolfsmonitor.de\/wp-content\/uploads\/2015\/04\/WM-Kommentar.jpg?fit=512%2C442&ssl=1&resize=350%2C200","width":350,"height":200},"classes":[]},{"id":18112,"url":"https:\/\/wolfsmonitor.de\/?p=18112","url_meta":{"origin":5342,"position":5},"title":"Die neuen Wolfszahlen sind da \u2013 Zahl der Reviere steigt um ca. 19 %","date":"2. Dezember 2019","format":false,"excerpt":"143 Wolfsterritorien mit etwa 275 erwachsenen W\u00f6lfen gab es am 30. April 2019 in Deutschland nach 120 Revieren im Vorjahr. Zum ersten Mal konnten in Baden-W\u00fcrttemberg, Rheinland-Pfalz, Nordrhein-Westfalen und Schleswig-Holstein jeweils einzelne territoriale W\u00f6lfe best\u00e4tigt werden. Das und viele weitere Einzelheiten sind einer Pressemeldung zu entnehmen, die heute vom Bundesamt\u2026","rel":"","context":"In &quot;Presseinformationen&quot;","img":{"alt_text":"Wolf im Tierpark (Foto: Vogler)","src":"https:\/\/i0.wp.com\/wolfsmonitor.de\/wp-content\/uploads\/2016\/09\/Beitragsfoto-PI-PM.jpg?fit=752%2C497&ssl=1&resize=350%2C200","width":350,"height":200},"classes":[]}],"_links":{"self":[{"href":"https:\/\/wolfsmonitor.de\/index.php?rest_route=\/wp\/v2\/posts\/5342"}],"collection":[{"href":"https:\/\/wolfsmonitor.de\/index.php?rest_route=\/wp\/v2\/posts"}],"about":[{"href":"https:\/\/wolfsmonitor.de\/index.php?rest_route=\/wp\/v2\/types\/post"}],"author":[{"embeddable":true,"href":"https:\/\/wolfsmonitor.de\/index.php?rest_route=\/wp\/v2\/users\/1"}],"replies":[{"embeddable":true,"href":"https:\/\/wolfsmonitor.de\/index.php?rest_route=%2Fwp%2Fv2%2Fcomments&post=5342"}],"version-history":[{"count":4,"href":"https:\/\/wolfsmonitor.de\/index.php?rest_route=\/wp\/v2\/posts\/5342\/revisions"}],"predecessor-version":[{"id":5346,"href":"https:\/\/wolfsmonitor.de\/index.php?rest_route=\/wp\/v2\/posts\/5342\/revisions\/5346"}],"wp:featuredmedia":[{"embeddable":true,"href":"https:\/\/wolfsmonitor.de\/index.php?rest_route=\/wp\/v2\/media\/794"}],"wp:attachment":[{"href":"https:\/\/wolfsmonitor.de\/index.php?rest_route=%2Fwp%2Fv2%2Fmedia&parent=5342"}],"wp:term":[{"taxonomy":"category","embeddable":true,"href":"https:\/\/wolfsmonitor.de\/index.php?rest_route=%2Fwp%2Fv2%2Fcategories&post=5342"},{"taxonomy":"post_tag","embeddable":true,"href":"https:\/\/wolfsmonitor.de\/index.php?rest_route=%2Fwp%2Fv2%2Ftags&post=5342"}],"curies":[{"name":"wp","href":"https:\/\/api.w.org\/{rel}","templated":true}]}}