{"id":5791,"date":"2016-11-02T22:43:34","date_gmt":"2016-11-02T20:43:34","guid":{"rendered":"http:\/\/wolfsmonitor.de\/?p=5791"},"modified":"2018-05-05T14:26:05","modified_gmt":"2018-05-05T12:26:05","slug":"schweizer-vorschlag-wolfszonen","status":"publish","type":"post","link":"https:\/\/wolfsmonitor.de\/?p=5791","title":{"rendered":"Schweizer Vorschlag: Wolfszonen"},"content":{"rendered":"<p><strong>Manchmal muss ich mich &#8211; als jemand, der sich schon rein interessenhalber in der \u201eWelt der W\u00f6lfe\u201c bewegt &#8211; wirklich wundern. <\/strong>Heute, als ich einen Artikel auf \u201e1815.ch\u201c las, in dem der \u201eCo-Pr\u00e4sident des Vereins Lebensraum Schweiz ohne Grossraubtiere\u201c, Georges Schnydrig, wolfsfreie Zonen in den Schweizer Kantonen fordert. (*1)<\/p>\n<p>Schnell die Seite des Vereins gegoogelt und festgestellt, dass ich \u2013 auf der Webseite tickert ein Z\u00e4hler \u2013 der 41. Besucher des \u201eaktuellen Leitartikels\u201c von Georges Stoffel bin, der dort augenscheinlich schon vor 8 Tagen ver\u00f6ffentlicht wurde. (*2)<!--more--><\/p>\n<p>Nun bedeutet fehlende Quantit\u00e4t (an Besuchern) ja nicht zwangsl\u00e4ufig auch fehlende inhaltliche Qualit\u00e4t! Doch dann lese ich:<\/p>\n<p>Die Weltnaturschutzorganisation IUCN (International Union for Conservation of Nature and Natural Resources) sei ein \u201eStaat im Staat\u201c. Au\u00dferdem w\u00fcrden die 84% st\u00e4dtische Bev\u00f6lkerung \u201ebenutzt\u201c. Die nur noch ca. 3% Bauern im Lande w\u00fcrden zudem als &#8222;verwaltende Misset\u00e4ter&#8220; betrachtet.<\/p>\n<p>Wie hei\u00dft es im Volksmund? F\u00fcr einen ersten Eindruck gibt es keine zweite Chance. Kein Wunder also, dass diese Seite nur wenig Leser findet, denke ich spontan\u2026.<\/p>\n<p>Nun aber kurz zu Georges Schnydrigs Vorschlag der wolfsfreien Zonen. Der WWF bezeichnet ihn im selben Artikel als \u201esinnlos\u201c. Dem darf man sich &#8211; glaube ich &#8211; bedenken- und kommentarlos anschlie\u00dfen&#8230;<\/p>\n<p><strong>Den heutigen \u201e1815.ch\u201c-Beitrag k\u00f6nnen Sie <span style=\"color: #3366ff;\"><a style=\"color: #3366ff;\" href=\"http:\/\/www.1815.ch\/rhonezeitung\/zeitung\/region\/teile-des-kantons-sollen-zu-wolfszonen-werden\/\" target=\"_blank\">hier aufrufen!<\/a><\/span><\/strong><\/p>\n<p><strong>Die Webseite des \u201eVereins Lebensraum Schweiz ohne Grossraubtiere\u201c finden<span style=\"color: #3366ff;\"> <a style=\"color: #3366ff;\" href=\"http:\/\/www.lr-grt.ch\/de-de\/\" target=\"_blank\">Sie hier!<\/a><\/span><\/strong><\/p>\n<hr \/>\n<p><em><u>Quellen:<\/u> <\/em><\/p>\n<p><em>(*1) 1815.ch, www.1815.ch, Artikel von Martin Meul am 2.11.2016: \u201eTeile des Kantons sollen zu Wolfszonen werden\u201c, abgerufen am 2.11.2016, <span style=\"color: #3366ff;\"><a style=\"color: #3366ff;\" href=\"http:\/\/www.1815.ch\/rhonezeitung\/zeitung\/region\/teile-des-kantons-sollen-zu-wolfszonen-werden\/\" target=\"_blank\">hier der Link!<\/a><\/span><\/em><\/p>\n<p><em>(*2) Webseite \u201eLebensraum Schweiz ohne Gro\u00dfraubtiere\u201c, www.lr-grt.ch, abgerufen am 2.11.2016, ca. 20.00 Uhr,<span style=\"color: #3366ff;\"> <a style=\"color: #3366ff;\" href=\"http:\/\/www.lr-grt.ch\/de-de\/\" target=\"_blank\">hier der Link!<\/a><\/span><\/em><\/p>\n<p><em>(Anmerkung: F\u00fcr die Richtigkeit der Angaben und Inhalte der verlinkten Webseiten wird ausdr\u00fccklich keinerlei Gew\u00e4hr \u00fcbernommen)<\/em><\/p>\n<div class=\"shariff shariff-align-center shariff-widget-align-center\" data-services=\"facebook%7Ctwitter\" data-url=\"https%3A%2F%2Fwolfsmonitor.de%2F%3Fp%3D5791\" data-timestamp=\"1525530365\" data-backendurl=\"?rest_route=\/shariff\/v1\/share_counts&\"><ul class=\"shariff-buttons theme-color orientation-horizontal buttonsize-small\"><li class=\"shariff-button facebook shariff-nocustomcolor\" style=\"background-color:#4273c8\"><a href=\"https:\/\/www.facebook.com\/sharer\/sharer.php?u=https%3A%2F%2Fwolfsmonitor.de%2F%3Fp%3D5791\" title=\"Bei Facebook teilen\" aria-label=\"Bei Facebook teilen\" role=\"button\" rel=\"nofollow\" class=\"shariff-link\" style=\"; background-color:#3b5998; color:#fff\" target=\"_blank\"><span class=\"shariff-icon\" style=\"\"><svg width=\"32px\" height=\"20px\" xmlns=\"http:\/\/www.w3.org\/2000\/svg\" viewBox=\"0 0 18 32\"><path fill=\"#3b5998\" d=\"M17.1 0.2v4.7h-2.8q-1.5 0-2.1 0.6t-0.5 1.9v3.4h5.2l-0.7 5.3h-4.5v13.6h-5.5v-13.6h-4.5v-5.3h4.5v-3.9q0-3.3 1.9-5.2t5-1.8q2.6 0 4.1 0.2z\"\/><\/svg><\/span><span class=\"shariff-text\">teilen<\/span>&nbsp;<span data-service=\"facebook\" style=\"color:#3b5998\" class=\"shariff-count shariff-hidezero\"><\/span>&nbsp;<\/a><\/li><li class=\"shariff-button twitter shariff-nocustomcolor\" style=\"background-color:#32bbf5\"><a href=\"https:\/\/twitter.com\/share?url=https%3A%2F%2Fwolfsmonitor.de%2F%3Fp%3D5791&text=Schweizer%20Vorschlag%3A%20Wolfszonen\" title=\"Bei Twitter teilen\" aria-label=\"Bei Twitter teilen\" role=\"button\" rel=\"noopener nofollow\" class=\"shariff-link\" style=\"; background-color:#55acee; color:#fff\" target=\"_blank\"><span class=\"shariff-icon\" style=\"\"><svg width=\"32px\" height=\"20px\" xmlns=\"http:\/\/www.w3.org\/2000\/svg\" viewBox=\"0 0 30 32\"><path fill=\"#55acee\" d=\"M29.7 6.8q-1.2 1.8-3 3.1 0 0.3 0 0.8 0 2.5-0.7 4.9t-2.2 4.7-3.5 4-4.9 2.8-6.1 1q-5.1 0-9.3-2.7 0.6 0.1 1.5 0.1 4.3 0 7.6-2.6-2-0.1-3.5-1.2t-2.2-3q0.6 0.1 1.1 0.1 0.8 0 1.6-0.2-2.1-0.4-3.5-2.1t-1.4-3.9v-0.1q1.3 0.7 2.8 0.8-1.2-0.8-2-2.2t-0.7-2.9q0-1.7 0.8-3.1 2.3 2.8 5.5 4.5t7 1.9q-0.2-0.7-0.2-1.4 0-2.5 1.8-4.3t4.3-1.8q2.7 0 4.5 1.9 2.1-0.4 3.9-1.5-0.7 2.2-2.7 3.4 1.8-0.2 3.5-0.9z\"\/><\/svg><\/span><span class=\"shariff-text\">twittern<\/span>&nbsp;<span data-service=\"twitter\" style=\"color:#55acee\" class=\"shariff-count shariff-hidezero\"><\/span>&nbsp;<\/a><\/li><li class=\"shariff-button rss shariff-nocustomcolor\" style=\"background-color:#ff8c00\"><a href=\"https:\/\/wolfsmonitor.de\/?feed=rss\" title=\"RSS-feed\" aria-label=\"RSS-feed\" role=\"button\" class=\"shariff-link\" style=\"; background-color:#fe9312; color:#fff\" target=\"_blank\"><span class=\"shariff-icon\" style=\"\"><svg width=\"32px\" height=\"20px\" xmlns=\"http:\/\/www.w3.org\/2000\/svg\" viewBox=\"0 0 32 32\"><path fill=\"#fe9312\" d=\"M4.3 23.5c-2.3 0-4.3 1.9-4.3 4.3 0 2.3 1.9 4.2 4.3 4.2 2.4 0 4.3-1.9 4.3-4.2 0-2.3-1.9-4.3-4.3-4.3zM0 10.9v6.1c4 0 7.7 1.6 10.6 4.4 2.8 2.8 4.4 6.6 4.4 10.6h6.2c0-11.7-9.5-21.1-21.1-21.1zM0 0v6.1c14.2 0 25.8 11.6 25.8 25.9h6.2c0-17.6-14.4-32-32-32z\"\/><\/svg><\/span><span class=\"shariff-text\">RSS-feed<\/span>&nbsp;<\/a><\/li><li class=\"shariff-button mailto shariff-nocustomcolor\" style=\"background-color:#a8a8a8\"><a href=\"mailto:?body=https%3A%2F%2Fwolfsmonitor.de%2F%3Fp%3D5791&subject=Schweizer%20Vorschlag%3A%20Wolfszonen\" title=\"Per E-Mail versenden\" aria-label=\"Per E-Mail versenden\" role=\"button\" rel=\"noopener nofollow\" class=\"shariff-link\" style=\"; background-color:#999; color:#fff\"><span class=\"shariff-icon\" style=\"\"><svg width=\"32px\" height=\"20px\" xmlns=\"http:\/\/www.w3.org\/2000\/svg\" viewBox=\"0 0 32 32\"><path fill=\"#999\" d=\"M32 12.7v14.2q0 1.2-0.8 2t-2 0.9h-26.3q-1.2 0-2-0.9t-0.8-2v-14.2q0.8 0.9 1.8 1.6 6.5 4.4 8.9 6.1 1 0.8 1.6 1.2t1.7 0.9 2 0.4h0.1q0.9 0 2-0.4t1.7-0.9 1.6-1.2q3-2.2 8.9-6.1 1-0.7 1.8-1.6zM32 7.4q0 1.4-0.9 2.7t-2.2 2.2q-6.7 4.7-8.4 5.8-0.2 0.1-0.7 0.5t-1 0.7-0.9 0.6-1.1 0.5-0.9 0.2h-0.1q-0.4 0-0.9-0.2t-1.1-0.5-0.9-0.6-1-0.7-0.7-0.5q-1.6-1.1-4.7-3.2t-3.6-2.6q-1.1-0.7-2.1-2t-1-2.5q0-1.4 0.7-2.3t2.1-0.9h26.3q1.2 0 2 0.8t0.9 2z\"\/><\/svg><\/span><span class=\"shariff-text\">E-Mail<\/span>&nbsp;<\/a><\/li><li class=\"shariff-button info shariff-nocustomcolor\" style=\"background-color:#a8a8a8\"><a href=\"http:\/\/ct.de\/-2467514\" title=\"Weitere Informationen\" aria-label=\"Weitere Informationen\" role=\"button\" rel=\"noopener \" class=\"shariff-link\" style=\"; background-color:#999; color:#fff\" target=\"_blank\"><span class=\"shariff-icon\" style=\"\"><svg width=\"32px\" height=\"20px\" xmlns=\"http:\/\/www.w3.org\/2000\/svg\" viewBox=\"0 0 11 32\"><path fill=\"#999\" d=\"M11.4 24v2.3q0 0.5-0.3 0.8t-0.8 0.4h-9.1q-0.5 0-0.8-0.4t-0.4-0.8v-2.3q0-0.5 0.4-0.8t0.8-0.4h1.1v-6.8h-1.1q-0.5 0-0.8-0.4t-0.4-0.8v-2.3q0-0.5 0.4-0.8t0.8-0.4h6.8q0.5 0 0.8 0.4t0.4 0.8v10.3h1.1q0.5 0 0.8 0.4t0.3 0.8zM9.2 3.4v3.4q0 0.5-0.4 0.8t-0.8 0.4h-4.6q-0.4 0-0.8-0.4t-0.4-0.8v-3.4q0-0.4 0.4-0.8t0.8-0.4h4.6q0.5 0 0.8 0.4t0.4 0.8z\"\/><\/svg><\/span><\/a><\/li><\/ul><\/div>","protected":false},"excerpt":{"rendered":"<p>Manchmal muss ich mich &#8211; als jemand, der sich schon rein interessenhalber in der \u201eWelt der W\u00f6lfe\u201c bewegt &#8211; wirklich wundern. Heute, als ich einen Artikel auf \u201e1815.ch\u201c las, in dem der \u201eCo-Pr\u00e4sident des Vereins Lebensraum Schweiz ohne Grossraubtiere\u201c, Georges Schnydrig, wolfsfreie Zonen in den Schweizer Kantonen fordert. (*1) Schnell die Seite des Vereins gegoogelt [&hellip;]<\/p>\n<div class=\"shariff shariff-align-center shariff-widget-align-center\" data-services=\"facebook%7Ctwitter\" data-url=\"https%3A%2F%2Fwolfsmonitor.de%2F%3Fp%3D5791\" data-timestamp=\"1525530365\" data-backendurl=\"?rest_route=\/shariff\/v1\/share_counts&\"><ul class=\"shariff-buttons theme-color orientation-horizontal buttonsize-small\"><li class=\"shariff-button facebook shariff-nocustomcolor\" style=\"background-color:#4273c8\"><a href=\"https:\/\/www.facebook.com\/sharer\/sharer.php?u=https%3A%2F%2Fwolfsmonitor.de%2F%3Fp%3D5791\" title=\"Bei Facebook teilen\" aria-label=\"Bei Facebook teilen\" role=\"button\" rel=\"nofollow\" class=\"shariff-link\" style=\"; background-color:#3b5998; color:#fff\" target=\"_blank\"><span class=\"shariff-icon\" style=\"\"><svg width=\"32px\" height=\"20px\" xmlns=\"http:\/\/www.w3.org\/2000\/svg\" viewBox=\"0 0 18 32\"><path fill=\"#3b5998\" d=\"M17.1 0.2v4.7h-2.8q-1.5 0-2.1 0.6t-0.5 1.9v3.4h5.2l-0.7 5.3h-4.5v13.6h-5.5v-13.6h-4.5v-5.3h4.5v-3.9q0-3.3 1.9-5.2t5-1.8q2.6 0 4.1 0.2z\"\/><\/svg><\/span><span class=\"shariff-text\">teilen<\/span>&nbsp;<span data-service=\"facebook\" style=\"color:#3b5998\" class=\"shariff-count shariff-hidezero\"><\/span>&nbsp;<\/a><\/li><li class=\"shariff-button twitter shariff-nocustomcolor\" style=\"background-color:#32bbf5\"><a href=\"https:\/\/twitter.com\/share?url=https%3A%2F%2Fwolfsmonitor.de%2F%3Fp%3D5791&text=Schweizer%20Vorschlag%3A%20Wolfszonen\" title=\"Bei Twitter teilen\" aria-label=\"Bei Twitter teilen\" role=\"button\" rel=\"noopener nofollow\" class=\"shariff-link\" style=\"; background-color:#55acee; color:#fff\" target=\"_blank\"><span class=\"shariff-icon\" style=\"\"><svg width=\"32px\" height=\"20px\" xmlns=\"http:\/\/www.w3.org\/2000\/svg\" viewBox=\"0 0 30 32\"><path fill=\"#55acee\" d=\"M29.7 6.8q-1.2 1.8-3 3.1 0 0.3 0 0.8 0 2.5-0.7 4.9t-2.2 4.7-3.5 4-4.9 2.8-6.1 1q-5.1 0-9.3-2.7 0.6 0.1 1.5 0.1 4.3 0 7.6-2.6-2-0.1-3.5-1.2t-2.2-3q0.6 0.1 1.1 0.1 0.8 0 1.6-0.2-2.1-0.4-3.5-2.1t-1.4-3.9v-0.1q1.3 0.7 2.8 0.8-1.2-0.8-2-2.2t-0.7-2.9q0-1.7 0.8-3.1 2.3 2.8 5.5 4.5t7 1.9q-0.2-0.7-0.2-1.4 0-2.5 1.8-4.3t4.3-1.8q2.7 0 4.5 1.9 2.1-0.4 3.9-1.5-0.7 2.2-2.7 3.4 1.8-0.2 3.5-0.9z\"\/><\/svg><\/span><span class=\"shariff-text\">twittern<\/span>&nbsp;<span data-service=\"twitter\" style=\"color:#55acee\" class=\"shariff-count shariff-hidezero\"><\/span>&nbsp;<\/a><\/li><li class=\"shariff-button rss shariff-nocustomcolor\" style=\"background-color:#ff8c00\"><a href=\"https:\/\/wolfsmonitor.de\/?feed=rss\" title=\"RSS-feed\" aria-label=\"RSS-feed\" role=\"button\" class=\"shariff-link\" style=\"; background-color:#fe9312; color:#fff\" target=\"_blank\"><span class=\"shariff-icon\" style=\"\"><svg width=\"32px\" height=\"20px\" xmlns=\"http:\/\/www.w3.org\/2000\/svg\" viewBox=\"0 0 32 32\"><path fill=\"#fe9312\" d=\"M4.3 23.5c-2.3 0-4.3 1.9-4.3 4.3 0 2.3 1.9 4.2 4.3 4.2 2.4 0 4.3-1.9 4.3-4.2 0-2.3-1.9-4.3-4.3-4.3zM0 10.9v6.1c4 0 7.7 1.6 10.6 4.4 2.8 2.8 4.4 6.6 4.4 10.6h6.2c0-11.7-9.5-21.1-21.1-21.1zM0 0v6.1c14.2 0 25.8 11.6 25.8 25.9h6.2c0-17.6-14.4-32-32-32z\"\/><\/svg><\/span><span class=\"shariff-text\">RSS-feed<\/span>&nbsp;<\/a><\/li><li class=\"shariff-button mailto shariff-nocustomcolor\" style=\"background-color:#a8a8a8\"><a href=\"mailto:?body=https%3A%2F%2Fwolfsmonitor.de%2F%3Fp%3D5791&subject=Schweizer%20Vorschlag%3A%20Wolfszonen\" title=\"Per E-Mail versenden\" aria-label=\"Per E-Mail versenden\" role=\"button\" rel=\"noopener nofollow\" class=\"shariff-link\" style=\"; background-color:#999; color:#fff\"><span class=\"shariff-icon\" style=\"\"><svg width=\"32px\" height=\"20px\" xmlns=\"http:\/\/www.w3.org\/2000\/svg\" viewBox=\"0 0 32 32\"><path fill=\"#999\" d=\"M32 12.7v14.2q0 1.2-0.8 2t-2 0.9h-26.3q-1.2 0-2-0.9t-0.8-2v-14.2q0.8 0.9 1.8 1.6 6.5 4.4 8.9 6.1 1 0.8 1.6 1.2t1.7 0.9 2 0.4h0.1q0.9 0 2-0.4t1.7-0.9 1.6-1.2q3-2.2 8.9-6.1 1-0.7 1.8-1.6zM32 7.4q0 1.4-0.9 2.7t-2.2 2.2q-6.7 4.7-8.4 5.8-0.2 0.1-0.7 0.5t-1 0.7-0.9 0.6-1.1 0.5-0.9 0.2h-0.1q-0.4 0-0.9-0.2t-1.1-0.5-0.9-0.6-1-0.7-0.7-0.5q-1.6-1.1-4.7-3.2t-3.6-2.6q-1.1-0.7-2.1-2t-1-2.5q0-1.4 0.7-2.3t2.1-0.9h26.3q1.2 0 2 0.8t0.9 2z\"\/><\/svg><\/span><span class=\"shariff-text\">E-Mail<\/span>&nbsp;<\/a><\/li><li class=\"shariff-button info shariff-nocustomcolor\" style=\"background-color:#a8a8a8\"><a href=\"http:\/\/ct.de\/-2467514\" title=\"Weitere Informationen\" aria-label=\"Weitere Informationen\" role=\"button\" rel=\"noopener \" class=\"shariff-link\" style=\"; background-color:#999; color:#fff\" target=\"_blank\"><span class=\"shariff-icon\" style=\"\"><svg width=\"32px\" height=\"20px\" xmlns=\"http:\/\/www.w3.org\/2000\/svg\" viewBox=\"0 0 11 32\"><path fill=\"#999\" d=\"M11.4 24v2.3q0 0.5-0.3 0.8t-0.8 0.4h-9.1q-0.5 0-0.8-0.4t-0.4-0.8v-2.3q0-0.5 0.4-0.8t0.8-0.4h1.1v-6.8h-1.1q-0.5 0-0.8-0.4t-0.4-0.8v-2.3q0-0.5 0.4-0.8t0.8-0.4h6.8q0.5 0 0.8 0.4t0.4 0.8v10.3h1.1q0.5 0 0.8 0.4t0.3 0.8zM9.2 3.4v3.4q0 0.5-0.4 0.8t-0.8 0.4h-4.6q-0.4 0-0.8-0.4t-0.4-0.8v-3.4q0-0.4 0.4-0.8t0.8-0.4h4.6q0.5 0 0.8 0.4t0.4 0.8z\"\/><\/svg><\/span><\/a><\/li><\/ul><\/div>","protected":false},"author":1,"featured_media":794,"comment_status":"closed","ping_status":"open","sticky":false,"template":"","format":"standard","meta":{"spay_email":""},"categories":[3],"tags":[4360,4362,4364,4375,115,4367,4366,4365,4359,350,43,105,4363,266],"jetpack_featured_media_url":"https:\/\/i0.wp.com\/wolfsmonitor.de\/wp-content\/uploads\/2015\/07\/Foto-Kommentar-2.jpg?fit=586%2C513&ssl=1","jetpack_shortlink":"https:\/\/wp.me\/p61YbU-1vp","jetpack-related-posts":[{"id":7247,"url":"https:\/\/wolfsmonitor.de\/?p=7247","url_meta":{"origin":5791,"position":0},"title":"Schweiz: Initiative \u201eWallis ohne Grossraubtiere\u201c eingereicht","date":"17. Januar 2017","format":false,"excerpt":"9.500 Unterschriften wurden am Montag der Walliser Regierungspr\u00e4sidentin Esther Waeber-Kalbermatten \u00fcbergeben, 6.000 w\u00e4ren ausreichend gewesen. Damit will die Volksinitiative \u201eWallis ohne Grossraubtiere\u201c erreichen, dass der Kanton k\u00fcnftig selber dar\u00fcber entscheiden kann, wie viele W\u00f6lfe oder Luchse im Kanton geduldet werden. Das widerspreche allerdings der Berner Konvention, die gewisse Wildtierarten wie\u2026","rel":"","context":"In &quot;Hintergr\u00fcnde&quot;","img":{"alt_text":"Wolf im TP Nordhorn (Foto: Vogler)","src":"https:\/\/i2.wp.com\/wolfsmonitor.de\/wp-content\/uploads\/2016\/02\/Hintergrund-2016.jpg?fit=518%2C494&ssl=1&resize=350%2C200","width":350,"height":200},"classes":[]},{"id":7353,"url":"https:\/\/wolfsmonitor.de\/?p=7353","url_meta":{"origin":5791,"position":1},"title":"Zur Bewilligung eines Wolfsabschusses in Sachsen","date":"20. Januar 2017","format":false,"excerpt":"Nach MT6 alias Kurti soll in Deutschland zum zweiten mal ein Wolf legal abgeschossen werden. Vergangenes Fr\u00fchjahr habe ich hier auf Wolfsmonitor mein Verst\u00e4ndnis f\u00fcr den Abschuss von MT6 ge\u00e4ussert (hier!). Das ist zwar bei vielen Wolfsfreunden nicht auf Gegenliebe gestossen, aber ich stehe dazu, dass ich auch den Abschuss\u2026","rel":"","context":"In &quot;Gastkolumne&quot;","img":{"alt_text":"David Gerke, Pr\u00e4sident Gruppe Wolf Schweiz (Foto: privat)","src":"https:\/\/i2.wp.com\/wolfsmonitor.de\/wp-content\/uploads\/2016\/03\/Kolumnenbild-David-Gerke-2.jpg?fit=626%2C521&ssl=1&resize=350%2C200","width":350,"height":200},"classes":[]},{"id":2691,"url":"https:\/\/wolfsmonitor.de\/?p=2691","url_meta":{"origin":5791,"position":2},"title":"Das nieders\u00e4chsische Management der W\u00f6lfe aus Schweizer Perspektive","date":"6. M\u00e4rz 2016","format":false,"excerpt":"Der Umgang mit W\u00f6lfen in Niedersachsen wird auch jenseits der Grenzen beobachtet. F\u00fcr uns Schweizer ist der Fall Niedersachsen deshalb von besonderem Interesse, weil die W\u00f6lfe hierzulande dasselbe vermeintlich problematische Verhalten aufweisen wie der wenig scheue MT6 und die zaunspringende Goldenstedter W\u00f6lfin. In der Schweiz wurde der Wolf in der\u2026","rel":"","context":"In &quot;Gastkolumne&quot;","img":{"alt_text":"David Gerke, Pr\u00e4sident der Gruppe Wolf Schweiz (Foto: privat)","src":"https:\/\/i0.wp.com\/wolfsmonitor.de\/wp-content\/uploads\/2016\/03\/Kolumnenbild-David-Gerke-1.jpg?fit=744%2C519&ssl=1&resize=350%2C200","width":350,"height":200},"classes":[]},{"id":2183,"url":"https:\/\/wolfsmonitor.de\/?p=2183","url_meta":{"origin":5791,"position":3},"title":"3 Antworten von David Gerke","date":"7. Januar 2016","format":false,"excerpt":"David Gerke (30), Schafhirte und J\u00e4ger aus Zuchwil in der Schweiz, ist Pr\u00e4sident der \u201eGruppe Wolf Schweiz (GWS)\u201c, die sich als \u201epolitische Stimme der Gro\u00dfraubtiere \u201cversteht (*1). Der Verein, der nach einem Besuch von Wolfsinteressierten beim weltweit bekannten Wolfsforscher Erich Klinghammer in den USA im Jahr 1997 gegr\u00fcndet wurde, hat\u2026","rel":"","context":"In &quot;Interviews&quot;","img":{"alt_text":"David Gerke (Foto: D. Gerke)","src":"https:\/\/i0.wp.com\/wolfsmonitor.de\/wp-content\/uploads\/2016\/01\/Beitragsbild-David-Gerke.jpg?fit=510%2C612&ssl=1&resize=350%2C200","width":350,"height":200},"classes":[]},{"id":7786,"url":"https:\/\/wolfsmonitor.de\/?p=7786","url_meta":{"origin":5791,"position":4},"title":"Wolfsfreie Regionen: Von der Wildtier- zur Zoohaltung?","date":"16. Februar 2017","format":false,"excerpt":"Immer wieder mal steht die Forderung im politischen Raum, man m\u00f6ge in Deutschland \u201ewolfsfreie Regionen, bzw. Zonen\" einrichten oder W\u00f6lfen die Anwesenheit ausschlie\u00dflich auf den daf\u00fcr offensichtlich besonders geeigneten Truppen\u00fcbungspl\u00e4tzen erlauben. Nun widerlegte \u201eausgerechnet\u201c ein Politiker, ich schreibe das mit einem Schmunzeln und einem Augenzwinkern, k\u00fcrzlich diesen Gedanken. Und zwar\u2026","rel":"","context":"In &quot;Expertenmeinung&quot;","img":{"alt_text":"","src":"https:\/\/i1.wp.com\/wolfsmonitor.de\/wp-content\/uploads\/2016\/01\/Beitragsfoto-2-Expertenmeinung.jpg?fit=500%2C478&ssl=1&resize=350%2C200","width":350,"height":200},"classes":[]},{"id":14025,"url":"https:\/\/wolfsmonitor.de\/?p=14025","url_meta":{"origin":5791,"position":5},"title":"V\u00f6llig bedeutungslose Initiativen","date":"22. Juni 2018","format":false,"excerpt":"W\u00e4hrend der Rat der etwa 12.000-k\u00f6pfigen Samtgemeinde Barnstorf (Niedersachsen) offenbar gerade versucht, sich mit einer rechtsunverbindlichen Anti-Wolfs-Resolution gegen die grauen R\u00e4uber zu positionieren und sich dabei auch nicht scheut, Unwahrheiten zu verbreiten (sinkende Akzeptanz der Grauen, die Weidetierhaltung steht vor dem Aus, etc.), steht anderswo, n\u00e4mlich bei unseren Nachbarn in\u2026","rel":"","context":"In &quot;Nachrichten&quot;","img":{"alt_text":"","src":"https:\/\/i1.wp.com\/wolfsmonitor.de\/wp-content\/uploads\/2016\/11\/B-Foto-H.A.-Nachrichten-1.jpg?fit=761%2C497&ssl=1&resize=350%2C200","width":350,"height":200},"classes":[]}],"_links":{"self":[{"href":"https:\/\/wolfsmonitor.de\/index.php?rest_route=\/wp\/v2\/posts\/5791"}],"collection":[{"href":"https:\/\/wolfsmonitor.de\/index.php?rest_route=\/wp\/v2\/posts"}],"about":[{"href":"https:\/\/wolfsmonitor.de\/index.php?rest_route=\/wp\/v2\/types\/post"}],"author":[{"embeddable":true,"href":"https:\/\/wolfsmonitor.de\/index.php?rest_route=\/wp\/v2\/users\/1"}],"replies":[{"embeddable":true,"href":"https:\/\/wolfsmonitor.de\/index.php?rest_route=%2Fwp%2Fv2%2Fcomments&post=5791"}],"version-history":[{"count":10,"href":"https:\/\/wolfsmonitor.de\/index.php?rest_route=\/wp\/v2\/posts\/5791\/revisions"}],"predecessor-version":[{"id":5803,"href":"https:\/\/wolfsmonitor.de\/index.php?rest_route=\/wp\/v2\/posts\/5791\/revisions\/5803"}],"wp:featuredmedia":[{"embeddable":true,"href":"https:\/\/wolfsmonitor.de\/index.php?rest_route=\/wp\/v2\/media\/794"}],"wp:attachment":[{"href":"https:\/\/wolfsmonitor.de\/index.php?rest_route=%2Fwp%2Fv2%2Fmedia&parent=5791"}],"wp:term":[{"taxonomy":"category","embeddable":true,"href":"https:\/\/wolfsmonitor.de\/index.php?rest_route=%2Fwp%2Fv2%2Fcategories&post=5791"},{"taxonomy":"post_tag","embeddable":true,"href":"https:\/\/wolfsmonitor.de\/index.php?rest_route=%2Fwp%2Fv2%2Ftags&post=5791"}],"curies":[{"name":"wp","href":"https:\/\/api.w.org\/{rel}","templated":true}]}}