{"id":5840,"date":"2016-11-05T19:57:38","date_gmt":"2016-11-05T17:57:38","guid":{"rendered":"http:\/\/wolfsmonitor.de\/?p=5840"},"modified":"2018-05-05T14:26:27","modified_gmt":"2018-05-05T12:26:27","slug":"todesurteil-fuer-die-goldenstedter-woelfin-e-mail-aktion","status":"publish","type":"post","link":"https:\/\/wolfsmonitor.de\/?p=5840","title":{"rendered":"Todesurteil f\u00fcr die Goldenstedter W\u00f6lfin? &#8211; E-Mail-Aktion!"},"content":{"rendered":"<p><strong>Jan Olsson, Wildbiologe und Wolfssch\u00fctzer, \u00fcbergab bereits im M\u00e4rz 2016 \u00fcber 70.000 Unterschriften einer Online-Petition zur Rettung der \u201eGoldenstedter-W\u00f6lfin\u201c an den nieders\u00e4chsischen Umweltminister Stefan Wenzel (<span style=\"color: #3366ff;\"><a style=\"color: #3366ff;\" href=\"https:\/\/wolfsmonitor.de\/?p=2774\" target=\"_blank\">hier!<\/a><\/span>).<\/strong><\/p>\n<p>Nachdem k\u00fcrzlich bekannt wurde, dass das Projekt, die Goldenstedter W\u00f6lfin zu besendern, nun in der ersten H\u00e4lfte des n\u00e4chsten Jahres starten soll (<span style=\"color: #3366ff;\"><a style=\"color: #3366ff;\" href=\"https:\/\/wolfsmonitor.de\/?p=5720\" target=\"_blank\">hier!<\/a><\/span>), wendet Olsson sich mit der Bef\u00fcrchtung, das sei nun das Todesurteil f\u00fcr die Wolfsf\u00e4he, erneut auf der Petitionsplattform \u201echange.org\u201c an die \u00d6ffentlichkeit. Seine Vermutung \u00e4u\u00dfert er dort wie folgt:<!--more--><\/p>\n<hr \/>\n<p><em>\u2026 \u201eDer Umweltminister von Niedersachsen, Herr Stefan Wenzel, f\u00fchrt die Besenderung der Goldenstedter W\u00f6lfin durch. Das ist ihr Todesurteil!<\/em><\/p>\n<p><em>Die einzigen beiden besenderten W\u00f6lfe &#8211; MT6 (\u201eKurti\u201c) und seine Schwester FT 10 und ihre Welpen &#8211; in Niedersachsen sind bereits tot.<\/em><\/p>\n<p><em>Die Goldenstedter W\u00f6lfin ist die Leitw\u00f6lfin und Mutter der Jungw\u00f6lfe ihres Rudels. Sie besendern zu wollen ist nicht notwendig. Es gibt keinen Grund daf\u00fcr!\u201c&#8230;<\/em><\/p>\n<hr \/>\n<p>Olsson fordert nun zur Teilnahme an einer bis Montagabend (7.11.2016) dauernden E-Mail-Aktion an das Umweltministerium in Niedersachsen auf.<\/p>\n<p><strong>Weitere Informationen zu dieser Aktion k\u00f6nnen Sie <span style=\"color: #3366ff;\"><a style=\"color: #3366ff;\" href=\"https:\/\/www.change.org\/p\/nieders%C3%A4chsisches-ministerium-f%C3%BCr-umwelt-energie-und-klimaschutz-herrn-stefan-wenzel-mit-dem-menschen-f%C3%BCr-den-wolf\/u\/18357104?tk=LWlw7Y6zNNP4NTIT2pP2H8BM8vWIc_eoT9mLgWMjtHU&amp;utm_source=petition_update&amp;utm_medium=email\" target=\"_blank\">\u00fcber diesen Link aufrufen!<\/a><\/span><\/strong><\/p>\n<p><em><u>Quelle:<\/u> Petition von Jan Olsson auf \u201eChange.org\u201c: Neuigkeiten vom 4. November zur Petition \u2013 \u201eTodesurteil f\u00fcr die Goldenstedter W\u00f6lfin!\u201c, abgerufen am 5.11.2016,<span style=\"color: #3366ff;\"> <a style=\"color: #3366ff;\" href=\"https:\/\/www.change.org\/p\/nieders%C3%A4chsisches-ministerium-f%C3%BCr-umwelt-energie-und-klimaschutz-herrn-stefan-wenzel-mit-dem-menschen-f%C3%BCr-den-wolf\/u\/18357104?tk=LWlw7Y6zNNP4NTIT2pP2H8BM8vWIc_eoT9mLgWMjtHU&amp;utm_source=petition_update&amp;utm_medium=email\" target=\"_blank\">hier der Link!<\/a><\/span><\/em><\/p>\n<p><em><span style=\"text-decoration: underline;\">Beitragsfoto:<\/span> Heiko Anders, <span style=\"color: #3366ff;\"><a style=\"color: #3366ff;\" href=\"http:\/\/www.andersfotografiert.com\" target=\"_blank\">www.andersfotografiert.com<\/a><\/span><\/em><\/p>\n<div class=\"shariff shariff-align-center shariff-widget-align-center\" data-services=\"facebook%7Ctwitter\" data-url=\"https%3A%2F%2Fwolfsmonitor.de%2F%3Fp%3D5840\" data-timestamp=\"1525530387\" data-backendurl=\"?rest_route=\/shariff\/v1\/share_counts&\"><ul class=\"shariff-buttons theme-color orientation-horizontal buttonsize-small\"><li class=\"shariff-button facebook shariff-nocustomcolor\" style=\"background-color:#4273c8\"><a href=\"https:\/\/www.facebook.com\/sharer\/sharer.php?u=https%3A%2F%2Fwolfsmonitor.de%2F%3Fp%3D5840\" title=\"Bei Facebook teilen\" aria-label=\"Bei Facebook teilen\" role=\"button\" rel=\"nofollow\" class=\"shariff-link\" style=\"; background-color:#3b5998; color:#fff\" target=\"_blank\"><span class=\"shariff-icon\" style=\"\"><svg width=\"32px\" height=\"20px\" xmlns=\"http:\/\/www.w3.org\/2000\/svg\" viewBox=\"0 0 18 32\"><path fill=\"#3b5998\" d=\"M17.1 0.2v4.7h-2.8q-1.5 0-2.1 0.6t-0.5 1.9v3.4h5.2l-0.7 5.3h-4.5v13.6h-5.5v-13.6h-4.5v-5.3h4.5v-3.9q0-3.3 1.9-5.2t5-1.8q2.6 0 4.1 0.2z\"\/><\/svg><\/span><span class=\"shariff-text\">teilen<\/span>&nbsp;<span data-service=\"facebook\" style=\"color:#3b5998\" class=\"shariff-count shariff-hidezero\"><\/span>&nbsp;<\/a><\/li><li class=\"shariff-button twitter shariff-nocustomcolor\" style=\"background-color:#32bbf5\"><a href=\"https:\/\/twitter.com\/share?url=https%3A%2F%2Fwolfsmonitor.de%2F%3Fp%3D5840&text=Todesurteil%20f%C3%BCr%20die%20Goldenstedter%20W%C3%B6lfin%3F%20%E2%80%93%20E-Mail-Aktion%21\" title=\"Bei Twitter teilen\" aria-label=\"Bei Twitter teilen\" role=\"button\" rel=\"noopener nofollow\" class=\"shariff-link\" style=\"; background-color:#55acee; color:#fff\" target=\"_blank\"><span class=\"shariff-icon\" style=\"\"><svg width=\"32px\" height=\"20px\" xmlns=\"http:\/\/www.w3.org\/2000\/svg\" viewBox=\"0 0 30 32\"><path fill=\"#55acee\" d=\"M29.7 6.8q-1.2 1.8-3 3.1 0 0.3 0 0.8 0 2.5-0.7 4.9t-2.2 4.7-3.5 4-4.9 2.8-6.1 1q-5.1 0-9.3-2.7 0.6 0.1 1.5 0.1 4.3 0 7.6-2.6-2-0.1-3.5-1.2t-2.2-3q0.6 0.1 1.1 0.1 0.8 0 1.6-0.2-2.1-0.4-3.5-2.1t-1.4-3.9v-0.1q1.3 0.7 2.8 0.8-1.2-0.8-2-2.2t-0.7-2.9q0-1.7 0.8-3.1 2.3 2.8 5.5 4.5t7 1.9q-0.2-0.7-0.2-1.4 0-2.5 1.8-4.3t4.3-1.8q2.7 0 4.5 1.9 2.1-0.4 3.9-1.5-0.7 2.2-2.7 3.4 1.8-0.2 3.5-0.9z\"\/><\/svg><\/span><span class=\"shariff-text\">twittern<\/span>&nbsp;<span data-service=\"twitter\" style=\"color:#55acee\" class=\"shariff-count shariff-hidezero\"><\/span>&nbsp;<\/a><\/li><li class=\"shariff-button rss shariff-nocustomcolor\" style=\"background-color:#ff8c00\"><a href=\"https:\/\/wolfsmonitor.de\/?feed=rss\" title=\"RSS-feed\" aria-label=\"RSS-feed\" role=\"button\" class=\"shariff-link\" style=\"; background-color:#fe9312; color:#fff\" target=\"_blank\"><span class=\"shariff-icon\" style=\"\"><svg width=\"32px\" height=\"20px\" xmlns=\"http:\/\/www.w3.org\/2000\/svg\" viewBox=\"0 0 32 32\"><path fill=\"#fe9312\" d=\"M4.3 23.5c-2.3 0-4.3 1.9-4.3 4.3 0 2.3 1.9 4.2 4.3 4.2 2.4 0 4.3-1.9 4.3-4.2 0-2.3-1.9-4.3-4.3-4.3zM0 10.9v6.1c4 0 7.7 1.6 10.6 4.4 2.8 2.8 4.4 6.6 4.4 10.6h6.2c0-11.7-9.5-21.1-21.1-21.1zM0 0v6.1c14.2 0 25.8 11.6 25.8 25.9h6.2c0-17.6-14.4-32-32-32z\"\/><\/svg><\/span><span class=\"shariff-text\">RSS-feed<\/span>&nbsp;<\/a><\/li><li class=\"shariff-button mailto shariff-nocustomcolor\" style=\"background-color:#a8a8a8\"><a href=\"mailto:?body=https%3A%2F%2Fwolfsmonitor.de%2F%3Fp%3D5840&subject=Todesurteil%20f%C3%BCr%20die%20Goldenstedter%20W%C3%B6lfin%3F%20%E2%80%93%20E-Mail-Aktion%21\" title=\"Per E-Mail versenden\" aria-label=\"Per E-Mail versenden\" role=\"button\" rel=\"noopener nofollow\" class=\"shariff-link\" style=\"; background-color:#999; color:#fff\"><span class=\"shariff-icon\" style=\"\"><svg width=\"32px\" height=\"20px\" xmlns=\"http:\/\/www.w3.org\/2000\/svg\" viewBox=\"0 0 32 32\"><path fill=\"#999\" d=\"M32 12.7v14.2q0 1.2-0.8 2t-2 0.9h-26.3q-1.2 0-2-0.9t-0.8-2v-14.2q0.8 0.9 1.8 1.6 6.5 4.4 8.9 6.1 1 0.8 1.6 1.2t1.7 0.9 2 0.4h0.1q0.9 0 2-0.4t1.7-0.9 1.6-1.2q3-2.2 8.9-6.1 1-0.7 1.8-1.6zM32 7.4q0 1.4-0.9 2.7t-2.2 2.2q-6.7 4.7-8.4 5.8-0.2 0.1-0.7 0.5t-1 0.7-0.9 0.6-1.1 0.5-0.9 0.2h-0.1q-0.4 0-0.9-0.2t-1.1-0.5-0.9-0.6-1-0.7-0.7-0.5q-1.6-1.1-4.7-3.2t-3.6-2.6q-1.1-0.7-2.1-2t-1-2.5q0-1.4 0.7-2.3t2.1-0.9h26.3q1.2 0 2 0.8t0.9 2z\"\/><\/svg><\/span><span class=\"shariff-text\">E-Mail<\/span>&nbsp;<\/a><\/li><li class=\"shariff-button info shariff-nocustomcolor\" style=\"background-color:#a8a8a8\"><a href=\"http:\/\/ct.de\/-2467514\" title=\"Weitere Informationen\" aria-label=\"Weitere Informationen\" role=\"button\" rel=\"noopener \" class=\"shariff-link\" style=\"; background-color:#999; color:#fff\" target=\"_blank\"><span class=\"shariff-icon\" style=\"\"><svg width=\"32px\" height=\"20px\" xmlns=\"http:\/\/www.w3.org\/2000\/svg\" viewBox=\"0 0 11 32\"><path fill=\"#999\" d=\"M11.4 24v2.3q0 0.5-0.3 0.8t-0.8 0.4h-9.1q-0.5 0-0.8-0.4t-0.4-0.8v-2.3q0-0.5 0.4-0.8t0.8-0.4h1.1v-6.8h-1.1q-0.5 0-0.8-0.4t-0.4-0.8v-2.3q0-0.5 0.4-0.8t0.8-0.4h6.8q0.5 0 0.8 0.4t0.4 0.8v10.3h1.1q0.5 0 0.8 0.4t0.3 0.8zM9.2 3.4v3.4q0 0.5-0.4 0.8t-0.8 0.4h-4.6q-0.4 0-0.8-0.4t-0.4-0.8v-3.4q0-0.4 0.4-0.8t0.8-0.4h4.6q0.5 0 0.8 0.4t0.4 0.8z\"\/><\/svg><\/span><\/a><\/li><\/ul><\/div>","protected":false},"excerpt":{"rendered":"<p>Jan Olsson, Wildbiologe und Wolfssch\u00fctzer, \u00fcbergab bereits im M\u00e4rz 2016 \u00fcber 70.000 Unterschriften einer Online-Petition zur Rettung der \u201eGoldenstedter-W\u00f6lfin\u201c an den nieders\u00e4chsischen Umweltminister Stefan Wenzel (hier!). Nachdem k\u00fcrzlich bekannt wurde, dass das Projekt, die Goldenstedter W\u00f6lfin zu besendern, nun in der ersten H\u00e4lfte des n\u00e4chsten Jahres starten soll (hier!), wendet Olsson sich mit der Bef\u00fcrchtung, [&hellip;]<\/p>\n<div class=\"shariff shariff-align-center shariff-widget-align-center\" data-services=\"facebook%7Ctwitter\" data-url=\"https%3A%2F%2Fwolfsmonitor.de%2F%3Fp%3D5840\" data-timestamp=\"1525530387\" data-backendurl=\"?rest_route=\/shariff\/v1\/share_counts&\"><ul class=\"shariff-buttons theme-color orientation-horizontal buttonsize-small\"><li class=\"shariff-button facebook shariff-nocustomcolor\" style=\"background-color:#4273c8\"><a href=\"https:\/\/www.facebook.com\/sharer\/sharer.php?u=https%3A%2F%2Fwolfsmonitor.de%2F%3Fp%3D5840\" title=\"Bei Facebook teilen\" aria-label=\"Bei Facebook teilen\" role=\"button\" rel=\"nofollow\" class=\"shariff-link\" style=\"; background-color:#3b5998; color:#fff\" target=\"_blank\"><span class=\"shariff-icon\" style=\"\"><svg width=\"32px\" height=\"20px\" xmlns=\"http:\/\/www.w3.org\/2000\/svg\" viewBox=\"0 0 18 32\"><path fill=\"#3b5998\" d=\"M17.1 0.2v4.7h-2.8q-1.5 0-2.1 0.6t-0.5 1.9v3.4h5.2l-0.7 5.3h-4.5v13.6h-5.5v-13.6h-4.5v-5.3h4.5v-3.9q0-3.3 1.9-5.2t5-1.8q2.6 0 4.1 0.2z\"\/><\/svg><\/span><span class=\"shariff-text\">teilen<\/span>&nbsp;<span data-service=\"facebook\" style=\"color:#3b5998\" class=\"shariff-count shariff-hidezero\"><\/span>&nbsp;<\/a><\/li><li class=\"shariff-button twitter shariff-nocustomcolor\" style=\"background-color:#32bbf5\"><a href=\"https:\/\/twitter.com\/share?url=https%3A%2F%2Fwolfsmonitor.de%2F%3Fp%3D5840&text=Todesurteil%20f%C3%BCr%20die%20Goldenstedter%20W%C3%B6lfin%3F%20%E2%80%93%20E-Mail-Aktion%21\" title=\"Bei Twitter teilen\" aria-label=\"Bei Twitter teilen\" role=\"button\" rel=\"noopener nofollow\" class=\"shariff-link\" style=\"; background-color:#55acee; color:#fff\" target=\"_blank\"><span class=\"shariff-icon\" style=\"\"><svg width=\"32px\" height=\"20px\" xmlns=\"http:\/\/www.w3.org\/2000\/svg\" viewBox=\"0 0 30 32\"><path fill=\"#55acee\" d=\"M29.7 6.8q-1.2 1.8-3 3.1 0 0.3 0 0.8 0 2.5-0.7 4.9t-2.2 4.7-3.5 4-4.9 2.8-6.1 1q-5.1 0-9.3-2.7 0.6 0.1 1.5 0.1 4.3 0 7.6-2.6-2-0.1-3.5-1.2t-2.2-3q0.6 0.1 1.1 0.1 0.8 0 1.6-0.2-2.1-0.4-3.5-2.1t-1.4-3.9v-0.1q1.3 0.7 2.8 0.8-1.2-0.8-2-2.2t-0.7-2.9q0-1.7 0.8-3.1 2.3 2.8 5.5 4.5t7 1.9q-0.2-0.7-0.2-1.4 0-2.5 1.8-4.3t4.3-1.8q2.7 0 4.5 1.9 2.1-0.4 3.9-1.5-0.7 2.2-2.7 3.4 1.8-0.2 3.5-0.9z\"\/><\/svg><\/span><span class=\"shariff-text\">twittern<\/span>&nbsp;<span data-service=\"twitter\" style=\"color:#55acee\" class=\"shariff-count shariff-hidezero\"><\/span>&nbsp;<\/a><\/li><li class=\"shariff-button rss shariff-nocustomcolor\" style=\"background-color:#ff8c00\"><a href=\"https:\/\/wolfsmonitor.de\/?feed=rss\" title=\"RSS-feed\" aria-label=\"RSS-feed\" role=\"button\" class=\"shariff-link\" style=\"; background-color:#fe9312; color:#fff\" target=\"_blank\"><span class=\"shariff-icon\" style=\"\"><svg width=\"32px\" height=\"20px\" xmlns=\"http:\/\/www.w3.org\/2000\/svg\" viewBox=\"0 0 32 32\"><path fill=\"#fe9312\" d=\"M4.3 23.5c-2.3 0-4.3 1.9-4.3 4.3 0 2.3 1.9 4.2 4.3 4.2 2.4 0 4.3-1.9 4.3-4.2 0-2.3-1.9-4.3-4.3-4.3zM0 10.9v6.1c4 0 7.7 1.6 10.6 4.4 2.8 2.8 4.4 6.6 4.4 10.6h6.2c0-11.7-9.5-21.1-21.1-21.1zM0 0v6.1c14.2 0 25.8 11.6 25.8 25.9h6.2c0-17.6-14.4-32-32-32z\"\/><\/svg><\/span><span class=\"shariff-text\">RSS-feed<\/span>&nbsp;<\/a><\/li><li class=\"shariff-button mailto shariff-nocustomcolor\" style=\"background-color:#a8a8a8\"><a href=\"mailto:?body=https%3A%2F%2Fwolfsmonitor.de%2F%3Fp%3D5840&subject=Todesurteil%20f%C3%BCr%20die%20Goldenstedter%20W%C3%B6lfin%3F%20%E2%80%93%20E-Mail-Aktion%21\" title=\"Per E-Mail versenden\" aria-label=\"Per E-Mail versenden\" role=\"button\" rel=\"noopener nofollow\" class=\"shariff-link\" style=\"; background-color:#999; color:#fff\"><span class=\"shariff-icon\" style=\"\"><svg width=\"32px\" height=\"20px\" xmlns=\"http:\/\/www.w3.org\/2000\/svg\" viewBox=\"0 0 32 32\"><path fill=\"#999\" d=\"M32 12.7v14.2q0 1.2-0.8 2t-2 0.9h-26.3q-1.2 0-2-0.9t-0.8-2v-14.2q0.8 0.9 1.8 1.6 6.5 4.4 8.9 6.1 1 0.8 1.6 1.2t1.7 0.9 2 0.4h0.1q0.9 0 2-0.4t1.7-0.9 1.6-1.2q3-2.2 8.9-6.1 1-0.7 1.8-1.6zM32 7.4q0 1.4-0.9 2.7t-2.2 2.2q-6.7 4.7-8.4 5.8-0.2 0.1-0.7 0.5t-1 0.7-0.9 0.6-1.1 0.5-0.9 0.2h-0.1q-0.4 0-0.9-0.2t-1.1-0.5-0.9-0.6-1-0.7-0.7-0.5q-1.6-1.1-4.7-3.2t-3.6-2.6q-1.1-0.7-2.1-2t-1-2.5q0-1.4 0.7-2.3t2.1-0.9h26.3q1.2 0 2 0.8t0.9 2z\"\/><\/svg><\/span><span class=\"shariff-text\">E-Mail<\/span>&nbsp;<\/a><\/li><li class=\"shariff-button info shariff-nocustomcolor\" style=\"background-color:#a8a8a8\"><a href=\"http:\/\/ct.de\/-2467514\" title=\"Weitere Informationen\" aria-label=\"Weitere Informationen\" role=\"button\" rel=\"noopener \" class=\"shariff-link\" style=\"; background-color:#999; color:#fff\" target=\"_blank\"><span class=\"shariff-icon\" style=\"\"><svg width=\"32px\" height=\"20px\" xmlns=\"http:\/\/www.w3.org\/2000\/svg\" viewBox=\"0 0 11 32\"><path fill=\"#999\" d=\"M11.4 24v2.3q0 0.5-0.3 0.8t-0.8 0.4h-9.1q-0.5 0-0.8-0.4t-0.4-0.8v-2.3q0-0.5 0.4-0.8t0.8-0.4h1.1v-6.8h-1.1q-0.5 0-0.8-0.4t-0.4-0.8v-2.3q0-0.5 0.4-0.8t0.8-0.4h6.8q0.5 0 0.8 0.4t0.4 0.8v10.3h1.1q0.5 0 0.8 0.4t0.3 0.8zM9.2 3.4v3.4q0 0.5-0.4 0.8t-0.8 0.4h-4.6q-0.4 0-0.8-0.4t-0.4-0.8v-3.4q0-0.4 0.4-0.8t0.8-0.4h4.6q0.5 0 0.8 0.4t0.4 0.8z\"\/><\/svg><\/span><\/a><\/li><\/ul><\/div>","protected":false},"author":1,"featured_media":3493,"comment_status":"closed","ping_status":"open","sticky":false,"template":"","format":"standard","meta":{"spay_email":""},"categories":[2355],"tags":[3053,1423,2034,2035,147,4398,4397,43,1427],"jetpack_featured_media_url":"https:\/\/i1.wp.com\/wolfsmonitor.de\/wp-content\/uploads\/2016\/05\/Beitragsfoto-Heiko-Anders-Aktuell.jpg?fit=654%2C492&ssl=1","jetpack_shortlink":"https:\/\/wp.me\/p61YbU-1wc","jetpack-related-posts":[{"id":2660,"url":"https:\/\/wolfsmonitor.de\/?p=2660","url_meta":{"origin":5840,"position":0},"title":"Bereits \u00fcber 53.000 Unterschriften zur Rettung der W\u00f6lfin in Vechta!","date":"4. M\u00e4rz 2016","format":false,"excerpt":"Mehr als 53.000 Menschen haben die Petition von Jan Olsson zur Rettung der \u201eGoldenstedter W\u00f6lfin\u201c bis heute unterschrieben. Das urspr\u00fcngliche Ziel des 55-j\u00e4hrigen Diplom-Ingenieurs der Landespflege aus Vechta, 10.000 Unterschriften zusammenzutragen und anschlie\u00dfend dem nieders\u00e4chsischen Umweltminister Stefan Wenzel zu \u00fcbergeben, wurde somit bereits viele Tage vor Ablauf der Unterzeichnungsfrist weit\u2026","rel":"","context":"In &quot;Hintergr\u00fcnde&quot;","img":{"alt_text":"Wolf im TP Nordhorn (Foto: Vogler)","src":"https:\/\/i2.wp.com\/wolfsmonitor.de\/wp-content\/uploads\/2016\/02\/Hintergrund-2016.jpg?fit=518%2C494&ssl=1&resize=350%2C200","width":350,"height":200},"classes":[]},{"id":12175,"url":"https:\/\/wolfsmonitor.de\/?p=12175","url_meta":{"origin":5840,"position":1},"title":"Fast 160.000 Unterschriften zur Rettung des Goldenstedter Wolfsrudels","date":"16. Januar 2018","format":false,"excerpt":"Nicht nur Ludger, Sarah und Tanja aus Deutschland, nein auch Elena aus Italien, Dave aus den Niederlanden, Cheryl aus Pennsylvania und Alejandra aus Texas unterzeichneten sie: Die Online-Petition, um die Goldenstedter W\u00f6lfin, ihren Gef\u00e4hrten sowie ihren Nachwuchs vor einer m\u00f6glichen Entnahme zu retten. Mehr als 159.000 Unterst\u00fctzer\/innen z\u00e4hlt die Petition\u2026","rel":"","context":"In &quot;Nachrichten&quot;","img":{"alt_text":"","src":"https:\/\/i1.wp.com\/wolfsmonitor.de\/wp-content\/uploads\/2016\/11\/B-Foto-H.A.-Nachrichten-1.jpg?fit=761%2C497&ssl=1&resize=350%2C200","width":350,"height":200},"classes":[]},{"id":4027,"url":"https:\/\/wolfsmonitor.de\/?p=4027","url_meta":{"origin":5840,"position":2},"title":"Weiterer \u00dcbergriff durch die Goldenstedter W\u00f6lfin? \u2013 Teil 2","date":"28. Juni 2016","format":false,"excerpt":"Gestern ver\u00f6ffentlichte ich einen Artikel \u00fcber einen Kurzbericht in der \u201eOldenburgische Volkszeitung\u201c mit der \u00dcberschrift \u201eDie Risse gehen weiter\u201c vom 15. Juni, der mich darauf schlie\u00dfen lie\u00df, dass vielleicht ein Herdenschutzhund am Ende nur seinen Job gemacht haben k\u00f6nnte (hier der Link!). Einige Wolfsmonitor-Leserinnen und Leser meldeten sich daraufhin spontan\u2026","rel":"","context":"In &quot;Aktuell&quot;","img":{"alt_text":"Stehender Wolf im Tierpark Nordhorn (Foto: Vogler)","src":"https:\/\/i0.wp.com\/wolfsmonitor.de\/wp-content\/uploads\/2016\/03\/Beitragsfoto-Aktuell.jpg?fit=592%2C507&ssl=1&resize=350%2C200","width":350,"height":200},"classes":[]},{"id":2452,"url":"https:\/\/wolfsmonitor.de\/?p=2452","url_meta":{"origin":5840,"position":3},"title":"Jan Olssons Petition zur Rettung des Goldenstedter Wolfes kurz vorm  5.000`er Meilenstein!","date":"9. Februar 2016","format":false,"excerpt":"Jan Olsson (55), Dipl.-Ing. (FH) der Landespflege aus Vechta m\u00f6chte mit einer Online-Petition den Abschuss der W\u00f6lfin in Goldenstedt verhindern. Dazu will er insgesamt mehr als 10.000 Unterschriften sammeln. Er schreibt mir dazu (Ausz\u00fcge): ...\u201eDie W\u00f6lfe haben jetzt ihre Ranz (oder Paarungszeit, von Januar bis M\u00e4rz), ja Sie haben richtig\u2026","rel":"","context":"In &quot;Aufgelesen&quot;","img":{"alt_text":"Wolf im Tierpark Nordhorn","src":"https:\/\/i1.wp.com\/wolfsmonitor.de\/wp-content\/uploads\/2015\/09\/Beitragsfoto-Aufgelesen-2.te-Fassung.jpg?fit=581%2C520&ssl=1&resize=350%2C200","width":350,"height":200},"classes":[]},{"id":5162,"url":"https:\/\/wolfsmonitor.de\/?p=5162","url_meta":{"origin":5840,"position":4},"title":"Norwegen: Schon mehr als 166.000 Unterschriften gegen den Abschuss von 47 W\u00f6lfen","date":"27. September 2016","format":false,"excerpt":"Schon kurz nachdem bekannt wurde, dass in Norwegen nach Regierungsplanungen 47 der sch\u00e4tzungsweise insgesamt 68 W\u00f6lfe des Landes get\u00f6tet werden sollen, bef\u00fcrchteten Verantwortliche aufgrund des \u00fcberw\u00e4ltigenden negativen Echos einen sp\u00fcrbaren Reputationsverlust f\u00fcr das Land. So schilderte es der Journalist Anders R. Christensen. (Wolfsmonitor berichtete, hier!) Diese Bef\u00fcrchtungen d\u00fcrften andauern, weil\u2026","rel":"","context":"In &quot;Hintergr\u00fcnde&quot;","img":{"alt_text":"Foto: Wildtierfotograf Heiko Anders","src":"https:\/\/i2.wp.com\/wolfsmonitor.de\/wp-content\/uploads\/2016\/05\/HA-Beitragsfoto-Hintergr\u00fcnde-1.jpg?fit=625%2C474&ssl=1&resize=350%2C200","width":350,"height":200},"classes":[]},{"id":5720,"url":"https:\/\/wolfsmonitor.de\/?p=5720","url_meta":{"origin":5840,"position":5},"title":"Die Goldenstedter W\u00f6lfin wird nun doch besendert!","date":"28. Oktober 2016","format":false,"excerpt":"Was soll das? ...fragten sich zuletzt einige Wolfsfreunde in den sozialen Medien, nachdem sie einen \"Hallo-Niedersachsen\"-Beitrag vom NDR sahen, in dem nicht ganz vorurteilsfrei dar\u00fcber berichtet wurde, dass ein Schaf eines Hobbyz\u00fcchters in Aschen (Landkreis Diepholz) von einem Wolf gerissen und ein weiteres verletzt wurde. Allein der Beweis f\u00fcr den\u2026","rel":"","context":"In &quot;Aufgelesen&quot;","img":{"alt_text":"Foto: Wildtierfotograf Heiko Anders","src":"https:\/\/i2.wp.com\/wolfsmonitor.de\/wp-content\/uploads\/2016\/05\/HA-Beitragsfoto-Aufgelesen-2.jpg?fit=625%2C469&ssl=1&resize=350%2C200","width":350,"height":200},"classes":[]}],"_links":{"self":[{"href":"https:\/\/wolfsmonitor.de\/index.php?rest_route=\/wp\/v2\/posts\/5840"}],"collection":[{"href":"https:\/\/wolfsmonitor.de\/index.php?rest_route=\/wp\/v2\/posts"}],"about":[{"href":"https:\/\/wolfsmonitor.de\/index.php?rest_route=\/wp\/v2\/types\/post"}],"author":[{"embeddable":true,"href":"https:\/\/wolfsmonitor.de\/index.php?rest_route=\/wp\/v2\/users\/1"}],"replies":[{"embeddable":true,"href":"https:\/\/wolfsmonitor.de\/index.php?rest_route=%2Fwp%2Fv2%2Fcomments&post=5840"}],"version-history":[{"count":3,"href":"https:\/\/wolfsmonitor.de\/index.php?rest_route=\/wp\/v2\/posts\/5840\/revisions"}],"predecessor-version":[{"id":5843,"href":"https:\/\/wolfsmonitor.de\/index.php?rest_route=\/wp\/v2\/posts\/5840\/revisions\/5843"}],"wp:featuredmedia":[{"embeddable":true,"href":"https:\/\/wolfsmonitor.de\/index.php?rest_route=\/wp\/v2\/media\/3493"}],"wp:attachment":[{"href":"https:\/\/wolfsmonitor.de\/index.php?rest_route=%2Fwp%2Fv2%2Fmedia&parent=5840"}],"wp:term":[{"taxonomy":"category","embeddable":true,"href":"https:\/\/wolfsmonitor.de\/index.php?rest_route=%2Fwp%2Fv2%2Fcategories&post=5840"},{"taxonomy":"post_tag","embeddable":true,"href":"https:\/\/wolfsmonitor.de\/index.php?rest_route=%2Fwp%2Fv2%2Ftags&post=5840"}],"curies":[{"name":"wp","href":"https:\/\/api.w.org\/{rel}","templated":true}]}}