{"id":6101,"date":"2016-11-18T09:56:49","date_gmt":"2016-11-18T07:56:49","guid":{"rendered":"http:\/\/wolfsmonitor.de\/?p=6101"},"modified":"2018-05-05T14:27:27","modified_gmt":"2018-05-05T12:27:27","slug":"wwf-ruf-nach-wolfsabschuessen-lenkt-von-eigentlichen-problemen-ab","status":"publish","type":"post","link":"https:\/\/wolfsmonitor.de\/?p=6101","title":{"rendered":"WWF: &#8222;Ruf nach Wolfsabsch\u00fcssen lenkt von eigentlichen Problemen ab&#8220;"},"content":{"rendered":"<p>In der sich aktuell versch\u00e4rfenden Wolfsdebatte hat sich nun auch der WWF Deutschland eingeschaltet. In einer Pressemeldung der Umweltschutzorganisation vom 16. November hei\u00dft es (im Wortlaut):<\/p>\n<h4><span class=\"csc-header\"><strong>&#8222;WWF zur Wolfsdebatte: Es braucht L\u00f6sungen f\u00fcr Nutztierhalter. \/ US-Studie: Absch\u00fcsse von Beutegreifern versch\u00e4rfen das Problem.&#8220;<\/strong> <\/span><\/h4>\n<div class=\"csc-textpic-text\">\n<div class=\"csc-text\">\n<p class=\"bodytext\">&#8222;Die Umweltschutzorganisation WWF fordert von der Politik in der aktuellen Wolfsdebatte ein klares Bekenntnis zum Existenzrecht der W\u00f6lfe in Deutschland.<\/p>\n<p><!--more--><\/p>\n<p class=\"bodytext\">Die Interessensvertreter und Lobbygruppen der Landwirtschaft sollten sich zudem nicht in ideologischen Grabenk\u00e4mpfen verrennen, sondern vielmehr die substanziellen Probleme der extensiven Weidehaltung in Deutschland an die Politik adressieren.<\/p>\n<p class=\"bodytext\">\u201eDie extensive Weidetierhaltung in Deutschland ist eine zukunftsweisende Form der Landwirtschaft und zugleich f\u00fcr den Arten- und Umweltschutz von gro\u00dfer Bedeutung. Wer allerdings jetzt populistisch nach Absch\u00fcssen und Wolfs-Obergrenzen schreit, f\u00fcr die es keine gesetzliche Grundlage gibt, lenkt nur von den eigentlichen, strukturellen Problemen ab, mit denen etwa Schafshalter zu k\u00e4mpfen haben und f\u00fcr die es L\u00f6sung braucht\u201c, so Moritz Klose, Wildtier-Referent beim WWF Deutschland.<\/p>\n<p class=\"bodytext\">Der Beitrag extensiver Weidehaltung f\u00fcr \u00f6kologisch sinnvolle Landschaftspflege hat nach WWF-Einsch\u00e4tzung noch immer einen zu geringen Stellenwert \u2013 auch innerhalb der Agrarlobby und der Politik. Zudem ist eine h\u00f6here Wertsch\u00e4tzung dieser nachhaltigen Form der Tierhaltung f\u00fcr die Produktion von Lebensmitteln wie Fleisch oder Milch n\u00f6tig. In seiner Stellungnahme \u00e4u\u00dfert der WWF \u201egro\u00dfes Verst\u00e4ndnis\u201c f\u00fcr die \u00c4ngste und Sorgen der progressiven\u00a0 Landwirte, die diese nachhaltige Form der Landwirtschaft praktizieren.<\/p>\n<p class=\"bodytext\">\u201eInteressenvertreter und Politiker sollten sich beim Wolf dar\u00fcber Gedanken machen, wie sie die fl\u00e4chendeckende Anwendung von Herdenschutzma\u00dfnahmen in Wolfsgebieten noch besser unterst\u00fctzen k\u00f6nnen. Es braucht umfangreiche Beratungsangebote f\u00fcr Nutztierhalter, die F\u00f6rderung von Herdenschutzma\u00dfnahmen sowie schnelle, unb\u00fcrokratische Ausgleichszahlungen bei gerissenen Tieren. Hier herrscht dringender Nachholbedarf\u201c, so Klose.<\/p>\n<p class=\"bodytext\">Zudem verweist der WWF auf eine Studie aus den USA wonach das T\u00f6ten von Raubtieren \u00a0in fast der H\u00e4lfte der untersuchten F\u00e4lle zu einer Zunahme der Nutztierrisse gef\u00fchrt hat. (<span style=\"color: #0000ff;\"><a style=\"color: #0000ff;\" href=\"http:\/\/onlinelibrary.wiley.com\/doi\/10.1002\/fee.1312\/full\" target=\"_blank\"><i>http:\/\/onlinelibrary.wiley.com\/doi\/10.1002\/fee.1312\/full<\/i><\/a><\/span><i>) <\/i><\/p>\n<p class=\"bodytext\">Die Forscher zeigen in der Studie, dass es zwar in 30 Prozent der untersuchten F\u00e4lle zu einem minimalen R\u00fcckgang der Nutztiersch\u00e4den gekommen ist, dies waren jedoch nur kurzfristige Effekte. Herdenschutzma\u00dfnahmen wie Herdenschutzhunde oder Flatterb\u00e4nder verringerten demnach die Verluste an Nutztieren in 80 Prozent der F\u00e4lle.<\/p>\n<p class=\"bodytext\">\u201eWenn ein erfahrenes Tier aus einem Wolfsrudel abgeschossen wird, kann es seine Erfahrungen mit wachsamen Herdenschutzhunden oder schmerzhaften Elektroz\u00e4unen nicht an das Rudel weitergeben\u201c, liefert Moritz Klose eine Erkl\u00e4rung. \u201eM\u00f6glicherweise attackieren unerfahrene Jungtiere dann erneut Nutztiere, wenn hier leichte Beute zu machen ist.\u201c<\/p>\n<div class=\"grid-element\">\n<div class=\"grid-element-inner\">\n<div id=\"c62255\" class=\"csc-frame sf-frame-balloon clearfix\">\n<div class=\"sf-frame-balloon-inner\">\n<div class=\"csc-header csc-header-n1\">\n<h4><span class=\"csc-header\">Kontakt<\/span><\/h4>\n<\/div>\n<div class=\"csc-text\">\n<p class=\"bodytext\">Roland Gramling<\/p>\n<p class=\"bodytext\">WWF Deutschland<\/p>\n<p class=\"bodytext\">Pressestelle<\/p>\n<p class=\"bodytext\"><span style=\"color: #0000ff;\"><a style=\"color: #0000ff;\" href=\"mailto:roland.gramling@wwf.de\" target=\"_blank\">roland.gramling@wwf.de<\/a><\/span><\/p>\n<hr \/>\n<p class=\"bodytext\"><em><span style=\"text-decoration: underline;\">Quelle:<\/span> WWF Deutschland, www.wwf.de, Pressemitteilung vom 16. November 2016: &#8222;Herdenschutz statt Abschuss&#8220;, abgerufen am 17.11.2016, <span style=\"color: #0000ff;\"><a style=\"color: #0000ff;\" href=\"http:\/\/www.wwf.de\/index.php?id=13977\" target=\"_blank\">hier der Link!<\/a><\/span><\/em><\/p>\n<p class=\"bodytext\"><em><span style=\"text-decoration: underline;\">Hinweis:<\/span> Keine Haftung f\u00fcr Links und verlinkte Inhalte!<\/em><\/p>\n<\/div>\n<\/div>\n<\/div>\n<\/div>\n<\/div>\n<\/div>\n<\/div>\n<div class=\"shariff shariff-align-center shariff-widget-align-center\" data-services=\"facebook%7Ctwitter\" data-url=\"https%3A%2F%2Fwolfsmonitor.de%2F%3Fp%3D6101\" data-timestamp=\"1525530447\" data-backendurl=\"?rest_route=\/shariff\/v1\/share_counts&\"><ul class=\"shariff-buttons theme-color orientation-horizontal buttonsize-small\"><li class=\"shariff-button facebook shariff-nocustomcolor\" style=\"background-color:#4273c8\"><a href=\"https:\/\/www.facebook.com\/sharer\/sharer.php?u=https%3A%2F%2Fwolfsmonitor.de%2F%3Fp%3D6101\" title=\"Bei Facebook teilen\" aria-label=\"Bei Facebook teilen\" role=\"button\" rel=\"nofollow\" class=\"shariff-link\" style=\"; background-color:#3b5998; color:#fff\" target=\"_blank\"><span class=\"shariff-icon\" style=\"\"><svg width=\"32px\" height=\"20px\" xmlns=\"http:\/\/www.w3.org\/2000\/svg\" viewBox=\"0 0 18 32\"><path fill=\"#3b5998\" d=\"M17.1 0.2v4.7h-2.8q-1.5 0-2.1 0.6t-0.5 1.9v3.4h5.2l-0.7 5.3h-4.5v13.6h-5.5v-13.6h-4.5v-5.3h4.5v-3.9q0-3.3 1.9-5.2t5-1.8q2.6 0 4.1 0.2z\"\/><\/svg><\/span><span class=\"shariff-text\">teilen<\/span>&nbsp;<span data-service=\"facebook\" style=\"color:#3b5998\" class=\"shariff-count shariff-hidezero\"><\/span>&nbsp;<\/a><\/li><li class=\"shariff-button twitter shariff-nocustomcolor\" style=\"background-color:#32bbf5\"><a href=\"https:\/\/twitter.com\/share?url=https%3A%2F%2Fwolfsmonitor.de%2F%3Fp%3D6101&text=WWF%3A%20%E2%80%9ERuf%20nach%20Wolfsabsch%C3%BCssen%20lenkt%20von%20eigentlichen%20Problemen%20ab%E2%80%9C\" title=\"Bei Twitter teilen\" aria-label=\"Bei Twitter teilen\" role=\"button\" rel=\"noopener nofollow\" class=\"shariff-link\" style=\"; background-color:#55acee; color:#fff\" target=\"_blank\"><span class=\"shariff-icon\" style=\"\"><svg width=\"32px\" height=\"20px\" xmlns=\"http:\/\/www.w3.org\/2000\/svg\" viewBox=\"0 0 30 32\"><path fill=\"#55acee\" d=\"M29.7 6.8q-1.2 1.8-3 3.1 0 0.3 0 0.8 0 2.5-0.7 4.9t-2.2 4.7-3.5 4-4.9 2.8-6.1 1q-5.1 0-9.3-2.7 0.6 0.1 1.5 0.1 4.3 0 7.6-2.6-2-0.1-3.5-1.2t-2.2-3q0.6 0.1 1.1 0.1 0.8 0 1.6-0.2-2.1-0.4-3.5-2.1t-1.4-3.9v-0.1q1.3 0.7 2.8 0.8-1.2-0.8-2-2.2t-0.7-2.9q0-1.7 0.8-3.1 2.3 2.8 5.5 4.5t7 1.9q-0.2-0.7-0.2-1.4 0-2.5 1.8-4.3t4.3-1.8q2.7 0 4.5 1.9 2.1-0.4 3.9-1.5-0.7 2.2-2.7 3.4 1.8-0.2 3.5-0.9z\"\/><\/svg><\/span><span class=\"shariff-text\">twittern<\/span>&nbsp;<span data-service=\"twitter\" style=\"color:#55acee\" class=\"shariff-count shariff-hidezero\"><\/span>&nbsp;<\/a><\/li><li class=\"shariff-button rss shariff-nocustomcolor\" style=\"background-color:#ff8c00\"><a href=\"https:\/\/wolfsmonitor.de\/?feed=rss\" title=\"RSS-feed\" aria-label=\"RSS-feed\" role=\"button\" class=\"shariff-link\" style=\"; background-color:#fe9312; color:#fff\" target=\"_blank\"><span class=\"shariff-icon\" style=\"\"><svg width=\"32px\" height=\"20px\" xmlns=\"http:\/\/www.w3.org\/2000\/svg\" viewBox=\"0 0 32 32\"><path fill=\"#fe9312\" d=\"M4.3 23.5c-2.3 0-4.3 1.9-4.3 4.3 0 2.3 1.9 4.2 4.3 4.2 2.4 0 4.3-1.9 4.3-4.2 0-2.3-1.9-4.3-4.3-4.3zM0 10.9v6.1c4 0 7.7 1.6 10.6 4.4 2.8 2.8 4.4 6.6 4.4 10.6h6.2c0-11.7-9.5-21.1-21.1-21.1zM0 0v6.1c14.2 0 25.8 11.6 25.8 25.9h6.2c0-17.6-14.4-32-32-32z\"\/><\/svg><\/span><span class=\"shariff-text\">RSS-feed<\/span>&nbsp;<\/a><\/li><li class=\"shariff-button mailto shariff-nocustomcolor\" style=\"background-color:#a8a8a8\"><a href=\"mailto:?body=https%3A%2F%2Fwolfsmonitor.de%2F%3Fp%3D6101&subject=WWF%3A%20%E2%80%9ERuf%20nach%20Wolfsabsch%C3%BCssen%20lenkt%20von%20eigentlichen%20Problemen%20ab%E2%80%9C\" title=\"Per E-Mail versenden\" aria-label=\"Per E-Mail versenden\" role=\"button\" rel=\"noopener nofollow\" class=\"shariff-link\" style=\"; background-color:#999; color:#fff\"><span class=\"shariff-icon\" style=\"\"><svg width=\"32px\" height=\"20px\" xmlns=\"http:\/\/www.w3.org\/2000\/svg\" viewBox=\"0 0 32 32\"><path fill=\"#999\" d=\"M32 12.7v14.2q0 1.2-0.8 2t-2 0.9h-26.3q-1.2 0-2-0.9t-0.8-2v-14.2q0.8 0.9 1.8 1.6 6.5 4.4 8.9 6.1 1 0.8 1.6 1.2t1.7 0.9 2 0.4h0.1q0.9 0 2-0.4t1.7-0.9 1.6-1.2q3-2.2 8.9-6.1 1-0.7 1.8-1.6zM32 7.4q0 1.4-0.9 2.7t-2.2 2.2q-6.7 4.7-8.4 5.8-0.2 0.1-0.7 0.5t-1 0.7-0.9 0.6-1.1 0.5-0.9 0.2h-0.1q-0.4 0-0.9-0.2t-1.1-0.5-0.9-0.6-1-0.7-0.7-0.5q-1.6-1.1-4.7-3.2t-3.6-2.6q-1.1-0.7-2.1-2t-1-2.5q0-1.4 0.7-2.3t2.1-0.9h26.3q1.2 0 2 0.8t0.9 2z\"\/><\/svg><\/span><span class=\"shariff-text\">E-Mail<\/span>&nbsp;<\/a><\/li><li class=\"shariff-button info shariff-nocustomcolor\" style=\"background-color:#a8a8a8\"><a href=\"http:\/\/ct.de\/-2467514\" title=\"Weitere Informationen\" aria-label=\"Weitere Informationen\" role=\"button\" rel=\"noopener \" class=\"shariff-link\" style=\"; background-color:#999; color:#fff\" target=\"_blank\"><span class=\"shariff-icon\" style=\"\"><svg width=\"32px\" height=\"20px\" xmlns=\"http:\/\/www.w3.org\/2000\/svg\" viewBox=\"0 0 11 32\"><path fill=\"#999\" d=\"M11.4 24v2.3q0 0.5-0.3 0.8t-0.8 0.4h-9.1q-0.5 0-0.8-0.4t-0.4-0.8v-2.3q0-0.5 0.4-0.8t0.8-0.4h1.1v-6.8h-1.1q-0.5 0-0.8-0.4t-0.4-0.8v-2.3q0-0.5 0.4-0.8t0.8-0.4h6.8q0.5 0 0.8 0.4t0.4 0.8v10.3h1.1q0.5 0 0.8 0.4t0.3 0.8zM9.2 3.4v3.4q0 0.5-0.4 0.8t-0.8 0.4h-4.6q-0.4 0-0.8-0.4t-0.4-0.8v-3.4q0-0.4 0.4-0.8t0.8-0.4h4.6q0.5 0 0.8 0.4t0.4 0.8z\"\/><\/svg><\/span><\/a><\/li><\/ul><\/div>","protected":false},"excerpt":{"rendered":"<p>In der sich aktuell versch\u00e4rfenden Wolfsdebatte hat sich nun auch der WWF Deutschland eingeschaltet. In einer Pressemeldung der Umweltschutzorganisation vom 16. November hei\u00dft es (im Wortlaut): &#8222;WWF zur Wolfsdebatte: Es braucht L\u00f6sungen f\u00fcr Nutztierhalter. \/ US-Studie: Absch\u00fcsse von Beutegreifern versch\u00e4rfen das Problem.&#8220; &#8222;Die Umweltschutzorganisation WWF fordert von der Politik in der aktuellen Wolfsdebatte ein klares [&hellip;]<\/p>\n<div class=\"shariff shariff-align-center shariff-widget-align-center\" data-services=\"facebook%7Ctwitter\" data-url=\"https%3A%2F%2Fwolfsmonitor.de%2F%3Fp%3D6101\" data-timestamp=\"1525530447\" data-backendurl=\"?rest_route=\/shariff\/v1\/share_counts&\"><ul class=\"shariff-buttons theme-color orientation-horizontal buttonsize-small\"><li class=\"shariff-button facebook shariff-nocustomcolor\" style=\"background-color:#4273c8\"><a href=\"https:\/\/www.facebook.com\/sharer\/sharer.php?u=https%3A%2F%2Fwolfsmonitor.de%2F%3Fp%3D6101\" title=\"Bei Facebook teilen\" aria-label=\"Bei Facebook teilen\" role=\"button\" rel=\"nofollow\" class=\"shariff-link\" style=\"; background-color:#3b5998; color:#fff\" target=\"_blank\"><span class=\"shariff-icon\" style=\"\"><svg width=\"32px\" height=\"20px\" xmlns=\"http:\/\/www.w3.org\/2000\/svg\" viewBox=\"0 0 18 32\"><path fill=\"#3b5998\" d=\"M17.1 0.2v4.7h-2.8q-1.5 0-2.1 0.6t-0.5 1.9v3.4h5.2l-0.7 5.3h-4.5v13.6h-5.5v-13.6h-4.5v-5.3h4.5v-3.9q0-3.3 1.9-5.2t5-1.8q2.6 0 4.1 0.2z\"\/><\/svg><\/span><span class=\"shariff-text\">teilen<\/span>&nbsp;<span data-service=\"facebook\" style=\"color:#3b5998\" class=\"shariff-count shariff-hidezero\"><\/span>&nbsp;<\/a><\/li><li class=\"shariff-button twitter shariff-nocustomcolor\" style=\"background-color:#32bbf5\"><a href=\"https:\/\/twitter.com\/share?url=https%3A%2F%2Fwolfsmonitor.de%2F%3Fp%3D6101&text=WWF%3A%20%E2%80%9ERuf%20nach%20Wolfsabsch%C3%BCssen%20lenkt%20von%20eigentlichen%20Problemen%20ab%E2%80%9C\" title=\"Bei Twitter teilen\" aria-label=\"Bei Twitter teilen\" role=\"button\" rel=\"noopener nofollow\" class=\"shariff-link\" style=\"; background-color:#55acee; color:#fff\" target=\"_blank\"><span class=\"shariff-icon\" style=\"\"><svg width=\"32px\" height=\"20px\" xmlns=\"http:\/\/www.w3.org\/2000\/svg\" viewBox=\"0 0 30 32\"><path fill=\"#55acee\" d=\"M29.7 6.8q-1.2 1.8-3 3.1 0 0.3 0 0.8 0 2.5-0.7 4.9t-2.2 4.7-3.5 4-4.9 2.8-6.1 1q-5.1 0-9.3-2.7 0.6 0.1 1.5 0.1 4.3 0 7.6-2.6-2-0.1-3.5-1.2t-2.2-3q0.6 0.1 1.1 0.1 0.8 0 1.6-0.2-2.1-0.4-3.5-2.1t-1.4-3.9v-0.1q1.3 0.7 2.8 0.8-1.2-0.8-2-2.2t-0.7-2.9q0-1.7 0.8-3.1 2.3 2.8 5.5 4.5t7 1.9q-0.2-0.7-0.2-1.4 0-2.5 1.8-4.3t4.3-1.8q2.7 0 4.5 1.9 2.1-0.4 3.9-1.5-0.7 2.2-2.7 3.4 1.8-0.2 3.5-0.9z\"\/><\/svg><\/span><span class=\"shariff-text\">twittern<\/span>&nbsp;<span data-service=\"twitter\" style=\"color:#55acee\" class=\"shariff-count shariff-hidezero\"><\/span>&nbsp;<\/a><\/li><li class=\"shariff-button rss shariff-nocustomcolor\" style=\"background-color:#ff8c00\"><a href=\"https:\/\/wolfsmonitor.de\/?feed=rss\" title=\"RSS-feed\" aria-label=\"RSS-feed\" role=\"button\" class=\"shariff-link\" style=\"; background-color:#fe9312; color:#fff\" target=\"_blank\"><span class=\"shariff-icon\" style=\"\"><svg width=\"32px\" height=\"20px\" xmlns=\"http:\/\/www.w3.org\/2000\/svg\" viewBox=\"0 0 32 32\"><path fill=\"#fe9312\" d=\"M4.3 23.5c-2.3 0-4.3 1.9-4.3 4.3 0 2.3 1.9 4.2 4.3 4.2 2.4 0 4.3-1.9 4.3-4.2 0-2.3-1.9-4.3-4.3-4.3zM0 10.9v6.1c4 0 7.7 1.6 10.6 4.4 2.8 2.8 4.4 6.6 4.4 10.6h6.2c0-11.7-9.5-21.1-21.1-21.1zM0 0v6.1c14.2 0 25.8 11.6 25.8 25.9h6.2c0-17.6-14.4-32-32-32z\"\/><\/svg><\/span><span class=\"shariff-text\">RSS-feed<\/span>&nbsp;<\/a><\/li><li class=\"shariff-button mailto shariff-nocustomcolor\" style=\"background-color:#a8a8a8\"><a href=\"mailto:?body=https%3A%2F%2Fwolfsmonitor.de%2F%3Fp%3D6101&subject=WWF%3A%20%E2%80%9ERuf%20nach%20Wolfsabsch%C3%BCssen%20lenkt%20von%20eigentlichen%20Problemen%20ab%E2%80%9C\" title=\"Per E-Mail versenden\" aria-label=\"Per E-Mail versenden\" role=\"button\" rel=\"noopener nofollow\" class=\"shariff-link\" style=\"; background-color:#999; color:#fff\"><span class=\"shariff-icon\" style=\"\"><svg width=\"32px\" height=\"20px\" xmlns=\"http:\/\/www.w3.org\/2000\/svg\" viewBox=\"0 0 32 32\"><path fill=\"#999\" d=\"M32 12.7v14.2q0 1.2-0.8 2t-2 0.9h-26.3q-1.2 0-2-0.9t-0.8-2v-14.2q0.8 0.9 1.8 1.6 6.5 4.4 8.9 6.1 1 0.8 1.6 1.2t1.7 0.9 2 0.4h0.1q0.9 0 2-0.4t1.7-0.9 1.6-1.2q3-2.2 8.9-6.1 1-0.7 1.8-1.6zM32 7.4q0 1.4-0.9 2.7t-2.2 2.2q-6.7 4.7-8.4 5.8-0.2 0.1-0.7 0.5t-1 0.7-0.9 0.6-1.1 0.5-0.9 0.2h-0.1q-0.4 0-0.9-0.2t-1.1-0.5-0.9-0.6-1-0.7-0.7-0.5q-1.6-1.1-4.7-3.2t-3.6-2.6q-1.1-0.7-2.1-2t-1-2.5q0-1.4 0.7-2.3t2.1-0.9h26.3q1.2 0 2 0.8t0.9 2z\"\/><\/svg><\/span><span class=\"shariff-text\">E-Mail<\/span>&nbsp;<\/a><\/li><li class=\"shariff-button info shariff-nocustomcolor\" style=\"background-color:#a8a8a8\"><a href=\"http:\/\/ct.de\/-2467514\" title=\"Weitere Informationen\" aria-label=\"Weitere Informationen\" role=\"button\" rel=\"noopener \" class=\"shariff-link\" style=\"; background-color:#999; color:#fff\" target=\"_blank\"><span class=\"shariff-icon\" style=\"\"><svg width=\"32px\" height=\"20px\" xmlns=\"http:\/\/www.w3.org\/2000\/svg\" viewBox=\"0 0 11 32\"><path fill=\"#999\" d=\"M11.4 24v2.3q0 0.5-0.3 0.8t-0.8 0.4h-9.1q-0.5 0-0.8-0.4t-0.4-0.8v-2.3q0-0.5 0.4-0.8t0.8-0.4h1.1v-6.8h-1.1q-0.5 0-0.8-0.4t-0.4-0.8v-2.3q0-0.5 0.4-0.8t0.8-0.4h6.8q0.5 0 0.8 0.4t0.4 0.8v10.3h1.1q0.5 0 0.8 0.4t0.3 0.8zM9.2 3.4v3.4q0 0.5-0.4 0.8t-0.8 0.4h-4.6q-0.4 0-0.8-0.4t-0.4-0.8v-3.4q0-0.4 0.4-0.8t0.8-0.4h4.6q0.5 0 0.8 0.4t0.4 0.8z\"\/><\/svg><\/span><\/a><\/li><\/ul><\/div>","protected":false},"author":1,"featured_media":5205,"comment_status":"closed","ping_status":"open","sticky":false,"template":"","format":"standard","meta":{"spay_email":""},"categories":[2852],"tags":[4517,4514,4316,1360,1281,539,2664,4516,43,105,4515,4513,365],"jetpack_featured_media_url":"https:\/\/i0.wp.com\/wolfsmonitor.de\/wp-content\/uploads\/2016\/09\/Beitragsfoto-PI-PM.jpg?fit=752%2C497&ssl=1","jetpack_shortlink":"https:\/\/wp.me\/p61YbU-1Ap","jetpack-related-posts":[{"id":6692,"url":"https:\/\/wolfsmonitor.de\/?p=6692","url_meta":{"origin":6101,"position":0},"title":"WWF schockiert \u00fcber illegale \"Jagd-Safaris\" in Bayern","date":"16. Dezember 2016","format":false,"excerpt":"Der WWF zeigt sich nach einem ARD-Film, der vergangenen Sonntag ausgestrahlt wurde, schockiert, wie es in einer Pressemeldung der Naturschutzorganisation hei\u00dft, die von Deutschlands verdr\u00e4ngtem Wilderei-Problem spricht (im Wortlaut): \"Deutschlands verdr\u00e4ngtes Wilderei-Problem\" Illegale Jagd-Safaris in Bayern und Wolfs-Serienkiller in Brandenburg: WWF legt F\u00fcnf-Punkte-Plan f\u00fcr deutsche Anti-Wilderei-Offensive vor. Fallen, Giftk\u00f6der oder\u2026","rel":"","context":"In &quot;Presseinformationen&quot;","img":{"alt_text":"Stehender Wolf im Tierpark Nordhorn (Foto: Vogler)","src":"https:\/\/i0.wp.com\/wolfsmonitor.de\/wp-content\/uploads\/2016\/03\/Beitragsfoto-Aktuell.jpg?fit=592%2C507&ssl=1&resize=350%2C200","width":350,"height":200},"classes":[]},{"id":4268,"url":"https:\/\/wolfsmonitor.de\/?p=4268","url_meta":{"origin":6101,"position":1},"title":"WWF: \u201eDeutschland hat ein Wilderei-Problem\u201c!  - 25.000 \u20ac zur Ergreifung des T\u00e4ters in Sachsen","date":"17. Juli 2016","format":false,"excerpt":"Das k\u00fcrzlich in Sachsen nahe G\u00f6rlitz erschossene Wolfsweibchen ist bereits der nachweislich 18. illegal get\u00f6tete Wolf in Deutschland. Der WWF verurteilt diese Straftat aufs Sch\u00e4rfste und setzt eine Belohnung von 25.000 \u20ac f\u00fcr sachdienliche Hinweise aus, die zur Ergreifung des T\u00e4ters f\u00fchren. Au\u00dferdem sieht der WWF in Deutschland bei der\u2026","rel":"","context":"In &quot;Presseinformationen&quot;","img":{"alt_text":"Foto: Naturfotograf Heiko Anders","src":"https:\/\/i0.wp.com\/wolfsmonitor.de\/wp-content\/uploads\/2016\/05\/HA-Beitragsfoto-Presseinfo-1.jpg?fit=623%2C415&ssl=1&resize=350%2C200","width":350,"height":200},"classes":[]},{"id":3222,"url":"https:\/\/wolfsmonitor.de\/?p=3222","url_meta":{"origin":6101,"position":2},"title":"Der WWF sieht \"letale Entnahme\" in diesem Fall als einzige Option","date":"27. April 2016","format":false,"excerpt":"WWF-Stellungnahme vom 27. April zur geplanten Entnahme durch das nieders\u00e4chsische Umweltministerium (im Wortlaut):\u00a0 Das nieders\u00e4chsische Umweltministerium hat entschieden, einen auff\u00e4llig gewordenen Wolf wenn m\u00f6glich einzufangen und in ein Gehege zu bringen. Der mit einem Sender ausgestattete Wolf (\u201eMT6\u201c) hatte sich im Verlauf der letzten Monate wiederholt Menschen mit Hunden gen\u00e4hert.\u2026","rel":"","context":"In &quot;Aktuell&quot;","img":{"alt_text":"Stehender Wolf im Tierpark Nordhorn (Foto: Vogler)","src":"https:\/\/i0.wp.com\/wolfsmonitor.de\/wp-content\/uploads\/2016\/03\/Beitragsfoto-Aktuell.jpg?fit=592%2C507&ssl=1&resize=350%2C200","width":350,"height":200},"classes":[]},{"id":10185,"url":"https:\/\/wolfsmonitor.de\/?p=10185","url_meta":{"origin":6101,"position":3},"title":"Nach 25 illegal get\u00f6teten W\u00f6lfen in Deutschland: Jetzt 24-Stunden-Wilderei-Notrufhotline","date":"29. August 2017","format":false,"excerpt":"\u201eJeder kann nun helfen, die Verfolgung streng gesch\u00fctzter Tierarten in Deutschland zu bek\u00e4mpfen. Beim Pilze sammeln, auf Wanderungen, beim Radfahren oder bei Unternehmungen in der Natur: Niemand sollte sich scheuen, bei einer verd\u00e4chtigen Entdeckung aktiv zu werden\", hei\u00dft es in einer aktuellen Pressemeldung des WWF in Deutschland. \"Machen Sie Fotos\u2026","rel":"","context":"In &quot;Presseinformationen&quot;","img":{"alt_text":"Wolf im Tierpark (Foto: Vogler)","src":"https:\/\/i0.wp.com\/wolfsmonitor.de\/wp-content\/uploads\/2016\/09\/Beitragsfoto-PI-PM.jpg?fit=752%2C497&ssl=1&resize=350%2C200","width":350,"height":200},"classes":[]},{"id":9837,"url":"https:\/\/wolfsmonitor.de\/?p=9837","url_meta":{"origin":6101,"position":4},"title":"WWF: Werbung f\u00fcr Wolfsabsch\u00fcsse ist ein Skandal","date":"1. August 2017","format":false,"excerpt":"Die Umweltorganisation WWF reagiert mehr als deutlich auf die von der J\u00e4gerschaft wiederholt ins Spiel gebrachten Absch\u00fcsse von W\u00f6lfen. Es sei nicht nur ein Skandal, dass Teile der J\u00e4gerschaft offen f\u00fcr den Abschuss von gesch\u00fctzten Wildtieren werben, wer das mache, sei mit dem Straf-, Jagd- und Naturschutzgesetz konfrontiert und bewegte\u2026","rel":"","context":"In &quot;Nachrichten&quot;","img":{"alt_text":"","src":"https:\/\/i0.wp.com\/wolfsmonitor.de\/wp-content\/uploads\/2016\/11\/B-Foto-H.A.-Nachrichten-2.jpg?fit=767%2C574&ssl=1&resize=350%2C200","width":350,"height":200},"classes":[]},{"id":11182,"url":"https:\/\/wolfsmonitor.de\/?p=11182","url_meta":{"origin":6101,"position":5},"title":"Abgeschossener Wolf in Brandenburg: WWF stellt Strafanzeige gegen d\u00e4nischen J\u00e4ger","date":"4. November 2017","format":false,"excerpt":"Vergangenen Donnerstag erschoss ein d\u00e4nischer J\u00e4ger auf einer Dr\u00fcckjagd bei Bad Belzig (Potsdam-Mittelmark) eine W\u00f6lfin (Wolfsmonitor berichtete, hier!). Jetzt erstattete der WWF Anzeige gegen den J\u00e4ger, wie die Naturschutzorganisation nun in einer eigens dazu ver\u00f6ffentlichten Pressemeldung bekanntgab. Die Meldung im Wortlaut: Toter Wolf bei Gesellschaftsjagd in Brandenburg 03. November 2017\u2026","rel":"","context":"In &quot;Presseinformationen&quot;","img":{"alt_text":"Foto: Naturfotograf Heiko Anders","src":"https:\/\/i0.wp.com\/wolfsmonitor.de\/wp-content\/uploads\/2016\/05\/HA-Beitragsfoto-Presseinfo-1.jpg?fit=623%2C415&ssl=1&resize=350%2C200","width":350,"height":200},"classes":[]}],"_links":{"self":[{"href":"https:\/\/wolfsmonitor.de\/index.php?rest_route=\/wp\/v2\/posts\/6101"}],"collection":[{"href":"https:\/\/wolfsmonitor.de\/index.php?rest_route=\/wp\/v2\/posts"}],"about":[{"href":"https:\/\/wolfsmonitor.de\/index.php?rest_route=\/wp\/v2\/types\/post"}],"author":[{"embeddable":true,"href":"https:\/\/wolfsmonitor.de\/index.php?rest_route=\/wp\/v2\/users\/1"}],"replies":[{"embeddable":true,"href":"https:\/\/wolfsmonitor.de\/index.php?rest_route=%2Fwp%2Fv2%2Fcomments&post=6101"}],"version-history":[{"count":5,"href":"https:\/\/wolfsmonitor.de\/index.php?rest_route=\/wp\/v2\/posts\/6101\/revisions"}],"predecessor-version":[{"id":6106,"href":"https:\/\/wolfsmonitor.de\/index.php?rest_route=\/wp\/v2\/posts\/6101\/revisions\/6106"}],"wp:featuredmedia":[{"embeddable":true,"href":"https:\/\/wolfsmonitor.de\/index.php?rest_route=\/wp\/v2\/media\/5205"}],"wp:attachment":[{"href":"https:\/\/wolfsmonitor.de\/index.php?rest_route=%2Fwp%2Fv2%2Fmedia&parent=6101"}],"wp:term":[{"taxonomy":"category","embeddable":true,"href":"https:\/\/wolfsmonitor.de\/index.php?rest_route=%2Fwp%2Fv2%2Fcategories&post=6101"},{"taxonomy":"post_tag","embeddable":true,"href":"https:\/\/wolfsmonitor.de\/index.php?rest_route=%2Fwp%2Fv2%2Ftags&post=6101"}],"curies":[{"name":"wp","href":"https:\/\/api.w.org\/{rel}","templated":true}]}}