{"id":6613,"date":"2016-12-13T12:11:21","date_gmt":"2016-12-13T10:11:21","guid":{"rendered":"http:\/\/wolfsmonitor.de\/?p=6613"},"modified":"2018-05-05T14:27:22","modified_gmt":"2018-05-05T12:27:22","slug":"wolfsberater-rinderriss-in-barnstorf-weist-wolfstypische-spuren-auf","status":"publish","type":"post","link":"https:\/\/wolfsmonitor.de\/?p=6613","title":{"rendered":"Wolfsberater: Rinderriss in Barnstorf weist \u201ewolfstypische\u201c Spuren auf!"},"content":{"rendered":"<p><strong>Der gestrige Wolfsmonitor-Artikel \u00fcber den \u201epostfaktischen Rinderriss\u201c in Barnstorf findet nun doch eine zeitnahe Fortsetzung.<\/strong> Allerdings nicht aufgrund weiterer Erkenntnisse der MK-Kreiszeitung, sondern weil die Oldenburgische Volkszeitung k\u00fcrzlich detailliertere Informationen dar\u00fcber ver\u00f6ffentlichte. Der Zugriff darauf ist wegen einer Bezahlsperre allerdings nur f\u00fcr zahlende Kunden m\u00f6glich. Ein Leser war allerdings so nett, mir den Artikel zur Verf\u00fcgung zu stellen. (*1) Und siehe da, das Informationspuzzle rund um den Rinderriss vervollst\u00e4ndigt sich St\u00fcck f\u00fcr St\u00fcck:<!--more--><\/p>\n<p>Das betroffene Rind h\u00f6rte offenbar auf den Namen \u201eHerkules\u201c, war etwa 8 Monate alt und \u201eweit \u00fcber\u201c 150 Kilogramm schwer. Laut seinem Halter Marius Kinkhorst war es das schw\u00e4chste Tier der Herde und so zahm, dass es als Ochse bei einem Krippenspiel mitwirken sollte.<\/p>\n<p>Zum Fundort kamen die beiden Wolfsberater Dr. Torsten Schumacher und Dr. Marcel Holy. Die vorgefundenen Spuren wirkten ihren Worten nach tats\u00e4chlich \u201ewolfstypisch.\u201c F\u00fcr ein abschlie\u00dfendes Urteil gelte es aber, das DNA-Ergebnis abzuwarten, so die Wolfsberater.<\/p>\n<p>Das beurteilt der Autor des Artikels, Matthias Niehues, jedoch offenbar etwas anders. In einem den Bericht erg\u00e4nzenden Kommentar mit der \u00dcberschrift \u201eMeine Meinung\u201c geht er davon aus, dass hier die sogenannte \u201eGoldenstedter W\u00f6lfin\u201c mangels Schafen nach einer Alternative gesucht habe. Hannover \u2013 so schreibt er \u2013 sollte nun \u201esofort t\u00e4tig werden und die alten F\u00e4lle neu bewerten.\u201c<\/p>\n<p>Irgendwie ist Niehues Reaktion nachvollziehbar, geh\u00f6rte er doch neben Schumacher, Holy und sechs anderen Autoren zu dem Personenkreis, der Anfang des Jahres ein aufw\u00e4ndig erstelltes \u201eS\u00fcndenregister\u201c der Goldenstedter W\u00f6lfin vorgelegt hatte, ohne dass daraus allerdings von Seiten der verantwortlichen Stellen ein konkreter Handlungsbedarf abgeleitet wurde. (*2)<\/p>\n<p>Offensichtlich zurecht, denn die letztj\u00e4hrig noch hohen Risszahlen der auch als Barnstorfer Wolfsf\u00e4he bezeichneten W\u00f6lfin gingen zuletzt auff\u00e4llig zur\u00fcck, offenbar ein Ergebnis der verbesserten Herdenschutzma\u00dfnahmen in der Region.<\/p>\n<p>Bei n\u00e4herer Betrachtung ist der jetzt ge\u00e4u\u00dferte Verdacht, das tote Rind sei dem S\u00fcndenregister der Goldenstetder W\u00f6lfin hinzuzuf\u00fcgen, jedoch zu diesem Zeitpunkt nichts anderes, als eine \u201epostfaktische\u201c Spekulation.<\/p>\n<p>Denn bislang steht &#8211; trotz wolfstypischer Spuren am Fundort und der Tatsache, dass das schw\u00e4chste Tier der Herde betroffen ist &#8211; abschlie\u00dfend noch nicht fest, ob f\u00fcr den Tod des Rindes \u00fcberhaupt ein Wolf verantwortlich war. Und erst recht nicht, welcher&#8230;<\/p>\n<p>Zur Erinnerung: Selbst die Empfehlung der Wolfsberater lautete, erst einmal das DNA-Ergebnis abzuwarten\u2026<\/p>\n<hr \/>\n<p>Herzlichst<\/p>\n<p>Ihr<\/p>\n<p>J\u00fcrgen Vogler<\/p>\n<hr \/>\n<p><span style=\"text-decoration: underline;\"><em>Quellen:<\/em><\/span><\/p>\n<p><em>(*1) Oldenburgische Volkszeitung am 10. Dezember 2016, Artikel von Matthias Niehues: &#8222;Bei gerissenem Rind deutet alles auf Wolf hin&#8220; sowie der Kommentar des Autors in derselben Ausgabe: &#8222;Alte F\u00e4lle neu bewerten&#8220;.<\/em><\/p>\n<p><em>(*2) Div. Autoren: &#8222;Bericht zur Analyse der dokumentierten Wolfs\u00fcbergriffe auf Nutztiere in den nieders\u00e4chsischen Landkreisen Diepholz, Vechta und Oldenburg im Zeitraum vom 01.11.2014 bis 31.01.2016, abgerufen am 13.12.2016 von der Webseite des Wolfcenters in D\u00f6rverden, www.wolfcenter.de, <span style=\"color: #0000ff;\"><a style=\"color: #0000ff;\" href=\"http:\/\/www.wolfcenter.de\/documents\/2016_02_08___Bericht_Analyse_NTR__LK_DH_VEC_OL__Nov2014_bis_Jan2016_a7f.pdf\" target=\"_blank\">hier der Link!<\/a><\/span><\/em><\/p>\n<p>&nbsp;<\/p>\n<div class=\"shariff shariff-align-center shariff-widget-align-center\" data-services=\"facebook%7Ctwitter\" data-url=\"https%3A%2F%2Fwolfsmonitor.de%2F%3Fp%3D6613\" data-timestamp=\"1525530442\" data-backendurl=\"?rest_route=\/shariff\/v1\/share_counts&\"><ul class=\"shariff-buttons theme-color orientation-horizontal buttonsize-small\"><li class=\"shariff-button facebook shariff-nocustomcolor\" style=\"background-color:#4273c8\"><a href=\"https:\/\/www.facebook.com\/sharer\/sharer.php?u=https%3A%2F%2Fwolfsmonitor.de%2F%3Fp%3D6613\" title=\"Bei Facebook teilen\" aria-label=\"Bei Facebook teilen\" role=\"button\" rel=\"nofollow\" class=\"shariff-link\" style=\"; background-color:#3b5998; color:#fff\" target=\"_blank\"><span class=\"shariff-icon\" style=\"\"><svg width=\"32px\" height=\"20px\" xmlns=\"http:\/\/www.w3.org\/2000\/svg\" viewBox=\"0 0 18 32\"><path fill=\"#3b5998\" d=\"M17.1 0.2v4.7h-2.8q-1.5 0-2.1 0.6t-0.5 1.9v3.4h5.2l-0.7 5.3h-4.5v13.6h-5.5v-13.6h-4.5v-5.3h4.5v-3.9q0-3.3 1.9-5.2t5-1.8q2.6 0 4.1 0.2z\"\/><\/svg><\/span><span class=\"shariff-text\">teilen<\/span>&nbsp;<span data-service=\"facebook\" style=\"color:#3b5998\" class=\"shariff-count shariff-hidezero\"><\/span>&nbsp;<\/a><\/li><li class=\"shariff-button twitter shariff-nocustomcolor\" style=\"background-color:#32bbf5\"><a href=\"https:\/\/twitter.com\/share?url=https%3A%2F%2Fwolfsmonitor.de%2F%3Fp%3D6613&text=Wolfsberater%3A%20Rinderriss%20in%20Barnstorf%20weist%20%E2%80%9Ewolfstypische%E2%80%9C%20Spuren%20auf%21\" title=\"Bei Twitter teilen\" aria-label=\"Bei Twitter teilen\" role=\"button\" rel=\"noopener nofollow\" class=\"shariff-link\" style=\"; background-color:#55acee; color:#fff\" target=\"_blank\"><span class=\"shariff-icon\" style=\"\"><svg width=\"32px\" height=\"20px\" xmlns=\"http:\/\/www.w3.org\/2000\/svg\" viewBox=\"0 0 30 32\"><path fill=\"#55acee\" d=\"M29.7 6.8q-1.2 1.8-3 3.1 0 0.3 0 0.8 0 2.5-0.7 4.9t-2.2 4.7-3.5 4-4.9 2.8-6.1 1q-5.1 0-9.3-2.7 0.6 0.1 1.5 0.1 4.3 0 7.6-2.6-2-0.1-3.5-1.2t-2.2-3q0.6 0.1 1.1 0.1 0.8 0 1.6-0.2-2.1-0.4-3.5-2.1t-1.4-3.9v-0.1q1.3 0.7 2.8 0.8-1.2-0.8-2-2.2t-0.7-2.9q0-1.7 0.8-3.1 2.3 2.8 5.5 4.5t7 1.9q-0.2-0.7-0.2-1.4 0-2.5 1.8-4.3t4.3-1.8q2.7 0 4.5 1.9 2.1-0.4 3.9-1.5-0.7 2.2-2.7 3.4 1.8-0.2 3.5-0.9z\"\/><\/svg><\/span><span class=\"shariff-text\">twittern<\/span>&nbsp;<span data-service=\"twitter\" style=\"color:#55acee\" class=\"shariff-count shariff-hidezero\"><\/span>&nbsp;<\/a><\/li><li class=\"shariff-button rss shariff-nocustomcolor\" style=\"background-color:#ff8c00\"><a href=\"https:\/\/wolfsmonitor.de\/?feed=rss\" title=\"RSS-feed\" aria-label=\"RSS-feed\" role=\"button\" class=\"shariff-link\" style=\"; background-color:#fe9312; color:#fff\" target=\"_blank\"><span class=\"shariff-icon\" style=\"\"><svg width=\"32px\" height=\"20px\" xmlns=\"http:\/\/www.w3.org\/2000\/svg\" viewBox=\"0 0 32 32\"><path fill=\"#fe9312\" d=\"M4.3 23.5c-2.3 0-4.3 1.9-4.3 4.3 0 2.3 1.9 4.2 4.3 4.2 2.4 0 4.3-1.9 4.3-4.2 0-2.3-1.9-4.3-4.3-4.3zM0 10.9v6.1c4 0 7.7 1.6 10.6 4.4 2.8 2.8 4.4 6.6 4.4 10.6h6.2c0-11.7-9.5-21.1-21.1-21.1zM0 0v6.1c14.2 0 25.8 11.6 25.8 25.9h6.2c0-17.6-14.4-32-32-32z\"\/><\/svg><\/span><span class=\"shariff-text\">RSS-feed<\/span>&nbsp;<\/a><\/li><li class=\"shariff-button mailto shariff-nocustomcolor\" style=\"background-color:#a8a8a8\"><a href=\"mailto:?body=https%3A%2F%2Fwolfsmonitor.de%2F%3Fp%3D6613&subject=Wolfsberater%3A%20Rinderriss%20in%20Barnstorf%20weist%20%E2%80%9Ewolfstypische%E2%80%9C%20Spuren%20auf%21\" title=\"Per E-Mail versenden\" aria-label=\"Per E-Mail versenden\" role=\"button\" rel=\"noopener nofollow\" class=\"shariff-link\" style=\"; background-color:#999; color:#fff\"><span class=\"shariff-icon\" style=\"\"><svg width=\"32px\" height=\"20px\" xmlns=\"http:\/\/www.w3.org\/2000\/svg\" viewBox=\"0 0 32 32\"><path fill=\"#999\" d=\"M32 12.7v14.2q0 1.2-0.8 2t-2 0.9h-26.3q-1.2 0-2-0.9t-0.8-2v-14.2q0.8 0.9 1.8 1.6 6.5 4.4 8.9 6.1 1 0.8 1.6 1.2t1.7 0.9 2 0.4h0.1q0.9 0 2-0.4t1.7-0.9 1.6-1.2q3-2.2 8.9-6.1 1-0.7 1.8-1.6zM32 7.4q0 1.4-0.9 2.7t-2.2 2.2q-6.7 4.7-8.4 5.8-0.2 0.1-0.7 0.5t-1 0.7-0.9 0.6-1.1 0.5-0.9 0.2h-0.1q-0.4 0-0.9-0.2t-1.1-0.5-0.9-0.6-1-0.7-0.7-0.5q-1.6-1.1-4.7-3.2t-3.6-2.6q-1.1-0.7-2.1-2t-1-2.5q0-1.4 0.7-2.3t2.1-0.9h26.3q1.2 0 2 0.8t0.9 2z\"\/><\/svg><\/span><span class=\"shariff-text\">E-Mail<\/span>&nbsp;<\/a><\/li><li class=\"shariff-button info shariff-nocustomcolor\" style=\"background-color:#a8a8a8\"><a href=\"http:\/\/ct.de\/-2467514\" title=\"Weitere Informationen\" aria-label=\"Weitere Informationen\" role=\"button\" rel=\"noopener \" class=\"shariff-link\" style=\"; background-color:#999; color:#fff\" target=\"_blank\"><span class=\"shariff-icon\" style=\"\"><svg width=\"32px\" height=\"20px\" xmlns=\"http:\/\/www.w3.org\/2000\/svg\" viewBox=\"0 0 11 32\"><path fill=\"#999\" d=\"M11.4 24v2.3q0 0.5-0.3 0.8t-0.8 0.4h-9.1q-0.5 0-0.8-0.4t-0.4-0.8v-2.3q0-0.5 0.4-0.8t0.8-0.4h1.1v-6.8h-1.1q-0.5 0-0.8-0.4t-0.4-0.8v-2.3q0-0.5 0.4-0.8t0.8-0.4h6.8q0.5 0 0.8 0.4t0.4 0.8v10.3h1.1q0.5 0 0.8 0.4t0.3 0.8zM9.2 3.4v3.4q0 0.5-0.4 0.8t-0.8 0.4h-4.6q-0.4 0-0.8-0.4t-0.4-0.8v-3.4q0-0.4 0.4-0.8t0.8-0.4h4.6q0.5 0 0.8 0.4t0.4 0.8z\"\/><\/svg><\/span><\/a><\/li><\/ul><\/div>","protected":false},"excerpt":{"rendered":"<p>Der gestrige Wolfsmonitor-Artikel \u00fcber den \u201epostfaktischen Rinderriss\u201c in Barnstorf findet nun doch eine zeitnahe Fortsetzung. Allerdings nicht aufgrund weiterer Erkenntnisse der MK-Kreiszeitung, sondern weil die Oldenburgische Volkszeitung k\u00fcrzlich detailliertere Informationen dar\u00fcber ver\u00f6ffentlichte. Der Zugriff darauf ist wegen einer Bezahlsperre allerdings nur f\u00fcr zahlende Kunden m\u00f6glich. Ein Leser war allerdings so nett, mir den Artikel zur [&hellip;]<\/p>\n<div class=\"shariff shariff-align-center shariff-widget-align-center\" data-services=\"facebook%7Ctwitter\" data-url=\"https%3A%2F%2Fwolfsmonitor.de%2F%3Fp%3D6613\" data-timestamp=\"1525530442\" data-backendurl=\"?rest_route=\/shariff\/v1\/share_counts&\"><ul class=\"shariff-buttons theme-color orientation-horizontal buttonsize-small\"><li class=\"shariff-button facebook shariff-nocustomcolor\" style=\"background-color:#4273c8\"><a href=\"https:\/\/www.facebook.com\/sharer\/sharer.php?u=https%3A%2F%2Fwolfsmonitor.de%2F%3Fp%3D6613\" title=\"Bei Facebook teilen\" aria-label=\"Bei Facebook teilen\" role=\"button\" rel=\"nofollow\" class=\"shariff-link\" style=\"; background-color:#3b5998; color:#fff\" target=\"_blank\"><span class=\"shariff-icon\" style=\"\"><svg width=\"32px\" height=\"20px\" xmlns=\"http:\/\/www.w3.org\/2000\/svg\" viewBox=\"0 0 18 32\"><path fill=\"#3b5998\" d=\"M17.1 0.2v4.7h-2.8q-1.5 0-2.1 0.6t-0.5 1.9v3.4h5.2l-0.7 5.3h-4.5v13.6h-5.5v-13.6h-4.5v-5.3h4.5v-3.9q0-3.3 1.9-5.2t5-1.8q2.6 0 4.1 0.2z\"\/><\/svg><\/span><span class=\"shariff-text\">teilen<\/span>&nbsp;<span data-service=\"facebook\" style=\"color:#3b5998\" class=\"shariff-count shariff-hidezero\"><\/span>&nbsp;<\/a><\/li><li class=\"shariff-button twitter shariff-nocustomcolor\" style=\"background-color:#32bbf5\"><a href=\"https:\/\/twitter.com\/share?url=https%3A%2F%2Fwolfsmonitor.de%2F%3Fp%3D6613&text=Wolfsberater%3A%20Rinderriss%20in%20Barnstorf%20weist%20%E2%80%9Ewolfstypische%E2%80%9C%20Spuren%20auf%21\" title=\"Bei Twitter teilen\" aria-label=\"Bei Twitter teilen\" role=\"button\" rel=\"noopener nofollow\" class=\"shariff-link\" style=\"; background-color:#55acee; color:#fff\" target=\"_blank\"><span class=\"shariff-icon\" style=\"\"><svg width=\"32px\" height=\"20px\" xmlns=\"http:\/\/www.w3.org\/2000\/svg\" viewBox=\"0 0 30 32\"><path fill=\"#55acee\" d=\"M29.7 6.8q-1.2 1.8-3 3.1 0 0.3 0 0.8 0 2.5-0.7 4.9t-2.2 4.7-3.5 4-4.9 2.8-6.1 1q-5.1 0-9.3-2.7 0.6 0.1 1.5 0.1 4.3 0 7.6-2.6-2-0.1-3.5-1.2t-2.2-3q0.6 0.1 1.1 0.1 0.8 0 1.6-0.2-2.1-0.4-3.5-2.1t-1.4-3.9v-0.1q1.3 0.7 2.8 0.8-1.2-0.8-2-2.2t-0.7-2.9q0-1.7 0.8-3.1 2.3 2.8 5.5 4.5t7 1.9q-0.2-0.7-0.2-1.4 0-2.5 1.8-4.3t4.3-1.8q2.7 0 4.5 1.9 2.1-0.4 3.9-1.5-0.7 2.2-2.7 3.4 1.8-0.2 3.5-0.9z\"\/><\/svg><\/span><span class=\"shariff-text\">twittern<\/span>&nbsp;<span data-service=\"twitter\" style=\"color:#55acee\" class=\"shariff-count shariff-hidezero\"><\/span>&nbsp;<\/a><\/li><li class=\"shariff-button rss shariff-nocustomcolor\" style=\"background-color:#ff8c00\"><a href=\"https:\/\/wolfsmonitor.de\/?feed=rss\" title=\"RSS-feed\" aria-label=\"RSS-feed\" role=\"button\" class=\"shariff-link\" style=\"; background-color:#fe9312; color:#fff\" target=\"_blank\"><span class=\"shariff-icon\" style=\"\"><svg width=\"32px\" height=\"20px\" xmlns=\"http:\/\/www.w3.org\/2000\/svg\" viewBox=\"0 0 32 32\"><path fill=\"#fe9312\" d=\"M4.3 23.5c-2.3 0-4.3 1.9-4.3 4.3 0 2.3 1.9 4.2 4.3 4.2 2.4 0 4.3-1.9 4.3-4.2 0-2.3-1.9-4.3-4.3-4.3zM0 10.9v6.1c4 0 7.7 1.6 10.6 4.4 2.8 2.8 4.4 6.6 4.4 10.6h6.2c0-11.7-9.5-21.1-21.1-21.1zM0 0v6.1c14.2 0 25.8 11.6 25.8 25.9h6.2c0-17.6-14.4-32-32-32z\"\/><\/svg><\/span><span class=\"shariff-text\">RSS-feed<\/span>&nbsp;<\/a><\/li><li class=\"shariff-button mailto shariff-nocustomcolor\" style=\"background-color:#a8a8a8\"><a href=\"mailto:?body=https%3A%2F%2Fwolfsmonitor.de%2F%3Fp%3D6613&subject=Wolfsberater%3A%20Rinderriss%20in%20Barnstorf%20weist%20%E2%80%9Ewolfstypische%E2%80%9C%20Spuren%20auf%21\" title=\"Per E-Mail versenden\" aria-label=\"Per E-Mail versenden\" role=\"button\" rel=\"noopener nofollow\" class=\"shariff-link\" style=\"; background-color:#999; color:#fff\"><span class=\"shariff-icon\" style=\"\"><svg width=\"32px\" height=\"20px\" xmlns=\"http:\/\/www.w3.org\/2000\/svg\" viewBox=\"0 0 32 32\"><path fill=\"#999\" d=\"M32 12.7v14.2q0 1.2-0.8 2t-2 0.9h-26.3q-1.2 0-2-0.9t-0.8-2v-14.2q0.8 0.9 1.8 1.6 6.5 4.4 8.9 6.1 1 0.8 1.6 1.2t1.7 0.9 2 0.4h0.1q0.9 0 2-0.4t1.7-0.9 1.6-1.2q3-2.2 8.9-6.1 1-0.7 1.8-1.6zM32 7.4q0 1.4-0.9 2.7t-2.2 2.2q-6.7 4.7-8.4 5.8-0.2 0.1-0.7 0.5t-1 0.7-0.9 0.6-1.1 0.5-0.9 0.2h-0.1q-0.4 0-0.9-0.2t-1.1-0.5-0.9-0.6-1-0.7-0.7-0.5q-1.6-1.1-4.7-3.2t-3.6-2.6q-1.1-0.7-2.1-2t-1-2.5q0-1.4 0.7-2.3t2.1-0.9h26.3q1.2 0 2 0.8t0.9 2z\"\/><\/svg><\/span><span class=\"shariff-text\">E-Mail<\/span>&nbsp;<\/a><\/li><li class=\"shariff-button info shariff-nocustomcolor\" style=\"background-color:#a8a8a8\"><a href=\"http:\/\/ct.de\/-2467514\" title=\"Weitere Informationen\" aria-label=\"Weitere Informationen\" role=\"button\" rel=\"noopener \" class=\"shariff-link\" style=\"; background-color:#999; color:#fff\" target=\"_blank\"><span class=\"shariff-icon\" style=\"\"><svg width=\"32px\" height=\"20px\" xmlns=\"http:\/\/www.w3.org\/2000\/svg\" viewBox=\"0 0 11 32\"><path fill=\"#999\" d=\"M11.4 24v2.3q0 0.5-0.3 0.8t-0.8 0.4h-9.1q-0.5 0-0.8-0.4t-0.4-0.8v-2.3q0-0.5 0.4-0.8t0.8-0.4h1.1v-6.8h-1.1q-0.5 0-0.8-0.4t-0.4-0.8v-2.3q0-0.5 0.4-0.8t0.8-0.4h6.8q0.5 0 0.8 0.4t0.4 0.8v10.3h1.1q0.5 0 0.8 0.4t0.3 0.8zM9.2 3.4v3.4q0 0.5-0.4 0.8t-0.8 0.4h-4.6q-0.4 0-0.8-0.4t-0.4-0.8v-3.4q0-0.4 0.4-0.8t0.8-0.4h4.6q0.5 0 0.8 0.4t0.4 0.8z\"\/><\/svg><\/span><\/a><\/li><\/ul><\/div>","protected":false},"author":1,"featured_media":794,"comment_status":"closed","ping_status":"open","sticky":false,"template":"","format":"standard","meta":{"spay_email":""},"categories":[3],"tags":[4835,3054,4267,574,4837,2958,1610,1423,4833,4818,4116,3122,4832,4836,1687,29,4834],"jetpack_featured_media_url":"https:\/\/i0.wp.com\/wolfsmonitor.de\/wp-content\/uploads\/2015\/07\/Foto-Kommentar-2.jpg?fit=586%2C513&ssl=1","jetpack_shortlink":"https:\/\/wp.me\/p61YbU-1IF","jetpack-related-posts":[{"id":4017,"url":"https:\/\/wolfsmonitor.de\/?p=4017","url_meta":{"origin":6613,"position":0},"title":"Weiterer \u00dcbergriff durch Goldenstedter W\u00f6lfin?","date":"27. Juni 2016","format":false,"excerpt":"Ein kleiner, fast unscheinbarer Artikel in der \u201eOldenburgische Volkszeitung\u201c, der die Leser vermutlich dazu \u201everf\u00fchren\u201c sollte, die gedruckte oder elektronische Ausgabe der Zeitung zu kaufen, wies am 15. Juni darauf hin, dass es k\u00fcrzlich offenbar einen weiteren Wolfs\u00fcbergriff auf Schafe in genau der Region gegeben haben k\u00f6nnte, in der die\u2026","rel":"","context":"In &quot;Aufgelesen&quot;","img":{"alt_text":"Foto: Wildtierfotograf Heiko Anders","src":"https:\/\/i2.wp.com\/wolfsmonitor.de\/wp-content\/uploads\/2016\/05\/HA-Beitragsfoto-Aufgelesen-2.jpg?fit=625%2C469&ssl=1&resize=350%2C200","width":350,"height":200},"classes":[]},{"id":12628,"url":"https:\/\/wolfsmonitor.de\/?p=12628","url_meta":{"origin":6613,"position":1},"title":"Ergebnis der Untersuchung aus Goldenstedt liegt vor","date":"22. Februar 2018","format":false,"excerpt":"Ein Anwohner hatte Ende Januar im S\u00fcden Barnstorfs (Niedersachsen) einen leblosen Wolf im Gleisbett gefunden und die Polizei verst\u00e4ndigt. Nach Einsch\u00e4tzung eines \u00f6rtlichen Wolfsberaters sprachen alle Anzeichen daf\u00fcr, dass es sich bei dem tot aufgefundenen Wolf um das Vatertier der Goldenstedter Welpen handeln k\u00f6nnte (Wolfsmonitor berichtete, hier!). Jetzt steht fest,\u2026","rel":"","context":"In &quot;Nachrichten&quot;","img":{"alt_text":"","src":"https:\/\/i1.wp.com\/wolfsmonitor.de\/wp-content\/uploads\/2016\/11\/B-Foto-H.A.-Nachrichten-1.jpg?fit=761%2C497&ssl=1&resize=350%2C200","width":350,"height":200},"classes":[]},{"id":4027,"url":"https:\/\/wolfsmonitor.de\/?p=4027","url_meta":{"origin":6613,"position":2},"title":"Weiterer \u00dcbergriff durch die Goldenstedter W\u00f6lfin? \u2013 Teil 2","date":"28. Juni 2016","format":false,"excerpt":"Gestern ver\u00f6ffentlichte ich einen Artikel \u00fcber einen Kurzbericht in der \u201eOldenburgische Volkszeitung\u201c mit der \u00dcberschrift \u201eDie Risse gehen weiter\u201c vom 15. Juni, der mich darauf schlie\u00dfen lie\u00df, dass vielleicht ein Herdenschutzhund am Ende nur seinen Job gemacht haben k\u00f6nnte (hier der Link!). Einige Wolfsmonitor-Leserinnen und Leser meldeten sich daraufhin spontan\u2026","rel":"","context":"In &quot;Aktuell&quot;","img":{"alt_text":"Stehender Wolf im Tierpark Nordhorn (Foto: Vogler)","src":"https:\/\/i0.wp.com\/wolfsmonitor.de\/wp-content\/uploads\/2016\/03\/Beitragsfoto-Aktuell.jpg?fit=592%2C507&ssl=1&resize=350%2C200","width":350,"height":200},"classes":[]},{"id":6564,"url":"https:\/\/wolfsmonitor.de\/?p=6564","url_meta":{"origin":6613,"position":3},"title":"Ein \"postfaktischer\" Rinderriss in Barnstorf?","date":"12. Dezember 2016","format":false,"excerpt":"Manchmal beschleicht mich ein merkw\u00fcrdiges Gef\u00fchl, wenn ich Darstellungen lese wie k\u00fcrzlich die \u00fcber einen grausigen Fund auf einer Weide im nieders\u00e4chsischen Barnstorf. (*1) Da \u00e4u\u00dfert Rinderz\u00fcchter Marius Kinkhorst gegen\u00fcber der Zeitung f\u00fcr meinen Geschmack etwas zu voreilig, dass er sich - nachdem er ein totes Rind angefressen auf einer\u2026","rel":"","context":"In &quot;Aufgelesen&quot;","img":{"alt_text":"Foto: Wildtierfotograf Heiko Anders","src":"https:\/\/i2.wp.com\/wolfsmonitor.de\/wp-content\/uploads\/2016\/05\/HA-Beitragsfoto-Aufgelesen-2.jpg?fit=625%2C469&ssl=1&resize=350%2C200","width":350,"height":200},"classes":[]},{"id":8726,"url":"https:\/\/wolfsmonitor.de\/?p=8726","url_meta":{"origin":6613,"position":4},"title":"Niedersachsen: Rund 100 Wolfsberater weisen etwa 100 W\u00f6lfe nach","date":"4. Mai 2017","format":false,"excerpt":"Nach Aussage des Wolfsbeauftragten der Landesj\u00e4gerschaft Niedersachsen e.V. (LJN), Raoul Reding, konnten im Rahmen des Wolfsmonitorings im vergangenen Jahr mindestens 44 Welpen sicher in Niedersachsen nachgewiesen werden. Die LJN- Meldung im Wortlaut: \"Am 30. April 2017 endete das Wolfsmonitoringjahr 2016\/2017. Unter Vorbehalt noch ausstehender Meldungen und abzuschlie\u00dfender Bewertungen, ver\u00f6ffentlicht die\u2026","rel":"","context":"In &quot;Presseinformationen&quot;","img":{"alt_text":"Foto: Naturfotograf Heiko Anders","src":"https:\/\/i2.wp.com\/wolfsmonitor.de\/wp-content\/uploads\/2016\/05\/HA-Beitragsfoto-Presseinfo-2.jpg?fit=627%2C410&ssl=1&resize=350%2C200","width":350,"height":200},"classes":[]},{"id":13433,"url":"https:\/\/wolfsmonitor.de\/?p=13433","url_meta":{"origin":6613,"position":5},"title":"\u201eKundige Wolfsberater\u201c","date":"2. Mai 2018","format":false,"excerpt":"In Melle (Landkreis Osnabr\u00fcck) wurde nun Wolfsberater Meinhard Kr\u00fcger von Carolin Hlawatsch (NOZ) anl\u00e4sslich des \u201eTages des Wolfes\u201c interviewt. Kr\u00fcger findet demnach, dass der Wolf unbedingt in das Jagdrecht aufgenommen werden sollte, verheddert sich in seiner Argumentation allerdings bereits bei den aktuellen Wolfszahlen (in Niedersachsen d\u00fcrfte es insgesamt nur etwa\u2026","rel":"","context":"In &quot;Standpunkte&quot;","img":{"alt_text":"Wolf im Tierpark Nordhorn","src":"https:\/\/i1.wp.com\/wolfsmonitor.de\/wp-content\/uploads\/2015\/04\/WM-Kommentar.jpg?fit=512%2C442&ssl=1&resize=350%2C200","width":350,"height":200},"classes":[]}],"_links":{"self":[{"href":"https:\/\/wolfsmonitor.de\/index.php?rest_route=\/wp\/v2\/posts\/6613"}],"collection":[{"href":"https:\/\/wolfsmonitor.de\/index.php?rest_route=\/wp\/v2\/posts"}],"about":[{"href":"https:\/\/wolfsmonitor.de\/index.php?rest_route=\/wp\/v2\/types\/post"}],"author":[{"embeddable":true,"href":"https:\/\/wolfsmonitor.de\/index.php?rest_route=\/wp\/v2\/users\/1"}],"replies":[{"embeddable":true,"href":"https:\/\/wolfsmonitor.de\/index.php?rest_route=%2Fwp%2Fv2%2Fcomments&post=6613"}],"version-history":[{"count":22,"href":"https:\/\/wolfsmonitor.de\/index.php?rest_route=\/wp\/v2\/posts\/6613\/revisions"}],"predecessor-version":[{"id":6637,"href":"https:\/\/wolfsmonitor.de\/index.php?rest_route=\/wp\/v2\/posts\/6613\/revisions\/6637"}],"wp:featuredmedia":[{"embeddable":true,"href":"https:\/\/wolfsmonitor.de\/index.php?rest_route=\/wp\/v2\/media\/794"}],"wp:attachment":[{"href":"https:\/\/wolfsmonitor.de\/index.php?rest_route=%2Fwp%2Fv2%2Fmedia&parent=6613"}],"wp:term":[{"taxonomy":"category","embeddable":true,"href":"https:\/\/wolfsmonitor.de\/index.php?rest_route=%2Fwp%2Fv2%2Fcategories&post=6613"},{"taxonomy":"post_tag","embeddable":true,"href":"https:\/\/wolfsmonitor.de\/index.php?rest_route=%2Fwp%2Fv2%2Ftags&post=6613"}],"curies":[{"name":"wp","href":"https:\/\/api.w.org\/{rel}","templated":true}]}}