{"id":690,"date":"2015-06-29T09:32:41","date_gmt":"2015-06-29T09:32:41","guid":{"rendered":"http:\/\/wolfsmonitor.de\/?p=690"},"modified":"2018-05-05T14:04:38","modified_gmt":"2018-05-05T12:04:38","slug":"in-eigener-sache-2-zwei-monate-wolfsmonitor","status":"publish","type":"post","link":"https:\/\/wolfsmonitor.de\/?p=690","title":{"rendered":"In eigener Sache (2) \u2013 zwei  Monate Wolfsmonitor"},"content":{"rendered":"<p><strong>Es ist nun schon wieder zwei Monate alt \u2013 mein erstes eigenes Internetprojekt. Zeit also, erneut einen Blick hinter die Kulissen von Wolfsmonitor zu werfen. <\/strong>Die deutschen W\u00f6lfe &#8211; so scheint es \u2013 treten zurzeit etwas seltener in Erscheinung als sonst. Kein Wunder, in der Phase, in der die Welpen aufgezogen werden, sind die W\u00f6lfe \u00fcblicherweise \u201eheimlicher\u201c als sonst. Das wird sich vermutlich bereits im Fr\u00fchherbst wieder \u00e4ndern, dann also, wenn die Welpen als \u201eHalbstarke\u201c erstmals ihre Eltern bei der Jagd begleiten werden.<!--more--><\/p>\n<p>Die Schlagzeilen in den Medien ebben allerdings nicht ab. Einige Verb\u00e4nde haben k\u00fcrzlich Stellung zur Wolfsr\u00fcckkehr bezogen und \u201ePositionspapiere\u201c ver\u00f6ffentlicht. Interessanterweise verl\u00e4uft die \u201eFront\u201c der Meinungen pro oder contra Wolf genau dort, wo sie bereits Mitte der 1990\u00e8r Jahre bei der Wiederansiedelung der W\u00f6lfe im Yellowstone-Nationalpark verlaufen ist. Das verdeutlichte mir gerade die Lekt\u00fcre des Buches von Elli H. Radinger \u00fcber das dortige Ansiedelungsprojekt. Und die Meinungen zum R\u00fcckkehrer sind \u2013 wie bereits Erik Zimen in den 1970 \u00e8r Jahren feststellte und die Positionspapiere nun beweisen &#8211; selbstverst\u00e4ndlich \u00fcberwiegend interessengeleitet.<\/p>\n<p>Es hat sich in den letzten zwei Monaten \u00fcbrigens eine Menge im \u201eadministrativen Wolfsmanagement\u201c getan. Am 01. Juli er\u00f6ffnet Niedersachsen ein eigenes Wolfsb\u00fcro mit drei Mitarbeitern und auch in anderen Bundesl\u00e4ndern beginnt man, das Wolfsmanagement den Gegebenheiten anzupassen. Auf der Ebene des Bundes wird es k\u00fcnftig eine zentrale \u201eMelde- und Dokumentationsstelle Wolf\u201c geben, alles Schritte, die das Wolfsmanagement professionalisieren d\u00fcrften. Leider fehlt es bisher immer noch an fl\u00e4chendeckender lokaler Wolfsexpertise, auch wenn in Niedersachsen gerade einige Wolfsberater darin geschult werden, W\u00f6lfe professionell \u201ezu entnehmen und zu vergr\u00e4men\u201c. Ein &#8211; wie ich finde \u2013 notwendiger Schritt, der durchaus in die richtige Richtung weist.<\/p>\n<hr \/>\n<p>Begr\u00fcndet habe ich diesen und weitere erforderliche Schritte in meinen 9 Thesen, die ich Ende letzter Woche endlich fertigstellen konnte und die zusammen rund 33 DIN-A-4-Seiten umfassen. Diese Thesen bilden die inhaltliche Grundlage dieses Internetauftritts. Ich werde nun in K\u00fcrze die Inhalte der Thesen nochmals in einem eigenen Beitrag zusammenfassen, da nicht jeder Leser die Zeit und die Mu\u00dfe hat, sich durch 33 Seiten zu arbeiten. Au\u00dferdem habe ich mir vorgenommen, die Thesen von Zeit zu Zeit zu \u00fcberpr\u00fcfen und gegebenenfalls in weiteren Beitr\u00e4gen fortzuentwickeln.<\/p>\n<p>Vor zwei Monaten war es mein Ziel, dass dieser Blog an Bekanntheit gewinnt. Nichts ist beklemmender, als vor sich hin zu schreiben und keinerlei Resonanz zu erhalten. Andersherum sorgt ein entsprechendes Leserfeedback f\u00fcr unglaubliche Motivation. Mit einem Blick auf die Zahlen, die mein Web-Dienstleister mir zur Verf\u00fcgung stellt, kann ich ganz zufrieden sein: Meine Beitr\u00e4ge auf Wolfsmonitor wurden \u2013 Stichtag 26. Juni, also nach genau zwei Monaten &#8211; 70.089 mal gelesen und zwar im Rahmen von 16.178 Zugriffen auf die Wolfsmonitorseite. Das hei\u00dft quasi, dass die Artikel t\u00e4glich \u00fcber 1.000 Mal gelesen werden \u2013 Tendenz steigend. So viele Leser hatte ich eigentlich (noch) gar nicht erwartet. Ich kann aus Datenschutzgr\u00fcnden \u00fcbrigens nicht ermitteln, wer liest, sondern nur, dass gelesen wird\u2026.<\/p>\n<p>Besonders h\u00e4ufig wurden die beiden Interviews aufgerufen. An dieser Stelle m\u00f6chte ich mich deshalb auch noch einmal bei den beiden Interviewpartnern Gitta Connemann und Heino Krannich bedanken. Das n\u00e4chste Interview befindet sich \u00fcbrigens bereits in der Vorbereitung.<\/p>\n<p>Auf gro\u00dfes Interesse stie\u00dfen aber auch einzelne Beitr\u00e4ge. Insbesondere der Beitrag \u201eHerdenschutzhunde \u2013 Probleml\u00f6ser oder \u2013verursacher ?\u201c (meine These 7) und der Artikel \u201eVerpasst die Jagd ihre Zukunft?&#8220; (die These 9) wurden sehr h\u00e4ufig aufgerufen, obwohl beide Beitr\u00e4ge noch vergleichsweise jung sind.<\/p>\n<p>Ein stattlicher Teil der Webseitenbesucher stammt \u00fcbrigens aus den \u201esozialen Medien\u201c. Obwohl man mich anfangs davor warnte, wagte ich, mich bei \u201efacebook\u201c und bei \u201egoogle+\u201c anzumelden und viele Beitr\u00e4ge dort zu ver\u00f6ffentlichen. F\u00fcr mich ist das jedes Mal eine Art \u201eFeuertaufe\u201c, da dort &#8211; das durfte ich feststellen \u2013 viele versierte Menschen unterwegs sind, die spontan dar\u00fcber urteilen, ob ein Beitrag gelungen ist oder Schwachstellen aufweist &#8211; oder eben auch nicht. Mein Eindruck bisher: Fachlich habe ich gr\u00f6\u00dfere Fehler vermeiden k\u00f6nnen, der Zuspruch war in der Summe au\u00dferordentlich gut. Einige Leser haben mir zwar ver\u00fcbelt, dass ich gerade den emeritierten Professor und bekennenden Wolfsgegner Valerius Geist hernehme, um das m\u00f6gliche Gefahrenpotenzial von W\u00f6lfen abzusch\u00e4tzen. Ich halte das allerdings trotzdem f\u00fcr legitim, weil sein Denkansatz einfach, logisch und nachvollziehbar ist. Mehr dazu in K\u00fcrze.<\/p>\n<p>Au\u00dferdem habe ich zu vielen sachkundigen \u201eUsern\u201c einen guten Kontakt herstellen k\u00f6nnen, mit einigen habe ich lange telefoniert, einige haben mir sogar weitere Unterlagen zur Verf\u00fcgung gestellt. Danke auch daf\u00fcr!<\/p>\n<p>Es ist sch\u00f6n, dass dieser Blog \u201efunktioniert&#8220;. Ich bin gespannt, wie es weitergeht. Die R\u00fcckkehr der W\u00f6lfe verl\u00e4uft dynamisch. Das bedeutet, dass ich weiter bem\u00fcht sein werde, die Dinge \u201eauf den Punkt\u201c zu bringen und zu kommentieren. Au\u00dferdem werde ich nicht nachlassen, \u201eWolfsscouts\u201c, wie ich sie nenne, also Wolfsbetreuer mit erweitertem Aufgabenspektrum, zu fordern.<\/p>\n<p>Es w\u00fcrde mich freuen, wenn Sie mich weiterhin dabei begleiten!<\/p>\n<hr \/>\n<p>Herzlichst<br \/>\nIhr<br \/>\nJ\u00fcrgen Vogler<br \/>\n<img loading=\"lazy\" src=\"http:\/\/vg08.met.vgwort.de\/na\/38f9c164c1d6448882f7a900719d04da\" alt=\"\" width=\"1\" height=\"1\" \/><\/p>\n<div class=\"shariff shariff-align-center shariff-widget-align-center\" data-services=\"facebook%7Ctwitter\" data-url=\"https%3A%2F%2Fwolfsmonitor.de%2F%3Fp%3D690\" data-timestamp=\"1525529078\" data-backendurl=\"?rest_route=\/shariff\/v1\/share_counts&\"><ul class=\"shariff-buttons theme-color orientation-horizontal buttonsize-small\"><li class=\"shariff-button facebook shariff-nocustomcolor\" style=\"background-color:#4273c8\"><a href=\"https:\/\/www.facebook.com\/sharer\/sharer.php?u=https%3A%2F%2Fwolfsmonitor.de%2F%3Fp%3D690\" title=\"Bei Facebook teilen\" aria-label=\"Bei Facebook teilen\" role=\"button\" rel=\"nofollow\" class=\"shariff-link\" style=\"; background-color:#3b5998; color:#fff\" target=\"_blank\"><span class=\"shariff-icon\" style=\"\"><svg width=\"32px\" height=\"20px\" xmlns=\"http:\/\/www.w3.org\/2000\/svg\" viewBox=\"0 0 18 32\"><path fill=\"#3b5998\" d=\"M17.1 0.2v4.7h-2.8q-1.5 0-2.1 0.6t-0.5 1.9v3.4h5.2l-0.7 5.3h-4.5v13.6h-5.5v-13.6h-4.5v-5.3h4.5v-3.9q0-3.3 1.9-5.2t5-1.8q2.6 0 4.1 0.2z\"\/><\/svg><\/span><span class=\"shariff-text\">teilen<\/span>&nbsp;<span data-service=\"facebook\" style=\"color:#3b5998\" class=\"shariff-count shariff-hidezero\"><\/span>&nbsp;<\/a><\/li><li class=\"shariff-button twitter shariff-nocustomcolor\" style=\"background-color:#32bbf5\"><a href=\"https:\/\/twitter.com\/share?url=https%3A%2F%2Fwolfsmonitor.de%2F%3Fp%3D690&text=In%20eigener%20Sache%20%282%29%20%E2%80%93%20zwei%20%20Monate%20Wolfsmonitor\" title=\"Bei Twitter teilen\" aria-label=\"Bei Twitter teilen\" role=\"button\" rel=\"noopener nofollow\" class=\"shariff-link\" style=\"; background-color:#55acee; color:#fff\" target=\"_blank\"><span class=\"shariff-icon\" style=\"\"><svg width=\"32px\" height=\"20px\" xmlns=\"http:\/\/www.w3.org\/2000\/svg\" viewBox=\"0 0 30 32\"><path fill=\"#55acee\" d=\"M29.7 6.8q-1.2 1.8-3 3.1 0 0.3 0 0.8 0 2.5-0.7 4.9t-2.2 4.7-3.5 4-4.9 2.8-6.1 1q-5.1 0-9.3-2.7 0.6 0.1 1.5 0.1 4.3 0 7.6-2.6-2-0.1-3.5-1.2t-2.2-3q0.6 0.1 1.1 0.1 0.8 0 1.6-0.2-2.1-0.4-3.5-2.1t-1.4-3.9v-0.1q1.3 0.7 2.8 0.8-1.2-0.8-2-2.2t-0.7-2.9q0-1.7 0.8-3.1 2.3 2.8 5.5 4.5t7 1.9q-0.2-0.7-0.2-1.4 0-2.5 1.8-4.3t4.3-1.8q2.7 0 4.5 1.9 2.1-0.4 3.9-1.5-0.7 2.2-2.7 3.4 1.8-0.2 3.5-0.9z\"\/><\/svg><\/span><span class=\"shariff-text\">twittern<\/span>&nbsp;<span data-service=\"twitter\" style=\"color:#55acee\" class=\"shariff-count shariff-hidezero\"><\/span>&nbsp;<\/a><\/li><li class=\"shariff-button rss shariff-nocustomcolor\" style=\"background-color:#ff8c00\"><a href=\"https:\/\/wolfsmonitor.de\/?feed=rss\" title=\"RSS-feed\" aria-label=\"RSS-feed\" role=\"button\" class=\"shariff-link\" style=\"; background-color:#fe9312; color:#fff\" target=\"_blank\"><span class=\"shariff-icon\" style=\"\"><svg width=\"32px\" height=\"20px\" xmlns=\"http:\/\/www.w3.org\/2000\/svg\" viewBox=\"0 0 32 32\"><path fill=\"#fe9312\" d=\"M4.3 23.5c-2.3 0-4.3 1.9-4.3 4.3 0 2.3 1.9 4.2 4.3 4.2 2.4 0 4.3-1.9 4.3-4.2 0-2.3-1.9-4.3-4.3-4.3zM0 10.9v6.1c4 0 7.7 1.6 10.6 4.4 2.8 2.8 4.4 6.6 4.4 10.6h6.2c0-11.7-9.5-21.1-21.1-21.1zM0 0v6.1c14.2 0 25.8 11.6 25.8 25.9h6.2c0-17.6-14.4-32-32-32z\"\/><\/svg><\/span><span class=\"shariff-text\">RSS-feed<\/span>&nbsp;<\/a><\/li><li class=\"shariff-button mailto shariff-nocustomcolor\" style=\"background-color:#a8a8a8\"><a href=\"mailto:?body=https%3A%2F%2Fwolfsmonitor.de%2F%3Fp%3D690&subject=In%20eigener%20Sache%20%282%29%20%E2%80%93%20zwei%20%20Monate%20Wolfsmonitor\" title=\"Per E-Mail versenden\" aria-label=\"Per E-Mail versenden\" role=\"button\" rel=\"noopener nofollow\" class=\"shariff-link\" style=\"; background-color:#999; color:#fff\"><span class=\"shariff-icon\" style=\"\"><svg width=\"32px\" height=\"20px\" xmlns=\"http:\/\/www.w3.org\/2000\/svg\" viewBox=\"0 0 32 32\"><path fill=\"#999\" d=\"M32 12.7v14.2q0 1.2-0.8 2t-2 0.9h-26.3q-1.2 0-2-0.9t-0.8-2v-14.2q0.8 0.9 1.8 1.6 6.5 4.4 8.9 6.1 1 0.8 1.6 1.2t1.7 0.9 2 0.4h0.1q0.9 0 2-0.4t1.7-0.9 1.6-1.2q3-2.2 8.9-6.1 1-0.7 1.8-1.6zM32 7.4q0 1.4-0.9 2.7t-2.2 2.2q-6.7 4.7-8.4 5.8-0.2 0.1-0.7 0.5t-1 0.7-0.9 0.6-1.1 0.5-0.9 0.2h-0.1q-0.4 0-0.9-0.2t-1.1-0.5-0.9-0.6-1-0.7-0.7-0.5q-1.6-1.1-4.7-3.2t-3.6-2.6q-1.1-0.7-2.1-2t-1-2.5q0-1.4 0.7-2.3t2.1-0.9h26.3q1.2 0 2 0.8t0.9 2z\"\/><\/svg><\/span><span class=\"shariff-text\">E-Mail<\/span>&nbsp;<\/a><\/li><li class=\"shariff-button info shariff-nocustomcolor\" style=\"background-color:#a8a8a8\"><a href=\"http:\/\/ct.de\/-2467514\" title=\"Weitere Informationen\" aria-label=\"Weitere Informationen\" role=\"button\" rel=\"noopener \" class=\"shariff-link\" style=\"; background-color:#999; color:#fff\" target=\"_blank\"><span class=\"shariff-icon\" style=\"\"><svg width=\"32px\" height=\"20px\" xmlns=\"http:\/\/www.w3.org\/2000\/svg\" viewBox=\"0 0 11 32\"><path fill=\"#999\" d=\"M11.4 24v2.3q0 0.5-0.3 0.8t-0.8 0.4h-9.1q-0.5 0-0.8-0.4t-0.4-0.8v-2.3q0-0.5 0.4-0.8t0.8-0.4h1.1v-6.8h-1.1q-0.5 0-0.8-0.4t-0.4-0.8v-2.3q0-0.5 0.4-0.8t0.8-0.4h6.8q0.5 0 0.8 0.4t0.4 0.8v10.3h1.1q0.5 0 0.8 0.4t0.3 0.8zM9.2 3.4v3.4q0 0.5-0.4 0.8t-0.8 0.4h-4.6q-0.4 0-0.8-0.4t-0.4-0.8v-3.4q0-0.4 0.4-0.8t0.8-0.4h4.6q0.5 0 0.8 0.4t0.4 0.8z\"\/><\/svg><\/span><\/a><\/li><\/ul><\/div>","protected":false},"excerpt":{"rendered":"<p>Es ist nun schon wieder zwei Monate alt \u2013 mein erstes eigenes Internetprojekt. Zeit also, erneut einen Blick hinter die Kulissen von Wolfsmonitor zu werfen. Die deutschen W\u00f6lfe &#8211; so scheint es \u2013 treten zurzeit etwas seltener in Erscheinung als sonst. Kein Wunder, in der Phase, in der die Welpen aufgezogen werden, sind die W\u00f6lfe [&hellip;]<\/p>\n<div class=\"shariff shariff-align-center shariff-widget-align-center\" data-services=\"facebook%7Ctwitter\" data-url=\"https%3A%2F%2Fwolfsmonitor.de%2F%3Fp%3D690\" data-timestamp=\"1525529078\" data-backendurl=\"?rest_route=\/shariff\/v1\/share_counts&\"><ul class=\"shariff-buttons theme-color orientation-horizontal buttonsize-small\"><li class=\"shariff-button facebook shariff-nocustomcolor\" style=\"background-color:#4273c8\"><a href=\"https:\/\/www.facebook.com\/sharer\/sharer.php?u=https%3A%2F%2Fwolfsmonitor.de%2F%3Fp%3D690\" title=\"Bei Facebook teilen\" aria-label=\"Bei Facebook teilen\" role=\"button\" rel=\"nofollow\" class=\"shariff-link\" style=\"; background-color:#3b5998; color:#fff\" target=\"_blank\"><span class=\"shariff-icon\" style=\"\"><svg width=\"32px\" height=\"20px\" xmlns=\"http:\/\/www.w3.org\/2000\/svg\" viewBox=\"0 0 18 32\"><path fill=\"#3b5998\" d=\"M17.1 0.2v4.7h-2.8q-1.5 0-2.1 0.6t-0.5 1.9v3.4h5.2l-0.7 5.3h-4.5v13.6h-5.5v-13.6h-4.5v-5.3h4.5v-3.9q0-3.3 1.9-5.2t5-1.8q2.6 0 4.1 0.2z\"\/><\/svg><\/span><span class=\"shariff-text\">teilen<\/span>&nbsp;<span data-service=\"facebook\" style=\"color:#3b5998\" class=\"shariff-count shariff-hidezero\"><\/span>&nbsp;<\/a><\/li><li class=\"shariff-button twitter shariff-nocustomcolor\" style=\"background-color:#32bbf5\"><a href=\"https:\/\/twitter.com\/share?url=https%3A%2F%2Fwolfsmonitor.de%2F%3Fp%3D690&text=In%20eigener%20Sache%20%282%29%20%E2%80%93%20zwei%20%20Monate%20Wolfsmonitor\" title=\"Bei Twitter teilen\" aria-label=\"Bei Twitter teilen\" role=\"button\" rel=\"noopener nofollow\" class=\"shariff-link\" style=\"; background-color:#55acee; color:#fff\" target=\"_blank\"><span class=\"shariff-icon\" style=\"\"><svg width=\"32px\" height=\"20px\" xmlns=\"http:\/\/www.w3.org\/2000\/svg\" viewBox=\"0 0 30 32\"><path fill=\"#55acee\" d=\"M29.7 6.8q-1.2 1.8-3 3.1 0 0.3 0 0.8 0 2.5-0.7 4.9t-2.2 4.7-3.5 4-4.9 2.8-6.1 1q-5.1 0-9.3-2.7 0.6 0.1 1.5 0.1 4.3 0 7.6-2.6-2-0.1-3.5-1.2t-2.2-3q0.6 0.1 1.1 0.1 0.8 0 1.6-0.2-2.1-0.4-3.5-2.1t-1.4-3.9v-0.1q1.3 0.7 2.8 0.8-1.2-0.8-2-2.2t-0.7-2.9q0-1.7 0.8-3.1 2.3 2.8 5.5 4.5t7 1.9q-0.2-0.7-0.2-1.4 0-2.5 1.8-4.3t4.3-1.8q2.7 0 4.5 1.9 2.1-0.4 3.9-1.5-0.7 2.2-2.7 3.4 1.8-0.2 3.5-0.9z\"\/><\/svg><\/span><span class=\"shariff-text\">twittern<\/span>&nbsp;<span data-service=\"twitter\" style=\"color:#55acee\" class=\"shariff-count shariff-hidezero\"><\/span>&nbsp;<\/a><\/li><li class=\"shariff-button rss shariff-nocustomcolor\" style=\"background-color:#ff8c00\"><a href=\"https:\/\/wolfsmonitor.de\/?feed=rss\" title=\"RSS-feed\" aria-label=\"RSS-feed\" role=\"button\" class=\"shariff-link\" style=\"; background-color:#fe9312; color:#fff\" target=\"_blank\"><span class=\"shariff-icon\" style=\"\"><svg width=\"32px\" height=\"20px\" xmlns=\"http:\/\/www.w3.org\/2000\/svg\" viewBox=\"0 0 32 32\"><path fill=\"#fe9312\" d=\"M4.3 23.5c-2.3 0-4.3 1.9-4.3 4.3 0 2.3 1.9 4.2 4.3 4.2 2.4 0 4.3-1.9 4.3-4.2 0-2.3-1.9-4.3-4.3-4.3zM0 10.9v6.1c4 0 7.7 1.6 10.6 4.4 2.8 2.8 4.4 6.6 4.4 10.6h6.2c0-11.7-9.5-21.1-21.1-21.1zM0 0v6.1c14.2 0 25.8 11.6 25.8 25.9h6.2c0-17.6-14.4-32-32-32z\"\/><\/svg><\/span><span class=\"shariff-text\">RSS-feed<\/span>&nbsp;<\/a><\/li><li class=\"shariff-button mailto shariff-nocustomcolor\" style=\"background-color:#a8a8a8\"><a href=\"mailto:?body=https%3A%2F%2Fwolfsmonitor.de%2F%3Fp%3D690&subject=In%20eigener%20Sache%20%282%29%20%E2%80%93%20zwei%20%20Monate%20Wolfsmonitor\" title=\"Per E-Mail versenden\" aria-label=\"Per E-Mail versenden\" role=\"button\" rel=\"noopener nofollow\" class=\"shariff-link\" style=\"; background-color:#999; color:#fff\"><span class=\"shariff-icon\" style=\"\"><svg width=\"32px\" height=\"20px\" xmlns=\"http:\/\/www.w3.org\/2000\/svg\" viewBox=\"0 0 32 32\"><path fill=\"#999\" d=\"M32 12.7v14.2q0 1.2-0.8 2t-2 0.9h-26.3q-1.2 0-2-0.9t-0.8-2v-14.2q0.8 0.9 1.8 1.6 6.5 4.4 8.9 6.1 1 0.8 1.6 1.2t1.7 0.9 2 0.4h0.1q0.9 0 2-0.4t1.7-0.9 1.6-1.2q3-2.2 8.9-6.1 1-0.7 1.8-1.6zM32 7.4q0 1.4-0.9 2.7t-2.2 2.2q-6.7 4.7-8.4 5.8-0.2 0.1-0.7 0.5t-1 0.7-0.9 0.6-1.1 0.5-0.9 0.2h-0.1q-0.4 0-0.9-0.2t-1.1-0.5-0.9-0.6-1-0.7-0.7-0.5q-1.6-1.1-4.7-3.2t-3.6-2.6q-1.1-0.7-2.1-2t-1-2.5q0-1.4 0.7-2.3t2.1-0.9h26.3q1.2 0 2 0.8t0.9 2z\"\/><\/svg><\/span><span class=\"shariff-text\">E-Mail<\/span>&nbsp;<\/a><\/li><li class=\"shariff-button info shariff-nocustomcolor\" style=\"background-color:#a8a8a8\"><a href=\"http:\/\/ct.de\/-2467514\" title=\"Weitere Informationen\" aria-label=\"Weitere Informationen\" role=\"button\" rel=\"noopener \" class=\"shariff-link\" style=\"; background-color:#999; color:#fff\" target=\"_blank\"><span class=\"shariff-icon\" style=\"\"><svg width=\"32px\" height=\"20px\" xmlns=\"http:\/\/www.w3.org\/2000\/svg\" viewBox=\"0 0 11 32\"><path fill=\"#999\" d=\"M11.4 24v2.3q0 0.5-0.3 0.8t-0.8 0.4h-9.1q-0.5 0-0.8-0.4t-0.4-0.8v-2.3q0-0.5 0.4-0.8t0.8-0.4h1.1v-6.8h-1.1q-0.5 0-0.8-0.4t-0.4-0.8v-2.3q0-0.5 0.4-0.8t0.8-0.4h6.8q0.5 0 0.8 0.4t0.4 0.8v10.3h1.1q0.5 0 0.8 0.4t0.3 0.8zM9.2 3.4v3.4q0 0.5-0.4 0.8t-0.8 0.4h-4.6q-0.4 0-0.8-0.4t-0.4-0.8v-3.4q0-0.4 0.4-0.8t0.8-0.4h4.6q0.5 0 0.8 0.4t0.4 0.8z\"\/><\/svg><\/span><\/a><\/li><\/ul><\/div>","protected":false},"author":1,"featured_media":689,"comment_status":"closed","ping_status":"open","sticky":false,"template":"","format":"standard","meta":{"spay_email":""},"categories":[22],"tags":[327,326,325,322,133,182,71,321,29,30,269,186,323],"jetpack_featured_media_url":"https:\/\/i2.wp.com\/wolfsmonitor.de\/wp-content\/uploads\/2015\/06\/Foto-Vogler-Portrait.jpg?fit=378%2C509&ssl=1","jetpack_shortlink":"https:\/\/wp.me\/p61YbU-b8","jetpack-related-posts":[{"id":1585,"url":"https:\/\/wolfsmonitor.de\/?p=1585","url_meta":{"origin":690,"position":0},"title":"Ian McAllister: Was Hirsche \u00fcber W\u00f6lfe wissen!","date":"23. Oktober 2015","format":false,"excerpt":"\"... Untersuchungen \u00fcber die Attacken von W\u00f6lfen auf Huftiere zeigen, dass in der Kernzone des Reviers eines Rudels mehr Tiere gerissen und gefressen werden als in seinen Randgebieten, die sich mit denen anderer Rudel \u00fcberschneiden k\u00f6nnen. Diese \"gemeinsamen\" oder sich \u00fcberlappenden Gebiete werden von W\u00f6lfen nur sehr selten aufgesucht, besonders\u2026","rel":"","context":"In &quot;Einsichten&quot;","img":{"alt_text":"","src":"https:\/\/i2.wp.com\/wolfsmonitor.de\/wp-content\/uploads\/2015\/07\/Beitragbild-Einsichten.jpg?fit=662%2C515&ssl=1&resize=350%2C200","width":350,"height":200},"classes":[]},{"id":2791,"url":"https:\/\/wolfsmonitor.de\/?p=2791","url_meta":{"origin":690,"position":1},"title":"Freundeskreis freilebender W\u00f6lfe: Management und Monitoring in Niedersachsen vereinigen!","date":"12. M\u00e4rz 2016","format":false,"excerpt":"Der \"Freundeskreis freilebender W\u00f6lfe e.V\". teilt in einer Meldung vom 10.03.2016 mit (im Wortlaut): \"F\u00fcr die Aktion am (letzten-Anm. d.R.) Wochenende verdient das Umweltministerium und das Wolfsb\u00fcro gro\u00dfes Lob: Das Umweltministerium f\u00fcr das umsichtige Vorgehen und den Mitarbeitern des Wolfsb\u00fcros f\u00fcr die etlichen Tage, den Wolf per Peilsender geortet zu\u2026","rel":"","context":"In &quot;Hintergr\u00fcnde&quot;","img":{"alt_text":"Wolf im Tierpark Nordhorn","src":"https:\/\/i2.wp.com\/wolfsmonitor.de\/wp-content\/uploads\/2015\/09\/Beitragsfoto-Hintergr\u00fcnde.jpg?fit=572%2C508&ssl=1&resize=350%2C200","width":350,"height":200},"classes":[]},{"id":6847,"url":"https:\/\/wolfsmonitor.de\/?p=6847","url_meta":{"origin":690,"position":2},"title":"Wolfsmonitor w\u00fcnscht allen Leserinnen und Lesern besinnliche Weihnachtstage!","date":"24. Dezember 2016","format":false,"excerpt":"\u201eEs war in einer kalten Nacht, die Sterne zeigten ihre Pracht, der Mond lie\u00df Eiskristalle funkeln, ein Rudel W\u00f6lfe schlich im Dunkeln, als Rentier Werner ziemlich tief im Schnee auf einer Lichtung schlief. Schon schlich heran die wilde Meute und sah das Ren als leichte Beute. Da kam das Christkind\u2026","rel":"","context":"In &quot;In eigener Sache&quot;","img":{"alt_text":"","src":"https:\/\/i1.wp.com\/wolfsmonitor.de\/wp-content\/uploads\/2016\/12\/Weihnachten-2016-Beitragslogo.jpg?fit=579%2C444&ssl=1&resize=350%2C200","width":350,"height":200},"classes":[]},{"id":11892,"url":"https:\/\/wolfsmonitor.de\/?p=11892","url_meta":{"origin":690,"position":3},"title":"Wolfsmonitor w\u00fcnscht wundersch\u00f6ne Weihnachten!","date":"24. Dezember 2017","format":false,"excerpt":"\u201eEs war in einer kalten Nacht, die Sterne zeigten ihre Pracht, der Mond lie\u00df Eiskristalle funkeln, ein Rudel W\u00f6lfe schlich im Dunkeln, als Rentier Werner ziemlich tief im Schnee auf einer Lichtung schlief. Schon schlich heran die wilde Meute und sah das Ren als leichte Beute. Da kam das Christkind\u2026","rel":"","context":"In &quot;In eigener Sache&quot;","img":{"alt_text":"","src":"https:\/\/i1.wp.com\/wolfsmonitor.de\/wp-content\/uploads\/2016\/12\/Weihnachten-2016-Beitragslogo.jpg?fit=579%2C444&ssl=1&resize=350%2C200","width":350,"height":200},"classes":[]},{"id":1853,"url":"https:\/\/wolfsmonitor.de\/?p=1853","url_meta":{"origin":690,"position":4},"title":"Christoph Stubbe: Lebensr\u00e4ume von W\u00f6lfen in Russland","date":"21. November 2015","format":false,"excerpt":"...\"Nach BOLOGOV (1984) h\u00e4ngt die Gr\u00f6\u00dfe des Lebensraumes von der Gr\u00f6\u00dfe der Familien ab. Bei einer Dichte von 5 - 25 St\u00fcck\/1000 km\u00b2 hat jede Familie einen Lebensraum von 150 - 350 km\u00b2 und grenzt an 4 - 6 Territorien benachbarter Familien. Die Territoriumsgrenzen einer Familie verlaufen h\u00e4ufig an Seenufern,\u2026","rel":"","context":"In &quot;Einsichten&quot;","img":{"alt_text":"","src":"https:\/\/i2.wp.com\/wolfsmonitor.de\/wp-content\/uploads\/2015\/07\/Beitragbild-Einsichten.jpg?fit=662%2C515&ssl=1&resize=350%2C200","width":350,"height":200},"classes":[]},{"id":18576,"url":"https:\/\/wolfsmonitor.de\/?p=18576","url_meta":{"origin":690,"position":5},"title":"Niedersachsen: Erschossene W\u00f6lfe waren Welpen","date":"5. April 2021","format":false,"excerpt":"Es kam, wie es durch die breitbeinige Wolfspolitik des nieders\u00e4chsischen Umweltministers Olaf Lies (SPD) quasi kommen musste. Die beiden k\u00fcrzlich in diesem Bundesland erschossenen W\u00f6lfe waren Wolfswelpen. Zu diesem Schluss, so meldete es nun die Neue Osnabr\u00fccker Zeitung (NOZ), kam nun die \u201eDokumentations- und Beratungsstelle des Bundes zum Thema Wolf\u201c\u2026","rel":"","context":"In &quot;Aufgelesen&quot;","img":{"alt_text":"fotografiert von Heiko Anders","src":"https:\/\/i2.wp.com\/wolfsmonitor.de\/wp-content\/uploads\/2017\/07\/Beitragsfoto-Heiko-Anders-Aufgelesen-3-Juli-2017.jpg?fit=712%2C415&ssl=1&resize=350%2C200","width":350,"height":200},"classes":[]}],"_links":{"self":[{"href":"https:\/\/wolfsmonitor.de\/index.php?rest_route=\/wp\/v2\/posts\/690"}],"collection":[{"href":"https:\/\/wolfsmonitor.de\/index.php?rest_route=\/wp\/v2\/posts"}],"about":[{"href":"https:\/\/wolfsmonitor.de\/index.php?rest_route=\/wp\/v2\/types\/post"}],"author":[{"embeddable":true,"href":"https:\/\/wolfsmonitor.de\/index.php?rest_route=\/wp\/v2\/users\/1"}],"replies":[{"embeddable":true,"href":"https:\/\/wolfsmonitor.de\/index.php?rest_route=%2Fwp%2Fv2%2Fcomments&post=690"}],"version-history":[{"count":7,"href":"https:\/\/wolfsmonitor.de\/index.php?rest_route=\/wp\/v2\/posts\/690\/revisions"}],"predecessor-version":[{"id":698,"href":"https:\/\/wolfsmonitor.de\/index.php?rest_route=\/wp\/v2\/posts\/690\/revisions\/698"}],"wp:featuredmedia":[{"embeddable":true,"href":"https:\/\/wolfsmonitor.de\/index.php?rest_route=\/wp\/v2\/media\/689"}],"wp:attachment":[{"href":"https:\/\/wolfsmonitor.de\/index.php?rest_route=%2Fwp%2Fv2%2Fmedia&parent=690"}],"wp:term":[{"taxonomy":"category","embeddable":true,"href":"https:\/\/wolfsmonitor.de\/index.php?rest_route=%2Fwp%2Fv2%2Fcategories&post=690"},{"taxonomy":"post_tag","embeddable":true,"href":"https:\/\/wolfsmonitor.de\/index.php?rest_route=%2Fwp%2Fv2%2Ftags&post=690"}],"curies":[{"name":"wp","href":"https:\/\/api.w.org\/{rel}","templated":true}]}}