{"id":7233,"date":"2017-01-16T11:36:24","date_gmt":"2017-01-16T09:36:24","guid":{"rendered":"http:\/\/wolfsmonitor.de\/?p=7233"},"modified":"2018-05-05T14:22:58","modified_gmt":"2018-05-05T12:22:58","slug":"aktuell-22-wolfsrudel-und-2-wolfspaare-in-brandenburg","status":"publish","type":"post","link":"https:\/\/wolfsmonitor.de\/?p=7233","title":{"rendered":"Aktuell 22 Wolfsrudel und 2 Wolfspaare in Brandenburg"},"content":{"rendered":"<p><strong>Legt man die Kalenderjahre zugrunde, gab es im Jahr 2014 insgesamt 11 Wolfstotfunde, 2015 starben 9 W\u00f6lfe und f\u00fcr das Jahr 2016 wurden 19 Totfunde bekannt, darunter allein 15 Verkehrsopfer, hei\u00dft es in einer aktuellen Pressemeldung des Landesamtes f\u00fcr Umwelt in Brandenburg (LFU). Die Meldung im Wortlaut:<\/strong><\/p>\n<h4>&#8222;W\u00f6lfe im Land Brandenburg&#8220;<\/h4>\n<p><!--more--><\/p>\n<p>Der <span class=\"highlight\">Wolf<\/span> &#8211; eines der am weitesten verbreiteten S\u00e4ugetiere der Erde &#8211; wurde in weiten Teilen West- und Mitteleuropas im 18.\u00a0und 19.\u00a0Jahrhundert ausgerottet. Die letzten Reproduktionsnachweise des <span class=\"highlight\">Wolf<\/span>es stammen f\u00fcr das heutige Gebiet Deutschlands aus der ersten H\u00e4lfte des 19.\u00a0Jahrhunderts.<\/p>\n<ul>\n<li><span style=\"color: #0000ff;\"><a style=\"color: #0000ff;\" title=\"Link zum Beitrag\" href=\"http:\/\/www.lfu.brandenburg.de\/cms\/detail.php\/bb1.c.318688.de\" target=\"_blank\">Tierportr\u00e4t <span class=\"highlight\">Wolf<\/span><\/a><\/span><\/li>\n<\/ul>\n<p>Zum ersten Mal nach langer Abwesenheit wurden im Jahr 2000 wieder wildlebende W\u00f6lfe in Deutschland, in der s\u00e4chsischen Lausitz, geboren.<\/p>\n<p>In Brandenburg erfolgte die erste territoriale Ansiedlung eines <span class=\"highlight\">Wolf<\/span>spaares im Jahre 2007 im \u00e4u\u00dfersten S\u00fcdosten des Landes. 2009 wurden erstmals seit \u00fcber einem Jahrhundert <span class=\"highlight\">Wolf<\/span>swelpen in Brandenburg aufgezogen. Seitdem ist der Bestand kontinuierlich angewachsen.<\/p>\n<p>Nach aktuellem Kenntnisstand des Monitorings leben im Land Brandenburg 22 <span class=\"highlight\">Wolf<\/span>srudel und 2 Paare. Hinzu kommen 2 Gebiete mit unklarem Status. Dies sind dann 26 Vorkommensgebiete zuz\u00fcglich der Suchr\u00e4ume im Landkreis Elbe-Elster (Raum Pr\u00f6sa), im Raum Hangelsberg (Landkreise M\u00e4rkisch-Oderland\/Oder-Spree) sowie grenz\u00fcbergreifend zu Mecklenburg-Vorpommern f\u00fcr die J\u00e4nnersdorfer Heide.<\/p>\n<p>Im Jahresverlauf schwankt die Anzahl der W\u00f6lfe innerhalb eines Familienrudels. Dies ist davon abh\u00e4ngig, wie viele W\u00f6lfe geboren werden, wie viele vorj\u00e4hrige W\u00f6lfe im Rudel verbleiben und wie hoch die Sterblichkeit ist.<\/p>\n<p>Seit 1990 wurden im Land Brandenburg neun W\u00f6lfe illegal geschossen, 48 fielen dem Stra\u00dfenverkehr (darunter eines der Eisenbahn) zum Opfer, sechs der gefundenen toten W\u00f6lfe kamen durch sonstige Ursachen um, bei einem Tier konnte die Todesursache nicht mehr ermittelt werden und bei einem weiteren Tier sind die Untersuchungen noch nicht abgeschlossen.<\/p>\n<p>Im <span class=\"highlight\">Wolf<\/span>sjahr 2015\/2016 sind insgesamt 15 <span class=\"highlight\">Wolf<\/span>stotfunde bekannt geworden, davon 14 Verkehrsopfer und ein Tier mit sonstiger Todesursache (Bissverletzung mit anschlie\u00dfender Sepsis). Im <span class=\"highlight\">Wolf<\/span>sjahr 2014\/2015 waren es nur 7 W\u00f6lfe (4 geschossene Tiere und 3 Verkehrsopfer).<\/p>\n<p>Nimmt man die Kalenderjahre waren es 2014 11 Totfunde, 2015 starben 9 W\u00f6lfe und f\u00fcr das Jahr 2016 wurden 19 Totfunde bekannt, darunter 15 Verkehrsopfer.<\/p>\n<p>Als Schwerpunktraum f\u00fcr Verkehrsopfer kristallisiert sich der Abschnitt vom Autobahnkreuz Potsdam bis zur Abfahrt Ferch auf der A 10, in dem bisher 5 Tiere \u00fcberfahren wurden, heraus.<\/p>\n<ul>\n<li><span style=\"color: #0000ff;\"><a style=\"color: #0000ff;\" title=\"Link zum Download: \u00dcbersichtskarte Wolfsvorkommen (PDF-Datei 2,5 MB)\" href=\"http:\/\/www.lfu.brandenburg.de\/cms\/media.php\/lbm1.a.3310.de\/wolf_nachw.pdf\" target=\"_blank\"><span class=\"highlight\">Wolf<\/span>snachweise<\/a> <\/span>im Land Brandenburg<br \/>\n<small>Diese Karte zeigt die <span class=\"highlight\">Wolf<\/span>sterritorien, die wissenschaftlich gesichert, auf Grundlage der Daten des jeweils abgelaufenen <span class=\"highlight\">Wolf<\/span>sjahres definiert wurden. <\/small><\/li>\n<\/ul>\n<p>Der <span class=\"highlight\">Wolf<\/span> ist zahlreichen Gef\u00e4hrdungen beispielsweise durch Stra\u00dfenverkehr und illegale T\u00f6tungen ausgesetzt. Er unterliegt dem Naturschutzrecht und darf nicht gejagt werden. Einzelne \u00dcbergriffe von W\u00f6lfen auf Schafe zeigen, dass die Wiederansiedlung im Land nicht ohne Konflikte verl\u00e4uft. Nutztierhalter m\u00fcssen besondere Ma\u00dfnahmen zum Schutz ihrer Tiere ergreifen, um \u00dcbergriffe zu verhindern.<\/p>\n<p>Hierzu wurde die mit Unterst\u00fctzung des <acronym title=\"International Fund for Animal Welfare\">IFAW<\/acronym> die<span style=\"color: #0000ff;\"> <a style=\"color: #0000ff;\" title=\"Link zum Download: Infobrosch\u00fcre Wolf (PDF-Datei, 1,8 MB)\" href=\"http:\/\/www.lfu.brandenburg.de\/cms\/media.php\/lbm1.a.3310.de\/woelfe_leben.pdf\" target=\"_blank\">Informationsbrosch\u00fcre<\/a><\/span>: &#8222;Mit W\u00f6lfen leben&#8220; vom Landesamt f\u00fcr Umwelt \u00fcber die Tierseuchenkasse an alle Nutztierhalter (Schafe, Ziegen) in Brandenburg versandt. Die darin enthaltenen Informationen zu bew\u00e4hrten Herdenschutzma\u00dfnahmen, F\u00f6rderm\u00f6glichkeiten und Schadensausgleich sollen helfen, unbegr\u00fcndete \u00c4ngste abzubauen und Konflikte m\u00f6glichst zu vermeiden.<\/p>\n<p>Einen aktuellen und kompletten \u00dcberblick \u00fcber W\u00f6lfe in Brandenburg gibt die vom Brandenburger Umweltministerium heraus gegebene Brosch\u00fcre &#8222;W\u00f6lfe in Brandenburg &#8211; Eine Spurensuche im m\u00e4rkischen Sand&#8220;. Auf 152 reich illustrierten Seiten erf\u00e4hrt der Leser alles Wissenswerte \u00fcber die gesch\u00fctzte Tierart, ihren Lebensraum und das Brandenburger <span class=\"highlight\">Wolf<\/span>smanagement.<\/p>\n<hr \/>\n<p><em><span style=\"text-decoration: underline;\">Quelle:<\/span> Landesamt f\u00fcr Umwelt in Brandenburg (LFU), Abteilung Naturschutz Referat N3, &#8222;W\u00f6lfe im Land Brandenburg&#8220;, letzte Aktualisierung vom 10. Januar 2017, abgerufen am 16.1.2017,<span style=\"color: #0000ff;\"><a style=\"color: #0000ff;\" href=\"http:\/\/www.lfu.brandenburg.de\/cms\/detail.php\/bb1.c.310418.de?highlight=Wolf\" target=\"_blank\"> hier der Link!<\/a><\/span><\/em><\/p>\n<hr \/>\n<p><em><span style=\"text-decoration: underline;\">Beitragsfoto:<\/span> Heiko Anders,<span style=\"color: #0000ff;\"> <a style=\"color: #0000ff;\" href=\"http:\/\/www.andersfotografiert.com\" target=\"_blank\">www.andersfotografiert.com<\/a><\/span><\/em><\/p>\n<p><em><span style=\"text-decoration: underline;\">Anmerkung:<\/span> Alle Angaben ohne Gew\u00e4hr!<\/em><\/p>\n<div class=\"shariff shariff-align-center shariff-widget-align-center\" data-services=\"facebook%7Ctwitter\" data-url=\"https%3A%2F%2Fwolfsmonitor.de%2F%3Fp%3D7233\" data-timestamp=\"1525530178\" data-backendurl=\"?rest_route=\/shariff\/v1\/share_counts&\"><ul class=\"shariff-buttons theme-color orientation-horizontal buttonsize-small\"><li class=\"shariff-button facebook shariff-nocustomcolor\" style=\"background-color:#4273c8\"><a href=\"https:\/\/www.facebook.com\/sharer\/sharer.php?u=https%3A%2F%2Fwolfsmonitor.de%2F%3Fp%3D7233\" title=\"Bei Facebook teilen\" aria-label=\"Bei Facebook teilen\" role=\"button\" rel=\"nofollow\" class=\"shariff-link\" style=\"; background-color:#3b5998; color:#fff\" target=\"_blank\"><span class=\"shariff-icon\" style=\"\"><svg width=\"32px\" height=\"20px\" xmlns=\"http:\/\/www.w3.org\/2000\/svg\" viewBox=\"0 0 18 32\"><path fill=\"#3b5998\" d=\"M17.1 0.2v4.7h-2.8q-1.5 0-2.1 0.6t-0.5 1.9v3.4h5.2l-0.7 5.3h-4.5v13.6h-5.5v-13.6h-4.5v-5.3h4.5v-3.9q0-3.3 1.9-5.2t5-1.8q2.6 0 4.1 0.2z\"\/><\/svg><\/span><span class=\"shariff-text\">teilen<\/span>&nbsp;<span data-service=\"facebook\" style=\"color:#3b5998\" class=\"shariff-count shariff-hidezero\"><\/span>&nbsp;<\/a><\/li><li class=\"shariff-button twitter shariff-nocustomcolor\" style=\"background-color:#32bbf5\"><a href=\"https:\/\/twitter.com\/share?url=https%3A%2F%2Fwolfsmonitor.de%2F%3Fp%3D7233&text=Aktuell%2022%20Wolfsrudel%20und%202%20Wolfspaare%20in%20Brandenburg\" title=\"Bei Twitter teilen\" aria-label=\"Bei Twitter teilen\" role=\"button\" rel=\"noopener nofollow\" class=\"shariff-link\" style=\"; background-color:#55acee; color:#fff\" target=\"_blank\"><span class=\"shariff-icon\" style=\"\"><svg width=\"32px\" height=\"20px\" xmlns=\"http:\/\/www.w3.org\/2000\/svg\" viewBox=\"0 0 30 32\"><path fill=\"#55acee\" d=\"M29.7 6.8q-1.2 1.8-3 3.1 0 0.3 0 0.8 0 2.5-0.7 4.9t-2.2 4.7-3.5 4-4.9 2.8-6.1 1q-5.1 0-9.3-2.7 0.6 0.1 1.5 0.1 4.3 0 7.6-2.6-2-0.1-3.5-1.2t-2.2-3q0.6 0.1 1.1 0.1 0.8 0 1.6-0.2-2.1-0.4-3.5-2.1t-1.4-3.9v-0.1q1.3 0.7 2.8 0.8-1.2-0.8-2-2.2t-0.7-2.9q0-1.7 0.8-3.1 2.3 2.8 5.5 4.5t7 1.9q-0.2-0.7-0.2-1.4 0-2.5 1.8-4.3t4.3-1.8q2.7 0 4.5 1.9 2.1-0.4 3.9-1.5-0.7 2.2-2.7 3.4 1.8-0.2 3.5-0.9z\"\/><\/svg><\/span><span class=\"shariff-text\">twittern<\/span>&nbsp;<span data-service=\"twitter\" style=\"color:#55acee\" class=\"shariff-count shariff-hidezero\"><\/span>&nbsp;<\/a><\/li><li class=\"shariff-button rss shariff-nocustomcolor\" style=\"background-color:#ff8c00\"><a href=\"https:\/\/wolfsmonitor.de\/?feed=rss\" title=\"RSS-feed\" aria-label=\"RSS-feed\" role=\"button\" class=\"shariff-link\" style=\"; background-color:#fe9312; color:#fff\" target=\"_blank\"><span class=\"shariff-icon\" style=\"\"><svg width=\"32px\" height=\"20px\" xmlns=\"http:\/\/www.w3.org\/2000\/svg\" viewBox=\"0 0 32 32\"><path fill=\"#fe9312\" d=\"M4.3 23.5c-2.3 0-4.3 1.9-4.3 4.3 0 2.3 1.9 4.2 4.3 4.2 2.4 0 4.3-1.9 4.3-4.2 0-2.3-1.9-4.3-4.3-4.3zM0 10.9v6.1c4 0 7.7 1.6 10.6 4.4 2.8 2.8 4.4 6.6 4.4 10.6h6.2c0-11.7-9.5-21.1-21.1-21.1zM0 0v6.1c14.2 0 25.8 11.6 25.8 25.9h6.2c0-17.6-14.4-32-32-32z\"\/><\/svg><\/span><span class=\"shariff-text\">RSS-feed<\/span>&nbsp;<\/a><\/li><li class=\"shariff-button mailto shariff-nocustomcolor\" style=\"background-color:#a8a8a8\"><a href=\"mailto:?body=https%3A%2F%2Fwolfsmonitor.de%2F%3Fp%3D7233&subject=Aktuell%2022%20Wolfsrudel%20und%202%20Wolfspaare%20in%20Brandenburg\" title=\"Per E-Mail versenden\" aria-label=\"Per E-Mail versenden\" role=\"button\" rel=\"noopener nofollow\" class=\"shariff-link\" style=\"; background-color:#999; color:#fff\"><span class=\"shariff-icon\" style=\"\"><svg width=\"32px\" height=\"20px\" xmlns=\"http:\/\/www.w3.org\/2000\/svg\" viewBox=\"0 0 32 32\"><path fill=\"#999\" d=\"M32 12.7v14.2q0 1.2-0.8 2t-2 0.9h-26.3q-1.2 0-2-0.9t-0.8-2v-14.2q0.8 0.9 1.8 1.6 6.5 4.4 8.9 6.1 1 0.8 1.6 1.2t1.7 0.9 2 0.4h0.1q0.9 0 2-0.4t1.7-0.9 1.6-1.2q3-2.2 8.9-6.1 1-0.7 1.8-1.6zM32 7.4q0 1.4-0.9 2.7t-2.2 2.2q-6.7 4.7-8.4 5.8-0.2 0.1-0.7 0.5t-1 0.7-0.9 0.6-1.1 0.5-0.9 0.2h-0.1q-0.4 0-0.9-0.2t-1.1-0.5-0.9-0.6-1-0.7-0.7-0.5q-1.6-1.1-4.7-3.2t-3.6-2.6q-1.1-0.7-2.1-2t-1-2.5q0-1.4 0.7-2.3t2.1-0.9h26.3q1.2 0 2 0.8t0.9 2z\"\/><\/svg><\/span><span class=\"shariff-text\">E-Mail<\/span>&nbsp;<\/a><\/li><li class=\"shariff-button info shariff-nocustomcolor\" style=\"background-color:#a8a8a8\"><a href=\"http:\/\/ct.de\/-2467514\" title=\"Weitere Informationen\" aria-label=\"Weitere Informationen\" role=\"button\" rel=\"noopener \" class=\"shariff-link\" style=\"; background-color:#999; color:#fff\" target=\"_blank\"><span class=\"shariff-icon\" style=\"\"><svg width=\"32px\" height=\"20px\" xmlns=\"http:\/\/www.w3.org\/2000\/svg\" viewBox=\"0 0 11 32\"><path fill=\"#999\" d=\"M11.4 24v2.3q0 0.5-0.3 0.8t-0.8 0.4h-9.1q-0.5 0-0.8-0.4t-0.4-0.8v-2.3q0-0.5 0.4-0.8t0.8-0.4h1.1v-6.8h-1.1q-0.5 0-0.8-0.4t-0.4-0.8v-2.3q0-0.5 0.4-0.8t0.8-0.4h6.8q0.5 0 0.8 0.4t0.4 0.8v10.3h1.1q0.5 0 0.8 0.4t0.3 0.8zM9.2 3.4v3.4q0 0.5-0.4 0.8t-0.8 0.4h-4.6q-0.4 0-0.8-0.4t-0.4-0.8v-3.4q0-0.4 0.4-0.8t0.8-0.4h4.6q0.5 0 0.8 0.4t0.4 0.8z\"\/><\/svg><\/span><\/a><\/li><\/ul><\/div>","protected":false},"excerpt":{"rendered":"<p>Legt man die Kalenderjahre zugrunde, gab es im Jahr 2014 insgesamt 11 Wolfstotfunde, 2015 starben 9 W\u00f6lfe und f\u00fcr das Jahr 2016 wurden 19 Totfunde bekannt, darunter allein 15 Verkehrsopfer, hei\u00dft es in einer aktuellen Pressemeldung des Landesamtes f\u00fcr Umwelt in Brandenburg (LFU). Die Meldung im Wortlaut: &#8222;W\u00f6lfe im Land Brandenburg&#8220;<\/p>\n<div class=\"shariff shariff-align-center shariff-widget-align-center\" data-services=\"facebook%7Ctwitter\" data-url=\"https%3A%2F%2Fwolfsmonitor.de%2F%3Fp%3D7233\" data-timestamp=\"1525530178\" data-backendurl=\"?rest_route=\/shariff\/v1\/share_counts&\"><ul class=\"shariff-buttons theme-color orientation-horizontal buttonsize-small\"><li class=\"shariff-button facebook shariff-nocustomcolor\" style=\"background-color:#4273c8\"><a href=\"https:\/\/www.facebook.com\/sharer\/sharer.php?u=https%3A%2F%2Fwolfsmonitor.de%2F%3Fp%3D7233\" title=\"Bei Facebook teilen\" aria-label=\"Bei Facebook teilen\" role=\"button\" rel=\"nofollow\" class=\"shariff-link\" style=\"; background-color:#3b5998; color:#fff\" target=\"_blank\"><span class=\"shariff-icon\" style=\"\"><svg width=\"32px\" height=\"20px\" xmlns=\"http:\/\/www.w3.org\/2000\/svg\" viewBox=\"0 0 18 32\"><path fill=\"#3b5998\" d=\"M17.1 0.2v4.7h-2.8q-1.5 0-2.1 0.6t-0.5 1.9v3.4h5.2l-0.7 5.3h-4.5v13.6h-5.5v-13.6h-4.5v-5.3h4.5v-3.9q0-3.3 1.9-5.2t5-1.8q2.6 0 4.1 0.2z\"\/><\/svg><\/span><span class=\"shariff-text\">teilen<\/span>&nbsp;<span data-service=\"facebook\" style=\"color:#3b5998\" class=\"shariff-count shariff-hidezero\"><\/span>&nbsp;<\/a><\/li><li class=\"shariff-button twitter shariff-nocustomcolor\" style=\"background-color:#32bbf5\"><a href=\"https:\/\/twitter.com\/share?url=https%3A%2F%2Fwolfsmonitor.de%2F%3Fp%3D7233&text=Aktuell%2022%20Wolfsrudel%20und%202%20Wolfspaare%20in%20Brandenburg\" title=\"Bei Twitter teilen\" aria-label=\"Bei Twitter teilen\" role=\"button\" rel=\"noopener nofollow\" class=\"shariff-link\" style=\"; background-color:#55acee; color:#fff\" target=\"_blank\"><span class=\"shariff-icon\" style=\"\"><svg width=\"32px\" height=\"20px\" xmlns=\"http:\/\/www.w3.org\/2000\/svg\" viewBox=\"0 0 30 32\"><path fill=\"#55acee\" d=\"M29.7 6.8q-1.2 1.8-3 3.1 0 0.3 0 0.8 0 2.5-0.7 4.9t-2.2 4.7-3.5 4-4.9 2.8-6.1 1q-5.1 0-9.3-2.7 0.6 0.1 1.5 0.1 4.3 0 7.6-2.6-2-0.1-3.5-1.2t-2.2-3q0.6 0.1 1.1 0.1 0.8 0 1.6-0.2-2.1-0.4-3.5-2.1t-1.4-3.9v-0.1q1.3 0.7 2.8 0.8-1.2-0.8-2-2.2t-0.7-2.9q0-1.7 0.8-3.1 2.3 2.8 5.5 4.5t7 1.9q-0.2-0.7-0.2-1.4 0-2.5 1.8-4.3t4.3-1.8q2.7 0 4.5 1.9 2.1-0.4 3.9-1.5-0.7 2.2-2.7 3.4 1.8-0.2 3.5-0.9z\"\/><\/svg><\/span><span class=\"shariff-text\">twittern<\/span>&nbsp;<span data-service=\"twitter\" style=\"color:#55acee\" class=\"shariff-count shariff-hidezero\"><\/span>&nbsp;<\/a><\/li><li class=\"shariff-button rss shariff-nocustomcolor\" style=\"background-color:#ff8c00\"><a href=\"https:\/\/wolfsmonitor.de\/?feed=rss\" title=\"RSS-feed\" aria-label=\"RSS-feed\" role=\"button\" class=\"shariff-link\" style=\"; background-color:#fe9312; color:#fff\" target=\"_blank\"><span class=\"shariff-icon\" style=\"\"><svg width=\"32px\" height=\"20px\" xmlns=\"http:\/\/www.w3.org\/2000\/svg\" viewBox=\"0 0 32 32\"><path fill=\"#fe9312\" d=\"M4.3 23.5c-2.3 0-4.3 1.9-4.3 4.3 0 2.3 1.9 4.2 4.3 4.2 2.4 0 4.3-1.9 4.3-4.2 0-2.3-1.9-4.3-4.3-4.3zM0 10.9v6.1c4 0 7.7 1.6 10.6 4.4 2.8 2.8 4.4 6.6 4.4 10.6h6.2c0-11.7-9.5-21.1-21.1-21.1zM0 0v6.1c14.2 0 25.8 11.6 25.8 25.9h6.2c0-17.6-14.4-32-32-32z\"\/><\/svg><\/span><span class=\"shariff-text\">RSS-feed<\/span>&nbsp;<\/a><\/li><li class=\"shariff-button mailto shariff-nocustomcolor\" style=\"background-color:#a8a8a8\"><a href=\"mailto:?body=https%3A%2F%2Fwolfsmonitor.de%2F%3Fp%3D7233&subject=Aktuell%2022%20Wolfsrudel%20und%202%20Wolfspaare%20in%20Brandenburg\" title=\"Per E-Mail versenden\" aria-label=\"Per E-Mail versenden\" role=\"button\" rel=\"noopener nofollow\" class=\"shariff-link\" style=\"; background-color:#999; color:#fff\"><span class=\"shariff-icon\" style=\"\"><svg width=\"32px\" height=\"20px\" xmlns=\"http:\/\/www.w3.org\/2000\/svg\" viewBox=\"0 0 32 32\"><path fill=\"#999\" d=\"M32 12.7v14.2q0 1.2-0.8 2t-2 0.9h-26.3q-1.2 0-2-0.9t-0.8-2v-14.2q0.8 0.9 1.8 1.6 6.5 4.4 8.9 6.1 1 0.8 1.6 1.2t1.7 0.9 2 0.4h0.1q0.9 0 2-0.4t1.7-0.9 1.6-1.2q3-2.2 8.9-6.1 1-0.7 1.8-1.6zM32 7.4q0 1.4-0.9 2.7t-2.2 2.2q-6.7 4.7-8.4 5.8-0.2 0.1-0.7 0.5t-1 0.7-0.9 0.6-1.1 0.5-0.9 0.2h-0.1q-0.4 0-0.9-0.2t-1.1-0.5-0.9-0.6-1-0.7-0.7-0.5q-1.6-1.1-4.7-3.2t-3.6-2.6q-1.1-0.7-2.1-2t-1-2.5q0-1.4 0.7-2.3t2.1-0.9h26.3q1.2 0 2 0.8t0.9 2z\"\/><\/svg><\/span><span class=\"shariff-text\">E-Mail<\/span>&nbsp;<\/a><\/li><li class=\"shariff-button info shariff-nocustomcolor\" style=\"background-color:#a8a8a8\"><a href=\"http:\/\/ct.de\/-2467514\" title=\"Weitere Informationen\" aria-label=\"Weitere Informationen\" role=\"button\" rel=\"noopener \" class=\"shariff-link\" style=\"; background-color:#999; color:#fff\" target=\"_blank\"><span class=\"shariff-icon\" style=\"\"><svg width=\"32px\" height=\"20px\" xmlns=\"http:\/\/www.w3.org\/2000\/svg\" viewBox=\"0 0 11 32\"><path fill=\"#999\" d=\"M11.4 24v2.3q0 0.5-0.3 0.8t-0.8 0.4h-9.1q-0.5 0-0.8-0.4t-0.4-0.8v-2.3q0-0.5 0.4-0.8t0.8-0.4h1.1v-6.8h-1.1q-0.5 0-0.8-0.4t-0.4-0.8v-2.3q0-0.5 0.4-0.8t0.8-0.4h6.8q0.5 0 0.8 0.4t0.4 0.8v10.3h1.1q0.5 0 0.8 0.4t0.3 0.8zM9.2 3.4v3.4q0 0.5-0.4 0.8t-0.8 0.4h-4.6q-0.4 0-0.8-0.4t-0.4-0.8v-3.4q0-0.4 0.4-0.8t0.8-0.4h4.6q0.5 0 0.8 0.4t0.4 0.8z\"\/><\/svg><\/span><\/a><\/li><\/ul><\/div>","protected":false},"author":1,"featured_media":3507,"comment_status":"closed","ping_status":"open","sticky":false,"template":"","format":"standard","meta":{"spay_email":""},"categories":[2852],"tags":[4529,414,5208,5202,5205,2901,5201,5206,5207,1485,5203,43,5204,108,26,1118,1063],"jetpack_featured_media_url":"https:\/\/i0.wp.com\/wolfsmonitor.de\/wp-content\/uploads\/2016\/05\/HA-Beitragsfoto-Presseinfo-1.jpg?fit=623%2C415&ssl=1","jetpack_shortlink":"https:\/\/wp.me\/p61YbU-1SF","jetpack-related-posts":[{"id":12797,"url":"https:\/\/wolfsmonitor.de\/?p=12797","url_meta":{"origin":7233,"position":0},"title":"BUND: \"Wolfsverordnung ist kein Freibrief zum Abschuss von W\u00f6lfen in Brandenburg\"","date":"8. M\u00e4rz 2018","format":false,"excerpt":"Gelobt wird das Landesamt f\u00fcr Umwelt (LfU) in Brandenburg von Carsten Preu\u00df, dem Landesvorsitzenden des BUND Brandenburg. Mit der Ablehnung des Abschusses des Dobbrikower Wolfsrudels habe das LfU R\u00fcckgrat im Umgang mit dem Wolf bewiesen und entsprechend den Voraussetzungen der Wolfsverordnung richtig gehandelt. Die BUND-Meldung im Wortlaut: \"Mit der Ablehnung\u2026","rel":"","context":"In &quot;Presseinformationen&quot;","img":{"alt_text":"Foto: Naturfotograf Heiko Anders","src":"https:\/\/i2.wp.com\/wolfsmonitor.de\/wp-content\/uploads\/2016\/05\/HA-Beitragsfoto-Presseinfo-2.jpg?fit=627%2C410&ssl=1&resize=350%2C200","width":350,"height":200},"classes":[]},{"id":12762,"url":"https:\/\/wolfsmonitor.de\/?p=12762","url_meta":{"origin":7233,"position":1},"title":"Brandenburg: Abschuss des Dobbrikower Wolfsrudels offiziell abgelehnt","date":"6. M\u00e4rz 2018","format":false,"excerpt":"Ein Landwirt aus Brandenburg hatte im Januar nach zwei Wolfsrissen im M\u00e4rz und Oktober 2017 den Abschuss des Dobbrikower Wolfsrudels, das sich im Nuthe-Urstromtal angesiedelt hat, gefordert (Wolfsmonitor berichtete, hier!). Der Antrag wurde seinerzeit von einschl\u00e4gigen Verb\u00e4nden als \"Test\" der neuen Brandenburgischen Wolfsverordnung gewertet. Der entsprechende Antrag sei allerdings nun\u2026","rel":"","context":"In &quot;Presseinformationen&quot;","img":{"alt_text":"Wolf im Tierpark (Foto: Vogler)","src":"https:\/\/i0.wp.com\/wolfsmonitor.de\/wp-content\/uploads\/2016\/09\/Beitragsfoto-PI-PM.jpg?fit=752%2C497&ssl=1&resize=350%2C200","width":350,"height":200},"classes":[]},{"id":6809,"url":"https:\/\/wolfsmonitor.de\/?p=6809","url_meta":{"origin":7233,"position":2},"title":"Die wichtigsten Antworten zum Rathenower Waschanlagen- Wolf","date":"21. Dezember 2016","format":false,"excerpt":"Wie sieht es eigentlich aktuell in Brandenburg aus? Dort wurde ein Wolf in der letzten Woche mehrfach im Stadtgebiet von Rathenow gesehen, unter anderem in einer Autowaschanlage. Nicht zuletzt aufgrund einer Nahbegegnung mit einer Sch\u00fclerin wurde dieser Wolf als \"verhaltensauff\u00e4lliger Problemwolf\" eingestuft. (Wolfsmonitor berichtete, hier!) Eine letzte dokumentierte Sichtung des\u2026","rel":"","context":"In &quot;Nachgefragt&quot;","img":{"alt_text":"","src":"https:\/\/i0.wp.com\/wolfsmonitor.de\/wp-content\/uploads\/2015\/05\/Bild-Nachgefragt.jpg?fit=488%2C408&ssl=1&resize=350%2C200","width":350,"height":200},"classes":[]},{"id":11856,"url":"https:\/\/wolfsmonitor.de\/?p=11856","url_meta":{"origin":7233,"position":3},"title":"Verschiedenartige Reaktionen auf Brandenburgs Wolfsverordnung","date":"22. Dezember 2017","format":false,"excerpt":"Gestern unterzeichnete Brandenburgs Umweltminister J\u00f6rg Vogels\u00e4nger als Teil des Wolfsmanagementplans die Brandenburger Wolfsverordnung (BbgWolfV). Sie wird nach ihrer Ver\u00f6ffentlichung Anfang 2018 in Kraft treten. Christiane Schr\u00f6der, Gesch\u00e4ftsf\u00fchrerin des NABU in Brandenburg zeigte sich mit der neuen Wolfsverordnung \"im Gro\u00dfen und Ganzen \u2026 einigerma\u00dfen zufrieden\u201c. (*1) Frank Michelchen vom Bauernbund \u00e4u\u00dferte\u2026","rel":"","context":"In &quot;Aktuell&quot;","img":{"alt_text":"Wolf (Foto: Naturfotograf Heiko Anders)","src":"https:\/\/i1.wp.com\/wolfsmonitor.de\/wp-content\/uploads\/2016\/05\/Beitragsfoto-Heiko-Anders-Aktuell.jpg?fit=654%2C492&ssl=1&resize=350%2C200","width":350,"height":200},"classes":[]},{"id":9544,"url":"https:\/\/wolfsmonitor.de\/?p=9544","url_meta":{"origin":7233,"position":4},"title":"Brandenburg: Schafzuchtverband und \u00d6kologischer Jagdverein \u00e4u\u00dfern sich zur Wolfsverordnung","date":"6. Juli 2017","format":false,"excerpt":"In Brandenburg wird zurzeit der Entwurf einer \"Wolfsverordnung\" f\u00fcr das Bundesland diskutiert. Nachdem die gro\u00dfen Naturschutzverb\u00e4nde IFAW, NABU und WWF sowie auch die Gesellschaft zum Schutz der W\u00f6lfe (GzSdW) bereits feststellten, dass der erste Entwurf an mehreren Stellen nicht mit dem geltenden Recht vereinbar ist (hier!), \u00e4u\u00dferten sich nun der\u2026","rel":"","context":"In &quot;Nachrichten&quot;","img":{"alt_text":"","src":"https:\/\/i1.wp.com\/wolfsmonitor.de\/wp-content\/uploads\/2016\/11\/B-Foto-H.A.-Nachrichten-1.jpg?fit=761%2C497&ssl=1&resize=350%2C200","width":350,"height":200},"classes":[]},{"id":11954,"url":"https:\/\/wolfsmonitor.de\/?p=11954","url_meta":{"origin":7233,"position":5},"title":"Kommentar der Gesellschaft zum Schutz der W\u00f6lfe zur Brandenburger Wolfsverordnung","date":"29. Dezember 2017","format":false,"excerpt":"\"Die Gesellschaft zum Schutz der W\u00f6lfe begr\u00fc\u00dft grunds\u00e4tzlich, dass das Land Brandenburg mit der Wolfsverordnung versucht, eventuell auftretende Probleme mit auff\u00e4lligen W\u00f6lfen nicht pauschal, sondern auf der Basis von Einzelfallentscheidungen, die vom Landesamt f\u00fcr Umwelt als verantwortlicher Beh\u00f6rde getroffen werden m\u00fcssen, zu regeln. Am LfU Brandenburg kann eine entsprechende Fachkunde\u2026","rel":"","context":"In &quot;Standpunkte&quot;","img":{"alt_text":"","src":"https:\/\/i0.wp.com\/wolfsmonitor.de\/wp-content\/uploads\/2016\/05\/Logo.jpg?fit=295%2C289&ssl=1&resize=350%2C200","width":350,"height":200},"classes":[]}],"_links":{"self":[{"href":"https:\/\/wolfsmonitor.de\/index.php?rest_route=\/wp\/v2\/posts\/7233"}],"collection":[{"href":"https:\/\/wolfsmonitor.de\/index.php?rest_route=\/wp\/v2\/posts"}],"about":[{"href":"https:\/\/wolfsmonitor.de\/index.php?rest_route=\/wp\/v2\/types\/post"}],"author":[{"embeddable":true,"href":"https:\/\/wolfsmonitor.de\/index.php?rest_route=\/wp\/v2\/users\/1"}],"replies":[{"embeddable":true,"href":"https:\/\/wolfsmonitor.de\/index.php?rest_route=%2Fwp%2Fv2%2Fcomments&post=7233"}],"version-history":[{"count":1,"href":"https:\/\/wolfsmonitor.de\/index.php?rest_route=\/wp\/v2\/posts\/7233\/revisions"}],"predecessor-version":[{"id":7234,"href":"https:\/\/wolfsmonitor.de\/index.php?rest_route=\/wp\/v2\/posts\/7233\/revisions\/7234"}],"wp:featuredmedia":[{"embeddable":true,"href":"https:\/\/wolfsmonitor.de\/index.php?rest_route=\/wp\/v2\/media\/3507"}],"wp:attachment":[{"href":"https:\/\/wolfsmonitor.de\/index.php?rest_route=%2Fwp%2Fv2%2Fmedia&parent=7233"}],"wp:term":[{"taxonomy":"category","embeddable":true,"href":"https:\/\/wolfsmonitor.de\/index.php?rest_route=%2Fwp%2Fv2%2Fcategories&post=7233"},{"taxonomy":"post_tag","embeddable":true,"href":"https:\/\/wolfsmonitor.de\/index.php?rest_route=%2Fwp%2Fv2%2Ftags&post=7233"}],"curies":[{"name":"wp","href":"https:\/\/api.w.org\/{rel}","templated":true}]}}